{"id":1731,"date":"2019-07-16T10:51:30","date_gmt":"2019-07-16T08:51:30","guid":{"rendered":"https:\/\/blog.holyart.it\/fr\/?p=1731"},"modified":"2025-02-12T14:54:28","modified_gmt":"2025-02-12T13:54:28","slug":"les-benedictions-pascales-aux-familles","status":"publish","type":"post","link":"https:\/\/blog.holyart.it\/fr\/paques\/les-benedictions-pascales-aux-familles\/","title":{"rendered":"Les B\u00e9n\u00e9dictions Pascales aux Familles"},"content":{"rendered":"<h4 style=\"text-align: center;\"><em>La B\u00e9n\u00e9diction en temps de Car\u00eame et de P\u00e2ques est une tradition tr\u00e8s ancienne et repr\u00e9sente un de moments les plus importants de l\u2019ann\u00e9e liturgique, non seulement pour les fid\u00e8les qui la re\u00e7oivent, mais aussi pour les pr\u00eatres qui la donnent. D\u00e9couvrons ensemble pourquoi.<\/em><\/h4>\n<p>Nous avons d\u00e9j\u00e0 parl\u00e9 dans des articles pr\u00e9c\u00e9dents de l\u2019importance de la <strong>b\u00e9n\u00e9diction<\/strong>, c\u2019est-\u00e0-dire de l\u2019ensemble de gestes et de mots avec lesquels un pr\u00eatre, ou la personne qui le repr\u00e9sente, b\u00e9nit, i.e. invoque la protection de Dieu sur une ou plusieurs personnes, mais \u00e9galement sur des choses et des lieux.<br \/>\nLa b\u00e9n\u00e9diction est donc un moyen pour diriger sur quelqu\u2019un ou sur quelque chose la <strong>faveur de Dieu<\/strong>, Sa bienveillance, la concession d\u2019une gr\u00e2ce. Quand le pr\u00eatre invoque la b\u00e9n\u00e9diction du Seigneur sur une maison, il dit par exemple : \u00ab\u00a0<em>Que la b\u00e9n\u00e9diction de Dieu descende sur cette maison<\/em>\u00a0\u00bb.<br \/>\nIl s\u2019agit donc d\u2019un rite liturgique qui, d\u2019un c\u00f4t\u00e9, vise \u00e0 obtenir un certain b\u00e9n\u00e9fice pour celui qui est b\u00e9nit et, de l\u2019autre, plus en g\u00e9n\u00e9ral, <strong>consacre \u00e0 Dieu<\/strong> la personne, ou bien l\u2019objet, voire le lieu, qui la re\u00e7oit.<\/p>\n<p>Habituellement, le rite pr\u00e9voit que le pr\u00eatre fasse le Signe de la Croix et asperge ensuite celui qui doit <strong>recevoir la b\u00e9n\u00e9diction en utilisant de l\u2019eau b\u00e9nite<\/strong>. L\u2019aspersion avec l\u2019eau b\u00e9nite renvoie naturellement au Bapt\u00eame, \u00e0 la renaissance que Dieu nous a conc\u00e9d\u00e9 en nous lib\u00e9rant du p\u00e9ch\u00e9 originel.<br \/>\nEn fonction des occasions, la b\u00e9n\u00e9diction peut \u00eatre \u00e9galement accompagn\u00e9e<strong> par des formules et pri\u00e8res<\/strong> sp\u00e9cifiques.<\/p>\n<p>Les b\u00e9n\u00e9dictions (de personnes, de nourriture, des objets, des lieux) ne sont autre que des <strong>sacramentaux<\/strong>, c\u2019est-\u00e0-dire des signes sacr\u00e9s \u00e0 travers lesquels des effets et des dons spirituels sont obtenus et les diff\u00e9rentes circonstances sont sanctifi\u00e9es. La b\u00e9n\u00e9diction m\u00eame est une pri\u00e8re, un louage \u00e0 Dieu, puisqu\u2019elle vient de Lui et elle retourne \u00e0 Lui, dans un cycle d\u2019amour continu. Ce n\u2019est pas un hasard si le pr\u00eatre donne la b\u00e9n\u00e9diction en invoquant le nom de J\u00e9sus. En b\u00e9nissant Dieu, on b\u00e9nit par cons\u00e9quent ceux qu\u2019Il aime, ce qui doit \u00eatre prot\u00e9g\u00e9 et plac\u00e9 sous Ses auspices.<\/p>\n<p>Il peut donc arriver de tomber sur des b\u00e9n\u00e9dictions qui impliquent non seulement les personnes, mais aussi les objets, les lieux, la campagne, les animaux, voire m\u00eame les instruments de travail. Cela parce que tout ce qui concerne la vie et la subsistance de l\u2019homme m\u00e9rite l\u2019amour de Dieu et n\u00e9cessite Sa bienveillance et Sa protection.<\/p>\n<p>Ils existent ensuite des b\u00e9n\u00e9dictions sp\u00e9ciales, solennelles, comme la <strong>b\u00e9n\u00e9diction apostolique<\/strong>, donn\u00e9e par le Pape en personne, comme par exemple la c\u00e9l\u00e8bre b\u00e9n\u00e9diction apostolique <strong><em>ubi et orbi<\/em><\/strong>, adress\u00e9e par le Souverain Pontife au monde entier dans des occasions sp\u00e9cifiques, ou la <strong>b\u00e9n\u00e9diction papale<\/strong>, donn\u00e9e par les \u00e9v\u00eaques ou les pr\u00eatres au nom du Pape.<\/p>\n<h2>B\u00e9n\u00e9diction aux maisons et aux familles<\/h2>\n<p>Les <a href=\"https:\/\/www.holyart.fr\/accessoires-pour-la-liturgie\/accessoires-pour-benedictions?sorter_id=1&amp;sort=20a\"><strong>b\u00e9n\u00e9dictions des familles<\/strong><\/a> et les <strong>b\u00e9n\u00e9dictions des maisons<\/strong> appartiennent aussi \u00e0 la tradition chr\u00e9tienne. Habituellement, elles ont lieu pendant des p\u00e9riodes sp\u00e9cifiques de l\u2019ann\u00e9e liturgique, souvent en m\u00eame temps ou en pr\u00e9paration aux festivit\u00e9s les plus solennelles. Mais il peut arriver que l\u2019on demande la n\u00e9cessit\u00e9 d\u2019invoquer une b\u00e9n\u00e9diction sur sa maison ou sa famille \u00e0 d\u2019autres moments aussi. C\u2019est une mani\u00e8re pour renforcer la foi et la spiritualit\u00e9 des personnes, mais \u00e9galement de l\u2019endroit dans lequel ils habitent, en invoquant la force et l\u2019aide de J\u00e9sus, qui a battu la mort et est ressuscit\u00e9, en vainquant chaque mal. Face \u00e0 une trag\u00e9die, \u00e0 une perte, ou simplement \u00e0 un moment difficile, qui implique plusieurs membres de la famille, demander une b\u00e9n\u00e9diction \u00e0 son pr\u00eatre peut redonner de l\u2019\u00e9nergie afin d\u2019affronter les adversit\u00e9s. B\u00e9nir la maison a \u00e9galement le pouvoir de limiter l\u2019action du Diable sur elle et sur les personnes qui y habitent. Naturellement il ne faut pas consid\u00e9rer la b\u00e9n\u00e9diction comme une sorte de formule magique qui \u00e9loigne tous les maux de nous et de nos \u00eatres chers. C\u2019est notre foi, la\u00a0mani\u00e8re dont nous conduisons notre existence en commun qui \u00e9loigne le mal. Les personnes qui vivent dans une maison doivent se maintenir unies entre elles et fid\u00e8les au Seigneur, \u00e0 la Sainte Vierge, aux Saints. C\u2019est n\u2019est qu\u2019ainsi que la b\u00e9n\u00e9diction aura l\u2019effet esp\u00e9r\u00e9.<\/p>\n<figure id=\"attachment_1733\" aria-describedby=\"caption-attachment-1733\" style=\"width: 300px\" class=\"wp-caption alignright\"><img loading=\"lazy\" decoding=\"async\" class=\"alignright size-medium wp-image-1733\" src=\"https:\/\/blog.holyart.it\/fr\/wp-content\/uploads\/sites\/14\/2019\/07\/Rameaux-b\u00e9nits-1-300x200.jpg\" alt=\"Rameaux b\u00e9nits\" width=\"300\" height=\"200\" \/><figcaption id=\"caption-attachment-1733\" class=\"wp-caption-text\"><center><strong><a href=\"https:\/\/www.holyart.fr\/blog\/occasions-speciales\/rameaux-benits-paques-les-garder-ou-les-jeter\/\">Rameaux b\u00e9nits \u00e0 P\u00e2ques : les garder ou les jeter ?<\/a><\/strong><br \/><a href=\"https:\/\/www.holyart.fr\/blog\/occasions-speciales\/rameaux-benits-paques-les-garder-ou-les-jeter\/\"><button class=\"bottoneacquista\" style=\"vertical-align: middle;\">Acheter sur Holyart<\/button><\/a><\/center><\/figcaption><\/figure>\n<p>Les maisons habit\u00e9es par des <strong>jeunes mari\u00e9s<\/strong> m\u00e9ritent un discours \u00e0 part. Le sacrement du Mariage les rend en quelque sorte capables de b\u00e9nir leur propre maison. Christ ressuscit\u00e9 leur est proche et \u0153uvre \u00e0 travers eux. En tant qu\u2019incarnation de l\u2019amour de J\u00e9sus pour l\u2019\u00c9glise, les \u00e9poux acqui\u00e8rent la facult\u00e9 de b\u00e9nir la maison, la nourriture et leurs enfants. \u00c0 ce propos, dans l\u2019article d\u00e9di\u00e9 aux <strong>rameaux b\u00e9nits<\/strong>, nous avons mentionn\u00e9 comment le chef de famille peut b\u00e9nir la table de f\u00eate et, plus g\u00e9n\u00e9ralement, la maison et les personnes qui y habitent, en aspergeant tous avec un rameau re\u00e7u \u00e0 l\u2019occasion du Dimanche des Rameaux, tremp\u00e9 dans de l\u2019eau b\u00e9nite. Un veuf aussi peut le faire, puisque il est toujours dans la gr\u00e2ce du <a href=\"https:\/\/www.holyart.fr\/occasions-speciales\/mariage\"><strong>sacrement du Mariage<\/strong><\/a>.<\/p>\n<h2>B\u00e9n\u00e9dictions pascales pour les familles<\/h2>\n<p>L\u2019usage de b\u00e9nir les maisons et les familles pendant la p\u00e9riode du <a href=\"https:\/\/www.holyart.fr\/occasions-speciales\/paques-et-careme\"><strong>Car\u00eame et de P\u00e2ques<\/strong><\/a> est tr\u00e8s ancienne. D\u00e9j\u00e0 le Concile de Trente indiquait combien <a href=\"https:\/\/www.holyart.fr\/occasions-speciales\/paques-et-careme\/benedictions\"><strong>la b\u00e9n\u00e9diction pascale<\/strong><\/a> \u00e9tait importante afin de renforcer les liens \u00e0 l\u2019int\u00e9rieur de la communaut\u00e9 chr\u00e9tienne. S\u2019il y a cinq cents ans cette attention particuli\u00e8re avait comme but principal de conjurer les mauvaises influences des h\u00e9r\u00e9sies, au jour d\u2019aujourd\u2019hui cela reste un <strong>moment de communion et de dialogue entre les fid\u00e8les et les pr\u00eatres<\/strong> qui se rendent dans les maisons pour donner la b\u00e9n\u00e9diction pascale.<\/p>\n<p>Le pr\u00eatre entre donc dans les maisons, \u00e0 l\u2019occasion de P\u00e2ques, mais la pr\u00e9sence de ceux qui y habitent est tout autant primordiale. C\u2019est comme si J\u00e9sus en personne leur rendait visite, en amenant joie et paix\u00a0: il est juste qu\u2019il soit accueilli par les personnes qui vivent dans la maison avec tout l\u2019amour et la joie qu\u2019une visite si importante l\u2019exige !<\/p>\n<p>Quand le pr\u00eatre entre dans la maison, il salue les pr\u00e9sents avec la formule : \u00ab\u00a0<em>Au nom du Seigneur, paix \u00e0 cette maison et \u00e0 tous ceux qui l\u2019habitent<\/em>\u00a0\u00bb. C\u2019est <strong>un message de paix<\/strong>, donc, celui que l\u2019\u00c9glise am\u00e8ne dans les maisons \u00e0 l\u2019occasion de la b\u00e9n\u00e9diction pascale. Mais la b\u00e9n\u00e9diction pascale rappelle \u00e9galement la n\u00e9cessit\u00e9 de reconna\u00eetre l\u2019<strong>importance de la famille<\/strong> en soi, unie et consolid\u00e9e dans le Seigneur. Pour cette raison, le pr\u00eatre lit ou r\u00e9cite de brefs passages de l\u2019\u00c9vangile, en impliquant les membres de la famille dans un moment de pri\u00e8re et de m\u00e9ditation. Un moment important, donc, pour la vie des familles et de la communaut\u00e9 enti\u00e8re. La b\u00e9n\u00e9diction pascale permet de consolider les rapports entre l\u2019\u00c9glise et les familles, en maintenant vif et ouvert le dialogue qui trop souvent est oubli\u00e9, dans la fr\u00e9n\u00e9sie de la vie moderne. Mais il est vraiment important de se conc\u00e9der ce moment de communion, de m\u00e9ditation et de renouvellement spirituel.<\/p>\n<p>L\u2019aspersion de l\u2019eau b\u00e9nite sur nous et sur notre maison nous permet de nous rappeler combien le don qui nous a \u00e9t\u00e9 fait soit pr\u00e9cieux et fort et nous fait sentir encore partie int\u00e9grante de quelque chose de grand et de puissant, invincible : l\u2019\u00c9glise.<\/p>\n","protected":false},"excerpt":{"rendered":"<p>La B\u00e9n\u00e9diction en temps de Car\u00eame et de P\u00e2ques est une tradition tr\u00e8s ancienne et repr\u00e9sente un de moments les plus importants de l\u2019ann\u00e9e liturgique, non seulement pour les fid\u00e8les qui la re\u00e7oivent, mais aussi pour les pr\u00eatres qui la donnent. D\u00e9couvrons ensemble pourquoi. Nous&hellip;<\/p>\n","protected":false},"author":1,"featured_media":1732,"comment_status":"closed","ping_status":"open","sticky":false,"template":"","format":"standard","meta":{"_acf_changed":false,"footnotes":""},"categories":[12,14,8],"tags":[],"class_list":["post-1731","post","type-post","status-publish","format-standard","has-post-thumbnail","hentry","category-occasions-speciales","category-paques","category-articles-religieux"],"acf":[],"yoast_head":"<!-- This site is optimized with the Yoast SEO plugin v26.6 - https:\/\/yoast.com\/wordpress\/plugins\/seo\/ -->\n<title>Les B\u00e9n\u00e9dictions Pascales aux Familles - Holyblog.fr<\/title>\n<meta name=\"description\" content=\"La B\u00e9n\u00e9diction en temps de Car\u00eame et de P\u00e2ques est une tradition tr\u00e8s ancienne et repr\u00e9sente un de moments les plus importants de l\u2019ann\u00e9e liturgique.\" \/>\n<meta name=\"robots\" content=\"index, follow, max-snippet:-1, max-image-preview:large, max-video-preview:-1\" \/>\n<link rel=\"canonical\" href=\"https:\/\/blog.holyart.it\/fr\/paques\/les-benedictions-pascales-aux-familles\/\" \/>\n<meta property=\"og:locale\" content=\"fr_FR\" \/>\n<meta property=\"og:type\" content=\"article\" \/>\n<meta property=\"og:title\" content=\"Les B\u00e9n\u00e9dictions Pascales aux Familles - Holyblog.fr\" \/>\n<meta property=\"og:description\" content=\"La B\u00e9n\u00e9diction en temps de Car\u00eame et de P\u00e2ques est une tradition tr\u00e8s ancienne et repr\u00e9sente un de moments les plus importants de l\u2019ann\u00e9e liturgique.\" \/>\n<meta property=\"og:url\" content=\"https:\/\/blog.holyart.it\/fr\/paques\/les-benedictions-pascales-aux-familles\/\" \/>\n<meta property=\"og:site_name\" content=\"Holyart.fr Blog\" \/>\n<meta property=\"article:published_time\" content=\"2019-07-16T08:51:30+00:00\" \/>\n<meta property=\"article:modified_time\" content=\"2025-02-12T13:54:28+00:00\" \/>\n<meta property=\"og:image\" content=\"https:\/\/blog.holyart.it\/fr\/wp-content\/uploads\/sites\/14\/2019\/07\/Les-B\u00e9n\u00e9dictions-Pascales-aux-Familles.jpg\" \/>\n\t<meta property=\"og:image:width\" content=\"1000\" \/>\n\t<meta property=\"og:image:height\" content=\"666\" \/>\n\t<meta property=\"og:image:type\" content=\"image\/jpeg\" \/>\n<meta name=\"author\" content=\"Redazione\" \/>\n<meta name=\"twitter:card\" content=\"summary_large_image\" \/>\n<meta name=\"twitter:label1\" content=\"\u00c9crit par\" \/>\n\t<meta name=\"twitter:data1\" content=\"Redazione\" \/>\n\t<meta name=\"twitter:label2\" content=\"Dur\u00e9e de lecture estim\u00e9e\" \/>\n\t<meta name=\"twitter:data2\" content=\"7 minutes\" \/>\n<script type=\"application\/ld+json\" class=\"yoast-schema-graph\">{\"@context\":\"https:\/\/schema.org\",\"@graph\":[{\"@type\":\"Article\",\"@id\":\"https:\/\/blog.holyart.it\/fr\/paques\/les-benedictions-pascales-aux-familles\/#article\",\"isPartOf\":{\"@id\":\"https:\/\/blog.holyart.it\/fr\/paques\/les-benedictions-pascales-aux-familles\/\"},\"author\":{\"name\":\"Redazione\",\"@id\":\"https:\/\/blog.holyart.it\/fr\/#\/schema\/person\/0a7b686e5af0f856ec1e390dd0baecda\"},\"headline\":\"Les B\u00e9n\u00e9dictions Pascales aux Familles\",\"datePublished\":\"2019-07-16T08:51:30+00:00\",\"dateModified\":\"2025-02-12T13:54:28+00:00\",\"mainEntityOfPage\":{\"@id\":\"https:\/\/blog.holyart.it\/fr\/paques\/les-benedictions-pascales-aux-familles\/\"},\"wordCount\":1437,\"publisher\":{\"@id\":\"https:\/\/blog.holyart.it\/fr\/#organization\"},\"image\":{\"@id\":\"https:\/\/blog.holyart.it\/fr\/paques\/les-benedictions-pascales-aux-familles\/#primaryimage\"},\"thumbnailUrl\":\"https:\/\/blog.holyart.it\/fr\/wp-content\/uploads\/sites\/14\/2019\/07\/Les-B\u00e9n\u00e9dictions-Pascales-aux-Familles.jpg\",\"articleSection\":[\"Occasions sp\u00e9ciales\",\"P\u00e2ques\",\"Religion\"],\"inLanguage\":\"fr-FR\"},{\"@type\":\"WebPage\",\"@id\":\"https:\/\/blog.holyart.it\/fr\/paques\/les-benedictions-pascales-aux-familles\/\",\"url\":\"https:\/\/blog.holyart.it\/fr\/paques\/les-benedictions-pascales-aux-familles\/\",\"name\":\"Les B\u00e9n\u00e9dictions Pascales aux Familles - Holyblog.fr\",\"isPartOf\":{\"@id\":\"https:\/\/blog.holyart.it\/fr\/#website\"},\"primaryImageOfPage\":{\"@id\":\"https:\/\/blog.holyart.it\/fr\/paques\/les-benedictions-pascales-aux-familles\/#primaryimage\"},\"image\":{\"@id\":\"https:\/\/blog.holyart.it\/fr\/paques\/les-benedictions-pascales-aux-familles\/#primaryimage\"},\"thumbnailUrl\":\"https:\/\/blog.holyart.it\/fr\/wp-content\/uploads\/sites\/14\/2019\/07\/Les-B\u00e9n\u00e9dictions-Pascales-aux-Familles.jpg\",\"datePublished\":\"2019-07-16T08:51:30+00:00\",\"dateModified\":\"2025-02-12T13:54:28+00:00\",\"description\":\"La B\u00e9n\u00e9diction en temps de Car\u00eame et de P\u00e2ques est une tradition tr\u00e8s ancienne et repr\u00e9sente un de moments les plus importants de l\u2019ann\u00e9e liturgique.\",\"breadcrumb\":{\"@id\":\"https:\/\/blog.holyart.it\/fr\/paques\/les-benedictions-pascales-aux-familles\/#breadcrumb\"},\"inLanguage\":\"fr-FR\",\"potentialAction\":[{\"@type\":\"ReadAction\",\"target\":[\"https:\/\/blog.holyart.it\/fr\/paques\/les-benedictions-pascales-aux-familles\/\"]}]},{\"@type\":\"ImageObject\",\"inLanguage\":\"fr-FR\",\"@id\":\"https:\/\/blog.holyart.it\/fr\/paques\/les-benedictions-pascales-aux-familles\/#primaryimage\",\"url\":\"https:\/\/blog.holyart.it\/fr\/wp-content\/uploads\/sites\/14\/2019\/07\/Les-B\u00e9n\u00e9dictions-Pascales-aux-Familles.jpg\",\"contentUrl\":\"https:\/\/blog.holyart.it\/fr\/wp-content\/uploads\/sites\/14\/2019\/07\/Les-B\u00e9n\u00e9dictions-Pascales-aux-Familles.jpg\",\"width\":1000,\"height\":666,\"caption\":\"Les B\u00e9n\u00e9dictions Pascales aux Familles\"},{\"@type\":\"BreadcrumbList\",\"@id\":\"https:\/\/blog.holyart.it\/fr\/paques\/les-benedictions-pascales-aux-familles\/#breadcrumb\",\"itemListElement\":[{\"@type\":\"ListItem\",\"position\":1,\"name\":\"Homepage\",\"item\":\"https:\/\/blog.holyart.it\/fr\/\"},{\"@type\":\"ListItem\",\"position\":2,\"name\":\"P\u00e2ques\",\"item\":\"https:\/\/blog.holyart.it\/fr\/paques\/\"},{\"@type\":\"ListItem\",\"position\":3,\"name\":\"Les B\u00e9n\u00e9dictions Pascales aux Familles\"}]},{\"@type\":\"WebSite\",\"@id\":\"https:\/\/blog.holyart.it\/fr\/#website\",\"url\":\"https:\/\/blog.holyart.it\/fr\/\",\"name\":\"Holyart.fr Blog\",\"description\":\"Holyblog\",\"publisher\":{\"@id\":\"https:\/\/blog.holyart.it\/fr\/#organization\"},\"potentialAction\":[{\"@type\":\"SearchAction\",\"target\":{\"@type\":\"EntryPoint\",\"urlTemplate\":\"https:\/\/blog.holyart.it\/fr\/?s={search_term_string}\"},\"query-input\":{\"@type\":\"PropertyValueSpecification\",\"valueRequired\":true,\"valueName\":\"search_term_string\"}}],\"inLanguage\":\"fr-FR\"},{\"@type\":\"Organization\",\"@id\":\"https:\/\/blog.holyart.it\/fr\/#organization\",\"name\":\"Holyart.fr Blog\",\"url\":\"https:\/\/blog.holyart.it\/fr\/\",\"logo\":{\"@type\":\"ImageObject\",\"inLanguage\":\"fr-FR\",\"@id\":\"https:\/\/blog.holyart.it\/fr\/#\/schema\/logo\/image\/\",\"url\":\"https:\/\/blog.holyart.it\/fr\/wp-content\/uploads\/sites\/14\/2022\/12\/Holyart_Blog_Logo.jpg\",\"contentUrl\":\"https:\/\/blog.holyart.it\/fr\/wp-content\/uploads\/sites\/14\/2022\/12\/Holyart_Blog_Logo.jpg\",\"width\":300,\"height\":50,\"caption\":\"Holyart.fr Blog\"},\"image\":{\"@id\":\"https:\/\/blog.holyart.it\/fr\/#\/schema\/logo\/image\/\"}},{\"@type\":\"Person\",\"@id\":\"https:\/\/blog.holyart.it\/fr\/#\/schema\/person\/0a7b686e5af0f856ec1e390dd0baecda\",\"name\":\"Redazione\",\"image\":{\"@type\":\"ImageObject\",\"inLanguage\":\"fr-FR\",\"@id\":\"https:\/\/blog.holyart.it\/fr\/#\/schema\/person\/image\/\",\"url\":\"https:\/\/secure.gravatar.com\/avatar\/f477da817f43e50d0af36abecd33e3edf826c68299714bdc1057dff3b113f516?s=96&d=mm&r=g\",\"contentUrl\":\"https:\/\/secure.gravatar.com\/avatar\/f477da817f43e50d0af36abecd33e3edf826c68299714bdc1057dff3b113f516?s=96&d=mm&r=g\",\"caption\":\"Redazione\"},\"url\":\"https:\/\/blog.holyart.it\/fr\/author\/admin\/\"}]}<\/script>\n<!-- \/ Yoast SEO plugin. -->","yoast_head_json":{"title":"Les B\u00e9n\u00e9dictions Pascales aux Familles - Holyblog.fr","description":"La B\u00e9n\u00e9diction en temps de Car\u00eame et de P\u00e2ques est une tradition tr\u00e8s ancienne et repr\u00e9sente un de moments les plus importants de l\u2019ann\u00e9e liturgique.","robots":{"index":"index","follow":"follow","max-snippet":"max-snippet:-1","max-image-preview":"max-image-preview:large","max-video-preview":"max-video-preview:-1"},"canonical":"https:\/\/blog.holyart.it\/fr\/paques\/les-benedictions-pascales-aux-familles\/","og_locale":"fr_FR","og_type":"article","og_title":"Les B\u00e9n\u00e9dictions Pascales aux Familles - Holyblog.fr","og_description":"La B\u00e9n\u00e9diction en temps de Car\u00eame et de P\u00e2ques est une tradition tr\u00e8s ancienne et repr\u00e9sente un de moments les plus importants de l\u2019ann\u00e9e liturgique.","og_url":"https:\/\/blog.holyart.it\/fr\/paques\/les-benedictions-pascales-aux-familles\/","og_site_name":"Holyart.fr Blog","article_published_time":"2019-07-16T08:51:30+00:00","article_modified_time":"2025-02-12T13:54:28+00:00","og_image":[{"width":1000,"height":666,"url":"https:\/\/blog.holyart.it\/fr\/wp-content\/uploads\/sites\/14\/2019\/07\/Les-B\u00e9n\u00e9dictions-Pascales-aux-Familles.jpg","type":"image\/jpeg"}],"author":"Redazione","twitter_card":"summary_large_image","twitter_misc":{"\u00c9crit par":"Redazione","Dur\u00e9e de lecture estim\u00e9e":"7 minutes"},"schema":{"@context":"https:\/\/schema.org","@graph":[{"@type":"Article","@id":"https:\/\/blog.holyart.it\/fr\/paques\/les-benedictions-pascales-aux-familles\/#article","isPartOf":{"@id":"https:\/\/blog.holyart.it\/fr\/paques\/les-benedictions-pascales-aux-familles\/"},"author":{"name":"Redazione","@id":"https:\/\/blog.holyart.it\/fr\/#\/schema\/person\/0a7b686e5af0f856ec1e390dd0baecda"},"headline":"Les B\u00e9n\u00e9dictions Pascales aux Familles","datePublished":"2019-07-16T08:51:30+00:00","dateModified":"2025-02-12T13:54:28+00:00","mainEntityOfPage":{"@id":"https:\/\/blog.holyart.it\/fr\/paques\/les-benedictions-pascales-aux-familles\/"},"wordCount":1437,"publisher":{"@id":"https:\/\/blog.holyart.it\/fr\/#organization"},"image":{"@id":"https:\/\/blog.holyart.it\/fr\/paques\/les-benedictions-pascales-aux-familles\/#primaryimage"},"thumbnailUrl":"https:\/\/blog.holyart.it\/fr\/wp-content\/uploads\/sites\/14\/2019\/07\/Les-B\u00e9n\u00e9dictions-Pascales-aux-Familles.jpg","articleSection":["Occasions sp\u00e9ciales","P\u00e2ques","Religion"],"inLanguage":"fr-FR"},{"@type":"WebPage","@id":"https:\/\/blog.holyart.it\/fr\/paques\/les-benedictions-pascales-aux-familles\/","url":"https:\/\/blog.holyart.it\/fr\/paques\/les-benedictions-pascales-aux-familles\/","name":"Les B\u00e9n\u00e9dictions Pascales aux Familles - Holyblog.fr","isPartOf":{"@id":"https:\/\/blog.holyart.it\/fr\/#website"},"primaryImageOfPage":{"@id":"https:\/\/blog.holyart.it\/fr\/paques\/les-benedictions-pascales-aux-familles\/#primaryimage"},"image":{"@id":"https:\/\/blog.holyart.it\/fr\/paques\/les-benedictions-pascales-aux-familles\/#primaryimage"},"thumbnailUrl":"https:\/\/blog.holyart.it\/fr\/wp-content\/uploads\/sites\/14\/2019\/07\/Les-B\u00e9n\u00e9dictions-Pascales-aux-Familles.jpg","datePublished":"2019-07-16T08:51:30+00:00","dateModified":"2025-02-12T13:54:28+00:00","description":"La B\u00e9n\u00e9diction en temps de Car\u00eame et de P\u00e2ques est une tradition tr\u00e8s ancienne et repr\u00e9sente un de moments les plus importants de l\u2019ann\u00e9e liturgique.","breadcrumb":{"@id":"https:\/\/blog.holyart.it\/fr\/paques\/les-benedictions-pascales-aux-familles\/#breadcrumb"},"inLanguage":"fr-FR","potentialAction":[{"@type":"ReadAction","target":["https:\/\/blog.holyart.it\/fr\/paques\/les-benedictions-pascales-aux-familles\/"]}]},{"@type":"ImageObject","inLanguage":"fr-FR","@id":"https:\/\/blog.holyart.it\/fr\/paques\/les-benedictions-pascales-aux-familles\/#primaryimage","url":"https:\/\/blog.holyart.it\/fr\/wp-content\/uploads\/sites\/14\/2019\/07\/Les-B\u00e9n\u00e9dictions-Pascales-aux-Familles.jpg","contentUrl":"https:\/\/blog.holyart.it\/fr\/wp-content\/uploads\/sites\/14\/2019\/07\/Les-B\u00e9n\u00e9dictions-Pascales-aux-Familles.jpg","width":1000,"height":666,"caption":"Les B\u00e9n\u00e9dictions Pascales aux Familles"},{"@type":"BreadcrumbList","@id":"https:\/\/blog.holyart.it\/fr\/paques\/les-benedictions-pascales-aux-familles\/#breadcrumb","itemListElement":[{"@type":"ListItem","position":1,"name":"Homepage","item":"https:\/\/blog.holyart.it\/fr\/"},{"@type":"ListItem","position":2,"name":"P\u00e2ques","item":"https:\/\/blog.holyart.it\/fr\/paques\/"},{"@type":"ListItem","position":3,"name":"Les B\u00e9n\u00e9dictions Pascales aux Familles"}]},{"@type":"WebSite","@id":"https:\/\/blog.holyart.it\/fr\/#website","url":"https:\/\/blog.holyart.it\/fr\/","name":"Holyart.fr Blog","description":"Holyblog","publisher":{"@id":"https:\/\/blog.holyart.it\/fr\/#organization"},"potentialAction":[{"@type":"SearchAction","target":{"@type":"EntryPoint","urlTemplate":"https:\/\/blog.holyart.it\/fr\/?s={search_term_string}"},"query-input":{"@type":"PropertyValueSpecification","valueRequired":true,"valueName":"search_term_string"}}],"inLanguage":"fr-FR"},{"@type":"Organization","@id":"https:\/\/blog.holyart.it\/fr\/#organization","name":"Holyart.fr Blog","url":"https:\/\/blog.holyart.it\/fr\/","logo":{"@type":"ImageObject","inLanguage":"fr-FR","@id":"https:\/\/blog.holyart.it\/fr\/#\/schema\/logo\/image\/","url":"https:\/\/blog.holyart.it\/fr\/wp-content\/uploads\/sites\/14\/2022\/12\/Holyart_Blog_Logo.jpg","contentUrl":"https:\/\/blog.holyart.it\/fr\/wp-content\/uploads\/sites\/14\/2022\/12\/Holyart_Blog_Logo.jpg","width":300,"height":50,"caption":"Holyart.fr Blog"},"image":{"@id":"https:\/\/blog.holyart.it\/fr\/#\/schema\/logo\/image\/"}},{"@type":"Person","@id":"https:\/\/blog.holyart.it\/fr\/#\/schema\/person\/0a7b686e5af0f856ec1e390dd0baecda","name":"Redazione","image":{"@type":"ImageObject","inLanguage":"fr-FR","@id":"https:\/\/blog.holyart.it\/fr\/#\/schema\/person\/image\/","url":"https:\/\/secure.gravatar.com\/avatar\/f477da817f43e50d0af36abecd33e3edf826c68299714bdc1057dff3b113f516?s=96&d=mm&r=g","contentUrl":"https:\/\/secure.gravatar.com\/avatar\/f477da817f43e50d0af36abecd33e3edf826c68299714bdc1057dff3b113f516?s=96&d=mm&r=g","caption":"Redazione"},"url":"https:\/\/blog.holyart.it\/fr\/author\/admin\/"}]}},"_links":{"self":[{"href":"https:\/\/blog.holyart.it\/fr\/wp-json\/wp\/v2\/posts\/1731","targetHints":{"allow":["GET"]}}],"collection":[{"href":"https:\/\/blog.holyart.it\/fr\/wp-json\/wp\/v2\/posts"}],"about":[{"href":"https:\/\/blog.holyart.it\/fr\/wp-json\/wp\/v2\/types\/post"}],"author":[{"embeddable":true,"href":"https:\/\/blog.holyart.it\/fr\/wp-json\/wp\/v2\/users\/1"}],"replies":[{"embeddable":true,"href":"https:\/\/blog.holyart.it\/fr\/wp-json\/wp\/v2\/comments?post=1731"}],"version-history":[{"count":1,"href":"https:\/\/blog.holyart.it\/fr\/wp-json\/wp\/v2\/posts\/1731\/revisions"}],"predecessor-version":[{"id":9857,"href":"https:\/\/blog.holyart.it\/fr\/wp-json\/wp\/v2\/posts\/1731\/revisions\/9857"}],"wp:featuredmedia":[{"embeddable":true,"href":"https:\/\/blog.holyart.it\/fr\/wp-json\/wp\/v2\/media\/1732"}],"wp:attachment":[{"href":"https:\/\/blog.holyart.it\/fr\/wp-json\/wp\/v2\/media?parent=1731"}],"wp:term":[{"taxonomy":"category","embeddable":true,"href":"https:\/\/blog.holyart.it\/fr\/wp-json\/wp\/v2\/categories?post=1731"},{"taxonomy":"post_tag","embeddable":true,"href":"https:\/\/blog.holyart.it\/fr\/wp-json\/wp\/v2\/tags?post=1731"}],"curies":[{"name":"wp","href":"https:\/\/api.w.org\/{rel}","templated":true}]}}