{"id":1726,"date":"2019-07-04T14:48:36","date_gmt":"2019-07-04T12:48:36","guid":{"rendered":"https:\/\/blog.holyart.it\/fr\/?p=1726"},"modified":"2019-07-04T14:50:58","modified_gmt":"2019-07-04T12:50:58","slug":"la-priere-du-matin-comment-bien-debuter-la-journee","status":"publish","type":"post","link":"https:\/\/blog.holyart.it\/fr\/accessoires-pour-la-liturgie\/la-priere-du-matin-comment-bien-debuter-la-journee\/","title":{"rendered":"La pri\u00e8re du matin : comment bien d\u00e9buter la journ\u00e9e"},"content":{"rendered":"<p>J\u00e9sus a dit \u00e0 ses disciples et \u00e0 ses amis de prier, de prier toujours, sans se lasser. De cette exhortation est n\u00e9e la <strong>Liturgie des Heures<\/strong>, qui identifie des moments de pri\u00e8re tout au long de la journ\u00e9e, de mani\u00e8re \u00e0 ce que chaque instant de votre vie soit un \u00e9loge \u00e0 Dieu. C\u2019est ainsi qu\u2019un bon chr\u00e9tien devrait vivre chaque jour, en communion avec Christ, <a href=\"https:\/\/www.holyart.fr\/blog\/accessoires-pour-la-liturgie\/dix-regles-a-suivre-on-prie\/\"><strong>en sanctifiant avec la pri\u00e8re le jour et la nuit<\/strong><\/a>. Mais cela n\u2019est pas toujours facile. Les rythmes fr\u00e9n\u00e9tiques de la vie moderne, le travail, les nombreuses obligations rendent difficile pour la plupart des fid\u00e8les de respecter tous les engagements pr\u00e9vus par la Liturgie des Heures, m\u00eame les deux rendez-vous avec les Heures canoniques, les <strong>Laudes du matin<\/strong> et les <strong>V\u00eapres<\/strong>, que tout le monde serait tenu de c\u00e9l\u00e9brer chaque jour au d\u00e9but de la journ\u00e9e et au coucher du soleil.<\/p>\n<h2>L\u2019Offrande du matin<\/h2>\n<p>Mais J\u00e9sus connait ces emp\u00eachements, il est \u00e0 nos c\u00f4t\u00e9s \u00e0 chaque instant de notre vie et il sait bien combien il nous est difficile certains jours de tout faire comme il le faut. Il comprend \u00e9galement que nous n\u2019arrivons pas \u00e0 d\u00e9dier suffisamment de temps aux pri\u00e8res chaque jour, que de temps en temps nous \u00ab\u00a0passons\u00a0\u00bb, ou que nous nous limitons \u00e0 des brefs moments de pri\u00e8re.<\/p>\n<p>Il existe par contre un bon moyen de commencer la journ\u00e9e, d\u00e8s le r\u00e9veil : l\u2019<strong>Offrande du matin<\/strong>.<\/p>\n<p>De quoi s\u2019agit-il ? C\u2019est tr\u00e8s simple et la d\u00e9finition m\u00eame le dit clairement : il s\u2019agit d\u2019offrir sa journ\u00e9e \u00e0 J\u00e9sus.<\/p>\n<p>Ainsi, en ouvrant les yeux, ou avant m\u00eame de le faire, notre premi\u00e8re pens\u00e9e devrait \u00eatre : \u00ab\u00a0\u00d4 Seigneur, j\u2019offre cette journ\u00e9e \u00e0 Vous.\u00a0\u00bb<\/p>\n<p>Et c\u2019est tout\u00a0? En r\u00e9alit\u00e9, oui. Puis chacun peut enrichir sa pri\u00e8re avec des formules personnelles ou choisir parmi les nombreuses Offrandes du matin compos\u00e9es au long des si\u00e8cles par hommes et femmes pieux.<\/p>\n<figure id=\"attachment_1728\" aria-describedby=\"caption-attachment-1728\" style=\"width: 300px\" class=\"wp-caption alignright\"><img loading=\"lazy\" decoding=\"async\" class=\"alignright size-medium wp-image-1728\" src=\"https:\/\/blog.holyart.it\/fr\/wp-content\/uploads\/sites\/14\/2019\/07\/Pri\u00e8re-du-matin-et-du-soir-de-poche-15x10-cm-ITALIEN-300x300.jpg\" alt=\"Pri\u00e8re du matin et du soir de poche, 15x10 cm ITALIEN\" width=\"300\" height=\"300\" \/><figcaption id=\"caption-attachment-1728\" class=\"wp-caption-text\"><center><strong><a href=\"https:\/\/www.holyart.fr\/articles-religieux\/livres-sacres\/liturgie-des-heures-volume-unique-et-4-volumes\/priere-du-matin-et-du-soir-de-poche-15x10-cm-italien\">Achetez sur Holyart \u00ab\u00a0Pri\u00e8re du matin et du soir\u00a0\u00bb en ITALIEN<\/a><\/strong><br \/><a href=\"https:\/\/www.holyart.fr\/articles-religieux\/livres-sacres\/liturgie-des-heures-volume-unique-et-4-volumes\/priere-du-matin-et-du-soir-de-poche-15x10-cm-italien\"><button class=\"bottoneacquista\" style=\"vertical-align: middle;\">Acheter sur Holyart<\/button><\/a><\/center><\/figcaption><\/figure>\n<p>L\u2019Offrande du matin aide \u00e0 affronter la journ\u00e9e de mani\u00e8re motiv\u00e9e, avec pleine conscience que, d\u00e8s le r\u00e9veil, J\u00e9sus est \u00e0 nos c\u00f4t\u00e9s, que nos victoires sont ses victoires, nos d\u00e9sillusions sont les siennes et que tout ce qui nous arrivera de bon ou de mauvais pendant la journ\u00e9e nous le partagerons de toute mani\u00e8re avec Lui. C\u2019est une mani\u00e8re de se mettre entre les mains de Dieu, de confirmer que nous acceptons sa volont\u00e9 et que, quoi qu\u2019il arrive, ce sera un bon jour puisque nous l\u2019aurons d\u00e9di\u00e9 \u00e0 Lui.<\/p>\n<p>Pape Jean-Paul II a reconnu dans l\u2019Offrande du matin un acte fondamental dans la vie de chaque fid\u00e8le. Il n\u2019existe pas de d\u00e9veloppement spirituel sans l\u2019Offrande du matin.<\/p>\n<p>C\u2019est un peu comme le fait de dire\u00a0: \u00ab\u00a0C\u2019est un bon d\u00e9but\u00a0\u00bb.<\/p>\n<p>Bien \u00e9videmment, il ne sera pas suffisant de la prononcer pour \u00eatre s\u00fbr que la journ\u00e9e soit parfaite. Comme l\u2019a fait remarque Pape Fran\u00e7ois\u00a0: \u00ab\u00a0La pri\u00e8re n\u2019est pas une baguette magique\u00a0!\u00a0\u00bb. Il est par contre prouv\u00e9 que ceux qui se remettent \u00e0 cette bonne habitude de mani\u00e8re constante en tire une \u00e9nergie remarquable pour affronter la journ\u00e9e.<\/p>\n<p>Comme nous l\u2019avons d\u00e9j\u00e0 dit, au cours des si\u00e8cles, beaucoup de grands hommes et femmes d\u2019\u00e9glise ont \u00e9crit \u00e0 propos de l\u2019Offrande du matin. Il n\u2019existe toutefois aucune r\u00e8gle pr\u00e9cise sur ce qu\u2019il faut dire et comment, ni un sch\u00e9ma univoque. Du moment qu\u2019<strong>il s\u2019agit d\u2019un dialogue entre nous et Dieu<\/strong>, il est juste que chacun s\u2019exprime dans la mani\u00e8re qui lui convient, en mettant \u00e0 nu son c\u0153ur et son esprit entre les mains du Seigneur.<\/p>\n<p>La premi\u00e8re chose \u00e0 faire est s\u00fbrement de remercier J\u00e9sus de nous avoir fait passer une nuit sereine et avoir veill\u00e9 sur notre sommeil, et demander pardon pour tout p\u00each\u00e9 \u00e9ventuel commis et pour ceux que nous pourrions commettre pendant la journ\u00e9e qui nous attend. Ceci devrait \u00e9galement nous donner conscience que le jour qui s\u2019ouvre \u00e0 nous est rempli d\u2019occasions de se tromper, mais aussi pour faire de bonnes actions, qui nous fassent sentir bien et qui nous permettent d\u2019approcher un peu plus la Grace. C\u2019est avec cette m\u00eame conscience que nous devons nous pr\u00e9parer \u00e0 affronter tout ce que la journ\u00e9e peut nous r\u00e9server, en remerciant Dieu de nous donner la possibilit\u00e9 de le vivre et de le faire au mieux de nos possibilit\u00e9 si seulement nous en avons envie.<\/p>\n<p>Au cours de l\u2019<strong>Offrande du matin<\/strong>, nous devons planifier notre journ\u00e9e en fonction de ce que nous devrons affronter\u00a0: travail, occasions de rencontre, visites. Si nous nous pr\u00e9parons \u00e0 l\u2019avance, nous arriverons \u00e0 chaque instant avec la bonne \u00e9nergie, avec l\u2019attitude mentale correcte, avec les mots pr\u00eats sur nos l\u00e8vres, et nous \u00e9viterons ainsi de nous \u00e9nerver, de perdre le contr\u00f4le ou la patience, d\u2019\u00eatre d\u00e9\u00e7us, d\u2019\u00e9nerver quelqu\u2019un ou de permettre \u00e0 son \u00e9nervement de nous atteindre. En promettant \u00e0 J\u00e9sus qu\u2019il est de notre intention de faire de notre mieux afin que la journ\u00e9e que nous lui offrons soit digne de Lui, nous nous engageons \u00e0 bien nous comporter et \u00e0 le rendre fier de nous. De plus, il est important d\u2019<strong>\u00eatre toujours humble <\/strong>lors de l\u2019Offrande. Tout ce que nous sommes, tout ce que nous pouvons faire, nous le devons \u00e0 Dieu et \u00e0 Lui seul. Seuls, nous ne pourrions rien faire de bien, ni \u00e9viter d\u2019accomplir le mal. C\u2019est \u00e0 Lui et \u00e0 Son infinie Mis\u00e9ricorde que nous devons faire appel afin qu\u2019il guide nos pas et nos choix, afin qu\u2019il soutienne avec Sa force notre c\u0153ur, nos mains, nos mots. Dans ce cas \u00e9galement, il y a de nombreuses paroles \u00e9crites par des hommes plus capables dont nous pouvons nous inspirer afin de rendre notre pri\u00e8re vraiment agr\u00e9able et notre offrande un hymne joyeux et une splendide mani\u00e8re de d\u00e9buter la journ\u00e9e.<\/p>\n<p>Ce serait beau aussi d\u2019<strong>impliquer toute la famille dans cette pratique<\/strong>. Certaines personnes pr\u00e9f\u00e8rent dire l\u2019Offrande du matin en communion avec ceux qu\u2019ils aiment, avec leurs enfants par exemple. D\u2019autres pr\u00e9f\u00e8rent le faire en priv\u00e9, en invitant leurs chers \u00e0 en faire de m\u00eame. <strong>Il n\u2019existe pas de mauvaise mani\u00e8re de d\u00e9dier le jour qui vient \u00e0 J\u00e9sus<\/strong>, pourvu qu\u2019on le fasse et avec le c\u0153ur sur la main.<\/p>\n<p>Choisir de r\u00e9citer des pri\u00e8res de notre invention est aussi une mani\u00e8re pour rendre gr\u00e2ce \u00e0 Dieu, pour Lui d\u00e9montrer que notre pens\u00e9e est constamment tendue vers Lui. C\u2019est comme si nous d\u00e9cidions de Lui d\u00e9clarer notre amour avec nos propres mots, peut-\u00eatre moins recherch\u00e9s et moins efficaces par rapport \u00e0 ceux des psalmistes ou des saints, mais surement sinc\u00e8res et prononc\u00e9s avec la ferveur d\u2019une \u00e2me d\u00e9vou\u00e9e.<\/p>\n<p>En alternative, il est possible de trouver de nombreuses pri\u00e8res, m\u00eame en ligne, pour arriver \u00e0 exprimer notre amour et notre hommage matinal.<\/p>\n","protected":false},"excerpt":{"rendered":"<p>J\u00e9sus a dit \u00e0 ses disciples et \u00e0 ses amis de prier, de prier toujours, sans se lasser. De cette exhortation est n\u00e9e la Liturgie des Heures, qui identifie des moments de pri\u00e8re tout au long de la journ\u00e9e, de mani\u00e8re \u00e0 ce que chaque&hellip;<\/p>\n","protected":false},"author":1,"featured_media":1727,"comment_status":"closed","ping_status":"open","sticky":false,"template":"","format":"standard","meta":{"_acf_changed":false,"footnotes":""},"categories":[4],"tags":[],"class_list":["post-1726","post","type-post","status-publish","format-standard","has-post-thumbnail","hentry","category-accessoires-pour-la-liturgie"],"acf":[],"yoast_head":"<!-- This site is optimized with the Yoast SEO plugin v26.6 - https:\/\/yoast.com\/wordpress\/plugins\/seo\/ -->\n<title>La pri\u00e8re du matin : comment bien d\u00e9buter la journ\u00e9e<\/title>\n<meta name=\"description\" content=\"C\u2019est ainsi qu\u2019un bon chr\u00e9tien devrait vivre chaque jour, en communion avec Christ, en sanctifiant avec la pri\u00e8re le jour et la nuit.\" \/>\n<meta name=\"robots\" content=\"index, follow, max-snippet:-1, max-image-preview:large, max-video-preview:-1\" \/>\n<link rel=\"canonical\" href=\"https:\/\/blog.holyart.it\/fr\/accessoires-pour-la-liturgie\/la-priere-du-matin-comment-bien-debuter-la-journee\/\" \/>\n<meta property=\"og:locale\" content=\"fr_FR\" \/>\n<meta property=\"og:type\" content=\"article\" \/>\n<meta property=\"og:title\" content=\"La pri\u00e8re du matin : comment bien d\u00e9buter la journ\u00e9e\" \/>\n<meta property=\"og:description\" content=\"C\u2019est ainsi qu\u2019un bon chr\u00e9tien devrait vivre chaque jour, en communion avec Christ, en sanctifiant avec la pri\u00e8re le jour et la nuit.\" \/>\n<meta property=\"og:url\" content=\"https:\/\/blog.holyart.it\/fr\/accessoires-pour-la-liturgie\/la-priere-du-matin-comment-bien-debuter-la-journee\/\" \/>\n<meta property=\"og:site_name\" content=\"Holyart.fr Blog\" \/>\n<meta property=\"article:published_time\" content=\"2019-07-04T12:48:36+00:00\" \/>\n<meta property=\"article:modified_time\" content=\"2019-07-04T12:50:58+00:00\" \/>\n<meta property=\"og:image\" content=\"https:\/\/blog.holyart.it\/fr\/wp-content\/uploads\/sites\/14\/2019\/07\/La-pri\u00e8re-du-matin-comment-bien-d\u00e9buter-la-journ\u00e9e.jpg\" \/>\n\t<meta property=\"og:image:width\" content=\"1000\" \/>\n\t<meta property=\"og:image:height\" content=\"666\" \/>\n\t<meta property=\"og:image:type\" content=\"image\/jpeg\" \/>\n<meta name=\"author\" content=\"Redazione\" \/>\n<meta name=\"twitter:card\" content=\"summary_large_image\" \/>\n<meta name=\"twitter:label1\" content=\"\u00c9crit par\" \/>\n\t<meta name=\"twitter:data1\" content=\"Redazione\" \/>\n\t<meta name=\"twitter:label2\" content=\"Dur\u00e9e de lecture estim\u00e9e\" \/>\n\t<meta name=\"twitter:data2\" content=\"6 minutes\" \/>\n<script type=\"application\/ld+json\" class=\"yoast-schema-graph\">{\"@context\":\"https:\/\/schema.org\",\"@graph\":[{\"@type\":\"Article\",\"@id\":\"https:\/\/blog.holyart.it\/fr\/accessoires-pour-la-liturgie\/la-priere-du-matin-comment-bien-debuter-la-journee\/#article\",\"isPartOf\":{\"@id\":\"https:\/\/blog.holyart.it\/fr\/accessoires-pour-la-liturgie\/la-priere-du-matin-comment-bien-debuter-la-journee\/\"},\"author\":{\"name\":\"Redazione\",\"@id\":\"https:\/\/blog.holyart.it\/fr\/#\/schema\/person\/0a7b686e5af0f856ec1e390dd0baecda\"},\"headline\":\"La pri\u00e8re du matin : comment bien d\u00e9buter la journ\u00e9e\",\"datePublished\":\"2019-07-04T12:48:36+00:00\",\"dateModified\":\"2019-07-04T12:50:58+00:00\",\"mainEntityOfPage\":{\"@id\":\"https:\/\/blog.holyart.it\/fr\/accessoires-pour-la-liturgie\/la-priere-du-matin-comment-bien-debuter-la-journee\/\"},\"wordCount\":1280,\"publisher\":{\"@id\":\"https:\/\/blog.holyart.it\/fr\/#organization\"},\"image\":{\"@id\":\"https:\/\/blog.holyart.it\/fr\/accessoires-pour-la-liturgie\/la-priere-du-matin-comment-bien-debuter-la-journee\/#primaryimage\"},\"thumbnailUrl\":\"https:\/\/blog.holyart.it\/fr\/wp-content\/uploads\/sites\/14\/2019\/07\/La-pri\u00e8re-du-matin-comment-bien-d\u00e9buter-la-journ\u00e9e.jpg\",\"articleSection\":[\"Liturgie\"],\"inLanguage\":\"fr-FR\"},{\"@type\":\"WebPage\",\"@id\":\"https:\/\/blog.holyart.it\/fr\/accessoires-pour-la-liturgie\/la-priere-du-matin-comment-bien-debuter-la-journee\/\",\"url\":\"https:\/\/blog.holyart.it\/fr\/accessoires-pour-la-liturgie\/la-priere-du-matin-comment-bien-debuter-la-journee\/\",\"name\":\"La pri\u00e8re du matin : comment bien d\u00e9buter la journ\u00e9e\",\"isPartOf\":{\"@id\":\"https:\/\/blog.holyart.it\/fr\/#website\"},\"primaryImageOfPage\":{\"@id\":\"https:\/\/blog.holyart.it\/fr\/accessoires-pour-la-liturgie\/la-priere-du-matin-comment-bien-debuter-la-journee\/#primaryimage\"},\"image\":{\"@id\":\"https:\/\/blog.holyart.it\/fr\/accessoires-pour-la-liturgie\/la-priere-du-matin-comment-bien-debuter-la-journee\/#primaryimage\"},\"thumbnailUrl\":\"https:\/\/blog.holyart.it\/fr\/wp-content\/uploads\/sites\/14\/2019\/07\/La-pri\u00e8re-du-matin-comment-bien-d\u00e9buter-la-journ\u00e9e.jpg\",\"datePublished\":\"2019-07-04T12:48:36+00:00\",\"dateModified\":\"2019-07-04T12:50:58+00:00\",\"description\":\"C\u2019est ainsi qu\u2019un bon chr\u00e9tien devrait vivre chaque jour, en communion avec Christ, en sanctifiant avec la pri\u00e8re le jour et la nuit.\",\"breadcrumb\":{\"@id\":\"https:\/\/blog.holyart.it\/fr\/accessoires-pour-la-liturgie\/la-priere-du-matin-comment-bien-debuter-la-journee\/#breadcrumb\"},\"inLanguage\":\"fr-FR\",\"potentialAction\":[{\"@type\":\"ReadAction\",\"target\":[\"https:\/\/blog.holyart.it\/fr\/accessoires-pour-la-liturgie\/la-priere-du-matin-comment-bien-debuter-la-journee\/\"]}]},{\"@type\":\"ImageObject\",\"inLanguage\":\"fr-FR\",\"@id\":\"https:\/\/blog.holyart.it\/fr\/accessoires-pour-la-liturgie\/la-priere-du-matin-comment-bien-debuter-la-journee\/#primaryimage\",\"url\":\"https:\/\/blog.holyart.it\/fr\/wp-content\/uploads\/sites\/14\/2019\/07\/La-pri\u00e8re-du-matin-comment-bien-d\u00e9buter-la-journ\u00e9e.jpg\",\"contentUrl\":\"https:\/\/blog.holyart.it\/fr\/wp-content\/uploads\/sites\/14\/2019\/07\/La-pri\u00e8re-du-matin-comment-bien-d\u00e9buter-la-journ\u00e9e.jpg\",\"width\":1000,\"height\":666,\"caption\":\"La pri\u00e8re du matin comment bien d\u00e9buter la journ\u00e9e\"},{\"@type\":\"BreadcrumbList\",\"@id\":\"https:\/\/blog.holyart.it\/fr\/accessoires-pour-la-liturgie\/la-priere-du-matin-comment-bien-debuter-la-journee\/#breadcrumb\",\"itemListElement\":[{\"@type\":\"ListItem\",\"position\":1,\"name\":\"Homepage\",\"item\":\"https:\/\/blog.holyart.it\/fr\/\"},{\"@type\":\"ListItem\",\"position\":2,\"name\":\"Liturgie\",\"item\":\"https:\/\/blog.holyart.it\/fr\/accessoires-pour-la-liturgie\/\"},{\"@type\":\"ListItem\",\"position\":3,\"name\":\"La pri\u00e8re du matin : comment bien d\u00e9buter la journ\u00e9e\"}]},{\"@type\":\"WebSite\",\"@id\":\"https:\/\/blog.holyart.it\/fr\/#website\",\"url\":\"https:\/\/blog.holyart.it\/fr\/\",\"name\":\"Holyart.fr Blog\",\"description\":\"Holyblog\",\"publisher\":{\"@id\":\"https:\/\/blog.holyart.it\/fr\/#organization\"},\"potentialAction\":[{\"@type\":\"SearchAction\",\"target\":{\"@type\":\"EntryPoint\",\"urlTemplate\":\"https:\/\/blog.holyart.it\/fr\/?s={search_term_string}\"},\"query-input\":{\"@type\":\"PropertyValueSpecification\",\"valueRequired\":true,\"valueName\":\"search_term_string\"}}],\"inLanguage\":\"fr-FR\"},{\"@type\":\"Organization\",\"@id\":\"https:\/\/blog.holyart.it\/fr\/#organization\",\"name\":\"Holyart.fr Blog\",\"url\":\"https:\/\/blog.holyart.it\/fr\/\",\"logo\":{\"@type\":\"ImageObject\",\"inLanguage\":\"fr-FR\",\"@id\":\"https:\/\/blog.holyart.it\/fr\/#\/schema\/logo\/image\/\",\"url\":\"https:\/\/blog.holyart.it\/fr\/wp-content\/uploads\/sites\/14\/2022\/12\/Holyart_Blog_Logo.jpg\",\"contentUrl\":\"https:\/\/blog.holyart.it\/fr\/wp-content\/uploads\/sites\/14\/2022\/12\/Holyart_Blog_Logo.jpg\",\"width\":300,\"height\":50,\"caption\":\"Holyart.fr Blog\"},\"image\":{\"@id\":\"https:\/\/blog.holyart.it\/fr\/#\/schema\/logo\/image\/\"}},{\"@type\":\"Person\",\"@id\":\"https:\/\/blog.holyart.it\/fr\/#\/schema\/person\/0a7b686e5af0f856ec1e390dd0baecda\",\"name\":\"Redazione\",\"image\":{\"@type\":\"ImageObject\",\"inLanguage\":\"fr-FR\",\"@id\":\"https:\/\/blog.holyart.it\/fr\/#\/schema\/person\/image\/\",\"url\":\"https:\/\/secure.gravatar.com\/avatar\/f477da817f43e50d0af36abecd33e3edf826c68299714bdc1057dff3b113f516?s=96&d=mm&r=g\",\"contentUrl\":\"https:\/\/secure.gravatar.com\/avatar\/f477da817f43e50d0af36abecd33e3edf826c68299714bdc1057dff3b113f516?s=96&d=mm&r=g\",\"caption\":\"Redazione\"},\"url\":\"https:\/\/blog.holyart.it\/fr\/author\/admin\/\"}]}<\/script>\n<!-- \/ Yoast SEO plugin. -->","yoast_head_json":{"title":"La pri\u00e8re du matin : comment bien d\u00e9buter la journ\u00e9e","description":"C\u2019est ainsi qu\u2019un bon chr\u00e9tien devrait vivre chaque jour, en communion avec Christ, en sanctifiant avec la pri\u00e8re le jour et la nuit.","robots":{"index":"index","follow":"follow","max-snippet":"max-snippet:-1","max-image-preview":"max-image-preview:large","max-video-preview":"max-video-preview:-1"},"canonical":"https:\/\/blog.holyart.it\/fr\/accessoires-pour-la-liturgie\/la-priere-du-matin-comment-bien-debuter-la-journee\/","og_locale":"fr_FR","og_type":"article","og_title":"La pri\u00e8re du matin : comment bien d\u00e9buter la journ\u00e9e","og_description":"C\u2019est ainsi qu\u2019un bon chr\u00e9tien devrait vivre chaque jour, en communion avec Christ, en sanctifiant avec la pri\u00e8re le jour et la nuit.","og_url":"https:\/\/blog.holyart.it\/fr\/accessoires-pour-la-liturgie\/la-priere-du-matin-comment-bien-debuter-la-journee\/","og_site_name":"Holyart.fr Blog","article_published_time":"2019-07-04T12:48:36+00:00","article_modified_time":"2019-07-04T12:50:58+00:00","og_image":[{"width":1000,"height":666,"url":"https:\/\/blog.holyart.it\/fr\/wp-content\/uploads\/sites\/14\/2019\/07\/La-pri\u00e8re-du-matin-comment-bien-d\u00e9buter-la-journ\u00e9e.jpg","type":"image\/jpeg"}],"author":"Redazione","twitter_card":"summary_large_image","twitter_misc":{"\u00c9crit par":"Redazione","Dur\u00e9e de lecture estim\u00e9e":"6 minutes"},"schema":{"@context":"https:\/\/schema.org","@graph":[{"@type":"Article","@id":"https:\/\/blog.holyart.it\/fr\/accessoires-pour-la-liturgie\/la-priere-du-matin-comment-bien-debuter-la-journee\/#article","isPartOf":{"@id":"https:\/\/blog.holyart.it\/fr\/accessoires-pour-la-liturgie\/la-priere-du-matin-comment-bien-debuter-la-journee\/"},"author":{"name":"Redazione","@id":"https:\/\/blog.holyart.it\/fr\/#\/schema\/person\/0a7b686e5af0f856ec1e390dd0baecda"},"headline":"La pri\u00e8re du matin : comment bien d\u00e9buter la journ\u00e9e","datePublished":"2019-07-04T12:48:36+00:00","dateModified":"2019-07-04T12:50:58+00:00","mainEntityOfPage":{"@id":"https:\/\/blog.holyart.it\/fr\/accessoires-pour-la-liturgie\/la-priere-du-matin-comment-bien-debuter-la-journee\/"},"wordCount":1280,"publisher":{"@id":"https:\/\/blog.holyart.it\/fr\/#organization"},"image":{"@id":"https:\/\/blog.holyart.it\/fr\/accessoires-pour-la-liturgie\/la-priere-du-matin-comment-bien-debuter-la-journee\/#primaryimage"},"thumbnailUrl":"https:\/\/blog.holyart.it\/fr\/wp-content\/uploads\/sites\/14\/2019\/07\/La-pri\u00e8re-du-matin-comment-bien-d\u00e9buter-la-journ\u00e9e.jpg","articleSection":["Liturgie"],"inLanguage":"fr-FR"},{"@type":"WebPage","@id":"https:\/\/blog.holyart.it\/fr\/accessoires-pour-la-liturgie\/la-priere-du-matin-comment-bien-debuter-la-journee\/","url":"https:\/\/blog.holyart.it\/fr\/accessoires-pour-la-liturgie\/la-priere-du-matin-comment-bien-debuter-la-journee\/","name":"La pri\u00e8re du matin : comment bien d\u00e9buter la journ\u00e9e","isPartOf":{"@id":"https:\/\/blog.holyart.it\/fr\/#website"},"primaryImageOfPage":{"@id":"https:\/\/blog.holyart.it\/fr\/accessoires-pour-la-liturgie\/la-priere-du-matin-comment-bien-debuter-la-journee\/#primaryimage"},"image":{"@id":"https:\/\/blog.holyart.it\/fr\/accessoires-pour-la-liturgie\/la-priere-du-matin-comment-bien-debuter-la-journee\/#primaryimage"},"thumbnailUrl":"https:\/\/blog.holyart.it\/fr\/wp-content\/uploads\/sites\/14\/2019\/07\/La-pri\u00e8re-du-matin-comment-bien-d\u00e9buter-la-journ\u00e9e.jpg","datePublished":"2019-07-04T12:48:36+00:00","dateModified":"2019-07-04T12:50:58+00:00","description":"C\u2019est ainsi qu\u2019un bon chr\u00e9tien devrait vivre chaque jour, en communion avec Christ, en sanctifiant avec la pri\u00e8re le jour et la nuit.","breadcrumb":{"@id":"https:\/\/blog.holyart.it\/fr\/accessoires-pour-la-liturgie\/la-priere-du-matin-comment-bien-debuter-la-journee\/#breadcrumb"},"inLanguage":"fr-FR","potentialAction":[{"@type":"ReadAction","target":["https:\/\/blog.holyart.it\/fr\/accessoires-pour-la-liturgie\/la-priere-du-matin-comment-bien-debuter-la-journee\/"]}]},{"@type":"ImageObject","inLanguage":"fr-FR","@id":"https:\/\/blog.holyart.it\/fr\/accessoires-pour-la-liturgie\/la-priere-du-matin-comment-bien-debuter-la-journee\/#primaryimage","url":"https:\/\/blog.holyart.it\/fr\/wp-content\/uploads\/sites\/14\/2019\/07\/La-pri\u00e8re-du-matin-comment-bien-d\u00e9buter-la-journ\u00e9e.jpg","contentUrl":"https:\/\/blog.holyart.it\/fr\/wp-content\/uploads\/sites\/14\/2019\/07\/La-pri\u00e8re-du-matin-comment-bien-d\u00e9buter-la-journ\u00e9e.jpg","width":1000,"height":666,"caption":"La pri\u00e8re du matin comment bien d\u00e9buter la journ\u00e9e"},{"@type":"BreadcrumbList","@id":"https:\/\/blog.holyart.it\/fr\/accessoires-pour-la-liturgie\/la-priere-du-matin-comment-bien-debuter-la-journee\/#breadcrumb","itemListElement":[{"@type":"ListItem","position":1,"name":"Homepage","item":"https:\/\/blog.holyart.it\/fr\/"},{"@type":"ListItem","position":2,"name":"Liturgie","item":"https:\/\/blog.holyart.it\/fr\/accessoires-pour-la-liturgie\/"},{"@type":"ListItem","position":3,"name":"La pri\u00e8re du matin : comment bien d\u00e9buter la journ\u00e9e"}]},{"@type":"WebSite","@id":"https:\/\/blog.holyart.it\/fr\/#website","url":"https:\/\/blog.holyart.it\/fr\/","name":"Holyart.fr Blog","description":"Holyblog","publisher":{"@id":"https:\/\/blog.holyart.it\/fr\/#organization"},"potentialAction":[{"@type":"SearchAction","target":{"@type":"EntryPoint","urlTemplate":"https:\/\/blog.holyart.it\/fr\/?s={search_term_string}"},"query-input":{"@type":"PropertyValueSpecification","valueRequired":true,"valueName":"search_term_string"}}],"inLanguage":"fr-FR"},{"@type":"Organization","@id":"https:\/\/blog.holyart.it\/fr\/#organization","name":"Holyart.fr Blog","url":"https:\/\/blog.holyart.it\/fr\/","logo":{"@type":"ImageObject","inLanguage":"fr-FR","@id":"https:\/\/blog.holyart.it\/fr\/#\/schema\/logo\/image\/","url":"https:\/\/blog.holyart.it\/fr\/wp-content\/uploads\/sites\/14\/2022\/12\/Holyart_Blog_Logo.jpg","contentUrl":"https:\/\/blog.holyart.it\/fr\/wp-content\/uploads\/sites\/14\/2022\/12\/Holyart_Blog_Logo.jpg","width":300,"height":50,"caption":"Holyart.fr Blog"},"image":{"@id":"https:\/\/blog.holyart.it\/fr\/#\/schema\/logo\/image\/"}},{"@type":"Person","@id":"https:\/\/blog.holyart.it\/fr\/#\/schema\/person\/0a7b686e5af0f856ec1e390dd0baecda","name":"Redazione","image":{"@type":"ImageObject","inLanguage":"fr-FR","@id":"https:\/\/blog.holyart.it\/fr\/#\/schema\/person\/image\/","url":"https:\/\/secure.gravatar.com\/avatar\/f477da817f43e50d0af36abecd33e3edf826c68299714bdc1057dff3b113f516?s=96&d=mm&r=g","contentUrl":"https:\/\/secure.gravatar.com\/avatar\/f477da817f43e50d0af36abecd33e3edf826c68299714bdc1057dff3b113f516?s=96&d=mm&r=g","caption":"Redazione"},"url":"https:\/\/blog.holyart.it\/fr\/author\/admin\/"}]}},"_links":{"self":[{"href":"https:\/\/blog.holyart.it\/fr\/wp-json\/wp\/v2\/posts\/1726","targetHints":{"allow":["GET"]}}],"collection":[{"href":"https:\/\/blog.holyart.it\/fr\/wp-json\/wp\/v2\/posts"}],"about":[{"href":"https:\/\/blog.holyart.it\/fr\/wp-json\/wp\/v2\/types\/post"}],"author":[{"embeddable":true,"href":"https:\/\/blog.holyart.it\/fr\/wp-json\/wp\/v2\/users\/1"}],"replies":[{"embeddable":true,"href":"https:\/\/blog.holyart.it\/fr\/wp-json\/wp\/v2\/comments?post=1726"}],"version-history":[{"count":0,"href":"https:\/\/blog.holyart.it\/fr\/wp-json\/wp\/v2\/posts\/1726\/revisions"}],"wp:featuredmedia":[{"embeddable":true,"href":"https:\/\/blog.holyart.it\/fr\/wp-json\/wp\/v2\/media\/1727"}],"wp:attachment":[{"href":"https:\/\/blog.holyart.it\/fr\/wp-json\/wp\/v2\/media?parent=1726"}],"wp:term":[{"taxonomy":"category","embeddable":true,"href":"https:\/\/blog.holyart.it\/fr\/wp-json\/wp\/v2\/categories?post=1726"},{"taxonomy":"post_tag","embeddable":true,"href":"https:\/\/blog.holyart.it\/fr\/wp-json\/wp\/v2\/tags?post=1726"}],"curies":[{"name":"wp","href":"https:\/\/api.w.org\/{rel}","templated":true}]}}