{"id":1713,"date":"2019-07-02T15:16:48","date_gmt":"2019-07-02T13:16:48","guid":{"rendered":"https:\/\/blog.holyart.it\/fr\/?p=1713"},"modified":"2025-02-12T14:54:04","modified_gmt":"2025-02-12T13:54:04","slug":"rameaux-benits-paques-les-garder-ou-les-jeter","status":"publish","type":"post","link":"https:\/\/blog.holyart.it\/fr\/paques\/rameaux-benits-paques-les-garder-ou-les-jeter\/","title":{"rendered":"Rameaux b\u00e9nits \u00e0 P\u00e2ques : les garder ou les jeter ?"},"content":{"rendered":"<h4 style=\"text-align: center;\"><em>En Italie, quand nous nous rendons \u00e0 l\u2019\u00e9glise le Dimanche des Rameaux, le dernier avant P\u00e2ques, nous recevons une petite branche d\u2019olivier b\u00e9nit. Mais d\u2019o\u00f9 est n\u00e9e cette tradition ? Pourquoi avoir choisi l\u2019olivier ? Et que sommes-nous cens\u00e9s faire avec ces rameaux une fois que P\u00e2ques est pass\u00e9e ?<\/em><\/h4>\n<p>Le Dimanche des Rameaux pour les Catholiques (mais qui est \u00e9galement f\u00eat\u00e9s par les Orthodoxes et les Protestants) est le dimanche avant <a href=\"https:\/\/www.holyart.fr\/occasions-speciales\/paques-et-careme\"><strong>P\u00e2ques<\/strong><\/a>. Il s\u2019agit du jour o\u00f9, selon la tradition, J\u00e9sus entra \u00e0 J\u00e9rusalem, accueilli par une foule en f\u00eate : \u00ab\u00a0<em>Le lendemain, une foule nombreuse de gens venus \u00e0 la f\u00eate ayant entendu dire que J\u00e9sus se rendait \u00e0 J\u00e9rusalem,<\/em><em> prirent des branches de palmiers, et all\u00e8rent au-devant de lui, en criant: <\/em>\u201c <em>Hosanna ! B\u00e9ni soit celui qui vient au nom du Seigneur, le roi d&rsquo;Isra\u00ebl !<\/em> \u201d<em>\u00a0\u00bb <\/em>(Jean 12, 12-13)<\/p>\n<figure id=\"attachment_1715\" aria-describedby=\"caption-attachment-1715\" style=\"width: 300px\" class=\"wp-caption alignright\"><img loading=\"lazy\" decoding=\"async\" class=\"alignright size-medium wp-image-1715\" src=\"https:\/\/blog.holyart.it\/fr\/wp-content\/uploads\/sites\/14\/2019\/07\/P\u00e2ques-300x200.jpg\" alt=\"Les origines de P\u00e2ques\" width=\"300\" height=\"200\" \/><figcaption id=\"caption-attachment-1715\" class=\"wp-caption-text\"><center><strong><a href=\"https:\/\/www.holyart.fr\/blog\/articles-religieux\/origines-de-paques\/\">Les origines de P\u00e2ques<\/a><\/strong><br \/><a href=\"https:\/\/www.holyart.fr\/blog\/articles-religieux\/origines-de-paques\/\"><button class=\"bottoneacquista\" style=\"vertical-align: middle;\">Acheter sur Holyart<\/button><\/a><\/center><\/figcaption><\/figure>\n<p>Le Dimanche des Rameaux c\u00e9l\u00e8bre donc l\u2019entr\u00e9e triomphale de J\u00e9sus \u00e0 J\u00e9rusalem, la joie de qui, en l\u2019accueillant, \u00e9talaient par terre leurs capes et coupaient des rameaux de palmier pour les agiter de mani\u00e8re festive. L\u2019\u00e9v\u00e9nement se rattache \u00e0 la f\u00eate juive du Sukkot, la f\u00eate des cloches, quand les fid\u00e8les montaient au temple de J\u00e9rusalem en amenant des rameaux de palmier, symbole de la foi, de myrte, symbole de pri\u00e8re, et de saule, dont les feuilles \u00e9troites rappelaient la bouche des fid\u00e8les ferm\u00e9e devant Dieu, tous tress\u00e9s ensemble (L\u00e9vitique 23,40). Hosanna en h\u00e9bra\u00efque \u00e9tait une invocation de salut qui remontait \u00e0 la lib\u00e9ration de l\u2019\u00c9gypte, quand les juifs furent oblig\u00e9s \u00e0 vivre longtemps dans le d\u00e9sert, dans des tentes et des cabanes.<\/p>\n<p>Avec cette date d\u00e9bute la Semaine Sainte. Le <strong>Car\u00eame<\/strong> continue toutefois jusqu\u2019\u00e0 la c\u00e9l\u00e9bration de la neuvi\u00e8me heure du Jeudi Saint.<\/p>\n<p>La tradition liturgique du Dimanche des Rameaux s\u2019est consolid\u00e9e au cours des si\u00e8cles. Du moment qu\u2019elle souhaite comm\u00e9morer et c\u00e9l\u00e9brer l\u2019entr\u00e9e de J\u00e9sus \u00e0 J\u00e9rusalem, elle d\u00e9bute \u00e0 l\u2019ext\u00e9rieur de l\u2019\u00e9glise, o\u00f9 le pr\u00eatre entour\u00e9 des fid\u00e8les b\u00e9nit les rameaux. Mais pourquoi en Italie on b\u00e9nit des branches d\u2019olivier\u00a0? C\u2019est tr\u00e8s simple : en Italie, mais aussi dans d\u2019autres zones \u00e0 haute densit\u00e9 catholique, il n\u2019est pas facile de trouver des palmiers en abondance. Voil\u00e0 pourquoi avec le temps il a \u00e9t\u00e9 choisi de remplacer les rameaux de palmier par des branches d\u2019olivier.<\/p>\n<p>Une fois b\u00e9nits les rameaux, on rentre dans l\u2019\u00e9glise. Les lectures du Dimanche des Rameaux sont li\u00e9es \u00e0 la Passion de Christ, en particulier \u00e0 la Passio Christi, i.e. la \u00ab\u00a0narration de la Passion\u00a0\u00bb, du verbe latin\u00a0<em>patior<\/em>, \u00ab\u00a0souffrir\u00a0\u00bb, \u00ab\u00a0subir\u00a0\u00bb. Dans la forme ordinaire du rite romain, la Passio est tir\u00e9e par les \u00c9vangiles de Marc, Luc ou Matthieu, dans la forme extraordinaire de l\u2019\u00c9vangile selon Matthieu. La narration de la Passion, subdivis\u00e9e en quatre parties (arrestation de J\u00e9sus, proc\u00e8s juda\u00efque, proc\u00e8s romain et, enfin, condamnation, ex\u00e9cution, mort et enterrement) est lue par trois lecteurs qui repr\u00e9sentent le chroniqueur, les personnages protagonistes des \u00e9v\u00e9nements et Christ en personne. Pour cette occasion solennelle, le pr\u00eatre porte une chasuble rouge.<\/p>\n<h2>Mais pourquoi de l\u2019olivier ?<\/h2>\n<p>Nous avons bri\u00e8vement mentionn\u00e9 comment les branches d\u2019olivier avaient remplac\u00e9 en Italie les rameaux de palmier dans le contexte de cette c\u00e9l\u00e9bration et pourquoi.<\/p>\n<p>En r\u00e9alit\u00e9, il n\u2019y a que dans l\u2019\u00c9vangile de Jean que l\u2019on parle de rameaux de palmier (Matthieu 21,1-9; Marc 11,1-10; Luc 19,30-38; Jean 12,12-16), tandis que dans celui de <strong>Matthieu<\/strong> et de <strong>Marc<\/strong> on parle en g\u00e9n\u00e9ral de branches d\u2019arbres, alors que <strong>Luc<\/strong> n\u2019en mentionne m\u00eame pas. Cependant, l\u2019usage de b\u00e9nir des branches d\u2019olivier et de les ramener \u00e0 la maison apr\u00e8s la Messe s\u2019est consolid\u00e9 dans le temps. Les fid\u00e8les conservent leur rameau d\u2019olivier b\u00e9nit comme <strong>symbole de paix<\/strong>, ou ils en am\u00e8nent un aux parents et aux amis en <strong>signe d\u2019affection et de bon augure<\/strong>. Dans certaines zones, il persiste encore l\u2019usage que le chef de famille b\u00e9nisse la table de P\u00e2ques avec une branche d\u2019olivier tremp\u00e9e dans de l\u2019eau b\u00e9nite.<\/p>\n<figure id=\"attachment_1716\" aria-describedby=\"caption-attachment-1716\" style=\"width: 300px\" class=\"wp-caption alignleft\"><img loading=\"lazy\" decoding=\"async\" class=\"alignleft size-medium wp-image-1716\" src=\"https:\/\/blog.holyart.it\/fr\/wp-content\/uploads\/sites\/14\/2019\/07\/l\u2019olivier-300x200.jpg\" alt=\"l\u2019olivier\" width=\"300\" height=\"200\" \/><figcaption id=\"caption-attachment-1716\" class=\"wp-caption-text\"><center><strong><a href=\"https:\/\/www.holyart.fr\/blog\/noel\/arbres-plantes-tradition-chretienne\/\">Arbres et plantes dans la tradition chr\u00e9tienne<\/a><\/strong><br \/><a href=\"https:\/\/www.holyart.fr\/blog\/noel\/arbres-plantes-tradition-chretienne\/\"><button class=\"bottoneacquista\" style=\"vertical-align: middle;\">Acheter sur Holyart<\/button><\/a><\/center><\/figcaption><\/figure>\n<p>Depuis l\u2019antiquit\u00e9, aupr\u00e8s de tous les peuples orientaux et surplombant la M\u00e9diterran\u00e9e, l\u2019olivier a \u00e9t\u00e9 consid\u00e9r\u00e9 comme une <strong>plante sacr\u00e9e<\/strong>. Les grecs utilisaient ses branches pour tresser des couronnes avec lesquelles ils ornaient les t\u00eates des athl\u00e8tes vainqueurs. Il \u00e9tait \u00e9galement une plante ch\u00e8re \u00e0 Ath\u00e9na, d\u00e9esse de la sagesse et de la guerre. Les Romains aussi utilisaient l\u2019olivier pour d\u00e9corer les hommes illustres, tandis que pour les Juifs il \u00e9tait symbole de <strong>justice<\/strong> <strong>et<\/strong> de <strong>connaissance<\/strong>. En outre, selon l\u2019Ancien Testament, ce fut une branche d\u2019olivier que la colombe lib\u00e9r\u00e9e par No\u00e9 ramena \u00e0 l\u2019Arche comme d\u00e9monstration que le D\u00e9luge \u00e9tait fini et avec lui la col\u00e8re de Dieu. Dans cette acception, nous pouvons consid\u00e9rer l\u2019olivier comme un <strong>symbole de renaissance et de paix<\/strong>.<\/p>\n<p>L\u2019histoire de <strong>J\u00e9sus<\/strong> est \u00e9galement riche de r\u00e9f\u00e9rences \u00e0 cette plante, jusqu\u2019\u00e0 arriver \u00e0 sa derni\u00e8re et tragique nuit dans le Jardin de Geths\u00e9mani, sur le mont des Oliviers, lieu de son arrestation. Christ en personne, en se sacrifiant, devient olivier, <strong>symbole de r\u00e9conciliation entre l\u2019humanit\u00e9 et Dieu<\/strong>.<\/p>\n<p>Pour finir, il ne faut pas oublier qu\u2019avec l\u2019huile obtenue des fruits de cette plante prodigieuse on obtient le <strong>Chrisme<\/strong>, utilis\u00e9 pour le bapt\u00eame, la confirmation, l\u2019extr\u00eame onction et la cons\u00e9cration des nouveaux pr\u00eatres. Le mot \u00ab\u00a0Christ\u00a0\u00bb, avec laquelle nous sommes habitu\u00e9s \u00e0 appeler J\u00e9sus, signifie de fait l\u2019\u00ab\u00a0oint\u00a0\u00bb.<\/p>\n<h2>Et quand P\u00e2ques est pass\u00e9e, que devons-nous faire des rameaux\u00a0?<\/h2>\n<p>Beaucoup de personnes d\u00e9cident de les garder chez eux comme \u00e9l\u00e9ment d\u00e9coratif et comme souvenir du Dimanche des Rameaux et de la Passion de J\u00e9sus. Il s\u2019agit en tout et pour tout d\u2019un objet sacr\u00e9, puisque les rameaux ont \u00e9t\u00e9 b\u00e9nits pendant la messe, en devenant des <strong>sacramentaux<\/strong>, et le Code du Droit Canonique interdit formellement de jeter les objets sacr\u00e9s. Ils m\u00e9ritent plut\u00f4t une place sp\u00e9ciale dans notre maison, en tant que m\u00e9mento de l\u2019amour de Christ, de son sacrifice pour nous.<\/p>\n<p>Sinon on peut \u00e9galement d\u00e9cider de br\u00fbler les rameaux ou de les enterrer, ou encore de les ramener \u00e0 l\u2019\u00e9glise. Ils seront alors br\u00fbl\u00e9s et utilis\u00e9s pour pr\u00e9parer les cendres pour le Mercredi des Cendres..<\/p>\n<h2>Mais comment conserver les rameaux sans qu\u2019ils s\u2019ab\u00eement ?<\/h2>\n<p><a href=\"https:\/\/www.holyart.fr\/accessoires-pour-la-liturgie\/accessoires-pour-benedictions?sorter_id=0&amp;39%5B%5D=1837&amp;p_min=&amp;p_max=\"><strong>Les sachets pour rameaux<\/strong><\/a> sont con\u00e7us dans ce but. Ils fournissent un emballage pratique \u00e0 l\u2019int\u00e9rieur duquel l\u2019olivier ne s\u2019effrite pas et ne perd pas de feuilles dans la maison une fois s\u00e9ch\u00e9. Vous en trouverez de diff\u00e9rents types dans notre magasin en ligne, certains tr\u00e8s simples, neutres, d\u2019autres d\u00e9cor\u00e9s de symboles religieux comme le logo du Jubil\u00e9 de la Mis\u00e9ricorde, ou la colombe pascale, la Sainte Famille, l\u2019image de J\u00e9sus entrant \u00e0 J\u00e9rusalem, ou encore de J\u00e9sus Bon Pasteur, et ainsi de suite. Quel meilleur emballage pour offrir une branche d\u2019olivier \u00e0 quelqu\u2019un que nous aimons en tant que symbole de paix et d\u2019amour\u00a0?<\/p>\n<div class=\"sp-styles-warning\" style=\"width: 450px; background-color: #FFF; color: #F00; border: 1px solid #F00; padding: 10px; font-size: 14px;\">\n\t\t\t<span style=\"font-weight: bold;\">Warning: The stylesheets were not loaded!<\/span> \n\t\t\tYou will need to change the <i>Load stylesheets<\/i> setting from <i>Automatically<\/i> to <i>On homepage<\/i> or <i>On all pages<\/i>. \n\t\t\tYou can set that <a style=\"text-decoration: underline; color: #F00;\" href=\"https:\/\/blog.holyart.it\/fr\/wp-admin\/admin.php?page=sliderpro-settings\">here<\/a>.\n\t\t\t<\/div>\r\n<div id=\"slider-pro-16\" class=\"slider-pro sp-no-js\" style=\"width: 500px; height: 500px;\">\r\n\t<div class=\"sp-slides\">\r\n\t\t\r\n\t\t<div class=\"sp-slide\">\r\n\t\t\t<img loading=\"lazy\" decoding=\"async\" class=\"sp-image\" src=\"https:\/\/blog.holyart.it\/fr\/wp-content\/uploads\/sites\/14\/2019\/07\/Sachet-Dimanche-des-Rameaux-Colombe-de-la-Paix-200-pcs-100x100.jpg\" alt=\"Sachet Dimanche des Rameaux Colombe de la Paix 200 pcs 100x100\" width=\"500\" height=\"500\" \/>\r\n\t\t\t<div class=\"sp-thumbnail\"><img decoding=\"async\" src=\"https:\/\/blog.holyart.it\/fr\/wp-content\/uploads\/sites\/14\/2019\/07\/Sachet-Dimanche-des-Rameaux-Colombe-de-la-Paix-200-pcs-100x100-150x150.jpg\" \/>\r\n\t\t\t<\/div>\r\n\t\t\t<div class=\"sp-caption\">Sachet Dimanche des Rameaux Colombe de la Paix 200 pcs. Sachet pour rameaux avec image de la Colombe de la Paix (emballage de 200 pi\u00e8ces). \n<br \/><strong><span style=\"color: #0000ff;font-size:18px\"><a style=\"color: #0000ff\" href=\"https:\/\/www.holyart.fr\/accessoires-pour-la-liturgie\/accessoires-pour-benedictions\/sachet-dimanche-des-rameaux-colombe-de-la-paix-200-pcs\">Acheter sur Holyart<\/a><\/span><\/strong><\/div>\r\n\t\t<\/div>\r\n\t\t<div class=\"sp-slide\">\r\n\t\t\t<img loading=\"lazy\" decoding=\"async\" class=\"sp-image\" src=\"https:\/\/blog.holyart.it\/fr\/wp-content\/uploads\/sites\/14\/2019\/07\/Sachet-Dimanche-des-Rameaux-Entr\u00e9e-\u00e0-J\u00e9rusalem-200-pcs.jpg\" alt=\"Sachet Dimanche des Rameaux Entr\u00e9e \u00e0 J\u00e9rusalem 200 pcs\" width=\"500\" height=\"500\" \/>\r\n\t\t\t<div class=\"sp-thumbnail\"><img decoding=\"async\" src=\"https:\/\/blog.holyart.it\/fr\/wp-content\/uploads\/sites\/14\/2019\/07\/Sachet-Dimanche-des-Rameaux-Entr\u00e9e-\u00e0-J\u00e9rusalem-200-pcs-150x150.jpg\" \/>\r\n\t\t\t<\/div>\r\n\t\t\t<div class=\"sp-caption\">Sachet Dimanche des Rameaux Entr\u00e9e \u00e0 J\u00e9rusalem 200 pcs. Sachet pour rameaux avec image de l'Entr\u00e9e \u00e0 J\u00e9rusalem (emballage de 200 pi\u00e8ces). \n<br \/><strong><span style=\"color: #0000ff;font-size:18px\"><a style=\"color: #0000ff\" href=\"https:\/\/www.holyart.fr\/accessoires-pour-la-liturgie\/accessoires-pour-benedictions\/sachet-dimanche-des-rameaux-entree-a-jerusalem-200-pcs\">Acheter sur Holyart<\/a><\/span><\/strong><\/div>\r\n\t\t<\/div>\r\n\t\t<div class=\"sp-slide\">\r\n\t\t\t<img loading=\"lazy\" decoding=\"async\" class=\"sp-image\" src=\"https:\/\/blog.holyart.it\/fr\/wp-content\/uploads\/sites\/14\/2019\/07\/Sachet-Dimanche-des-Rameaux-Christ-Bon-Pasteur-200-pcs.jpg\" alt=\"Sachet Dimanche des Rameaux Christ Bon Pasteur 200 pcs\" width=\"500\" height=\"500\" \/>\r\n\t\t\t<div class=\"sp-thumbnail\"><img decoding=\"async\" src=\"https:\/\/blog.holyart.it\/fr\/wp-content\/uploads\/sites\/14\/2019\/07\/Sachet-Dimanche-des-Rameaux-Christ-Bon-Pasteur-200-pcs-150x150.jpg\" \/>\r\n\t\t\t<\/div>\r\n\t\t\t<div class=\"sp-caption\">Sachet Dimanche des Rameaux Christ Bon Pasteur 200 pcs. Sachet pour rameaux avec image de Christ Bon Pasteur (emballage de 200 pi\u00e8ces).\n<br \/><strong><span style=\"color: #0000ff;font-size:18px\"><a style=\"color: #0000ff\" href=\"https:\/\/www.holyart.fr\/accessoires-pour-la-liturgie\/accessoires-pour-benedictions\/sachet-dimanche-des-rameaux-christ-bon-pasteur-200-pcs\">Acheter sur Holyart<\/a><\/span><\/strong><\/div>\r\n\t\t<\/div>\r\n\t<\/div>\r\n<\/div>\n","protected":false},"excerpt":{"rendered":"<p>En Italie, quand nous nous rendons \u00e0 l\u2019\u00e9glise le Dimanche des Rameaux, le dernier avant P\u00e2ques, nous recevons une petite branche d\u2019olivier b\u00e9nit. Mais d\u2019o\u00f9 est n\u00e9e cette tradition ? Pourquoi avoir choisi l\u2019olivier ? Et que sommes-nous cens\u00e9s faire avec ces rameaux une fois&hellip;<\/p>\n","protected":false},"author":1,"featured_media":1714,"comment_status":"closed","ping_status":"open","sticky":false,"template":"","format":"standard","meta":{"_acf_changed":false,"footnotes":""},"categories":[12,14],"tags":[],"class_list":["post-1713","post","type-post","status-publish","format-standard","has-post-thumbnail","hentry","category-occasions-speciales","category-paques"],"acf":[],"yoast_head":"<!-- This site is optimized with the Yoast SEO plugin v26.6 - https:\/\/yoast.com\/wordpress\/plugins\/seo\/ -->\n<title>Rameaux b\u00e9nits \u00e0 P\u00e2ques : les garder ou les jeter ?<\/title>\n<meta name=\"description\" content=\"le Dimanche des Rameaux, le dernier avant P\u00e2ques, nous recevons une petite branche d\u2019olivier b\u00e9nit. Mais d\u2019o\u00f9 est n\u00e9e cette tradition ?\" \/>\n<meta name=\"robots\" content=\"index, follow, max-snippet:-1, max-image-preview:large, max-video-preview:-1\" \/>\n<link rel=\"canonical\" href=\"https:\/\/blog.holyart.it\/fr\/paques\/rameaux-benits-paques-les-garder-ou-les-jeter\/\" \/>\n<meta property=\"og:locale\" content=\"fr_FR\" \/>\n<meta property=\"og:type\" content=\"article\" \/>\n<meta property=\"og:title\" content=\"Rameaux b\u00e9nits \u00e0 P\u00e2ques : les garder ou les jeter ?\" \/>\n<meta property=\"og:description\" content=\"le Dimanche des Rameaux, le dernier avant P\u00e2ques, nous recevons une petite branche d\u2019olivier b\u00e9nit. Mais d\u2019o\u00f9 est n\u00e9e cette tradition ?\" \/>\n<meta property=\"og:url\" content=\"https:\/\/blog.holyart.it\/fr\/paques\/rameaux-benits-paques-les-garder-ou-les-jeter\/\" \/>\n<meta property=\"og:site_name\" content=\"Holyart.fr Blog\" \/>\n<meta property=\"article:published_time\" content=\"2019-07-02T13:16:48+00:00\" \/>\n<meta property=\"article:modified_time\" content=\"2025-02-12T13:54:04+00:00\" \/>\n<meta property=\"og:image\" content=\"https:\/\/blog.holyart.it\/fr\/wp-content\/uploads\/sites\/14\/2019\/07\/Rameaux-b\u00e9nits.jpg\" \/>\n\t<meta property=\"og:image:width\" content=\"1000\" \/>\n\t<meta property=\"og:image:height\" content=\"666\" \/>\n\t<meta property=\"og:image:type\" content=\"image\/jpeg\" \/>\n<meta name=\"author\" content=\"Redazione\" \/>\n<meta name=\"twitter:card\" content=\"summary_large_image\" \/>\n<meta name=\"twitter:label1\" content=\"\u00c9crit par\" \/>\n\t<meta name=\"twitter:data1\" content=\"Redazione\" \/>\n\t<meta name=\"twitter:label2\" content=\"Dur\u00e9e de lecture estim\u00e9e\" \/>\n\t<meta name=\"twitter:data2\" content=\"7 minutes\" \/>\n<script type=\"application\/ld+json\" class=\"yoast-schema-graph\">{\"@context\":\"https:\/\/schema.org\",\"@graph\":[{\"@type\":\"Article\",\"@id\":\"https:\/\/blog.holyart.it\/fr\/paques\/rameaux-benits-paques-les-garder-ou-les-jeter\/#article\",\"isPartOf\":{\"@id\":\"https:\/\/blog.holyart.it\/fr\/paques\/rameaux-benits-paques-les-garder-ou-les-jeter\/\"},\"author\":{\"name\":\"Redazione\",\"@id\":\"https:\/\/blog.holyart.it\/fr\/#\/schema\/person\/0a7b686e5af0f856ec1e390dd0baecda\"},\"headline\":\"Rameaux b\u00e9nits \u00e0 P\u00e2ques : les garder ou les jeter ?\",\"datePublished\":\"2019-07-02T13:16:48+00:00\",\"dateModified\":\"2025-02-12T13:54:04+00:00\",\"mainEntityOfPage\":{\"@id\":\"https:\/\/blog.holyart.it\/fr\/paques\/rameaux-benits-paques-les-garder-ou-les-jeter\/\"},\"wordCount\":1335,\"publisher\":{\"@id\":\"https:\/\/blog.holyart.it\/fr\/#organization\"},\"image\":{\"@id\":\"https:\/\/blog.holyart.it\/fr\/paques\/rameaux-benits-paques-les-garder-ou-les-jeter\/#primaryimage\"},\"thumbnailUrl\":\"https:\/\/blog.holyart.it\/fr\/wp-content\/uploads\/sites\/14\/2019\/07\/Rameaux-b\u00e9nits.jpg\",\"articleSection\":[\"Occasions sp\u00e9ciales\",\"P\u00e2ques\"],\"inLanguage\":\"fr-FR\"},{\"@type\":\"WebPage\",\"@id\":\"https:\/\/blog.holyart.it\/fr\/paques\/rameaux-benits-paques-les-garder-ou-les-jeter\/\",\"url\":\"https:\/\/blog.holyart.it\/fr\/paques\/rameaux-benits-paques-les-garder-ou-les-jeter\/\",\"name\":\"Rameaux b\u00e9nits \u00e0 P\u00e2ques : les garder ou les jeter ?\",\"isPartOf\":{\"@id\":\"https:\/\/blog.holyart.it\/fr\/#website\"},\"primaryImageOfPage\":{\"@id\":\"https:\/\/blog.holyart.it\/fr\/paques\/rameaux-benits-paques-les-garder-ou-les-jeter\/#primaryimage\"},\"image\":{\"@id\":\"https:\/\/blog.holyart.it\/fr\/paques\/rameaux-benits-paques-les-garder-ou-les-jeter\/#primaryimage\"},\"thumbnailUrl\":\"https:\/\/blog.holyart.it\/fr\/wp-content\/uploads\/sites\/14\/2019\/07\/Rameaux-b\u00e9nits.jpg\",\"datePublished\":\"2019-07-02T13:16:48+00:00\",\"dateModified\":\"2025-02-12T13:54:04+00:00\",\"description\":\"le Dimanche des Rameaux, le dernier avant P\u00e2ques, nous recevons une petite branche d\u2019olivier b\u00e9nit. Mais d\u2019o\u00f9 est n\u00e9e cette tradition ?\",\"breadcrumb\":{\"@id\":\"https:\/\/blog.holyart.it\/fr\/paques\/rameaux-benits-paques-les-garder-ou-les-jeter\/#breadcrumb\"},\"inLanguage\":\"fr-FR\",\"potentialAction\":[{\"@type\":\"ReadAction\",\"target\":[\"https:\/\/blog.holyart.it\/fr\/paques\/rameaux-benits-paques-les-garder-ou-les-jeter\/\"]}]},{\"@type\":\"ImageObject\",\"inLanguage\":\"fr-FR\",\"@id\":\"https:\/\/blog.holyart.it\/fr\/paques\/rameaux-benits-paques-les-garder-ou-les-jeter\/#primaryimage\",\"url\":\"https:\/\/blog.holyart.it\/fr\/wp-content\/uploads\/sites\/14\/2019\/07\/Rameaux-b\u00e9nits.jpg\",\"contentUrl\":\"https:\/\/blog.holyart.it\/fr\/wp-content\/uploads\/sites\/14\/2019\/07\/Rameaux-b\u00e9nits.jpg\",\"width\":1000,\"height\":666,\"caption\":\"Rameaux b\u00e9nits\"},{\"@type\":\"BreadcrumbList\",\"@id\":\"https:\/\/blog.holyart.it\/fr\/paques\/rameaux-benits-paques-les-garder-ou-les-jeter\/#breadcrumb\",\"itemListElement\":[{\"@type\":\"ListItem\",\"position\":1,\"name\":\"Homepage\",\"item\":\"https:\/\/blog.holyart.it\/fr\/\"},{\"@type\":\"ListItem\",\"position\":2,\"name\":\"P\u00e2ques\",\"item\":\"https:\/\/blog.holyart.it\/fr\/paques\/\"},{\"@type\":\"ListItem\",\"position\":3,\"name\":\"Rameaux b\u00e9nits \u00e0 P\u00e2ques : les garder ou les jeter ?\"}]},{\"@type\":\"WebSite\",\"@id\":\"https:\/\/blog.holyart.it\/fr\/#website\",\"url\":\"https:\/\/blog.holyart.it\/fr\/\",\"name\":\"Holyart.fr Blog\",\"description\":\"Holyblog\",\"publisher\":{\"@id\":\"https:\/\/blog.holyart.it\/fr\/#organization\"},\"potentialAction\":[{\"@type\":\"SearchAction\",\"target\":{\"@type\":\"EntryPoint\",\"urlTemplate\":\"https:\/\/blog.holyart.it\/fr\/?s={search_term_string}\"},\"query-input\":{\"@type\":\"PropertyValueSpecification\",\"valueRequired\":true,\"valueName\":\"search_term_string\"}}],\"inLanguage\":\"fr-FR\"},{\"@type\":\"Organization\",\"@id\":\"https:\/\/blog.holyart.it\/fr\/#organization\",\"name\":\"Holyart.fr Blog\",\"url\":\"https:\/\/blog.holyart.it\/fr\/\",\"logo\":{\"@type\":\"ImageObject\",\"inLanguage\":\"fr-FR\",\"@id\":\"https:\/\/blog.holyart.it\/fr\/#\/schema\/logo\/image\/\",\"url\":\"https:\/\/blog.holyart.it\/fr\/wp-content\/uploads\/sites\/14\/2022\/12\/Holyart_Blog_Logo.jpg\",\"contentUrl\":\"https:\/\/blog.holyart.it\/fr\/wp-content\/uploads\/sites\/14\/2022\/12\/Holyart_Blog_Logo.jpg\",\"width\":300,\"height\":50,\"caption\":\"Holyart.fr Blog\"},\"image\":{\"@id\":\"https:\/\/blog.holyart.it\/fr\/#\/schema\/logo\/image\/\"}},{\"@type\":\"Person\",\"@id\":\"https:\/\/blog.holyart.it\/fr\/#\/schema\/person\/0a7b686e5af0f856ec1e390dd0baecda\",\"name\":\"Redazione\",\"image\":{\"@type\":\"ImageObject\",\"inLanguage\":\"fr-FR\",\"@id\":\"https:\/\/blog.holyart.it\/fr\/#\/schema\/person\/image\/\",\"url\":\"https:\/\/secure.gravatar.com\/avatar\/f477da817f43e50d0af36abecd33e3edf826c68299714bdc1057dff3b113f516?s=96&d=mm&r=g\",\"contentUrl\":\"https:\/\/secure.gravatar.com\/avatar\/f477da817f43e50d0af36abecd33e3edf826c68299714bdc1057dff3b113f516?s=96&d=mm&r=g\",\"caption\":\"Redazione\"},\"url\":\"https:\/\/blog.holyart.it\/fr\/author\/admin\/\"}]}<\/script>\n<!-- \/ Yoast SEO plugin. -->","yoast_head_json":{"title":"Rameaux b\u00e9nits \u00e0 P\u00e2ques : les garder ou les jeter ?","description":"le Dimanche des Rameaux, le dernier avant P\u00e2ques, nous recevons une petite branche d\u2019olivier b\u00e9nit. Mais d\u2019o\u00f9 est n\u00e9e cette tradition ?","robots":{"index":"index","follow":"follow","max-snippet":"max-snippet:-1","max-image-preview":"max-image-preview:large","max-video-preview":"max-video-preview:-1"},"canonical":"https:\/\/blog.holyart.it\/fr\/paques\/rameaux-benits-paques-les-garder-ou-les-jeter\/","og_locale":"fr_FR","og_type":"article","og_title":"Rameaux b\u00e9nits \u00e0 P\u00e2ques : les garder ou les jeter ?","og_description":"le Dimanche des Rameaux, le dernier avant P\u00e2ques, nous recevons une petite branche d\u2019olivier b\u00e9nit. Mais d\u2019o\u00f9 est n\u00e9e cette tradition ?","og_url":"https:\/\/blog.holyart.it\/fr\/paques\/rameaux-benits-paques-les-garder-ou-les-jeter\/","og_site_name":"Holyart.fr Blog","article_published_time":"2019-07-02T13:16:48+00:00","article_modified_time":"2025-02-12T13:54:04+00:00","og_image":[{"width":1000,"height":666,"url":"https:\/\/blog.holyart.it\/fr\/wp-content\/uploads\/sites\/14\/2019\/07\/Rameaux-b\u00e9nits.jpg","type":"image\/jpeg"}],"author":"Redazione","twitter_card":"summary_large_image","twitter_misc":{"\u00c9crit par":"Redazione","Dur\u00e9e de lecture estim\u00e9e":"7 minutes"},"schema":{"@context":"https:\/\/schema.org","@graph":[{"@type":"Article","@id":"https:\/\/blog.holyart.it\/fr\/paques\/rameaux-benits-paques-les-garder-ou-les-jeter\/#article","isPartOf":{"@id":"https:\/\/blog.holyart.it\/fr\/paques\/rameaux-benits-paques-les-garder-ou-les-jeter\/"},"author":{"name":"Redazione","@id":"https:\/\/blog.holyart.it\/fr\/#\/schema\/person\/0a7b686e5af0f856ec1e390dd0baecda"},"headline":"Rameaux b\u00e9nits \u00e0 P\u00e2ques : les garder ou les jeter ?","datePublished":"2019-07-02T13:16:48+00:00","dateModified":"2025-02-12T13:54:04+00:00","mainEntityOfPage":{"@id":"https:\/\/blog.holyart.it\/fr\/paques\/rameaux-benits-paques-les-garder-ou-les-jeter\/"},"wordCount":1335,"publisher":{"@id":"https:\/\/blog.holyart.it\/fr\/#organization"},"image":{"@id":"https:\/\/blog.holyart.it\/fr\/paques\/rameaux-benits-paques-les-garder-ou-les-jeter\/#primaryimage"},"thumbnailUrl":"https:\/\/blog.holyart.it\/fr\/wp-content\/uploads\/sites\/14\/2019\/07\/Rameaux-b\u00e9nits.jpg","articleSection":["Occasions sp\u00e9ciales","P\u00e2ques"],"inLanguage":"fr-FR"},{"@type":"WebPage","@id":"https:\/\/blog.holyart.it\/fr\/paques\/rameaux-benits-paques-les-garder-ou-les-jeter\/","url":"https:\/\/blog.holyart.it\/fr\/paques\/rameaux-benits-paques-les-garder-ou-les-jeter\/","name":"Rameaux b\u00e9nits \u00e0 P\u00e2ques : les garder ou les jeter ?","isPartOf":{"@id":"https:\/\/blog.holyart.it\/fr\/#website"},"primaryImageOfPage":{"@id":"https:\/\/blog.holyart.it\/fr\/paques\/rameaux-benits-paques-les-garder-ou-les-jeter\/#primaryimage"},"image":{"@id":"https:\/\/blog.holyart.it\/fr\/paques\/rameaux-benits-paques-les-garder-ou-les-jeter\/#primaryimage"},"thumbnailUrl":"https:\/\/blog.holyart.it\/fr\/wp-content\/uploads\/sites\/14\/2019\/07\/Rameaux-b\u00e9nits.jpg","datePublished":"2019-07-02T13:16:48+00:00","dateModified":"2025-02-12T13:54:04+00:00","description":"le Dimanche des Rameaux, le dernier avant P\u00e2ques, nous recevons une petite branche d\u2019olivier b\u00e9nit. Mais d\u2019o\u00f9 est n\u00e9e cette tradition ?","breadcrumb":{"@id":"https:\/\/blog.holyart.it\/fr\/paques\/rameaux-benits-paques-les-garder-ou-les-jeter\/#breadcrumb"},"inLanguage":"fr-FR","potentialAction":[{"@type":"ReadAction","target":["https:\/\/blog.holyart.it\/fr\/paques\/rameaux-benits-paques-les-garder-ou-les-jeter\/"]}]},{"@type":"ImageObject","inLanguage":"fr-FR","@id":"https:\/\/blog.holyart.it\/fr\/paques\/rameaux-benits-paques-les-garder-ou-les-jeter\/#primaryimage","url":"https:\/\/blog.holyart.it\/fr\/wp-content\/uploads\/sites\/14\/2019\/07\/Rameaux-b\u00e9nits.jpg","contentUrl":"https:\/\/blog.holyart.it\/fr\/wp-content\/uploads\/sites\/14\/2019\/07\/Rameaux-b\u00e9nits.jpg","width":1000,"height":666,"caption":"Rameaux b\u00e9nits"},{"@type":"BreadcrumbList","@id":"https:\/\/blog.holyart.it\/fr\/paques\/rameaux-benits-paques-les-garder-ou-les-jeter\/#breadcrumb","itemListElement":[{"@type":"ListItem","position":1,"name":"Homepage","item":"https:\/\/blog.holyart.it\/fr\/"},{"@type":"ListItem","position":2,"name":"P\u00e2ques","item":"https:\/\/blog.holyart.it\/fr\/paques\/"},{"@type":"ListItem","position":3,"name":"Rameaux b\u00e9nits \u00e0 P\u00e2ques : les garder ou les jeter ?"}]},{"@type":"WebSite","@id":"https:\/\/blog.holyart.it\/fr\/#website","url":"https:\/\/blog.holyart.it\/fr\/","name":"Holyart.fr Blog","description":"Holyblog","publisher":{"@id":"https:\/\/blog.holyart.it\/fr\/#organization"},"potentialAction":[{"@type":"SearchAction","target":{"@type":"EntryPoint","urlTemplate":"https:\/\/blog.holyart.it\/fr\/?s={search_term_string}"},"query-input":{"@type":"PropertyValueSpecification","valueRequired":true,"valueName":"search_term_string"}}],"inLanguage":"fr-FR"},{"@type":"Organization","@id":"https:\/\/blog.holyart.it\/fr\/#organization","name":"Holyart.fr Blog","url":"https:\/\/blog.holyart.it\/fr\/","logo":{"@type":"ImageObject","inLanguage":"fr-FR","@id":"https:\/\/blog.holyart.it\/fr\/#\/schema\/logo\/image\/","url":"https:\/\/blog.holyart.it\/fr\/wp-content\/uploads\/sites\/14\/2022\/12\/Holyart_Blog_Logo.jpg","contentUrl":"https:\/\/blog.holyart.it\/fr\/wp-content\/uploads\/sites\/14\/2022\/12\/Holyart_Blog_Logo.jpg","width":300,"height":50,"caption":"Holyart.fr Blog"},"image":{"@id":"https:\/\/blog.holyart.it\/fr\/#\/schema\/logo\/image\/"}},{"@type":"Person","@id":"https:\/\/blog.holyart.it\/fr\/#\/schema\/person\/0a7b686e5af0f856ec1e390dd0baecda","name":"Redazione","image":{"@type":"ImageObject","inLanguage":"fr-FR","@id":"https:\/\/blog.holyart.it\/fr\/#\/schema\/person\/image\/","url":"https:\/\/secure.gravatar.com\/avatar\/f477da817f43e50d0af36abecd33e3edf826c68299714bdc1057dff3b113f516?s=96&d=mm&r=g","contentUrl":"https:\/\/secure.gravatar.com\/avatar\/f477da817f43e50d0af36abecd33e3edf826c68299714bdc1057dff3b113f516?s=96&d=mm&r=g","caption":"Redazione"},"url":"https:\/\/blog.holyart.it\/fr\/author\/admin\/"}]}},"_links":{"self":[{"href":"https:\/\/blog.holyart.it\/fr\/wp-json\/wp\/v2\/posts\/1713","targetHints":{"allow":["GET"]}}],"collection":[{"href":"https:\/\/blog.holyart.it\/fr\/wp-json\/wp\/v2\/posts"}],"about":[{"href":"https:\/\/blog.holyart.it\/fr\/wp-json\/wp\/v2\/types\/post"}],"author":[{"embeddable":true,"href":"https:\/\/blog.holyart.it\/fr\/wp-json\/wp\/v2\/users\/1"}],"replies":[{"embeddable":true,"href":"https:\/\/blog.holyart.it\/fr\/wp-json\/wp\/v2\/comments?post=1713"}],"version-history":[{"count":1,"href":"https:\/\/blog.holyart.it\/fr\/wp-json\/wp\/v2\/posts\/1713\/revisions"}],"predecessor-version":[{"id":9856,"href":"https:\/\/blog.holyart.it\/fr\/wp-json\/wp\/v2\/posts\/1713\/revisions\/9856"}],"wp:featuredmedia":[{"embeddable":true,"href":"https:\/\/blog.holyart.it\/fr\/wp-json\/wp\/v2\/media\/1714"}],"wp:attachment":[{"href":"https:\/\/blog.holyart.it\/fr\/wp-json\/wp\/v2\/media?parent=1713"}],"wp:term":[{"taxonomy":"category","embeddable":true,"href":"https:\/\/blog.holyart.it\/fr\/wp-json\/wp\/v2\/categories?post=1713"},{"taxonomy":"post_tag","embeddable":true,"href":"https:\/\/blog.holyart.it\/fr\/wp-json\/wp\/v2\/tags?post=1713"}],"curies":[{"name":"wp","href":"https:\/\/api.w.org\/{rel}","templated":true}]}}