{"id":1695,"date":"2019-06-25T15:44:23","date_gmt":"2019-06-25T13:44:23","guid":{"rendered":"https:\/\/blog.holyart.it\/fr\/?p=1695"},"modified":"2022-10-21T12:02:58","modified_gmt":"2022-10-21T10:02:58","slug":"anniversaire-de-lelection-de-pape-francois","status":"publish","type":"post","link":"https:\/\/blog.holyart.it\/fr\/articles-religieux\/anniversaire-de-lelection-de-pape-francois\/","title":{"rendered":"Anniversaire de l\u2019\u00e9lection de Pape Fran\u00e7ois"},"content":{"rendered":"<h4 style=\"text-align: center;\"><em>La r\u00e9volution pacifique de Pape Fran\u00e7ois. \u00c0 l\u2019occasion du cinqui\u00e8me anniversaire de son \u00e9lection, c\u00e9l\u00e9br\u00e9e il y a peu, d\u00e9couvrons ensemble comment l\u2019\u00e9glise a chang\u00e9 et est en train de changer sous la direction de cet homme sp\u00e9cial.<\/em><\/h4>\n<p><em>\u00ab <\/em><em>Il n\u2019y a rien de plus grand et de plus f\u00e9cond que l\u2019amour<\/em><em> : il <\/em><em>conf\u00e8re \u00e0 la personne toute sa dignit\u00e9, alors que la haine et la vengeance la diminuent, d\u00e9figurant la beaut\u00e9 de la cr\u00e9ature faite \u00e0 l\u2019image de Dieu<\/em><em>.\u00a0\u00a0\u00bb<\/em><\/p>\n<p>Cette phrase a \u00e9t\u00e9 prononc\u00e9e par Pape Fran\u00e7ois \u00e0 l\u2019occasion de l\u2019Ang\u00e9lus du dimanche 24 f\u00e9vrier 2019, Place Saint Pierre. Nous avons choisi d\u2019ouvrir cet article avec cette citation qui veut \u00eatre une comm\u00e9moration de l\u2019\u0153uvre de Jorge Mario Bergoglio, depuis le 13 mars 2013, 266<sup>\u00e8me<\/sup> pape de l\u2019\u00c9glise catholique et \u00e9v\u00eaque de Rome, mais aussi l\u2019espoir que tout ce qu\u2019il a r\u00e9ussi \u00e0 r\u00e9aliser pendant ces derni\u00e8res ann\u00e9es continue \u00e0 animer et \u00e0 inspirer l\u2019\u00c9glise.<\/p>\n<h2>Pape Fran\u00e7ois et l\u2019Amour<\/h2>\n<p>Ce n\u2019est pas un hasard si la phrase que nous avons choisi parle de l\u2019amour. L\u2019<strong>amour<\/strong>, et en particulier l\u2019amour de Dieu pour nous, est au centre de la doctrine de Pape Fran\u00e7ois, qui ne se lasse jamais de r\u00e9p\u00e9ter combien cela est unique et sp\u00e9cial. Le pape parle souvent de ce qu\u2019il appelle \u00ab\u00a0<em>la gratuit\u00e9 du salut<\/em>\u00a0\u00bb. Nous sommes tellement habitu\u00e9s \u00e0 nous sentir dire que J\u00e9sus, Fils de Dieu, est venu sur terre par <strong>amour<\/strong>, pour nous sauver et qu\u2019il est mort pour nous, que pour finir nous nous ne rendons m\u00eame plus compte de l\u2019\u00e9normit\u00e9 de cette r\u00e9v\u00e9lation, comme si nous avons peur d\u2019en prendre conscience. Le Pape nous invite \u00e0 red\u00e9couvrir chaque jour le myst\u00e8re de cet amour sans limites et de l\u2019accueillir avec la merveille qu\u2019il m\u00e9rite.<\/p>\n<p>Mais ce n\u2019est pas tout. Pape Fran\u00e7ois ne perd pas d\u2019occasion pour nous rappeler que le message de J\u00e9sus pour nous \u00e9tait un message d\u2019amour, voire plus, un <strong>exemple d\u2019amour<\/strong>, pour Dieu P\u00e8re, mais aussi pour ses fr\u00e8res et ses s\u0153urs\u00a0: \u00ab\u00a0<em>J\u00e9sus dit\u00a0: \u00ab\u00a0L\u2019amour le plus grand est ceci\u00a0: aimer Dieu avec toute la vie, avec tout le c\u0153ur, avec toute la force, et le prochain comme toi-m\u00eame.\u00a0\u00bb Et ensuite, J\u00e9sus\u00a0ajoute : \u00ab\u00a0Dans ce commandement il y a tous les autres, parce qu\u2019il fait tout le bien, il appelle tous les autres.\u00a0\u00bb <strong>Mais la source est l\u2019amour, l\u2019horizon est l\u2019amour<\/strong>. Si tu as ferm\u00e9 la porte et que tu as emport\u00e9 la cl\u00e9 de l\u2019amour, tu ne seras pas \u00e0 la hauteur de la gratuit\u00e9 du salut que tu as re\u00e7u.<\/em>\u00a0\u00bb<\/p>\n<p>Il n\u2019est donc pas possible de s\u00e9parer la pri\u00e8re, le respect des Commandements, dans un mot, l\u2019amour vers Dieu de l\u2019amour pour le prochain\u00a0: \u00ab\u00a0<em>Sommes-nous capables de reconna\u00eetre dans notre prochain le visage de Dieu\u00a0? Nous ne pouvons pas s\u00e9parer la vie religieuse de notre prochain<\/em>\u00a0\u00bb.<\/p>\n<p>Naturellement l\u2019amour dont Pape Fran\u00e7ois nous parle n\u2019est pas un amour fait uniquement de beaux mots, mais <strong>de faits concrets<\/strong>. \u00ab\u00a0<em>Le v\u00e9ritable amour est concret, il repose sur les faits, c\u2019est un amour constant. Ce n\u2019est pas du simple enthousiasme<\/em>.\u00a0\u00bb<\/p>\n<p><strong>Un Pape humble<\/strong><\/p>\n<p>Un Pape qui parle d\u2019amour, donc, <a href=\"https:\/\/www.holyart.fr\/occasions-speciales\/pape-francois\"><strong>Pape Fran\u00e7ois<\/strong><\/a>. Un pape toujours pr\u00eat \u00e0 l\u2019<strong>humilit\u00e9<\/strong>, \u00e0 se prosterner non seulement devant Dieu, mais aussi devant les hommes. Il suffit de penser \u00e0 la premi\u00e8re fois o\u00f9 il s\u2019est pr\u00e9sent\u00e9 sur la loge vaticane, le 13 mars 2013, pour saluer la foule venue l\u2019acclamer sur Place Saint Pierre, sans porter les insignes d\u2019or, ni l\u2019hermine. Au lieu de b\u00e9nir le peuple, il demanda \u00e0 tous les pr\u00e9sents de le b\u00e9nir, lui\u00a0: \u00ab\u00a0<em>Et maintenant je voudrais donner la b\u00e9n\u00e9diction, mais auparavant, auparavant \u2013 je vous demande une faveur : avant que l&rsquo;Ev\u00eaque b\u00e9nisse le peuple, je vous demande de prier le Seigneur afin qu&rsquo;Il me b\u00e9nisse : la pri\u00e8re du peuple, demandant la B\u00e9n\u00e9diction pour son Ev\u00eaque. Faisons cette pri\u00e8re en silence de vous tous sur moi<\/em>\u00a0\u00bb. Aucun Pape ne s\u2019\u00e9tait jamais adress\u00e9 aux gens avec autant de simplicit\u00e9.<\/p>\n<p><strong>Sur la voie du Bon Pasteur<\/strong><\/p>\n<p>Pape Fran\u00e7ois a ainsi conduit sa r\u00e9volution, avec <strong>humilit\u00e9 et amour<\/strong>, et c\u2019est sur ces m\u00eames bases qu\u2019il a fait avancer son programme apostolique pendant ces cinq derni\u00e8res ann\u00e9es, en faisant devenir chaque foule une famille. L\u2019\u00c9glise qu\u2019il proph\u00e9tise est une <strong>\u00e9glise de sortie<\/strong>, qui va o\u00f9 se trouve l\u2019homme, dans les rues du monde entier.<br \/>\nMais de quelle mani\u00e8re doivent agir les hommes d\u2019\u00e9glise ? Lors de la messe c\u00e9l\u00e9br\u00e9e le lundi 30 octobre 2017 \u00e0 Sainte-Marthe, le Pape a d\u00e9fini cette r\u00e8gle, ce style de vie qui doit venir du coeur, comme du coeur venaient aussi toutes les actions de J\u00e9sus : \u00ab\u00a0<em>J\u00e9sus se pr\u00e9sente toujours ainsi, proche\u00bb. Et \u00abtr\u00e8s souvent il appara\u00eet dans l\u2019Evangile que la proximit\u00e9 vient de ce que J\u00e9sus ressent dans son c\u0153ur: \u201cJ\u00e9sus s\u2019est \u00e9mu\u201d, ressent de la mis\u00e9ricorde, s\u2019approche<\/em>\u00a0\u00bb.<em><br \/>\n<\/em>Pape Fran\u00e7ois indique cinq verbes de proximit\u00e9 v\u00e9cus en premi\u00e8re personne par J\u00e9sus et qui devraient fournir un exemple de vie et de conduite pour les pasteurs, mais en g\u00e9n\u00e9ral, pour tous les hommes : <strong>voir, appeler, parler, toucher et gu\u00e9rir<\/strong>. Les belles paroles ne suffisent pas, il faut agir, toucher du doigt qui est \u00e0 c\u00f4t\u00e9 de nous, surtout s\u2019il souffre. Le bon pasteur doit \u00eatre humble et doux de c\u0153ur, et ne doit pas avoir honte de toucher la chaire bless\u00e9e, il ne peut pas dire\u00a0: \u00ab\u00a0<em>Mais oui, il va bien, oui, je te suis proche avec l\u2019esprit<\/em>\u00a0\u00bb.<\/p>\n<p>Encore de l\u2019amour, donc, et de la proximit\u00e9, de la pr\u00e9sence. Car \u00ab\u00a0<em>un bon pasteur est proche, toujours proche<\/em>\u00a0\u00bb.<\/p>\n<h2>\u00c9tudes th\u00e9ologiques et de communication<\/h2>\n<p>Pape Fran\u00e7ois a instaur\u00e9 sa doctrine d\u2019amour et d\u2019humilit\u00e9 aussi \u00e0 la base d\u2019une profonde r\u00e9forme dans l\u2019<strong>approche des \u00e9tudes th\u00e9ologiques<\/strong>, destin\u00e9es \u00e0 soutenir et \u00e0 favoriser la diffusion de son <strong>\u00e9glise de sortie<\/strong>.<br \/>\nL\u2019enseignement de la th\u00e9ologie et de la doctrine doivent se conformer \u00e0 la modernit\u00e9, aux n\u00e9cessit\u00e9s du monde actuel, tout comme les langages utilis\u00e9s doivent le faire. Ce n\u2019est pas un hasard si Pape Bergoglio a voulu <strong>r\u00e9former \u00e9galement les m\u00e9dias du Vatican<\/strong>, en arrivant \u00e0 promouvoir des initiatives comme le film documentaire \u201cUn selfie avec le Pape\u201d, construit \u00e0 travers des selfies avec le Pape pris par les fid\u00e8les lors de voyages, c\u00e9l\u00e9brations et audiences. Un Pape Pop, comme l\u2019a d\u00e9fini le magazine Rolling Stones.<\/p>\n<p><a href=\"https:\/\/www.holyart.fr\"><strong>Holyart<\/strong><\/a> ne peut que r\u00e9server une place sp\u00e9ciale dans son catalogue pour les articles d\u00e9di\u00e9s \u00e0 Pape Fran\u00e7ois, \u00e0 commencer par les santons de <strong>Saint Joseph endormi<\/strong>. Tout le monde connait en effet la d\u00e9votion particuli\u00e8re que le Pape nourrit pour cette repr\u00e9sentation de Saint Joseph qui dort : \u00ab\u00a0<em>Et sur mon bureau j\u2019ai une image de saint Joseph en train de dormir ; et en dormant il prend soin de l\u2019\u00c9glise ! Oui, il peut le faire, nous le savons. Et quand j\u2019ai un probl\u00e8me, une difficult\u00e9, j\u2019\u00e9cris un billet et je le mets sous saint Joseph, pour qu\u2019il le r\u00eave. Cela veut dire : qu\u2019il prie pour ce probl\u00e8me !<\/em>\u00a0\u00bb, a d\u00e9clar\u00e9 le Pape \u00e0 des nombreuses occasions. Mais il y a \u00e9galement plein d\u2019autres articles d\u00e9votionnels d\u00e9di\u00e9s \u00e0 ce Pape r\u00e9volutionnaire, adapt\u00e9s pour n\u2019importe quelle <a href=\"https:\/\/www.holyart.fr\/occasions-speciales\"><strong>occasion sp\u00e9ciale<\/strong><\/a>, comme par exemple la Premi\u00e8re Communion. Des <a href=\"https:\/\/www.holyart.fr\/articles-religieux\/cadeaux-et-souvenirs-pour-les-occasions-speciales\"><strong>bonbonni\u00e8res<\/strong><\/a>, des bracelets, des <a href=\"https:\/\/www.holyart.fr\/articles-religieux\/chapelets-et-etuis-a-chapelet\/rosaires-de-devotion\"><strong>chapelets<\/strong><\/a>, des tableaux, des porte-cl\u00e9s avec des images du Pape, la <a href=\"https:\/\/www.holyart.fr\/articles-religieux\/bijoux-religieux\/pendentifs-croix-et-broches\/croix-pape-francois-bon-pasteur-argent-800\"><strong>croix papale du Bon Pasteur<\/strong>\u00a0<\/a>: des nombreuses mani\u00e8re pour se rappeler de lui et pour le sentir un peu plus proche chaque jour.<\/p>\n<div class=\"sp-styles-warning\" style=\"width: 450px; background-color: #FFF; color: #F00; border: 1px solid #F00; padding: 10px; font-size: 14px;\">\n\t\t\t<span style=\"font-weight: bold;\">Warning: The stylesheets were not loaded!<\/span> \n\t\t\tYou will need to change the <i>Load stylesheets<\/i> setting from <i>Automatically<\/i> to <i>On homepage<\/i> or <i>On all pages<\/i>. \n\t\t\tYou can set that <a style=\"text-decoration: underline; color: #F00;\" href=\"https:\/\/blog.holyart.it\/fr\/wp-admin\/admin.php?page=sliderpro-settings\">here<\/a>.\n\t\t\t<\/div>\r\n<div id=\"slider-pro-15\" class=\"slider-pro sp-no-js\" style=\"width: 500px; height: 500px;\">\r\n\t<div class=\"sp-slides\">\r\n\t\t\r\n\t\t<div class=\"sp-slide\">\r\n\t\t\t<img loading=\"lazy\" decoding=\"async\" class=\"sp-image\" src=\"https:\/\/blog.holyart.it\/fr\/wp-content\/uploads\/sites\/14\/2019\/06\/Chapelet-et-porte-cl\u00e9-Pape-Fran\u00e7ois.jpg\" alt=\"Chapelet et porte-cl\u00e9 Pape Fran\u00e7ois\" width=\"500\" height=\"500\" \/>\r\n\t\t\t<div class=\"sp-thumbnail\"><img decoding=\"async\" src=\"https:\/\/blog.holyart.it\/fr\/wp-content\/uploads\/sites\/14\/2019\/06\/Chapelet-et-porte-cl\u00e9-Pape-Fran\u00e7ois-150x150.jpg\" \/>\r\n\t\t\t<\/div>\r\n\t\t\t<div class=\"sp-caption\">Chapelet et porte-cl\u00e9 Pape Fran\u00e7ois. Coffret compos\u00e9 de chapelet imitation nacre avec grains de 5 mm et croix du Pape Fran\u00e7ois (2x1,4 cm) et de porte-cl\u00e9 avec croix en m\u00e9tal de Pape Fran\u00e7ois (4x2,4 cm).\nUn set parfait pour un souvenir, un cadeau, une bonbonni\u00e8re de Communion ou Confirmation et toute autre occasion sp\u00e9ciale. \n<br \/><strong><span style=\"color: #0000ff;font-size:18px\"><a style=\"color: #0000ff\" href=\"https:\/\/www.holyart.fr\/occasions-speciales\/premiere-communion-profession-de-foi\/chapelets-et-chapelets-dix-grains\/chapelet-et-porte-cle-pape-francois\">Acheter sur Holyart<\/a><\/span><\/strong><\/div>\r\n\t\t<\/div>\r\n\t\t<div class=\"sp-slide\">\r\n\t\t\t<img loading=\"lazy\" decoding=\"async\" class=\"sp-image\" src=\"https:\/\/blog.holyart.it\/fr\/wp-content\/uploads\/sites\/14\/2019\/06\/Croix-Pape-Fran\u00e7ois.jpg\" alt=\"Croix Pape Fran\u00e7ois\" width=\"500\" height=\"500\" \/>\r\n\t\t\t<div class=\"sp-thumbnail\"><img decoding=\"async\" src=\"https:\/\/blog.holyart.it\/fr\/wp-content\/uploads\/sites\/14\/2019\/06\/Croix-Pape-Fran\u00e7ois-150x150.jpg\" \/>\r\n\t\t\t<\/div>\r\n\t\t<\/div>\r\n\t\t<div class=\"sp-slide\">\r\n\t\t\t<img loading=\"lazy\" decoding=\"async\" class=\"sp-image\" src=\"https:\/\/blog.holyart.it\/fr\/wp-content\/uploads\/sites\/14\/2019\/06\/Saint-Joseph-endormi.jpg\" alt=\"Saint Joseph endormi\" width=\"500\" height=\"500\" \/>\r\n\t\t\t<div class=\"sp-thumbnail\"><img decoding=\"async\" src=\"https:\/\/blog.holyart.it\/fr\/wp-content\/uploads\/sites\/14\/2019\/06\/Saint-Joseph-endormi-150x150.jpg\" \/>\r\n\t\t\t<\/div>\r\n\t\t\t<div class=\"sp-caption\">Saint Joseph endormi Fontanini 17 cm. Santon pour cr\u00e8che r\u00e9alis\u00e9 par l'entreprise Fontanini et peint \u00e0 la main.  \n<br \/><strong><span style=\"color: #0000ff;font-size:18px\"><a style=\"color: #0000ff\" href=\"https:\/\/www.holyart.fr\/noel\/santons-creche\/saint-joseph-endormi-fontanini-17-cm\">Acheter sur Holyart<\/a><\/span><\/strong><\/div>\r\n\t\t<\/div>\r\n\t\t<div class=\"sp-slide\">\r\n\t\t\t<img loading=\"lazy\" decoding=\"async\" class=\"sp-image\" src=\"https:\/\/blog.holyart.it\/fr\/wp-content\/uploads\/sites\/14\/2019\/06\/Bonbonni\u00e8re-Communion-cadre-Pape-Fran\u00e7ois.jpg\" alt=\"Bonbonni\u00e8re Communion cadre Pape Fran\u00e7ois\" width=\"500\" height=\"500\" \/>\r\n\t\t\t<div class=\"sp-thumbnail\"><img decoding=\"async\" src=\"https:\/\/blog.holyart.it\/fr\/wp-content\/uploads\/sites\/14\/2019\/06\/Bonbonni\u00e8re-Communion-cadre-Pape-Fran\u00e7ois-150x150.jpg\" \/>\r\n\t\t\t<\/div>\r\n\t\t\t<div class=\"sp-caption\">Bonbonni\u00e8re Communion cadre Pape Fran\u00e7ois 16,5 cm. Cadre en verre et plaque d'argent, produit enti\u00e8rement en Italie, id\u00e9al pour la Premi\u00e8re Communion avec sa phrase de Pape Fran\u00e7ois en ITALIEN. \n<br \/><strong><span style=\"color: #0000ff;font-size:18px\"><a style=\"color: #0000ff\" href=\"https:\/\/www.holyart.fr\/articles-religieux\/cadeaux-et-souvenirs-pour-les-occasions-speciales\/bonbonniere-communion-cadre-pape-francois-16-5-cm\">Acheter sur Holyart<\/a><\/span><\/strong><\/div>\r\n\t\t<\/div>\r\n\t<\/div>\r\n<\/div>\n","protected":false},"excerpt":{"rendered":"<p>La r\u00e9volution pacifique de Pape Fran\u00e7ois. \u00c0 l\u2019occasion du cinqui\u00e8me anniversaire de son \u00e9lection, c\u00e9l\u00e9br\u00e9e il y a peu, d\u00e9couvrons ensemble comment l\u2019\u00e9glise a chang\u00e9 et est en train de changer sous la direction de cet homme sp\u00e9cial. \u00ab Il n\u2019y a rien de plus&hellip;<\/p>\n","protected":false},"author":1,"featured_media":1696,"comment_status":"closed","ping_status":"open","sticky":false,"template":"","format":"standard","meta":{"_acf_changed":false,"footnotes":""},"categories":[8,7],"tags":[],"class_list":["post-1695","post","type-post","status-publish","format-standard","has-post-thumbnail","hentry","category-articles-religieux","category-saints-et-bienheureux"],"acf":[],"yoast_head":"<!-- This site is optimized with the Yoast SEO plugin v26.6 - https:\/\/yoast.com\/wordpress\/plugins\/seo\/ -->\n<title>Anniversaire de l\u2019\u00e9lection de Pape Fran\u00e7ois - Holyblog.fr<\/title>\n<meta name=\"description\" content=\"La r\u00e9volution pacifique de Pape Fran\u00e7ois. \u00c0 l\u2019occasion du cinqui\u00e8me anniversaire de son \u00e9lection d\u00e9couvrons ensemble comment l\u2019\u00e9glise a chang\u00e9\" \/>\n<meta name=\"robots\" content=\"index, follow, max-snippet:-1, max-image-preview:large, max-video-preview:-1\" \/>\n<link rel=\"canonical\" href=\"https:\/\/blog.holyart.it\/fr\/articles-religieux\/anniversaire-de-lelection-de-pape-francois\/\" \/>\n<meta property=\"og:locale\" content=\"fr_FR\" \/>\n<meta property=\"og:type\" content=\"article\" \/>\n<meta property=\"og:title\" content=\"Anniversaire de l\u2019\u00e9lection de Pape Fran\u00e7ois - Holyblog.fr\" \/>\n<meta property=\"og:description\" content=\"La r\u00e9volution pacifique de Pape Fran\u00e7ois. \u00c0 l\u2019occasion du cinqui\u00e8me anniversaire de son \u00e9lection d\u00e9couvrons ensemble comment l\u2019\u00e9glise a chang\u00e9\" \/>\n<meta property=\"og:url\" content=\"https:\/\/blog.holyart.it\/fr\/articles-religieux\/anniversaire-de-lelection-de-pape-francois\/\" \/>\n<meta property=\"og:site_name\" content=\"Holyart.fr Blog\" \/>\n<meta property=\"article:published_time\" content=\"2019-06-25T13:44:23+00:00\" \/>\n<meta property=\"article:modified_time\" content=\"2022-10-21T10:02:58+00:00\" \/>\n<meta property=\"og:image\" content=\"https:\/\/blog.holyart.it\/fr\/wp-content\/uploads\/sites\/14\/2019\/06\/Pape-Fran\u00e7ois.jpg\" \/>\n\t<meta property=\"og:image:width\" content=\"1000\" \/>\n\t<meta property=\"og:image:height\" content=\"666\" \/>\n\t<meta property=\"og:image:type\" content=\"image\/jpeg\" \/>\n<meta name=\"author\" content=\"Redazione\" \/>\n<meta name=\"twitter:card\" content=\"summary_large_image\" \/>\n<meta name=\"twitter:label1\" content=\"\u00c9crit par\" \/>\n\t<meta name=\"twitter:data1\" content=\"Redazione\" \/>\n\t<meta name=\"twitter:label2\" content=\"Dur\u00e9e de lecture estim\u00e9e\" \/>\n\t<meta name=\"twitter:data2\" content=\"7 minutes\" \/>\n<script type=\"application\/ld+json\" class=\"yoast-schema-graph\">{\"@context\":\"https:\/\/schema.org\",\"@graph\":[{\"@type\":\"Article\",\"@id\":\"https:\/\/blog.holyart.it\/fr\/articles-religieux\/anniversaire-de-lelection-de-pape-francois\/#article\",\"isPartOf\":{\"@id\":\"https:\/\/blog.holyart.it\/fr\/articles-religieux\/anniversaire-de-lelection-de-pape-francois\/\"},\"author\":{\"name\":\"Redazione\",\"@id\":\"https:\/\/blog.holyart.it\/fr\/#\/schema\/person\/0a7b686e5af0f856ec1e390dd0baecda\"},\"headline\":\"Anniversaire de l\u2019\u00e9lection de Pape Fran\u00e7ois\",\"datePublished\":\"2019-06-25T13:44:23+00:00\",\"dateModified\":\"2022-10-21T10:02:58+00:00\",\"mainEntityOfPage\":{\"@id\":\"https:\/\/blog.holyart.it\/fr\/articles-religieux\/anniversaire-de-lelection-de-pape-francois\/\"},\"wordCount\":1406,\"publisher\":{\"@id\":\"https:\/\/blog.holyart.it\/fr\/#organization\"},\"image\":{\"@id\":\"https:\/\/blog.holyart.it\/fr\/articles-religieux\/anniversaire-de-lelection-de-pape-francois\/#primaryimage\"},\"thumbnailUrl\":\"https:\/\/blog.holyart.it\/fr\/wp-content\/uploads\/sites\/14\/2019\/06\/Pape-Fran\u00e7ois.jpg\",\"articleSection\":[\"Religion\",\"Saints et Bienheureux\"],\"inLanguage\":\"fr-FR\"},{\"@type\":\"WebPage\",\"@id\":\"https:\/\/blog.holyart.it\/fr\/articles-religieux\/anniversaire-de-lelection-de-pape-francois\/\",\"url\":\"https:\/\/blog.holyart.it\/fr\/articles-religieux\/anniversaire-de-lelection-de-pape-francois\/\",\"name\":\"Anniversaire de l\u2019\u00e9lection de Pape Fran\u00e7ois - Holyblog.fr\",\"isPartOf\":{\"@id\":\"https:\/\/blog.holyart.it\/fr\/#website\"},\"primaryImageOfPage\":{\"@id\":\"https:\/\/blog.holyart.it\/fr\/articles-religieux\/anniversaire-de-lelection-de-pape-francois\/#primaryimage\"},\"image\":{\"@id\":\"https:\/\/blog.holyart.it\/fr\/articles-religieux\/anniversaire-de-lelection-de-pape-francois\/#primaryimage\"},\"thumbnailUrl\":\"https:\/\/blog.holyart.it\/fr\/wp-content\/uploads\/sites\/14\/2019\/06\/Pape-Fran\u00e7ois.jpg\",\"datePublished\":\"2019-06-25T13:44:23+00:00\",\"dateModified\":\"2022-10-21T10:02:58+00:00\",\"description\":\"La r\u00e9volution pacifique de Pape Fran\u00e7ois. \u00c0 l\u2019occasion du cinqui\u00e8me anniversaire de son \u00e9lection d\u00e9couvrons ensemble comment l\u2019\u00e9glise a chang\u00e9\",\"breadcrumb\":{\"@id\":\"https:\/\/blog.holyart.it\/fr\/articles-religieux\/anniversaire-de-lelection-de-pape-francois\/#breadcrumb\"},\"inLanguage\":\"fr-FR\",\"potentialAction\":[{\"@type\":\"ReadAction\",\"target\":[\"https:\/\/blog.holyart.it\/fr\/articles-religieux\/anniversaire-de-lelection-de-pape-francois\/\"]}]},{\"@type\":\"ImageObject\",\"inLanguage\":\"fr-FR\",\"@id\":\"https:\/\/blog.holyart.it\/fr\/articles-religieux\/anniversaire-de-lelection-de-pape-francois\/#primaryimage\",\"url\":\"https:\/\/blog.holyart.it\/fr\/wp-content\/uploads\/sites\/14\/2019\/06\/Pape-Fran\u00e7ois.jpg\",\"contentUrl\":\"https:\/\/blog.holyart.it\/fr\/wp-content\/uploads\/sites\/14\/2019\/06\/Pape-Fran\u00e7ois.jpg\",\"width\":1000,\"height\":666,\"caption\":\"Pape Fran\u00e7ois\"},{\"@type\":\"BreadcrumbList\",\"@id\":\"https:\/\/blog.holyart.it\/fr\/articles-religieux\/anniversaire-de-lelection-de-pape-francois\/#breadcrumb\",\"itemListElement\":[{\"@type\":\"ListItem\",\"position\":1,\"name\":\"Homepage\",\"item\":\"https:\/\/blog.holyart.it\/fr\/\"},{\"@type\":\"ListItem\",\"position\":2,\"name\":\"Religion\",\"item\":\"https:\/\/blog.holyart.it\/fr\/articles-religieux\/\"},{\"@type\":\"ListItem\",\"position\":3,\"name\":\"Anniversaire de l\u2019\u00e9lection de Pape Fran\u00e7ois\"}]},{\"@type\":\"WebSite\",\"@id\":\"https:\/\/blog.holyart.it\/fr\/#website\",\"url\":\"https:\/\/blog.holyart.it\/fr\/\",\"name\":\"Holyart.fr Blog\",\"description\":\"Holyblog\",\"publisher\":{\"@id\":\"https:\/\/blog.holyart.it\/fr\/#organization\"},\"potentialAction\":[{\"@type\":\"SearchAction\",\"target\":{\"@type\":\"EntryPoint\",\"urlTemplate\":\"https:\/\/blog.holyart.it\/fr\/?s={search_term_string}\"},\"query-input\":{\"@type\":\"PropertyValueSpecification\",\"valueRequired\":true,\"valueName\":\"search_term_string\"}}],\"inLanguage\":\"fr-FR\"},{\"@type\":\"Organization\",\"@id\":\"https:\/\/blog.holyart.it\/fr\/#organization\",\"name\":\"Holyart.fr Blog\",\"url\":\"https:\/\/blog.holyart.it\/fr\/\",\"logo\":{\"@type\":\"ImageObject\",\"inLanguage\":\"fr-FR\",\"@id\":\"https:\/\/blog.holyart.it\/fr\/#\/schema\/logo\/image\/\",\"url\":\"https:\/\/blog.holyart.it\/fr\/wp-content\/uploads\/sites\/14\/2022\/12\/Holyart_Blog_Logo.jpg\",\"contentUrl\":\"https:\/\/blog.holyart.it\/fr\/wp-content\/uploads\/sites\/14\/2022\/12\/Holyart_Blog_Logo.jpg\",\"width\":300,\"height\":50,\"caption\":\"Holyart.fr Blog\"},\"image\":{\"@id\":\"https:\/\/blog.holyart.it\/fr\/#\/schema\/logo\/image\/\"}},{\"@type\":\"Person\",\"@id\":\"https:\/\/blog.holyart.it\/fr\/#\/schema\/person\/0a7b686e5af0f856ec1e390dd0baecda\",\"name\":\"Redazione\",\"image\":{\"@type\":\"ImageObject\",\"inLanguage\":\"fr-FR\",\"@id\":\"https:\/\/blog.holyart.it\/fr\/#\/schema\/person\/image\/\",\"url\":\"https:\/\/secure.gravatar.com\/avatar\/f477da817f43e50d0af36abecd33e3edf826c68299714bdc1057dff3b113f516?s=96&d=mm&r=g\",\"contentUrl\":\"https:\/\/secure.gravatar.com\/avatar\/f477da817f43e50d0af36abecd33e3edf826c68299714bdc1057dff3b113f516?s=96&d=mm&r=g\",\"caption\":\"Redazione\"},\"url\":\"https:\/\/blog.holyart.it\/fr\/author\/admin\/\"}]}<\/script>\n<!-- \/ Yoast SEO plugin. -->","yoast_head_json":{"title":"Anniversaire de l\u2019\u00e9lection de Pape Fran\u00e7ois - Holyblog.fr","description":"La r\u00e9volution pacifique de Pape Fran\u00e7ois. \u00c0 l\u2019occasion du cinqui\u00e8me anniversaire de son \u00e9lection d\u00e9couvrons ensemble comment l\u2019\u00e9glise a chang\u00e9","robots":{"index":"index","follow":"follow","max-snippet":"max-snippet:-1","max-image-preview":"max-image-preview:large","max-video-preview":"max-video-preview:-1"},"canonical":"https:\/\/blog.holyart.it\/fr\/articles-religieux\/anniversaire-de-lelection-de-pape-francois\/","og_locale":"fr_FR","og_type":"article","og_title":"Anniversaire de l\u2019\u00e9lection de Pape Fran\u00e7ois - Holyblog.fr","og_description":"La r\u00e9volution pacifique de Pape Fran\u00e7ois. \u00c0 l\u2019occasion du cinqui\u00e8me anniversaire de son \u00e9lection d\u00e9couvrons ensemble comment l\u2019\u00e9glise a chang\u00e9","og_url":"https:\/\/blog.holyart.it\/fr\/articles-religieux\/anniversaire-de-lelection-de-pape-francois\/","og_site_name":"Holyart.fr Blog","article_published_time":"2019-06-25T13:44:23+00:00","article_modified_time":"2022-10-21T10:02:58+00:00","og_image":[{"width":1000,"height":666,"url":"https:\/\/blog.holyart.it\/fr\/wp-content\/uploads\/sites\/14\/2019\/06\/Pape-Fran\u00e7ois.jpg","type":"image\/jpeg"}],"author":"Redazione","twitter_card":"summary_large_image","twitter_misc":{"\u00c9crit par":"Redazione","Dur\u00e9e de lecture estim\u00e9e":"7 minutes"},"schema":{"@context":"https:\/\/schema.org","@graph":[{"@type":"Article","@id":"https:\/\/blog.holyart.it\/fr\/articles-religieux\/anniversaire-de-lelection-de-pape-francois\/#article","isPartOf":{"@id":"https:\/\/blog.holyart.it\/fr\/articles-religieux\/anniversaire-de-lelection-de-pape-francois\/"},"author":{"name":"Redazione","@id":"https:\/\/blog.holyart.it\/fr\/#\/schema\/person\/0a7b686e5af0f856ec1e390dd0baecda"},"headline":"Anniversaire de l\u2019\u00e9lection de Pape Fran\u00e7ois","datePublished":"2019-06-25T13:44:23+00:00","dateModified":"2022-10-21T10:02:58+00:00","mainEntityOfPage":{"@id":"https:\/\/blog.holyart.it\/fr\/articles-religieux\/anniversaire-de-lelection-de-pape-francois\/"},"wordCount":1406,"publisher":{"@id":"https:\/\/blog.holyart.it\/fr\/#organization"},"image":{"@id":"https:\/\/blog.holyart.it\/fr\/articles-religieux\/anniversaire-de-lelection-de-pape-francois\/#primaryimage"},"thumbnailUrl":"https:\/\/blog.holyart.it\/fr\/wp-content\/uploads\/sites\/14\/2019\/06\/Pape-Fran\u00e7ois.jpg","articleSection":["Religion","Saints et Bienheureux"],"inLanguage":"fr-FR"},{"@type":"WebPage","@id":"https:\/\/blog.holyart.it\/fr\/articles-religieux\/anniversaire-de-lelection-de-pape-francois\/","url":"https:\/\/blog.holyart.it\/fr\/articles-religieux\/anniversaire-de-lelection-de-pape-francois\/","name":"Anniversaire de l\u2019\u00e9lection de Pape Fran\u00e7ois - Holyblog.fr","isPartOf":{"@id":"https:\/\/blog.holyart.it\/fr\/#website"},"primaryImageOfPage":{"@id":"https:\/\/blog.holyart.it\/fr\/articles-religieux\/anniversaire-de-lelection-de-pape-francois\/#primaryimage"},"image":{"@id":"https:\/\/blog.holyart.it\/fr\/articles-religieux\/anniversaire-de-lelection-de-pape-francois\/#primaryimage"},"thumbnailUrl":"https:\/\/blog.holyart.it\/fr\/wp-content\/uploads\/sites\/14\/2019\/06\/Pape-Fran\u00e7ois.jpg","datePublished":"2019-06-25T13:44:23+00:00","dateModified":"2022-10-21T10:02:58+00:00","description":"La r\u00e9volution pacifique de Pape Fran\u00e7ois. \u00c0 l\u2019occasion du cinqui\u00e8me anniversaire de son \u00e9lection d\u00e9couvrons ensemble comment l\u2019\u00e9glise a chang\u00e9","breadcrumb":{"@id":"https:\/\/blog.holyart.it\/fr\/articles-religieux\/anniversaire-de-lelection-de-pape-francois\/#breadcrumb"},"inLanguage":"fr-FR","potentialAction":[{"@type":"ReadAction","target":["https:\/\/blog.holyart.it\/fr\/articles-religieux\/anniversaire-de-lelection-de-pape-francois\/"]}]},{"@type":"ImageObject","inLanguage":"fr-FR","@id":"https:\/\/blog.holyart.it\/fr\/articles-religieux\/anniversaire-de-lelection-de-pape-francois\/#primaryimage","url":"https:\/\/blog.holyart.it\/fr\/wp-content\/uploads\/sites\/14\/2019\/06\/Pape-Fran\u00e7ois.jpg","contentUrl":"https:\/\/blog.holyart.it\/fr\/wp-content\/uploads\/sites\/14\/2019\/06\/Pape-Fran\u00e7ois.jpg","width":1000,"height":666,"caption":"Pape Fran\u00e7ois"},{"@type":"BreadcrumbList","@id":"https:\/\/blog.holyart.it\/fr\/articles-religieux\/anniversaire-de-lelection-de-pape-francois\/#breadcrumb","itemListElement":[{"@type":"ListItem","position":1,"name":"Homepage","item":"https:\/\/blog.holyart.it\/fr\/"},{"@type":"ListItem","position":2,"name":"Religion","item":"https:\/\/blog.holyart.it\/fr\/articles-religieux\/"},{"@type":"ListItem","position":3,"name":"Anniversaire de l\u2019\u00e9lection de Pape Fran\u00e7ois"}]},{"@type":"WebSite","@id":"https:\/\/blog.holyart.it\/fr\/#website","url":"https:\/\/blog.holyart.it\/fr\/","name":"Holyart.fr Blog","description":"Holyblog","publisher":{"@id":"https:\/\/blog.holyart.it\/fr\/#organization"},"potentialAction":[{"@type":"SearchAction","target":{"@type":"EntryPoint","urlTemplate":"https:\/\/blog.holyart.it\/fr\/?s={search_term_string}"},"query-input":{"@type":"PropertyValueSpecification","valueRequired":true,"valueName":"search_term_string"}}],"inLanguage":"fr-FR"},{"@type":"Organization","@id":"https:\/\/blog.holyart.it\/fr\/#organization","name":"Holyart.fr Blog","url":"https:\/\/blog.holyart.it\/fr\/","logo":{"@type":"ImageObject","inLanguage":"fr-FR","@id":"https:\/\/blog.holyart.it\/fr\/#\/schema\/logo\/image\/","url":"https:\/\/blog.holyart.it\/fr\/wp-content\/uploads\/sites\/14\/2022\/12\/Holyart_Blog_Logo.jpg","contentUrl":"https:\/\/blog.holyart.it\/fr\/wp-content\/uploads\/sites\/14\/2022\/12\/Holyart_Blog_Logo.jpg","width":300,"height":50,"caption":"Holyart.fr Blog"},"image":{"@id":"https:\/\/blog.holyart.it\/fr\/#\/schema\/logo\/image\/"}},{"@type":"Person","@id":"https:\/\/blog.holyart.it\/fr\/#\/schema\/person\/0a7b686e5af0f856ec1e390dd0baecda","name":"Redazione","image":{"@type":"ImageObject","inLanguage":"fr-FR","@id":"https:\/\/blog.holyart.it\/fr\/#\/schema\/person\/image\/","url":"https:\/\/secure.gravatar.com\/avatar\/f477da817f43e50d0af36abecd33e3edf826c68299714bdc1057dff3b113f516?s=96&d=mm&r=g","contentUrl":"https:\/\/secure.gravatar.com\/avatar\/f477da817f43e50d0af36abecd33e3edf826c68299714bdc1057dff3b113f516?s=96&d=mm&r=g","caption":"Redazione"},"url":"https:\/\/blog.holyart.it\/fr\/author\/admin\/"}]}},"_links":{"self":[{"href":"https:\/\/blog.holyart.it\/fr\/wp-json\/wp\/v2\/posts\/1695","targetHints":{"allow":["GET"]}}],"collection":[{"href":"https:\/\/blog.holyart.it\/fr\/wp-json\/wp\/v2\/posts"}],"about":[{"href":"https:\/\/blog.holyart.it\/fr\/wp-json\/wp\/v2\/types\/post"}],"author":[{"embeddable":true,"href":"https:\/\/blog.holyart.it\/fr\/wp-json\/wp\/v2\/users\/1"}],"replies":[{"embeddable":true,"href":"https:\/\/blog.holyart.it\/fr\/wp-json\/wp\/v2\/comments?post=1695"}],"version-history":[{"count":0,"href":"https:\/\/blog.holyart.it\/fr\/wp-json\/wp\/v2\/posts\/1695\/revisions"}],"wp:featuredmedia":[{"embeddable":true,"href":"https:\/\/blog.holyart.it\/fr\/wp-json\/wp\/v2\/media\/1696"}],"wp:attachment":[{"href":"https:\/\/blog.holyart.it\/fr\/wp-json\/wp\/v2\/media?parent=1695"}],"wp:term":[{"taxonomy":"category","embeddable":true,"href":"https:\/\/blog.holyart.it\/fr\/wp-json\/wp\/v2\/categories?post=1695"},{"taxonomy":"post_tag","embeddable":true,"href":"https:\/\/blog.holyart.it\/fr\/wp-json\/wp\/v2\/tags?post=1695"}],"curies":[{"name":"wp","href":"https:\/\/api.w.org\/{rel}","templated":true}]}}