{"id":169,"date":"2016-09-21T18:27:10","date_gmt":"2016-09-21T16:27:10","guid":{"rendered":"https:\/\/blog.holyart.it\/fr\/?p=169"},"modified":"2019-03-22T16:55:48","modified_gmt":"2019-03-22T15:55:48","slug":"linges-dautel","status":"publish","type":"post","link":"https:\/\/blog.holyart.it\/fr\/accessoires-pour-la-liturgie\/linges-dautel\/","title":{"rendered":"Linges d\u2019autel"},"content":{"rendered":"<p>Les <strong><a title=\"Linges d\u2019autel\" href=\"http:\/\/www.holyart.fr\/accessoires-pour-la-liturgie\/vetements-liturgiques-et-linges-dautel\">linges d\u2019autel<\/a><\/strong> sont des accessoires fondamentaux pour la c\u00e9l\u00e9bration. En plus de leur utilisation li\u00e9e au <strong>mobilier d\u2019\u00e9glise<\/strong>, ils sont pr\u00e9cieux en tant qu\u2019ornement pour l\u2019autel et pour sa cons\u00e9cration.<\/p>\n<p>D\u2019habitude, le <strong>linge d\u2019autel<\/strong> se compose du <strong>corporal<\/strong> (un linge de forme carr\u00e9 en lin ou en coton amidonn\u00e9 sur lequel est pos\u00e9 le corps du Christ),\u00a0 la <strong>pale<\/strong> (un carr\u00e9 de tissu orn\u00e9 de broderies qui recouvre le calice et la pat\u00e8ne afin de les prot\u00e9ger des poussi\u00e8res, des impuret\u00e9s et des insectes), le <strong>manuterge<\/strong> (utilis\u00e9 par le pr\u00eatre pour se nettoyer les mains pendant la cons\u00e9cration), le <strong>purificatoire<\/strong> (linge avec lequel le pr\u00eatre nettoie le calice \u00e0 la fin de la fonction), des <strong>nappes<\/strong> <strong>d\u2019autel<\/strong> et autres.<\/p>\n<p>Font \u00e9galement partie du <strong>linge d\u2019autel<\/strong> l\u2019<strong>amict<\/strong> (l\u2019ornement liturgique compos\u00e9 d\u2019un rectangle en lin blanc avec deux rubans permettant au pr\u00eatre de le porter et de couvrir ainsi son cou) et le <strong>conop\u00e9e<\/strong> (un grand triangle en tissu pos\u00e9 derri\u00e8re l\u2019autel, suspendu \u00e0 un support en bois ou tenu par des statues, qui est utilis\u00e9 pour couvrir l\u2019autel entre une c\u00e9l\u00e9bration et l\u2019autre).<\/p>\n<p>Ce dernier n\u2019est quasi plus utilis\u00e9, tandis que le linge homonyme pour couvrir le tabernacle l\u2019est toujours.<\/p>\n<p>Les <strong>linges d\u2019autel<\/strong> doivent \u00eatre de qualit\u00e9 en raison de l\u2019usage d\u00e9votionnel dont ils sont l\u2019objet. Dans le pass\u00e9 ils \u00e9taient en lin, en coton ou en chanvre, enrichis de magnifiques broderies. Aujourd\u2019hui, m\u00eame s\u2019il existe des linges d\u2019autel en polyester ou en d\u2019autres tissus synth\u00e9tiques, il est quand m\u00eame fondamental qu\u2019ils soient r\u00e9alis\u00e9s avec soin.<\/p>\n<p>Les <strong>linges d\u2019autel<\/strong> peuvent \u00eatre d\u00e9cor\u00e9s d\u2019un ourlet simple, d\u2019un ourlet \u00e0 jours, d\u2019inserts, de broderies et de dentelles.<\/p>\n<p>Ils sont embellis avec des symboles faisant r\u00e9f\u00e9rence \u00e0 la <strong>liturgie<\/strong>, pouvant s\u2019adapter en fonction des c\u00e9l\u00e9brations ou des f\u00eates en cours. Les th\u00e8mes les plus r\u00e9currents sont la <strong>croix<\/strong>, le <strong>symbole IHS dor\u00e9<\/strong>, les <strong>symboles mariaux<\/strong>, le <strong>calice<\/strong>, le <strong>raisin<\/strong>, les <strong>\u00e9pis<\/strong>, l\u2019<strong>eucharistie<\/strong> et la <strong>colombe<\/strong>.<\/p>\n","protected":false},"excerpt":{"rendered":"<p>Les linges d\u2019autel sont des accessoires fondamentaux pour la c\u00e9l\u00e9bration. En plus de leur utilisation li\u00e9e au mobilier d\u2019\u00e9glise, ils sont pr\u00e9cieux en tant qu\u2019ornement pour l\u2019autel et pour sa cons\u00e9cration. D\u2019habitude, le linge d\u2019autel se compose du corporal (un linge de forme carr\u00e9 en&hellip;<\/p>\n","protected":false},"author":1,"featured_media":170,"comment_status":"closed","ping_status":"open","sticky":false,"template":"","format":"standard","meta":{"_acf_changed":false,"footnotes":""},"categories":[4],"tags":[],"class_list":["post-169","post","type-post","status-publish","format-standard","has-post-thumbnail","hentry","category-accessoires-pour-la-liturgie"],"acf":[],"yoast_head":"<!-- This site is optimized with the Yoast SEO plugin v26.6 - https:\/\/yoast.com\/wordpress\/plugins\/seo\/ -->\n<title>Linges d\u2019autel - Holyart.fr Blog<\/title>\n<meta name=\"description\" content=\"Les linges d\u2019autel sont des accessoires fondamentaux pour la c\u00e9l\u00e9bration. Ils sont pr\u00e9cieux en tant qu\u2019ornement pour l\u2019autel et pour sa cons\u00e9cration.\" \/>\n<meta name=\"robots\" content=\"index, follow, max-snippet:-1, max-image-preview:large, max-video-preview:-1\" \/>\n<link rel=\"canonical\" href=\"https:\/\/blog.holyart.it\/fr\/accessoires-pour-la-liturgie\/linges-dautel\/\" \/>\n<meta property=\"og:locale\" content=\"fr_FR\" \/>\n<meta property=\"og:type\" content=\"article\" \/>\n<meta property=\"og:title\" content=\"Linges d\u2019autel - Holyart.fr Blog\" \/>\n<meta property=\"og:description\" content=\"Les linges d\u2019autel sont des accessoires fondamentaux pour la c\u00e9l\u00e9bration. Ils sont pr\u00e9cieux en tant qu\u2019ornement pour l\u2019autel et pour sa cons\u00e9cration.\" \/>\n<meta property=\"og:url\" content=\"https:\/\/blog.holyart.it\/fr\/accessoires-pour-la-liturgie\/linges-dautel\/\" \/>\n<meta property=\"og:site_name\" content=\"Holyart.fr Blog\" \/>\n<meta property=\"article:published_time\" content=\"2016-09-21T16:27:10+00:00\" \/>\n<meta property=\"article:modified_time\" content=\"2019-03-22T15:55:48+00:00\" \/>\n<meta property=\"og:image\" content=\"https:\/\/blog.holyart.it\/fr\/wp-content\/uploads\/sites\/14\/2016\/10\/Linges-d\u2019autel.jpg\" \/>\n\t<meta property=\"og:image:width\" content=\"750\" \/>\n\t<meta property=\"og:image:height\" content=\"500\" \/>\n\t<meta property=\"og:image:type\" content=\"image\/jpeg\" \/>\n<meta name=\"author\" content=\"Redazione\" \/>\n<meta name=\"twitter:card\" content=\"summary_large_image\" \/>\n<meta name=\"twitter:label1\" content=\"\u00c9crit par\" \/>\n\t<meta name=\"twitter:data1\" content=\"Redazione\" \/>\n\t<meta name=\"twitter:label2\" content=\"Dur\u00e9e de lecture estim\u00e9e\" \/>\n\t<meta name=\"twitter:data2\" content=\"2 minutes\" \/>\n<script type=\"application\/ld+json\" class=\"yoast-schema-graph\">{\"@context\":\"https:\/\/schema.org\",\"@graph\":[{\"@type\":\"Article\",\"@id\":\"https:\/\/blog.holyart.it\/fr\/accessoires-pour-la-liturgie\/linges-dautel\/#article\",\"isPartOf\":{\"@id\":\"https:\/\/blog.holyart.it\/fr\/accessoires-pour-la-liturgie\/linges-dautel\/\"},\"author\":{\"name\":\"Redazione\",\"@id\":\"https:\/\/blog.holyart.it\/fr\/#\/schema\/person\/0a7b686e5af0f856ec1e390dd0baecda\"},\"headline\":\"Linges d\u2019autel\",\"datePublished\":\"2016-09-21T16:27:10+00:00\",\"dateModified\":\"2019-03-22T15:55:48+00:00\",\"mainEntityOfPage\":{\"@id\":\"https:\/\/blog.holyart.it\/fr\/accessoires-pour-la-liturgie\/linges-dautel\/\"},\"wordCount\":383,\"publisher\":{\"@id\":\"https:\/\/blog.holyart.it\/fr\/#organization\"},\"image\":{\"@id\":\"https:\/\/blog.holyart.it\/fr\/accessoires-pour-la-liturgie\/linges-dautel\/#primaryimage\"},\"thumbnailUrl\":\"https:\/\/blog.holyart.it\/fr\/wp-content\/uploads\/sites\/14\/2016\/10\/Linges-d\u2019autel.jpg\",\"articleSection\":[\"Liturgie\"],\"inLanguage\":\"fr-FR\"},{\"@type\":\"WebPage\",\"@id\":\"https:\/\/blog.holyart.it\/fr\/accessoires-pour-la-liturgie\/linges-dautel\/\",\"url\":\"https:\/\/blog.holyart.it\/fr\/accessoires-pour-la-liturgie\/linges-dautel\/\",\"name\":\"Linges d\u2019autel - Holyart.fr Blog\",\"isPartOf\":{\"@id\":\"https:\/\/blog.holyart.it\/fr\/#website\"},\"primaryImageOfPage\":{\"@id\":\"https:\/\/blog.holyart.it\/fr\/accessoires-pour-la-liturgie\/linges-dautel\/#primaryimage\"},\"image\":{\"@id\":\"https:\/\/blog.holyart.it\/fr\/accessoires-pour-la-liturgie\/linges-dautel\/#primaryimage\"},\"thumbnailUrl\":\"https:\/\/blog.holyart.it\/fr\/wp-content\/uploads\/sites\/14\/2016\/10\/Linges-d\u2019autel.jpg\",\"datePublished\":\"2016-09-21T16:27:10+00:00\",\"dateModified\":\"2019-03-22T15:55:48+00:00\",\"description\":\"Les linges d\u2019autel sont des accessoires fondamentaux pour la c\u00e9l\u00e9bration. Ils sont pr\u00e9cieux en tant qu\u2019ornement pour l\u2019autel et pour sa cons\u00e9cration.\",\"breadcrumb\":{\"@id\":\"https:\/\/blog.holyart.it\/fr\/accessoires-pour-la-liturgie\/linges-dautel\/#breadcrumb\"},\"inLanguage\":\"fr-FR\",\"potentialAction\":[{\"@type\":\"ReadAction\",\"target\":[\"https:\/\/blog.holyart.it\/fr\/accessoires-pour-la-liturgie\/linges-dautel\/\"]}]},{\"@type\":\"ImageObject\",\"inLanguage\":\"fr-FR\",\"@id\":\"https:\/\/blog.holyart.it\/fr\/accessoires-pour-la-liturgie\/linges-dautel\/#primaryimage\",\"url\":\"https:\/\/blog.holyart.it\/fr\/wp-content\/uploads\/sites\/14\/2016\/10\/Linges-d\u2019autel.jpg\",\"contentUrl\":\"https:\/\/blog.holyart.it\/fr\/wp-content\/uploads\/sites\/14\/2016\/10\/Linges-d\u2019autel.jpg\",\"width\":750,\"height\":500,\"caption\":\"Linges d\u2019autel\"},{\"@type\":\"BreadcrumbList\",\"@id\":\"https:\/\/blog.holyart.it\/fr\/accessoires-pour-la-liturgie\/linges-dautel\/#breadcrumb\",\"itemListElement\":[{\"@type\":\"ListItem\",\"position\":1,\"name\":\"Homepage\",\"item\":\"https:\/\/blog.holyart.it\/fr\/\"},{\"@type\":\"ListItem\",\"position\":2,\"name\":\"Liturgie\",\"item\":\"https:\/\/blog.holyart.it\/fr\/accessoires-pour-la-liturgie\/\"},{\"@type\":\"ListItem\",\"position\":3,\"name\":\"Linges d\u2019autel\"}]},{\"@type\":\"WebSite\",\"@id\":\"https:\/\/blog.holyart.it\/fr\/#website\",\"url\":\"https:\/\/blog.holyart.it\/fr\/\",\"name\":\"Holyart.fr Blog\",\"description\":\"Holyblog\",\"publisher\":{\"@id\":\"https:\/\/blog.holyart.it\/fr\/#organization\"},\"potentialAction\":[{\"@type\":\"SearchAction\",\"target\":{\"@type\":\"EntryPoint\",\"urlTemplate\":\"https:\/\/blog.holyart.it\/fr\/?s={search_term_string}\"},\"query-input\":{\"@type\":\"PropertyValueSpecification\",\"valueRequired\":true,\"valueName\":\"search_term_string\"}}],\"inLanguage\":\"fr-FR\"},{\"@type\":\"Organization\",\"@id\":\"https:\/\/blog.holyart.it\/fr\/#organization\",\"name\":\"Holyart.fr Blog\",\"url\":\"https:\/\/blog.holyart.it\/fr\/\",\"logo\":{\"@type\":\"ImageObject\",\"inLanguage\":\"fr-FR\",\"@id\":\"https:\/\/blog.holyart.it\/fr\/#\/schema\/logo\/image\/\",\"url\":\"https:\/\/blog.holyart.it\/fr\/wp-content\/uploads\/sites\/14\/2022\/12\/Holyart_Blog_Logo.jpg\",\"contentUrl\":\"https:\/\/blog.holyart.it\/fr\/wp-content\/uploads\/sites\/14\/2022\/12\/Holyart_Blog_Logo.jpg\",\"width\":300,\"height\":50,\"caption\":\"Holyart.fr Blog\"},\"image\":{\"@id\":\"https:\/\/blog.holyart.it\/fr\/#\/schema\/logo\/image\/\"}},{\"@type\":\"Person\",\"@id\":\"https:\/\/blog.holyart.it\/fr\/#\/schema\/person\/0a7b686e5af0f856ec1e390dd0baecda\",\"name\":\"Redazione\",\"image\":{\"@type\":\"ImageObject\",\"inLanguage\":\"fr-FR\",\"@id\":\"https:\/\/blog.holyart.it\/fr\/#\/schema\/person\/image\/\",\"url\":\"https:\/\/secure.gravatar.com\/avatar\/f477da817f43e50d0af36abecd33e3edf826c68299714bdc1057dff3b113f516?s=96&d=mm&r=g\",\"contentUrl\":\"https:\/\/secure.gravatar.com\/avatar\/f477da817f43e50d0af36abecd33e3edf826c68299714bdc1057dff3b113f516?s=96&d=mm&r=g\",\"caption\":\"Redazione\"},\"url\":\"https:\/\/blog.holyart.it\/fr\/author\/admin\/\"}]}<\/script>\n<!-- \/ Yoast SEO plugin. -->","yoast_head_json":{"title":"Linges d\u2019autel - Holyart.fr Blog","description":"Les linges d\u2019autel sont des accessoires fondamentaux pour la c\u00e9l\u00e9bration. Ils sont pr\u00e9cieux en tant qu\u2019ornement pour l\u2019autel et pour sa cons\u00e9cration.","robots":{"index":"index","follow":"follow","max-snippet":"max-snippet:-1","max-image-preview":"max-image-preview:large","max-video-preview":"max-video-preview:-1"},"canonical":"https:\/\/blog.holyart.it\/fr\/accessoires-pour-la-liturgie\/linges-dautel\/","og_locale":"fr_FR","og_type":"article","og_title":"Linges d\u2019autel - Holyart.fr Blog","og_description":"Les linges d\u2019autel sont des accessoires fondamentaux pour la c\u00e9l\u00e9bration. Ils sont pr\u00e9cieux en tant qu\u2019ornement pour l\u2019autel et pour sa cons\u00e9cration.","og_url":"https:\/\/blog.holyart.it\/fr\/accessoires-pour-la-liturgie\/linges-dautel\/","og_site_name":"Holyart.fr Blog","article_published_time":"2016-09-21T16:27:10+00:00","article_modified_time":"2019-03-22T15:55:48+00:00","og_image":[{"width":750,"height":500,"url":"https:\/\/blog.holyart.it\/fr\/wp-content\/uploads\/sites\/14\/2016\/10\/Linges-d\u2019autel.jpg","type":"image\/jpeg"}],"author":"Redazione","twitter_card":"summary_large_image","twitter_misc":{"\u00c9crit par":"Redazione","Dur\u00e9e de lecture estim\u00e9e":"2 minutes"},"schema":{"@context":"https:\/\/schema.org","@graph":[{"@type":"Article","@id":"https:\/\/blog.holyart.it\/fr\/accessoires-pour-la-liturgie\/linges-dautel\/#article","isPartOf":{"@id":"https:\/\/blog.holyart.it\/fr\/accessoires-pour-la-liturgie\/linges-dautel\/"},"author":{"name":"Redazione","@id":"https:\/\/blog.holyart.it\/fr\/#\/schema\/person\/0a7b686e5af0f856ec1e390dd0baecda"},"headline":"Linges d\u2019autel","datePublished":"2016-09-21T16:27:10+00:00","dateModified":"2019-03-22T15:55:48+00:00","mainEntityOfPage":{"@id":"https:\/\/blog.holyart.it\/fr\/accessoires-pour-la-liturgie\/linges-dautel\/"},"wordCount":383,"publisher":{"@id":"https:\/\/blog.holyart.it\/fr\/#organization"},"image":{"@id":"https:\/\/blog.holyart.it\/fr\/accessoires-pour-la-liturgie\/linges-dautel\/#primaryimage"},"thumbnailUrl":"https:\/\/blog.holyart.it\/fr\/wp-content\/uploads\/sites\/14\/2016\/10\/Linges-d\u2019autel.jpg","articleSection":["Liturgie"],"inLanguage":"fr-FR"},{"@type":"WebPage","@id":"https:\/\/blog.holyart.it\/fr\/accessoires-pour-la-liturgie\/linges-dautel\/","url":"https:\/\/blog.holyart.it\/fr\/accessoires-pour-la-liturgie\/linges-dautel\/","name":"Linges d\u2019autel - Holyart.fr Blog","isPartOf":{"@id":"https:\/\/blog.holyart.it\/fr\/#website"},"primaryImageOfPage":{"@id":"https:\/\/blog.holyart.it\/fr\/accessoires-pour-la-liturgie\/linges-dautel\/#primaryimage"},"image":{"@id":"https:\/\/blog.holyart.it\/fr\/accessoires-pour-la-liturgie\/linges-dautel\/#primaryimage"},"thumbnailUrl":"https:\/\/blog.holyart.it\/fr\/wp-content\/uploads\/sites\/14\/2016\/10\/Linges-d\u2019autel.jpg","datePublished":"2016-09-21T16:27:10+00:00","dateModified":"2019-03-22T15:55:48+00:00","description":"Les linges d\u2019autel sont des accessoires fondamentaux pour la c\u00e9l\u00e9bration. Ils sont pr\u00e9cieux en tant qu\u2019ornement pour l\u2019autel et pour sa cons\u00e9cration.","breadcrumb":{"@id":"https:\/\/blog.holyart.it\/fr\/accessoires-pour-la-liturgie\/linges-dautel\/#breadcrumb"},"inLanguage":"fr-FR","potentialAction":[{"@type":"ReadAction","target":["https:\/\/blog.holyart.it\/fr\/accessoires-pour-la-liturgie\/linges-dautel\/"]}]},{"@type":"ImageObject","inLanguage":"fr-FR","@id":"https:\/\/blog.holyart.it\/fr\/accessoires-pour-la-liturgie\/linges-dautel\/#primaryimage","url":"https:\/\/blog.holyart.it\/fr\/wp-content\/uploads\/sites\/14\/2016\/10\/Linges-d\u2019autel.jpg","contentUrl":"https:\/\/blog.holyart.it\/fr\/wp-content\/uploads\/sites\/14\/2016\/10\/Linges-d\u2019autel.jpg","width":750,"height":500,"caption":"Linges d\u2019autel"},{"@type":"BreadcrumbList","@id":"https:\/\/blog.holyart.it\/fr\/accessoires-pour-la-liturgie\/linges-dautel\/#breadcrumb","itemListElement":[{"@type":"ListItem","position":1,"name":"Homepage","item":"https:\/\/blog.holyart.it\/fr\/"},{"@type":"ListItem","position":2,"name":"Liturgie","item":"https:\/\/blog.holyart.it\/fr\/accessoires-pour-la-liturgie\/"},{"@type":"ListItem","position":3,"name":"Linges d\u2019autel"}]},{"@type":"WebSite","@id":"https:\/\/blog.holyart.it\/fr\/#website","url":"https:\/\/blog.holyart.it\/fr\/","name":"Holyart.fr Blog","description":"Holyblog","publisher":{"@id":"https:\/\/blog.holyart.it\/fr\/#organization"},"potentialAction":[{"@type":"SearchAction","target":{"@type":"EntryPoint","urlTemplate":"https:\/\/blog.holyart.it\/fr\/?s={search_term_string}"},"query-input":{"@type":"PropertyValueSpecification","valueRequired":true,"valueName":"search_term_string"}}],"inLanguage":"fr-FR"},{"@type":"Organization","@id":"https:\/\/blog.holyart.it\/fr\/#organization","name":"Holyart.fr Blog","url":"https:\/\/blog.holyart.it\/fr\/","logo":{"@type":"ImageObject","inLanguage":"fr-FR","@id":"https:\/\/blog.holyart.it\/fr\/#\/schema\/logo\/image\/","url":"https:\/\/blog.holyart.it\/fr\/wp-content\/uploads\/sites\/14\/2022\/12\/Holyart_Blog_Logo.jpg","contentUrl":"https:\/\/blog.holyart.it\/fr\/wp-content\/uploads\/sites\/14\/2022\/12\/Holyart_Blog_Logo.jpg","width":300,"height":50,"caption":"Holyart.fr Blog"},"image":{"@id":"https:\/\/blog.holyart.it\/fr\/#\/schema\/logo\/image\/"}},{"@type":"Person","@id":"https:\/\/blog.holyart.it\/fr\/#\/schema\/person\/0a7b686e5af0f856ec1e390dd0baecda","name":"Redazione","image":{"@type":"ImageObject","inLanguage":"fr-FR","@id":"https:\/\/blog.holyart.it\/fr\/#\/schema\/person\/image\/","url":"https:\/\/secure.gravatar.com\/avatar\/f477da817f43e50d0af36abecd33e3edf826c68299714bdc1057dff3b113f516?s=96&d=mm&r=g","contentUrl":"https:\/\/secure.gravatar.com\/avatar\/f477da817f43e50d0af36abecd33e3edf826c68299714bdc1057dff3b113f516?s=96&d=mm&r=g","caption":"Redazione"},"url":"https:\/\/blog.holyart.it\/fr\/author\/admin\/"}]}},"_links":{"self":[{"href":"https:\/\/blog.holyart.it\/fr\/wp-json\/wp\/v2\/posts\/169","targetHints":{"allow":["GET"]}}],"collection":[{"href":"https:\/\/blog.holyart.it\/fr\/wp-json\/wp\/v2\/posts"}],"about":[{"href":"https:\/\/blog.holyart.it\/fr\/wp-json\/wp\/v2\/types\/post"}],"author":[{"embeddable":true,"href":"https:\/\/blog.holyart.it\/fr\/wp-json\/wp\/v2\/users\/1"}],"replies":[{"embeddable":true,"href":"https:\/\/blog.holyart.it\/fr\/wp-json\/wp\/v2\/comments?post=169"}],"version-history":[{"count":0,"href":"https:\/\/blog.holyart.it\/fr\/wp-json\/wp\/v2\/posts\/169\/revisions"}],"wp:featuredmedia":[{"embeddable":true,"href":"https:\/\/blog.holyart.it\/fr\/wp-json\/wp\/v2\/media\/170"}],"wp:attachment":[{"href":"https:\/\/blog.holyart.it\/fr\/wp-json\/wp\/v2\/media?parent=169"}],"wp:term":[{"taxonomy":"category","embeddable":true,"href":"https:\/\/blog.holyart.it\/fr\/wp-json\/wp\/v2\/categories?post=169"},{"taxonomy":"post_tag","embeddable":true,"href":"https:\/\/blog.holyart.it\/fr\/wp-json\/wp\/v2\/tags?post=169"}],"curies":[{"name":"wp","href":"https:\/\/api.w.org\/{rel}","templated":true}]}}