{"id":1636,"date":"2019-06-04T16:03:03","date_gmt":"2019-06-04T14:03:03","guid":{"rendered":"https:\/\/blog.holyart.it\/fr\/?p=1636"},"modified":"2022-10-13T17:46:45","modified_gmt":"2022-10-13T15:46:45","slug":"les-chaussures-du-clerge-pieds-confortables-sur-le-chemin-de-la-foi","status":"publish","type":"post","link":"https:\/\/blog.holyart.it\/fr\/articles-religieux\/les-chaussures-du-clerge-pieds-confortables-sur-le-chemin-de-la-foi\/","title":{"rendered":"Les chaussures du clerg\u00e9 : pieds confortables sur le chemin de la foi"},"content":{"rendered":"<h4 style=\"text-align: center;\">Pr\u00eatres et fr\u00e8res sont facilement identifiables par les habits religieux qu\u2019ils portent, la chemise de pr\u00eatre ou l\u2019habit de fr\u00e8re.<\/h4>\n<p>Les <a href=\"https:\/\/www.holyart.fr\/accessoires-pour-la-liturgie\/habits-clerge\"><strong>v\u00eatements eccl\u00e9siastiques<\/strong><\/a> ont leurs r\u00e8gles et leur signification, mais les chaussures du clerg\u00e9 sont tout aussi importantes. D\u00e9couvrons ensemble quelques informations suppl\u00e9mentaires \u00e0 ce sujet.<\/p>\n<p>Un article d\u00e9di\u00e9 aux chaussures du clerg\u00e9 peut sembler insolite, mais il ne l\u2019est pas. Nous ne sommes surement pas ici pour parler de monde, mais plut\u00f4t d\u2019un style de vie adopt\u00e9 par des hommes qui ont choisi une existence vou\u00e9e \u00e0 la Foi et, avec elle, \u00e0 la simplicit\u00e9 et \u00e0 la frugalit\u00e9. Ces hommes doivent n\u00e9anmoins marcher pour pouvoir amener le message de Christ dans le monde, pour pouvoir aider les fid\u00e8les qui regardent vers eux comme \u00a0des points de r\u00e9f\u00e9rence. Nous ne devons donc pas sous-estimer l\u2019importance de ce qu\u2019ils portent aux pieds et qui, pour finir, est tout aussi important que les habits eccl\u00e9siastiques.<\/p>\n<figure id=\"attachment_1639\" aria-describedby=\"caption-attachment-1639\" style=\"width: 300px\" class=\"wp-caption alignleft\"><img loading=\"lazy\" decoding=\"async\" class=\"alignleft size-medium wp-image-1639\" src=\"https:\/\/blog.holyart.it\/fr\/wp-content\/uploads\/sites\/14\/2019\/06\/ora-et-labora-fr-300x200.jpg\" alt=\"ora et labora fr\" width=\"300\" height=\"300\" \/><figcaption id=\"caption-attachment-1639\" class=\"wp-caption-text\"><center><strong><a href=\"https:\/\/www.holyart.fr\/blog\/articles-religieux\/pretre-frere-moine\/\">Pr\u00eatre, fr\u00e8re et moine : trois termes que l\u2019on confond souvent<\/a><\/strong><br \/><a href=\"https:\/\/www.holyart.fr\/blog\/articles-religieux\/pretre-frere-moine\/\"><button class=\"bottoneacquista\" style=\"vertical-align: middle;\">Acheter sur Holyart<\/button><\/a><\/center><\/figcaption><\/figure>\n<p>&nbsp;<\/p>\n<p>Nous avons d\u00e9j\u00e0 soulign\u00e9 dans le pass\u00e9 combien les concepts de simplicit\u00e9 et de pauvret\u00e9 \u00e9taient importants pour ceux qui embrassent la vie religieuse. En particuliers, nous nous sommes attard\u00e9s sur les diff\u00e9rences entre pr\u00eatre, fr\u00e8re et moine, trois termes qui sont souvent confondus l\u2019un avec l\u2019autre. Des moines nous avons d\u00e9j\u00e0 \u00e9crit qu\u2019il s\u2019agissait d\u2019hommes lass\u00e9s de la violence et du mal de leur temps, qui choisissaient de chercher du r\u00e9confort dans la foi en adoptant un style de vie asc\u00e9tique et solitaire, en se d\u00e9diant exclusivement \u00e0 la pri\u00e8re et \u00e0 la vie contemplative. En ce qui concerne les fr\u00e8res, par contre, d\u00e8s le d\u00e9but, ils d\u00e9di\u00e8rent leur existence \u00e0 l\u2019imitation de la vie de J\u00e9sus, en vivant dans la <strong>pauvret\u00e9<\/strong>, la <strong>chastet\u00e9<\/strong> et l\u2019<strong>ob\u00e9issance<\/strong>.<\/p>\n<p>La Pauvret\u00e9, en particulier, \u00e9tait la premi\u00e8re obligation qui s\u2019imposait \u00e0 qui voulait devenir fr\u00e8re et avec elle le renoncement \u00e0 toute propri\u00e9t\u00e9. Les fr\u00e8res vivaient comme des fr\u00e8res de sang, sustent\u00e9s uniquement par l\u2019aum\u00f4ne et les offres recueillies gr\u00e2ce \u00e0 la qu\u00eate, dans un climat de fraternit\u00e9 et de communion entre eux et avec les personnes qui les aidaient. Pensons aux franciscains ou aux capucins et \u00e0 leur choix de conduire une <strong>vie simple et pauvre<\/strong>, vou\u00e9e \u00e0 la contemplation, \u00e0 la pri\u00e8re et \u00e0 la pr\u00e9dication de la Parole de Dieu.<\/p>\n<p>Au style de vie pauvre et humble des moines s\u2019accompagnaient des <strong>v\u00eatements sobres<\/strong>, avec des habits simples et uniquement des sandales pour prot\u00e9ger les pieds, et cela est encore le cas aujourd\u2019hui pour les fr\u00e8res modernes.<\/p>\n<p>L&rsquo;Ordre d\u2019appartenance (franciscain, b\u00e9n\u00e9dictin, etc.) d\u00e9termine les <strong>diff\u00e9rences d\u2019habillement<\/strong>. En g\u00e9n\u00e9ral, les habits eccl\u00e9siastiques pr\u00e9voient une aube jusqu\u2019aux chevilles, de couleur diff\u00e9rente selon l\u2019institut d\u2019appartenance, du noir au blanc et au marron, mais aussi du bleu fonc\u00e9, du gris ou du bleu clair. Les b\u00e9n\u00e9dictins, les dominicains et les augustiniens serrent leur habit \u00e0 la taille avec une ceinture en cuire, tandis que les j\u00e9suites et les chartreux en utilisent une en tissu.<\/p>\n<figure id=\"attachment_1640\" aria-describedby=\"caption-attachment-1640\" style=\"width: 300px\" class=\"wp-caption alignright\"><img loading=\"lazy\" decoding=\"async\" class=\"alignright size-medium wp-image-1640\" src=\"https:\/\/blog.holyart.it\/fr\/wp-content\/uploads\/sites\/14\/2019\/06\/V\u00eatements-liturgique-300x300.jpg\" alt=\"V\u00eatements liturgique\" width=\"300\" height=\"300\" \/><figcaption id=\"caption-attachment-1640\" class=\"wp-caption-text\"><center><strong><a href=\"https:\/\/www.holyart.fr\/accessoires-pour-la-liturgie\/vetements-liturgiques-et-linges-dautel\">D\u00e9couvrez notre categorie de V\u00eatements liturgiques et linges d&rsquo;autel<\/a><\/strong><br \/><a href=\"https:\/\/www.holyart.fr\/accessoires-pour-la-liturgie\/vetements-liturgiques-et-linges-dautel\"><button class=\"bottoneacquista\" style=\"vertical-align: middle;\">Acheter sur Holyart<\/button><\/a><\/center><\/figcaption><\/figure>\n<p>Les <strong>v\u00eatements des franciscains<\/strong> sont particuli\u00e8rement caract\u00e9ristiques. Les franciscains portent les typiques habits marrons serr\u00e9s \u00e0 la taille avec un cordon \u00e0 trois n\u0153uds, repr\u00e9sentant la Pauvret\u00e9, la Chastet\u00e9 et l\u2019Ob\u00e9issance, les trois r\u00e8gles de l\u2019Ordre. Aux pieds, ils portent des sandales ouvertes. Le choix d\u2019un habit marron d\u00e9rive du fait que, \u00e0 l\u2019origine, les habits des pauvres n\u2019\u00e9taient pas teints et maintenaient la couleur de la laine brute avec laquelle ils \u00e9taient fabriqu\u00e9s. Marron donc, ou gris. C\u2019\u00e9tait \u00e9galement la couleur de la terre, port\u00e9e par les agriculteurs et par ceux qui travaillaient dur. Il faut \u00e9galement garder \u00e0 l\u2019esprit que, au d\u00e9but, les fr\u00e8res franciscains passaient beaucoup de temps \u00e0 voyager et \u00e0 apporter r\u00e9confort et secours aux n\u00e9cessiteux. Les habits marrons ou gris \u00e9taient plus difficiles \u00e0 salir, m\u00eame s\u2019ils \u00e9taient oblig\u00e9s \u00e0 dormir en plein air. \u00a0Fran\u00e7ois choisit pour lui et pour ses fr\u00e8res une aube la plus simple possible et en forme de croix. Il la choisit r\u00eache afin de mortifier la chair et moche afin que personne, en la voyant, ne puisse leur envier. Il renon\u00e7a \u00e0 la ceinture en pr\u00e9f\u00e9rant une corde, pour \u00eatre le plus proche possible de J\u00e9sus et de ses disciples.<\/p>\n<p>Les <a href=\"https:\/\/www.holyart.fr\/blog\/saints-et-bienheureux\/padre-pio-lordre-freres-mineurs-capucins\/\"><strong>franciscains capucins<\/strong><\/a> aussi, comme Padre Pio, serrent leur aube \u00e0 la taille avec une corde et sont en outre caract\u00e9ris\u00e9s par une barbe longue et n\u00e9glig\u00e9e et un habit marron clair avec une grande capuche sur les \u00e9paules. Dans certains cas, au-dessus de la tunique, ils portent un scapulaire (par exemple pour les carm\u00e9litains, les chartreux, les b\u00e9n\u00e9dictins), une capuche, typique des ordres monastiques et mendiants, et une cape. Aujourd\u2019hui, toutefois, des nombreux hommes de foi pr\u00e9f\u00e8rent porter chaque jour un habit religieux plus simple. Si nous pensons \u00e0 des habits de pr\u00eatre ou \u00e0 une aube pour pr\u00eatre, les premi\u00e8res images qui nous viennent \u00e0 l\u2019esprit sont celles d\u2019une chemise clergyman ou, tout au plus, \u00e0 une soutane.<\/p>\n<p>Mais venons en aux <strong>sandales<\/strong>.<\/p>\n<figure id=\"attachment_1641\" aria-describedby=\"caption-attachment-1641\" style=\"width: 300px\" class=\"wp-caption alignleft\"><img loading=\"lazy\" decoding=\"async\" class=\"alignleft size-medium wp-image-1641\" src=\"https:\/\/blog.holyart.it\/fr\/wp-content\/uploads\/sites\/14\/2019\/06\/Sandales-franciscaines-mod.-Sinaia-cuir-Moines-de-Bethl\u00e9em-300x300.jpg\" alt=\"Sandales franciscaines mod. Sinaia cuir Moines de Bethl\u00e9em\" width=\"300\" height=\"300\" \/><figcaption id=\"caption-attachment-1641\" class=\"wp-caption-text\"><center><strong><a href=\"https:\/\/www.holyart.fr\/accessoires-pour-la-liturgie\/habits-clerge\/chaussures-pour-religieux\/sandales-franciscaines-mod.-sinaia-cuir-moines-de-bethleem\">Sandales franciscaines mod. Sinaia cuir Moines de Bethl\u00e9em<\/a><\/strong><br \/><a href=\"https:\/\/www.holyart.fr\/accessoires-pour-la-liturgie\/habits-clerge\/chaussures-pour-religieux\/sandales-franciscaines-mod.-sinaia-cuir-moines-de-bethleem\"><button class=\"bottoneacquista\" style=\"vertical-align: middle;\">Acheter sur Holyart<\/button><\/a><\/center><\/figcaption><\/figure>\n<p>Les sandales sont probablement les premi\u00e8res chaussures invent\u00e9es par l\u2019homme. D\u00e8s la Pr\u00e9histoire, en effet, l\u2019homme prot\u00e9geait ses pieds avec des feuilles et fibres v\u00e9g\u00e9tales, et de ces protections rudimentaires d\u00e9riv\u00e8rent les premi\u00e8res sandales. Quasi quatre mille ans avant la naissance de J\u00e9sus, les \u00c9gyptiens fabriquaient des sandales avec des feuilles de papyrus tress\u00e9es. En Gr\u00e8ce, on les r\u00e9alisait en cuir, avec une semelle et des bandes pour les attacher aux pieds, et on faisait ainsi \u00e0 Rome aussi. Mais les sandales, chaussures simples et humbles par excellence, furent choisies par les Ordres mendiants comme composante fondamentale de leur tenue sobre. Il s\u2019agissait de sandales tr\u00e8s grossi\u00e8res, avec de simples semelles en cuir ou m\u00eame en bois, lac\u00e9es aux pieds avec des bandes en cuir. Saint Fran\u00e7ois pr\u00e9f\u00e9rait marcher pieds nus, mais tous ses fr\u00e8res, toujours en voyage sur des routes impraticables, n\u2019arrivaient pas \u00e0 d\u00e9montrer la m\u00eame r\u00e9sistance. Il \u00e9tait vraiment difficile de toujours renoncer \u00e0 prot\u00e9ger ses pieds du froid et des asp\u00e9rit\u00e9s du terrain. Il fut donc conc\u00e9d\u00e9 \u00e0 qui voulait entrer dans l\u2019Ordre, mais n\u2019arrivait vraiment pas \u00e0 marcher pieds nus, de porter des sandales tr\u00e8s tr\u00e8s simples. Depuis lors, les sandales sont rest\u00e9es les chaussures par excellence pour les fr\u00e8res, les seules tol\u00e9r\u00e9es en alternative aux pieds nus, en tant que symbole de mortification et de volont\u00e9 d\u2019adh\u00e9rer le plus possible aux choix existentiels de Notre Seigneur, \u00e0 une vie humble fond\u00e9e sur la pauvret\u00e9 et le sacrifice.<\/p>\n<p>&nbsp;<\/p>\n<p>&nbsp;<\/p>\n<p>&nbsp;<\/p>\n<p>En ce qui concerne les <a href=\"https:\/\/www.holyart.fr\/accessoires-pour-la-liturgie\/habits-clerge\/chaussures-pour-religieux\"><strong>chaussures du clerg\u00e9<\/strong><\/a>, le catalogue Holyart offre une vaste gamme de chaussures et de sandales. En particuliers, les <strong>chaussures<\/strong> Holyart sont fabriqu\u00e9es en cuir v\u00e9ritable, produites en Italie par une entreprise sp\u00e9cialis\u00e9e dans l\u2019habillement et les chaussures pour pr\u00eatres et clerg\u00e9. Les chaussures sont r\u00e9alis\u00e9es avec soin et pr\u00e9cision, avec une attention maximale au traitement et \u00e0 la manipulation du cuir, en maintenant ainsi intactes toutes ses propri\u00e9t\u00e9s.<\/p>\n<figure id=\"attachment_1642\" aria-describedby=\"caption-attachment-1642\" style=\"width: 300px\" class=\"wp-caption alignright\"><img loading=\"lazy\" decoding=\"async\" class=\"alignright size-medium wp-image-1642\" src=\"https:\/\/blog.holyart.it\/fr\/wp-content\/uploads\/sites\/14\/2019\/06\/Chaussures-cuir-v\u00e9ritable-de-veau-noir-300x300.jpg\" alt=\"Chaussures cuir v\u00e9ritable \" width=\"300\" height=\"300\" \/><figcaption id=\"caption-attachment-1642\" class=\"wp-caption-text\"><center><strong><a href=\"https:\/\/www.holyart.fr\/accessoires-pour-la-liturgie\/habits-clerge\/chaussures-pour-religieux\/chaussures-cuir-veritable-de-veau-noir\">Chaussures cuir v\u00e9ritable de veau noir<\/a><\/strong><br \/><a href=\"https:\/\/www.holyart.fr\/accessoires-pour-la-liturgie\/habits-clerge\/chaussures-pour-religieux\/chaussures-cuir-veritable-de-veau-noir\"><button class=\"bottoneacquista\" style=\"vertical-align: middle;\">Acheter sur Holyart<\/button><\/a><\/center><\/figcaption><\/figure>\n<p>Les <strong>sandales franciscaines et b\u00e9n\u00e9dictines<\/strong> Holyart sont r\u00e9alis\u00e9es \u00e0 la main par les Moines de l\u2019Atelier de l\u2019\u00c9toile dans le monast\u00e8re de Bethl\u00e9em (France). Il s\u2019agit de produits d\u2019une grande valeur et d\u2019une tr\u00e8s haute qualit\u00e9, fabriqu\u00e9s en cuir v\u00e9ritable. Ce dernier est travaill\u00e9 \u00e0 la main et fa\u00e7onn\u00e9. La semelle est ensuite cousue garantissant un produit 100% artisanal.<\/p>\n","protected":false},"excerpt":{"rendered":"<p>Pr\u00eatres et fr\u00e8res sont facilement identifiables par les habits religieux qu\u2019ils portent, la chemise de pr\u00eatre ou l\u2019habit de fr\u00e8re. Les v\u00eatements eccl\u00e9siastiques ont leurs r\u00e8gles et leur signification, mais les chaussures du clerg\u00e9 sont tout aussi importantes. D\u00e9couvrons ensemble quelques informations suppl\u00e9mentaires \u00e0 ce&hellip;<\/p>\n","protected":false},"author":1,"featured_media":1637,"comment_status":"closed","ping_status":"open","sticky":false,"template":"","format":"standard","meta":{"_acf_changed":false,"footnotes":""},"categories":[11,8],"tags":[],"class_list":["post-1636","post","type-post","status-publish","format-standard","has-post-thumbnail","hentry","category-monasteres","category-articles-religieux"],"acf":[],"yoast_head":"<!-- This site is optimized with the Yoast SEO plugin v26.6 - https:\/\/yoast.com\/wordpress\/plugins\/seo\/ -->\n<title>Les chaussures du clerg\u00e9: pieds confortables sur le chemin<\/title>\n<meta name=\"description\" content=\"Pr\u00eatres et fr\u00e8res sont facilement identifiables par les habits religieux qu\u2019ils portent, la chemise de pr\u00eatre ou l\u2019habit de fr\u00e8re.\" \/>\n<meta name=\"robots\" content=\"index, follow, max-snippet:-1, max-image-preview:large, max-video-preview:-1\" \/>\n<link rel=\"canonical\" href=\"https:\/\/blog.holyart.it\/fr\/articles-religieux\/les-chaussures-du-clerge-pieds-confortables-sur-le-chemin-de-la-foi\/\" \/>\n<meta property=\"og:locale\" content=\"fr_FR\" \/>\n<meta property=\"og:type\" content=\"article\" \/>\n<meta property=\"og:title\" content=\"Les chaussures du clerg\u00e9: pieds confortables sur le chemin\" \/>\n<meta property=\"og:description\" content=\"Pr\u00eatres et fr\u00e8res sont facilement identifiables par les habits religieux qu\u2019ils portent, la chemise de pr\u00eatre ou l\u2019habit de fr\u00e8re.\" \/>\n<meta property=\"og:url\" content=\"https:\/\/blog.holyart.it\/fr\/articles-religieux\/les-chaussures-du-clerge-pieds-confortables-sur-le-chemin-de-la-foi\/\" \/>\n<meta property=\"og:site_name\" content=\"Holyart.fr Blog\" \/>\n<meta property=\"article:published_time\" content=\"2019-06-04T14:03:03+00:00\" \/>\n<meta property=\"article:modified_time\" content=\"2022-10-13T15:46:45+00:00\" \/>\n<meta property=\"og:image\" content=\"https:\/\/blog.holyart.it\/fr\/wp-content\/uploads\/sites\/14\/2019\/06\/Les-chaussures-du-clerg\u00e9.png\" \/>\n\t<meta property=\"og:image:width\" content=\"760\" \/>\n\t<meta property=\"og:image:height\" content=\"400\" \/>\n\t<meta property=\"og:image:type\" content=\"image\/png\" \/>\n<meta name=\"author\" content=\"Redazione\" \/>\n<meta name=\"twitter:card\" content=\"summary_large_image\" \/>\n<meta name=\"twitter:label1\" content=\"\u00c9crit par\" \/>\n\t<meta name=\"twitter:data1\" content=\"Redazione\" \/>\n\t<meta name=\"twitter:label2\" content=\"Dur\u00e9e de lecture estim\u00e9e\" \/>\n\t<meta name=\"twitter:data2\" content=\"7 minutes\" \/>\n<script type=\"application\/ld+json\" class=\"yoast-schema-graph\">{\"@context\":\"https:\/\/schema.org\",\"@graph\":[{\"@type\":\"Article\",\"@id\":\"https:\/\/blog.holyart.it\/fr\/articles-religieux\/les-chaussures-du-clerge-pieds-confortables-sur-le-chemin-de-la-foi\/#article\",\"isPartOf\":{\"@id\":\"https:\/\/blog.holyart.it\/fr\/articles-religieux\/les-chaussures-du-clerge-pieds-confortables-sur-le-chemin-de-la-foi\/\"},\"author\":{\"name\":\"Redazione\",\"@id\":\"https:\/\/blog.holyart.it\/fr\/#\/schema\/person\/0a7b686e5af0f856ec1e390dd0baecda\"},\"headline\":\"Les chaussures du clerg\u00e9 : pieds confortables sur le chemin de la foi\",\"datePublished\":\"2019-06-04T14:03:03+00:00\",\"dateModified\":\"2022-10-13T15:46:45+00:00\",\"mainEntityOfPage\":{\"@id\":\"https:\/\/blog.holyart.it\/fr\/articles-religieux\/les-chaussures-du-clerge-pieds-confortables-sur-le-chemin-de-la-foi\/\"},\"wordCount\":1442,\"publisher\":{\"@id\":\"https:\/\/blog.holyart.it\/fr\/#organization\"},\"image\":{\"@id\":\"https:\/\/blog.holyart.it\/fr\/articles-religieux\/les-chaussures-du-clerge-pieds-confortables-sur-le-chemin-de-la-foi\/#primaryimage\"},\"thumbnailUrl\":\"https:\/\/blog.holyart.it\/fr\/wp-content\/uploads\/sites\/14\/2019\/06\/Les-chaussures-du-clerg\u00e9.png\",\"articleSection\":[\"Monast\u00e8res et confr\u00e9ries\",\"Religion\"],\"inLanguage\":\"fr-FR\"},{\"@type\":\"WebPage\",\"@id\":\"https:\/\/blog.holyart.it\/fr\/articles-religieux\/les-chaussures-du-clerge-pieds-confortables-sur-le-chemin-de-la-foi\/\",\"url\":\"https:\/\/blog.holyart.it\/fr\/articles-religieux\/les-chaussures-du-clerge-pieds-confortables-sur-le-chemin-de-la-foi\/\",\"name\":\"Les chaussures du clerg\u00e9: pieds confortables sur le chemin\",\"isPartOf\":{\"@id\":\"https:\/\/blog.holyart.it\/fr\/#website\"},\"primaryImageOfPage\":{\"@id\":\"https:\/\/blog.holyart.it\/fr\/articles-religieux\/les-chaussures-du-clerge-pieds-confortables-sur-le-chemin-de-la-foi\/#primaryimage\"},\"image\":{\"@id\":\"https:\/\/blog.holyart.it\/fr\/articles-religieux\/les-chaussures-du-clerge-pieds-confortables-sur-le-chemin-de-la-foi\/#primaryimage\"},\"thumbnailUrl\":\"https:\/\/blog.holyart.it\/fr\/wp-content\/uploads\/sites\/14\/2019\/06\/Les-chaussures-du-clerg\u00e9.png\",\"datePublished\":\"2019-06-04T14:03:03+00:00\",\"dateModified\":\"2022-10-13T15:46:45+00:00\",\"description\":\"Pr\u00eatres et fr\u00e8res sont facilement identifiables par les habits religieux qu\u2019ils portent, la chemise de pr\u00eatre ou l\u2019habit de fr\u00e8re.\",\"breadcrumb\":{\"@id\":\"https:\/\/blog.holyart.it\/fr\/articles-religieux\/les-chaussures-du-clerge-pieds-confortables-sur-le-chemin-de-la-foi\/#breadcrumb\"},\"inLanguage\":\"fr-FR\",\"potentialAction\":[{\"@type\":\"ReadAction\",\"target\":[\"https:\/\/blog.holyart.it\/fr\/articles-religieux\/les-chaussures-du-clerge-pieds-confortables-sur-le-chemin-de-la-foi\/\"]}]},{\"@type\":\"ImageObject\",\"inLanguage\":\"fr-FR\",\"@id\":\"https:\/\/blog.holyart.it\/fr\/articles-religieux\/les-chaussures-du-clerge-pieds-confortables-sur-le-chemin-de-la-foi\/#primaryimage\",\"url\":\"https:\/\/blog.holyart.it\/fr\/wp-content\/uploads\/sites\/14\/2019\/06\/Les-chaussures-du-clerg\u00e9.png\",\"contentUrl\":\"https:\/\/blog.holyart.it\/fr\/wp-content\/uploads\/sites\/14\/2019\/06\/Les-chaussures-du-clerg\u00e9.png\",\"width\":760,\"height\":400,\"caption\":\"Les chaussures du clerg\u00e9\"},{\"@type\":\"BreadcrumbList\",\"@id\":\"https:\/\/blog.holyart.it\/fr\/articles-religieux\/les-chaussures-du-clerge-pieds-confortables-sur-le-chemin-de-la-foi\/#breadcrumb\",\"itemListElement\":[{\"@type\":\"ListItem\",\"position\":1,\"name\":\"Homepage\",\"item\":\"https:\/\/blog.holyart.it\/fr\/\"},{\"@type\":\"ListItem\",\"position\":2,\"name\":\"Religion\",\"item\":\"https:\/\/blog.holyart.it\/fr\/articles-religieux\/\"},{\"@type\":\"ListItem\",\"position\":3,\"name\":\"Les chaussures du clerg\u00e9 : pieds confortables sur le chemin de la foi\"}]},{\"@type\":\"WebSite\",\"@id\":\"https:\/\/blog.holyart.it\/fr\/#website\",\"url\":\"https:\/\/blog.holyart.it\/fr\/\",\"name\":\"Holyart.fr Blog\",\"description\":\"Holyblog\",\"publisher\":{\"@id\":\"https:\/\/blog.holyart.it\/fr\/#organization\"},\"potentialAction\":[{\"@type\":\"SearchAction\",\"target\":{\"@type\":\"EntryPoint\",\"urlTemplate\":\"https:\/\/blog.holyart.it\/fr\/?s={search_term_string}\"},\"query-input\":{\"@type\":\"PropertyValueSpecification\",\"valueRequired\":true,\"valueName\":\"search_term_string\"}}],\"inLanguage\":\"fr-FR\"},{\"@type\":\"Organization\",\"@id\":\"https:\/\/blog.holyart.it\/fr\/#organization\",\"name\":\"Holyart.fr Blog\",\"url\":\"https:\/\/blog.holyart.it\/fr\/\",\"logo\":{\"@type\":\"ImageObject\",\"inLanguage\":\"fr-FR\",\"@id\":\"https:\/\/blog.holyart.it\/fr\/#\/schema\/logo\/image\/\",\"url\":\"https:\/\/blog.holyart.it\/fr\/wp-content\/uploads\/sites\/14\/2022\/12\/Holyart_Blog_Logo.jpg\",\"contentUrl\":\"https:\/\/blog.holyart.it\/fr\/wp-content\/uploads\/sites\/14\/2022\/12\/Holyart_Blog_Logo.jpg\",\"width\":300,\"height\":50,\"caption\":\"Holyart.fr Blog\"},\"image\":{\"@id\":\"https:\/\/blog.holyart.it\/fr\/#\/schema\/logo\/image\/\"}},{\"@type\":\"Person\",\"@id\":\"https:\/\/blog.holyart.it\/fr\/#\/schema\/person\/0a7b686e5af0f856ec1e390dd0baecda\",\"name\":\"Redazione\",\"image\":{\"@type\":\"ImageObject\",\"inLanguage\":\"fr-FR\",\"@id\":\"https:\/\/blog.holyart.it\/fr\/#\/schema\/person\/image\/\",\"url\":\"https:\/\/secure.gravatar.com\/avatar\/f477da817f43e50d0af36abecd33e3edf826c68299714bdc1057dff3b113f516?s=96&d=mm&r=g\",\"contentUrl\":\"https:\/\/secure.gravatar.com\/avatar\/f477da817f43e50d0af36abecd33e3edf826c68299714bdc1057dff3b113f516?s=96&d=mm&r=g\",\"caption\":\"Redazione\"},\"url\":\"https:\/\/blog.holyart.it\/fr\/author\/admin\/\"}]}<\/script>\n<!-- \/ Yoast SEO plugin. -->","yoast_head_json":{"title":"Les chaussures du clerg\u00e9: pieds confortables sur le chemin","description":"Pr\u00eatres et fr\u00e8res sont facilement identifiables par les habits religieux qu\u2019ils portent, la chemise de pr\u00eatre ou l\u2019habit de fr\u00e8re.","robots":{"index":"index","follow":"follow","max-snippet":"max-snippet:-1","max-image-preview":"max-image-preview:large","max-video-preview":"max-video-preview:-1"},"canonical":"https:\/\/blog.holyart.it\/fr\/articles-religieux\/les-chaussures-du-clerge-pieds-confortables-sur-le-chemin-de-la-foi\/","og_locale":"fr_FR","og_type":"article","og_title":"Les chaussures du clerg\u00e9: pieds confortables sur le chemin","og_description":"Pr\u00eatres et fr\u00e8res sont facilement identifiables par les habits religieux qu\u2019ils portent, la chemise de pr\u00eatre ou l\u2019habit de fr\u00e8re.","og_url":"https:\/\/blog.holyart.it\/fr\/articles-religieux\/les-chaussures-du-clerge-pieds-confortables-sur-le-chemin-de-la-foi\/","og_site_name":"Holyart.fr Blog","article_published_time":"2019-06-04T14:03:03+00:00","article_modified_time":"2022-10-13T15:46:45+00:00","og_image":[{"width":760,"height":400,"url":"https:\/\/blog.holyart.it\/fr\/wp-content\/uploads\/sites\/14\/2019\/06\/Les-chaussures-du-clerg\u00e9.png","type":"image\/png"}],"author":"Redazione","twitter_card":"summary_large_image","twitter_misc":{"\u00c9crit par":"Redazione","Dur\u00e9e de lecture estim\u00e9e":"7 minutes"},"schema":{"@context":"https:\/\/schema.org","@graph":[{"@type":"Article","@id":"https:\/\/blog.holyart.it\/fr\/articles-religieux\/les-chaussures-du-clerge-pieds-confortables-sur-le-chemin-de-la-foi\/#article","isPartOf":{"@id":"https:\/\/blog.holyart.it\/fr\/articles-religieux\/les-chaussures-du-clerge-pieds-confortables-sur-le-chemin-de-la-foi\/"},"author":{"name":"Redazione","@id":"https:\/\/blog.holyart.it\/fr\/#\/schema\/person\/0a7b686e5af0f856ec1e390dd0baecda"},"headline":"Les chaussures du clerg\u00e9 : pieds confortables sur le chemin de la foi","datePublished":"2019-06-04T14:03:03+00:00","dateModified":"2022-10-13T15:46:45+00:00","mainEntityOfPage":{"@id":"https:\/\/blog.holyart.it\/fr\/articles-religieux\/les-chaussures-du-clerge-pieds-confortables-sur-le-chemin-de-la-foi\/"},"wordCount":1442,"publisher":{"@id":"https:\/\/blog.holyart.it\/fr\/#organization"},"image":{"@id":"https:\/\/blog.holyart.it\/fr\/articles-religieux\/les-chaussures-du-clerge-pieds-confortables-sur-le-chemin-de-la-foi\/#primaryimage"},"thumbnailUrl":"https:\/\/blog.holyart.it\/fr\/wp-content\/uploads\/sites\/14\/2019\/06\/Les-chaussures-du-clerg\u00e9.png","articleSection":["Monast\u00e8res et confr\u00e9ries","Religion"],"inLanguage":"fr-FR"},{"@type":"WebPage","@id":"https:\/\/blog.holyart.it\/fr\/articles-religieux\/les-chaussures-du-clerge-pieds-confortables-sur-le-chemin-de-la-foi\/","url":"https:\/\/blog.holyart.it\/fr\/articles-religieux\/les-chaussures-du-clerge-pieds-confortables-sur-le-chemin-de-la-foi\/","name":"Les chaussures du clerg\u00e9: pieds confortables sur le chemin","isPartOf":{"@id":"https:\/\/blog.holyart.it\/fr\/#website"},"primaryImageOfPage":{"@id":"https:\/\/blog.holyart.it\/fr\/articles-religieux\/les-chaussures-du-clerge-pieds-confortables-sur-le-chemin-de-la-foi\/#primaryimage"},"image":{"@id":"https:\/\/blog.holyart.it\/fr\/articles-religieux\/les-chaussures-du-clerge-pieds-confortables-sur-le-chemin-de-la-foi\/#primaryimage"},"thumbnailUrl":"https:\/\/blog.holyart.it\/fr\/wp-content\/uploads\/sites\/14\/2019\/06\/Les-chaussures-du-clerg\u00e9.png","datePublished":"2019-06-04T14:03:03+00:00","dateModified":"2022-10-13T15:46:45+00:00","description":"Pr\u00eatres et fr\u00e8res sont facilement identifiables par les habits religieux qu\u2019ils portent, la chemise de pr\u00eatre ou l\u2019habit de fr\u00e8re.","breadcrumb":{"@id":"https:\/\/blog.holyart.it\/fr\/articles-religieux\/les-chaussures-du-clerge-pieds-confortables-sur-le-chemin-de-la-foi\/#breadcrumb"},"inLanguage":"fr-FR","potentialAction":[{"@type":"ReadAction","target":["https:\/\/blog.holyart.it\/fr\/articles-religieux\/les-chaussures-du-clerge-pieds-confortables-sur-le-chemin-de-la-foi\/"]}]},{"@type":"ImageObject","inLanguage":"fr-FR","@id":"https:\/\/blog.holyart.it\/fr\/articles-religieux\/les-chaussures-du-clerge-pieds-confortables-sur-le-chemin-de-la-foi\/#primaryimage","url":"https:\/\/blog.holyart.it\/fr\/wp-content\/uploads\/sites\/14\/2019\/06\/Les-chaussures-du-clerg\u00e9.png","contentUrl":"https:\/\/blog.holyart.it\/fr\/wp-content\/uploads\/sites\/14\/2019\/06\/Les-chaussures-du-clerg\u00e9.png","width":760,"height":400,"caption":"Les chaussures du clerg\u00e9"},{"@type":"BreadcrumbList","@id":"https:\/\/blog.holyart.it\/fr\/articles-religieux\/les-chaussures-du-clerge-pieds-confortables-sur-le-chemin-de-la-foi\/#breadcrumb","itemListElement":[{"@type":"ListItem","position":1,"name":"Homepage","item":"https:\/\/blog.holyart.it\/fr\/"},{"@type":"ListItem","position":2,"name":"Religion","item":"https:\/\/blog.holyart.it\/fr\/articles-religieux\/"},{"@type":"ListItem","position":3,"name":"Les chaussures du clerg\u00e9 : pieds confortables sur le chemin de la foi"}]},{"@type":"WebSite","@id":"https:\/\/blog.holyart.it\/fr\/#website","url":"https:\/\/blog.holyart.it\/fr\/","name":"Holyart.fr Blog","description":"Holyblog","publisher":{"@id":"https:\/\/blog.holyart.it\/fr\/#organization"},"potentialAction":[{"@type":"SearchAction","target":{"@type":"EntryPoint","urlTemplate":"https:\/\/blog.holyart.it\/fr\/?s={search_term_string}"},"query-input":{"@type":"PropertyValueSpecification","valueRequired":true,"valueName":"search_term_string"}}],"inLanguage":"fr-FR"},{"@type":"Organization","@id":"https:\/\/blog.holyart.it\/fr\/#organization","name":"Holyart.fr Blog","url":"https:\/\/blog.holyart.it\/fr\/","logo":{"@type":"ImageObject","inLanguage":"fr-FR","@id":"https:\/\/blog.holyart.it\/fr\/#\/schema\/logo\/image\/","url":"https:\/\/blog.holyart.it\/fr\/wp-content\/uploads\/sites\/14\/2022\/12\/Holyart_Blog_Logo.jpg","contentUrl":"https:\/\/blog.holyart.it\/fr\/wp-content\/uploads\/sites\/14\/2022\/12\/Holyart_Blog_Logo.jpg","width":300,"height":50,"caption":"Holyart.fr Blog"},"image":{"@id":"https:\/\/blog.holyart.it\/fr\/#\/schema\/logo\/image\/"}},{"@type":"Person","@id":"https:\/\/blog.holyart.it\/fr\/#\/schema\/person\/0a7b686e5af0f856ec1e390dd0baecda","name":"Redazione","image":{"@type":"ImageObject","inLanguage":"fr-FR","@id":"https:\/\/blog.holyart.it\/fr\/#\/schema\/person\/image\/","url":"https:\/\/secure.gravatar.com\/avatar\/f477da817f43e50d0af36abecd33e3edf826c68299714bdc1057dff3b113f516?s=96&d=mm&r=g","contentUrl":"https:\/\/secure.gravatar.com\/avatar\/f477da817f43e50d0af36abecd33e3edf826c68299714bdc1057dff3b113f516?s=96&d=mm&r=g","caption":"Redazione"},"url":"https:\/\/blog.holyart.it\/fr\/author\/admin\/"}]}},"_links":{"self":[{"href":"https:\/\/blog.holyart.it\/fr\/wp-json\/wp\/v2\/posts\/1636","targetHints":{"allow":["GET"]}}],"collection":[{"href":"https:\/\/blog.holyart.it\/fr\/wp-json\/wp\/v2\/posts"}],"about":[{"href":"https:\/\/blog.holyart.it\/fr\/wp-json\/wp\/v2\/types\/post"}],"author":[{"embeddable":true,"href":"https:\/\/blog.holyart.it\/fr\/wp-json\/wp\/v2\/users\/1"}],"replies":[{"embeddable":true,"href":"https:\/\/blog.holyart.it\/fr\/wp-json\/wp\/v2\/comments?post=1636"}],"version-history":[{"count":0,"href":"https:\/\/blog.holyart.it\/fr\/wp-json\/wp\/v2\/posts\/1636\/revisions"}],"wp:featuredmedia":[{"embeddable":true,"href":"https:\/\/blog.holyart.it\/fr\/wp-json\/wp\/v2\/media\/1637"}],"wp:attachment":[{"href":"https:\/\/blog.holyart.it\/fr\/wp-json\/wp\/v2\/media?parent=1636"}],"wp:term":[{"taxonomy":"category","embeddable":true,"href":"https:\/\/blog.holyart.it\/fr\/wp-json\/wp\/v2\/categories?post=1636"},{"taxonomy":"post_tag","embeddable":true,"href":"https:\/\/blog.holyart.it\/fr\/wp-json\/wp\/v2\/tags?post=1636"}],"curies":[{"name":"wp","href":"https:\/\/api.w.org\/{rel}","templated":true}]}}