{"id":1613,"date":"2019-05-21T16:21:52","date_gmt":"2019-05-21T14:21:52","guid":{"rendered":"https:\/\/blog.holyart.it\/fr\/?p=1613"},"modified":"2019-06-20T15:51:14","modified_gmt":"2019-06-20T13:51:14","slug":"laureole-origines-et-signification","status":"publish","type":"post","link":"https:\/\/blog.holyart.it\/fr\/articles-religieux\/laureole-origines-et-signification\/","title":{"rendered":"L\u2019aur\u00e9ole : origines et signification"},"content":{"rendered":"<p>L\u2019aur\u00e9ole des saints, le nimbe, la gloire. La lumi\u00e8re rayonnante est pr\u00e9sente dans les repr\u00e9sentations artistiques depuis des temps tr\u00e8s lointains. En tant attribut figuratif, il a \u00e9t\u00e9 utilis\u00e9 dans l\u2019art sacr\u00e9 d\u00e8s les origines, pr\u00e9sent dans de nombreuses civilisations et religions pour indiquer la divinit\u00e9 d\u2019un personnage, son pouvoir, sa royaut\u00e9 et, par la suite, dans le contexte chr\u00e9tien, la saintet\u00e9. Les \u00e9gyptiens, les grecs et ensuite les romains utilisaient un halo lumineux pour souligner le pouvoir de leurs dieux et, ensuite, de leurs r\u00e9gnants.<\/p>\n<p>Mais qu\u2019est-ce que c\u2019est l\u2019aur\u00e9ole ? Il s\u2019agit d\u2019un halo de lumi\u00e8re radiante qui enveloppe la t\u00eate ou le corps entier d\u2019une personne. Le mot \u00ab\u00a0aur\u00e9ole\u00a0\u00bb signifie de couleur or et la forme circulaire d\u00e9rive du fait que le cercle est symbole de perfection et repr\u00e9sente donc bien la saintet\u00e9. Dans certains cas, on distingue le <strong>nimbe <\/strong>(lumi\u00e8re qui entoure uniquement la t\u00eate), l\u2019<strong>aur\u00e9ole <\/strong>(lumi\u00e8re qui irradie du corps) et la <strong>gloire <\/strong>(combinaison des deux, utilis\u00e9e uniquement pour J\u00e9sus et la Sainte Vierge afin de symboliser leur nature divine).<\/p>\n<p>Dans les peintures, l\u2019aur\u00e9ole a connu une \u00e9volution remarquable, de grands cercles dor\u00e9s \u00e0 couronne de rayons de lumi\u00e8re jusqu\u2019\u00e0 des fins anneaux dor\u00e9s \u00e0 peine perceptibles \u00e0 l\u2019\u0153il.<\/p>\n<p>Dans les statues, g\u00e9n\u00e9ralement, elle \u00e9tait repr\u00e9sent\u00e9e comme un disque dor\u00e9, fix\u00e9 derri\u00e8re la t\u00eate du personnage.<\/p>\n<p>L\u2019aur\u00e9ole donc a toujours \u00e9t\u00e9 per\u00e7ue comme symbole de lumi\u00e8re et de gr\u00e2ce conf\u00e9r\u00e9e directement par Dieu. Dans le milieu pa\u00efen, l\u2019aur\u00e9ole exprimait de mani\u00e8re g\u00e9n\u00e9rique le pouvoir, divin, mais aussi humain, et cette tendance perdura aussi \u00e0 l\u2019\u00e9poque chr\u00e9tienne, quand l\u2019aur\u00e9ole \u00e9tait utilis\u00e9e non seulement pour couronner la t\u00eate des saints et des anges, mais aussi des personnages c\u00e9l\u00e8bres, des riches commanditaires aussi, ou des intellectuels, du moins jusqu\u2019au XVII si\u00e8cle, quand Pape Urbain III interdit cat\u00e9goriquement que des hommes pas encore morts et officiellement b\u00e9atifi\u00e9s soient repr\u00e9sent\u00e9s avec l\u2019aur\u00e9ole sur la t\u00eate.<\/p>\n<h2>L\u2019aur\u00e9ole dans l\u2019iconographie chr\u00e9tienne<\/h2>\n<figure id=\"attachment_1615\" aria-describedby=\"caption-attachment-1615\" style=\"width: 1000px\" class=\"wp-caption aligncenter\"><img loading=\"lazy\" decoding=\"async\" class=\"wp-image-1615 size-full\" src=\"https:\/\/blog.holyart.it\/fr\/wp-content\/uploads\/sites\/14\/2019\/05\/Ic\u00f4ne-russe-peinte-d\u00e9coupage-La-Source-de-Vie-40\u00d730-cm.jpg\" alt=\"Ic\u00f4ne russe peinte d\u00e9coupage La Source de Vie 40\u00d730 cm\" width=\"1000\" height=\"650\" \/><figcaption id=\"caption-attachment-1615\" class=\"wp-caption-text\"><center>Ic\u00f4ne russe peinte d\u00e9coupage La Source de Vie 40\u00d730 cm<\/center><\/figcaption><\/figure>\n<p>Les chr\u00e9tiens commenc\u00e8rent \u00e0 utiliser l\u2019aur\u00e9ole dans leurs repr\u00e9sentations artistiques (peintures, statues, mosa\u00efques, etc.) uniquement entre le <strong>II et le III si\u00e8cle ap. J.-C.<\/strong> et dans une vision purement la\u00efque. Au d\u00e9but, en effet, elle \u00e9tait utilis\u00e9e pour souligner l\u2019importance politique de certains personnages, comme les princes et les empereurs. Comme cela arrivait d\u00e9j\u00e0 dans le milieu romain, en effet, les aur\u00e9oles identifiaient les r\u00e9gnants, des personnages de grand pouvoir et dignit\u00e9 terrestre. J\u00e9sus et les autres figures religieuses \u00e9taient par contre envelopp\u00e9s de rayons de lumi\u00e8re. Les premiers \u00e0 porter une aur\u00e9ole dans un contexte chr\u00e9tien furent l\u2019empereur byzantin Justinien et sa femme Th\u00e9odora, qui, dans les mosa\u00efques de la Basilique de Saint-Vital de Ravenne, sont repr\u00e9sent\u00e9s avec la t\u00eate entour\u00e9e d\u2019un disque d\u2019or.<\/p>\n<p>Apr\u00e8s cet exorde la\u00efc, ensuite, \u00e0 partir du <strong>IV si\u00e8cle<\/strong>, les chr\u00e9tiens commenc\u00e8rent \u00e0 utiliser l\u2019aur\u00e9ole pour souligner l\u2019importance spirituelle de certaines figures en tant que symbole de b\u00e9atitude et de gloire c\u00e9leste. Dans un premier temps, l\u2019aur\u00e9ole fut une pr\u00e9rogative exclusive de J\u00e9sus, de la Vierge et des anges, et seulement apr\u00e8s les ap\u00f4tres et les saints m\u00e9rit\u00e8rent aussi de la porter.<\/p>\n<h2>Les origines de l\u2019aur\u00e9ole des saints<\/h2>\n<p>Comme nous l\u2019avons d\u00e9j\u00e0 vu, les saints furent bient\u00f4t honor\u00e9s de l\u2019insigne de l\u2019aur\u00e9ole dans l\u2019art sacr\u00e9, tout de suite apr\u00e8s J\u00e9sus et la Vierge, et avec les diff\u00e9rences qui s\u2019imposaient par rapport \u00e0 ces derniers. Les raisons de cette d\u00e9coration sont \u00e9videntes. Les saints, ou les saintes, sont des hommes et des femmes touch\u00e9s de mani\u00e8re sp\u00e9ciale par la gr\u00e2ce divine, investis de l\u2019amour de Dieu, rendus instruments de Sa volont\u00e9. La lumi\u00e8re dont ils irradient est, donc, de nature double, puisque d\u2019une part elle jaillit de leur t\u00eate, de leur corps, pour leurs m\u00eame m\u00e9rites, et d\u2019une autre part elle est le reflet de la lumi\u00e8re divine qui les enveloppe et les p\u00e9n\u00e8tre.<\/p>\n<p>L\u2019aur\u00e9ole sur la t\u00eate des saints dans les repr\u00e9sentations religieuses est habituellement repr\u00e9sent\u00e9e comme un cercle peint d\u2019or ou de bleu. \u00c0 l\u2019origine, les saints \u00e9taient repr\u00e9sent\u00e9s couronn\u00e9s de laurier, comme les empereurs romains et les personnalit\u00e9s romaines, mais la couronne de laurier fut ensuite remplac\u00e9e par une couronne d\u2019or et, encore apr\u00e8s, par un cercle dor\u00e9. Les Saints Ap\u00f4tres \u00e9taient parfois repr\u00e9sent\u00e9s avec une flamme au-dessus de leurs t\u00eates, symbole de leur inspiration divine. De la m\u00eame mani\u00e8re, les Saints Evang\u00e9listes pouvaient \u00eatre repr\u00e9sent\u00e9s sous la forme de leur animal symbolique avec la flamme autour de la t\u00eate. Les Docteurs de l\u2019\u00c9glise et les esprits ang\u00e9liques aussi \u00e9taient parfois couronn\u00e9s avec la flamme de la Divine inspiration.<\/p>\n<h2>Les diff\u00e9rentes formes d\u2019aur\u00e9ole<\/h2>\n<p>Il y a des r\u00e8gles pr\u00e9cises qui d\u00e9finissent l\u2019utilisation de l\u2019aur\u00e9ole dans l\u2019art sacr\u00e9 chr\u00e9tien.<\/p>\n<p>Tout d\u2019abord, il faut faire la distinction entre <strong>aur\u00e9ole circulaire<\/strong>, r\u00e9serv\u00e9e aux anges et aux saints, et <strong>aur\u00e9ole \u00e0 rayons<\/strong>, pos\u00e9e sur la t\u00eate des bienheureux.<\/p>\n<p>L\u2019aur\u00e9ole de J\u00e9sus, habituellement, est inscrite dans une <strong>croix de couleur rouge<\/strong>, avec trois bras visibles qui rappelle la Trinit\u00e9. Le quatri\u00e8me bras est couvert par le corps.<\/p>\n<figure id=\"attachment_1616\" aria-describedby=\"caption-attachment-1616\" style=\"width: 800px\" class=\"wp-caption aligncenter\"><img loading=\"lazy\" decoding=\"async\" class=\"size-full wp-image-1616\" src=\"https:\/\/blog.holyart.it\/fr\/wp-content\/uploads\/sites\/14\/2019\/05\/Le-Christ-en-croix-\u2013-\u0152uvre-de-Fra-Angelico-\u2013-Mus\u00e9e-de-Saint-Marc.jpg\" alt=\"Le Christ en croix \u2013 \u0152uvre de Fra Angelico \u2013 Mus\u00e9e de Saint Marc\" width=\"800\" height=\"642\" \/><figcaption id=\"caption-attachment-1616\" class=\"wp-caption-text\"><center>Le Christ en croix \u2013 \u0152uvre de Fra Angelico \u2013 Mus\u00e9e de Saint Marc<\/center><\/figcaption><\/figure>\n<p>Le Saint Esprit n\u2019est pas pr\u00e9sent\u00e9 avec une aur\u00e9ole sp\u00e9cifique car il est souvent repr\u00e9sent\u00e9 Lui-m\u00eame en tant que lumi\u00e8re, <strong>sept flammes<\/strong> ou un rayon en forme d\u2019\u00e9toile, symbolisant les sept dons.<\/p>\n<p>Dans les rares cas o\u00f9 Dieu est repr\u00e9sent\u00e9 comme un v\u00e9n\u00e9rable vieil homme barbu, Il porte sur Sa t\u00eate une <strong>aur\u00e9ole triangulaire<\/strong>, symbole de la Trinit\u00e9.<\/p>\n<p>L\u2019aur\u00e9ole de la Vierge est d\u00e9cor\u00e9e de <strong>12 \u00e9toiles<\/strong> ou d\u2019une seule \u00e9toile \u00e0 laquelle s\u2019ajoutent de une \u00e0 sept flammes.<\/p>\n<p>\u00c0 partir du VII si\u00e8cle, une <strong>aur\u00e9ole carr\u00e9e<\/strong> a \u00e9galement vu le jour, utilis\u00e9e quand il fallait repr\u00e9senter des hommes ou des femmes en odeur de saintet\u00e9, mais pas encore canonis\u00e9s ou m\u00eame parfois encore vivants. Souvent l\u2019artiste repr\u00e9sentait avec ce type d\u2019aur\u00e9ole le commanditaire de l\u2019\u0153uvre qu\u2019il \u00e9tait en train de r\u00e9aliser.<\/p>\n<p>Les vertus, sous leur forme humanis\u00e9e, portent des <strong>aur\u00e9oles polygonales<\/strong>.<\/p>\n<p>Pendant tout le <strong>Moyen \u00c2ge<\/strong>, les artistes continu\u00e8rent de repr\u00e9senter des aur\u00e9oles circulaires ou elliptiques, dont la repr\u00e9sentation \u00e9volua de pair avec l\u2019art lui-m\u00eame, en s\u2019adaptant aux nouveaux styles, aux nouvelles r\u00e8gles de perspectives. Avec la <strong>Renaissance<\/strong>, l\u2019aur\u00e9ole se d\u00e9moda un peu, car les artistes commenc\u00e8rent \u00e0 pr\u00e9f\u00e9rer une dimension plus humaine et charnelle des figures religieuses. Elle reste dans quelques \u0153uvres, r\u00e9duite \u00e0 un tr\u00e8s fin anneau de lumi\u00e8re, quasi imperceptible.<\/p>\n<p>En ce qui concerne les <strong>couleurs<\/strong>, l\u2019iconographie chr\u00e9tienne attribuait aux martyres la couleur rouge, aux vierges et aux purs le blanc, aux confesseurs le vert, aux p\u00e9nitents le violet, aux saints et aux anges l\u2019or ou le bleu.<\/p>\n<p>Le diable et Judas Iscariote parfois \u00e9taient repr\u00e9sent\u00e9s avec une <strong>aur\u00e9ole noire<\/strong> autour de la t\u00eate.<\/p>\n<h2>Les couronnes et les couronnes d\u2019\u00e9toiles pour statues<\/h2>\n<p>Quand on souhaite repr\u00e9senter un saint ou une figure sacr\u00e9e, en particulier la Sainte Vierge, avec une sculpture, ou plus en g\u00e9n\u00e9ral une statue, il est n\u00e9cessaire d\u2019utiliser une <strong><a href=\"https:\/\/www.holyart.fr\/articles-religieux\/couronnes-et-aureoles-detoiles\">couronne d\u2019or pour statue<\/a><\/strong> ou, plus souvent, une <strong><a href=\"https:\/\/www.holyart.fr\/articles-religieux\/couronnes-et-aureoles-detoiles\">aur\u00e9ole d\u2019\u00e9toiles<\/a>.<\/strong><\/p>\n<p>Le catalogue Holyart offre une tr\u00e8s vaste gamme de ces articles, tous r\u00e9alis\u00e9s \u00e0 la main en Italie, disponibles dans toutes les dimensions. Pour la plupart d\u2019entre eux, il est possible de demander \u00e9galement une personnalisation selon les go\u00fbts et les exigences.<\/p>\n<figure id=\"attachment_1617\" aria-describedby=\"caption-attachment-1617\" style=\"width: 1000px\" class=\"wp-caption aligncenter\"><img loading=\"lazy\" decoding=\"async\" class=\"wp-image-1617 size-full\" src=\"https:\/\/blog.holyart.it\/fr\/wp-content\/uploads\/sites\/14\/2019\/05\/Couronnes-et-aur\u00e9oles-d\u2019\u00e9toiles-pour-statues-\u2013-Plus-de-40-mod\u00e8les-disponibles-sur-Holyart.jpg\" alt=\"ouronnes et aur\u00e9oles d\u2019\u00e9toiles pour statues \u2013 Plus de 40 mod\u00e8les disponibles sur Holyart\" width=\"1000\" height=\"621\" \/><figcaption id=\"caption-attachment-1617\" class=\"wp-caption-text\"><center>Couronnes et aur\u00e9oles d\u2019\u00e9toiles pour statues \u2013 Plus de 40 mod\u00e8les disponibles sur Holyart<\/center><\/figcaption><\/figure>\n<p>Couronnes et aur\u00e9oles d\u2019\u00e9toiles pour statues \u2013 Plus de 40 mod\u00e8les disponibles sur Holyart<\/p>\n<p>Les <strong>couronnes pour la Vierge<\/strong>, l\u2019aur\u00e9ole des saints, les aur\u00e9oles d\u2019\u00e9toiles et les couronnes de rayons Holyart sont souvent r\u00e9alis\u00e9s en filigrane : des fils de laiton couleur or qui cr\u00e9ent des jeux de lumi\u00e8res et d\u2019ombres, des ombrages particuliers et des clairs obscurs qui donnent plus de luminosit\u00e9 et de relief \u00e0 l\u2019objet. Les couronnes sont quasi toujours r\u00e9alis\u00e9es en laiton dor\u00e9 et imitent celles reproduites dans les plus c\u00e9l\u00e8bres tableaux de l\u2019art sacr\u00e9. Pour les <a href=\"https:\/\/www.holyart.fr\/produits\/statues-vierge-marie.php\"><strong>statues de la Vierge<\/strong><\/a> il y a des couronnes orn\u00e9es de roses dor\u00e9es et d\u2019\u00e9toiles. De nombreuses aur\u00e9oles, classiques ou \u00e0 rayons, sont d\u00e9cor\u00e9es de strass, de cristaux Swarovski et de d\u00e9tails en or. D\u2019autres, r\u00e9alis\u00e9es en plexiglas, sont dot\u00e9es d\u2019ampoules et de lumi\u00e8res LED, qui permettent d\u2019\u00e9clairer la statue de mani\u00e8re autonome, en cr\u00e9ant des effets tr\u00e8s r\u00e9ussis.<\/p>\n<p>Le catalogue Holyart offre aussi des <strong><a href=\"https:\/\/www.holyart.fr\/articles-religieux\/couronnes-et-aureoles-detoiles\/aureole-tubulaire-plexiglas\">aur\u00e9oles tubulaires avec les ampoules \u00e0 l\u2019int\u00e9rieur<\/a><\/strong>. Une couronne ou une aur\u00e9ole d\u2019\u00e9toiles Holyart conf\u00e9reront \u00e0 la statue qu\u2019elles orneront une solennit\u00e9 au go\u00fbt ancien et hors du temps.<\/p>\n","protected":false},"excerpt":{"rendered":"<p>L\u2019aur\u00e9ole des saints, le nimbe, la gloire. La lumi\u00e8re rayonnante est pr\u00e9sente dans les repr\u00e9sentations artistiques depuis des temps tr\u00e8s lointains. En tant attribut figuratif, il a \u00e9t\u00e9 utilis\u00e9 dans l\u2019art sacr\u00e9 d\u00e8s les origines, pr\u00e9sent dans de nombreuses civilisations et religions pour indiquer la&hellip;<\/p>\n","protected":false},"author":1,"featured_media":1614,"comment_status":"closed","ping_status":"open","sticky":false,"template":"","format":"standard","meta":{"_acf_changed":false,"footnotes":""},"categories":[8,7],"tags":[],"class_list":["post-1613","post","type-post","status-publish","format-standard","has-post-thumbnail","hentry","category-articles-religieux","category-saints-et-bienheureux"],"acf":[],"yoast_head":"<!-- This site is optimized with the Yoast SEO plugin v26.6 - https:\/\/yoast.com\/wordpress\/plugins\/seo\/ -->\n<title>L\u2019aur\u00e9ole : origines et signification - Holyart.fr<\/title>\n<meta name=\"description\" content=\"L\u2019aur\u00e9ole des saints, le nimbe, la gloire. La lumi\u00e8re rayonnante est pr\u00e9sente dans les repr\u00e9sentations artistiques depuis des temps tr\u00e8s lointains.\" \/>\n<meta name=\"robots\" content=\"index, follow, max-snippet:-1, max-image-preview:large, max-video-preview:-1\" \/>\n<link rel=\"canonical\" href=\"https:\/\/blog.holyart.it\/fr\/articles-religieux\/laureole-origines-et-signification\/\" \/>\n<meta property=\"og:locale\" content=\"fr_FR\" \/>\n<meta property=\"og:type\" content=\"article\" \/>\n<meta property=\"og:title\" content=\"L\u2019aur\u00e9ole : origines et signification - Holyart.fr\" \/>\n<meta property=\"og:description\" content=\"L\u2019aur\u00e9ole des saints, le nimbe, la gloire. La lumi\u00e8re rayonnante est pr\u00e9sente dans les repr\u00e9sentations artistiques depuis des temps tr\u00e8s lointains.\" \/>\n<meta property=\"og:url\" content=\"https:\/\/blog.holyart.it\/fr\/articles-religieux\/laureole-origines-et-signification\/\" \/>\n<meta property=\"og:site_name\" content=\"Holyart.fr Blog\" \/>\n<meta property=\"article:published_time\" content=\"2019-05-21T14:21:52+00:00\" \/>\n<meta property=\"article:modified_time\" content=\"2019-06-20T13:51:14+00:00\" \/>\n<meta property=\"og:image\" content=\"https:\/\/blog.holyart.it\/fr\/wp-content\/uploads\/sites\/14\/2019\/05\/L\u2019aur\u00e9ole.jpg\" \/>\n\t<meta property=\"og:image:width\" content=\"1000\" \/>\n\t<meta property=\"og:image:height\" content=\"667\" \/>\n\t<meta property=\"og:image:type\" content=\"image\/jpeg\" \/>\n<meta name=\"author\" content=\"Redazione\" \/>\n<meta name=\"twitter:card\" content=\"summary_large_image\" \/>\n<meta name=\"twitter:label1\" content=\"\u00c9crit par\" \/>\n\t<meta name=\"twitter:data1\" content=\"Redazione\" \/>\n\t<meta name=\"twitter:label2\" content=\"Dur\u00e9e de lecture estim\u00e9e\" \/>\n\t<meta name=\"twitter:data2\" content=\"9 minutes\" \/>\n<script type=\"application\/ld+json\" class=\"yoast-schema-graph\">{\"@context\":\"https:\/\/schema.org\",\"@graph\":[{\"@type\":\"Article\",\"@id\":\"https:\/\/blog.holyart.it\/fr\/articles-religieux\/laureole-origines-et-signification\/#article\",\"isPartOf\":{\"@id\":\"https:\/\/blog.holyart.it\/fr\/articles-religieux\/laureole-origines-et-signification\/\"},\"author\":{\"name\":\"Redazione\",\"@id\":\"https:\/\/blog.holyart.it\/fr\/#\/schema\/person\/0a7b686e5af0f856ec1e390dd0baecda\"},\"headline\":\"L\u2019aur\u00e9ole : origines et signification\",\"datePublished\":\"2019-05-21T14:21:52+00:00\",\"dateModified\":\"2019-06-20T13:51:14+00:00\",\"mainEntityOfPage\":{\"@id\":\"https:\/\/blog.holyart.it\/fr\/articles-religieux\/laureole-origines-et-signification\/\"},\"wordCount\":1724,\"publisher\":{\"@id\":\"https:\/\/blog.holyart.it\/fr\/#organization\"},\"image\":{\"@id\":\"https:\/\/blog.holyart.it\/fr\/articles-religieux\/laureole-origines-et-signification\/#primaryimage\"},\"thumbnailUrl\":\"https:\/\/blog.holyart.it\/fr\/wp-content\/uploads\/sites\/14\/2019\/05\/L\u2019aur\u00e9ole.jpg\",\"articleSection\":[\"Religion\",\"Saints et Bienheureux\"],\"inLanguage\":\"fr-FR\"},{\"@type\":\"WebPage\",\"@id\":\"https:\/\/blog.holyart.it\/fr\/articles-religieux\/laureole-origines-et-signification\/\",\"url\":\"https:\/\/blog.holyart.it\/fr\/articles-religieux\/laureole-origines-et-signification\/\",\"name\":\"L\u2019aur\u00e9ole : origines et signification - Holyart.fr\",\"isPartOf\":{\"@id\":\"https:\/\/blog.holyart.it\/fr\/#website\"},\"primaryImageOfPage\":{\"@id\":\"https:\/\/blog.holyart.it\/fr\/articles-religieux\/laureole-origines-et-signification\/#primaryimage\"},\"image\":{\"@id\":\"https:\/\/blog.holyart.it\/fr\/articles-religieux\/laureole-origines-et-signification\/#primaryimage\"},\"thumbnailUrl\":\"https:\/\/blog.holyart.it\/fr\/wp-content\/uploads\/sites\/14\/2019\/05\/L\u2019aur\u00e9ole.jpg\",\"datePublished\":\"2019-05-21T14:21:52+00:00\",\"dateModified\":\"2019-06-20T13:51:14+00:00\",\"description\":\"L\u2019aur\u00e9ole des saints, le nimbe, la gloire. La lumi\u00e8re rayonnante est pr\u00e9sente dans les repr\u00e9sentations artistiques depuis des temps tr\u00e8s lointains.\",\"breadcrumb\":{\"@id\":\"https:\/\/blog.holyart.it\/fr\/articles-religieux\/laureole-origines-et-signification\/#breadcrumb\"},\"inLanguage\":\"fr-FR\",\"potentialAction\":[{\"@type\":\"ReadAction\",\"target\":[\"https:\/\/blog.holyart.it\/fr\/articles-religieux\/laureole-origines-et-signification\/\"]}]},{\"@type\":\"ImageObject\",\"inLanguage\":\"fr-FR\",\"@id\":\"https:\/\/blog.holyart.it\/fr\/articles-religieux\/laureole-origines-et-signification\/#primaryimage\",\"url\":\"https:\/\/blog.holyart.it\/fr\/wp-content\/uploads\/sites\/14\/2019\/05\/L\u2019aur\u00e9ole.jpg\",\"contentUrl\":\"https:\/\/blog.holyart.it\/fr\/wp-content\/uploads\/sites\/14\/2019\/05\/L\u2019aur\u00e9ole.jpg\",\"width\":1000,\"height\":667,\"caption\":\"L\u2019aur\u00e9ole\"},{\"@type\":\"BreadcrumbList\",\"@id\":\"https:\/\/blog.holyart.it\/fr\/articles-religieux\/laureole-origines-et-signification\/#breadcrumb\",\"itemListElement\":[{\"@type\":\"ListItem\",\"position\":1,\"name\":\"Homepage\",\"item\":\"https:\/\/blog.holyart.it\/fr\/\"},{\"@type\":\"ListItem\",\"position\":2,\"name\":\"Religion\",\"item\":\"https:\/\/blog.holyart.it\/fr\/articles-religieux\/\"},{\"@type\":\"ListItem\",\"position\":3,\"name\":\"L\u2019aur\u00e9ole : origines et signification\"}]},{\"@type\":\"WebSite\",\"@id\":\"https:\/\/blog.holyart.it\/fr\/#website\",\"url\":\"https:\/\/blog.holyart.it\/fr\/\",\"name\":\"Holyart.fr Blog\",\"description\":\"Holyblog\",\"publisher\":{\"@id\":\"https:\/\/blog.holyart.it\/fr\/#organization\"},\"potentialAction\":[{\"@type\":\"SearchAction\",\"target\":{\"@type\":\"EntryPoint\",\"urlTemplate\":\"https:\/\/blog.holyart.it\/fr\/?s={search_term_string}\"},\"query-input\":{\"@type\":\"PropertyValueSpecification\",\"valueRequired\":true,\"valueName\":\"search_term_string\"}}],\"inLanguage\":\"fr-FR\"},{\"@type\":\"Organization\",\"@id\":\"https:\/\/blog.holyart.it\/fr\/#organization\",\"name\":\"Holyart.fr Blog\",\"url\":\"https:\/\/blog.holyart.it\/fr\/\",\"logo\":{\"@type\":\"ImageObject\",\"inLanguage\":\"fr-FR\",\"@id\":\"https:\/\/blog.holyart.it\/fr\/#\/schema\/logo\/image\/\",\"url\":\"https:\/\/blog.holyart.it\/fr\/wp-content\/uploads\/sites\/14\/2022\/12\/Holyart_Blog_Logo.jpg\",\"contentUrl\":\"https:\/\/blog.holyart.it\/fr\/wp-content\/uploads\/sites\/14\/2022\/12\/Holyart_Blog_Logo.jpg\",\"width\":300,\"height\":50,\"caption\":\"Holyart.fr Blog\"},\"image\":{\"@id\":\"https:\/\/blog.holyart.it\/fr\/#\/schema\/logo\/image\/\"}},{\"@type\":\"Person\",\"@id\":\"https:\/\/blog.holyart.it\/fr\/#\/schema\/person\/0a7b686e5af0f856ec1e390dd0baecda\",\"name\":\"Redazione\",\"image\":{\"@type\":\"ImageObject\",\"inLanguage\":\"fr-FR\",\"@id\":\"https:\/\/blog.holyart.it\/fr\/#\/schema\/person\/image\/\",\"url\":\"https:\/\/secure.gravatar.com\/avatar\/f477da817f43e50d0af36abecd33e3edf826c68299714bdc1057dff3b113f516?s=96&d=mm&r=g\",\"contentUrl\":\"https:\/\/secure.gravatar.com\/avatar\/f477da817f43e50d0af36abecd33e3edf826c68299714bdc1057dff3b113f516?s=96&d=mm&r=g\",\"caption\":\"Redazione\"},\"url\":\"https:\/\/blog.holyart.it\/fr\/author\/admin\/\"}]}<\/script>\n<!-- \/ Yoast SEO plugin. -->","yoast_head_json":{"title":"L\u2019aur\u00e9ole : origines et signification - Holyart.fr","description":"L\u2019aur\u00e9ole des saints, le nimbe, la gloire. La lumi\u00e8re rayonnante est pr\u00e9sente dans les repr\u00e9sentations artistiques depuis des temps tr\u00e8s lointains.","robots":{"index":"index","follow":"follow","max-snippet":"max-snippet:-1","max-image-preview":"max-image-preview:large","max-video-preview":"max-video-preview:-1"},"canonical":"https:\/\/blog.holyart.it\/fr\/articles-religieux\/laureole-origines-et-signification\/","og_locale":"fr_FR","og_type":"article","og_title":"L\u2019aur\u00e9ole : origines et signification - Holyart.fr","og_description":"L\u2019aur\u00e9ole des saints, le nimbe, la gloire. La lumi\u00e8re rayonnante est pr\u00e9sente dans les repr\u00e9sentations artistiques depuis des temps tr\u00e8s lointains.","og_url":"https:\/\/blog.holyart.it\/fr\/articles-religieux\/laureole-origines-et-signification\/","og_site_name":"Holyart.fr Blog","article_published_time":"2019-05-21T14:21:52+00:00","article_modified_time":"2019-06-20T13:51:14+00:00","og_image":[{"width":1000,"height":667,"url":"https:\/\/blog.holyart.it\/fr\/wp-content\/uploads\/sites\/14\/2019\/05\/L\u2019aur\u00e9ole.jpg","type":"image\/jpeg"}],"author":"Redazione","twitter_card":"summary_large_image","twitter_misc":{"\u00c9crit par":"Redazione","Dur\u00e9e de lecture estim\u00e9e":"9 minutes"},"schema":{"@context":"https:\/\/schema.org","@graph":[{"@type":"Article","@id":"https:\/\/blog.holyart.it\/fr\/articles-religieux\/laureole-origines-et-signification\/#article","isPartOf":{"@id":"https:\/\/blog.holyart.it\/fr\/articles-religieux\/laureole-origines-et-signification\/"},"author":{"name":"Redazione","@id":"https:\/\/blog.holyart.it\/fr\/#\/schema\/person\/0a7b686e5af0f856ec1e390dd0baecda"},"headline":"L\u2019aur\u00e9ole : origines et signification","datePublished":"2019-05-21T14:21:52+00:00","dateModified":"2019-06-20T13:51:14+00:00","mainEntityOfPage":{"@id":"https:\/\/blog.holyart.it\/fr\/articles-religieux\/laureole-origines-et-signification\/"},"wordCount":1724,"publisher":{"@id":"https:\/\/blog.holyart.it\/fr\/#organization"},"image":{"@id":"https:\/\/blog.holyart.it\/fr\/articles-religieux\/laureole-origines-et-signification\/#primaryimage"},"thumbnailUrl":"https:\/\/blog.holyart.it\/fr\/wp-content\/uploads\/sites\/14\/2019\/05\/L\u2019aur\u00e9ole.jpg","articleSection":["Religion","Saints et Bienheureux"],"inLanguage":"fr-FR"},{"@type":"WebPage","@id":"https:\/\/blog.holyart.it\/fr\/articles-religieux\/laureole-origines-et-signification\/","url":"https:\/\/blog.holyart.it\/fr\/articles-religieux\/laureole-origines-et-signification\/","name":"L\u2019aur\u00e9ole : origines et signification - Holyart.fr","isPartOf":{"@id":"https:\/\/blog.holyart.it\/fr\/#website"},"primaryImageOfPage":{"@id":"https:\/\/blog.holyart.it\/fr\/articles-religieux\/laureole-origines-et-signification\/#primaryimage"},"image":{"@id":"https:\/\/blog.holyart.it\/fr\/articles-religieux\/laureole-origines-et-signification\/#primaryimage"},"thumbnailUrl":"https:\/\/blog.holyart.it\/fr\/wp-content\/uploads\/sites\/14\/2019\/05\/L\u2019aur\u00e9ole.jpg","datePublished":"2019-05-21T14:21:52+00:00","dateModified":"2019-06-20T13:51:14+00:00","description":"L\u2019aur\u00e9ole des saints, le nimbe, la gloire. La lumi\u00e8re rayonnante est pr\u00e9sente dans les repr\u00e9sentations artistiques depuis des temps tr\u00e8s lointains.","breadcrumb":{"@id":"https:\/\/blog.holyart.it\/fr\/articles-religieux\/laureole-origines-et-signification\/#breadcrumb"},"inLanguage":"fr-FR","potentialAction":[{"@type":"ReadAction","target":["https:\/\/blog.holyart.it\/fr\/articles-religieux\/laureole-origines-et-signification\/"]}]},{"@type":"ImageObject","inLanguage":"fr-FR","@id":"https:\/\/blog.holyart.it\/fr\/articles-religieux\/laureole-origines-et-signification\/#primaryimage","url":"https:\/\/blog.holyart.it\/fr\/wp-content\/uploads\/sites\/14\/2019\/05\/L\u2019aur\u00e9ole.jpg","contentUrl":"https:\/\/blog.holyart.it\/fr\/wp-content\/uploads\/sites\/14\/2019\/05\/L\u2019aur\u00e9ole.jpg","width":1000,"height":667,"caption":"L\u2019aur\u00e9ole"},{"@type":"BreadcrumbList","@id":"https:\/\/blog.holyart.it\/fr\/articles-religieux\/laureole-origines-et-signification\/#breadcrumb","itemListElement":[{"@type":"ListItem","position":1,"name":"Homepage","item":"https:\/\/blog.holyart.it\/fr\/"},{"@type":"ListItem","position":2,"name":"Religion","item":"https:\/\/blog.holyart.it\/fr\/articles-religieux\/"},{"@type":"ListItem","position":3,"name":"L\u2019aur\u00e9ole : origines et signification"}]},{"@type":"WebSite","@id":"https:\/\/blog.holyart.it\/fr\/#website","url":"https:\/\/blog.holyart.it\/fr\/","name":"Holyart.fr Blog","description":"Holyblog","publisher":{"@id":"https:\/\/blog.holyart.it\/fr\/#organization"},"potentialAction":[{"@type":"SearchAction","target":{"@type":"EntryPoint","urlTemplate":"https:\/\/blog.holyart.it\/fr\/?s={search_term_string}"},"query-input":{"@type":"PropertyValueSpecification","valueRequired":true,"valueName":"search_term_string"}}],"inLanguage":"fr-FR"},{"@type":"Organization","@id":"https:\/\/blog.holyart.it\/fr\/#organization","name":"Holyart.fr Blog","url":"https:\/\/blog.holyart.it\/fr\/","logo":{"@type":"ImageObject","inLanguage":"fr-FR","@id":"https:\/\/blog.holyart.it\/fr\/#\/schema\/logo\/image\/","url":"https:\/\/blog.holyart.it\/fr\/wp-content\/uploads\/sites\/14\/2022\/12\/Holyart_Blog_Logo.jpg","contentUrl":"https:\/\/blog.holyart.it\/fr\/wp-content\/uploads\/sites\/14\/2022\/12\/Holyart_Blog_Logo.jpg","width":300,"height":50,"caption":"Holyart.fr Blog"},"image":{"@id":"https:\/\/blog.holyart.it\/fr\/#\/schema\/logo\/image\/"}},{"@type":"Person","@id":"https:\/\/blog.holyart.it\/fr\/#\/schema\/person\/0a7b686e5af0f856ec1e390dd0baecda","name":"Redazione","image":{"@type":"ImageObject","inLanguage":"fr-FR","@id":"https:\/\/blog.holyart.it\/fr\/#\/schema\/person\/image\/","url":"https:\/\/secure.gravatar.com\/avatar\/f477da817f43e50d0af36abecd33e3edf826c68299714bdc1057dff3b113f516?s=96&d=mm&r=g","contentUrl":"https:\/\/secure.gravatar.com\/avatar\/f477da817f43e50d0af36abecd33e3edf826c68299714bdc1057dff3b113f516?s=96&d=mm&r=g","caption":"Redazione"},"url":"https:\/\/blog.holyart.it\/fr\/author\/admin\/"}]}},"_links":{"self":[{"href":"https:\/\/blog.holyart.it\/fr\/wp-json\/wp\/v2\/posts\/1613","targetHints":{"allow":["GET"]}}],"collection":[{"href":"https:\/\/blog.holyart.it\/fr\/wp-json\/wp\/v2\/posts"}],"about":[{"href":"https:\/\/blog.holyart.it\/fr\/wp-json\/wp\/v2\/types\/post"}],"author":[{"embeddable":true,"href":"https:\/\/blog.holyart.it\/fr\/wp-json\/wp\/v2\/users\/1"}],"replies":[{"embeddable":true,"href":"https:\/\/blog.holyart.it\/fr\/wp-json\/wp\/v2\/comments?post=1613"}],"version-history":[{"count":0,"href":"https:\/\/blog.holyart.it\/fr\/wp-json\/wp\/v2\/posts\/1613\/revisions"}],"wp:featuredmedia":[{"embeddable":true,"href":"https:\/\/blog.holyart.it\/fr\/wp-json\/wp\/v2\/media\/1614"}],"wp:attachment":[{"href":"https:\/\/blog.holyart.it\/fr\/wp-json\/wp\/v2\/media?parent=1613"}],"wp:term":[{"taxonomy":"category","embeddable":true,"href":"https:\/\/blog.holyart.it\/fr\/wp-json\/wp\/v2\/categories?post=1613"},{"taxonomy":"post_tag","embeddable":true,"href":"https:\/\/blog.holyart.it\/fr\/wp-json\/wp\/v2\/tags?post=1613"}],"curies":[{"name":"wp","href":"https:\/\/api.w.org\/{rel}","templated":true}]}}