{"id":161,"date":"2016-09-16T18:14:26","date_gmt":"2016-09-16T16:14:26","guid":{"rendered":"https:\/\/blog.holyart.it\/fr\/?p=161"},"modified":"2019-03-22T10:15:58","modified_gmt":"2019-03-22T09:15:58","slug":"lanneau-episcopal","status":"publish","type":"post","link":"https:\/\/blog.holyart.it\/fr\/accessoires-pour-la-liturgie\/lanneau-episcopal\/","title":{"rendered":"L\u2019anneau \u00e9piscopal"},"content":{"rendered":"<p>L\u2019<strong>\u00c9v\u00eaque<\/strong> rev\u00eat parmis les pr\u00eatres un r\u00f4le important et charg\u00e9 de signification pour les fid\u00e8les. En tant que \u00ab\u00a0superviseur\u00a0\u00bb (du grec \u03b5\u03c0\u03af\u03c3\u03ba\u03bf\u03c0\u03bf\u03c2, ep\u00edskopos), il incarne le pasteur d\u2019\u00e2mes, \u00e9minent ministre du culte, ma\u00eetre et guide.<\/p>\n<p>Chaque \u00e9v\u00eaque repr\u00e9sente un successeur des ap\u00f4tres, choisis par J\u00e9sus comme compagnons de vie et premiers destinataires de sa parole. Il leur confia la mission de pr\u00eacher cette derni\u00e8re et de prot\u00e9ger son troupeau du mal, t\u00e2che accomplie par les \u00e9v\u00eaques encore aujourd\u2019hui.<\/p>\n<p>Les <strong><a title=\"Anneaux pastoraux\" href=\"http:\/\/www.holyart.fr\/accessoires-pour-la-liturgie\/attributs-episcopaux\">anneaux pastoraux<\/a><\/strong> ne sont qu\u2019un des symboles qui caract\u00e9risent ces figures religieuses et qui les identifient dans leur mission. L\u2019<strong>anneau pastoral <\/strong>ou <strong>\u00e9piscopal<\/strong> est une bague en m\u00e9tal pr\u00e9cieux (souvent de l\u2019or, mais d\u2019autres m\u00e9taux peuvent \u00eatre \u00e9galement utilis\u00e9s) port\u00e9e par l\u2019\u00c9v\u00eaque \u00e0 son annulaire droit comme signe de son r\u00f4le et de sa charge.<\/p>\n<p>L\u2019<strong>anneau \u00e9piscopal<\/strong> symbolise le choix d\u2019ob\u00e9issance et de service \u00e0 l\u2019\u00c9glise fait par l\u2019\u00c9v\u00eaque, sa d\u00e9claration de fid\u00e9lit\u00e9 et d\u2019intentions, mais aussi de son pouvoir sur les fid\u00e8les qui lui sont confi\u00e9s. L\u2019<strong>anneau pastoral <\/strong>dans sa forme circulaire <strong>repr\u00e9sente<\/strong> en effet <strong>l\u2019\u00e9ternit\u00e9<\/strong>, l\u2019infini sans d\u00e9but ni fin.<\/p>\n<p>L\u2019\u00c9v\u00eaque re\u00e7oit l\u2019<strong>anneau \u00e9piscopal <\/strong>pendant l\u2019Ordination. La tradition d\u2019embrasser l\u2019<strong>anneau pastoral<\/strong> d\u00e9rive du Moyen \u00c2ge, quand embrasser la bague d\u2019un Monarque \u00e9tait signe de respect et de soumission.<\/p>\n<p>Les <strong>anneaux pastoraux<\/strong> peuvent \u00eatre d\u00e9cor\u00e9s de pierres pr\u00e9cieuses, comme la tradition le veut, parfois embellis de diamants : le type de pierre symbolise le rang du pr\u00eatre qui le porte (un saphir ou un rubis pour le cardinal, un topaze jaune pour l\u2019archev\u00eaque, une am\u00e9thyste pour l\u2019\u00e9v\u00eaque).<\/p>\n<p>L\u2019<strong>anneau \u00e9piscopal <\/strong>peut \u00e9galement \u00eatre d\u00e9pourvu de pierres pr\u00e9cieuses, mais d\u00e9cor\u00e9 d\u2019incisions et de d\u00e9cors repr\u00e9sentant des symboles religieux selon une tradition qui remonte aux premiers chr\u00e9tiens.<\/p>\n<p>En tout cas, l\u2019<strong>anneau pastoral <\/strong>est un objet d\u2019une grande valeur symbolique et religieuse pour la personne qui le porte et pour ceux qui s\u2019adressent avec foi et confiance \u00e0 l\u2019\u00e9v\u00eaque.<\/p>\n","protected":false},"excerpt":{"rendered":"<p>L\u2019\u00c9v\u00eaque rev\u00eat parmis les pr\u00eatres un r\u00f4le important et charg\u00e9 de signification pour les fid\u00e8les. En tant que \u00ab\u00a0superviseur\u00a0\u00bb (du grec \u03b5\u03c0\u03af\u03c3\u03ba\u03bf\u03c0\u03bf\u03c2, ep\u00edskopos), il incarne le pasteur d\u2019\u00e2mes, \u00e9minent ministre du culte, ma\u00eetre et guide. Chaque \u00e9v\u00eaque repr\u00e9sente un successeur des ap\u00f4tres, choisis par J\u00e9sus&hellip;<\/p>\n","protected":false},"author":1,"featured_media":162,"comment_status":"closed","ping_status":"open","sticky":false,"template":"","format":"standard","meta":{"_acf_changed":false,"footnotes":""},"categories":[4],"tags":[],"class_list":["post-161","post","type-post","status-publish","format-standard","has-post-thumbnail","hentry","category-accessoires-pour-la-liturgie"],"acf":[],"yoast_head":"<!-- This site is optimized with the Yoast SEO plugin v26.6 - https:\/\/yoast.com\/wordpress\/plugins\/seo\/ -->\n<title>L\u2019anneau \u00e9piscopal - Holyart.fr Blog<\/title>\n<meta name=\"description\" content=\"L\u2019anneau \u00e9piscopal symbolise le choix d\u2019ob\u00e9issance et de service \u00e0 l\u2019\u00c9glise fait par l\u2019\u00c9v\u00eaque, sa d\u00e9claration de fid\u00e9lit\u00e9 et d\u2019intentions\" \/>\n<meta name=\"robots\" content=\"index, follow, max-snippet:-1, max-image-preview:large, max-video-preview:-1\" \/>\n<link rel=\"canonical\" href=\"https:\/\/blog.holyart.it\/fr\/accessoires-pour-la-liturgie\/lanneau-episcopal\/\" \/>\n<meta property=\"og:locale\" content=\"fr_FR\" \/>\n<meta property=\"og:type\" content=\"article\" \/>\n<meta property=\"og:title\" content=\"L\u2019anneau \u00e9piscopal - Holyart.fr Blog\" \/>\n<meta property=\"og:description\" content=\"L\u2019anneau \u00e9piscopal symbolise le choix d\u2019ob\u00e9issance et de service \u00e0 l\u2019\u00c9glise fait par l\u2019\u00c9v\u00eaque, sa d\u00e9claration de fid\u00e9lit\u00e9 et d\u2019intentions\" \/>\n<meta property=\"og:url\" content=\"https:\/\/blog.holyart.it\/fr\/accessoires-pour-la-liturgie\/lanneau-episcopal\/\" \/>\n<meta property=\"og:site_name\" content=\"Holyart.fr Blog\" \/>\n<meta property=\"article:published_time\" content=\"2016-09-16T16:14:26+00:00\" \/>\n<meta property=\"article:modified_time\" content=\"2019-03-22T09:15:58+00:00\" \/>\n<meta property=\"og:image\" content=\"https:\/\/blog.holyart.it\/fr\/wp-content\/uploads\/sites\/14\/2016\/10\/Anneau-episcopal.jpg\" \/>\n\t<meta property=\"og:image:width\" content=\"750\" \/>\n\t<meta property=\"og:image:height\" content=\"457\" \/>\n\t<meta property=\"og:image:type\" content=\"image\/jpeg\" \/>\n<meta name=\"author\" content=\"Redazione\" \/>\n<meta name=\"twitter:card\" content=\"summary_large_image\" \/>\n<meta name=\"twitter:label1\" content=\"\u00c9crit par\" \/>\n\t<meta name=\"twitter:data1\" content=\"Redazione\" \/>\n\t<meta name=\"twitter:label2\" content=\"Dur\u00e9e de lecture estim\u00e9e\" \/>\n\t<meta name=\"twitter:data2\" content=\"2 minutes\" \/>\n<script type=\"application\/ld+json\" class=\"yoast-schema-graph\">{\"@context\":\"https:\/\/schema.org\",\"@graph\":[{\"@type\":\"Article\",\"@id\":\"https:\/\/blog.holyart.it\/fr\/accessoires-pour-la-liturgie\/lanneau-episcopal\/#article\",\"isPartOf\":{\"@id\":\"https:\/\/blog.holyart.it\/fr\/accessoires-pour-la-liturgie\/lanneau-episcopal\/\"},\"author\":{\"name\":\"Redazione\",\"@id\":\"https:\/\/blog.holyart.it\/fr\/#\/schema\/person\/0a7b686e5af0f856ec1e390dd0baecda\"},\"headline\":\"L\u2019anneau \u00e9piscopal\",\"datePublished\":\"2016-09-16T16:14:26+00:00\",\"dateModified\":\"2019-03-22T09:15:58+00:00\",\"mainEntityOfPage\":{\"@id\":\"https:\/\/blog.holyart.it\/fr\/accessoires-pour-la-liturgie\/lanneau-episcopal\/\"},\"wordCount\":392,\"publisher\":{\"@id\":\"https:\/\/blog.holyart.it\/fr\/#organization\"},\"image\":{\"@id\":\"https:\/\/blog.holyart.it\/fr\/accessoires-pour-la-liturgie\/lanneau-episcopal\/#primaryimage\"},\"thumbnailUrl\":\"https:\/\/blog.holyart.it\/fr\/wp-content\/uploads\/sites\/14\/2016\/10\/Anneau-episcopal.jpg\",\"articleSection\":[\"Liturgie\"],\"inLanguage\":\"fr-FR\"},{\"@type\":\"WebPage\",\"@id\":\"https:\/\/blog.holyart.it\/fr\/accessoires-pour-la-liturgie\/lanneau-episcopal\/\",\"url\":\"https:\/\/blog.holyart.it\/fr\/accessoires-pour-la-liturgie\/lanneau-episcopal\/\",\"name\":\"L\u2019anneau \u00e9piscopal - Holyart.fr Blog\",\"isPartOf\":{\"@id\":\"https:\/\/blog.holyart.it\/fr\/#website\"},\"primaryImageOfPage\":{\"@id\":\"https:\/\/blog.holyart.it\/fr\/accessoires-pour-la-liturgie\/lanneau-episcopal\/#primaryimage\"},\"image\":{\"@id\":\"https:\/\/blog.holyart.it\/fr\/accessoires-pour-la-liturgie\/lanneau-episcopal\/#primaryimage\"},\"thumbnailUrl\":\"https:\/\/blog.holyart.it\/fr\/wp-content\/uploads\/sites\/14\/2016\/10\/Anneau-episcopal.jpg\",\"datePublished\":\"2016-09-16T16:14:26+00:00\",\"dateModified\":\"2019-03-22T09:15:58+00:00\",\"description\":\"L\u2019anneau \u00e9piscopal symbolise le choix d\u2019ob\u00e9issance et de service \u00e0 l\u2019\u00c9glise fait par l\u2019\u00c9v\u00eaque, sa d\u00e9claration de fid\u00e9lit\u00e9 et d\u2019intentions\",\"breadcrumb\":{\"@id\":\"https:\/\/blog.holyart.it\/fr\/accessoires-pour-la-liturgie\/lanneau-episcopal\/#breadcrumb\"},\"inLanguage\":\"fr-FR\",\"potentialAction\":[{\"@type\":\"ReadAction\",\"target\":[\"https:\/\/blog.holyart.it\/fr\/accessoires-pour-la-liturgie\/lanneau-episcopal\/\"]}]},{\"@type\":\"ImageObject\",\"inLanguage\":\"fr-FR\",\"@id\":\"https:\/\/blog.holyart.it\/fr\/accessoires-pour-la-liturgie\/lanneau-episcopal\/#primaryimage\",\"url\":\"https:\/\/blog.holyart.it\/fr\/wp-content\/uploads\/sites\/14\/2016\/10\/Anneau-episcopal.jpg\",\"contentUrl\":\"https:\/\/blog.holyart.it\/fr\/wp-content\/uploads\/sites\/14\/2016\/10\/Anneau-episcopal.jpg\",\"width\":750,\"height\":457,\"caption\":\"Anneau episcopal\"},{\"@type\":\"BreadcrumbList\",\"@id\":\"https:\/\/blog.holyart.it\/fr\/accessoires-pour-la-liturgie\/lanneau-episcopal\/#breadcrumb\",\"itemListElement\":[{\"@type\":\"ListItem\",\"position\":1,\"name\":\"Homepage\",\"item\":\"https:\/\/blog.holyart.it\/fr\/\"},{\"@type\":\"ListItem\",\"position\":2,\"name\":\"Liturgie\",\"item\":\"https:\/\/blog.holyart.it\/fr\/accessoires-pour-la-liturgie\/\"},{\"@type\":\"ListItem\",\"position\":3,\"name\":\"L\u2019anneau \u00e9piscopal\"}]},{\"@type\":\"WebSite\",\"@id\":\"https:\/\/blog.holyart.it\/fr\/#website\",\"url\":\"https:\/\/blog.holyart.it\/fr\/\",\"name\":\"Holyart.fr Blog\",\"description\":\"Holyblog\",\"publisher\":{\"@id\":\"https:\/\/blog.holyart.it\/fr\/#organization\"},\"potentialAction\":[{\"@type\":\"SearchAction\",\"target\":{\"@type\":\"EntryPoint\",\"urlTemplate\":\"https:\/\/blog.holyart.it\/fr\/?s={search_term_string}\"},\"query-input\":{\"@type\":\"PropertyValueSpecification\",\"valueRequired\":true,\"valueName\":\"search_term_string\"}}],\"inLanguage\":\"fr-FR\"},{\"@type\":\"Organization\",\"@id\":\"https:\/\/blog.holyart.it\/fr\/#organization\",\"name\":\"Holyart.fr Blog\",\"url\":\"https:\/\/blog.holyart.it\/fr\/\",\"logo\":{\"@type\":\"ImageObject\",\"inLanguage\":\"fr-FR\",\"@id\":\"https:\/\/blog.holyart.it\/fr\/#\/schema\/logo\/image\/\",\"url\":\"https:\/\/blog.holyart.it\/fr\/wp-content\/uploads\/sites\/14\/2022\/12\/Holyart_Blog_Logo.jpg\",\"contentUrl\":\"https:\/\/blog.holyart.it\/fr\/wp-content\/uploads\/sites\/14\/2022\/12\/Holyart_Blog_Logo.jpg\",\"width\":300,\"height\":50,\"caption\":\"Holyart.fr Blog\"},\"image\":{\"@id\":\"https:\/\/blog.holyart.it\/fr\/#\/schema\/logo\/image\/\"}},{\"@type\":\"Person\",\"@id\":\"https:\/\/blog.holyart.it\/fr\/#\/schema\/person\/0a7b686e5af0f856ec1e390dd0baecda\",\"name\":\"Redazione\",\"image\":{\"@type\":\"ImageObject\",\"inLanguage\":\"fr-FR\",\"@id\":\"https:\/\/blog.holyart.it\/fr\/#\/schema\/person\/image\/\",\"url\":\"https:\/\/secure.gravatar.com\/avatar\/f477da817f43e50d0af36abecd33e3edf826c68299714bdc1057dff3b113f516?s=96&d=mm&r=g\",\"contentUrl\":\"https:\/\/secure.gravatar.com\/avatar\/f477da817f43e50d0af36abecd33e3edf826c68299714bdc1057dff3b113f516?s=96&d=mm&r=g\",\"caption\":\"Redazione\"},\"url\":\"https:\/\/blog.holyart.it\/fr\/author\/admin\/\"}]}<\/script>\n<!-- \/ Yoast SEO plugin. -->","yoast_head_json":{"title":"L\u2019anneau \u00e9piscopal - Holyart.fr Blog","description":"L\u2019anneau \u00e9piscopal symbolise le choix d\u2019ob\u00e9issance et de service \u00e0 l\u2019\u00c9glise fait par l\u2019\u00c9v\u00eaque, sa d\u00e9claration de fid\u00e9lit\u00e9 et d\u2019intentions","robots":{"index":"index","follow":"follow","max-snippet":"max-snippet:-1","max-image-preview":"max-image-preview:large","max-video-preview":"max-video-preview:-1"},"canonical":"https:\/\/blog.holyart.it\/fr\/accessoires-pour-la-liturgie\/lanneau-episcopal\/","og_locale":"fr_FR","og_type":"article","og_title":"L\u2019anneau \u00e9piscopal - Holyart.fr Blog","og_description":"L\u2019anneau \u00e9piscopal symbolise le choix d\u2019ob\u00e9issance et de service \u00e0 l\u2019\u00c9glise fait par l\u2019\u00c9v\u00eaque, sa d\u00e9claration de fid\u00e9lit\u00e9 et d\u2019intentions","og_url":"https:\/\/blog.holyart.it\/fr\/accessoires-pour-la-liturgie\/lanneau-episcopal\/","og_site_name":"Holyart.fr Blog","article_published_time":"2016-09-16T16:14:26+00:00","article_modified_time":"2019-03-22T09:15:58+00:00","og_image":[{"width":750,"height":457,"url":"https:\/\/blog.holyart.it\/fr\/wp-content\/uploads\/sites\/14\/2016\/10\/Anneau-episcopal.jpg","type":"image\/jpeg"}],"author":"Redazione","twitter_card":"summary_large_image","twitter_misc":{"\u00c9crit par":"Redazione","Dur\u00e9e de lecture estim\u00e9e":"2 minutes"},"schema":{"@context":"https:\/\/schema.org","@graph":[{"@type":"Article","@id":"https:\/\/blog.holyart.it\/fr\/accessoires-pour-la-liturgie\/lanneau-episcopal\/#article","isPartOf":{"@id":"https:\/\/blog.holyart.it\/fr\/accessoires-pour-la-liturgie\/lanneau-episcopal\/"},"author":{"name":"Redazione","@id":"https:\/\/blog.holyart.it\/fr\/#\/schema\/person\/0a7b686e5af0f856ec1e390dd0baecda"},"headline":"L\u2019anneau \u00e9piscopal","datePublished":"2016-09-16T16:14:26+00:00","dateModified":"2019-03-22T09:15:58+00:00","mainEntityOfPage":{"@id":"https:\/\/blog.holyart.it\/fr\/accessoires-pour-la-liturgie\/lanneau-episcopal\/"},"wordCount":392,"publisher":{"@id":"https:\/\/blog.holyart.it\/fr\/#organization"},"image":{"@id":"https:\/\/blog.holyart.it\/fr\/accessoires-pour-la-liturgie\/lanneau-episcopal\/#primaryimage"},"thumbnailUrl":"https:\/\/blog.holyart.it\/fr\/wp-content\/uploads\/sites\/14\/2016\/10\/Anneau-episcopal.jpg","articleSection":["Liturgie"],"inLanguage":"fr-FR"},{"@type":"WebPage","@id":"https:\/\/blog.holyart.it\/fr\/accessoires-pour-la-liturgie\/lanneau-episcopal\/","url":"https:\/\/blog.holyart.it\/fr\/accessoires-pour-la-liturgie\/lanneau-episcopal\/","name":"L\u2019anneau \u00e9piscopal - Holyart.fr Blog","isPartOf":{"@id":"https:\/\/blog.holyart.it\/fr\/#website"},"primaryImageOfPage":{"@id":"https:\/\/blog.holyart.it\/fr\/accessoires-pour-la-liturgie\/lanneau-episcopal\/#primaryimage"},"image":{"@id":"https:\/\/blog.holyart.it\/fr\/accessoires-pour-la-liturgie\/lanneau-episcopal\/#primaryimage"},"thumbnailUrl":"https:\/\/blog.holyart.it\/fr\/wp-content\/uploads\/sites\/14\/2016\/10\/Anneau-episcopal.jpg","datePublished":"2016-09-16T16:14:26+00:00","dateModified":"2019-03-22T09:15:58+00:00","description":"L\u2019anneau \u00e9piscopal symbolise le choix d\u2019ob\u00e9issance et de service \u00e0 l\u2019\u00c9glise fait par l\u2019\u00c9v\u00eaque, sa d\u00e9claration de fid\u00e9lit\u00e9 et d\u2019intentions","breadcrumb":{"@id":"https:\/\/blog.holyart.it\/fr\/accessoires-pour-la-liturgie\/lanneau-episcopal\/#breadcrumb"},"inLanguage":"fr-FR","potentialAction":[{"@type":"ReadAction","target":["https:\/\/blog.holyart.it\/fr\/accessoires-pour-la-liturgie\/lanneau-episcopal\/"]}]},{"@type":"ImageObject","inLanguage":"fr-FR","@id":"https:\/\/blog.holyart.it\/fr\/accessoires-pour-la-liturgie\/lanneau-episcopal\/#primaryimage","url":"https:\/\/blog.holyart.it\/fr\/wp-content\/uploads\/sites\/14\/2016\/10\/Anneau-episcopal.jpg","contentUrl":"https:\/\/blog.holyart.it\/fr\/wp-content\/uploads\/sites\/14\/2016\/10\/Anneau-episcopal.jpg","width":750,"height":457,"caption":"Anneau episcopal"},{"@type":"BreadcrumbList","@id":"https:\/\/blog.holyart.it\/fr\/accessoires-pour-la-liturgie\/lanneau-episcopal\/#breadcrumb","itemListElement":[{"@type":"ListItem","position":1,"name":"Homepage","item":"https:\/\/blog.holyart.it\/fr\/"},{"@type":"ListItem","position":2,"name":"Liturgie","item":"https:\/\/blog.holyart.it\/fr\/accessoires-pour-la-liturgie\/"},{"@type":"ListItem","position":3,"name":"L\u2019anneau \u00e9piscopal"}]},{"@type":"WebSite","@id":"https:\/\/blog.holyart.it\/fr\/#website","url":"https:\/\/blog.holyart.it\/fr\/","name":"Holyart.fr Blog","description":"Holyblog","publisher":{"@id":"https:\/\/blog.holyart.it\/fr\/#organization"},"potentialAction":[{"@type":"SearchAction","target":{"@type":"EntryPoint","urlTemplate":"https:\/\/blog.holyart.it\/fr\/?s={search_term_string}"},"query-input":{"@type":"PropertyValueSpecification","valueRequired":true,"valueName":"search_term_string"}}],"inLanguage":"fr-FR"},{"@type":"Organization","@id":"https:\/\/blog.holyart.it\/fr\/#organization","name":"Holyart.fr Blog","url":"https:\/\/blog.holyart.it\/fr\/","logo":{"@type":"ImageObject","inLanguage":"fr-FR","@id":"https:\/\/blog.holyart.it\/fr\/#\/schema\/logo\/image\/","url":"https:\/\/blog.holyart.it\/fr\/wp-content\/uploads\/sites\/14\/2022\/12\/Holyart_Blog_Logo.jpg","contentUrl":"https:\/\/blog.holyart.it\/fr\/wp-content\/uploads\/sites\/14\/2022\/12\/Holyart_Blog_Logo.jpg","width":300,"height":50,"caption":"Holyart.fr Blog"},"image":{"@id":"https:\/\/blog.holyart.it\/fr\/#\/schema\/logo\/image\/"}},{"@type":"Person","@id":"https:\/\/blog.holyart.it\/fr\/#\/schema\/person\/0a7b686e5af0f856ec1e390dd0baecda","name":"Redazione","image":{"@type":"ImageObject","inLanguage":"fr-FR","@id":"https:\/\/blog.holyart.it\/fr\/#\/schema\/person\/image\/","url":"https:\/\/secure.gravatar.com\/avatar\/f477da817f43e50d0af36abecd33e3edf826c68299714bdc1057dff3b113f516?s=96&d=mm&r=g","contentUrl":"https:\/\/secure.gravatar.com\/avatar\/f477da817f43e50d0af36abecd33e3edf826c68299714bdc1057dff3b113f516?s=96&d=mm&r=g","caption":"Redazione"},"url":"https:\/\/blog.holyart.it\/fr\/author\/admin\/"}]}},"_links":{"self":[{"href":"https:\/\/blog.holyart.it\/fr\/wp-json\/wp\/v2\/posts\/161","targetHints":{"allow":["GET"]}}],"collection":[{"href":"https:\/\/blog.holyart.it\/fr\/wp-json\/wp\/v2\/posts"}],"about":[{"href":"https:\/\/blog.holyart.it\/fr\/wp-json\/wp\/v2\/types\/post"}],"author":[{"embeddable":true,"href":"https:\/\/blog.holyart.it\/fr\/wp-json\/wp\/v2\/users\/1"}],"replies":[{"embeddable":true,"href":"https:\/\/blog.holyart.it\/fr\/wp-json\/wp\/v2\/comments?post=161"}],"version-history":[{"count":0,"href":"https:\/\/blog.holyart.it\/fr\/wp-json\/wp\/v2\/posts\/161\/revisions"}],"wp:featuredmedia":[{"embeddable":true,"href":"https:\/\/blog.holyart.it\/fr\/wp-json\/wp\/v2\/media\/162"}],"wp:attachment":[{"href":"https:\/\/blog.holyart.it\/fr\/wp-json\/wp\/v2\/media?parent=161"}],"wp:term":[{"taxonomy":"category","embeddable":true,"href":"https:\/\/blog.holyart.it\/fr\/wp-json\/wp\/v2\/categories?post=161"},{"taxonomy":"post_tag","embeddable":true,"href":"https:\/\/blog.holyart.it\/fr\/wp-json\/wp\/v2\/tags?post=161"}],"curies":[{"name":"wp","href":"https:\/\/api.w.org\/{rel}","templated":true}]}}