{"id":1568,"date":"2019-05-07T10:00:59","date_gmt":"2019-05-07T08:00:59","guid":{"rendered":"https:\/\/blog.holyart.it\/fr\/?p=1568"},"modified":"2020-07-06T15:25:55","modified_gmt":"2020-07-06T13:25:55","slug":"les-10-benedictions-que-vous-devez-absolument-connaitre","status":"publish","type":"post","link":"https:\/\/blog.holyart.it\/fr\/accessoires-pour-la-liturgie\/les-10-benedictions-que-vous-devez-absolument-connaitre\/","title":{"rendered":"Les 10 b\u00e9n\u00e9dictions que vous devez absolument conna\u00eetre"},"content":{"rendered":"<p>Depuis toujours, les b\u00e9n\u00e9dictions parcourent la vie des fid\u00e8les avec des formules anciennes, des rituels faits de gestes que tr\u00e8s souvent nous prenons pour acquis, mais qui au contraire expriment un h\u00e9ritage mill\u00e9naire, dense de significations (et de signifiants) qui puisent leurs racines dans l\u2019histoire m\u00eame de la religion.<\/p>\n<p>En cherchant le terme \u00ab\u00a0b\u00e9n\u00e9diction\u00a0\u00bb sur le dictionnaire, nous lisons les d\u00e9finitions suivantes :<\/p>\n<p><em>Acte liturgique, c\u00e9r\u00e9monie, avec laquelle on b\u00e9nit qqn ou qqch\u00a0: b. de l\u2019eau ; acte en vertu duquel la gr\u00e2ce divine descend sur les fid\u00e8les : donne la b. || b. urbi et orbi, b\u00e9n\u00e9diction papale solennelle \u00e0 la ville de Rome et au monde entier<\/em><\/p>\n<p><em>Geste qui, de forme autoritaire, symbolise une disposition bienveillante et protectrice\u00a0: donner sa b. aux fils\u00a0; souhait, invocation du bien\u00a0: avoir la b. de tous les b\u00e9n\u00e9ficiaires<\/em><\/p>\n<p><em>Personne ou chose qui est origine de bien<\/em><\/p>\n<p>Bien \u00e9videmment, nous nous int\u00e9resserons davantage \u00e0 la premi\u00e8re, l\u2019acceptation la plus importante du terme. Pour l\u2019\u00c9glise catholique, la b\u00e9n\u00e9diction est une requ\u00eate exerc\u00e9e par quelqu\u2019un, d\u2019habitude un ministre religieux, comme un \u00e9v\u00eaque, un presbytre, ou un diacre, pour faire descendre la gr\u00e2ce de Dieu sur quelqu\u2019un d\u2019autre. Il s\u2019agit d\u2019une invocation de faveur et de bienveillance pour quelqu\u2019un ou pour quelque chose. L\u2019\u00c9glise compte la b\u00e9n\u00e9diction parmi les Sacramentaux, i.e. ces \u00ab\u00a0<em>signes sacr\u00e9s institu\u00e9es par l\u2019\u00c9glise dont le but est de pr\u00e9parer les hommes \u00e0 recevoir le fruit des sacrements et de sanctifier les diff\u00e9rentes circonstances de la vie.\u00a0\u00bb<\/em> (Article 1677 du Cat\u00e9chisme de l\u2019\u00c9glise Catholique). Pour la plupart, ce sont des formules orales, m\u00eame si souvent elles impliquent aussi l\u2019usage de gestes particuliers et d\u2019<a href=\"https:\/\/www.holyart.fr\/accessoires-pour-la-liturgie\/accessoires-pour-benedictions\"><strong>accessoires pour b\u00e9n\u00e9dictions\u00a0<\/strong><\/a>: un exemple parmi tous et le signe de la croix, avec un mouvement de la main, ou l\u2019aspersion avec l\u2019eau b\u00e9nite avec un instrument sp\u00e9cifique appel\u00e9 <a href=\"https:\/\/www.holyart.fr\/accessoires-pour-la-liturgie\/accessoires-pour-benedictions\/goupillon-metal-lucide\"><strong>aspersoir<\/strong> <strong>ou <\/strong><strong>g<\/strong><strong>oupillon<\/strong><\/a>.<\/p>\n<p>Dans l\u2019<strong>Ancien Testament<\/strong>, les b\u00e9n\u00e9dictions \u00e9taient entendues surtout comme un moyen pour demander \u00e0 Dieu d\u2019influencer la vie terrestre, mat\u00e9rielle, de qui se confie \u00e0 Lui, Lui demandant de garantir \u00e0 qui \u00e9tait b\u00e9nit une famille saine et nombreuse, une longue vie et prosp\u00e9rit\u00e9. Mais dans certains livres, nous trouvons aussi la r\u00e9f\u00e9rence \u00e0 des b\u00e9n\u00e9dictions bien plus spirituelles, comme la sagesse, la paix et la justice. Dans le Nouveau Testament, J\u00e9sus se reliera \u00e0 cette vision-ci des b\u00e9n\u00e9dictions. Encore dans le contexte de la culture juive, la b\u00e9n\u00e9diction reste toujours une pr\u00e9rogative divine, m\u00eame quand c\u2019est \u00e0 un homme \u00e0 la prononcer. Dans ce cas-ci, Dieu recourt \u00e0 un interm\u00e9diaire pour envoyer ses b\u00e9n\u00e9dictions (ou ses mal\u00e9dictions aussi). Ces hommes deviennent en quelque sorte des b\u00e9n\u00e9dictions pour les autres hommes, \u00e9lus par Dieu pour amener sa faveur ou sa condamnation parmi leurs semblables.<\/p>\n<p>Dans le <strong>Nouveau Testament<\/strong>, J\u00e9sus devient l\u2019incarnation de la b\u00e9n\u00e9diction de Dieu, Son instrument de bienveillance et de r\u00e9demption pour tous les hommes. J\u00e9sus ne b\u00e9nit pas seulement ses disciples, les malades, les enfants, mais est lui-m\u00eame b\u00e9n\u00e9diction, source in\u00e9puisable de l\u2019Amour de Dieu, de Son infinie g\u00e9n\u00e9rosit\u00e9. Dieu \u00ab<em>\u00a0<\/em>nous a b\u00e9nis de toutes sortes de b\u00e9n\u00e9dictions spirituelles dans les lieux c\u00e9lestes en Christ.\u00a0\u00bb (\u00c9ph\u00e9siens 1,3) Saint Paul parle d\u2019une \u00ab\u00a0pleine b\u00e9n\u00e9diction de Christ\u00a0\u00bb (Romains 15,29).<\/p>\n<p>L\u2019\u00c9glise a recueilli toutes les b\u00e9n\u00e9dictions dans un texte liturgique, le <strong>B\u00e9n\u00e9dictionnaire<\/strong>. Il contient toutes les formules de b\u00e9n\u00e9dictions utiles pour chaque occasion et les rites des b\u00e9n\u00e9dictions que les presbytres et les diacres doivent conna\u00eetre. Examinons ensemble certaines des b\u00e9n\u00e9dictions les plus importantes et les plus r\u00e9pandues. Nous en avons s\u00e9lectionn\u00e9s dix.<\/p>\n<h2>La B\u00e9n\u00e9diction papale (b\u00e9n\u00e9diction apostolique)<\/h2>\n<p>Les b\u00e9n\u00e9dictions apostoliques sont des b\u00e9n\u00e9dictions sp\u00e9ciales qui peuvent \u00eatre administr\u00e9es uniquement par le Pape, par un \u00e9v\u00eaque ou par un ministre de niveau \u00e9quivalent. Le Pape peut \u00e9galement envoyer la b\u00e9n\u00e9diction apostolique par \u00e9crit, quand n\u00e9cessaire et uniquement \u00e0 des occasions sp\u00e9ciales. Afin d\u2019obtenir une b\u00e9n\u00e9diction papale il faut d\u00e9poser une demande \u00e0 l\u2019Aum\u00f4nerie apostolique, en envoyant une habilitation de l\u2019autorit\u00e9 eccl\u00e9siastique. Les b\u00e9n\u00e9dictions papales, donn\u00e9es par le Pape ou par un \u00c9v\u00eaque, ont souvent annex\u00e9e l\u2019indulgence pl\u00e9ni\u00e8re. Avant le Concile Vatican II, la b\u00e9n\u00e9diction donn\u00e9e par un pr\u00eatre \u00e0 l\u2019occasion des Derniers Sacrements \u00e9tait \u00e9galement consid\u00e9r\u00e9e comme une b\u00e9n\u00e9diction papale. La b\u00e9n\u00e9diction papale est conc\u00e9d\u00e9e \u00e0 l\u2019occasion de certains sacrements (Bapt\u00eame, Premi\u00e8re Communion, Confirmation, Mariage) ; quand un pr\u00eatre est ordonn\u00e9 ou prononce ses v\u0153ux; quand un la\u00efc prononce ses v\u0153ux (cons\u00e9cration s\u00e9culi\u00e8re)\u00a0; quand un diacre est ordonn\u00e9 de mani\u00e8re permanente\u00a0; pour un Anniversaire de mariage significatif (noces d\u2019argent, noces d\u2019or, etc.)\u00a0; pour certains anniversaires particuli\u00e8rement importants (18 ans, 50 ans, 100 ans, etc.).<\/p>\n<h2>La b\u00e9n\u00e9diction Urbi et Orbi<\/h2>\n<p>La b\u00e9n\u00e9diction Urbi et Orbi est probablement la plus c\u00e9l\u00e8bres parmi les b\u00e9n\u00e9dictions papales : le Pape la donne lors de certaines occasions sp\u00e9ciales, pendant les festivit\u00e9s majeurs (<a href=\"https:\/\/www.holyart.fr\/noel\"><strong>No\u00ebl<\/strong><\/a> et <a href=\"https:\/\/www.holyart.fr\/occasions-speciales\/paques-et-careme\"><strong>P\u00e2ques<\/strong><\/a>) et au Nouvel An. Il s\u2019agit \u00e9galement de la premi\u00e8re b\u00e9n\u00e9diction publique du Pape apr\u00e8s son \u00e9lection au Si\u00e8ge pontifical. C\u2019est une b\u00e9n\u00e9diction particuli\u00e8rement puissante et importante, puisqu\u2019avec elle on conc\u00e8de aussi une indulgence pl\u00e9ni\u00e8re pour tous ceux qui sont physiquement pr\u00e9sents devant le Pape, mais aussi pour tous ceux qui y assistent via les m\u00e9dias. La locution latine <em>Urbi et Orbi<\/em> signifie \u00ab\u00a0\u00c0 la ville (Rome) et au monde\u00a0\u00bb.<\/p>\n<p>Le Pape prononce la b\u00e9n\u00e9diction en latin et les fid\u00e8les r\u00e9pondent \u00ab\u00a0Amen\u00a0\u00bb.<\/p>\n<p><em>Que les saints Ap\u00f4tres Pierre et Paul, dont la puissance et l&rsquo;autorit\u00e9 nous ont \u00e9t\u00e9 confi\u00e9es, interc\u00e8dent personnellement pour nous aupr\u00e8s du Seigneur\u00a0! <\/em><\/p>\n<p><em>Amen. <\/em><\/p>\n<p><em>Que par les pri\u00e8res et les m\u00e9rites de la bienheureuse Marie toujours Vierge, de Saint Michel archange, de Saint Jean Baptiste et des saints ap\u00f4tres Pierre et Paul, et de tous les saints, le Dieu tout-puissant ait piti\u00e9 de vous et qu&rsquo;ayant remis tous vos p\u00e9ch\u00e9s, J\u00e9sus Christ vous conduise \u00e0 la vie \u00e9ternelle\u00a0! <\/em><\/p>\n<p><em>Amen. <\/em><\/p>\n<p><em>L&rsquo;indulgence, l&rsquo;absolution et le pardon de tous vos p\u00e9ch\u00e9s, un espace d&rsquo;une p\u00e9nitence authentique et fructueuse, un c\u0153ur toujours p\u00e9nitent et une correction de votre vie, la gr\u00e2ce et le conseil de l&rsquo;Esprit Saint et la pers\u00e9v\u00e9rance jusqu&rsquo;\u00e0 la fin dans les bonnes \u0153uvres\u00a0: que vous l&rsquo;accorde le Seigneur tout-puissant et mis\u00e9ricordieux\u00a0! <\/em><\/p>\n<p><em>Amen. <\/em><\/p>\n<p><em>Et que la b\u00e9n\u00e9diction du Dieu tout-puissant, le P\u00e8re, le Fils et le Saint-Esprit descende sur vous et y demeure \u00e0 jamais. <\/em><\/p>\n<p><em>Amen. <\/em><\/p>\n<h2>La b\u00e9n\u00e9diction du Saint-Sacrement<\/h2>\n<figure id=\"attachment_1572\" aria-describedby=\"caption-attachment-1572\" style=\"width: 1000px\" class=\"wp-caption aligncenter\"><img loading=\"lazy\" decoding=\"async\" class=\"size-full wp-image-1572\" src=\"https:\/\/blog.holyart.it\/fr\/wp-content\/uploads\/sites\/14\/2019\/05\/La-b\u00e9n\u00e9diction-du-Saint-Sacrement.jpg\" alt=\"La b\u00e9n\u00e9diction du Saint-Sacrement\" width=\"1000\" height=\"701\" \/><figcaption id=\"caption-attachment-1572\" class=\"wp-caption-text\"><center>B\u00e9n\u00e9diction eucharistique donn\u00e9e par le cardinal Angelo Scola<\/center><\/figcaption><\/figure>\n<p>Par b\u00e9n\u00e9diction eucharistique on entend la b\u00e9n\u00e9diction pratiqu\u00e9e en exposant le Corps du Seigneur dans l\u2019<a href=\"https:\/\/www.holyart.fr\/accessoires-pour-la-liturgie\/ostensoirs-reliquaires-trones\/ostensoirs-reliquaires-en-metal\"><strong>Ostensoir<\/strong><\/a> sur l\u2019autel, o\u00f9 tout le monde peut le voir et prier \u00e0 genoux. Elle est donc strictement reli\u00e9e \u00e0 la pratique de l\u2019adoration eucharistique. Avant le Concile Vatican II, la b\u00e9n\u00e9diction eucharistique \u00e9tait la pratique liturgique de l\u2019apr\u00e8s-midi la plus r\u00e9pandue et solennelle, du moment que le pain consacr\u00e9, i.e. le Tr\u00e8s Saint Sacrement, en \u00e9tait le centre.<\/p>\n<p>La b\u00e9n\u00e9diction eucharistique peut \u00eatre donn\u00e9e par les \u00e9v\u00eaques, les presbytres et les diacres. Elle est divis\u00e9e en plusieurs \u00e9tapes\u00a0:<\/p>\n<ul>\n<li>Exposition : l\u2019ostensoir est sorti du <a href=\"https:\/\/www.holyart.fr\/accessoires-pour-la-liturgie\/mobilier-deglise\/tabernacles\"><strong>tabernacle<\/strong><\/a> et pos\u00e9 sur l\u2019autel. Les fid\u00e8les s\u2019agenouillent en chantant un hymne, tandis que le ministre asperge l\u2019encens sur l\u2019Eucharistie ;<\/li>\n<li>Adoration : chaque fid\u00e8le prie en silence ;<\/li>\n<li>Invocations : des litanies de Lorette et jaculatoires ;<\/li>\n<li>Oration : le ministre dit sa pri\u00e8re devant le Tr\u00e8s Saint Sacrement ;<\/li>\n<li>Tantum ergo : les fid\u00e8les entonnent les deux derni\u00e8res strophes du\u00a0<em>Pange Lingua<\/em>, tandis que le ministre asperge \u00e0 nouveau de l\u2019encens\u00a0;<\/li>\n<li>B\u00e9n\u00e9diction : le ministre soul\u00e8ve l\u2019ostensoir et trace le signe de la croix sur les fid\u00e8les, en restant en silence ;<\/li>\n<li>Reposition : tandis que le ministre reposer l\u2019ostensoir sur l\u2019autel, on r\u00e9cite l\u2019acclamation <em>Dieu soit b\u00e9ni<\/em>. Tandis que la pri\u00e8re continue, le Tr\u00e8s Saint Sacrement est remis dans le tabernacle.<\/li>\n<\/ul>\n<h2>La b\u00e9n\u00e9diction de Padre Pio<\/h2>\n<figure id=\"attachment_1573\" aria-describedby=\"caption-attachment-1573\" style=\"width: 1000px\" class=\"wp-caption aligncenter\"><img loading=\"lazy\" decoding=\"async\" class=\"size-full wp-image-1573\" src=\"https:\/\/blog.holyart.it\/fr\/wp-content\/uploads\/sites\/14\/2019\/05\/La-b\u00e9n\u00e9diction-de-Padre-Pio.jpg\" alt=\"La b\u00e9n\u00e9diction de Padre Pio\" width=\"1000\" height=\"462\" \/><figcaption id=\"caption-attachment-1573\" class=\"wp-caption-text\"><center>Padre Pio \u2013 Image historique<\/center><\/figcaption><\/figure>\n<p>&nbsp;<\/p>\n<p>Parmi les saints \u201cmodernes\u201d, Padre Pio est probablement celui qui a le plus encourag\u00e9 ceux qui s\u2019adressaient \u00e0 lui \u00e0 la recherche de r\u00e9confort et de conseil \u00e0 se confier \u00e0 Dieu \u00e0 chaque instant de leurs vies. Le seul chemin m\u00e9ritant d\u2019\u00eatre parcouru pour le Saint de Pietrelcina est celui o\u00f9 Dieu est une pr\u00e9sence constante \u00e0 nos c\u00f4t\u00e9s, et l\u2019homme ne doit rien faire d\u2019autre que de conformer son vouloir au Sien, laisser le Saint Esprit \u0153uvrer \u00e0 travers lui, avec une confiance et une foi aveugles, sans clameur, sans anxi\u00e9t\u00e9, car J\u00e9sus sait ce qui est mieux et peut faire en sorte que tout se r\u00e9alise selon le vouloir de Son P\u00e8re.<\/p>\n<p>Les b\u00e9n\u00e9dictions que Padre Pio accordait \u00e0 ses d\u00e9vots, donc, \u00e9taient centr\u00e9es sur cette invitation \u00e0 laisser aller chaque angoisse, chaque peine, et \u00e0 confier en Dieu et en Son infinie mis\u00e9ricorde, \u00e0 l\u2019aimer au-del\u00e0 de toute chose et attendre avec confiance les fruits de cet amour.<\/p>\n<p>Voici, par exemple, une b\u00e9n\u00e9diction du soir :<\/p>\n<p>\u00ab\u00a0<em>Que la b\u00e9n\u00e9diction de Dieu soit escorte, soutien et guide\u00a0! Formez une famille chr\u00e9tienne, si vous voulez un peu de tranquillit\u00e9 dans cette vie\u00a0: que le Seigneur vous donne des enfants et ensuite la gr\u00e2ce de les adresser vers la voie du ciel.<\/em><\/p>\n<p><em>Ne te fatigue pas pour les choses qui engendrent de la sollicitude, des perturbations et des soucis. Seulement une chose est n\u00e9cessaire\u00a0: \u00e9lever l\u2019esprit et aimer Dieu. Avec cette pens\u00e9e, je vous souhaite bonne nuit\u2026au nom du P\u00e8re, du Fils et du Saint Esprit et ainsi soit-il. Lou\u00e9s soient J\u00e9sus et Marie. Et bonne nuit \u00e0 tous.\u00a0\u00bb<\/em><\/p>\n<h2>La B\u00e9n\u00e9diction de Saint Fran\u00e7ois<\/h2>\n<figure id=\"attachment_1574\" aria-describedby=\"caption-attachment-1574\" style=\"width: 1000px\" class=\"wp-caption aligncenter\"><img loading=\"lazy\" decoding=\"async\" class=\"size-full wp-image-1574\" src=\"https:\/\/blog.holyart.it\/fr\/wp-content\/uploads\/sites\/14\/2019\/05\/La-B\u00e9n\u00e9diction-de-Saint-Fran\u00e7ois.jpg\" alt=\"La B\u00e9n\u00e9diction de Saint Fran\u00e7ois\" width=\"1000\" height=\"478\" \/><figcaption id=\"caption-attachment-1574\" class=\"wp-caption-text\"><center>Saint Fran\u00e7ois \u2013 Saint Patron d\u2019Italie<\/center><\/figcaption><\/figure>\n<p>Parmi les nombreux compagnons aim\u00e9s par Saint Fran\u00e7ois, Fr\u00e8re L\u00e9on rev\u00eate un r\u00f4le particulier. Ce n\u2019est pas un hasard que ses restes aient \u00e9t\u00e9 enterr\u00e9s \u00e0 c\u00f4t\u00e9 de ceux du Saint. Il \u00e9tait un homme dot\u00e9 d\u2019une grande culture et un calligraphe habile, et remplit \u00e9galement le r\u00f4le de secr\u00e9taire pour Saint Fran\u00e7ois, en restant \u00e0 ses c\u00f4t\u00e9s dans tous les moments les plus significatifs de sa vie, en l\u2019\u00e9paulant m\u00eame dans l\u2019\u00e9criture de la Nouvelle R\u00e8gle. Il \u00e9tait \u00e9galement son p\u00e8re confesseur. Fran\u00e7ois l\u2019appelait petit mouton de Dieu, en vertu de sa puret\u00e9, de sa simplicit\u00e9 de c\u0153ur et c\u2019est \u00e0 lui qu\u2019il conc\u00e9da de voir et de toucher les Stigmates qu\u2019il re\u00e7ut sur le Mont de l\u2019Alv\u00a0\u00a0\u00a0\u00a0\u00a0\u00a0\u00a0\u00a0\u00a0\u00a0\u00a0 erne. L\u2019amour que Fran\u00e7ois lui portait \u00e9tait grand, et nous pouvons en avoir un aper\u00e7u encore aujourd\u2019hui, gr\u00e2ce \u00e0 une tr\u00e8s pr\u00e9cieuse relique arriv\u00e9e jusqu\u2019\u00e0 nous et conserv\u00e9e dans la basilique de Saint Fran\u00e7ois \u00e0 Assise\u00a0: la <em>chartula<\/em>. Il s\u2019agit d\u2019une petite feuille sur laquelle sont inscrits d\u2019un c\u00f4t\u00e9 le texte des <em>Louages de Dieu<\/em> et, de l\u2019autre c\u00f4t\u00e9, une b\u00e9n\u00e9diction que Saint Fran\u00e7ois d\u00e9dia \u00e0 Fr\u00e8re L\u00e9on en personne pour le soutenir dans un moment difficile\u00a0:<\/p>\n<p><em>Benedicat tibi Dominus et custodiat te,<\/em><\/p>\n<p><em>ostendat faciem suam tibi et misereatur<\/em><\/p>\n<p><em>tui convertat vultum suum ad te<\/em><\/p>\n<p><em>et det tibi pacem.<\/em><\/p>\n<p><em>Dominus benedicat frater Leo, te<\/em><\/p>\n<p><em>Benedicat, benedicat,<\/em><\/p>\n<p><em>benedicat tibi Dominus<\/em><\/p>\n<p><em>et custodiat te Frater Leo, te<\/em><\/p>\n<p><em>\u00a0<\/em><\/p>\n<p><em>Que le Seigneur vous b\u00e9nisse<\/em><\/p>\n<p><em>Et vous garde.<\/em><\/p>\n<p><em>Qu\u2019Il vous montre Sa face<\/em><\/p>\n<p><em>Et qu\u2019Il ait piti\u00e9 de vous.<\/em><\/p>\n<p><em>Que le Seigneur tourne vers vous son regard<\/em><\/p>\n<p><em>Et qu\u2019Il vous donne la Paix.<\/em><\/p>\n<p><em>Que le Seigneur vous b\u00e9nisse, Fr\u00e8re L\u00e9on.<\/em><\/p>\n<p><em>Qu\u2019Il vous b\u00e9nisse<\/em><\/p>\n<p><em>Qu\u2019Il vous b\u00e9nisse<\/em><\/p>\n<p><em>Que le Seigneur vous b\u00e9nisse,<\/em><\/p>\n<p><em>et qu\u2019Il vous garde, Fr\u00e8re L\u00e9on.<\/em><\/p>\n<p>Cette ancienne b\u00e9n\u00e9diction, dict\u00e9e par l\u2019amour entre deux amis, est arriv\u00e9e jusqu\u2019\u00e0 nous, en assumant une valeur universelle. La b\u00e9n\u00e9diction de Saint Fran\u00e7ois est devenue un don du Saint \u00e0 tous les hommes, de tous les temps, de tous les pays, un v\u0153ux de jouir de l\u2019amour de Dieu, de Son regard bienveillant et mis\u00e9ricordieux, qui reste valable encore aujourd\u2019hui, et pour toujours, pour tous ceux qui sont pris par d\u00e9sespoir et n\u00e9cessitent d\u2019un encouragement.<\/p>\n<h2>La b\u00e9n\u00e9diction nuptiale<\/h2>\n<figure id=\"attachment_1575\" aria-describedby=\"caption-attachment-1575\" style=\"width: 1000px\" class=\"wp-caption aligncenter\"><img loading=\"lazy\" decoding=\"async\" class=\"wp-image-1575 size-full\" src=\"https:\/\/blog.holyart.it\/fr\/wp-content\/uploads\/sites\/14\/2019\/05\/La-b\u00e9n\u00e9diction-nuptiale.jpg\" alt=\"La b\u00e9n\u00e9diction nuptiale\" width=\"1000\" height=\"664\" \/><figcaption id=\"caption-attachment-1575\" class=\"wp-caption-text\"><center>B\u00e9n\u00e9diction nuptiale<\/center><\/figcaption><\/figure>\n<p>La b\u00e9n\u00e9diction nuptiale est le moment de la c\u00e9r\u00e9monie nuptiale o\u00f9 le Ministre b\u00e9nit les deux mari\u00e9s. D\u2019habitude, elle est prononc\u00e9e apr\u00e8s l\u2019\u00e9change des alliances ou apr\u00e8s la liturgie eucharistique, mais il est possible de se mettre d\u2019accord avec le pr\u00eatre pour qu\u2019elle soit prononc\u00e9e \u00e0 un autre moment. De la m\u00eame mani\u00e8re, il est possible de choisir des formules pour la b\u00e9n\u00e9diction des mari\u00e9s qui diff\u00e8rent l\u00e9g\u00e8rement les unes des autres. En ligne de principe, le Mariage catholique qui a lieu pendant une C\u00e9l\u00e9bration Eucharistique est subdivis\u00e9 dans les moments indiqu\u00e9s ci-dessous\u00a0:<\/p>\n<ol>\n<li>Rite d\u2019introduction<\/li>\n<li>M\u00e9moire du Bapt\u00eame<\/li>\n<li>Lectures bibliques<\/li>\n<li>Hom\u00e9lie<\/li>\n<li>Manifestation du consentement<\/li>\n<li>\u00c9change des alliances<\/li>\n<li>(B\u00e9n\u00e9diction nuptiale)<\/li>\n<li>Pri\u00e8re des fid\u00e8les<\/li>\n<li>Invocation des saints<\/li>\n<li>Liturgie Eucharistique<\/li>\n<li>(B\u00e9n\u00e9diction nuptiale)<\/li>\n<li>Rites de conclusion<\/li>\n<\/ol>\n<p>L\u2019usage de faire prononcer la b\u00e9n\u00e9diction nuptiale par un pr\u00eatre ou par un \u00e9v\u00eaque est ancienne. Certains documents attestent que d\u00e9j\u00e0 au IV si\u00e8cle elle \u00e9tait r\u00e9pandue, mais pas obligatoire. En effet, \u00e0 cette \u00e9poque-l\u00e0, le mariage \u00e9tait principalement un pacte priv\u00e9 stipul\u00e9 entre les mari\u00e9s et leurs familles, auquel un pr\u00eatre pouvait \u00e9ventuellement prendre part pour b\u00e9nir le couple. \u00c0 partir du XI si\u00e8cle, la pr\u00e9sence d\u2019un pr\u00eatre pour c\u00e9l\u00e9brer les noces commen\u00e7a \u00e0 s\u2019imposer de mani\u00e8re r\u00e9guli\u00e8re et, avec le Concile de Verone (1184), le mariage commen\u00e7a \u00e0 \u00eatre repris officiellement dans la liste des Sacrements et, en tant que tel, r\u00e8glement\u00e9 par des lois eccl\u00e9siastiques. \u00c0 partir de 1215, avec le Concile de Latran IV, l\u2019\u00c9glise d\u00e9finit la liturgie pour le mariage sous tous ses aspects religieux et juridiques. Les Conciles suivants confirm\u00e8rent et approfondirent cette r\u00e9glementation.<\/p>\n<p>Voici ce que la Liturgie pr\u00e9voit :<\/p>\n<p><em>Apr\u00e8s le Notre P\u00e8re et une fois omis l\u2019embolisme Lib\u00e9rez-nous, \u00f4 Seigneur, le pr\u00eatre, en s\u2019adressant \u00e0 la mari\u00e9e et au mari\u00e9, invoque sur eux la b\u00e9n\u00e9diction de Dieu, qui ne doit jamais \u00eatre omise. Lors de la premi\u00e8re et de la deuxi\u00e8me monition, si l\u2019un des mari\u00e9s ou les deux ne re\u00e7oivent pas l\u2019Eucharistie, il faut omettre les mots entre parenth\u00e8ses. Dans la pri\u00e8re, les mots mises entre parenth\u00e8ses peuvent \u00eatre omises quand les circonstances le conseillent, par exemple si les mari\u00e9s sont d\u2019\u00e2ge mur.<\/em><\/p>\n<p><em>Les mari\u00e9s s\u2019approchent de l\u2019autel ou, si opportun, restent \u00e0 leur place et se mettent \u00e0 genoux. Si la pri\u00e8re de b\u00e9n\u00e9diction a \u00e9t\u00e9 anticip\u00e9e apr\u00e8s l\u2019\u00e9change des alliances, la c\u00e9l\u00e9bration continue avec le Notre P\u00e8re, le Lib\u00e9rez-nous, \u00f4 Seigneur et ensuite comme pr\u00e9vu dans le Missel Romain.<\/em><\/p>\n<p>Nous disions qu\u2019il est possible de choisir des formules diff\u00e9rentes de b\u00e9n\u00e9diction nuptiale, mais nous allons en examiner une seulement\u00a0:<\/p>\n<p><em>(Le pr\u00eatre, les mains jointes, invite les pr\u00e9sents \u00e0 prier avec ces m\u00eames mots ou des mots semblables)<\/em><\/p>\n<p><em>Fr\u00e8res, demandons \u00e0 Dieu de b\u00e9nir ces nouveaux \u00e9poux :<\/em><\/p>\n<p><em>\u00a0<\/em><\/p>\n<p><em>qu\u2019il donne sa force \u00e0 ceux qu\u2019il a unis dans le mariage.<\/em><\/p>\n<p><em>\u00a0<\/em><\/p>\n<p><em>P\u00e8re Saint, cr\u00e9ateur du monde,<\/em><\/p>\n<p><em>\u00a0<\/em><\/p>\n<p><em>toi qui as fait l\u2019homme et la femme \u00e0 ton image,<\/em><\/p>\n<p><em>\u00a0<\/em><\/p>\n<p><em>toi qui as voulu leur union et qui l\u2019as b\u00e9nie,<\/em><\/p>\n<p><em>\u00a0<\/em><\/p>\n<p><em>nous te prions avec confiance pour N&#8230;<\/em><\/p>\n<p><em>\u00a0<\/em><\/p>\n<p><em>qui s\u2019unit aujourd\u2019hui \u00e0 N&#8230;<\/em><\/p>\n<p><em>\u00a0<\/em><\/p>\n<p><em>par le sacrement du mariage.<\/em><\/p>\n<p><em>\u00a0<\/em><\/p>\n<p><em>Que ta b\u00e9n\u00e9diction descende sur eux.<\/em><\/p>\n<p><em>\u00a0<\/em><\/p>\n<p><em>Qu\u2019ils trouvent le bonheur<\/em><\/p>\n<p><em>\u00a0<\/em><\/p>\n<p><em>en se donnant l\u2019un \u00e0 l\u2019autre;<\/em><\/p>\n<p><em>\u00a0<\/em><\/p>\n<p><em>Que des enfants viennent embellir leur foyer<\/em><\/p>\n<p><em>\u00a0<\/em><\/p>\n<p><em>et que l\u2019\u00e9glise en soit agrandie,<\/em><\/p>\n<p><em>\u00a0<\/em><\/p>\n<p><em>Quand ils seront dans la joie, qu\u2019ils sachent te remercier;<\/em><\/p>\n<p><em>\u00a0<\/em><\/p>\n<p><em>s\u2019ils sont dans la tristesse, qu\u2019ils se tournent vers toi;<\/em><\/p>\n<p><em>\u00a0<\/em><\/p>\n<p><em>Que ta pr\u00e9sence les aide dans leur travail;<\/em><\/p>\n<p><em>\u00a0<\/em><\/p>\n<p><em>Qu\u2019ils te trouvent \u00e0 leur c\u00f4t\u00e9 dans l\u2019\u00e9preuve pour all\u00e9ger leur fardeau.<\/em><\/p>\n<p><em>\u00a0<\/em><\/p>\n<p><em>Qu\u2019ils participent \u00e0 la pri\u00e8re de ton \u00e9glise et t\u00e9moignent de toi parmi les hommes.<\/em><\/p>\n<p><em>\u00a0<\/em><\/p>\n<p><em>Enfin, apr\u00e8s avoir v\u00e9cu longtemps heureux,<\/em><\/p>\n<p><em>\u00a0<\/em><\/p>\n<p><em>qu\u2019ils parviennent au royaume du ciel.<\/em><\/p>\n<p><em>\u00a0<\/em><\/p>\n<p><em>Par le Christ, notre Seigneur.<\/em><\/p>\n<p><em>Amen.<\/em><\/p>\n<p>&nbsp;<\/p>\n<h2>La b\u00e9n\u00e9diction des animaux<\/h2>\n<figure id=\"attachment_1576\" aria-describedby=\"caption-attachment-1576\" style=\"width: 1000px\" class=\"wp-caption aligncenter\"><img loading=\"lazy\" decoding=\"async\" class=\"size-full wp-image-1576\" src=\"https:\/\/blog.holyart.it\/fr\/wp-content\/uploads\/sites\/14\/2019\/05\/La-b\u00e9n\u00e9diction-des-animaux.jpg\" alt=\"17 Janvier \u2013 F\u00eate de Saint Antoine le Grand\" width=\"1000\" height=\"629\" \/><figcaption id=\"caption-attachment-1576\" class=\"wp-caption-text\"><center>17 Janvier \u2013 F\u00eate de Saint Antoine le Grand<\/center><\/figcaption><\/figure>\n<p>L\u2019usage de b\u00e9nir les animaux remonte au Moyen \u00c2ge et a des origines paysannes. \u00c0 l\u2019\u00e9poque, on b\u00e9nissait les vaches, les veaux, les moutons, les cochons et les animaux de basse-cour. \u00c0 ce moment-l\u00e0, le bien-\u00eatre des animaux \u00e9tait strictement li\u00e9 \u00e0 celui des hommes, puisque les moyens de subsistance des familles d\u00e9pendaient principalement du lait, des \u0153ufs, de la viande qu\u2019on obtenait d\u2019eux. Aujourd\u2019hui les choses ont chang\u00e9 et ce sont des chiens, des chats et d\u2019autres petits animaux de compagnie que l\u2019on demande de b\u00e9nir. Des animaux non pas n\u00e9cessaires, comme autre fois, mais qui, avec leur compagnie et leur affection, rendent la vie des humains qui les accueillent dans leur maison plus agr\u00e9able, et rappellent aux humains combien il est important de respecter et de prendre soin des petites cr\u00e9atures.<\/p>\n<p>Dans le nouveau B\u00e9n\u00e9dictionnaire on lit :<\/p>\n<p><em>Beaucoup d\u2019animaux, pour disposition de la providence m\u00eame du Cr\u00e9ateur, participent d\u2019une mani\u00e8re ou d\u2019une autre \u00e0 la vie des hommes, car ils pr\u00eatent leur aide dans le travail ou donnent la nourriture ou servent de soulagement. Rien donc n\u2019emp\u00eache que, \u00e0 certaines occasions, par exemple lors de la f\u00eate d\u2019un saint, la coutume d\u2019invoquer sur eux la b\u00e9n\u00e9diction de Dieu soit conserv\u00e9e.\u00a0<\/em><\/p>\n<p><em>Le rite ici propos\u00e9 peut \u00eatre utilis\u00e9 par le pr\u00eatre et par le diacre, ou m\u00eame par un la\u00efc avec les gestes et les formules pr\u00e9dispos\u00e9es \u00e0 cet effet.<\/em><\/p>\n<p>(Nouveau B\u00e9n\u00e9dictionnaire, chap. XXXIV, titre B\u00e9n\u00e9diction des animaux, nn. 1058-1059\/1074.)<\/p>\n<p>La b\u00e9n\u00e9diction des animaux doit \u00eatre lue donc comme un remerciement \u00e0 Dieu pour les avoir cr\u00e9\u00e9s pour qu\u2019ils puissent \u00eatre d\u2019aide, de r\u00e9confort et de subsistance pour l\u2019homme. En les b\u00e9nissant, nous rendons gr\u00e2ce pour toute la cr\u00e9ation, pour le don immense que Dieu nous a fait, en nous \u00e9levant au-dessus de tout, en nous offrant un monde merveilleux pour que nous en disposions de la mani\u00e8re qui nous convient le plus.<\/p>\n<p>Le rite de la b\u00e9n\u00e9diction des animaux est c\u00e9l\u00e9br\u00e9 \u00e0 l\u2019occasion de la F\u00eate de Saint Antoine, consid\u00e9r\u00e9 comme le saint protecteur des animaux domestiques, le 17 janvier.<\/p>\n<p>La b\u00e9n\u00e9diction \u00e9nonce :<\/p>\n<p><em>O Dieu, notre refuge et notre force : montrez-vous favorable aux pieuses pri\u00e8res de votre Eglise, Vous qui \u00eates Vous-m\u00eame l\u2019auteur de sa pi\u00e9t\u00e9, et accordez que ce que nous demandons avec foi, nous l\u2019obtenions avec efficacit\u00e9. Par J\u00e9sus-Christ Notre-Seigneur.<\/em><\/p>\n<p><em>Dieu tout puissant et \u00e9ternel, qui avez fait aller sans dommage le glorieux Saint Antoine, \u00e9prouv\u00e9 par des tentations vari\u00e9es, au milieu des troubles de ce monde, accordez \u00e0 nous qui sommes Vos serviteurs de tirer profit de son illustre exemple et que par ses m\u00e9rites et son intercession nous soyons lib\u00e9r\u00e9s des p\u00e9rils de la vie pr\u00e9sente. Par J\u00e9sus-Christ Notre-Seigneur.<\/em><\/p>\n<p><em>Que ces animaux re\u00e7oivent votre b\u00e9n\u00e9diction, Seigneur : par elle qu\u2019ils re\u00e7oivent la sant\u00e9 du corps et qu\u2019ils soient lib\u00e9r\u00e9s de tout mal par l\u2019intercession du Bienheureux Antoine. Par J\u00e9sus-Christ Notre-Seigneur. Amen<\/em><\/p>\n<h2>La b\u00e9n\u00e9diction de la maison<\/h2>\n<figure id=\"attachment_1577\" aria-describedby=\"caption-attachment-1577\" style=\"width: 700px\" class=\"wp-caption aligncenter\"><img loading=\"lazy\" decoding=\"async\" class=\"size-full wp-image-1577\" src=\"https:\/\/blog.holyart.it\/fr\/wp-content\/uploads\/sites\/14\/2019\/05\/La-b\u00e9n\u00e9diction-de-la-maison.jpg\" alt=\"La b\u00e9n\u00e9diction de la maison\" width=\"700\" height=\"466\" \/><figcaption id=\"caption-attachment-1577\" class=\"wp-caption-text\"><center>B\u00e9n\u00e9diction de la maison<\/center><\/figcaption><\/figure>\n<p>Les b\u00e9n\u00e9dictions des maison aussi, comme celles des familles qui y habitent, sont une pratique tr\u00e8s r\u00e9pandue en Italie. Ces b\u00e9n\u00e9dictions sont effectu\u00e9es par le pr\u00eatres ou par ses collaborateurs, qui se rendent de maison en maison, d\u2019habitude \u00e0 l\u2019occasion de r\u00e9currences solennelles, comme P\u00e2ques. En le faisant, les ministres religieux se r\u00e9f\u00e8rent \u00e0 l\u2019exemple des disciples de J\u00e9sus qui, suite \u00e0 Sa sollicitation, se rendaient dans les maisons pour amener le don de la paix (Mathieu 10,13). \u00c0 cette occasion, les familles qui habitent dans les maisons et les locaux sont asperg\u00e9s d\u2019eau b\u00e9nite.<\/p>\n<p>Le Nouveau B\u00e9n\u00e9dictionnaire d\u00e9clare :<\/p>\n<p><em>\u00ab Ob\u00e9issant au mandat de Christ, les pasteurs doivent consid\u00e9rer comme une de leurs t\u00e2ches principales de leur action pastorale la sollicitude de visiter les familles chr\u00e9tiennes et de leur amener l\u2019annonce de la paix de Christ, qui conseilla \u00e0 ses disciples : \u00ab <\/em>Dans quelque maison que vous entriez, dites d&rsquo;abord: Que la paix soit sur cette maison! <em>\u00bb (Luc 10,5).<\/em><\/p>\n<p><em>L\u2019usage de rendre visite chaque ann\u00e9e, surtout dans la P\u00e9riode pascale, aux familles pr\u00e9sentes dans leur juridiction doit donc tenir particuli\u00e8rement \u00e0 coeur aux pr\u00eatres et \u00e0 leurs collaborateurs. Il s\u2019agit d\u2019une occasion pr\u00e9cieuse pour exercer leur t\u00e2che pastorale\u00a0: une occasion d\u2019autant plus efficace qu\u2019elle offre la possibilit\u00e9 d\u2019approcher et de conna\u00eetre toutes les familles.\u00a0\u00bb<\/em><\/p>\n<p>(Nouveau B\u00e9n\u00e9dictionnaire, chap. XIII, titre B\u00e9n\u00e9diction annuelle des familles dans les maisons, nn. 434-435.)<\/p>\n<p>La visite pr\u00e9voit la lecture de la Parole de Dieu et la pri\u00e8re de b\u00e9n\u00e9diction, avec une attention particuli\u00e8re en pr\u00e9sence d\u2019enfants ou de personnes \u00e2g\u00e9es. La formule de b\u00e9n\u00e9diction pr\u00e9sente diff\u00e9rentes variantes. Voici-en une:<\/p>\n<p><em>Nous Te prions et supplions,<\/em><\/p>\n<p><em>Toi qui es notre Dieu et notre P\u00e8re Tout-Puissant,<\/em><\/p>\n<p><em>pour cette maison,<\/em><\/p>\n<p><em>ceux qui l\u2019habitent<\/em><\/p>\n<p><em>et tout ce qu\u2019elle contient. <\/em><\/p>\n<p><em>Daigne la b\u00e9nir,<\/em><\/p>\n<p><em>et la sanctifier, <\/em><\/p>\n<p><em>daigne aussi la combler de tous les biens :<\/em><\/p>\n<p><em>accorde-lui, Seigneur, l\u2019abondance de la ros\u00e9e du ciel<\/em><\/p>\n<p><em>ainsi que ce dont elle a besoin pour qu\u2019on y vive correctement.<\/em><\/p>\n<p><em>Comble les d\u00e9sirs de tous ceux qui comptent sur Ta Mis\u00e9ricorde.<\/em><\/p>\n<p><em>Avec notre entr\u00e9e, <\/em><\/p>\n<p><em>daigne b\u00e9nir,<\/em><\/p>\n<p><em>et sanctifier cette demeure <\/em><\/p>\n<p><em>comme Tu as bien voulu b\u00e9nir la maison d\u2019Abraham, d\u2019Isaac et de Jacob.<\/em><\/p>\n<p><em>Ordonne \u00e0 Tes Anges de lumi\u00e8re d\u2019habiter dans ses murs et de la garder<\/em><\/p>\n<p><em>ainsi que tous ceux qui l\u2019habitent.<\/em><\/p>\n<p><em>Par Notre Seigneur J\u00e9sus-Christ <\/em><\/p>\n<p><em>Ton Fils qui vit et r\u00e8gne avec Toi <\/em><\/p>\n<p><em>en l\u2019unit\u00e9 du Saint-Esprit<\/em><\/p>\n<p><em>pour les si\u00e8cles des si\u00e8cles.<\/em><\/p>\n<p><em>Amen<\/em><\/p>\n<h2>La b\u00e9n\u00e9diction irlandaise<\/h2>\n<figure id=\"attachment_1578\" aria-describedby=\"caption-attachment-1578\" style=\"width: 1000px\" class=\"wp-caption aligncenter\"><img loading=\"lazy\" decoding=\"async\" class=\"size-full wp-image-1578\" src=\"https:\/\/blog.holyart.it\/fr\/wp-content\/uploads\/sites\/14\/2019\/05\/Saint-Patrick-\u2013-Saint-Patron-d\u2019Irlande.jpg\" alt=\"Saint Patrick \u2013 Saint Patron d\u2019Irlande\" width=\"1000\" height=\"673\" \/><figcaption id=\"caption-attachment-1578\" class=\"wp-caption-text\"><center>Saint Patrick \u2013 Saint Patron d\u2019Irlande<\/center><\/figcaption><\/figure>\n<p>Mieux connue sous le nom de <em>B\u00e9n\u00e9diction du voyageur irlandais<\/em>, cette b\u00e9n\u00e9diction nous a \u00e9t\u00e9 l\u00e9gu\u00e9e par Saint Patrick, Saint Patron d\u2019Irlande. N\u00e9 dans une famille de la noblesse romaine, il fut enlev\u00e9 par des pirates irlandais lorsqu\u2019il \u00e9tait encore adolescent et v\u00e9cut comme esclave d\u2019un Roi dans l\u2019Irlande du Nord. Ensuite, une fois re\u00e7ue sa vocation, il d\u00e9dia sa vie \u00e0 l\u2019\u00e9vang\u00e9lisation des irlandais, qui vivaient \u00e0 l\u2019\u00e9poque regroup\u00e9s dans un grand nombre de tribus. Il passa donc la plupart de son existence en se d\u00e9pla\u00e7ant, en voyageant et en entrant en contact avec des personnes et des cultures diff\u00e9rentes. Sa b\u00e9n\u00e9diction exprime aussi cette propension au voyage. Il s\u2019agit d\u2019une b\u00e9n\u00e9diction adress\u00e9e \u00e0 ceux qui ne se lassent jamais de connaitre des nouveaux endroits, des nouvelles personnes.<\/p>\n<p><em>Que la route s\u2019ouvre \u00e0 ton approche,<\/em><\/p>\n<p><em>\u00a0Que le vent soit toujours dans ton dos,<\/em><\/p>\n<p><em>\u00a0Que la lumi\u00e8re du soleil r\u00e9chauffe ton visage.<\/em><\/p>\n<p><em>\u00a0Que la pluie ruisselle dans ton champ,<\/em><\/p>\n<p><em>\u00a0Et, jusqu\u2019\u00e0 ce que nous nous revoyions,<\/em><\/p>\n<p><em>\u00a0Que Dieu te garde dans la paume de sa main.<\/em><\/p>\n<p><em>\u00a0<\/em><\/p>\n<h2>La b\u00e9n\u00e9diction pascale<\/h2>\n<figure id=\"attachment_1579\" aria-describedby=\"caption-attachment-1579\" style=\"width: 1000px\" class=\"wp-caption aligncenter\"><img loading=\"lazy\" decoding=\"async\" class=\"size-full wp-image-1579\" src=\"https:\/\/blog.holyart.it\/fr\/wp-content\/uploads\/sites\/14\/2019\/05\/La-b\u00e9n\u00e9diction-pascale.jpg\" alt=\"La b\u00e9n\u00e9diction pascale\" width=\"1000\" height=\"562\" \/><figcaption id=\"caption-attachment-1579\" class=\"wp-caption-text\"><center>La b\u00e9n\u00e9diction pascale c\u00e9l\u00e8bre la r\u00e9surrection de J\u00e9sus<\/center><\/figcaption><\/figure>\n<p>La B\u00e9n\u00e9diction Pascale c\u00e9l\u00e8bre la R\u00e9surrection de J\u00e9sus et fait participer ceux qui la re\u00e7oivent \u00e0 Sa force, \u00e0 Sa Victoire sur la mort. Avec cette b\u00e9n\u00e9diction, r\u00e9cit\u00e9e par le chef de famille \u00e0 l\u2019occasion de P\u00e2ques, f\u00eate qui c\u00e9l\u00e8bre justement le triomphe de J\u00e9sus, l\u2019accomplissement de sa mission d\u2019amour et de salut, on b\u00e9nit les fid\u00e8les en tant que fils de Dieu et donc, de mani\u00e8re indirecte, Dieu, dans un cercle de foi salvatrice et d\u2019Amour r\u00e9ciproque.<\/p>\n<p>Pour la b\u00e9n\u00e9diction pascale, on utilise l\u2019eau b\u00e9nite, qui rappelle le <a href=\"https:\/\/www.holyart.fr\/occasions-speciales\/bapteme\"><strong>Bapt\u00eame<\/strong><\/a> et la renaissance de chaque chr\u00e9tien, et l\u2019olivier b\u00e9nit, symbole de paix et de r\u00e9conciliation. Il ne faut absolument pas consid\u00e9rer cette b\u00e9n\u00e9diction pascale comme une sorte d\u2019amulette de protection pour la maison\u00a0! Ce n\u2019est pas un rite qui doit laisser la place aux superstitions\u00a0: le mal reste loin des maisons non gr\u00e2ce aux b\u00e9n\u00e9dictions, mais parce que les personnes qui les re\u00e7oivent et qui habitent dans ces maisons vivent en harmonie, s\u00e9r\u00e9nit\u00e9 et dialogue avec Dieu. Aucune magie, donc, mais l\u2019union d\u2019une famille sanctifi\u00e9e et b\u00e9nite aux yeux de Dieu. Toute la famille devrait participer \u00e0 la b\u00e9n\u00e9diction pascale. Il est \u00e9galement possible d\u2019\u00e9riger un petit autel, avec une image de J\u00e9sus et les photos des membres de la famille. Avant le d\u00e9jeuner de P\u00e2ques, la famille se r\u00e9unit autour de la table et le chef de famille introduit la pri\u00e8re :<\/p>\n<p><em>CHEF DE FAMILLE\u00a0:<\/em> <em>Au nom du P\u00e8re et du Fil et du Saint Esprit<em>.<\/em><\/em><\/p>\n<p><em>TOUS : Amen.<\/em><\/p>\n<p><em>CHEF DE FAMILLE\u00a0<em>: De l\u2019\u00c9vangile de Luc (Lc 24, 30-31)<\/em><\/em><\/p>\n<p>Pendant qu&rsquo;il \u00e9tait \u00e0 table avec eux,<\/p>\n<p>il prit le pain; et, apr\u00e8s avoir rendu gr\u00e2ces,<\/p>\n<p>il le rompit, et le leur donna.<\/p>\n<p><em>Alors leurs yeux s&rsquo;ouvrirent, et ils le reconnurent. <\/em><\/p>\n<p><em>Courte pause de silence.<\/em><\/p>\n<p><em>TOUS : Notre P\u00e8re \u2026<\/em><\/p>\n<p><em>CHEF DE FAMILLE : Nous Vous b\u00e9nissons, Dieu P\u00e8re,<\/em><\/p>\n<p><em>Seigneur du ciel et de la terre,<\/em><\/p>\n<p><em>car dans la R\u00e9surrection de J\u00e9sus des morts<\/em><\/p>\n<p><em>vous nous donnez l\u2019espoir de la vie nouvelle et \u00e9ternelle.<\/em><\/p>\n<p><em>B\u00e9nissez notre famille r\u00e9unie autour de la table,<\/em><\/p>\n<p><em>renforcez les liens qui nous unissent<\/em><\/p>\n<p><em>et faites que nous puissions r\u00e9pandre la joie du Seigneur ressuscit\u00e9<\/em><\/p>\n<p><em>sur toutes les personnes que nous rencontrons.<\/em><\/p>\n<p><em>Lui qui vit et r\u00e8gne dans les si\u00e8cles des si\u00e8cles.<\/em><\/p>\n<p><em>TOUS : Amen. All\u00e9luia.<\/em><\/p>\n","protected":false},"excerpt":{"rendered":"<p>Depuis toujours, les b\u00e9n\u00e9dictions parcourent la vie des fid\u00e8les avec des formules anciennes, des rituels faits de gestes que tr\u00e8s souvent nous prenons pour acquis, mais qui au contraire expriment un h\u00e9ritage mill\u00e9naire, dense de significations (et de signifiants) qui puisent leurs racines dans l\u2019histoire&hellip;<\/p>\n","protected":false},"author":1,"featured_media":2066,"comment_status":"closed","ping_status":"open","sticky":false,"template":"","format":"standard","meta":{"_acf_changed":false,"footnotes":""},"categories":[4],"tags":[],"class_list":["post-1568","post","type-post","status-publish","format-standard","has-post-thumbnail","hentry","category-accessoires-pour-la-liturgie"],"acf":[],"yoast_head":"<!-- This site is optimized with the Yoast SEO plugin v26.6 - https:\/\/yoast.com\/wordpress\/plugins\/seo\/ -->\n<title>Les 10 b\u00e9n\u00e9dictions que vous devez absolument conna\u00eetre<\/title>\n<meta name=\"description\" content=\"les b\u00e9n\u00e9dictions parcourent la vie des fid\u00e8les avec des formules anciennes, des rituels faits de gestes que tr\u00e8s souvent nous prenons pour acquis\" \/>\n<meta name=\"robots\" content=\"index, follow, max-snippet:-1, max-image-preview:large, max-video-preview:-1\" \/>\n<link rel=\"canonical\" href=\"https:\/\/blog.holyart.it\/fr\/accessoires-pour-la-liturgie\/les-10-benedictions-que-vous-devez-absolument-connaitre\/\" \/>\n<meta property=\"og:locale\" content=\"fr_FR\" \/>\n<meta property=\"og:type\" content=\"article\" \/>\n<meta property=\"og:title\" content=\"Les 10 b\u00e9n\u00e9dictions que vous devez absolument conna\u00eetre\" \/>\n<meta property=\"og:description\" content=\"les b\u00e9n\u00e9dictions parcourent la vie des fid\u00e8les avec des formules anciennes, des rituels faits de gestes que tr\u00e8s souvent nous prenons pour acquis\" \/>\n<meta property=\"og:url\" content=\"https:\/\/blog.holyart.it\/fr\/accessoires-pour-la-liturgie\/les-10-benedictions-que-vous-devez-absolument-connaitre\/\" \/>\n<meta property=\"og:site_name\" content=\"Holyart.fr Blog\" \/>\n<meta property=\"article:published_time\" content=\"2019-05-07T08:00:59+00:00\" \/>\n<meta property=\"article:modified_time\" content=\"2020-07-06T13:25:55+00:00\" \/>\n<meta property=\"og:image\" content=\"https:\/\/blog.holyart.it\/fr\/wp-content\/uploads\/sites\/14\/2019\/05\/benedizioni.jpg\" \/>\n\t<meta property=\"og:image:width\" content=\"1000\" \/>\n\t<meta property=\"og:image:height\" content=\"666\" \/>\n\t<meta property=\"og:image:type\" content=\"image\/jpeg\" \/>\n<meta name=\"author\" content=\"Redazione\" \/>\n<meta name=\"twitter:card\" content=\"summary_large_image\" \/>\n<meta name=\"twitter:label1\" content=\"\u00c9crit par\" \/>\n\t<meta name=\"twitter:data1\" content=\"Redazione\" \/>\n\t<meta name=\"twitter:label2\" content=\"Dur\u00e9e de lecture estim\u00e9e\" \/>\n\t<meta name=\"twitter:data2\" content=\"24 minutes\" \/>\n<script type=\"application\/ld+json\" class=\"yoast-schema-graph\">{\"@context\":\"https:\/\/schema.org\",\"@graph\":[{\"@type\":\"Article\",\"@id\":\"https:\/\/blog.holyart.it\/fr\/accessoires-pour-la-liturgie\/les-10-benedictions-que-vous-devez-absolument-connaitre\/#article\",\"isPartOf\":{\"@id\":\"https:\/\/blog.holyart.it\/fr\/accessoires-pour-la-liturgie\/les-10-benedictions-que-vous-devez-absolument-connaitre\/\"},\"author\":{\"name\":\"Redazione\",\"@id\":\"https:\/\/blog.holyart.it\/fr\/#\/schema\/person\/0a7b686e5af0f856ec1e390dd0baecda\"},\"headline\":\"Les 10 b\u00e9n\u00e9dictions que vous devez absolument conna\u00eetre\",\"datePublished\":\"2019-05-07T08:00:59+00:00\",\"dateModified\":\"2020-07-06T13:25:55+00:00\",\"mainEntityOfPage\":{\"@id\":\"https:\/\/blog.holyart.it\/fr\/accessoires-pour-la-liturgie\/les-10-benedictions-que-vous-devez-absolument-connaitre\/\"},\"wordCount\":4762,\"publisher\":{\"@id\":\"https:\/\/blog.holyart.it\/fr\/#organization\"},\"image\":{\"@id\":\"https:\/\/blog.holyart.it\/fr\/accessoires-pour-la-liturgie\/les-10-benedictions-que-vous-devez-absolument-connaitre\/#primaryimage\"},\"thumbnailUrl\":\"https:\/\/blog.holyart.it\/fr\/wp-content\/uploads\/sites\/14\/2019\/05\/benedizioni.jpg\",\"articleSection\":[\"Liturgie\"],\"inLanguage\":\"fr-FR\"},{\"@type\":\"WebPage\",\"@id\":\"https:\/\/blog.holyart.it\/fr\/accessoires-pour-la-liturgie\/les-10-benedictions-que-vous-devez-absolument-connaitre\/\",\"url\":\"https:\/\/blog.holyart.it\/fr\/accessoires-pour-la-liturgie\/les-10-benedictions-que-vous-devez-absolument-connaitre\/\",\"name\":\"Les 10 b\u00e9n\u00e9dictions que vous devez absolument conna\u00eetre\",\"isPartOf\":{\"@id\":\"https:\/\/blog.holyart.it\/fr\/#website\"},\"primaryImageOfPage\":{\"@id\":\"https:\/\/blog.holyart.it\/fr\/accessoires-pour-la-liturgie\/les-10-benedictions-que-vous-devez-absolument-connaitre\/#primaryimage\"},\"image\":{\"@id\":\"https:\/\/blog.holyart.it\/fr\/accessoires-pour-la-liturgie\/les-10-benedictions-que-vous-devez-absolument-connaitre\/#primaryimage\"},\"thumbnailUrl\":\"https:\/\/blog.holyart.it\/fr\/wp-content\/uploads\/sites\/14\/2019\/05\/benedizioni.jpg\",\"datePublished\":\"2019-05-07T08:00:59+00:00\",\"dateModified\":\"2020-07-06T13:25:55+00:00\",\"description\":\"les b\u00e9n\u00e9dictions parcourent la vie des fid\u00e8les avec des formules anciennes, des rituels faits de gestes que tr\u00e8s souvent nous prenons pour acquis\",\"breadcrumb\":{\"@id\":\"https:\/\/blog.holyart.it\/fr\/accessoires-pour-la-liturgie\/les-10-benedictions-que-vous-devez-absolument-connaitre\/#breadcrumb\"},\"inLanguage\":\"fr-FR\",\"potentialAction\":[{\"@type\":\"ReadAction\",\"target\":[\"https:\/\/blog.holyart.it\/fr\/accessoires-pour-la-liturgie\/les-10-benedictions-que-vous-devez-absolument-connaitre\/\"]}]},{\"@type\":\"ImageObject\",\"inLanguage\":\"fr-FR\",\"@id\":\"https:\/\/blog.holyart.it\/fr\/accessoires-pour-la-liturgie\/les-10-benedictions-que-vous-devez-absolument-connaitre\/#primaryimage\",\"url\":\"https:\/\/blog.holyart.it\/fr\/wp-content\/uploads\/sites\/14\/2019\/05\/benedizioni.jpg\",\"contentUrl\":\"https:\/\/blog.holyart.it\/fr\/wp-content\/uploads\/sites\/14\/2019\/05\/benedizioni.jpg\",\"width\":1000,\"height\":666,\"caption\":\"benedizioni\"},{\"@type\":\"BreadcrumbList\",\"@id\":\"https:\/\/blog.holyart.it\/fr\/accessoires-pour-la-liturgie\/les-10-benedictions-que-vous-devez-absolument-connaitre\/#breadcrumb\",\"itemListElement\":[{\"@type\":\"ListItem\",\"position\":1,\"name\":\"Homepage\",\"item\":\"https:\/\/blog.holyart.it\/fr\/\"},{\"@type\":\"ListItem\",\"position\":2,\"name\":\"Liturgie\",\"item\":\"https:\/\/blog.holyart.it\/fr\/accessoires-pour-la-liturgie\/\"},{\"@type\":\"ListItem\",\"position\":3,\"name\":\"Les 10 b\u00e9n\u00e9dictions que vous devez absolument conna\u00eetre\"}]},{\"@type\":\"WebSite\",\"@id\":\"https:\/\/blog.holyart.it\/fr\/#website\",\"url\":\"https:\/\/blog.holyart.it\/fr\/\",\"name\":\"Holyart.fr Blog\",\"description\":\"Holyblog\",\"publisher\":{\"@id\":\"https:\/\/blog.holyart.it\/fr\/#organization\"},\"potentialAction\":[{\"@type\":\"SearchAction\",\"target\":{\"@type\":\"EntryPoint\",\"urlTemplate\":\"https:\/\/blog.holyart.it\/fr\/?s={search_term_string}\"},\"query-input\":{\"@type\":\"PropertyValueSpecification\",\"valueRequired\":true,\"valueName\":\"search_term_string\"}}],\"inLanguage\":\"fr-FR\"},{\"@type\":\"Organization\",\"@id\":\"https:\/\/blog.holyart.it\/fr\/#organization\",\"name\":\"Holyart.fr Blog\",\"url\":\"https:\/\/blog.holyart.it\/fr\/\",\"logo\":{\"@type\":\"ImageObject\",\"inLanguage\":\"fr-FR\",\"@id\":\"https:\/\/blog.holyart.it\/fr\/#\/schema\/logo\/image\/\",\"url\":\"https:\/\/blog.holyart.it\/fr\/wp-content\/uploads\/sites\/14\/2022\/12\/Holyart_Blog_Logo.jpg\",\"contentUrl\":\"https:\/\/blog.holyart.it\/fr\/wp-content\/uploads\/sites\/14\/2022\/12\/Holyart_Blog_Logo.jpg\",\"width\":300,\"height\":50,\"caption\":\"Holyart.fr Blog\"},\"image\":{\"@id\":\"https:\/\/blog.holyart.it\/fr\/#\/schema\/logo\/image\/\"}},{\"@type\":\"Person\",\"@id\":\"https:\/\/blog.holyart.it\/fr\/#\/schema\/person\/0a7b686e5af0f856ec1e390dd0baecda\",\"name\":\"Redazione\",\"image\":{\"@type\":\"ImageObject\",\"inLanguage\":\"fr-FR\",\"@id\":\"https:\/\/blog.holyart.it\/fr\/#\/schema\/person\/image\/\",\"url\":\"https:\/\/secure.gravatar.com\/avatar\/f477da817f43e50d0af36abecd33e3edf826c68299714bdc1057dff3b113f516?s=96&d=mm&r=g\",\"contentUrl\":\"https:\/\/secure.gravatar.com\/avatar\/f477da817f43e50d0af36abecd33e3edf826c68299714bdc1057dff3b113f516?s=96&d=mm&r=g\",\"caption\":\"Redazione\"},\"url\":\"https:\/\/blog.holyart.it\/fr\/author\/admin\/\"}]}<\/script>\n<!-- \/ Yoast SEO plugin. -->","yoast_head_json":{"title":"Les 10 b\u00e9n\u00e9dictions que vous devez absolument conna\u00eetre","description":"les b\u00e9n\u00e9dictions parcourent la vie des fid\u00e8les avec des formules anciennes, des rituels faits de gestes que tr\u00e8s souvent nous prenons pour acquis","robots":{"index":"index","follow":"follow","max-snippet":"max-snippet:-1","max-image-preview":"max-image-preview:large","max-video-preview":"max-video-preview:-1"},"canonical":"https:\/\/blog.holyart.it\/fr\/accessoires-pour-la-liturgie\/les-10-benedictions-que-vous-devez-absolument-connaitre\/","og_locale":"fr_FR","og_type":"article","og_title":"Les 10 b\u00e9n\u00e9dictions que vous devez absolument conna\u00eetre","og_description":"les b\u00e9n\u00e9dictions parcourent la vie des fid\u00e8les avec des formules anciennes, des rituels faits de gestes que tr\u00e8s souvent nous prenons pour acquis","og_url":"https:\/\/blog.holyart.it\/fr\/accessoires-pour-la-liturgie\/les-10-benedictions-que-vous-devez-absolument-connaitre\/","og_site_name":"Holyart.fr Blog","article_published_time":"2019-05-07T08:00:59+00:00","article_modified_time":"2020-07-06T13:25:55+00:00","og_image":[{"width":1000,"height":666,"url":"https:\/\/blog.holyart.it\/fr\/wp-content\/uploads\/sites\/14\/2019\/05\/benedizioni.jpg","type":"image\/jpeg"}],"author":"Redazione","twitter_card":"summary_large_image","twitter_misc":{"\u00c9crit par":"Redazione","Dur\u00e9e de lecture estim\u00e9e":"24 minutes"},"schema":{"@context":"https:\/\/schema.org","@graph":[{"@type":"Article","@id":"https:\/\/blog.holyart.it\/fr\/accessoires-pour-la-liturgie\/les-10-benedictions-que-vous-devez-absolument-connaitre\/#article","isPartOf":{"@id":"https:\/\/blog.holyart.it\/fr\/accessoires-pour-la-liturgie\/les-10-benedictions-que-vous-devez-absolument-connaitre\/"},"author":{"name":"Redazione","@id":"https:\/\/blog.holyart.it\/fr\/#\/schema\/person\/0a7b686e5af0f856ec1e390dd0baecda"},"headline":"Les 10 b\u00e9n\u00e9dictions que vous devez absolument conna\u00eetre","datePublished":"2019-05-07T08:00:59+00:00","dateModified":"2020-07-06T13:25:55+00:00","mainEntityOfPage":{"@id":"https:\/\/blog.holyart.it\/fr\/accessoires-pour-la-liturgie\/les-10-benedictions-que-vous-devez-absolument-connaitre\/"},"wordCount":4762,"publisher":{"@id":"https:\/\/blog.holyart.it\/fr\/#organization"},"image":{"@id":"https:\/\/blog.holyart.it\/fr\/accessoires-pour-la-liturgie\/les-10-benedictions-que-vous-devez-absolument-connaitre\/#primaryimage"},"thumbnailUrl":"https:\/\/blog.holyart.it\/fr\/wp-content\/uploads\/sites\/14\/2019\/05\/benedizioni.jpg","articleSection":["Liturgie"],"inLanguage":"fr-FR"},{"@type":"WebPage","@id":"https:\/\/blog.holyart.it\/fr\/accessoires-pour-la-liturgie\/les-10-benedictions-que-vous-devez-absolument-connaitre\/","url":"https:\/\/blog.holyart.it\/fr\/accessoires-pour-la-liturgie\/les-10-benedictions-que-vous-devez-absolument-connaitre\/","name":"Les 10 b\u00e9n\u00e9dictions que vous devez absolument conna\u00eetre","isPartOf":{"@id":"https:\/\/blog.holyart.it\/fr\/#website"},"primaryImageOfPage":{"@id":"https:\/\/blog.holyart.it\/fr\/accessoires-pour-la-liturgie\/les-10-benedictions-que-vous-devez-absolument-connaitre\/#primaryimage"},"image":{"@id":"https:\/\/blog.holyart.it\/fr\/accessoires-pour-la-liturgie\/les-10-benedictions-que-vous-devez-absolument-connaitre\/#primaryimage"},"thumbnailUrl":"https:\/\/blog.holyart.it\/fr\/wp-content\/uploads\/sites\/14\/2019\/05\/benedizioni.jpg","datePublished":"2019-05-07T08:00:59+00:00","dateModified":"2020-07-06T13:25:55+00:00","description":"les b\u00e9n\u00e9dictions parcourent la vie des fid\u00e8les avec des formules anciennes, des rituels faits de gestes que tr\u00e8s souvent nous prenons pour acquis","breadcrumb":{"@id":"https:\/\/blog.holyart.it\/fr\/accessoires-pour-la-liturgie\/les-10-benedictions-que-vous-devez-absolument-connaitre\/#breadcrumb"},"inLanguage":"fr-FR","potentialAction":[{"@type":"ReadAction","target":["https:\/\/blog.holyart.it\/fr\/accessoires-pour-la-liturgie\/les-10-benedictions-que-vous-devez-absolument-connaitre\/"]}]},{"@type":"ImageObject","inLanguage":"fr-FR","@id":"https:\/\/blog.holyart.it\/fr\/accessoires-pour-la-liturgie\/les-10-benedictions-que-vous-devez-absolument-connaitre\/#primaryimage","url":"https:\/\/blog.holyart.it\/fr\/wp-content\/uploads\/sites\/14\/2019\/05\/benedizioni.jpg","contentUrl":"https:\/\/blog.holyart.it\/fr\/wp-content\/uploads\/sites\/14\/2019\/05\/benedizioni.jpg","width":1000,"height":666,"caption":"benedizioni"},{"@type":"BreadcrumbList","@id":"https:\/\/blog.holyart.it\/fr\/accessoires-pour-la-liturgie\/les-10-benedictions-que-vous-devez-absolument-connaitre\/#breadcrumb","itemListElement":[{"@type":"ListItem","position":1,"name":"Homepage","item":"https:\/\/blog.holyart.it\/fr\/"},{"@type":"ListItem","position":2,"name":"Liturgie","item":"https:\/\/blog.holyart.it\/fr\/accessoires-pour-la-liturgie\/"},{"@type":"ListItem","position":3,"name":"Les 10 b\u00e9n\u00e9dictions que vous devez absolument conna\u00eetre"}]},{"@type":"WebSite","@id":"https:\/\/blog.holyart.it\/fr\/#website","url":"https:\/\/blog.holyart.it\/fr\/","name":"Holyart.fr Blog","description":"Holyblog","publisher":{"@id":"https:\/\/blog.holyart.it\/fr\/#organization"},"potentialAction":[{"@type":"SearchAction","target":{"@type":"EntryPoint","urlTemplate":"https:\/\/blog.holyart.it\/fr\/?s={search_term_string}"},"query-input":{"@type":"PropertyValueSpecification","valueRequired":true,"valueName":"search_term_string"}}],"inLanguage":"fr-FR"},{"@type":"Organization","@id":"https:\/\/blog.holyart.it\/fr\/#organization","name":"Holyart.fr Blog","url":"https:\/\/blog.holyart.it\/fr\/","logo":{"@type":"ImageObject","inLanguage":"fr-FR","@id":"https:\/\/blog.holyart.it\/fr\/#\/schema\/logo\/image\/","url":"https:\/\/blog.holyart.it\/fr\/wp-content\/uploads\/sites\/14\/2022\/12\/Holyart_Blog_Logo.jpg","contentUrl":"https:\/\/blog.holyart.it\/fr\/wp-content\/uploads\/sites\/14\/2022\/12\/Holyart_Blog_Logo.jpg","width":300,"height":50,"caption":"Holyart.fr Blog"},"image":{"@id":"https:\/\/blog.holyart.it\/fr\/#\/schema\/logo\/image\/"}},{"@type":"Person","@id":"https:\/\/blog.holyart.it\/fr\/#\/schema\/person\/0a7b686e5af0f856ec1e390dd0baecda","name":"Redazione","image":{"@type":"ImageObject","inLanguage":"fr-FR","@id":"https:\/\/blog.holyart.it\/fr\/#\/schema\/person\/image\/","url":"https:\/\/secure.gravatar.com\/avatar\/f477da817f43e50d0af36abecd33e3edf826c68299714bdc1057dff3b113f516?s=96&d=mm&r=g","contentUrl":"https:\/\/secure.gravatar.com\/avatar\/f477da817f43e50d0af36abecd33e3edf826c68299714bdc1057dff3b113f516?s=96&d=mm&r=g","caption":"Redazione"},"url":"https:\/\/blog.holyart.it\/fr\/author\/admin\/"}]}},"_links":{"self":[{"href":"https:\/\/blog.holyart.it\/fr\/wp-json\/wp\/v2\/posts\/1568","targetHints":{"allow":["GET"]}}],"collection":[{"href":"https:\/\/blog.holyart.it\/fr\/wp-json\/wp\/v2\/posts"}],"about":[{"href":"https:\/\/blog.holyart.it\/fr\/wp-json\/wp\/v2\/types\/post"}],"author":[{"embeddable":true,"href":"https:\/\/blog.holyart.it\/fr\/wp-json\/wp\/v2\/users\/1"}],"replies":[{"embeddable":true,"href":"https:\/\/blog.holyart.it\/fr\/wp-json\/wp\/v2\/comments?post=1568"}],"version-history":[{"count":0,"href":"https:\/\/blog.holyart.it\/fr\/wp-json\/wp\/v2\/posts\/1568\/revisions"}],"wp:featuredmedia":[{"embeddable":true,"href":"https:\/\/blog.holyart.it\/fr\/wp-json\/wp\/v2\/media\/2066"}],"wp:attachment":[{"href":"https:\/\/blog.holyart.it\/fr\/wp-json\/wp\/v2\/media?parent=1568"}],"wp:term":[{"taxonomy":"category","embeddable":true,"href":"https:\/\/blog.holyart.it\/fr\/wp-json\/wp\/v2\/categories?post=1568"},{"taxonomy":"post_tag","embeddable":true,"href":"https:\/\/blog.holyart.it\/fr\/wp-json\/wp\/v2\/tags?post=1568"}],"curies":[{"name":"wp","href":"https:\/\/api.w.org\/{rel}","templated":true}]}}