{"id":154,"date":"2018-03-14T18:23:18","date_gmt":"2018-03-14T17:23:18","guid":{"rendered":"https:\/\/blog.holyart.it\/fr\/?p=154"},"modified":"2018-05-03T16:00:11","modified_gmt":"2018-05-03T14:00:11","slug":"devotion-padre-pio","status":"publish","type":"post","link":"https:\/\/blog.holyart.it\/fr\/saints-et-bienheureux\/devotion-padre-pio\/","title":{"rendered":"La devotion d\u00e9velopp\u00e9e autour de Padre Pio"},"content":{"rendered":"<p>La devotion d\u00e9velopp\u00e9e autour de <strong>Saint Pio de Pietrelcina<\/strong>, mieux connu par les fid\u00e8les sous le nom de <strong>Padre Pio<\/strong>, d\u00e9passe en ampleur et en ardeur celle d\u00e9di\u00e9e \u00e0 beaucoup d\u2019autres saints et saintes plus anciens et plus c\u00e9l\u00e8bres.<\/p>\n<p>Cette affection et cet enthousiasme proviennent du caract\u00e8re m\u00eame du capucin de Pietrelcina, de sa grande humanit\u00e9, de son \u00eatre enti\u00e8rement et constamment tourn\u00e9 vers les gens, vers ses gens, qui l\u2019ont aim\u00e9 et toujours suivi, attir\u00e9es par sa saintet\u00e9 et par son myst\u00e8re. Sa renomm\u00e9e de thaumaturge n\u2019a fait qu\u2019accro\u00eetre l\u2019affection et la d\u00e9votion de ces fid\u00e8les.<\/p>\n<p>Apr\u00e8s sa mort et sa canonisation, le personnage de Padre Pio est devenu encore plus c\u00e9l\u00e8bre et sa v\u00e9n\u00e9ration a atteint des proportions mondiales.<\/p>\n<p>Les <strong><a title=\"Statues Padre Pio\" href=\"http:\/\/www.holyart.fr\/occasions-speciales\/padre-pio\">statues de Padre Pio<\/a><\/strong> sont parmi les objets les plus recherch\u00e9s par les fid\u00e8les du Saint pour son adoration.<\/p>\n<p>Les <strong>statues de Padre Pio<\/strong>, aussi bien celles produites en s\u00e9rie que les sculptures et les monuments, sont des \u0153uvres dans lesquelles on essaie d\u2019imprimer la gr\u00e2ce du Saint \u00e0 travers des mat\u00e9riaux de tout genre afin de permettre \u00e0 tout le monde de le sentir plus pr\u00e8s de soi. Sont souvent r\u00e9alis\u00e9es en bois, mat\u00e9riel naturel et vivant, qui acquiert plus de beaut\u00e9 et de valeur avec le temps. Mais les <strong>statues de Padre Pio<\/strong>, dans toutes leurs formes et dimensions, peuvent \u00eatre \u00e9galement r\u00e9alis\u00e9es en bronze, en fibre de verre, en marbre, en verre ou en terre cuite.<\/p>\n<p>Il s\u2019agit souvent d\u2019\u0153uvres uniques, travaill\u00e9es de mani\u00e8re artisanale, des cr\u00e9ations artistiques pr\u00e9cieuses et raffin\u00e9es, mais la production en s\u00e9rie est \u00e9galement r\u00e9pandue\u00a0: objets de d\u00e9votion quotidienne qui prot\u00e8gent et pr\u00e9servent la maison, en offrant \u00e0 chaque instant r\u00e9confort et soutien aux personnes qui y habitent.<\/p>\n<p>Les <strong>statues de Padre Pio<\/strong> renvoient souvent aux originaux cr\u00e9\u00e9s \u00e0 San Giovanni Rotondo (o\u00f9 Padre Pio a v\u00e9cu) par des artisans locaux : le Saint apparait quasi toujours en position b\u00e9nissante, avec un visage exprimant douceur, d\u00e9votion et l\u2019espoir s\u00e9cret de qui est conscient d\u2019avoir \u00e9t\u00e9 choisi pour amener l\u2019Amour dans le monde.<\/p>\n","protected":false},"excerpt":{"rendered":"<p>La devotion d\u00e9velopp\u00e9e autour de Saint Pio de Pietrelcina, mieux connu par les fid\u00e8les sous le nom de Padre Pio, d\u00e9passe en ampleur et en ardeur celle d\u00e9di\u00e9e \u00e0 beaucoup d\u2019autres saints et saintes plus anciens et plus c\u00e9l\u00e8bres. Cette affection et cet enthousiasme proviennent&hellip;<\/p>\n","protected":false},"author":1,"featured_media":155,"comment_status":"closed","ping_status":"open","sticky":false,"template":"","format":"standard","meta":{"_acf_changed":false,"footnotes":""},"categories":[7],"tags":[],"class_list":["post-154","post","type-post","status-publish","format-standard","has-post-thumbnail","hentry","category-saints-et-bienheureux"],"acf":[],"yoast_head":"<!-- This site is optimized with the Yoast SEO plugin v26.6 - https:\/\/yoast.com\/wordpress\/plugins\/seo\/ -->\n<title>La devotion d\u00e9velopp\u00e9e autour de Padre Pio - Holyart.fr Blog<\/title>\n<meta name=\"description\" content=\"La devotion d\u00e9velopp\u00e9e autour de Padre Pio, d\u00e9passe en ampleur et en ardeur celle d\u00e9di\u00e9e \u00e0 beaucoup d\u2019autres saints et saintes plus anciens et plus c\u00e9l\u00e8bres\" \/>\n<meta name=\"robots\" content=\"index, follow, max-snippet:-1, max-image-preview:large, max-video-preview:-1\" \/>\n<link rel=\"canonical\" href=\"https:\/\/blog.holyart.it\/fr\/saints-et-bienheureux\/devotion-padre-pio\/\" \/>\n<meta property=\"og:locale\" content=\"fr_FR\" \/>\n<meta property=\"og:type\" content=\"article\" \/>\n<meta property=\"og:title\" content=\"La devotion d\u00e9velopp\u00e9e autour de Padre Pio - Holyart.fr Blog\" \/>\n<meta property=\"og:description\" content=\"La devotion d\u00e9velopp\u00e9e autour de Padre Pio, d\u00e9passe en ampleur et en ardeur celle d\u00e9di\u00e9e \u00e0 beaucoup d\u2019autres saints et saintes plus anciens et plus c\u00e9l\u00e8bres\" \/>\n<meta property=\"og:url\" content=\"https:\/\/blog.holyart.it\/fr\/saints-et-bienheureux\/devotion-padre-pio\/\" \/>\n<meta property=\"og:site_name\" content=\"Holyart.fr Blog\" \/>\n<meta property=\"article:published_time\" content=\"2018-03-14T17:23:18+00:00\" \/>\n<meta property=\"article:modified_time\" content=\"2018-05-03T14:00:11+00:00\" \/>\n<meta property=\"og:image\" content=\"https:\/\/blog.holyart.it\/fr\/wp-content\/uploads\/sites\/14\/2016\/10\/Padre-Pio.jpg\" \/>\n\t<meta property=\"og:image:width\" content=\"750\" \/>\n\t<meta property=\"og:image:height\" content=\"500\" \/>\n\t<meta property=\"og:image:type\" content=\"image\/jpeg\" \/>\n<meta name=\"author\" content=\"Redazione\" \/>\n<meta name=\"twitter:card\" content=\"summary_large_image\" \/>\n<meta name=\"twitter:label1\" content=\"\u00c9crit par\" \/>\n\t<meta name=\"twitter:data1\" content=\"Redazione\" \/>\n\t<meta name=\"twitter:label2\" content=\"Dur\u00e9e de lecture estim\u00e9e\" \/>\n\t<meta name=\"twitter:data2\" content=\"2 minutes\" \/>\n<script type=\"application\/ld+json\" class=\"yoast-schema-graph\">{\"@context\":\"https:\/\/schema.org\",\"@graph\":[{\"@type\":\"Article\",\"@id\":\"https:\/\/blog.holyart.it\/fr\/saints-et-bienheureux\/devotion-padre-pio\/#article\",\"isPartOf\":{\"@id\":\"https:\/\/blog.holyart.it\/fr\/saints-et-bienheureux\/devotion-padre-pio\/\"},\"author\":{\"name\":\"Redazione\",\"@id\":\"https:\/\/blog.holyart.it\/fr\/#\/schema\/person\/0a7b686e5af0f856ec1e390dd0baecda\"},\"headline\":\"La devotion d\u00e9velopp\u00e9e autour de Padre Pio\",\"datePublished\":\"2018-03-14T17:23:18+00:00\",\"dateModified\":\"2018-05-03T14:00:11+00:00\",\"mainEntityOfPage\":{\"@id\":\"https:\/\/blog.holyart.it\/fr\/saints-et-bienheureux\/devotion-padre-pio\/\"},\"wordCount\":404,\"publisher\":{\"@id\":\"https:\/\/blog.holyart.it\/fr\/#organization\"},\"image\":{\"@id\":\"https:\/\/blog.holyart.it\/fr\/saints-et-bienheureux\/devotion-padre-pio\/#primaryimage\"},\"thumbnailUrl\":\"https:\/\/blog.holyart.it\/fr\/wp-content\/uploads\/sites\/14\/2016\/10\/Padre-Pio.jpg\",\"articleSection\":[\"Saints et Bienheureux\"],\"inLanguage\":\"fr-FR\"},{\"@type\":\"WebPage\",\"@id\":\"https:\/\/blog.holyart.it\/fr\/saints-et-bienheureux\/devotion-padre-pio\/\",\"url\":\"https:\/\/blog.holyart.it\/fr\/saints-et-bienheureux\/devotion-padre-pio\/\",\"name\":\"La devotion d\u00e9velopp\u00e9e autour de Padre Pio - Holyart.fr Blog\",\"isPartOf\":{\"@id\":\"https:\/\/blog.holyart.it\/fr\/#website\"},\"primaryImageOfPage\":{\"@id\":\"https:\/\/blog.holyart.it\/fr\/saints-et-bienheureux\/devotion-padre-pio\/#primaryimage\"},\"image\":{\"@id\":\"https:\/\/blog.holyart.it\/fr\/saints-et-bienheureux\/devotion-padre-pio\/#primaryimage\"},\"thumbnailUrl\":\"https:\/\/blog.holyart.it\/fr\/wp-content\/uploads\/sites\/14\/2016\/10\/Padre-Pio.jpg\",\"datePublished\":\"2018-03-14T17:23:18+00:00\",\"dateModified\":\"2018-05-03T14:00:11+00:00\",\"description\":\"La devotion d\u00e9velopp\u00e9e autour de Padre Pio, d\u00e9passe en ampleur et en ardeur celle d\u00e9di\u00e9e \u00e0 beaucoup d\u2019autres saints et saintes plus anciens et plus c\u00e9l\u00e8bres\",\"breadcrumb\":{\"@id\":\"https:\/\/blog.holyart.it\/fr\/saints-et-bienheureux\/devotion-padre-pio\/#breadcrumb\"},\"inLanguage\":\"fr-FR\",\"potentialAction\":[{\"@type\":\"ReadAction\",\"target\":[\"https:\/\/blog.holyart.it\/fr\/saints-et-bienheureux\/devotion-padre-pio\/\"]}]},{\"@type\":\"ImageObject\",\"inLanguage\":\"fr-FR\",\"@id\":\"https:\/\/blog.holyart.it\/fr\/saints-et-bienheureux\/devotion-padre-pio\/#primaryimage\",\"url\":\"https:\/\/blog.holyart.it\/fr\/wp-content\/uploads\/sites\/14\/2016\/10\/Padre-Pio.jpg\",\"contentUrl\":\"https:\/\/blog.holyart.it\/fr\/wp-content\/uploads\/sites\/14\/2016\/10\/Padre-Pio.jpg\",\"width\":750,\"height\":500,\"caption\":\"Padre Pio\"},{\"@type\":\"BreadcrumbList\",\"@id\":\"https:\/\/blog.holyart.it\/fr\/saints-et-bienheureux\/devotion-padre-pio\/#breadcrumb\",\"itemListElement\":[{\"@type\":\"ListItem\",\"position\":1,\"name\":\"Homepage\",\"item\":\"https:\/\/blog.holyart.it\/fr\/\"},{\"@type\":\"ListItem\",\"position\":2,\"name\":\"Saints et Bienheureux\",\"item\":\"https:\/\/blog.holyart.it\/fr\/saints-et-bienheureux\/\"},{\"@type\":\"ListItem\",\"position\":3,\"name\":\"La devotion d\u00e9velopp\u00e9e autour de Padre Pio\"}]},{\"@type\":\"WebSite\",\"@id\":\"https:\/\/blog.holyart.it\/fr\/#website\",\"url\":\"https:\/\/blog.holyart.it\/fr\/\",\"name\":\"Holyart.fr Blog\",\"description\":\"Holyblog\",\"publisher\":{\"@id\":\"https:\/\/blog.holyart.it\/fr\/#organization\"},\"potentialAction\":[{\"@type\":\"SearchAction\",\"target\":{\"@type\":\"EntryPoint\",\"urlTemplate\":\"https:\/\/blog.holyart.it\/fr\/?s={search_term_string}\"},\"query-input\":{\"@type\":\"PropertyValueSpecification\",\"valueRequired\":true,\"valueName\":\"search_term_string\"}}],\"inLanguage\":\"fr-FR\"},{\"@type\":\"Organization\",\"@id\":\"https:\/\/blog.holyart.it\/fr\/#organization\",\"name\":\"Holyart.fr Blog\",\"url\":\"https:\/\/blog.holyart.it\/fr\/\",\"logo\":{\"@type\":\"ImageObject\",\"inLanguage\":\"fr-FR\",\"@id\":\"https:\/\/blog.holyart.it\/fr\/#\/schema\/logo\/image\/\",\"url\":\"https:\/\/blog.holyart.it\/fr\/wp-content\/uploads\/sites\/14\/2022\/12\/Holyart_Blog_Logo.jpg\",\"contentUrl\":\"https:\/\/blog.holyart.it\/fr\/wp-content\/uploads\/sites\/14\/2022\/12\/Holyart_Blog_Logo.jpg\",\"width\":300,\"height\":50,\"caption\":\"Holyart.fr Blog\"},\"image\":{\"@id\":\"https:\/\/blog.holyart.it\/fr\/#\/schema\/logo\/image\/\"}},{\"@type\":\"Person\",\"@id\":\"https:\/\/blog.holyart.it\/fr\/#\/schema\/person\/0a7b686e5af0f856ec1e390dd0baecda\",\"name\":\"Redazione\",\"image\":{\"@type\":\"ImageObject\",\"inLanguage\":\"fr-FR\",\"@id\":\"https:\/\/blog.holyart.it\/fr\/#\/schema\/person\/image\/\",\"url\":\"https:\/\/secure.gravatar.com\/avatar\/f477da817f43e50d0af36abecd33e3edf826c68299714bdc1057dff3b113f516?s=96&d=mm&r=g\",\"contentUrl\":\"https:\/\/secure.gravatar.com\/avatar\/f477da817f43e50d0af36abecd33e3edf826c68299714bdc1057dff3b113f516?s=96&d=mm&r=g\",\"caption\":\"Redazione\"},\"url\":\"https:\/\/blog.holyart.it\/fr\/author\/admin\/\"}]}<\/script>\n<!-- \/ Yoast SEO plugin. -->","yoast_head_json":{"title":"La devotion d\u00e9velopp\u00e9e autour de Padre Pio - Holyart.fr Blog","description":"La devotion d\u00e9velopp\u00e9e autour de Padre Pio, d\u00e9passe en ampleur et en ardeur celle d\u00e9di\u00e9e \u00e0 beaucoup d\u2019autres saints et saintes plus anciens et plus c\u00e9l\u00e8bres","robots":{"index":"index","follow":"follow","max-snippet":"max-snippet:-1","max-image-preview":"max-image-preview:large","max-video-preview":"max-video-preview:-1"},"canonical":"https:\/\/blog.holyart.it\/fr\/saints-et-bienheureux\/devotion-padre-pio\/","og_locale":"fr_FR","og_type":"article","og_title":"La devotion d\u00e9velopp\u00e9e autour de Padre Pio - Holyart.fr Blog","og_description":"La devotion d\u00e9velopp\u00e9e autour de Padre Pio, d\u00e9passe en ampleur et en ardeur celle d\u00e9di\u00e9e \u00e0 beaucoup d\u2019autres saints et saintes plus anciens et plus c\u00e9l\u00e8bres","og_url":"https:\/\/blog.holyart.it\/fr\/saints-et-bienheureux\/devotion-padre-pio\/","og_site_name":"Holyart.fr Blog","article_published_time":"2018-03-14T17:23:18+00:00","article_modified_time":"2018-05-03T14:00:11+00:00","og_image":[{"width":750,"height":500,"url":"https:\/\/blog.holyart.it\/fr\/wp-content\/uploads\/sites\/14\/2016\/10\/Padre-Pio.jpg","type":"image\/jpeg"}],"author":"Redazione","twitter_card":"summary_large_image","twitter_misc":{"\u00c9crit par":"Redazione","Dur\u00e9e de lecture estim\u00e9e":"2 minutes"},"schema":{"@context":"https:\/\/schema.org","@graph":[{"@type":"Article","@id":"https:\/\/blog.holyart.it\/fr\/saints-et-bienheureux\/devotion-padre-pio\/#article","isPartOf":{"@id":"https:\/\/blog.holyart.it\/fr\/saints-et-bienheureux\/devotion-padre-pio\/"},"author":{"name":"Redazione","@id":"https:\/\/blog.holyart.it\/fr\/#\/schema\/person\/0a7b686e5af0f856ec1e390dd0baecda"},"headline":"La devotion d\u00e9velopp\u00e9e autour de Padre Pio","datePublished":"2018-03-14T17:23:18+00:00","dateModified":"2018-05-03T14:00:11+00:00","mainEntityOfPage":{"@id":"https:\/\/blog.holyart.it\/fr\/saints-et-bienheureux\/devotion-padre-pio\/"},"wordCount":404,"publisher":{"@id":"https:\/\/blog.holyart.it\/fr\/#organization"},"image":{"@id":"https:\/\/blog.holyart.it\/fr\/saints-et-bienheureux\/devotion-padre-pio\/#primaryimage"},"thumbnailUrl":"https:\/\/blog.holyart.it\/fr\/wp-content\/uploads\/sites\/14\/2016\/10\/Padre-Pio.jpg","articleSection":["Saints et Bienheureux"],"inLanguage":"fr-FR"},{"@type":"WebPage","@id":"https:\/\/blog.holyart.it\/fr\/saints-et-bienheureux\/devotion-padre-pio\/","url":"https:\/\/blog.holyart.it\/fr\/saints-et-bienheureux\/devotion-padre-pio\/","name":"La devotion d\u00e9velopp\u00e9e autour de Padre Pio - Holyart.fr Blog","isPartOf":{"@id":"https:\/\/blog.holyart.it\/fr\/#website"},"primaryImageOfPage":{"@id":"https:\/\/blog.holyart.it\/fr\/saints-et-bienheureux\/devotion-padre-pio\/#primaryimage"},"image":{"@id":"https:\/\/blog.holyart.it\/fr\/saints-et-bienheureux\/devotion-padre-pio\/#primaryimage"},"thumbnailUrl":"https:\/\/blog.holyart.it\/fr\/wp-content\/uploads\/sites\/14\/2016\/10\/Padre-Pio.jpg","datePublished":"2018-03-14T17:23:18+00:00","dateModified":"2018-05-03T14:00:11+00:00","description":"La devotion d\u00e9velopp\u00e9e autour de Padre Pio, d\u00e9passe en ampleur et en ardeur celle d\u00e9di\u00e9e \u00e0 beaucoup d\u2019autres saints et saintes plus anciens et plus c\u00e9l\u00e8bres","breadcrumb":{"@id":"https:\/\/blog.holyart.it\/fr\/saints-et-bienheureux\/devotion-padre-pio\/#breadcrumb"},"inLanguage":"fr-FR","potentialAction":[{"@type":"ReadAction","target":["https:\/\/blog.holyart.it\/fr\/saints-et-bienheureux\/devotion-padre-pio\/"]}]},{"@type":"ImageObject","inLanguage":"fr-FR","@id":"https:\/\/blog.holyart.it\/fr\/saints-et-bienheureux\/devotion-padre-pio\/#primaryimage","url":"https:\/\/blog.holyart.it\/fr\/wp-content\/uploads\/sites\/14\/2016\/10\/Padre-Pio.jpg","contentUrl":"https:\/\/blog.holyart.it\/fr\/wp-content\/uploads\/sites\/14\/2016\/10\/Padre-Pio.jpg","width":750,"height":500,"caption":"Padre Pio"},{"@type":"BreadcrumbList","@id":"https:\/\/blog.holyart.it\/fr\/saints-et-bienheureux\/devotion-padre-pio\/#breadcrumb","itemListElement":[{"@type":"ListItem","position":1,"name":"Homepage","item":"https:\/\/blog.holyart.it\/fr\/"},{"@type":"ListItem","position":2,"name":"Saints et Bienheureux","item":"https:\/\/blog.holyart.it\/fr\/saints-et-bienheureux\/"},{"@type":"ListItem","position":3,"name":"La devotion d\u00e9velopp\u00e9e autour de Padre Pio"}]},{"@type":"WebSite","@id":"https:\/\/blog.holyart.it\/fr\/#website","url":"https:\/\/blog.holyart.it\/fr\/","name":"Holyart.fr Blog","description":"Holyblog","publisher":{"@id":"https:\/\/blog.holyart.it\/fr\/#organization"},"potentialAction":[{"@type":"SearchAction","target":{"@type":"EntryPoint","urlTemplate":"https:\/\/blog.holyart.it\/fr\/?s={search_term_string}"},"query-input":{"@type":"PropertyValueSpecification","valueRequired":true,"valueName":"search_term_string"}}],"inLanguage":"fr-FR"},{"@type":"Organization","@id":"https:\/\/blog.holyart.it\/fr\/#organization","name":"Holyart.fr Blog","url":"https:\/\/blog.holyart.it\/fr\/","logo":{"@type":"ImageObject","inLanguage":"fr-FR","@id":"https:\/\/blog.holyart.it\/fr\/#\/schema\/logo\/image\/","url":"https:\/\/blog.holyart.it\/fr\/wp-content\/uploads\/sites\/14\/2022\/12\/Holyart_Blog_Logo.jpg","contentUrl":"https:\/\/blog.holyart.it\/fr\/wp-content\/uploads\/sites\/14\/2022\/12\/Holyart_Blog_Logo.jpg","width":300,"height":50,"caption":"Holyart.fr Blog"},"image":{"@id":"https:\/\/blog.holyart.it\/fr\/#\/schema\/logo\/image\/"}},{"@type":"Person","@id":"https:\/\/blog.holyart.it\/fr\/#\/schema\/person\/0a7b686e5af0f856ec1e390dd0baecda","name":"Redazione","image":{"@type":"ImageObject","inLanguage":"fr-FR","@id":"https:\/\/blog.holyart.it\/fr\/#\/schema\/person\/image\/","url":"https:\/\/secure.gravatar.com\/avatar\/f477da817f43e50d0af36abecd33e3edf826c68299714bdc1057dff3b113f516?s=96&d=mm&r=g","contentUrl":"https:\/\/secure.gravatar.com\/avatar\/f477da817f43e50d0af36abecd33e3edf826c68299714bdc1057dff3b113f516?s=96&d=mm&r=g","caption":"Redazione"},"url":"https:\/\/blog.holyart.it\/fr\/author\/admin\/"}]}},"_links":{"self":[{"href":"https:\/\/blog.holyart.it\/fr\/wp-json\/wp\/v2\/posts\/154","targetHints":{"allow":["GET"]}}],"collection":[{"href":"https:\/\/blog.holyart.it\/fr\/wp-json\/wp\/v2\/posts"}],"about":[{"href":"https:\/\/blog.holyart.it\/fr\/wp-json\/wp\/v2\/types\/post"}],"author":[{"embeddable":true,"href":"https:\/\/blog.holyart.it\/fr\/wp-json\/wp\/v2\/users\/1"}],"replies":[{"embeddable":true,"href":"https:\/\/blog.holyart.it\/fr\/wp-json\/wp\/v2\/comments?post=154"}],"version-history":[{"count":0,"href":"https:\/\/blog.holyart.it\/fr\/wp-json\/wp\/v2\/posts\/154\/revisions"}],"wp:featuredmedia":[{"embeddable":true,"href":"https:\/\/blog.holyart.it\/fr\/wp-json\/wp\/v2\/media\/155"}],"wp:attachment":[{"href":"https:\/\/blog.holyart.it\/fr\/wp-json\/wp\/v2\/media?parent=154"}],"wp:term":[{"taxonomy":"category","embeddable":true,"href":"https:\/\/blog.holyart.it\/fr\/wp-json\/wp\/v2\/categories?post=154"},{"taxonomy":"post_tag","embeddable":true,"href":"https:\/\/blog.holyart.it\/fr\/wp-json\/wp\/v2\/tags?post=154"}],"curies":[{"name":"wp","href":"https:\/\/api.w.org\/{rel}","templated":true}]}}