{"id":149,"date":"2017-10-04T17:31:57","date_gmt":"2017-10-04T15:31:57","guid":{"rendered":"https:\/\/blog.holyart.it\/fr\/?p=149"},"modified":"2018-02-09T16:11:18","modified_gmt":"2018-02-09T15:11:18","slug":"notre-dame-du-carmel","status":"publish","type":"post","link":"https:\/\/blog.holyart.it\/fr\/saints-et-bienheureux\/notre-dame-du-carmel\/","title":{"rendered":"Notre-Dame du Carmel"},"content":{"rendered":"<p><strong>Notre-Dame du Mont-Carmel<\/strong> (ou du Carmel) repr\u00e9sente une des formes de v\u00e9n\u00e9ration de la Sainte Vierge les plus anciennes et les ch\u00e8res aux chr\u00e9tiens. Elle est f\u00eat\u00e9e le 16 juillet, date \u00e0 laquelle en 1251 <strong>Notre-Dame du Carmel<\/strong> serait apparue au pr\u00eatre anglais <strong>Simone Stock<\/strong>, \u00e0 l\u2019\u00e9poque prieur g\u00e9n\u00e9ral de l\u2019ordre carm\u00e9litain.<\/p>\n<p>Le Mont Carmel (\u00ab\u00a0jardin\u00a0\u00bb en aram\u00e9en) en Isra\u00ebl est consid\u00e9r\u00e9 depuis toujours comme un endroit de grand mysticisme et de force spirituelle. Le <strong>proph\u00e8te \u00c9lie<\/strong>, recueilli avec d\u2019autres hommes de foi sur ce mont et en conflit ouvert avec les pr\u00eatres du dieu Baal, affirmait d\u00e9j\u00e0 avoir assist\u00e9 \u00e0 une apparition de la <strong>Sainte Vierge<\/strong>, incarnation de la parole de Dieu, de sa g\u00e9n\u00e9rosit\u00e9, interm\u00e9diaire entre sa puissance et le monde. Les pentes du mont furent ainsi un lieu de p\u00e8lerinage pour moines et ermites, les \u00ab\u00a0<em>Fr\u00e8res de Notre-Dame du Mont-Carmel<\/em>\u00a0\u00bb et, successivement, pour les carm\u00e9litains.<\/p>\n<p>Ce fut au p\u00e8re g\u00e9n\u00e9ral de ces derniers, Simone Stock, que <strong><a title=\"Statue Notre-Dame du Carmel\" href=\"http:\/\/www.holyart.fr\/articles-religieux\/statues\/statues-en-marbre-reconstitue\/statue-notre-dame-du-carmel-marbre-reconstitue-60cm-peinte\">Notre-Dame du Carmel<\/a><\/strong> apparut, entour\u00e9e d\u2019anges, aur\u00e9ol\u00e9e de lumi\u00e8re et avec l\u2019Enfant J\u00e9sus dans les bras. Elle donna au religieux un <strong>scapulaire<\/strong> (une bande de tissu avec une ouverture pour la t\u00eate qui retombe sur la poitrine et sur le dos, parfois avec une capuche), qui lui aurait garanti le salut de l\u2019Enfer et la lib\u00e9ration des peines du Purgatoire s\u2019il l\u2019eut port\u00e9. <strong>Notre-Dame du Carmel<\/strong> lui dit\u00a0: \u00ab\u00a0Ceci est un privil\u00e8ge pour toi et pour les tiens\u00a0: tous ceux qui mourront en le portant, seront sauv\u00e9s.\u00a0\u00bb<\/p>\n<p>Les Carm\u00e9litains, d\u00e9vou\u00e9s \u00e0 Notre-Dame du Mont-Carmel, \u00e9tablirent comme leur r\u00e8gle celle primitive \u00e9tablie par le proph\u00e8te \u00c9lie, un des p\u00e8res de la vie monastique : veill\u00e9es nocturnes, je\u00fbne, abstinence rigoureuse, pauvret\u00e9 et silence. En plus, ils manifest\u00e8rent leur cons\u00e9cration \u00e0 <strong>Notre-Dame du Carmel<\/strong> en portant le scapulaire et en d\u00e9diant leur vie \u00e0 l\u2019imiter.<\/p>\n<p>Simone Stock, b\u00e9atifi\u00e9 par la suite, diffusa la d\u00e9votion de <strong>Notre-Dame du Carmel<\/strong> dans toute Europe et composa pour Elle le <em>Flos Carmeli<\/em>, un hymne merveilleux.<\/p>\n","protected":false},"excerpt":{"rendered":"<p>Notre-Dame du Mont-Carmel (ou du Carmel) repr\u00e9sente une des formes de v\u00e9n\u00e9ration de la Sainte Vierge les plus anciennes et les ch\u00e8res aux chr\u00e9tiens. Elle est f\u00eat\u00e9e le 16 juillet, date \u00e0 laquelle en 1251 Notre-Dame du Carmel serait apparue au pr\u00eatre anglais Simone Stock,&hellip;<\/p>\n","protected":false},"author":1,"featured_media":150,"comment_status":"closed","ping_status":"open","sticky":false,"template":"","format":"standard","meta":{"_acf_changed":false,"footnotes":""},"categories":[7],"tags":[],"class_list":["post-149","post","type-post","status-publish","format-standard","has-post-thumbnail","hentry","category-saints-et-bienheureux"],"acf":[],"yoast_head":"<!-- This site is optimized with the Yoast SEO plugin v26.6 - https:\/\/yoast.com\/wordpress\/plugins\/seo\/ -->\n<title>Notre-Dame du Carmel - Holyart.fr Blog<\/title>\n<meta name=\"description\" content=\"Notre-Dame du Mont-Carmel (ou du Carmel) repr\u00e9sente une des formes de v\u00e9n\u00e9ration de la Sainte Vierge les plus anciennes et les ch\u00e8res aux chr\u00e9tiens.\" \/>\n<meta name=\"robots\" content=\"index, follow, max-snippet:-1, max-image-preview:large, max-video-preview:-1\" \/>\n<link rel=\"canonical\" href=\"https:\/\/blog.holyart.it\/fr\/saints-et-bienheureux\/notre-dame-du-carmel\/\" \/>\n<meta property=\"og:locale\" content=\"fr_FR\" \/>\n<meta property=\"og:type\" content=\"article\" \/>\n<meta property=\"og:title\" content=\"Notre-Dame du Carmel - Holyart.fr Blog\" \/>\n<meta property=\"og:description\" content=\"Notre-Dame du Mont-Carmel (ou du Carmel) repr\u00e9sente une des formes de v\u00e9n\u00e9ration de la Sainte Vierge les plus anciennes et les ch\u00e8res aux chr\u00e9tiens.\" \/>\n<meta property=\"og:url\" content=\"https:\/\/blog.holyart.it\/fr\/saints-et-bienheureux\/notre-dame-du-carmel\/\" \/>\n<meta property=\"og:site_name\" content=\"Holyart.fr Blog\" \/>\n<meta property=\"article:published_time\" content=\"2017-10-04T15:31:57+00:00\" \/>\n<meta property=\"article:modified_time\" content=\"2018-02-09T15:11:18+00:00\" \/>\n<meta property=\"og:image\" content=\"https:\/\/blog.holyart.it\/fr\/wp-content\/uploads\/sites\/14\/2016\/10\/Notre-Dame-du-Carmel.jpg\" \/>\n\t<meta property=\"og:image:width\" content=\"744\" \/>\n\t<meta property=\"og:image:height\" content=\"432\" \/>\n\t<meta property=\"og:image:type\" content=\"image\/jpeg\" \/>\n<meta name=\"author\" content=\"Redazione\" \/>\n<meta name=\"twitter:card\" content=\"summary_large_image\" \/>\n<meta name=\"twitter:label1\" content=\"\u00c9crit par\" \/>\n\t<meta name=\"twitter:data1\" content=\"Redazione\" \/>\n\t<meta name=\"twitter:label2\" content=\"Dur\u00e9e de lecture estim\u00e9e\" \/>\n\t<meta name=\"twitter:data2\" content=\"2 minutes\" \/>\n<script type=\"application\/ld+json\" class=\"yoast-schema-graph\">{\"@context\":\"https:\/\/schema.org\",\"@graph\":[{\"@type\":\"Article\",\"@id\":\"https:\/\/blog.holyart.it\/fr\/saints-et-bienheureux\/notre-dame-du-carmel\/#article\",\"isPartOf\":{\"@id\":\"https:\/\/blog.holyart.it\/fr\/saints-et-bienheureux\/notre-dame-du-carmel\/\"},\"author\":{\"name\":\"Redazione\",\"@id\":\"https:\/\/blog.holyart.it\/fr\/#\/schema\/person\/0a7b686e5af0f856ec1e390dd0baecda\"},\"headline\":\"Notre-Dame du Carmel\",\"datePublished\":\"2017-10-04T15:31:57+00:00\",\"dateModified\":\"2018-02-09T15:11:18+00:00\",\"mainEntityOfPage\":{\"@id\":\"https:\/\/blog.holyart.it\/fr\/saints-et-bienheureux\/notre-dame-du-carmel\/\"},\"wordCount\":378,\"publisher\":{\"@id\":\"https:\/\/blog.holyart.it\/fr\/#organization\"},\"image\":{\"@id\":\"https:\/\/blog.holyart.it\/fr\/saints-et-bienheureux\/notre-dame-du-carmel\/#primaryimage\"},\"thumbnailUrl\":\"https:\/\/blog.holyart.it\/fr\/wp-content\/uploads\/sites\/14\/2016\/10\/Notre-Dame-du-Carmel.jpg\",\"articleSection\":[\"Saints et Bienheureux\"],\"inLanguage\":\"fr-FR\"},{\"@type\":\"WebPage\",\"@id\":\"https:\/\/blog.holyart.it\/fr\/saints-et-bienheureux\/notre-dame-du-carmel\/\",\"url\":\"https:\/\/blog.holyart.it\/fr\/saints-et-bienheureux\/notre-dame-du-carmel\/\",\"name\":\"Notre-Dame du Carmel - Holyart.fr Blog\",\"isPartOf\":{\"@id\":\"https:\/\/blog.holyart.it\/fr\/#website\"},\"primaryImageOfPage\":{\"@id\":\"https:\/\/blog.holyart.it\/fr\/saints-et-bienheureux\/notre-dame-du-carmel\/#primaryimage\"},\"image\":{\"@id\":\"https:\/\/blog.holyart.it\/fr\/saints-et-bienheureux\/notre-dame-du-carmel\/#primaryimage\"},\"thumbnailUrl\":\"https:\/\/blog.holyart.it\/fr\/wp-content\/uploads\/sites\/14\/2016\/10\/Notre-Dame-du-Carmel.jpg\",\"datePublished\":\"2017-10-04T15:31:57+00:00\",\"dateModified\":\"2018-02-09T15:11:18+00:00\",\"description\":\"Notre-Dame du Mont-Carmel (ou du Carmel) repr\u00e9sente une des formes de v\u00e9n\u00e9ration de la Sainte Vierge les plus anciennes et les ch\u00e8res aux chr\u00e9tiens.\",\"breadcrumb\":{\"@id\":\"https:\/\/blog.holyart.it\/fr\/saints-et-bienheureux\/notre-dame-du-carmel\/#breadcrumb\"},\"inLanguage\":\"fr-FR\",\"potentialAction\":[{\"@type\":\"ReadAction\",\"target\":[\"https:\/\/blog.holyart.it\/fr\/saints-et-bienheureux\/notre-dame-du-carmel\/\"]}]},{\"@type\":\"ImageObject\",\"inLanguage\":\"fr-FR\",\"@id\":\"https:\/\/blog.holyart.it\/fr\/saints-et-bienheureux\/notre-dame-du-carmel\/#primaryimage\",\"url\":\"https:\/\/blog.holyart.it\/fr\/wp-content\/uploads\/sites\/14\/2016\/10\/Notre-Dame-du-Carmel.jpg\",\"contentUrl\":\"https:\/\/blog.holyart.it\/fr\/wp-content\/uploads\/sites\/14\/2016\/10\/Notre-Dame-du-Carmel.jpg\",\"width\":744,\"height\":432,\"caption\":\"Notre-Dame du Carmel\"},{\"@type\":\"BreadcrumbList\",\"@id\":\"https:\/\/blog.holyart.it\/fr\/saints-et-bienheureux\/notre-dame-du-carmel\/#breadcrumb\",\"itemListElement\":[{\"@type\":\"ListItem\",\"position\":1,\"name\":\"Homepage\",\"item\":\"https:\/\/blog.holyart.it\/fr\/\"},{\"@type\":\"ListItem\",\"position\":2,\"name\":\"Saints et Bienheureux\",\"item\":\"https:\/\/blog.holyart.it\/fr\/saints-et-bienheureux\/\"},{\"@type\":\"ListItem\",\"position\":3,\"name\":\"Notre-Dame du Carmel\"}]},{\"@type\":\"WebSite\",\"@id\":\"https:\/\/blog.holyart.it\/fr\/#website\",\"url\":\"https:\/\/blog.holyart.it\/fr\/\",\"name\":\"Holyart.fr Blog\",\"description\":\"Holyblog\",\"publisher\":{\"@id\":\"https:\/\/blog.holyart.it\/fr\/#organization\"},\"potentialAction\":[{\"@type\":\"SearchAction\",\"target\":{\"@type\":\"EntryPoint\",\"urlTemplate\":\"https:\/\/blog.holyart.it\/fr\/?s={search_term_string}\"},\"query-input\":{\"@type\":\"PropertyValueSpecification\",\"valueRequired\":true,\"valueName\":\"search_term_string\"}}],\"inLanguage\":\"fr-FR\"},{\"@type\":\"Organization\",\"@id\":\"https:\/\/blog.holyart.it\/fr\/#organization\",\"name\":\"Holyart.fr Blog\",\"url\":\"https:\/\/blog.holyart.it\/fr\/\",\"logo\":{\"@type\":\"ImageObject\",\"inLanguage\":\"fr-FR\",\"@id\":\"https:\/\/blog.holyart.it\/fr\/#\/schema\/logo\/image\/\",\"url\":\"https:\/\/blog.holyart.it\/fr\/wp-content\/uploads\/sites\/14\/2022\/12\/Holyart_Blog_Logo.jpg\",\"contentUrl\":\"https:\/\/blog.holyart.it\/fr\/wp-content\/uploads\/sites\/14\/2022\/12\/Holyart_Blog_Logo.jpg\",\"width\":300,\"height\":50,\"caption\":\"Holyart.fr Blog\"},\"image\":{\"@id\":\"https:\/\/blog.holyart.it\/fr\/#\/schema\/logo\/image\/\"}},{\"@type\":\"Person\",\"@id\":\"https:\/\/blog.holyart.it\/fr\/#\/schema\/person\/0a7b686e5af0f856ec1e390dd0baecda\",\"name\":\"Redazione\",\"image\":{\"@type\":\"ImageObject\",\"inLanguage\":\"fr-FR\",\"@id\":\"https:\/\/blog.holyart.it\/fr\/#\/schema\/person\/image\/\",\"url\":\"https:\/\/secure.gravatar.com\/avatar\/f477da817f43e50d0af36abecd33e3edf826c68299714bdc1057dff3b113f516?s=96&d=mm&r=g\",\"contentUrl\":\"https:\/\/secure.gravatar.com\/avatar\/f477da817f43e50d0af36abecd33e3edf826c68299714bdc1057dff3b113f516?s=96&d=mm&r=g\",\"caption\":\"Redazione\"},\"url\":\"https:\/\/blog.holyart.it\/fr\/author\/admin\/\"}]}<\/script>\n<!-- \/ Yoast SEO plugin. -->","yoast_head_json":{"title":"Notre-Dame du Carmel - Holyart.fr Blog","description":"Notre-Dame du Mont-Carmel (ou du Carmel) repr\u00e9sente une des formes de v\u00e9n\u00e9ration de la Sainte Vierge les plus anciennes et les ch\u00e8res aux chr\u00e9tiens.","robots":{"index":"index","follow":"follow","max-snippet":"max-snippet:-1","max-image-preview":"max-image-preview:large","max-video-preview":"max-video-preview:-1"},"canonical":"https:\/\/blog.holyart.it\/fr\/saints-et-bienheureux\/notre-dame-du-carmel\/","og_locale":"fr_FR","og_type":"article","og_title":"Notre-Dame du Carmel - Holyart.fr Blog","og_description":"Notre-Dame du Mont-Carmel (ou du Carmel) repr\u00e9sente une des formes de v\u00e9n\u00e9ration de la Sainte Vierge les plus anciennes et les ch\u00e8res aux chr\u00e9tiens.","og_url":"https:\/\/blog.holyart.it\/fr\/saints-et-bienheureux\/notre-dame-du-carmel\/","og_site_name":"Holyart.fr Blog","article_published_time":"2017-10-04T15:31:57+00:00","article_modified_time":"2018-02-09T15:11:18+00:00","og_image":[{"width":744,"height":432,"url":"https:\/\/blog.holyart.it\/fr\/wp-content\/uploads\/sites\/14\/2016\/10\/Notre-Dame-du-Carmel.jpg","type":"image\/jpeg"}],"author":"Redazione","twitter_card":"summary_large_image","twitter_misc":{"\u00c9crit par":"Redazione","Dur\u00e9e de lecture estim\u00e9e":"2 minutes"},"schema":{"@context":"https:\/\/schema.org","@graph":[{"@type":"Article","@id":"https:\/\/blog.holyart.it\/fr\/saints-et-bienheureux\/notre-dame-du-carmel\/#article","isPartOf":{"@id":"https:\/\/blog.holyart.it\/fr\/saints-et-bienheureux\/notre-dame-du-carmel\/"},"author":{"name":"Redazione","@id":"https:\/\/blog.holyart.it\/fr\/#\/schema\/person\/0a7b686e5af0f856ec1e390dd0baecda"},"headline":"Notre-Dame du Carmel","datePublished":"2017-10-04T15:31:57+00:00","dateModified":"2018-02-09T15:11:18+00:00","mainEntityOfPage":{"@id":"https:\/\/blog.holyart.it\/fr\/saints-et-bienheureux\/notre-dame-du-carmel\/"},"wordCount":378,"publisher":{"@id":"https:\/\/blog.holyart.it\/fr\/#organization"},"image":{"@id":"https:\/\/blog.holyart.it\/fr\/saints-et-bienheureux\/notre-dame-du-carmel\/#primaryimage"},"thumbnailUrl":"https:\/\/blog.holyart.it\/fr\/wp-content\/uploads\/sites\/14\/2016\/10\/Notre-Dame-du-Carmel.jpg","articleSection":["Saints et Bienheureux"],"inLanguage":"fr-FR"},{"@type":"WebPage","@id":"https:\/\/blog.holyart.it\/fr\/saints-et-bienheureux\/notre-dame-du-carmel\/","url":"https:\/\/blog.holyart.it\/fr\/saints-et-bienheureux\/notre-dame-du-carmel\/","name":"Notre-Dame du Carmel - Holyart.fr Blog","isPartOf":{"@id":"https:\/\/blog.holyart.it\/fr\/#website"},"primaryImageOfPage":{"@id":"https:\/\/blog.holyart.it\/fr\/saints-et-bienheureux\/notre-dame-du-carmel\/#primaryimage"},"image":{"@id":"https:\/\/blog.holyart.it\/fr\/saints-et-bienheureux\/notre-dame-du-carmel\/#primaryimage"},"thumbnailUrl":"https:\/\/blog.holyart.it\/fr\/wp-content\/uploads\/sites\/14\/2016\/10\/Notre-Dame-du-Carmel.jpg","datePublished":"2017-10-04T15:31:57+00:00","dateModified":"2018-02-09T15:11:18+00:00","description":"Notre-Dame du Mont-Carmel (ou du Carmel) repr\u00e9sente une des formes de v\u00e9n\u00e9ration de la Sainte Vierge les plus anciennes et les ch\u00e8res aux chr\u00e9tiens.","breadcrumb":{"@id":"https:\/\/blog.holyart.it\/fr\/saints-et-bienheureux\/notre-dame-du-carmel\/#breadcrumb"},"inLanguage":"fr-FR","potentialAction":[{"@type":"ReadAction","target":["https:\/\/blog.holyart.it\/fr\/saints-et-bienheureux\/notre-dame-du-carmel\/"]}]},{"@type":"ImageObject","inLanguage":"fr-FR","@id":"https:\/\/blog.holyart.it\/fr\/saints-et-bienheureux\/notre-dame-du-carmel\/#primaryimage","url":"https:\/\/blog.holyart.it\/fr\/wp-content\/uploads\/sites\/14\/2016\/10\/Notre-Dame-du-Carmel.jpg","contentUrl":"https:\/\/blog.holyart.it\/fr\/wp-content\/uploads\/sites\/14\/2016\/10\/Notre-Dame-du-Carmel.jpg","width":744,"height":432,"caption":"Notre-Dame du Carmel"},{"@type":"BreadcrumbList","@id":"https:\/\/blog.holyart.it\/fr\/saints-et-bienheureux\/notre-dame-du-carmel\/#breadcrumb","itemListElement":[{"@type":"ListItem","position":1,"name":"Homepage","item":"https:\/\/blog.holyart.it\/fr\/"},{"@type":"ListItem","position":2,"name":"Saints et Bienheureux","item":"https:\/\/blog.holyart.it\/fr\/saints-et-bienheureux\/"},{"@type":"ListItem","position":3,"name":"Notre-Dame du Carmel"}]},{"@type":"WebSite","@id":"https:\/\/blog.holyart.it\/fr\/#website","url":"https:\/\/blog.holyart.it\/fr\/","name":"Holyart.fr Blog","description":"Holyblog","publisher":{"@id":"https:\/\/blog.holyart.it\/fr\/#organization"},"potentialAction":[{"@type":"SearchAction","target":{"@type":"EntryPoint","urlTemplate":"https:\/\/blog.holyart.it\/fr\/?s={search_term_string}"},"query-input":{"@type":"PropertyValueSpecification","valueRequired":true,"valueName":"search_term_string"}}],"inLanguage":"fr-FR"},{"@type":"Organization","@id":"https:\/\/blog.holyart.it\/fr\/#organization","name":"Holyart.fr Blog","url":"https:\/\/blog.holyart.it\/fr\/","logo":{"@type":"ImageObject","inLanguage":"fr-FR","@id":"https:\/\/blog.holyart.it\/fr\/#\/schema\/logo\/image\/","url":"https:\/\/blog.holyart.it\/fr\/wp-content\/uploads\/sites\/14\/2022\/12\/Holyart_Blog_Logo.jpg","contentUrl":"https:\/\/blog.holyart.it\/fr\/wp-content\/uploads\/sites\/14\/2022\/12\/Holyart_Blog_Logo.jpg","width":300,"height":50,"caption":"Holyart.fr Blog"},"image":{"@id":"https:\/\/blog.holyart.it\/fr\/#\/schema\/logo\/image\/"}},{"@type":"Person","@id":"https:\/\/blog.holyart.it\/fr\/#\/schema\/person\/0a7b686e5af0f856ec1e390dd0baecda","name":"Redazione","image":{"@type":"ImageObject","inLanguage":"fr-FR","@id":"https:\/\/blog.holyart.it\/fr\/#\/schema\/person\/image\/","url":"https:\/\/secure.gravatar.com\/avatar\/f477da817f43e50d0af36abecd33e3edf826c68299714bdc1057dff3b113f516?s=96&d=mm&r=g","contentUrl":"https:\/\/secure.gravatar.com\/avatar\/f477da817f43e50d0af36abecd33e3edf826c68299714bdc1057dff3b113f516?s=96&d=mm&r=g","caption":"Redazione"},"url":"https:\/\/blog.holyart.it\/fr\/author\/admin\/"}]}},"_links":{"self":[{"href":"https:\/\/blog.holyart.it\/fr\/wp-json\/wp\/v2\/posts\/149","targetHints":{"allow":["GET"]}}],"collection":[{"href":"https:\/\/blog.holyart.it\/fr\/wp-json\/wp\/v2\/posts"}],"about":[{"href":"https:\/\/blog.holyart.it\/fr\/wp-json\/wp\/v2\/types\/post"}],"author":[{"embeddable":true,"href":"https:\/\/blog.holyart.it\/fr\/wp-json\/wp\/v2\/users\/1"}],"replies":[{"embeddable":true,"href":"https:\/\/blog.holyart.it\/fr\/wp-json\/wp\/v2\/comments?post=149"}],"version-history":[{"count":0,"href":"https:\/\/blog.holyart.it\/fr\/wp-json\/wp\/v2\/posts\/149\/revisions"}],"wp:featuredmedia":[{"embeddable":true,"href":"https:\/\/blog.holyart.it\/fr\/wp-json\/wp\/v2\/media\/150"}],"wp:attachment":[{"href":"https:\/\/blog.holyart.it\/fr\/wp-json\/wp\/v2\/media?parent=149"}],"wp:term":[{"taxonomy":"category","embeddable":true,"href":"https:\/\/blog.holyart.it\/fr\/wp-json\/wp\/v2\/categories?post=149"},{"taxonomy":"post_tag","embeddable":true,"href":"https:\/\/blog.holyart.it\/fr\/wp-json\/wp\/v2\/tags?post=149"}],"curies":[{"name":"wp","href":"https:\/\/api.w.org\/{rel}","templated":true}]}}