{"id":143,"date":"2016-09-02T17:23:35","date_gmt":"2016-09-02T15:23:35","guid":{"rendered":"https:\/\/blog.holyart.it\/fr\/?p=143"},"modified":"2016-10-25T18:06:17","modified_gmt":"2016-10-25T16:06:17","slug":"mobilier-deglise","status":"publish","type":"post","link":"https:\/\/blog.holyart.it\/fr\/accessoires-pour-la-liturgie\/mobilier-deglise\/","title":{"rendered":"Mobilier d\u2019\u00e9glise"},"content":{"rendered":"<p>Avec l\u2019expression <strong>mobilier d\u2019\u00e9glise<\/strong> on entend un grand ensemble de meubles,\u00a0 d\u2019objets et d\u2019accessoires pr\u00e9sents dans la plupart des \u00e9glises et utilis\u00e9s par le pr\u00eatre pendant les c\u00e9l\u00e9brations.<\/p>\n<p>Plus pr\u00e9cis\u00e9ment, le <strong><a title=\"Mobilier d\u2019\u00e9glise\" href=\"http:\/\/www.holyart.fr\/accessoires-pour-la-liturgie\/mobilier-deglise\">mobilier d\u2019\u00e9glise<\/a><\/strong> comprend : l\u2019<strong>ambon<\/strong> (tribune sur\u00e9lev\u00e9e, d\u2019habitue en bois, dispos\u00e9e \u00e0 c\u00f4t\u00e9 du presbyt\u00e8re et utilis\u00e9e pendant les c\u00e9l\u00e9brations pour les lectures liturgiques), le <strong>prie-Dieu<\/strong> (pi\u00e8ce de <strong>mobilier d\u2019\u00e9glise en bois<\/strong> compos\u00e9e d\u2019une base d\u2019appui pour s\u2019agenouiller et d\u2019un accoudoir pour poser les mains lors de la pri\u00e8re), le <strong>confessionnal<\/strong> (pi\u00e8ce de <strong>mobilier d\u2019\u00e9glise <\/strong>o\u00f9 est administr\u00e9 le <strong>sacrement de la p\u00e9nitence<\/strong>), le <strong>tabernacle<\/strong> (petite armoire ou niche o\u00f9 est conserv\u00e9 le <strong>ciboire avec l\u2019Eucharistie<\/strong> entre une <strong>c\u00e9l\u00e9bration eucharistique<\/strong> et la suivante), les <strong>croix de procession<\/strong> (des croix mont\u00e9es sur des supports permettant de les porter dans les processions), le <strong>Chemin de Croix<\/strong> (une s\u00e9quence d\u2019images, d\u2019habitude peintes ou sculpt\u00e9es, reproduisant en 14 stations le parcours de douleur du Christ vers la crucifixion sur le Golgotha), les <strong>b\u00e9nitiers d\u2019\u00e9glise<\/strong> et les <strong>croix d\u2019autel avec chandeliers<\/strong>.<\/p>\n<p>Certains types de <strong>chaises<\/strong>, de <strong>tabourets<\/strong> et de <strong>fauteuils<\/strong> <strong>en velours<\/strong> font \u00e9galement partie du <strong>mobilier d\u2019\u00e9glise<\/strong>.<\/p>\n<p>L&rsquo;importance et la solennit\u00e9 du mobilier d\u2019\u00e9glise font en sorte que, au cours des si\u00e8cles, il a \u00e9t\u00e9 l\u2019objet d\u2019une attention particuli\u00e8re de la part de l\u2019\u00c9glise, qui en a commission\u00e9 la r\u00e9alisation \u00e0 d\u2019excellents artisans, en choisissant des mat\u00e9riaux de grande valeur. Les formes et les d\u00e9corations ont \u00e9volu\u00e9 au fil du temps, s\u2019entrem\u00ealant aux courants artistiques et aux transformations de l\u2019\u00e9glise m\u00eame, de ses pr\u00e9ceptes et de ses r\u00e8gles.<\/p>\n<p>Beaucoup de pi\u00e8ces de <strong>mobilier liturgique<\/strong> conserv\u00e9es dans les \u00e9glises du monde entier et dans les mus\u00e9es sont de v\u00e9ritables \u0153uvres d\u2019art, des chefs d\u2019\u0153uvre d\u2019\u00e9b\u00e9nisterie et d\u2019orf\u00e8vrerie avec leurs miniatures, leurs ivoires, leurs porcelaines, leurs verres, leurs d\u00e9cors d\u2019orf\u00e8vrerie et de tissage \u00e0 la valeur inestimable.<\/p>\n","protected":false},"excerpt":{"rendered":"<p>Avec l\u2019expression mobilier d\u2019\u00e9glise on entend un grand ensemble de meubles,\u00a0 d\u2019objets et d\u2019accessoires pr\u00e9sents dans la plupart des \u00e9glises et utilis\u00e9s par le pr\u00eatre pendant les c\u00e9l\u00e9brations. Plus pr\u00e9cis\u00e9ment, le mobilier d\u2019\u00e9glise comprend : l\u2019ambon (tribune sur\u00e9lev\u00e9e, d\u2019habitue en bois, dispos\u00e9e \u00e0 c\u00f4t\u00e9 du&hellip;<\/p>\n","protected":false},"author":1,"featured_media":144,"comment_status":"closed","ping_status":"open","sticky":false,"template":"","format":"standard","meta":{"_acf_changed":false,"footnotes":""},"categories":[4],"tags":[],"class_list":["post-143","post","type-post","status-publish","format-standard","has-post-thumbnail","hentry","category-accessoires-pour-la-liturgie"],"acf":[],"yoast_head":"<!-- This site is optimized with the Yoast SEO plugin v26.6 - https:\/\/yoast.com\/wordpress\/plugins\/seo\/ -->\n<title>Mobilier d\u2019\u00e9glise - Holyart.fr Blog<\/title>\n<meta name=\"description\" content=\"Avec l\u2019expression mobilier d\u2019\u00e9glise on entend un grand ensemble de meubles, d\u2019objets et d\u2019accessoires pr\u00e9sents dans la plupart des \u00e9glises\" \/>\n<meta name=\"robots\" content=\"index, follow, max-snippet:-1, max-image-preview:large, max-video-preview:-1\" \/>\n<link rel=\"canonical\" href=\"https:\/\/blog.holyart.it\/fr\/accessoires-pour-la-liturgie\/mobilier-deglise\/\" \/>\n<meta property=\"og:locale\" content=\"fr_FR\" \/>\n<meta property=\"og:type\" content=\"article\" \/>\n<meta property=\"og:title\" content=\"Mobilier d\u2019\u00e9glise - Holyart.fr Blog\" \/>\n<meta property=\"og:description\" content=\"Avec l\u2019expression mobilier d\u2019\u00e9glise on entend un grand ensemble de meubles, d\u2019objets et d\u2019accessoires pr\u00e9sents dans la plupart des \u00e9glises\" \/>\n<meta property=\"og:url\" content=\"https:\/\/blog.holyart.it\/fr\/accessoires-pour-la-liturgie\/mobilier-deglise\/\" \/>\n<meta property=\"og:site_name\" content=\"Holyart.fr Blog\" \/>\n<meta property=\"article:published_time\" content=\"2016-09-02T15:23:35+00:00\" \/>\n<meta property=\"article:modified_time\" content=\"2016-10-25T16:06:17+00:00\" \/>\n<meta property=\"og:image\" content=\"https:\/\/blog.holyart.it\/fr\/wp-content\/uploads\/sites\/14\/2016\/10\/Mobilier-d\u2019\u00e9glise.jpg\" \/>\n\t<meta property=\"og:image:width\" content=\"1000\" \/>\n\t<meta property=\"og:image:height\" content=\"1000\" \/>\n\t<meta property=\"og:image:type\" content=\"image\/jpeg\" \/>\n<meta name=\"author\" content=\"Redazione\" \/>\n<meta name=\"twitter:card\" content=\"summary_large_image\" \/>\n<meta name=\"twitter:label1\" content=\"\u00c9crit par\" \/>\n\t<meta name=\"twitter:data1\" content=\"Redazione\" \/>\n\t<meta name=\"twitter:label2\" content=\"Dur\u00e9e de lecture estim\u00e9e\" \/>\n\t<meta name=\"twitter:data2\" content=\"2 minutes\" \/>\n<script type=\"application\/ld+json\" class=\"yoast-schema-graph\">{\"@context\":\"https:\/\/schema.org\",\"@graph\":[{\"@type\":\"Article\",\"@id\":\"https:\/\/blog.holyart.it\/fr\/accessoires-pour-la-liturgie\/mobilier-deglise\/#article\",\"isPartOf\":{\"@id\":\"https:\/\/blog.holyart.it\/fr\/accessoires-pour-la-liturgie\/mobilier-deglise\/\"},\"author\":{\"name\":\"Redazione\",\"@id\":\"https:\/\/blog.holyart.it\/fr\/#\/schema\/person\/0a7b686e5af0f856ec1e390dd0baecda\"},\"headline\":\"Mobilier d\u2019\u00e9glise\",\"datePublished\":\"2016-09-02T15:23:35+00:00\",\"dateModified\":\"2016-10-25T16:06:17+00:00\",\"mainEntityOfPage\":{\"@id\":\"https:\/\/blog.holyart.it\/fr\/accessoires-pour-la-liturgie\/mobilier-deglise\/\"},\"wordCount\":374,\"publisher\":{\"@id\":\"https:\/\/blog.holyart.it\/fr\/#organization\"},\"image\":{\"@id\":\"https:\/\/blog.holyart.it\/fr\/accessoires-pour-la-liturgie\/mobilier-deglise\/#primaryimage\"},\"thumbnailUrl\":\"https:\/\/blog.holyart.it\/fr\/wp-content\/uploads\/sites\/14\/2016\/10\/Mobilier-d\u2019\u00e9glise.jpg\",\"articleSection\":[\"Liturgie\"],\"inLanguage\":\"fr-FR\"},{\"@type\":\"WebPage\",\"@id\":\"https:\/\/blog.holyart.it\/fr\/accessoires-pour-la-liturgie\/mobilier-deglise\/\",\"url\":\"https:\/\/blog.holyart.it\/fr\/accessoires-pour-la-liturgie\/mobilier-deglise\/\",\"name\":\"Mobilier d\u2019\u00e9glise - Holyart.fr Blog\",\"isPartOf\":{\"@id\":\"https:\/\/blog.holyart.it\/fr\/#website\"},\"primaryImageOfPage\":{\"@id\":\"https:\/\/blog.holyart.it\/fr\/accessoires-pour-la-liturgie\/mobilier-deglise\/#primaryimage\"},\"image\":{\"@id\":\"https:\/\/blog.holyart.it\/fr\/accessoires-pour-la-liturgie\/mobilier-deglise\/#primaryimage\"},\"thumbnailUrl\":\"https:\/\/blog.holyart.it\/fr\/wp-content\/uploads\/sites\/14\/2016\/10\/Mobilier-d\u2019\u00e9glise.jpg\",\"datePublished\":\"2016-09-02T15:23:35+00:00\",\"dateModified\":\"2016-10-25T16:06:17+00:00\",\"description\":\"Avec l\u2019expression mobilier d\u2019\u00e9glise on entend un grand ensemble de meubles, d\u2019objets et d\u2019accessoires pr\u00e9sents dans la plupart des \u00e9glises\",\"breadcrumb\":{\"@id\":\"https:\/\/blog.holyart.it\/fr\/accessoires-pour-la-liturgie\/mobilier-deglise\/#breadcrumb\"},\"inLanguage\":\"fr-FR\",\"potentialAction\":[{\"@type\":\"ReadAction\",\"target\":[\"https:\/\/blog.holyart.it\/fr\/accessoires-pour-la-liturgie\/mobilier-deglise\/\"]}]},{\"@type\":\"ImageObject\",\"inLanguage\":\"fr-FR\",\"@id\":\"https:\/\/blog.holyart.it\/fr\/accessoires-pour-la-liturgie\/mobilier-deglise\/#primaryimage\",\"url\":\"https:\/\/blog.holyart.it\/fr\/wp-content\/uploads\/sites\/14\/2016\/10\/Mobilier-d\u2019\u00e9glise.jpg\",\"contentUrl\":\"https:\/\/blog.holyart.it\/fr\/wp-content\/uploads\/sites\/14\/2016\/10\/Mobilier-d\u2019\u00e9glise.jpg\",\"width\":1000,\"height\":1000,\"caption\":\"Mobilier d\u2019\u00e9glise\"},{\"@type\":\"BreadcrumbList\",\"@id\":\"https:\/\/blog.holyart.it\/fr\/accessoires-pour-la-liturgie\/mobilier-deglise\/#breadcrumb\",\"itemListElement\":[{\"@type\":\"ListItem\",\"position\":1,\"name\":\"Homepage\",\"item\":\"https:\/\/blog.holyart.it\/fr\/\"},{\"@type\":\"ListItem\",\"position\":2,\"name\":\"Liturgie\",\"item\":\"https:\/\/blog.holyart.it\/fr\/accessoires-pour-la-liturgie\/\"},{\"@type\":\"ListItem\",\"position\":3,\"name\":\"Mobilier d\u2019\u00e9glise\"}]},{\"@type\":\"WebSite\",\"@id\":\"https:\/\/blog.holyart.it\/fr\/#website\",\"url\":\"https:\/\/blog.holyart.it\/fr\/\",\"name\":\"Holyart.fr Blog\",\"description\":\"Holyblog\",\"publisher\":{\"@id\":\"https:\/\/blog.holyart.it\/fr\/#organization\"},\"potentialAction\":[{\"@type\":\"SearchAction\",\"target\":{\"@type\":\"EntryPoint\",\"urlTemplate\":\"https:\/\/blog.holyart.it\/fr\/?s={search_term_string}\"},\"query-input\":{\"@type\":\"PropertyValueSpecification\",\"valueRequired\":true,\"valueName\":\"search_term_string\"}}],\"inLanguage\":\"fr-FR\"},{\"@type\":\"Organization\",\"@id\":\"https:\/\/blog.holyart.it\/fr\/#organization\",\"name\":\"Holyart.fr Blog\",\"url\":\"https:\/\/blog.holyart.it\/fr\/\",\"logo\":{\"@type\":\"ImageObject\",\"inLanguage\":\"fr-FR\",\"@id\":\"https:\/\/blog.holyart.it\/fr\/#\/schema\/logo\/image\/\",\"url\":\"https:\/\/blog.holyart.it\/fr\/wp-content\/uploads\/sites\/14\/2022\/12\/Holyart_Blog_Logo.jpg\",\"contentUrl\":\"https:\/\/blog.holyart.it\/fr\/wp-content\/uploads\/sites\/14\/2022\/12\/Holyart_Blog_Logo.jpg\",\"width\":300,\"height\":50,\"caption\":\"Holyart.fr Blog\"},\"image\":{\"@id\":\"https:\/\/blog.holyart.it\/fr\/#\/schema\/logo\/image\/\"}},{\"@type\":\"Person\",\"@id\":\"https:\/\/blog.holyart.it\/fr\/#\/schema\/person\/0a7b686e5af0f856ec1e390dd0baecda\",\"name\":\"Redazione\",\"image\":{\"@type\":\"ImageObject\",\"inLanguage\":\"fr-FR\",\"@id\":\"https:\/\/blog.holyart.it\/fr\/#\/schema\/person\/image\/\",\"url\":\"https:\/\/secure.gravatar.com\/avatar\/f477da817f43e50d0af36abecd33e3edf826c68299714bdc1057dff3b113f516?s=96&d=mm&r=g\",\"contentUrl\":\"https:\/\/secure.gravatar.com\/avatar\/f477da817f43e50d0af36abecd33e3edf826c68299714bdc1057dff3b113f516?s=96&d=mm&r=g\",\"caption\":\"Redazione\"},\"url\":\"https:\/\/blog.holyart.it\/fr\/author\/admin\/\"}]}<\/script>\n<!-- \/ Yoast SEO plugin. -->","yoast_head_json":{"title":"Mobilier d\u2019\u00e9glise - Holyart.fr Blog","description":"Avec l\u2019expression mobilier d\u2019\u00e9glise on entend un grand ensemble de meubles, d\u2019objets et d\u2019accessoires pr\u00e9sents dans la plupart des \u00e9glises","robots":{"index":"index","follow":"follow","max-snippet":"max-snippet:-1","max-image-preview":"max-image-preview:large","max-video-preview":"max-video-preview:-1"},"canonical":"https:\/\/blog.holyart.it\/fr\/accessoires-pour-la-liturgie\/mobilier-deglise\/","og_locale":"fr_FR","og_type":"article","og_title":"Mobilier d\u2019\u00e9glise - Holyart.fr Blog","og_description":"Avec l\u2019expression mobilier d\u2019\u00e9glise on entend un grand ensemble de meubles, d\u2019objets et d\u2019accessoires pr\u00e9sents dans la plupart des \u00e9glises","og_url":"https:\/\/blog.holyart.it\/fr\/accessoires-pour-la-liturgie\/mobilier-deglise\/","og_site_name":"Holyart.fr Blog","article_published_time":"2016-09-02T15:23:35+00:00","article_modified_time":"2016-10-25T16:06:17+00:00","og_image":[{"width":1000,"height":1000,"url":"https:\/\/blog.holyart.it\/fr\/wp-content\/uploads\/sites\/14\/2016\/10\/Mobilier-d\u2019\u00e9glise.jpg","type":"image\/jpeg"}],"author":"Redazione","twitter_card":"summary_large_image","twitter_misc":{"\u00c9crit par":"Redazione","Dur\u00e9e de lecture estim\u00e9e":"2 minutes"},"schema":{"@context":"https:\/\/schema.org","@graph":[{"@type":"Article","@id":"https:\/\/blog.holyart.it\/fr\/accessoires-pour-la-liturgie\/mobilier-deglise\/#article","isPartOf":{"@id":"https:\/\/blog.holyart.it\/fr\/accessoires-pour-la-liturgie\/mobilier-deglise\/"},"author":{"name":"Redazione","@id":"https:\/\/blog.holyart.it\/fr\/#\/schema\/person\/0a7b686e5af0f856ec1e390dd0baecda"},"headline":"Mobilier d\u2019\u00e9glise","datePublished":"2016-09-02T15:23:35+00:00","dateModified":"2016-10-25T16:06:17+00:00","mainEntityOfPage":{"@id":"https:\/\/blog.holyart.it\/fr\/accessoires-pour-la-liturgie\/mobilier-deglise\/"},"wordCount":374,"publisher":{"@id":"https:\/\/blog.holyart.it\/fr\/#organization"},"image":{"@id":"https:\/\/blog.holyart.it\/fr\/accessoires-pour-la-liturgie\/mobilier-deglise\/#primaryimage"},"thumbnailUrl":"https:\/\/blog.holyart.it\/fr\/wp-content\/uploads\/sites\/14\/2016\/10\/Mobilier-d\u2019\u00e9glise.jpg","articleSection":["Liturgie"],"inLanguage":"fr-FR"},{"@type":"WebPage","@id":"https:\/\/blog.holyart.it\/fr\/accessoires-pour-la-liturgie\/mobilier-deglise\/","url":"https:\/\/blog.holyart.it\/fr\/accessoires-pour-la-liturgie\/mobilier-deglise\/","name":"Mobilier d\u2019\u00e9glise - Holyart.fr Blog","isPartOf":{"@id":"https:\/\/blog.holyart.it\/fr\/#website"},"primaryImageOfPage":{"@id":"https:\/\/blog.holyart.it\/fr\/accessoires-pour-la-liturgie\/mobilier-deglise\/#primaryimage"},"image":{"@id":"https:\/\/blog.holyart.it\/fr\/accessoires-pour-la-liturgie\/mobilier-deglise\/#primaryimage"},"thumbnailUrl":"https:\/\/blog.holyart.it\/fr\/wp-content\/uploads\/sites\/14\/2016\/10\/Mobilier-d\u2019\u00e9glise.jpg","datePublished":"2016-09-02T15:23:35+00:00","dateModified":"2016-10-25T16:06:17+00:00","description":"Avec l\u2019expression mobilier d\u2019\u00e9glise on entend un grand ensemble de meubles, d\u2019objets et d\u2019accessoires pr\u00e9sents dans la plupart des \u00e9glises","breadcrumb":{"@id":"https:\/\/blog.holyart.it\/fr\/accessoires-pour-la-liturgie\/mobilier-deglise\/#breadcrumb"},"inLanguage":"fr-FR","potentialAction":[{"@type":"ReadAction","target":["https:\/\/blog.holyart.it\/fr\/accessoires-pour-la-liturgie\/mobilier-deglise\/"]}]},{"@type":"ImageObject","inLanguage":"fr-FR","@id":"https:\/\/blog.holyart.it\/fr\/accessoires-pour-la-liturgie\/mobilier-deglise\/#primaryimage","url":"https:\/\/blog.holyart.it\/fr\/wp-content\/uploads\/sites\/14\/2016\/10\/Mobilier-d\u2019\u00e9glise.jpg","contentUrl":"https:\/\/blog.holyart.it\/fr\/wp-content\/uploads\/sites\/14\/2016\/10\/Mobilier-d\u2019\u00e9glise.jpg","width":1000,"height":1000,"caption":"Mobilier d\u2019\u00e9glise"},{"@type":"BreadcrumbList","@id":"https:\/\/blog.holyart.it\/fr\/accessoires-pour-la-liturgie\/mobilier-deglise\/#breadcrumb","itemListElement":[{"@type":"ListItem","position":1,"name":"Homepage","item":"https:\/\/blog.holyart.it\/fr\/"},{"@type":"ListItem","position":2,"name":"Liturgie","item":"https:\/\/blog.holyart.it\/fr\/accessoires-pour-la-liturgie\/"},{"@type":"ListItem","position":3,"name":"Mobilier d\u2019\u00e9glise"}]},{"@type":"WebSite","@id":"https:\/\/blog.holyart.it\/fr\/#website","url":"https:\/\/blog.holyart.it\/fr\/","name":"Holyart.fr Blog","description":"Holyblog","publisher":{"@id":"https:\/\/blog.holyart.it\/fr\/#organization"},"potentialAction":[{"@type":"SearchAction","target":{"@type":"EntryPoint","urlTemplate":"https:\/\/blog.holyart.it\/fr\/?s={search_term_string}"},"query-input":{"@type":"PropertyValueSpecification","valueRequired":true,"valueName":"search_term_string"}}],"inLanguage":"fr-FR"},{"@type":"Organization","@id":"https:\/\/blog.holyart.it\/fr\/#organization","name":"Holyart.fr Blog","url":"https:\/\/blog.holyart.it\/fr\/","logo":{"@type":"ImageObject","inLanguage":"fr-FR","@id":"https:\/\/blog.holyart.it\/fr\/#\/schema\/logo\/image\/","url":"https:\/\/blog.holyart.it\/fr\/wp-content\/uploads\/sites\/14\/2022\/12\/Holyart_Blog_Logo.jpg","contentUrl":"https:\/\/blog.holyart.it\/fr\/wp-content\/uploads\/sites\/14\/2022\/12\/Holyart_Blog_Logo.jpg","width":300,"height":50,"caption":"Holyart.fr Blog"},"image":{"@id":"https:\/\/blog.holyart.it\/fr\/#\/schema\/logo\/image\/"}},{"@type":"Person","@id":"https:\/\/blog.holyart.it\/fr\/#\/schema\/person\/0a7b686e5af0f856ec1e390dd0baecda","name":"Redazione","image":{"@type":"ImageObject","inLanguage":"fr-FR","@id":"https:\/\/blog.holyart.it\/fr\/#\/schema\/person\/image\/","url":"https:\/\/secure.gravatar.com\/avatar\/f477da817f43e50d0af36abecd33e3edf826c68299714bdc1057dff3b113f516?s=96&d=mm&r=g","contentUrl":"https:\/\/secure.gravatar.com\/avatar\/f477da817f43e50d0af36abecd33e3edf826c68299714bdc1057dff3b113f516?s=96&d=mm&r=g","caption":"Redazione"},"url":"https:\/\/blog.holyart.it\/fr\/author\/admin\/"}]}},"_links":{"self":[{"href":"https:\/\/blog.holyart.it\/fr\/wp-json\/wp\/v2\/posts\/143","targetHints":{"allow":["GET"]}}],"collection":[{"href":"https:\/\/blog.holyart.it\/fr\/wp-json\/wp\/v2\/posts"}],"about":[{"href":"https:\/\/blog.holyart.it\/fr\/wp-json\/wp\/v2\/types\/post"}],"author":[{"embeddable":true,"href":"https:\/\/blog.holyart.it\/fr\/wp-json\/wp\/v2\/users\/1"}],"replies":[{"embeddable":true,"href":"https:\/\/blog.holyart.it\/fr\/wp-json\/wp\/v2\/comments?post=143"}],"version-history":[{"count":0,"href":"https:\/\/blog.holyart.it\/fr\/wp-json\/wp\/v2\/posts\/143\/revisions"}],"wp:featuredmedia":[{"embeddable":true,"href":"https:\/\/blog.holyart.it\/fr\/wp-json\/wp\/v2\/media\/144"}],"wp:attachment":[{"href":"https:\/\/blog.holyart.it\/fr\/wp-json\/wp\/v2\/media?parent=143"}],"wp:term":[{"taxonomy":"category","embeddable":true,"href":"https:\/\/blog.holyart.it\/fr\/wp-json\/wp\/v2\/categories?post=143"},{"taxonomy":"post_tag","embeddable":true,"href":"https:\/\/blog.holyart.it\/fr\/wp-json\/wp\/v2\/tags?post=143"}],"curies":[{"name":"wp","href":"https:\/\/api.w.org\/{rel}","templated":true}]}}