{"id":139,"date":"2016-08-30T17:25:33","date_gmt":"2016-08-30T15:25:33","guid":{"rendered":"https:\/\/blog.holyart.it\/fr\/?p=139"},"modified":"2016-10-20T17:26:39","modified_gmt":"2016-10-20T15:26:39","slug":"chandelier-symbole-de-lumiere-resurrection-christ","status":"publish","type":"post","link":"https:\/\/blog.holyart.it\/fr\/accessoires-pour-la-liturgie\/chandelier-symbole-de-lumiere-resurrection-christ\/","title":{"rendered":"Chandelier: symbole de la Lumi\u00e8re et R\u00e9surrection du Christ"},"content":{"rendered":"<p>Le <strong>chandelier<\/strong> est une pi\u00e8ce de <strong>mobilier d\u2019\u00e9glise<\/strong> pr\u00e9sent dans chaque \u00e9glise et pos\u00e9 sur l\u2019autel. Il s\u2019agit d\u2019un <strong>porte-bougie<\/strong> destin\u00e9 \u00e0 soutenir <strong>une seule bougie<\/strong>. Son utilisation remonte aux origines m\u00eame de l\u2019\u00e9glise et est li\u00e9 de mani\u00e8re \u00e9vidente et indissoluble au symbole de la <strong>Lumi\u00e8re comme expression de Foi, Espoir et R\u00e9surrection du Christ<\/strong>.<\/p>\n<p>Le <strong>chandelier<\/strong> \u00e9tait autrefois pos\u00e9 par terre et uniquement dans une p\u00e9riode successive a \u00e9t\u00e9 dispos\u00e9 sur l\u2019<strong>autel<\/strong> avant le d\u00e9but de la c\u00e9l\u00e9bration pour \u00eatre rang\u00e9 apr\u00e8s la Messe. En outre, le <strong>chandelier<\/strong> pouvait \u00eatre mis \u00e0 c\u00f4t\u00e9 d\u2019un nombre variable de <strong>chandeliers<\/strong> en fonction du jour de f\u00eate ou de la c\u00e9l\u00e9bration.<\/p>\n<p>Au X si\u00e8cle les <em>Statuta Ecclesiae antiquae<\/em> d\u00e9cr\u00e9t\u00e8rent que l\u2019acolyte sur le point de prononcer ses v\u0153ux devait recevoir dans ses mains un <strong>chandelier<\/strong> avec le cierge.<\/p>\n<p>Le <em>Concile de Trente<\/em> \u00e9tablit une codification tr\u00e8s pr\u00e9cise pour le service d\u2019autel, compos\u00e9 de six <strong>chandeliers<\/strong> \u00e0 utiliser pendant la Messe et sept <strong>chandelier<\/strong> pour le <em>Pontifical du Pape<\/em> ou pour celui d\u2019un <em>\u00c9v\u00eaque<\/em>.<\/p>\n<p>La forme du <strong>chandelier<\/strong> d\u00e9rive de son utilisation initiale en tant que pi\u00e8ce de mobilier profane \u00e0 l\u2019\u00e9poque pr\u00e9chr\u00e9tienne : un pied, une tige, un plateau pour la cire et une pique sur laquelle coincer la bougie.<\/p>\n<p>Au cours du temps, les <strong><a title=\"Chandeliers\" href=\"http:\/\/www.holyart.fr\/accessoires-pour-la-liturgie\/chandeliers-candelabres-bases-pour-cierge\">chandeliers<\/a><\/strong> atteignirent des dimensions de plus en plus grandes et un soin de plus en plus pouss\u00e9 de la forme et des d\u00e9corations. Les mat\u00e9riaux de fabrication aussi ont \u00e9volu\u00e9 avec un ample usage de l\u2019<strong>or<\/strong>, de l\u2019<strong>argent<\/strong> et d\u2019autres <strong>m\u00e9taux pr\u00e9cieux<\/strong>, mais aussi de mat\u00e9riaux plus simples comme le <strong>bois<\/strong> et le <strong>laiton<\/strong>, selon les moyens de l\u2019\u00e9glise.<\/p>\n<p>Au XVI si\u00e8cle d\u2019autres r\u00e8gles pr\u00e9cises concernant le <strong>chandelier<\/strong> furent codifi\u00e9es : son aspect devait rappeler la <strong>croix d\u2019autel<\/strong> ; les mat\u00e9riaux pr\u00e9cieux devaient \u00eatre r\u00e9serv\u00e9s aux c\u00e9l\u00e9brations officielles ;\u00a0 sa forme devait \u00eatre simple, lin\u00e9aire, avec un pied rond ou triangulaire, la tige cisel\u00e9e, le plateau circulaire avec une pique pour la bougie.<\/p>\n<p>Le <strong>chandelier<\/strong> a conserv\u00e9 ces caract\u00e9ristiques jusqu\u2019\u00e0 aujourd\u2019hui avec d\u2019in\u00e9vitables variantes artistiques et formelles li\u00e9es aux diff\u00e9rentes p\u00e9riodes historiques.<\/p>\n","protected":false},"excerpt":{"rendered":"<p>Le chandelier est une pi\u00e8ce de mobilier d\u2019\u00e9glise pr\u00e9sent dans chaque \u00e9glise et pos\u00e9 sur l\u2019autel. Il s\u2019agit d\u2019un porte-bougie destin\u00e9 \u00e0 soutenir une seule bougie. Son utilisation remonte aux origines m\u00eame de l\u2019\u00e9glise et est li\u00e9 de mani\u00e8re \u00e9vidente et indissoluble au symbole de&hellip;<\/p>\n","protected":false},"author":1,"featured_media":140,"comment_status":"closed","ping_status":"open","sticky":false,"template":"","format":"standard","meta":{"_acf_changed":false,"footnotes":""},"categories":[4],"tags":[],"class_list":["post-139","post","type-post","status-publish","format-standard","has-post-thumbnail","hentry","category-accessoires-pour-la-liturgie"],"acf":[],"yoast_head":"<!-- This site is optimized with the Yoast SEO plugin v26.6 - https:\/\/yoast.com\/wordpress\/plugins\/seo\/ -->\n<title>Chandelier: symbole de la Lumi\u00e8re et R\u00e9surrection du Christ - Holyart.fr Blog<\/title>\n<meta name=\"description\" content=\"Le chandelier est pr\u00e9sent dans chaque \u00e9glise et pos\u00e9 sur l\u2019autel. Il s\u2019agit d\u2019un porte-bougie destin\u00e9 \u00e0 soutenir une seule bougie.\" \/>\n<meta name=\"robots\" content=\"index, follow, max-snippet:-1, max-image-preview:large, max-video-preview:-1\" \/>\n<link rel=\"canonical\" href=\"https:\/\/blog.holyart.it\/fr\/accessoires-pour-la-liturgie\/chandelier-symbole-de-lumiere-resurrection-christ\/\" \/>\n<meta property=\"og:locale\" content=\"fr_FR\" \/>\n<meta property=\"og:type\" content=\"article\" \/>\n<meta property=\"og:title\" content=\"Chandelier: symbole de la Lumi\u00e8re et R\u00e9surrection du Christ - Holyart.fr Blog\" \/>\n<meta property=\"og:description\" content=\"Le chandelier est pr\u00e9sent dans chaque \u00e9glise et pos\u00e9 sur l\u2019autel. Il s\u2019agit d\u2019un porte-bougie destin\u00e9 \u00e0 soutenir une seule bougie.\" \/>\n<meta property=\"og:url\" content=\"https:\/\/blog.holyart.it\/fr\/accessoires-pour-la-liturgie\/chandelier-symbole-de-lumiere-resurrection-christ\/\" \/>\n<meta property=\"og:site_name\" content=\"Holyart.fr Blog\" \/>\n<meta property=\"article:published_time\" content=\"2016-08-30T15:25:33+00:00\" \/>\n<meta property=\"article:modified_time\" content=\"2016-10-20T15:26:39+00:00\" \/>\n<meta property=\"og:image\" content=\"https:\/\/blog.holyart.it\/fr\/wp-content\/uploads\/sites\/14\/2016\/10\/Chandelier.jpg\" \/>\n\t<meta property=\"og:image:width\" content=\"1000\" \/>\n\t<meta property=\"og:image:height\" content=\"667\" \/>\n\t<meta property=\"og:image:type\" content=\"image\/jpeg\" \/>\n<meta name=\"author\" content=\"Redazione\" \/>\n<meta name=\"twitter:card\" content=\"summary_large_image\" \/>\n<meta name=\"twitter:label1\" content=\"\u00c9crit par\" \/>\n\t<meta name=\"twitter:data1\" content=\"Redazione\" \/>\n\t<meta name=\"twitter:label2\" content=\"Dur\u00e9e de lecture estim\u00e9e\" \/>\n\t<meta name=\"twitter:data2\" content=\"2 minutes\" \/>\n<script type=\"application\/ld+json\" class=\"yoast-schema-graph\">{\"@context\":\"https:\/\/schema.org\",\"@graph\":[{\"@type\":\"Article\",\"@id\":\"https:\/\/blog.holyart.it\/fr\/accessoires-pour-la-liturgie\/chandelier-symbole-de-lumiere-resurrection-christ\/#article\",\"isPartOf\":{\"@id\":\"https:\/\/blog.holyart.it\/fr\/accessoires-pour-la-liturgie\/chandelier-symbole-de-lumiere-resurrection-christ\/\"},\"author\":{\"name\":\"Redazione\",\"@id\":\"https:\/\/blog.holyart.it\/fr\/#\/schema\/person\/0a7b686e5af0f856ec1e390dd0baecda\"},\"headline\":\"Chandelier: symbole de la Lumi\u00e8re et R\u00e9surrection du Christ\",\"datePublished\":\"2016-08-30T15:25:33+00:00\",\"dateModified\":\"2016-10-20T15:26:39+00:00\",\"mainEntityOfPage\":{\"@id\":\"https:\/\/blog.holyart.it\/fr\/accessoires-pour-la-liturgie\/chandelier-symbole-de-lumiere-resurrection-christ\/\"},\"wordCount\":417,\"publisher\":{\"@id\":\"https:\/\/blog.holyart.it\/fr\/#organization\"},\"image\":{\"@id\":\"https:\/\/blog.holyart.it\/fr\/accessoires-pour-la-liturgie\/chandelier-symbole-de-lumiere-resurrection-christ\/#primaryimage\"},\"thumbnailUrl\":\"https:\/\/blog.holyart.it\/fr\/wp-content\/uploads\/sites\/14\/2016\/10\/Chandelier.jpg\",\"articleSection\":[\"Liturgie\"],\"inLanguage\":\"fr-FR\"},{\"@type\":\"WebPage\",\"@id\":\"https:\/\/blog.holyart.it\/fr\/accessoires-pour-la-liturgie\/chandelier-symbole-de-lumiere-resurrection-christ\/\",\"url\":\"https:\/\/blog.holyart.it\/fr\/accessoires-pour-la-liturgie\/chandelier-symbole-de-lumiere-resurrection-christ\/\",\"name\":\"Chandelier: symbole de la Lumi\u00e8re et R\u00e9surrection du Christ - Holyart.fr Blog\",\"isPartOf\":{\"@id\":\"https:\/\/blog.holyart.it\/fr\/#website\"},\"primaryImageOfPage\":{\"@id\":\"https:\/\/blog.holyart.it\/fr\/accessoires-pour-la-liturgie\/chandelier-symbole-de-lumiere-resurrection-christ\/#primaryimage\"},\"image\":{\"@id\":\"https:\/\/blog.holyart.it\/fr\/accessoires-pour-la-liturgie\/chandelier-symbole-de-lumiere-resurrection-christ\/#primaryimage\"},\"thumbnailUrl\":\"https:\/\/blog.holyart.it\/fr\/wp-content\/uploads\/sites\/14\/2016\/10\/Chandelier.jpg\",\"datePublished\":\"2016-08-30T15:25:33+00:00\",\"dateModified\":\"2016-10-20T15:26:39+00:00\",\"description\":\"Le chandelier est pr\u00e9sent dans chaque \u00e9glise et pos\u00e9 sur l\u2019autel. Il s\u2019agit d\u2019un porte-bougie destin\u00e9 \u00e0 soutenir une seule bougie.\",\"breadcrumb\":{\"@id\":\"https:\/\/blog.holyart.it\/fr\/accessoires-pour-la-liturgie\/chandelier-symbole-de-lumiere-resurrection-christ\/#breadcrumb\"},\"inLanguage\":\"fr-FR\",\"potentialAction\":[{\"@type\":\"ReadAction\",\"target\":[\"https:\/\/blog.holyart.it\/fr\/accessoires-pour-la-liturgie\/chandelier-symbole-de-lumiere-resurrection-christ\/\"]}]},{\"@type\":\"ImageObject\",\"inLanguage\":\"fr-FR\",\"@id\":\"https:\/\/blog.holyart.it\/fr\/accessoires-pour-la-liturgie\/chandelier-symbole-de-lumiere-resurrection-christ\/#primaryimage\",\"url\":\"https:\/\/blog.holyart.it\/fr\/wp-content\/uploads\/sites\/14\/2016\/10\/Chandelier.jpg\",\"contentUrl\":\"https:\/\/blog.holyart.it\/fr\/wp-content\/uploads\/sites\/14\/2016\/10\/Chandelier.jpg\",\"width\":1000,\"height\":667,\"caption\":\"Chandelier\"},{\"@type\":\"BreadcrumbList\",\"@id\":\"https:\/\/blog.holyart.it\/fr\/accessoires-pour-la-liturgie\/chandelier-symbole-de-lumiere-resurrection-christ\/#breadcrumb\",\"itemListElement\":[{\"@type\":\"ListItem\",\"position\":1,\"name\":\"Homepage\",\"item\":\"https:\/\/blog.holyart.it\/fr\/\"},{\"@type\":\"ListItem\",\"position\":2,\"name\":\"Liturgie\",\"item\":\"https:\/\/blog.holyart.it\/fr\/accessoires-pour-la-liturgie\/\"},{\"@type\":\"ListItem\",\"position\":3,\"name\":\"Chandelier: symbole de la Lumi\u00e8re et R\u00e9surrection du Christ\"}]},{\"@type\":\"WebSite\",\"@id\":\"https:\/\/blog.holyart.it\/fr\/#website\",\"url\":\"https:\/\/blog.holyart.it\/fr\/\",\"name\":\"Holyart.fr Blog\",\"description\":\"Holyblog\",\"publisher\":{\"@id\":\"https:\/\/blog.holyart.it\/fr\/#organization\"},\"potentialAction\":[{\"@type\":\"SearchAction\",\"target\":{\"@type\":\"EntryPoint\",\"urlTemplate\":\"https:\/\/blog.holyart.it\/fr\/?s={search_term_string}\"},\"query-input\":{\"@type\":\"PropertyValueSpecification\",\"valueRequired\":true,\"valueName\":\"search_term_string\"}}],\"inLanguage\":\"fr-FR\"},{\"@type\":\"Organization\",\"@id\":\"https:\/\/blog.holyart.it\/fr\/#organization\",\"name\":\"Holyart.fr Blog\",\"url\":\"https:\/\/blog.holyart.it\/fr\/\",\"logo\":{\"@type\":\"ImageObject\",\"inLanguage\":\"fr-FR\",\"@id\":\"https:\/\/blog.holyart.it\/fr\/#\/schema\/logo\/image\/\",\"url\":\"https:\/\/blog.holyart.it\/fr\/wp-content\/uploads\/sites\/14\/2022\/12\/Holyart_Blog_Logo.jpg\",\"contentUrl\":\"https:\/\/blog.holyart.it\/fr\/wp-content\/uploads\/sites\/14\/2022\/12\/Holyart_Blog_Logo.jpg\",\"width\":300,\"height\":50,\"caption\":\"Holyart.fr Blog\"},\"image\":{\"@id\":\"https:\/\/blog.holyart.it\/fr\/#\/schema\/logo\/image\/\"}},{\"@type\":\"Person\",\"@id\":\"https:\/\/blog.holyart.it\/fr\/#\/schema\/person\/0a7b686e5af0f856ec1e390dd0baecda\",\"name\":\"Redazione\",\"image\":{\"@type\":\"ImageObject\",\"inLanguage\":\"fr-FR\",\"@id\":\"https:\/\/blog.holyart.it\/fr\/#\/schema\/person\/image\/\",\"url\":\"https:\/\/secure.gravatar.com\/avatar\/f477da817f43e50d0af36abecd33e3edf826c68299714bdc1057dff3b113f516?s=96&d=mm&r=g\",\"contentUrl\":\"https:\/\/secure.gravatar.com\/avatar\/f477da817f43e50d0af36abecd33e3edf826c68299714bdc1057dff3b113f516?s=96&d=mm&r=g\",\"caption\":\"Redazione\"},\"url\":\"https:\/\/blog.holyart.it\/fr\/author\/admin\/\"}]}<\/script>\n<!-- \/ Yoast SEO plugin. -->","yoast_head_json":{"title":"Chandelier: symbole de la Lumi\u00e8re et R\u00e9surrection du Christ - Holyart.fr Blog","description":"Le chandelier est pr\u00e9sent dans chaque \u00e9glise et pos\u00e9 sur l\u2019autel. Il s\u2019agit d\u2019un porte-bougie destin\u00e9 \u00e0 soutenir une seule bougie.","robots":{"index":"index","follow":"follow","max-snippet":"max-snippet:-1","max-image-preview":"max-image-preview:large","max-video-preview":"max-video-preview:-1"},"canonical":"https:\/\/blog.holyart.it\/fr\/accessoires-pour-la-liturgie\/chandelier-symbole-de-lumiere-resurrection-christ\/","og_locale":"fr_FR","og_type":"article","og_title":"Chandelier: symbole de la Lumi\u00e8re et R\u00e9surrection du Christ - Holyart.fr Blog","og_description":"Le chandelier est pr\u00e9sent dans chaque \u00e9glise et pos\u00e9 sur l\u2019autel. Il s\u2019agit d\u2019un porte-bougie destin\u00e9 \u00e0 soutenir une seule bougie.","og_url":"https:\/\/blog.holyart.it\/fr\/accessoires-pour-la-liturgie\/chandelier-symbole-de-lumiere-resurrection-christ\/","og_site_name":"Holyart.fr Blog","article_published_time":"2016-08-30T15:25:33+00:00","article_modified_time":"2016-10-20T15:26:39+00:00","og_image":[{"width":1000,"height":667,"url":"https:\/\/blog.holyart.it\/fr\/wp-content\/uploads\/sites\/14\/2016\/10\/Chandelier.jpg","type":"image\/jpeg"}],"author":"Redazione","twitter_card":"summary_large_image","twitter_misc":{"\u00c9crit par":"Redazione","Dur\u00e9e de lecture estim\u00e9e":"2 minutes"},"schema":{"@context":"https:\/\/schema.org","@graph":[{"@type":"Article","@id":"https:\/\/blog.holyart.it\/fr\/accessoires-pour-la-liturgie\/chandelier-symbole-de-lumiere-resurrection-christ\/#article","isPartOf":{"@id":"https:\/\/blog.holyart.it\/fr\/accessoires-pour-la-liturgie\/chandelier-symbole-de-lumiere-resurrection-christ\/"},"author":{"name":"Redazione","@id":"https:\/\/blog.holyart.it\/fr\/#\/schema\/person\/0a7b686e5af0f856ec1e390dd0baecda"},"headline":"Chandelier: symbole de la Lumi\u00e8re et R\u00e9surrection du Christ","datePublished":"2016-08-30T15:25:33+00:00","dateModified":"2016-10-20T15:26:39+00:00","mainEntityOfPage":{"@id":"https:\/\/blog.holyart.it\/fr\/accessoires-pour-la-liturgie\/chandelier-symbole-de-lumiere-resurrection-christ\/"},"wordCount":417,"publisher":{"@id":"https:\/\/blog.holyart.it\/fr\/#organization"},"image":{"@id":"https:\/\/blog.holyart.it\/fr\/accessoires-pour-la-liturgie\/chandelier-symbole-de-lumiere-resurrection-christ\/#primaryimage"},"thumbnailUrl":"https:\/\/blog.holyart.it\/fr\/wp-content\/uploads\/sites\/14\/2016\/10\/Chandelier.jpg","articleSection":["Liturgie"],"inLanguage":"fr-FR"},{"@type":"WebPage","@id":"https:\/\/blog.holyart.it\/fr\/accessoires-pour-la-liturgie\/chandelier-symbole-de-lumiere-resurrection-christ\/","url":"https:\/\/blog.holyart.it\/fr\/accessoires-pour-la-liturgie\/chandelier-symbole-de-lumiere-resurrection-christ\/","name":"Chandelier: symbole de la Lumi\u00e8re et R\u00e9surrection du Christ - Holyart.fr Blog","isPartOf":{"@id":"https:\/\/blog.holyart.it\/fr\/#website"},"primaryImageOfPage":{"@id":"https:\/\/blog.holyart.it\/fr\/accessoires-pour-la-liturgie\/chandelier-symbole-de-lumiere-resurrection-christ\/#primaryimage"},"image":{"@id":"https:\/\/blog.holyart.it\/fr\/accessoires-pour-la-liturgie\/chandelier-symbole-de-lumiere-resurrection-christ\/#primaryimage"},"thumbnailUrl":"https:\/\/blog.holyart.it\/fr\/wp-content\/uploads\/sites\/14\/2016\/10\/Chandelier.jpg","datePublished":"2016-08-30T15:25:33+00:00","dateModified":"2016-10-20T15:26:39+00:00","description":"Le chandelier est pr\u00e9sent dans chaque \u00e9glise et pos\u00e9 sur l\u2019autel. Il s\u2019agit d\u2019un porte-bougie destin\u00e9 \u00e0 soutenir une seule bougie.","breadcrumb":{"@id":"https:\/\/blog.holyart.it\/fr\/accessoires-pour-la-liturgie\/chandelier-symbole-de-lumiere-resurrection-christ\/#breadcrumb"},"inLanguage":"fr-FR","potentialAction":[{"@type":"ReadAction","target":["https:\/\/blog.holyart.it\/fr\/accessoires-pour-la-liturgie\/chandelier-symbole-de-lumiere-resurrection-christ\/"]}]},{"@type":"ImageObject","inLanguage":"fr-FR","@id":"https:\/\/blog.holyart.it\/fr\/accessoires-pour-la-liturgie\/chandelier-symbole-de-lumiere-resurrection-christ\/#primaryimage","url":"https:\/\/blog.holyart.it\/fr\/wp-content\/uploads\/sites\/14\/2016\/10\/Chandelier.jpg","contentUrl":"https:\/\/blog.holyart.it\/fr\/wp-content\/uploads\/sites\/14\/2016\/10\/Chandelier.jpg","width":1000,"height":667,"caption":"Chandelier"},{"@type":"BreadcrumbList","@id":"https:\/\/blog.holyart.it\/fr\/accessoires-pour-la-liturgie\/chandelier-symbole-de-lumiere-resurrection-christ\/#breadcrumb","itemListElement":[{"@type":"ListItem","position":1,"name":"Homepage","item":"https:\/\/blog.holyart.it\/fr\/"},{"@type":"ListItem","position":2,"name":"Liturgie","item":"https:\/\/blog.holyart.it\/fr\/accessoires-pour-la-liturgie\/"},{"@type":"ListItem","position":3,"name":"Chandelier: symbole de la Lumi\u00e8re et R\u00e9surrection du Christ"}]},{"@type":"WebSite","@id":"https:\/\/blog.holyart.it\/fr\/#website","url":"https:\/\/blog.holyart.it\/fr\/","name":"Holyart.fr Blog","description":"Holyblog","publisher":{"@id":"https:\/\/blog.holyart.it\/fr\/#organization"},"potentialAction":[{"@type":"SearchAction","target":{"@type":"EntryPoint","urlTemplate":"https:\/\/blog.holyart.it\/fr\/?s={search_term_string}"},"query-input":{"@type":"PropertyValueSpecification","valueRequired":true,"valueName":"search_term_string"}}],"inLanguage":"fr-FR"},{"@type":"Organization","@id":"https:\/\/blog.holyart.it\/fr\/#organization","name":"Holyart.fr Blog","url":"https:\/\/blog.holyart.it\/fr\/","logo":{"@type":"ImageObject","inLanguage":"fr-FR","@id":"https:\/\/blog.holyart.it\/fr\/#\/schema\/logo\/image\/","url":"https:\/\/blog.holyart.it\/fr\/wp-content\/uploads\/sites\/14\/2022\/12\/Holyart_Blog_Logo.jpg","contentUrl":"https:\/\/blog.holyart.it\/fr\/wp-content\/uploads\/sites\/14\/2022\/12\/Holyart_Blog_Logo.jpg","width":300,"height":50,"caption":"Holyart.fr Blog"},"image":{"@id":"https:\/\/blog.holyart.it\/fr\/#\/schema\/logo\/image\/"}},{"@type":"Person","@id":"https:\/\/blog.holyart.it\/fr\/#\/schema\/person\/0a7b686e5af0f856ec1e390dd0baecda","name":"Redazione","image":{"@type":"ImageObject","inLanguage":"fr-FR","@id":"https:\/\/blog.holyart.it\/fr\/#\/schema\/person\/image\/","url":"https:\/\/secure.gravatar.com\/avatar\/f477da817f43e50d0af36abecd33e3edf826c68299714bdc1057dff3b113f516?s=96&d=mm&r=g","contentUrl":"https:\/\/secure.gravatar.com\/avatar\/f477da817f43e50d0af36abecd33e3edf826c68299714bdc1057dff3b113f516?s=96&d=mm&r=g","caption":"Redazione"},"url":"https:\/\/blog.holyart.it\/fr\/author\/admin\/"}]}},"_links":{"self":[{"href":"https:\/\/blog.holyart.it\/fr\/wp-json\/wp\/v2\/posts\/139","targetHints":{"allow":["GET"]}}],"collection":[{"href":"https:\/\/blog.holyart.it\/fr\/wp-json\/wp\/v2\/posts"}],"about":[{"href":"https:\/\/blog.holyart.it\/fr\/wp-json\/wp\/v2\/types\/post"}],"author":[{"embeddable":true,"href":"https:\/\/blog.holyart.it\/fr\/wp-json\/wp\/v2\/users\/1"}],"replies":[{"embeddable":true,"href":"https:\/\/blog.holyart.it\/fr\/wp-json\/wp\/v2\/comments?post=139"}],"version-history":[{"count":0,"href":"https:\/\/blog.holyart.it\/fr\/wp-json\/wp\/v2\/posts\/139\/revisions"}],"wp:featuredmedia":[{"embeddable":true,"href":"https:\/\/blog.holyart.it\/fr\/wp-json\/wp\/v2\/media\/140"}],"wp:attachment":[{"href":"https:\/\/blog.holyart.it\/fr\/wp-json\/wp\/v2\/media?parent=139"}],"wp:term":[{"taxonomy":"category","embeddable":true,"href":"https:\/\/blog.holyart.it\/fr\/wp-json\/wp\/v2\/categories?post=139"},{"taxonomy":"post_tag","embeddable":true,"href":"https:\/\/blog.holyart.it\/fr\/wp-json\/wp\/v2\/tags?post=139"}],"curies":[{"name":"wp","href":"https:\/\/api.w.org\/{rel}","templated":true}]}}