{"id":136,"date":"2016-08-28T17:20:11","date_gmt":"2016-08-28T15:20:11","guid":{"rendered":"https:\/\/blog.holyart.it\/fr\/?p=136"},"modified":"2018-07-24T16:49:19","modified_gmt":"2018-07-24T14:49:19","slug":"dame-de-fatima","status":"publish","type":"post","link":"https:\/\/blog.holyart.it\/fr\/saints-et-bienheureux\/dame-de-fatima\/","title":{"rendered":"Notre-Dame de F\u00e1tima"},"content":{"rendered":"<p><strong>Notre-Dame de F\u00e1tima<\/strong>\u00a0 (ou Nossa Senhora de F\u00e1tima) est un des noms sous lequel est connue et ador\u00e9e dans le monde entier la Sainte Vierge, <strong>M\u00e8re de Dieu<\/strong>.<\/p>\n<p>Cet appellatif d\u00e9rive de la ville portugaise de F\u00e1tima, o\u00f9 ont eu lieu au d\u00e9but du XX si\u00e8cle certaines des apparitions mariales les plus c\u00e9l\u00e8bres. Le 13 mai 1917, les fr\u00e8res Francisco et Giacinta Marto, \u00e2g\u00e9s de 9 et de 7 ans, et leur cousine Lucia dos Santons, \u00e2g\u00e9e de 10 ans, tous les trois jeunes bergers, racont\u00e8rent avoir vu un nuage planer pr\u00e8s de l\u2019endroit o\u00f9 p\u00e2turaient leur troupeau et, \u00e0 l\u2019int\u00e9rieur du nuage, apparaissait la silhouette d\u2019<strong>une femme habill\u00e9e en blanc avec un chapelet dans la main<\/strong>. Ils comprirent tout de suite qu\u2019il s\u2019agissait de la <strong>Sainte Vierge <\/strong>qui s\u2019adressa \u00e0 eux tr\u00e8s gentiment.<\/p>\n<p><strong>Notre-Dame de F\u00e1tima<\/strong> leur demanda de retourner au m\u00eame endroit dans les mois suivants, toujours le jour 13. Pendant ces rencontres, <strong>Notre-Dame de F\u00e1tima<\/strong> r\u00e9v\u00e9la aux enfants des faits surprenants qui auraient eu lieu par la suite, comme <strong>la fin de la premi\u00e8re guerre mondiale<\/strong> et <strong>la menace d\u2019un deuxi\u00e8me guerre encore plus terrible<\/strong>.<\/p>\n<p>D\u2019autres r\u00e9v\u00e9lations concernaient le <strong>panorama politique du monde<\/strong>, <strong>la cr\u00e9ation d\u2019une Russie communiste<\/strong>, contre laquelle uniquement le Pape et le Clerg\u00e9 unis auraient su opposer r\u00e9sistance. <strong>Notre-Dame de F\u00e1tima<\/strong> annon\u00e7a aussi un \u00e9v\u00e9nement prodigieux qui aurait eu lieu le 13 octobre 1917. Des milliers de fid\u00e8les et beaucoup de sceptiques se rendirent \u00e0 l\u2019endroit indiqu\u00e9 par les jeunes bergers et assist\u00e8rent \u00e0 ce qui fut ensuite connu comme le \u00ab\u00a0<strong>miracle du soleil<\/strong>\u00a0\u00bb. Ce jour-l\u00e0 il pleuvait, mais la pluie cessa de tomber d\u2019un coup et les nuages \u00e9pais s\u2019ouvrirent en r\u00e9v\u00e9lant le soleil qui commen\u00e7a \u00e0 tourner sur lui-m\u00eame en changeant de couleur et de dimensions, devenant de plus en plus grand, comme s\u2019il \u00e9tait sur le point de tomber.<\/p>\n<p>Le message de <strong>Notre-Dame de F\u00e1tima<\/strong> est une invitation \u00e0 la p\u00e9nitence et \u00e0 la pri\u00e8re, \u00e0 l\u2019amour et \u00e0 la foi en Dieu.<\/p>\n<p>En 1930 l\u2019\u00c9glise catholique reconnut la nature surnaturelle des apparitions de <strong>Notre-Dame de F\u00e1tima<\/strong> et elle en autorisa le culte. En l\u2019honneur de <strong>Notre-Dame de F\u00e1tima<\/strong> fut construit un <strong>sanctuaire<\/strong>, qui est encore de nos jours un lieu de p\u00e8lerinage pour les fid\u00e8les du monde entier.<\/p>\n<p>Si vous souhaitez acheter une <strong><a title=\"Statue vierge de fatima 120 cm pate a bois\" href=\"https:\/\/www.holyart.fr\/occasions-speciales\/notre-dame-de-fatima\/statues-notre-dame-de-fatima\">Statue de Notre-Dame de F\u00e1tima<\/a><\/strong>, sur le site <strong><a title=\"Statues Vierge Marie\" href=\"http:\/\/www.holyart.fr\/produits\/statues-vierge-marie.php\">Holyart<\/a><\/strong> vous trouverez un vaste choix de dimensions et mat\u00e9riaux diff\u00e9rents.<\/p>\n","protected":false},"excerpt":{"rendered":"<p>Notre-Dame de F\u00e1tima\u00a0 (ou Nossa Senhora de F\u00e1tima) est un des noms sous lequel est connue et ador\u00e9e dans le monde entier la Sainte Vierge, M\u00e8re de Dieu. Cet appellatif d\u00e9rive de la ville portugaise de F\u00e1tima, o\u00f9 ont eu lieu au d\u00e9but du XX&hellip;<\/p>\n","protected":false},"author":1,"featured_media":137,"comment_status":"closed","ping_status":"open","sticky":false,"template":"","format":"standard","meta":{"_acf_changed":false,"footnotes":""},"categories":[7],"tags":[],"class_list":["post-136","post","type-post","status-publish","format-standard","has-post-thumbnail","hentry","category-saints-et-bienheureux"],"acf":[],"yoast_head":"<!-- This site is optimized with the Yoast SEO plugin v26.6 - https:\/\/yoast.com\/wordpress\/plugins\/seo\/ -->\n<title>Notre-Dame de F\u00e1tima - Holyart.fr Blog<\/title>\n<meta name=\"robots\" content=\"index, follow, max-snippet:-1, max-image-preview:large, max-video-preview:-1\" \/>\n<link rel=\"canonical\" href=\"https:\/\/blog.holyart.it\/fr\/saints-et-bienheureux\/dame-de-fatima\/\" \/>\n<meta property=\"og:locale\" content=\"fr_FR\" \/>\n<meta property=\"og:type\" content=\"article\" \/>\n<meta property=\"og:title\" content=\"Notre-Dame de F\u00e1tima - Holyart.fr Blog\" \/>\n<meta property=\"og:description\" content=\"Notre-Dame de F\u00e1tima\u00a0 (ou Nossa Senhora de F\u00e1tima) est un des noms sous lequel est connue et ador\u00e9e dans le monde entier la Sainte Vierge, M\u00e8re de Dieu. Cet appellatif d\u00e9rive de la ville portugaise de F\u00e1tima, o\u00f9 ont eu lieu au d\u00e9but du XX&hellip;\" \/>\n<meta property=\"og:url\" content=\"https:\/\/blog.holyart.it\/fr\/saints-et-bienheureux\/dame-de-fatima\/\" \/>\n<meta property=\"og:site_name\" content=\"Holyart.fr Blog\" \/>\n<meta property=\"article:published_time\" content=\"2016-08-28T15:20:11+00:00\" \/>\n<meta property=\"article:modified_time\" content=\"2018-07-24T14:49:19+00:00\" \/>\n<meta property=\"og:image\" content=\"https:\/\/blog.holyart.it\/fr\/wp-content\/uploads\/sites\/14\/2016\/10\/Notre-Dame-de-F\u00e1tima.jpg\" \/>\n\t<meta property=\"og:image:width\" content=\"1000\" \/>\n\t<meta property=\"og:image:height\" content=\"667\" \/>\n\t<meta property=\"og:image:type\" content=\"image\/jpeg\" \/>\n<meta name=\"author\" content=\"Redazione\" \/>\n<meta name=\"twitter:card\" content=\"summary_large_image\" \/>\n<meta name=\"twitter:label1\" content=\"\u00c9crit par\" \/>\n\t<meta name=\"twitter:data1\" content=\"Redazione\" \/>\n\t<meta name=\"twitter:label2\" content=\"Dur\u00e9e de lecture estim\u00e9e\" \/>\n\t<meta name=\"twitter:data2\" content=\"2 minutes\" \/>\n<script type=\"application\/ld+json\" class=\"yoast-schema-graph\">{\"@context\":\"https:\/\/schema.org\",\"@graph\":[{\"@type\":\"Article\",\"@id\":\"https:\/\/blog.holyart.it\/fr\/saints-et-bienheureux\/dame-de-fatima\/#article\",\"isPartOf\":{\"@id\":\"https:\/\/blog.holyart.it\/fr\/saints-et-bienheureux\/dame-de-fatima\/\"},\"author\":{\"name\":\"Redazione\",\"@id\":\"https:\/\/blog.holyart.it\/fr\/#\/schema\/person\/0a7b686e5af0f856ec1e390dd0baecda\"},\"headline\":\"Notre-Dame de F\u00e1tima\",\"datePublished\":\"2016-08-28T15:20:11+00:00\",\"dateModified\":\"2018-07-24T14:49:19+00:00\",\"mainEntityOfPage\":{\"@id\":\"https:\/\/blog.holyart.it\/fr\/saints-et-bienheureux\/dame-de-fatima\/\"},\"wordCount\":453,\"publisher\":{\"@id\":\"https:\/\/blog.holyart.it\/fr\/#organization\"},\"image\":{\"@id\":\"https:\/\/blog.holyart.it\/fr\/saints-et-bienheureux\/dame-de-fatima\/#primaryimage\"},\"thumbnailUrl\":\"https:\/\/blog.holyart.it\/fr\/wp-content\/uploads\/sites\/14\/2016\/10\/Notre-Dame-de-F\u00e1tima.jpg\",\"articleSection\":[\"Saints et Bienheureux\"],\"inLanguage\":\"fr-FR\"},{\"@type\":\"WebPage\",\"@id\":\"https:\/\/blog.holyart.it\/fr\/saints-et-bienheureux\/dame-de-fatima\/\",\"url\":\"https:\/\/blog.holyart.it\/fr\/saints-et-bienheureux\/dame-de-fatima\/\",\"name\":\"Notre-Dame de F\u00e1tima - Holyart.fr Blog\",\"isPartOf\":{\"@id\":\"https:\/\/blog.holyart.it\/fr\/#website\"},\"primaryImageOfPage\":{\"@id\":\"https:\/\/blog.holyart.it\/fr\/saints-et-bienheureux\/dame-de-fatima\/#primaryimage\"},\"image\":{\"@id\":\"https:\/\/blog.holyart.it\/fr\/saints-et-bienheureux\/dame-de-fatima\/#primaryimage\"},\"thumbnailUrl\":\"https:\/\/blog.holyart.it\/fr\/wp-content\/uploads\/sites\/14\/2016\/10\/Notre-Dame-de-F\u00e1tima.jpg\",\"datePublished\":\"2016-08-28T15:20:11+00:00\",\"dateModified\":\"2018-07-24T14:49:19+00:00\",\"breadcrumb\":{\"@id\":\"https:\/\/blog.holyart.it\/fr\/saints-et-bienheureux\/dame-de-fatima\/#breadcrumb\"},\"inLanguage\":\"fr-FR\",\"potentialAction\":[{\"@type\":\"ReadAction\",\"target\":[\"https:\/\/blog.holyart.it\/fr\/saints-et-bienheureux\/dame-de-fatima\/\"]}]},{\"@type\":\"ImageObject\",\"inLanguage\":\"fr-FR\",\"@id\":\"https:\/\/blog.holyart.it\/fr\/saints-et-bienheureux\/dame-de-fatima\/#primaryimage\",\"url\":\"https:\/\/blog.holyart.it\/fr\/wp-content\/uploads\/sites\/14\/2016\/10\/Notre-Dame-de-F\u00e1tima.jpg\",\"contentUrl\":\"https:\/\/blog.holyart.it\/fr\/wp-content\/uploads\/sites\/14\/2016\/10\/Notre-Dame-de-F\u00e1tima.jpg\",\"width\":1000,\"height\":667,\"caption\":\"Notre-Dame de F\u00e1tima\"},{\"@type\":\"BreadcrumbList\",\"@id\":\"https:\/\/blog.holyart.it\/fr\/saints-et-bienheureux\/dame-de-fatima\/#breadcrumb\",\"itemListElement\":[{\"@type\":\"ListItem\",\"position\":1,\"name\":\"Homepage\",\"item\":\"https:\/\/blog.holyart.it\/fr\/\"},{\"@type\":\"ListItem\",\"position\":2,\"name\":\"Saints et Bienheureux\",\"item\":\"https:\/\/blog.holyart.it\/fr\/saints-et-bienheureux\/\"},{\"@type\":\"ListItem\",\"position\":3,\"name\":\"Notre-Dame de F\u00e1tima\"}]},{\"@type\":\"WebSite\",\"@id\":\"https:\/\/blog.holyart.it\/fr\/#website\",\"url\":\"https:\/\/blog.holyart.it\/fr\/\",\"name\":\"Holyart.fr Blog\",\"description\":\"Holyblog\",\"publisher\":{\"@id\":\"https:\/\/blog.holyart.it\/fr\/#organization\"},\"potentialAction\":[{\"@type\":\"SearchAction\",\"target\":{\"@type\":\"EntryPoint\",\"urlTemplate\":\"https:\/\/blog.holyart.it\/fr\/?s={search_term_string}\"},\"query-input\":{\"@type\":\"PropertyValueSpecification\",\"valueRequired\":true,\"valueName\":\"search_term_string\"}}],\"inLanguage\":\"fr-FR\"},{\"@type\":\"Organization\",\"@id\":\"https:\/\/blog.holyart.it\/fr\/#organization\",\"name\":\"Holyart.fr Blog\",\"url\":\"https:\/\/blog.holyart.it\/fr\/\",\"logo\":{\"@type\":\"ImageObject\",\"inLanguage\":\"fr-FR\",\"@id\":\"https:\/\/blog.holyart.it\/fr\/#\/schema\/logo\/image\/\",\"url\":\"https:\/\/blog.holyart.it\/fr\/wp-content\/uploads\/sites\/14\/2022\/12\/Holyart_Blog_Logo.jpg\",\"contentUrl\":\"https:\/\/blog.holyart.it\/fr\/wp-content\/uploads\/sites\/14\/2022\/12\/Holyart_Blog_Logo.jpg\",\"width\":300,\"height\":50,\"caption\":\"Holyart.fr Blog\"},\"image\":{\"@id\":\"https:\/\/blog.holyart.it\/fr\/#\/schema\/logo\/image\/\"}},{\"@type\":\"Person\",\"@id\":\"https:\/\/blog.holyart.it\/fr\/#\/schema\/person\/0a7b686e5af0f856ec1e390dd0baecda\",\"name\":\"Redazione\",\"image\":{\"@type\":\"ImageObject\",\"inLanguage\":\"fr-FR\",\"@id\":\"https:\/\/blog.holyart.it\/fr\/#\/schema\/person\/image\/\",\"url\":\"https:\/\/secure.gravatar.com\/avatar\/f477da817f43e50d0af36abecd33e3edf826c68299714bdc1057dff3b113f516?s=96&d=mm&r=g\",\"contentUrl\":\"https:\/\/secure.gravatar.com\/avatar\/f477da817f43e50d0af36abecd33e3edf826c68299714bdc1057dff3b113f516?s=96&d=mm&r=g\",\"caption\":\"Redazione\"},\"url\":\"https:\/\/blog.holyart.it\/fr\/author\/admin\/\"}]}<\/script>\n<!-- \/ Yoast SEO plugin. -->","yoast_head_json":{"title":"Notre-Dame de F\u00e1tima - Holyart.fr Blog","robots":{"index":"index","follow":"follow","max-snippet":"max-snippet:-1","max-image-preview":"max-image-preview:large","max-video-preview":"max-video-preview:-1"},"canonical":"https:\/\/blog.holyart.it\/fr\/saints-et-bienheureux\/dame-de-fatima\/","og_locale":"fr_FR","og_type":"article","og_title":"Notre-Dame de F\u00e1tima - Holyart.fr Blog","og_description":"Notre-Dame de F\u00e1tima\u00a0 (ou Nossa Senhora de F\u00e1tima) est un des noms sous lequel est connue et ador\u00e9e dans le monde entier la Sainte Vierge, M\u00e8re de Dieu. Cet appellatif d\u00e9rive de la ville portugaise de F\u00e1tima, o\u00f9 ont eu lieu au d\u00e9but du XX&hellip;","og_url":"https:\/\/blog.holyart.it\/fr\/saints-et-bienheureux\/dame-de-fatima\/","og_site_name":"Holyart.fr Blog","article_published_time":"2016-08-28T15:20:11+00:00","article_modified_time":"2018-07-24T14:49:19+00:00","og_image":[{"width":1000,"height":667,"url":"https:\/\/blog.holyart.it\/fr\/wp-content\/uploads\/sites\/14\/2016\/10\/Notre-Dame-de-F\u00e1tima.jpg","type":"image\/jpeg"}],"author":"Redazione","twitter_card":"summary_large_image","twitter_misc":{"\u00c9crit par":"Redazione","Dur\u00e9e de lecture estim\u00e9e":"2 minutes"},"schema":{"@context":"https:\/\/schema.org","@graph":[{"@type":"Article","@id":"https:\/\/blog.holyart.it\/fr\/saints-et-bienheureux\/dame-de-fatima\/#article","isPartOf":{"@id":"https:\/\/blog.holyart.it\/fr\/saints-et-bienheureux\/dame-de-fatima\/"},"author":{"name":"Redazione","@id":"https:\/\/blog.holyart.it\/fr\/#\/schema\/person\/0a7b686e5af0f856ec1e390dd0baecda"},"headline":"Notre-Dame de F\u00e1tima","datePublished":"2016-08-28T15:20:11+00:00","dateModified":"2018-07-24T14:49:19+00:00","mainEntityOfPage":{"@id":"https:\/\/blog.holyart.it\/fr\/saints-et-bienheureux\/dame-de-fatima\/"},"wordCount":453,"publisher":{"@id":"https:\/\/blog.holyart.it\/fr\/#organization"},"image":{"@id":"https:\/\/blog.holyart.it\/fr\/saints-et-bienheureux\/dame-de-fatima\/#primaryimage"},"thumbnailUrl":"https:\/\/blog.holyart.it\/fr\/wp-content\/uploads\/sites\/14\/2016\/10\/Notre-Dame-de-F\u00e1tima.jpg","articleSection":["Saints et Bienheureux"],"inLanguage":"fr-FR"},{"@type":"WebPage","@id":"https:\/\/blog.holyart.it\/fr\/saints-et-bienheureux\/dame-de-fatima\/","url":"https:\/\/blog.holyart.it\/fr\/saints-et-bienheureux\/dame-de-fatima\/","name":"Notre-Dame de F\u00e1tima - Holyart.fr Blog","isPartOf":{"@id":"https:\/\/blog.holyart.it\/fr\/#website"},"primaryImageOfPage":{"@id":"https:\/\/blog.holyart.it\/fr\/saints-et-bienheureux\/dame-de-fatima\/#primaryimage"},"image":{"@id":"https:\/\/blog.holyart.it\/fr\/saints-et-bienheureux\/dame-de-fatima\/#primaryimage"},"thumbnailUrl":"https:\/\/blog.holyart.it\/fr\/wp-content\/uploads\/sites\/14\/2016\/10\/Notre-Dame-de-F\u00e1tima.jpg","datePublished":"2016-08-28T15:20:11+00:00","dateModified":"2018-07-24T14:49:19+00:00","breadcrumb":{"@id":"https:\/\/blog.holyart.it\/fr\/saints-et-bienheureux\/dame-de-fatima\/#breadcrumb"},"inLanguage":"fr-FR","potentialAction":[{"@type":"ReadAction","target":["https:\/\/blog.holyart.it\/fr\/saints-et-bienheureux\/dame-de-fatima\/"]}]},{"@type":"ImageObject","inLanguage":"fr-FR","@id":"https:\/\/blog.holyart.it\/fr\/saints-et-bienheureux\/dame-de-fatima\/#primaryimage","url":"https:\/\/blog.holyart.it\/fr\/wp-content\/uploads\/sites\/14\/2016\/10\/Notre-Dame-de-F\u00e1tima.jpg","contentUrl":"https:\/\/blog.holyart.it\/fr\/wp-content\/uploads\/sites\/14\/2016\/10\/Notre-Dame-de-F\u00e1tima.jpg","width":1000,"height":667,"caption":"Notre-Dame de F\u00e1tima"},{"@type":"BreadcrumbList","@id":"https:\/\/blog.holyart.it\/fr\/saints-et-bienheureux\/dame-de-fatima\/#breadcrumb","itemListElement":[{"@type":"ListItem","position":1,"name":"Homepage","item":"https:\/\/blog.holyart.it\/fr\/"},{"@type":"ListItem","position":2,"name":"Saints et Bienheureux","item":"https:\/\/blog.holyart.it\/fr\/saints-et-bienheureux\/"},{"@type":"ListItem","position":3,"name":"Notre-Dame de F\u00e1tima"}]},{"@type":"WebSite","@id":"https:\/\/blog.holyart.it\/fr\/#website","url":"https:\/\/blog.holyart.it\/fr\/","name":"Holyart.fr Blog","description":"Holyblog","publisher":{"@id":"https:\/\/blog.holyart.it\/fr\/#organization"},"potentialAction":[{"@type":"SearchAction","target":{"@type":"EntryPoint","urlTemplate":"https:\/\/blog.holyart.it\/fr\/?s={search_term_string}"},"query-input":{"@type":"PropertyValueSpecification","valueRequired":true,"valueName":"search_term_string"}}],"inLanguage":"fr-FR"},{"@type":"Organization","@id":"https:\/\/blog.holyart.it\/fr\/#organization","name":"Holyart.fr Blog","url":"https:\/\/blog.holyart.it\/fr\/","logo":{"@type":"ImageObject","inLanguage":"fr-FR","@id":"https:\/\/blog.holyart.it\/fr\/#\/schema\/logo\/image\/","url":"https:\/\/blog.holyart.it\/fr\/wp-content\/uploads\/sites\/14\/2022\/12\/Holyart_Blog_Logo.jpg","contentUrl":"https:\/\/blog.holyart.it\/fr\/wp-content\/uploads\/sites\/14\/2022\/12\/Holyart_Blog_Logo.jpg","width":300,"height":50,"caption":"Holyart.fr Blog"},"image":{"@id":"https:\/\/blog.holyart.it\/fr\/#\/schema\/logo\/image\/"}},{"@type":"Person","@id":"https:\/\/blog.holyart.it\/fr\/#\/schema\/person\/0a7b686e5af0f856ec1e390dd0baecda","name":"Redazione","image":{"@type":"ImageObject","inLanguage":"fr-FR","@id":"https:\/\/blog.holyart.it\/fr\/#\/schema\/person\/image\/","url":"https:\/\/secure.gravatar.com\/avatar\/f477da817f43e50d0af36abecd33e3edf826c68299714bdc1057dff3b113f516?s=96&d=mm&r=g","contentUrl":"https:\/\/secure.gravatar.com\/avatar\/f477da817f43e50d0af36abecd33e3edf826c68299714bdc1057dff3b113f516?s=96&d=mm&r=g","caption":"Redazione"},"url":"https:\/\/blog.holyart.it\/fr\/author\/admin\/"}]}},"_links":{"self":[{"href":"https:\/\/blog.holyart.it\/fr\/wp-json\/wp\/v2\/posts\/136","targetHints":{"allow":["GET"]}}],"collection":[{"href":"https:\/\/blog.holyart.it\/fr\/wp-json\/wp\/v2\/posts"}],"about":[{"href":"https:\/\/blog.holyart.it\/fr\/wp-json\/wp\/v2\/types\/post"}],"author":[{"embeddable":true,"href":"https:\/\/blog.holyart.it\/fr\/wp-json\/wp\/v2\/users\/1"}],"replies":[{"embeddable":true,"href":"https:\/\/blog.holyart.it\/fr\/wp-json\/wp\/v2\/comments?post=136"}],"version-history":[{"count":0,"href":"https:\/\/blog.holyart.it\/fr\/wp-json\/wp\/v2\/posts\/136\/revisions"}],"wp:featuredmedia":[{"embeddable":true,"href":"https:\/\/blog.holyart.it\/fr\/wp-json\/wp\/v2\/media\/137"}],"wp:attachment":[{"href":"https:\/\/blog.holyart.it\/fr\/wp-json\/wp\/v2\/media?parent=136"}],"wp:term":[{"taxonomy":"category","embeddable":true,"href":"https:\/\/blog.holyart.it\/fr\/wp-json\/wp\/v2\/categories?post=136"},{"taxonomy":"post_tag","embeddable":true,"href":"https:\/\/blog.holyart.it\/fr\/wp-json\/wp\/v2\/tags?post=136"}],"curies":[{"name":"wp","href":"https:\/\/api.w.org\/{rel}","templated":true}]}}