{"id":1346,"date":"2019-03-26T09:03:41","date_gmt":"2019-03-26T08:03:41","guid":{"rendered":"https:\/\/blog.holyart.it\/fr\/?p=1346"},"modified":"2022-10-13T15:41:31","modified_gmt":"2022-10-13T13:41:31","slug":"saint-sacrement-arriva-lespace","status":"publish","type":"post","link":"https:\/\/blog.holyart.it\/fr\/articles-religieux\/saint-sacrement-arriva-lespace\/","title":{"rendered":"Le jour o\u00f9 le Tr\u00e8s Saint Sacrement arriva dans l\u2019espace"},"content":{"rendered":"<p>Percevoir la pr\u00e9sence de Dieu lors qu\u2019on est immerg\u00e9 dans un contexte naturel particuli\u00e8rement majestueux et beau est quelque chose qui unit pratiquement tous les croyants, depuis toujours. En effet, comment pourrions-nous rester insensibles en contemplant la magnificence du ciel parcouru de vaisseaux vaporeux faits de nuages ou pointill\u00e9 d\u2019\u00e9toiles scintillantes\u00a0? Comment pourrions-nous ne pas penser \u00e0 l\u2019infinie sagesse et g\u00e9n\u00e9rosit\u00e9 de Celui qui a cr\u00e9\u00e9 une for\u00eat s\u00e9culaire avec des arbres \u00e9lanc\u00e9s comme des piliers \u00e9rig\u00e9s pour soutenir le ciel, un sous-bois fr\u00e9missant de vie, florissant de foug\u00e8res et regorgeant de petits animaux\u00a0? Ou encore, l\u2019\u00e9tendue de la mer, son mouvement \u00e9ternel et in\u00e9gal, sa furie effrayante quand les vents gonflent les ondes en bouleversant les fonds de la mer et en d\u00e9vorant la c\u00f4te. D\u2019o\u00f9 vient une telle force, une telle indomptable violence\u00a0? Qui peut l\u2019apaiser ?<\/p>\n<p>Depuis toujours l\u2019humanit\u00e9 assiste impuissante et emplie d\u2019\u00e9merveillement \u00e0 l\u2019incomparable spectacle de la nature, depuis toujours elle ne peut s\u2019emp\u00eacher de lire en elle la certitude que quelque chose ou quelqu\u2019un de sup\u00e9rieur existe, et que \u00e0 cette pr\u00e9sence surnaturelle et \u00e9ternelle l\u2019homme doit toute la terrible beaut\u00e9 qui l\u2019entoure. Pour les chr\u00e9tiens, bien \u00e9videmment, tout cela ram\u00e8ne \u00e0 Dieu, P\u00e8re Omnipuissant, cr\u00e9ateur du ciel et de la terre et de tout ce qui existe entre ces deux sph\u00e8res, y compris les hommes.<\/p>\n<p>Comment ne pas comprendre donc l\u2019\u00e9motion intense et incomparable de ceux qui ont la chance et la possibilit\u00e9 de pouvoir admirer notre plan\u00e8te enti\u00e8re depuis une position d\u00e9cidemment privil\u00e9gi\u00e9e, autrement dit l\u2019espace\u00a0?<\/p>\n<p>Nous parlons bien \u00e9videmment des astronautes, des hommes et des femmes courageux et capables engag\u00e9s pour des missions dans l\u2019espace qui les am\u00e8nent \u00e0 se retrouver pendant des p\u00e9riodes plus ou moins longues \u00e0 une distance de la Terre qui est inimaginable pour le commun des mortels et surement dans des conditions de vie du moins anormales. Pourtant, malgr\u00e9 l\u2019\u00e9loignement de leur existence ordinaire, de leurs familles, de leurs habitudes, et peut-\u00eatre justement en vertu d\u2019une sorte de suspension de la vie \u00ab\u00a0terrestre\u00a0\u00bb, immerg\u00e9s dans un contexte qui n\u2019a pas d\u2019\u00e9gal et depuis lequel il peuvent contempler la pl\u00e9nitude de la cr\u00e9ation dans le sens le plus authentique du terme, ces hommes et ces femmes per\u00e7oivent avec davantage d\u2019intensit\u00e9 la pr\u00e9sence de Dieu \u00e0 leurs c\u00f4t\u00e9s.<\/p>\n<h2>Michael S. Hopkins: \u00ab\u00a0J\u00e9sus \u00e9tait avec moi!\u00a0\u00bb<\/h2>\n<p>Mais comment vivent leur foi les astronautes catholiques en orbite? Comment peuvent-ils suppl\u00e9er \u00e0 l\u2019absence du Tr\u00e8s Saint Sacrement pendant des p\u00e9riodes parfois tr\u00e8s longues\u00a0?<\/p>\n<p>Chacun selon ses moyens, naturellement. Il est vrai qu\u2019il n\u2019y a pas moyens pour eux de participer \u00e0 la messe et de recevoir la communion, mais il n\u2019existe aucun emp\u00eachement qui les priverait de la possibilit\u00e9 de prier, seuls ou ensemble. C\u2019est le cas pour Sid Gutierrez, Thomas Jones et Kevin Chilton, trois astronautes en mission sur la navette spatial Endeavour en voyage autour de la Terre pour \u00e9tudier les changements climatiques en avril 1994\u00a0: non seulement ils priaient ensemble, mais ils c\u00e9l\u00e9br\u00e8rent une liturgique catholique avec l\u2019<a href=\"https:\/\/www.holyart.fr\/blog\/accessoires-pour-la-liturgie\/lhostie-celebration-eucharistique\/\"><strong>Eucharistie<\/strong><\/a> \u00e0 bord de leur Space Shuttle.<\/p>\n<p>Mais d\u00e9j\u00e0 en 1968, l\u2019\u00e9quipage de l\u2019Apollo 8 en orbite autour de la Lune avait lanc\u00e9 un message important aux chr\u00e9tiens rest\u00e9s sur Terre en lisant en directe t\u00e9l\u00e9vis\u00e9e des extraits de la Gen\u00e8se.<\/p>\n<p>Buzz Aldrin aussi, le deuxi\u00e8me homme \u00e0 avoir poser ses pieds sur la Lune lors de la mission Apollo 11, voulut c\u00e9l\u00e9brer l\u2019Eucharistie sur le satellite d\u2019argent en utilisant une <a href=\"https:\/\/www.holyart.fr\/accessoires-pour-la-liturgie\/custodes-a-hosties\"><strong>valise-chapelle avec le Tr\u00e8s Saint Sacrement<\/strong><\/a> gr\u00e2ce \u00e0 un permis sp\u00e9cial de l\u2019\u00c9glise presbyt\u00e9rienne.<\/p>\n<p>Un cas plus r\u00e9cent est celui de Michael S. Hopkins, astronaute et colonel de la U.S. Air Force. Sa mission a d\u00e9but\u00e9 en septembre 2013\u00a0: 24 semaines \u00e0 bord de la Station Spatiale Internationale. Peu avant son d\u00e9part, l\u2019astronaute s\u2019\u00e9tait converti au christianisme et avait port\u00e9 \u00e0 terme le parcours de cat\u00e9ch\u00e8se. C\u2019est peut-\u00eatre la fra\u00eecheur de sa nouvelle foi \u00e0 lui rendre intol\u00e9rable l\u2019id\u00e9e de renoncer pendant une p\u00e9riode si longue \u00e0 recevoir le Corps de Christ. Ainsi, avec l\u2019intercession de son pr\u00eatre et un permis sp\u00e9cial de la part de l\u2019Archidioc\u00e8se de Galveston-Houston, il fut permis \u00e0 l\u2019astronaute d\u2019amener un <a href=\"https:\/\/www.holyart.fr\/accessoires-pour-la-liturgie\/calices-ciboires-patenes\"><strong>ciboire<\/strong><\/a> dans l\u2019espace, contenant six <a href=\"https:\/\/www.holyart.fr\/blog\/articles-religieux\/hosties-coeliaques\/\"><strong>hosties<\/strong><\/a> consacr\u00e9es, chacune divis\u00e9e en quatre parties\u00a0: le n\u00e9cessaire donc pour pouvoir recevoir le Tr\u00e8s Saint Sacrement une fois par semaine tout au long de sa mission. En outre, le pr\u00eatre z\u00e9l\u00e9 s\u2019\u00e9tait \u00e9galement charg\u00e9 de lui faire parvenir chaque semaine par e-mail l\u2019hom\u00e9lie afin de rendre encore plus compl\u00e8te et r\u00e9confortante son exp\u00e9rience de foi.<\/p>\n<p><center><center><iframe loading=\"lazy\" src=\"https:\/\/www.youtube.com\/embed\/a3b-5qSXdVA\" width=\"560\" height=\"315\" frameborder=\"0\" allowfullscreen=\"allowfullscreen\"><\/iframe><\/center><\/center><\/p>\n<h2>Mais comment prie-t-on dans l\u2019espace ?<\/h2>\n<p>La Station Spatiale Internationale est \u00e9quip\u00e9e d\u2019un module d\u2019observation particulier et unique, appel\u00e9 la Cupola (coupole). La Cupola est une demi-sph\u00e8re de trois m\u00e8tres de diam\u00e8tre avec six fen\u00eatres lat\u00e9rales et une fen\u00eatre dans la partie sup\u00e9rieure. Depuis ces fen\u00eatres les astronautes profitent d\u2019une vue tr\u00e8s vaste et tout \u00e0 fait privil\u00e9gi\u00e9e sur l\u2019ext\u00e9rieur, ce qui comporte de nombreux avantages. Tout d\u2019abord, depuis la Cupola il est possible de suivre les man\u0153uvres des coll\u00e8gues au travail \u00e0 l\u2019ext\u00e9rieur de la Station, tout comme les mouvements du bras m\u00e9canique et les op\u00e9rations d\u2019accostage.<\/p>\n<p>Mais ce qui rend la Cupola vraiment sp\u00e9ciale d\u2019un point de vue exquis\u00e9ment humain et psychologique est que depuis cet endroit on peut voir la Terre. Pour nous, habitu\u00e9s aux films de science-fiction, cela peut sembler banal, mais essayons de nous mettre \u00e0 la place de ces hommes et de ces femmes qui sont \u00e0 des milliers de kilom\u00e8tres de chez eux, \u00e0 l\u2019effet que cela doit leur faire de voir leur plan\u00e8te recouverte de bleu, suspendue dans le vide cosmique comme un des nombreux autres corps c\u00e9lestes. Ce n\u2019est donc pas un hasard si beaucoup d\u2019astronautes catholiques choisissent la Cupola pour y prier, comme le documentent de nombreuses photos prisent au cours de diff\u00e9rentes missions. C\u2019est quand on comprend de mani\u00e8re plus intense et palpable notre fragilit\u00e9, n\u2019\u00eatre rien en comparaison avec l\u2019immensit\u00e9 de la cr\u00e9ation, que nous nous apercevons de la pr\u00e9sence de Dieu \u00e0 nos c\u00f4t\u00e9s, Son Amour infini qui nous enveloppe, qui nous r\u00e9conforte, qui nous prot\u00e8ge. Et tout semble d\u2019un coup encore plus beau et plus pr\u00e9cieux, encore plus inestimable, puisqu\u2019Il est avec nous, m\u00eame quand nous sommes si loin de chez nous, perdus dans un ab\u00eeme diss\u00e9min\u00e9 d\u2019\u00e9toiles qui nous tourne autour, indiff\u00e9rent, \u00e9ternel. On peut donc comprendre ais\u00e9ment la stupeur, la r\u00e9v\u00e9rence et l\u2019amour que doivent ressentir les astronautes de la Station Spatiale Internationale quand, au-del\u00e0 des vitraux de la Cupola, ils contemplent l\u2019espace profond, recueillis en pri\u00e8re.<\/p>\n<p>Le t\u00e9moignage de Thomas D. Jones, cit\u00e9 ci-dessus, est significatif aussi. Dans son livre autobiographique, Jones \u00e9crit entre autres\u00a0: \u00ab\u00a0<em>Tous les soirs, avant d\u2019aller coucher, je remerciais Dieu pour ces merveilleuses vues sur la Terre et pour la r\u00e9ussite de notre mission. Je priais sans arr\u00eat pour la s\u00e9curit\u00e9 de notre \u00e9quipe et afin que tout puisse se terminer avec une heureuse rencontre avec nos familles.<\/em>\u00a0\u00bb Lors de cette mission aussi, il avait \u00e9t\u00e9 permis aux astronautes d\u2019amener avec eux des hosties, qui \u00e9taient distribu\u00e9es par l\u2019un d\u2019eux, d\u00e9sign\u00e9 comme ministre extraordinaire de l\u2019Eucharistie.<\/p>\n<p>\u00ab\u00a0<em>Kevin partagea le Corps de Christ avec Sid et moi et on flotta dans la cabine en vol, en r\u00e9fl\u00e9chissant en silence dans ce moment de paix et de v\u00e9ritable communion avec Christ<\/em>\u00a0\u00bb, \u00e9crit encore Jones, puis il continue\u00a0: \u00ab\u00a0<em>Pendant que nous m\u00e9ditions tranquillement dans l\u2019obscurit\u00e9 de la cabine, une magnifique lumi\u00e8re blanche surgit de l\u2019espace en entrant dans la cabine. La lumi\u00e8re radiante du soleil p\u00e9n\u00e9trait \u00e0 travers les fen\u00eatres ant\u00e9rieures de l\u2019Endeavour, en infusant de la chaleur. Quel autre signe aurions-nous put demander si pas celui-l\u00e0\u00a0? C\u2019\u00e9tait la douce affirmation de la part de Dieu de notre union avec Lui\u00a0<\/em>\u00bb.<\/p>\n<p>Le livre de Thomas D. Jones d\u00e9passe l\u2019int\u00e9r\u00eat scientifique afin de nous offrir un t\u00e9moignage de grande humanit\u00e9 et foi. \u00c0 travers ses yeux, le bleu de la Terre vu de l\u2019espace devient celui de la cape de la Sainte Vierge et nous ne pouvons pas rester insensibles \u00e0 la profonde \u00e9motion qui transpire de ses mots quand il d\u00e9crit les couleurs de notre plan\u00e8te vues comme impossibles \u00e0 retrouver dans le tableau de n\u2019importe quel peintre au monde. Encore une fois, la conscience de notre petitesse par rapport \u00e0 la cr\u00e9ation de Dieu \u00e9merge du r\u00e9cit de ceux qui ont eu la chance de pouvoir profiter d\u2019un point de vue unique et privil\u00e9gi\u00e9. Un autre don de Dieu \u00e0 ses fils bien-aim\u00e9s, une autre promesse de beaut\u00e9 et d\u2019amour qu\u2019Il a voulu conc\u00e9der aux hommes.<\/p>\n","protected":false},"excerpt":{"rendered":"<p>Percevoir la pr\u00e9sence de Dieu lors qu\u2019on est immerg\u00e9 dans un contexte naturel particuli\u00e8rement majestueux et beau est quelque chose qui unit pratiquement tous les croyants, depuis toujours. En effet, comment pourrions-nous rester insensibles en contemplant la magnificence du ciel parcouru de vaisseaux vaporeux faits&hellip;<\/p>\n","protected":false},"author":1,"featured_media":1347,"comment_status":"closed","ping_status":"open","sticky":false,"template":"","format":"standard","meta":{"_acf_changed":false,"footnotes":""},"categories":[8],"tags":[],"class_list":["post-1346","post","type-post","status-publish","format-standard","has-post-thumbnail","hentry","category-articles-religieux"],"acf":[],"yoast_head":"<!-- This site is optimized with the Yoast SEO plugin v26.6 - https:\/\/yoast.com\/wordpress\/plugins\/seo\/ -->\n<title>Le Saint Sacrement a atteint l&#039;espace - Holyart.fr<\/title>\n<meta name=\"description\" content=\"Les astronautes en orbite dans l&#039;espace peuvent contempler la pl\u00e9nitude de la cr\u00e9ation et ressentir la pr\u00e9sence de Dieu \u00e0 leurs c\u00f4t\u00e9s.\" \/>\n<meta name=\"robots\" content=\"index, follow, max-snippet:-1, max-image-preview:large, max-video-preview:-1\" \/>\n<link rel=\"canonical\" href=\"https:\/\/blog.holyart.it\/fr\/articles-religieux\/saint-sacrement-arriva-lespace\/\" \/>\n<meta property=\"og:locale\" content=\"fr_FR\" \/>\n<meta property=\"og:type\" content=\"article\" \/>\n<meta property=\"og:title\" content=\"Le Saint Sacrement a atteint l&#039;espace - Holyart.fr\" \/>\n<meta property=\"og:description\" content=\"Les astronautes en orbite dans l&#039;espace peuvent contempler la pl\u00e9nitude de la cr\u00e9ation et ressentir la pr\u00e9sence de Dieu \u00e0 leurs c\u00f4t\u00e9s.\" \/>\n<meta property=\"og:url\" content=\"https:\/\/blog.holyart.it\/fr\/articles-religieux\/saint-sacrement-arriva-lespace\/\" \/>\n<meta property=\"og:site_name\" content=\"Holyart.fr Blog\" \/>\n<meta property=\"article:published_time\" content=\"2019-03-26T08:03:41+00:00\" \/>\n<meta property=\"article:modified_time\" content=\"2022-10-13T13:41:31+00:00\" \/>\n<meta property=\"og:image\" content=\"https:\/\/blog.holyart.it\/fr\/wp-content\/uploads\/sites\/14\/2019\/03\/Tr\u00e8s-Saint-Sacrement-arriva-dans-l\u2019espace.jpg\" \/>\n\t<meta property=\"og:image:width\" content=\"1000\" \/>\n\t<meta property=\"og:image:height\" content=\"666\" \/>\n\t<meta property=\"og:image:type\" content=\"image\/jpeg\" \/>\n<meta name=\"author\" content=\"Redazione\" \/>\n<meta name=\"twitter:card\" content=\"summary_large_image\" \/>\n<meta name=\"twitter:label1\" content=\"\u00c9crit par\" \/>\n\t<meta name=\"twitter:data1\" content=\"Redazione\" \/>\n\t<meta name=\"twitter:label2\" content=\"Dur\u00e9e de lecture estim\u00e9e\" \/>\n\t<meta name=\"twitter:data2\" content=\"8 minutes\" \/>\n<script type=\"application\/ld+json\" class=\"yoast-schema-graph\">{\"@context\":\"https:\/\/schema.org\",\"@graph\":[{\"@type\":\"Article\",\"@id\":\"https:\/\/blog.holyart.it\/fr\/articles-religieux\/saint-sacrement-arriva-lespace\/#article\",\"isPartOf\":{\"@id\":\"https:\/\/blog.holyart.it\/fr\/articles-religieux\/saint-sacrement-arriva-lespace\/\"},\"author\":{\"name\":\"Redazione\",\"@id\":\"https:\/\/blog.holyart.it\/fr\/#\/schema\/person\/0a7b686e5af0f856ec1e390dd0baecda\"},\"headline\":\"Le jour o\u00f9 le Tr\u00e8s Saint Sacrement arriva dans l\u2019espace\",\"datePublished\":\"2019-03-26T08:03:41+00:00\",\"dateModified\":\"2022-10-13T13:41:31+00:00\",\"mainEntityOfPage\":{\"@id\":\"https:\/\/blog.holyart.it\/fr\/articles-religieux\/saint-sacrement-arriva-lespace\/\"},\"wordCount\":1617,\"publisher\":{\"@id\":\"https:\/\/blog.holyart.it\/fr\/#organization\"},\"image\":{\"@id\":\"https:\/\/blog.holyart.it\/fr\/articles-religieux\/saint-sacrement-arriva-lespace\/#primaryimage\"},\"thumbnailUrl\":\"https:\/\/blog.holyart.it\/fr\/wp-content\/uploads\/sites\/14\/2019\/03\/Tr\u00e8s-Saint-Sacrement-arriva-dans-l\u2019espace.jpg\",\"articleSection\":[\"Religion\"],\"inLanguage\":\"fr-FR\"},{\"@type\":\"WebPage\",\"@id\":\"https:\/\/blog.holyart.it\/fr\/articles-religieux\/saint-sacrement-arriva-lespace\/\",\"url\":\"https:\/\/blog.holyart.it\/fr\/articles-religieux\/saint-sacrement-arriva-lespace\/\",\"name\":\"Le Saint Sacrement a atteint l'espace - Holyart.fr\",\"isPartOf\":{\"@id\":\"https:\/\/blog.holyart.it\/fr\/#website\"},\"primaryImageOfPage\":{\"@id\":\"https:\/\/blog.holyart.it\/fr\/articles-religieux\/saint-sacrement-arriva-lespace\/#primaryimage\"},\"image\":{\"@id\":\"https:\/\/blog.holyart.it\/fr\/articles-religieux\/saint-sacrement-arriva-lespace\/#primaryimage\"},\"thumbnailUrl\":\"https:\/\/blog.holyart.it\/fr\/wp-content\/uploads\/sites\/14\/2019\/03\/Tr\u00e8s-Saint-Sacrement-arriva-dans-l\u2019espace.jpg\",\"datePublished\":\"2019-03-26T08:03:41+00:00\",\"dateModified\":\"2022-10-13T13:41:31+00:00\",\"description\":\"Les astronautes en orbite dans l'espace peuvent contempler la pl\u00e9nitude de la cr\u00e9ation et ressentir la pr\u00e9sence de Dieu \u00e0 leurs c\u00f4t\u00e9s.\",\"breadcrumb\":{\"@id\":\"https:\/\/blog.holyart.it\/fr\/articles-religieux\/saint-sacrement-arriva-lespace\/#breadcrumb\"},\"inLanguage\":\"fr-FR\",\"potentialAction\":[{\"@type\":\"ReadAction\",\"target\":[\"https:\/\/blog.holyart.it\/fr\/articles-religieux\/saint-sacrement-arriva-lespace\/\"]}]},{\"@type\":\"ImageObject\",\"inLanguage\":\"fr-FR\",\"@id\":\"https:\/\/blog.holyart.it\/fr\/articles-religieux\/saint-sacrement-arriva-lespace\/#primaryimage\",\"url\":\"https:\/\/blog.holyart.it\/fr\/wp-content\/uploads\/sites\/14\/2019\/03\/Tr\u00e8s-Saint-Sacrement-arriva-dans-l\u2019espace.jpg\",\"contentUrl\":\"https:\/\/blog.holyart.it\/fr\/wp-content\/uploads\/sites\/14\/2019\/03\/Tr\u00e8s-Saint-Sacrement-arriva-dans-l\u2019espace.jpg\",\"width\":1000,\"height\":666,\"caption\":\"Tr\u00e8s Saint Sacrement arriva dans l\u2019espace\"},{\"@type\":\"BreadcrumbList\",\"@id\":\"https:\/\/blog.holyart.it\/fr\/articles-religieux\/saint-sacrement-arriva-lespace\/#breadcrumb\",\"itemListElement\":[{\"@type\":\"ListItem\",\"position\":1,\"name\":\"Homepage\",\"item\":\"https:\/\/blog.holyart.it\/fr\/\"},{\"@type\":\"ListItem\",\"position\":2,\"name\":\"Religion\",\"item\":\"https:\/\/blog.holyart.it\/fr\/articles-religieux\/\"},{\"@type\":\"ListItem\",\"position\":3,\"name\":\"Le jour o\u00f9 le Tr\u00e8s Saint Sacrement arriva dans l\u2019espace\"}]},{\"@type\":\"WebSite\",\"@id\":\"https:\/\/blog.holyart.it\/fr\/#website\",\"url\":\"https:\/\/blog.holyart.it\/fr\/\",\"name\":\"Holyart.fr Blog\",\"description\":\"Holyblog\",\"publisher\":{\"@id\":\"https:\/\/blog.holyart.it\/fr\/#organization\"},\"potentialAction\":[{\"@type\":\"SearchAction\",\"target\":{\"@type\":\"EntryPoint\",\"urlTemplate\":\"https:\/\/blog.holyart.it\/fr\/?s={search_term_string}\"},\"query-input\":{\"@type\":\"PropertyValueSpecification\",\"valueRequired\":true,\"valueName\":\"search_term_string\"}}],\"inLanguage\":\"fr-FR\"},{\"@type\":\"Organization\",\"@id\":\"https:\/\/blog.holyart.it\/fr\/#organization\",\"name\":\"Holyart.fr Blog\",\"url\":\"https:\/\/blog.holyart.it\/fr\/\",\"logo\":{\"@type\":\"ImageObject\",\"inLanguage\":\"fr-FR\",\"@id\":\"https:\/\/blog.holyart.it\/fr\/#\/schema\/logo\/image\/\",\"url\":\"https:\/\/blog.holyart.it\/fr\/wp-content\/uploads\/sites\/14\/2022\/12\/Holyart_Blog_Logo.jpg\",\"contentUrl\":\"https:\/\/blog.holyart.it\/fr\/wp-content\/uploads\/sites\/14\/2022\/12\/Holyart_Blog_Logo.jpg\",\"width\":300,\"height\":50,\"caption\":\"Holyart.fr Blog\"},\"image\":{\"@id\":\"https:\/\/blog.holyart.it\/fr\/#\/schema\/logo\/image\/\"}},{\"@type\":\"Person\",\"@id\":\"https:\/\/blog.holyart.it\/fr\/#\/schema\/person\/0a7b686e5af0f856ec1e390dd0baecda\",\"name\":\"Redazione\",\"image\":{\"@type\":\"ImageObject\",\"inLanguage\":\"fr-FR\",\"@id\":\"https:\/\/blog.holyart.it\/fr\/#\/schema\/person\/image\/\",\"url\":\"https:\/\/secure.gravatar.com\/avatar\/f477da817f43e50d0af36abecd33e3edf826c68299714bdc1057dff3b113f516?s=96&d=mm&r=g\",\"contentUrl\":\"https:\/\/secure.gravatar.com\/avatar\/f477da817f43e50d0af36abecd33e3edf826c68299714bdc1057dff3b113f516?s=96&d=mm&r=g\",\"caption\":\"Redazione\"},\"url\":\"https:\/\/blog.holyart.it\/fr\/author\/admin\/\"}]}<\/script>\n<!-- \/ Yoast SEO plugin. -->","yoast_head_json":{"title":"Le Saint Sacrement a atteint l'espace - Holyart.fr","description":"Les astronautes en orbite dans l'espace peuvent contempler la pl\u00e9nitude de la cr\u00e9ation et ressentir la pr\u00e9sence de Dieu \u00e0 leurs c\u00f4t\u00e9s.","robots":{"index":"index","follow":"follow","max-snippet":"max-snippet:-1","max-image-preview":"max-image-preview:large","max-video-preview":"max-video-preview:-1"},"canonical":"https:\/\/blog.holyart.it\/fr\/articles-religieux\/saint-sacrement-arriva-lespace\/","og_locale":"fr_FR","og_type":"article","og_title":"Le Saint Sacrement a atteint l'espace - Holyart.fr","og_description":"Les astronautes en orbite dans l'espace peuvent contempler la pl\u00e9nitude de la cr\u00e9ation et ressentir la pr\u00e9sence de Dieu \u00e0 leurs c\u00f4t\u00e9s.","og_url":"https:\/\/blog.holyart.it\/fr\/articles-religieux\/saint-sacrement-arriva-lespace\/","og_site_name":"Holyart.fr Blog","article_published_time":"2019-03-26T08:03:41+00:00","article_modified_time":"2022-10-13T13:41:31+00:00","og_image":[{"width":1000,"height":666,"url":"https:\/\/blog.holyart.it\/fr\/wp-content\/uploads\/sites\/14\/2019\/03\/Tr\u00e8s-Saint-Sacrement-arriva-dans-l\u2019espace.jpg","type":"image\/jpeg"}],"author":"Redazione","twitter_card":"summary_large_image","twitter_misc":{"\u00c9crit par":"Redazione","Dur\u00e9e de lecture estim\u00e9e":"8 minutes"},"schema":{"@context":"https:\/\/schema.org","@graph":[{"@type":"Article","@id":"https:\/\/blog.holyart.it\/fr\/articles-religieux\/saint-sacrement-arriva-lespace\/#article","isPartOf":{"@id":"https:\/\/blog.holyart.it\/fr\/articles-religieux\/saint-sacrement-arriva-lespace\/"},"author":{"name":"Redazione","@id":"https:\/\/blog.holyart.it\/fr\/#\/schema\/person\/0a7b686e5af0f856ec1e390dd0baecda"},"headline":"Le jour o\u00f9 le Tr\u00e8s Saint Sacrement arriva dans l\u2019espace","datePublished":"2019-03-26T08:03:41+00:00","dateModified":"2022-10-13T13:41:31+00:00","mainEntityOfPage":{"@id":"https:\/\/blog.holyart.it\/fr\/articles-religieux\/saint-sacrement-arriva-lespace\/"},"wordCount":1617,"publisher":{"@id":"https:\/\/blog.holyart.it\/fr\/#organization"},"image":{"@id":"https:\/\/blog.holyart.it\/fr\/articles-religieux\/saint-sacrement-arriva-lespace\/#primaryimage"},"thumbnailUrl":"https:\/\/blog.holyart.it\/fr\/wp-content\/uploads\/sites\/14\/2019\/03\/Tr\u00e8s-Saint-Sacrement-arriva-dans-l\u2019espace.jpg","articleSection":["Religion"],"inLanguage":"fr-FR"},{"@type":"WebPage","@id":"https:\/\/blog.holyart.it\/fr\/articles-religieux\/saint-sacrement-arriva-lespace\/","url":"https:\/\/blog.holyart.it\/fr\/articles-religieux\/saint-sacrement-arriva-lespace\/","name":"Le Saint Sacrement a atteint l'espace - Holyart.fr","isPartOf":{"@id":"https:\/\/blog.holyart.it\/fr\/#website"},"primaryImageOfPage":{"@id":"https:\/\/blog.holyart.it\/fr\/articles-religieux\/saint-sacrement-arriva-lespace\/#primaryimage"},"image":{"@id":"https:\/\/blog.holyart.it\/fr\/articles-religieux\/saint-sacrement-arriva-lespace\/#primaryimage"},"thumbnailUrl":"https:\/\/blog.holyart.it\/fr\/wp-content\/uploads\/sites\/14\/2019\/03\/Tr\u00e8s-Saint-Sacrement-arriva-dans-l\u2019espace.jpg","datePublished":"2019-03-26T08:03:41+00:00","dateModified":"2022-10-13T13:41:31+00:00","description":"Les astronautes en orbite dans l'espace peuvent contempler la pl\u00e9nitude de la cr\u00e9ation et ressentir la pr\u00e9sence de Dieu \u00e0 leurs c\u00f4t\u00e9s.","breadcrumb":{"@id":"https:\/\/blog.holyart.it\/fr\/articles-religieux\/saint-sacrement-arriva-lespace\/#breadcrumb"},"inLanguage":"fr-FR","potentialAction":[{"@type":"ReadAction","target":["https:\/\/blog.holyart.it\/fr\/articles-religieux\/saint-sacrement-arriva-lespace\/"]}]},{"@type":"ImageObject","inLanguage":"fr-FR","@id":"https:\/\/blog.holyart.it\/fr\/articles-religieux\/saint-sacrement-arriva-lespace\/#primaryimage","url":"https:\/\/blog.holyart.it\/fr\/wp-content\/uploads\/sites\/14\/2019\/03\/Tr\u00e8s-Saint-Sacrement-arriva-dans-l\u2019espace.jpg","contentUrl":"https:\/\/blog.holyart.it\/fr\/wp-content\/uploads\/sites\/14\/2019\/03\/Tr\u00e8s-Saint-Sacrement-arriva-dans-l\u2019espace.jpg","width":1000,"height":666,"caption":"Tr\u00e8s Saint Sacrement arriva dans l\u2019espace"},{"@type":"BreadcrumbList","@id":"https:\/\/blog.holyart.it\/fr\/articles-religieux\/saint-sacrement-arriva-lespace\/#breadcrumb","itemListElement":[{"@type":"ListItem","position":1,"name":"Homepage","item":"https:\/\/blog.holyart.it\/fr\/"},{"@type":"ListItem","position":2,"name":"Religion","item":"https:\/\/blog.holyart.it\/fr\/articles-religieux\/"},{"@type":"ListItem","position":3,"name":"Le jour o\u00f9 le Tr\u00e8s Saint Sacrement arriva dans l\u2019espace"}]},{"@type":"WebSite","@id":"https:\/\/blog.holyart.it\/fr\/#website","url":"https:\/\/blog.holyart.it\/fr\/","name":"Holyart.fr Blog","description":"Holyblog","publisher":{"@id":"https:\/\/blog.holyart.it\/fr\/#organization"},"potentialAction":[{"@type":"SearchAction","target":{"@type":"EntryPoint","urlTemplate":"https:\/\/blog.holyart.it\/fr\/?s={search_term_string}"},"query-input":{"@type":"PropertyValueSpecification","valueRequired":true,"valueName":"search_term_string"}}],"inLanguage":"fr-FR"},{"@type":"Organization","@id":"https:\/\/blog.holyart.it\/fr\/#organization","name":"Holyart.fr Blog","url":"https:\/\/blog.holyart.it\/fr\/","logo":{"@type":"ImageObject","inLanguage":"fr-FR","@id":"https:\/\/blog.holyart.it\/fr\/#\/schema\/logo\/image\/","url":"https:\/\/blog.holyart.it\/fr\/wp-content\/uploads\/sites\/14\/2022\/12\/Holyart_Blog_Logo.jpg","contentUrl":"https:\/\/blog.holyart.it\/fr\/wp-content\/uploads\/sites\/14\/2022\/12\/Holyart_Blog_Logo.jpg","width":300,"height":50,"caption":"Holyart.fr Blog"},"image":{"@id":"https:\/\/blog.holyart.it\/fr\/#\/schema\/logo\/image\/"}},{"@type":"Person","@id":"https:\/\/blog.holyart.it\/fr\/#\/schema\/person\/0a7b686e5af0f856ec1e390dd0baecda","name":"Redazione","image":{"@type":"ImageObject","inLanguage":"fr-FR","@id":"https:\/\/blog.holyart.it\/fr\/#\/schema\/person\/image\/","url":"https:\/\/secure.gravatar.com\/avatar\/f477da817f43e50d0af36abecd33e3edf826c68299714bdc1057dff3b113f516?s=96&d=mm&r=g","contentUrl":"https:\/\/secure.gravatar.com\/avatar\/f477da817f43e50d0af36abecd33e3edf826c68299714bdc1057dff3b113f516?s=96&d=mm&r=g","caption":"Redazione"},"url":"https:\/\/blog.holyart.it\/fr\/author\/admin\/"}]}},"_links":{"self":[{"href":"https:\/\/blog.holyart.it\/fr\/wp-json\/wp\/v2\/posts\/1346","targetHints":{"allow":["GET"]}}],"collection":[{"href":"https:\/\/blog.holyart.it\/fr\/wp-json\/wp\/v2\/posts"}],"about":[{"href":"https:\/\/blog.holyart.it\/fr\/wp-json\/wp\/v2\/types\/post"}],"author":[{"embeddable":true,"href":"https:\/\/blog.holyart.it\/fr\/wp-json\/wp\/v2\/users\/1"}],"replies":[{"embeddable":true,"href":"https:\/\/blog.holyart.it\/fr\/wp-json\/wp\/v2\/comments?post=1346"}],"version-history":[{"count":0,"href":"https:\/\/blog.holyart.it\/fr\/wp-json\/wp\/v2\/posts\/1346\/revisions"}],"wp:featuredmedia":[{"embeddable":true,"href":"https:\/\/blog.holyart.it\/fr\/wp-json\/wp\/v2\/media\/1347"}],"wp:attachment":[{"href":"https:\/\/blog.holyart.it\/fr\/wp-json\/wp\/v2\/media?parent=1346"}],"wp:term":[{"taxonomy":"category","embeddable":true,"href":"https:\/\/blog.holyart.it\/fr\/wp-json\/wp\/v2\/categories?post=1346"},{"taxonomy":"post_tag","embeddable":true,"href":"https:\/\/blog.holyart.it\/fr\/wp-json\/wp\/v2\/tags?post=1346"}],"curies":[{"name":"wp","href":"https:\/\/api.w.org\/{rel}","templated":true}]}}