{"id":1327,"date":"2019-03-14T12:13:24","date_gmt":"2019-03-14T11:13:24","guid":{"rendered":"https:\/\/blog.holyart.it\/fr\/?p=1327"},"modified":"2022-10-13T15:10:35","modified_gmt":"2022-10-13T13:10:35","slug":"saints-saintes-ont-change-monde","status":"publish","type":"post","link":"https:\/\/blog.holyart.it\/fr\/saints-et-bienheureux\/saints-saintes-ont-change-monde\/","title":{"rendered":"Les saints et les saintes qui ont chang\u00e9 le monde"},"content":{"rendered":"<p>L\u2019Histoire de l\u2019Europe et de l\u2019Occident comme nous le connaissons passe \u00e0 travers une s\u00e9rie continue de subversions politiques, de profonds changements sociaux, de r\u00e9volutions \u00e9conomiques et id\u00e9ologiques. L\u2019\u00e9tude de tous ces ph\u00e9nom\u00e8nes est \u00e0 la base de la compr\u00e9hension historique et devrait \u00e9galement \u00eatre le c\u0153ur et le moteur de notre conscience d\u2019\u00eatre les habitants d\u2019une portion de monde qui s\u2019est d\u00e9finie au cours des si\u00e8cles, en \u00e9voluant et en se transformant en vertu de la pens\u00e9e et des actions des hommes qui l\u2019ont peupl\u00e9e.<\/p>\n<p>Dans cette vision historique, mais surtout dans cette prise de conscience des hommes d\u2019aujourd\u2019hui concernant ceux qui sont venus avant eux et qui ont d\u00e9fini les r\u00e8gles du monde dans lequel nous vivons, il ne peut surement pas manquer une r\u00e9flexion sur une s\u00e9rie de figures de <strong>saints<\/strong> et de <strong>saintes<\/strong> qui ont laiss\u00e9 une profonde empreinte non seulement dans les questions strictement li\u00e9es \u00e0 l\u2019\u00c9glise et \u00e0 la foi, mais aussi dans l\u2019histoire de la pens\u00e9e, dans l\u2019\u00e9volution de la soci\u00e9t\u00e9, dans les \u00e9v\u00e9nements politiques, \u00e9conomiques et humains. Il s\u2019agit d\u2019hommes et de femmes avec une <strong>force spirituelle<\/strong> surprenante, d\u2019une foi in\u00e9branlable, et qui, au nom de cette foi, ont sacrifi\u00e9 leur propre existence, en renon\u00e7ant \u00e0 toute autre chose, en se pliant uniquement \u00e0 la <strong>volont\u00e9 de Dieu<\/strong>, au <strong>bien des fr\u00e8res<\/strong>. Pourtant, en voulant dresser une liste de ces magnifiques personnalit\u00e9s, de ces mod\u00e8les de comportement humain, civile et religieux, nous ne pouvons pas nous attarder uniquement sur les martyres, sur ceux qui ont d\u00e9di\u00e9 leur propre vie \u00e0 la foi.<\/p>\n<p>Nous devrions nous attarder en particulier sur les forces spirituelles et les personnalit\u00e9s charismatiques qui ont contribu\u00e9 \u00e0 la <strong>christianisation<\/strong> de l\u2019Europe et \u00e0 la <strong>naissance de la soci\u00e9t\u00e9 occidentale<\/strong>. Les saints et les saintes qui ont fait du Christianisme quelque chose de vivant et de concret, qui d\u00e9passe le concept abstrait de religion ou de philosophie. Au nom d\u2019un Dieu devenu homme, ils ont pris les armes de l\u2019<strong>Amour<\/strong> et de la <strong>Charit\u00e9<\/strong>, en en faisant des instruments d\u2019une r\u00e9volution spirituelle et humaine profonde, bouleversante, comme il est typique de toute r\u00e9volution. En se manifestant sous forme de cr\u00e9ation de nouvelles fa\u00e7ons de concevoir le monachisme, ou d\u2019entrer en relation avec la pauvret\u00e9 et avec les derniers parmi les derniers, ou encore de traduire les messages du Saint Esprit, en les rendant compr\u00e9hensibles et acceptables pour tous, ces r\u00e9volutions ont permis \u00e0 ces hommes et \u00e0 ces femmes de regrouper des populations diff\u00e9rentes, vari\u00e9es, d\u00e9connect\u00e9es, et de les unir sous les auspices d\u2019une seule croyance, d\u2019une seule foi, d\u2019une seule conception de Dieu et de la religion catholique. Leur mod\u00e8le de vie et leur exemple ont relev\u00e9 l\u2019humanit\u00e9 de la mis\u00e8re que des si\u00e8cles de guerres, d\u2019invasions et de d\u00e9cadence avaient mis \u00e0 dur \u00e9preuve. Gr\u00e2ce \u00e0 eux, le Christianisme a assum\u00e9 le r\u00f4le et l\u2019immense valeur d\u2019un phare resplendissant \u00e9rig\u00e9 pour \u00e9clairer des si\u00e8cles d\u2019obscurit\u00e9 et d\u2019incertitude.<\/p>\n<p>Et aujourd\u2019hui ? Aujourd\u2019hui, plus que jamais, notre monde a besoin de saintet\u00e9 dans la d\u00e9cadence renouvel\u00e9e des coutumes et des valeurs dans laquelle se trouve tout le genre humain, dans les paradoxes incontestables d\u00e9sormais \u00e9lev\u00e9s au rang de la normalit\u00e9, universellement donn\u00e9s pour acquis. Dans une \u00e9poque domin\u00e9e par le progr\u00e8s, par la philosophie du profit \u00e0 tout prix, on sent le manque de figures d\u2019hommes et de femmes capables de remettre tout en discussion, \u00e0 partir de leur personne, et de bouleverser le monde avec leur capacit\u00e9 d\u2019aller au-del\u00e0, de s\u2019\u00e9riger au-dessus du marasme, du chaos, de la rapidit\u00e9 vertigineuse, pour nous obliger \u00e0 r\u00e9fl\u00e9chir, \u00e0 penser, \u00e0 aimer, et pour montrer \u00e0 tous les autres ce qui est encore possible.<\/p>\n<p>Nous souhaitons r\u00e9diger une liste de saints et de saintes qui ont chang\u00e9 le monde et qui, pour cela , suivirent l\u2019exemple pr\u00e9sent\u00e9 par Marina Motta, s\u0153ur et \u00e9rudite, dans le livre \u00ab\u00a0<strong>Europe charismatique. Comment les saints ont r\u00e9volutionn\u00e9 l\u2019histoire de l\u2019Occident<\/strong>\u00a0\u00bb (titre original : \u00ab\u00a0Carismatica Europa. Come i santi hanno rivoluzionato la storia dell&rsquo;Occidente\u00a0\u00bb, livre \u00e9dit\u00e9 par Citt\u00e0 Nuova). Dans ce livre, l\u2019autrice pr\u00e9sente une galerie de portrait d\u2019hommes et de femmes surprenants par leur autorit\u00e9 morale, leur force spirituelle et par l\u2019impact que leurs choix et leurs actions ont eu sur la naissance de l\u2019Europe et de la civilisation occidentale. L\u2019\u00e9rudite prend ainsi en exemples Saints Cyrille et M\u00e9thode, deux fr\u00e8res d\u00e9vots et savants, qui ont fourni un point de rencontre entre Orient et Occident, en amenant l\u2019\u00e9vang\u00e9lisation aux peuples slaves\u00a0; <strong><a href=\"https:\/\/www.holyart.fr\/blog\/saints-et-bienheureux\/neuvaine-a-saint-benoit\/\">Saint Beno\u00eet de Nursie<\/a><\/strong>, cr\u00e9ateur d\u2019une nouvelle fa\u00e7on de d\u00e9dier sa vie \u00e0 Dieu avec sa R\u00e8gle\u00a0; Saint Fran\u00e7ois et Sainte Claire, qui ont amen\u00e9 les hommes d\u2019\u00e9glise parmi le peuple afin d\u2019y pratiquer la charit\u00e9. Mais il y a aussi les mystiques qui ont \u00e9crit ce que le Saint Esprit leur sugg\u00e9rait, comme Hildegarde de Bingen, les j\u00e9suites qui avec leur activit\u00e9 de missionnaires ont r\u00e9pandu le message \u00e9vang\u00e9lique dans le monde entier, et ainsi de suite. Pas seulement des hommes et des femmes en tant qu\u2019individus donc, mais aussi des mouvements et des ordres religieux qui ont fa\u00e7onn\u00e9 la culture et la soci\u00e9t\u00e9, influenc\u00e9 la politique, redirig\u00e9 l\u2019histoire, forts de leur propre foi, de leur convictions et de leurs incroyable charge humaine et spirituelle.<\/p>\n<figure id=\"attachment_1328\" aria-describedby=\"caption-attachment-1328\" style=\"width: 300px\" class=\"wp-caption alignleft\"><img loading=\"lazy\" decoding=\"async\" class=\"alignleft size-medium wp-image-1328\" src=\"https:\/\/blog.holyart.it\/fr\/wp-content\/uploads\/sites\/14\/2019\/03\/croce-san-benedetto-incrustation-de-prestige-300x300.jpg\" alt=\"croce san benedetto incrustation de prestige\" width=\"300\" height=\"300\" \/><figcaption id=\"caption-attachment-1328\" class=\"wp-caption-text\"><center><strong><a href=\"https:\/\/www.holyart.fr\/articles-religieux\/crucifix\/croix-de-st.-benoit\">Croix de St. Beno\u00eet<\/a><\/strong><br \/><a href=\"https:\/\/www.holyart.fr\/articles-religieux\/crucifix\/croix-de-st.-benoit\"><button class=\"bottoneacquista\" style=\"vertical-align: middle;\">Acheter sur Holyart<\/button><\/a><\/center><\/figcaption><\/figure>\n<h2>Saint Beno\u00eet (480-547)<\/h2>\n<p>Fondateur de l\u2019ordre des B\u00e9n\u00e9dictins et consid\u00e9r\u00e9 comme le p\u00e8re du monachisme occidental, il fut l\u2019initiateur d\u2019une <strong>nouvelle conception de la vie monastique<\/strong>. Son amour pour Dieu, son d\u00e9sir de vivre dans Sa contemplation et \u00e0 Son service se traduisirent au d\u00e9but par une exp\u00e9rience de vie \u00e9r\u00e9mitique, mais il fut bient\u00f4t amen\u00e9 \u00e0 cr\u00e9er une communaut\u00e9 d\u2019hommes partageant la m\u00eame aspiration spirituelle, la charit\u00e9 fraternelle. De cette fa\u00e7on, il sut puiser dans l\u2019h\u00e9ritage de la tradition monastique et \u00e9r\u00e9mitique orientale, en y unissant les valeurs du monde latin, qui risquaient d\u2019\u00eatre perdues \u00e0 cause des invasions barbares et du d\u00e9clin de l\u2019Empire romain. De son exemple et en suivant sa R\u00e8gle, naquirent de nombreux centres de pri\u00e8re, mais aussi de culture et d\u2019assistance aux pauvres. Dans ces lieux, on pratiquait la pri\u00e8re solitaire et communautaire, \u00e0 laquelle venait s\u2019ajouter le travail pour le bien de la communaut\u00e9, dans un climat de joie et d\u2019entraide. La solitude de l\u2019ermite se transforma ainsi dans une communion d\u2019hommes avec leurs intentions, leur force, leur foi, qui fournirent un exemple de grand impact et force pour toute l\u2019humanit\u00e9 de l\u2019\u00e9poque et des si\u00e8cles \u00e0 suivre.<\/p>\n<h2>Saints Cyrille et M\u00e9thode<\/h2>\n<p>Cyrille et M\u00e9thode \u00e9taient deux fr\u00e8res n\u00e9s \u00e0 Thessalonique au d\u00e9but du IX si\u00e8cle. Par ordre du Patriarche de Constantinople, ils partirent pour \u00e9vang\u00e9liser les peuples de la Pannonie et de la Moravie, en traduisant les Saintes \u00c9critures en glagotique, un dialecte cr\u00e9\u00e9 expr\u00e8s par les deux fr\u00e8res afin de les rendre compr\u00e9hensibles \u00e0 tous les peuples slaves. De cette mani\u00e8re, ils offrirent la possibilit\u00e9 aux populations aupr\u00e8s desquelles ils accomplissaient leur \u0153uvre d\u2019\u00e9vang\u00e9lisation de comprendre et de s\u2019approprier de la Parole de Dieu. Leur mission et leur sacrifice cr\u00e9\u00e8rent un <strong>pont entre Orient et Occident <\/strong>destiner \u00e0 se renforcer au cours des si\u00e8cles.<\/p>\n<h2>Saint Dominique (1170-1221)<\/h2>\n<p>Saint Dominique de Guzman fut un religieux espagnol, fondateur de l\u2019<strong><a href=\"https:\/\/www.holyart.fr\/blog\/articles-religieux\/pretre-frere-moine\/\">Ordre des fr\u00e8res<\/a><\/strong> Pr\u00eacheurs. Il professa un style de vie vou\u00e9 \u00e0 la <strong>pri\u00e8re<\/strong>, \u00e0 l\u2019<strong>\u00e9tude<\/strong>, \u00e0 la <strong>charit\u00e9<\/strong> et \u00e0 la <strong>pauvret\u00e9<\/strong>, et fit don de tous ses biens, y compris les livres auxquels il \u00e9tait particuli\u00e8rement attach\u00e9 en tant que savant, afin d\u2019aider les pauvres qui mourraient de faim. Son z\u00e8le apostolique et son esprit de sacrifice se manifest\u00e8rent surtout dans sa fa\u00e7on de s\u2019\u00e9riger contre les h\u00e9r\u00e9sies cathare et vaudois. Nombreux furent les h\u00e9r\u00e9tiques qu\u2019il convertit.<\/p>\n<figure id=\"attachment_1329\" aria-describedby=\"caption-attachment-1329\" style=\"width: 300px\" class=\"wp-caption alignright\"><img loading=\"lazy\" decoding=\"async\" class=\"alignright size-medium wp-image-1329\" src=\"https:\/\/blog.holyart.it\/fr\/wp-content\/uploads\/sites\/14\/2019\/03\/saint-francois-300x300.jpg\" alt=\"saint francois\" width=\"300\" height=\"300\" \/><figcaption id=\"caption-attachment-1329\" class=\"wp-caption-text\"><center><strong><a href=\"https:\/\/www.holyart.fr\/articles-religieux\/statues\/statues-en-porcelaine-et-argile\/saint-francois-dassisi-debout-francesco-pinton-38-cm\">Saint Fran\u00e7ois d&rsquo;Assisi, debout Francesco Pinton 38 cm<\/a><\/strong><br \/><a href=\"https:\/\/www.holyart.fr\/articles-religieux\/statues\/statues-en-porcelaine-et-argile\/saint-francois-dassisi-debout-francesco-pinton-38-cm\"><button class=\"bottoneacquista\" style=\"vertical-align: middle;\">Acheter sur Holyart<\/button><\/a><\/center><\/figcaption><\/figure>\n<h2>Fran\u00e7ois d\u2019Assise (1181 ou 1182-1226)<\/h2>\n<p><strong><a href=\"https:\/\/www.holyart.fr\/blog\/saints-et-bienheureux\/saint-francois-dassise\/\">Saint Fran\u00e7ois d\u2019Assisse<\/a><\/strong> sut pr\u00e9voir avec une incroyable pr\u00e9voyance et lucidit\u00e9 ce qu\u2019aurait \u00e9t\u00e9 l\u2019\u00e9volution de l\u2019\u00c9glise au cours des si\u00e8cles, la diffusion du message \u00e9vang\u00e9lique, la foi qui parcours les chemins du monde qui, \u00e0 son \u00e9poque, \u00e9tait petit, mais dont il percevait la grandeur, la vari\u00e9t\u00e9. Son <strong>amour pour J\u00e9sus<\/strong> et pour l\u2019\u00c9glise l\u2019amena \u00e0 renoncer \u00e0 tout, en d\u00e9diant sa vie \u00e0 la <strong>pri\u00e8re<\/strong>, au <strong>travail<\/strong>, \u00e0 la <strong>pr\u00e9dication<\/strong>. Vou\u00e9 \u00e0 la <strong>pauvret\u00e9<\/strong>, il y souhaitait un retour pour l\u2019\u00c9glise enti\u00e8re, selon l\u2019exemple de Christ et si d\u2019un c\u00f4t\u00e9 cela le rendit impopulaire aux yeux de certains de ses contemporains, de l\u2019autre on s\u2019aper\u00e7oit de la modernit\u00e9 exceptionnelle de sa pens\u00e9e et de sa vision. Dans cette dimension de pauvret\u00e9 et de sacrifice, il voulut suivre la voie de J\u00e9sus, qui savait reconna\u00eetre dans chaque fr\u00e8re souffrant et n\u00e9cessiteux. Son <strong>message d\u2019amour et de fraternit\u00e9<\/strong> est arriv\u00e9 jusqu\u2019\u00e0 nous avec une intensit\u00e9 et une clart\u00e9 surprenantes. Nous lui devons la fondation des ordres mendiants, qui partagent le v\u0153ux de pauvret\u00e9 et la pratique de la r\u00e9colte des aum\u00f4nes comme seule et unique forme de subsistance.<\/p>\n<figure id=\"attachment_1330\" aria-describedby=\"caption-attachment-1330\" style=\"width: 300px\" class=\"wp-caption alignleft\"><img loading=\"lazy\" decoding=\"async\" class=\"alignleft size-medium wp-image-1330\" src=\"https:\/\/blog.holyart.it\/fr\/wp-content\/uploads\/sites\/14\/2019\/03\/Claire-d\u2019Assise-300x300.jpg\" alt=\"Claire d\u2019Assise\" width=\"300\" height=\"300\" \/><figcaption id=\"caption-attachment-1330\" class=\"wp-caption-text\"><center><strong><a href=\"https:\/\/www.holyart.fr\/articles-religieux\/statues\/statues-en-bois-peint\/statue-bois-sainte-claire-avec-ostensoir-peinte\">Statue bois Sainte Claire avec ostensoir peinte<\/a><\/strong><br \/><a href=\"https:\/\/www.holyart.fr\/articles-religieux\/statues\/statues-en-bois-peint\/statue-bois-sainte-claire-avec-ostensoir-peinte\"><button class=\"bottoneacquista\" style=\"vertical-align: middle;\">Acheter sur Holyart<\/button><\/a><\/center><\/figcaption><\/figure>\n<h2>Claire d\u2019Assise (1193-1253)<\/h2>\n<p>Disciple de Fran\u00e7ois, elle en suivit l\u2019exemple, en renon\u00e7ant \u00e0 une vie confortable et heureuse afin de se sacrifier au nom d\u2019un id\u00e9al de pauvret\u00e9 et de service aux malades et aux n\u00e9cessiteux. Sa conviction en ce sens fut tellement in\u00e9branlable, malgr\u00e9 les nombreuses tentatives de la ramener \u00e0 un style de vie plus ad\u00e9quat \u00e0 une jeune femme, qu\u2019\u00e0 la fin elle obtint du Pape le <em>privilegium paupertatis<\/em>, c\u2019est-\u00e0-dire la <strong>facult\u00e9 de pouvoir choisir de ne poss\u00e9der aucune propri\u00e9t\u00e9<\/strong>. Sur cette imposition auto-induite <strong>Claire \u00e9crit sa R\u00e8gle<\/strong> et elle fut la premi\u00e8re femme \u00e0 accomplir un tel exploit. Sa R\u00e8gle fut \u00e9galement garantie \u00e0 ses camarades, mais pas aux s\u0153urs qui virent ensuite. Elle repr\u00e9sente toutefois un pr\u00e9c\u00e9dent de remarquable impact social et philosophique.<\/p>\n<figure id=\"attachment_1331\" aria-describedby=\"caption-attachment-1331\" style=\"width: 300px\" class=\"wp-caption alignright\"><img loading=\"lazy\" decoding=\"async\" class=\"alignright size-medium wp-image-1331\" src=\"https:\/\/blog.holyart.it\/fr\/wp-content\/uploads\/sites\/14\/2019\/03\/Hildegarde-de-Bingen-300x300.jpg\" alt=\"Hildegarde de Bingen\" width=\"300\" height=\"300\" \/><figcaption id=\"caption-attachment-1331\" class=\"wp-caption-text\"><center><strong><a href=\"https:\/\/www.holyart.fr\/articles-religieux\/chapelets-et-etuis-a-chapelet\/rosaires-de-devotion\/chapelet-de-devotion-de-sainte-brigitte\">Chapelet de d\u00e9votion de Sainte Brigitte<\/a><\/strong><br \/><a href=\"https:\/\/www.holyart.fr\/articles-religieux\/chapelets-et-etuis-a-chapelet\/rosaires-de-devotion\/chapelet-de-devotion-de-sainte-brigitte\"><button class=\"bottoneacquista\" style=\"vertical-align: middle;\">Acheter sur Holyart<\/button><\/a><\/center><\/figcaption><\/figure>\n<h2>Hildegarde de Bingen (1098-1179)<\/h2>\n<p>Une autre femme qui repr\u00e9senta une figure de proue pour la spiritualit\u00e9 m\u00e9di\u00e9vale fut Hildegarde de Bingen, mystique et th\u00e9ologienne, savante et femme d\u2019une immense connaissance. Elle transcrit ses nombreuses <strong>visions<\/strong>, au d\u00e9but sous forme de notes et ensuite de nombreux livres. Mais elle ne se limita pas \u00e0 devenir un instrument du Saint Esprit, \u00ab\u00a0trompette de Dieu\u00a0\u00bb, comme elle se d\u00e9finissait par elle-m\u00eame. Elle nous laissa de nombreux textes de th\u00e9ologie, philosophie, morale, hagiographie, science, m\u00e9decin, cosmologie. Elle fut aussi une po\u00e9tesse d\u00e9licate et une musicienne d\u2019une grande sensibilit\u00e9. De nombreuses personnalit\u00e9s de l\u2019\u00e9poque, culturelles, mais aussi politiques, s\u2019adress\u00e8rent \u00e0 elle pour demander <strong>conseil<\/strong>, et avec beaucoup d\u2019entre eux Hildegarde entretint un dense \u00e9change \u00e9pistolaire. Une femme d\u2019une grande envergure et charisme, qui laissa une empreinte ind\u00e9l\u00e9bile dans l\u2019\u00e9volution de l\u2019\u00c9glise et du savoir, mais aussi dans l\u2019histoire de son temps.<\/p>\n<h2>Sainte Brigitte de Su\u00e8de (1303-1373)<\/h2>\n<p>Sainte Brigitte, religieuse et mystique su\u00e9doise, fondatrice de l\u2019Ordre du Tr\u00e8s Saint Sauveur, est, ensemble avec Sainte Catherine de Sienne et Sainte Th\u00e9r\u00e8se-B\u00e9n\u00e9dicte de la Croix, une des saintes patronnes de l\u2019Europe. Mystique et porte-parole de Dieu, vou\u00e9e \u00e0 l\u2019asc\u00e9tisme et \u00e0 la vie contemplative, elle re\u00e7ut de nombreuses <strong>r\u00e9v\u00e9lations<\/strong> de J\u00e9sus, de la Vierge Marie et de certains saints et elle les dicta \u00e0 ses p\u00e8res spirituels. Elles concernaient souvent des <strong>\u00e9v\u00e9nements historiques<\/strong> contemporains ou futurs, et cela lui valut une r\u00e9putation remarquable. \u00c0 travers ses r\u00e9v\u00e9lations, souvent Sainte Brigitte condamnait les autorit\u00e9s religieuses et politiques, en promouvant avec ferveur un <strong>retour \u00e0 une vie plus chr\u00e9tienne<\/strong>. Sa pr\u00e9dication pour ramener \u00e0 nouveau la Papaut\u00e9 d\u2019Avignon \u00e0 Rome, son intention de r\u00e9former l\u2019\u00c9glise en la reconduisant \u00e0 une majeure int\u00e9grit\u00e9 et moralit\u00e9, la rendirent une figure moderne, de grande force et envergure.<\/p>\n<figure id=\"attachment_1332\" aria-describedby=\"caption-attachment-1332\" style=\"width: 300px\" class=\"wp-caption alignleft\"><img loading=\"lazy\" decoding=\"async\" class=\"alignleft size-medium wp-image-1332\" src=\"https:\/\/blog.holyart.it\/fr\/wp-content\/uploads\/sites\/14\/2019\/03\/Sainte-Catherine-de-Sienne-300x300.jpg\" alt=\"Sainte Catherine de Sienne\" width=\"300\" height=\"300\" \/><figcaption id=\"caption-attachment-1332\" class=\"wp-caption-text\"><center><strong><a href=\"https:\/\/www.holyart.fr\/articles-religieux\/statues\/statues-en-fibre-de-verre\/sainte-catherine-160-cm-fibre-de-verre-coloree\">Sainte Catherine 160 cm fibre de verre color\u00e9e<\/a><\/strong><br \/><a href=\"https:\/\/www.holyart.fr\/articles-religieux\/statues\/statues-en-fibre-de-verre\/sainte-catherine-160-cm-fibre-de-verre-coloree\"><button class=\"bottoneacquista\" style=\"vertical-align: middle;\">Acheter sur Holyart<\/button><\/a><\/center><\/figcaption><\/figure>\n<h2>Sainte Catherine de Sienne (1347-1380)<\/h2>\n<p>Religieuse, th\u00e9ologienne, philosophe et mystique, Sainte Catherine partagea son existence entre le <strong>service aux pauvres et aux malades<\/strong>, un authentique moyen selon elle pour trouver Dieu, et l\u2019activit\u00e9 de <strong>savante<\/strong>, qui se concr\u00e9tisa avec une intense correspondance adress\u00e9e au Pape et aux autres puissants de son temps, dans la r\u00e9daction des Oraisons et du \u00ab\u00a0Dialogue, Trait\u00e9 de la Divine Providence\u00a0\u00bb, un des chefs d\u2019\u0153uvre de la litt\u00e9rature mystique m\u00e9di\u00e9vale. Cela r\u00e9sulte encore plus surprenant si l\u2019on tient compte qu\u2019elle n\u2019avait aucune culture. Vou\u00e9e depuis sa jeunesse \u00e0 une vie asc\u00e9tique, \u00e0 vingt ans elle eut une vision dans laquelle elle re\u00e7ut de J\u00e9sus l\u2019alliance du mariage mystique. Attentive \u00e0 tout ce qui se passait autour d\u2019elle, aux \u00e9v\u00e9nements historiques qui bouleversaient le monde, elle identifia dans l\u2019\u00c9glise et dans la Papaut\u00e9 en particulier le salut pour tous les chr\u00e9tiens et tous les hommes. Ses <strong>lettres de r\u00e9confort, de conseil et d\u2019exhortation<\/strong>, adress\u00e9es aux souverains, aux conducteurs et aux souverains, exerc\u00e8rent un effet incroyable sur de nombreux \u00e9v\u00e9nements et controverses.<\/p>\n<h2>Sainte Jeanne d\u2019Arc (1412-1431)<\/h2>\n<p>Jeanne rev\u00eatit un r\u00f4le fondamentale pendant la guerre de Cent ans et, en g\u00e9n\u00e9ral, dans le climat de profonde crise politique caus\u00e9e par le Schisme d\u2019Occident et par les contrastes entre France et Angleterre.<\/p>\n<p>Elle se pr\u00e9senta comme d\u00e9fenseuse de sa terre, envoy\u00e9e par Dieu, et conduisit l\u2019arm\u00e9e fran\u00e7aise en bataille. Trahie par son propre roi et laiss\u00e9e entre les mains de l\u2019ennemi, elle fut br\u00fbl\u00e9e sur le b\u00fbcher comme h\u00e9r\u00e9tique. Son exemple, arriv\u00e9 jusqu\u2019\u00e0 nous, t\u00e9moigne que l\u2019amour pour son propre Pays peut \u00eatre consid\u00e9r\u00e9 comme une valeur chr\u00e9tienne\u00a0; qu\u2019il faut toujours <strong>lutter pour la v\u00e9rit\u00e9<\/strong> et non pas pour le pouvoir\u00a0; que combattre est un rem\u00e8de extr\u00eame pour r\u00e9soudre les disputes et mettre fin aux controverses.<\/p>\n<h2>Sainte Th\u00e9r\u00e8se d\u2019Avila (1515-1582)<\/h2>\n<p>Mystique et religieuse espagnole, elle fut une des protagonistes de la R\u00e9forme catholique, \u00e0 laquelle elle apporta une profonde contribution gr\u00e2ce \u00e0 ses \u00e9crits. Elle fut \u00e9galement la fondatrice de l\u2019ordre des Carmes d\u00e9chaux, des s\u0153urs et des fr\u00e8res qui choisissaient de d\u00e9dier toute leur vie \u00e0 la pri\u00e8re, ou pour mieux dire <strong>de transformer leur propre vie en pri\u00e8re<\/strong>.<\/p>\n<p>Elle fut la premi\u00e8re femme reconnue comme <strong>Docteur de l\u2019\u00c9glise<\/strong> et elle a contribu\u00e9 \u00e0 la r\u00e9novation de l\u2019\u00c9glise en soi, en offrant un nouveau mod\u00e8le de charit\u00e9 et d\u2019interpr\u00e9tation de l\u2019\u00c9vangile, et d\u2019un choix de vie religieuse faite d\u2019aust\u00e9rit\u00e9 et de joie, de rigueur et de solitude, dans une union profonde entre vie mystique et vie apostolique. Son regard a toujours \u00e9t\u00e9 attentif et orient\u00e9 vers les besoins de l\u2019\u00c9glise et ainsi elle pr\u00eachait \u00e0 ses S\u0153urs.<\/p>\n<h2>Sainte Catherine de G\u00eanes (1447-1510)<\/h2>\n<p>Appartenant \u00e0 une noble et influente famille g\u00e9noise, elle quitta tout suite \u00e0 une crise religieuse et voua son existence enti\u00e8re \u00e0 Christ crucifi\u00e9 en tant que manifestation de l\u2019amour de Dieu. Elle poursuivit sa vie en tant que <strong>mystique et religieuse<\/strong> avec son mari et est reconnue pour sa <strong>mis\u00e9ricorde envers les pauvres et les malades<\/strong>. \u00c0 travers les \u0153uvres de charit\u00e9 et de mis\u00e9ricorde adress\u00e9es aux humbles, aux malheureux, aux parias, aux pestif\u00e9r\u00e9s, elle v\u00e9cut l\u2019exp\u00e9rience de l\u2019Amour de Dieu avec un courage et une abn\u00e9gation absolus.<\/p>\n<h2>Sainte Ang\u00e8le M\u00e9rici \u00a0(1474-1540)<\/h2>\n<p>Fondatrice de la Compagnie de Sainte Ursule, dont les s\u0153urs sont connues sous le nom d\u2019Ursulines, la premi\u00e8re congr\u00e9gation la\u00efque f\u00e9minine au sein de l\u2019\u00c9glise, Sainte Ang\u00e8le s\u2019inqui\u00e9ta de donner une possibilit\u00e9 \u00e0 ces femmes qui, ne voulant ou ne pouvant pas se marier, ne sentaient pas sp\u00e9cialement l\u2019envie d\u2019entrer au monast\u00e8re. Elle cr\u00e9a ainsi les <strong>vierges consacr\u00e9es dans le monde<\/strong>, qui vivaient hors de la protection du couvent, en famille ou \u00e0 la maison, en restant fid\u00e8les \u00e0 Christ, en conduisant une vie de p\u00e9nitence et en se maintenant avec leur propre travail.<\/p>\n<h2>Saint Camille de Lellis (1550-1614)<\/h2>\n<p>Fondateur des Camilliens, Ordre de Clercs R\u00e9guliers des Infirmes, consacr\u00e9s au soin des malade. Apr\u00e8s avoir conduit une existence dissolue et sans but, il rencontra Saint Philippe N\u00e9ri et murit la <strong>vocation \u00e0 l\u2019assistance aux malades<\/strong> apr\u00e8s un long s\u00e9jour \u00e0 l\u2019H\u00f4pital des Incurables \u00e0 Rome. Saint Camille d\u00e9dia le restant de sa vie \u00e0 soigner et \u00e0 assister les infirmes et les malades. Ses fr\u00e8res et lui v\u00e9curent selon les v\u0153ux de <strong>pauvret\u00e9<\/strong>, <strong>chastet\u00e9<\/strong> <strong>et ob\u00e9issance<\/strong>, auxquels ils ajout\u00e8rent un <strong>quatri\u00e8me v\u0153ux<\/strong>, celui de \u00ab\u00a0perp\u00e9tuelle assistance corporelle et spirituelle aux malades, m\u00eame si pestif\u00e9r\u00e9s\u00a0\u00bb. Leur devise \u00e9tait\u00a0: <em>le corps avant l\u2019\u00e2me, le corps pour l\u2019\u00e2me, l\u2019un et l\u2019autre pour Dieu<\/em>. Le symbole de la croix rouge qu\u2019ils portaient sur leurs habits devint ensuite le symbole du soin et de l\u2019assistance au prochain.<\/p>\n<h2>Saint Vincent de Paul (1581-1660)<\/h2>\n<p>Presbytre fran\u00e7ais, il fut le fondateur de congr\u00e9gations religieuses vou\u00e9es aux <strong>\u0153uvres de charit\u00e9 et de mis\u00e9ricorde<\/strong>, comme la Congr\u00e9gation de la Mission (Lazaristes), les Dames de la charit\u00e9 et la Compagnie des Filles de la charit\u00e9.<\/p>\n<p>Il identifia la vision de Christ pauvre parmi les pauvres et les derniers et il d\u00e9dia sa vie et sa mission \u00e0 leur rendre dignit\u00e9 et espoir, la possibilit\u00e9 de se relever de leur condition et de travailler.<\/p>\n<p>Outre le service aux pauvres, Saint Vincent voua son existence \u00e0 l\u2019<strong>\u00e9vang\u00e9lisation des campagnes<\/strong>. Dans les deux cas, il faisait en sorte de s\u2019adresser aux gens de mani\u00e8re simple, claire, pour qu\u2019ils puissent comprendre et il ne manquait jamais de pr\u00eater attention \u00e0 leurs exigences mat\u00e9rielles. Un autre de ses objectifs fut la <strong>formation de pr\u00eatres<\/strong> capables de tenir leur r\u00f4le tant comme ambassadeurs de l\u2019\u00c9vangile que comme un appui r\u00e9el et pratique aux n\u00e9cessiteux.<\/p>\n<h2>Saint Alphonse Marie de Liguori (1696-1787)<\/h2>\n<p>Saint Alphonse fut \u00e9v\u00eaque et fondateur de la Congr\u00e9gation du Tr\u00e8s Saint R\u00e9dempteur. Homme intelligent et studieux, il poursuivit une carri\u00e8re d\u2019avocat avec de brillants r\u00e9sultats avant de se convertir et de d\u00e9dier sa vie \u00e0 l\u2019\u00e9glise. Il \u00e9crit des \u0153uvres litt\u00e9raires et th\u00e9ologiques et fut \u00e9galement un <strong>compositeur de m\u00e9lodies<\/strong> devenues c\u00e9l\u00e8bres, comme le chant de No\u00ebl <em>Tu scendi dalle stelle<\/em>. Th\u00e9ologien attentif \u00e0 la morale, mais aussi conscient des limites des hommes, il s\u2019int\u00e9ressa \u00e0 la <strong>cause des humbles<\/strong>, de ceux qui avaient \u00e9t\u00e9 abandonn\u00e9s par tout le monde. \u00c0 l\u2019activit\u00e9 caritative, il ajouta celle de <strong>formation des pr\u00eatres et des cat\u00e9chistes<\/strong>, en diffusant avec son \u00e9loquence simple et concr\u00e8te la n\u00e9cessit\u00e9 d\u2019alimenter l\u2019\u00c9glise, en la renouvelant \u00e0 partir de ses fondations afin de la ramener \u00e0 une dimension li\u00e9e davantage \u00e0 Christ et davantage soumise \u00e0 la volont\u00e9 du P\u00e8re.<\/p>\n<h2>Saint Jean Bosco (1815-1888)<\/h2>\n<p>Religieux et p\u00e9dagogue, Don Bosco d\u00e9dia sa vie en particulier <strong>\u00e0 l\u2019\u00e9ducation et au soin des jeunes<\/strong>, surtout les plus d\u00e9favoris\u00e9s, en intervenant dans leur jeune \u00e2ge afin d\u2019en faire des adultes conscients et pieux. Pour les \u00e9duquer, il se servait de <strong>raison<\/strong>, <strong>religion<\/strong> et <strong>bont\u00e9<\/strong>, l\u00e0 o\u00f9 auparavant les seuls instruments p\u00e9dagogiques consid\u00e9r\u00e9s comme valables \u00e9taient la rigueur et l\u2019autorit\u00e9. Une \u00e9ducation bas\u00e9e sur l\u2019amour, le respect, la joie, sur un mod\u00e8le de vie \u00e0 fournir aux jeunes. Consid\u00e9r\u00e9 comme un \u00ab\u00a0<strong>saint sociale<\/strong>\u00a0\u00bb, il fonda les congr\u00e9gations des Sal\u00e9siens et des Filles de Marie-Auxiliatrice.<\/p>\n<figure id=\"attachment_1333\" aria-describedby=\"caption-attachment-1333\" style=\"width: 300px\" class=\"wp-caption alignright\"><img loading=\"lazy\" decoding=\"async\" class=\"alignright size-medium wp-image-1333\" src=\"https:\/\/blog.holyart.it\/fr\/wp-content\/uploads\/sites\/14\/2019\/03\/Charles-de-Foucauld-300x300.jpg\" alt=\"Charles de Foucauld\" width=\"300\" height=\"300\" \/><figcaption id=\"caption-attachment-1333\" class=\"wp-caption-text\"><center><strong><a href=\"https:\/\/www.holyart.fr\/articles-religieux\/tapisseries-religieuses\/tapisserie-charles-de-foucauld-40x30-cm\">Tapisserie Charles de Foucauld 40&#215;30 cm<\/a><\/strong><br \/><a href=\"https:\/\/www.holyart.fr\/articles-religieux\/tapisseries-religieuses\/tapisserie-charles-de-foucauld-40x30-cm\"><button class=\"bottoneacquista\" style=\"vertical-align: middle;\">Acheter sur Holyart<\/button><\/a><\/center><\/figcaption><\/figure>\n<h2>Charles de Foucauld (1858-1916)<\/h2>\n<p>Apr\u00e8s une existence de d\u00e9bauche et apr\u00e8s avoir voyag\u00e9 en tant qu\u2019explorateur au Maroc, Charles De Foucauld d\u00e9couvrit sa vocation. Son message et sa mission d\u00e9vinrent \u00e0 partir de ce moment-l\u00e0 l\u2019<strong>amour universel<\/strong>, un concept de <strong>fraternit\u00e9<\/strong> <strong>et<\/strong> de <strong>charit\u00e9<\/strong> qui r\u00e9unissait toutes les civilisations. Il se consid\u00e8re comme \u00ab\u00a0fr\u00e8re de tous\u00a0\u00bb et il vivait comme tel, en dispensant mis\u00e9ricorde, en diffusant un message d\u2019amour et de tol\u00e9rance parmi les nomades du d\u00e9sert et partout o\u00f9 ses voyages d\u2019\u00e9vang\u00e9lisation l\u2019amen\u00e8rent.<\/p>\n<h2>Sainte Th\u00e9r\u00e8se de Lisieux \u00a0(1873-1897)<\/h2>\n<p>Connue aussi avec le nom de Sainte Th\u00e9r\u00e8se de l\u2019Enfant-J\u00e9sus, Th\u00e9r\u00e8se Fran\u00e7oise Marie Martin fut une religieuse carm\u00e9lite et une mystique. Sainte patronne des missionnaires et de France, elle fut la cr\u00e9atrice de la th\u00e9ologie de la \u00ab\u00a0petite voie\u00a0\u00bb. Th\u00e9r\u00e8se proposait la <strong>recherche de la saintet\u00e9 \u00e0 travers des petits gestes quotidiens<\/strong>, accomplis dans l\u2019amour de Dieu. Son abn\u00e9gation et son abandon total \u00e0 la volont\u00e9 du P\u00e8re furent sa fa\u00e7on d\u2019\u00eatre proche de J\u00e9sus. En plus de la pri\u00e8re, la foi et le silence, les privations, qui la conduisirent \u00e0 la maladie et \u00e0 la mort, ses instruments furent la solidarit\u00e9 et la charit\u00e9 envers le prochain.<\/p>\n<h2>Edith Stein, Sainte Th\u00e9r\u00e8se-B\u00e9n\u00e9dicte de la Croix (1891-1942)<\/h2>\n<p>Sainte Patronne de l\u2019Europe avec Catherine de Sienne, Brigitte de Su\u00e8de, Beno\u00eet de Nursie et Cyrille et M\u00e9thode, Edith Stein a \u00e9t\u00e9 une religieuse, mais aussi une <strong>philosophe<\/strong> disciple de Husserl et une <strong>f\u00e9ministe<\/strong> <em>ante litteram<\/em>. D\u2019origine juive, elle fut une th\u00e9ologienne et mystique et, en tant que religieuse carm\u00e9lite, elle d\u00e9dia sa vie \u00e0 Marie. Son martyr \u00e0 Auschwitz en a fait un personnage embl\u00e9matique, symbole d\u2019une \u00e9poque d\u2019horreurs, mais \u00e9galement de profondes mutations spirituelles et philosophiques, dont elle a \u00e9t\u00e9 protagoniste et partisane.<\/p>\n","protected":false},"excerpt":{"rendered":"<p>L\u2019Histoire de l\u2019Europe et de l\u2019Occident comme nous le connaissons passe \u00e0 travers une s\u00e9rie continue de subversions politiques, de profonds changements sociaux, de r\u00e9volutions \u00e9conomiques et id\u00e9ologiques. L\u2019\u00e9tude de tous ces ph\u00e9nom\u00e8nes est \u00e0 la base de la compr\u00e9hension historique et devrait \u00e9galement \u00eatre&hellip;<\/p>\n","protected":false},"author":1,"featured_media":1334,"comment_status":"closed","ping_status":"open","sticky":false,"template":"","format":"standard","meta":{"_acf_changed":false,"footnotes":""},"categories":[7],"tags":[],"class_list":["post-1327","post","type-post","status-publish","format-standard","has-post-thumbnail","hentry","category-saints-et-bienheureux"],"acf":[],"yoast_head":"<!-- This site is optimized with the Yoast SEO plugin v26.6 - https:\/\/yoast.com\/wordpress\/plugins\/seo\/ -->\n<title>Les saints et les saintes qui ont chang\u00e9 le monde - Holyart.fr Blog<\/title>\n<meta name=\"description\" content=\"Nous voyons des histoires et des r\u00e9flexions de saints et de saints qui ont profond\u00e9ment marqu\u00e9 l&#039;histoire de l&#039;\u00c9glise et l&#039;\u00e9volution de la soci\u00e9t\u00e9.\" \/>\n<meta name=\"robots\" content=\"index, follow, max-snippet:-1, max-image-preview:large, max-video-preview:-1\" \/>\n<link rel=\"canonical\" href=\"https:\/\/blog.holyart.it\/fr\/saints-et-bienheureux\/saints-saintes-ont-change-monde\/\" \/>\n<meta property=\"og:locale\" content=\"fr_FR\" \/>\n<meta property=\"og:type\" content=\"article\" \/>\n<meta property=\"og:title\" content=\"Les saints et les saintes qui ont chang\u00e9 le monde - Holyart.fr Blog\" \/>\n<meta property=\"og:description\" content=\"Nous voyons des histoires et des r\u00e9flexions de saints et de saints qui ont profond\u00e9ment marqu\u00e9 l&#039;histoire de l&#039;\u00c9glise et l&#039;\u00e9volution de la soci\u00e9t\u00e9.\" \/>\n<meta property=\"og:url\" content=\"https:\/\/blog.holyart.it\/fr\/saints-et-bienheureux\/saints-saintes-ont-change-monde\/\" \/>\n<meta property=\"og:site_name\" content=\"Holyart.fr Blog\" \/>\n<meta property=\"article:published_time\" content=\"2019-03-14T11:13:24+00:00\" \/>\n<meta property=\"article:modified_time\" content=\"2022-10-13T13:10:35+00:00\" \/>\n<meta property=\"og:image\" content=\"https:\/\/blog.holyart.it\/fr\/wp-content\/uploads\/sites\/14\/2019\/03\/saint.jpg\" \/>\n\t<meta property=\"og:image:width\" content=\"1000\" \/>\n\t<meta property=\"og:image:height\" content=\"666\" \/>\n\t<meta property=\"og:image:type\" content=\"image\/jpeg\" \/>\n<meta name=\"author\" content=\"Redazione\" \/>\n<meta name=\"twitter:card\" content=\"summary_large_image\" \/>\n<meta name=\"twitter:label1\" content=\"\u00c9crit par\" \/>\n\t<meta name=\"twitter:data1\" content=\"Redazione\" \/>\n\t<meta name=\"twitter:label2\" content=\"Dur\u00e9e de lecture estim\u00e9e\" \/>\n\t<meta name=\"twitter:data2\" content=\"19 minutes\" \/>\n<script type=\"application\/ld+json\" class=\"yoast-schema-graph\">{\"@context\":\"https:\/\/schema.org\",\"@graph\":[{\"@type\":\"Article\",\"@id\":\"https:\/\/blog.holyart.it\/fr\/saints-et-bienheureux\/saints-saintes-ont-change-monde\/#article\",\"isPartOf\":{\"@id\":\"https:\/\/blog.holyart.it\/fr\/saints-et-bienheureux\/saints-saintes-ont-change-monde\/\"},\"author\":{\"name\":\"Redazione\",\"@id\":\"https:\/\/blog.holyart.it\/fr\/#\/schema\/person\/0a7b686e5af0f856ec1e390dd0baecda\"},\"headline\":\"Les saints et les saintes qui ont chang\u00e9 le monde\",\"datePublished\":\"2019-03-14T11:13:24+00:00\",\"dateModified\":\"2022-10-13T13:10:35+00:00\",\"mainEntityOfPage\":{\"@id\":\"https:\/\/blog.holyart.it\/fr\/saints-et-bienheureux\/saints-saintes-ont-change-monde\/\"},\"wordCount\":3914,\"publisher\":{\"@id\":\"https:\/\/blog.holyart.it\/fr\/#organization\"},\"image\":{\"@id\":\"https:\/\/blog.holyart.it\/fr\/saints-et-bienheureux\/saints-saintes-ont-change-monde\/#primaryimage\"},\"thumbnailUrl\":\"https:\/\/blog.holyart.it\/fr\/wp-content\/uploads\/sites\/14\/2019\/03\/saint.jpg\",\"articleSection\":[\"Saints et Bienheureux\"],\"inLanguage\":\"fr-FR\"},{\"@type\":\"WebPage\",\"@id\":\"https:\/\/blog.holyart.it\/fr\/saints-et-bienheureux\/saints-saintes-ont-change-monde\/\",\"url\":\"https:\/\/blog.holyart.it\/fr\/saints-et-bienheureux\/saints-saintes-ont-change-monde\/\",\"name\":\"Les saints et les saintes qui ont chang\u00e9 le monde - Holyart.fr Blog\",\"isPartOf\":{\"@id\":\"https:\/\/blog.holyart.it\/fr\/#website\"},\"primaryImageOfPage\":{\"@id\":\"https:\/\/blog.holyart.it\/fr\/saints-et-bienheureux\/saints-saintes-ont-change-monde\/#primaryimage\"},\"image\":{\"@id\":\"https:\/\/blog.holyart.it\/fr\/saints-et-bienheureux\/saints-saintes-ont-change-monde\/#primaryimage\"},\"thumbnailUrl\":\"https:\/\/blog.holyart.it\/fr\/wp-content\/uploads\/sites\/14\/2019\/03\/saint.jpg\",\"datePublished\":\"2019-03-14T11:13:24+00:00\",\"dateModified\":\"2022-10-13T13:10:35+00:00\",\"description\":\"Nous voyons des histoires et des r\u00e9flexions de saints et de saints qui ont profond\u00e9ment marqu\u00e9 l'histoire de l'\u00c9glise et l'\u00e9volution de la soci\u00e9t\u00e9.\",\"breadcrumb\":{\"@id\":\"https:\/\/blog.holyart.it\/fr\/saints-et-bienheureux\/saints-saintes-ont-change-monde\/#breadcrumb\"},\"inLanguage\":\"fr-FR\",\"potentialAction\":[{\"@type\":\"ReadAction\",\"target\":[\"https:\/\/blog.holyart.it\/fr\/saints-et-bienheureux\/saints-saintes-ont-change-monde\/\"]}]},{\"@type\":\"ImageObject\",\"inLanguage\":\"fr-FR\",\"@id\":\"https:\/\/blog.holyart.it\/fr\/saints-et-bienheureux\/saints-saintes-ont-change-monde\/#primaryimage\",\"url\":\"https:\/\/blog.holyart.it\/fr\/wp-content\/uploads\/sites\/14\/2019\/03\/saint.jpg\",\"contentUrl\":\"https:\/\/blog.holyart.it\/fr\/wp-content\/uploads\/sites\/14\/2019\/03\/saint.jpg\",\"width\":1000,\"height\":666},{\"@type\":\"BreadcrumbList\",\"@id\":\"https:\/\/blog.holyart.it\/fr\/saints-et-bienheureux\/saints-saintes-ont-change-monde\/#breadcrumb\",\"itemListElement\":[{\"@type\":\"ListItem\",\"position\":1,\"name\":\"Homepage\",\"item\":\"https:\/\/blog.holyart.it\/fr\/\"},{\"@type\":\"ListItem\",\"position\":2,\"name\":\"Saints et Bienheureux\",\"item\":\"https:\/\/blog.holyart.it\/fr\/saints-et-bienheureux\/\"},{\"@type\":\"ListItem\",\"position\":3,\"name\":\"Les saints et les saintes qui ont chang\u00e9 le monde\"}]},{\"@type\":\"WebSite\",\"@id\":\"https:\/\/blog.holyart.it\/fr\/#website\",\"url\":\"https:\/\/blog.holyart.it\/fr\/\",\"name\":\"Holyart.fr Blog\",\"description\":\"Holyblog\",\"publisher\":{\"@id\":\"https:\/\/blog.holyart.it\/fr\/#organization\"},\"potentialAction\":[{\"@type\":\"SearchAction\",\"target\":{\"@type\":\"EntryPoint\",\"urlTemplate\":\"https:\/\/blog.holyart.it\/fr\/?s={search_term_string}\"},\"query-input\":{\"@type\":\"PropertyValueSpecification\",\"valueRequired\":true,\"valueName\":\"search_term_string\"}}],\"inLanguage\":\"fr-FR\"},{\"@type\":\"Organization\",\"@id\":\"https:\/\/blog.holyart.it\/fr\/#organization\",\"name\":\"Holyart.fr Blog\",\"url\":\"https:\/\/blog.holyart.it\/fr\/\",\"logo\":{\"@type\":\"ImageObject\",\"inLanguage\":\"fr-FR\",\"@id\":\"https:\/\/blog.holyart.it\/fr\/#\/schema\/logo\/image\/\",\"url\":\"https:\/\/blog.holyart.it\/fr\/wp-content\/uploads\/sites\/14\/2022\/12\/Holyart_Blog_Logo.jpg\",\"contentUrl\":\"https:\/\/blog.holyart.it\/fr\/wp-content\/uploads\/sites\/14\/2022\/12\/Holyart_Blog_Logo.jpg\",\"width\":300,\"height\":50,\"caption\":\"Holyart.fr Blog\"},\"image\":{\"@id\":\"https:\/\/blog.holyart.it\/fr\/#\/schema\/logo\/image\/\"}},{\"@type\":\"Person\",\"@id\":\"https:\/\/blog.holyart.it\/fr\/#\/schema\/person\/0a7b686e5af0f856ec1e390dd0baecda\",\"name\":\"Redazione\",\"image\":{\"@type\":\"ImageObject\",\"inLanguage\":\"fr-FR\",\"@id\":\"https:\/\/blog.holyart.it\/fr\/#\/schema\/person\/image\/\",\"url\":\"https:\/\/secure.gravatar.com\/avatar\/f477da817f43e50d0af36abecd33e3edf826c68299714bdc1057dff3b113f516?s=96&d=mm&r=g\",\"contentUrl\":\"https:\/\/secure.gravatar.com\/avatar\/f477da817f43e50d0af36abecd33e3edf826c68299714bdc1057dff3b113f516?s=96&d=mm&r=g\",\"caption\":\"Redazione\"},\"url\":\"https:\/\/blog.holyart.it\/fr\/author\/admin\/\"}]}<\/script>\n<!-- \/ Yoast SEO plugin. -->","yoast_head_json":{"title":"Les saints et les saintes qui ont chang\u00e9 le monde - Holyart.fr Blog","description":"Nous voyons des histoires et des r\u00e9flexions de saints et de saints qui ont profond\u00e9ment marqu\u00e9 l'histoire de l'\u00c9glise et l'\u00e9volution de la soci\u00e9t\u00e9.","robots":{"index":"index","follow":"follow","max-snippet":"max-snippet:-1","max-image-preview":"max-image-preview:large","max-video-preview":"max-video-preview:-1"},"canonical":"https:\/\/blog.holyart.it\/fr\/saints-et-bienheureux\/saints-saintes-ont-change-monde\/","og_locale":"fr_FR","og_type":"article","og_title":"Les saints et les saintes qui ont chang\u00e9 le monde - Holyart.fr Blog","og_description":"Nous voyons des histoires et des r\u00e9flexions de saints et de saints qui ont profond\u00e9ment marqu\u00e9 l'histoire de l'\u00c9glise et l'\u00e9volution de la soci\u00e9t\u00e9.","og_url":"https:\/\/blog.holyart.it\/fr\/saints-et-bienheureux\/saints-saintes-ont-change-monde\/","og_site_name":"Holyart.fr Blog","article_published_time":"2019-03-14T11:13:24+00:00","article_modified_time":"2022-10-13T13:10:35+00:00","og_image":[{"width":1000,"height":666,"url":"https:\/\/blog.holyart.it\/fr\/wp-content\/uploads\/sites\/14\/2019\/03\/saint.jpg","type":"image\/jpeg"}],"author":"Redazione","twitter_card":"summary_large_image","twitter_misc":{"\u00c9crit par":"Redazione","Dur\u00e9e de lecture estim\u00e9e":"19 minutes"},"schema":{"@context":"https:\/\/schema.org","@graph":[{"@type":"Article","@id":"https:\/\/blog.holyart.it\/fr\/saints-et-bienheureux\/saints-saintes-ont-change-monde\/#article","isPartOf":{"@id":"https:\/\/blog.holyart.it\/fr\/saints-et-bienheureux\/saints-saintes-ont-change-monde\/"},"author":{"name":"Redazione","@id":"https:\/\/blog.holyart.it\/fr\/#\/schema\/person\/0a7b686e5af0f856ec1e390dd0baecda"},"headline":"Les saints et les saintes qui ont chang\u00e9 le monde","datePublished":"2019-03-14T11:13:24+00:00","dateModified":"2022-10-13T13:10:35+00:00","mainEntityOfPage":{"@id":"https:\/\/blog.holyart.it\/fr\/saints-et-bienheureux\/saints-saintes-ont-change-monde\/"},"wordCount":3914,"publisher":{"@id":"https:\/\/blog.holyart.it\/fr\/#organization"},"image":{"@id":"https:\/\/blog.holyart.it\/fr\/saints-et-bienheureux\/saints-saintes-ont-change-monde\/#primaryimage"},"thumbnailUrl":"https:\/\/blog.holyart.it\/fr\/wp-content\/uploads\/sites\/14\/2019\/03\/saint.jpg","articleSection":["Saints et Bienheureux"],"inLanguage":"fr-FR"},{"@type":"WebPage","@id":"https:\/\/blog.holyart.it\/fr\/saints-et-bienheureux\/saints-saintes-ont-change-monde\/","url":"https:\/\/blog.holyart.it\/fr\/saints-et-bienheureux\/saints-saintes-ont-change-monde\/","name":"Les saints et les saintes qui ont chang\u00e9 le monde - Holyart.fr Blog","isPartOf":{"@id":"https:\/\/blog.holyart.it\/fr\/#website"},"primaryImageOfPage":{"@id":"https:\/\/blog.holyart.it\/fr\/saints-et-bienheureux\/saints-saintes-ont-change-monde\/#primaryimage"},"image":{"@id":"https:\/\/blog.holyart.it\/fr\/saints-et-bienheureux\/saints-saintes-ont-change-monde\/#primaryimage"},"thumbnailUrl":"https:\/\/blog.holyart.it\/fr\/wp-content\/uploads\/sites\/14\/2019\/03\/saint.jpg","datePublished":"2019-03-14T11:13:24+00:00","dateModified":"2022-10-13T13:10:35+00:00","description":"Nous voyons des histoires et des r\u00e9flexions de saints et de saints qui ont profond\u00e9ment marqu\u00e9 l'histoire de l'\u00c9glise et l'\u00e9volution de la soci\u00e9t\u00e9.","breadcrumb":{"@id":"https:\/\/blog.holyart.it\/fr\/saints-et-bienheureux\/saints-saintes-ont-change-monde\/#breadcrumb"},"inLanguage":"fr-FR","potentialAction":[{"@type":"ReadAction","target":["https:\/\/blog.holyart.it\/fr\/saints-et-bienheureux\/saints-saintes-ont-change-monde\/"]}]},{"@type":"ImageObject","inLanguage":"fr-FR","@id":"https:\/\/blog.holyart.it\/fr\/saints-et-bienheureux\/saints-saintes-ont-change-monde\/#primaryimage","url":"https:\/\/blog.holyart.it\/fr\/wp-content\/uploads\/sites\/14\/2019\/03\/saint.jpg","contentUrl":"https:\/\/blog.holyart.it\/fr\/wp-content\/uploads\/sites\/14\/2019\/03\/saint.jpg","width":1000,"height":666},{"@type":"BreadcrumbList","@id":"https:\/\/blog.holyart.it\/fr\/saints-et-bienheureux\/saints-saintes-ont-change-monde\/#breadcrumb","itemListElement":[{"@type":"ListItem","position":1,"name":"Homepage","item":"https:\/\/blog.holyart.it\/fr\/"},{"@type":"ListItem","position":2,"name":"Saints et Bienheureux","item":"https:\/\/blog.holyart.it\/fr\/saints-et-bienheureux\/"},{"@type":"ListItem","position":3,"name":"Les saints et les saintes qui ont chang\u00e9 le monde"}]},{"@type":"WebSite","@id":"https:\/\/blog.holyart.it\/fr\/#website","url":"https:\/\/blog.holyart.it\/fr\/","name":"Holyart.fr Blog","description":"Holyblog","publisher":{"@id":"https:\/\/blog.holyart.it\/fr\/#organization"},"potentialAction":[{"@type":"SearchAction","target":{"@type":"EntryPoint","urlTemplate":"https:\/\/blog.holyart.it\/fr\/?s={search_term_string}"},"query-input":{"@type":"PropertyValueSpecification","valueRequired":true,"valueName":"search_term_string"}}],"inLanguage":"fr-FR"},{"@type":"Organization","@id":"https:\/\/blog.holyart.it\/fr\/#organization","name":"Holyart.fr Blog","url":"https:\/\/blog.holyart.it\/fr\/","logo":{"@type":"ImageObject","inLanguage":"fr-FR","@id":"https:\/\/blog.holyart.it\/fr\/#\/schema\/logo\/image\/","url":"https:\/\/blog.holyart.it\/fr\/wp-content\/uploads\/sites\/14\/2022\/12\/Holyart_Blog_Logo.jpg","contentUrl":"https:\/\/blog.holyart.it\/fr\/wp-content\/uploads\/sites\/14\/2022\/12\/Holyart_Blog_Logo.jpg","width":300,"height":50,"caption":"Holyart.fr Blog"},"image":{"@id":"https:\/\/blog.holyart.it\/fr\/#\/schema\/logo\/image\/"}},{"@type":"Person","@id":"https:\/\/blog.holyart.it\/fr\/#\/schema\/person\/0a7b686e5af0f856ec1e390dd0baecda","name":"Redazione","image":{"@type":"ImageObject","inLanguage":"fr-FR","@id":"https:\/\/blog.holyart.it\/fr\/#\/schema\/person\/image\/","url":"https:\/\/secure.gravatar.com\/avatar\/f477da817f43e50d0af36abecd33e3edf826c68299714bdc1057dff3b113f516?s=96&d=mm&r=g","contentUrl":"https:\/\/secure.gravatar.com\/avatar\/f477da817f43e50d0af36abecd33e3edf826c68299714bdc1057dff3b113f516?s=96&d=mm&r=g","caption":"Redazione"},"url":"https:\/\/blog.holyart.it\/fr\/author\/admin\/"}]}},"_links":{"self":[{"href":"https:\/\/blog.holyart.it\/fr\/wp-json\/wp\/v2\/posts\/1327","targetHints":{"allow":["GET"]}}],"collection":[{"href":"https:\/\/blog.holyart.it\/fr\/wp-json\/wp\/v2\/posts"}],"about":[{"href":"https:\/\/blog.holyart.it\/fr\/wp-json\/wp\/v2\/types\/post"}],"author":[{"embeddable":true,"href":"https:\/\/blog.holyart.it\/fr\/wp-json\/wp\/v2\/users\/1"}],"replies":[{"embeddable":true,"href":"https:\/\/blog.holyart.it\/fr\/wp-json\/wp\/v2\/comments?post=1327"}],"version-history":[{"count":0,"href":"https:\/\/blog.holyart.it\/fr\/wp-json\/wp\/v2\/posts\/1327\/revisions"}],"wp:featuredmedia":[{"embeddable":true,"href":"https:\/\/blog.holyart.it\/fr\/wp-json\/wp\/v2\/media\/1334"}],"wp:attachment":[{"href":"https:\/\/blog.holyart.it\/fr\/wp-json\/wp\/v2\/media?parent=1327"}],"wp:term":[{"taxonomy":"category","embeddable":true,"href":"https:\/\/blog.holyart.it\/fr\/wp-json\/wp\/v2\/categories?post=1327"},{"taxonomy":"post_tag","embeddable":true,"href":"https:\/\/blog.holyart.it\/fr\/wp-json\/wp\/v2\/tags?post=1327"}],"curies":[{"name":"wp","href":"https:\/\/api.w.org\/{rel}","templated":true}]}}