{"id":1320,"date":"2019-03-12T08:49:29","date_gmt":"2019-03-12T07:49:29","guid":{"rendered":"https:\/\/blog.holyart.it\/fr\/?p=1320"},"modified":"2019-04-11T16:13:13","modified_gmt":"2019-04-11T14:13:13","slug":"padre-pio-lordre-freres-mineurs-capucins","status":"publish","type":"post","link":"https:\/\/blog.holyart.it\/fr\/saints-et-bienheureux\/padre-pio-lordre-freres-mineurs-capucins\/","title":{"rendered":"Padre Pio et l\u2019ordre des Fr\u00e8res Mineurs Capucins"},"content":{"rendered":"<p>Qu\u2019est-ce qui rend Padre Pio, connu aujourd\u2019hui comme Saint Pio de Pietrelcina, un personnage si v\u00e9n\u00e9r\u00e9 et c\u00e9l\u00e9br\u00e9 d\u00e9j\u00e0 pendant son existence et, pourtant, \u00e9galement si controvers\u00e9 ? La v\u00e9n\u00e9ration populaire dont il fait l\u2019objet depuis les ann\u00e9es de sa jeunesse est probablement due \u00e0 sa r\u00e9putation de gu\u00e9risseur, aux \u00e9v\u00e9nements miraculeux dont il aurait \u00e9t\u00e9 le protagoniste, les m\u00eames qui lui ont valu tant de critiques dans le monde eccl\u00e9siastique.<\/p>\n<p>L\u2019aventure humaine et spirituelle de cette homme, qui est n\u00e9 et a v\u00e9cu \u00e0 cheval entre deux si\u00e8cles, qui a travers\u00e9 le XX si\u00e8cle avec les deux Guerres mondiales et tous les bouleversements qui ont chang\u00e9 le visage de l\u2019Europe et du monde, sans perdre pour autant son esprit ardent et, en m\u00eame temps, impr\u00e9gn\u00e9 d\u2019une humanit\u00e9 qui ne d\u00e9daignait pas la plaisanterie et la blague, m\u00e9rite surement d\u2019\u00eatre rappel\u00e9e. Tout comme, il faut surement rappeler tout ce qu\u2019il a fait pour de nombreuses personnes, tr\u00e8s nombreuses m\u00eame, qui se sont adress\u00e9es \u00e0 lui directement ou indirectement \u00e0 la recherche d\u2019aide et de r\u00e9confort. Son impact humain et religieux a v\u00e9ritablement marqu\u00e9 un si\u00e8cle et son souvenir continue de susciter des \u00e9motions contrast\u00e9es et une d\u00e9votion si forte qu\u2019elle rend vraiment impossible l\u2019ignorer.<\/p>\n<p>L\u2019histoire de sa vie est suffisamment connue.<\/p>\n<p>N\u00e9 \u00e0 Pietrelcina , dans la province de B\u00e9n\u00e9vent, en 1887, il \u00e9tait fils d\u2019humbles agriculteurs. Il fut baptis\u00e9 avec le nom de Francesco Forgione. Sa m\u00e8re \u00e9tait une femme pieuse, enti\u00e8rement d\u00e9vou\u00e9e \u00e0 <strong><a href=\"https:\/\/www.holyart.fr\/blog\/saints-et-bienheureux\/saint-francois-dassise\/\">Saint Fran\u00e7ois d\u2019Assise<\/a><\/strong> et c\u2019est \u00e0 cet amour pour le petit pauvre d\u2019Assise que Francesco devait son pr\u00e9nom.<\/p>\n<p>Il d\u00e9montra d\u00e8s son jeune \u00e2ge le souhait d\u2019embrasser la vie religieuse. Il entra donc au couvent quand il avait \u00e0 peine quatorze ans et entra t\u00f4t dans les ordres en tant que fr\u00e8re capucin avec le nom de Fra\u2019 Pio. Dans les ann\u00e9es qui suivirent, il v\u00e9cut et \u00e9tudia entre le couvent de Serracapriola et Pietrelcina, souvent contraint au repos \u00e0 cause d\u2019une sant\u00e9 fragile qui le pers\u00e9cuta toute sa vie et, d\u00e9j\u00e0 pendant cette premi\u00e8re p\u00e9riode de sa vie, il manifesta une s\u00e9rie d\u2019exp\u00e9rience spirituelles hors du commun, parmi lesquelles les stigmates \u00ab\u00a0provisoires\u00a0\u00bb, des blessures qui apparurent et disparurent de ses mains pendant des ann\u00e9es, et des dialogues fr\u00e9quents avec Dieu. Il fut ordonn\u00e9 pr\u00eatre \u00e0 23 ans \u00e0 peine, en 1910. En 1916, il se rendit pour la premi\u00e8re fois au couvent de San Giovanni Rotondo, o\u00f9 il s\u2019arr\u00eata, suivant \u00e9galement un \u00ab\u00a0conseil\u00a0\u00bb de J\u00e9sus, qui lui aurait assur\u00e9 que cet endroit aurait profit\u00e9 \u00e0 sa sant\u00e9.<\/p>\n<p>C\u2019est \u00e0 San Giovanni Rotondo que Padre Pio re\u00e7oit, suite \u00e0 des visions, les stigmates \u00ab\u00a0d\u00e9finitives\u00a0\u00bb, qui ne le laiss\u00e8rent plus et, dans la m\u00eame p\u00e9riode, on dit qu\u2019il commen\u00e7a \u00e0 d\u00e9gager un suave parfum de fleurs, perceptible \u00e0 quiconque l\u2019approche. D\u2019autres signes miraculeux, qui se manifest\u00e8rent \u00e0 partir de ce moment-l\u00e0 et qui port\u00e8rent ensuite \u00e0 sa b\u00e9atification, sont le don de la bilocation, la proph\u00e9tie, la lecture de l\u2019esprit et du c\u0153ur de ses fid\u00e8les. Le couvent qui l\u2019accueillait devint bient\u00f4t un lieu de p\u00e8lerinage depuis le monde entier. Cela amena in\u00e9vitablement aussi \u00e0 toute une s\u00e9rie de r\u00e9actions hostiles, d\u2019enqu\u00eates sur le religieux et sur l\u2019homme, qui amen\u00e8rent l\u2019opinion publique et la m\u00eame \u00e9glise \u00e0 se partager en deux \u00e0 propos de ce fr\u00e8re, auquel on emp\u00eacha pendant un certain temps de dire la messe et <strong><a href=\"https:\/\/www.holyart.fr\/blog\/articles-religieux\/expliquer-confession-a-enfant\/\">d\u2019exercer la confession<\/a><\/strong>. Mais cela ne d\u00e9couragea pas ses d\u00e9vots et ne fit pas cesser les p\u00e8lerinages \u00e0 San Giovanni Rotondo qui, au contraire, s\u2019intensifi\u00e8rent de plus en plus. M\u00eame certains souverains d\u2019Europe lui rendirent visite et naquit, autour de Padre Pio, \u00ab\u00a0saint vivant\u00a0\u00bb, un v\u00e9ritable culte qui se d\u00e9veloppa de mani\u00e8re irr\u00e9versible, surtout apr\u00e8s la Deuxi\u00e8me Guerre Mondiale.<\/p>\n<p>Quand il mourut, le 23 septembre 1968, plus de cent mille personnes particip\u00e8rent \u00e0 ses fun\u00e9railles. D\u00e9clar\u00e9 Bienheureux en 1999, il fut proclam\u00e9 Saint en 2002 par Jean-Paul II avec le nom de Saint Pio de Pietrelcina. Depuis lors, il est f\u00eat\u00e9 le 23 septembre et il est consid\u00e9r\u00e9 comme le saint patron des b\u00e9n\u00e9voles de la protection civile et des adolescents catholiques.<\/p>\n<p>Parmi les nombreux miracles qui lui sont attribu\u00e9s, celui qui lui valut la saintet\u00e9 fut la gu\u00e9rison de Matteo Pio Colella, un enfant de sept ans touch\u00e9 par une m\u00e9ningite bact\u00e9rienne foudroyante et consid\u00e9r\u00e9 sans espoir par les m\u00e9decins. Ses parents, d\u00e9vots \u00e0 Padre Pio, et beaucoup d\u2019autres fid\u00e8les s\u2019activ\u00e8rent et pri\u00e8rent pour lui, en adressant leurs supplications au Fr\u00e8re de Pietrelcina, qui \u00e0 l\u2019\u00e9poque \u00e9tait d\u00e9j\u00e0 mort depuis longtemps. Tant la m\u00e8re de Matteo que l\u2019enfant lui-m\u00eame, une fois sorti du coma, d\u00e9clar\u00e8rent avoir eu une vision de Padre Pio. Le petit se r\u00e9tablit, sortit de l\u2019h\u00f4pital et se remit compl\u00e8tement, contre toute attente.<\/p>\n<p>Beaucoup furent aussi les proph\u00e9ties qu\u2019on lui attribue, dont la plus connue fut probablement celle qui impliqua Karol Wojtyla, futur Pape Jean-Paul II. En 1947, Padre Pio le rencontra et pr\u00e9dit son ascension au Si\u00e8ge pontifical, mais aussi le terrible attentat dont il aurait \u00e9t\u00e9 victime. Il n\u2019y a pas toutefois des preuves qui attestent que le Pape recueillit cette pr\u00e9diction.<\/p>\n<p>Cinquante ans apr\u00e8s sa mort, Padre Pio de Pietrelcina fait toujours l\u2019objet d\u2019une d\u00e9votion populaire surprenante, mais aussi de doutes et de critiques, qui ne jettent toutefois aucune ombre sur l\u2019amour inconditionnelle de ceux qui croient et confient en lui et sur les nombreuses questions li\u00e9es \u00e0 son exp\u00e9rience extraordinaire d\u2019homme et de pr\u00eatre.<\/p>\n<h2>L\u2019ordre des Capucins<\/h2>\n<p>Il est impossible de parler de Padre Pio sans mentionner, ne serait-ce que bri\u00e8vement, les fr\u00e8res mineurs capucins, l\u2019ordre religieux auquel il appartenait. Il s\u2019agit d\u2019un des soi-disant Ordres mendiants, n\u00e9 suite \u00e0 l\u2019exp\u00e9rience et au mod\u00e8le offert par <strong>Saint Fran\u00e7ois<\/strong>. Suivant l\u2019exemple de Saint Fran\u00e7ois, les Capucins pr\u00eachaient en particulier le retour \u00e0 la <strong>pauvret\u00e9 absolue<\/strong> de l\u2019\u00e9glise, une valeur qui, \u00e0 la date de la fondation de l\u2019ordre, autour de 1520, avait \u00e9t\u00e9 un peu perdue. Ce fut <strong>Matthieu de Baschi<\/strong>, un franciscain, qui recueilli autour de lui quelques confr\u00e8res qui partageaient sa pens\u00e9e et son aspiration \u00e0 revenir \u00e0 une vie humble, simple, faite de pri\u00e8re, d\u2019ermitage et de service aux pauvres et aux n\u00e9cessiteux.<\/p>\n<figure id=\"attachment_1322\" aria-describedby=\"caption-attachment-1322\" style=\"width: 300px\" class=\"wp-caption alignright\"><img loading=\"lazy\" decoding=\"async\" class=\"alignright size-medium wp-image-1322\" src=\"https:\/\/blog.holyart.it\/fr\/wp-content\/uploads\/sites\/14\/2019\/03\/statua-san-francesco-170-cm-vetroresina-300x300.jpg\" alt=\"statua-san-francesco-170-cm-vetroresina\" width=\"300\" height=\"300\" \/><figcaption id=\"caption-attachment-1322\" class=\"wp-caption-text\"><center><strong><a href=\"https:\/\/www.holyart.fr\/articles-religieux\/statues\/statues-en-fibre-de-verre\/statue-saint-francois-en-fibre-de-verre-170-cm\">Statue Saint Fran\u00e7ois en fibre de verre 170 cm<\/a><\/strong><br \/><a href=\"https:\/\/www.holyart.fr\/articles-religieux\/statues\/statues-en-fibre-de-verre\/statue-saint-francois-en-fibre-de-verre-170-cm\"><button class=\"bottoneacquista\" style=\"vertical-align: middle;\">Acheter sur Holyart<\/button><\/a><\/center><\/figcaption><\/figure>\n<p>De Baschi et les siens n\u2019\u00e9taient toutefois pas des subversifs. Ils voulaient uniquement pouvoir conduire leur existence humaine et spirituelle selon les <strong>principes de la pauvret\u00e9<\/strong>. Pour cela faire, ils cherch\u00e8rent au d\u00e9but l\u2019hospitalit\u00e9 des moines Camaldules, desquels ils tiennent leur robe \u00e0 la capuche typique dont ils tireront ensuite leur nom. Ensuite, ils obtinrent la permission de vivre comme ermites, dans la pauvret\u00e9 et en pr\u00eachant aux pauvres, et purent se d\u00e9signer comme <strong>Fr\u00e8res mineurs ermites<\/strong>, gr\u00e2ce \u00e0 la note d\u2019approbation\u00a0 \u00ab\u00a0Religionis Zelus\u00a0\u00bb qui leur fut accord\u00e9 par Pape Cl\u00e9ment VII en 1528. L\u2019ordre continua de s\u2019agrandir entre 1600 et 1700 avec la naissance de nombreux couvents, surtout en France, mais aussi dans les missions. Les Capucins se r\u00e9v\u00e9l\u00e8rent en effet de <strong>grands pr\u00eacheurs<\/strong> et, en vertu de ce talent, furent envoy\u00e9s comme missionnaires un peu partout, en faisant beaucoup de pros\u00e9lytes.<\/p>\n<p>Aujourd\u2019hui, les Capucins appartiennent aux trois ordres masculins qui font partie de la <strong>Famille Franciscaine<\/strong> : les Fr\u00e8res Mineurs, les Fr\u00e8res Mineurs Conventuels et, justement, les Fr\u00e8res Mineurs Capucins. La Famille Franciscaine est la famille spirituelle la plus nombreuse et la plus vari\u00e9e de l\u2019\u00c9glise. Elle regroupe fr\u00e8res, s\u0153urs et s\u00e9culiers unis par le charisme de Saint Fran\u00e7ois d\u2019Assise et par la volont\u00e9 de vivre selon ses pr\u00e9ceptes de <strong>pauvret\u00e9<\/strong>, <strong>ob\u00e9issance<\/strong> et <strong>chastet\u00e9<\/strong>. En latin, l\u2019Ordre des Capucins est appel\u00e9 <em>Ordo fratrum minorum capuccinorum<\/em>, dont l\u2019acronyme O.F.M.Cap. est encore utilis\u00e9 aujourd\u2019hui dans certains contextes. En plus de la robe et de la capuche, les Capucins ont \u00ab\u00a0h\u00e9rit\u00e9\u00a0\u00bb des Camaldules la tradition de porter la <strong>barbe<\/strong>. Encore aujourd\u2019hui, les Capucins se caract\u00e9risent par une barbe longue et sauvage, par le typique habit marron clair avec une grande capuche sur les \u00e9paules et par un cordon en guise de ceinture.<\/p>\n<p>Les raisons qui ont fait en sorte que les fr\u00e8res Capucins aient obtenu une telle fortune et bienveillance du peuple, mais aussi, avec le temps, des hi\u00e9rarchies eccl\u00e9siastiques, sont le choix de conduire une <strong>vie simple et pauvre<\/strong>, vou\u00e9e \u00e0 la contemplation et \u00e0 la pri\u00e8re ; leur <strong>habilit\u00e9 de pr\u00eacheurs<\/strong> en vertu d\u2019une profonde empathie, qui leur permettait de se mettre en contact direct avec les personnes, m\u00eame les plus simples et les plus ignorantes, en conduisant le dialogue spirituelle sur un plan compr\u00e9hensible et accessible \u00e0 tous, li\u00e9 aussi aux questions immanentes, aux probl\u00e8mes, aux besoins\u00a0; la volont\u00e9 d\u2019\u00eatre <strong>proches des personnes<\/strong>, de les aider m\u00eame dans les difficult\u00e9s mat\u00e9rielles, d\u2019\u00eatre des \u00ab\u00a0fr\u00e8res du peuple\u00a0\u00bb, fr\u00e8res du monde.<\/p>\n<p>Encore aujourd\u2019hui, le point fort de cet Ordre, outre l\u2019aust\u00e9rit\u00e9 et la saintet\u00e9 de leur vie, est leur capacit\u00e9 \u00e0 s\u2019ins\u00e9rer entre les mailles du tissu locale avec une s\u00e9rie d\u2019initiative vou\u00e9es au bien-\u00eatre de la communaut\u00e9. Leur service n\u2019est pas seulement de l\u2019apostolat religieux, mais \u00e9galement social, avec des r\u00e9alit\u00e9s tourn\u00e9es vers le soin et le bien-\u00eatre des fid\u00e8les, aux \u0153uvres de charit\u00e9 et ainsi de suite. Une pri\u00e8re donc solitaire ou partag\u00e9e avec les fr\u00e8res et les fid\u00e8les, mais aussi la pr\u00e9dication, les confessions (<strong><a href=\"https:\/\/www.holyart.fr\/blog\/saints-et-bienheureux\/padre-pio-priere-preferee\/\">Padre Pio en est un exemple<\/a><\/strong>, vu le nombre impressionnant de confessions qu\u2019on dit qu\u2019il ait recueilli pendant sa vie \u2013 on parle d\u2019environ six cent milles), les groupes de pri\u00e8re, l\u2019\u00e9coute et la guidance spirituelle, souvent li\u00e9s aussi aux paroisses et aux \u00e9glises locales, l\u2019aide aux malades et aux d\u00e9tenus, aux toxicomanes, aux pauvres, mais aussi aux jeunes. Tr\u00e8s nombreuses sont les associations et <strong><a href=\"https:\/\/www.holyart.fr\/blog\/articles-religieux\/pretre-frere-moine\/\">les confr\u00e9ries li\u00e9es aux Fr\u00e8res Capucins<\/a><\/strong> et d\u00e9di\u00e9es \u00e0 des activit\u00e9s b\u00e9n\u00e9voles et d\u2019assistance partout dans le monde. L\u2019activit\u00e9 des missionnaires \u00e0 l\u2019\u00e9tranger n\u2019a pas cess\u00e9 non plus, que ce soit en tant que support pratique (nourriture, m\u00e9dicaments, soins), qu\u2019en tant qu\u2019apostolat spirituelle en Afrique, en Asie et en Am\u00e9rique.<\/p>\n","protected":false},"excerpt":{"rendered":"<p>Qu\u2019est-ce qui rend Padre Pio, connu aujourd\u2019hui comme Saint Pio de Pietrelcina, un personnage si v\u00e9n\u00e9r\u00e9 et c\u00e9l\u00e9br\u00e9 d\u00e9j\u00e0 pendant son existence et, pourtant, \u00e9galement si controvers\u00e9 ? La v\u00e9n\u00e9ration populaire dont il fait l\u2019objet depuis les ann\u00e9es de sa jeunesse est probablement due \u00e0&hellip;<\/p>\n","protected":false},"author":1,"featured_media":1323,"comment_status":"closed","ping_status":"open","sticky":false,"template":"","format":"standard","meta":{"_acf_changed":false,"footnotes":""},"categories":[7],"tags":[],"class_list":["post-1320","post","type-post","status-publish","format-standard","has-post-thumbnail","hentry","category-saints-et-bienheureux"],"acf":[],"yoast_head":"<!-- This site is optimized with the Yoast SEO plugin v26.6 - https:\/\/yoast.com\/wordpress\/plugins\/seo\/ -->\n<title>Padre Pio et l\u2019ordre des Fr\u00e8res Mineurs Capucins - Holyart.fr Blog<\/title>\n<meta name=\"description\" content=\"Padre Pio \u00e9tait un personnage v\u00e9n\u00e9r\u00e9, c\u00e9l\u00e9br\u00e9, mais \u00e9galement discut\u00e9, puisqu&#039;il \u00e9tait en vie, \u00e0 cause des miracles dont il \u00e9tait le protagoniste.\" \/>\n<meta name=\"robots\" content=\"index, follow, max-snippet:-1, max-image-preview:large, max-video-preview:-1\" \/>\n<link rel=\"canonical\" href=\"https:\/\/blog.holyart.it\/fr\/saints-et-bienheureux\/padre-pio-lordre-freres-mineurs-capucins\/\" \/>\n<meta property=\"og:locale\" content=\"fr_FR\" \/>\n<meta property=\"og:type\" content=\"article\" \/>\n<meta property=\"og:title\" content=\"Padre Pio et l\u2019ordre des Fr\u00e8res Mineurs Capucins - Holyart.fr Blog\" \/>\n<meta property=\"og:description\" content=\"Padre Pio \u00e9tait un personnage v\u00e9n\u00e9r\u00e9, c\u00e9l\u00e9br\u00e9, mais \u00e9galement discut\u00e9, puisqu&#039;il \u00e9tait en vie, \u00e0 cause des miracles dont il \u00e9tait le protagoniste.\" \/>\n<meta property=\"og:url\" content=\"https:\/\/blog.holyart.it\/fr\/saints-et-bienheureux\/padre-pio-lordre-freres-mineurs-capucins\/\" \/>\n<meta property=\"og:site_name\" content=\"Holyart.fr Blog\" \/>\n<meta property=\"article:published_time\" content=\"2019-03-12T07:49:29+00:00\" \/>\n<meta property=\"article:modified_time\" content=\"2019-04-11T14:13:13+00:00\" \/>\n<meta property=\"og:image\" content=\"https:\/\/blog.holyart.it\/fr\/wp-content\/uploads\/sites\/14\/2019\/03\/padre-pio-1.jpg\" \/>\n\t<meta property=\"og:image:width\" content=\"1000\" \/>\n\t<meta property=\"og:image:height\" content=\"666\" \/>\n\t<meta property=\"og:image:type\" content=\"image\/jpeg\" \/>\n<meta name=\"author\" content=\"Redazione\" \/>\n<meta name=\"twitter:card\" content=\"summary_large_image\" \/>\n<meta name=\"twitter:label1\" content=\"\u00c9crit par\" \/>\n\t<meta name=\"twitter:data1\" content=\"Redazione\" \/>\n\t<meta name=\"twitter:label2\" content=\"Dur\u00e9e de lecture estim\u00e9e\" \/>\n\t<meta name=\"twitter:data2\" content=\"9 minutes\" \/>\n<script type=\"application\/ld+json\" class=\"yoast-schema-graph\">{\"@context\":\"https:\/\/schema.org\",\"@graph\":[{\"@type\":\"Article\",\"@id\":\"https:\/\/blog.holyart.it\/fr\/saints-et-bienheureux\/padre-pio-lordre-freres-mineurs-capucins\/#article\",\"isPartOf\":{\"@id\":\"https:\/\/blog.holyart.it\/fr\/saints-et-bienheureux\/padre-pio-lordre-freres-mineurs-capucins\/\"},\"author\":{\"name\":\"Redazione\",\"@id\":\"https:\/\/blog.holyart.it\/fr\/#\/schema\/person\/0a7b686e5af0f856ec1e390dd0baecda\"},\"headline\":\"Padre Pio et l\u2019ordre des Fr\u00e8res Mineurs Capucins\",\"datePublished\":\"2019-03-12T07:49:29+00:00\",\"dateModified\":\"2019-04-11T14:13:13+00:00\",\"mainEntityOfPage\":{\"@id\":\"https:\/\/blog.holyart.it\/fr\/saints-et-bienheureux\/padre-pio-lordre-freres-mineurs-capucins\/\"},\"wordCount\":1898,\"publisher\":{\"@id\":\"https:\/\/blog.holyart.it\/fr\/#organization\"},\"image\":{\"@id\":\"https:\/\/blog.holyart.it\/fr\/saints-et-bienheureux\/padre-pio-lordre-freres-mineurs-capucins\/#primaryimage\"},\"thumbnailUrl\":\"https:\/\/blog.holyart.it\/fr\/wp-content\/uploads\/sites\/14\/2019\/03\/padre-pio-1.jpg\",\"articleSection\":[\"Saints et Bienheureux\"],\"inLanguage\":\"fr-FR\"},{\"@type\":\"WebPage\",\"@id\":\"https:\/\/blog.holyart.it\/fr\/saints-et-bienheureux\/padre-pio-lordre-freres-mineurs-capucins\/\",\"url\":\"https:\/\/blog.holyart.it\/fr\/saints-et-bienheureux\/padre-pio-lordre-freres-mineurs-capucins\/\",\"name\":\"Padre Pio et l\u2019ordre des Fr\u00e8res Mineurs Capucins - Holyart.fr Blog\",\"isPartOf\":{\"@id\":\"https:\/\/blog.holyart.it\/fr\/#website\"},\"primaryImageOfPage\":{\"@id\":\"https:\/\/blog.holyart.it\/fr\/saints-et-bienheureux\/padre-pio-lordre-freres-mineurs-capucins\/#primaryimage\"},\"image\":{\"@id\":\"https:\/\/blog.holyart.it\/fr\/saints-et-bienheureux\/padre-pio-lordre-freres-mineurs-capucins\/#primaryimage\"},\"thumbnailUrl\":\"https:\/\/blog.holyart.it\/fr\/wp-content\/uploads\/sites\/14\/2019\/03\/padre-pio-1.jpg\",\"datePublished\":\"2019-03-12T07:49:29+00:00\",\"dateModified\":\"2019-04-11T14:13:13+00:00\",\"description\":\"Padre Pio \u00e9tait un personnage v\u00e9n\u00e9r\u00e9, c\u00e9l\u00e9br\u00e9, mais \u00e9galement discut\u00e9, puisqu'il \u00e9tait en vie, \u00e0 cause des miracles dont il \u00e9tait le protagoniste.\",\"breadcrumb\":{\"@id\":\"https:\/\/blog.holyart.it\/fr\/saints-et-bienheureux\/padre-pio-lordre-freres-mineurs-capucins\/#breadcrumb\"},\"inLanguage\":\"fr-FR\",\"potentialAction\":[{\"@type\":\"ReadAction\",\"target\":[\"https:\/\/blog.holyart.it\/fr\/saints-et-bienheureux\/padre-pio-lordre-freres-mineurs-capucins\/\"]}]},{\"@type\":\"ImageObject\",\"inLanguage\":\"fr-FR\",\"@id\":\"https:\/\/blog.holyart.it\/fr\/saints-et-bienheureux\/padre-pio-lordre-freres-mineurs-capucins\/#primaryimage\",\"url\":\"https:\/\/blog.holyart.it\/fr\/wp-content\/uploads\/sites\/14\/2019\/03\/padre-pio-1.jpg\",\"contentUrl\":\"https:\/\/blog.holyart.it\/fr\/wp-content\/uploads\/sites\/14\/2019\/03\/padre-pio-1.jpg\",\"width\":1000,\"height\":666,\"caption\":\"padre pio\"},{\"@type\":\"BreadcrumbList\",\"@id\":\"https:\/\/blog.holyart.it\/fr\/saints-et-bienheureux\/padre-pio-lordre-freres-mineurs-capucins\/#breadcrumb\",\"itemListElement\":[{\"@type\":\"ListItem\",\"position\":1,\"name\":\"Homepage\",\"item\":\"https:\/\/blog.holyart.it\/fr\/\"},{\"@type\":\"ListItem\",\"position\":2,\"name\":\"Saints et Bienheureux\",\"item\":\"https:\/\/blog.holyart.it\/fr\/saints-et-bienheureux\/\"},{\"@type\":\"ListItem\",\"position\":3,\"name\":\"Padre Pio et l\u2019ordre des Fr\u00e8res Mineurs Capucins\"}]},{\"@type\":\"WebSite\",\"@id\":\"https:\/\/blog.holyart.it\/fr\/#website\",\"url\":\"https:\/\/blog.holyart.it\/fr\/\",\"name\":\"Holyart.fr Blog\",\"description\":\"Holyblog\",\"publisher\":{\"@id\":\"https:\/\/blog.holyart.it\/fr\/#organization\"},\"potentialAction\":[{\"@type\":\"SearchAction\",\"target\":{\"@type\":\"EntryPoint\",\"urlTemplate\":\"https:\/\/blog.holyart.it\/fr\/?s={search_term_string}\"},\"query-input\":{\"@type\":\"PropertyValueSpecification\",\"valueRequired\":true,\"valueName\":\"search_term_string\"}}],\"inLanguage\":\"fr-FR\"},{\"@type\":\"Organization\",\"@id\":\"https:\/\/blog.holyart.it\/fr\/#organization\",\"name\":\"Holyart.fr Blog\",\"url\":\"https:\/\/blog.holyart.it\/fr\/\",\"logo\":{\"@type\":\"ImageObject\",\"inLanguage\":\"fr-FR\",\"@id\":\"https:\/\/blog.holyart.it\/fr\/#\/schema\/logo\/image\/\",\"url\":\"https:\/\/blog.holyart.it\/fr\/wp-content\/uploads\/sites\/14\/2022\/12\/Holyart_Blog_Logo.jpg\",\"contentUrl\":\"https:\/\/blog.holyart.it\/fr\/wp-content\/uploads\/sites\/14\/2022\/12\/Holyart_Blog_Logo.jpg\",\"width\":300,\"height\":50,\"caption\":\"Holyart.fr Blog\"},\"image\":{\"@id\":\"https:\/\/blog.holyart.it\/fr\/#\/schema\/logo\/image\/\"}},{\"@type\":\"Person\",\"@id\":\"https:\/\/blog.holyart.it\/fr\/#\/schema\/person\/0a7b686e5af0f856ec1e390dd0baecda\",\"name\":\"Redazione\",\"image\":{\"@type\":\"ImageObject\",\"inLanguage\":\"fr-FR\",\"@id\":\"https:\/\/blog.holyart.it\/fr\/#\/schema\/person\/image\/\",\"url\":\"https:\/\/secure.gravatar.com\/avatar\/f477da817f43e50d0af36abecd33e3edf826c68299714bdc1057dff3b113f516?s=96&d=mm&r=g\",\"contentUrl\":\"https:\/\/secure.gravatar.com\/avatar\/f477da817f43e50d0af36abecd33e3edf826c68299714bdc1057dff3b113f516?s=96&d=mm&r=g\",\"caption\":\"Redazione\"},\"url\":\"https:\/\/blog.holyart.it\/fr\/author\/admin\/\"}]}<\/script>\n<!-- \/ Yoast SEO plugin. -->","yoast_head_json":{"title":"Padre Pio et l\u2019ordre des Fr\u00e8res Mineurs Capucins - Holyart.fr Blog","description":"Padre Pio \u00e9tait un personnage v\u00e9n\u00e9r\u00e9, c\u00e9l\u00e9br\u00e9, mais \u00e9galement discut\u00e9, puisqu'il \u00e9tait en vie, \u00e0 cause des miracles dont il \u00e9tait le protagoniste.","robots":{"index":"index","follow":"follow","max-snippet":"max-snippet:-1","max-image-preview":"max-image-preview:large","max-video-preview":"max-video-preview:-1"},"canonical":"https:\/\/blog.holyart.it\/fr\/saints-et-bienheureux\/padre-pio-lordre-freres-mineurs-capucins\/","og_locale":"fr_FR","og_type":"article","og_title":"Padre Pio et l\u2019ordre des Fr\u00e8res Mineurs Capucins - Holyart.fr Blog","og_description":"Padre Pio \u00e9tait un personnage v\u00e9n\u00e9r\u00e9, c\u00e9l\u00e9br\u00e9, mais \u00e9galement discut\u00e9, puisqu'il \u00e9tait en vie, \u00e0 cause des miracles dont il \u00e9tait le protagoniste.","og_url":"https:\/\/blog.holyart.it\/fr\/saints-et-bienheureux\/padre-pio-lordre-freres-mineurs-capucins\/","og_site_name":"Holyart.fr Blog","article_published_time":"2019-03-12T07:49:29+00:00","article_modified_time":"2019-04-11T14:13:13+00:00","og_image":[{"width":1000,"height":666,"url":"https:\/\/blog.holyart.it\/fr\/wp-content\/uploads\/sites\/14\/2019\/03\/padre-pio-1.jpg","type":"image\/jpeg"}],"author":"Redazione","twitter_card":"summary_large_image","twitter_misc":{"\u00c9crit par":"Redazione","Dur\u00e9e de lecture estim\u00e9e":"9 minutes"},"schema":{"@context":"https:\/\/schema.org","@graph":[{"@type":"Article","@id":"https:\/\/blog.holyart.it\/fr\/saints-et-bienheureux\/padre-pio-lordre-freres-mineurs-capucins\/#article","isPartOf":{"@id":"https:\/\/blog.holyart.it\/fr\/saints-et-bienheureux\/padre-pio-lordre-freres-mineurs-capucins\/"},"author":{"name":"Redazione","@id":"https:\/\/blog.holyart.it\/fr\/#\/schema\/person\/0a7b686e5af0f856ec1e390dd0baecda"},"headline":"Padre Pio et l\u2019ordre des Fr\u00e8res Mineurs Capucins","datePublished":"2019-03-12T07:49:29+00:00","dateModified":"2019-04-11T14:13:13+00:00","mainEntityOfPage":{"@id":"https:\/\/blog.holyart.it\/fr\/saints-et-bienheureux\/padre-pio-lordre-freres-mineurs-capucins\/"},"wordCount":1898,"publisher":{"@id":"https:\/\/blog.holyart.it\/fr\/#organization"},"image":{"@id":"https:\/\/blog.holyart.it\/fr\/saints-et-bienheureux\/padre-pio-lordre-freres-mineurs-capucins\/#primaryimage"},"thumbnailUrl":"https:\/\/blog.holyart.it\/fr\/wp-content\/uploads\/sites\/14\/2019\/03\/padre-pio-1.jpg","articleSection":["Saints et Bienheureux"],"inLanguage":"fr-FR"},{"@type":"WebPage","@id":"https:\/\/blog.holyart.it\/fr\/saints-et-bienheureux\/padre-pio-lordre-freres-mineurs-capucins\/","url":"https:\/\/blog.holyart.it\/fr\/saints-et-bienheureux\/padre-pio-lordre-freres-mineurs-capucins\/","name":"Padre Pio et l\u2019ordre des Fr\u00e8res Mineurs Capucins - Holyart.fr Blog","isPartOf":{"@id":"https:\/\/blog.holyart.it\/fr\/#website"},"primaryImageOfPage":{"@id":"https:\/\/blog.holyart.it\/fr\/saints-et-bienheureux\/padre-pio-lordre-freres-mineurs-capucins\/#primaryimage"},"image":{"@id":"https:\/\/blog.holyart.it\/fr\/saints-et-bienheureux\/padre-pio-lordre-freres-mineurs-capucins\/#primaryimage"},"thumbnailUrl":"https:\/\/blog.holyart.it\/fr\/wp-content\/uploads\/sites\/14\/2019\/03\/padre-pio-1.jpg","datePublished":"2019-03-12T07:49:29+00:00","dateModified":"2019-04-11T14:13:13+00:00","description":"Padre Pio \u00e9tait un personnage v\u00e9n\u00e9r\u00e9, c\u00e9l\u00e9br\u00e9, mais \u00e9galement discut\u00e9, puisqu'il \u00e9tait en vie, \u00e0 cause des miracles dont il \u00e9tait le protagoniste.","breadcrumb":{"@id":"https:\/\/blog.holyart.it\/fr\/saints-et-bienheureux\/padre-pio-lordre-freres-mineurs-capucins\/#breadcrumb"},"inLanguage":"fr-FR","potentialAction":[{"@type":"ReadAction","target":["https:\/\/blog.holyart.it\/fr\/saints-et-bienheureux\/padre-pio-lordre-freres-mineurs-capucins\/"]}]},{"@type":"ImageObject","inLanguage":"fr-FR","@id":"https:\/\/blog.holyart.it\/fr\/saints-et-bienheureux\/padre-pio-lordre-freres-mineurs-capucins\/#primaryimage","url":"https:\/\/blog.holyart.it\/fr\/wp-content\/uploads\/sites\/14\/2019\/03\/padre-pio-1.jpg","contentUrl":"https:\/\/blog.holyart.it\/fr\/wp-content\/uploads\/sites\/14\/2019\/03\/padre-pio-1.jpg","width":1000,"height":666,"caption":"padre pio"},{"@type":"BreadcrumbList","@id":"https:\/\/blog.holyart.it\/fr\/saints-et-bienheureux\/padre-pio-lordre-freres-mineurs-capucins\/#breadcrumb","itemListElement":[{"@type":"ListItem","position":1,"name":"Homepage","item":"https:\/\/blog.holyart.it\/fr\/"},{"@type":"ListItem","position":2,"name":"Saints et Bienheureux","item":"https:\/\/blog.holyart.it\/fr\/saints-et-bienheureux\/"},{"@type":"ListItem","position":3,"name":"Padre Pio et l\u2019ordre des Fr\u00e8res Mineurs Capucins"}]},{"@type":"WebSite","@id":"https:\/\/blog.holyart.it\/fr\/#website","url":"https:\/\/blog.holyart.it\/fr\/","name":"Holyart.fr Blog","description":"Holyblog","publisher":{"@id":"https:\/\/blog.holyart.it\/fr\/#organization"},"potentialAction":[{"@type":"SearchAction","target":{"@type":"EntryPoint","urlTemplate":"https:\/\/blog.holyart.it\/fr\/?s={search_term_string}"},"query-input":{"@type":"PropertyValueSpecification","valueRequired":true,"valueName":"search_term_string"}}],"inLanguage":"fr-FR"},{"@type":"Organization","@id":"https:\/\/blog.holyart.it\/fr\/#organization","name":"Holyart.fr Blog","url":"https:\/\/blog.holyart.it\/fr\/","logo":{"@type":"ImageObject","inLanguage":"fr-FR","@id":"https:\/\/blog.holyart.it\/fr\/#\/schema\/logo\/image\/","url":"https:\/\/blog.holyart.it\/fr\/wp-content\/uploads\/sites\/14\/2022\/12\/Holyart_Blog_Logo.jpg","contentUrl":"https:\/\/blog.holyart.it\/fr\/wp-content\/uploads\/sites\/14\/2022\/12\/Holyart_Blog_Logo.jpg","width":300,"height":50,"caption":"Holyart.fr Blog"},"image":{"@id":"https:\/\/blog.holyart.it\/fr\/#\/schema\/logo\/image\/"}},{"@type":"Person","@id":"https:\/\/blog.holyart.it\/fr\/#\/schema\/person\/0a7b686e5af0f856ec1e390dd0baecda","name":"Redazione","image":{"@type":"ImageObject","inLanguage":"fr-FR","@id":"https:\/\/blog.holyart.it\/fr\/#\/schema\/person\/image\/","url":"https:\/\/secure.gravatar.com\/avatar\/f477da817f43e50d0af36abecd33e3edf826c68299714bdc1057dff3b113f516?s=96&d=mm&r=g","contentUrl":"https:\/\/secure.gravatar.com\/avatar\/f477da817f43e50d0af36abecd33e3edf826c68299714bdc1057dff3b113f516?s=96&d=mm&r=g","caption":"Redazione"},"url":"https:\/\/blog.holyart.it\/fr\/author\/admin\/"}]}},"_links":{"self":[{"href":"https:\/\/blog.holyart.it\/fr\/wp-json\/wp\/v2\/posts\/1320","targetHints":{"allow":["GET"]}}],"collection":[{"href":"https:\/\/blog.holyart.it\/fr\/wp-json\/wp\/v2\/posts"}],"about":[{"href":"https:\/\/blog.holyart.it\/fr\/wp-json\/wp\/v2\/types\/post"}],"author":[{"embeddable":true,"href":"https:\/\/blog.holyart.it\/fr\/wp-json\/wp\/v2\/users\/1"}],"replies":[{"embeddable":true,"href":"https:\/\/blog.holyart.it\/fr\/wp-json\/wp\/v2\/comments?post=1320"}],"version-history":[{"count":0,"href":"https:\/\/blog.holyart.it\/fr\/wp-json\/wp\/v2\/posts\/1320\/revisions"}],"wp:featuredmedia":[{"embeddable":true,"href":"https:\/\/blog.holyart.it\/fr\/wp-json\/wp\/v2\/media\/1323"}],"wp:attachment":[{"href":"https:\/\/blog.holyart.it\/fr\/wp-json\/wp\/v2\/media?parent=1320"}],"wp:term":[{"taxonomy":"category","embeddable":true,"href":"https:\/\/blog.holyart.it\/fr\/wp-json\/wp\/v2\/categories?post=1320"},{"taxonomy":"post_tag","embeddable":true,"href":"https:\/\/blog.holyart.it\/fr\/wp-json\/wp\/v2\/tags?post=1320"}],"curies":[{"name":"wp","href":"https:\/\/api.w.org\/{rel}","templated":true}]}}