{"id":1313,"date":"2019-03-07T16:15:36","date_gmt":"2019-03-07T15:15:36","guid":{"rendered":"https:\/\/blog.holyart.it\/fr\/?p=1313"},"modified":"2019-04-09T17:36:05","modified_gmt":"2019-04-09T15:36:05","slug":"padre-pio-priere-preferee","status":"publish","type":"post","link":"https:\/\/blog.holyart.it\/fr\/saints-et-bienheureux\/padre-pio-priere-preferee\/","title":{"rendered":"Padre Pio et sa pri\u00e8re pr\u00e9f\u00e9r\u00e9e"},"content":{"rendered":"<p>Padre Pio est une figure qui a \u00e9t\u00e9 tr\u00e8s controvers\u00e9e et longuement discut\u00e9e dans l\u2019\u00c9glise catholique. M\u00eame apr\u00e8s sa <strong>canonisation<\/strong>, qui eut lieu le 16 juin 2002 par Pape Jean-Paul II, son nom a continu\u00e9 de partager l\u2019opinion publique entre ceux qui reconnaissent sa saintet\u00e9 et sa grandeur et ceux qui doutent de certains pouvoirs et manifestations miraculeuses qui lui ont \u00e9t\u00e9 attribu\u00e9s.<\/p>\n<p>Mais le sujet de ce texte n\u2019est pas de savoir si il est opportun de croire ou non le Saint de Pietrelcina. Son existence ax\u00e9e sur la <strong>pri\u00e8re<\/strong>, le <strong>sacrifice<\/strong> et le total <strong>d\u00e9vouement aux autres<\/strong> est un fait et c\u2019est pour cette raison que sa personne a suscit\u00e9 un \u00e9lan de d\u00e9votion si impressionnant, d\u00e9j\u00e0 de son vivant, mais encore plus apr\u00e8s sa mort, survenue en 1968. Dans chaque ville, dans chaque maison catholique, probablement, on trouve aujourd\u2019hui une statue de Padre Pio, une m\u00e9daille, un pendentif, quelque chose qui rappelle ce fr\u00e8re capucin si doux, si gentil, capable d\u2019amener espoir et gu\u00e9rison dans le corps et dans l\u2019\u00e2me la plus exacerb\u00e9e par la souffrance.<\/p>\n<figure id=\"attachment_1314\" aria-describedby=\"caption-attachment-1314\" style=\"width: 300px\" class=\"wp-caption alignright\"><img loading=\"lazy\" decoding=\"async\" class=\"alignright size-medium wp-image-1314\" src=\"https:\/\/blog.holyart.it\/fr\/wp-content\/uploads\/sites\/14\/2019\/03\/Padre-Pio-2-300x300.jpg\" alt=\"Padre Pio (2)\" width=\"300\" height=\"300\" \/><figcaption id=\"caption-attachment-1314\" class=\"wp-caption-text\"><center><strong><a href=\"https:\/\/www.holyart.fr\/articles-religieux\/statues\/statues-en-bois-peint\/statue-bois-st-padre-pio-peinte\">Statue bois St Padre Pio peinte<\/a><\/strong><br \/><a href=\"https:\/\/www.holyart.fr\/articles-religieux\/statues\/statues-en-bois-peint\/statue-bois-st-padre-pio-peinte\"><button class=\"bottoneacquista\" style=\"vertical-align: middle;\">Acheter sur Holyart<\/button><\/a><\/center><\/figcaption><\/figure>\n<p>Ici nous souhaitons nous attarder en particulier sur la pri\u00e8re que Padre Pio r\u00e9citait quand quelqu\u2019un lui demandait, en personne ou par \u00e9crit, de prier pour lui ou pour elle, ou pour un \u00eatre cher. Souvent ces pri\u00e8res dans lesquelles le fr\u00e8re donnait toute sa foi, son amour et son \u00e9nergie spirituelle, produisaient l\u2019effet souhait\u00e9 pour ceux qui les avaient demand\u00e9es, en ayant des r\u00e9sultats surprenants, miraculeux m\u00eame.<\/p>\n<p>Mais cette pri\u00e8re n\u2019a surement pas \u00e9t\u00e9 invent\u00e9e par Padre Pio. En r\u00e9alit\u00e9, il s\u2019agit d\u2019une pri\u00e8re que nous connaissons d\u00e9j\u00e0 et sur laquelle nous nous sommes d\u00e9j\u00e0 attard\u00e9s\u00a0: la <a href=\"https:\/\/www.holyart.fr\/blog\/articles-religieux\/sacre-coeur-de-jesus\/\"><strong>Neuvaine Efficace au Sacr\u00e9-C\u0153ur de J\u00e9sus<\/strong><\/a> compos\u00e9e par <strong>Sainte Marguerite-Marie Alacoque<\/strong>. Marguerite-Marie Alacoque fut une religieuse et mystique fran\u00e7aise qui a v\u00e9cu au XVII si\u00e8cle, qui re\u00e7ut de nombreuses r\u00e9v\u00e9lations par J\u00e9sus et fut une des principales inspiratrices de la d\u00e9votion du <strong>Sacr\u00e9-C\u0153ur de J\u00e9sus<\/strong>. En effet, la pri\u00e8re que Padre Pio avait l\u2019habitude de r\u00e9citer pour aider ceux qui invoquait son aide s\u2019adressait aussi en particulier au Sacr\u00e9-C\u0153ur de J\u00e9sus, un c\u0153ur si bon, si mis\u00e9ricordieux qu\u2019il ne peut surement pas laisser les invocations de ceux qui s\u2019y confient in\u00e9cout\u00e9es.<\/p>\n<p>Comme pour toutes les pri\u00e8res, toutefois, il ne s\u2019agit pas d\u2019une formule magique, d\u2019une litanie stup\u00e9fiante qui, si r\u00e9cit\u00e9e un nombre de fois ad\u00e9quat et avec la bonne intonation, peut avoir des effets miraculeux. Padre Pio la r\u00e9citait de tout son c\u0153ur, avec toute la foi dont sa grande \u00e2me \u00e9tait capable, et c\u2019est ainsi que nous devrions le faire, si nous nous attendons \u00e0 \u00eatre \u00e9cout\u00e9s. Bien que le Sacr\u00e9-C\u0153ur de J\u00e9sus soit en effet infiniment bon et puissant, nous devons toujours nous rappeler que tout ce qui nous arrive et qui pourrait nous arriver dans le futur ressort de la volont\u00e9 de Dieu et fait partie de Son plan pour nous et pour tous les hommes. Et ce n\u2019est qu\u2019en acceptant avec une humilit\u00e9 absolue et une totale conscience de notre petitesse face \u00e0 Lui et \u00e0 Sa volont\u00e9, que nous pouvons esp\u00e9rer \u00eatre \u00e9cout\u00e9s dans nos supplications et satisfaits dans nos petites ou grandes requ\u00eates<\/p>\n<p>Voici la pri\u00e8re de Padre Pio au Sacr\u00e9-C\u0153ur de J\u00e9sus :<\/p>\n<p><em>\u00d4 J\u00e9sus, qui avez dit : \u00ab\u00a0En v\u00e9rit\u00e9, je vous le dis, demandez et vous recevrez, cherchez et vous trouverez, frappez et l&rsquo;on vous ouvrira !\u00a0\u00bb voici que je frappe, je cherche et je demande la gr\u00e2ce&#8230;<br \/>\nPater, Ave, Gloria,<br \/>\nC\u0153ur Sacr\u00e9 de J\u00e9sus, j&rsquo;ai confiance et j&rsquo;esp\u00e8re en vous.<\/em><\/p>\n<p><em>\u00d4 J\u00e9sus, qui avez dit : \u00ab\u00a0En v\u00e9rit\u00e9, je vous le dis, tout ce que vous demanderez \u00e0 mon P\u00e8re en mon Nom, il vous l&rsquo;accordera !\u00a0\u00bb voici qu&rsquo;en votre Nom je demande la gr\u00e2ce&#8230;<br \/>\nPater, Ave, Gloria,<br \/>\nC\u0153ur Sacr\u00e9 de J\u00e9sus, j&rsquo;ai confiance et j&rsquo;esp\u00e8re en vous.<\/em><\/p>\n<p><em>\u00d4 J\u00e9sus, qui avez dit : \u00ab\u00a0En v\u00e9rit\u00e9, je vous le dis, le ciel et la terre passeront, mais mes paroles ne passeront point !\u00a0\u00bb voici qu&rsquo;en m&rsquo;appuyant sur l&rsquo;infaillibilit\u00e9 de vos saintes paroles je demande la gr\u00e2ce&#8230;<br \/>\nPater, Ave, Gloria,<br \/>\nC\u0153ur Sacr\u00e9 de J\u00e9sus, j&rsquo;ai confiance et j&rsquo;esp\u00e8re en vous.<\/em><\/p>\n<p><em>\u00d4 C\u0153ur Sacr\u00e9 de J\u00e9sus, \u00e0 qui il est impossible de ne pas avoir compassion des malheureux, ayez piti\u00e9 de nous, pauvres p\u00e9cheurs, et accordez-nous la gr\u00e2ce que nous vous demandons, par l&rsquo;intercession du C\u0153ur Immacul\u00e9 de Marie, notre tendre M\u00e8re.<\/em><\/p>\n<p><em>Saint Joseph, p\u00e8re adoptif du Sacr\u00e9-C\u0153ur de J\u00e9sus, priez pour nous. <\/em><\/p>\n<h2><strong>Padre Pio et les anges gardiens<\/strong><\/h2>\n<p>Un autre aspect sur lequel nous souhaitons nous attarder concernant la figure de Padre Pio de Pietrelcina est son rapport sp\u00e9cial avec les <a href=\"https:\/\/www.holyart.fr\/articles-religieux\/anges\"><strong>anges<\/strong><\/a> et, en particulier, avec l\u2019<strong>ange gardien<\/strong>. Depuis son enfance, Padre Pio d\u00e9clarait en effet ressentir fortement cette pr\u00e9sence discr\u00e8te et infiniment b\u00e9n\u00e9fique \u00e0 ses c\u00f4t\u00e9s. Dans ses \u00e9crits, il s\u2019adressait \u00e0 l\u2019ange gardien en utilisant diff\u00e9rents appellatifs, surnoms et sobriquets qui nous font comprendre clairement l\u2019\u00e9volution de ce rapport sp\u00e9cial, de l\u2019enfance \u00e0 l\u2019\u00e2ge adulte\u00a0: <em>petit compagnon de mon enfance<\/em>, <em>bon secr\u00e9taire<\/em>, <em>petit ange<\/em>, <em>mon bon ange<\/em>, <em>ins\u00e9parable compagnon<\/em>, c\u00e9leste personnage, <em>\u00e9minent guerrier<\/em>, <em>messager c\u00e9leste<\/em>. Autre part, le fr\u00e8re de Pietrelcina, en parlant de son ange, le d\u00e9finit comme un fr\u00e8re, un ami, un parent.<\/p>\n<p>Toujours en feuilletant les \u00e9crits de Padre Pio, nous nous rendons compte de combien il consid\u00e9rait cette pr\u00e9sence constante, dans sa <strong>lutte quotidienne contre Satan<\/strong> et ses tricheries, dans les questions spirituelles et dans celles purement pratiques. Non seulement\u00a0: le Saint ne manquait pas de recommander \u00e0 ceux qui s\u2019adressaient \u00e0 lui \u00e0 la recherche d\u2019aide et de r\u00e9confort d\u2019en faire autant, de ne pas perdre de vue la pr\u00e9sence de son propre ange et des anges en g\u00e9n\u00e9ral, en tant qu\u2019interm\u00e9diaire entre l\u2019homme et Dieu et aide pr\u00e9cieux envoy\u00e9 du Ciel.<\/p>\n<p>On dit m\u00eame que Padre Pio r\u00e9ussissait \u00e0 <a href=\"https:\/\/www.holyart.fr\/blog\/articles-religieux\/ange-gardien-quil-10-choses-a-savoir\/\"><strong>entrer en contact avec les Anges Gardiens<\/strong><\/a> des personnes qui allaient \u00e0 la recherche de son aide et que cela lui permettait de conna\u00eetre de ces personnes des v\u00e9rit\u00e9s qu\u2019ils avaient pr\u00e9f\u00e9r\u00e9s lui taire.<\/p>\n<p>Mais qu\u2019est-ce qui rendait si sp\u00e9ciaux les anges aux yeux et au c\u0153ur du Saint de Pietrelcina\u00a0?<\/p>\n<p>Padre Pio affirme que l\u2019ange gardien veille constamment sur la personne qui lui est confi\u00e9e d\u00e8s le moment de sa conception. Sa mission, dont il a \u00e9t\u00e9 investi directement par Dieu, est de guider comme un <strong>conducteur<\/strong> \u00e0 travers les \u00e2pres sentiers de la vie son prot\u00e9g\u00e9 ou sa prot\u00e9g\u00e9e, en l\u2019enveloppant avec le bouclier de ses ailes, en soutenant ses pas afin qu\u2019il ou elle ne tr\u00e9buche pas dans<\/p>\n<figure id=\"attachment_1315\" aria-describedby=\"caption-attachment-1315\" style=\"width: 300px\" class=\"wp-caption alignleft\"><img loading=\"lazy\" decoding=\"async\" class=\"alignleft size-medium wp-image-1315\" src=\"https:\/\/blog.holyart.it\/fr\/wp-content\/uploads\/sites\/14\/2019\/03\/chapelet-en-bois-p\u00e8re-pio-300x300.jpg\" alt=\"chapelet en bois p\u00e8re pio\" width=\"300\" height=\"300\" \/><figcaption id=\"caption-attachment-1315\" class=\"wp-caption-text\"><center><strong><a href=\"https:\/\/www.holyart.fr\/articles-religieux\/chapelets-et-etuis-a-chapelet\/chapelets-avec-images\/chapelet-padre-pio-et-christ-misericordieux-bois\">Chapelet Padre Pio et Christ Mis\u00e9ricordieux bois<\/a><\/strong><br \/><a href=\"https:\/\/www.holyart.fr\/articles-religieux\/chapelets-et-etuis-a-chapelet\/chapelets-avec-images\/chapelet-padre-pio-et-christ-misericordieux-bois\"><button class=\"bottoneacquista\" style=\"vertical-align: middle;\">Acheter sur Holyart<\/button><\/a><\/center><\/figcaption><\/figure>\n<p>les pierres et dans les asp\u00e9rit\u00e9s du chemin.<\/p>\n<p>Cette pr\u00e9sence constante et consolatoire ne nous laisse jamais, du berceau au cercueil, en nous pr\u00e9servant du mal et en nous gardant dans la <strong>gr\u00e2ce de J\u00e9sus<\/strong>, m\u00eame quand nous nous trompons, quand nous c\u00e9dons \u00e0 la tentation et nous tombons dans le p\u00e9ch\u00e9. M\u00eame l\u00e0 l\u2019ange gardien reste \u00e0 nos c\u00f4t\u00e9s, selon Padre Pio et, au contraire, <strong>il prie pour nous<\/strong>\u00a0 avec encore plus d\u2019ardeur, pour d\u00e9fendre notre cause aux yeux de Dieu. Parce que c\u2019est aussi et surtout \u00e7a que l\u2019ange gardien fait\u00a0: il prie pour nous, incessamment, et il devient l\u2019<strong>interm\u00e9diaire entre nous et Dieu <\/strong>pour amener \u00e0 Son attention tout le bien que nous faisons, nos bonnes actions, nos meilleures pens\u00e9es, nos pri\u00e8res, nos peurs, nos espoirs.<\/p>\n<p>Pour Padre Pio, les anges ont donc la t\u00e2che de louer et glorifier Dieu et de servir d\u2019interm\u00e9diaire entre Lui et les hommes. Ils doivent \u00e9galement combattre contre le diable, sous toutes ses formes et manifestations, en lui emp\u00eachant de ruiner la vie des hommes et des femmes. Ensuite, les anges gardiens en particulier doivent aussi et surtout <strong>guider et soutenir<\/strong> celui qui est confi\u00e9 \u00e0 leur protection.<\/p>\n<p>De plus, Padre Pio ne faisait qu\u2019exhorter ceux qu\u2019il connaissait et qu\u2019il aimait et tous ceux qui lui \u00e9crivaient ou le rencontraient \u00e0 se rappeler combien ils \u00e9taient chanceux d\u2019avoir leur propre ange gardien et, en g\u00e9n\u00e9ral, tous les anges. Il leur recommandait de ne jamais se lasser de <strong>prier leur ange gardien<\/strong> et sugg\u00e9rer aussi les pri\u00e8res les plus appropri\u00e9es \u00e0 utiliser, comme celle-ci, tr\u00e8s connue :<\/p>\n<p><em>\u00a0\u00ab\u00a0<\/em><em>Que ton bon ange gardien veille toujours sur toi, qu\u2019il te conduise sur les durs sentiers de la vie. Qu\u2019il te garde toujours dans la gr\u00e2ce de J\u00e9sus, qu\u2019il te soutienne de ses mains, afin que ton pied ne heurte les pierres. Qu\u2019il te prot\u00e8ge sous ses ailes contre tous les pi\u00e8ges du monde, du d\u00e9mon et de la chair.\u00a0\u00bb<\/em><\/p>\n","protected":false},"excerpt":{"rendered":"<p>Padre Pio est une figure qui a \u00e9t\u00e9 tr\u00e8s controvers\u00e9e et longuement discut\u00e9e dans l\u2019\u00c9glise catholique. M\u00eame apr\u00e8s sa canonisation, qui eut lieu le 16 juin 2002 par Pape Jean-Paul II, son nom a continu\u00e9 de partager l\u2019opinion publique entre ceux qui reconnaissent sa saintet\u00e9&hellip;<\/p>\n","protected":false},"author":1,"featured_media":1317,"comment_status":"closed","ping_status":"open","sticky":false,"template":"","format":"standard","meta":{"_acf_changed":false,"footnotes":""},"categories":[7],"tags":[],"class_list":["post-1313","post","type-post","status-publish","format-standard","has-post-thumbnail","hentry","category-saints-et-bienheureux"],"acf":[],"yoast_head":"<!-- This site is optimized with the Yoast SEO plugin v26.6 - https:\/\/yoast.com\/wordpress\/plugins\/seo\/ -->\n<title>Padre Pio et sa pri\u00e8re pr\u00e9f\u00e9r\u00e9e - Holyart.fr Blog<\/title>\n<meta name=\"description\" content=\"L\u2019existence de Padre Pio a toujours \u00e9t\u00e9 marqu\u00e9e par la pri\u00e8re, qui a \u00e9t\u00e9 ramen\u00e9e dans l\u2019article, au sacrifice et au d\u00e9vouement total aux autres.\" \/>\n<meta name=\"robots\" content=\"index, follow, max-snippet:-1, max-image-preview:large, max-video-preview:-1\" \/>\n<link rel=\"canonical\" href=\"https:\/\/blog.holyart.it\/fr\/saints-et-bienheureux\/padre-pio-priere-preferee\/\" \/>\n<meta property=\"og:locale\" content=\"fr_FR\" \/>\n<meta property=\"og:type\" content=\"article\" \/>\n<meta property=\"og:title\" content=\"Padre Pio et sa pri\u00e8re pr\u00e9f\u00e9r\u00e9e - Holyart.fr Blog\" \/>\n<meta property=\"og:description\" content=\"L\u2019existence de Padre Pio a toujours \u00e9t\u00e9 marqu\u00e9e par la pri\u00e8re, qui a \u00e9t\u00e9 ramen\u00e9e dans l\u2019article, au sacrifice et au d\u00e9vouement total aux autres.\" \/>\n<meta property=\"og:url\" content=\"https:\/\/blog.holyart.it\/fr\/saints-et-bienheureux\/padre-pio-priere-preferee\/\" \/>\n<meta property=\"og:site_name\" content=\"Holyart.fr Blog\" \/>\n<meta property=\"article:published_time\" content=\"2019-03-07T15:15:36+00:00\" \/>\n<meta property=\"article:modified_time\" content=\"2019-04-09T15:36:05+00:00\" \/>\n<meta property=\"og:image\" content=\"https:\/\/blog.holyart.it\/fr\/wp-content\/uploads\/sites\/14\/2019\/03\/padre-pio.jpg\" \/>\n\t<meta property=\"og:image:width\" content=\"1000\" \/>\n\t<meta property=\"og:image:height\" content=\"666\" \/>\n\t<meta property=\"og:image:type\" content=\"image\/jpeg\" \/>\n<meta name=\"author\" content=\"Redazione\" \/>\n<meta name=\"twitter:card\" content=\"summary_large_image\" \/>\n<meta name=\"twitter:label1\" content=\"\u00c9crit par\" \/>\n\t<meta name=\"twitter:data1\" content=\"Redazione\" \/>\n\t<meta name=\"twitter:label2\" content=\"Dur\u00e9e de lecture estim\u00e9e\" \/>\n\t<meta name=\"twitter:data2\" content=\"8 minutes\" \/>\n<script type=\"application\/ld+json\" class=\"yoast-schema-graph\">{\"@context\":\"https:\/\/schema.org\",\"@graph\":[{\"@type\":\"Article\",\"@id\":\"https:\/\/blog.holyart.it\/fr\/saints-et-bienheureux\/padre-pio-priere-preferee\/#article\",\"isPartOf\":{\"@id\":\"https:\/\/blog.holyart.it\/fr\/saints-et-bienheureux\/padre-pio-priere-preferee\/\"},\"author\":{\"name\":\"Redazione\",\"@id\":\"https:\/\/blog.holyart.it\/fr\/#\/schema\/person\/0a7b686e5af0f856ec1e390dd0baecda\"},\"headline\":\"Padre Pio et sa pri\u00e8re pr\u00e9f\u00e9r\u00e9e\",\"datePublished\":\"2019-03-07T15:15:36+00:00\",\"dateModified\":\"2019-04-09T15:36:05+00:00\",\"mainEntityOfPage\":{\"@id\":\"https:\/\/blog.holyart.it\/fr\/saints-et-bienheureux\/padre-pio-priere-preferee\/\"},\"wordCount\":1642,\"publisher\":{\"@id\":\"https:\/\/blog.holyart.it\/fr\/#organization\"},\"image\":{\"@id\":\"https:\/\/blog.holyart.it\/fr\/saints-et-bienheureux\/padre-pio-priere-preferee\/#primaryimage\"},\"thumbnailUrl\":\"https:\/\/blog.holyart.it\/fr\/wp-content\/uploads\/sites\/14\/2019\/03\/padre-pio.jpg\",\"articleSection\":[\"Saints et Bienheureux\"],\"inLanguage\":\"fr-FR\"},{\"@type\":\"WebPage\",\"@id\":\"https:\/\/blog.holyart.it\/fr\/saints-et-bienheureux\/padre-pio-priere-preferee\/\",\"url\":\"https:\/\/blog.holyart.it\/fr\/saints-et-bienheureux\/padre-pio-priere-preferee\/\",\"name\":\"Padre Pio et sa pri\u00e8re pr\u00e9f\u00e9r\u00e9e - Holyart.fr Blog\",\"isPartOf\":{\"@id\":\"https:\/\/blog.holyart.it\/fr\/#website\"},\"primaryImageOfPage\":{\"@id\":\"https:\/\/blog.holyart.it\/fr\/saints-et-bienheureux\/padre-pio-priere-preferee\/#primaryimage\"},\"image\":{\"@id\":\"https:\/\/blog.holyart.it\/fr\/saints-et-bienheureux\/padre-pio-priere-preferee\/#primaryimage\"},\"thumbnailUrl\":\"https:\/\/blog.holyart.it\/fr\/wp-content\/uploads\/sites\/14\/2019\/03\/padre-pio.jpg\",\"datePublished\":\"2019-03-07T15:15:36+00:00\",\"dateModified\":\"2019-04-09T15:36:05+00:00\",\"description\":\"L\u2019existence de Padre Pio a toujours \u00e9t\u00e9 marqu\u00e9e par la pri\u00e8re, qui a \u00e9t\u00e9 ramen\u00e9e dans l\u2019article, au sacrifice et au d\u00e9vouement total aux autres.\",\"breadcrumb\":{\"@id\":\"https:\/\/blog.holyart.it\/fr\/saints-et-bienheureux\/padre-pio-priere-preferee\/#breadcrumb\"},\"inLanguage\":\"fr-FR\",\"potentialAction\":[{\"@type\":\"ReadAction\",\"target\":[\"https:\/\/blog.holyart.it\/fr\/saints-et-bienheureux\/padre-pio-priere-preferee\/\"]}]},{\"@type\":\"ImageObject\",\"inLanguage\":\"fr-FR\",\"@id\":\"https:\/\/blog.holyart.it\/fr\/saints-et-bienheureux\/padre-pio-priere-preferee\/#primaryimage\",\"url\":\"https:\/\/blog.holyart.it\/fr\/wp-content\/uploads\/sites\/14\/2019\/03\/padre-pio.jpg\",\"contentUrl\":\"https:\/\/blog.holyart.it\/fr\/wp-content\/uploads\/sites\/14\/2019\/03\/padre-pio.jpg\",\"width\":1000,\"height\":666,\"caption\":\"padre pio\"},{\"@type\":\"BreadcrumbList\",\"@id\":\"https:\/\/blog.holyart.it\/fr\/saints-et-bienheureux\/padre-pio-priere-preferee\/#breadcrumb\",\"itemListElement\":[{\"@type\":\"ListItem\",\"position\":1,\"name\":\"Homepage\",\"item\":\"https:\/\/blog.holyart.it\/fr\/\"},{\"@type\":\"ListItem\",\"position\":2,\"name\":\"Saints et Bienheureux\",\"item\":\"https:\/\/blog.holyart.it\/fr\/saints-et-bienheureux\/\"},{\"@type\":\"ListItem\",\"position\":3,\"name\":\"Padre Pio et sa pri\u00e8re pr\u00e9f\u00e9r\u00e9e\"}]},{\"@type\":\"WebSite\",\"@id\":\"https:\/\/blog.holyart.it\/fr\/#website\",\"url\":\"https:\/\/blog.holyart.it\/fr\/\",\"name\":\"Holyart.fr Blog\",\"description\":\"Holyblog\",\"publisher\":{\"@id\":\"https:\/\/blog.holyart.it\/fr\/#organization\"},\"potentialAction\":[{\"@type\":\"SearchAction\",\"target\":{\"@type\":\"EntryPoint\",\"urlTemplate\":\"https:\/\/blog.holyart.it\/fr\/?s={search_term_string}\"},\"query-input\":{\"@type\":\"PropertyValueSpecification\",\"valueRequired\":true,\"valueName\":\"search_term_string\"}}],\"inLanguage\":\"fr-FR\"},{\"@type\":\"Organization\",\"@id\":\"https:\/\/blog.holyart.it\/fr\/#organization\",\"name\":\"Holyart.fr Blog\",\"url\":\"https:\/\/blog.holyart.it\/fr\/\",\"logo\":{\"@type\":\"ImageObject\",\"inLanguage\":\"fr-FR\",\"@id\":\"https:\/\/blog.holyart.it\/fr\/#\/schema\/logo\/image\/\",\"url\":\"https:\/\/blog.holyart.it\/fr\/wp-content\/uploads\/sites\/14\/2022\/12\/Holyart_Blog_Logo.jpg\",\"contentUrl\":\"https:\/\/blog.holyart.it\/fr\/wp-content\/uploads\/sites\/14\/2022\/12\/Holyart_Blog_Logo.jpg\",\"width\":300,\"height\":50,\"caption\":\"Holyart.fr Blog\"},\"image\":{\"@id\":\"https:\/\/blog.holyart.it\/fr\/#\/schema\/logo\/image\/\"}},{\"@type\":\"Person\",\"@id\":\"https:\/\/blog.holyart.it\/fr\/#\/schema\/person\/0a7b686e5af0f856ec1e390dd0baecda\",\"name\":\"Redazione\",\"image\":{\"@type\":\"ImageObject\",\"inLanguage\":\"fr-FR\",\"@id\":\"https:\/\/blog.holyart.it\/fr\/#\/schema\/person\/image\/\",\"url\":\"https:\/\/secure.gravatar.com\/avatar\/f477da817f43e50d0af36abecd33e3edf826c68299714bdc1057dff3b113f516?s=96&d=mm&r=g\",\"contentUrl\":\"https:\/\/secure.gravatar.com\/avatar\/f477da817f43e50d0af36abecd33e3edf826c68299714bdc1057dff3b113f516?s=96&d=mm&r=g\",\"caption\":\"Redazione\"},\"url\":\"https:\/\/blog.holyart.it\/fr\/author\/admin\/\"}]}<\/script>\n<!-- \/ Yoast SEO plugin. -->","yoast_head_json":{"title":"Padre Pio et sa pri\u00e8re pr\u00e9f\u00e9r\u00e9e - Holyart.fr Blog","description":"L\u2019existence de Padre Pio a toujours \u00e9t\u00e9 marqu\u00e9e par la pri\u00e8re, qui a \u00e9t\u00e9 ramen\u00e9e dans l\u2019article, au sacrifice et au d\u00e9vouement total aux autres.","robots":{"index":"index","follow":"follow","max-snippet":"max-snippet:-1","max-image-preview":"max-image-preview:large","max-video-preview":"max-video-preview:-1"},"canonical":"https:\/\/blog.holyart.it\/fr\/saints-et-bienheureux\/padre-pio-priere-preferee\/","og_locale":"fr_FR","og_type":"article","og_title":"Padre Pio et sa pri\u00e8re pr\u00e9f\u00e9r\u00e9e - Holyart.fr Blog","og_description":"L\u2019existence de Padre Pio a toujours \u00e9t\u00e9 marqu\u00e9e par la pri\u00e8re, qui a \u00e9t\u00e9 ramen\u00e9e dans l\u2019article, au sacrifice et au d\u00e9vouement total aux autres.","og_url":"https:\/\/blog.holyart.it\/fr\/saints-et-bienheureux\/padre-pio-priere-preferee\/","og_site_name":"Holyart.fr Blog","article_published_time":"2019-03-07T15:15:36+00:00","article_modified_time":"2019-04-09T15:36:05+00:00","og_image":[{"width":1000,"height":666,"url":"https:\/\/blog.holyart.it\/fr\/wp-content\/uploads\/sites\/14\/2019\/03\/padre-pio.jpg","type":"image\/jpeg"}],"author":"Redazione","twitter_card":"summary_large_image","twitter_misc":{"\u00c9crit par":"Redazione","Dur\u00e9e de lecture estim\u00e9e":"8 minutes"},"schema":{"@context":"https:\/\/schema.org","@graph":[{"@type":"Article","@id":"https:\/\/blog.holyart.it\/fr\/saints-et-bienheureux\/padre-pio-priere-preferee\/#article","isPartOf":{"@id":"https:\/\/blog.holyart.it\/fr\/saints-et-bienheureux\/padre-pio-priere-preferee\/"},"author":{"name":"Redazione","@id":"https:\/\/blog.holyart.it\/fr\/#\/schema\/person\/0a7b686e5af0f856ec1e390dd0baecda"},"headline":"Padre Pio et sa pri\u00e8re pr\u00e9f\u00e9r\u00e9e","datePublished":"2019-03-07T15:15:36+00:00","dateModified":"2019-04-09T15:36:05+00:00","mainEntityOfPage":{"@id":"https:\/\/blog.holyart.it\/fr\/saints-et-bienheureux\/padre-pio-priere-preferee\/"},"wordCount":1642,"publisher":{"@id":"https:\/\/blog.holyart.it\/fr\/#organization"},"image":{"@id":"https:\/\/blog.holyart.it\/fr\/saints-et-bienheureux\/padre-pio-priere-preferee\/#primaryimage"},"thumbnailUrl":"https:\/\/blog.holyart.it\/fr\/wp-content\/uploads\/sites\/14\/2019\/03\/padre-pio.jpg","articleSection":["Saints et Bienheureux"],"inLanguage":"fr-FR"},{"@type":"WebPage","@id":"https:\/\/blog.holyart.it\/fr\/saints-et-bienheureux\/padre-pio-priere-preferee\/","url":"https:\/\/blog.holyart.it\/fr\/saints-et-bienheureux\/padre-pio-priere-preferee\/","name":"Padre Pio et sa pri\u00e8re pr\u00e9f\u00e9r\u00e9e - Holyart.fr Blog","isPartOf":{"@id":"https:\/\/blog.holyart.it\/fr\/#website"},"primaryImageOfPage":{"@id":"https:\/\/blog.holyart.it\/fr\/saints-et-bienheureux\/padre-pio-priere-preferee\/#primaryimage"},"image":{"@id":"https:\/\/blog.holyart.it\/fr\/saints-et-bienheureux\/padre-pio-priere-preferee\/#primaryimage"},"thumbnailUrl":"https:\/\/blog.holyart.it\/fr\/wp-content\/uploads\/sites\/14\/2019\/03\/padre-pio.jpg","datePublished":"2019-03-07T15:15:36+00:00","dateModified":"2019-04-09T15:36:05+00:00","description":"L\u2019existence de Padre Pio a toujours \u00e9t\u00e9 marqu\u00e9e par la pri\u00e8re, qui a \u00e9t\u00e9 ramen\u00e9e dans l\u2019article, au sacrifice et au d\u00e9vouement total aux autres.","breadcrumb":{"@id":"https:\/\/blog.holyart.it\/fr\/saints-et-bienheureux\/padre-pio-priere-preferee\/#breadcrumb"},"inLanguage":"fr-FR","potentialAction":[{"@type":"ReadAction","target":["https:\/\/blog.holyart.it\/fr\/saints-et-bienheureux\/padre-pio-priere-preferee\/"]}]},{"@type":"ImageObject","inLanguage":"fr-FR","@id":"https:\/\/blog.holyart.it\/fr\/saints-et-bienheureux\/padre-pio-priere-preferee\/#primaryimage","url":"https:\/\/blog.holyart.it\/fr\/wp-content\/uploads\/sites\/14\/2019\/03\/padre-pio.jpg","contentUrl":"https:\/\/blog.holyart.it\/fr\/wp-content\/uploads\/sites\/14\/2019\/03\/padre-pio.jpg","width":1000,"height":666,"caption":"padre pio"},{"@type":"BreadcrumbList","@id":"https:\/\/blog.holyart.it\/fr\/saints-et-bienheureux\/padre-pio-priere-preferee\/#breadcrumb","itemListElement":[{"@type":"ListItem","position":1,"name":"Homepage","item":"https:\/\/blog.holyart.it\/fr\/"},{"@type":"ListItem","position":2,"name":"Saints et Bienheureux","item":"https:\/\/blog.holyart.it\/fr\/saints-et-bienheureux\/"},{"@type":"ListItem","position":3,"name":"Padre Pio et sa pri\u00e8re pr\u00e9f\u00e9r\u00e9e"}]},{"@type":"WebSite","@id":"https:\/\/blog.holyart.it\/fr\/#website","url":"https:\/\/blog.holyart.it\/fr\/","name":"Holyart.fr Blog","description":"Holyblog","publisher":{"@id":"https:\/\/blog.holyart.it\/fr\/#organization"},"potentialAction":[{"@type":"SearchAction","target":{"@type":"EntryPoint","urlTemplate":"https:\/\/blog.holyart.it\/fr\/?s={search_term_string}"},"query-input":{"@type":"PropertyValueSpecification","valueRequired":true,"valueName":"search_term_string"}}],"inLanguage":"fr-FR"},{"@type":"Organization","@id":"https:\/\/blog.holyart.it\/fr\/#organization","name":"Holyart.fr Blog","url":"https:\/\/blog.holyart.it\/fr\/","logo":{"@type":"ImageObject","inLanguage":"fr-FR","@id":"https:\/\/blog.holyart.it\/fr\/#\/schema\/logo\/image\/","url":"https:\/\/blog.holyart.it\/fr\/wp-content\/uploads\/sites\/14\/2022\/12\/Holyart_Blog_Logo.jpg","contentUrl":"https:\/\/blog.holyart.it\/fr\/wp-content\/uploads\/sites\/14\/2022\/12\/Holyart_Blog_Logo.jpg","width":300,"height":50,"caption":"Holyart.fr Blog"},"image":{"@id":"https:\/\/blog.holyart.it\/fr\/#\/schema\/logo\/image\/"}},{"@type":"Person","@id":"https:\/\/blog.holyart.it\/fr\/#\/schema\/person\/0a7b686e5af0f856ec1e390dd0baecda","name":"Redazione","image":{"@type":"ImageObject","inLanguage":"fr-FR","@id":"https:\/\/blog.holyart.it\/fr\/#\/schema\/person\/image\/","url":"https:\/\/secure.gravatar.com\/avatar\/f477da817f43e50d0af36abecd33e3edf826c68299714bdc1057dff3b113f516?s=96&d=mm&r=g","contentUrl":"https:\/\/secure.gravatar.com\/avatar\/f477da817f43e50d0af36abecd33e3edf826c68299714bdc1057dff3b113f516?s=96&d=mm&r=g","caption":"Redazione"},"url":"https:\/\/blog.holyart.it\/fr\/author\/admin\/"}]}},"_links":{"self":[{"href":"https:\/\/blog.holyart.it\/fr\/wp-json\/wp\/v2\/posts\/1313","targetHints":{"allow":["GET"]}}],"collection":[{"href":"https:\/\/blog.holyart.it\/fr\/wp-json\/wp\/v2\/posts"}],"about":[{"href":"https:\/\/blog.holyart.it\/fr\/wp-json\/wp\/v2\/types\/post"}],"author":[{"embeddable":true,"href":"https:\/\/blog.holyart.it\/fr\/wp-json\/wp\/v2\/users\/1"}],"replies":[{"embeddable":true,"href":"https:\/\/blog.holyart.it\/fr\/wp-json\/wp\/v2\/comments?post=1313"}],"version-history":[{"count":0,"href":"https:\/\/blog.holyart.it\/fr\/wp-json\/wp\/v2\/posts\/1313\/revisions"}],"wp:featuredmedia":[{"embeddable":true,"href":"https:\/\/blog.holyart.it\/fr\/wp-json\/wp\/v2\/media\/1317"}],"wp:attachment":[{"href":"https:\/\/blog.holyart.it\/fr\/wp-json\/wp\/v2\/media?parent=1313"}],"wp:term":[{"taxonomy":"category","embeddable":true,"href":"https:\/\/blog.holyart.it\/fr\/wp-json\/wp\/v2\/categories?post=1313"},{"taxonomy":"post_tag","embeddable":true,"href":"https:\/\/blog.holyart.it\/fr\/wp-json\/wp\/v2\/tags?post=1313"}],"curies":[{"name":"wp","href":"https:\/\/api.w.org\/{rel}","templated":true}]}}