{"id":1308,"date":"2019-03-05T15:15:43","date_gmt":"2019-03-05T14:15:43","guid":{"rendered":"https:\/\/blog.holyart.it\/fr\/?p=1308"},"modified":"2022-10-12T17:56:03","modified_gmt":"2022-10-12T15:56:03","slug":"pretre-frere-moine","status":"publish","type":"post","link":"https:\/\/blog.holyart.it\/fr\/articles-religieux\/pretre-frere-moine\/","title":{"rendered":"Pr\u00eatre, fr\u00e8re et moine : trois termes que l\u2019on confond souvent"},"content":{"rendered":"<p>Nous avons souvent tendance \u00e0 confondre entre eux les termes <strong>pr\u00eatre<\/strong>, <strong>moine<\/strong> et <strong>fr\u00e8re<\/strong>.<\/p>\n<p>Une confusion l\u00e9gitime, puisque ces trois figures de religieux ont beaucoup de choses en commun et que souvent les diff\u00e9rences qui les distinguent sont incertaines. Sans compter qu\u2019un moine ou un fr\u00e8re peuvent \u00e9galement \u00eatre aussi pr\u00eatres, puisque le r\u00f4le de pr\u00eatre est d\u00e9fini en effet par la possibilit\u00e9 ou pas d\u2019accomplir le Myst\u00e8re sacerdotal, c\u2019est-\u00e0-dire d\u2019\u00eatre consacr\u00e9 pour devenir un ministre du culte et pour avoir la <strong>facult\u00e9 de donner les sacrements<\/strong>.<\/p>\n<p>Mais voyons plus dans les d\u00e9tails ce qui diff\u00e9rencie ces trois figures.<\/p>\n<h2>Le Pr\u00eatre<\/h2>\n<p>Pour la religion chr\u00e9tienne catholique, le Pr\u00eatre est le ministre du culte, le guide spirituel consacr\u00e9 pour prot\u00e9ger le troupeau de J\u00e9sus et le conduire au salut. Il s\u2019agit donc de pr\u00eatres, \u00e9v\u00eaques et de tous ceux qui, dans la hi\u00e9rarchie cl\u00e9ricale, ont re\u00e7u l\u2019appel, ont \u00e9t\u00e9 consacr\u00e9 et ont choisi de mettre leurs existences au service de l\u2019\u00e9glise. Le Pr\u00eatre est celui qui peut c\u00e9l\u00e9brer la messe et <strong><a href=\"https:\/\/www.holyart.fr\/blog\/occasions-speciales\/les-sept-sacrements\/\">donner les saints sacrements<\/a><\/strong>, mais il est avant tout une personne de r\u00e9f\u00e9rence, un guide en effet, comme recommand\u00e9 par J\u00e9sus \u00e0 ses disciples. Le terme Sacerdoce, ancien synonyme de Pr\u00eatre, d\u00e9rive du mot latin <em>sacer<\/em>, \u00ab\u00a0sacr\u00e9\u00a0\u00bb, uni \u00e0 la racine indoeurop\u00e9enne <em>*dh\u0113-<\/em> \u00ab\u00a0faire\u00a0\u00bb. Dans l\u2019antiquit\u00e9 donc, le Sacerdoce \u00e9tait celui qui \u00ab\u00a0fait les rites sacr\u00e9s\u00a0\u00bb, qui offre des sacrifices aux divinit\u00e9s, qui devient l\u2019interm\u00e9diaire entre Dieu et les hommes. Il s\u2019agit d\u2019un r\u00f4le d\u00e9j\u00e0 pr\u00e9sent dans toutes les anciennes civilisations et dans les religions du pass\u00e9 avec des caract\u00e9ristiques et des noms diff\u00e9rents, comme Pr\u00eatre pr\u00e9cis\u00e9ment. Toutefois, en g\u00e9n\u00e9ral, il s\u2019agissait d\u2019un homme capable, par vocation et \u00e9tudes, de prononcer les bons mots, les formules ou les pri\u00e8res correctes pour parler avec Dieu et investi par Dieu de la facult\u00e9 d\u2019offrir des sacrifices au nom du peuple.<\/p>\n<p>Pour les juifs, le Grand-pr\u00eatre \u00e9tait le seul \u00e0 pouvoir entrer dans le Temple et s\u2019occuper de l\u2019Arche de l\u2019Alliance. Il devait appartenir \u00e0 la tribu des L\u00e9vites, qui ne poss\u00e9daient pas de terre, puisque leur demeure \u00e9tait le Temple. Pour les juifs le Pr\u00eatre \u00e9tait donc aussi l\u2019interm\u00e9diaire entre Dieu et les hommes, comme pour toutes les autres principales religions du pass\u00e9. Cela changea avec l\u2019arriv\u00e9e de J\u00e9sus. J\u00e9sus, en mourant sur la croix pour le salut de tous les hommes, est devenu l\u2019interm\u00e9diaire entre eux et le P\u00e8re, en rendant superflue la figure du Pr\u00eatre comme il \u00e9tait con\u00e7u avant Lui. Le <strong><a href=\"https:\/\/www.holyart.fr\/occasions-speciales\/bapteme\">Bapt\u00eam<\/a><\/strong>e rend chacun de nous un Pr\u00eatre, investi de la facult\u00e9 de parler avec Dieu, de s\u2019adresser directement \u00e0 Lui. Il s\u2019agit du <em>sacerdoce commun<\/em>, ainsi d\u00e9fini pour le distinguer du <em>sacerdoce minist\u00e9riel<\/em>, qui est celui avec lequel sont investis pr\u00eatres, \u00e9v\u00eaques et ainsi de suite. Pour l\u2019\u00c9glise catholique, on peut en effet consid\u00e9rer comme Pr\u00eatre (minist\u00e9riel) celui qui a re\u00e7u le deuxi\u00e8me ou le troisi\u00e8me degr\u00e9 du sacrement de l\u2019Ordre. Le Diacre n\u2019est donc pas un Pr\u00eatre, tandis que le presbytre (pr\u00eatre) et l\u2019\u00e9v\u00eaque le sont en tout et pour tout.<\/p>\n<p>Mais si donc nous tous sommes pr\u00eatres en vertu du Bapt\u00eame, \u00e0 quoi servent-ils les pr\u00eatres proprement dits, les cur\u00e9s, l\u2019\u00e9v\u00eaque, le Pape ? Ils ont le r\u00f4le que J\u00e9sus donna \u00e0 ses disciples et \u00e0 ses ap\u00f4tres, de guides, de protecteurs, de bergers d\u2019un troupeau. Le Pr\u00eatre porte la Parole de Dieu parmi les fid\u00e8les, il l\u2019explique et il l\u2019interpr\u00e8te dans ses passages les plus obscurs et, entre temps, il conseille et conforte, encourage et apaise, r\u00e9primande quand n\u00e9cessaire. Son r\u00f4le se rapproche \u00e0 celui de J\u00e9sus, chef de l\u2019\u00c9glise, Bon Pasteur, Fr\u00e8re parmi les fr\u00e8res.<\/p>\n<h2>Le Moine<\/h2>\n<p>La figure du <strong>Moine<\/strong> nait dans le premier Moyen \u00c2ge, quand la chute de l\u2019Empire romain avait jet\u00e9 le continent europ\u00e9en dans une \u00e9poque d\u2019incertitude et de danger constant. La furie de barbares, la pertes des valeurs et des lois qui avaient r\u00e9gi l\u2019Empire le plus grand et le plus puissant jamais exist\u00e9, rendaient la vie des hommes et des femmes dramatique. Dans ce contexte, beaucoup cherch\u00e8rent r\u00e9confort dans la foi, en choisissant d\u2019embrasser un style de vie asc\u00e9tique et solitaire, en abandonnant le monde pour vivre dans des grottes inhospitali\u00e8res, ou dans de denses for\u00eats, ou dans des lieux inaccessibles, o\u00f9 ils se d\u00e9diaient exclusivement \u00e0 la pri\u00e8re et \u00e0 la vie contemplative.<\/p>\n<p>Ce choix extr\u00eame d\u00e9rive de l\u2019exp\u00e9rience des <strong>asc\u00e8tes orientaux<\/strong>, qui cherchaient \u00e0 s\u2019approcher davantage de Dieu et \u00e0 s\u2019\u00e9lever \u00e0 la saintet\u00e9 \u00e0 travers l\u2019isolement total et une existence de pauvret\u00e9 et de mortification de la chair sous ses formes les plus extr\u00eames. Pensons par exemple aux P\u00e8res du d\u00e9serts, aux ermites, aux anachor\u00e8tes, aux c\u00e9nobites, qui se r\u00e9unissaient par petits groupes et vivaient selon une r\u00e8gle commune, mais qui maintenaient \u00e9galement l\u2019isolement spirituel.<\/p>\n<p>Le Moine du d\u00e9but du Moyen \u00c2ge est donc celui qui vit seul, en priant, en souffrant et en expiant de cette mani\u00e8re les fautes du monde entier. Le terme Moine d\u00e9rive en effet de <em>monachos<\/em>, form\u00e9 par <em>monos<\/em> (seul) et <em>achos<\/em> (douleur). Une vie vou\u00e9e \u00e0 la souffrance donc, \u00e0 la p\u00e9nitence comme instrument de r\u00e9demption pour soi-m\u00eame, mais surtout pour les p\u00e9cheurs du monde entier. Une connotation qui est rest\u00e9e li\u00e9e au terme Moine, qui pour une bonne partie du Moyen \u00c2ge continue \u00e0 indiquer des hommes vivant seuls ou regroup\u00e9s dans des couvents ou des monast\u00e8res, o\u00f9 ils se d\u00e9diaient exclusivement \u00e0 la pri\u00e8re, \u00e0 la p\u00e9nitence et \u00e0 la vie contemplative.<\/p>\n<p>Entre le IV et le VIII si\u00e8cle, toutefois, la conception du monachisme import\u00e9e en Occident subira une \u00e9volution.<\/p>\n<p><a href=\"https:\/\/www.holyart.fr\/blog\/saints-et-bienheureux\/neuvaine-a-saint-benoit\/\"><strong>Saint Beno\u00eet de Nursie<\/strong><\/a>, fondateur de l\u2019ordre religieux le plus ancien d\u2019Occident,<\/p>\n<figure id=\"attachment_1309\" aria-describedby=\"caption-attachment-1309\" style=\"width: 300px\" class=\"wp-caption alignright\"><img loading=\"lazy\" decoding=\"async\" class=\"alignright size-medium wp-image-1309\" src=\"https:\/\/blog.holyart.it\/fr\/wp-content\/uploads\/sites\/14\/2019\/03\/Saint-Beno\u00eet-1-300x300.jpg\" alt=\"Saint Beno\u00eet\" width=\"300\" height=\"300\" \/><figcaption id=\"caption-attachment-1309\" class=\"wp-caption-text\"><center><strong><a href=\"https:\/\/www.holyart.fr\/articles-religieux\/statues\/statues-en-bois-peint\/saint-benoit-colore-val-gardena\">Saint Beno\u00eet color\u00e9 Val Gardena<\/a><\/strong><br \/><a href=\"https:\/\/www.holyart.fr\/articles-religieux\/statues\/statues-en-bois-peint\/saint-benoit-colore-val-gardena\"><button class=\"bottoneacquista\" style=\"vertical-align: middle;\">Acheter sur Holyart<\/button><\/a><\/center><\/figcaption><\/figure>\n<p>les b\u00e9n\u00e9dictins, d\u00e9buta son exp\u00e9rience religieuse en tant qu\u2019ermite, en vivant trois ans en solitaire et en priant dans une grotte pr\u00e8s de Subiaco. Ensuite, il m\u00fbrit l\u2019id\u00e9e que ceux qui souhaitaient d\u00e9dier leur vie \u00e0 Dieu pouvaient le faire en \u0153uvrant d\u2019autres mani\u00e8res aussi. C\u2019est \u00e0 lui que nous devons la conception du monachisme occidental tel que nous le connaissons aujourd\u2019hui, en plus de la fondation de l\u2019ordre b\u00e9n\u00e9dictin et de la Basilique de Mont-Cassin, premier exemple d\u2019abbaye \u00ab\u00a0moderne\u00a0\u00bb m\u00e9di\u00e9vale. Les monast\u00e8res et les abbayes chang\u00e8rent de visage. Dans ces lieux de travail et de pri\u00e8res, les moines ne se d\u00e9di\u00e8rent plus uniquement \u00e0 la contemplation et \u00e0 la <strong><a href=\"https:\/\/www.holyart.fr\/articles-religieux\/livres-sacres\">lecture des Saintes \u00c9critures<\/a><\/strong>, mais pratiqu\u00e8rent \u00e9galement la <strong>pri\u00e8re communautaire<\/strong> et occup\u00e8rent leur temps avec le <strong>travail manuel<\/strong>, pour le bien du monast\u00e8re et de la communaut\u00e9 religieuse. Du moment que souvent ces lieux de culte \u00e9taient situ\u00e9s dans des zones impraticables et inaccessibles, il \u00e9tait n\u00e9cessaire que les moines apprennent \u00e0 produire tous seuls le n\u00e9cessaire pour leur survie, non seulement de la <strong><a href=\"https:\/\/www.holyart.fr\/produits-des-monasteres\">nourriture et des boissons<\/a><\/strong>, mais aussi des <strong>m\u00e9dicaments<\/strong> et des rem\u00e8des pour le <strong><a href=\"https:\/\/www.holyart.fr\/produits-des-monasteres\/cosmetiques-et-huiles-essentielles\">soin du corps et pour l\u2019hygi\u00e8ne<\/a><\/strong>. Encore aujourd\u2019hui, il y a des monast\u00e8res et des abbayes dans le monde entier qui offrent des produits r\u00e9alis\u00e9s par les moines ou produits en tout cas selon leurs recettes, transmises de si\u00e8cle en si\u00e8cle. Ces produits sont fort vari\u00e9s, en allant des confitures aux champignons s\u00e9ch\u00e9s, de l\u2019huile aux g\u00e2teaux typiques, du miel, des bonbons \u00e0 la cr\u00e8me de chocolat \u00e0 tartiner, et encore les vins, les liqueurs, les digestifs et la bi\u00e8re, qui souvent constituait le seul \u00ab\u00a0nutriment\u00a0\u00bb conc\u00e9d\u00e9 aux moines pendant les p\u00e9riodes de je\u00fbne et qui est encore renomm\u00e9e aujourd\u2019hui (suffit-il de penser aux c\u00e9l\u00e8bres bi\u00e8res trappistes). Outre les produits alimentaires, l\u2019ancienne tradition des moines a ramen\u00e9 jusqu\u2019\u00e0 nous des <strong>rem\u00e8des de sant\u00e9 et de beaut\u00e9<\/strong>, des tisanes et des toniques, des cr\u00e8mes et des compresses, des huiles essentielles et th\u00e9rapeutiques, qui ont su conserver dans le temps une efficacit\u00e9 et une fascination immortelles.<\/p>\n<p>Nous devons \u00e9galement au travail des moines la conservation et la copie de <strong>textes anciens<\/strong>, que les mains habiles des copistes ont sauv\u00e9s de l\u2019usure du temps et que les artistes miniaturistes ont enrichis de splendides d\u00e9corations que nous pouvons toujours admirer aujourd\u2019hui.<\/p>\n<h2>Le Fr\u00e8re<\/h2>\n<figure id=\"attachment_1310\" aria-describedby=\"caption-attachment-1310\" style=\"width: 300px\" class=\"wp-caption alignleft\"><img loading=\"lazy\" decoding=\"async\" class=\"alignleft size-medium wp-image-1310\" src=\"https:\/\/blog.holyart.it\/fr\/wp-content\/uploads\/sites\/14\/2019\/03\/Saint-Fran\u00e7ois-Assise-300x300.jpg\" alt=\"Saint Fran\u00e7ois Assise\" width=\"300\" height=\"300\" \/><figcaption id=\"caption-attachment-1310\" class=\"wp-caption-text\"><center><strong><a href=\"https:\/\/www.holyart.fr\/articles-religieux\/statues\/statues-en-bois-peint\/st.-francois-statue-bois\">St. Fran\u00e7ois statue bois<\/a><\/strong><br \/><a href=\"https:\/\/www.holyart.fr\/articles-religieux\/statues\/statues-en-bois-peint\/st.-francois-statue-bois\"><button class=\"bottoneacquista\" style=\"vertical-align: middle;\">Acheter sur Holyart<\/button><\/a><\/center><\/figcaption><\/figure>\n<p>Le terme Fr\u00e8re est \u00e9galement d\u2019origine m\u00e9di\u00e9vale et est li\u00e9 \u00e0 la profonde transformation qui traversa la vie religieuse vers la fin du Moyen \u00c2ge, apr\u00e8s la diffusion de la R\u00e8gle de <strong>Saint Beno\u00eet<\/strong>, mais surtout avec la \u00ab\u00a0r\u00e9volution\u00a0\u00bb de <strong>Saint Fran\u00e7ois<\/strong>. Si gr\u00e2ce \u00e0 l\u2019exemple du Saint de Nursie les nouveaux religieux ne vivaient plus seuls et enferm\u00e9s dans un endroit isol\u00e9, en se limitant \u00e0 prier, mais ils se r\u00e9unissaient dans des communaut\u00e9s actives et productives sur le plan spirituel, mais aussi sur le plan mat\u00e9riel, la naissance des <strong>Ordres mendiants<\/strong>, \u00e0 partir du XIII si\u00e8cle, vit les hommes de foi sortir des enceintes de leurs lieux de pri\u00e8re pour descendre en rue et se m\u00e9langer aux gens de la ville, aux pauvres, aux malades, en amenant leur r\u00e9confort et leur aide. La naissance de cette nouvelle fa\u00e7on de vivre l\u2019exp\u00e9rience religieuse est probablement due \u00e0 une r\u00e9ponse de l\u2019\u00c9glise catholique aux mouvements des cathares et des vaudois, qui rencontraient de plus en plus de consensus en Italie et en France pendant cette m\u00eame p\u00e9riode.<\/p>\n<p>L\u2019existence m\u00eame du Fr\u00e8re est une tentative d\u2019imiter l\u2019exp\u00e9rience de J\u00e9sus, en vivant en <strong>pauvret\u00e9<\/strong>, <strong>chastet\u00e9<\/strong> et <strong>ob\u00e9issance<\/strong>, les trois v\u0153ux que les Fr\u00e8res doivent embrasser, en vivant de l\u2019aum\u00f4ne des autres et en offrant en \u00e9change leur aide et leur pri\u00e8re. La premi\u00e8re obligation qui \u00e9tait impos\u00e9e \u00e0 ceux qui souhaitaient devenir Fr\u00e8re \u00e9tait en effet le v\u0153ux de pauvret\u00e9, la renonciation \u00e0 toute propri\u00e9t\u00e9. M\u00eame les couvents o\u00f9 les fr\u00e8res se r\u00e9unissaient ne poss\u00e9daient rien, en vivant uniquement gr\u00e2ce \u00e0 la qu\u00eate, la r\u00e9colte de l\u2019aum\u00f4ne et les offrandes que les fid\u00e8les leur conc\u00e9daient. Une vie simple donc, faite uniquement de pauvret\u00e9, pri\u00e8re et charit\u00e9, exactement comme on pensait que la vie de J\u00e9sus et de ses disciples avait \u00e9t\u00e9.<\/p>\n<p>Fr\u00e8re d\u00e9rive du mot latin <em>frater<\/em>, \u00ab\u00a0fr\u00e8re\u00a0\u00bb, et c\u2019est en tant que <strong>fr\u00e8res<\/strong> que ces religieux vivaient, dans un climat de fraternit\u00e9 et de communion entre eux et avec les personnes qu\u2019ils aidaient. Les Fr\u00e8res \u00e9taient caract\u00e9ris\u00e9s, entre autre chose, par un style de vie tr\u00e8s humble et pauvre et par des <strong><a href=\"https:\/\/www.holyart.fr\/accessoires-pour-la-liturgie\/habits-clerge\">v\u00eatements modestes<\/a><\/strong> faits de robes simples et de sandales pour prot\u00e9ger leurs pieds.<\/p>\n","protected":false},"excerpt":{"rendered":"<p>Nous avons souvent tendance \u00e0 confondre entre eux les termes pr\u00eatre, moine et fr\u00e8re. Une confusion l\u00e9gitime, puisque ces trois figures de religieux ont beaucoup de choses en commun et que souvent les diff\u00e9rences qui les distinguent sont incertaines. Sans compter qu\u2019un moine ou un&hellip;<\/p>\n","protected":false},"author":1,"featured_media":1311,"comment_status":"closed","ping_status":"open","sticky":false,"template":"","format":"standard","meta":{"_acf_changed":false,"footnotes":""},"categories":[8],"tags":[],"class_list":["post-1308","post","type-post","status-publish","format-standard","has-post-thumbnail","hentry","category-articles-religieux"],"acf":[],"yoast_head":"<!-- This site is optimized with the Yoast SEO plugin v26.6 - https:\/\/yoast.com\/wordpress\/plugins\/seo\/ -->\n<title>Pr\u00eatre, fr\u00e8re et moine: trois termes d\u00e9routants - Holyart.fr<\/title>\n<meta name=\"description\" content=\"Nous avons souvent tendance \u00e0 confondre les termes pr\u00eatre, moine et fr\u00e8re. Confusion l\u00e9gitime, ces trois figures religieuses ont beaucoup de points communs\" \/>\n<meta name=\"robots\" content=\"index, follow, max-snippet:-1, max-image-preview:large, max-video-preview:-1\" \/>\n<link rel=\"canonical\" href=\"https:\/\/blog.holyart.it\/fr\/articles-religieux\/pretre-frere-moine\/\" \/>\n<meta property=\"og:locale\" content=\"fr_FR\" \/>\n<meta property=\"og:type\" content=\"article\" \/>\n<meta property=\"og:title\" content=\"Pr\u00eatre, fr\u00e8re et moine: trois termes d\u00e9routants - Holyart.fr\" \/>\n<meta property=\"og:description\" content=\"Nous avons souvent tendance \u00e0 confondre les termes pr\u00eatre, moine et fr\u00e8re. Confusion l\u00e9gitime, ces trois figures religieuses ont beaucoup de points communs\" \/>\n<meta property=\"og:url\" content=\"https:\/\/blog.holyart.it\/fr\/articles-religieux\/pretre-frere-moine\/\" \/>\n<meta property=\"og:site_name\" content=\"Holyart.fr Blog\" \/>\n<meta property=\"article:published_time\" content=\"2019-03-05T14:15:43+00:00\" \/>\n<meta property=\"article:modified_time\" content=\"2022-10-12T15:56:03+00:00\" \/>\n<meta property=\"og:image\" content=\"https:\/\/blog.holyart.it\/fr\/wp-content\/uploads\/sites\/14\/2019\/03\/ora-et-labora.jpg\" \/>\n\t<meta property=\"og:image:width\" content=\"1000\" \/>\n\t<meta property=\"og:image:height\" content=\"666\" \/>\n\t<meta property=\"og:image:type\" content=\"image\/jpeg\" \/>\n<meta name=\"author\" content=\"Redazione\" \/>\n<meta name=\"twitter:card\" content=\"summary_large_image\" \/>\n<meta name=\"twitter:label1\" content=\"\u00c9crit par\" \/>\n\t<meta name=\"twitter:data1\" content=\"Redazione\" \/>\n\t<meta name=\"twitter:label2\" content=\"Dur\u00e9e de lecture estim\u00e9e\" \/>\n\t<meta name=\"twitter:data2\" content=\"10 minutes\" \/>\n<script type=\"application\/ld+json\" class=\"yoast-schema-graph\">{\"@context\":\"https:\/\/schema.org\",\"@graph\":[{\"@type\":\"Article\",\"@id\":\"https:\/\/blog.holyart.it\/fr\/articles-religieux\/pretre-frere-moine\/#article\",\"isPartOf\":{\"@id\":\"https:\/\/blog.holyart.it\/fr\/articles-religieux\/pretre-frere-moine\/\"},\"author\":{\"name\":\"Redazione\",\"@id\":\"https:\/\/blog.holyart.it\/fr\/#\/schema\/person\/0a7b686e5af0f856ec1e390dd0baecda\"},\"headline\":\"Pr\u00eatre, fr\u00e8re et moine : trois termes que l\u2019on confond souvent\",\"datePublished\":\"2019-03-05T14:15:43+00:00\",\"dateModified\":\"2022-10-12T15:56:03+00:00\",\"mainEntityOfPage\":{\"@id\":\"https:\/\/blog.holyart.it\/fr\/articles-religieux\/pretre-frere-moine\/\"},\"wordCount\":1999,\"publisher\":{\"@id\":\"https:\/\/blog.holyart.it\/fr\/#organization\"},\"image\":{\"@id\":\"https:\/\/blog.holyart.it\/fr\/articles-religieux\/pretre-frere-moine\/#primaryimage\"},\"thumbnailUrl\":\"https:\/\/blog.holyart.it\/fr\/wp-content\/uploads\/sites\/14\/2019\/03\/ora-et-labora.jpg\",\"articleSection\":[\"Religion\"],\"inLanguage\":\"fr-FR\"},{\"@type\":\"WebPage\",\"@id\":\"https:\/\/blog.holyart.it\/fr\/articles-religieux\/pretre-frere-moine\/\",\"url\":\"https:\/\/blog.holyart.it\/fr\/articles-religieux\/pretre-frere-moine\/\",\"name\":\"Pr\u00eatre, fr\u00e8re et moine: trois termes d\u00e9routants - Holyart.fr\",\"isPartOf\":{\"@id\":\"https:\/\/blog.holyart.it\/fr\/#website\"},\"primaryImageOfPage\":{\"@id\":\"https:\/\/blog.holyart.it\/fr\/articles-religieux\/pretre-frere-moine\/#primaryimage\"},\"image\":{\"@id\":\"https:\/\/blog.holyart.it\/fr\/articles-religieux\/pretre-frere-moine\/#primaryimage\"},\"thumbnailUrl\":\"https:\/\/blog.holyart.it\/fr\/wp-content\/uploads\/sites\/14\/2019\/03\/ora-et-labora.jpg\",\"datePublished\":\"2019-03-05T14:15:43+00:00\",\"dateModified\":\"2022-10-12T15:56:03+00:00\",\"description\":\"Nous avons souvent tendance \u00e0 confondre les termes pr\u00eatre, moine et fr\u00e8re. Confusion l\u00e9gitime, ces trois figures religieuses ont beaucoup de points communs\",\"breadcrumb\":{\"@id\":\"https:\/\/blog.holyart.it\/fr\/articles-religieux\/pretre-frere-moine\/#breadcrumb\"},\"inLanguage\":\"fr-FR\",\"potentialAction\":[{\"@type\":\"ReadAction\",\"target\":[\"https:\/\/blog.holyart.it\/fr\/articles-religieux\/pretre-frere-moine\/\"]}]},{\"@type\":\"ImageObject\",\"inLanguage\":\"fr-FR\",\"@id\":\"https:\/\/blog.holyart.it\/fr\/articles-religieux\/pretre-frere-moine\/#primaryimage\",\"url\":\"https:\/\/blog.holyart.it\/fr\/wp-content\/uploads\/sites\/14\/2019\/03\/ora-et-labora.jpg\",\"contentUrl\":\"https:\/\/blog.holyart.it\/fr\/wp-content\/uploads\/sites\/14\/2019\/03\/ora-et-labora.jpg\",\"width\":1000,\"height\":666},{\"@type\":\"BreadcrumbList\",\"@id\":\"https:\/\/blog.holyart.it\/fr\/articles-religieux\/pretre-frere-moine\/#breadcrumb\",\"itemListElement\":[{\"@type\":\"ListItem\",\"position\":1,\"name\":\"Homepage\",\"item\":\"https:\/\/blog.holyart.it\/fr\/\"},{\"@type\":\"ListItem\",\"position\":2,\"name\":\"Religion\",\"item\":\"https:\/\/blog.holyart.it\/fr\/articles-religieux\/\"},{\"@type\":\"ListItem\",\"position\":3,\"name\":\"Pr\u00eatre, fr\u00e8re et moine : trois termes que l\u2019on confond souvent\"}]},{\"@type\":\"WebSite\",\"@id\":\"https:\/\/blog.holyart.it\/fr\/#website\",\"url\":\"https:\/\/blog.holyart.it\/fr\/\",\"name\":\"Holyart.fr Blog\",\"description\":\"Holyblog\",\"publisher\":{\"@id\":\"https:\/\/blog.holyart.it\/fr\/#organization\"},\"potentialAction\":[{\"@type\":\"SearchAction\",\"target\":{\"@type\":\"EntryPoint\",\"urlTemplate\":\"https:\/\/blog.holyart.it\/fr\/?s={search_term_string}\"},\"query-input\":{\"@type\":\"PropertyValueSpecification\",\"valueRequired\":true,\"valueName\":\"search_term_string\"}}],\"inLanguage\":\"fr-FR\"},{\"@type\":\"Organization\",\"@id\":\"https:\/\/blog.holyart.it\/fr\/#organization\",\"name\":\"Holyart.fr Blog\",\"url\":\"https:\/\/blog.holyart.it\/fr\/\",\"logo\":{\"@type\":\"ImageObject\",\"inLanguage\":\"fr-FR\",\"@id\":\"https:\/\/blog.holyart.it\/fr\/#\/schema\/logo\/image\/\",\"url\":\"https:\/\/blog.holyart.it\/fr\/wp-content\/uploads\/sites\/14\/2022\/12\/Holyart_Blog_Logo.jpg\",\"contentUrl\":\"https:\/\/blog.holyart.it\/fr\/wp-content\/uploads\/sites\/14\/2022\/12\/Holyart_Blog_Logo.jpg\",\"width\":300,\"height\":50,\"caption\":\"Holyart.fr Blog\"},\"image\":{\"@id\":\"https:\/\/blog.holyart.it\/fr\/#\/schema\/logo\/image\/\"}},{\"@type\":\"Person\",\"@id\":\"https:\/\/blog.holyart.it\/fr\/#\/schema\/person\/0a7b686e5af0f856ec1e390dd0baecda\",\"name\":\"Redazione\",\"image\":{\"@type\":\"ImageObject\",\"inLanguage\":\"fr-FR\",\"@id\":\"https:\/\/blog.holyart.it\/fr\/#\/schema\/person\/image\/\",\"url\":\"https:\/\/secure.gravatar.com\/avatar\/f477da817f43e50d0af36abecd33e3edf826c68299714bdc1057dff3b113f516?s=96&d=mm&r=g\",\"contentUrl\":\"https:\/\/secure.gravatar.com\/avatar\/f477da817f43e50d0af36abecd33e3edf826c68299714bdc1057dff3b113f516?s=96&d=mm&r=g\",\"caption\":\"Redazione\"},\"url\":\"https:\/\/blog.holyart.it\/fr\/author\/admin\/\"}]}<\/script>\n<!-- \/ Yoast SEO plugin. -->","yoast_head_json":{"title":"Pr\u00eatre, fr\u00e8re et moine: trois termes d\u00e9routants - Holyart.fr","description":"Nous avons souvent tendance \u00e0 confondre les termes pr\u00eatre, moine et fr\u00e8re. Confusion l\u00e9gitime, ces trois figures religieuses ont beaucoup de points communs","robots":{"index":"index","follow":"follow","max-snippet":"max-snippet:-1","max-image-preview":"max-image-preview:large","max-video-preview":"max-video-preview:-1"},"canonical":"https:\/\/blog.holyart.it\/fr\/articles-religieux\/pretre-frere-moine\/","og_locale":"fr_FR","og_type":"article","og_title":"Pr\u00eatre, fr\u00e8re et moine: trois termes d\u00e9routants - Holyart.fr","og_description":"Nous avons souvent tendance \u00e0 confondre les termes pr\u00eatre, moine et fr\u00e8re. Confusion l\u00e9gitime, ces trois figures religieuses ont beaucoup de points communs","og_url":"https:\/\/blog.holyart.it\/fr\/articles-religieux\/pretre-frere-moine\/","og_site_name":"Holyart.fr Blog","article_published_time":"2019-03-05T14:15:43+00:00","article_modified_time":"2022-10-12T15:56:03+00:00","og_image":[{"width":1000,"height":666,"url":"https:\/\/blog.holyart.it\/fr\/wp-content\/uploads\/sites\/14\/2019\/03\/ora-et-labora.jpg","type":"image\/jpeg"}],"author":"Redazione","twitter_card":"summary_large_image","twitter_misc":{"\u00c9crit par":"Redazione","Dur\u00e9e de lecture estim\u00e9e":"10 minutes"},"schema":{"@context":"https:\/\/schema.org","@graph":[{"@type":"Article","@id":"https:\/\/blog.holyart.it\/fr\/articles-religieux\/pretre-frere-moine\/#article","isPartOf":{"@id":"https:\/\/blog.holyart.it\/fr\/articles-religieux\/pretre-frere-moine\/"},"author":{"name":"Redazione","@id":"https:\/\/blog.holyart.it\/fr\/#\/schema\/person\/0a7b686e5af0f856ec1e390dd0baecda"},"headline":"Pr\u00eatre, fr\u00e8re et moine : trois termes que l\u2019on confond souvent","datePublished":"2019-03-05T14:15:43+00:00","dateModified":"2022-10-12T15:56:03+00:00","mainEntityOfPage":{"@id":"https:\/\/blog.holyart.it\/fr\/articles-religieux\/pretre-frere-moine\/"},"wordCount":1999,"publisher":{"@id":"https:\/\/blog.holyart.it\/fr\/#organization"},"image":{"@id":"https:\/\/blog.holyart.it\/fr\/articles-religieux\/pretre-frere-moine\/#primaryimage"},"thumbnailUrl":"https:\/\/blog.holyart.it\/fr\/wp-content\/uploads\/sites\/14\/2019\/03\/ora-et-labora.jpg","articleSection":["Religion"],"inLanguage":"fr-FR"},{"@type":"WebPage","@id":"https:\/\/blog.holyart.it\/fr\/articles-religieux\/pretre-frere-moine\/","url":"https:\/\/blog.holyart.it\/fr\/articles-religieux\/pretre-frere-moine\/","name":"Pr\u00eatre, fr\u00e8re et moine: trois termes d\u00e9routants - Holyart.fr","isPartOf":{"@id":"https:\/\/blog.holyart.it\/fr\/#website"},"primaryImageOfPage":{"@id":"https:\/\/blog.holyart.it\/fr\/articles-religieux\/pretre-frere-moine\/#primaryimage"},"image":{"@id":"https:\/\/blog.holyart.it\/fr\/articles-religieux\/pretre-frere-moine\/#primaryimage"},"thumbnailUrl":"https:\/\/blog.holyart.it\/fr\/wp-content\/uploads\/sites\/14\/2019\/03\/ora-et-labora.jpg","datePublished":"2019-03-05T14:15:43+00:00","dateModified":"2022-10-12T15:56:03+00:00","description":"Nous avons souvent tendance \u00e0 confondre les termes pr\u00eatre, moine et fr\u00e8re. Confusion l\u00e9gitime, ces trois figures religieuses ont beaucoup de points communs","breadcrumb":{"@id":"https:\/\/blog.holyart.it\/fr\/articles-religieux\/pretre-frere-moine\/#breadcrumb"},"inLanguage":"fr-FR","potentialAction":[{"@type":"ReadAction","target":["https:\/\/blog.holyart.it\/fr\/articles-religieux\/pretre-frere-moine\/"]}]},{"@type":"ImageObject","inLanguage":"fr-FR","@id":"https:\/\/blog.holyart.it\/fr\/articles-religieux\/pretre-frere-moine\/#primaryimage","url":"https:\/\/blog.holyart.it\/fr\/wp-content\/uploads\/sites\/14\/2019\/03\/ora-et-labora.jpg","contentUrl":"https:\/\/blog.holyart.it\/fr\/wp-content\/uploads\/sites\/14\/2019\/03\/ora-et-labora.jpg","width":1000,"height":666},{"@type":"BreadcrumbList","@id":"https:\/\/blog.holyart.it\/fr\/articles-religieux\/pretre-frere-moine\/#breadcrumb","itemListElement":[{"@type":"ListItem","position":1,"name":"Homepage","item":"https:\/\/blog.holyart.it\/fr\/"},{"@type":"ListItem","position":2,"name":"Religion","item":"https:\/\/blog.holyart.it\/fr\/articles-religieux\/"},{"@type":"ListItem","position":3,"name":"Pr\u00eatre, fr\u00e8re et moine : trois termes que l\u2019on confond souvent"}]},{"@type":"WebSite","@id":"https:\/\/blog.holyart.it\/fr\/#website","url":"https:\/\/blog.holyart.it\/fr\/","name":"Holyart.fr Blog","description":"Holyblog","publisher":{"@id":"https:\/\/blog.holyart.it\/fr\/#organization"},"potentialAction":[{"@type":"SearchAction","target":{"@type":"EntryPoint","urlTemplate":"https:\/\/blog.holyart.it\/fr\/?s={search_term_string}"},"query-input":{"@type":"PropertyValueSpecification","valueRequired":true,"valueName":"search_term_string"}}],"inLanguage":"fr-FR"},{"@type":"Organization","@id":"https:\/\/blog.holyart.it\/fr\/#organization","name":"Holyart.fr Blog","url":"https:\/\/blog.holyart.it\/fr\/","logo":{"@type":"ImageObject","inLanguage":"fr-FR","@id":"https:\/\/blog.holyart.it\/fr\/#\/schema\/logo\/image\/","url":"https:\/\/blog.holyart.it\/fr\/wp-content\/uploads\/sites\/14\/2022\/12\/Holyart_Blog_Logo.jpg","contentUrl":"https:\/\/blog.holyart.it\/fr\/wp-content\/uploads\/sites\/14\/2022\/12\/Holyart_Blog_Logo.jpg","width":300,"height":50,"caption":"Holyart.fr Blog"},"image":{"@id":"https:\/\/blog.holyart.it\/fr\/#\/schema\/logo\/image\/"}},{"@type":"Person","@id":"https:\/\/blog.holyart.it\/fr\/#\/schema\/person\/0a7b686e5af0f856ec1e390dd0baecda","name":"Redazione","image":{"@type":"ImageObject","inLanguage":"fr-FR","@id":"https:\/\/blog.holyart.it\/fr\/#\/schema\/person\/image\/","url":"https:\/\/secure.gravatar.com\/avatar\/f477da817f43e50d0af36abecd33e3edf826c68299714bdc1057dff3b113f516?s=96&d=mm&r=g","contentUrl":"https:\/\/secure.gravatar.com\/avatar\/f477da817f43e50d0af36abecd33e3edf826c68299714bdc1057dff3b113f516?s=96&d=mm&r=g","caption":"Redazione"},"url":"https:\/\/blog.holyart.it\/fr\/author\/admin\/"}]}},"_links":{"self":[{"href":"https:\/\/blog.holyart.it\/fr\/wp-json\/wp\/v2\/posts\/1308","targetHints":{"allow":["GET"]}}],"collection":[{"href":"https:\/\/blog.holyart.it\/fr\/wp-json\/wp\/v2\/posts"}],"about":[{"href":"https:\/\/blog.holyart.it\/fr\/wp-json\/wp\/v2\/types\/post"}],"author":[{"embeddable":true,"href":"https:\/\/blog.holyart.it\/fr\/wp-json\/wp\/v2\/users\/1"}],"replies":[{"embeddable":true,"href":"https:\/\/blog.holyart.it\/fr\/wp-json\/wp\/v2\/comments?post=1308"}],"version-history":[{"count":0,"href":"https:\/\/blog.holyart.it\/fr\/wp-json\/wp\/v2\/posts\/1308\/revisions"}],"wp:featuredmedia":[{"embeddable":true,"href":"https:\/\/blog.holyart.it\/fr\/wp-json\/wp\/v2\/media\/1311"}],"wp:attachment":[{"href":"https:\/\/blog.holyart.it\/fr\/wp-json\/wp\/v2\/media?parent=1308"}],"wp:term":[{"taxonomy":"category","embeddable":true,"href":"https:\/\/blog.holyart.it\/fr\/wp-json\/wp\/v2\/categories?post=1308"},{"taxonomy":"post_tag","embeddable":true,"href":"https:\/\/blog.holyart.it\/fr\/wp-json\/wp\/v2\/tags?post=1308"}],"curies":[{"name":"wp","href":"https:\/\/api.w.org\/{rel}","templated":true}]}}