{"id":1303,"date":"2019-02-28T14:46:12","date_gmt":"2019-02-28T13:46:12","guid":{"rendered":"https:\/\/blog.holyart.it\/fr\/?p=1303"},"modified":"2022-02-15T10:22:10","modified_gmt":"2022-02-15T09:22:10","slug":"neuvaine-a-saint-benoit","status":"publish","type":"post","link":"https:\/\/blog.holyart.it\/fr\/saints-et-bienheureux\/neuvaine-a-saint-benoit\/","title":{"rendered":"La Neuvaine \u00e0 Saint Beno\u00eet"},"content":{"rendered":"<p>Le 11 juillet c\u2019est la f\u00eate de Saint Beno\u00eet de Nursie.<\/p>\n<p>En r\u00e9alit\u00e9, cette date n\u2019est qu\u2019une parmi plusieurs jours d\u00e9di\u00e9s au Saint ombrien, fondateur de l\u2019ordre des B\u00e9n\u00e9dictins et cr\u00e9ateur de ladite R\u00e8gle, qui influen\u00e7a la vie et l\u2019exp\u00e9rience spirituelle de toutes les communaut\u00e9s monastiques qui viendront apr\u00e8s lui.<\/p>\n<p>Le 11 juillet est le jour o\u00f9 l\u2019\u00c9glise catholique f\u00eate <strong><a href=\"https:\/\/www.holyart.fr\/blog\/saints-et-bienheureux\/saint-benoit-de-nursie-saint-patron-de-leurope\/\">Saint Beno\u00eet en tant que Saint Patron d\u2019Europe<\/a><\/strong>. Un autre jour d\u00e9di\u00e9 au Saint et c\u00e9l\u00e9br\u00e9 en particulier par les congr\u00e9gations religieuses qui lui sont li\u00e9es est le 21 mars, anniversaire de sa mort.<\/p>\n<p>Saint Beno\u00eet v\u00e9cut pendant la deuxi\u00e8me moiti\u00e9 du V si\u00e8cle. Il s\u2019approcha tr\u00e8s t\u00f4t \u00e0 la vie religieuse. \u00c0 12 ans \u00e0 peine, il fut envoy\u00e9 de Nursie, sa ville natale, \u00e0 Rome afin qu\u2019il puisse y accomplir ses \u00e9tudes et il resta tellement d\u00e9gout\u00e9 par la d\u00e9cadence des coutumes, de la vie dissolue qui animait la ville, qu\u2019il pr\u00e9f\u00e9ra refuser les \u00e9tudes et l\u2019h\u00e9ritage paternel pour se retirer vivre avec sa gouvernante dans la vall\u00e9e de l\u2019Aniene. C\u2019est dans la maison de sa gouvernante qu\u2019il accomplit, encore jeune gar\u00e7on, son premier miracle en r\u00e9parant un plateau cass\u00e9 en mille morceaux par la servante. Ensuite, en se rendant \u00e0 Subiaco, il tomba sur Romano, un moine qui vivait en solitude, et qui l\u2019initia \u00e0 la vie \u00e9r\u00e9mitique. Mais m\u00eame si Saint Beno\u00eet appr\u00e9ciait l\u2019isolement et la vie contemplative, il sentait que cela n\u2019\u00e9tait pas la mani\u00e8re dont il voulait servir Dieu. En effet sa R\u00e8gle se d\u00e9tachera de mani\u00e8re r\u00e9volutionnaire du style de vie isol\u00e9 et asc\u00e9tique commun \u00e0 la plupart des religieux de l\u2019\u00e9poque.<\/p>\n<p>Saint Beno\u00eet voulut associer \u00e0 la <strong>pri\u00e8re solitaire<\/strong> celle <strong>communautaire<\/strong>, partag\u00e9e avec les Fr\u00e8res \u00e0 chaque instant de la journ\u00e9e, pendant les repas, pendant les c\u00e9l\u00e9brations, exprim\u00e9e \u00e9galement \u00e0 travers le <strong>chant<\/strong> (les chants gr\u00e9goriens acqui\u00e8rent une tr\u00e8s grande impulsion \u00e0 ce moment-l\u00e0). A cette pri\u00e8re collective, il unit le <strong>travail<\/strong>, en le d\u00e9signant comme une autre mani\u00e8re pour adorer Dieu et pour l\u2019honorer. En particulier, Saint Beno\u00eet se r\u00e9f\u00e9rait au travail des copistes, qui copiaient et transcrivaient les textes sacr\u00e9s, mais sa R\u00e8gle incluait chaque type de travail utile \u00e0 la communaut\u00e9.<\/p>\n<p>Plus de mortification de la chair, de je\u00fbnes, de privations, d\u2019ann\u00e9es d\u2019isolement donc, mais un nouveau moyen d\u2019\u00eatre au service de Dieu et de la communaut\u00e9 religieuse, fait de pri\u00e8re et de travail dans un \u00e9quilibre physique et mental apte \u00e0 apporter la paix et la compl\u00e8te r\u00e9alisation de son \u00e9quilibre int\u00e9rieur. Ce n\u2019est pas un hasard si Saint Beno\u00eet comparait le monast\u00e8re \u00e0 une \u00e9cole qui devait enseigner \u00e0 ceux qui y entraient la voie du salut. En vivant selon les r\u00e8gles du monast\u00e8re, chacun acqu\u00e9rait le m\u00e9rite n\u00e9cessaire pour \u00a0faire partie du r\u00e8gne de Christ.<\/p>\n<p>La R\u00e8gle de Saint Beno\u00eet, donc, revendique l\u2019importance de la pri\u00e8re, mais aussi de la valeur humaine, command\u00e9e par une bonne discipline, par une conduite morale irr\u00e9prochable, par la piti\u00e9 r\u00e9ciproque et par l\u2019ob\u00e9issance \u00e0 l\u2019abb\u00e9, am\u00e8nent le fid\u00e8le \u00e0 servir Dieu de la meilleure des mani\u00e8res. Il affirma qu\u2019il souhaitait fonder une \u00ab\u00a0<em>\u00e9cole du service du Seigneur, dans laquelle nous ne souhaitons commander rien de dur ou de rigoureux<\/em>\u00a0\u00bb.<\/p>\n<p>Pour Saint Beno\u00eet ce ne fut pas facile d\u2019\u00e9laborer sa R\u00e8gle et encore moins l\u2019imposer aux moines. Sa premi\u00e8re fonction d\u2019abb\u00e9 \u00e0 Vicovaro finit avec une tentative d\u2019empoisonnement de la main de certains moines, r\u00e9sistants aux r\u00e8gles et \u00e0 la discipline. \u00c0 Subiaco, l\u2019exp\u00e9rience fut par contre plus concluante et il r\u00e9ussit \u00e0 cr\u00e9er une premi\u00e8re communaut\u00e9 religieuse de jeunes d\u00e9vou\u00e9s et respectueux de ses commandements. La R\u00e8gle de Saint Beno\u00eet connut ensuite sa cons\u00e9cration \u00e0 Mont-Cassin dans le monast\u00e8re qu\u2019il fonda et o\u00f9 il v\u00e9cut jusqu\u2019\u00e0 sa mort.<\/p>\n<h2>Saint Patron de l\u2019Europe<\/h2>\n<figure id=\"attachment_1304\" aria-describedby=\"caption-attachment-1304\" style=\"width: 300px\" class=\"wp-caption alignleft\"><img loading=\"lazy\" decoding=\"async\" class=\"alignleft size-medium wp-image-1304\" src=\"https:\/\/blog.holyart.it\/fr\/wp-content\/uploads\/sites\/14\/2019\/03\/Saint-Beno\u00eet-300x300.jpg\" alt=\"Saint Beno\u00eet\" width=\"300\" height=\"300\" \/><figcaption id=\"caption-attachment-1304\" class=\"wp-caption-text\"><center><strong><a href=\"https:\/\/www.holyart.fr\/articles-religieux\/statues\/statues-en-bois-peint\/saint-benoit-colore-val-gardena\">Saint Beno\u00eet color\u00e9 Val Gardena<\/a><\/strong><br \/><a href=\"https:\/\/www.holyart.fr\/articles-religieux\/statues\/statues-en-bois-peint\/saint-benoit-colore-val-gardena\"><button class=\"bottoneacquista\" style=\"vertical-align: middle;\">Acheter sur Holyart<\/button><\/a><\/center><\/figcaption><\/figure>\n<p>Mais pourquoi Saint Beno\u00eet fut proclam\u00e9 Saint Patron de l\u2019Europe ? Pourquoi son mod\u00e8le de vie monastique, sa R\u00e8gle, contribua \u00e0 offrir \u00e0 l\u2019Europe du Moyen \u00c2ge, d\u00e9chir\u00e9e par les invasions barbares, par la d\u00e9cadence in\u00e9vitable de l\u2019Empire romain, avec ses mod\u00e8les et ses lois, un nouvel exemple de vie et de civilisation. Les tr\u00e8s nombreux lieux de pri\u00e8re et de culture n\u00e9s selon son enseignement, les monast\u00e8res et les centres d\u2019hospitalit\u00e9 pour les pauvres et les malades, les structures de r\u00e9ception pour les p\u00e8lerins offrirent aux hommes et aux femmes de cette \u00e9poque sombre des v\u00e9ritables phares de lumi\u00e8re, d\u2019oasis de paix et de rationalit\u00e9, o\u00f9 trouver protection, s\u00e9curit\u00e9 et cette confiance dans le genre humain qui n\u2019enl\u00e8ve rien \u00e0 la foi et \u00e0 la d\u00e9votion envers Dieu, mais qui au contraire enrichit l\u2019exp\u00e9rience religieuse justement en investissant davantage dans le potentiel humain.<\/p>\n<p>Un <strong>Humanisme chr\u00e9tien<\/strong>, si l\u2019on veut, et exactement pour cela encore plus fort et pr\u00e9cieux dans sa reconnaissance de Dieu et de l\u2019homme comme son instrument. La Parole de Dieu, lue et comprise, la pri\u00e8re solitaire et commune, le travail entrepris avec charit\u00e9 fraternelle et avec la volont\u00e9 de s\u2019entraider les uns les autres, offrent un mod\u00e8le de vie non seulement pour les moines, mais pour tous ceux qui veulent conduire leur existence dans le nom de Dieu. \u00c0 la moiti\u00e9 du XX si\u00e8cle, l\u2019Europe \u00e9tait r\u00e9duite en cendres par les deux guerres mondiales, d\u00e9vast\u00e9e par la violence, par d\u2019innombrables morts, par la chute des grandes et illusoires id\u00e9ologies politiques et sociales, par l\u2019an\u00e9antissement des valeurs et de la morale, perp\u00e9tr\u00e9 par beaucoup, trop d\u2019ann\u00e9es. Les gens sentaient le besoin d\u2019un nouveau mod\u00e8le \u00e9thique et spirituel auquel se fier. Un mod\u00e8le nouveau, mais qui faisait r\u00e9f\u00e9rence \u00e0 la tradition, aux origines m\u00eame de la civilisation Occidentale telle que nous la connaissons. La R\u00e8gle de Saint Beno\u00eet sembla \u00e0 beaucoup comme la solution la plus souhaitable.<\/p>\n<p>D\u00e9j\u00e0 Pape Pie XII en 1947 reconnut au Saint le r\u00f4le de <strong>P\u00e8re de l\u2019Europe<\/strong> et, ensuite, le 24 octobre 1964, pendant la cons\u00e9cration de la nouvelle basilique de Mont-Cassin, reconstruite apr\u00e8s avoir \u00e9t\u00e9 d\u00e9truite par les bombardements des alli\u00e9s, Pape Paul VI d\u00e9clara Saint Beno\u00eet <strong>Saint Patron de l\u2019Europe<\/strong>. Son mod\u00e8le de vie et de parcours humain et spirituel peut encore aujourd\u2019hui illuminer notre chemin, nous offrir une direction vers laquelle diriger nos pas, en tant qu\u2019hommes et chr\u00e9tiens, en tant que dignes membres de la communaut\u00e9 religieuse, mais aussi en tant que citoyens de l\u2019Europe responsables et conscients du fait que, en travaillant ensemble, en croyant dans les m\u00eames valeurs et en faisant un effort chaque jour afin de les r\u00e9aliser, nous pouvons arriver beaucoup plus loin.<\/p>\n<h2>Le culte et les symboles<\/h2>\n<p>La vie et l\u2019exemple de Saint Beno\u00eet de Nursie le rendirent protagoniste de nombreuses formes de d\u00e9votion populaire, alors qu\u2019il \u00e9tait encore en vie.<\/p>\n<figure id=\"attachment_1305\" aria-describedby=\"caption-attachment-1305\" style=\"width: 300px\" class=\"wp-caption alignright\"><img loading=\"lazy\" decoding=\"async\" class=\"alignright size-medium wp-image-1305\" src=\"https:\/\/blog.holyart.it\/fr\/wp-content\/uploads\/sites\/14\/2019\/03\/m\u00e9daille-dor-saint-b\u00e9ni-300x300.jpg\" alt=\"m\u00e9daille d'or saint b\u00e9ni\" width=\"300\" height=\"300\" \/><figcaption id=\"caption-attachment-1305\" class=\"wp-caption-text\"><center><strong><a href=\"https:\/\/www.holyart.fr\/articles-religieux\/pendentifs-tau-medailles-scapulaires\/pendentifs-assortis\/croix-pendentif-medaille-s.benoit\">Croix pendentif,m\u00e9daille S.Benoit<\/a><\/strong><br \/><a href=\"https:\/\/www.holyart.fr\/articles-religieux\/pendentifs-tau-medailles-scapulaires\/pendentifs-assortis\/croix-pendentif-medaille-s.benoit\"><button class=\"bottoneacquista\" style=\"vertical-align: middle;\">Acheter sur Holyart<\/button><\/a><\/center><\/figcaption><\/figure>\n<p>Il suffit de penser \u00e0 la diffusion de la<strong><a href=\"https:\/\/www.holyart.fr\/recherche?query=medalle+saint+benoit&amp;filterCategory=M%C3%A9dailles&amp;followSearch=9759\"> M\u00e9daille de Saint Beno\u00eet<\/a><\/strong>, un des symboles sacr\u00e9s les plus r\u00e9pandus et les plus aim\u00e9s par les fid\u00e8les. Porter un collier avec la <a href=\"https:\/\/www.holyart.fr\/blog\/articles-religieux\/medaille-de-saint-benoit\/\"><strong>M\u00e9daille de Saint Beno\u00eet<\/strong> <\/a>n\u2019est pas uniquement un moyen de se prot\u00e9ger du mal sous ses formes les plus sournoises et les plus terribles, mais surtout un moyen pour revendiquer la pr\u00e9sence de Dieu \u00e0 nos c\u00f4t\u00e9s \u00e0 chaque instant. C\u2019est en effet J\u00e9sus qui op\u00e8re \u00e0 travers la m\u00e9daille avec son immense pouvoir pour garantir son soutien \u00e0 qui croit et confie en lui \u00e0 chaque geste et \u00e0 chaque instant.<\/p>\n<p>Pape Beno\u00eet XIV en 1742 conc\u00e9da l\u2019indulgence \u00e0 tous ceux qui portaient la m\u00e9daille avec connaissance de cause. Mais pas seulement\u00a0: la m\u00e9daille fut consid\u00e9r\u00e9e comme l\u2019un des instruments d\u2019exorcisme les plus puissants dans l\u2019absolu. En effet, sur elle, en plus de l\u2019effigie du Saint qui tient en main sa R\u00e8gle, sont grav\u00e9es aussi les initiales des mots d\u2019une puissante pri\u00e8re qui a le pouvoir de chasser le diable et de le garder \u00e0 distance de ceux qui portent la m\u00e9daille et croient en son pouvoir de protection.<\/p>\n<p>Mais, en g\u00e9n\u00e9ral, l\u2019image du Saint de Nursie est aim\u00e9e et ne se trouve pas uniquement dans les lieux de culte, mais partout. Des <strong>statues de Saint Beno\u00eet<\/strong> d\u00e9corent les \u00e9glises et les monast\u00e8res dans le monde entier, surtout depuis que Pape Paul VI en 1964 le proclama Patron de l\u2019Europe. Une reconnaissance importante pour un Saint qui sut enseigner \u00e0 ses fr\u00e8res \u00e0 servir l\u2019\u00c9glise avec le corps, l\u2019esprit et avec chaque don que Dieu avait voulu leur conc\u00e9der.<\/p>\n<h2>La Neuvaine de Saint Beno\u00eet<\/h2>\n<p>Un autre moyen pour exprimer sa d\u00e9votion \u00e0 Saint Beno\u00eet est de r\u00e9citer sa <strong>Neuvaine<\/strong>.<\/p>\n<p>La Neuvaine peut \u00eatre r\u00e9cit\u00e9e \u00e0 chaque moment o\u00f9 l\u2019on souhaite recevoir le soutien de Saint Beno\u00eet et sa protection, mais, en g\u00e9n\u00e9ral, elle est prononc\u00e9e entre le 12 et le 20 mars afin de comm\u00e9morer sa mort advenue le 21 mars, ou bien entre le 2 et le 10 juillet pour c\u00e9l\u00e9brer la cons\u00e9cration \u00e0 Saint Patron de l\u2019Europe le 11 juillet. Elle peut \u00eatre r\u00e9cit\u00e9e seuls ou en famille et ils en existent diff\u00e9rentes versions, \u00e9labor\u00e9es au cours des si\u00e8cles par les fid\u00e8les d\u00e9vou\u00e9s au Saint. Il suffit de choisir celle qui s\u2019approche le plus de notre sensibilit\u00e9 et la plus adapt\u00e9e au temps que nous pouvons lui d\u00e9dier. Elle se r\u00e9v\u00e9lera en tout cas un exercice spirituel efficace et puissant.<\/p>\n","protected":false},"excerpt":{"rendered":"<p>Le 11 juillet c\u2019est la f\u00eate de Saint Beno\u00eet de Nursie. En r\u00e9alit\u00e9, cette date n\u2019est qu\u2019une parmi plusieurs jours d\u00e9di\u00e9s au Saint ombrien, fondateur de l\u2019ordre des B\u00e9n\u00e9dictins et cr\u00e9ateur de ladite R\u00e8gle, qui influen\u00e7a la vie et l\u2019exp\u00e9rience spirituelle de toutes les communaut\u00e9s&hellip;<\/p>\n","protected":false},"author":1,"featured_media":1306,"comment_status":"closed","ping_status":"open","sticky":false,"template":"","format":"standard","meta":{"_acf_changed":false,"footnotes":""},"categories":[7],"tags":[],"class_list":["post-1303","post","type-post","status-publish","format-standard","has-post-thumbnail","hentry","category-saints-et-bienheureux"],"acf":[],"yoast_head":"<!-- This site is optimized with the Yoast SEO plugin v26.6 - https:\/\/yoast.com\/wordpress\/plugins\/seo\/ -->\n<title>La Neuvaine \u00e0 Saint Beno\u00eet - Holyart.fr Blog<\/title>\n<meta name=\"description\" content=\"Le 11 juillet, on c\u00e9l\u00e8bre San Benedetto da Norcia. En r\u00e9alit\u00e9, ce n\u2019est que l\u2019une des dates d\u00e9di\u00e9es au saint ombrien fondateur de l\u2019ordre b\u00e9n\u00e9dictin.\" \/>\n<meta name=\"robots\" content=\"index, follow, max-snippet:-1, max-image-preview:large, max-video-preview:-1\" \/>\n<link rel=\"canonical\" href=\"https:\/\/blog.holyart.it\/fr\/saints-et-bienheureux\/neuvaine-a-saint-benoit\/\" \/>\n<meta property=\"og:locale\" content=\"fr_FR\" \/>\n<meta property=\"og:type\" content=\"article\" \/>\n<meta property=\"og:title\" content=\"La Neuvaine \u00e0 Saint Beno\u00eet - Holyart.fr Blog\" \/>\n<meta property=\"og:description\" content=\"Le 11 juillet, on c\u00e9l\u00e8bre San Benedetto da Norcia. En r\u00e9alit\u00e9, ce n\u2019est que l\u2019une des dates d\u00e9di\u00e9es au saint ombrien fondateur de l\u2019ordre b\u00e9n\u00e9dictin.\" \/>\n<meta property=\"og:url\" content=\"https:\/\/blog.holyart.it\/fr\/saints-et-bienheureux\/neuvaine-a-saint-benoit\/\" \/>\n<meta property=\"og:site_name\" content=\"Holyart.fr Blog\" \/>\n<meta property=\"article:published_time\" content=\"2019-02-28T13:46:12+00:00\" \/>\n<meta property=\"article:modified_time\" content=\"2022-02-15T09:22:10+00:00\" \/>\n<meta property=\"og:image\" content=\"https:\/\/blog.holyart.it\/fr\/wp-content\/uploads\/sites\/14\/2019\/03\/Saint-Beno\u00eet-2.jpg\" \/>\n\t<meta property=\"og:image:width\" content=\"1000\" \/>\n\t<meta property=\"og:image:height\" content=\"666\" \/>\n\t<meta property=\"og:image:type\" content=\"image\/jpeg\" \/>\n<meta name=\"author\" content=\"Redazione\" \/>\n<meta name=\"twitter:card\" content=\"summary_large_image\" \/>\n<meta name=\"twitter:label1\" content=\"\u00c9crit par\" \/>\n\t<meta name=\"twitter:data1\" content=\"Redazione\" \/>\n\t<meta name=\"twitter:label2\" content=\"Dur\u00e9e de lecture estim\u00e9e\" \/>\n\t<meta name=\"twitter:data2\" content=\"9 minutes\" \/>\n<script type=\"application\/ld+json\" class=\"yoast-schema-graph\">{\"@context\":\"https:\/\/schema.org\",\"@graph\":[{\"@type\":\"Article\",\"@id\":\"https:\/\/blog.holyart.it\/fr\/saints-et-bienheureux\/neuvaine-a-saint-benoit\/#article\",\"isPartOf\":{\"@id\":\"https:\/\/blog.holyart.it\/fr\/saints-et-bienheureux\/neuvaine-a-saint-benoit\/\"},\"author\":{\"name\":\"Redazione\",\"@id\":\"https:\/\/blog.holyart.it\/fr\/#\/schema\/person\/0a7b686e5af0f856ec1e390dd0baecda\"},\"headline\":\"La Neuvaine \u00e0 Saint Beno\u00eet\",\"datePublished\":\"2019-02-28T13:46:12+00:00\",\"dateModified\":\"2022-02-15T09:22:10+00:00\",\"mainEntityOfPage\":{\"@id\":\"https:\/\/blog.holyart.it\/fr\/saints-et-bienheureux\/neuvaine-a-saint-benoit\/\"},\"wordCount\":1779,\"publisher\":{\"@id\":\"https:\/\/blog.holyart.it\/fr\/#organization\"},\"image\":{\"@id\":\"https:\/\/blog.holyart.it\/fr\/saints-et-bienheureux\/neuvaine-a-saint-benoit\/#primaryimage\"},\"thumbnailUrl\":\"https:\/\/blog.holyart.it\/fr\/wp-content\/uploads\/sites\/14\/2019\/03\/Saint-Beno\u00eet-2.jpg\",\"articleSection\":[\"Saints et Bienheureux\"],\"inLanguage\":\"fr-FR\"},{\"@type\":\"WebPage\",\"@id\":\"https:\/\/blog.holyart.it\/fr\/saints-et-bienheureux\/neuvaine-a-saint-benoit\/\",\"url\":\"https:\/\/blog.holyart.it\/fr\/saints-et-bienheureux\/neuvaine-a-saint-benoit\/\",\"name\":\"La Neuvaine \u00e0 Saint Beno\u00eet - Holyart.fr Blog\",\"isPartOf\":{\"@id\":\"https:\/\/blog.holyart.it\/fr\/#website\"},\"primaryImageOfPage\":{\"@id\":\"https:\/\/blog.holyart.it\/fr\/saints-et-bienheureux\/neuvaine-a-saint-benoit\/#primaryimage\"},\"image\":{\"@id\":\"https:\/\/blog.holyart.it\/fr\/saints-et-bienheureux\/neuvaine-a-saint-benoit\/#primaryimage\"},\"thumbnailUrl\":\"https:\/\/blog.holyart.it\/fr\/wp-content\/uploads\/sites\/14\/2019\/03\/Saint-Beno\u00eet-2.jpg\",\"datePublished\":\"2019-02-28T13:46:12+00:00\",\"dateModified\":\"2022-02-15T09:22:10+00:00\",\"description\":\"Le 11 juillet, on c\u00e9l\u00e8bre San Benedetto da Norcia. En r\u00e9alit\u00e9, ce n\u2019est que l\u2019une des dates d\u00e9di\u00e9es au saint ombrien fondateur de l\u2019ordre b\u00e9n\u00e9dictin.\",\"breadcrumb\":{\"@id\":\"https:\/\/blog.holyart.it\/fr\/saints-et-bienheureux\/neuvaine-a-saint-benoit\/#breadcrumb\"},\"inLanguage\":\"fr-FR\",\"potentialAction\":[{\"@type\":\"ReadAction\",\"target\":[\"https:\/\/blog.holyart.it\/fr\/saints-et-bienheureux\/neuvaine-a-saint-benoit\/\"]}]},{\"@type\":\"ImageObject\",\"inLanguage\":\"fr-FR\",\"@id\":\"https:\/\/blog.holyart.it\/fr\/saints-et-bienheureux\/neuvaine-a-saint-benoit\/#primaryimage\",\"url\":\"https:\/\/blog.holyart.it\/fr\/wp-content\/uploads\/sites\/14\/2019\/03\/Saint-Beno\u00eet-2.jpg\",\"contentUrl\":\"https:\/\/blog.holyart.it\/fr\/wp-content\/uploads\/sites\/14\/2019\/03\/Saint-Beno\u00eet-2.jpg\",\"width\":1000,\"height\":666},{\"@type\":\"BreadcrumbList\",\"@id\":\"https:\/\/blog.holyart.it\/fr\/saints-et-bienheureux\/neuvaine-a-saint-benoit\/#breadcrumb\",\"itemListElement\":[{\"@type\":\"ListItem\",\"position\":1,\"name\":\"Homepage\",\"item\":\"https:\/\/blog.holyart.it\/fr\/\"},{\"@type\":\"ListItem\",\"position\":2,\"name\":\"Saints et Bienheureux\",\"item\":\"https:\/\/blog.holyart.it\/fr\/saints-et-bienheureux\/\"},{\"@type\":\"ListItem\",\"position\":3,\"name\":\"La Neuvaine \u00e0 Saint Beno\u00eet\"}]},{\"@type\":\"WebSite\",\"@id\":\"https:\/\/blog.holyart.it\/fr\/#website\",\"url\":\"https:\/\/blog.holyart.it\/fr\/\",\"name\":\"Holyart.fr Blog\",\"description\":\"Holyblog\",\"publisher\":{\"@id\":\"https:\/\/blog.holyart.it\/fr\/#organization\"},\"potentialAction\":[{\"@type\":\"SearchAction\",\"target\":{\"@type\":\"EntryPoint\",\"urlTemplate\":\"https:\/\/blog.holyart.it\/fr\/?s={search_term_string}\"},\"query-input\":{\"@type\":\"PropertyValueSpecification\",\"valueRequired\":true,\"valueName\":\"search_term_string\"}}],\"inLanguage\":\"fr-FR\"},{\"@type\":\"Organization\",\"@id\":\"https:\/\/blog.holyart.it\/fr\/#organization\",\"name\":\"Holyart.fr Blog\",\"url\":\"https:\/\/blog.holyart.it\/fr\/\",\"logo\":{\"@type\":\"ImageObject\",\"inLanguage\":\"fr-FR\",\"@id\":\"https:\/\/blog.holyart.it\/fr\/#\/schema\/logo\/image\/\",\"url\":\"https:\/\/blog.holyart.it\/fr\/wp-content\/uploads\/sites\/14\/2022\/12\/Holyart_Blog_Logo.jpg\",\"contentUrl\":\"https:\/\/blog.holyart.it\/fr\/wp-content\/uploads\/sites\/14\/2022\/12\/Holyart_Blog_Logo.jpg\",\"width\":300,\"height\":50,\"caption\":\"Holyart.fr Blog\"},\"image\":{\"@id\":\"https:\/\/blog.holyart.it\/fr\/#\/schema\/logo\/image\/\"}},{\"@type\":\"Person\",\"@id\":\"https:\/\/blog.holyart.it\/fr\/#\/schema\/person\/0a7b686e5af0f856ec1e390dd0baecda\",\"name\":\"Redazione\",\"image\":{\"@type\":\"ImageObject\",\"inLanguage\":\"fr-FR\",\"@id\":\"https:\/\/blog.holyart.it\/fr\/#\/schema\/person\/image\/\",\"url\":\"https:\/\/secure.gravatar.com\/avatar\/f477da817f43e50d0af36abecd33e3edf826c68299714bdc1057dff3b113f516?s=96&d=mm&r=g\",\"contentUrl\":\"https:\/\/secure.gravatar.com\/avatar\/f477da817f43e50d0af36abecd33e3edf826c68299714bdc1057dff3b113f516?s=96&d=mm&r=g\",\"caption\":\"Redazione\"},\"url\":\"https:\/\/blog.holyart.it\/fr\/author\/admin\/\"}]}<\/script>\n<!-- \/ Yoast SEO plugin. -->","yoast_head_json":{"title":"La Neuvaine \u00e0 Saint Beno\u00eet - Holyart.fr Blog","description":"Le 11 juillet, on c\u00e9l\u00e8bre San Benedetto da Norcia. En r\u00e9alit\u00e9, ce n\u2019est que l\u2019une des dates d\u00e9di\u00e9es au saint ombrien fondateur de l\u2019ordre b\u00e9n\u00e9dictin.","robots":{"index":"index","follow":"follow","max-snippet":"max-snippet:-1","max-image-preview":"max-image-preview:large","max-video-preview":"max-video-preview:-1"},"canonical":"https:\/\/blog.holyart.it\/fr\/saints-et-bienheureux\/neuvaine-a-saint-benoit\/","og_locale":"fr_FR","og_type":"article","og_title":"La Neuvaine \u00e0 Saint Beno\u00eet - Holyart.fr Blog","og_description":"Le 11 juillet, on c\u00e9l\u00e8bre San Benedetto da Norcia. En r\u00e9alit\u00e9, ce n\u2019est que l\u2019une des dates d\u00e9di\u00e9es au saint ombrien fondateur de l\u2019ordre b\u00e9n\u00e9dictin.","og_url":"https:\/\/blog.holyart.it\/fr\/saints-et-bienheureux\/neuvaine-a-saint-benoit\/","og_site_name":"Holyart.fr Blog","article_published_time":"2019-02-28T13:46:12+00:00","article_modified_time":"2022-02-15T09:22:10+00:00","og_image":[{"width":1000,"height":666,"url":"https:\/\/blog.holyart.it\/fr\/wp-content\/uploads\/sites\/14\/2019\/03\/Saint-Beno\u00eet-2.jpg","type":"image\/jpeg"}],"author":"Redazione","twitter_card":"summary_large_image","twitter_misc":{"\u00c9crit par":"Redazione","Dur\u00e9e de lecture estim\u00e9e":"9 minutes"},"schema":{"@context":"https:\/\/schema.org","@graph":[{"@type":"Article","@id":"https:\/\/blog.holyart.it\/fr\/saints-et-bienheureux\/neuvaine-a-saint-benoit\/#article","isPartOf":{"@id":"https:\/\/blog.holyart.it\/fr\/saints-et-bienheureux\/neuvaine-a-saint-benoit\/"},"author":{"name":"Redazione","@id":"https:\/\/blog.holyart.it\/fr\/#\/schema\/person\/0a7b686e5af0f856ec1e390dd0baecda"},"headline":"La Neuvaine \u00e0 Saint Beno\u00eet","datePublished":"2019-02-28T13:46:12+00:00","dateModified":"2022-02-15T09:22:10+00:00","mainEntityOfPage":{"@id":"https:\/\/blog.holyart.it\/fr\/saints-et-bienheureux\/neuvaine-a-saint-benoit\/"},"wordCount":1779,"publisher":{"@id":"https:\/\/blog.holyart.it\/fr\/#organization"},"image":{"@id":"https:\/\/blog.holyart.it\/fr\/saints-et-bienheureux\/neuvaine-a-saint-benoit\/#primaryimage"},"thumbnailUrl":"https:\/\/blog.holyart.it\/fr\/wp-content\/uploads\/sites\/14\/2019\/03\/Saint-Beno\u00eet-2.jpg","articleSection":["Saints et Bienheureux"],"inLanguage":"fr-FR"},{"@type":"WebPage","@id":"https:\/\/blog.holyart.it\/fr\/saints-et-bienheureux\/neuvaine-a-saint-benoit\/","url":"https:\/\/blog.holyart.it\/fr\/saints-et-bienheureux\/neuvaine-a-saint-benoit\/","name":"La Neuvaine \u00e0 Saint Beno\u00eet - Holyart.fr Blog","isPartOf":{"@id":"https:\/\/blog.holyart.it\/fr\/#website"},"primaryImageOfPage":{"@id":"https:\/\/blog.holyart.it\/fr\/saints-et-bienheureux\/neuvaine-a-saint-benoit\/#primaryimage"},"image":{"@id":"https:\/\/blog.holyart.it\/fr\/saints-et-bienheureux\/neuvaine-a-saint-benoit\/#primaryimage"},"thumbnailUrl":"https:\/\/blog.holyart.it\/fr\/wp-content\/uploads\/sites\/14\/2019\/03\/Saint-Beno\u00eet-2.jpg","datePublished":"2019-02-28T13:46:12+00:00","dateModified":"2022-02-15T09:22:10+00:00","description":"Le 11 juillet, on c\u00e9l\u00e8bre San Benedetto da Norcia. En r\u00e9alit\u00e9, ce n\u2019est que l\u2019une des dates d\u00e9di\u00e9es au saint ombrien fondateur de l\u2019ordre b\u00e9n\u00e9dictin.","breadcrumb":{"@id":"https:\/\/blog.holyart.it\/fr\/saints-et-bienheureux\/neuvaine-a-saint-benoit\/#breadcrumb"},"inLanguage":"fr-FR","potentialAction":[{"@type":"ReadAction","target":["https:\/\/blog.holyart.it\/fr\/saints-et-bienheureux\/neuvaine-a-saint-benoit\/"]}]},{"@type":"ImageObject","inLanguage":"fr-FR","@id":"https:\/\/blog.holyart.it\/fr\/saints-et-bienheureux\/neuvaine-a-saint-benoit\/#primaryimage","url":"https:\/\/blog.holyart.it\/fr\/wp-content\/uploads\/sites\/14\/2019\/03\/Saint-Beno\u00eet-2.jpg","contentUrl":"https:\/\/blog.holyart.it\/fr\/wp-content\/uploads\/sites\/14\/2019\/03\/Saint-Beno\u00eet-2.jpg","width":1000,"height":666},{"@type":"BreadcrumbList","@id":"https:\/\/blog.holyart.it\/fr\/saints-et-bienheureux\/neuvaine-a-saint-benoit\/#breadcrumb","itemListElement":[{"@type":"ListItem","position":1,"name":"Homepage","item":"https:\/\/blog.holyart.it\/fr\/"},{"@type":"ListItem","position":2,"name":"Saints et Bienheureux","item":"https:\/\/blog.holyart.it\/fr\/saints-et-bienheureux\/"},{"@type":"ListItem","position":3,"name":"La Neuvaine \u00e0 Saint Beno\u00eet"}]},{"@type":"WebSite","@id":"https:\/\/blog.holyart.it\/fr\/#website","url":"https:\/\/blog.holyart.it\/fr\/","name":"Holyart.fr Blog","description":"Holyblog","publisher":{"@id":"https:\/\/blog.holyart.it\/fr\/#organization"},"potentialAction":[{"@type":"SearchAction","target":{"@type":"EntryPoint","urlTemplate":"https:\/\/blog.holyart.it\/fr\/?s={search_term_string}"},"query-input":{"@type":"PropertyValueSpecification","valueRequired":true,"valueName":"search_term_string"}}],"inLanguage":"fr-FR"},{"@type":"Organization","@id":"https:\/\/blog.holyart.it\/fr\/#organization","name":"Holyart.fr Blog","url":"https:\/\/blog.holyart.it\/fr\/","logo":{"@type":"ImageObject","inLanguage":"fr-FR","@id":"https:\/\/blog.holyart.it\/fr\/#\/schema\/logo\/image\/","url":"https:\/\/blog.holyart.it\/fr\/wp-content\/uploads\/sites\/14\/2022\/12\/Holyart_Blog_Logo.jpg","contentUrl":"https:\/\/blog.holyart.it\/fr\/wp-content\/uploads\/sites\/14\/2022\/12\/Holyart_Blog_Logo.jpg","width":300,"height":50,"caption":"Holyart.fr Blog"},"image":{"@id":"https:\/\/blog.holyart.it\/fr\/#\/schema\/logo\/image\/"}},{"@type":"Person","@id":"https:\/\/blog.holyart.it\/fr\/#\/schema\/person\/0a7b686e5af0f856ec1e390dd0baecda","name":"Redazione","image":{"@type":"ImageObject","inLanguage":"fr-FR","@id":"https:\/\/blog.holyart.it\/fr\/#\/schema\/person\/image\/","url":"https:\/\/secure.gravatar.com\/avatar\/f477da817f43e50d0af36abecd33e3edf826c68299714bdc1057dff3b113f516?s=96&d=mm&r=g","contentUrl":"https:\/\/secure.gravatar.com\/avatar\/f477da817f43e50d0af36abecd33e3edf826c68299714bdc1057dff3b113f516?s=96&d=mm&r=g","caption":"Redazione"},"url":"https:\/\/blog.holyart.it\/fr\/author\/admin\/"}]}},"_links":{"self":[{"href":"https:\/\/blog.holyart.it\/fr\/wp-json\/wp\/v2\/posts\/1303","targetHints":{"allow":["GET"]}}],"collection":[{"href":"https:\/\/blog.holyart.it\/fr\/wp-json\/wp\/v2\/posts"}],"about":[{"href":"https:\/\/blog.holyart.it\/fr\/wp-json\/wp\/v2\/types\/post"}],"author":[{"embeddable":true,"href":"https:\/\/blog.holyart.it\/fr\/wp-json\/wp\/v2\/users\/1"}],"replies":[{"embeddable":true,"href":"https:\/\/blog.holyart.it\/fr\/wp-json\/wp\/v2\/comments?post=1303"}],"version-history":[{"count":0,"href":"https:\/\/blog.holyart.it\/fr\/wp-json\/wp\/v2\/posts\/1303\/revisions"}],"wp:featuredmedia":[{"embeddable":true,"href":"https:\/\/blog.holyart.it\/fr\/wp-json\/wp\/v2\/media\/1306"}],"wp:attachment":[{"href":"https:\/\/blog.holyart.it\/fr\/wp-json\/wp\/v2\/media?parent=1303"}],"wp:term":[{"taxonomy":"category","embeddable":true,"href":"https:\/\/blog.holyart.it\/fr\/wp-json\/wp\/v2\/categories?post=1303"},{"taxonomy":"post_tag","embeddable":true,"href":"https:\/\/blog.holyart.it\/fr\/wp-json\/wp\/v2\/tags?post=1303"}],"curies":[{"name":"wp","href":"https:\/\/api.w.org\/{rel}","templated":true}]}}