{"id":1266,"date":"2019-02-05T12:39:03","date_gmt":"2019-02-05T11:39:03","guid":{"rendered":"https:\/\/blog.holyart.it\/fr\/?p=1266"},"modified":"2023-05-26T10:24:47","modified_gmt":"2023-05-26T08:24:47","slug":"limmaculee-conception","status":"publish","type":"post","link":"https:\/\/blog.holyart.it\/fr\/saints-et-bienheureux\/limmaculee-conception\/","title":{"rendered":"L&rsquo;Immacul\u00e9e Conception de la Vierge Marie"},"content":{"rendered":"<p><strong>L\u2019Immacul\u00e9e Conception<\/strong> est un dogme de l&rsquo;\u00c9glise catholique qui \u00e9tablit comment, malgr\u00e9 le fait d&rsquo;avoir \u00e9t\u00e9 con\u00e7ue et d&rsquo;\u00eatre n\u00e9e d&rsquo;un couple de mortels (sainte Anne et saint Joachim), <strong>la Vierge Marie naquit pure, jamais touch\u00e9e par le p\u00e9ch\u00e9 originel<\/strong>, comme cela arrive \u00e0 tous les hommes et \u00e0 toutes les femmes. Marie, Pleine de Gr\u00e2ce, comme elle est salu\u00e9e lors de l&rsquo;Annonciation, est consid\u00e9r\u00e9e sainte d\u00e8s sa conception, purifi\u00e9e de chaque mal, pr\u00e9serv\u00e9e du p\u00each\u00e9 par le Saint Esprit, qui en a fait une cr\u00e9ature unique et sp\u00e9ciale, destin\u00e9e \u00e0 \u00eatre m\u00e8re d&rsquo;un Homme unique et nouveau. Il serait inconcevable de penser que Dieu, dans son infinie sagesse et perfection, puisse avoir confi\u00e9 son incarnation humaine \u00e0 une femme n\u00e9e dans le p\u00each\u00e9, proie du Diable et de ses tentations. Marie fut la seule cr\u00e9ature \u00e0 laquelle fut r\u00e9serv\u00e9 ce privil\u00e8ge, en vue justement de sa mission, de la destin\u00e9e que Dieu lui avait r\u00e9serv\u00e9 . Tous les autres hommes et femmes sont n\u00e9s et naissent dans le P\u00each\u00e9, et sont lav\u00e9s de ce dernier gr\u00e2ce au <strong>Bapt\u00eame<\/strong>. Marie est la premi\u00e8re parmi les croyants, la plus proche \u00e0 Dieu, si proche qu&rsquo;elle a \u00e9t\u00e9 choisie pour porter dans son ventre le fruit de son Amour infini. Ce r\u00f4le d&rsquo;interm\u00e9diaire entre les hommes et le Tout-Puissant, de m\u00e8re pure et aimante, consacr\u00e9e d\u00e8s sa conception \u00e0 sa mission d&rsquo;amour et de douleur, rend la tradition de la <strong>Vierge Immacul\u00e9e<\/strong> une des plus r\u00e9pandues et aim\u00e9es dans la d\u00e9votion populaire.<\/p>\n<h2>Le dogme de l&rsquo;Immacul\u00e9e Conception<\/h2>\n<p>Le dogme de l&rsquo;Immacul\u00e9e Conception fut proclam\u00e9 avec la bulle papale Ineffabils Deus par pape Pie IX le 8 d\u00e9cembre 1854, mais son affirmation remonte \u00e0 bien avant. La r\u00e9flexion concernant l&rsquo;Immacul\u00e9e Conception partagea l&rsquo;\u00c9glise d\u00e8s ses origines. Les P\u00e8res de l&rsquo;\u00c9glise et les th\u00e9ologiens, comme Saint Augustin ou Saint Thomas, tout en reconnaissant la saintet\u00e9 de Marie, son \u00eatre sans p\u00each\u00e9, n&rsquo;\u00e9taient pas dispos\u00e9s \u00e0 \u00ab\u00a0d\u00e9tacher \u00bb ce statut de gr\u00e2ce de J\u00e9sus, \u00e0 reconna\u00eetre qu&rsquo;elle puisse \u00eatre exempt\u00e9e du p\u00e9ch\u00e9 originel sans son intervention directe. Saint Augustin, par exemple, affirmait que Marie naquit dans le p\u00each\u00e9, comme tous les\u00a0 autres hommes et femmes, mais en fut ensuite lib\u00e9r\u00e9e en tant que m\u00e8re de Christ. Du reste, l&rsquo;Ancien Testament\u00a0 n&rsquo;offre que peu <img loading=\"lazy\" decoding=\"async\" class=\"alignright size-medium wp-image-1268\" src=\"https:\/\/blog.holyart.it\/fr\/wp-content\/uploads\/sites\/14\/2019\/02\/Conception-immacul\u00e9e-205x300.jpg\" alt=\"Conception immacul\u00e9e\" width=\"205\" height=\"300\" \/>d&rsquo;informations contrastantes concernant le p\u00e9ch\u00e9 originel, et <strong>une interpr\u00e9tation dans une optique mariologique identifie Marie comme une nouvelle \u00c8ve en lutte contre le Diable et ses tentations<\/strong>. Dans le Nouveau Testament, Marie est salu\u00e9e par l&rsquo;Archange Gabriel comme \u00ab\u00a0Pleine de Gr\u00e2ce\u00a0\u00bb, et donc Sainte.<\/p>\n<p>Ce fut la d\u00e9votion populaire \u00e0 soutenir et \u00e0 poursuivre au cours des si\u00e8cles la th\u00e9orie de l&rsquo;Immacul\u00e9e Conception. En effet, pour le peuple des chr\u00e9tiens, la Vierge Marie, destin\u00e9e \u00e0 concevoir J\u00e9sus et \u00e0 le porter dans Son Ventre, doit forc\u00e9ment avoir \u00e9t\u00e9 pr\u00e9serv\u00e9e du p\u00each\u00e9 et de l&rsquo;action du Diable puisque autrement il n&rsquo;aurait pas \u00e9t\u00e9 concevable que Dieu, pur et parfait, puisse s&rsquo;incarner en elle. Dans cette conviction de la puret\u00e9 de Marie, la d\u00e9votion populaire n&rsquo;h\u00e9sita pas \u00e0 s&rsquo;opposer, m\u00eame ouvertement, \u00e0 la th\u00e9ologie officielle. \u00c0 cette derni\u00e8re revint tout de suite la t\u00e2che d&rsquo;exercer un contr\u00f4le sur le culte, sur les manifestations de d\u00e9votion du peuple, de mani\u00e8re \u00e0 le conduire vers une d\u00e9finition th\u00e9ologique correcte et ad\u00e9quate, tout en respectant quand m\u00eame ses souhaits et ses attentes \u00e0 cet \u00e9gard. La sacralit\u00e9 de l&rsquo;Immacul\u00e9e Conception n&rsquo;a donc pas \u00e9t\u00e9 d\u00e9finie par les th\u00e9oriciens des \u00c9critures et de la tradition primitive de l&rsquo;\u00c9glise, mais par la foi du peuple, de sa sensibilit\u00e9 et de sa piti\u00e9. Comme l&rsquo;\u00e9crit le th\u00e9ologien Eadmer au XII si\u00e8cle, \u00ab\u00a0la pure simplicit\u00e9 et l&rsquo;humble d\u00e9votion\u00a0\u00bb du peuple se heurta avec la \u00ab\u00a0science\u00a0\u00bb des riches et des savants.<\/p>\n<p>Nombreux furent les facteurs de diffusion de l&rsquo;Immacul\u00e9e Conception\u00a0: la pr\u00e9dication franciscaine, et en g\u00e9n\u00e9ral toutes les formes de pr\u00e9dication populaires\u00a0;\u00a0 la naissance de confr\u00e9ries qui faisaient de l\u2019immacul\u00e9e Conception leur \u00e9tendard et leur proclamation, et dont les membres \u00e9taient pr\u00eats \u00e0 en d\u00e9fendre l&rsquo;authenticit\u00e9 jusqu&rsquo;\u00e0 la mort\u00a0; les apparitions mariales, de celles de rue du Bac (1830) \u00e0 celles de Lourdes du 25 mars 1858, quand Marie apparut \u00e0 Sainte Bernadette et se pr\u00e9senta \u00e0 elle avec la phrase\u00a0: \u00ab\u00a0Je suis l&rsquo;Immacul\u00e9e Conception\u00a0\u00bb.<\/p>\n<h2>La F\u00eate de l&rsquo;Immacul\u00e9e Conception et la Neuvaine<\/h2>\n<p>La Nativit\u00e9 de Marie \u00e9tait d\u00e9j\u00e0 f\u00eat\u00e9e en Orient d\u00e8s la fin du VI si\u00e8cle. \u00c0 partir du IX si\u00e8cle, la f\u00eate de la Conception de Marie fit son apparition \u00e0 Naples. De l&rsquo;Italie M\u00e9ridionale, elle fut \u00e9galement introduite en Angleterre et ensuite, gr\u00e2ce aussi \u00e0 la conqu\u00eates des Normands, elle se diffusa en Europe. Elle fut officiellement reconnue seulement en 1708.<\/p>\n<p>Le 8 d\u00e9cembre du 1857, pape Pie IX reconnut le dogme et d\u00e9finit les modalit\u00e9s de festivit\u00e9s et c\u00e9l\u00e9brations. Il b\u00e9nit \u00e0 Rome un monument plac\u00e9 sur la Piazza Mignianelli, pr\u00e8s de la Piazza di Spagna, d\u00e9di\u00e9 \u00e0 Marie Immacul\u00e9e, et il l&rsquo;honora avec une offrande de fleurs. Depuis lors, la tradition veut qu&rsquo;<strong>\u00e0 l&rsquo;occasion du 8 d\u00e9cembre, le Pape sorte du Vatican et se rende en personne sur la Piazza di Spagna, afin d&rsquo;y amener des fleurs fra\u00eeches comme offrande \u00e0 la Vierge Immacul\u00e9e<\/strong> et diriger la pri\u00e8re populaire avec la lecture d&rsquo;un extrait des Saintes \u00c9critures et un de la Doctrine de l&rsquo;\u00c9glise. La c\u00e9l\u00e9bration est suivie par la proclamation de pri\u00e8res litaniques et accompagn\u00e9e de chants mariaux. La f\u00eate est pr\u00e9c\u00e9d\u00e9e par une neuvaine, neuf jour pendant lesquels on \u00e9nonce une s\u00e9rie de pri\u00e8res de d\u00e9votion, qui d\u00e9bute le 29 novembre et poursuit jusqu&rsquo;au 7 d\u00e9cembre, jour de la veille de la solennit\u00e9 de l&rsquo;Immacul\u00e9e Conception. <strong>Cette neuvaine pr\u00e9pare les fid\u00e8les \u00e0 accueillir avec une \u00e2mes pures et bien pr\u00e9dispos\u00e9e la solennit\u00e9 du 8 d\u00e9cembre, en dans de nombreux cas est un instrument de foi et de d\u00e9votion pour recevoir une gr\u00e2ce.<\/strong><\/p>\n<h2><strong>\u00a0<\/strong>L\u2019Immacul\u00e9e Conception dans l&rsquo;art<\/h2>\n<figure id=\"attachment_1267\" aria-describedby=\"caption-attachment-1267\" style=\"width: 300px\" class=\"wp-caption alignleft\"><img loading=\"lazy\" decoding=\"async\" class=\"alignleft size-medium wp-image-1267\" src=\"https:\/\/blog.holyart.it\/fr\/wp-content\/uploads\/sites\/14\/2019\/02\/Statue-de-madone-immacul\u00e9e-300x300.jpg\" alt=\"Statue de madone immacul\u00e9e\" width=\"300\" height=\"300\" \/><figcaption id=\"caption-attachment-1267\" class=\"wp-caption-text\"><center><strong><a href=\"https:\/\/www.holyart.fr\/produits\/statues-vierge-marie.php\">Plus de 1000 statues<\/a><\/strong><br \/><a href=\"https:\/\/www.holyart.fr\/produits\/statues-vierge-marie.php\"><button class=\"bottoneacquista\" style=\"vertical-align: middle;\">Acheter sur Holyart<\/button><\/a><\/center><\/figcaption><\/figure>\n<p>Nous disions donc que la d\u00e9votion populaire a tout de suite adopt\u00e9 cet aspect particulier de la vie et de la saintet\u00e9 de Marie. Les manifestations artistiques en ce sens apparurent tr\u00e8s rapidement\u00a0: le th\u00e8me pictural de l&rsquo;Immacul\u00e9e Conception se d\u00e9veloppa tout d&rsquo;abord dans l&rsquo;Italie du Sud et en Espagne, autour de la fin du XV si\u00e8cle. En raison de la diatribe en cours au niveau th\u00e9ologique, par contre, les repr\u00e9sentations les plus anciennes ont la tendance \u00e0 \u00eatre cryptiques, ambigu\u00ebs, \u00e0 laisser \u00e0 l&rsquo;observateur de tableaux ou <a href=\"https:\/\/www.holyart.fr\/produits\/statues-vierge-marie.php\"><strong>statues de la Vierge<\/strong><\/a> la possibilit\u00e9 de tirer ses propres conclusions. Certains artistes ont anticip\u00e9 le dogme, d\u00e9j\u00e0 \u00e0 la fin du Moyen \u00c5ge, avec les repr\u00e9sentations de Joachim et de Anne, les parents \u00e2g\u00e9s de Marie, qui laissent deviner quelque chose d&rsquo;extraordinaire dans le fruit de leur union. D&rsquo;autres \u0153uvres anciennes sugg\u00e8rent que Dieu planifia son existence d\u00e9j\u00e0 avant la naissance, en la rendant pr\u00eate pour recevoir son appel. Dans certaines repr\u00e9sentations, Marie est repr\u00e9sent\u00e9e avec des caract\u00e9ristiques qui permettent de d\u00e9duire qu&rsquo;il s&rsquo;agit d&rsquo;une cr\u00e9ature humaine investie d&rsquo;en haut d&rsquo;attributs surnaturels\u00a0: position, v\u00eatements, la mani\u00e8re dont la lumi\u00e8re l&rsquo;entoure, le ventre \u00e9manant des rayons de lumi\u00e8re. Par exemple, dans La Vierge aux rochers de L\u00e9onard de Vinci, Marie appara\u00eet dans toute sa splendide humanit\u00e9, comme une m\u00e8re d\u00e9sireuse de prot\u00e9ger son fils, et en m\u00eame temps ses gestes sugg\u00e8rent la pleine acceptation de la volont\u00e9 de Dieu, la r\u00e9signation au destin par Lui choisi pour elle et pour J\u00e9sus, une totale acceptation qui peut uniquement venir d&rsquo;une cr\u00e9ature con\u00e7ue sans p\u00each\u00e9. <strong>Apr\u00e8s le XV si\u00e8cle et suite \u00e0 la Contre-R\u00e9forme, les \u0153uvres d&rsquo;art d\u00e9virent plus explicites<\/strong>. Nous avons alors un \u00ab\u00a0sch\u00e9ma d\u00e9finitif\u00a0\u00bb de la Vierge Immacul\u00e9e dans des \u0153uvres comme l&rsquo;Immacul\u00e9e de\u00a0 Gianbattista Tiepolo, peinte entre le 1732 et le 1734. L&rsquo;Immacul\u00e9e de Tiepolo est une femme v\u00eatue de soleil et couronn\u00e9e d&rsquo;\u00e9toiles, avec la t\u00eate dans le ciel, mais le visage tourn\u00e9 vers la terre, verre le peuple de Dieu auquel elle s&rsquo;adresse avec sa piti\u00e9 maternelle. Elle a sous ses pieds la lune, symbole de la nature humaine\u00a0 soumise au p\u00each\u00e9, mais elle est entour\u00e9e par le soleil, par la lumi\u00e8re divine qui la purifie et la rend int\u00e8gre. Ses pieds \u00e9crasent aussi le serpent, qui rappelle \u00c8ve, la premi\u00e8re femme, celle qui se t\u00e2cha du p\u00e9ch\u00e9 originel, et dans cette repr\u00e9sentation l&rsquo;artiste confirme le r\u00f4le de Marie en tant que nouvelle \u00c8ve, sans t\u00e2che, immacul\u00e9e, pr\u00e9destin\u00e9e depuis toujours \u00e0 donner une deuxi\u00e8me possibilit\u00e9 au monde.<\/p>\n<h2>Les apparitions de la Vierge Immacul\u00e9e<\/h2>\n<p>Nous devons attendre les apparitions de Rue du Bac d&rsquo;abord et ensuite de Lourdes pour que l&rsquo;iconographie de la Vierge Immacul\u00e9e atteigne sa pleine cons\u00e9cration, qui reste en vogue encore aujourd&rsquo;hui.<\/p>\n<p>Sainte Catherine Labour\u00e9 (Fain-l\u00e8s-Moutiers), jeune religieuse fran\u00e7aise, vit plusieurs fois la Sainte Vierge et parla longuement avec elle. Dans ces visions, Sainte Catherine voyait Marie debout sur un globe serr\u00e9 dans l&rsquo;\u00e9treinte d&rsquo;un serpent, avec ses mains qui \u00e9manaient des faisceaux de lumi\u00e8re et, autour de sa t\u00eate, comme une aur\u00e9oles, la phrase \u00ab\u00a0\u00d4 Marie, con\u00e7ue sans p\u00each\u00e9, priez pour nous qui avons recours \u00e0 Vous\u00a0\u00bb. La Vierge demanda \u00e0 Catherine de faire frapper une m\u00e9daille qui la repr\u00e9sentait de cette mani\u00e8re et naquit ainsi la <strong>M\u00e9daille Miraculeuse<\/strong>. \u00c0 Lourdes, par contre, marie apparut plusieurs fois \u00e0 Sainte Bernadette comme une belle dame v\u00eatue de blanc et avec une ceinture bleue, qui lui parlait avec une douceur infinie. Le 25 mars 1858 elle se pr\u00e9senta \u00e0 elle en lui disant\u00a0: \u00ab\u00a0Je suis l&rsquo;Immacul\u00e9e Conception\u00a0\u00bb. Bernadette \u00e9tait une petite berg\u00e8re analphab\u00e8te et en pouvait rien savoir du dogme de l&rsquo;Immacul\u00e9e Conception et du d\u00e9bat qui depuis des si\u00e8cles partageait l&rsquo;\u00c9glise \u00e0 ce propos. Cette r\u00e9v\u00e9lation fit en sorte que beaucoup de sceptiques reconnaissent comme authentiques ses d\u00e9clarations et trouvent confirmation en elles de ce que Pape Pie IX avait promulgu\u00e9 avec la bulle papale Ineffabilis Deus uniquement 4 ans auparavant.<\/p>\n<h2>L\u2019Immacul\u00e9e Conception expliqu\u00e9e aux enfants<\/h2>\n<p>L&rsquo;Immacul\u00e9e Conception est un myst\u00e8re profond et fascinant, qui nous r\u00e9v\u00e8le un aspect de la figure de Marie qui m\u00e9riterait d&rsquo;infinies dissertations et approfondissements. En m\u00eame temps, m\u00eame un enfant pourrait comprendre combien soit pr\u00e9cieux le don que Dieu a fait \u00e0 cette jeune fille simple et humble, comment il l&rsquo;ait rendue sp\u00e9ciale parmi toutes les femmes. Si nous devions expliquer le myst\u00e8re de l&rsquo;Immacul\u00e9e Conception \u00e0 un enfant, nous devrions lui raconter de Marie, une fille comme les autres, qui vivait avec maman et papa et qui r\u00eavait d&rsquo;une vie faite de <img loading=\"lazy\" decoding=\"async\" class=\"alignright size-medium wp-image-1269\" src=\"https:\/\/blog.holyart.it\/fr\/wp-content\/uploads\/sites\/14\/2019\/02\/La-conception-immacul\u00e9e-expliqu\u00e9e-aux-enfants-300x300.jpg\" alt=\"La conception immacul\u00e9e expliqu\u00e9e aux enfants\" width=\"300\" height=\"300\" \/>choses simples, d&rsquo;une famille, d&rsquo;un \u00e9poux, de beaucoup d&rsquo;enfants, et de comment <strong>un jour un magnifique ange lui apparut<\/strong> et s&rsquo;adressa \u00e0 elle en disant\u00a0: \u00ab\u00a0Je vous salue, Pleine de Gr\u00e2ce. Le Seigneur est avec vous\u00a0\u00bb. Car, en r\u00e9alit\u00e9, Marie n&rsquo;\u00e9tait pas une jeune fille comme les autres, pas du tout\u00a0! Dieu l&rsquo;avait choisi pour une chose tr\u00e8s sp\u00e9ciale, une chose qu&rsquo;Il avait d\u00e9cid\u00e9 depuis tr\u00e8s longtemps, bien avant que Marie ne vienne au monde, avant m\u00eame qu&rsquo;elle soit con\u00e7ue dans le ventre de sa maman, Saint Anne. <strong>Dieu avait d\u00e9cid\u00e9 que Marie aurait \u00e9t\u00e9 la maman de J\u00e9sus<\/strong>. En effet, le magnifique ange, qui s&rsquo;appelait Gabriel, lui parla avec douceur et lui dit qu&rsquo;un jour elle aurait eu un enfant, un enfant tr\u00e8s sp\u00e9cial, car il serait J\u00e9sus, le fils de Dieu. Mais Dieu, qui est tr\u00e8s bon et sait tout, ne pouvait bien \u00e9videmment pas choisir une fille quelconque comme maman pour son seul et unique fils. C&rsquo;est ainsi que, bien avant que Marie ne naisse, Il avait d\u00e9cid\u00e9 qu&rsquo;elle aurait \u00e9t\u00e9 pure, immacul\u00e9e, comme la neige, qu&rsquo;elle serait n\u00e9e sans p\u00each\u00e9 originel et qu&rsquo;elle n&rsquo;aurait commis aucun p\u00each\u00e9 dans sa vie, tout en pouvant choisir, \u00e0 tout instant de sa vie, entre le bien et le mal. Marie, qui \u00e9tait vraiment une jeune fille sp\u00e9ciale, car elle \u00e9tait gentille, judicieuse et pleine d&rsquo;amour, choisit de se fier \u00e0 Dieu, et elle le fit avec joie et humilit\u00e9, en disant \u00e0 l&rsquo;ange Gabriel\u00a0: \u00ab\u00a0Voici la servante du Seigneur\u00a0\u00bb. C&rsquo;est ce que chacun de nous devrait faire chaque jour, faire confiance \u00e0 Dieu et se fier \u00e0 Lui quand Il nous appelle par notre pr\u00e9nom et Il nous demande d&rsquo;affronter m\u00eame des \u00e9preuves difficiles. \u00c0 diff\u00e9rence de Marie, nous sommes n\u00e9s avec le p\u00e9ch\u00e9 originel sur nos \u00e9paules, mais le Bapt\u00eame nous l&rsquo;a enlev\u00e9, et depuis cet instant-l\u00e0 nous pouvons choisir entre le bien et le mal, choisir si \u00eatre bons et \u00ab\u00a0sp\u00e9ciaux\u00a0\u00bb comme Marie l&rsquo;a fait.<\/p>\n","protected":false},"excerpt":{"rendered":"<p>L\u2019Immacul\u00e9e Conception est un dogme de l&rsquo;\u00c9glise catholique qui \u00e9tablit comment, malgr\u00e9 le fait d&rsquo;avoir \u00e9t\u00e9 con\u00e7ue et d&rsquo;\u00eatre n\u00e9e d&rsquo;un couple de mortels (sainte Anne et saint Joachim), la Vierge Marie naquit pure, jamais touch\u00e9e par le p\u00e9ch\u00e9 originel, comme cela arrive \u00e0 tous&hellip;<\/p>\n","protected":false},"author":1,"featured_media":6457,"comment_status":"closed","ping_status":"open","sticky":false,"template":"","format":"standard","meta":{"_acf_changed":false,"footnotes":""},"categories":[7],"tags":[],"class_list":["post-1266","post","type-post","status-publish","format-standard","has-post-thumbnail","hentry","category-saints-et-bienheureux"],"acf":[],"yoast_head":"<!-- This site is optimized with the Yoast SEO plugin v26.6 - https:\/\/yoast.com\/wordpress\/plugins\/seo\/ -->\n<title>L&#039;Immacul\u00e9e Conception de la Vierge Marie - Holyart.fr Blog<\/title>\n<meta name=\"description\" content=\"L&#039;Immacul\u00e9e Conception est un dogme de l&#039;\u00c9glise catholique et affirme que la Vierge Marie est n\u00e9e pure, jamais touch\u00e9e par le p\u00e9ch\u00e9 originel.\" \/>\n<meta name=\"robots\" content=\"index, follow, max-snippet:-1, max-image-preview:large, max-video-preview:-1\" \/>\n<link rel=\"canonical\" href=\"https:\/\/blog.holyart.it\/fr\/saints-et-bienheureux\/limmaculee-conception\/\" \/>\n<meta property=\"og:locale\" content=\"fr_FR\" \/>\n<meta property=\"og:type\" content=\"article\" \/>\n<meta property=\"og:title\" content=\"L&#039;Immacul\u00e9e Conception de la Vierge Marie - Holyart.fr Blog\" \/>\n<meta property=\"og:description\" content=\"L&#039;Immacul\u00e9e Conception est un dogme de l&#039;\u00c9glise catholique et affirme que la Vierge Marie est n\u00e9e pure, jamais touch\u00e9e par le p\u00e9ch\u00e9 originel.\" \/>\n<meta property=\"og:url\" content=\"https:\/\/blog.holyart.it\/fr\/saints-et-bienheureux\/limmaculee-conception\/\" \/>\n<meta property=\"og:site_name\" content=\"Holyart.fr Blog\" \/>\n<meta property=\"article:published_time\" content=\"2019-02-05T11:39:03+00:00\" \/>\n<meta property=\"article:modified_time\" content=\"2023-05-26T08:24:47+00:00\" \/>\n<meta property=\"og:image\" content=\"https:\/\/blog.holyart.it\/fr\/wp-content\/uploads\/sites\/14\/2019\/02\/conception-immaculee-copertina.jpg\" \/>\n\t<meta property=\"og:image:width\" content=\"1000\" \/>\n\t<meta property=\"og:image:height\" content=\"666\" \/>\n\t<meta property=\"og:image:type\" content=\"image\/jpeg\" \/>\n<meta name=\"author\" content=\"Redazione\" \/>\n<meta name=\"twitter:card\" content=\"summary_large_image\" \/>\n<meta name=\"twitter:label1\" content=\"\u00c9crit par\" \/>\n\t<meta name=\"twitter:data1\" content=\"Redazione\" \/>\n\t<meta name=\"twitter:label2\" content=\"Dur\u00e9e de lecture estim\u00e9e\" \/>\n\t<meta name=\"twitter:data2\" content=\"11 minutes\" \/>\n<script type=\"application\/ld+json\" class=\"yoast-schema-graph\">{\"@context\":\"https:\/\/schema.org\",\"@graph\":[{\"@type\":\"Article\",\"@id\":\"https:\/\/blog.holyart.it\/fr\/saints-et-bienheureux\/limmaculee-conception\/#article\",\"isPartOf\":{\"@id\":\"https:\/\/blog.holyart.it\/fr\/saints-et-bienheureux\/limmaculee-conception\/\"},\"author\":{\"name\":\"Redazione\",\"@id\":\"https:\/\/blog.holyart.it\/fr\/#\/schema\/person\/0a7b686e5af0f856ec1e390dd0baecda\"},\"headline\":\"L&rsquo;Immacul\u00e9e Conception de la Vierge Marie\",\"datePublished\":\"2019-02-05T11:39:03+00:00\",\"dateModified\":\"2023-05-26T08:24:47+00:00\",\"mainEntityOfPage\":{\"@id\":\"https:\/\/blog.holyart.it\/fr\/saints-et-bienheureux\/limmaculee-conception\/\"},\"wordCount\":2299,\"publisher\":{\"@id\":\"https:\/\/blog.holyart.it\/fr\/#organization\"},\"image\":{\"@id\":\"https:\/\/blog.holyart.it\/fr\/saints-et-bienheureux\/limmaculee-conception\/#primaryimage\"},\"thumbnailUrl\":\"https:\/\/blog.holyart.it\/fr\/wp-content\/uploads\/sites\/14\/2019\/02\/conception-immaculee-copertina.jpg\",\"articleSection\":[\"Saints et Bienheureux\"],\"inLanguage\":\"fr-FR\"},{\"@type\":\"WebPage\",\"@id\":\"https:\/\/blog.holyart.it\/fr\/saints-et-bienheureux\/limmaculee-conception\/\",\"url\":\"https:\/\/blog.holyart.it\/fr\/saints-et-bienheureux\/limmaculee-conception\/\",\"name\":\"L'Immacul\u00e9e Conception de la Vierge Marie - Holyart.fr Blog\",\"isPartOf\":{\"@id\":\"https:\/\/blog.holyart.it\/fr\/#website\"},\"primaryImageOfPage\":{\"@id\":\"https:\/\/blog.holyart.it\/fr\/saints-et-bienheureux\/limmaculee-conception\/#primaryimage\"},\"image\":{\"@id\":\"https:\/\/blog.holyart.it\/fr\/saints-et-bienheureux\/limmaculee-conception\/#primaryimage\"},\"thumbnailUrl\":\"https:\/\/blog.holyart.it\/fr\/wp-content\/uploads\/sites\/14\/2019\/02\/conception-immaculee-copertina.jpg\",\"datePublished\":\"2019-02-05T11:39:03+00:00\",\"dateModified\":\"2023-05-26T08:24:47+00:00\",\"description\":\"L'Immacul\u00e9e Conception est un dogme de l'\u00c9glise catholique et affirme que la Vierge Marie est n\u00e9e pure, jamais touch\u00e9e par le p\u00e9ch\u00e9 originel.\",\"breadcrumb\":{\"@id\":\"https:\/\/blog.holyart.it\/fr\/saints-et-bienheureux\/limmaculee-conception\/#breadcrumb\"},\"inLanguage\":\"fr-FR\",\"potentialAction\":[{\"@type\":\"ReadAction\",\"target\":[\"https:\/\/blog.holyart.it\/fr\/saints-et-bienheureux\/limmaculee-conception\/\"]}]},{\"@type\":\"ImageObject\",\"inLanguage\":\"fr-FR\",\"@id\":\"https:\/\/blog.holyart.it\/fr\/saints-et-bienheureux\/limmaculee-conception\/#primaryimage\",\"url\":\"https:\/\/blog.holyart.it\/fr\/wp-content\/uploads\/sites\/14\/2019\/02\/conception-immaculee-copertina.jpg\",\"contentUrl\":\"https:\/\/blog.holyart.it\/fr\/wp-content\/uploads\/sites\/14\/2019\/02\/conception-immaculee-copertina.jpg\",\"width\":1000,\"height\":666,\"caption\":\"conception immaculee copertina\"},{\"@type\":\"BreadcrumbList\",\"@id\":\"https:\/\/blog.holyart.it\/fr\/saints-et-bienheureux\/limmaculee-conception\/#breadcrumb\",\"itemListElement\":[{\"@type\":\"ListItem\",\"position\":1,\"name\":\"Homepage\",\"item\":\"https:\/\/blog.holyart.it\/fr\/\"},{\"@type\":\"ListItem\",\"position\":2,\"name\":\"Saints et Bienheureux\",\"item\":\"https:\/\/blog.holyart.it\/fr\/saints-et-bienheureux\/\"},{\"@type\":\"ListItem\",\"position\":3,\"name\":\"L&#8217;Immacul\u00e9e Conception de la Vierge Marie\"}]},{\"@type\":\"WebSite\",\"@id\":\"https:\/\/blog.holyart.it\/fr\/#website\",\"url\":\"https:\/\/blog.holyart.it\/fr\/\",\"name\":\"Holyart.fr Blog\",\"description\":\"Holyblog\",\"publisher\":{\"@id\":\"https:\/\/blog.holyart.it\/fr\/#organization\"},\"potentialAction\":[{\"@type\":\"SearchAction\",\"target\":{\"@type\":\"EntryPoint\",\"urlTemplate\":\"https:\/\/blog.holyart.it\/fr\/?s={search_term_string}\"},\"query-input\":{\"@type\":\"PropertyValueSpecification\",\"valueRequired\":true,\"valueName\":\"search_term_string\"}}],\"inLanguage\":\"fr-FR\"},{\"@type\":\"Organization\",\"@id\":\"https:\/\/blog.holyart.it\/fr\/#organization\",\"name\":\"Holyart.fr Blog\",\"url\":\"https:\/\/blog.holyart.it\/fr\/\",\"logo\":{\"@type\":\"ImageObject\",\"inLanguage\":\"fr-FR\",\"@id\":\"https:\/\/blog.holyart.it\/fr\/#\/schema\/logo\/image\/\",\"url\":\"https:\/\/blog.holyart.it\/fr\/wp-content\/uploads\/sites\/14\/2022\/12\/Holyart_Blog_Logo.jpg\",\"contentUrl\":\"https:\/\/blog.holyart.it\/fr\/wp-content\/uploads\/sites\/14\/2022\/12\/Holyart_Blog_Logo.jpg\",\"width\":300,\"height\":50,\"caption\":\"Holyart.fr Blog\"},\"image\":{\"@id\":\"https:\/\/blog.holyart.it\/fr\/#\/schema\/logo\/image\/\"}},{\"@type\":\"Person\",\"@id\":\"https:\/\/blog.holyart.it\/fr\/#\/schema\/person\/0a7b686e5af0f856ec1e390dd0baecda\",\"name\":\"Redazione\",\"image\":{\"@type\":\"ImageObject\",\"inLanguage\":\"fr-FR\",\"@id\":\"https:\/\/blog.holyart.it\/fr\/#\/schema\/person\/image\/\",\"url\":\"https:\/\/secure.gravatar.com\/avatar\/f477da817f43e50d0af36abecd33e3edf826c68299714bdc1057dff3b113f516?s=96&d=mm&r=g\",\"contentUrl\":\"https:\/\/secure.gravatar.com\/avatar\/f477da817f43e50d0af36abecd33e3edf826c68299714bdc1057dff3b113f516?s=96&d=mm&r=g\",\"caption\":\"Redazione\"},\"url\":\"https:\/\/blog.holyart.it\/fr\/author\/admin\/\"}]}<\/script>\n<!-- \/ Yoast SEO plugin. -->","yoast_head_json":{"title":"L'Immacul\u00e9e Conception de la Vierge Marie - Holyart.fr Blog","description":"L'Immacul\u00e9e Conception est un dogme de l'\u00c9glise catholique et affirme que la Vierge Marie est n\u00e9e pure, jamais touch\u00e9e par le p\u00e9ch\u00e9 originel.","robots":{"index":"index","follow":"follow","max-snippet":"max-snippet:-1","max-image-preview":"max-image-preview:large","max-video-preview":"max-video-preview:-1"},"canonical":"https:\/\/blog.holyart.it\/fr\/saints-et-bienheureux\/limmaculee-conception\/","og_locale":"fr_FR","og_type":"article","og_title":"L'Immacul\u00e9e Conception de la Vierge Marie - Holyart.fr Blog","og_description":"L'Immacul\u00e9e Conception est un dogme de l'\u00c9glise catholique et affirme que la Vierge Marie est n\u00e9e pure, jamais touch\u00e9e par le p\u00e9ch\u00e9 originel.","og_url":"https:\/\/blog.holyart.it\/fr\/saints-et-bienheureux\/limmaculee-conception\/","og_site_name":"Holyart.fr Blog","article_published_time":"2019-02-05T11:39:03+00:00","article_modified_time":"2023-05-26T08:24:47+00:00","og_image":[{"width":1000,"height":666,"url":"https:\/\/blog.holyart.it\/fr\/wp-content\/uploads\/sites\/14\/2019\/02\/conception-immaculee-copertina.jpg","type":"image\/jpeg"}],"author":"Redazione","twitter_card":"summary_large_image","twitter_misc":{"\u00c9crit par":"Redazione","Dur\u00e9e de lecture estim\u00e9e":"11 minutes"},"schema":{"@context":"https:\/\/schema.org","@graph":[{"@type":"Article","@id":"https:\/\/blog.holyart.it\/fr\/saints-et-bienheureux\/limmaculee-conception\/#article","isPartOf":{"@id":"https:\/\/blog.holyart.it\/fr\/saints-et-bienheureux\/limmaculee-conception\/"},"author":{"name":"Redazione","@id":"https:\/\/blog.holyart.it\/fr\/#\/schema\/person\/0a7b686e5af0f856ec1e390dd0baecda"},"headline":"L&rsquo;Immacul\u00e9e Conception de la Vierge Marie","datePublished":"2019-02-05T11:39:03+00:00","dateModified":"2023-05-26T08:24:47+00:00","mainEntityOfPage":{"@id":"https:\/\/blog.holyart.it\/fr\/saints-et-bienheureux\/limmaculee-conception\/"},"wordCount":2299,"publisher":{"@id":"https:\/\/blog.holyart.it\/fr\/#organization"},"image":{"@id":"https:\/\/blog.holyart.it\/fr\/saints-et-bienheureux\/limmaculee-conception\/#primaryimage"},"thumbnailUrl":"https:\/\/blog.holyart.it\/fr\/wp-content\/uploads\/sites\/14\/2019\/02\/conception-immaculee-copertina.jpg","articleSection":["Saints et Bienheureux"],"inLanguage":"fr-FR"},{"@type":"WebPage","@id":"https:\/\/blog.holyart.it\/fr\/saints-et-bienheureux\/limmaculee-conception\/","url":"https:\/\/blog.holyart.it\/fr\/saints-et-bienheureux\/limmaculee-conception\/","name":"L'Immacul\u00e9e Conception de la Vierge Marie - Holyart.fr Blog","isPartOf":{"@id":"https:\/\/blog.holyart.it\/fr\/#website"},"primaryImageOfPage":{"@id":"https:\/\/blog.holyart.it\/fr\/saints-et-bienheureux\/limmaculee-conception\/#primaryimage"},"image":{"@id":"https:\/\/blog.holyart.it\/fr\/saints-et-bienheureux\/limmaculee-conception\/#primaryimage"},"thumbnailUrl":"https:\/\/blog.holyart.it\/fr\/wp-content\/uploads\/sites\/14\/2019\/02\/conception-immaculee-copertina.jpg","datePublished":"2019-02-05T11:39:03+00:00","dateModified":"2023-05-26T08:24:47+00:00","description":"L'Immacul\u00e9e Conception est un dogme de l'\u00c9glise catholique et affirme que la Vierge Marie est n\u00e9e pure, jamais touch\u00e9e par le p\u00e9ch\u00e9 originel.","breadcrumb":{"@id":"https:\/\/blog.holyart.it\/fr\/saints-et-bienheureux\/limmaculee-conception\/#breadcrumb"},"inLanguage":"fr-FR","potentialAction":[{"@type":"ReadAction","target":["https:\/\/blog.holyart.it\/fr\/saints-et-bienheureux\/limmaculee-conception\/"]}]},{"@type":"ImageObject","inLanguage":"fr-FR","@id":"https:\/\/blog.holyart.it\/fr\/saints-et-bienheureux\/limmaculee-conception\/#primaryimage","url":"https:\/\/blog.holyart.it\/fr\/wp-content\/uploads\/sites\/14\/2019\/02\/conception-immaculee-copertina.jpg","contentUrl":"https:\/\/blog.holyart.it\/fr\/wp-content\/uploads\/sites\/14\/2019\/02\/conception-immaculee-copertina.jpg","width":1000,"height":666,"caption":"conception immaculee copertina"},{"@type":"BreadcrumbList","@id":"https:\/\/blog.holyart.it\/fr\/saints-et-bienheureux\/limmaculee-conception\/#breadcrumb","itemListElement":[{"@type":"ListItem","position":1,"name":"Homepage","item":"https:\/\/blog.holyart.it\/fr\/"},{"@type":"ListItem","position":2,"name":"Saints et Bienheureux","item":"https:\/\/blog.holyart.it\/fr\/saints-et-bienheureux\/"},{"@type":"ListItem","position":3,"name":"L&#8217;Immacul\u00e9e Conception de la Vierge Marie"}]},{"@type":"WebSite","@id":"https:\/\/blog.holyart.it\/fr\/#website","url":"https:\/\/blog.holyart.it\/fr\/","name":"Holyart.fr Blog","description":"Holyblog","publisher":{"@id":"https:\/\/blog.holyart.it\/fr\/#organization"},"potentialAction":[{"@type":"SearchAction","target":{"@type":"EntryPoint","urlTemplate":"https:\/\/blog.holyart.it\/fr\/?s={search_term_string}"},"query-input":{"@type":"PropertyValueSpecification","valueRequired":true,"valueName":"search_term_string"}}],"inLanguage":"fr-FR"},{"@type":"Organization","@id":"https:\/\/blog.holyart.it\/fr\/#organization","name":"Holyart.fr Blog","url":"https:\/\/blog.holyart.it\/fr\/","logo":{"@type":"ImageObject","inLanguage":"fr-FR","@id":"https:\/\/blog.holyart.it\/fr\/#\/schema\/logo\/image\/","url":"https:\/\/blog.holyart.it\/fr\/wp-content\/uploads\/sites\/14\/2022\/12\/Holyart_Blog_Logo.jpg","contentUrl":"https:\/\/blog.holyart.it\/fr\/wp-content\/uploads\/sites\/14\/2022\/12\/Holyart_Blog_Logo.jpg","width":300,"height":50,"caption":"Holyart.fr Blog"},"image":{"@id":"https:\/\/blog.holyart.it\/fr\/#\/schema\/logo\/image\/"}},{"@type":"Person","@id":"https:\/\/blog.holyart.it\/fr\/#\/schema\/person\/0a7b686e5af0f856ec1e390dd0baecda","name":"Redazione","image":{"@type":"ImageObject","inLanguage":"fr-FR","@id":"https:\/\/blog.holyart.it\/fr\/#\/schema\/person\/image\/","url":"https:\/\/secure.gravatar.com\/avatar\/f477da817f43e50d0af36abecd33e3edf826c68299714bdc1057dff3b113f516?s=96&d=mm&r=g","contentUrl":"https:\/\/secure.gravatar.com\/avatar\/f477da817f43e50d0af36abecd33e3edf826c68299714bdc1057dff3b113f516?s=96&d=mm&r=g","caption":"Redazione"},"url":"https:\/\/blog.holyart.it\/fr\/author\/admin\/"}]}},"_links":{"self":[{"href":"https:\/\/blog.holyart.it\/fr\/wp-json\/wp\/v2\/posts\/1266","targetHints":{"allow":["GET"]}}],"collection":[{"href":"https:\/\/blog.holyart.it\/fr\/wp-json\/wp\/v2\/posts"}],"about":[{"href":"https:\/\/blog.holyart.it\/fr\/wp-json\/wp\/v2\/types\/post"}],"author":[{"embeddable":true,"href":"https:\/\/blog.holyart.it\/fr\/wp-json\/wp\/v2\/users\/1"}],"replies":[{"embeddable":true,"href":"https:\/\/blog.holyart.it\/fr\/wp-json\/wp\/v2\/comments?post=1266"}],"version-history":[{"count":1,"href":"https:\/\/blog.holyart.it\/fr\/wp-json\/wp\/v2\/posts\/1266\/revisions"}],"predecessor-version":[{"id":6458,"href":"https:\/\/blog.holyart.it\/fr\/wp-json\/wp\/v2\/posts\/1266\/revisions\/6458"}],"wp:featuredmedia":[{"embeddable":true,"href":"https:\/\/blog.holyart.it\/fr\/wp-json\/wp\/v2\/media\/6457"}],"wp:attachment":[{"href":"https:\/\/blog.holyart.it\/fr\/wp-json\/wp\/v2\/media?parent=1266"}],"wp:term":[{"taxonomy":"category","embeddable":true,"href":"https:\/\/blog.holyart.it\/fr\/wp-json\/wp\/v2\/categories?post=1266"},{"taxonomy":"post_tag","embeddable":true,"href":"https:\/\/blog.holyart.it\/fr\/wp-json\/wp\/v2\/tags?post=1266"}],"curies":[{"name":"wp","href":"https:\/\/api.w.org\/{rel}","templated":true}]}}