{"id":12303,"date":"2026-04-15T10:00:10","date_gmt":"2026-04-15T08:00:10","guid":{"rendered":"https:\/\/blog.holyart.it\/fr\/?p=12303"},"modified":"2026-04-28T10:46:27","modified_gmt":"2026-04-28T08:46:27","slug":"saint-marc-evangeliste-le-disciple-des-saints-pierre-et-paul","status":"publish","type":"post","link":"https:\/\/blog.holyart.it\/fr\/articles-religieux\/saint-marc-evangeliste-le-disciple-des-saints-pierre-et-paul\/","title":{"rendered":"Saint Marc \u00c9vang\u00e9liste : le disciple des saints Pierre et Paul"},"content":{"rendered":"<h4>Saint Marc \u00c9vang\u00e9liste, saint patron de Venise, fut missionnaire avec Saint Paul, disciple de Saint Pierre. Il fonda l\u2019\u00e9glise copte en \u00c9gypte et \u00e9crit le premier des quatre \u00c9vangile canonique. Voici son histoire.<\/h4>\n\n<p>Non ne savons pas grand-chose concernant Saint Marc \u00c9vang\u00e9liste, qui fut <a href=\"https:\/\/www.holyart.fr\/blog\/saints-et-bienheureux\/foudroye-sur-la-route-de-damas-dou-vient-cette-expression\/\"><strong>disciple de Saint Paul<\/strong><\/a>, et que <strong>Saint Pierre<\/strong> appelait son \u00ab\u00a0fils\u00a0\u00bb. Il est mentionn\u00e9 par les deux saints en question et on lit de brefs passages dans les <em>Actes des Ap\u00f4tres<\/em> et dans certains documents apocryphes. Et pourtant son importance est ind\u00e9niable, consid\u00e9rant que son <strong>\u00c9vangile<\/strong> est un des <strong>quatre \u00c9vangile canoniques de la religion chr\u00e9tienne<\/strong>, utilis\u00e9 comme source principale par Matthieu et Luc pour leurs \u00c9vangiles respectifs. \u00c9crit en grec, probablement \u00e0 Rome autour du 70 apr. J.-C., l\u2019<strong>\u00c9vangile de Marc <\/strong>est en effet <strong>le plus ancien des \u00c9vangiles<\/strong>, et \u00e9galement le plus concis. Il se compose de 16 chapitres et se focalise en particulier sur la <strong>mission de J\u00e9sus<\/strong>, d\u00e9fini Fils de Dieu, exorciste, gu\u00e9risseur, homme d\u2019action, et sur la <strong>difficult\u00e9 de la part des disciples de comprendre Sa pr\u00e9dication<\/strong>, en particulier les paraboles et les miracles. Le r\u00e9cit de Marc commence avec le <a href=\"https:\/\/www.holyart.fr\/occasions-speciales\/creche-de-paques\/scene-bapteme-de-jesus-dans-le-jourdain-9-cm\"><strong>Bapt\u00eame de J\u00e9sus<\/strong> <\/a>de la part de Jean le Baptiste et se concentre surtout sur la <a href=\"https:\/\/www.holyart.fr\/blog\/articles-religieux\/les-evenements-de-la-passion-de-jesus-de-la-cene-a-sa-crucifixion\/\"><strong><u>derni\u00e8re semaine de Sa vie<\/u><\/strong><\/a>. Les nombreuses explications attribu\u00e9es \u00e0 J\u00e9sus en personne et les pr\u00e9cisions linguistiques font comprendre comment le texte a \u00e9t\u00e9 r\u00e9dig\u00e9 pour les lecteurs non juifs.<\/p>\n<p>Puisque l\u2019\u00c9vangile de Marc est anonyme, son attribution au disciple de Pierre et Paul fait l\u2019objet d\u2019\u00e9tudes et de diff\u00e9rends depuis toujours.<\/p>\n<div class=\"link-product\">\n<div class=\"blocco-immagine\"><img loading=\"lazy\" decoding=\"async\" class=\"size-full wp-image-12306 alignleft\" src=\"https:\/\/blog.holyart.it\/fr\/wp-content\/uploads\/sites\/14\/2026\/04\/Scene-Bapteme-de-Jesus.jpg\" alt=\"Sc\u00e8ne Bapt\u00eame de J\u00e9sus\" width=\"100\" height=\"100\" data-kale-share-title=\"Saint Marc \u00c9vang\u00e9liste : le disciple des saints Pierre et Paul\" data-kale-share-url=\"https:\/\/blog.holyart.it\/fr\/?p=12303\" \/><\/div>\n<div class=\"blocco-contenuto\">\n<div class=\"blocco-acquista\">Acheter sur Holyart:<\/div>\n<div class=\"blocco-titolo\"><a href=\"https:\/\/www.holyart.fr\/occasions-speciales\/creche-de-paques\/scene-bapteme-de-jesus-dans-le-jourdain-9-cm\">Sc\u00e8ne Bapt\u00eame de J\u00e9sus dans le Jourdain 9 cm<\/a><\/div>\n<div class=\"blocco-descrizione\">Santons pour repr\u00e9sentation d&rsquo;une sc\u00e8ne de la vie de Christ o\u00f9 J\u00e9sus re\u00e7oit son bapt\u00eame par Jean-Baptiste.<\/div>\n<\/div>\n<\/div>\n<p>Quand f\u00eate-on Saint Marc \u00c9vang\u00e9liste\u00a0? L\u2019\u00c9glise f\u00eate la m\u00e9moire liturgique de Saint Marc le <strong>25 avril<\/strong>, date probable de son martyr advenu \u00e0 Alexandrie d\u2019\u00c9gypte. \u00c0 cette occasion, \u00e0 <strong>Venise<\/strong>, une des principales villes dont le Saint est le patron, a lieu une procession solennelle dans la Basilique qui lui est d\u00e9di\u00e9e, qui rappelle les plus somptueuses processions de l\u2019antiquit\u00e9, auxquelles assistaient toutes les autorit\u00e9s religieuses et civiles et les repr\u00e9sentants des arts de la ville.<\/p>\n<p>Ador\u00e9 par les <strong>\u00e9glises catholique, orthodoxe et copte<\/strong>, dont il est le patriarche, Saint Marc \u00c9vang\u00e9liste est le saint patron des notaires, des \u00e9crivains, des verriers et des opticiens.<\/p>\n<p>Qui \u00e9tait donc Saint Marc \u00c9vang\u00e9liste\u00a0?<\/p>\n<div class=\"link-article\">\n<p><img loading=\"lazy\" decoding=\"async\" class=\"size-full wp-image-12307 alignleft\" src=\"https:\/\/blog.holyart.it\/fr\/wp-content\/uploads\/sites\/14\/2026\/04\/Les-evenements-de-la-Passion-de-Jesus.jpg\" alt=\"Les \u00e9v\u00e9nements de la Passion de J\u00e9sus\" width=\"150\" height=\"99\" data-kale-share-title=\"Saint Marc \u00c9vang\u00e9liste : le disciple des saints Pierre et Paul\" data-kale-share-url=\"https:\/\/blog.holyart.it\/fr\/?p=12303\" \/><\/p>\n<div class=\"leggi-anche\">Lire aussi :<\/div>\n<p><strong><a href=\"https:\/\/www.holyart.fr\/blog\/paques\/les-evenements-de-la-passion-de-jesus-de-la-cene-a-sa-crucifixion\/\">Les \u00e9v\u00e9nements de la Passion de J\u00e9sus : de la C\u00e8ne \u00e0 Sa crucifixion<\/a><\/strong><br \/>\nLa Passion de J\u00e9sus est le moment le plus haut et le plus terrible de Sa parabole parmi les hommes.<\/p>\n<\/div>\n<h2>La vie de Saint Marc<\/h2>\n<p>On sait donc peu de l\u2019histoire de Saint Marc \u00c9vang\u00e9liste, outre ce qui a \u00e9t\u00e9 \u00e9crit sur lui par Pierre et Paul dans les <em>Actes des Ap\u00f4tres<\/em>. Il semblerait qu\u2019il \u00e9tait le fils de Marie, la veuve propri\u00e9taire de la maison dans le <a href=\"https:\/\/www.holyart.fr\/blog\/articles-religieux\/le-mont-des-oliviers-parmi-les-lieux-les-plus-chers-a-jesus\/\"><strong><u>Jardin des oliviers<\/u><\/strong><\/a>, qui accueillit J\u00e9sus et les Ap\u00f4tres pour la C\u00e8ne. Selon certaines traditions, ce serait justement Marc le jeune gar\u00e7on qui suivit J\u00e9sus, tra\u00een\u00e9 avec un simple drap sur lui. Juif de descendance l\u00e9vitique, nous ne savons pas quel m\u00e9tier Saint Marc \u00c9vang\u00e9liste pratiquait avant de devenir missionnaire et ensuite auteur du premier \u00c9vangile. Marc \u00e9tait son nom de <em>pa\u00efen<\/em>, tandis que son nom juif \u00e9tait Jean, nom avec lequel il est cit\u00e9 dans d\u2019autres passages des <em>Actes<\/em>. Il est \u00e9galement cit\u00e9 comme <strong>cousin de Barnab\u00e9<\/strong>, nom attribu\u00e9 \u00e0 Joseph de Chypre, compagnon de pr\u00e9dication de <strong>Saint Paul<\/strong> d\u2019abord \u00e0 <strong>Antioche<\/strong>, ensuite sur l\u2019<strong>\u00eele de Chypre<\/strong>, connue \u00e0 l\u2019\u00e9poque comme Salamine, o\u00f9 les deux cousins auraient pr\u00each\u00e9 avec Paul lors de son premier voyage de missionnaire. Marc serait ensuite retourn\u00e9 \u00e0 J\u00e9rusalem, mais suivit encore Paul lors d\u2019autres voyages, comme il est attest\u00e9 par les mots de <a href=\"https:\/\/www.holyart.fr\/blog\/saints-et-bienheureux\/saint-paul-de-tarse-histoire-dun-missionnaire\/\"><strong><u>l\u2019Ap\u00f4tre des gens<\/u><\/strong><\/a> en personne dans une lettre au compagnon Timoth\u00e9e\u00a0: \u00ab\u00a0<em>Viens au plus t\u00f4t vers moi\u00a0; car D\u00e9mas m\u2019a abandonn\u00e9, par amour pour le si\u00e8cle pr\u00e9sent, et il est parti pour Thessalonique\u00a0; Crescens est all\u00e9 en Galatie, Tite en Dalmatie. Luc seul est avec moi. Prends Marc, et am\u00e8ne-le avec toi, car il m\u2019est utile pour le minist\u00e8re<\/em>\u00a0\u00bb (2 Timoth\u00e9e 4, 9-11)<\/p>\n<div class=\"link-article\">\n<p><img loading=\"lazy\" decoding=\"async\" class=\"size-full wp-image-12308 alignleft\" src=\"https:\/\/blog.holyart.it\/fr\/wp-content\/uploads\/sites\/14\/2026\/04\/Le-mont-des-Oliviers.jpg\" alt=\"Le mont des Oliviers\" width=\"150\" height=\"99\" data-kale-share-title=\"Saint Marc \u00c9vang\u00e9liste : le disciple des saints Pierre et Paul\" data-kale-share-url=\"https:\/\/blog.holyart.it\/fr\/?p=12303\" \/><\/p>\n<div class=\"leggi-anche\">Lire aussi :<\/div>\n<p><strong><a href=\"https:\/\/www.holyart.fr\/blog\/paques\/le-mont-des-oliviers-parmi-les-lieux-les-plus-chers-a-jesus\/\">Le mont des Oliviers, parmi les lieux les plus chers \u00e0 J\u00e9sus<\/a><\/strong><br \/>\nLe mont des Oliviers est, depuis des temps imm\u00e9moriaux, th\u00e9\u00e2tre de grands \u00e9v\u00e9nements bibliques.<\/p>\n<\/div>\n<p>Saint Marc fut \u00e9galement li\u00e9 par une profonde amiti\u00e9 avec <strong>Saint Pierre<\/strong>, qui \u00e9crit de lui dans sa premi\u00e8re lettre\u00a0: \u00ab\u00a0<em>La communaut\u00e9 qui est \u00e0 Babylone, choisie comme vous par Dieu, vous salue, ainsi que Marc, mon fils<\/em>\u00a0\u00bb. Saint Marc fut probablement <strong>aux c\u00f4t\u00e9s de Pierre \u00e0 Rome<\/strong>, et re\u00e7ut probablement le Bapt\u00eame par Pierre en personne. Le lien avec les <a href=\"https:\/\/www.holyart.fr\/blog\/saints-et-bienheureux\/saints-pierre-et-paul-pourquoi-sont-ils-fetes-ensemble\/\"><strong><u>ap\u00f4tres Paul et Pierre<\/u><\/strong><\/a> revient \u00e0 plusieurs reprises dans tous les documents le concernant. Apr\u00e8s la mort de ces deux derniers, Saint Marc \u00e9vang\u00e9lisa l\u2019<strong>\u00c9gypte<\/strong> et fonda l\u2019<strong>\u00c9glise d\u2019Alexandrie<\/strong>, en en devenant le <strong>premier \u00e9v\u00eaque<\/strong>.<\/p>\n<p>Comment mourut Saint Marc \u00c9vang\u00e9liste\u00a0? Il n\u2019y a pas de nouvelles pr\u00e9cises concernant sa <strong>mort<\/strong>. Selon la L\u00e9gende dor\u00e9e et d\u2019autres chroniques, <strong>il subit le martyre \u00e0 Alexandrie d\u2019\u00c9gypte<\/strong>\u00a0: son corps fut tra\u00een\u00e9 \u00e0 travers la ville \u00e0 plusieurs reprises. Ses restes furent cach\u00e9s \u00e0 Alexandrie, sauv\u00e9s des flammes par ses disciples, et ici en 828 deux marchands v\u00e9nitiens les auraient retrouv\u00e9s et amen\u00e9s \u00e0 Venise dans un panier de viande de cochon et de l\u00e9gumes. La ville lagunaire accueillit tout de suite le Saint, en lui d\u00e9diant, au cours des si\u00e8cles, diff\u00e9rentes \u00e9glises, jusqu\u2019\u00e0 arriver \u00e0 la merveilleuse Basilique que nous connaissons tous\u00a0: la <a href=\"https:\/\/www.holyart.fr\/accessoires-pour-la-liturgie\/vetements-liturgiques-et-linges-dautel\/etoles-liturgiques\/etole-saint-marc-evangeliste-avec-lion-aile-couleur-ivoire\"><strong>Basilique Saint-Marc<\/strong><\/a>, la Cath\u00e9drale de Venise, c\u00e9l\u00e8bre dans le monde entier.<\/p>\n<div class=\"link-product\">\n<div class=\"blocco-immagine\"><img loading=\"lazy\" decoding=\"async\" class=\"size-full wp-image-12309 alignleft\" src=\"https:\/\/blog.holyart.it\/fr\/wp-content\/uploads\/sites\/14\/2026\/04\/Etole-Saint-Marc-Evangeliste.jpg\" alt=\"\u00c9tole Saint Marc \u00c9vang\u00e9liste\" width=\"100\" height=\"100\" data-kale-share-title=\"Saint Marc \u00c9vang\u00e9liste : le disciple des saints Pierre et Paul\" data-kale-share-url=\"https:\/\/blog.holyart.it\/fr\/?p=12303\" \/><\/div>\n<div class=\"blocco-contenuto\">\n<div class=\"blocco-acquista\">Acheter sur Holyart:<\/div>\n<div class=\"blocco-titolo\"><a href=\"https:\/\/www.holyart.fr\/accessoires-pour-la-liturgie\/vetements-liturgiques-et-linges-dautel\/etoles-liturgiques\/etole-saint-marc-evangeliste-avec-lion-aile-couleur-ivoire\">\u00c9tole Saint Marc \u00c9vang\u00e9liste avec lion ail\u00e9 couleur ivoire<\/a><\/div>\n<div class=\"blocco-descrizione\">\u00c9tole couleur ivoire de Saint Marc \u00c9vang\u00e9liste avec un livre en main, d&rsquo;un c\u00f4t\u00e9, et le lion ail\u00e9 de l&rsquo;autre.<\/div>\n<\/div>\n<\/div>\n<h2>Le symbole de Marc l\u2019\u00c9vang\u00e9liste<\/h2>\n<p>Dans le <a href=\"https:\/\/www.holyart.fr\/blog\/articles-religieux\/les-symboles-des-evangelistes-et-leur-signification\/\"><strong><u>t\u00e9tramorphe<\/u><\/strong><\/a>, la repr\u00e9sentation iconographique compos\u00e9e des quatre symboles des quatre \u00e9vang\u00e9listes, Saint Marc est repr\u00e9sent\u00e9 par un <strong>lion ail\u00e9<\/strong> et c\u2019est avec ce symbole que son image revient depuis toujours dans l\u2019iconographie et l\u2019histoire de l\u2019art. Rappelons que les symboles des autres \u00e9vang\u00e9listes sont : un homme ail\u00e9 pour l\u2019\u00c9vangile de Matthieu, un taureau ou un veau pour celui de Luc et un aigle pour l\u2019\u00c9vangile de Jean.<\/p>\n<div class=\"link-article\">\n<p><img loading=\"lazy\" decoding=\"async\" class=\"size-full wp-image-12310 alignleft\" src=\"https:\/\/blog.holyart.it\/fr\/wp-content\/uploads\/sites\/14\/2026\/04\/Les-symboles-des-evangelistes.jpg\" alt=\"Les symboles des \u00e9vang\u00e9listes\" width=\"150\" height=\"99\" data-kale-share-title=\"Saint Marc \u00c9vang\u00e9liste : le disciple des saints Pierre et Paul\" data-kale-share-url=\"https:\/\/blog.holyart.it\/fr\/?p=12303\" \/><\/p>\n<div class=\"leggi-anche\">Lire aussi :<\/div>\n<p><strong><a href=\"https:\/\/www.holyart.fr\/blog\/articles-religieux\/les-symboles-des-evangelistes-et-leur-signification\/\">Les symboles des \u00e9vang\u00e9listes et leur signification<\/a><\/strong><br \/>\nLes symboles des \u00c9vang\u00e9listes traversent l\u2019histoire de l\u2019art sacr\u00e9 et de la th\u00e9ologie depuis des si\u00e8cles.<\/p>\n<\/div>\n<p>Souvent, le <a href=\"https:\/\/www.holyart.fr\/articles-religieux\/statues\/statues-en-resine-et-pvc\/saint-marc-evangeliste-30-cm-statue-en-resine\"><strong>Lion de Saint Marc<\/strong><\/a>, \u00e9galement appel\u00e9 <em>Leone Marciano<\/em> en italien, est repr\u00e9sent\u00e9 avec une <strong>aur\u00e9ole sur la t\u00eate<\/strong> et un <strong>livre entre les pattes<\/strong> ant\u00e9rieures et, dans cette m\u00eame version, il symbolise la <strong>ville de Venise<\/strong> depuis des si\u00e8cles. Sur le livre est imprim\u00e9e l\u2019inscription \u00ab\u00a0<em>Pax tibi Marce evangelista meus<\/em>\u00a0\u00bb, partie de la phrase qui, selon une tr\u00e8s ancienne tradition, un ange en forme de lion ail\u00e9 aurait adress\u00e9\u00a0\u00e0 Marc, d\u00e9barqu\u00e9 par hasard dans la lagune de Venise, en lui pr\u00e9annon\u00e7ant le lieu o\u00f9 sa d\u00e9pouille aurait repos\u00e9 un jour\u00a0: \u00ab\u00a0<em>Pax tibi Marce, evangelista meus. Hic requiescet corpus tuum\u00a0<\/em>\u00bb (Paix \u00e0 toi, Marc, mon \u00e9vang\u00e9liste. Ici reposera ton corps).<\/p>\n<div class=\"link-product\">\n<div class=\"blocco-immagine\"><img loading=\"lazy\" decoding=\"async\" class=\"size-full wp-image-12311 alignleft\" src=\"https:\/\/blog.holyart.it\/fr\/wp-content\/uploads\/sites\/14\/2026\/04\/Saint-Marc-Evangeliste-30-cm-statue-en-resine.jpg\" alt=\"Saint Marc \u00c9vang\u00e9liste 30 cm statue en r\u00e9sine\" width=\"100\" height=\"99\" data-kale-share-title=\"Saint Marc \u00c9vang\u00e9liste : le disciple des saints Pierre et Paul\" data-kale-share-url=\"https:\/\/blog.holyart.it\/fr\/?p=12303\" \/><\/div>\n<div class=\"blocco-contenuto\">\n<div class=\"blocco-acquista\">Acheter sur Holyart:<\/div>\n<div class=\"blocco-titolo\"><a href=\"https:\/\/www.holyart.fr\/articles-religieux\/statues\/statues-en-resine-et-pvc\/saint-marc-evangeliste-30-cm-statue-en-resine\">Saint Marc \u00c9vang\u00e9liste 30 cm statue en r\u00e9sine<\/a><\/div>\n<div class=\"blocco-descrizione\">Statue de Saint Marc \u00c9vang\u00e9liste en r\u00e9sine, enti\u00e8rement peinte \u00e0 la main et soign\u00e9e dans le moindre d\u00e9tail.<\/div>\n<\/div>\n<\/div>\n<h2>Le saint patron de Venise<\/h2>\n<p>Nombreuses sont les traditions que Venise a d\u00e9di\u00e9 \u00e0 Saint Marc \u00c9vang\u00e9liste au cours des si\u00e8cles. Une particuli\u00e8rement romantique pr\u00e9voit que le 25 avril, jour de sa m\u00e9moire liturgique, les amoureux offrent un \u00ab\u00a0bocolo\u00a0\u00bb, un bouton de rose rouge, \u00e0 la femme de leur c\u0153ur. Une l\u00e9gende raconte l\u2019histoire d\u2019amour tourment\u00e9e entre Maria, fille du Doge Orso Ier Partecipazio, \u00e9galement appel\u00e9e \u00ab\u00a0Vulcana\u00a0\u00bb en raison de l\u2019intensit\u00e9 de son regard, et Tancredi, un conteur. Marie convainquit Tancredi \u00e0 partir avec les paladins de Charlemagne, afin de d\u00e9montrer sa valeur au Doge son p\u00e8re, et le jeune homme s\u2019y couvrit de gloire, \u00e0 l\u2019\u00e9gal de Renaud et Roland. Mais quand les paladins retourn\u00e8rent \u00e0 Venise, Vulcana le chercha en vain parmi eux\u00a0: Tancredi \u00e9tait mort sur le champ de bataille, trahi par son propre \u00e9lan. Un de ses compagnons lui livra une rose rouge de son sang. Vulcana s\u2019enferma dans sa chambre avec la rose et y fut retrouv\u00e9e morte, \u00e0 c\u00f4t\u00e9 d\u2019un bouton de rose redevenu frais comme s\u2019il venait d\u2019\u00eatre cueilli.<\/p>\n","protected":false},"excerpt":{"rendered":"<p>Saint Marc \u00c9vang\u00e9liste, saint patron de Venise, fut missionnaire avec Saint Paul, disciple de Saint Pierre. Il fonda l\u2019\u00e9glise copte en \u00c9gypte et \u00e9crit le premier des quatre \u00c9vangile canonique. Voici son histoire. Non ne savons pas grand-chose concernant Saint Marc \u00c9vang\u00e9liste, qui fut disciple&hellip;<\/p>\n","protected":false},"author":1,"featured_media":12304,"comment_status":"closed","ping_status":"open","sticky":false,"template":"","format":"standard","meta":{"_acf_changed":false,"footnotes":""},"categories":[8],"tags":[],"class_list":["post-12303","post","type-post","status-publish","format-standard","has-post-thumbnail","hentry","category-articles-religieux"],"acf":[],"yoast_head":"<!-- This site is optimized with the Yoast SEO plugin v26.6 - https:\/\/yoast.com\/wordpress\/plugins\/seo\/ -->\n<title>Saint Marc \u00c9vang\u00e9liste : le disciple des saints Pierre et Paul - Holyart.fr Blog<\/title>\n<meta name=\"description\" content=\"Saint Marc \u00c9vang\u00e9liste, saint patron de Venise, fut missionnaire avec Saint Paul, disciple de Saint Pierre. Il fonda l\u2019\u00e9glise copte...\" \/>\n<meta name=\"robots\" content=\"index, follow, max-snippet:-1, max-image-preview:large, max-video-preview:-1\" \/>\n<link rel=\"canonical\" href=\"https:\/\/blog.holyart.it\/fr\/articles-religieux\/saint-marc-evangeliste-le-disciple-des-saints-pierre-et-paul\/\" \/>\n<meta property=\"og:locale\" content=\"fr_FR\" \/>\n<meta property=\"og:type\" content=\"article\" \/>\n<meta property=\"og:title\" content=\"Saint Marc \u00c9vang\u00e9liste : le disciple des saints Pierre et Paul - Holyart.fr Blog\" \/>\n<meta property=\"og:description\" content=\"Saint Marc \u00c9vang\u00e9liste, saint patron de Venise, fut missionnaire avec Saint Paul, disciple de Saint Pierre. Il fonda l\u2019\u00e9glise copte...\" \/>\n<meta property=\"og:url\" content=\"https:\/\/blog.holyart.it\/fr\/articles-religieux\/saint-marc-evangeliste-le-disciple-des-saints-pierre-et-paul\/\" \/>\n<meta property=\"og:site_name\" content=\"Holyart.fr Blog\" \/>\n<meta property=\"article:published_time\" content=\"2026-04-15T08:00:10+00:00\" \/>\n<meta property=\"article:modified_time\" content=\"2026-04-28T08:46:27+00:00\" \/>\n<meta property=\"og:image\" content=\"https:\/\/blog.holyart.it\/fr\/wp-content\/uploads\/sites\/14\/2026\/04\/Saint-Marc-Evangeliste.jpg\" \/>\n\t<meta property=\"og:image:width\" content=\"1000\" \/>\n\t<meta property=\"og:image:height\" content=\"666\" \/>\n\t<meta property=\"og:image:type\" content=\"image\/jpeg\" \/>\n<meta name=\"author\" content=\"Redazione\" \/>\n<meta name=\"twitter:card\" content=\"summary_large_image\" \/>\n<meta name=\"twitter:label1\" content=\"\u00c9crit par\" \/>\n\t<meta name=\"twitter:data1\" content=\"Redazione\" \/>\n\t<meta name=\"twitter:label2\" content=\"Dur\u00e9e de lecture estim\u00e9e\" \/>\n\t<meta name=\"twitter:data2\" content=\"9 minutes\" \/>\n<script type=\"application\/ld+json\" class=\"yoast-schema-graph\">{\"@context\":\"https:\/\/schema.org\",\"@graph\":[{\"@type\":\"Article\",\"@id\":\"https:\/\/blog.holyart.it\/fr\/articles-religieux\/saint-marc-evangeliste-le-disciple-des-saints-pierre-et-paul\/#article\",\"isPartOf\":{\"@id\":\"https:\/\/blog.holyart.it\/fr\/articles-religieux\/saint-marc-evangeliste-le-disciple-des-saints-pierre-et-paul\/\"},\"author\":{\"name\":\"Redazione\",\"@id\":\"https:\/\/blog.holyart.it\/fr\/#\/schema\/person\/0a7b686e5af0f856ec1e390dd0baecda\"},\"headline\":\"Saint Marc \u00c9vang\u00e9liste : le disciple des saints Pierre et Paul\",\"datePublished\":\"2026-04-15T08:00:10+00:00\",\"dateModified\":\"2026-04-28T08:46:27+00:00\",\"mainEntityOfPage\":{\"@id\":\"https:\/\/blog.holyart.it\/fr\/articles-religieux\/saint-marc-evangeliste-le-disciple-des-saints-pierre-et-paul\/\"},\"wordCount\":1545,\"publisher\":{\"@id\":\"https:\/\/blog.holyart.it\/fr\/#organization\"},\"image\":{\"@id\":\"https:\/\/blog.holyart.it\/fr\/articles-religieux\/saint-marc-evangeliste-le-disciple-des-saints-pierre-et-paul\/#primaryimage\"},\"thumbnailUrl\":\"https:\/\/blog.holyart.it\/fr\/wp-content\/uploads\/sites\/14\/2026\/04\/Saint-Marc-Evangeliste.jpg\",\"articleSection\":[\"Religion\"],\"inLanguage\":\"fr-FR\"},{\"@type\":\"WebPage\",\"@id\":\"https:\/\/blog.holyart.it\/fr\/articles-religieux\/saint-marc-evangeliste-le-disciple-des-saints-pierre-et-paul\/\",\"url\":\"https:\/\/blog.holyart.it\/fr\/articles-religieux\/saint-marc-evangeliste-le-disciple-des-saints-pierre-et-paul\/\",\"name\":\"Saint Marc \u00c9vang\u00e9liste : le disciple des saints Pierre et Paul - Holyart.fr Blog\",\"isPartOf\":{\"@id\":\"https:\/\/blog.holyart.it\/fr\/#website\"},\"primaryImageOfPage\":{\"@id\":\"https:\/\/blog.holyart.it\/fr\/articles-religieux\/saint-marc-evangeliste-le-disciple-des-saints-pierre-et-paul\/#primaryimage\"},\"image\":{\"@id\":\"https:\/\/blog.holyart.it\/fr\/articles-religieux\/saint-marc-evangeliste-le-disciple-des-saints-pierre-et-paul\/#primaryimage\"},\"thumbnailUrl\":\"https:\/\/blog.holyart.it\/fr\/wp-content\/uploads\/sites\/14\/2026\/04\/Saint-Marc-Evangeliste.jpg\",\"datePublished\":\"2026-04-15T08:00:10+00:00\",\"dateModified\":\"2026-04-28T08:46:27+00:00\",\"description\":\"Saint Marc \u00c9vang\u00e9liste, saint patron de Venise, fut missionnaire avec Saint Paul, disciple de Saint Pierre. Il fonda l\u2019\u00e9glise copte...\",\"breadcrumb\":{\"@id\":\"https:\/\/blog.holyart.it\/fr\/articles-religieux\/saint-marc-evangeliste-le-disciple-des-saints-pierre-et-paul\/#breadcrumb\"},\"inLanguage\":\"fr-FR\",\"potentialAction\":[{\"@type\":\"ReadAction\",\"target\":[\"https:\/\/blog.holyart.it\/fr\/articles-religieux\/saint-marc-evangeliste-le-disciple-des-saints-pierre-et-paul\/\"]}]},{\"@type\":\"ImageObject\",\"inLanguage\":\"fr-FR\",\"@id\":\"https:\/\/blog.holyart.it\/fr\/articles-religieux\/saint-marc-evangeliste-le-disciple-des-saints-pierre-et-paul\/#primaryimage\",\"url\":\"https:\/\/blog.holyart.it\/fr\/wp-content\/uploads\/sites\/14\/2026\/04\/Saint-Marc-Evangeliste.jpg\",\"contentUrl\":\"https:\/\/blog.holyart.it\/fr\/wp-content\/uploads\/sites\/14\/2026\/04\/Saint-Marc-Evangeliste.jpg\",\"width\":1000,\"height\":666,\"caption\":\"Saint Marc \u00c9vang\u00e9liste\"},{\"@type\":\"BreadcrumbList\",\"@id\":\"https:\/\/blog.holyart.it\/fr\/articles-religieux\/saint-marc-evangeliste-le-disciple-des-saints-pierre-et-paul\/#breadcrumb\",\"itemListElement\":[{\"@type\":\"ListItem\",\"position\":1,\"name\":\"Homepage\",\"item\":\"https:\/\/blog.holyart.it\/fr\/\"},{\"@type\":\"ListItem\",\"position\":2,\"name\":\"Religion\",\"item\":\"https:\/\/blog.holyart.it\/fr\/articles-religieux\/\"},{\"@type\":\"ListItem\",\"position\":3,\"name\":\"Saint Marc \u00c9vang\u00e9liste : le disciple des saints Pierre et Paul\"}]},{\"@type\":\"WebSite\",\"@id\":\"https:\/\/blog.holyart.it\/fr\/#website\",\"url\":\"https:\/\/blog.holyart.it\/fr\/\",\"name\":\"Holyart.fr Blog\",\"description\":\"Holyblog\",\"publisher\":{\"@id\":\"https:\/\/blog.holyart.it\/fr\/#organization\"},\"potentialAction\":[{\"@type\":\"SearchAction\",\"target\":{\"@type\":\"EntryPoint\",\"urlTemplate\":\"https:\/\/blog.holyart.it\/fr\/?s={search_term_string}\"},\"query-input\":{\"@type\":\"PropertyValueSpecification\",\"valueRequired\":true,\"valueName\":\"search_term_string\"}}],\"inLanguage\":\"fr-FR\"},{\"@type\":\"Organization\",\"@id\":\"https:\/\/blog.holyart.it\/fr\/#organization\",\"name\":\"Holyart.fr Blog\",\"url\":\"https:\/\/blog.holyart.it\/fr\/\",\"logo\":{\"@type\":\"ImageObject\",\"inLanguage\":\"fr-FR\",\"@id\":\"https:\/\/blog.holyart.it\/fr\/#\/schema\/logo\/image\/\",\"url\":\"https:\/\/blog.holyart.it\/fr\/wp-content\/uploads\/sites\/14\/2022\/12\/Holyart_Blog_Logo.jpg\",\"contentUrl\":\"https:\/\/blog.holyart.it\/fr\/wp-content\/uploads\/sites\/14\/2022\/12\/Holyart_Blog_Logo.jpg\",\"width\":300,\"height\":50,\"caption\":\"Holyart.fr Blog\"},\"image\":{\"@id\":\"https:\/\/blog.holyart.it\/fr\/#\/schema\/logo\/image\/\"}},{\"@type\":\"Person\",\"@id\":\"https:\/\/blog.holyart.it\/fr\/#\/schema\/person\/0a7b686e5af0f856ec1e390dd0baecda\",\"name\":\"Redazione\",\"image\":{\"@type\":\"ImageObject\",\"inLanguage\":\"fr-FR\",\"@id\":\"https:\/\/blog.holyart.it\/fr\/#\/schema\/person\/image\/\",\"url\":\"https:\/\/secure.gravatar.com\/avatar\/f477da817f43e50d0af36abecd33e3edf826c68299714bdc1057dff3b113f516?s=96&d=mm&r=g\",\"contentUrl\":\"https:\/\/secure.gravatar.com\/avatar\/f477da817f43e50d0af36abecd33e3edf826c68299714bdc1057dff3b113f516?s=96&d=mm&r=g\",\"caption\":\"Redazione\"},\"url\":\"https:\/\/blog.holyart.it\/fr\/author\/admin\/\"}]}<\/script>\n<!-- \/ Yoast SEO plugin. -->","yoast_head_json":{"title":"Saint Marc \u00c9vang\u00e9liste : le disciple des saints Pierre et Paul - Holyart.fr Blog","description":"Saint Marc \u00c9vang\u00e9liste, saint patron de Venise, fut missionnaire avec Saint Paul, disciple de Saint Pierre. Il fonda l\u2019\u00e9glise copte...","robots":{"index":"index","follow":"follow","max-snippet":"max-snippet:-1","max-image-preview":"max-image-preview:large","max-video-preview":"max-video-preview:-1"},"canonical":"https:\/\/blog.holyart.it\/fr\/articles-religieux\/saint-marc-evangeliste-le-disciple-des-saints-pierre-et-paul\/","og_locale":"fr_FR","og_type":"article","og_title":"Saint Marc \u00c9vang\u00e9liste : le disciple des saints Pierre et Paul - Holyart.fr Blog","og_description":"Saint Marc \u00c9vang\u00e9liste, saint patron de Venise, fut missionnaire avec Saint Paul, disciple de Saint Pierre. Il fonda l\u2019\u00e9glise copte...","og_url":"https:\/\/blog.holyart.it\/fr\/articles-religieux\/saint-marc-evangeliste-le-disciple-des-saints-pierre-et-paul\/","og_site_name":"Holyart.fr Blog","article_published_time":"2026-04-15T08:00:10+00:00","article_modified_time":"2026-04-28T08:46:27+00:00","og_image":[{"width":1000,"height":666,"url":"https:\/\/blog.holyart.it\/fr\/wp-content\/uploads\/sites\/14\/2026\/04\/Saint-Marc-Evangeliste.jpg","type":"image\/jpeg"}],"author":"Redazione","twitter_card":"summary_large_image","twitter_misc":{"\u00c9crit par":"Redazione","Dur\u00e9e de lecture estim\u00e9e":"9 minutes"},"schema":{"@context":"https:\/\/schema.org","@graph":[{"@type":"Article","@id":"https:\/\/blog.holyart.it\/fr\/articles-religieux\/saint-marc-evangeliste-le-disciple-des-saints-pierre-et-paul\/#article","isPartOf":{"@id":"https:\/\/blog.holyart.it\/fr\/articles-religieux\/saint-marc-evangeliste-le-disciple-des-saints-pierre-et-paul\/"},"author":{"name":"Redazione","@id":"https:\/\/blog.holyart.it\/fr\/#\/schema\/person\/0a7b686e5af0f856ec1e390dd0baecda"},"headline":"Saint Marc \u00c9vang\u00e9liste : le disciple des saints Pierre et Paul","datePublished":"2026-04-15T08:00:10+00:00","dateModified":"2026-04-28T08:46:27+00:00","mainEntityOfPage":{"@id":"https:\/\/blog.holyart.it\/fr\/articles-religieux\/saint-marc-evangeliste-le-disciple-des-saints-pierre-et-paul\/"},"wordCount":1545,"publisher":{"@id":"https:\/\/blog.holyart.it\/fr\/#organization"},"image":{"@id":"https:\/\/blog.holyart.it\/fr\/articles-religieux\/saint-marc-evangeliste-le-disciple-des-saints-pierre-et-paul\/#primaryimage"},"thumbnailUrl":"https:\/\/blog.holyart.it\/fr\/wp-content\/uploads\/sites\/14\/2026\/04\/Saint-Marc-Evangeliste.jpg","articleSection":["Religion"],"inLanguage":"fr-FR"},{"@type":"WebPage","@id":"https:\/\/blog.holyart.it\/fr\/articles-religieux\/saint-marc-evangeliste-le-disciple-des-saints-pierre-et-paul\/","url":"https:\/\/blog.holyart.it\/fr\/articles-religieux\/saint-marc-evangeliste-le-disciple-des-saints-pierre-et-paul\/","name":"Saint Marc \u00c9vang\u00e9liste : le disciple des saints Pierre et Paul - Holyart.fr Blog","isPartOf":{"@id":"https:\/\/blog.holyart.it\/fr\/#website"},"primaryImageOfPage":{"@id":"https:\/\/blog.holyart.it\/fr\/articles-religieux\/saint-marc-evangeliste-le-disciple-des-saints-pierre-et-paul\/#primaryimage"},"image":{"@id":"https:\/\/blog.holyart.it\/fr\/articles-religieux\/saint-marc-evangeliste-le-disciple-des-saints-pierre-et-paul\/#primaryimage"},"thumbnailUrl":"https:\/\/blog.holyart.it\/fr\/wp-content\/uploads\/sites\/14\/2026\/04\/Saint-Marc-Evangeliste.jpg","datePublished":"2026-04-15T08:00:10+00:00","dateModified":"2026-04-28T08:46:27+00:00","description":"Saint Marc \u00c9vang\u00e9liste, saint patron de Venise, fut missionnaire avec Saint Paul, disciple de Saint Pierre. Il fonda l\u2019\u00e9glise copte...","breadcrumb":{"@id":"https:\/\/blog.holyart.it\/fr\/articles-religieux\/saint-marc-evangeliste-le-disciple-des-saints-pierre-et-paul\/#breadcrumb"},"inLanguage":"fr-FR","potentialAction":[{"@type":"ReadAction","target":["https:\/\/blog.holyart.it\/fr\/articles-religieux\/saint-marc-evangeliste-le-disciple-des-saints-pierre-et-paul\/"]}]},{"@type":"ImageObject","inLanguage":"fr-FR","@id":"https:\/\/blog.holyart.it\/fr\/articles-religieux\/saint-marc-evangeliste-le-disciple-des-saints-pierre-et-paul\/#primaryimage","url":"https:\/\/blog.holyart.it\/fr\/wp-content\/uploads\/sites\/14\/2026\/04\/Saint-Marc-Evangeliste.jpg","contentUrl":"https:\/\/blog.holyart.it\/fr\/wp-content\/uploads\/sites\/14\/2026\/04\/Saint-Marc-Evangeliste.jpg","width":1000,"height":666,"caption":"Saint Marc \u00c9vang\u00e9liste"},{"@type":"BreadcrumbList","@id":"https:\/\/blog.holyart.it\/fr\/articles-religieux\/saint-marc-evangeliste-le-disciple-des-saints-pierre-et-paul\/#breadcrumb","itemListElement":[{"@type":"ListItem","position":1,"name":"Homepage","item":"https:\/\/blog.holyart.it\/fr\/"},{"@type":"ListItem","position":2,"name":"Religion","item":"https:\/\/blog.holyart.it\/fr\/articles-religieux\/"},{"@type":"ListItem","position":3,"name":"Saint Marc \u00c9vang\u00e9liste : le disciple des saints Pierre et Paul"}]},{"@type":"WebSite","@id":"https:\/\/blog.holyart.it\/fr\/#website","url":"https:\/\/blog.holyart.it\/fr\/","name":"Holyart.fr Blog","description":"Holyblog","publisher":{"@id":"https:\/\/blog.holyart.it\/fr\/#organization"},"potentialAction":[{"@type":"SearchAction","target":{"@type":"EntryPoint","urlTemplate":"https:\/\/blog.holyart.it\/fr\/?s={search_term_string}"},"query-input":{"@type":"PropertyValueSpecification","valueRequired":true,"valueName":"search_term_string"}}],"inLanguage":"fr-FR"},{"@type":"Organization","@id":"https:\/\/blog.holyart.it\/fr\/#organization","name":"Holyart.fr Blog","url":"https:\/\/blog.holyart.it\/fr\/","logo":{"@type":"ImageObject","inLanguage":"fr-FR","@id":"https:\/\/blog.holyart.it\/fr\/#\/schema\/logo\/image\/","url":"https:\/\/blog.holyart.it\/fr\/wp-content\/uploads\/sites\/14\/2022\/12\/Holyart_Blog_Logo.jpg","contentUrl":"https:\/\/blog.holyart.it\/fr\/wp-content\/uploads\/sites\/14\/2022\/12\/Holyart_Blog_Logo.jpg","width":300,"height":50,"caption":"Holyart.fr Blog"},"image":{"@id":"https:\/\/blog.holyart.it\/fr\/#\/schema\/logo\/image\/"}},{"@type":"Person","@id":"https:\/\/blog.holyart.it\/fr\/#\/schema\/person\/0a7b686e5af0f856ec1e390dd0baecda","name":"Redazione","image":{"@type":"ImageObject","inLanguage":"fr-FR","@id":"https:\/\/blog.holyart.it\/fr\/#\/schema\/person\/image\/","url":"https:\/\/secure.gravatar.com\/avatar\/f477da817f43e50d0af36abecd33e3edf826c68299714bdc1057dff3b113f516?s=96&d=mm&r=g","contentUrl":"https:\/\/secure.gravatar.com\/avatar\/f477da817f43e50d0af36abecd33e3edf826c68299714bdc1057dff3b113f516?s=96&d=mm&r=g","caption":"Redazione"},"url":"https:\/\/blog.holyart.it\/fr\/author\/admin\/"}]}},"_links":{"self":[{"href":"https:\/\/blog.holyart.it\/fr\/wp-json\/wp\/v2\/posts\/12303","targetHints":{"allow":["GET"]}}],"collection":[{"href":"https:\/\/blog.holyart.it\/fr\/wp-json\/wp\/v2\/posts"}],"about":[{"href":"https:\/\/blog.holyart.it\/fr\/wp-json\/wp\/v2\/types\/post"}],"author":[{"embeddable":true,"href":"https:\/\/blog.holyart.it\/fr\/wp-json\/wp\/v2\/users\/1"}],"replies":[{"embeddable":true,"href":"https:\/\/blog.holyart.it\/fr\/wp-json\/wp\/v2\/comments?post=12303"}],"version-history":[{"count":5,"href":"https:\/\/blog.holyart.it\/fr\/wp-json\/wp\/v2\/posts\/12303\/revisions"}],"predecessor-version":[{"id":12315,"href":"https:\/\/blog.holyart.it\/fr\/wp-json\/wp\/v2\/posts\/12303\/revisions\/12315"}],"wp:featuredmedia":[{"embeddable":true,"href":"https:\/\/blog.holyart.it\/fr\/wp-json\/wp\/v2\/media\/12304"}],"wp:attachment":[{"href":"https:\/\/blog.holyart.it\/fr\/wp-json\/wp\/v2\/media?parent=12303"}],"wp:term":[{"taxonomy":"category","embeddable":true,"href":"https:\/\/blog.holyart.it\/fr\/wp-json\/wp\/v2\/categories?post=12303"},{"taxonomy":"post_tag","embeddable":true,"href":"https:\/\/blog.holyart.it\/fr\/wp-json\/wp\/v2\/tags?post=12303"}],"curies":[{"name":"wp","href":"https:\/\/api.w.org\/{rel}","templated":true}]}}