{"id":12292,"date":"2026-04-13T10:00:12","date_gmt":"2026-04-13T08:00:12","guid":{"rendered":"https:\/\/blog.holyart.it\/fr\/?p=12292"},"modified":"2026-04-28T10:45:24","modified_gmt":"2026-04-28T08:45:24","slug":"sainte-kateri-tekakwitha-le-lys-des-mohawks-et-son-extraordinaire-temoignage-de-foi","status":"publish","type":"post","link":"https:\/\/blog.holyart.it\/fr\/saints-et-bienheureux\/sainte-kateri-tekakwitha-le-lys-des-mohawks-et-son-extraordinaire-temoignage-de-foi\/","title":{"rendered":"Sainte Kateri Tekakwitha : le lys des Mohawks et son extraordinaire t\u00e9moignage de foi"},"content":{"rendered":"<h4>Sainte Kateri Tekakwitha, premi\u00e8re sainte native am\u00e9ricaine. Son mod\u00e8le de patience et de foi est le symbole d\u2019une saintet\u00e9 auquel nous devons aspirer.<\/h4>\n\n<p><strong>Sainte Kateri Tekakwitha<\/strong>\u00a0repr\u00e9sente une exception dans le panorama des <strong>saints am\u00e9ricains<\/strong> et des saints et bienheureux en g\u00e9n\u00e9ral : elle est en effet la premi\u00e8re sainte native de l\u2019Am\u00e9rique du Nord. De plus, son histoire est tout \u00e0 fait unique, car elle est n\u00e9e et a v\u00e9cu \u00e0 cheval entre deux nations\u00a0: n\u00e9e dans les \u00c9tats-Unis actuels et morte au Canada, elle incarnait parfaitement l\u2019intersection entre des cultures diff\u00e9rentes, unies par la foi. Son histoire humaine et spirituelle traverse et unit diff\u00e9rentes cultures, d\u00e9montrant comment le christianisme a r\u00e9ussi, au fils du temps, \u00e0 accueillir des hommes et des femmes provenant de mondes seulement apparemment \u00e9loign\u00e9s. Kateri Tekakwitha a \u00e9t\u00e9 une femme d\u2019une spiritualit\u00e9 et d\u2019une d\u00e9termination extraordinaires. Connue comme le <em>Lys des Mohawks<\/em>, elle mourut \u00e0 vingt-quatre ans \u00e0 peine, apr\u00e8s une vie marqu\u00e9e par <strong>souffrances physiques et pers\u00e9cutions<\/strong>, mais \u00e9galement par un <strong>d\u00e9vouement absolu pour Dieu<\/strong>. Sainte Kateri Tekakwitha est encore aujourd\u2019hui un exemple de foi in\u00e9branlable dans des circonstances extr\u00eamement difficiles, au point que, lors de son Voyage Apostolique au Canada en 2022, <strong>Pape Fran\u00e7ois<\/strong> l\u2019a cit\u00e9e parmi les trois femmes qui, par leur exemple de patience et de courage, l\u2019avaient soutenu dans son voyage. Les deux autres \u00e9taient la Vierge Marie et sa m\u00e8re <a href=\"https:\/\/www.holyart.fr\/blog\/articles-religieux\/lhistoire-de-sainte-anne-mere-de-marie\/\"><strong>Sainte Anne<\/strong><\/a>.<\/p>\n<div class=\"link-article\">\n<p><img loading=\"lazy\" decoding=\"async\" class=\"size-full wp-image-12294 alignleft\" src=\"https:\/\/blog.holyart.it\/fr\/wp-content\/uploads\/sites\/14\/2026\/04\/Sainte-Anne.jpeg\" alt=\"Sainte Anne\" width=\"150\" height=\"103\" data-kale-share-title=\"Sainte Kateri Tekakwitha : le lys des Mohawks et son extraordinaire t\u00e9moignage de foi\" data-kale-share-url=\"https:\/\/blog.holyart.it\/fr\/?p=12292\" \/><\/p>\n<div class=\"leggi-anche\">Lire aussi :<\/div>\n<p><strong><a href=\"https:\/\/www.holyart.fr\/blog\/articles-religieux\/lhistoire-de-sainte-anne-mere-de-marie\/\">L\u2019histoire de Sainte Anne, m\u00e8re de Marie<\/a><\/strong><br \/>\n26 juillet on c\u00e9l\u00e8bre Sainte Anne et Saint Joachim, les parents de la Vierge Marie. Le m\u00eame jour on&#8230;<\/p>\n<\/div>\n<h2>Sainte Kateri, mod\u00e8le d\u2019une saintet\u00e9 auquel nous sommes tous appel\u00e9s<\/h2>\n<p>Lors de l\u2019Audience g\u00e9n\u00e9rale du 30 ao\u00fbt 2023, le Pontife a de nouveau longuement parl\u00e9 d\u2019elle, en faisant r\u00e9f\u00e9rence \u00e0 sa vie comme\u00a0\u00e0 : \u00ab\u2026<em>un t\u00e9moignage suppl\u00e9mentaire du fait que le z\u00e8le apostolique implique \u00e0 la fois <strong>une union avec J\u00e9sus<\/strong>, nourrie par la pri\u00e8re et par les Sacrements, et le <strong>d\u00e9sir de r\u00e9pandre la beaut\u00e9 du message chr\u00e9tien<\/strong> \u00e0 travers la fid\u00e9lit\u00e9 \u00e0 sa vocation particuli\u00e8re. [\u2026] Nous aussi, en puisant notre force dans le Seigneur, comme l\u2019a fait sainte Kateri Tekakwitha, apprenons \u00e0 <strong>accomplir des actions ordinaires de mani\u00e8re extraordinaire<\/strong> et ainsi \u00e0 grandir chaque jour dans la foi, la charit\u00e9 et le t\u00e9moignage z\u00e9l\u00e9 du Christ. Ne l\u2019oublions pas\u00a0: <strong>chacun de nous est appel\u00e9 \u00e0 la saintet\u00e9<\/strong>, \u00e0 la saintet\u00e9 quotidienne, \u00e0 la saintet\u00e9 dans la vie chr\u00e9tienne commune\u00a0<\/em>\u00bb.<em><br \/>\n<\/em><a href=\"https:\/\/holyart.fr\/blog\/occasions-speciales\/comment-pape-francois-a-transforme-leglise\/\"><strong>Le message du Saint-P\u00e8re<\/strong><\/a>, v\u00e9hicul\u00e9 par l\u2019exemple de Sainte Kateri Tekakwitha, est important. <strong>La saintet\u00e9 n\u2019est pas un objectif inaccessible, mais un cheminement quotidien fait de petits pas, de choix courageux et d\u2019une confiance in\u00e9branlable<\/strong>. Chacun de nous est appel\u00e9 \u00e0 ce parcours, chacun avec sa propre histoire, ses talents, ses fragilit\u00e9s. L\u2019important est de ne pas abandonner, de garder <strong>les yeux fix\u00e9s sur J\u00e9sus<\/strong> et de continuer \u00e0 avancer, avec patience et espoir. Pape Fran\u00e7ois nous invite \u00e0 une r\u00e9flexion profonde sur la <strong>signification authentique du t\u00e9moignage chr\u00e9tien<\/strong>, r\u00e9v\u00e9lant une v\u00e9rit\u00e9 aussi simple que exigeante\u00a0: <strong>suivre l\u2019\u00c9vangile n\u2019est pas un chemin pav\u00e9 de consolations<\/strong>, mais un chemin qui demande du courage et surtout de la patience. La patience, selon les paroles du Pontife, n\u2019est pas simplement une attitude passive ou de r\u00e9signation, mais une vertu dynamique et courageuse. C\u2019est la capacit\u00e9 de soutenir les difficult\u00e9s, d\u2019accepter les imperfections des autres et de maintenir l\u2019esp\u00e9rance solide m\u00eame quand tout parait sugg\u00e9rer le contraire.<\/p>\n<div class=\"link-article\">\n<p><img loading=\"lazy\" decoding=\"async\" class=\"size-full wp-image-12295 alignleft\" src=\"https:\/\/blog.holyart.it\/fr\/wp-content\/uploads\/sites\/14\/2026\/04\/Comment-Pape-Francois.jpg\" alt=\"Comment Pape Fran\u00e7ois\" width=\"150\" height=\"99\" data-kale-share-title=\"Sainte Kateri Tekakwitha : le lys des Mohawks et son extraordinaire t\u00e9moignage de foi\" data-kale-share-url=\"https:\/\/blog.holyart.it\/fr\/?p=12292\" \/><\/p>\n<div class=\"leggi-anche\">Lire aussi :<\/div>\n<p><strong><a href=\"https:\/\/www.holyart.fr\/blog\/occasions-speciales\/comment-pape-francois-a-transforme-leglise\/\">Comment Pape Fran\u00e7ois a transform\u00e9 l\u2019\u00c9glise pendant son pontificat<\/a><\/strong><br \/>\nQu\u2019est-ce que Pape Fran\u00e7ois a fait d\u2019important ? Son pontificat a \u00e9t\u00e9&#8230;<\/p>\n<\/div>\n<h2>L\u2019histoire de Sainte Kateri Tekakwitha<\/h2>\n<p>La vie de <a href=\"https:\/\/www.holyart.fr\/articles-religieux\/images-pieuses-cartes-de-voeux\/images-pieuses-de-collection\/image-pieuse-de-sainte-kateri-tekakwitha-decoree-avec-dentelle-11x7-cm\"><strong>Katari Tekawitha<\/strong><\/a> devient, dans ce contexte, un mod\u00e8le exemplaire. Une jeune femme qui a affront\u00e9 des <strong>d\u00e9fis immenses<\/strong> \u2013 l\u2019\u00e9migration, la maladie, les pers\u00e9cutions \u2013 tout en conservant une foi in\u00e9branlable. Son histoire d\u00e9montre concr\u00e8tement que toute difficult\u00e9 peut \u00eatre surmont\u00e9 lorsque l\u2019on ouvre son c\u0153ur \u00e0 J\u00e9sus.<br \/>\nKateri Tekakwitha nait en 1656 dans le village d\u2019Ossernenon (aujourd\u2019hui Auriesville, New York). Son nom de naissance est Gah-Dah-Li Degh-Agh-Widtha. Son p\u00e8re est un chef iroquois mohawk, et suit la religion de son peuple, tandis que la m\u00e8re appartient \u00e0 la population des Algonquines et est chr\u00e9tienne. \u00c0 l\u2019\u00e2ge de quatre ans \u00e0 peine, suite \u00e0 une <strong>\u00e9pid\u00e9mie d\u00e9vastatrice de petite v\u00e9role <\/strong>qui frappe son village, elle perd ses deux parents et son fr\u00e8re cadet. Gah-Dah-Li Degh-Agh-Widtha survit, mais la maladie lui laisse de profondes cicatrices et compromet gri\u00e8vement sa sant\u00e9, en la condamnant \u00e0 une vie de difficult\u00e9s physiques. Rest\u00e9e orpheline, elle est adopt\u00e9 par son oncle, un chef Mohawk tr\u00e8s hostile aux chr\u00e9tiens et \u00e0 leur influence. Malgr\u00e9 cela, les graines de la foi chr\u00e9tienne, plant\u00e9s par sa m\u00e8re pendant sa courte vie, ne cessent jamais de pousser dans le c\u0153ur de la jeune Gah-Dah-Li Degh-Agh-Widtha.<\/p>\n<div class=\"link-product\">\n<div class=\"blocco-immagine\"><img loading=\"lazy\" decoding=\"async\" class=\"size-full wp-image-12296 alignleft\" src=\"https:\/\/blog.holyart.it\/fr\/wp-content\/uploads\/sites\/14\/2026\/04\/Image-pieuse-de-Sainte-Kateri-Tekakwitha.jpg\" alt=\"Image pieuse de Sainte Kateri Tekakwitha\" width=\"100\" height=\"100\" data-kale-share-title=\"Sainte Kateri Tekakwitha : le lys des Mohawks et son extraordinaire t\u00e9moignage de foi\" data-kale-share-url=\"https:\/\/blog.holyart.it\/fr\/?p=12292\" \/><\/div>\n<div class=\"blocco-contenuto\">\n<div class=\"blocco-acquista\">Acheter sur Holyart:<\/div>\n<div class=\"blocco-titolo\"><a href=\"https:\/\/www.holyart.fr\/articles-religieux\/images-pieuses-cartes-de-voeux\/images-pieuses-de-collection\/image-pieuse-de-sainte-kateri-tekakwitha-decoree-avec-dentelle-11x7-cm\">Image pieuse de Sainte Kateri Tekakwitha d\u00e9cor\u00e9e avec dentelle 11&#215;7 cm<\/a><\/div>\n<div class=\"blocco-descrizione\">L&rsquo;image est ornement\u00e9e d&rsquo;une dentelle \u00e9voquant la tradition des anciennes images pieuses.<\/div>\n<\/div>\n<\/div>\n<p>Le premier contact significatif de Gah-Dah-Li Degh-Agh-Widtha avec le christianisme a lieu quand elle a dix ans environ, lorsque les <strong><u>missionnaires j\u00e9suites<\/u><\/strong> visitent le village Mohawk o\u00f9 elle habite. Ces rencontres suscitent en elle un int\u00e9r\u00eat profond pour la religion chr\u00e9tienne, mais les circonstances familiales et sociales lui emp\u00eachent de suivre tout de suite cet appel spirituel. Sa famille essaye d\u2019arranger pour elle un <strong>mariage<\/strong> selon la tradition Mohawk, mais Gah-Dah-Li Degh-Agh-Widtha refuse fermement. Elle aper\u00e7oit en elle une vocation diff\u00e9rente et souhaite la poursuivre avec d\u00e9termination. Cette d\u00e9cision lui attire <strong>l\u2019hostilit\u00e9 de ses parents et de la communaut\u00e9 enti\u00e8re<\/strong>, qui commence \u00e0 la traiter avec m\u00e9pris et \u00e0 lui imposer des travaux lourds en guise de punition.<\/p>\n<p>Apr\u00e8s des ann\u00e9es de r\u00e9flexion et de pri\u00e8re silencieuse, Gah-Dah-Li Degh-Agh-Widtha, \u00e2g\u00e9e de vingt ans, prend la d\u00e9cision de <strong>se faire baptiser<\/strong>. En 1676, elle re\u00e7oit le Sacrement par le missionnaire j\u00e9suite P\u00e8re Jacques de Lamberville, en prenant le nom chr\u00e9tien de Kateri (Catherine), en l\u2019honneur de <a href=\"https:\/\/www.holyart.fr\/blog\/saints-et-bienheureux\/saint-catherine-de-sienne-patronne-ditalie\/\"><strong>Sainte Catherine de Sienne<\/strong><\/a>. La communaut\u00e9 r\u00e9agit \u00e0 sa conversion avec une hostilit\u00e9 encore plus marqu\u00e9e. Kateri est soumise \u00e0 des humiliations publiques, priv\u00e9e de nourriture et menac\u00e9e physiquement. Malgr\u00e9 cela, Kateri ne vacille jamais dans sa nouvelle foi, en d\u00e9montrant une d\u00e9termination hors du commun. En comprenant que sa vie spirituelle ne peut fleurir pleinement dans le contexte hostile de son village natal, <strong>Kateri d\u00e9cide de fuir<\/strong>. Avec l\u2019aide de quelques natifs chr\u00e9tiens, elle entreprend un dangereux voyage de 320 kilom\u00e8tres \u00e0 travers for\u00eats et rivi\u00e8res, afin de rejoindre la <strong>mission de Saint Fran\u00e7ois-Xavier \u00e0 Kahnawake<\/strong>, pr\u00e8s de Montr\u00e9al. Ici, enfin libre d\u2019exprimer sa d\u00e9votion, Kateri embrasse une <strong>vie de pri\u00e8re tr\u00e8s intense, de p\u00e9nitence et de charit\u00e9<\/strong>. Elle se l\u00e8ve \u00e0 l\u2019aube afin d\u2019assister \u00e0 la Messe, se d\u00e9die pendant des heures \u00e0 la pri\u00e8re face au Saint-Sacrement et assiste les malades et les personnes \u00e2g\u00e9es du village. Sa d\u00e9votion est caract\u00e9ris\u00e9e par des pratiques asc\u00e9tiques s\u00e9v\u00e8res, dont certaines sont inspir\u00e9es par les traditions de r\u00e9sistance physique typiques de sa culture, mais visant, dans son cas, \u00e0 un objectif spirituel chr\u00e9tien. Kateri <strong>pratique des je\u00fbnes rigoureux<\/strong>, se soumet \u00e0 des mortifications corporelles et passe beaucoup de temps dans la solitude de la for\u00eat, en contemplation. Les t\u00e9moignages de ses contemporains racontent d\u2019une jeune femme d\u2019une puret\u00e9 d\u2019\u00e2me incroyable, qui vivait dans un \u00e9tat d\u2019union constante avec Dieu.<\/p>\n<div class=\"link-article\">\n<p><img loading=\"lazy\" decoding=\"async\" class=\"size-full wp-image-12297 alignleft\" src=\"https:\/\/blog.holyart.it\/fr\/wp-content\/uploads\/sites\/14\/2026\/04\/Saint-Catherine-de-Sienne.jpg\" alt=\"Saint Catherine de Sienne\" width=\"150\" height=\"99\" data-kale-share-title=\"Sainte Kateri Tekakwitha : le lys des Mohawks et son extraordinaire t\u00e9moignage de foi\" data-kale-share-url=\"https:\/\/blog.holyart.it\/fr\/?p=12292\" \/><\/p>\n<div class=\"leggi-anche\">Lire aussi :<\/div>\n<p><strong><a href=\"https:\/\/www.holyart.fr\/blog\/saints-et-bienheureux\/saint-catherine-de-sienne-patronne-ditalie\/\">Saint Catherine de Sienne : patronne d\u2019Italie<\/a><\/strong><br \/>\nSainte Catherine de Sienne, de femme du peuple \u00e0 conseill\u00e8re des Papes et princes&#8230;<\/p>\n<\/div>\n<p>La sant\u00e9 de Kateri, d\u00e9j\u00e0 compromise par la petite v\u00e9role contract\u00e9e pendant son enfance et par ses p\u00e9nitences s\u00e9v\u00e8res, se d\u00e9t\u00e9riore rapidement. <strong>Elle meurt le 17 avril 1680<\/strong>, \u00e0 vingt-quatre ans \u00e0 peine, en pronon\u00e7ant, comme derniers mots\u00a0:\u00a0\u00ab\u00a0<em>J\u00e9sus, je t\u2019aime<\/em>\u00a0\u00bb.<br \/>\nSelon les t\u00e9moignages des personnes pr\u00e9sentes, quelques minutes apr\u00e8s sa mort, un \u00e9v\u00e9nement extraordinaire s\u2019est produit\u00a0: les cicatrices de la petite v\u00e9role, qui avaient marqu\u00e9 son visage toute sa vie, auraient miraculeusement disparu, laissant son visage lumineux et transform\u00e9. Cet \u00e9v\u00e9nement a \u00e9t\u00e9 interpr\u00e9t\u00e9 comme un signe divin de la saintet\u00e9 de Kateri.<br \/>\nLa renomm\u00e9e de la saintet\u00e9 de Kateri s\u2019est rapidement r\u00e9pandue apr\u00e8s sa mort. Sa tombe est devenu un lieu de p\u00e8lerinage et de nombreuses gu\u00e9rison ont \u00e9t\u00e9 attribu\u00e9es \u00e0 son intercession.<\/p>\n<h2>Culte e canonisation<\/h2>\n<p>\u00c0 la fin du XIXe si\u00e8cle, l\u2019\u00c9glise nord-am\u00e9ricaine traverse une p\u00e9riode de profonde recherche spirituelle et souhaite trouver des mod\u00e8les de saintet\u00e9 enracin\u00e9s dans le terroir et dans la culture locale. Dans ce contexte, Kateri Tekakwitha se d\u00e9tache comme un exemple extraordinaire de gr\u00e2ce divine.<br \/>\nEn 1884, d\u00e9bute officiellement le <a href=\"https:\/\/www.holyart.fr\/blog\/articles-religieux\/comment-devient-on-saint-expliquons-le-processus-de-sanctification\/\"><strong>proc\u00e8s de b\u00e9atification<\/strong><\/a>. Pie XII la d\u00e9clare v\u00e9n\u00e9rable en 1943, Jean-Paul II la b\u00e9atifie le 22 juin 1980 et, enfin, Beno\u00eet XVI la canonise le 21 octobre 2012.<\/p>\n<p>Son histoire repr\u00e9sente un pont entre diff\u00e9rentes cultures, en d\u00e9montrant comment <strong>la foi peut transcender les barri\u00e8res ethniques et culturelles<\/strong>. Pour les peuples natifs am\u00e9ricains, Kateri est devenu un symbole d\u2019orgueil et de renaissance spirituelle, car elle a d\u00e9montr\u00e9 qu\u2019il est possible d\u2019embrasser la foi chr\u00e9tienne tout en conservant le respect de ses racines culturelles. Sa capacit\u00e9 \u00e0 <strong>int\u00e9grer foi et culture<\/strong>, \u00e0 trouver Dieu tant dans la tradition chr\u00e9tienne que dans la nature aim\u00e9e par ses anc\u00eatres, offre un mod\u00e8le pr\u00e9cieux pour le dialogue interculturel et interreligieux. Sainte Kateri nous enseigne que la v\u00e9ritable saintet\u00e9 ne consiste pas \u00e0 se conformer \u00e0 des mod\u00e8les pr\u00e9\u00e9tablis, mais \u00e0 r\u00e9pondre de tout c\u0153ur \u00e0 l\u2019amour de Dieu dans les circonstances concr\u00e8tes de sa propre vie.<\/p>\n<div class=\"link-article\">\n<p><img loading=\"lazy\" decoding=\"async\" class=\"size-full wp-image-12298 alignleft\" src=\"https:\/\/blog.holyart.it\/fr\/wp-content\/uploads\/sites\/14\/2026\/04\/Comment-devient-on-saint.jpg\" alt=\"Comment devient-on saint\" width=\"150\" height=\"99\" data-kale-share-title=\"Sainte Kateri Tekakwitha : le lys des Mohawks et son extraordinaire t\u00e9moignage de foi\" data-kale-share-url=\"https:\/\/blog.holyart.it\/fr\/?p=12292\" \/><\/p>\n<div class=\"leggi-anche\">Lire aussi :<\/div>\n<p><strong><a href=\"https:\/\/www.holyart.fr\/blog\/articles-religieux\/comment-devient-on-saint-expliquons-le-processus-de-sanctification\/\">Comment devient-on saint ? Expliquons le processus de Sanctification<\/a><\/strong><br \/>\nLe processus de Sanctification est compos\u00e9 de diff\u00e9rentes phases&#8230;<\/p>\n<\/div>\n","protected":false},"excerpt":{"rendered":"<p>Sainte Kateri Tekakwitha, premi\u00e8re sainte native am\u00e9ricaine. Son mod\u00e8le de patience et de foi est le symbole d\u2019une saintet\u00e9 auquel nous devons aspirer. Sainte Kateri Tekakwitha\u00a0repr\u00e9sente une exception dans le panorama des saints am\u00e9ricains et des saints et bienheureux en g\u00e9n\u00e9ral : elle est en&hellip;<\/p>\n","protected":false},"author":1,"featured_media":12301,"comment_status":"closed","ping_status":"open","sticky":false,"template":"","format":"standard","meta":{"_acf_changed":false,"footnotes":""},"categories":[7],"tags":[],"class_list":["post-12292","post","type-post","status-publish","format-standard","has-post-thumbnail","hentry","category-saints-et-bienheureux"],"acf":[],"yoast_head":"<!-- This site is optimized with the Yoast SEO plugin v26.6 - https:\/\/yoast.com\/wordpress\/plugins\/seo\/ -->\n<title>Sainte Kateri Tekakwitha : le lys des Mohawks et son extraordinaire t\u00e9moignage de foi - Holyart.fr Blog<\/title>\n<meta name=\"description\" content=\"Sainte Kateri Tekakwitha, premi\u00e8re sainte native am\u00e9ricaine\u00a0: \u00e0 cheval entre deux cultures, elle transfigura souffrance et foi en un...\" \/>\n<meta name=\"robots\" content=\"index, follow, max-snippet:-1, max-image-preview:large, max-video-preview:-1\" \/>\n<link rel=\"canonical\" href=\"https:\/\/blog.holyart.it\/fr\/saints-et-bienheureux\/sainte-kateri-tekakwitha-le-lys-des-mohawks-et-son-extraordinaire-temoignage-de-foi\/\" \/>\n<meta property=\"og:locale\" content=\"fr_FR\" \/>\n<meta property=\"og:type\" content=\"article\" \/>\n<meta property=\"og:title\" content=\"Sainte Kateri Tekakwitha : le lys des Mohawks et son extraordinaire t\u00e9moignage de foi - Holyart.fr Blog\" \/>\n<meta property=\"og:description\" content=\"Sainte Kateri Tekakwitha, premi\u00e8re sainte native am\u00e9ricaine\u00a0: \u00e0 cheval entre deux cultures, elle transfigura souffrance et foi en un...\" \/>\n<meta property=\"og:url\" content=\"https:\/\/blog.holyart.it\/fr\/saints-et-bienheureux\/sainte-kateri-tekakwitha-le-lys-des-mohawks-et-son-extraordinaire-temoignage-de-foi\/\" \/>\n<meta property=\"og:site_name\" content=\"Holyart.fr Blog\" \/>\n<meta property=\"article:published_time\" content=\"2026-04-13T08:00:12+00:00\" \/>\n<meta property=\"article:modified_time\" content=\"2026-04-28T08:45:24+00:00\" \/>\n<meta property=\"og:image\" content=\"https:\/\/blog.holyart.it\/fr\/wp-content\/uploads\/sites\/14\/2026\/04\/Sainte-Kateri-Tekakwitha.jpg\" \/>\n\t<meta property=\"og:image:width\" content=\"1000\" \/>\n\t<meta property=\"og:image:height\" content=\"666\" \/>\n\t<meta property=\"og:image:type\" content=\"image\/jpeg\" \/>\n<meta name=\"author\" content=\"Redazione\" \/>\n<meta name=\"twitter:card\" content=\"summary_large_image\" \/>\n<meta name=\"twitter:label1\" content=\"\u00c9crit par\" \/>\n\t<meta name=\"twitter:data1\" content=\"Redazione\" \/>\n\t<meta name=\"twitter:label2\" content=\"Dur\u00e9e de lecture estim\u00e9e\" \/>\n\t<meta name=\"twitter:data2\" content=\"10 minutes\" \/>\n<script type=\"application\/ld+json\" class=\"yoast-schema-graph\">{\"@context\":\"https:\/\/schema.org\",\"@graph\":[{\"@type\":\"Article\",\"@id\":\"https:\/\/blog.holyart.it\/fr\/saints-et-bienheureux\/sainte-kateri-tekakwitha-le-lys-des-mohawks-et-son-extraordinaire-temoignage-de-foi\/#article\",\"isPartOf\":{\"@id\":\"https:\/\/blog.holyart.it\/fr\/saints-et-bienheureux\/sainte-kateri-tekakwitha-le-lys-des-mohawks-et-son-extraordinaire-temoignage-de-foi\/\"},\"author\":{\"name\":\"Redazione\",\"@id\":\"https:\/\/blog.holyart.it\/fr\/#\/schema\/person\/0a7b686e5af0f856ec1e390dd0baecda\"},\"headline\":\"Sainte Kateri Tekakwitha : le lys des Mohawks et son extraordinaire t\u00e9moignage de foi\",\"datePublished\":\"2026-04-13T08:00:12+00:00\",\"dateModified\":\"2026-04-28T08:45:24+00:00\",\"mainEntityOfPage\":{\"@id\":\"https:\/\/blog.holyart.it\/fr\/saints-et-bienheureux\/sainte-kateri-tekakwitha-le-lys-des-mohawks-et-son-extraordinaire-temoignage-de-foi\/\"},\"wordCount\":1799,\"publisher\":{\"@id\":\"https:\/\/blog.holyart.it\/fr\/#organization\"},\"image\":{\"@id\":\"https:\/\/blog.holyart.it\/fr\/saints-et-bienheureux\/sainte-kateri-tekakwitha-le-lys-des-mohawks-et-son-extraordinaire-temoignage-de-foi\/#primaryimage\"},\"thumbnailUrl\":\"https:\/\/blog.holyart.it\/fr\/wp-content\/uploads\/sites\/14\/2026\/04\/Sainte-Kateri-Tekakwitha.jpg\",\"articleSection\":[\"Saints et Bienheureux\"],\"inLanguage\":\"fr-FR\"},{\"@type\":\"WebPage\",\"@id\":\"https:\/\/blog.holyart.it\/fr\/saints-et-bienheureux\/sainte-kateri-tekakwitha-le-lys-des-mohawks-et-son-extraordinaire-temoignage-de-foi\/\",\"url\":\"https:\/\/blog.holyart.it\/fr\/saints-et-bienheureux\/sainte-kateri-tekakwitha-le-lys-des-mohawks-et-son-extraordinaire-temoignage-de-foi\/\",\"name\":\"Sainte Kateri Tekakwitha : le lys des Mohawks et son extraordinaire t\u00e9moignage de foi - Holyart.fr Blog\",\"isPartOf\":{\"@id\":\"https:\/\/blog.holyart.it\/fr\/#website\"},\"primaryImageOfPage\":{\"@id\":\"https:\/\/blog.holyart.it\/fr\/saints-et-bienheureux\/sainte-kateri-tekakwitha-le-lys-des-mohawks-et-son-extraordinaire-temoignage-de-foi\/#primaryimage\"},\"image\":{\"@id\":\"https:\/\/blog.holyart.it\/fr\/saints-et-bienheureux\/sainte-kateri-tekakwitha-le-lys-des-mohawks-et-son-extraordinaire-temoignage-de-foi\/#primaryimage\"},\"thumbnailUrl\":\"https:\/\/blog.holyart.it\/fr\/wp-content\/uploads\/sites\/14\/2026\/04\/Sainte-Kateri-Tekakwitha.jpg\",\"datePublished\":\"2026-04-13T08:00:12+00:00\",\"dateModified\":\"2026-04-28T08:45:24+00:00\",\"description\":\"Sainte Kateri Tekakwitha, premi\u00e8re sainte native am\u00e9ricaine\u00a0: \u00e0 cheval entre deux cultures, elle transfigura souffrance et foi en un...\",\"breadcrumb\":{\"@id\":\"https:\/\/blog.holyart.it\/fr\/saints-et-bienheureux\/sainte-kateri-tekakwitha-le-lys-des-mohawks-et-son-extraordinaire-temoignage-de-foi\/#breadcrumb\"},\"inLanguage\":\"fr-FR\",\"potentialAction\":[{\"@type\":\"ReadAction\",\"target\":[\"https:\/\/blog.holyart.it\/fr\/saints-et-bienheureux\/sainte-kateri-tekakwitha-le-lys-des-mohawks-et-son-extraordinaire-temoignage-de-foi\/\"]}]},{\"@type\":\"ImageObject\",\"inLanguage\":\"fr-FR\",\"@id\":\"https:\/\/blog.holyart.it\/fr\/saints-et-bienheureux\/sainte-kateri-tekakwitha-le-lys-des-mohawks-et-son-extraordinaire-temoignage-de-foi\/#primaryimage\",\"url\":\"https:\/\/blog.holyart.it\/fr\/wp-content\/uploads\/sites\/14\/2026\/04\/Sainte-Kateri-Tekakwitha.jpg\",\"contentUrl\":\"https:\/\/blog.holyart.it\/fr\/wp-content\/uploads\/sites\/14\/2026\/04\/Sainte-Kateri-Tekakwitha.jpg\",\"width\":1000,\"height\":666,\"caption\":\"Sainte Kateri Tekakwitha\"},{\"@type\":\"BreadcrumbList\",\"@id\":\"https:\/\/blog.holyart.it\/fr\/saints-et-bienheureux\/sainte-kateri-tekakwitha-le-lys-des-mohawks-et-son-extraordinaire-temoignage-de-foi\/#breadcrumb\",\"itemListElement\":[{\"@type\":\"ListItem\",\"position\":1,\"name\":\"Homepage\",\"item\":\"https:\/\/blog.holyart.it\/fr\/\"},{\"@type\":\"ListItem\",\"position\":2,\"name\":\"Saints et Bienheureux\",\"item\":\"https:\/\/blog.holyart.it\/fr\/saints-et-bienheureux\/\"},{\"@type\":\"ListItem\",\"position\":3,\"name\":\"Sainte Kateri Tekakwitha : le lys des Mohawks et son extraordinaire t\u00e9moignage de foi\"}]},{\"@type\":\"WebSite\",\"@id\":\"https:\/\/blog.holyart.it\/fr\/#website\",\"url\":\"https:\/\/blog.holyart.it\/fr\/\",\"name\":\"Holyart.fr Blog\",\"description\":\"Holyblog\",\"publisher\":{\"@id\":\"https:\/\/blog.holyart.it\/fr\/#organization\"},\"potentialAction\":[{\"@type\":\"SearchAction\",\"target\":{\"@type\":\"EntryPoint\",\"urlTemplate\":\"https:\/\/blog.holyart.it\/fr\/?s={search_term_string}\"},\"query-input\":{\"@type\":\"PropertyValueSpecification\",\"valueRequired\":true,\"valueName\":\"search_term_string\"}}],\"inLanguage\":\"fr-FR\"},{\"@type\":\"Organization\",\"@id\":\"https:\/\/blog.holyart.it\/fr\/#organization\",\"name\":\"Holyart.fr Blog\",\"url\":\"https:\/\/blog.holyart.it\/fr\/\",\"logo\":{\"@type\":\"ImageObject\",\"inLanguage\":\"fr-FR\",\"@id\":\"https:\/\/blog.holyart.it\/fr\/#\/schema\/logo\/image\/\",\"url\":\"https:\/\/blog.holyart.it\/fr\/wp-content\/uploads\/sites\/14\/2022\/12\/Holyart_Blog_Logo.jpg\",\"contentUrl\":\"https:\/\/blog.holyart.it\/fr\/wp-content\/uploads\/sites\/14\/2022\/12\/Holyart_Blog_Logo.jpg\",\"width\":300,\"height\":50,\"caption\":\"Holyart.fr Blog\"},\"image\":{\"@id\":\"https:\/\/blog.holyart.it\/fr\/#\/schema\/logo\/image\/\"}},{\"@type\":\"Person\",\"@id\":\"https:\/\/blog.holyart.it\/fr\/#\/schema\/person\/0a7b686e5af0f856ec1e390dd0baecda\",\"name\":\"Redazione\",\"image\":{\"@type\":\"ImageObject\",\"inLanguage\":\"fr-FR\",\"@id\":\"https:\/\/blog.holyart.it\/fr\/#\/schema\/person\/image\/\",\"url\":\"https:\/\/secure.gravatar.com\/avatar\/f477da817f43e50d0af36abecd33e3edf826c68299714bdc1057dff3b113f516?s=96&d=mm&r=g\",\"contentUrl\":\"https:\/\/secure.gravatar.com\/avatar\/f477da817f43e50d0af36abecd33e3edf826c68299714bdc1057dff3b113f516?s=96&d=mm&r=g\",\"caption\":\"Redazione\"},\"url\":\"https:\/\/blog.holyart.it\/fr\/author\/admin\/\"}]}<\/script>\n<!-- \/ Yoast SEO plugin. -->","yoast_head_json":{"title":"Sainte Kateri Tekakwitha : le lys des Mohawks et son extraordinaire t\u00e9moignage de foi - Holyart.fr Blog","description":"Sainte Kateri Tekakwitha, premi\u00e8re sainte native am\u00e9ricaine\u00a0: \u00e0 cheval entre deux cultures, elle transfigura souffrance et foi en un...","robots":{"index":"index","follow":"follow","max-snippet":"max-snippet:-1","max-image-preview":"max-image-preview:large","max-video-preview":"max-video-preview:-1"},"canonical":"https:\/\/blog.holyart.it\/fr\/saints-et-bienheureux\/sainte-kateri-tekakwitha-le-lys-des-mohawks-et-son-extraordinaire-temoignage-de-foi\/","og_locale":"fr_FR","og_type":"article","og_title":"Sainte Kateri Tekakwitha : le lys des Mohawks et son extraordinaire t\u00e9moignage de foi - Holyart.fr Blog","og_description":"Sainte Kateri Tekakwitha, premi\u00e8re sainte native am\u00e9ricaine\u00a0: \u00e0 cheval entre deux cultures, elle transfigura souffrance et foi en un...","og_url":"https:\/\/blog.holyart.it\/fr\/saints-et-bienheureux\/sainte-kateri-tekakwitha-le-lys-des-mohawks-et-son-extraordinaire-temoignage-de-foi\/","og_site_name":"Holyart.fr Blog","article_published_time":"2026-04-13T08:00:12+00:00","article_modified_time":"2026-04-28T08:45:24+00:00","og_image":[{"width":1000,"height":666,"url":"https:\/\/blog.holyart.it\/fr\/wp-content\/uploads\/sites\/14\/2026\/04\/Sainte-Kateri-Tekakwitha.jpg","type":"image\/jpeg"}],"author":"Redazione","twitter_card":"summary_large_image","twitter_misc":{"\u00c9crit par":"Redazione","Dur\u00e9e de lecture estim\u00e9e":"10 minutes"},"schema":{"@context":"https:\/\/schema.org","@graph":[{"@type":"Article","@id":"https:\/\/blog.holyart.it\/fr\/saints-et-bienheureux\/sainte-kateri-tekakwitha-le-lys-des-mohawks-et-son-extraordinaire-temoignage-de-foi\/#article","isPartOf":{"@id":"https:\/\/blog.holyart.it\/fr\/saints-et-bienheureux\/sainte-kateri-tekakwitha-le-lys-des-mohawks-et-son-extraordinaire-temoignage-de-foi\/"},"author":{"name":"Redazione","@id":"https:\/\/blog.holyart.it\/fr\/#\/schema\/person\/0a7b686e5af0f856ec1e390dd0baecda"},"headline":"Sainte Kateri Tekakwitha : le lys des Mohawks et son extraordinaire t\u00e9moignage de foi","datePublished":"2026-04-13T08:00:12+00:00","dateModified":"2026-04-28T08:45:24+00:00","mainEntityOfPage":{"@id":"https:\/\/blog.holyart.it\/fr\/saints-et-bienheureux\/sainte-kateri-tekakwitha-le-lys-des-mohawks-et-son-extraordinaire-temoignage-de-foi\/"},"wordCount":1799,"publisher":{"@id":"https:\/\/blog.holyart.it\/fr\/#organization"},"image":{"@id":"https:\/\/blog.holyart.it\/fr\/saints-et-bienheureux\/sainte-kateri-tekakwitha-le-lys-des-mohawks-et-son-extraordinaire-temoignage-de-foi\/#primaryimage"},"thumbnailUrl":"https:\/\/blog.holyart.it\/fr\/wp-content\/uploads\/sites\/14\/2026\/04\/Sainte-Kateri-Tekakwitha.jpg","articleSection":["Saints et Bienheureux"],"inLanguage":"fr-FR"},{"@type":"WebPage","@id":"https:\/\/blog.holyart.it\/fr\/saints-et-bienheureux\/sainte-kateri-tekakwitha-le-lys-des-mohawks-et-son-extraordinaire-temoignage-de-foi\/","url":"https:\/\/blog.holyart.it\/fr\/saints-et-bienheureux\/sainte-kateri-tekakwitha-le-lys-des-mohawks-et-son-extraordinaire-temoignage-de-foi\/","name":"Sainte Kateri Tekakwitha : le lys des Mohawks et son extraordinaire t\u00e9moignage de foi - Holyart.fr Blog","isPartOf":{"@id":"https:\/\/blog.holyart.it\/fr\/#website"},"primaryImageOfPage":{"@id":"https:\/\/blog.holyart.it\/fr\/saints-et-bienheureux\/sainte-kateri-tekakwitha-le-lys-des-mohawks-et-son-extraordinaire-temoignage-de-foi\/#primaryimage"},"image":{"@id":"https:\/\/blog.holyart.it\/fr\/saints-et-bienheureux\/sainte-kateri-tekakwitha-le-lys-des-mohawks-et-son-extraordinaire-temoignage-de-foi\/#primaryimage"},"thumbnailUrl":"https:\/\/blog.holyart.it\/fr\/wp-content\/uploads\/sites\/14\/2026\/04\/Sainte-Kateri-Tekakwitha.jpg","datePublished":"2026-04-13T08:00:12+00:00","dateModified":"2026-04-28T08:45:24+00:00","description":"Sainte Kateri Tekakwitha, premi\u00e8re sainte native am\u00e9ricaine\u00a0: \u00e0 cheval entre deux cultures, elle transfigura souffrance et foi en un...","breadcrumb":{"@id":"https:\/\/blog.holyart.it\/fr\/saints-et-bienheureux\/sainte-kateri-tekakwitha-le-lys-des-mohawks-et-son-extraordinaire-temoignage-de-foi\/#breadcrumb"},"inLanguage":"fr-FR","potentialAction":[{"@type":"ReadAction","target":["https:\/\/blog.holyart.it\/fr\/saints-et-bienheureux\/sainte-kateri-tekakwitha-le-lys-des-mohawks-et-son-extraordinaire-temoignage-de-foi\/"]}]},{"@type":"ImageObject","inLanguage":"fr-FR","@id":"https:\/\/blog.holyart.it\/fr\/saints-et-bienheureux\/sainte-kateri-tekakwitha-le-lys-des-mohawks-et-son-extraordinaire-temoignage-de-foi\/#primaryimage","url":"https:\/\/blog.holyart.it\/fr\/wp-content\/uploads\/sites\/14\/2026\/04\/Sainte-Kateri-Tekakwitha.jpg","contentUrl":"https:\/\/blog.holyart.it\/fr\/wp-content\/uploads\/sites\/14\/2026\/04\/Sainte-Kateri-Tekakwitha.jpg","width":1000,"height":666,"caption":"Sainte Kateri Tekakwitha"},{"@type":"BreadcrumbList","@id":"https:\/\/blog.holyart.it\/fr\/saints-et-bienheureux\/sainte-kateri-tekakwitha-le-lys-des-mohawks-et-son-extraordinaire-temoignage-de-foi\/#breadcrumb","itemListElement":[{"@type":"ListItem","position":1,"name":"Homepage","item":"https:\/\/blog.holyart.it\/fr\/"},{"@type":"ListItem","position":2,"name":"Saints et Bienheureux","item":"https:\/\/blog.holyart.it\/fr\/saints-et-bienheureux\/"},{"@type":"ListItem","position":3,"name":"Sainte Kateri Tekakwitha : le lys des Mohawks et son extraordinaire t\u00e9moignage de foi"}]},{"@type":"WebSite","@id":"https:\/\/blog.holyart.it\/fr\/#website","url":"https:\/\/blog.holyart.it\/fr\/","name":"Holyart.fr Blog","description":"Holyblog","publisher":{"@id":"https:\/\/blog.holyart.it\/fr\/#organization"},"potentialAction":[{"@type":"SearchAction","target":{"@type":"EntryPoint","urlTemplate":"https:\/\/blog.holyart.it\/fr\/?s={search_term_string}"},"query-input":{"@type":"PropertyValueSpecification","valueRequired":true,"valueName":"search_term_string"}}],"inLanguage":"fr-FR"},{"@type":"Organization","@id":"https:\/\/blog.holyart.it\/fr\/#organization","name":"Holyart.fr Blog","url":"https:\/\/blog.holyart.it\/fr\/","logo":{"@type":"ImageObject","inLanguage":"fr-FR","@id":"https:\/\/blog.holyart.it\/fr\/#\/schema\/logo\/image\/","url":"https:\/\/blog.holyart.it\/fr\/wp-content\/uploads\/sites\/14\/2022\/12\/Holyart_Blog_Logo.jpg","contentUrl":"https:\/\/blog.holyart.it\/fr\/wp-content\/uploads\/sites\/14\/2022\/12\/Holyart_Blog_Logo.jpg","width":300,"height":50,"caption":"Holyart.fr Blog"},"image":{"@id":"https:\/\/blog.holyart.it\/fr\/#\/schema\/logo\/image\/"}},{"@type":"Person","@id":"https:\/\/blog.holyart.it\/fr\/#\/schema\/person\/0a7b686e5af0f856ec1e390dd0baecda","name":"Redazione","image":{"@type":"ImageObject","inLanguage":"fr-FR","@id":"https:\/\/blog.holyart.it\/fr\/#\/schema\/person\/image\/","url":"https:\/\/secure.gravatar.com\/avatar\/f477da817f43e50d0af36abecd33e3edf826c68299714bdc1057dff3b113f516?s=96&d=mm&r=g","contentUrl":"https:\/\/secure.gravatar.com\/avatar\/f477da817f43e50d0af36abecd33e3edf826c68299714bdc1057dff3b113f516?s=96&d=mm&r=g","caption":"Redazione"},"url":"https:\/\/blog.holyart.it\/fr\/author\/admin\/"}]}},"_links":{"self":[{"href":"https:\/\/blog.holyart.it\/fr\/wp-json\/wp\/v2\/posts\/12292","targetHints":{"allow":["GET"]}}],"collection":[{"href":"https:\/\/blog.holyart.it\/fr\/wp-json\/wp\/v2\/posts"}],"about":[{"href":"https:\/\/blog.holyart.it\/fr\/wp-json\/wp\/v2\/types\/post"}],"author":[{"embeddable":true,"href":"https:\/\/blog.holyart.it\/fr\/wp-json\/wp\/v2\/users\/1"}],"replies":[{"embeddable":true,"href":"https:\/\/blog.holyart.it\/fr\/wp-json\/wp\/v2\/comments?post=12292"}],"version-history":[{"count":3,"href":"https:\/\/blog.holyart.it\/fr\/wp-json\/wp\/v2\/posts\/12292\/revisions"}],"predecessor-version":[{"id":12300,"href":"https:\/\/blog.holyart.it\/fr\/wp-json\/wp\/v2\/posts\/12292\/revisions\/12300"}],"wp:featuredmedia":[{"embeddable":true,"href":"https:\/\/blog.holyart.it\/fr\/wp-json\/wp\/v2\/media\/12301"}],"wp:attachment":[{"href":"https:\/\/blog.holyart.it\/fr\/wp-json\/wp\/v2\/media?parent=12292"}],"wp:term":[{"taxonomy":"category","embeddable":true,"href":"https:\/\/blog.holyart.it\/fr\/wp-json\/wp\/v2\/categories?post=12292"},{"taxonomy":"post_tag","embeddable":true,"href":"https:\/\/blog.holyart.it\/fr\/wp-json\/wp\/v2\/tags?post=12292"}],"curies":[{"name":"wp","href":"https:\/\/api.w.org\/{rel}","templated":true}]}}