{"id":12164,"date":"2026-03-16T10:00:53","date_gmt":"2026-03-16T09:00:53","guid":{"rendered":"https:\/\/blog.holyart.it\/fr\/?p=12164"},"modified":"2026-04-23T12:40:30","modified_gmt":"2026-04-23T10:40:30","slug":"fete-de-saint-francois-le-800e-anniversaire-et-sa-reconnaissance-comme-fete-nationale-en-italie","status":"publish","type":"post","link":"https:\/\/blog.holyart.it\/fr\/saints-et-bienheureux\/fete-de-saint-francois-le-800e-anniversaire-et-sa-reconnaissance-comme-fete-nationale-en-italie\/","title":{"rendered":"F\u00eate de Saint Fran\u00e7ois : le 800e anniversaire et sa reconnaissance comme f\u00eate nationale en Italie"},"content":{"rendered":"<h4>En 2026, la f\u00eate de Saint Fran\u00e7ois co\u00efncidera avec le 800<sup>e<\/sup> anniversaire du Saint d\u2019Assise. \u00c0 cette occasion, elle sera de nouveau reconnue comme F\u00eate Nationale italienne.<\/h4>\n\n<p>Le 4 octobre n\u2019est pas une date quelconque en Italie. C&rsquo;est une journ\u00e9e qui semble sortir du rythme habituel, comme si le temps lui-m\u00eame avait d\u00e9cid\u00e9 de ralentir, d&rsquo;\u00eatre plus attentif. Les cloches ne font pas que sonner : elles s\u2019attardent. L\u2019air am\u00e8ne avec lui l\u2019odeur des fleurs sauvages et de l\u2019encens, et dans ce m\u00e9lange ancien ressurgit une pr\u00e9sence qui n\u2019a pas besoin d\u2019\u00eatre nomm\u00e9e tout de suite. <a href=\"https:\/\/www.holyart.fr\/occasions-speciales\/saint-francois-dassise?page=1\"><strong>Saint Fran\u00e7ois<\/strong><\/a>, le petit pauvre d\u2019Assise, l\u2019homme qui a su marcher dans le monde sans le poss\u00e9der, toucher les choses sans les blesser, vivre chaque cr\u00e9ature comme une s\u0153ur. La <strong>f\u00eate de Saint Fran\u00e7ois d\u2019Assise<\/strong>, qui tombe \u00e0 cette date, ne se limite pas \u00e0 une liturgie. C\u2019est un seuil, un moment o\u00f9, presque sans s\u2019en apercevoir, un pays entier se retrouve \u00e0 faire les comptes avec des mots qui n\u2019arr\u00eatent pas de br\u00fbler\u00a0: <strong>paix, fraternit\u00e9, soin de la cr\u00e9ation<\/strong>. Des mots consomm\u00e9s par l\u2019usage, peut-\u00eatre, mais encore capables de blesser et de gu\u00e9rir en m\u00eame temps. Des mots qui, pour Fran\u00e7ois, n\u2019ont pas \u00e9t\u00e9 simplement des concepts, mais une vie v\u00e9cue, choix apr\u00e8s choix, renonciation apr\u00e8s renonciation.<\/p>\n<div class=\"link-product\">\n<div class=\"blocco-immagine\"><img loading=\"lazy\" decoding=\"async\" class=\"size-full wp-image-12167 alignleft\" src=\"https:\/\/blog.holyart.it\/fr\/wp-content\/uploads\/sites\/14\/2026\/03\/Saint-Francois-dAssise.jpg\" alt=\"Saint Fran\u00e7ois d'Assise\" width=\"100\" height=\"100\" data-kale-share-title=\"F\u00eate de Saint Fran\u00e7ois : le 800e anniversaire et sa reconnaissance comme f\u00eate nationale en Italie\" data-kale-share-url=\"https:\/\/blog.holyart.it\/fr\/?p=12164\" \/><\/div>\n<div class=\"blocco-contenuto\">\n<div class=\"blocco-acquista\">Acheter sur Holyart:<\/div>\n<div class=\"blocco-titolo\"><a href=\"https:\/\/www.holyart.fr\/occasions-speciales\/saint-francois-dassise?page=1\">Saint Fran\u00e7ois d&rsquo;Assise<\/a><\/div>\n<div class=\"blocco-descrizione\">Dans cette cat\u00e9gorie, vous trouverez une riche s\u00e9lection d&rsquo;articles de Saint Fran\u00e7ois.<\/div>\n<\/div>\n<\/div>\n<p>En 2026, cette r\u00e9currence se chargera d\u2019un poids ult\u00e9rieur. La festivit\u00e9 de Saint Fran\u00e7ois co\u00efncidera avec le 800<sup>e<\/sup> anniversaire du Saint d\u2019Assise. \u00c0 cette occasion, ce jour sera \u00e0 nouveau reconnu comme <strong>f\u00eate nationale italienne<\/strong>, en signe de paix et de fraternit\u00e9. Huit cents ans s\u00e9parent ce 4 octobre de la m\u00eame nuit de 1226, quand Fran\u00e7ois quitta cette terre, et pourtant la distance n\u2019a jamais sembl\u00e9e aussi fragile, \u00e9ph\u00e9m\u00e8re. Le 800<sup>e<\/sup> anniversaire de la mort de Fran\u00e7ois traversera l\u2019Italie avec c\u00e9l\u00e9brations, rencontres, moments de r\u00e9flexion r\u00e9partis sur toute la p\u00e9ninsule, comme un fil invisible qui invite \u00e0 s&rsquo;arr\u00eater, \u00e0 regarder en arri\u00e8re non pas pour regretter, mais pour s&rsquo;orienter. La f\u00eate de Saint Fran\u00e7ois devient ainsi quelque chose de plus qu\u2019une date sur le calendrier\u00a0: un point fixe, une boussole, un rappel.<\/p>\n<p>Mais, au-del\u00e0 des c\u00e9l\u00e9brations nationales, les souvenirs personnels restent, ceux qui refont surface presque sans autorisation, les histoires que nous avons tous entendu, d\u00e8s notre enfance. <a href=\"https:\/\/www.holyart.fr\/articles-religieux\/statues\/statues-en-resine-et-pvc\/statue-st-francois-resine-30-cm\"><strong>Fran\u00e7ois qui parle aux oiseaux<\/strong><\/a>, qui embrasse le l\u00e9preux, qui abandonne tout pour suivre une voix int\u00e9rieure plus forte que toute s\u00e9curit\u00e9. Des histoires racont\u00e9es aux enfants, peut-\u00eatre, mais qu\u2019une fois adultes nous r\u00e9v\u00e8lent une autre profondeur. Fran\u00e7ois ne fut pas simplement \u00ab\u00a0bon\u00a0\u00bb\u00a0: il fut incommode, radical, voire scandaleux. Un <strong>r\u00e9volutionnaire de l\u2019esprit<\/strong>, capable de vivre l\u2019\u00c9vangile avec une telle coh\u00e9rence qu\u2019il a sembl\u00e9 \u00eatre fou \u00e0 ses contemporains, et peut-\u00eatre encore aujourd&rsquo;hui.<\/p>\n<div class=\"link-product\">\n<div class=\"blocco-immagine\"><img loading=\"lazy\" decoding=\"async\" class=\"size-full wp-image-12168 alignleft\" src=\"https:\/\/blog.holyart.it\/fr\/wp-content\/uploads\/sites\/14\/2026\/03\/Statue-St-Francois-resine-30-cm.jpg\" alt=\"Statue St Fran\u00e7ois r\u00e9sine 30 cm\" width=\"100\" height=\"100\" data-kale-share-title=\"F\u00eate de Saint Fran\u00e7ois : le 800e anniversaire et sa reconnaissance comme f\u00eate nationale en Italie\" data-kale-share-url=\"https:\/\/blog.holyart.it\/fr\/?p=12164\" \/><\/div>\n<div class=\"blocco-contenuto\">\n<div class=\"blocco-acquista\">Acheter sur Holyart:<\/div>\n<div class=\"blocco-titolo\"><a href=\"https:\/\/www.holyart.fr\/articles-religieux\/statues\/statues-en-resine-et-pvc\/statue-st-francois-resine-30-cm\">Statue St Fran\u00e7ois r\u00e9sine 30 cm<\/a><\/div>\n<div class=\"blocco-descrizione\">Statue en r\u00e9sine d\u00e9di\u00e9e \u00e0 Saint Fran\u00e7ois avec des colombes dans les mains.<\/div>\n<\/div>\n<\/div>\n<h2>800 ans de la mort de Saint Fran\u00e7ois<\/h2>\n<p>Huit si\u00e8cles sont pass\u00e9s depuis cette nuit du 3 octobre 1226, quand Fran\u00e7ois est mort \u00e0 la Portioncule, avec ses fr\u00e8res autour de lui. Il n\u2019avait que quarante-quatre ans, mais son corps \u00e9tait d\u00e9j\u00e0 \u00e9puis\u00e9 : la pauvret\u00e9 embrass\u00e9e jusqu&rsquo;au bout, les stigmates port\u00e9s en silence, la maladie qui l&rsquo;avait rendu fragile dans les derniers temps, presque aveugle. Les sources racontent toutefois d\u2019un visage serein, d\u00e9tendu. Comme si, \u00e0 la fin, il n&rsquo;y avait pas eu de peur, mais un simple aller \u00e0 la rencontre.<\/p>\n<p>Le 800<sup>e<\/sup> anniversaire de la mort de Saint Fran\u00e7ois arrive dans une p\u00e9riode agit\u00e9e, et ce n\u2019est peut-\u00eatre pas un hasard. Nous vivons entre <a href=\"https:\/\/www.holyart.fr\/blog\/articles-religieux\/pape-francois-et-lenvironnement-voici-ce-quil-a-en-commun-avec-le-saint-dont-il-a-pris-le-nom\/\"><strong>crises environnementales<\/strong><\/a>, conflits qui semblent ne jamais avoir fin, in\u00e9galit\u00e9s de plus en plus marqu\u00e9es. Et au milieu de tout \u00e7a, Fran\u00e7ois continue de parler. Non pas avec des solutions ou des slogans, mais avec une mani\u00e8re d\u2019\u00eatre au monde qui met en discussion nos habitudes les plus enracin\u00e9es. Le <a href=\"https:\/\/www.holyart.fr\/blog\/saints-et-bienheureux\/le-cantique-des-creatures-de-saint-francois\/\"><strong>Cantique des Cr\u00e9atures<\/strong><\/a>, \u00e9crit alors qu&rsquo;il souffrait et voyait \u00e0 peine, n&rsquo;est pas un hymne na\u00eff : c&rsquo;est le regard de celui qui reconna\u00eet une profonde parent\u00e9 avec chaque chose, m\u00eame avec la mort. Une vision que nous qualifierions aujourd&rsquo;hui d&rsquo;<strong>\u00e9cologique<\/strong>, mais qui na\u00eet de quelque chose de plus simple et de plus radical.<\/p>\n<div class=\"link-article\">\n<p><img loading=\"lazy\" decoding=\"async\" class=\"size-full wp-image-12170 alignleft\" src=\"https:\/\/blog.holyart.it\/fr\/wp-content\/uploads\/sites\/14\/2026\/03\/Pape-Francois-et-lenvironnement.jpg\" alt=\"Pape Fran\u00e7ois et l\u2019environnement\" width=\"150\" height=\"99\" data-kale-share-title=\"F\u00eate de Saint Fran\u00e7ois : le 800e anniversaire et sa reconnaissance comme f\u00eate nationale en Italie\" data-kale-share-url=\"https:\/\/blog.holyart.it\/fr\/?p=12164\" \/><\/p>\n<div class=\"leggi-anche\">Lire aussi :<\/div>\n<p><strong><a href=\"https:\/\/www.holyart.fr\/blog\/articles-religieux\/pape-francois-et-lenvironnement-voici-ce-quil-a-en-commun-avec-le-saint-dont-il-a-pris-le-nom\/\">Pape Fran\u00e7ois et l\u2019environnement : voici ce qu\u2019il a en commun avec le saint dont il a pris le nom<\/a><\/strong><br \/>\n\u00c0 l\u2019occasion de la Journ\u00e9e mondiale de la pri\u00e8re pour la sauvegarde de la&#8230;<\/p>\n<\/div>\n<p>Fran\u00e7ois avait compris que la <strong>paix<\/strong> ne s\u2019impose pas et ne se proclame pas. Elle commence \u00e0 l\u2019int\u00e9rieur, quand on arr\u00eate de mesurer l\u2019autre comme un adversaire ou un obstacle. La pri\u00e8re qui lui est attribu\u00e9e \u2013 \u00ab\u00a0 <em>Seigneur, fais de moi un instrument de paix<\/em>\u00a0\u00bb \u2013 ne console pas\u00a0: elle engage. Elle demande \u00e0 renoncer \u00e0 quelque chose, \u00e0 s\u2019exposer, \u00e0 accepter de changer. Pour lui, la <strong>conversion n\u2019\u00e9tait pas une id\u00e9e abstraite<\/strong>, mais un processus continue, souvent fatigant, toujours concret.<\/p>\n<p>Regarder Fran\u00e7ois aujourd&rsquo;hui, c&rsquo;est aussi <strong>s&rsquo;interroger sur l&rsquo;avenir<\/strong>. Que signifie vivre son message dans le pr\u00e9sent ? Il n\u2019y a pas besoin d\u2019une bure, ni d\u2019une fuite du monde. Il suffit de choisir l\u2019essentiel, de donner du poids aux relations, de prendre soin de ce qui nous est confi\u00e9. Fran\u00e7ois ne parlait pas qu\u2019\u00e0 quelques \u00e9lus\u00a0: il parlait \u00e0 quiconque \u00e9tait dispos\u00e9 \u00e0 \u00e9couter. Et c\u2019est peut-\u00eatre justement cela qui, apr\u00e8s huit cents ans, rend encore difficile de l\u2019ignorer.<\/p>\n<div class=\"link-article\">\n<p><img loading=\"lazy\" decoding=\"async\" class=\"size-full wp-image-12171 alignleft\" src=\"https:\/\/blog.holyart.it\/fr\/wp-content\/uploads\/sites\/14\/2026\/03\/Le-cantique-des-creatures.jpg\" alt=\"Le cantique des cr\u00e9atures\" width=\"150\" height=\"99\" data-kale-share-title=\"F\u00eate de Saint Fran\u00e7ois : le 800e anniversaire et sa reconnaissance comme f\u00eate nationale en Italie\" data-kale-share-url=\"https:\/\/blog.holyart.it\/fr\/?p=12164\" \/><\/p>\n<div class=\"leggi-anche\">Lire aussi :<\/div>\n<p><strong><a href=\"https:\/\/www.holyart.fr\/blog\/saints-et-bienheureux\/le-cantique-des-creatures-de-saint-francois\/\">Le cantique des cr\u00e9atures de Saint Fran\u00e7ois<\/a><\/strong><br \/>\nSaint Fran\u00e7ois d\u2019Assise est un des saints les plus aim\u00e9s et les plus v\u00e9n\u00e9r\u00e9s de l\u2019\u00c9glise catholique&#8230;<\/p>\n<\/div>\n<h2>Saint Fran\u00e7ois\u00a0: f\u00eate nationale<\/h2>\n<p>\u00c0 partir de 2026, le 4 octobre sera de nouveau <strong>f\u00eate nationale italienne<\/strong>. Une d\u00e9cision arriv\u00e9e avec une loi approuv\u00e9e en 2025, qui r\u00e9ins\u00e8re la journ\u00e9e de Saint Fran\u00e7ois d\u2019Assise parmi les festivit\u00e9s civiles, avec ses effets concrets sur le travail et la vie quotidienne, apr\u00e8s son abolition datant de 1977. Il ne s\u2019agit pas d\u2019un retour folklorique, ni d\u2019une connexion nostalgique. C\u2019est un choix qui raconte quelque chose de pr\u00e9cis sur ce que ce Pays reconna\u00eet encore comme essentiel.<\/p>\n<p>Saint Fran\u00e7ois est le <strong>saint patron de l&rsquo;Italie<\/strong> depuis 1939, date \u00e0 laquelle Pie XII l&rsquo;a proclam\u00e9 ainsi, avec <a href=\"https:\/\/www.holyart.fr\/blog\/saints-et-bienheureux\/saint-catherine-de-sienne-patronne-ditalie\/\"><strong>sainte Catherine de Sienne<\/strong><\/a>. Mais ce titre n\u2019est jamais rest\u00e9 rel\u00e9gu\u00e9 \u00e0 une formule officielle. Fran\u00e7ois travers l\u2019histoire italienne de mani\u00e8re karstique : dans les paysages, dans l&rsquo;art, dans le langage, dans une certaine fa\u00e7on de comprendre la pauvret\u00e9, la beaut\u00e9, la relation avec la cr\u00e9ation. Reconna\u00eetre le 4 octobre comme f\u00eate nationale signifie donner une forme civile \u00e0 un lien qui, en fait, n&rsquo;a jamais \u00e9t\u00e9 rompu.<\/p>\n<div class=\"link-article\">\n<p><img loading=\"lazy\" decoding=\"async\" class=\"size-full wp-image-12172 alignleft\" src=\"https:\/\/blog.holyart.it\/fr\/wp-content\/uploads\/sites\/14\/2026\/03\/Saint-Catherine-de-Sienne.jpg\" alt=\"Saint Catherine de Sienne\" width=\"150\" height=\"99\" data-kale-share-title=\"F\u00eate de Saint Fran\u00e7ois : le 800e anniversaire et sa reconnaissance comme f\u00eate nationale en Italie\" data-kale-share-url=\"https:\/\/blog.holyart.it\/fr\/?p=12164\" \/><\/p>\n<div class=\"leggi-anche\">Lire aussi :<\/div>\n<p><strong><a href=\"https:\/\/www.holyart.fr\/blog\/saints-et-bienheureux\/saint-catherine-de-sienne-patronne-ditalie\/\">Saint Catherine de Sienne : patronne d\u2019Italie<\/a><\/strong><br \/>\nSainte Catherine de Sienne, de femme du peuple \u00e0 conseill\u00e8re des Papes et princes. Courageuse, sage&#8230;<\/p>\n<\/div>\n<p>Cette journ\u00e9e s\u2019adresse <strong>aussi bien aux croyants qu\u2019aux non-croyants<\/strong>. Paix, dialogue, attention aux derniers, respect pour l\u2019environnement ne sont pas les mots d&rsquo;une seule tradition, mais des points de contact possibles dans une \u00e9poque fragment\u00e9e, souvent agressive. En ce sens, la f\u00eate nationale de Saint Fran\u00e7ois ne divise pas : elle rassemble. Elle ne demande pas d&rsquo;adh\u00e9sion id\u00e9ologique, mais invite \u00e0 s&rsquo;arr\u00eater, au moins pour un jour, sur des valeurs qui n&rsquo;ont rien perdu de leur urgence.<\/p>\n<p>Pour les communaut\u00e9s franciscaines, le 4 octobre reste, bien \u00e9videmment, le c\u0153ur de l\u2019ann\u00e9e. Fr\u00e8res, clarisses et tertiaires le vivent comme un moment de renouvellement profond, de retour aux origines. Mais Fran\u00e7ois n\u2019appartient pas qu\u2019\u00e0 l\u2019\u00c9glise. C\u2019est une figure qui a touch\u00e9, et continue de toucher, des mondes diff\u00e9rents, des sensibilit\u00e9s \u00e9loign\u00e9es les unes des autres. De Giotto \u00e0 Dante, de Dosto\u00efevski \u00e0 Gandhi, son passage a laiss\u00e9 des traces partout o\u00f9 quelqu&rsquo;un \u00e9tait pr\u00eat \u00e0 s&rsquo;interroger sur le sens ultime des choses.<\/p>\n<p>Cette f\u00eate rappelle \u00e9galement une <strong>responsabilit\u00e9<\/strong>. L\u2019Italie conserve les lieux franciscains\u00a0: Assise, certes, avec ses basiliques et ses fresques, mais aussi une constellation d\u2019ermitages, de couvents, d\u2019\u00e9glises clairsem\u00e9es dans toute la p\u00e9ninsule. Des lieux qui ne sont pas simplement un patrimoine artistique, mais aussi des espaces vivants, capables de parler de silence, d\u2019essentialit\u00e9 et de paix encore de nos jours. Les c\u00e9l\u00e9brer signifie ne pas les transformer en reliques immobiles, mais les maintenir traversables.<\/p>\n<h2>C\u00e9l\u00e9brations et initiatives<\/h2>\n<p>Le huit centi\u00e8me anniversaire de la mort de Saint Fran\u00e7ois, associ\u00e9 au r\u00e9tablissement du 4 octobre comme jour f\u00e9ri\u00e9 national, a donn\u00e9 lieu \u00e0 un vaste mouvement g\u00e9n\u00e9ralis\u00e9. Un calendrier dense de c\u00e9l\u00e9brations et d\u2019initiatives qui ne concerne pas seulement Assise, mais qui traverse le Pays entier, comme si l\u2019Italie avait ressenti le besoin de retourner \u00e0 s\u2019interroger, ensemble, sur la figure du Petit Pauvre. Le Minist\u00e8re de la Culture a accompagn\u00e9 ce parcours en d\u00e9diant \u00e0 cet \u00e9v\u00e9nement un portail sp\u00e9cifique, con\u00e7u non pas comme un simple conteneur d&rsquo;informations, mais comme un espace de connexion entre des projets culturels, artistiques et spirituels destin\u00e9s \u00e9galement aux nouvelles g\u00e9n\u00e9rations.<\/p>\n<p>Les <a href=\"https:\/\/www.holyart.fr\/blog\/articles-religieux\/les-celebrations-pour-le-huitieme-centenaire-de-saint-francois-dassise\/\"><strong>c\u00e9l\u00e9brations touchent des domaines diff\u00e9rents<\/strong><\/a>, car diff\u00e9rente est la mani\u00e8re dont Fran\u00e7ois a parl\u00e9 aux hommes au cours des si\u00e8cles. Il y a des expositions qui rassemblent des \u0153uvres inspir\u00e9es de sa vie, des concerts qui m\u00ealent musique sacr\u00e9e et contemporaine, des rencontres et des s\u00e9minaires qui explorent l&rsquo;histoire et la th\u00e9ologie de sa pens\u00e9e. Il y a surtout les <a href=\"https:\/\/www.holyart.fr\/blog\/articles-religieux\/le-chemin-de-saint-francois-en-pelerinage-jusqua-assise\/\"><strong>chemins<\/strong> <\/a>: des itin\u00e9raires franciscains qui permettent de retracer les lieux travers\u00e9s par le saint, de mesurer le paysage au rythme lent de celui qui marche pour chercher. L&rsquo;Ombrie reste le c\u0153ur de ce mouvement, avec Assise pr\u00eate \u00e0 accueillir des p\u00e8lerins du monde entier pour les c\u00e9l\u00e9brations solennelles.<\/p>\n<div class=\"link-article\">\n<p><img loading=\"lazy\" decoding=\"async\" class=\"size-full wp-image-12173 alignleft\" src=\"https:\/\/blog.holyart.it\/fr\/wp-content\/uploads\/sites\/14\/2026\/03\/Les-celebrations-pour-le-huitieme-centenaire-de-Saint-Francois-dAssise.jpg\" alt=\"Les c\u00e9l\u00e9brations pour le huiti\u00e8me centenaire de Saint Fran\u00e7ois d\u2019Assise\" width=\"150\" height=\"99\" data-kale-share-title=\"F\u00eate de Saint Fran\u00e7ois : le 800e anniversaire et sa reconnaissance comme f\u00eate nationale en Italie\" data-kale-share-url=\"https:\/\/blog.holyart.it\/fr\/?p=12164\" \/><\/p>\n<div class=\"leggi-anche\">Lire aussi :<\/div>\n<p><strong><a href=\"https:\/\/www.holyart.fr\/blog\/articles-religieux\/les-celebrations-pour-le-huitieme-centenaire-de-saint-francois-dassise\/\">Les c\u00e9l\u00e9brations pour le huiti\u00e8me centenaire de Saint Fran\u00e7ois d\u2019Assise<\/a><\/strong><br \/>\nEn 2026, on comm\u00e9morera le huiti\u00e8me centenaire de la mort de Saint&#8230;<\/p>\n<\/div>\n<p>Cette ann\u00e9e, toutefois, le calendrier se charge d\u2019une intensit\u00e9 rare. Pour la premi\u00e8re fois dans l\u2019histoire, <strong>la d\u00e9pouille mortelle de Fran\u00e7ois sera expos\u00e9e \u00e0 la v\u00e9n\u00e9ration de quiconque souhaite s\u2019y approcher<\/strong>. Du <strong>22 f\u00e9vrier au 22 mars 2026<\/strong>, dans la Basilique d\u2019Assise, son corps, d\u00e9plac\u00e9 de la crypte et expos\u00e9 aux pieds de l\u2019autel, sera visible \u00e0 tous, p\u00e8lerins et voyageurs, familles et \u00e9trangers venus de loin dans un unique, simple geste de rencontre. C\u2019est une invitation qui va au-del\u00e0 de la d\u00e9votion formelle\u00a0: elle nous permet de nous arr\u00eater devant une r\u00e9alit\u00e9 concr\u00e8te, devant une vie qui s&rsquo;est consum\u00e9e entre la poussi\u00e8re du chemin et les demandes de compassion, et qui continue encore \u00e0 parler de paix, de fraternit\u00e9 et de soin de l&rsquo;autre comme s&rsquo;il s&rsquo;agissait d&rsquo;un mot vivant.<\/p>\n<p>Parmi les reliques expos\u00e9es, il y a des t\u00e9moignages d\u2019une extraordinaire valeur symbolique, outre qu\u2019historique\u00a0: la bure rapi\u00e9c\u00e9e, marqu\u00e9e par le temps et par l\u2019usage, embl\u00e8me d\u2019une pauvret\u00e9 non \u00e9tal\u00e9e, mais v\u00e9cue jusqu\u2019au bout\u00a0; les lettres autographes, qui rendent une voix fragile et ardente en m\u00eame temps\u00a0; de petits objets quotidiens, insignifiants \u00e0 l\u2019apparence, mais qui deviennent tout \u00e0 coup charg\u00e9s de sens. Chaque relique raconte une histoire, chaque fragment ouvre une fen\u00eatre sur ce monde m\u00e9di\u00e9val o\u00f9 un jeune d\u2019Assise d\u00e9cide d\u2019abandonner tout pour suivre Christ sans compromis.<\/p>\n<div class=\"link-article\">\n<p><img loading=\"lazy\" decoding=\"async\" class=\"size-full wp-image-12174 alignleft\" src=\"https:\/\/blog.holyart.it\/fr\/wp-content\/uploads\/sites\/14\/2026\/03\/Le-chemin-de-Saint-Francois.jpg\" alt=\"Le chemin de Saint Fran\u00e7ois\" width=\"150\" height=\"99\" data-kale-share-title=\"F\u00eate de Saint Fran\u00e7ois : le 800e anniversaire et sa reconnaissance comme f\u00eate nationale en Italie\" data-kale-share-url=\"https:\/\/blog.holyart.it\/fr\/?p=12164\" \/><\/p>\n<div class=\"leggi-anche\">Lire aussi :<\/div>\n<p><strong><a href=\"https:\/\/www.holyart.fr\/blog\/articles-religieux\/le-chemin-de-saint-francois-en-pelerinage-jusqua-assise\/\">Le chemin de Saint Fran\u00e7ois: en p\u00e8lerinage jusqu\u2019\u00e0 Assise<\/a><\/strong><br \/>\nLe chemin de Saint Fran\u00e7ois retrace les pas du Saint Patron d\u2019Italie, entre paysages naturels enchanteurs&#8230;<\/p>\n<\/div>\n","protected":false},"excerpt":{"rendered":"<p>En 2026, la f\u00eate de Saint Fran\u00e7ois co\u00efncidera avec le 800e anniversaire du Saint d\u2019Assise. \u00c0 cette occasion, elle sera de nouveau reconnue comme F\u00eate Nationale italienne. Le 4 octobre n\u2019est pas une date quelconque en Italie. C&rsquo;est une journ\u00e9e qui semble sortir du rythme&hellip;<\/p>\n","protected":false},"author":1,"featured_media":12166,"comment_status":"closed","ping_status":"open","sticky":false,"template":"","format":"standard","meta":{"_acf_changed":false,"footnotes":""},"categories":[7],"tags":[],"class_list":["post-12164","post","type-post","status-publish","format-standard","has-post-thumbnail","hentry","category-saints-et-bienheureux"],"acf":[],"yoast_head":"<!-- This site is optimized with the Yoast SEO plugin v26.6 - https:\/\/yoast.com\/wordpress\/plugins\/seo\/ -->\n<title>F\u00eate de Saint Fran\u00e7ois : le 800e anniversaire et sa reconnaissance comme f\u00eate nationale en Italie - Holyart.fr Blog<\/title>\n<meta name=\"description\" content=\"Le 4 octobre 2026, la f\u00eate de Saint Fran\u00e7ois sera \u00e0 nouveau f\u00eate nationale italienne et co\u00efncidera avec le 800e anniversaire de la mort...\" \/>\n<meta name=\"robots\" content=\"index, follow, max-snippet:-1, max-image-preview:large, max-video-preview:-1\" \/>\n<link rel=\"canonical\" href=\"https:\/\/blog.holyart.it\/fr\/saints-et-bienheureux\/fete-de-saint-francois-le-800e-anniversaire-et-sa-reconnaissance-comme-fete-nationale-en-italie\/\" \/>\n<meta property=\"og:locale\" content=\"fr_FR\" \/>\n<meta property=\"og:type\" content=\"article\" \/>\n<meta property=\"og:title\" content=\"F\u00eate de Saint Fran\u00e7ois : le 800e anniversaire et sa reconnaissance comme f\u00eate nationale en Italie - Holyart.fr Blog\" \/>\n<meta property=\"og:description\" content=\"Le 4 octobre 2026, la f\u00eate de Saint Fran\u00e7ois sera \u00e0 nouveau f\u00eate nationale italienne et co\u00efncidera avec le 800e anniversaire de la mort...\" \/>\n<meta property=\"og:url\" content=\"https:\/\/blog.holyart.it\/fr\/saints-et-bienheureux\/fete-de-saint-francois-le-800e-anniversaire-et-sa-reconnaissance-comme-fete-nationale-en-italie\/\" \/>\n<meta property=\"og:site_name\" content=\"Holyart.fr Blog\" \/>\n<meta property=\"article:published_time\" content=\"2026-03-16T09:00:53+00:00\" \/>\n<meta property=\"article:modified_time\" content=\"2026-04-23T10:40:30+00:00\" \/>\n<meta property=\"og:image\" content=\"https:\/\/blog.holyart.it\/fr\/wp-content\/uploads\/sites\/14\/2026\/03\/Fete-de-Saint-Francois.jpg\" \/>\n\t<meta property=\"og:image:width\" content=\"1000\" \/>\n\t<meta property=\"og:image:height\" content=\"666\" \/>\n\t<meta property=\"og:image:type\" content=\"image\/jpeg\" \/>\n<meta name=\"author\" content=\"Redazione\" \/>\n<meta name=\"twitter:card\" content=\"summary_large_image\" \/>\n<meta name=\"twitter:label1\" content=\"\u00c9crit par\" \/>\n\t<meta name=\"twitter:data1\" content=\"Redazione\" \/>\n\t<meta name=\"twitter:label2\" content=\"Dur\u00e9e de lecture estim\u00e9e\" \/>\n\t<meta name=\"twitter:data2\" content=\"12 minutes\" \/>\n<script type=\"application\/ld+json\" class=\"yoast-schema-graph\">{\"@context\":\"https:\/\/schema.org\",\"@graph\":[{\"@type\":\"Article\",\"@id\":\"https:\/\/blog.holyart.it\/fr\/saints-et-bienheureux\/fete-de-saint-francois-le-800e-anniversaire-et-sa-reconnaissance-comme-fete-nationale-en-italie\/#article\",\"isPartOf\":{\"@id\":\"https:\/\/blog.holyart.it\/fr\/saints-et-bienheureux\/fete-de-saint-francois-le-800e-anniversaire-et-sa-reconnaissance-comme-fete-nationale-en-italie\/\"},\"author\":{\"name\":\"Redazione\",\"@id\":\"https:\/\/blog.holyart.it\/fr\/#\/schema\/person\/0a7b686e5af0f856ec1e390dd0baecda\"},\"headline\":\"F\u00eate de Saint Fran\u00e7ois : le 800e anniversaire et sa reconnaissance comme f\u00eate nationale en Italie\",\"datePublished\":\"2026-03-16T09:00:53+00:00\",\"dateModified\":\"2026-04-23T10:40:30+00:00\",\"mainEntityOfPage\":{\"@id\":\"https:\/\/blog.holyart.it\/fr\/saints-et-bienheureux\/fete-de-saint-francois-le-800e-anniversaire-et-sa-reconnaissance-comme-fete-nationale-en-italie\/\"},\"wordCount\":2124,\"publisher\":{\"@id\":\"https:\/\/blog.holyart.it\/fr\/#organization\"},\"image\":{\"@id\":\"https:\/\/blog.holyart.it\/fr\/saints-et-bienheureux\/fete-de-saint-francois-le-800e-anniversaire-et-sa-reconnaissance-comme-fete-nationale-en-italie\/#primaryimage\"},\"thumbnailUrl\":\"https:\/\/blog.holyart.it\/fr\/wp-content\/uploads\/sites\/14\/2026\/03\/Fete-de-Saint-Francois.jpg\",\"articleSection\":[\"Saints et Bienheureux\"],\"inLanguage\":\"fr-FR\"},{\"@type\":\"WebPage\",\"@id\":\"https:\/\/blog.holyart.it\/fr\/saints-et-bienheureux\/fete-de-saint-francois-le-800e-anniversaire-et-sa-reconnaissance-comme-fete-nationale-en-italie\/\",\"url\":\"https:\/\/blog.holyart.it\/fr\/saints-et-bienheureux\/fete-de-saint-francois-le-800e-anniversaire-et-sa-reconnaissance-comme-fete-nationale-en-italie\/\",\"name\":\"F\u00eate de Saint Fran\u00e7ois : le 800e anniversaire et sa reconnaissance comme f\u00eate nationale en Italie - Holyart.fr Blog\",\"isPartOf\":{\"@id\":\"https:\/\/blog.holyart.it\/fr\/#website\"},\"primaryImageOfPage\":{\"@id\":\"https:\/\/blog.holyart.it\/fr\/saints-et-bienheureux\/fete-de-saint-francois-le-800e-anniversaire-et-sa-reconnaissance-comme-fete-nationale-en-italie\/#primaryimage\"},\"image\":{\"@id\":\"https:\/\/blog.holyart.it\/fr\/saints-et-bienheureux\/fete-de-saint-francois-le-800e-anniversaire-et-sa-reconnaissance-comme-fete-nationale-en-italie\/#primaryimage\"},\"thumbnailUrl\":\"https:\/\/blog.holyart.it\/fr\/wp-content\/uploads\/sites\/14\/2026\/03\/Fete-de-Saint-Francois.jpg\",\"datePublished\":\"2026-03-16T09:00:53+00:00\",\"dateModified\":\"2026-04-23T10:40:30+00:00\",\"description\":\"Le 4 octobre 2026, la f\u00eate de Saint Fran\u00e7ois sera \u00e0 nouveau f\u00eate nationale italienne et co\u00efncidera avec le 800e anniversaire de la mort...\",\"breadcrumb\":{\"@id\":\"https:\/\/blog.holyart.it\/fr\/saints-et-bienheureux\/fete-de-saint-francois-le-800e-anniversaire-et-sa-reconnaissance-comme-fete-nationale-en-italie\/#breadcrumb\"},\"inLanguage\":\"fr-FR\",\"potentialAction\":[{\"@type\":\"ReadAction\",\"target\":[\"https:\/\/blog.holyart.it\/fr\/saints-et-bienheureux\/fete-de-saint-francois-le-800e-anniversaire-et-sa-reconnaissance-comme-fete-nationale-en-italie\/\"]}]},{\"@type\":\"ImageObject\",\"inLanguage\":\"fr-FR\",\"@id\":\"https:\/\/blog.holyart.it\/fr\/saints-et-bienheureux\/fete-de-saint-francois-le-800e-anniversaire-et-sa-reconnaissance-comme-fete-nationale-en-italie\/#primaryimage\",\"url\":\"https:\/\/blog.holyart.it\/fr\/wp-content\/uploads\/sites\/14\/2026\/03\/Fete-de-Saint-Francois.jpg\",\"contentUrl\":\"https:\/\/blog.holyart.it\/fr\/wp-content\/uploads\/sites\/14\/2026\/03\/Fete-de-Saint-Francois.jpg\",\"width\":1000,\"height\":666,\"caption\":\"F\u00eate de Saint Fran\u00e7ois\"},{\"@type\":\"BreadcrumbList\",\"@id\":\"https:\/\/blog.holyart.it\/fr\/saints-et-bienheureux\/fete-de-saint-francois-le-800e-anniversaire-et-sa-reconnaissance-comme-fete-nationale-en-italie\/#breadcrumb\",\"itemListElement\":[{\"@type\":\"ListItem\",\"position\":1,\"name\":\"Homepage\",\"item\":\"https:\/\/blog.holyart.it\/fr\/\"},{\"@type\":\"ListItem\",\"position\":2,\"name\":\"Saints et Bienheureux\",\"item\":\"https:\/\/blog.holyart.it\/fr\/saints-et-bienheureux\/\"},{\"@type\":\"ListItem\",\"position\":3,\"name\":\"F\u00eate de Saint Fran\u00e7ois : le 800e anniversaire et sa reconnaissance comme f\u00eate nationale en Italie\"}]},{\"@type\":\"WebSite\",\"@id\":\"https:\/\/blog.holyart.it\/fr\/#website\",\"url\":\"https:\/\/blog.holyart.it\/fr\/\",\"name\":\"Holyart.fr Blog\",\"description\":\"Holyblog\",\"publisher\":{\"@id\":\"https:\/\/blog.holyart.it\/fr\/#organization\"},\"potentialAction\":[{\"@type\":\"SearchAction\",\"target\":{\"@type\":\"EntryPoint\",\"urlTemplate\":\"https:\/\/blog.holyart.it\/fr\/?s={search_term_string}\"},\"query-input\":{\"@type\":\"PropertyValueSpecification\",\"valueRequired\":true,\"valueName\":\"search_term_string\"}}],\"inLanguage\":\"fr-FR\"},{\"@type\":\"Organization\",\"@id\":\"https:\/\/blog.holyart.it\/fr\/#organization\",\"name\":\"Holyart.fr Blog\",\"url\":\"https:\/\/blog.holyart.it\/fr\/\",\"logo\":{\"@type\":\"ImageObject\",\"inLanguage\":\"fr-FR\",\"@id\":\"https:\/\/blog.holyart.it\/fr\/#\/schema\/logo\/image\/\",\"url\":\"https:\/\/blog.holyart.it\/fr\/wp-content\/uploads\/sites\/14\/2022\/12\/Holyart_Blog_Logo.jpg\",\"contentUrl\":\"https:\/\/blog.holyart.it\/fr\/wp-content\/uploads\/sites\/14\/2022\/12\/Holyart_Blog_Logo.jpg\",\"width\":300,\"height\":50,\"caption\":\"Holyart.fr Blog\"},\"image\":{\"@id\":\"https:\/\/blog.holyart.it\/fr\/#\/schema\/logo\/image\/\"}},{\"@type\":\"Person\",\"@id\":\"https:\/\/blog.holyart.it\/fr\/#\/schema\/person\/0a7b686e5af0f856ec1e390dd0baecda\",\"name\":\"Redazione\",\"image\":{\"@type\":\"ImageObject\",\"inLanguage\":\"fr-FR\",\"@id\":\"https:\/\/blog.holyart.it\/fr\/#\/schema\/person\/image\/\",\"url\":\"https:\/\/secure.gravatar.com\/avatar\/f477da817f43e50d0af36abecd33e3edf826c68299714bdc1057dff3b113f516?s=96&d=mm&r=g\",\"contentUrl\":\"https:\/\/secure.gravatar.com\/avatar\/f477da817f43e50d0af36abecd33e3edf826c68299714bdc1057dff3b113f516?s=96&d=mm&r=g\",\"caption\":\"Redazione\"},\"url\":\"https:\/\/blog.holyart.it\/fr\/author\/admin\/\"}]}<\/script>\n<!-- \/ Yoast SEO plugin. -->","yoast_head_json":{"title":"F\u00eate de Saint Fran\u00e7ois : le 800e anniversaire et sa reconnaissance comme f\u00eate nationale en Italie - Holyart.fr Blog","description":"Le 4 octobre 2026, la f\u00eate de Saint Fran\u00e7ois sera \u00e0 nouveau f\u00eate nationale italienne et co\u00efncidera avec le 800e anniversaire de la mort...","robots":{"index":"index","follow":"follow","max-snippet":"max-snippet:-1","max-image-preview":"max-image-preview:large","max-video-preview":"max-video-preview:-1"},"canonical":"https:\/\/blog.holyart.it\/fr\/saints-et-bienheureux\/fete-de-saint-francois-le-800e-anniversaire-et-sa-reconnaissance-comme-fete-nationale-en-italie\/","og_locale":"fr_FR","og_type":"article","og_title":"F\u00eate de Saint Fran\u00e7ois : le 800e anniversaire et sa reconnaissance comme f\u00eate nationale en Italie - Holyart.fr Blog","og_description":"Le 4 octobre 2026, la f\u00eate de Saint Fran\u00e7ois sera \u00e0 nouveau f\u00eate nationale italienne et co\u00efncidera avec le 800e anniversaire de la mort...","og_url":"https:\/\/blog.holyart.it\/fr\/saints-et-bienheureux\/fete-de-saint-francois-le-800e-anniversaire-et-sa-reconnaissance-comme-fete-nationale-en-italie\/","og_site_name":"Holyart.fr Blog","article_published_time":"2026-03-16T09:00:53+00:00","article_modified_time":"2026-04-23T10:40:30+00:00","og_image":[{"width":1000,"height":666,"url":"https:\/\/blog.holyart.it\/fr\/wp-content\/uploads\/sites\/14\/2026\/03\/Fete-de-Saint-Francois.jpg","type":"image\/jpeg"}],"author":"Redazione","twitter_card":"summary_large_image","twitter_misc":{"\u00c9crit par":"Redazione","Dur\u00e9e de lecture estim\u00e9e":"12 minutes"},"schema":{"@context":"https:\/\/schema.org","@graph":[{"@type":"Article","@id":"https:\/\/blog.holyart.it\/fr\/saints-et-bienheureux\/fete-de-saint-francois-le-800e-anniversaire-et-sa-reconnaissance-comme-fete-nationale-en-italie\/#article","isPartOf":{"@id":"https:\/\/blog.holyart.it\/fr\/saints-et-bienheureux\/fete-de-saint-francois-le-800e-anniversaire-et-sa-reconnaissance-comme-fete-nationale-en-italie\/"},"author":{"name":"Redazione","@id":"https:\/\/blog.holyart.it\/fr\/#\/schema\/person\/0a7b686e5af0f856ec1e390dd0baecda"},"headline":"F\u00eate de Saint Fran\u00e7ois : le 800e anniversaire et sa reconnaissance comme f\u00eate nationale en Italie","datePublished":"2026-03-16T09:00:53+00:00","dateModified":"2026-04-23T10:40:30+00:00","mainEntityOfPage":{"@id":"https:\/\/blog.holyart.it\/fr\/saints-et-bienheureux\/fete-de-saint-francois-le-800e-anniversaire-et-sa-reconnaissance-comme-fete-nationale-en-italie\/"},"wordCount":2124,"publisher":{"@id":"https:\/\/blog.holyart.it\/fr\/#organization"},"image":{"@id":"https:\/\/blog.holyart.it\/fr\/saints-et-bienheureux\/fete-de-saint-francois-le-800e-anniversaire-et-sa-reconnaissance-comme-fete-nationale-en-italie\/#primaryimage"},"thumbnailUrl":"https:\/\/blog.holyart.it\/fr\/wp-content\/uploads\/sites\/14\/2026\/03\/Fete-de-Saint-Francois.jpg","articleSection":["Saints et Bienheureux"],"inLanguage":"fr-FR"},{"@type":"WebPage","@id":"https:\/\/blog.holyart.it\/fr\/saints-et-bienheureux\/fete-de-saint-francois-le-800e-anniversaire-et-sa-reconnaissance-comme-fete-nationale-en-italie\/","url":"https:\/\/blog.holyart.it\/fr\/saints-et-bienheureux\/fete-de-saint-francois-le-800e-anniversaire-et-sa-reconnaissance-comme-fete-nationale-en-italie\/","name":"F\u00eate de Saint Fran\u00e7ois : le 800e anniversaire et sa reconnaissance comme f\u00eate nationale en Italie - Holyart.fr Blog","isPartOf":{"@id":"https:\/\/blog.holyart.it\/fr\/#website"},"primaryImageOfPage":{"@id":"https:\/\/blog.holyart.it\/fr\/saints-et-bienheureux\/fete-de-saint-francois-le-800e-anniversaire-et-sa-reconnaissance-comme-fete-nationale-en-italie\/#primaryimage"},"image":{"@id":"https:\/\/blog.holyart.it\/fr\/saints-et-bienheureux\/fete-de-saint-francois-le-800e-anniversaire-et-sa-reconnaissance-comme-fete-nationale-en-italie\/#primaryimage"},"thumbnailUrl":"https:\/\/blog.holyart.it\/fr\/wp-content\/uploads\/sites\/14\/2026\/03\/Fete-de-Saint-Francois.jpg","datePublished":"2026-03-16T09:00:53+00:00","dateModified":"2026-04-23T10:40:30+00:00","description":"Le 4 octobre 2026, la f\u00eate de Saint Fran\u00e7ois sera \u00e0 nouveau f\u00eate nationale italienne et co\u00efncidera avec le 800e anniversaire de la mort...","breadcrumb":{"@id":"https:\/\/blog.holyart.it\/fr\/saints-et-bienheureux\/fete-de-saint-francois-le-800e-anniversaire-et-sa-reconnaissance-comme-fete-nationale-en-italie\/#breadcrumb"},"inLanguage":"fr-FR","potentialAction":[{"@type":"ReadAction","target":["https:\/\/blog.holyart.it\/fr\/saints-et-bienheureux\/fete-de-saint-francois-le-800e-anniversaire-et-sa-reconnaissance-comme-fete-nationale-en-italie\/"]}]},{"@type":"ImageObject","inLanguage":"fr-FR","@id":"https:\/\/blog.holyart.it\/fr\/saints-et-bienheureux\/fete-de-saint-francois-le-800e-anniversaire-et-sa-reconnaissance-comme-fete-nationale-en-italie\/#primaryimage","url":"https:\/\/blog.holyart.it\/fr\/wp-content\/uploads\/sites\/14\/2026\/03\/Fete-de-Saint-Francois.jpg","contentUrl":"https:\/\/blog.holyart.it\/fr\/wp-content\/uploads\/sites\/14\/2026\/03\/Fete-de-Saint-Francois.jpg","width":1000,"height":666,"caption":"F\u00eate de Saint Fran\u00e7ois"},{"@type":"BreadcrumbList","@id":"https:\/\/blog.holyart.it\/fr\/saints-et-bienheureux\/fete-de-saint-francois-le-800e-anniversaire-et-sa-reconnaissance-comme-fete-nationale-en-italie\/#breadcrumb","itemListElement":[{"@type":"ListItem","position":1,"name":"Homepage","item":"https:\/\/blog.holyart.it\/fr\/"},{"@type":"ListItem","position":2,"name":"Saints et Bienheureux","item":"https:\/\/blog.holyart.it\/fr\/saints-et-bienheureux\/"},{"@type":"ListItem","position":3,"name":"F\u00eate de Saint Fran\u00e7ois : le 800e anniversaire et sa reconnaissance comme f\u00eate nationale en Italie"}]},{"@type":"WebSite","@id":"https:\/\/blog.holyart.it\/fr\/#website","url":"https:\/\/blog.holyart.it\/fr\/","name":"Holyart.fr Blog","description":"Holyblog","publisher":{"@id":"https:\/\/blog.holyart.it\/fr\/#organization"},"potentialAction":[{"@type":"SearchAction","target":{"@type":"EntryPoint","urlTemplate":"https:\/\/blog.holyart.it\/fr\/?s={search_term_string}"},"query-input":{"@type":"PropertyValueSpecification","valueRequired":true,"valueName":"search_term_string"}}],"inLanguage":"fr-FR"},{"@type":"Organization","@id":"https:\/\/blog.holyart.it\/fr\/#organization","name":"Holyart.fr Blog","url":"https:\/\/blog.holyart.it\/fr\/","logo":{"@type":"ImageObject","inLanguage":"fr-FR","@id":"https:\/\/blog.holyart.it\/fr\/#\/schema\/logo\/image\/","url":"https:\/\/blog.holyart.it\/fr\/wp-content\/uploads\/sites\/14\/2022\/12\/Holyart_Blog_Logo.jpg","contentUrl":"https:\/\/blog.holyart.it\/fr\/wp-content\/uploads\/sites\/14\/2022\/12\/Holyart_Blog_Logo.jpg","width":300,"height":50,"caption":"Holyart.fr Blog"},"image":{"@id":"https:\/\/blog.holyart.it\/fr\/#\/schema\/logo\/image\/"}},{"@type":"Person","@id":"https:\/\/blog.holyart.it\/fr\/#\/schema\/person\/0a7b686e5af0f856ec1e390dd0baecda","name":"Redazione","image":{"@type":"ImageObject","inLanguage":"fr-FR","@id":"https:\/\/blog.holyart.it\/fr\/#\/schema\/person\/image\/","url":"https:\/\/secure.gravatar.com\/avatar\/f477da817f43e50d0af36abecd33e3edf826c68299714bdc1057dff3b113f516?s=96&d=mm&r=g","contentUrl":"https:\/\/secure.gravatar.com\/avatar\/f477da817f43e50d0af36abecd33e3edf826c68299714bdc1057dff3b113f516?s=96&d=mm&r=g","caption":"Redazione"},"url":"https:\/\/blog.holyart.it\/fr\/author\/admin\/"}]}},"_links":{"self":[{"href":"https:\/\/blog.holyart.it\/fr\/wp-json\/wp\/v2\/posts\/12164","targetHints":{"allow":["GET"]}}],"collection":[{"href":"https:\/\/blog.holyart.it\/fr\/wp-json\/wp\/v2\/posts"}],"about":[{"href":"https:\/\/blog.holyart.it\/fr\/wp-json\/wp\/v2\/types\/post"}],"author":[{"embeddable":true,"href":"https:\/\/blog.holyart.it\/fr\/wp-json\/wp\/v2\/users\/1"}],"replies":[{"embeddable":true,"href":"https:\/\/blog.holyart.it\/fr\/wp-json\/wp\/v2\/comments?post=12164"}],"version-history":[{"count":6,"href":"https:\/\/blog.holyart.it\/fr\/wp-json\/wp\/v2\/posts\/12164\/revisions"}],"predecessor-version":[{"id":12178,"href":"https:\/\/blog.holyart.it\/fr\/wp-json\/wp\/v2\/posts\/12164\/revisions\/12178"}],"wp:featuredmedia":[{"embeddable":true,"href":"https:\/\/blog.holyart.it\/fr\/wp-json\/wp\/v2\/media\/12166"}],"wp:attachment":[{"href":"https:\/\/blog.holyart.it\/fr\/wp-json\/wp\/v2\/media?parent=12164"}],"wp:term":[{"taxonomy":"category","embeddable":true,"href":"https:\/\/blog.holyart.it\/fr\/wp-json\/wp\/v2\/categories?post=12164"},{"taxonomy":"post_tag","embeddable":true,"href":"https:\/\/blog.holyart.it\/fr\/wp-json\/wp\/v2\/tags?post=12164"}],"curies":[{"name":"wp","href":"https:\/\/api.w.org\/{rel}","templated":true}]}}