{"id":12150,"date":"2026-03-11T10:00:42","date_gmt":"2026-03-11T09:00:42","guid":{"rendered":"https:\/\/blog.holyart.it\/fr\/?p=12150"},"modified":"2026-03-31T12:22:18","modified_gmt":"2026-03-31T10:22:18","slug":"labbaye-de-san-galgano-entre-histoire-et-legende","status":"publish","type":"post","link":"https:\/\/blog.holyart.it\/fr\/saints-et-bienheureux\/labbaye-de-san-galgano-entre-histoire-et-legende\/","title":{"rendered":"L\u2019Abbaye de San Galgano : entre histoire et l\u00e9gende"},"content":{"rendered":"<h4>Immerg\u00e9 dans les merveilleuses collines siennoises, se trouve un endroit qui semble sorti d\u2019une l\u00e9gende ancienne : l\u2019Abbaye de San Galgano, qui abrite la c\u00e9l\u00e8bre \u00e9p\u00e9e dans la pierre.<\/h4>\n\n<p>Il est impossible d\u2019entendre parler de l\u2019<strong>Abbaye de San Galgano<\/strong>, pas loin de Sienne, sans imm\u00e9diatement \u00e9voque la l\u00e9gende de l\u2019<strong>\u00c9p\u00e9e dans la Pierre <\/strong>et, avec elle, les \u00e9v\u00e9nements li\u00e9s au Roi Arthur et aux chevaliers de la Table ronde. En r\u00e9alit\u00e9, les similitudes entre la mythique Excalibur et San Galgano se limitent au fait que, dans ce cas-ci aussi, il y a une <strong>\u00e9p\u00e9e fich\u00e9e dans la pierre<\/strong>. Encore aujourd\u2019hui, il est possible de la voir, conserv\u00e9e dans l\u2019ermitage de San Galgano \u00e0 Montesiepi, dans la commune de Chiusdino, pas loin de l\u2019Abbaye d\u00e9di\u00e9e au Saint. Et ici aussi, il y a un chevalier, qu\u2019il y a tr\u00e8s longtemps d\u00e9cida de renoncer \u00e0 une vie d\u2019aventures et d\u2019entreprises h\u00e9ro\u00efques et de vivre en tant qu\u2019ermite. Cet homme \u00e9tait justement Saint Galgano, n\u00e9 Galgano Guidotti, un chevalier n\u00e9 \u00e0 Chiusdino en 1148, qui, \u00e0 un moment donn\u00e9 de sa vie, d\u00e9cida d\u2019abandonner une vie mondaine et dissolue, de renoncer aux actions guerri\u00e8res et courageuses pour se retirer vivre comme un ermite et se d\u00e9dier \u00e0 la pri\u00e8re et \u00e0 la p\u00e9nitence. En tant que geste symbolique de renonciation \u00e0 la violence, il enfon\u00e7a son \u00e9p\u00e9e dans un rocher, o\u00f9 elle est encore coinc\u00e9e de nos jours. Cette trouvaille exceptionnelle, connue comme l\u2019<strong>\u00c9p\u00e9e de Saint Galgano<\/strong>, est souvent compar\u00e9e \u00e0 la l\u00e9gendaire Excalibur du Roi Arthur et alimente encore aujourd\u2019hui le charme et le myst\u00e8re de ce lieu.<\/p>\n<div class=\"link-article\">\n<p><img loading=\"lazy\" decoding=\"async\" class=\"size-full wp-image-12152 alignleft\" src=\"https:\/\/blog.holyart.it\/fr\/wp-content\/uploads\/sites\/14\/2026\/03\/Le-Saint-Graal.jpg\" alt=\"Le Saint Graal\" width=\"150\" height=\"99\" data-kale-share-title=\"L\u2019Abbaye de San Galgano : entre histoire et l\u00e9gende\" data-kale-share-url=\"https:\/\/blog.holyart.it\/fr\/?p=12150\" \/><\/p>\n<div class=\"leggi-anche\">Lire aussi :<\/div>\n<p><strong><a href=\"https:\/\/www.holyart.fr\/blog\/articles-religieux\/le-saint-graal-entre-histoire-et-legende\/\">Le Saint Graal entre histoire et l\u00e9gende<\/a><\/strong><br \/>\nDans l\u2019imaginaire collectif, le Saint Graal repr\u00e9sente une \u00e9nigme entour\u00e9e de l\u00e9gende, un objet de pouvoir&#8230;<\/p>\n<\/div>\n<p>Bref, <a href=\"https:\/\/www.holyart.fr\/blog\/articles-religieux\/le-saint-graal-entre-histoire-et-legende\/\"><strong>tous les ingr\u00e9dients pour une histoire fascinante<\/strong><\/a> sont l\u00e0, \u00e9l\u00e9ments qui, unis au paysage enchanteur des collines siennoises, rend l\u2019Abbaye de San Galgano un des lieux les plus suggestifs de la Toscane, lieu de visites toute l\u2019ann\u00e9e, immortalis\u00e9e dans d\u2019innombrables photos et m\u00eame utilis\u00e9e comme lieu de tournage pour des films c\u00e9l\u00e8bres. Car ce qui rend encore plus unique et sp\u00e9cial ce lieu entour\u00e9 d\u2019une aura de myst\u00e8re et de l\u00e9gende est le fait que la grande Abbaye d\u00e9sacralis\u00e9e, fascinant t\u00e9moignage de l\u2019architecture gothique, est <strong>d\u00e9pourvue d\u2019un toit<\/strong>, r\u00e9duite \u00e0 une simple enceinte murale\u00a0!<\/p>\n<p><img loading=\"lazy\" decoding=\"async\" class=\"size-full wp-image-12153 aligncenter\" src=\"https:\/\/blog.holyart.it\/fr\/wp-content\/uploads\/sites\/14\/2026\/03\/san-galgano-fr.jpeg\" alt=\"san galgano\" width=\"1000\" height=\"800\" data-kale-share-title=\"L\u2019Abbaye de San Galgano : entre histoire et l\u00e9gende\" data-kale-share-url=\"https:\/\/blog.holyart.it\/fr\/?p=12150\" \/><\/p>\n<h2>San Galgano<\/h2>\n<p>Mais o\u00f9 se trouve exactement San Galgano ? Situ\u00e9e dans la commune de <strong>Chiusdino<\/strong> \u00e0 environ 30 kilom\u00e8tres de Sienne, l\u2019Abbaye fut \u00e9rig\u00e9e par des <strong>moines cisterciens<\/strong> sur les restes d\u2019une petite chapelle \u00e9rig\u00e9e \u00e0 l\u2019endroit de la mort de Saint Galgano, selon les canons de localisation et de planim\u00e9trie des <a href=\"https:\/\/www.holyart.fr\/blog\/monasteres\/bieres-trappistes-et-bieres-dabbaye-differences-caracteristiques-et-ressemblances\/\"><strong>abbayes cisterciennes<\/strong><\/a> \u00e9tablis par la r\u00e8gle de Saint Bernard. G\u00e9n\u00e9ralement, les abbayes cisterciennes \u00e9taient construites le long des rivi\u00e8res afin d\u2019en exploiter le cours, pr\u00e8s des for\u00eats, pour en utiliser le bois, et, de toute fa\u00e7on, le long d\u2019importantes voies de communication, dans ce cas pr\u00e9cis la via Maremmana. Consacr\u00e9e en 1288, \u00e0 la moiti\u00e9 du XIIIe si\u00e8cle, elle se vantait d\u2019immenses richesses et rev\u00eatait un r\u00f4le strat\u00e9gique et \u00e9conomique fondamental pour l\u2019ordre, en Toscane, mais pas seulement. Au cours des si\u00e8cles, elle a v\u00e9cu des p\u00e9riodes de grande splendeur, altern\u00e9es avec des moments de crise. D\u00e9j\u00e0 au XVe si\u00e8cle, un lent d\u00e9clin d\u00e9buta, d\u00fb \u00e0 plusieurs facteurs, parmi lesquels des famines, des \u00e9pid\u00e9mies de peste, les incursions des mercenaires et l\u2019instabilit\u00e9 politique croissante. Transform\u00e9e en ferme et m\u00eame en fonderie, au XVIIIe si\u00e8cle, l\u2019Abbaye fut d\u00e9finitivement abandonn\u00e9e et tomba en ruines.<\/p>\n<div class=\"link-article\">\n<p><img loading=\"lazy\" decoding=\"async\" class=\"size-full wp-image-12154 alignleft\" src=\"https:\/\/blog.holyart.it\/fr\/wp-content\/uploads\/sites\/14\/2026\/03\/Bieres-Trappistes.jpeg\" alt=\"Bi\u00e8res Trappistes\" width=\"150\" height=\"99\" data-kale-share-title=\"L\u2019Abbaye de San Galgano : entre histoire et l\u00e9gende\" data-kale-share-url=\"https:\/\/blog.holyart.it\/fr\/?p=12150\" \/><\/p>\n<div class=\"leggi-anche\">Lire aussi :<\/div>\n<p><strong><a href=\"https:\/\/www.holyart.fr\/blog\/monasteres\/bieres-trappistes-et-bieres-dabbaye-differences-caracteristiques-et-ressemblances\/\">Bi\u00e8res Trappistes et Bi\u00e8res d\u2019Abbaye : diff\u00e9rences, caract\u00e9ristiques et ressemblances<\/a><\/strong><br \/>\nLes bi\u00e8res trappistes sont parmi les produits trappistes les plus connus. Lisez cet article pour d\u00e9couvrir ressemblances&#8230;<\/p>\n<\/div>\n<p>Aujourd\u2019hui, sans toit et avec les murs partiellement \u00e9croul\u00e9s, San Galgano conserve tout de m\u00eame un charme inalt\u00e9r\u00e9, voire accru, et attire des visiteurs du monde entier. Le complexe architectural est compos\u00e9, outre que par les suggestives ruines de l\u2019Abbaye, de l\u2019Ermitage de Saint Galgano, ou Rotonda di Montesiepi, caract\u00e9ris\u00e9 par une implantation singuli\u00e8re de forme circulaire, qui conserve un des \u00e9l\u00e9ments les plus \u00e9nigmatiques li\u00e9s \u00e0 la figure du saint\u00a0: l\u2019\u00c9p\u00e9e dans la Pierre.<\/p>\n<h2>L\u2019\u00c9p\u00e9e dans la Pierre de San Galgano<\/h2>\n<p><img loading=\"lazy\" decoding=\"async\" class=\"size-full wp-image-12155 aligncenter\" src=\"https:\/\/blog.holyart.it\/fr\/wp-content\/uploads\/sites\/14\/2026\/03\/Epee-dans-la-Pierre.jpeg\" alt=\"\u00c9p\u00e9e dans la Pierre\" width=\"1000\" height=\"666\" data-kale-share-title=\"L\u2019Abbaye de San Galgano : entre histoire et l\u00e9gende\" data-kale-share-url=\"https:\/\/blog.holyart.it\/fr\/?p=12150\" \/><\/p>\n<p>On ne sait pas grand-chose de Galgano Guidotti, protagoniste de nombreux r\u00e9cits qui m\u00e9langent histoire et l\u00e9gende. En tout cas, son histoire est sans doute strictement li\u00e9e \u00e0 l\u2019<strong>Archange Michel<\/strong>. Le Saint naquit vraisemblablement dans un petit ch\u00e2teau de Chiusdino, dans une famille de la petite noblesse, vers la fin du XIIe si\u00e8cle. \u00c0 l\u2019\u00e9poque, ces terres \u00e9taient gouvern\u00e9es par l\u2019\u00e9v\u00eaque-comte de Volterra, au service duquel Galgano milita pendant sa jeunesse. Nous savons de sources sures que sa m\u00e8re s\u2019appelait Dionigia, tandis qu\u2019il est probable que le nom de famille Guidotti soit fictif et lui ait \u00e9t\u00e9 attribu\u00e9 au cours des si\u00e8cles suivants. Destin\u00e9 \u00e0 la carri\u00e8re militaire, comme de nombreux jeunes de son temps, il v\u00e9cut une jeunesse effr\u00e9n\u00e9e, \u00e0 l\u2019insigne du d\u00e9sordre et de la luxure, entre exc\u00e8s et violence, jusqu\u2019\u00e0 ce que l\u2019<strong><a href=\"https:\/\/www.holyart.fr\/blog\/saints-et-bienheureux\/les-apparitions-de-saint-michel-archange\/\">Archange Michel<\/a> <\/strong>ne lui apparaisse en r\u00eave, en le convainquant de changer de vie. Dans son r\u00eave, l\u2019Archange guidait Galgano \u00e0 travers un pont, jusqu\u2019\u00e0 une prairie fleurie et d\u2019ici \u00e0 Montesiepi, o\u00f9, dans une chapelle ronde, l\u2019accueillaient J\u00e9sus, les Ap\u00f4tres et la Vierge Marie. Apr\u00e8s cette vision, Galgano d\u00e9cida de se retirer \u00e0 Montesiepi, o\u00f9, le jour de No\u00ebl de 1180, <strong>il enfon\u00e7a son \u00e9p\u00e9e dans la terre<\/strong> afin de la transformer en <strong>croix<\/strong> et coupa sa cape afin de la transformer en bure. Ensuite, il v\u00e9cut \u00e0 cet endroit comme ermite, en mangeant des herbes spontan\u00e9es, en dormant \u00e0 m\u00eame le sol, en luttant contre le d\u00e9mon, jusqu\u2019\u00e0 sa mort, qui eut lieu en 1181.<\/p>\n<div class=\"link-article\">\n<p><img loading=\"lazy\" decoding=\"async\" class=\"size-full wp-image-12156 alignleft\" src=\"https:\/\/blog.holyart.it\/fr\/wp-content\/uploads\/sites\/14\/2026\/03\/Les-apparitions-de-Saint-Michel-Archange.jpeg\" alt=\"Les apparitions de Saint Michel Archange\" width=\"150\" height=\"99\" data-kale-share-title=\"L\u2019Abbaye de San Galgano : entre histoire et l\u00e9gende\" data-kale-share-url=\"https:\/\/blog.holyart.it\/fr\/?p=12150\" \/><\/p>\n<div class=\"leggi-anche\">Lire aussi :<\/div>\n<p><strong><a href=\"https:\/\/www.holyart.fr\/blog\/saints-et-bienheureux\/les-apparitions-de-saint-michel-archange\/\">Les apparitions de Saint Michel Archange<\/a><\/strong><br \/>\nAvez-vous d\u00e9j\u00e0 visit\u00e9 le Sanctuaire de Monte Sant\u2019Angelo ? Il fut construit apr\u00e8s une apparition de Saint&#8230;<\/p>\n<\/div>\n<p>Apr\u00e8s sa mort, son culte se r\u00e9pandit rapidement, \u00e9galement en vertu des miracles qui lui furent attribu\u00e9s. Non seulement les moines cisterciens et augustiniens lui \u00e9taient d\u00e9vots, mais aussi les <strong>chevaliers<\/strong>, qui reconnaissaient en lui leur semblable, en vertu de son pass\u00e9. Du reste, m\u00eame Saint Michel Archange, avec son \u00e9p\u00e9e et son armure, \u00e9tait l\u2019objet de d\u00e9votion au Moyen-\u00c2ge de la part de guerriers et soldats.<\/p>\n<p>Encore aujourd\u2019hui, en entrant dans la fascinante Rotonda di Montesiepi, il est possible de voir la garde d\u2019une ancienne \u00e9p\u00e9e surgir d\u2019un rocher. Bien que, apr\u00e8s plusieurs actes de vandalisme, l\u2019\u00e9p\u00e9e a \u00e9t\u00e9 plac\u00e9e sous une th\u00e8que en polym\u00e9thacrylate de m\u00e9thyle, cela reste une vision de grand charme et suggestion.<\/p>\n<h2>L\u2019ermitage de Montesiepi et l\u2019Abbaye de San Galgano<\/h2>\n<p>L\u2019Ermitage de Montesiepi, o\u00f9 Galgano Guidotti d\u00e9cida de dire adieu \u00e0 sa jeunesse dissolue et de se retirer pour vivre une vie solitaire, est aujourd\u2019hui un lieu de <a href=\"https:\/\/www.holyart.fr\/blog\/articles-religieux\/pelerinage-a-rome-parmi-les-destinations-preferees-des-chretiens\/\"><strong>constant p\u00e8lerinage de d\u00e9vots<\/strong><\/a> et surtout de touristes. La structure circulaire de l\u2019ermitage est unique en son genre et, \u00e0 son int\u00e9rieur, accueille la c\u00e9l\u00e8bre \u00c9p\u00e9e dans la Pierre, qui, selon la l\u00e9gende, Saint Galgano enfon\u00e7a dans la terre comme symbole de renonciation \u00e0 la violence et \u00e0 sa vie mondaine. Non loin de l\u2019ermitage, se trouve l\u2019\u00e9glise de San Galgano, un des plus suggestifs exemples d\u2019architecture gothique cistercienne en Italie. L\u2019Ermitage de Montesiepi et l\u2019\u00e9glise d\u00e9sacralis\u00e9e de San Galgano repr\u00e9sentent une combinaison unique d\u2019histoire, l\u00e9gende et spiritualit\u00e9 et la figure de Saint Galgano, avec son extraordinaire histoire de conversion et sa l\u00e9gendaire \u00c9p\u00e9e dans la Pierre, continue de fasciner et d\u2019inspirer, m\u00eame en raison de son lien avec la l\u00e9gende arthurienne.<\/p>\n<div class=\"link-article\">\n<p><img loading=\"lazy\" decoding=\"async\" class=\"size-full wp-image-12157 alignleft\" src=\"https:\/\/blog.holyart.it\/fr\/wp-content\/uploads\/sites\/14\/2026\/03\/Pelerinage-a-Rome.jpg\" alt=\"P\u00e8lerinage \u00e0 Rome\" width=\"150\" height=\"99\" data-kale-share-title=\"L\u2019Abbaye de San Galgano : entre histoire et l\u00e9gende\" data-kale-share-url=\"https:\/\/blog.holyart.it\/fr\/?p=12150\" \/><\/p>\n<div class=\"leggi-anche\">Lire aussi :<\/div>\n<p><strong><a href=\"https:\/\/www.holyart.fr\/blog\/articles-religieux\/pelerinage-a-rome-parmi-les-destinations-preferees-des-chretiens\/\">P\u00e8lerinage \u00e0 Rome : parmi les destinations pr\u00e9f\u00e9r\u00e9es des chr\u00e9tiens<\/a><\/strong><br \/>\nUn p\u00e8lerinage \u00e0 Rome est depuis toujours une des exp\u00e9riences spirituelles les plus significatives pour&#8230;<\/p>\n<\/div>\n","protected":false},"excerpt":{"rendered":"<p>Immerg\u00e9 dans les merveilleuses collines siennoises, se trouve un endroit qui semble sorti d\u2019une l\u00e9gende ancienne : l\u2019Abbaye de San Galgano, qui abrite la c\u00e9l\u00e8bre \u00e9p\u00e9e dans la pierre. Il est impossible d\u2019entendre parler de l\u2019Abbaye de San Galgano, pas loin de Sienne, sans imm\u00e9diatement&hellip;<\/p>\n","protected":false},"author":1,"featured_media":12158,"comment_status":"closed","ping_status":"open","sticky":false,"template":"","format":"standard","meta":{"_acf_changed":false,"footnotes":""},"categories":[7],"tags":[],"class_list":["post-12150","post","type-post","status-publish","format-standard","has-post-thumbnail","hentry","category-saints-et-bienheureux"],"acf":[],"yoast_head":"<!-- This site is optimized with the Yoast SEO plugin v26.6 - https:\/\/yoast.com\/wordpress\/plugins\/seo\/ -->\n<title>L\u2019Abbaye de San Galgano : entre histoire et l\u00e9gende - Holyart.fr Blog<\/title>\n<meta name=\"description\" content=\"L\u2019Abbaye de San Galgano est un des lieux les plus suggestifs de la Toscane. En ruine, d\u00e9pourvue de toit, elle conserve l\u2019\u00c9p\u00e9e plant\u00e9e dans...\" \/>\n<meta name=\"robots\" content=\"index, follow, max-snippet:-1, max-image-preview:large, max-video-preview:-1\" \/>\n<link rel=\"canonical\" href=\"https:\/\/blog.holyart.it\/fr\/saints-et-bienheureux\/labbaye-de-san-galgano-entre-histoire-et-legende\/\" \/>\n<meta property=\"og:locale\" content=\"fr_FR\" \/>\n<meta property=\"og:type\" content=\"article\" \/>\n<meta property=\"og:title\" content=\"L\u2019Abbaye de San Galgano : entre histoire et l\u00e9gende - Holyart.fr Blog\" \/>\n<meta property=\"og:description\" content=\"L\u2019Abbaye de San Galgano est un des lieux les plus suggestifs de la Toscane. En ruine, d\u00e9pourvue de toit, elle conserve l\u2019\u00c9p\u00e9e plant\u00e9e dans...\" \/>\n<meta property=\"og:url\" content=\"https:\/\/blog.holyart.it\/fr\/saints-et-bienheureux\/labbaye-de-san-galgano-entre-histoire-et-legende\/\" \/>\n<meta property=\"og:site_name\" content=\"Holyart.fr Blog\" \/>\n<meta property=\"article:published_time\" content=\"2026-03-11T09:00:42+00:00\" \/>\n<meta property=\"article:modified_time\" content=\"2026-03-31T10:22:18+00:00\" \/>\n<meta property=\"og:image\" content=\"https:\/\/blog.holyart.it\/fr\/wp-content\/uploads\/sites\/14\/2026\/03\/LAbbaye-de-San-Galgano.jpg\" \/>\n\t<meta property=\"og:image:width\" content=\"1000\" \/>\n\t<meta property=\"og:image:height\" content=\"666\" \/>\n\t<meta property=\"og:image:type\" content=\"image\/jpeg\" \/>\n<meta name=\"author\" content=\"Redazione\" \/>\n<meta name=\"twitter:card\" content=\"summary_large_image\" \/>\n<meta name=\"twitter:label1\" content=\"\u00c9crit par\" \/>\n\t<meta name=\"twitter:data1\" content=\"Redazione\" \/>\n\t<meta name=\"twitter:label2\" content=\"Dur\u00e9e de lecture estim\u00e9e\" \/>\n\t<meta name=\"twitter:data2\" content=\"8 minutes\" \/>\n<script type=\"application\/ld+json\" class=\"yoast-schema-graph\">{\"@context\":\"https:\/\/schema.org\",\"@graph\":[{\"@type\":\"Article\",\"@id\":\"https:\/\/blog.holyart.it\/fr\/saints-et-bienheureux\/labbaye-de-san-galgano-entre-histoire-et-legende\/#article\",\"isPartOf\":{\"@id\":\"https:\/\/blog.holyart.it\/fr\/saints-et-bienheureux\/labbaye-de-san-galgano-entre-histoire-et-legende\/\"},\"author\":{\"name\":\"Redazione\",\"@id\":\"https:\/\/blog.holyart.it\/fr\/#\/schema\/person\/0a7b686e5af0f856ec1e390dd0baecda\"},\"headline\":\"L\u2019Abbaye de San Galgano : entre histoire et l\u00e9gende\",\"datePublished\":\"2026-03-11T09:00:42+00:00\",\"dateModified\":\"2026-03-31T10:22:18+00:00\",\"mainEntityOfPage\":{\"@id\":\"https:\/\/blog.holyart.it\/fr\/saints-et-bienheureux\/labbaye-de-san-galgano-entre-histoire-et-legende\/\"},\"wordCount\":1476,\"publisher\":{\"@id\":\"https:\/\/blog.holyart.it\/fr\/#organization\"},\"image\":{\"@id\":\"https:\/\/blog.holyart.it\/fr\/saints-et-bienheureux\/labbaye-de-san-galgano-entre-histoire-et-legende\/#primaryimage\"},\"thumbnailUrl\":\"https:\/\/blog.holyart.it\/fr\/wp-content\/uploads\/sites\/14\/2026\/03\/LAbbaye-de-San-Galgano.jpg\",\"articleSection\":[\"Saints et Bienheureux\"],\"inLanguage\":\"fr-FR\"},{\"@type\":\"WebPage\",\"@id\":\"https:\/\/blog.holyart.it\/fr\/saints-et-bienheureux\/labbaye-de-san-galgano-entre-histoire-et-legende\/\",\"url\":\"https:\/\/blog.holyart.it\/fr\/saints-et-bienheureux\/labbaye-de-san-galgano-entre-histoire-et-legende\/\",\"name\":\"L\u2019Abbaye de San Galgano : entre histoire et l\u00e9gende - Holyart.fr Blog\",\"isPartOf\":{\"@id\":\"https:\/\/blog.holyart.it\/fr\/#website\"},\"primaryImageOfPage\":{\"@id\":\"https:\/\/blog.holyart.it\/fr\/saints-et-bienheureux\/labbaye-de-san-galgano-entre-histoire-et-legende\/#primaryimage\"},\"image\":{\"@id\":\"https:\/\/blog.holyart.it\/fr\/saints-et-bienheureux\/labbaye-de-san-galgano-entre-histoire-et-legende\/#primaryimage\"},\"thumbnailUrl\":\"https:\/\/blog.holyart.it\/fr\/wp-content\/uploads\/sites\/14\/2026\/03\/LAbbaye-de-San-Galgano.jpg\",\"datePublished\":\"2026-03-11T09:00:42+00:00\",\"dateModified\":\"2026-03-31T10:22:18+00:00\",\"description\":\"L\u2019Abbaye de San Galgano est un des lieux les plus suggestifs de la Toscane. En ruine, d\u00e9pourvue de toit, elle conserve l\u2019\u00c9p\u00e9e plant\u00e9e dans...\",\"breadcrumb\":{\"@id\":\"https:\/\/blog.holyart.it\/fr\/saints-et-bienheureux\/labbaye-de-san-galgano-entre-histoire-et-legende\/#breadcrumb\"},\"inLanguage\":\"fr-FR\",\"potentialAction\":[{\"@type\":\"ReadAction\",\"target\":[\"https:\/\/blog.holyart.it\/fr\/saints-et-bienheureux\/labbaye-de-san-galgano-entre-histoire-et-legende\/\"]}]},{\"@type\":\"ImageObject\",\"inLanguage\":\"fr-FR\",\"@id\":\"https:\/\/blog.holyart.it\/fr\/saints-et-bienheureux\/labbaye-de-san-galgano-entre-histoire-et-legende\/#primaryimage\",\"url\":\"https:\/\/blog.holyart.it\/fr\/wp-content\/uploads\/sites\/14\/2026\/03\/LAbbaye-de-San-Galgano.jpg\",\"contentUrl\":\"https:\/\/blog.holyart.it\/fr\/wp-content\/uploads\/sites\/14\/2026\/03\/LAbbaye-de-San-Galgano.jpg\",\"width\":1000,\"height\":666,\"caption\":\"L\u2019Abbaye de San Galgano\"},{\"@type\":\"BreadcrumbList\",\"@id\":\"https:\/\/blog.holyart.it\/fr\/saints-et-bienheureux\/labbaye-de-san-galgano-entre-histoire-et-legende\/#breadcrumb\",\"itemListElement\":[{\"@type\":\"ListItem\",\"position\":1,\"name\":\"Homepage\",\"item\":\"https:\/\/blog.holyart.it\/fr\/\"},{\"@type\":\"ListItem\",\"position\":2,\"name\":\"Saints et Bienheureux\",\"item\":\"https:\/\/blog.holyart.it\/fr\/saints-et-bienheureux\/\"},{\"@type\":\"ListItem\",\"position\":3,\"name\":\"L\u2019Abbaye de San Galgano : entre histoire et l\u00e9gende\"}]},{\"@type\":\"WebSite\",\"@id\":\"https:\/\/blog.holyart.it\/fr\/#website\",\"url\":\"https:\/\/blog.holyart.it\/fr\/\",\"name\":\"Holyart.fr Blog\",\"description\":\"Holyblog\",\"publisher\":{\"@id\":\"https:\/\/blog.holyart.it\/fr\/#organization\"},\"potentialAction\":[{\"@type\":\"SearchAction\",\"target\":{\"@type\":\"EntryPoint\",\"urlTemplate\":\"https:\/\/blog.holyart.it\/fr\/?s={search_term_string}\"},\"query-input\":{\"@type\":\"PropertyValueSpecification\",\"valueRequired\":true,\"valueName\":\"search_term_string\"}}],\"inLanguage\":\"fr-FR\"},{\"@type\":\"Organization\",\"@id\":\"https:\/\/blog.holyart.it\/fr\/#organization\",\"name\":\"Holyart.fr Blog\",\"url\":\"https:\/\/blog.holyart.it\/fr\/\",\"logo\":{\"@type\":\"ImageObject\",\"inLanguage\":\"fr-FR\",\"@id\":\"https:\/\/blog.holyart.it\/fr\/#\/schema\/logo\/image\/\",\"url\":\"https:\/\/blog.holyart.it\/fr\/wp-content\/uploads\/sites\/14\/2022\/12\/Holyart_Blog_Logo.jpg\",\"contentUrl\":\"https:\/\/blog.holyart.it\/fr\/wp-content\/uploads\/sites\/14\/2022\/12\/Holyart_Blog_Logo.jpg\",\"width\":300,\"height\":50,\"caption\":\"Holyart.fr Blog\"},\"image\":{\"@id\":\"https:\/\/blog.holyart.it\/fr\/#\/schema\/logo\/image\/\"}},{\"@type\":\"Person\",\"@id\":\"https:\/\/blog.holyart.it\/fr\/#\/schema\/person\/0a7b686e5af0f856ec1e390dd0baecda\",\"name\":\"Redazione\",\"image\":{\"@type\":\"ImageObject\",\"inLanguage\":\"fr-FR\",\"@id\":\"https:\/\/blog.holyart.it\/fr\/#\/schema\/person\/image\/\",\"url\":\"https:\/\/secure.gravatar.com\/avatar\/f477da817f43e50d0af36abecd33e3edf826c68299714bdc1057dff3b113f516?s=96&d=mm&r=g\",\"contentUrl\":\"https:\/\/secure.gravatar.com\/avatar\/f477da817f43e50d0af36abecd33e3edf826c68299714bdc1057dff3b113f516?s=96&d=mm&r=g\",\"caption\":\"Redazione\"},\"url\":\"https:\/\/blog.holyart.it\/fr\/author\/admin\/\"}]}<\/script>\n<!-- \/ Yoast SEO plugin. -->","yoast_head_json":{"title":"L\u2019Abbaye de San Galgano : entre histoire et l\u00e9gende - Holyart.fr Blog","description":"L\u2019Abbaye de San Galgano est un des lieux les plus suggestifs de la Toscane. En ruine, d\u00e9pourvue de toit, elle conserve l\u2019\u00c9p\u00e9e plant\u00e9e dans...","robots":{"index":"index","follow":"follow","max-snippet":"max-snippet:-1","max-image-preview":"max-image-preview:large","max-video-preview":"max-video-preview:-1"},"canonical":"https:\/\/blog.holyart.it\/fr\/saints-et-bienheureux\/labbaye-de-san-galgano-entre-histoire-et-legende\/","og_locale":"fr_FR","og_type":"article","og_title":"L\u2019Abbaye de San Galgano : entre histoire et l\u00e9gende - Holyart.fr Blog","og_description":"L\u2019Abbaye de San Galgano est un des lieux les plus suggestifs de la Toscane. En ruine, d\u00e9pourvue de toit, elle conserve l\u2019\u00c9p\u00e9e plant\u00e9e dans...","og_url":"https:\/\/blog.holyart.it\/fr\/saints-et-bienheureux\/labbaye-de-san-galgano-entre-histoire-et-legende\/","og_site_name":"Holyart.fr Blog","article_published_time":"2026-03-11T09:00:42+00:00","article_modified_time":"2026-03-31T10:22:18+00:00","og_image":[{"width":1000,"height":666,"url":"https:\/\/blog.holyart.it\/fr\/wp-content\/uploads\/sites\/14\/2026\/03\/LAbbaye-de-San-Galgano.jpg","type":"image\/jpeg"}],"author":"Redazione","twitter_card":"summary_large_image","twitter_misc":{"\u00c9crit par":"Redazione","Dur\u00e9e de lecture estim\u00e9e":"8 minutes"},"schema":{"@context":"https:\/\/schema.org","@graph":[{"@type":"Article","@id":"https:\/\/blog.holyart.it\/fr\/saints-et-bienheureux\/labbaye-de-san-galgano-entre-histoire-et-legende\/#article","isPartOf":{"@id":"https:\/\/blog.holyart.it\/fr\/saints-et-bienheureux\/labbaye-de-san-galgano-entre-histoire-et-legende\/"},"author":{"name":"Redazione","@id":"https:\/\/blog.holyart.it\/fr\/#\/schema\/person\/0a7b686e5af0f856ec1e390dd0baecda"},"headline":"L\u2019Abbaye de San Galgano : entre histoire et l\u00e9gende","datePublished":"2026-03-11T09:00:42+00:00","dateModified":"2026-03-31T10:22:18+00:00","mainEntityOfPage":{"@id":"https:\/\/blog.holyart.it\/fr\/saints-et-bienheureux\/labbaye-de-san-galgano-entre-histoire-et-legende\/"},"wordCount":1476,"publisher":{"@id":"https:\/\/blog.holyart.it\/fr\/#organization"},"image":{"@id":"https:\/\/blog.holyart.it\/fr\/saints-et-bienheureux\/labbaye-de-san-galgano-entre-histoire-et-legende\/#primaryimage"},"thumbnailUrl":"https:\/\/blog.holyart.it\/fr\/wp-content\/uploads\/sites\/14\/2026\/03\/LAbbaye-de-San-Galgano.jpg","articleSection":["Saints et Bienheureux"],"inLanguage":"fr-FR"},{"@type":"WebPage","@id":"https:\/\/blog.holyart.it\/fr\/saints-et-bienheureux\/labbaye-de-san-galgano-entre-histoire-et-legende\/","url":"https:\/\/blog.holyart.it\/fr\/saints-et-bienheureux\/labbaye-de-san-galgano-entre-histoire-et-legende\/","name":"L\u2019Abbaye de San Galgano : entre histoire et l\u00e9gende - Holyart.fr Blog","isPartOf":{"@id":"https:\/\/blog.holyart.it\/fr\/#website"},"primaryImageOfPage":{"@id":"https:\/\/blog.holyart.it\/fr\/saints-et-bienheureux\/labbaye-de-san-galgano-entre-histoire-et-legende\/#primaryimage"},"image":{"@id":"https:\/\/blog.holyart.it\/fr\/saints-et-bienheureux\/labbaye-de-san-galgano-entre-histoire-et-legende\/#primaryimage"},"thumbnailUrl":"https:\/\/blog.holyart.it\/fr\/wp-content\/uploads\/sites\/14\/2026\/03\/LAbbaye-de-San-Galgano.jpg","datePublished":"2026-03-11T09:00:42+00:00","dateModified":"2026-03-31T10:22:18+00:00","description":"L\u2019Abbaye de San Galgano est un des lieux les plus suggestifs de la Toscane. En ruine, d\u00e9pourvue de toit, elle conserve l\u2019\u00c9p\u00e9e plant\u00e9e dans...","breadcrumb":{"@id":"https:\/\/blog.holyart.it\/fr\/saints-et-bienheureux\/labbaye-de-san-galgano-entre-histoire-et-legende\/#breadcrumb"},"inLanguage":"fr-FR","potentialAction":[{"@type":"ReadAction","target":["https:\/\/blog.holyart.it\/fr\/saints-et-bienheureux\/labbaye-de-san-galgano-entre-histoire-et-legende\/"]}]},{"@type":"ImageObject","inLanguage":"fr-FR","@id":"https:\/\/blog.holyart.it\/fr\/saints-et-bienheureux\/labbaye-de-san-galgano-entre-histoire-et-legende\/#primaryimage","url":"https:\/\/blog.holyart.it\/fr\/wp-content\/uploads\/sites\/14\/2026\/03\/LAbbaye-de-San-Galgano.jpg","contentUrl":"https:\/\/blog.holyart.it\/fr\/wp-content\/uploads\/sites\/14\/2026\/03\/LAbbaye-de-San-Galgano.jpg","width":1000,"height":666,"caption":"L\u2019Abbaye de San Galgano"},{"@type":"BreadcrumbList","@id":"https:\/\/blog.holyart.it\/fr\/saints-et-bienheureux\/labbaye-de-san-galgano-entre-histoire-et-legende\/#breadcrumb","itemListElement":[{"@type":"ListItem","position":1,"name":"Homepage","item":"https:\/\/blog.holyart.it\/fr\/"},{"@type":"ListItem","position":2,"name":"Saints et Bienheureux","item":"https:\/\/blog.holyart.it\/fr\/saints-et-bienheureux\/"},{"@type":"ListItem","position":3,"name":"L\u2019Abbaye de San Galgano : entre histoire et l\u00e9gende"}]},{"@type":"WebSite","@id":"https:\/\/blog.holyart.it\/fr\/#website","url":"https:\/\/blog.holyart.it\/fr\/","name":"Holyart.fr Blog","description":"Holyblog","publisher":{"@id":"https:\/\/blog.holyart.it\/fr\/#organization"},"potentialAction":[{"@type":"SearchAction","target":{"@type":"EntryPoint","urlTemplate":"https:\/\/blog.holyart.it\/fr\/?s={search_term_string}"},"query-input":{"@type":"PropertyValueSpecification","valueRequired":true,"valueName":"search_term_string"}}],"inLanguage":"fr-FR"},{"@type":"Organization","@id":"https:\/\/blog.holyart.it\/fr\/#organization","name":"Holyart.fr Blog","url":"https:\/\/blog.holyart.it\/fr\/","logo":{"@type":"ImageObject","inLanguage":"fr-FR","@id":"https:\/\/blog.holyart.it\/fr\/#\/schema\/logo\/image\/","url":"https:\/\/blog.holyart.it\/fr\/wp-content\/uploads\/sites\/14\/2022\/12\/Holyart_Blog_Logo.jpg","contentUrl":"https:\/\/blog.holyart.it\/fr\/wp-content\/uploads\/sites\/14\/2022\/12\/Holyart_Blog_Logo.jpg","width":300,"height":50,"caption":"Holyart.fr Blog"},"image":{"@id":"https:\/\/blog.holyart.it\/fr\/#\/schema\/logo\/image\/"}},{"@type":"Person","@id":"https:\/\/blog.holyart.it\/fr\/#\/schema\/person\/0a7b686e5af0f856ec1e390dd0baecda","name":"Redazione","image":{"@type":"ImageObject","inLanguage":"fr-FR","@id":"https:\/\/blog.holyart.it\/fr\/#\/schema\/person\/image\/","url":"https:\/\/secure.gravatar.com\/avatar\/f477da817f43e50d0af36abecd33e3edf826c68299714bdc1057dff3b113f516?s=96&d=mm&r=g","contentUrl":"https:\/\/secure.gravatar.com\/avatar\/f477da817f43e50d0af36abecd33e3edf826c68299714bdc1057dff3b113f516?s=96&d=mm&r=g","caption":"Redazione"},"url":"https:\/\/blog.holyart.it\/fr\/author\/admin\/"}]}},"_links":{"self":[{"href":"https:\/\/blog.holyart.it\/fr\/wp-json\/wp\/v2\/posts\/12150","targetHints":{"allow":["GET"]}}],"collection":[{"href":"https:\/\/blog.holyart.it\/fr\/wp-json\/wp\/v2\/posts"}],"about":[{"href":"https:\/\/blog.holyart.it\/fr\/wp-json\/wp\/v2\/types\/post"}],"author":[{"embeddable":true,"href":"https:\/\/blog.holyart.it\/fr\/wp-json\/wp\/v2\/users\/1"}],"replies":[{"embeddable":true,"href":"https:\/\/blog.holyart.it\/fr\/wp-json\/wp\/v2\/comments?post=12150"}],"version-history":[{"count":3,"href":"https:\/\/blog.holyart.it\/fr\/wp-json\/wp\/v2\/posts\/12150\/revisions"}],"predecessor-version":[{"id":12160,"href":"https:\/\/blog.holyart.it\/fr\/wp-json\/wp\/v2\/posts\/12150\/revisions\/12160"}],"wp:featuredmedia":[{"embeddable":true,"href":"https:\/\/blog.holyart.it\/fr\/wp-json\/wp\/v2\/media\/12158"}],"wp:attachment":[{"href":"https:\/\/blog.holyart.it\/fr\/wp-json\/wp\/v2\/media?parent=12150"}],"wp:term":[{"taxonomy":"category","embeddable":true,"href":"https:\/\/blog.holyart.it\/fr\/wp-json\/wp\/v2\/categories?post=12150"},{"taxonomy":"post_tag","embeddable":true,"href":"https:\/\/blog.holyart.it\/fr\/wp-json\/wp\/v2\/tags?post=12150"}],"curies":[{"name":"wp","href":"https:\/\/api.w.org\/{rel}","templated":true}]}}