{"id":12116,"date":"2026-03-04T10:00:35","date_gmt":"2026-03-04T09:00:35","guid":{"rendered":"https:\/\/blog.holyart.it\/fr\/?p=12116"},"modified":"2026-04-28T10:36:38","modified_gmt":"2026-04-28T08:36:38","slug":"journee-internationale-des-femmes-icones-de-la-paix","status":"publish","type":"post","link":"https:\/\/blog.holyart.it\/fr\/occasions-speciales\/journee-internationale-des-femmes-icones-de-la-paix\/","title":{"rendered":"Journ\u00e9e internationale des Femmes, \u00abic\u00f4nes de la paix\u00bb"},"content":{"rendered":"<h4>\u00c0 l\u2019occasion de la Journ\u00e9e internationale des Femmes, r\u00e9fl\u00e9chissons sur le lien indissoluble entre la f\u00e9mininit\u00e9, la paix et la figure de Marie, guid\u00e9s par les r\u00e9flexions de Pape Fran\u00e7ois<\/h4>\n<p>Dans le silence de la cr\u00e9ation, tandis que l\u2019homme dormait, immerg\u00e9 dans ses r\u00eaves primordiaux, la femme est n\u00e9e. Ce n\u2019est pas un hasard si elle a \u00e9t\u00e9 form\u00e9e \u00e0 partir de la c\u00f4te la plus proche du c\u0153ur. Un message universel se dissimulait d\u00e9j\u00e0 en ce moment ancestral\u00a0: <strong>la femme nait de la partie la plus intime et pr\u00e9cieuse de l\u2019\u00e2me humain<\/strong>, de l\u2019endroit o\u00f9 r\u00e9sident les r\u00eaves les plus purs et les esp\u00e9rances les plus authentiques. Une autre chose partage la m\u00eame origine profonde\u00a0: <strong>la paix<\/strong>. L\u2019histoire de l\u2019humanit\u00e9 nous a montr\u00e9 d\u2019innombrables fois comment les femmes soient <strong>porteuses naturelles de paix<\/strong>, non pas par un r\u00f4le impos\u00e9 par la soci\u00e9t\u00e9, mais par une pr\u00e9disposition inn\u00e9e, qui puise ses racines dans leur essence. En tant que <strong>m\u00e8res<\/strong>, elles comprennent la valeur inestimable de la vie d\u00e8s son premier battement de c\u0153ur. En tant que <strong>filles, s\u0153urs et compagnes<\/strong>, elles incarnent cette tendresse qui d\u00e9sarme les conflits avant m\u00eame qu\u2019ils ne puissent \u00e9clater. Le <strong>1<sup>er<\/sup> janvier 2024<\/strong>, jour o\u00f9 l\u2019\u00c9glise universelle a c\u00e9l\u00e9br\u00e9 la <a href=\"https:\/\/www.holyart.fr\/blog\/occasions-speciales\/journee-mondiale-de-la-paix-et-de-la-sainte-mere-de-dieu-deux-recurrences-le-meme-jour\/\"><strong>double solennit\u00e9 de la Journ\u00e9e Mondiale de la Paix et de la f\u00eate de Marie Tr\u00e8s-Sainte M\u00e8re de Dieu<\/strong><\/a>, Pape Fran\u00e7ois a offert au monde une r\u00e9flexion profonde sur le <strong>lien indissoluble entre la f\u00e9minit\u00e9, la paix et la figure de Marie<\/strong>. Le choix de ce jour pour parler de la <strong>femme comme ic\u00f4ne de la paix<\/strong> n\u2019est pas un hasard\u00a0: en Marie, M\u00e8re de Dieu, convergent la pl\u00e9nitude de la f\u00e9minit\u00e9 et la source de la v\u00e9ritable paix. Le <strong>8 mars<\/strong> aussi, <strong>Journ\u00e9e internationale des Femmes<\/strong>, rev\u00eate un sens particulier \u00e0 la lumi\u00e8re des exhortations de Pape Fran\u00e7ois. Il ne s\u2019agit plus seulement d\u2019une c\u00e9l\u00e9bration de la femme, mais cela devient une invitation pressante \u00e0 <strong>transformer notre mani\u00e8re de voir et d\u2019interpr\u00e9ter le monde<\/strong>, en adoptant cette perspective unique qui appartient aux m\u00e8res.<\/p>\n<div class=\"link-article\">\n<p><img loading=\"lazy\" decoding=\"async\" class=\"size-full wp-image-12121 alignleft\" src=\"https:\/\/blog.holyart.it\/fr\/wp-content\/uploads\/sites\/14\/2026\/02\/Journee-Mondiale-de-la-Paix-et-de-la-Sainte-Mere-de-Dieu.jpg\" alt=\"Journ\u00e9e Mondiale de la Paix et de la Sainte M\u00e8re de Dieu\" width=\"150\" height=\"99\" data-kale-share-title=\"Journ\u00e9e internationale des Femmes, \u00ab ic\u00f4nes de la paix\u00a0\u00bb\" data-kale-share-url=\"https:\/\/blog.holyart.it\/fr\/?p=12116\" \/><\/p>\n<div class=\"leggi-anche\">Lire aussi :<\/div>\n<p><strong><a href=\"https:\/\/www.holyart.fr\/blog\/occasions-speciales\/journee-mondiale-de-la-paix-et-de-la-sainte-mere-de-dieu-deux-recurrences-le-meme-jour\/\">Journ\u00e9e Mondiale de la Paix et de la Sainte M\u00e8re de Dieu : deux r\u00e9currences le m\u00eame jour<\/a><\/strong><br \/>\n\u00c0 l\u2019occasion de la Journ\u00e9e Mondiale de la Paix, qui se tiendra le 1er janvier 2024, le Saint Si\u00e8ge&#8230;<\/p>\n<\/div>\n<p>Ce <strong>regard maternel<\/strong> dont le Pape nous parle n\u2019est pas seulement une m\u00e9taphore po\u00e9tique, mais une proposition concr\u00e8te de changement dans notre soci\u00e9t\u00e9. Les yeux des m\u00e8res sont ceux qui savent <strong>voir au-del\u00e0 des apparences, au-del\u00e0 des conflits, au-del\u00e0 des divisions<\/strong>. Ce sont des yeux qui ont appris \u00e0 <strong>reconna\u00eetre la vie sous chaque forme, \u00e0 la prot\u00e9ger, \u00e0 la nourrir<\/strong>. Ce sont des yeux qui ont connu la douleur de l\u2019accouchement, mais aussi la <strong>joie de la cr\u00e9ation<\/strong>, qui ont veill\u00e9 des nuits enti\u00e8res sur le sommeil de leurs enfants, qui ont pleur\u00e9 des larmes d\u2019inqui\u00e9tude et de joie.<br \/>\nLe \u00ab <strong>regard de la paix<\/strong> \u00bb dont parle Fran\u00e7ois est ce m\u00eame regard que Marie a pos\u00e9 sur le monde depuis les pieds de la Croix\u00a0: un regard qui, <strong>bien que dans la douleur la plus profonde, ne s\u2019est jamais laiss\u00e9 vaincre par la haine ou par le d\u00e9sir de vengeance<\/strong>. C\u2019est le regard de qui sait que <strong>la vie est plus forte que la mort, que l\u2019amour est plus puissant que la haine, que la paix est possible m\u00eame quand tout semble parler de guerre.<\/strong><br \/>\ndans cette perspective, le<strong><a href=\"https:\/\/www.holyart.fr\/search?params=%7B%22search%22%3A%22journee%20des%20femmes%22%7D&amp;search_term=journee+des+femmes\"> 8 mars<\/a><\/strong>, Journ\u00e9e des Femmes, devient non seulement un jour de c\u00e9l\u00e9bration, mais un moment de profonde r\u00e9flexion sur la contribution irrempla\u00e7able que les femmes, avec leur regard maternel, peuvent offrir \u00e0 la <strong>construction de la paix<\/strong>. Il s\u2019agit d\u2019une invitation \u00e0 reconna\u00eetre que la paix n\u2019est pas simplement l\u2019absence de conflit, mais est cette capacit\u00e9 toute f\u00e9minine de tisser des relations, de recoudre les d\u00e9chirures, de g\u00e9n\u00e9rer la vie m\u00eame l\u00e0 o\u00f9 cela semblait impossible.<br \/>\nLa Journ\u00e9e internationale des femmes se transforme ainsi en une occasion pour rappeler au monde que la vie de la paix passe n\u00e9cessairement \u00e0 travers cette <strong>sagesse f\u00e9minine<\/strong> qui sait regarder au-del\u00e0 des fronti\u00e8res, au-del\u00e0 des barri\u00e8res, au-del\u00e0 des diff\u00e9rences. C\u2019est le don original que les femmes offrent au monde\u00a0: la capacit\u00e9 \u00e0 <strong>regarder la r\u00e9alit\u00e9 avec des yeux de m\u00e8re<\/strong>, yeux qui savent reconna\u00eetre dans chaque personne \u00e0 un fils \u00e0 aimer, prot\u00e9ger et guider vers la pl\u00e9nitude de la vie. C\u2019est ce regard maternel qui peut <strong>transformer les lieux de conflits en espaces de rencontre, les situations de tension en opportunit\u00e9s de dialogue, les situations de tensions en opportunit\u00e9s de dialogue, les blessures en occasions de gu\u00e9rison.<\/strong><\/p>\n<div class=\"link-product\">\n<div class=\"blocco-immagine\"><img loading=\"lazy\" decoding=\"async\" class=\"size-full wp-image-12122 alignleft\" src=\"https:\/\/blog.holyart.it\/fr\/wp-content\/uploads\/sites\/14\/2026\/02\/journee-des-femmes.jpg\" alt=\"journee des femmes\" width=\"100\" height=\"100\" data-kale-share-title=\"Journ\u00e9e internationale des Femmes, \u00ab ic\u00f4nes de la paix\u00a0\u00bb\" data-kale-share-url=\"https:\/\/blog.holyart.it\/fr\/?p=12116\" \/><\/div>\n<div class=\"blocco-contenuto\">\n<div class=\"blocco-acquista\">Acheter sur Holyart:<\/div>\n<div class=\"blocco-titolo\"><a href=\"https:\/\/www.holyart.fr\/search?params=%7B%22search%22%3A%22journee%20des%20femmes%22%7D&amp;search_term=journee+des+femmes\">Journ\u00e9e internationale des Femmes<\/a><\/div>\n<div class=\"blocco-descrizione\">Dans cette cat\u00e9gorie, vous pouvez trouver de nombreuses id\u00e9es cadeaux \u00e0 l\u2019occasion de la Journ\u00e9e internationale des femmes.<\/div>\n<\/div>\n<\/div>\n<p>De plus, la paix n\u2019est pas simplement l\u2019absence de conflits, mais une <strong>force g\u00e9n\u00e9ratrice<\/strong> qui, comme la femme, a le pouvoir de cr\u00e9er, nourrir et renouveler. C\u2019est cette <strong>\u00e9treinte qui inclut<\/strong>, ce geste d\u2019ouverture qui ne connait pas de discriminations. C\u2019est la capacit\u00e9 \u00e0 <strong>voir au-del\u00e0 des diff\u00e9rences<\/strong>, \u00e0 tisser des liens qui d\u00e9passent les conflits de l\u2019individualisme. Les femmes apportent dans le monde le r\u00eave de l\u2019amour non pas comme une utopie \u00e9loign\u00e9e, mais comme une r\u00e9alit\u00e9 tangible qui se manifeste dans les <strong>gestes quotidiens<\/strong>. C\u2019est dans leur <strong>capacit\u00e9 de m\u00e9diation<\/strong>, dans leur intelligence \u00e9motive, dans leur habilit\u00e9 \u00e0 construire des ponts l\u00e0 o\u00f9 on ne voit que des murs, qui r\u00e9side la cl\u00e9 pour un futur de paix. Leur force ne r\u00e9side pas dans la capacit\u00e9 de dominer, mais dans celle d\u2019<strong>unir, de comprendre, de gu\u00e9rir<\/strong>.<\/p>\n<p>Mais reconna\u00eetre ce r\u00f4le fondamental de la femme ne suffit pas. Comme le souligne Pape Fran\u00e7ois, il faut \u00ab\u00a0<strong>faire de la place aux femmes<\/strong>\u00a0\u00bb.\u00a0 Cela signifie <strong>repenser profond\u00e9ment les structures sociales, politiques et \u00e9conomiques <\/strong>qui encore aujourd\u2019hui limitent leur potentiel de porteuses de paix. Cela signifie \u00e9couter leurs voix, valoriser leurs contributions, leur permettre d\u2019\u00eatre protagonistes dans le processus de construction d\u2019un monde plus juste et pacifique.<\/p>\n<h2>La femme comme symbole de paix<\/h2>\n<p>La paix, comme la femme, a la capacit\u00e9 de <strong>rena\u00eetre sans cesse<\/strong>. C\u2019est un processus continu de cr\u00e9ation et de renouvellement, exactement comme le cycle de la vie que les femmes gardent en elles. Dans un monde encore trop souvent domin\u00e9 par la logique de la force et du conflit, la perspective f\u00e9minine offre une voie alternative\u00a0: celle de la <strong>compr\u00e9hension r\u00e9ciproque, du soin, de la construction patiente de relations authentiques<\/strong>. Le futur de paix que nous r\u00eavons ne pourra pas se r\u00e9aliser sans reconna\u00eetre et valoriser pleinement ce don pr\u00e9cieux qu\u2019est la nature f\u00e9minine. Comme la femme fut cr\u00e9\u00e9e pr\u00e8s du c\u0153ur de l\u2019homme, ainsi la paix authentique ne peut na\u00eetre que d\u2019un <strong>retour au c\u0153ur<\/strong>, \u00e0 la capacit\u00e9 de r\u00eaver et d\u2019aimer que les femmes, depuis toujours, incarnent et prot\u00e8gent.<br \/>\nEn ce temps de grands d\u00e9fis et transformations, la r\u00e9flexion de <strong><a href=\"https:\/\/www.holyart.fr\/occasions-speciales\/pape-francois\">Pape Fran\u00e7ois<\/a><\/strong> nous invite \u00e0 regarder avec un regard nouveau au r\u00f4le de la femme comme <strong>ic\u00f4ne de la paix<\/strong>. Il ne s\u2019agit pas uniquement de reconna\u00eetre un fait historique ou biologique, mais d\u2019embrasser une vision du futur o\u00f9 la sensibilit\u00e9 f\u00e9minine devient guide et inspiration pour construire un monde enfin reconcili\u00e9 avec lui-m\u00eame.<\/p>\n<div class=\"link-product\">\n<div class=\"blocco-immagine\"><img loading=\"lazy\" decoding=\"async\" class=\"size-full wp-image-12123 alignleft\" src=\"https:\/\/blog.holyart.it\/fr\/wp-content\/uploads\/sites\/14\/2026\/02\/Pape-Francois-1.jpg\" alt=\"Pape Fran\u00e7ois\" width=\"100\" height=\"100\" data-kale-share-title=\"Journ\u00e9e internationale des Femmes, \u00ab ic\u00f4nes de la paix\u00a0\u00bb\" data-kale-share-url=\"https:\/\/blog.holyart.it\/fr\/?p=12116\" \/><\/div>\n<div class=\"blocco-contenuto\">\n<div class=\"blocco-acquista\">Acheter sur Holyart:<\/div>\n<div class=\"blocco-titolo\"><a href=\"https:\/\/www.holyart.fr\/occasions-speciales\/pape-francois\">Pape Fran\u00e7ois<\/a><\/div>\n<div class=\"blocco-descrizione\">Cat\u00e9gorie d\u00e9di\u00e9e \u00e0 Pape Jorge Mario Bergoglio.<\/div>\n<\/div>\n<\/div>\n<h2>Pape Fran\u00e7ois et la figure de la femme<\/h2>\n<p><em>\u00ab Celui qui blesse une seule femme profane Dieu, n\u00e9 de la femme\u00a0\u00bb. Dans cette d\u00e9claration de Pape Fran\u00e7ois r\u00e9sonne une v\u00e9rit\u00e9 aussi profonde que r\u00e9volutionnaire. Il ne s\u2019agit pas simplement d\u2019un rappel moral ou d\u2019une exhortation \u00e9thique, mais de la reconnaissance d\u2019un lien sacr\u00e9 et indissoluble entre le divin et le f\u00e9minin. \u00c0 travers le choix de na\u00eetre d\u2019une femme, Dieu a \u00e9lev\u00e9 la dignit\u00e9 f\u00e9minine \u00e0 un niveau qui d\u00e9passe toute dimension purement humaine, en rendant chaque violence contre une femme non seulement un crime contre l\u2019humanit\u00e9, mais une profanation m\u00eame du sacr\u00e9<\/em>.<br \/>\nCe lien entre la divinit\u00e9 et le f\u00e9minin, incarn\u00e9 dans l\u2019\u00e9v\u00e9nement de l\u2019<a href=\"https:\/\/www.holyart.fr\/blog\/articles-religieux\/dogmes-mariaux-et-leur-importance-pour-la-foi\/\"><strong>Incarnation \u00e0 travers Marie<\/strong><\/a>, \u00e9tablit un principe fondamental : le respect pour la femme n\u2019est pas n\u00e9gociable, n\u2019est pas conditionnel, n\u2019est pas sujet \u00e0 interpr\u00e9tations culturelles ou sociales.<\/p>\n<div class=\"link-article\">\n<p><img loading=\"lazy\" decoding=\"async\" class=\"size-full wp-image-12125 alignleft\" src=\"https:\/\/blog.holyart.it\/fr\/wp-content\/uploads\/sites\/14\/2026\/02\/Dogmes-mariaux-et-leur-importance-pour-la-foi.jpg\" alt=\"Dogmes mariaux et leur importance pour la foi\" width=\"150\" height=\"99\" data-kale-share-title=\"Journ\u00e9e internationale des Femmes, \u00ab ic\u00f4nes de la paix\u00a0\u00bb\" data-kale-share-url=\"https:\/\/blog.holyart.it\/fr\/?p=12116\" \/><\/p>\n<div class=\"leggi-anche\">Lire aussi :<\/div>\n<p><strong><a href=\"https:\/\/www.holyart.fr\/blog\/articles-religieux\/dogmes-mariaux-et-leur-importance-pour-la-foi\/\">Dogmes mariaux et leur importance pour la foi<\/a><\/strong><br \/>\nMarie, M\u00e8re de Dieu, Virginit\u00e9 perp\u00e9tuelle de Marie, Immacul\u00e9e conception, Assomption&#8230;<\/p>\n<\/div>\n<p>\u00c0 la date si significative du 1<sup>er<\/sup> janvier 2024, <strong>F\u00eate de Marie Tr\u00e8s-Sainte M\u00e8re de Dieu<\/strong>, le Saint-P\u00e8re a voulu attirer l\u2019attention du monde sur une v\u00e9rit\u00e9 fondamentale\u00a0: la figure de Marie en tant qu\u2019<strong>arch\u00e9type f\u00e9minin par excellence<\/strong>, une femme qui, dans son humilit\u00e9 extraordinaire, incarne le paradoxe divin de la <strong>grandeur qui se manifeste dans la simplicit\u00e9<\/strong>. Une m\u00e8re parmi beaucoup, et pourtant la seule dans l\u2019histoire de l\u2019humanit\u00e9 dont le \u00ab\u00a0oui\u00a0\u00bb a chang\u00e9 le cours de l\u2019histoire. Papa Fran\u00e7ois indique la Vierge Marie comme mod\u00e8le supr\u00eame d\u2019une <strong>f\u00e9mininit\u00e9 qui transforme et renouvelle<\/strong>. La figure de Marie repr\u00e9sente non seulement un id\u00e9al spirituel, mais une voie concr\u00e8te pour l\u2019\u00c9glise qui \u00ab\u00a0<strong>a besoin de Marie pour red\u00e9couvrir son visage f\u00e9minin<\/strong>\u00a0\u00bb. Ce rappel n\u2019est pas un simple appel \u00e0 la tradition, mais une profonde compr\u00e9hension de la n\u00e9cessit\u00e9 de renouvellement \u00e0 travers ces valeurs incarn\u00e9es de mani\u00e8re unique de la figure mariale\u00a0: <strong>l\u2019accueil inconditionn\u00e9, l\u2019\u00e9coute profonde, la capacit\u00e9 \u00e0 conserver et m\u00e9diter dans le c\u0153ur.<\/strong><\/p>\n<p>Pensons \u00e0 l\u2019iconographie de la <a href=\"https:\/\/holyart.fr\/blog\/articles-religieux\/virgo-lactans-ou-vierge-du-lait-dieu-se-fait-homme-dans-le-sein-dune-femme\/\"><strong>Vierge du Lait<\/strong><\/a> : \u00e0 travers le geste intime et quotidien de l\u2019allaitement, le myst\u00e8re de l\u2019Incarnation se manifeste dans sa forme la plus humaine et en m\u00eame temps la plus sacr\u00e9e. Dans cette image, le divin choisit de se faire chair, non seulement \u00e0 travers le corps d\u2019une femme, mais dans le signe le plus puissant de la maternit\u00e9 \u2013 le nutriment du sein maternel. Le lait de Marie devient ainsi <strong>symbole du point de rencontre entre ciel et terre\u00a0<\/strong>: Dieu, qui se fait enti\u00e8rement d\u00e9pendant d\u2019une m\u00e8re humaine, accepte de recevoir la vie \u00e0 travers son lait, en sanctifiant ainsi cet aspect de la condition humaine. Cette repr\u00e9sentation se charge d\u2019une signification r\u00e9volutionnaire: le divin non seulement s\u2019incarne, mais choisit de le faire <strong>\u00e0 travers la m\u00e9diation f\u00e9minine<\/strong>, en \u00e9levant la maternit\u00e9 \u00e0 signe visible de la nouvelle alliance entre Dieu et l\u2019humanit\u00e9.<\/p>\n<div class=\"link-article\">\n<p><img loading=\"lazy\" decoding=\"async\" class=\"size-full wp-image-12126 alignleft\" src=\"https:\/\/blog.holyart.it\/fr\/wp-content\/uploads\/sites\/14\/2026\/02\/Virgo-Lactans-ou-Vierge-du-Lait.jpg\" alt=\"Virgo Lactans ou Vierge du Lait\" width=\"150\" height=\"99\" data-kale-share-title=\"Journ\u00e9e internationale des Femmes, \u00ab ic\u00f4nes de la paix\u00a0\u00bb\" data-kale-share-url=\"https:\/\/blog.holyart.it\/fr\/?p=12116\" \/><\/p>\n<div class=\"leggi-anche\">Lire aussi :<\/div>\n<p><strong><a href=\"https:\/\/www.holyart.fr\/blog\/articles-religieux\/virgo-lactans-ou-vierge-du-lait-dieu-se-fait-homme-dans-le-sein-dune-femme\/\">Virgo Lactans ou Vierge du Lait : Dieu se fait homme dans le sein d\u2019une femme<\/a><\/strong><br \/>\nLa Vierge du Lait est une iconographie ancienne et puissante qui renferme toute la tendresse de&#8230;<\/p>\n<\/div>\n<p>Quand le Pape exhorte \u00e0 \u00ab faire de la place aux femmes\u00a0\u00bb, le \u00ab\u00a0oui\u00a0\u00bb de Marie r\u00e9sonne, ce consensus qui a ouvert les portes \u00e0 la plus grande transformation de l\u2019histoire humaine. Il s\u2019agit d\u2019une invitation \u00e0 l\u2019\u00c9glise et au monde entier de reconna\u00eetre que la voie de sortie des \u00ab\u00a0spirales de violence et de haine\u00a0\u00bb passe n\u00e9cessairement \u00e0 travers l\u2019accueil du g\u00e9nie f\u00e9minin, exactement <strong>comme le salut est pass\u00e9 \u00e0 travers le sein d\u2019une femme<\/strong>.<br \/>\nRegarder aux m\u00e8res et aux femmes pour trouver la paix signifie reconna\u00eetre en elle cette capacit\u00e9 mariale de <strong>rester aux pieds de la Croix dans perdre espoir<\/strong>, de transformer la douleur en amour, de voir au-del\u00e0 du pr\u00e9sent vers un futur de r\u00e9conciliation.<\/p>\n<p>L\u2019\u00c9glise, en red\u00e9couvrant son visage f\u00e9minin sur le mod\u00e8le de Marie, peut devenir plus authentiquement m\u00e8re et ma\u00eetresse de paix, capable de cette tendresse qui n\u2019est pas faiblesse, mais <strong>force transformative<\/strong>, de cet accueil qui n\u2019est pas passivit\u00e9, mais <strong>espace actif de croissance et de renouvellement<\/strong>. C\u2019est cela le chemin que nous sommes appel\u00e9s \u00e0 parcourir\u00a0: reconna\u00eetre dans les femmes comme en Marie, non seulement porteuses de vie, mais ma\u00eetresses de cette paix qui nait de la capacit\u00e9 de \u00ab\u00a0conserver toutes ces choses dans le c\u0153ur\u00a0\u00bb, de transformer les blessures en soupiraux de lumi\u00e8re, de voir au-del\u00e0 du pr\u00e9sent vers un futur d\u2019esp\u00e9rance et de r\u00e9conciliation.<\/p>\n","protected":false},"excerpt":{"rendered":"<p>\u00c0 l\u2019occasion de la Journ\u00e9e internationale des Femmes, r\u00e9fl\u00e9chissons sur le lien indissoluble entre la f\u00e9mininit\u00e9, la paix et la figure de Marie, guid\u00e9s par les r\u00e9flexions de Pape Fran\u00e7ois Dans le silence de la cr\u00e9ation, tandis que l\u2019homme dormait, immerg\u00e9 dans ses r\u00eaves primordiaux,&hellip;<\/p>\n","protected":false},"author":1,"featured_media":12118,"comment_status":"closed","ping_status":"open","sticky":false,"template":"","format":"standard","meta":{"_acf_changed":false,"footnotes":""},"categories":[12],"tags":[],"class_list":["post-12116","post","type-post","status-publish","format-standard","has-post-thumbnail","hentry","category-occasions-speciales"],"acf":[],"yoast_head":"<!-- This site is optimized with the Yoast SEO plugin v26.6 - https:\/\/yoast.com\/wordpress\/plugins\/seo\/ -->\n<title>Journ\u00e9e internationale des Femmes, \u00abic\u00f4nes de la paix\u00bb - Holyart.fr Blog<\/title>\n<meta name=\"description\" content=\"Les femmes sont depuis toujours porteuses naturelles de la paix. \u00c0 l\u2019occasion du Jour de la Femme, rappelons Marie, arch\u00e9type de...\" \/>\n<meta name=\"robots\" content=\"index, follow, max-snippet:-1, max-image-preview:large, max-video-preview:-1\" \/>\n<link rel=\"canonical\" href=\"https:\/\/blog.holyart.it\/fr\/occasions-speciales\/journee-internationale-des-femmes-icones-de-la-paix\/\" \/>\n<meta property=\"og:locale\" content=\"fr_FR\" \/>\n<meta property=\"og:type\" content=\"article\" \/>\n<meta property=\"og:title\" content=\"Journ\u00e9e internationale des Femmes, \u00abic\u00f4nes de la paix\u00bb - Holyart.fr Blog\" \/>\n<meta property=\"og:description\" content=\"Les femmes sont depuis toujours porteuses naturelles de la paix. \u00c0 l\u2019occasion du Jour de la Femme, rappelons Marie, arch\u00e9type de...\" \/>\n<meta property=\"og:url\" content=\"https:\/\/blog.holyart.it\/fr\/occasions-speciales\/journee-internationale-des-femmes-icones-de-la-paix\/\" \/>\n<meta property=\"og:site_name\" content=\"Holyart.fr Blog\" \/>\n<meta property=\"article:published_time\" content=\"2026-03-04T09:00:35+00:00\" \/>\n<meta property=\"article:modified_time\" content=\"2026-04-28T08:36:38+00:00\" \/>\n<meta property=\"og:image\" content=\"https:\/\/blog.holyart.it\/fr\/wp-content\/uploads\/sites\/14\/2026\/02\/Journee-internationale-des-Femmes.jpg\" \/>\n\t<meta property=\"og:image:width\" content=\"1000\" \/>\n\t<meta property=\"og:image:height\" content=\"666\" \/>\n\t<meta property=\"og:image:type\" content=\"image\/jpeg\" \/>\n<meta name=\"author\" content=\"Redazione\" \/>\n<meta name=\"twitter:card\" content=\"summary_large_image\" \/>\n<meta name=\"twitter:label1\" content=\"\u00c9crit par\" \/>\n\t<meta name=\"twitter:data1\" content=\"Redazione\" \/>\n\t<meta name=\"twitter:label2\" content=\"Dur\u00e9e de lecture estim\u00e9e\" \/>\n\t<meta name=\"twitter:data2\" content=\"12 minutes\" \/>\n<script type=\"application\/ld+json\" class=\"yoast-schema-graph\">{\"@context\":\"https:\/\/schema.org\",\"@graph\":[{\"@type\":\"Article\",\"@id\":\"https:\/\/blog.holyart.it\/fr\/occasions-speciales\/journee-internationale-des-femmes-icones-de-la-paix\/#article\",\"isPartOf\":{\"@id\":\"https:\/\/blog.holyart.it\/fr\/occasions-speciales\/journee-internationale-des-femmes-icones-de-la-paix\/\"},\"author\":{\"name\":\"Redazione\",\"@id\":\"https:\/\/blog.holyart.it\/fr\/#\/schema\/person\/0a7b686e5af0f856ec1e390dd0baecda\"},\"headline\":\"Journ\u00e9e internationale des Femmes, \u00abic\u00f4nes de la paix\u00bb\",\"datePublished\":\"2026-03-04T09:00:35+00:00\",\"dateModified\":\"2026-04-28T08:36:38+00:00\",\"mainEntityOfPage\":{\"@id\":\"https:\/\/blog.holyart.it\/fr\/occasions-speciales\/journee-internationale-des-femmes-icones-de-la-paix\/\"},\"wordCount\":2208,\"publisher\":{\"@id\":\"https:\/\/blog.holyart.it\/fr\/#organization\"},\"image\":{\"@id\":\"https:\/\/blog.holyart.it\/fr\/occasions-speciales\/journee-internationale-des-femmes-icones-de-la-paix\/#primaryimage\"},\"thumbnailUrl\":\"https:\/\/blog.holyart.it\/fr\/wp-content\/uploads\/sites\/14\/2026\/02\/Journee-internationale-des-Femmes.jpg\",\"articleSection\":[\"Occasions sp\u00e9ciales\"],\"inLanguage\":\"fr-FR\"},{\"@type\":\"WebPage\",\"@id\":\"https:\/\/blog.holyart.it\/fr\/occasions-speciales\/journee-internationale-des-femmes-icones-de-la-paix\/\",\"url\":\"https:\/\/blog.holyart.it\/fr\/occasions-speciales\/journee-internationale-des-femmes-icones-de-la-paix\/\",\"name\":\"Journ\u00e9e internationale des Femmes, \u00abic\u00f4nes de la paix\u00bb - Holyart.fr Blog\",\"isPartOf\":{\"@id\":\"https:\/\/blog.holyart.it\/fr\/#website\"},\"primaryImageOfPage\":{\"@id\":\"https:\/\/blog.holyart.it\/fr\/occasions-speciales\/journee-internationale-des-femmes-icones-de-la-paix\/#primaryimage\"},\"image\":{\"@id\":\"https:\/\/blog.holyart.it\/fr\/occasions-speciales\/journee-internationale-des-femmes-icones-de-la-paix\/#primaryimage\"},\"thumbnailUrl\":\"https:\/\/blog.holyart.it\/fr\/wp-content\/uploads\/sites\/14\/2026\/02\/Journee-internationale-des-Femmes.jpg\",\"datePublished\":\"2026-03-04T09:00:35+00:00\",\"dateModified\":\"2026-04-28T08:36:38+00:00\",\"description\":\"Les femmes sont depuis toujours porteuses naturelles de la paix. \u00c0 l\u2019occasion du Jour de la Femme, rappelons Marie, arch\u00e9type de...\",\"breadcrumb\":{\"@id\":\"https:\/\/blog.holyart.it\/fr\/occasions-speciales\/journee-internationale-des-femmes-icones-de-la-paix\/#breadcrumb\"},\"inLanguage\":\"fr-FR\",\"potentialAction\":[{\"@type\":\"ReadAction\",\"target\":[\"https:\/\/blog.holyart.it\/fr\/occasions-speciales\/journee-internationale-des-femmes-icones-de-la-paix\/\"]}]},{\"@type\":\"ImageObject\",\"inLanguage\":\"fr-FR\",\"@id\":\"https:\/\/blog.holyart.it\/fr\/occasions-speciales\/journee-internationale-des-femmes-icones-de-la-paix\/#primaryimage\",\"url\":\"https:\/\/blog.holyart.it\/fr\/wp-content\/uploads\/sites\/14\/2026\/02\/Journee-internationale-des-Femmes.jpg\",\"contentUrl\":\"https:\/\/blog.holyart.it\/fr\/wp-content\/uploads\/sites\/14\/2026\/02\/Journee-internationale-des-Femmes.jpg\",\"width\":1000,\"height\":666,\"caption\":\"Journ\u00e9e internationale des Femmes\"},{\"@type\":\"BreadcrumbList\",\"@id\":\"https:\/\/blog.holyart.it\/fr\/occasions-speciales\/journee-internationale-des-femmes-icones-de-la-paix\/#breadcrumb\",\"itemListElement\":[{\"@type\":\"ListItem\",\"position\":1,\"name\":\"Homepage\",\"item\":\"https:\/\/blog.holyart.it\/fr\/\"},{\"@type\":\"ListItem\",\"position\":2,\"name\":\"Occasions sp\u00e9ciales\",\"item\":\"https:\/\/blog.holyart.it\/fr\/occasions-speciales\/\"},{\"@type\":\"ListItem\",\"position\":3,\"name\":\"Journ\u00e9e internationale des Femmes, \u00abic\u00f4nes de la paix\u00bb\"}]},{\"@type\":\"WebSite\",\"@id\":\"https:\/\/blog.holyart.it\/fr\/#website\",\"url\":\"https:\/\/blog.holyart.it\/fr\/\",\"name\":\"Holyart.fr Blog\",\"description\":\"Holyblog\",\"publisher\":{\"@id\":\"https:\/\/blog.holyart.it\/fr\/#organization\"},\"potentialAction\":[{\"@type\":\"SearchAction\",\"target\":{\"@type\":\"EntryPoint\",\"urlTemplate\":\"https:\/\/blog.holyart.it\/fr\/?s={search_term_string}\"},\"query-input\":{\"@type\":\"PropertyValueSpecification\",\"valueRequired\":true,\"valueName\":\"search_term_string\"}}],\"inLanguage\":\"fr-FR\"},{\"@type\":\"Organization\",\"@id\":\"https:\/\/blog.holyart.it\/fr\/#organization\",\"name\":\"Holyart.fr Blog\",\"url\":\"https:\/\/blog.holyart.it\/fr\/\",\"logo\":{\"@type\":\"ImageObject\",\"inLanguage\":\"fr-FR\",\"@id\":\"https:\/\/blog.holyart.it\/fr\/#\/schema\/logo\/image\/\",\"url\":\"https:\/\/blog.holyart.it\/fr\/wp-content\/uploads\/sites\/14\/2022\/12\/Holyart_Blog_Logo.jpg\",\"contentUrl\":\"https:\/\/blog.holyart.it\/fr\/wp-content\/uploads\/sites\/14\/2022\/12\/Holyart_Blog_Logo.jpg\",\"width\":300,\"height\":50,\"caption\":\"Holyart.fr Blog\"},\"image\":{\"@id\":\"https:\/\/blog.holyart.it\/fr\/#\/schema\/logo\/image\/\"}},{\"@type\":\"Person\",\"@id\":\"https:\/\/blog.holyart.it\/fr\/#\/schema\/person\/0a7b686e5af0f856ec1e390dd0baecda\",\"name\":\"Redazione\",\"image\":{\"@type\":\"ImageObject\",\"inLanguage\":\"fr-FR\",\"@id\":\"https:\/\/blog.holyart.it\/fr\/#\/schema\/person\/image\/\",\"url\":\"https:\/\/secure.gravatar.com\/avatar\/f477da817f43e50d0af36abecd33e3edf826c68299714bdc1057dff3b113f516?s=96&d=mm&r=g\",\"contentUrl\":\"https:\/\/secure.gravatar.com\/avatar\/f477da817f43e50d0af36abecd33e3edf826c68299714bdc1057dff3b113f516?s=96&d=mm&r=g\",\"caption\":\"Redazione\"},\"url\":\"https:\/\/blog.holyart.it\/fr\/author\/admin\/\"}]}<\/script>\n<!-- \/ Yoast SEO plugin. -->","yoast_head_json":{"title":"Journ\u00e9e internationale des Femmes, \u00abic\u00f4nes de la paix\u00bb - Holyart.fr Blog","description":"Les femmes sont depuis toujours porteuses naturelles de la paix. \u00c0 l\u2019occasion du Jour de la Femme, rappelons Marie, arch\u00e9type de...","robots":{"index":"index","follow":"follow","max-snippet":"max-snippet:-1","max-image-preview":"max-image-preview:large","max-video-preview":"max-video-preview:-1"},"canonical":"https:\/\/blog.holyart.it\/fr\/occasions-speciales\/journee-internationale-des-femmes-icones-de-la-paix\/","og_locale":"fr_FR","og_type":"article","og_title":"Journ\u00e9e internationale des Femmes, \u00abic\u00f4nes de la paix\u00bb - Holyart.fr Blog","og_description":"Les femmes sont depuis toujours porteuses naturelles de la paix. \u00c0 l\u2019occasion du Jour de la Femme, rappelons Marie, arch\u00e9type de...","og_url":"https:\/\/blog.holyart.it\/fr\/occasions-speciales\/journee-internationale-des-femmes-icones-de-la-paix\/","og_site_name":"Holyart.fr Blog","article_published_time":"2026-03-04T09:00:35+00:00","article_modified_time":"2026-04-28T08:36:38+00:00","og_image":[{"width":1000,"height":666,"url":"https:\/\/blog.holyart.it\/fr\/wp-content\/uploads\/sites\/14\/2026\/02\/Journee-internationale-des-Femmes.jpg","type":"image\/jpeg"}],"author":"Redazione","twitter_card":"summary_large_image","twitter_misc":{"\u00c9crit par":"Redazione","Dur\u00e9e de lecture estim\u00e9e":"12 minutes"},"schema":{"@context":"https:\/\/schema.org","@graph":[{"@type":"Article","@id":"https:\/\/blog.holyart.it\/fr\/occasions-speciales\/journee-internationale-des-femmes-icones-de-la-paix\/#article","isPartOf":{"@id":"https:\/\/blog.holyart.it\/fr\/occasions-speciales\/journee-internationale-des-femmes-icones-de-la-paix\/"},"author":{"name":"Redazione","@id":"https:\/\/blog.holyart.it\/fr\/#\/schema\/person\/0a7b686e5af0f856ec1e390dd0baecda"},"headline":"Journ\u00e9e internationale des Femmes, \u00abic\u00f4nes de la paix\u00bb","datePublished":"2026-03-04T09:00:35+00:00","dateModified":"2026-04-28T08:36:38+00:00","mainEntityOfPage":{"@id":"https:\/\/blog.holyart.it\/fr\/occasions-speciales\/journee-internationale-des-femmes-icones-de-la-paix\/"},"wordCount":2208,"publisher":{"@id":"https:\/\/blog.holyart.it\/fr\/#organization"},"image":{"@id":"https:\/\/blog.holyart.it\/fr\/occasions-speciales\/journee-internationale-des-femmes-icones-de-la-paix\/#primaryimage"},"thumbnailUrl":"https:\/\/blog.holyart.it\/fr\/wp-content\/uploads\/sites\/14\/2026\/02\/Journee-internationale-des-Femmes.jpg","articleSection":["Occasions sp\u00e9ciales"],"inLanguage":"fr-FR"},{"@type":"WebPage","@id":"https:\/\/blog.holyart.it\/fr\/occasions-speciales\/journee-internationale-des-femmes-icones-de-la-paix\/","url":"https:\/\/blog.holyart.it\/fr\/occasions-speciales\/journee-internationale-des-femmes-icones-de-la-paix\/","name":"Journ\u00e9e internationale des Femmes, \u00abic\u00f4nes de la paix\u00bb - Holyart.fr Blog","isPartOf":{"@id":"https:\/\/blog.holyart.it\/fr\/#website"},"primaryImageOfPage":{"@id":"https:\/\/blog.holyart.it\/fr\/occasions-speciales\/journee-internationale-des-femmes-icones-de-la-paix\/#primaryimage"},"image":{"@id":"https:\/\/blog.holyart.it\/fr\/occasions-speciales\/journee-internationale-des-femmes-icones-de-la-paix\/#primaryimage"},"thumbnailUrl":"https:\/\/blog.holyart.it\/fr\/wp-content\/uploads\/sites\/14\/2026\/02\/Journee-internationale-des-Femmes.jpg","datePublished":"2026-03-04T09:00:35+00:00","dateModified":"2026-04-28T08:36:38+00:00","description":"Les femmes sont depuis toujours porteuses naturelles de la paix. \u00c0 l\u2019occasion du Jour de la Femme, rappelons Marie, arch\u00e9type de...","breadcrumb":{"@id":"https:\/\/blog.holyart.it\/fr\/occasions-speciales\/journee-internationale-des-femmes-icones-de-la-paix\/#breadcrumb"},"inLanguage":"fr-FR","potentialAction":[{"@type":"ReadAction","target":["https:\/\/blog.holyart.it\/fr\/occasions-speciales\/journee-internationale-des-femmes-icones-de-la-paix\/"]}]},{"@type":"ImageObject","inLanguage":"fr-FR","@id":"https:\/\/blog.holyart.it\/fr\/occasions-speciales\/journee-internationale-des-femmes-icones-de-la-paix\/#primaryimage","url":"https:\/\/blog.holyart.it\/fr\/wp-content\/uploads\/sites\/14\/2026\/02\/Journee-internationale-des-Femmes.jpg","contentUrl":"https:\/\/blog.holyart.it\/fr\/wp-content\/uploads\/sites\/14\/2026\/02\/Journee-internationale-des-Femmes.jpg","width":1000,"height":666,"caption":"Journ\u00e9e internationale des Femmes"},{"@type":"BreadcrumbList","@id":"https:\/\/blog.holyart.it\/fr\/occasions-speciales\/journee-internationale-des-femmes-icones-de-la-paix\/#breadcrumb","itemListElement":[{"@type":"ListItem","position":1,"name":"Homepage","item":"https:\/\/blog.holyart.it\/fr\/"},{"@type":"ListItem","position":2,"name":"Occasions sp\u00e9ciales","item":"https:\/\/blog.holyart.it\/fr\/occasions-speciales\/"},{"@type":"ListItem","position":3,"name":"Journ\u00e9e internationale des Femmes, \u00abic\u00f4nes de la paix\u00bb"}]},{"@type":"WebSite","@id":"https:\/\/blog.holyart.it\/fr\/#website","url":"https:\/\/blog.holyart.it\/fr\/","name":"Holyart.fr Blog","description":"Holyblog","publisher":{"@id":"https:\/\/blog.holyart.it\/fr\/#organization"},"potentialAction":[{"@type":"SearchAction","target":{"@type":"EntryPoint","urlTemplate":"https:\/\/blog.holyart.it\/fr\/?s={search_term_string}"},"query-input":{"@type":"PropertyValueSpecification","valueRequired":true,"valueName":"search_term_string"}}],"inLanguage":"fr-FR"},{"@type":"Organization","@id":"https:\/\/blog.holyart.it\/fr\/#organization","name":"Holyart.fr Blog","url":"https:\/\/blog.holyart.it\/fr\/","logo":{"@type":"ImageObject","inLanguage":"fr-FR","@id":"https:\/\/blog.holyart.it\/fr\/#\/schema\/logo\/image\/","url":"https:\/\/blog.holyart.it\/fr\/wp-content\/uploads\/sites\/14\/2022\/12\/Holyart_Blog_Logo.jpg","contentUrl":"https:\/\/blog.holyart.it\/fr\/wp-content\/uploads\/sites\/14\/2022\/12\/Holyart_Blog_Logo.jpg","width":300,"height":50,"caption":"Holyart.fr Blog"},"image":{"@id":"https:\/\/blog.holyart.it\/fr\/#\/schema\/logo\/image\/"}},{"@type":"Person","@id":"https:\/\/blog.holyart.it\/fr\/#\/schema\/person\/0a7b686e5af0f856ec1e390dd0baecda","name":"Redazione","image":{"@type":"ImageObject","inLanguage":"fr-FR","@id":"https:\/\/blog.holyart.it\/fr\/#\/schema\/person\/image\/","url":"https:\/\/secure.gravatar.com\/avatar\/f477da817f43e50d0af36abecd33e3edf826c68299714bdc1057dff3b113f516?s=96&d=mm&r=g","contentUrl":"https:\/\/secure.gravatar.com\/avatar\/f477da817f43e50d0af36abecd33e3edf826c68299714bdc1057dff3b113f516?s=96&d=mm&r=g","caption":"Redazione"},"url":"https:\/\/blog.holyart.it\/fr\/author\/admin\/"}]}},"_links":{"self":[{"href":"https:\/\/blog.holyart.it\/fr\/wp-json\/wp\/v2\/posts\/12116","targetHints":{"allow":["GET"]}}],"collection":[{"href":"https:\/\/blog.holyart.it\/fr\/wp-json\/wp\/v2\/posts"}],"about":[{"href":"https:\/\/blog.holyart.it\/fr\/wp-json\/wp\/v2\/types\/post"}],"author":[{"embeddable":true,"href":"https:\/\/blog.holyart.it\/fr\/wp-json\/wp\/v2\/users\/1"}],"replies":[{"embeddable":true,"href":"https:\/\/blog.holyart.it\/fr\/wp-json\/wp\/v2\/comments?post=12116"}],"version-history":[{"count":8,"href":"https:\/\/blog.holyart.it\/fr\/wp-json\/wp\/v2\/posts\/12116\/revisions"}],"predecessor-version":[{"id":12131,"href":"https:\/\/blog.holyart.it\/fr\/wp-json\/wp\/v2\/posts\/12116\/revisions\/12131"}],"wp:featuredmedia":[{"embeddable":true,"href":"https:\/\/blog.holyart.it\/fr\/wp-json\/wp\/v2\/media\/12118"}],"wp:attachment":[{"href":"https:\/\/blog.holyart.it\/fr\/wp-json\/wp\/v2\/media?parent=12116"}],"wp:term":[{"taxonomy":"category","embeddable":true,"href":"https:\/\/blog.holyart.it\/fr\/wp-json\/wp\/v2\/categories?post=12116"},{"taxonomy":"post_tag","embeddable":true,"href":"https:\/\/blog.holyart.it\/fr\/wp-json\/wp\/v2\/tags?post=12116"}],"curies":[{"name":"wp","href":"https:\/\/api.w.org\/{rel}","templated":true}]}}