{"id":12060,"date":"2026-02-23T10:00:02","date_gmt":"2026-02-23T09:00:02","guid":{"rendered":"https:\/\/blog.holyart.it\/fr\/?p=12060"},"modified":"2026-04-28T10:34:05","modified_gmt":"2026-04-28T08:34:05","slug":"tempete-sur-la-mer-de-galilee-un-episode-biblique-raconte-a-travers-lart","status":"publish","type":"post","link":"https:\/\/blog.holyart.it\/fr\/articles-religieux\/tempete-sur-la-mer-de-galilee-un-episode-biblique-raconte-a-travers-lart\/","title":{"rendered":"Temp\u00eate sur la mer de Galil\u00e9e : un \u00e9pisode biblique racont\u00e9 \u00e0 travers l\u2019art"},"content":{"rendered":"<h4>Le tableau de Rembrandt, \u00ab\u00a0Le Christ dans la temp\u00eate sur la mer de Galil\u00e9e\u00a0\u00bb raconte une histoire de foi et d\u2019esp\u00e9rance. C\u2019est surtout quand nous nous sentons perdus dans les temp\u00eates de la vie que l\u2019amour de Dieu et la foi nous sauvent, si nous sommes pr\u00eats \u00e0 avoir une confiance aveugle.<\/h4>\n<p>L\u2019art a toujours \u00e9t\u00e9 un moyen puissant pour raconter et immortaliser les histoires sacr\u00e9es. Il suffit de penser aux innombrables tableaux et fresques conserv\u00e9s dans les \u00e9glises du monde entier, un patrimoine artistique qui, surtout en Italie, atteint une valeur incommensurable, aux statues qui d\u00e9corent places publiques et lieux de culte, mais aussi aux architectures des grandes cath\u00e9drales, \u00e0 la musique sacr\u00e9e compos\u00e9e par des musiciens immortels. D\u00e8s les origines du Christianisme, les fid\u00e8les ont senti le besoin de repr\u00e9senter de fa\u00e7on visible l\u2019objet de leur d\u00e9votion. Pour les premiers chr\u00e9tiens, oblig\u00e9s \u00e0 cacher leur foi, cela signifiait souvent graver des symboles et des messages compr\u00e9hensibles uniquement aux autres membres, leur permettant de communiquer sans risquer d\u2019\u00eatre pers\u00e9cut\u00e9s. Avec le temps, une fois le Christianisme devenu religion officielle et r\u00e9pandu dans tout le monde connu, la cr\u00e9ation d\u2019images sacr\u00e9es a subi une \u00e9norme expansion. Cela parce que<a href=\"https:\/\/www.holyart.fr\/blog\/articles-religieux\/5-tableaux-images-religieux-a-chez-soi\/\"><span style=\"text-decoration: underline;\"> <strong>l\u2019art parle \u00e0 l\u2019\u00e2me<\/strong><\/span><\/a>, dont il devient le langage, dans un dialogue profond et intime qui change d\u2019homme en homme, selon le temp\u00e9rament, selon la spiritualit\u00e9.<\/p>\n<div class=\"link-article\">\n<p><img loading=\"lazy\" decoding=\"async\" class=\"size-full wp-image-12064 alignleft\" src=\"https:\/\/blog.holyart.it\/fr\/wp-content\/uploads\/sites\/14\/2026\/02\/5-tableaux-et-images-religieux-a-avoir-chez-soi.jpg\" alt=\"5 tableaux et images religieux \u00e0 avoir chez soi\" width=\"150\" height=\"99\" data-kale-share-title=\"Temp\u00eate sur la mer de Galil\u00e9e : un \u00e9pisode biblique racont\u00e9 \u00e0 travers l\u2019art\" data-kale-share-url=\"https:\/\/blog.holyart.it\/fr\/?p=12060\" \/><\/p>\n<div class=\"leggi-anche\">Lire aussi :<\/div>\n<p><strong><a href=\"https:\/\/www.holyart.fr\/blog\/articles-religieux\/5-tableaux-images-religieux-a-chez-soi\/\">5 tableaux et images religieux \u00e0 avoir chez soi<\/a><\/strong><br \/>\nDepuis les origines du Christianisme, l\u2019homme toujours senti le besoin de repr\u00e9senter&#8230;<\/p>\n<\/div>\n<p>Parmi toutes les \u0153uvres d\u2019art qui ont \u00e9t\u00e9 et sont toujours expression de l\u2019affliction humaine envers Dieu, \u00ab\u00a0<strong>Le Christ dans la temp\u00eate sur la mer de Galil\u00e9e<\/strong>\u00a0\u00bb de <strong>Rembrandt<\/strong> est un exemple de comment l\u2019art peut v\u00e9hiculer un message d\u2019esp\u00e9rance et de consolation, m\u00eame lorsqu\u2019il d\u00e9peint des \u00e9pisodes dramatiques. C\u2019est le cas ici. Celui de <strong>Christ dans la temp\u00eate sur la mer de Galil\u00e9e <\/strong>est un \u00e9pisode biblique de grand impact \u00e9motionnel, immortalis\u00e9 magistralement par le peintre hollandais Rembrandt. Cet \u00e9v\u00e9nement, racont\u00e9 dans l\u2019<a href=\"https:\/\/www.holyart.fr\/articles-religieux\/statues\/statues-en-resine-et-pvc\/saint-marc-evangeliste-30-cm-statue-en-resine\"><strong>\u00c9vangile de Marc<\/strong><\/a>, voit J\u00e9sus calmer une furieuse temp\u00eate, en d\u00e9montrant Son pouvoir divin et en rassurant les disciples effray\u00e9s.<\/p>\n<div class=\"link-product\">\n<div class=\"blocco-immagine\"><img loading=\"lazy\" decoding=\"async\" class=\"size-full wp-image-12065 alignleft\" src=\"https:\/\/blog.holyart.it\/fr\/wp-content\/uploads\/sites\/14\/2026\/02\/Saint-Marc-Evangeliste-30-cm-statue-en-resine.jpg\" alt=\"Saint Marc \u00c9vang\u00e9liste 30 cm statue en r\u00e9sine\" width=\"100\" height=\"100\" data-kale-share-title=\"Temp\u00eate sur la mer de Galil\u00e9e : un \u00e9pisode biblique racont\u00e9 \u00e0 travers l\u2019art\" data-kale-share-url=\"https:\/\/blog.holyart.it\/fr\/?p=12060\" \/><\/div>\n<div class=\"blocco-contenuto\">\n<div class=\"blocco-acquista\">Acheter sur Holyart:<\/div>\n<div class=\"blocco-titolo\"><a href=\"https:\/\/www.holyart.fr\/articles-religieux\/statues\/statues-en-resine-et-pvc\/saint-marc-evangeliste-30-cm-statue-en-resine\">Saint Marc \u00c9vang\u00e9liste 30 cm statue en r\u00e9sine<\/a><\/div>\n<div class=\"blocco-descrizione\">Statue de Saint Marc \u00c9vang\u00e9liste en r\u00e9sine, enti\u00e8rement peinte \u00e0 la main et soign\u00e9e dans le moindre d\u00e9tail.<\/div>\n<\/div>\n<\/div>\n<h2>Rembrandt : Christ dans la temp\u00eate repr\u00e9sent\u00e9 dans l\u2019art<\/h2>\n<p>L\u2019\u00e9pisode de<strong> Christ dans la temp\u00eate sur la mer de Galil\u00e9e <\/strong>(ou m\u00eame simplement <strong>Temp\u00eate sur la mer de Galil\u00e9e<\/strong>) est d\u00e9crit dans l\u2019<strong>\u00c9vangile de Marc <\/strong>(4:35-41). J\u00e9sus et ses disciples \u00e9taient sur un bateau quand une violente temp\u00eate s\u2019abattit sur eux. Les disciples \u00e9taient terroris\u00e9s, mais J\u00e9sus dormait tranquillement. Quand ils le r\u00e9veill\u00e8rent, Il gronda le vent et la mer, qui se calm\u00e8rent imm\u00e9diatement, et demanda aux disciples s\u2019ils n\u2019avaient toujours pas confiance en lui. Ce miracle d\u00e9montra Son autorit\u00e9 sur la nature et renfor\u00e7a la foi des disciples.<\/p>\n<p><strong>Rembrandt Harmenszoon van Rijn<\/strong>, un des plus grands peintres hollandais du XVIIe si\u00e8cle, a su cueillir et repr\u00e9senter la puissance \u00e9motionnelle de cet \u00e9v\u00e9nement biblique. Son tableau <strong>Christ dans la Temp\u00eate sur la Mer de Galil\u00e9e<\/strong> est unes des \u0153uvres les plus iconiques traitant ce th\u00e8me. Malheureusement, cette toile extraordinaire <strong>fut vol\u00e9e en 1990<\/strong> de l\u2019Isabelle Stewart Gardner Museum de Boston et n\u2019a jamais \u00e9t\u00e9 retrouv\u00e9e. Rembrandt n\u2019\u00e9tait pas nouveau dans l\u2019art sacr\u00e9 et r\u00e9alisa ensuite d\u2019autres pr\u00e9cieuses toiles qui sont heureusement arriv\u00e9es jusqu\u2019\u00e0 nous, comme le <a href=\"https:\/\/www.holyart.fr\/blog\/articles-religieux\/rembrandt-retour-du-fils-prodigue-signification-et-description-de-loeuvre\/\"><strong>Retour du Fils Prodigue<\/strong><\/a>, peint en 1668 et conserv\u00e9 aujourd\u2019hui au Mus\u00e9e de l\u2019Hermitage de Saint-P\u00e9tersbourg. Si le c\u0153ur de ce deuxi\u00e8me tableau est celui des <strong><u>t<\/u><a href=\"https:\/\/www.holyart.fr\/blog\/articles-religieux\/les-trois-paraboles-misericorde\/\">rois paraboles de la mis\u00e9ricorde<\/a><\/strong>, i.e. le concept d\u2019<strong>amour et de pardon de Dieu<\/strong>, universel et absolu, qui nous embrasse tous sans distinctions, dans le cas de la Temp\u00eate sur la mer de Galil\u00e9e on parle de l\u2019amour de Dieu d\u2019une autre fa\u00e7on\u00a0: il ne nous abandonne m\u00eame pas, m\u00eame quand nous nous retrouvons perdus dans les <strong>temp\u00eates de la vie<\/strong>.<\/p>\n<div class=\"link-article\">\n<p><img loading=\"lazy\" decoding=\"async\" class=\"size-full wp-image-12066 alignleft\" src=\"https:\/\/blog.holyart.it\/fr\/wp-content\/uploads\/sites\/14\/2026\/02\/Rembrandt-Retour-du-Fils-prodigue-signification-et-description-de-loeuvre.jpg\" alt=\"Rembrandt, Retour du Fils prodigue signification et description de l\u2019\u0153uvre\" width=\"150\" height=\"99\" data-kale-share-title=\"Temp\u00eate sur la mer de Galil\u00e9e : un \u00e9pisode biblique racont\u00e9 \u00e0 travers l\u2019art\" data-kale-share-url=\"https:\/\/blog.holyart.it\/fr\/?p=12060\" \/><\/p>\n<div class=\"leggi-anche\">Lire aussi :<\/div>\n<p><strong><a href=\"https:\/\/www.holyart.fr\/blog\/articles-religieux\/rembrandt-retour-du-fils-prodigue-signification-et-description-de-loeuvre\/\">Rembrandt, Retour du Fils prodigue : signification et description de l\u2019\u0153uvre<\/a><\/strong><br \/>\nD\u00e9couvrons l\u2019un des chefs d\u2019\u0153uvre du c\u00e9l\u00e8bre peintre Rembrandt : Retour du Fils Prodigue&#8230;<\/p>\n<\/div>\n<p><a href=\"https:\/\/www.holyart.fr\/blog\/articles-religieux\/la-priere-de-la-bonne-humeur-la-preferee-de-pape-francois\/\"><strong>Pape Fran\u00e7ois<\/strong><\/a> a \u00e9galement comment\u00e9 l\u2019\u00e9pisode de la Bible auquel le tableau est inspir\u00e9, en citant les Ap\u00f4tres qui, en proie \u00e0 la terreur et \u00e0 la merci des \u00e9l\u00e9ments, crient \u00e0 J\u00e9sus\u00a0: \u00ab\u00a0<em>Ma\u00eetre, ne t\u2019inqui\u00e8tes-tu pas de ce que nous p\u00e9rissons\u00a0?<\/em>\u00a0\u00bb (Marc 4,38). La signification du r\u00e9cit \u00e9vang\u00e9lique et du tableau qui lui est inspir\u00e9 peut se r\u00e9sumer dans cette supplication. Combien de fois nous arrive-t-il de nous sentir accabl\u00e9s par des \u00e9preuves trop terribles, par des angoisses qui nous freinent et nous emp\u00eachent d\u2019entrevoir un demain\u00a0? Un amour tourment\u00e9, des probl\u00e8mes \u00e0 la maison, un membre de la famille qui souffre, ou encore une maladie grave qui ne laisse apparemment pas de voie d\u2019issue. Dans ces circonstances, il est humain de douter, de s\u2019adresser \u00e0 Dieu en Lui demandant pourquoi Il n\u2019intervient pas pour nous sauver, pourquoi Il ne fait rien pour nous.<\/p>\n<p>Malheureusement, l\u2019amour pour J\u00e9sus et la Foi <strong>ne peuvent pr\u00e9server personne de la souffrance<\/strong> et des exp\u00e9riences tragiques de la vie. Au contraire, c\u2019est justement quand nous nous sentons le plus impuissants que nous avons la sensation qu\u2019Il ne est pas l\u00e0, qu\u2019Il dort, exactement comme dans l\u2019\u00e9pisode racont\u00e9 par Marc.<\/p>\n<p>Mais c\u2019est \u00e0 ces instants-l\u00e0 que la <strong>v\u00e9ritable foi<\/strong> \u00e9merge. Il est trop facile de croire en J\u00e9sus quand tout va bien et que nous sommes heureux. Lui faire une confiance aveugle dans les adversit\u00e9s, s\u2019abandonner \u00e0 Son amour et maintenir la conviction qu\u2019Il nous sauvera, en fin de compte, m\u00eame quand il semblerait tout le contraire, c\u2019est bien plus difficile et courageux. <strong>Dieu est \u00e9galement dans la temp\u00eate<\/strong> et ne nous abandonne pas.<\/p>\n<div class=\"link-article\">\n<p><img loading=\"lazy\" decoding=\"async\" class=\"size-full wp-image-12067 alignleft\" src=\"https:\/\/blog.holyart.it\/fr\/wp-content\/uploads\/sites\/14\/2026\/02\/Pape-Francois.jpg\" alt=\"Pape Fran\u00e7ois\" width=\"150\" height=\"99\" data-kale-share-title=\"Temp\u00eate sur la mer de Galil\u00e9e : un \u00e9pisode biblique racont\u00e9 \u00e0 travers l\u2019art\" data-kale-share-url=\"https:\/\/blog.holyart.it\/fr\/?p=12060\" \/><\/p>\n<div class=\"leggi-anche\">Lire aussi :<\/div>\n<p><strong><a href=\"https:\/\/www.holyart.fr\/blog\/articles-religieux\/la-priere-de-la-bonne-humeur-la-preferee-de-pape-francois\/\">La pri\u00e8re de la bonne humeur : la pr\u00e9f\u00e9r\u00e9e de Pape Fran\u00e7ois<\/a><\/strong><br \/>\nOctobre est un des mois d\u00e9di\u00e9s au Saint Rosaire, mais il y a d\u2019autres moyens pour s\u2019adresser \u00e0 Dieu tous&#8230;<\/p>\n<\/div>\n<p>Dans le r\u00e9cit \u00e9vang\u00e9lique, apr\u00e8s avoir calm\u00e9 le vent et la mer, J\u00e9sus demande aux disciples\u00a0: \u00ab\u00a0<em>Comment n\u2019avez-vous point de foi\u00a0?<\/em>\u00a0\u00bb. Ce que nous devrions nous demander chaque jour\u00a0: \u00ab\u00a0<strong><em>Avons-nous vraiment la foi\u00a0?<\/em><\/strong>\u00a0\u00bb. Cette foi qui nous fait ressentir Dieu \u00e0 nos c\u00f4t\u00e9s, toujours, dans la lumi\u00e8re et dans les t\u00e9n\u00e8bres, dans les moments de s\u00e9r\u00e9nit\u00e9 et dans les temp\u00eates, dans la conscience que <strong>ce que nous pouvons faire est limit\u00e9<\/strong>, par rapport \u00e0 ce que Lui peut faire, et que la seule possibilit\u00e9 qui nous est donn\u00e9e est celle de nous confier enti\u00e8rement \u00e0 Lui, Cr\u00e9ateur et Sauveur.<\/p>\n<p>La <strong>mer<\/strong> revient dans la Bible comme lieu de danger et d\u2019adversit\u00e9s. Celle de Galil\u00e9e, en particulier, \u00e9tait souvent sujette \u00e0 des temp\u00eates inattendues, et donc encore plus insidieuse. \u00a0Dans le tableau de Rembrandt, nous voyons une repr\u00e9sentation dynamique et dramatique de la sc\u00e8ne. Le th\u00e8me central est la capacit\u00e9 de J\u00e9sus d\u2019<strong>apporter calme et ordre au milieu du chaos<\/strong>, et symbolise le pouvoir de la foi de d\u00e9passer les adversit\u00e9s. Christ est repr\u00e9sent\u00e9 au centre, serein et contr\u00f4l\u00e9, tandis que les disciples luttent contre la furie de la temp\u00eate. Le contraste entre le calme de J\u00e9sus et le chaos environnant souligne le th\u00e8me central du miracle\u00a0: <strong>la foi en Christ peut d\u00e9passer n\u2019importe quelle temp\u00eate<\/strong>. Le contraste entre le ciel sombre et la mer \u00e9clair\u00e9e par la lumi\u00e8re est embl\u00e9matique, ainsi comme le sont les <a href=\"https:\/\/www.holyart.fr\/blog\/saints-et-bienheureux\/a-decouvrir-qui-etaient-les-12-apotres-et-la-difference-entre-apotres-et-disciples\/\"><strong>visages des ap\u00f4tres<\/strong><\/a>, chacun diff\u00e9rent, chacun perdu dans sa propre peur, dans son propre doute, qui prend des apparences diff\u00e9rentes. Il y en a qui cherchent \u00e0 gouverner le bateau \u00e0 la merci des vagues, d\u2019autres qui d\u00e9sesp\u00e8re ou qui enrage, exactement comme il arrive \u00e0 chaque homme de r\u00e9agir diff\u00e9remment face \u00e0 la douleur.<br \/>\nEt pourtant, c\u2019est justement l\u00e0 la r\u00e9ponse, le Salut, dans le Christ endormi qui seulement en apparence ignore le d\u00e9sespoir de ses amis. Lui, il est l\u00e0, il l\u2019a toujours \u00e9t\u00e9 pour qui croit aveuglement en Lui, pour qui a la Foi, et Son salut est r\u00e9el, t\u00f4t ou tard il arrive, pour qui sait attendre, m\u00eame quand le monde semble tomber en morceaux tout autour. Alors voil\u00e0 que les ap\u00f4tres qui se pressent autour de Lui deviennent hommes de pri\u00e8re, pench\u00e9s vers la seule lueur d\u2019esp\u00e9rance, et nous aussi, on se serre l\u2019un contre l\u2019autre, et notre regard se tourne vers Dieu, nos c\u0153urs ignorent le rugissement du vent, le grondement de la mer en temp\u00eate, pour chercher la paix et la qui\u00e9tude qui finiront par arriver.<\/p>\n<div class=\"link-article\">\n<p><img loading=\"lazy\" decoding=\"async\" class=\"size-full wp-image-12068 alignleft\" src=\"https:\/\/blog.holyart.it\/fr\/wp-content\/uploads\/sites\/14\/2026\/02\/les-12-apotres-2.jpeg\" alt=\"les 12 ap\u00f4tres\" width=\"150\" height=\"99\" data-kale-share-title=\"Temp\u00eate sur la mer de Galil\u00e9e : un \u00e9pisode biblique racont\u00e9 \u00e0 travers l\u2019art\" data-kale-share-url=\"https:\/\/blog.holyart.it\/fr\/?p=12060\" \/><\/p>\n<div class=\"leggi-anche\">Lire aussi :<\/div>\n<p><strong><a href=\"https:\/\/www.holyart.fr\/blog\/saints-et-bienheureux\/a-decouvrir-qui-etaient-les-12-apotres-et-la-difference-entre-apotres-et-disciples\/\">\u00c0 d\u00e9couvrir : qui \u00e9taient les 12 ap\u00f4tres et la diff\u00e9rence entre ap\u00f4tres et disciples<\/a><\/strong><br \/>\nQui \u00e9taient les 12 ap\u00f4tres, compagnons de J\u00e9sus pendant la br\u00e8ve dur\u00e9e de sa mission&#8230;<\/p>\n<\/div>\n","protected":false},"excerpt":{"rendered":"<p>Le tableau de Rembrandt, \u00ab\u00a0Le Christ dans la temp\u00eate sur la mer de Galil\u00e9e\u00a0\u00bb raconte une histoire de foi et d\u2019esp\u00e9rance. C\u2019est surtout quand nous nous sentons perdus dans les temp\u00eates de la vie que l\u2019amour de Dieu et la foi nous sauvent, si nous&hellip;<\/p>\n","protected":false},"author":1,"featured_media":12070,"comment_status":"closed","ping_status":"open","sticky":false,"template":"","format":"standard","meta":{"_acf_changed":false,"footnotes":""},"categories":[8],"tags":[],"class_list":["post-12060","post","type-post","status-publish","format-standard","has-post-thumbnail","hentry","category-articles-religieux"],"acf":[],"yoast_head":"<!-- This site is optimized with the Yoast SEO plugin v26.6 - https:\/\/yoast.com\/wordpress\/plugins\/seo\/ -->\n<title>Temp\u00eate sur la mer de Galil\u00e9e : un \u00e9pisode biblique racont\u00e9 \u00e0 travers l\u2019art - Holyart.fr Blog<\/title>\n<meta name=\"description\" content=\"Dans Le Christ dans la temp\u00eate sur la mer de Galil\u00e9e, Rembrandt exprime la n\u00e9cessit\u00e9 pour l\u2019homme de se confier \u00e0 l\u2019amour de Dieu et d\u2019y...\" \/>\n<meta name=\"robots\" content=\"index, follow, max-snippet:-1, max-image-preview:large, max-video-preview:-1\" \/>\n<link rel=\"canonical\" href=\"https:\/\/blog.holyart.it\/fr\/articles-religieux\/tempete-sur-la-mer-de-galilee-un-episode-biblique-raconte-a-travers-lart\/\" \/>\n<meta property=\"og:locale\" content=\"fr_FR\" \/>\n<meta property=\"og:type\" content=\"article\" \/>\n<meta property=\"og:title\" content=\"Temp\u00eate sur la mer de Galil\u00e9e : un \u00e9pisode biblique racont\u00e9 \u00e0 travers l\u2019art - Holyart.fr Blog\" \/>\n<meta property=\"og:description\" content=\"Dans Le Christ dans la temp\u00eate sur la mer de Galil\u00e9e, Rembrandt exprime la n\u00e9cessit\u00e9 pour l\u2019homme de se confier \u00e0 l\u2019amour de Dieu et d\u2019y...\" \/>\n<meta property=\"og:url\" content=\"https:\/\/blog.holyart.it\/fr\/articles-religieux\/tempete-sur-la-mer-de-galilee-un-episode-biblique-raconte-a-travers-lart\/\" \/>\n<meta property=\"og:site_name\" content=\"Holyart.fr Blog\" \/>\n<meta property=\"article:published_time\" content=\"2026-02-23T09:00:02+00:00\" \/>\n<meta property=\"article:modified_time\" content=\"2026-04-28T08:34:05+00:00\" \/>\n<meta property=\"og:image\" content=\"https:\/\/blog.holyart.it\/fr\/wp-content\/uploads\/sites\/14\/2026\/02\/Tempete-sur-la-mer-de-Galilee.jpg\" \/>\n\t<meta property=\"og:image:width\" content=\"1000\" \/>\n\t<meta property=\"og:image:height\" content=\"666\" \/>\n\t<meta property=\"og:image:type\" content=\"image\/jpeg\" \/>\n<meta name=\"author\" content=\"Redazione\" \/>\n<meta name=\"twitter:card\" content=\"summary_large_image\" \/>\n<meta name=\"twitter:label1\" content=\"\u00c9crit par\" \/>\n\t<meta name=\"twitter:data1\" content=\"Redazione\" \/>\n\t<meta name=\"twitter:label2\" content=\"Dur\u00e9e de lecture estim\u00e9e\" \/>\n\t<meta name=\"twitter:data2\" content=\"9 minutes\" \/>\n<script type=\"application\/ld+json\" class=\"yoast-schema-graph\">{\"@context\":\"https:\/\/schema.org\",\"@graph\":[{\"@type\":\"Article\",\"@id\":\"https:\/\/blog.holyart.it\/fr\/articles-religieux\/tempete-sur-la-mer-de-galilee-un-episode-biblique-raconte-a-travers-lart\/#article\",\"isPartOf\":{\"@id\":\"https:\/\/blog.holyart.it\/fr\/articles-religieux\/tempete-sur-la-mer-de-galilee-un-episode-biblique-raconte-a-travers-lart\/\"},\"author\":{\"name\":\"Redazione\",\"@id\":\"https:\/\/blog.holyart.it\/fr\/#\/schema\/person\/0a7b686e5af0f856ec1e390dd0baecda\"},\"headline\":\"Temp\u00eate sur la mer de Galil\u00e9e : un \u00e9pisode biblique racont\u00e9 \u00e0 travers l\u2019art\",\"datePublished\":\"2026-02-23T09:00:02+00:00\",\"dateModified\":\"2026-04-28T08:34:05+00:00\",\"mainEntityOfPage\":{\"@id\":\"https:\/\/blog.holyart.it\/fr\/articles-religieux\/tempete-sur-la-mer-de-galilee-un-episode-biblique-raconte-a-travers-lart\/\"},\"wordCount\":1658,\"publisher\":{\"@id\":\"https:\/\/blog.holyart.it\/fr\/#organization\"},\"image\":{\"@id\":\"https:\/\/blog.holyart.it\/fr\/articles-religieux\/tempete-sur-la-mer-de-galilee-un-episode-biblique-raconte-a-travers-lart\/#primaryimage\"},\"thumbnailUrl\":\"https:\/\/blog.holyart.it\/fr\/wp-content\/uploads\/sites\/14\/2026\/02\/Tempete-sur-la-mer-de-Galilee.jpg\",\"articleSection\":[\"Religion\"],\"inLanguage\":\"fr-FR\"},{\"@type\":\"WebPage\",\"@id\":\"https:\/\/blog.holyart.it\/fr\/articles-religieux\/tempete-sur-la-mer-de-galilee-un-episode-biblique-raconte-a-travers-lart\/\",\"url\":\"https:\/\/blog.holyart.it\/fr\/articles-religieux\/tempete-sur-la-mer-de-galilee-un-episode-biblique-raconte-a-travers-lart\/\",\"name\":\"Temp\u00eate sur la mer de Galil\u00e9e : un \u00e9pisode biblique racont\u00e9 \u00e0 travers l\u2019art - Holyart.fr Blog\",\"isPartOf\":{\"@id\":\"https:\/\/blog.holyart.it\/fr\/#website\"},\"primaryImageOfPage\":{\"@id\":\"https:\/\/blog.holyart.it\/fr\/articles-religieux\/tempete-sur-la-mer-de-galilee-un-episode-biblique-raconte-a-travers-lart\/#primaryimage\"},\"image\":{\"@id\":\"https:\/\/blog.holyart.it\/fr\/articles-religieux\/tempete-sur-la-mer-de-galilee-un-episode-biblique-raconte-a-travers-lart\/#primaryimage\"},\"thumbnailUrl\":\"https:\/\/blog.holyart.it\/fr\/wp-content\/uploads\/sites\/14\/2026\/02\/Tempete-sur-la-mer-de-Galilee.jpg\",\"datePublished\":\"2026-02-23T09:00:02+00:00\",\"dateModified\":\"2026-04-28T08:34:05+00:00\",\"description\":\"Dans Le Christ dans la temp\u00eate sur la mer de Galil\u00e9e, Rembrandt exprime la n\u00e9cessit\u00e9 pour l\u2019homme de se confier \u00e0 l\u2019amour de Dieu et d\u2019y...\",\"breadcrumb\":{\"@id\":\"https:\/\/blog.holyart.it\/fr\/articles-religieux\/tempete-sur-la-mer-de-galilee-un-episode-biblique-raconte-a-travers-lart\/#breadcrumb\"},\"inLanguage\":\"fr-FR\",\"potentialAction\":[{\"@type\":\"ReadAction\",\"target\":[\"https:\/\/blog.holyart.it\/fr\/articles-religieux\/tempete-sur-la-mer-de-galilee-un-episode-biblique-raconte-a-travers-lart\/\"]}]},{\"@type\":\"ImageObject\",\"inLanguage\":\"fr-FR\",\"@id\":\"https:\/\/blog.holyart.it\/fr\/articles-religieux\/tempete-sur-la-mer-de-galilee-un-episode-biblique-raconte-a-travers-lart\/#primaryimage\",\"url\":\"https:\/\/blog.holyart.it\/fr\/wp-content\/uploads\/sites\/14\/2026\/02\/Tempete-sur-la-mer-de-Galilee.jpg\",\"contentUrl\":\"https:\/\/blog.holyart.it\/fr\/wp-content\/uploads\/sites\/14\/2026\/02\/Tempete-sur-la-mer-de-Galilee.jpg\",\"width\":1000,\"height\":666,\"caption\":\"Temp\u00eate sur la mer de Galil\u00e9e\"},{\"@type\":\"BreadcrumbList\",\"@id\":\"https:\/\/blog.holyart.it\/fr\/articles-religieux\/tempete-sur-la-mer-de-galilee-un-episode-biblique-raconte-a-travers-lart\/#breadcrumb\",\"itemListElement\":[{\"@type\":\"ListItem\",\"position\":1,\"name\":\"Homepage\",\"item\":\"https:\/\/blog.holyart.it\/fr\/\"},{\"@type\":\"ListItem\",\"position\":2,\"name\":\"Religion\",\"item\":\"https:\/\/blog.holyart.it\/fr\/articles-religieux\/\"},{\"@type\":\"ListItem\",\"position\":3,\"name\":\"Temp\u00eate sur la mer de Galil\u00e9e : un \u00e9pisode biblique racont\u00e9 \u00e0 travers l\u2019art\"}]},{\"@type\":\"WebSite\",\"@id\":\"https:\/\/blog.holyart.it\/fr\/#website\",\"url\":\"https:\/\/blog.holyart.it\/fr\/\",\"name\":\"Holyart.fr Blog\",\"description\":\"Holyblog\",\"publisher\":{\"@id\":\"https:\/\/blog.holyart.it\/fr\/#organization\"},\"potentialAction\":[{\"@type\":\"SearchAction\",\"target\":{\"@type\":\"EntryPoint\",\"urlTemplate\":\"https:\/\/blog.holyart.it\/fr\/?s={search_term_string}\"},\"query-input\":{\"@type\":\"PropertyValueSpecification\",\"valueRequired\":true,\"valueName\":\"search_term_string\"}}],\"inLanguage\":\"fr-FR\"},{\"@type\":\"Organization\",\"@id\":\"https:\/\/blog.holyart.it\/fr\/#organization\",\"name\":\"Holyart.fr Blog\",\"url\":\"https:\/\/blog.holyart.it\/fr\/\",\"logo\":{\"@type\":\"ImageObject\",\"inLanguage\":\"fr-FR\",\"@id\":\"https:\/\/blog.holyart.it\/fr\/#\/schema\/logo\/image\/\",\"url\":\"https:\/\/blog.holyart.it\/fr\/wp-content\/uploads\/sites\/14\/2022\/12\/Holyart_Blog_Logo.jpg\",\"contentUrl\":\"https:\/\/blog.holyart.it\/fr\/wp-content\/uploads\/sites\/14\/2022\/12\/Holyart_Blog_Logo.jpg\",\"width\":300,\"height\":50,\"caption\":\"Holyart.fr Blog\"},\"image\":{\"@id\":\"https:\/\/blog.holyart.it\/fr\/#\/schema\/logo\/image\/\"}},{\"@type\":\"Person\",\"@id\":\"https:\/\/blog.holyart.it\/fr\/#\/schema\/person\/0a7b686e5af0f856ec1e390dd0baecda\",\"name\":\"Redazione\",\"image\":{\"@type\":\"ImageObject\",\"inLanguage\":\"fr-FR\",\"@id\":\"https:\/\/blog.holyart.it\/fr\/#\/schema\/person\/image\/\",\"url\":\"https:\/\/secure.gravatar.com\/avatar\/f477da817f43e50d0af36abecd33e3edf826c68299714bdc1057dff3b113f516?s=96&d=mm&r=g\",\"contentUrl\":\"https:\/\/secure.gravatar.com\/avatar\/f477da817f43e50d0af36abecd33e3edf826c68299714bdc1057dff3b113f516?s=96&d=mm&r=g\",\"caption\":\"Redazione\"},\"url\":\"https:\/\/blog.holyart.it\/fr\/author\/admin\/\"}]}<\/script>\n<!-- \/ Yoast SEO plugin. -->","yoast_head_json":{"title":"Temp\u00eate sur la mer de Galil\u00e9e : un \u00e9pisode biblique racont\u00e9 \u00e0 travers l\u2019art - Holyart.fr Blog","description":"Dans Le Christ dans la temp\u00eate sur la mer de Galil\u00e9e, Rembrandt exprime la n\u00e9cessit\u00e9 pour l\u2019homme de se confier \u00e0 l\u2019amour de Dieu et d\u2019y...","robots":{"index":"index","follow":"follow","max-snippet":"max-snippet:-1","max-image-preview":"max-image-preview:large","max-video-preview":"max-video-preview:-1"},"canonical":"https:\/\/blog.holyart.it\/fr\/articles-religieux\/tempete-sur-la-mer-de-galilee-un-episode-biblique-raconte-a-travers-lart\/","og_locale":"fr_FR","og_type":"article","og_title":"Temp\u00eate sur la mer de Galil\u00e9e : un \u00e9pisode biblique racont\u00e9 \u00e0 travers l\u2019art - Holyart.fr Blog","og_description":"Dans Le Christ dans la temp\u00eate sur la mer de Galil\u00e9e, Rembrandt exprime la n\u00e9cessit\u00e9 pour l\u2019homme de se confier \u00e0 l\u2019amour de Dieu et d\u2019y...","og_url":"https:\/\/blog.holyart.it\/fr\/articles-religieux\/tempete-sur-la-mer-de-galilee-un-episode-biblique-raconte-a-travers-lart\/","og_site_name":"Holyart.fr Blog","article_published_time":"2026-02-23T09:00:02+00:00","article_modified_time":"2026-04-28T08:34:05+00:00","og_image":[{"width":1000,"height":666,"url":"https:\/\/blog.holyart.it\/fr\/wp-content\/uploads\/sites\/14\/2026\/02\/Tempete-sur-la-mer-de-Galilee.jpg","type":"image\/jpeg"}],"author":"Redazione","twitter_card":"summary_large_image","twitter_misc":{"\u00c9crit par":"Redazione","Dur\u00e9e de lecture estim\u00e9e":"9 minutes"},"schema":{"@context":"https:\/\/schema.org","@graph":[{"@type":"Article","@id":"https:\/\/blog.holyart.it\/fr\/articles-religieux\/tempete-sur-la-mer-de-galilee-un-episode-biblique-raconte-a-travers-lart\/#article","isPartOf":{"@id":"https:\/\/blog.holyart.it\/fr\/articles-religieux\/tempete-sur-la-mer-de-galilee-un-episode-biblique-raconte-a-travers-lart\/"},"author":{"name":"Redazione","@id":"https:\/\/blog.holyart.it\/fr\/#\/schema\/person\/0a7b686e5af0f856ec1e390dd0baecda"},"headline":"Temp\u00eate sur la mer de Galil\u00e9e : un \u00e9pisode biblique racont\u00e9 \u00e0 travers l\u2019art","datePublished":"2026-02-23T09:00:02+00:00","dateModified":"2026-04-28T08:34:05+00:00","mainEntityOfPage":{"@id":"https:\/\/blog.holyart.it\/fr\/articles-religieux\/tempete-sur-la-mer-de-galilee-un-episode-biblique-raconte-a-travers-lart\/"},"wordCount":1658,"publisher":{"@id":"https:\/\/blog.holyart.it\/fr\/#organization"},"image":{"@id":"https:\/\/blog.holyart.it\/fr\/articles-religieux\/tempete-sur-la-mer-de-galilee-un-episode-biblique-raconte-a-travers-lart\/#primaryimage"},"thumbnailUrl":"https:\/\/blog.holyart.it\/fr\/wp-content\/uploads\/sites\/14\/2026\/02\/Tempete-sur-la-mer-de-Galilee.jpg","articleSection":["Religion"],"inLanguage":"fr-FR"},{"@type":"WebPage","@id":"https:\/\/blog.holyart.it\/fr\/articles-religieux\/tempete-sur-la-mer-de-galilee-un-episode-biblique-raconte-a-travers-lart\/","url":"https:\/\/blog.holyart.it\/fr\/articles-religieux\/tempete-sur-la-mer-de-galilee-un-episode-biblique-raconte-a-travers-lart\/","name":"Temp\u00eate sur la mer de Galil\u00e9e : un \u00e9pisode biblique racont\u00e9 \u00e0 travers l\u2019art - Holyart.fr Blog","isPartOf":{"@id":"https:\/\/blog.holyart.it\/fr\/#website"},"primaryImageOfPage":{"@id":"https:\/\/blog.holyart.it\/fr\/articles-religieux\/tempete-sur-la-mer-de-galilee-un-episode-biblique-raconte-a-travers-lart\/#primaryimage"},"image":{"@id":"https:\/\/blog.holyart.it\/fr\/articles-religieux\/tempete-sur-la-mer-de-galilee-un-episode-biblique-raconte-a-travers-lart\/#primaryimage"},"thumbnailUrl":"https:\/\/blog.holyart.it\/fr\/wp-content\/uploads\/sites\/14\/2026\/02\/Tempete-sur-la-mer-de-Galilee.jpg","datePublished":"2026-02-23T09:00:02+00:00","dateModified":"2026-04-28T08:34:05+00:00","description":"Dans Le Christ dans la temp\u00eate sur la mer de Galil\u00e9e, Rembrandt exprime la n\u00e9cessit\u00e9 pour l\u2019homme de se confier \u00e0 l\u2019amour de Dieu et d\u2019y...","breadcrumb":{"@id":"https:\/\/blog.holyart.it\/fr\/articles-religieux\/tempete-sur-la-mer-de-galilee-un-episode-biblique-raconte-a-travers-lart\/#breadcrumb"},"inLanguage":"fr-FR","potentialAction":[{"@type":"ReadAction","target":["https:\/\/blog.holyart.it\/fr\/articles-religieux\/tempete-sur-la-mer-de-galilee-un-episode-biblique-raconte-a-travers-lart\/"]}]},{"@type":"ImageObject","inLanguage":"fr-FR","@id":"https:\/\/blog.holyart.it\/fr\/articles-religieux\/tempete-sur-la-mer-de-galilee-un-episode-biblique-raconte-a-travers-lart\/#primaryimage","url":"https:\/\/blog.holyart.it\/fr\/wp-content\/uploads\/sites\/14\/2026\/02\/Tempete-sur-la-mer-de-Galilee.jpg","contentUrl":"https:\/\/blog.holyart.it\/fr\/wp-content\/uploads\/sites\/14\/2026\/02\/Tempete-sur-la-mer-de-Galilee.jpg","width":1000,"height":666,"caption":"Temp\u00eate sur la mer de Galil\u00e9e"},{"@type":"BreadcrumbList","@id":"https:\/\/blog.holyart.it\/fr\/articles-religieux\/tempete-sur-la-mer-de-galilee-un-episode-biblique-raconte-a-travers-lart\/#breadcrumb","itemListElement":[{"@type":"ListItem","position":1,"name":"Homepage","item":"https:\/\/blog.holyart.it\/fr\/"},{"@type":"ListItem","position":2,"name":"Religion","item":"https:\/\/blog.holyart.it\/fr\/articles-religieux\/"},{"@type":"ListItem","position":3,"name":"Temp\u00eate sur la mer de Galil\u00e9e : un \u00e9pisode biblique racont\u00e9 \u00e0 travers l\u2019art"}]},{"@type":"WebSite","@id":"https:\/\/blog.holyart.it\/fr\/#website","url":"https:\/\/blog.holyart.it\/fr\/","name":"Holyart.fr Blog","description":"Holyblog","publisher":{"@id":"https:\/\/blog.holyart.it\/fr\/#organization"},"potentialAction":[{"@type":"SearchAction","target":{"@type":"EntryPoint","urlTemplate":"https:\/\/blog.holyart.it\/fr\/?s={search_term_string}"},"query-input":{"@type":"PropertyValueSpecification","valueRequired":true,"valueName":"search_term_string"}}],"inLanguage":"fr-FR"},{"@type":"Organization","@id":"https:\/\/blog.holyart.it\/fr\/#organization","name":"Holyart.fr Blog","url":"https:\/\/blog.holyart.it\/fr\/","logo":{"@type":"ImageObject","inLanguage":"fr-FR","@id":"https:\/\/blog.holyart.it\/fr\/#\/schema\/logo\/image\/","url":"https:\/\/blog.holyart.it\/fr\/wp-content\/uploads\/sites\/14\/2022\/12\/Holyart_Blog_Logo.jpg","contentUrl":"https:\/\/blog.holyart.it\/fr\/wp-content\/uploads\/sites\/14\/2022\/12\/Holyart_Blog_Logo.jpg","width":300,"height":50,"caption":"Holyart.fr Blog"},"image":{"@id":"https:\/\/blog.holyart.it\/fr\/#\/schema\/logo\/image\/"}},{"@type":"Person","@id":"https:\/\/blog.holyart.it\/fr\/#\/schema\/person\/0a7b686e5af0f856ec1e390dd0baecda","name":"Redazione","image":{"@type":"ImageObject","inLanguage":"fr-FR","@id":"https:\/\/blog.holyart.it\/fr\/#\/schema\/person\/image\/","url":"https:\/\/secure.gravatar.com\/avatar\/f477da817f43e50d0af36abecd33e3edf826c68299714bdc1057dff3b113f516?s=96&d=mm&r=g","contentUrl":"https:\/\/secure.gravatar.com\/avatar\/f477da817f43e50d0af36abecd33e3edf826c68299714bdc1057dff3b113f516?s=96&d=mm&r=g","caption":"Redazione"},"url":"https:\/\/blog.holyart.it\/fr\/author\/admin\/"}]}},"_links":{"self":[{"href":"https:\/\/blog.holyart.it\/fr\/wp-json\/wp\/v2\/posts\/12060","targetHints":{"allow":["GET"]}}],"collection":[{"href":"https:\/\/blog.holyart.it\/fr\/wp-json\/wp\/v2\/posts"}],"about":[{"href":"https:\/\/blog.holyart.it\/fr\/wp-json\/wp\/v2\/types\/post"}],"author":[{"embeddable":true,"href":"https:\/\/blog.holyart.it\/fr\/wp-json\/wp\/v2\/users\/1"}],"replies":[{"embeddable":true,"href":"https:\/\/blog.holyart.it\/fr\/wp-json\/wp\/v2\/comments?post=12060"}],"version-history":[{"count":4,"href":"https:\/\/blog.holyart.it\/fr\/wp-json\/wp\/v2\/posts\/12060\/revisions"}],"predecessor-version":[{"id":12072,"href":"https:\/\/blog.holyart.it\/fr\/wp-json\/wp\/v2\/posts\/12060\/revisions\/12072"}],"wp:featuredmedia":[{"embeddable":true,"href":"https:\/\/blog.holyart.it\/fr\/wp-json\/wp\/v2\/media\/12070"}],"wp:attachment":[{"href":"https:\/\/blog.holyart.it\/fr\/wp-json\/wp\/v2\/media?parent=12060"}],"wp:term":[{"taxonomy":"category","embeddable":true,"href":"https:\/\/blog.holyart.it\/fr\/wp-json\/wp\/v2\/categories?post=12060"},{"taxonomy":"post_tag","embeddable":true,"href":"https:\/\/blog.holyart.it\/fr\/wp-json\/wp\/v2\/tags?post=12060"}],"curies":[{"name":"wp","href":"https:\/\/api.w.org\/{rel}","templated":true}]}}