{"id":12022,"date":"2026-02-18T10:00:34","date_gmt":"2026-02-18T09:00:34","guid":{"rendered":"https:\/\/blog.holyart.it\/fr\/?p=12022"},"modified":"2026-02-19T10:03:11","modified_gmt":"2026-02-19T09:03:11","slug":"guide-au-sacrement-de-reconciliation","status":"publish","type":"post","link":"https:\/\/blog.holyart.it\/fr\/articles-religieux\/guide-au-sacrement-de-reconciliation\/","title":{"rendered":"Guide au Sacrement de R\u00e9conciliation"},"content":{"rendered":"<h4><em>Explorons ensemble la profonde signification et l\u2019importance du Sacrement de R\u00e9conciliation dans la foi chr\u00e9tienne. Le r\u00f4le crucial du pr\u00eatre, l\u2019acte de contrition et l\u2019importance de la pr\u00e9paration pour cette rencontre sacramentelle qui am\u00e8ne avec soi le don du pardon et de la r\u00e9conciliation avec Dieu et avec le prochain.<\/em><\/h4>\n\n<p>Le <strong>Sacrement de R\u00e9conciliation<\/strong>, connu \u00e9galement comme Sacrement de p\u00e9nitence ou Sacrement de la confession, repr\u00e9sente un moment fondamental dans la vie spirituelle d\u2019un croyant catholique. Il s\u2019agit, en effet, du moment o\u00f9 il ou elle <strong>re\u00e7oit le pardon des p\u00e9ch\u00e9s<\/strong>, r\u00e9tablit la <strong>communion avec Dieu<\/strong> et avec <strong>ses fr\u00e8res et ses s\u0153urs<\/strong> dans la communaut\u00e9 chr\u00e9tienne et a la possibilit\u00e9 de <strong>renouveler son engagement<\/strong> dans une vie plus int\u00e8gre et sainte. Le moment de la confession religieuse am\u00e8ne avec soi la r\u00e9mission des p\u00e9ch\u00e9s et un sens de <a href=\"https:\/\/www.holyart.fr\/blog\/articles-religieux\/le-sacrement-de-la-premiere-confession-de-quoi-sagit-il-et-comment-se-deroule-t-il\/\"><strong><u>lib\u00e9ration et de r\u00e9conciliation avec Dieu<\/u><\/strong><\/a>. C\u2019est un moment de <strong>gr\u00e2ce et de renouvellement spirituel<\/strong>, qui renforce la relation du p\u00e9nitent avec Dieu et l\u2019encourage \u00e0 poursuivre une vie de vertu et de saintet\u00e9.<\/p>\n<div class=\"link-article\">\n<p><img loading=\"lazy\" decoding=\"async\" class=\"size-full wp-image-12034 alignleft\" src=\"https:\/\/blog.holyart.it\/fr\/wp-content\/uploads\/sites\/14\/2026\/02\/le-sacrement-de-Reconciliation.jpg\" alt=\"le sacrement de R\u00e9conciliation\" width=\"150\" height=\"99\" data-kale-share-title=\"Guide au Sacrement de R\u00e9conciliation\" data-kale-share-url=\"https:\/\/blog.holyart.it\/fr\/?p=12022\" \/><\/p>\n<div class=\"leggi-anche\">Lire aussi :<\/div>\n<p><strong><a href=\"https:\/\/www.holyart.fr\/blog\/articles-religieux\/le-sacrement-de-la-premiere-confession-de-quoi-sagit-il-et-comment-se-deroule-t-il\/\">Le sacrement de la Premi\u00e8re Confession : de quoi s\u2019agit-il et comment se d\u00e9roule-t-il<\/a><\/strong><br \/>\nLa Premi\u00e8re Confession est un moment fondamental pour la croissance spirituelle d\u2019un enfant&#8230;<\/p>\n<\/div>\n<h2>Qu\u2019est-ce qu\u2019est le sacrement de R\u00e9conciliation<\/h2>\n<p>Le Sacrement de R\u00e9conciliation est avant tout un acte d\u2019<strong>humilit\u00e9 et de repentance<\/strong>, qui nous permet de recevoir le pardon mis\u00e9ricordieux de Dieu et de l\u2019\u00c9glise pour nos p\u00e9ch\u00e9s, et devient ainsi la voie ordinaire pour obtenir la r\u00e9mission des p\u00e9ch\u00e9s graves commis <a href=\"https:\/\/www.holyart.fr\/blog\/occasions-speciales\/le-bapteme-le-sens-les-symboles-et-comment-lorganiser\/\"><strong><u>apr\u00e8s le Bapt\u00eame<\/u><\/strong><\/a>.<\/p>\n<p>Ce Sacrement n\u2019est pas seulement un acte formel, mais un v\u00e9ritable <strong>chemin de gr\u00e2ce et de conversion<\/strong>, une rencontre sp\u00e9ciale entre l\u2019amour infini de Dieu. \u00c0 travers cela, nous avons l\u2019opportunit\u00e9 de reconna\u00eetre humblement nos erreurs, de nous repentir de nos mauvaises actions et de demander le pardon divin. C\u2019est un moment d\u2019intime communion avec Dieu, o\u00f9 nous nous soumettons \u00e0 son jugement mis\u00e9ricordieux et nous nous en remettons \u00e0 sa compassion infinie. C\u2019est un moment de <strong>purification int\u00e9rieure et de renouvellement spirituel<\/strong>, o\u00f9 nous nous lib\u00e9rons du poids de nos p\u00e9ch\u00e9s et nous renon\u00e7ons au mal pour embrasser le bien.<\/p>\n<div class=\"link-article\">\n<p><img loading=\"lazy\" decoding=\"async\" class=\"size-full wp-image-12036 alignleft\" src=\"https:\/\/blog.holyart.it\/fr\/wp-content\/uploads\/sites\/14\/2026\/02\/Le-Bapteme-1-2.jpg\" alt=\"Le-Bapt\u00eame\" width=\"150\" height=\"99\" data-kale-share-title=\"Guide au Sacrement de R\u00e9conciliation\" data-kale-share-url=\"https:\/\/blog.holyart.it\/fr\/?p=12022\" \/><\/p>\n<div class=\"leggi-anche\">Lire aussi :<\/div>\n<p><strong><a href=\"https:\/\/www.holyart.fr\/blog\/occasions-speciales\/le-bapteme-le-sens-les-symboles-et-comment-lorganiser\/\">Le Bapt\u00eame : le sens, les symboles et comment l\u2019organiser<\/a><\/strong><br \/>\nLe bapt\u00eame est le premier des Sacrements, celui qui sanctionne la vraie naissance d\u2019un chr\u00e9tien.<\/p>\n<\/div>\n<p>Gr\u00e2ce au Sacrement de P\u00e9nitence et de R\u00e9conciliation, tout le monde a l\u2019<strong>opportunit\u00e9 de recommencer <\/strong>et de reprendre le chemin de la saintet\u00e9 et de la vie \u00e9ternelle lib\u00e9r\u00e9 de toute culpabilit\u00e9, conscient de la pr\u00e9sence aimante et mis\u00e9ricordieuse de Dieu dans nos vies.<\/p>\n<p>D\u00e9j\u00e0 dans la culture juive et dans l\u2019<strong>Ancien Testament<\/strong>, il existait le <strong>Jour de l\u2019Expiation<\/strong>. En ce jour, les fautes du peuple d\u2019Isra\u00ebl \u00e9taient confess\u00e9es, de mani\u00e8re g\u00e9n\u00e9rale, et on sacrifiait deux boucs, d\u00e9positaires symboliques de tous les p\u00e9ch\u00e9s, un au Temple de J\u00e9rusalem et l\u2019autre dans le d\u00e9sert.<\/p>\n<p>Avec l\u2019av\u00e8nement du <strong>Christianisme<\/strong>, l\u2019\u00c9glise enseignait qu\u2019\u00e0 travers le Bapt\u00eame les nouveaux convertis \u00e0 la foi catholique recevaient la r\u00e9mission de tous leurs p\u00e9ch\u00e9s pr\u00e9c\u00e9dents. Le Sacrement de P\u00e9nitence fut institu\u00e9 ensuite pour remettre les p\u00e9ch\u00e9s commis apr\u00e8s le <a href=\"https:\/\/www.holyart.fr\/occasions-speciales\/creche-de-paques\/scene-bapteme-de-jesus-dans-le-jourdain-9-cm\"><strong>Bapt\u00eame<\/strong><\/a>.<\/p>\n<p>Dans les premiers si\u00e8cles de l\u2019\u00c9glise, certains p\u00e9ch\u00e9s \u00e9taient consid\u00e9r\u00e9s si graves qu\u2019ils d\u00e9terminaient, pour qui les avait commis, non seulement l\u2019interdiction de l\u2019Eucharistie, mais aussi l\u2019exclusion de la communaut\u00e9 religieuse et humaine, jusqu\u2019\u00e0 ce que la faute n\u2019e\u00fbt pas \u00e9t\u00e9 expi\u00e9e avec je\u00fbnes et p\u00e9nitences. Nous parlons de fautes telles que l\u2019idol\u00e2trie, l\u2019homicide et l\u2019adult\u00e8re.<\/p>\n<div class=\"link-product\">\n<div class=\"blocco-immagine\"><img loading=\"lazy\" decoding=\"async\" class=\"size-full wp-image-12038 alignleft\" src=\"https:\/\/blog.holyart.it\/fr\/wp-content\/uploads\/sites\/14\/2026\/02\/Scene-Bapteme-de-Jesus-dans-le-Jourdain-9-cm-.jpg\" alt=\"Sc\u00e8ne Bapt\u00eame de J\u00e9sus dans le Jourdain 9 cm\" width=\"100\" height=\"100\" data-kale-share-title=\"Guide au Sacrement de R\u00e9conciliation\" data-kale-share-url=\"https:\/\/blog.holyart.it\/fr\/?p=12022\" \/><\/div>\n<div class=\"blocco-contenuto\">\n<div class=\"blocco-acquista\">Acheter sur Holyart:<\/div>\n<div class=\"blocco-titolo\"><a href=\"https:\/\/www.holyart.fr\/occasions-speciales\/creche-de-paques\/scene-bapteme-de-jesus-dans-le-jourdain-9-cm\">Sc\u00e8ne Bapt\u00eame de J\u00e9sus dans le Jourdain 9 cm<\/a><\/div>\n<div class=\"blocco-descrizione\">Santons pour repr\u00e9sentation d&rsquo;une sc\u00e8ne de la vie de Christ o\u00f9 J\u00e9sus re\u00e7oit son bapt\u00eame par Jean-Baptiste.<\/div>\n<\/div>\n<\/div>\n<p>Ensuite, autour du VIIe si\u00e8cle, l\u2019\u00c9glise introduisit la <strong><em>P\u00e9nitence tarif\u00e9e<\/em><\/strong>, qui comportait des rites d\u2019expiation d\u00e9roul\u00e9s de mani\u00e8re priv\u00e9e et non plus publique. La p\u00e9nitence changeait sur base de la nature et \u00e0 la gravit\u00e9 du p\u00e9ch\u00e9 confess\u00e9 et le pardon pouvait \u00eatre conc\u00e9d\u00e9 par un simple pr\u00eatre, non n\u00e9cessairement par l\u2019\u00c9v\u00eaque. Des livres p\u00e9nitentiels furent cr\u00e9\u00e9s, connus \u00e9galement comme \u00ab\u00a0tarif\u00e9s\u00a0\u00bb, qui \u00e9num\u00e9raient les modalit\u00e9s de p\u00e9nitence \u00e0 suivre pour chaque type de p\u00e9ch\u00e9.<\/p>\n<p>Au XIe si\u00e8cle, avec la r\u00e9forme gr\u00e9gorienne, les p\u00e9nitentiels furent abolis, remplac\u00e9s par les <strong><em>Summae Confessorum<\/em><\/strong>, qui fournissaient des indications sur comment r\u00e9\u00e9duquer le p\u00e9nitent \u00e0 travers la pratique de certaines vertus. Autour du XIIe si\u00e8cle, la<a href=\"https:\/\/www.holyart.fr\/blog\/articles-religieux\/indulgence-pleniere-signification-origines-et-comment-lobtenir\/\"> <strong><u>doctrine des indulgences<\/u><\/strong><\/a> permettait aux p\u00e9cheurs la r\u00e9mission partielle ou totale de la peine temporelle \u00e0 travers certaines pratiques spirituelles ou \u0153uvres de charit\u00e9. Cette m\u00e9thode se pr\u00eatait aux abus et \u00e0 la corruption, qui amen\u00e8rent \u00e0 de nouvelles r\u00e9formes en mati\u00e8re de confession et de p\u00e9nitence, surtout apr\u00e8s le <strong>Concile de Trente<\/strong>.<\/p>\n<p>La derni\u00e8re en ordre de temps remonte \u00e0 1984, l\u2019exhortation apostolique <strong><em>Reconciliatio et paenitentia<\/em><\/strong> \u00e9mise par Pape Jean-Paul II.<\/p>\n<div class=\"link-article\">\n<p><img loading=\"lazy\" decoding=\"async\" class=\"size-full wp-image-12040 alignleft\" src=\"https:\/\/blog.holyart.it\/fr\/wp-content\/uploads\/sites\/14\/2026\/02\/lindulgence-pleniere-.jpeg\" alt=\"l\u2019indulgence pl\u00e9ni\u00e8re \" width=\"150\" height=\"99\" data-kale-share-title=\"Guide au Sacrement de R\u00e9conciliation\" data-kale-share-url=\"https:\/\/blog.holyart.it\/fr\/?p=12022\" \/><\/p>\n<div class=\"leggi-anche\">Lire aussi :<\/div>\n<p><strong><a href=\"https:\/\/www.holyart.fr\/blog\/articles-religieux\/indulgence-pleniere-signification-origines-et-comment-lobtenir\/\">Indulgence pl\u00e9ni\u00e8re : signification, origines et comment l\u2019obtenir<\/a><\/strong><br \/>\nQu\u2019est-ce qu\u2019est l\u2019indulgence pl\u00e9ni\u00e8re ? Voici pourquoi Pape Fran\u00e7ois l\u2019a conc\u00e9d\u00e9e \u00e0 qui participe \u00e0 l\u2019Ann\u00e9e de Saint Joseph.<\/p>\n<\/div>\n<h2>Se pr\u00e9parer \u00e0 la confession<\/h2>\n<p>Le moment de la confession demande une certaine pr\u00e9paration et compr\u00e9hension des pas \u00e0 suivre. L\u2019<strong>examen de conscience <\/strong>est important dans la pr\u00e9paration \u00e0 la confession, puisqu\u2019il aide le p\u00e9nitent \u00e0 identifier les p\u00e9ch\u00e9s \u00e0 confesser. Cela peut inclure des <strong>p\u00e9ch\u00e9s d\u2019omission et de commission<\/strong>, <strong>p\u00e9ch\u00e9s contre Dieu<\/strong> ou <strong>contre le prochain<\/strong>, ainsi que des <strong>p\u00e9ch\u00e9s en pens\u00e9e, en parole et par action<\/strong>. Un guide pratique \u00e0 l\u2019examen de conscience peut \u00eatre utile pour s\u2019assurer de n\u2019oublier aucun p\u00e9ch\u00e9 \u00e0 confesser.<\/p>\n<p>La <a href=\"https:\/\/www.holyart.fr\/occasions-speciales\/cadeaux-pour-la-premiere-confession\"><strong>Premi\u00e8re Confession<\/strong><\/a> pr\u00e9c\u00e8de la Premi\u00e8re Communion et est un moment tr\u00e8s significatif dans la vie d\u2019un jeune croyant catholique. Il est important que les jeunes soient pr\u00e9par\u00e9s de mani\u00e8re ad\u00e9quate \u00e0 ce Sacrement, qu\u2019ils apprennent \u00e0 r\u00e9fl\u00e9chir \u00e0 leurs p\u00e9ch\u00e9s, en se repentant sinc\u00e8rement et en \u00e9vitant d\u2019en commettre dans le futur. Surtout, ils devront \u00eatre conscients que, pour la premi\u00e8re fois, ils pourront exp\u00e9rimenter l\u2019immensit\u00e9 de l\u2019<strong>amour et du pardon de Dieu<\/strong>. Pour cette raison, il est important d\u2019<strong><u>expliquer la confession aux enfants<\/u><\/strong>. La pr\u00e9paration peut inclure la r\u00e9flexion, examens de conscience et la confrontation avec son guide spirituel.<\/p>\n<div class=\"link-article\">\n<p><img loading=\"lazy\" decoding=\"async\" class=\"size-full wp-image-12042 alignleft\" src=\"https:\/\/blog.holyart.it\/fr\/wp-content\/uploads\/sites\/14\/2026\/02\/Comment-expliquer-la-confession-a-votre-enfant.jpg\" alt=\"Comment expliquer la confession \u00e0 votre enfant\" width=\"150\" height=\"99\" data-kale-share-title=\"Guide au Sacrement de R\u00e9conciliation\" data-kale-share-url=\"https:\/\/blog.holyart.it\/fr\/?p=12022\" \/><\/p>\n<div class=\"leggi-anche\">Lire aussi :<\/div>\n<p><strong><a href=\"https:\/\/www.holyart.fr\/blog\/articles-religieux\/expliquer-confession-a-enfant\/\">Comment expliquer la confession \u00e0 votre enfant<\/a><\/strong><br \/>\nIl n\u2019est pas facile d\u2019expliquer \u00e0 un enfant ce qu\u2019est la Confession. Ce n\u2019est pas facile parce qu\u2019il n\u2019est pas facile d\u2019expliquer&#8230;<\/p>\n<\/div>\n<h2>Comment se confesser<\/h2>\n<p>Apr\u00e8s \u00eatre entr\u00e9 dans le confessionnal et avoir salu\u00e9 le pr\u00eatre, le p\u00e9nitent peut commencer en exposant ses p\u00e9ch\u00e9s de mani\u00e8re sinc\u00e8re et exhaustive. Le pr\u00eatre, <strong>en agissant en tant qu\u2019interm\u00e9diaire de Dieu<\/strong>, offre des conseils spirituels et accorde l\u2019<strong>absolution sacramentelle<\/strong>.<\/p>\n<p>J\u00e9sus a confi\u00e9 aux <a href=\"https:\/\/www.holyart.fr\/blog\/saints-et-bienheureux\/a-decouvrir-qui-etaient-les-12-apotres-et-la-difference-entre-apotres-et-disciples\/\"><strong><u>ap\u00f4tres<\/u><\/strong> <\/a>et \u00e0 leurs successeurs la t\u00e2che et la facult\u00e9 d\u2019agir comme interm\u00e9diaires dans le minist\u00e8re de la R\u00e9conciliation. Le pr\u00eatre agit comme <strong>instrument de Dieu<\/strong> dans le Sacrement de R\u00e9conciliation, en transmettant la mis\u00e9ricorde et le pardon divin au p\u00e9nitent et en l\u2019aidant \u00e0 exp\u00e9rimenter la joie et la libert\u00e9 qui d\u00e9rivent de la r\u00e9conciliation avec Dieu et avec la communaut\u00e9 eccl\u00e9siale. Son r\u00f4le est fondamental et se manifeste \u00e0 diff\u00e9rentes phases du Sacrement m\u00eame.<\/p>\n<div class=\"link-article\">\n<p><img loading=\"lazy\" decoding=\"async\" class=\"size-full wp-image-12044 alignleft\" src=\"https:\/\/blog.holyart.it\/fr\/wp-content\/uploads\/sites\/14\/2026\/02\/les-12-apotres-1.jpeg\" alt=\"les 12 ap\u00f4tres\" width=\"150\" height=\"99\" data-kale-share-title=\"Guide au Sacrement de R\u00e9conciliation\" data-kale-share-url=\"https:\/\/blog.holyart.it\/fr\/?p=12022\" \/><\/p>\n<div class=\"leggi-anche\">Lire aussi :<\/div>\n<p><strong><a href=\"https:\/\/www.holyart.fr\/blog\/saints-et-bienheureux\/a-decouvrir-qui-etaient-les-12-apotres-et-la-difference-entre-apotres-et-disciples\/\">\u00c0 d\u00e9couvrir : qui \u00e9taient les 12 ap\u00f4tres et la diff\u00e9rence entre ap\u00f4tres et disciples<\/a><\/strong><br \/>\nQui \u00e9taient les 12 ap\u00f4tres, compagnons de J\u00e9sus pendant la br\u00e8ve dur\u00e9e de sa mission, ayant re\u00e7u de Lui&#8230;<\/p>\n<\/div>\n<p>Le pr\u00eatre accueille le p\u00e9nitent avec <strong>amour et respect<\/strong>, en cr\u00e9ant une ambiance de confiance et sinc\u00e9rit\u00e9. Il \u00e9coute avec patience et compassion la confession des p\u00e9ch\u00e9s, en montrant compr\u00e9hension pour les difficult\u00e9s et les d\u00e9fis que le p\u00e9nitent peut avoir affront\u00e9. Il le guide dans la reconnaissance de ses p\u00e9ch\u00e9s et dans la r\u00e9flexion sur sa vie spirituelle. Il offre conseils spirituels et pratiques pour aider le p\u00e9nitent \u00e0 surmonter ses faiblesses et \u00e0 vivre une vie plus conforme \u00e0 l\u2019\u00c9vangile.<\/p>\n<p>Apr\u00e8s que le p\u00e9nitent a confess\u00e9 ses p\u00e9ch\u00e9s et manifest\u00e9 une repentance sinc\u00e8re, le pr\u00eatre <strong>prononce les mots de l\u2019absolution<\/strong>, \u00e0 travers lesquels Dieu pardonne les p\u00e9ch\u00e9s et r\u00e9tablit la communion avec le p\u00e9nitent. Cet acte de mis\u00e9ricorde est un signe tangible de l\u2019amour infini de Dieu pour chacun.<\/p>\n<p>Enfin, apr\u00e8s avoir accord\u00e9 l\u2019absolution, le pr\u00eatre offre des <strong>mots de r\u00e9confort et de soutien<\/strong> au p\u00e9nitent, en l\u2019encourageant dans son chemin de conversion et de sanctification. Il l\u2019exhorte \u00e0 vivre une vie d\u2019amour et de fid\u00e9lit\u00e9 \u00e0 Dieu et aux autres, en promettant sa pri\u00e8re et son soutient spirituel.<\/p>\n<h2>Pri\u00e8re apr\u00e8s la confession<\/h2>\n<p>Apr\u00e8s avoir re\u00e7u l\u2019absolution et le pardon des p\u00e9ch\u00e9s, il est important de s\u2019accorder un instant pour <strong>remercier Dieu pour sa mis\u00e9ricorde<\/strong> et pour r\u00e9fl\u00e9chir \u00e0 son engagement \u00e0 vivre une vie de saintet\u00e9. Beaucoup de personnes choisissent de r\u00e9citer une pri\u00e8re apr\u00e8s la confession, comme l\u2019<strong>Acte de Contrition <\/strong>ou le <a href=\"https:\/\/www.holyart.fr\/bijoux-religieux\/bagues-religieuses\/bagues-de-priere\/bague-notre-pere-argent-925-zircons-blancs\"><strong>Notre P\u00e8re<\/strong><\/a>, pour exprimer sa gratitude et renouveler son engagement vers Dieu.<\/p>\n<div class=\"link-product\">\n<div class=\"blocco-immagine\"><img loading=\"lazy\" decoding=\"async\" class=\"size-full wp-image-12046 alignleft\" src=\"https:\/\/blog.holyart.it\/fr\/wp-content\/uploads\/sites\/14\/2026\/02\/bague-notre-pere-argent-925-zircons-blancs.jpg\" alt=\"bague-notre-pere-argent-925-zircons-blancs\" width=\"100\" height=\"100\" data-kale-share-title=\"Guide au Sacrement de R\u00e9conciliation\" data-kale-share-url=\"https:\/\/blog.holyart.it\/fr\/?p=12022\" \/><\/div>\n<div class=\"blocco-contenuto\">\n<div class=\"blocco-acquista\">Acheter sur Holyart:<\/div>\n<div class=\"blocco-titolo\"><a href=\"https:\/\/www.holyart.fr\/bijoux-religieux\/bagues-religieuses\/bagues-de-priere\/bague-notre-pere-argent-925-zircons-blancs\">Bague Notre P\u00e8re argent 925 zircons blancs<\/a><\/div>\n<div class=\"blocco-descrizione\">Bague Notre P\u00e8re argent 925 zircons blancs. Bague d\u00e9di\u00e9e \u00e0 Notre P\u00e8re avec surface effet mailles et ses initiales en relief<\/div>\n<\/div>\n<\/div>\n<p>L\u2019<strong>Acte de Contrition<\/strong>, ou <strong><em>Actus Contritionis<\/em><\/strong>, est souvent r\u00e9cit\u00e9 pendant le Sacrement de R\u00e9conciliation, avant l\u2019absolution.<\/p>\n<p>Cette pri\u00e8re est un moment intime et personnel o\u00f9 le fid\u00e8le exprime face \u00e0 Dieu sa <strong>repentance sinc\u00e8re<\/strong> pour ses actions peccamineuses. \u00c0 travers l\u2019Acte de Contrition, le <strong>p\u00e9nitent reconna\u00eet l\u2019offense inflig\u00e9e \u00e0 Dieu et au prochain<\/strong> \u00e0 cause de ses p\u00e9ch\u00e9s et manifeste le souhait de changer sa vie, d\u2019abandonner le mal et de suivre le chemin de la vertu.<\/p>\n<p>L\u2019acte de contrition refl\u00e8te la <strong>conscience du p\u00e9cheur de sa fragilit\u00e9<\/strong> et de la n\u00e9cessit\u00e9 d\u2019avoir recours \u00e0 la mis\u00e9ricorde divine afin d\u2019obtenir le pardon et la r\u00e9conciliation et pr\u00e9pare le c\u0153ur du p\u00e9nitent pour recevoir l\u2019absolution sacramentelle et pour exp\u00e9rimenter la lib\u00e9ration et la paix int\u00e9rieure qui d\u00e9rivent du pardon de Dieu.<\/p>\n<p>Voici comme le r\u00e9citer :<\/p>\n<p><em>Mon Dieu, j\u2019ai un tr\u00e8s grand regret de Vous avoir offens\u00e9 parce que Vous \u00eates infiniment bon, infiniment aimable et que le p\u00e9ch\u00e9 Vous d\u00e9pla\u00eet. Je prends la ferme r\u00e9solution, avec le secours de Votre sainte gr\u00e2ce, de ne plus Vous offenser et de faire p\u00e9nitence. Amen.<\/em><\/p>\n","protected":false},"excerpt":{"rendered":"<p>Explorons ensemble la profonde signification et l\u2019importance du Sacrement de R\u00e9conciliation dans la foi chr\u00e9tienne. Le r\u00f4le crucial du pr\u00eatre, l\u2019acte de contrition et l\u2019importance de la pr\u00e9paration pour cette rencontre sacramentelle qui am\u00e8ne avec soi le don du pardon et de la r\u00e9conciliation avec&hellip;<\/p>\n","protected":false},"author":1,"featured_media":12023,"comment_status":"closed","ping_status":"open","sticky":false,"template":"","format":"standard","meta":{"_acf_changed":false,"footnotes":""},"categories":[8],"tags":[],"class_list":["post-12022","post","type-post","status-publish","format-standard","has-post-thumbnail","hentry","category-articles-religieux"],"acf":[],"yoast_head":"<!-- This site is optimized with the Yoast SEO plugin v26.6 - https:\/\/yoast.com\/wordpress\/plugins\/seo\/ -->\n<title>Guide au Sacrement de R\u00e9conciliation - Holyart.fr Blog<\/title>\n<meta name=\"description\" content=\"Le Sacrement de la R\u00e9conciliation est une pratique de grande valeur spirituelle. Le r\u00f4le du pr\u00eatre et la pr\u00e9paration \u00e0 cette ren\" \/>\n<meta name=\"robots\" content=\"index, follow, max-snippet:-1, max-image-preview:large, max-video-preview:-1\" \/>\n<link rel=\"canonical\" href=\"https:\/\/blog.holyart.it\/fr\/articles-religieux\/guide-au-sacrement-de-reconciliation\/\" \/>\n<meta property=\"og:locale\" content=\"fr_FR\" \/>\n<meta property=\"og:type\" content=\"article\" \/>\n<meta property=\"og:title\" content=\"Guide au Sacrement de R\u00e9conciliation - Holyart.fr Blog\" \/>\n<meta property=\"og:description\" content=\"Le Sacrement de la R\u00e9conciliation est une pratique de grande valeur spirituelle. Le r\u00f4le du pr\u00eatre et la pr\u00e9paration \u00e0 cette ren\" \/>\n<meta property=\"og:url\" content=\"https:\/\/blog.holyart.it\/fr\/articles-religieux\/guide-au-sacrement-de-reconciliation\/\" \/>\n<meta property=\"og:site_name\" content=\"Holyart.fr Blog\" \/>\n<meta property=\"article:published_time\" content=\"2026-02-18T09:00:34+00:00\" \/>\n<meta property=\"article:modified_time\" content=\"2026-02-19T09:03:11+00:00\" \/>\n<meta property=\"og:image\" content=\"https:\/\/blog.holyart.it\/fr\/wp-content\/uploads\/sites\/14\/2026\/02\/Sacrement-de-Reconciliation.jpeg\" \/>\n\t<meta property=\"og:image:width\" content=\"1000\" \/>\n\t<meta property=\"og:image:height\" content=\"666\" \/>\n\t<meta property=\"og:image:type\" content=\"image\/jpeg\" \/>\n<meta name=\"author\" content=\"Redazione\" \/>\n<meta name=\"twitter:card\" content=\"summary_large_image\" \/>\n<meta name=\"twitter:label1\" content=\"\u00c9crit par\" \/>\n\t<meta name=\"twitter:data1\" content=\"Redazione\" \/>\n\t<meta name=\"twitter:label2\" content=\"Dur\u00e9e de lecture estim\u00e9e\" \/>\n\t<meta name=\"twitter:data2\" content=\"11 minutes\" \/>\n<script type=\"application\/ld+json\" class=\"yoast-schema-graph\">{\"@context\":\"https:\/\/schema.org\",\"@graph\":[{\"@type\":\"Article\",\"@id\":\"https:\/\/blog.holyart.it\/fr\/articles-religieux\/guide-au-sacrement-de-reconciliation\/#article\",\"isPartOf\":{\"@id\":\"https:\/\/blog.holyart.it\/fr\/articles-religieux\/guide-au-sacrement-de-reconciliation\/\"},\"author\":{\"name\":\"Redazione\",\"@id\":\"https:\/\/blog.holyart.it\/fr\/#\/schema\/person\/0a7b686e5af0f856ec1e390dd0baecda\"},\"headline\":\"Guide au Sacrement de R\u00e9conciliation\",\"datePublished\":\"2026-02-18T09:00:34+00:00\",\"dateModified\":\"2026-02-19T09:03:11+00:00\",\"mainEntityOfPage\":{\"@id\":\"https:\/\/blog.holyart.it\/fr\/articles-religieux\/guide-au-sacrement-de-reconciliation\/\"},\"wordCount\":1986,\"publisher\":{\"@id\":\"https:\/\/blog.holyart.it\/fr\/#organization\"},\"image\":{\"@id\":\"https:\/\/blog.holyart.it\/fr\/articles-religieux\/guide-au-sacrement-de-reconciliation\/#primaryimage\"},\"thumbnailUrl\":\"https:\/\/blog.holyart.it\/fr\/wp-content\/uploads\/sites\/14\/2026\/02\/Sacrement-de-Reconciliation.jpeg\",\"articleSection\":[\"Religion\"],\"inLanguage\":\"fr-FR\"},{\"@type\":\"WebPage\",\"@id\":\"https:\/\/blog.holyart.it\/fr\/articles-religieux\/guide-au-sacrement-de-reconciliation\/\",\"url\":\"https:\/\/blog.holyart.it\/fr\/articles-religieux\/guide-au-sacrement-de-reconciliation\/\",\"name\":\"Guide au Sacrement de R\u00e9conciliation - Holyart.fr Blog\",\"isPartOf\":{\"@id\":\"https:\/\/blog.holyart.it\/fr\/#website\"},\"primaryImageOfPage\":{\"@id\":\"https:\/\/blog.holyart.it\/fr\/articles-religieux\/guide-au-sacrement-de-reconciliation\/#primaryimage\"},\"image\":{\"@id\":\"https:\/\/blog.holyart.it\/fr\/articles-religieux\/guide-au-sacrement-de-reconciliation\/#primaryimage\"},\"thumbnailUrl\":\"https:\/\/blog.holyart.it\/fr\/wp-content\/uploads\/sites\/14\/2026\/02\/Sacrement-de-Reconciliation.jpeg\",\"datePublished\":\"2026-02-18T09:00:34+00:00\",\"dateModified\":\"2026-02-19T09:03:11+00:00\",\"description\":\"Le Sacrement de la R\u00e9conciliation est une pratique de grande valeur spirituelle. Le r\u00f4le du pr\u00eatre et la pr\u00e9paration \u00e0 cette ren\",\"breadcrumb\":{\"@id\":\"https:\/\/blog.holyart.it\/fr\/articles-religieux\/guide-au-sacrement-de-reconciliation\/#breadcrumb\"},\"inLanguage\":\"fr-FR\",\"potentialAction\":[{\"@type\":\"ReadAction\",\"target\":[\"https:\/\/blog.holyart.it\/fr\/articles-religieux\/guide-au-sacrement-de-reconciliation\/\"]}]},{\"@type\":\"ImageObject\",\"inLanguage\":\"fr-FR\",\"@id\":\"https:\/\/blog.holyart.it\/fr\/articles-religieux\/guide-au-sacrement-de-reconciliation\/#primaryimage\",\"url\":\"https:\/\/blog.holyart.it\/fr\/wp-content\/uploads\/sites\/14\/2026\/02\/Sacrement-de-Reconciliation.jpeg\",\"contentUrl\":\"https:\/\/blog.holyart.it\/fr\/wp-content\/uploads\/sites\/14\/2026\/02\/Sacrement-de-Reconciliation.jpeg\",\"width\":1000,\"height\":666,\"caption\":\"Purple stole with cross lightened by rays of light falling into a confessional.\"},{\"@type\":\"BreadcrumbList\",\"@id\":\"https:\/\/blog.holyart.it\/fr\/articles-religieux\/guide-au-sacrement-de-reconciliation\/#breadcrumb\",\"itemListElement\":[{\"@type\":\"ListItem\",\"position\":1,\"name\":\"Homepage\",\"item\":\"https:\/\/blog.holyart.it\/fr\/\"},{\"@type\":\"ListItem\",\"position\":2,\"name\":\"Religion\",\"item\":\"https:\/\/blog.holyart.it\/fr\/articles-religieux\/\"},{\"@type\":\"ListItem\",\"position\":3,\"name\":\"Guide au Sacrement de R\u00e9conciliation\"}]},{\"@type\":\"WebSite\",\"@id\":\"https:\/\/blog.holyart.it\/fr\/#website\",\"url\":\"https:\/\/blog.holyart.it\/fr\/\",\"name\":\"Holyart.fr Blog\",\"description\":\"Holyblog\",\"publisher\":{\"@id\":\"https:\/\/blog.holyart.it\/fr\/#organization\"},\"potentialAction\":[{\"@type\":\"SearchAction\",\"target\":{\"@type\":\"EntryPoint\",\"urlTemplate\":\"https:\/\/blog.holyart.it\/fr\/?s={search_term_string}\"},\"query-input\":{\"@type\":\"PropertyValueSpecification\",\"valueRequired\":true,\"valueName\":\"search_term_string\"}}],\"inLanguage\":\"fr-FR\"},{\"@type\":\"Organization\",\"@id\":\"https:\/\/blog.holyart.it\/fr\/#organization\",\"name\":\"Holyart.fr Blog\",\"url\":\"https:\/\/blog.holyart.it\/fr\/\",\"logo\":{\"@type\":\"ImageObject\",\"inLanguage\":\"fr-FR\",\"@id\":\"https:\/\/blog.holyart.it\/fr\/#\/schema\/logo\/image\/\",\"url\":\"https:\/\/blog.holyart.it\/fr\/wp-content\/uploads\/sites\/14\/2022\/12\/Holyart_Blog_Logo.jpg\",\"contentUrl\":\"https:\/\/blog.holyart.it\/fr\/wp-content\/uploads\/sites\/14\/2022\/12\/Holyart_Blog_Logo.jpg\",\"width\":300,\"height\":50,\"caption\":\"Holyart.fr Blog\"},\"image\":{\"@id\":\"https:\/\/blog.holyart.it\/fr\/#\/schema\/logo\/image\/\"}},{\"@type\":\"Person\",\"@id\":\"https:\/\/blog.holyart.it\/fr\/#\/schema\/person\/0a7b686e5af0f856ec1e390dd0baecda\",\"name\":\"Redazione\",\"image\":{\"@type\":\"ImageObject\",\"inLanguage\":\"fr-FR\",\"@id\":\"https:\/\/blog.holyart.it\/fr\/#\/schema\/person\/image\/\",\"url\":\"https:\/\/secure.gravatar.com\/avatar\/f477da817f43e50d0af36abecd33e3edf826c68299714bdc1057dff3b113f516?s=96&d=mm&r=g\",\"contentUrl\":\"https:\/\/secure.gravatar.com\/avatar\/f477da817f43e50d0af36abecd33e3edf826c68299714bdc1057dff3b113f516?s=96&d=mm&r=g\",\"caption\":\"Redazione\"},\"url\":\"https:\/\/blog.holyart.it\/fr\/author\/admin\/\"}]}<\/script>\n<!-- \/ Yoast SEO plugin. -->","yoast_head_json":{"title":"Guide au Sacrement de R\u00e9conciliation - Holyart.fr Blog","description":"Le Sacrement de la R\u00e9conciliation est une pratique de grande valeur spirituelle. Le r\u00f4le du pr\u00eatre et la pr\u00e9paration \u00e0 cette ren","robots":{"index":"index","follow":"follow","max-snippet":"max-snippet:-1","max-image-preview":"max-image-preview:large","max-video-preview":"max-video-preview:-1"},"canonical":"https:\/\/blog.holyart.it\/fr\/articles-religieux\/guide-au-sacrement-de-reconciliation\/","og_locale":"fr_FR","og_type":"article","og_title":"Guide au Sacrement de R\u00e9conciliation - Holyart.fr Blog","og_description":"Le Sacrement de la R\u00e9conciliation est une pratique de grande valeur spirituelle. Le r\u00f4le du pr\u00eatre et la pr\u00e9paration \u00e0 cette ren","og_url":"https:\/\/blog.holyart.it\/fr\/articles-religieux\/guide-au-sacrement-de-reconciliation\/","og_site_name":"Holyart.fr Blog","article_published_time":"2026-02-18T09:00:34+00:00","article_modified_time":"2026-02-19T09:03:11+00:00","og_image":[{"width":1000,"height":666,"url":"https:\/\/blog.holyart.it\/fr\/wp-content\/uploads\/sites\/14\/2026\/02\/Sacrement-de-Reconciliation.jpeg","type":"image\/jpeg"}],"author":"Redazione","twitter_card":"summary_large_image","twitter_misc":{"\u00c9crit par":"Redazione","Dur\u00e9e de lecture estim\u00e9e":"11 minutes"},"schema":{"@context":"https:\/\/schema.org","@graph":[{"@type":"Article","@id":"https:\/\/blog.holyart.it\/fr\/articles-religieux\/guide-au-sacrement-de-reconciliation\/#article","isPartOf":{"@id":"https:\/\/blog.holyart.it\/fr\/articles-religieux\/guide-au-sacrement-de-reconciliation\/"},"author":{"name":"Redazione","@id":"https:\/\/blog.holyart.it\/fr\/#\/schema\/person\/0a7b686e5af0f856ec1e390dd0baecda"},"headline":"Guide au Sacrement de R\u00e9conciliation","datePublished":"2026-02-18T09:00:34+00:00","dateModified":"2026-02-19T09:03:11+00:00","mainEntityOfPage":{"@id":"https:\/\/blog.holyart.it\/fr\/articles-religieux\/guide-au-sacrement-de-reconciliation\/"},"wordCount":1986,"publisher":{"@id":"https:\/\/blog.holyart.it\/fr\/#organization"},"image":{"@id":"https:\/\/blog.holyart.it\/fr\/articles-religieux\/guide-au-sacrement-de-reconciliation\/#primaryimage"},"thumbnailUrl":"https:\/\/blog.holyart.it\/fr\/wp-content\/uploads\/sites\/14\/2026\/02\/Sacrement-de-Reconciliation.jpeg","articleSection":["Religion"],"inLanguage":"fr-FR"},{"@type":"WebPage","@id":"https:\/\/blog.holyart.it\/fr\/articles-religieux\/guide-au-sacrement-de-reconciliation\/","url":"https:\/\/blog.holyart.it\/fr\/articles-religieux\/guide-au-sacrement-de-reconciliation\/","name":"Guide au Sacrement de R\u00e9conciliation - Holyart.fr Blog","isPartOf":{"@id":"https:\/\/blog.holyart.it\/fr\/#website"},"primaryImageOfPage":{"@id":"https:\/\/blog.holyart.it\/fr\/articles-religieux\/guide-au-sacrement-de-reconciliation\/#primaryimage"},"image":{"@id":"https:\/\/blog.holyart.it\/fr\/articles-religieux\/guide-au-sacrement-de-reconciliation\/#primaryimage"},"thumbnailUrl":"https:\/\/blog.holyart.it\/fr\/wp-content\/uploads\/sites\/14\/2026\/02\/Sacrement-de-Reconciliation.jpeg","datePublished":"2026-02-18T09:00:34+00:00","dateModified":"2026-02-19T09:03:11+00:00","description":"Le Sacrement de la R\u00e9conciliation est une pratique de grande valeur spirituelle. Le r\u00f4le du pr\u00eatre et la pr\u00e9paration \u00e0 cette ren","breadcrumb":{"@id":"https:\/\/blog.holyart.it\/fr\/articles-religieux\/guide-au-sacrement-de-reconciliation\/#breadcrumb"},"inLanguage":"fr-FR","potentialAction":[{"@type":"ReadAction","target":["https:\/\/blog.holyart.it\/fr\/articles-religieux\/guide-au-sacrement-de-reconciliation\/"]}]},{"@type":"ImageObject","inLanguage":"fr-FR","@id":"https:\/\/blog.holyart.it\/fr\/articles-religieux\/guide-au-sacrement-de-reconciliation\/#primaryimage","url":"https:\/\/blog.holyart.it\/fr\/wp-content\/uploads\/sites\/14\/2026\/02\/Sacrement-de-Reconciliation.jpeg","contentUrl":"https:\/\/blog.holyart.it\/fr\/wp-content\/uploads\/sites\/14\/2026\/02\/Sacrement-de-Reconciliation.jpeg","width":1000,"height":666,"caption":"Purple stole with cross lightened by rays of light falling into a confessional."},{"@type":"BreadcrumbList","@id":"https:\/\/blog.holyart.it\/fr\/articles-religieux\/guide-au-sacrement-de-reconciliation\/#breadcrumb","itemListElement":[{"@type":"ListItem","position":1,"name":"Homepage","item":"https:\/\/blog.holyart.it\/fr\/"},{"@type":"ListItem","position":2,"name":"Religion","item":"https:\/\/blog.holyart.it\/fr\/articles-religieux\/"},{"@type":"ListItem","position":3,"name":"Guide au Sacrement de R\u00e9conciliation"}]},{"@type":"WebSite","@id":"https:\/\/blog.holyart.it\/fr\/#website","url":"https:\/\/blog.holyart.it\/fr\/","name":"Holyart.fr Blog","description":"Holyblog","publisher":{"@id":"https:\/\/blog.holyart.it\/fr\/#organization"},"potentialAction":[{"@type":"SearchAction","target":{"@type":"EntryPoint","urlTemplate":"https:\/\/blog.holyart.it\/fr\/?s={search_term_string}"},"query-input":{"@type":"PropertyValueSpecification","valueRequired":true,"valueName":"search_term_string"}}],"inLanguage":"fr-FR"},{"@type":"Organization","@id":"https:\/\/blog.holyart.it\/fr\/#organization","name":"Holyart.fr Blog","url":"https:\/\/blog.holyart.it\/fr\/","logo":{"@type":"ImageObject","inLanguage":"fr-FR","@id":"https:\/\/blog.holyart.it\/fr\/#\/schema\/logo\/image\/","url":"https:\/\/blog.holyart.it\/fr\/wp-content\/uploads\/sites\/14\/2022\/12\/Holyart_Blog_Logo.jpg","contentUrl":"https:\/\/blog.holyart.it\/fr\/wp-content\/uploads\/sites\/14\/2022\/12\/Holyart_Blog_Logo.jpg","width":300,"height":50,"caption":"Holyart.fr Blog"},"image":{"@id":"https:\/\/blog.holyart.it\/fr\/#\/schema\/logo\/image\/"}},{"@type":"Person","@id":"https:\/\/blog.holyart.it\/fr\/#\/schema\/person\/0a7b686e5af0f856ec1e390dd0baecda","name":"Redazione","image":{"@type":"ImageObject","inLanguage":"fr-FR","@id":"https:\/\/blog.holyart.it\/fr\/#\/schema\/person\/image\/","url":"https:\/\/secure.gravatar.com\/avatar\/f477da817f43e50d0af36abecd33e3edf826c68299714bdc1057dff3b113f516?s=96&d=mm&r=g","contentUrl":"https:\/\/secure.gravatar.com\/avatar\/f477da817f43e50d0af36abecd33e3edf826c68299714bdc1057dff3b113f516?s=96&d=mm&r=g","caption":"Redazione"},"url":"https:\/\/blog.holyart.it\/fr\/author\/admin\/"}]}},"_links":{"self":[{"href":"https:\/\/blog.holyart.it\/fr\/wp-json\/wp\/v2\/posts\/12022","targetHints":{"allow":["GET"]}}],"collection":[{"href":"https:\/\/blog.holyart.it\/fr\/wp-json\/wp\/v2\/posts"}],"about":[{"href":"https:\/\/blog.holyart.it\/fr\/wp-json\/wp\/v2\/types\/post"}],"author":[{"embeddable":true,"href":"https:\/\/blog.holyart.it\/fr\/wp-json\/wp\/v2\/users\/1"}],"replies":[{"embeddable":true,"href":"https:\/\/blog.holyart.it\/fr\/wp-json\/wp\/v2\/comments?post=12022"}],"version-history":[{"count":14,"href":"https:\/\/blog.holyart.it\/fr\/wp-json\/wp\/v2\/posts\/12022\/revisions"}],"predecessor-version":[{"id":12089,"href":"https:\/\/blog.holyart.it\/fr\/wp-json\/wp\/v2\/posts\/12022\/revisions\/12089"}],"wp:featuredmedia":[{"embeddable":true,"href":"https:\/\/blog.holyart.it\/fr\/wp-json\/wp\/v2\/media\/12023"}],"wp:attachment":[{"href":"https:\/\/blog.holyart.it\/fr\/wp-json\/wp\/v2\/media?parent=12022"}],"wp:term":[{"taxonomy":"category","embeddable":true,"href":"https:\/\/blog.holyart.it\/fr\/wp-json\/wp\/v2\/categories?post=12022"},{"taxonomy":"post_tag","embeddable":true,"href":"https:\/\/blog.holyart.it\/fr\/wp-json\/wp\/v2\/tags?post=12022"}],"curies":[{"name":"wp","href":"https:\/\/api.w.org\/{rel}","templated":true}]}}