{"id":1202,"date":"2018-10-02T13:59:24","date_gmt":"2018-10-02T11:59:24","guid":{"rendered":"https:\/\/blog.holyart.it\/fr\/?p=1202"},"modified":"2019-03-28T11:38:22","modified_gmt":"2019-03-28T10:38:22","slug":"limportance-dun-fond-larriere-plan-de-creche","status":"publish","type":"post","link":"https:\/\/blog.holyart.it\/fr\/noel\/limportance-dun-fond-larriere-plan-de-creche\/","title":{"rendered":"L&rsquo;importance d\u2019un bon fond pour l\u2019arri\u00e8re-plan de votre cr\u00e8che"},"content":{"rendered":"<p>La <strong>cr\u00e9ation de la cr\u00e8che<\/strong> est un moment de grande cr\u00e9ativit\u00e9 qui met \u00e0 l\u2019\u00e9preuve l\u2019imagination et la capacit\u00e9 de projection de celui qui la r\u00e9alise. Surtout si l\u2019on choisit une <strong>cr\u00e8che \u00e0 r\u00e9aliser soi-m\u00eame<\/strong>, dans laquelle chaque aspect du d\u00e9cor est le fruit d\u2019une initiative personnelle, de choix finalis\u00e9s \u00e0 obtenir un r\u00e9sultat pr\u00e9cis, unique, o\u00f9 <strong>m\u00eame le moindre d\u00e9tail devient important<\/strong>.<\/p>\n<p>Dans ce cas, en particulier, on parle d\u2019un \u00e9l\u00e9ment qui ne peut certainement pas \u00eatre consid\u00e9r\u00e9 comme secondaire, mais qui au contraire joue un r\u00f4le d\u00e9terminant dans la r\u00e9ussite du r\u00e9sultat final que nous souhaitons obtenir\u00a0: il s\u2019agit du <a href=\"https:\/\/www.holyart.fr\/noel\/bricolage-de-noel-et-accessoires\/fonds-pour-creche-noel\"><strong>fond de la cr\u00e8che<\/strong><\/a>.<\/p>\n<p>Ils existent diff\u00e9rentes solutions pour r\u00e9aliser le fond id\u00e9al, l\u2019arri\u00e8re-plan sur lequel nous irons disposer les santons qui donneront vie \u00e0 <strong>notre reconstruction personnelle de la Nativit\u00e9<\/strong>. Nous pouvons opter pour un <strong>simple ciel \u00e9toil\u00e9<\/strong>, obtenu gr\u00e2ce \u00e0 une toile couleur bleu sur laquelle sont ouverts des petits trous avec une aiguille et derri\u00e8re laquelle nous installons une source de lumi\u00e8re.<\/p>\n<p>Mais il y a des alternatives efficaces et moins laborieuses. Du papier lisse ou rugueux, poreux ou sulfuris\u00e9 qui reproduit le ciel \u00e9toil\u00e9, parfois m\u00eame avec la <strong>com\u00e8te<\/strong> au milieu, d\u00e9j\u00e0 pr\u00eat, facile \u00e0 installer contre le mur qui accueillera la cr\u00e8che. Ces types de papier sont vendus en feuilles ou rouleaux, faciles \u00e0 d\u00e9rouler et appliquer.<\/p>\n<p>Une alternative tr\u00e8s efficace est celle des <strong>paysages<\/strong>, souvent des milieux orientaux avec des palmiers, des minarets, le d\u00e9sert et des oasis baign\u00e9s par la lumi\u00e8re de la lune, mais ils existent \u00e9galement des paysages de montagnes, de collines \u00a0ou des hauteurs enneig\u00e9es, des petits villages aux toits pointus couverts d\u2019un manteau neigeux et une danse de flocons de neige en contrepoint aux \u00e9toiles. Ce genre de toiles de fond paysag\u00e8res sont disponibles \u00e9galement sur carton et <strong>en version \u00ab\u00a0triptyque\u00a0\u00bb,<\/strong> o\u00f9 l\u2019image est repartie sur trois panneaux attach\u00e9s afin d\u2019entourer la cr\u00e8che dans une sorte de tableau presque tridimensionnel.<\/p>\n<p>Il y a \u00e9galement de <strong>simples panneaux en li\u00e8ges<\/strong>, plus simples et plus pr\u00e9dispos\u00e9s \u00e0 d\u2019ult\u00e9rieurs personnalisations, qui rappellent la roche ou des \u00e9l\u00e9ments de ma\u00e7onnerie en relief, offrant plus de r\u00e9alisme et un effet \u00ab\u00a0rustique\u00a0\u00bb tr\u00e8s efficace.<\/p>\n","protected":false},"excerpt":{"rendered":"<p>La cr\u00e9ation de la cr\u00e8che est un moment de grande cr\u00e9ativit\u00e9 qui met \u00e0 l\u2019\u00e9preuve l\u2019imagination et la capacit\u00e9 de projection de celui qui la r\u00e9alise. Surtout si l\u2019on choisit une cr\u00e8che \u00e0 r\u00e9aliser soi-m\u00eame, dans laquelle chaque aspect du d\u00e9cor est le fruit d\u2019une&hellip;<\/p>\n","protected":false},"author":1,"featured_media":1203,"comment_status":"closed","ping_status":"open","sticky":false,"template":"","format":"standard","meta":{"_acf_changed":false,"footnotes":""},"categories":[10],"tags":[],"class_list":["post-1202","post","type-post","status-publish","format-standard","has-post-thumbnail","hentry","category-noel"],"acf":[],"yoast_head":"<!-- This site is optimized with the Yoast SEO plugin v26.6 - https:\/\/yoast.com\/wordpress\/plugins\/seo\/ -->\n<title>L&#039;importance d\u2019un bon fond pour l\u2019arri\u00e8re-plan de votre cr\u00e8che<\/title>\n<meta name=\"robots\" content=\"index, follow, max-snippet:-1, max-image-preview:large, max-video-preview:-1\" \/>\n<link rel=\"canonical\" href=\"https:\/\/blog.holyart.it\/fr\/noel\/limportance-dun-fond-larriere-plan-de-creche\/\" \/>\n<meta property=\"og:locale\" content=\"fr_FR\" \/>\n<meta property=\"og:type\" content=\"article\" \/>\n<meta property=\"og:title\" content=\"L&#039;importance d\u2019un bon fond pour l\u2019arri\u00e8re-plan de votre cr\u00e8che\" \/>\n<meta property=\"og:description\" content=\"La cr\u00e9ation de la cr\u00e8che est un moment de grande cr\u00e9ativit\u00e9 qui met \u00e0 l\u2019\u00e9preuve l\u2019imagination et la capacit\u00e9 de projection de celui qui la r\u00e9alise. Surtout si l\u2019on choisit une cr\u00e8che \u00e0 r\u00e9aliser soi-m\u00eame, dans laquelle chaque aspect du d\u00e9cor est le fruit d\u2019une&hellip;\" \/>\n<meta property=\"og:url\" content=\"https:\/\/blog.holyart.it\/fr\/noel\/limportance-dun-fond-larriere-plan-de-creche\/\" \/>\n<meta property=\"og:site_name\" content=\"Holyart.fr Blog\" \/>\n<meta property=\"article:published_time\" content=\"2018-10-02T11:59:24+00:00\" \/>\n<meta property=\"article:modified_time\" content=\"2019-03-28T10:38:22+00:00\" \/>\n<meta property=\"og:image\" content=\"https:\/\/blog.holyart.it\/fr\/wp-content\/uploads\/sites\/14\/2019\/01\/Fond-de-la-cr\u00e8che.jpg\" \/>\n\t<meta property=\"og:image:width\" content=\"1000\" \/>\n\t<meta property=\"og:image:height\" content=\"667\" \/>\n\t<meta property=\"og:image:type\" content=\"image\/jpeg\" \/>\n<meta name=\"author\" content=\"Redazione\" \/>\n<meta name=\"twitter:card\" content=\"summary_large_image\" \/>\n<meta name=\"twitter:label1\" content=\"\u00c9crit par\" \/>\n\t<meta name=\"twitter:data1\" content=\"Redazione\" \/>\n\t<meta name=\"twitter:label2\" content=\"Dur\u00e9e de lecture estim\u00e9e\" \/>\n\t<meta name=\"twitter:data2\" content=\"2 minutes\" \/>\n<script type=\"application\/ld+json\" class=\"yoast-schema-graph\">{\"@context\":\"https:\/\/schema.org\",\"@graph\":[{\"@type\":\"Article\",\"@id\":\"https:\/\/blog.holyart.it\/fr\/noel\/limportance-dun-fond-larriere-plan-de-creche\/#article\",\"isPartOf\":{\"@id\":\"https:\/\/blog.holyart.it\/fr\/noel\/limportance-dun-fond-larriere-plan-de-creche\/\"},\"author\":{\"name\":\"Redazione\",\"@id\":\"https:\/\/blog.holyart.it\/fr\/#\/schema\/person\/0a7b686e5af0f856ec1e390dd0baecda\"},\"headline\":\"L&rsquo;importance d\u2019un bon fond pour l\u2019arri\u00e8re-plan de votre cr\u00e8che\",\"datePublished\":\"2018-10-02T11:59:24+00:00\",\"dateModified\":\"2019-03-28T10:38:22+00:00\",\"mainEntityOfPage\":{\"@id\":\"https:\/\/blog.holyart.it\/fr\/noel\/limportance-dun-fond-larriere-plan-de-creche\/\"},\"wordCount\":426,\"publisher\":{\"@id\":\"https:\/\/blog.holyart.it\/fr\/#organization\"},\"image\":{\"@id\":\"https:\/\/blog.holyart.it\/fr\/noel\/limportance-dun-fond-larriere-plan-de-creche\/#primaryimage\"},\"thumbnailUrl\":\"https:\/\/blog.holyart.it\/fr\/wp-content\/uploads\/sites\/14\/2019\/01\/Fond-de-la-cr\u00e8che.jpg\",\"articleSection\":[\"No\u00ebl\"],\"inLanguage\":\"fr-FR\"},{\"@type\":\"WebPage\",\"@id\":\"https:\/\/blog.holyart.it\/fr\/noel\/limportance-dun-fond-larriere-plan-de-creche\/\",\"url\":\"https:\/\/blog.holyart.it\/fr\/noel\/limportance-dun-fond-larriere-plan-de-creche\/\",\"name\":\"L'importance d\u2019un bon fond pour l\u2019arri\u00e8re-plan de votre cr\u00e8che\",\"isPartOf\":{\"@id\":\"https:\/\/blog.holyart.it\/fr\/#website\"},\"primaryImageOfPage\":{\"@id\":\"https:\/\/blog.holyart.it\/fr\/noel\/limportance-dun-fond-larriere-plan-de-creche\/#primaryimage\"},\"image\":{\"@id\":\"https:\/\/blog.holyart.it\/fr\/noel\/limportance-dun-fond-larriere-plan-de-creche\/#primaryimage\"},\"thumbnailUrl\":\"https:\/\/blog.holyart.it\/fr\/wp-content\/uploads\/sites\/14\/2019\/01\/Fond-de-la-cr\u00e8che.jpg\",\"datePublished\":\"2018-10-02T11:59:24+00:00\",\"dateModified\":\"2019-03-28T10:38:22+00:00\",\"breadcrumb\":{\"@id\":\"https:\/\/blog.holyart.it\/fr\/noel\/limportance-dun-fond-larriere-plan-de-creche\/#breadcrumb\"},\"inLanguage\":\"fr-FR\",\"potentialAction\":[{\"@type\":\"ReadAction\",\"target\":[\"https:\/\/blog.holyart.it\/fr\/noel\/limportance-dun-fond-larriere-plan-de-creche\/\"]}]},{\"@type\":\"ImageObject\",\"inLanguage\":\"fr-FR\",\"@id\":\"https:\/\/blog.holyart.it\/fr\/noel\/limportance-dun-fond-larriere-plan-de-creche\/#primaryimage\",\"url\":\"https:\/\/blog.holyart.it\/fr\/wp-content\/uploads\/sites\/14\/2019\/01\/Fond-de-la-cr\u00e8che.jpg\",\"contentUrl\":\"https:\/\/blog.holyart.it\/fr\/wp-content\/uploads\/sites\/14\/2019\/01\/Fond-de-la-cr\u00e8che.jpg\",\"width\":1000,\"height\":667,\"caption\":\"Fond de la cr\u00e8che\"},{\"@type\":\"BreadcrumbList\",\"@id\":\"https:\/\/blog.holyart.it\/fr\/noel\/limportance-dun-fond-larriere-plan-de-creche\/#breadcrumb\",\"itemListElement\":[{\"@type\":\"ListItem\",\"position\":1,\"name\":\"Homepage\",\"item\":\"https:\/\/blog.holyart.it\/fr\/\"},{\"@type\":\"ListItem\",\"position\":2,\"name\":\"No\u00ebl\",\"item\":\"https:\/\/blog.holyart.it\/fr\/noel\/\"},{\"@type\":\"ListItem\",\"position\":3,\"name\":\"L&#8217;importance d\u2019un bon fond pour l\u2019arri\u00e8re-plan de votre cr\u00e8che\"}]},{\"@type\":\"WebSite\",\"@id\":\"https:\/\/blog.holyart.it\/fr\/#website\",\"url\":\"https:\/\/blog.holyart.it\/fr\/\",\"name\":\"Holyart.fr Blog\",\"description\":\"Holyblog\",\"publisher\":{\"@id\":\"https:\/\/blog.holyart.it\/fr\/#organization\"},\"potentialAction\":[{\"@type\":\"SearchAction\",\"target\":{\"@type\":\"EntryPoint\",\"urlTemplate\":\"https:\/\/blog.holyart.it\/fr\/?s={search_term_string}\"},\"query-input\":{\"@type\":\"PropertyValueSpecification\",\"valueRequired\":true,\"valueName\":\"search_term_string\"}}],\"inLanguage\":\"fr-FR\"},{\"@type\":\"Organization\",\"@id\":\"https:\/\/blog.holyart.it\/fr\/#organization\",\"name\":\"Holyart.fr Blog\",\"url\":\"https:\/\/blog.holyart.it\/fr\/\",\"logo\":{\"@type\":\"ImageObject\",\"inLanguage\":\"fr-FR\",\"@id\":\"https:\/\/blog.holyart.it\/fr\/#\/schema\/logo\/image\/\",\"url\":\"https:\/\/blog.holyart.it\/fr\/wp-content\/uploads\/sites\/14\/2022\/12\/Holyart_Blog_Logo.jpg\",\"contentUrl\":\"https:\/\/blog.holyart.it\/fr\/wp-content\/uploads\/sites\/14\/2022\/12\/Holyart_Blog_Logo.jpg\",\"width\":300,\"height\":50,\"caption\":\"Holyart.fr Blog\"},\"image\":{\"@id\":\"https:\/\/blog.holyart.it\/fr\/#\/schema\/logo\/image\/\"}},{\"@type\":\"Person\",\"@id\":\"https:\/\/blog.holyart.it\/fr\/#\/schema\/person\/0a7b686e5af0f856ec1e390dd0baecda\",\"name\":\"Redazione\",\"image\":{\"@type\":\"ImageObject\",\"inLanguage\":\"fr-FR\",\"@id\":\"https:\/\/blog.holyart.it\/fr\/#\/schema\/person\/image\/\",\"url\":\"https:\/\/secure.gravatar.com\/avatar\/f477da817f43e50d0af36abecd33e3edf826c68299714bdc1057dff3b113f516?s=96&d=mm&r=g\",\"contentUrl\":\"https:\/\/secure.gravatar.com\/avatar\/f477da817f43e50d0af36abecd33e3edf826c68299714bdc1057dff3b113f516?s=96&d=mm&r=g\",\"caption\":\"Redazione\"},\"url\":\"https:\/\/blog.holyart.it\/fr\/author\/admin\/\"}]}<\/script>\n<!-- \/ Yoast SEO plugin. -->","yoast_head_json":{"title":"L'importance d\u2019un bon fond pour l\u2019arri\u00e8re-plan de votre cr\u00e8che","robots":{"index":"index","follow":"follow","max-snippet":"max-snippet:-1","max-image-preview":"max-image-preview:large","max-video-preview":"max-video-preview:-1"},"canonical":"https:\/\/blog.holyart.it\/fr\/noel\/limportance-dun-fond-larriere-plan-de-creche\/","og_locale":"fr_FR","og_type":"article","og_title":"L'importance d\u2019un bon fond pour l\u2019arri\u00e8re-plan de votre cr\u00e8che","og_description":"La cr\u00e9ation de la cr\u00e8che est un moment de grande cr\u00e9ativit\u00e9 qui met \u00e0 l\u2019\u00e9preuve l\u2019imagination et la capacit\u00e9 de projection de celui qui la r\u00e9alise. Surtout si l\u2019on choisit une cr\u00e8che \u00e0 r\u00e9aliser soi-m\u00eame, dans laquelle chaque aspect du d\u00e9cor est le fruit d\u2019une&hellip;","og_url":"https:\/\/blog.holyart.it\/fr\/noel\/limportance-dun-fond-larriere-plan-de-creche\/","og_site_name":"Holyart.fr Blog","article_published_time":"2018-10-02T11:59:24+00:00","article_modified_time":"2019-03-28T10:38:22+00:00","og_image":[{"width":1000,"height":667,"url":"https:\/\/blog.holyart.it\/fr\/wp-content\/uploads\/sites\/14\/2019\/01\/Fond-de-la-cr\u00e8che.jpg","type":"image\/jpeg"}],"author":"Redazione","twitter_card":"summary_large_image","twitter_misc":{"\u00c9crit par":"Redazione","Dur\u00e9e de lecture estim\u00e9e":"2 minutes"},"schema":{"@context":"https:\/\/schema.org","@graph":[{"@type":"Article","@id":"https:\/\/blog.holyart.it\/fr\/noel\/limportance-dun-fond-larriere-plan-de-creche\/#article","isPartOf":{"@id":"https:\/\/blog.holyart.it\/fr\/noel\/limportance-dun-fond-larriere-plan-de-creche\/"},"author":{"name":"Redazione","@id":"https:\/\/blog.holyart.it\/fr\/#\/schema\/person\/0a7b686e5af0f856ec1e390dd0baecda"},"headline":"L&rsquo;importance d\u2019un bon fond pour l\u2019arri\u00e8re-plan de votre cr\u00e8che","datePublished":"2018-10-02T11:59:24+00:00","dateModified":"2019-03-28T10:38:22+00:00","mainEntityOfPage":{"@id":"https:\/\/blog.holyart.it\/fr\/noel\/limportance-dun-fond-larriere-plan-de-creche\/"},"wordCount":426,"publisher":{"@id":"https:\/\/blog.holyart.it\/fr\/#organization"},"image":{"@id":"https:\/\/blog.holyart.it\/fr\/noel\/limportance-dun-fond-larriere-plan-de-creche\/#primaryimage"},"thumbnailUrl":"https:\/\/blog.holyart.it\/fr\/wp-content\/uploads\/sites\/14\/2019\/01\/Fond-de-la-cr\u00e8che.jpg","articleSection":["No\u00ebl"],"inLanguage":"fr-FR"},{"@type":"WebPage","@id":"https:\/\/blog.holyart.it\/fr\/noel\/limportance-dun-fond-larriere-plan-de-creche\/","url":"https:\/\/blog.holyart.it\/fr\/noel\/limportance-dun-fond-larriere-plan-de-creche\/","name":"L'importance d\u2019un bon fond pour l\u2019arri\u00e8re-plan de votre cr\u00e8che","isPartOf":{"@id":"https:\/\/blog.holyart.it\/fr\/#website"},"primaryImageOfPage":{"@id":"https:\/\/blog.holyart.it\/fr\/noel\/limportance-dun-fond-larriere-plan-de-creche\/#primaryimage"},"image":{"@id":"https:\/\/blog.holyart.it\/fr\/noel\/limportance-dun-fond-larriere-plan-de-creche\/#primaryimage"},"thumbnailUrl":"https:\/\/blog.holyart.it\/fr\/wp-content\/uploads\/sites\/14\/2019\/01\/Fond-de-la-cr\u00e8che.jpg","datePublished":"2018-10-02T11:59:24+00:00","dateModified":"2019-03-28T10:38:22+00:00","breadcrumb":{"@id":"https:\/\/blog.holyart.it\/fr\/noel\/limportance-dun-fond-larriere-plan-de-creche\/#breadcrumb"},"inLanguage":"fr-FR","potentialAction":[{"@type":"ReadAction","target":["https:\/\/blog.holyart.it\/fr\/noel\/limportance-dun-fond-larriere-plan-de-creche\/"]}]},{"@type":"ImageObject","inLanguage":"fr-FR","@id":"https:\/\/blog.holyart.it\/fr\/noel\/limportance-dun-fond-larriere-plan-de-creche\/#primaryimage","url":"https:\/\/blog.holyart.it\/fr\/wp-content\/uploads\/sites\/14\/2019\/01\/Fond-de-la-cr\u00e8che.jpg","contentUrl":"https:\/\/blog.holyart.it\/fr\/wp-content\/uploads\/sites\/14\/2019\/01\/Fond-de-la-cr\u00e8che.jpg","width":1000,"height":667,"caption":"Fond de la cr\u00e8che"},{"@type":"BreadcrumbList","@id":"https:\/\/blog.holyart.it\/fr\/noel\/limportance-dun-fond-larriere-plan-de-creche\/#breadcrumb","itemListElement":[{"@type":"ListItem","position":1,"name":"Homepage","item":"https:\/\/blog.holyart.it\/fr\/"},{"@type":"ListItem","position":2,"name":"No\u00ebl","item":"https:\/\/blog.holyart.it\/fr\/noel\/"},{"@type":"ListItem","position":3,"name":"L&#8217;importance d\u2019un bon fond pour l\u2019arri\u00e8re-plan de votre cr\u00e8che"}]},{"@type":"WebSite","@id":"https:\/\/blog.holyart.it\/fr\/#website","url":"https:\/\/blog.holyart.it\/fr\/","name":"Holyart.fr Blog","description":"Holyblog","publisher":{"@id":"https:\/\/blog.holyart.it\/fr\/#organization"},"potentialAction":[{"@type":"SearchAction","target":{"@type":"EntryPoint","urlTemplate":"https:\/\/blog.holyart.it\/fr\/?s={search_term_string}"},"query-input":{"@type":"PropertyValueSpecification","valueRequired":true,"valueName":"search_term_string"}}],"inLanguage":"fr-FR"},{"@type":"Organization","@id":"https:\/\/blog.holyart.it\/fr\/#organization","name":"Holyart.fr Blog","url":"https:\/\/blog.holyart.it\/fr\/","logo":{"@type":"ImageObject","inLanguage":"fr-FR","@id":"https:\/\/blog.holyart.it\/fr\/#\/schema\/logo\/image\/","url":"https:\/\/blog.holyart.it\/fr\/wp-content\/uploads\/sites\/14\/2022\/12\/Holyart_Blog_Logo.jpg","contentUrl":"https:\/\/blog.holyart.it\/fr\/wp-content\/uploads\/sites\/14\/2022\/12\/Holyart_Blog_Logo.jpg","width":300,"height":50,"caption":"Holyart.fr Blog"},"image":{"@id":"https:\/\/blog.holyart.it\/fr\/#\/schema\/logo\/image\/"}},{"@type":"Person","@id":"https:\/\/blog.holyart.it\/fr\/#\/schema\/person\/0a7b686e5af0f856ec1e390dd0baecda","name":"Redazione","image":{"@type":"ImageObject","inLanguage":"fr-FR","@id":"https:\/\/blog.holyart.it\/fr\/#\/schema\/person\/image\/","url":"https:\/\/secure.gravatar.com\/avatar\/f477da817f43e50d0af36abecd33e3edf826c68299714bdc1057dff3b113f516?s=96&d=mm&r=g","contentUrl":"https:\/\/secure.gravatar.com\/avatar\/f477da817f43e50d0af36abecd33e3edf826c68299714bdc1057dff3b113f516?s=96&d=mm&r=g","caption":"Redazione"},"url":"https:\/\/blog.holyart.it\/fr\/author\/admin\/"}]}},"_links":{"self":[{"href":"https:\/\/blog.holyart.it\/fr\/wp-json\/wp\/v2\/posts\/1202","targetHints":{"allow":["GET"]}}],"collection":[{"href":"https:\/\/blog.holyart.it\/fr\/wp-json\/wp\/v2\/posts"}],"about":[{"href":"https:\/\/blog.holyart.it\/fr\/wp-json\/wp\/v2\/types\/post"}],"author":[{"embeddable":true,"href":"https:\/\/blog.holyart.it\/fr\/wp-json\/wp\/v2\/users\/1"}],"replies":[{"embeddable":true,"href":"https:\/\/blog.holyart.it\/fr\/wp-json\/wp\/v2\/comments?post=1202"}],"version-history":[{"count":0,"href":"https:\/\/blog.holyart.it\/fr\/wp-json\/wp\/v2\/posts\/1202\/revisions"}],"wp:featuredmedia":[{"embeddable":true,"href":"https:\/\/blog.holyart.it\/fr\/wp-json\/wp\/v2\/media\/1203"}],"wp:attachment":[{"href":"https:\/\/blog.holyart.it\/fr\/wp-json\/wp\/v2\/media?parent=1202"}],"wp:term":[{"taxonomy":"category","embeddable":true,"href":"https:\/\/blog.holyart.it\/fr\/wp-json\/wp\/v2\/categories?post=1202"},{"taxonomy":"post_tag","embeddable":true,"href":"https:\/\/blog.holyart.it\/fr\/wp-json\/wp\/v2\/tags?post=1202"}],"curies":[{"name":"wp","href":"https:\/\/api.w.org\/{rel}","templated":true}]}}