{"id":11901,"date":"2026-01-19T15:23:11","date_gmt":"2026-01-19T14:23:11","guid":{"rendered":"https:\/\/blog.holyart.it\/fr\/?p=11901"},"modified":"2026-01-27T15:25:02","modified_gmt":"2026-01-27T14:25:02","slug":"le-saint-graal-entre-histoire-et-legende","status":"publish","type":"post","link":"https:\/\/blog.holyart.it\/fr\/articles-religieux\/le-saint-graal-entre-histoire-et-legende\/","title":{"rendered":"Le Saint Graal entre histoire et l\u00e9gende"},"content":{"rendered":"<h4>Dans l\u2019imaginaire collectif, le Saint Graal repr\u00e9sente une \u00e9nigme entour\u00e9e de l\u00e9gende, un objet de pouvoir mystique et sacr\u00e9 qui a fascin\u00e9 l\u2019humanit\u00e9 pendant des si\u00e8cles. Mais qu\u2019est-ce qui se cache derri\u00e8re ce calice ? Et o\u00f9 pourrait-il se trouver aujourd\u2019hui ?<\/h4>\n\n<p>Nommer le <strong>Saint Graal<\/strong> \u00e9voque imm\u00e9diatement l\u00e9gendes et histoires myst\u00e9rieuses, li\u00e9es, d\u2019un c\u00f4t\u00e9, aux <strong>chevaliers de la Table Ronde<\/strong> et, de l\u2019autre, \u00e0 l\u2019<strong>exot\u00e9risme<\/strong> et \u00e0 tout un fil narratif et cin\u00e9matographique qui s\u2019est appropri\u00e9, \u00e0 des degr\u00e9s divers,\u00a0 ce symbole et d\u2019autres de la chr\u00e9tient\u00e9. Parce que le Graal est avant tout cela, un objet qui nous relie \u00e0 J\u00e9sus, en particulier \u00e0 la <a href=\"https:\/\/www.holyart.fr\/blog\/articles-religieux\/les-evenements-de-la-passion-de-jesus-de-la-cene-a-sa-crucifixion\/\"><strong>C\u00e8ne<\/strong><\/a>. Il s\u2019agirait en effet de la <strong>coupe o\u00f9 J\u00e9sus but<\/strong>, la coupe qu\u2019Il offrit \u00e0 Ses disciples en les invitant \u00e0 boire Son sang, dans l\u2019institution de l\u2019Eucharistie. Dans ce m\u00eame calice, <strong>Joseph d\u2019Arimathie<\/strong>, l\u2019homme qui recueillit le corps de Christ d\u00e9pos\u00e9 de la Croix, conserve quelques gouttes issues de la blessure inflig\u00e9e par la <strong>lance de Longinus<\/strong> dans les c\u00f4tes de J\u00e9sus.<br \/>\nDisons qu\u2019il \u201cdevrait \u00eatre\u201d, car tout ce qui concerne le Graal est fruit d\u2019une l\u00e9gende transmise depuis des si\u00e8cles, qui, au cours du temps, s\u2019est enrichie et a donn\u00e9e vie \u00e0 une des \u00e9nigmes les plus fascinantes de l\u2019histoire.<\/p>\n<div class=\"link-article\">\n<p><img loading=\"lazy\" decoding=\"async\" class=\"size-full wp-image-11903 alignleft\" src=\"https:\/\/blog.holyart.it\/fr\/wp-content\/uploads\/sites\/14\/2026\/01\/Passion-de-Jesus.jpg\" alt=\"Passion de Jesus\" width=\"150\" height=\"99\" data-kale-share-title=\"Le Saint Graal entre histoire et l\u00e9gende\" data-kale-share-url=\"https:\/\/blog.holyart.it\/fr\/?p=11901\" \/><\/p>\n<div class=\"leggi-anche\">Lire aussi :<\/div>\n<p><strong><a href=\"https:\/\/www.holyart.fr\/blog\/paques\/les-evenements-de-la-passion-de-jesus-de-la-cene-a-sa-crucifixion\/\">Les \u00e9v\u00e9nements de la Passion de J\u00e9sus : de la C\u00e8ne \u00e0 Sa crucifixion<\/a><\/strong><br \/>\nLa Passion de J\u00e9sus est le moment le plus haut et le plus terrible de&#8230;<\/p>\n<\/div>\n<p>Le voyage du Graal \u00e0 travers le temps est un m\u00e9lange complexe de mythe, religion et litt\u00e9rature qui a fascin\u00e9 des g\u00e9n\u00e9rations d\u2019\u00e9rudits, \u00e9crivains et passionn\u00e9s de myst\u00e8re. Innombrables sont les \u00e9crivains, les po\u00e8tes, les artistes qui ont contribu\u00e9 \u00e0 l\u2019\u00e9volution de cette tradition, \u00e0 partir des l\u00e9gendes m\u00e9di\u00e9vales europ\u00e9ennes, en particulier du Cycle Arthurien. Dans les <strong>histoires du Roi Arthur et de ses chevaliers de la Table Ronde<\/strong>, le Graal est reconnu comme la coupe sacr\u00e9e utilis\u00e9e par J\u00e9sus lors de la C\u00e8ne et, ensuite, amen\u00e9e en Bretagne. En particulier, dans le recueil d\u2019histoires appel\u00e9e <strong><em>Cycle du Graal<\/em><\/strong>, \u00e9crite principalement entre le XIIe et le XIIIe si\u00e8cle par les po\u00e8tes Chr\u00e9tien de Troyes, Robert de Boron et d\u2019autres, on parle justement de la recherche du Graal, symbole de la sacralit\u00e9 et de la chevalerie, conserv\u00e9 par un myst\u00e9rieux gardien, souvent appel\u00e9 <strong>le Roi P\u00eacheur<\/strong>.<\/p>\n<p>Il n\u2019existe pas qu\u2019une seule version de la l\u00e9gende du Graal. Au cours du temps, de nombreuses th\u00e9ories sur la signification du Graal ont \u00e9t\u00e9 propos\u00e9es, allant de son interpr\u00e9tation comme <strong>symbole chr\u00e9tien du salut<\/strong> \u00e0 son <strong>association avec d\u2019anciens mythes et rituels pa\u00efens<\/strong>. Certains \u00e9rudits ont envisag\u00e9 que le Saint Calice puisse avoir \u00e9t\u00e9 inspir\u00e9 par d\u2019<strong>anciens mythes celtiques <\/strong>ou par des objets sacr\u00e9s d\u2019autres traditions religieuses. D\u2019autres pensent que le Graal a des <strong>racines historiques<\/strong> et pourrait avoir \u00e9t\u00e9 bas\u00e9 sur d\u2019anciens calices ou reliques chr\u00e9tiennes, comme le Sacro Catino (bassin sacr\u00e9) de G\u00eanes ou le Saint Calice de Valencia. Une autre tradition associe le Graal aux <a href=\"https:\/\/www.holyart.fr\/blog\/articles-religieux\/symboles-templiers-histoire-et-signification-de-ces-symboles-anciens\/\"><strong>Templiers<\/strong><\/a>, qui en auraient \u00e9t\u00e9 les gardiens pendant des si\u00e8cles.<\/p>\n<div class=\"link-article\">\n<p><img loading=\"lazy\" decoding=\"async\" class=\"size-full wp-image-11904 alignleft\" src=\"https:\/\/blog.holyart.it\/fr\/wp-content\/uploads\/sites\/14\/2026\/01\/Symboles-templiers.jpg\" alt=\"Symboles templiers\" width=\"150\" height=\"99\" data-kale-share-title=\"Le Saint Graal entre histoire et l\u00e9gende\" data-kale-share-url=\"https:\/\/blog.holyart.it\/fr\/?p=11901\" \/><\/p>\n<div class=\"leggi-anche\">Lire aussi :<\/div>\n<p><strong><a href=\"https:\/\/www.holyart.fr\/blog\/articles-religieux\/symboles-templiers-histoire-et-signification-de-ces-symboles-anciens\/\">Symboles templiers : histoire et signification de ces symboles anciens<\/a><\/strong><br \/>\nL\u2019Ordre du Temple n\u2019existe plus, mais demeure pr\u00e9sent dans&#8230;<\/p>\n<\/div>\n<p>Ind\u00e9pendamment de son origine, le Graal a influenc\u00e9, depuis toujours, la culture occidentale, en inspirant des \u0153uvres litt\u00e9raires, artistiques et cin\u00e9matographiques jusqu\u2019\u00e0 nos jours. Sa nature \u00e9nigmatique et sa signification symbolique continuent de stimuler la fantaisie et l\u2019imagination de millions de personnes autour du monde.<\/p>\n<h2>La l\u00e9gende du Saint Graal<\/h2>\n<p>Dans les anciennes sagas celtiques et dans toutes les traditions mythologiques de chaque culture, il existe des r\u00e9cits qui pr\u00e9sentent des th\u00e8mes semblables \u00e0 ceux associ\u00e9s avec le Graal. Ces r\u00e9cits impliquent souvent un h\u00e9ros qui entreprend un voyage p\u00e9rilleux dans un autre monde, un royaume magique ou une dimension parall\u00e8le \u00e0 la n\u00f4tre, o\u00f9 il affronte des \u00e9preuves et rencontre des figures myst\u00e9rieuses. Souvent, lors de ces voyages, il est soutenu par <strong>une coupe ou une assiette magique<\/strong> qui lui fournit de la nourriture in\u00e9puisable ou poss\u00e8de des pouvoirs curatifs, symbole de la nature spirituelle ou de l\u2019abondance divine. Selon certains experts, le Graal pourrait \u00eatre n\u00e9 dans ce contexte, comme objet final de la <strong>recherche de la signification la plus profonde de la vie<\/strong>, de la sagesse et de la connexion avec le divin. Non seulement un objet physique, donc, mais aussi et surtout un symbole, charg\u00e9 de signification spirituelle et m\u00e9taphysique. Sa recherche devient donc un <strong>voyage int\u00e9rieur \u00e0 la recherche de la connaissance<\/strong>, de la transformation et de la r\u00e9alisation personnelle, comme c\u2019\u00e9tait typique des traditions celtiques, qui exprimaient souvent un lien profond avec la nature, la spiritualit\u00e9 et la sagesse ancestrale.<\/p>\n<p>Le mot \u00ab\u00a0<em>gral<\/em>\u00a0\u00bb ou \u00ab\u00a0<em>graal<\/em>\u00a0\u00bb pourrait d\u00e9river du latin \u00ab\u00a0<em>gradalis<\/em>\u00a0\u00bb, qui signifie simplement \u00ab\u00a0vase\u00a0\u00bb. Toutefois, apr\u00e8s la diffusion des romains arthuriens, o\u00f9 pour la premi\u00e8re fois la coupe est associ\u00e9e \u00e0 celle utilis\u00e9e lors de la C\u00e8ne de J\u00e9sus-Christ, la signification du terme s\u2019est enrichie de nouvelles nuances. En particulier, \u00ab\u00a0<em>san greal<\/em>\u00a0\u00bb (Saint Graal) et \u00ab\u00a0<em>sang real<\/em>\u00a0\u00bb (sang r\u00e9el). Ces termes fran\u00e7ais ont g\u00e9n\u00e9r\u00e9 de nouvelles interpr\u00e9tations et signification et reli\u00e9 de plus en plus le Graal \u00e0 la sacralit\u00e9 et \u00e0 la spiritualit\u00e9, ainsi qu\u2019\u00e0 l\u2019id\u00e9e du sang de Christ.<\/p>\n<p>Mais avant m\u00eame les romains fran\u00e7ais, des r\u00e9f\u00e9rences \u00e0 l\u2019hypoth\u00e9tique calice utilis\u00e9 par <a href=\"https:\/\/www.holyart.fr\/articles-religieux\/icones-religieuses\/icones-grecques\/derniere-cene2\"><strong>J\u00e9sus lors de la C\u00e8ne<\/strong><\/a> apparurent dans des textes italiens, comme la <strong><em>Legenda Aurea<\/em><\/strong> (L\u00e9gende dor\u00e9e) de Jacques de Voragine, qui en 1260 racontait comment les G\u00e9nois, lors de la premi\u00e8re Croisade, avaient trouv\u00e9 la coupe mythique. Ce fut justement un condottiere g\u00e9nois, Guglielmo Embriaco Testadimaglio, qui combattit \u00e0 c\u00f4t\u00e9 de Godefroy de Bouillon pour lib\u00e9rer J\u00e9rusalem, qui r\u00e9cup\u00e9ra le <strong>Sacro Catino<\/strong>, un vase sculpt\u00e9 dans une pierre vert brillant et translucide, conserv\u00e9 encore aujourd\u2019hui au Mus\u00e9e du Tr\u00e9sor de la Cath\u00e9drale Saint-Laurent de G\u00eanes.<\/p>\n<div class=\"link-product\">\n<div class=\"blocco-immagine\"><img loading=\"lazy\" decoding=\"async\" class=\"size-full wp-image-11905 alignleft\" src=\"https:\/\/blog.holyart.it\/fr\/wp-content\/uploads\/sites\/14\/2026\/01\/derniere-cene2.jpg\" alt=\"derniere cene2\" width=\"100\" height=\"100\" data-kale-share-title=\"Le Saint Graal entre histoire et l\u00e9gende\" data-kale-share-url=\"https:\/\/blog.holyart.it\/fr\/?p=11901\" \/><\/div>\n<div class=\"blocco-contenuto\">\n<div class=\"blocco-acquista\">Acheter sur Holyart:<\/div>\n<div class=\"blocco-titolo\"><a href=\"https:\/\/www.holyart.fr\/articles-religieux\/icones-religieuses\/icones-grecques\/derniere-cene2\">Derni\u00e8re c\u00e8ne<\/a><\/div>\n<div class=\"blocco-descrizione\">Ic\u00f4ne en s\u00e9rigraphie : c\u00e8ne de J\u00e9sus avec ses disciples. Choisissez l&rsquo;image et la taille que vous pr\u00e9f\u00e9rez.<\/div>\n<\/div>\n<\/div>\n<p>Dans le roman <strong><em>Perceval ou le Conte du Graal<\/em><\/strong>, \u00e9crit par <strong>Chr\u00e9tien de Troyes<\/strong> au XIIe si\u00e8cle, fait son apparition une coupe pr\u00e9cieuse, conserv\u00e9e dans le ch\u00e2teau du <strong>Roi P\u00eacheur<\/strong> avec d\u2019autres reliques sacr\u00e9es. Il s\u2019agit encore d\u2019une coupe de l\u2019abondance, comme celles pr\u00e9sentes dans les anciens mythes celtiques et on ne mentionne pas la coupe de la C\u00e8ne. Le Roi P\u00eacheur ou Roi Bless\u00e9 a \u00e9t\u00e9 puni pour ses p\u00e9ch\u00e9s pass\u00e9s par une terrible infirmit\u00e9 aux jambes que personne ne peut soigner. Comme cons\u00e9quence de cette blessure, sa terre s\u2019est transform\u00e9e en un lieu d\u00e9sert et st\u00e9rile\u00a0: la <em>terre guaste<\/em>. Selon certaines traditions, ses jambes auraient \u00e9t\u00e9 bless\u00e9es par la Lance du Destin, i.e. la Lance de Longinus. La l\u00e9gende veut que seul un chevalier puisse sauver le Roi P\u00eacheur, mais personne n\u2019y parvient. M\u00eame Perceval, le h\u00e9ros du roman, tente en vain de briser le sort, sans comprendre que le seul moyen pour sauver le Roi P\u00eacheur est justement de lui poser des questions sur les reliques qu\u2019il conserve dans son ch\u00e2teau.<\/p>\n<p>Ensuite, <strong>Robert de Boron<\/strong> \u00e9crivit un roman au titre de <strong><em>Joseph d\u2019Arimathie<\/em><\/strong>, dans lequel apparaissent de nouveau le Roi P\u00eacheur et la coupe myst\u00e9rieuse, le Graal, qui, <strong>pour la premi\u00e8re fois, est associ\u00e9 au sang de Christ<\/strong>. Ici le Roi P\u00eacheur s\u2019appelle Bron, nom qui renvoie \u00e0 Bran, mythique g\u00e9ant roi de Bretagne dans la mythologie Celtique. Ce dernier est d\u00e9crit comme le beau-fr\u00e8re de Joseph d\u2019Arimathie, le <strong>premier gardien du calice<\/strong> o\u00f9 Christ offrit Son sang <a href=\"https:\/\/www.holyart.fr\/accessoires-pour-la-liturgie\/calices-ciboires-patenes\/calices-ciboires-patenes-en-metal\/calice-et-ciboire-derniere-cene-bicolore\"><strong>lors de la C\u00e8ne<\/strong><\/a>. Se d\u00e9ligne ainsi la l\u00e9gende d\u2019une lign\u00e9e de gardiens du calice, qui se le serait transmis au cours des si\u00e8cles en le prot\u00e9geant.<\/p>\n<div class=\"link-product\">\n<div class=\"blocco-immagine\"><img loading=\"lazy\" decoding=\"async\" class=\"size-full wp-image-11906 alignleft\" src=\"https:\/\/blog.holyart.it\/fr\/wp-content\/uploads\/sites\/14\/2026\/01\/calice-et-ciboire-derniere-cene-bicolore.jpg\" alt=\"calice et ciboire derniere cene bicolore\" width=\"100\" height=\"100\" data-kale-share-title=\"Le Saint Graal entre histoire et l\u00e9gende\" data-kale-share-url=\"https:\/\/blog.holyart.it\/fr\/?p=11901\" \/><\/div>\n<div class=\"blocco-contenuto\">\n<div class=\"blocco-acquista\">Acheter sur Holyart:<\/div>\n<div class=\"blocco-titolo\"><a href=\"https:\/\/www.holyart.fr\/accessoires-pour-la-liturgie\/calices-ciboires-patenes\/calices-ciboires-patenes-en-metal\/calice-et-ciboire-derniere-cene-bicolore\">Calice et ciboire derni\u00e8re c\u00e8ne bicolore<\/a><\/div>\n<div class=\"blocco-descrizione\">Calice et ciboire enrichis de d\u00e9cors en relief, sur la coupe la derni\u00e8re c\u00e8ne et sur la base les symboles eucharistiques d&rsquo;\u00e9pi de bl\u00e9 et raisins.<\/div>\n<\/div>\n<\/div>\n<p>D\u2019autres auteurs m\u00e9di\u00e9vaux, comme Wolfram von Eschenbach, contribu\u00e8rent \u00e0 la progressive <strong>christianisation du symbole du Graal<\/strong>, mais ce n\u2019est qu\u2019avec les <strong>romans du cycle arthurien<\/strong> qu\u2019on le retrouve avec un r\u00f4le d\u2019importance, comme objet de la recherche de nombreux chevaliers. Certains d\u2019entre eux le trouv\u00e8rent apr\u00e8s un long voyage, comme Perceval ou Galaad, innocents et purs, tandis que d\u2019autres, comme Lancelot, \u00e9chou\u00e8rent et furent, d\u2019une certaine mani\u00e8re, maudits. Le Roi P\u00eacheur aussi revient dans le cycle arthurien, et la recherche du Saint Graal est souvent associ\u00e9 \u00e0 son nom. La l\u00e9gende du Saint Graal continue \u00e0 \u00eatre un th\u00e8me de r\u00e9cits et d\u2019\u00e9tudes au cours des si\u00e8cles. Avec le temps, il prend des connotations de plus en plus pr\u00e9cises, en devenant une relique miraculeuse capable de soigner blessures et maladies et de <strong>rendre immortel<\/strong> celui qui boit de sa coupe.<\/p>\n<p>La fiction moderne a ressorti le mythe du Graal, surtout apr\u00e8s la sortie de l\u2019essai <strong><em>L\u2019\u00e9nigme sacr\u00e9<\/em><\/strong>, \u00e9crit par <strong>Michael Baigent, Richard Leight et Henry Lincoln<\/strong>, et publi\u00e9 en 1982. Selon cette \u00e9tude, le Graal serait en r\u00e9alit\u00e9 <strong>la descendance de J\u00e9sus et de Marie Madeleine<\/strong>, Sa femme, d\u00e9barqu\u00e9e en Normandie apr\u00e8s Sa mort. Le sang sacr\u00e9 de Christ coulerait dans les veines des premiers rois Francs et le Saint Graal ne serait pas une coupe, mais son contenu, le sang r\u00e9el des Fran\u00e7ais.<\/p>\n<h2>\u00c0 la recherche du Saint Graal<\/h2>\n<p>La question du <strong>lieu o\u00f9 se trouve le Saint Graal<\/strong> fait l\u2019objet de sp\u00e9culations, mythes et l\u00e9gendes qui puisent leurs racines dans l\u2019histoire, dans la litt\u00e9rature et dans la culture populaire. Toutefois, il n\u2019existe pas de r\u00e9ponse d\u00e9finitive ou de preuve tangible de son actuel emplacement.<\/p>\n<p>Dans le roman de <strong>Wolfram von Eschenbach<\/strong>, le Graal \u00e9tait conserv\u00e9 dans le ch\u00e2teau secret de Munsalvaesche, connu \u00e9galement comme Montsalvat ou Montsalavage, demeure de Titurel, le premier roi du Graal. Ce lieu myst\u00e9rieux est d\u00e9crit comme le \u00ab\u00a0mont du salut\u00a0\u00bb, un refuge sacr\u00e9 o\u00f9 le Graal \u00e9tait v\u00e9n\u00e9r\u00e9 et prot\u00e9g\u00e9.<br \/>\nL\u2019identification de Montsalvat avec le <strong>Monast\u00e8re de Montserrat de Catalogne<\/strong> a \u00e9t\u00e9 sugg\u00e9r\u00e9e par certains experts, puisque Montserrat, avec son atmosph\u00e8re mystique et sa position isol\u00e9e sur une montagne, semble correspondre \u00e0 l\u2019imaginaire du ch\u00e2teau du Graal d\u00e9crit par Wolfram von Eschenbach.<\/p>\n<p>En r\u00e9alit\u00e9, d\u00e8s le Moyen \u00c2ge, des th\u00e9ories plus ou moins fantaisistes sur o\u00f9 le Graal aurait pu \u00eatre conserv\u00e9 ont vu le jour. Arculfe, p\u00e8lerin anglo-saxon du VIIe si\u00e8cle, raconta avoir vu et m\u00eame touch\u00e9 un <a href=\"https:\/\/www.holyart.fr\/accessoires-pour-la-liturgie\/calices-ciboires-patenes\/calices-ciboires-patenes-en-metal\/calice-ciboire-laiton-argente-miracles\"><strong>calice en argent<\/strong><\/a> conserv\u00e9 dans un reliquaire pr\u00e8s de <strong>J\u00e9rusalem<\/strong>. Un autre t\u00e9moignage, cit\u00e9 dans un roman du XIIIe si\u00e8cle, place le Graal, ou une copie, \u00e0 <strong>Constantinople<\/strong>. Vol\u00e9 pendant la quatri\u00e8me croisade, il aurait \u00e9t\u00e9 amen\u00e9 en France pour ensuite disparaitre lors de la R\u00e9volution fran\u00e7aise.<\/p>\n<div class=\"link-product\">\n<div class=\"blocco-immagine\"><img loading=\"lazy\" decoding=\"async\" class=\"size-full wp-image-11907 alignleft\" src=\"https:\/\/blog.holyart.it\/fr\/wp-content\/uploads\/sites\/14\/2026\/01\/calice-ciboire-laiton-argente-miracles.jpg\" alt=\"calice ciboire laiton argente miracles\" width=\"100\" height=\"100\" data-kale-share-title=\"Le Saint Graal entre histoire et l\u00e9gende\" data-kale-share-url=\"https:\/\/blog.holyart.it\/fr\/?p=11901\" \/><\/div>\n<div class=\"blocco-contenuto\">\n<div class=\"blocco-acquista\">Acheter sur Holyart:<\/div>\n<div class=\"blocco-titolo\"><a href=\"https:\/\/www.holyart.fr\/accessoires-pour-la-liturgie\/calices-ciboires-patenes\/calices-ciboires-patenes-en-metal\/calice-ciboire-laiton-argente-miracles\">Calice ciboire laiton argent\u00e9 miracles<\/a><\/div>\n<div class=\"blocco-descrizione\">Calice et ciboire sont en argent en style simple et d\u00e9cor\u00e9 \u00e0 la main.<\/div>\n<\/div>\n<\/div>\n<p>\u00c0 <strong>G\u00eanes<\/strong>, au Mus\u00e9e du Tr\u00e9sor de la Cath\u00e9drale Saint-Laurent, est conserv\u00e9, comme d\u00e9j\u00e0 mentionn\u00e9 ci-dessus, le <em>Sacro Catino<\/em>, amen\u00e9 dans la ville ligure apr\u00e8s la Premi\u00e8re croisade, tandis que dans la cath\u00e9drale de <strong>Valencia<\/strong> se trouve le <em>Santo C\u00e1liz<\/em>, une relique myst\u00e9rieuse que le roi Martin Ier d\u2019Aragon re\u00e7ut en cadeau du monast\u00e8re de San Juan de la Pe\u00f1a.<\/p>\n<h2>Le lien avec le Saint Suaire<\/h2>\n<p>Certains experts modernes, parmi lesquels <strong>Daniel Scavone<\/strong>, ont envisag\u00e9 un lien entre le mythe du Graal et le <a href=\"https:\/\/www.holyart.fr\/blog\/articles-religieux\/le-saint-suaire-que-savons-nous-jusqua-aujourdhui\/\"><strong>Saint Suaire<\/strong><\/a>. Selon cette th\u00e9orie, le Suaire, le drap offert par Joseph d\u2019Arimathie qui aurait envelopp\u00e9 le corps sans vie de J\u00e9sus, <strong>serait le v\u00e9ritable Graal<\/strong>, puisqu\u2019impr\u00e9gn\u00e9 de Son sang. Les nouvelles relatives \u00e0 cette relique se seraient ensuite confondues avec les si\u00e8cles, en s\u2019enrichissant de d\u00e9tails non v\u00e9ridiques et en donnant lieu \u00e0 la l\u00e9gende de la coupe. Selon Scavone, Joseph d\u2019Arimathie ne se serait jamais rendu en Bretagne, comme le veut la tradition, mais \u00e0 \u00c9desse, en Haute M\u00e9sopotamie, dont le palais royal s\u2019appelait Britio, et aurait \u00e9t\u00e9 le lieu o\u00f9 le Saint Suaire fut conserv\u00e9 entre le VIe et le Xe si\u00e8cle. Du terme Britio, on d\u00e9duisit, de mani\u00e8re erron\u00e9e, que Joseph s\u2019\u00e9tait rendu en Bretagne. M\u00eame cette fascinante th\u00e9orie demande d\u2019ult\u00e9rieurs approfondissements et recherches pour \u00eatre confirm\u00e9e ou d\u00e9mentie d\u00e9finitivement.<\/p>\n<div class=\"link-article\">\n<p><img loading=\"lazy\" decoding=\"async\" class=\"size-full wp-image-11908 alignleft\" src=\"https:\/\/blog.holyart.it\/fr\/wp-content\/uploads\/sites\/14\/2026\/01\/Le-Saint-Suaire.jpg\" alt=\"Le Saint Suaire\" width=\"150\" height=\"99\" data-kale-share-title=\"Le Saint Graal entre histoire et l\u00e9gende\" data-kale-share-url=\"https:\/\/blog.holyart.it\/fr\/?p=11901\" \/><\/p>\n<div class=\"leggi-anche\">Lire aussi :<\/div>\n<p><strong><a href=\"https:\/\/www.holyart.fr\/blog\/articles-religieux\/le-saint-suaire-que-savons-nous-jusqua-aujourdhui\/\">Le Saint-Suaire : que savons-nous jusqu\u2019\u00e0 aujourd\u2019hui<\/a><\/strong><br \/>\nOn dit qu\u2019il s\u2019agit du linceul qui a envelopp\u00e9 le corps de Christ apr\u00e8s la descente de la croix&#8230;<\/p>\n<\/div>\n","protected":false},"excerpt":{"rendered":"<p>Dans l\u2019imaginaire collectif, le Saint Graal repr\u00e9sente une \u00e9nigme entour\u00e9e de l\u00e9gende, un objet de pouvoir mystique et sacr\u00e9 qui a fascin\u00e9 l\u2019humanit\u00e9 pendant des si\u00e8cles. Mais qu\u2019est-ce qui se cache derri\u00e8re ce calice ? Et o\u00f9 pourrait-il se trouver aujourd\u2019hui ? Nommer le Saint&hellip;<\/p>\n","protected":false},"author":1,"featured_media":11902,"comment_status":"closed","ping_status":"open","sticky":false,"template":"","format":"standard","meta":{"_acf_changed":false,"footnotes":""},"categories":[8],"tags":[],"class_list":["post-11901","post","type-post","status-publish","format-standard","has-post-thumbnail","hentry","category-articles-religieux"],"acf":[],"yoast_head":"<!-- This site is optimized with the Yoast SEO plugin v26.6 - https:\/\/yoast.com\/wordpress\/plugins\/seo\/ -->\n<title>Le Saint Graal entre histoire et l\u00e9gende - Holyart.fr Blog<\/title>\n<meta name=\"description\" content=\"Le Saint Graal : s\u2019agit-il d\u2019un objet physique ou du symbole de l\u2019\u00e9ternelle recherche spirituelle humaine ?\" \/>\n<meta name=\"robots\" content=\"index, follow, max-snippet:-1, max-image-preview:large, max-video-preview:-1\" \/>\n<link rel=\"canonical\" href=\"https:\/\/blog.holyart.it\/fr\/articles-religieux\/le-saint-graal-entre-histoire-et-legende\/\" \/>\n<meta property=\"og:locale\" content=\"fr_FR\" \/>\n<meta property=\"og:type\" content=\"article\" \/>\n<meta property=\"og:title\" content=\"Le Saint Graal entre histoire et l\u00e9gende - Holyart.fr Blog\" \/>\n<meta property=\"og:description\" content=\"Le Saint Graal : s\u2019agit-il d\u2019un objet physique ou du symbole de l\u2019\u00e9ternelle recherche spirituelle humaine ?\" \/>\n<meta property=\"og:url\" content=\"https:\/\/blog.holyart.it\/fr\/articles-religieux\/le-saint-graal-entre-histoire-et-legende\/\" \/>\n<meta property=\"og:site_name\" content=\"Holyart.fr Blog\" \/>\n<meta property=\"article:published_time\" content=\"2026-01-19T14:23:11+00:00\" \/>\n<meta property=\"article:modified_time\" content=\"2026-01-27T14:25:02+00:00\" \/>\n<meta property=\"og:image\" content=\"https:\/\/blog.holyart.it\/fr\/wp-content\/uploads\/sites\/14\/2026\/01\/saint-graal.jpg\" \/>\n\t<meta property=\"og:image:width\" content=\"1000\" \/>\n\t<meta property=\"og:image:height\" content=\"666\" \/>\n\t<meta property=\"og:image:type\" content=\"image\/jpeg\" \/>\n<meta name=\"author\" content=\"Redazione\" \/>\n<meta name=\"twitter:card\" content=\"summary_large_image\" \/>\n<meta name=\"twitter:label1\" content=\"\u00c9crit par\" \/>\n\t<meta name=\"twitter:data1\" content=\"Redazione\" \/>\n\t<meta name=\"twitter:label2\" content=\"Dur\u00e9e de lecture estim\u00e9e\" \/>\n\t<meta name=\"twitter:data2\" content=\"12 minutes\" \/>\n<script type=\"application\/ld+json\" class=\"yoast-schema-graph\">{\"@context\":\"https:\/\/schema.org\",\"@graph\":[{\"@type\":\"Article\",\"@id\":\"https:\/\/blog.holyart.it\/fr\/articles-religieux\/le-saint-graal-entre-histoire-et-legende\/#article\",\"isPartOf\":{\"@id\":\"https:\/\/blog.holyart.it\/fr\/articles-religieux\/le-saint-graal-entre-histoire-et-legende\/\"},\"author\":{\"name\":\"Redazione\",\"@id\":\"https:\/\/blog.holyart.it\/fr\/#\/schema\/person\/0a7b686e5af0f856ec1e390dd0baecda\"},\"headline\":\"Le Saint Graal entre histoire et l\u00e9gende\",\"datePublished\":\"2026-01-19T14:23:11+00:00\",\"dateModified\":\"2026-01-27T14:25:02+00:00\",\"mainEntityOfPage\":{\"@id\":\"https:\/\/blog.holyart.it\/fr\/articles-religieux\/le-saint-graal-entre-histoire-et-legende\/\"},\"wordCount\":2317,\"publisher\":{\"@id\":\"https:\/\/blog.holyart.it\/fr\/#organization\"},\"image\":{\"@id\":\"https:\/\/blog.holyart.it\/fr\/articles-religieux\/le-saint-graal-entre-histoire-et-legende\/#primaryimage\"},\"thumbnailUrl\":\"https:\/\/blog.holyart.it\/fr\/wp-content\/uploads\/sites\/14\/2026\/01\/saint-graal.jpg\",\"articleSection\":[\"Religion\"],\"inLanguage\":\"fr-FR\"},{\"@type\":\"WebPage\",\"@id\":\"https:\/\/blog.holyart.it\/fr\/articles-religieux\/le-saint-graal-entre-histoire-et-legende\/\",\"url\":\"https:\/\/blog.holyart.it\/fr\/articles-religieux\/le-saint-graal-entre-histoire-et-legende\/\",\"name\":\"Le Saint Graal entre histoire et l\u00e9gende - Holyart.fr Blog\",\"isPartOf\":{\"@id\":\"https:\/\/blog.holyart.it\/fr\/#website\"},\"primaryImageOfPage\":{\"@id\":\"https:\/\/blog.holyart.it\/fr\/articles-religieux\/le-saint-graal-entre-histoire-et-legende\/#primaryimage\"},\"image\":{\"@id\":\"https:\/\/blog.holyart.it\/fr\/articles-religieux\/le-saint-graal-entre-histoire-et-legende\/#primaryimage\"},\"thumbnailUrl\":\"https:\/\/blog.holyart.it\/fr\/wp-content\/uploads\/sites\/14\/2026\/01\/saint-graal.jpg\",\"datePublished\":\"2026-01-19T14:23:11+00:00\",\"dateModified\":\"2026-01-27T14:25:02+00:00\",\"description\":\"Le Saint Graal : s\u2019agit-il d\u2019un objet physique ou du symbole de l\u2019\u00e9ternelle recherche spirituelle humaine ?\",\"breadcrumb\":{\"@id\":\"https:\/\/blog.holyart.it\/fr\/articles-religieux\/le-saint-graal-entre-histoire-et-legende\/#breadcrumb\"},\"inLanguage\":\"fr-FR\",\"potentialAction\":[{\"@type\":\"ReadAction\",\"target\":[\"https:\/\/blog.holyart.it\/fr\/articles-religieux\/le-saint-graal-entre-histoire-et-legende\/\"]}]},{\"@type\":\"ImageObject\",\"inLanguage\":\"fr-FR\",\"@id\":\"https:\/\/blog.holyart.it\/fr\/articles-religieux\/le-saint-graal-entre-histoire-et-legende\/#primaryimage\",\"url\":\"https:\/\/blog.holyart.it\/fr\/wp-content\/uploads\/sites\/14\/2026\/01\/saint-graal.jpg\",\"contentUrl\":\"https:\/\/blog.holyart.it\/fr\/wp-content\/uploads\/sites\/14\/2026\/01\/saint-graal.jpg\",\"width\":1000,\"height\":666,\"caption\":\"saint graal\"},{\"@type\":\"BreadcrumbList\",\"@id\":\"https:\/\/blog.holyart.it\/fr\/articles-religieux\/le-saint-graal-entre-histoire-et-legende\/#breadcrumb\",\"itemListElement\":[{\"@type\":\"ListItem\",\"position\":1,\"name\":\"Homepage\",\"item\":\"https:\/\/blog.holyart.it\/fr\/\"},{\"@type\":\"ListItem\",\"position\":2,\"name\":\"Religion\",\"item\":\"https:\/\/blog.holyart.it\/fr\/articles-religieux\/\"},{\"@type\":\"ListItem\",\"position\":3,\"name\":\"Le Saint Graal entre histoire et l\u00e9gende\"}]},{\"@type\":\"WebSite\",\"@id\":\"https:\/\/blog.holyart.it\/fr\/#website\",\"url\":\"https:\/\/blog.holyart.it\/fr\/\",\"name\":\"Holyart.fr Blog\",\"description\":\"Holyblog\",\"publisher\":{\"@id\":\"https:\/\/blog.holyart.it\/fr\/#organization\"},\"potentialAction\":[{\"@type\":\"SearchAction\",\"target\":{\"@type\":\"EntryPoint\",\"urlTemplate\":\"https:\/\/blog.holyart.it\/fr\/?s={search_term_string}\"},\"query-input\":{\"@type\":\"PropertyValueSpecification\",\"valueRequired\":true,\"valueName\":\"search_term_string\"}}],\"inLanguage\":\"fr-FR\"},{\"@type\":\"Organization\",\"@id\":\"https:\/\/blog.holyart.it\/fr\/#organization\",\"name\":\"Holyart.fr Blog\",\"url\":\"https:\/\/blog.holyart.it\/fr\/\",\"logo\":{\"@type\":\"ImageObject\",\"inLanguage\":\"fr-FR\",\"@id\":\"https:\/\/blog.holyart.it\/fr\/#\/schema\/logo\/image\/\",\"url\":\"https:\/\/blog.holyart.it\/fr\/wp-content\/uploads\/sites\/14\/2022\/12\/Holyart_Blog_Logo.jpg\",\"contentUrl\":\"https:\/\/blog.holyart.it\/fr\/wp-content\/uploads\/sites\/14\/2022\/12\/Holyart_Blog_Logo.jpg\",\"width\":300,\"height\":50,\"caption\":\"Holyart.fr Blog\"},\"image\":{\"@id\":\"https:\/\/blog.holyart.it\/fr\/#\/schema\/logo\/image\/\"}},{\"@type\":\"Person\",\"@id\":\"https:\/\/blog.holyart.it\/fr\/#\/schema\/person\/0a7b686e5af0f856ec1e390dd0baecda\",\"name\":\"Redazione\",\"image\":{\"@type\":\"ImageObject\",\"inLanguage\":\"fr-FR\",\"@id\":\"https:\/\/blog.holyart.it\/fr\/#\/schema\/person\/image\/\",\"url\":\"https:\/\/secure.gravatar.com\/avatar\/f477da817f43e50d0af36abecd33e3edf826c68299714bdc1057dff3b113f516?s=96&d=mm&r=g\",\"contentUrl\":\"https:\/\/secure.gravatar.com\/avatar\/f477da817f43e50d0af36abecd33e3edf826c68299714bdc1057dff3b113f516?s=96&d=mm&r=g\",\"caption\":\"Redazione\"},\"url\":\"https:\/\/blog.holyart.it\/fr\/author\/admin\/\"}]}<\/script>\n<!-- \/ Yoast SEO plugin. -->","yoast_head_json":{"title":"Le Saint Graal entre histoire et l\u00e9gende - Holyart.fr Blog","description":"Le Saint Graal : s\u2019agit-il d\u2019un objet physique ou du symbole de l\u2019\u00e9ternelle recherche spirituelle humaine ?","robots":{"index":"index","follow":"follow","max-snippet":"max-snippet:-1","max-image-preview":"max-image-preview:large","max-video-preview":"max-video-preview:-1"},"canonical":"https:\/\/blog.holyart.it\/fr\/articles-religieux\/le-saint-graal-entre-histoire-et-legende\/","og_locale":"fr_FR","og_type":"article","og_title":"Le Saint Graal entre histoire et l\u00e9gende - Holyart.fr Blog","og_description":"Le Saint Graal : s\u2019agit-il d\u2019un objet physique ou du symbole de l\u2019\u00e9ternelle recherche spirituelle humaine ?","og_url":"https:\/\/blog.holyart.it\/fr\/articles-religieux\/le-saint-graal-entre-histoire-et-legende\/","og_site_name":"Holyart.fr Blog","article_published_time":"2026-01-19T14:23:11+00:00","article_modified_time":"2026-01-27T14:25:02+00:00","og_image":[{"width":1000,"height":666,"url":"https:\/\/blog.holyart.it\/fr\/wp-content\/uploads\/sites\/14\/2026\/01\/saint-graal.jpg","type":"image\/jpeg"}],"author":"Redazione","twitter_card":"summary_large_image","twitter_misc":{"\u00c9crit par":"Redazione","Dur\u00e9e de lecture estim\u00e9e":"12 minutes"},"schema":{"@context":"https:\/\/schema.org","@graph":[{"@type":"Article","@id":"https:\/\/blog.holyart.it\/fr\/articles-religieux\/le-saint-graal-entre-histoire-et-legende\/#article","isPartOf":{"@id":"https:\/\/blog.holyart.it\/fr\/articles-religieux\/le-saint-graal-entre-histoire-et-legende\/"},"author":{"name":"Redazione","@id":"https:\/\/blog.holyart.it\/fr\/#\/schema\/person\/0a7b686e5af0f856ec1e390dd0baecda"},"headline":"Le Saint Graal entre histoire et l\u00e9gende","datePublished":"2026-01-19T14:23:11+00:00","dateModified":"2026-01-27T14:25:02+00:00","mainEntityOfPage":{"@id":"https:\/\/blog.holyart.it\/fr\/articles-religieux\/le-saint-graal-entre-histoire-et-legende\/"},"wordCount":2317,"publisher":{"@id":"https:\/\/blog.holyart.it\/fr\/#organization"},"image":{"@id":"https:\/\/blog.holyart.it\/fr\/articles-religieux\/le-saint-graal-entre-histoire-et-legende\/#primaryimage"},"thumbnailUrl":"https:\/\/blog.holyart.it\/fr\/wp-content\/uploads\/sites\/14\/2026\/01\/saint-graal.jpg","articleSection":["Religion"],"inLanguage":"fr-FR"},{"@type":"WebPage","@id":"https:\/\/blog.holyart.it\/fr\/articles-religieux\/le-saint-graal-entre-histoire-et-legende\/","url":"https:\/\/blog.holyart.it\/fr\/articles-religieux\/le-saint-graal-entre-histoire-et-legende\/","name":"Le Saint Graal entre histoire et l\u00e9gende - Holyart.fr Blog","isPartOf":{"@id":"https:\/\/blog.holyart.it\/fr\/#website"},"primaryImageOfPage":{"@id":"https:\/\/blog.holyart.it\/fr\/articles-religieux\/le-saint-graal-entre-histoire-et-legende\/#primaryimage"},"image":{"@id":"https:\/\/blog.holyart.it\/fr\/articles-religieux\/le-saint-graal-entre-histoire-et-legende\/#primaryimage"},"thumbnailUrl":"https:\/\/blog.holyart.it\/fr\/wp-content\/uploads\/sites\/14\/2026\/01\/saint-graal.jpg","datePublished":"2026-01-19T14:23:11+00:00","dateModified":"2026-01-27T14:25:02+00:00","description":"Le Saint Graal : s\u2019agit-il d\u2019un objet physique ou du symbole de l\u2019\u00e9ternelle recherche spirituelle humaine ?","breadcrumb":{"@id":"https:\/\/blog.holyart.it\/fr\/articles-religieux\/le-saint-graal-entre-histoire-et-legende\/#breadcrumb"},"inLanguage":"fr-FR","potentialAction":[{"@type":"ReadAction","target":["https:\/\/blog.holyart.it\/fr\/articles-religieux\/le-saint-graal-entre-histoire-et-legende\/"]}]},{"@type":"ImageObject","inLanguage":"fr-FR","@id":"https:\/\/blog.holyart.it\/fr\/articles-religieux\/le-saint-graal-entre-histoire-et-legende\/#primaryimage","url":"https:\/\/blog.holyart.it\/fr\/wp-content\/uploads\/sites\/14\/2026\/01\/saint-graal.jpg","contentUrl":"https:\/\/blog.holyart.it\/fr\/wp-content\/uploads\/sites\/14\/2026\/01\/saint-graal.jpg","width":1000,"height":666,"caption":"saint graal"},{"@type":"BreadcrumbList","@id":"https:\/\/blog.holyart.it\/fr\/articles-religieux\/le-saint-graal-entre-histoire-et-legende\/#breadcrumb","itemListElement":[{"@type":"ListItem","position":1,"name":"Homepage","item":"https:\/\/blog.holyart.it\/fr\/"},{"@type":"ListItem","position":2,"name":"Religion","item":"https:\/\/blog.holyart.it\/fr\/articles-religieux\/"},{"@type":"ListItem","position":3,"name":"Le Saint Graal entre histoire et l\u00e9gende"}]},{"@type":"WebSite","@id":"https:\/\/blog.holyart.it\/fr\/#website","url":"https:\/\/blog.holyart.it\/fr\/","name":"Holyart.fr Blog","description":"Holyblog","publisher":{"@id":"https:\/\/blog.holyart.it\/fr\/#organization"},"potentialAction":[{"@type":"SearchAction","target":{"@type":"EntryPoint","urlTemplate":"https:\/\/blog.holyart.it\/fr\/?s={search_term_string}"},"query-input":{"@type":"PropertyValueSpecification","valueRequired":true,"valueName":"search_term_string"}}],"inLanguage":"fr-FR"},{"@type":"Organization","@id":"https:\/\/blog.holyart.it\/fr\/#organization","name":"Holyart.fr Blog","url":"https:\/\/blog.holyart.it\/fr\/","logo":{"@type":"ImageObject","inLanguage":"fr-FR","@id":"https:\/\/blog.holyart.it\/fr\/#\/schema\/logo\/image\/","url":"https:\/\/blog.holyart.it\/fr\/wp-content\/uploads\/sites\/14\/2022\/12\/Holyart_Blog_Logo.jpg","contentUrl":"https:\/\/blog.holyart.it\/fr\/wp-content\/uploads\/sites\/14\/2022\/12\/Holyart_Blog_Logo.jpg","width":300,"height":50,"caption":"Holyart.fr Blog"},"image":{"@id":"https:\/\/blog.holyart.it\/fr\/#\/schema\/logo\/image\/"}},{"@type":"Person","@id":"https:\/\/blog.holyart.it\/fr\/#\/schema\/person\/0a7b686e5af0f856ec1e390dd0baecda","name":"Redazione","image":{"@type":"ImageObject","inLanguage":"fr-FR","@id":"https:\/\/blog.holyart.it\/fr\/#\/schema\/person\/image\/","url":"https:\/\/secure.gravatar.com\/avatar\/f477da817f43e50d0af36abecd33e3edf826c68299714bdc1057dff3b113f516?s=96&d=mm&r=g","contentUrl":"https:\/\/secure.gravatar.com\/avatar\/f477da817f43e50d0af36abecd33e3edf826c68299714bdc1057dff3b113f516?s=96&d=mm&r=g","caption":"Redazione"},"url":"https:\/\/blog.holyart.it\/fr\/author\/admin\/"}]}},"_links":{"self":[{"href":"https:\/\/blog.holyart.it\/fr\/wp-json\/wp\/v2\/posts\/11901","targetHints":{"allow":["GET"]}}],"collection":[{"href":"https:\/\/blog.holyart.it\/fr\/wp-json\/wp\/v2\/posts"}],"about":[{"href":"https:\/\/blog.holyart.it\/fr\/wp-json\/wp\/v2\/types\/post"}],"author":[{"embeddable":true,"href":"https:\/\/blog.holyart.it\/fr\/wp-json\/wp\/v2\/users\/1"}],"replies":[{"embeddable":true,"href":"https:\/\/blog.holyart.it\/fr\/wp-json\/wp\/v2\/comments?post=11901"}],"version-history":[{"count":3,"href":"https:\/\/blog.holyart.it\/fr\/wp-json\/wp\/v2\/posts\/11901\/revisions"}],"predecessor-version":[{"id":11911,"href":"https:\/\/blog.holyart.it\/fr\/wp-json\/wp\/v2\/posts\/11901\/revisions\/11911"}],"wp:featuredmedia":[{"embeddable":true,"href":"https:\/\/blog.holyart.it\/fr\/wp-json\/wp\/v2\/media\/11902"}],"wp:attachment":[{"href":"https:\/\/blog.holyart.it\/fr\/wp-json\/wp\/v2\/media?parent=11901"}],"wp:term":[{"taxonomy":"category","embeddable":true,"href":"https:\/\/blog.holyart.it\/fr\/wp-json\/wp\/v2\/categories?post=11901"},{"taxonomy":"post_tag","embeddable":true,"href":"https:\/\/blog.holyart.it\/fr\/wp-json\/wp\/v2\/tags?post=11901"}],"curies":[{"name":"wp","href":"https:\/\/api.w.org\/{rel}","templated":true}]}}