{"id":11879,"date":"2026-01-21T10:00:30","date_gmt":"2026-01-21T09:00:30","guid":{"rendered":"https:\/\/blog.holyart.it\/fr\/?p=11879"},"modified":"2026-01-22T12:40:22","modified_gmt":"2026-01-22T11:40:22","slug":"saint-cyr-le-saint-martyr-protecteur-des-malades","status":"publish","type":"post","link":"https:\/\/blog.holyart.it\/fr\/saints-et-bienheureux\/saint-cyr-le-saint-martyr-protecteur-des-malades\/","title":{"rendered":"Saint Cyr, le saint martyr protecteur des malades"},"content":{"rendered":"<h4>Saint Cyr martyr fut un c\u00e9l\u00e8bre m\u00e9decin d\u2019Alexandrie d\u2019\u00c9gypte, capable de soigner le corps gr\u00e2ce \u00e0 son habilit\u00e9 et les \u00e2mes avec sa foi.<\/h4>\n\n<p>Malgr\u00e9 le fait qu\u2019il ait v\u00e9cu au IIIe si\u00e8cle apr. J.-C., <a href=\"https:\/\/www.holyart.fr\/articles-religieux\/statues\/statues-en-resine-et-pvc\/statue-saint-cyr-20-cm-resine-coloree\"><strong>Saint Cyr martyre<\/strong><\/a>, Saint protecteur des malades, est un personnage encore tr\u00e8s v\u00e9n\u00e9r\u00e9 aujourd\u2019hui, surtout en Italie. Connu \u00e9galement comme <strong>Cyr d\u2019Alexandrie<\/strong>, il fut un m\u00e9decin tr\u00e8s comp\u00e9tant et humain, qui, \u00e0 un moment donn\u00e9, abandonna sa profession m\u00e9dicale pour se d\u00e9dier \u00e0 la <strong>vie asc\u00e9tique<\/strong>, en devenant un <strong>anachor\u00e8te<\/strong> dans le d\u00e9sert arabe. Pendant les pers\u00e9cutions contre les chr\u00e9tiens, Saint Cyr revint \u00e0 Alexandrie afin d\u2019encourager les martyrs et de soigner les malades. Sa r\u00e9putation de gu\u00e9risseur et sa ferveur religieuse lui valurent l\u2019emprisonnement et la torture de la part des autorit\u00e9s romaines. Il fut martyris\u00e9 en 303 apr. J.-C., avec Saint Jean, un autre anachor\u00e8te.<\/p>\n<p>Chaque ann\u00e9e, le <strong>30 janvier<\/strong>, \u00e0 <strong>Grottaglie, dans les Pouilles<\/strong>, une grande f\u00eate a lieu en son honneur, m\u00e9langeant foi et folklore, avec l\u2019ascension de la\u00a0<strong>\u00ab\u00a0Foc\u2019ra\u00a0\u00bb de Saint Cyr<\/strong>, la pyramide de feu la plus grande d\u2019Europe, la seule \u00e0 avoir une chambre interne ouverte au public.<\/p>\n<div class=\"link-product\">\n<div class=\"blocco-immagine\"><img loading=\"lazy\" decoding=\"async\" class=\"size-full wp-image-11880 alignleft\" src=\"https:\/\/blog.holyart.it\/fr\/wp-content\/uploads\/sites\/14\/2026\/01\/Statue-Saint-Cyr-20-cm-resine-coloree.jpg\" alt=\"Statue Saint Cyr 20 cm r\u00e9sine color\u00e9e\" width=\"100\" height=\"100\" data-kale-share-title=\"Saint Cyr, le saint martyr protecteur des malades\" data-kale-share-url=\"https:\/\/blog.holyart.it\/fr\/?p=11879\" \/><\/div>\n<div class=\"blocco-contenuto\">\n<div class=\"blocco-acquista\">Acheter sur Holyart:<\/div>\n<div class=\"blocco-titolo\"><a href=\"https:\/\/www.holyart.fr\/articles-religieux\/statues\/statues-en-resine-et-pvc\/statue-saint-cyr-20-cm-resine-coloree\">Statue Saint Cyr 20 cm r\u00e9sine color\u00e9e<\/a><\/div>\n<div class=\"blocco-descrizione\">Statue de Saint Cyr, 20 cm de hauteur, r\u00e9alis\u00e9e en r\u00e9sine pleine et peinte \u00e0 la main<\/div>\n<\/div>\n<\/div>\n<h2>Qui \u00e9tait Saint Cyr\u00a0?<\/h2>\n<p>Saint Cyr martyr, v\u00e9cu au IIIe si\u00e8cle apr. J.-C., \u00e9tait un m\u00e9decin d\u2019Alexandrie d\u2019\u00c9gypte. N\u00e9 d\u2019une <strong>famille chr\u00e9tienne<\/strong>, il poursuivit pendant toute sa vie sa passion pour l\u2019\u00e9tude de la <strong>m\u00e9decine<\/strong> et, en parall\u00e8le, sa foi, qui ne fit qu\u2019enrichir son d\u00e9vouement pour le soin des malades, tant physiquement que spirituellement. Apr\u00e8s avoir \u00e9tudi\u00e9 dans la m\u00eame \u00e9cole que Galien, p\u00e8re de la m\u00e9decine ancienne, il ouvrit son propre cabinet dans lequel, en plus de s\u2019occuper de ses patients payants, il accueillait \u00e9galement ceux qui ne pouvaient pas se permettre des soins m\u00e9dicaux, en gagnant ainsi le surnom d\u2019\u00ab\u00a0an\u00e0rgiro\u00a0\u00bb, \u00ab\u00a0sans argent\u00a0\u00bb. En plus de soigner les corps, <strong>il soulageait les \u00e2mes <\/strong>avec une \u0153uvre d\u2019\u00e9vang\u00e9lisation qui poussa beaucoup de gens \u00e0 se convertir au Christianisme.<\/p>\n<p>En 299 apr. J.-C., l\u2019Empereur Diocl\u00e9tien d\u00e9cha\u00eena une <strong>terrible pers\u00e9cution<\/strong> contre quiconque exer\u00e7ait une activit\u00e9 m\u00e9dicale, sans distinction entre v\u00e9ritables m\u00e9decins, magiciens et charlatans. Cyr aussi en fut victime, non pas \u00e0 cause de sa foi, mais de sa profession. Afin de se sauver, il quitta Alexandrie et se retira en Arabie P\u00e9tr\u00e9e, o\u00f9 il v\u00e9cut comme un ermite d\u00e9vou\u00e9 \u00e0 la contemplation, \u00e0 l\u2019asc\u00e8se, \u00e0 la pri\u00e8re et \u00e0 la p\u00e9nitence. Il cessa d\u2019exercer la profession de m\u00e9decin et se d\u00e9dia \u00e0 sauver les \u00e2mes, avec sa parole et son exemple.<\/p>\n<p>En 303 apr. J.-C., une <strong>nouvelle pers\u00e9cution<\/strong>, cette fois <a href=\"https:\/\/www.holyart.fr\/blog\/articles-religieux\/saints-martyrs-sacrifier-sa-vie-au-nom-de-dieu\/\"><strong><u>contre les chr\u00e9tiens<\/u><\/strong><\/a>, fut lanc\u00e9e par Diocl\u00e9tien, en se rependant en Asie Mineure, en Palestine et en Afrique. Cyr et son compagnon anachor\u00e8te Jean retourn\u00e8rent \u00e0 Alexandrie pour pr\u00eater main forte aux chr\u00e9tiens pers\u00e9cut\u00e9s. Arr\u00eat\u00e9s pendant qu\u2019ils cherchaient \u00e0 aider quatre femme emprisonn\u00e9es en raison de leur foi, ils furent tortur\u00e9s devant ces derni\u00e8res des mani\u00e8res les plus atroces et les plus \u00e9pouvantables, mais les femmes ne c\u00e9d\u00e8rent pas \u00e0 l\u2019abjuration et pr\u00e9f\u00e9r\u00e8rent affronter la mort. Cyr et Jean furent, eux aussi, d\u00e9capit\u00e9s le 31 janvier du 303 apr. J.-C.<\/p>\n<div class=\"link-article\">\n<p><img loading=\"lazy\" decoding=\"async\" class=\"size-full wp-image-11881 alignleft\" src=\"https:\/\/blog.holyart.it\/fr\/wp-content\/uploads\/sites\/14\/2026\/01\/Saints-Martyrs-1.jpg\" alt=\"Saints Martyrs\" width=\"150\" height=\"99\" data-kale-share-title=\"Saint Cyr, le saint martyr protecteur des malades\" data-kale-share-url=\"https:\/\/blog.holyart.it\/fr\/?p=11879\" \/><\/p>\n<div class=\"leggi-anche\">Lire aussi :<\/div>\n<p><strong><a href=\"https:\/\/www.holyart.fr\/blog\/articles-religieux\/saints-martyrs-sacrifier-sa-vie-au-nom-de-dieu\/\">Saints Martyrs : sacrifier sa vie au nom de Dieu<\/a><\/strong><br \/>\nLes Saints Martyrs sont des hommes et des femmes, souvent tr\u00e8s jeunes, qui ont sacrifi\u00e9 leur vie&#8230;<\/p>\n<\/div>\n<p>Les corps des Saints Cyr et Jean furent amen\u00e9s au temple de Saint Marc \u00e0 Alexandrie et ensuite transf\u00e9r\u00e9s \u00e0 Canope en 414 apr. J.-C. par le patriarche Saint Cyril. D\u00e8s le d\u00e9but, des <strong>gu\u00e9risons miraculeuses<\/strong> leur furent attribu\u00e9es. Au Xe si\u00e8cle, leurs restes arriv\u00e8rent \u00e0 Rome et en 1600 \u00e0 Naples. Aujourd\u2019hui, il est possible de trouver les reliques de Saint Cyr dans de nombreuses villes italiennes.<\/p>\n<h2>Le cr\u00e2ne de Saint Cyr<\/h2>\n<p>Saint Cyr est le saint <strong>patron de Marineo<\/strong>, en province de Palerme. C\u2019est ici que le <strong>cr\u00e2ne de Saint Cyr<\/strong>, une des <a href=\"https:\/\/www.holyart.fr\/blog\/articles-religieux\/reliques-des-saints-liste-des-10-les-plus-suggestives\/\"><strong><u>reliques les plus importantes<\/u><\/strong><\/a> et v\u00e9n\u00e9r\u00e9es du Saint, est conserv\u00e9. La relique du cr\u00e2ne de Saint Cyr arriva \u00e0 Marineo dans la deuxi\u00e8me moiti\u00e9 du 1600, par volont\u00e9 de Pape Alexandre VII. Inspect\u00e9 et autoris\u00e9 \u00e0 l\u2019exposition dans l\u2019\u00e9glise m\u00e8re de Marineo par le cardinal archev\u00eaque de Palerme, il fut pr\u00e9sent\u00e9 aux fid\u00e8les l\u2019avant-dernier dimanche du mois d\u2019ao\u00fbt en 1665. Depuis lors, les festivit\u00e9s en l\u2019honneur du saint patron se d\u00e9roulent l\u2019avant-dernier dimanche du mois d\u2019ao\u00fbt et durent quatre jours, avec la <strong><em>Dimostranza<\/em> de Saint Cyr<\/strong>, une repr\u00e9sentation sacr\u00e9e qui met en sc\u00e8ne les moments les plus significatifs de la vie du saint. Cette manifestation, qui au d\u00e9but \u00e9tait une simple procession, a \u00e9volu\u00e9 avec le temps, en incluant des chants et des pri\u00e8res r\u00e9cit\u00e9s. La <strong>Dimostranza<\/strong> pr\u00e9sente des influences de la trag\u00e9die grecque, avec des ch\u0153urs d\u2019enfants qui commentent les sc\u00e8nes, et est riche en all\u00e9gories, avec des acteurs de chaque classe sociale qui personnifient des concepts comme la religion, la foi, les vices, les vertus, les esp\u00e9rances et la discorde.<\/p>\n<div class=\"link-article\">\n<p><img loading=\"lazy\" decoding=\"async\" class=\"size-full wp-image-11883 alignleft\" src=\"https:\/\/blog.holyart.it\/fr\/wp-content\/uploads\/sites\/14\/2026\/01\/Reliques-des-saints.jpeg\" alt=\"Reliques des saints\" width=\"150\" height=\"99\" data-kale-share-title=\"Saint Cyr, le saint martyr protecteur des malades\" data-kale-share-url=\"https:\/\/blog.holyart.it\/fr\/?p=11879\" \/><\/p>\n<div class=\"leggi-anche\">Lire aussi :<\/div>\n<p><strong><a href=\"https:\/\/www.holyart.fr\/blog\/articles-religieux\/reliques-des-saints-liste-des-10-les-plus-suggestives\/\">Reliques des saints: liste des 10 les plus suggestives<\/a><\/strong><br \/>\nLes reliques des saints traversent l\u2019histoire de la chr\u00e9tient\u00e9 comme t\u00e9moignage d\u2019amour, d\u00e9votion et foi<\/p>\n<\/div>\n<h2>F\u00eate de Saint Cyr \u00e0 Grottaglie<\/h2>\n<p>Saint Cyr est particuli\u00e8rement v\u00e9n\u00e9r\u00e9 \u00e0 <strong>Grottaglie<\/strong> aussi, dans les Pouilles, o\u00f9 sa f\u00eate repr\u00e9sente un \u00e9v\u00e9nement de grande importance. La d\u00e9votion \u00e0 Saint Cyr fait partie int\u00e9grante de la culture et de la tradition locale et, chaque ann\u00e9e, \u00e0 l\u2019occasion de la f\u00eate du Saint le 31 janvier, la ville se transforme en un point de rencontre pour ceux qui souhaitent l\u2019honorer et demander son aide et sa protection, un lieu de p\u00e8lerinage et de fervente religiosit\u00e9.<\/p>\n<p>Outre les processions et c\u00e9l\u00e9brations habituelles, auxquels se m\u00e9langent kiosques et traditions profanes, la d\u00e9votion de Saint Cyr \u00e0 Grottaglie est c\u00e9l\u00e8bre pour l\u2019allumage de la\u00a0<strong>Foc\u2019ra de Saint Cyr<\/strong>, le 30 janvier, une majestueuse pyramide en bois d\u00e9di\u00e9e au Saint, qui attire fid\u00e8les et curieux d\u2019un peu partout. Jusqu\u2019au 30 janvier, il est possible de visiter l\u2019<strong>int\u00e9rieur de la Foc\u2019ra,<\/strong>\u00a0en parcourant un couloir o\u00f9 les enfants suspendent leurs dessins d\u00e9di\u00e9s \u00e0 Saint Cyr, jusqu\u2019\u00e0 la grande chambre en bois, qui mesure 5 m\u00e8tres sur 5 et atteint les 3,5 m\u00e8tres de hauteur. La construction de la Foc\u2019ra d\u00e9bute en octobre de l\u2019ann\u00e9e pr\u00e9c\u00e9dente.<\/p>\n<p>La\u00a0<strong>pri\u00e8re \u00e0 Saint Cyr\u00a0<\/strong>est un moment de recueillement et de demande d\u2019intercession. Les fid\u00e8les s\u2019adressent \u00e0 lui pour obtenir des gu\u00e9risons et sa protection contre les maladies. Une des pri\u00e8res les plus communes r\u00e9cite\u00a0:<\/p>\n<p>\u00ab\u00a0\u00d4 glorieux et tr\u00e8s z\u00e9l\u00e9 M\u00e9decin, Ermite et Martyr, Saint Cyr, qui en vivant sur terre, appel\u00e9 par les infirmes, vous les soigniez d\u2019abord dans l\u2019\u00e2me en les ramenant au Christ et, ensuite, avec la vertu puissante de votre main, vous les soigniez dans leur corps, moi, votre tr\u00e8s indigne serviteur, je vous prie, par ce grand z\u00e8le que vous avez toujours eu pour la sant\u00e9 temporelle et \u00e9ternelle de vos malades, de daigner regarder avec des yeux \u00e9galement compatissants mes infirmit\u00e9s corporelles et spirituelles\u00a0; et par l\u2019efficacit\u00e9 de vos intercessions, obtenez-moi un rem\u00e8de contre ces maux qui m\u2019affligent maintenant, afin que, gu\u00e9ri par vous, je sois rendu digne de venir louer et b\u00e9nir notre Seigneur J\u00e9sus-Christ avec vous pour toujours.\u00a0\u00bb<\/p>\n","protected":false},"excerpt":{"rendered":"<p>Saint Cyr martyr fut un c\u00e9l\u00e8bre m\u00e9decin d\u2019Alexandrie d\u2019\u00c9gypte, capable de soigner le corps gr\u00e2ce \u00e0 son habilit\u00e9 et les \u00e2mes avec sa foi. Malgr\u00e9 le fait qu\u2019il ait v\u00e9cu au IIIe si\u00e8cle apr. J.-C., Saint Cyr martyre, Saint protecteur des malades, est un personnage&hellip;<\/p>\n","protected":false},"author":1,"featured_media":11882,"comment_status":"closed","ping_status":"open","sticky":false,"template":"","format":"standard","meta":{"_acf_changed":false,"footnotes":""},"categories":[7],"tags":[],"class_list":["post-11879","post","type-post","status-publish","format-standard","has-post-thumbnail","hentry","category-saints-et-bienheureux"],"acf":[],"yoast_head":"<!-- This site is optimized with the Yoast SEO plugin v26.6 - https:\/\/yoast.com\/wordpress\/plugins\/seo\/ -->\n<title>Saint Cyr, le saint martyr protecteur des malades - Holyart.fr Blog<\/title>\n<meta name=\"description\" content=\"Le 30 janvier, on f\u00eate Saint Cyr martyre, protecteur des malades. M\u00e9decin et ermite, il v\u00e9cut \u00e0 Alexandrie en \u00c9gypte et subit le martyr...\" \/>\n<meta name=\"robots\" content=\"index, follow, max-snippet:-1, max-image-preview:large, max-video-preview:-1\" \/>\n<link rel=\"canonical\" href=\"https:\/\/blog.holyart.it\/fr\/saints-et-bienheureux\/saint-cyr-le-saint-martyr-protecteur-des-malades\/\" \/>\n<meta property=\"og:locale\" content=\"fr_FR\" \/>\n<meta property=\"og:type\" content=\"article\" \/>\n<meta property=\"og:title\" content=\"Saint Cyr, le saint martyr protecteur des malades - Holyart.fr Blog\" \/>\n<meta property=\"og:description\" content=\"Le 30 janvier, on f\u00eate Saint Cyr martyre, protecteur des malades. M\u00e9decin et ermite, il v\u00e9cut \u00e0 Alexandrie en \u00c9gypte et subit le martyr...\" \/>\n<meta property=\"og:url\" content=\"https:\/\/blog.holyart.it\/fr\/saints-et-bienheureux\/saint-cyr-le-saint-martyr-protecteur-des-malades\/\" \/>\n<meta property=\"og:site_name\" content=\"Holyart.fr Blog\" \/>\n<meta property=\"article:published_time\" content=\"2026-01-21T09:00:30+00:00\" \/>\n<meta property=\"article:modified_time\" content=\"2026-01-22T11:40:22+00:00\" \/>\n<meta property=\"og:image\" content=\"https:\/\/blog.holyart.it\/fr\/wp-content\/uploads\/sites\/14\/2026\/01\/Saint-Cyr.jpeg\" \/>\n\t<meta property=\"og:image:width\" content=\"1000\" \/>\n\t<meta property=\"og:image:height\" content=\"666\" \/>\n\t<meta property=\"og:image:type\" content=\"image\/jpeg\" \/>\n<meta name=\"author\" content=\"Redazione\" \/>\n<meta name=\"twitter:card\" content=\"summary_large_image\" \/>\n<meta name=\"twitter:label1\" content=\"\u00c9crit par\" \/>\n\t<meta name=\"twitter:data1\" content=\"Redazione\" \/>\n\t<meta name=\"twitter:label2\" content=\"Dur\u00e9e de lecture estim\u00e9e\" \/>\n\t<meta name=\"twitter:data2\" content=\"7 minutes\" \/>\n<script type=\"application\/ld+json\" class=\"yoast-schema-graph\">{\"@context\":\"https:\/\/schema.org\",\"@graph\":[{\"@type\":\"Article\",\"@id\":\"https:\/\/blog.holyart.it\/fr\/saints-et-bienheureux\/saint-cyr-le-saint-martyr-protecteur-des-malades\/#article\",\"isPartOf\":{\"@id\":\"https:\/\/blog.holyart.it\/fr\/saints-et-bienheureux\/saint-cyr-le-saint-martyr-protecteur-des-malades\/\"},\"author\":{\"name\":\"Redazione\",\"@id\":\"https:\/\/blog.holyart.it\/fr\/#\/schema\/person\/0a7b686e5af0f856ec1e390dd0baecda\"},\"headline\":\"Saint Cyr, le saint martyr protecteur des malades\",\"datePublished\":\"2026-01-21T09:00:30+00:00\",\"dateModified\":\"2026-01-22T11:40:22+00:00\",\"mainEntityOfPage\":{\"@id\":\"https:\/\/blog.holyart.it\/fr\/saints-et-bienheureux\/saint-cyr-le-saint-martyr-protecteur-des-malades\/\"},\"wordCount\":1391,\"publisher\":{\"@id\":\"https:\/\/blog.holyart.it\/fr\/#organization\"},\"image\":{\"@id\":\"https:\/\/blog.holyart.it\/fr\/saints-et-bienheureux\/saint-cyr-le-saint-martyr-protecteur-des-malades\/#primaryimage\"},\"thumbnailUrl\":\"https:\/\/blog.holyart.it\/fr\/wp-content\/uploads\/sites\/14\/2026\/01\/Saint-Cyr.jpeg\",\"articleSection\":[\"Saints et Bienheureux\"],\"inLanguage\":\"fr-FR\"},{\"@type\":\"WebPage\",\"@id\":\"https:\/\/blog.holyart.it\/fr\/saints-et-bienheureux\/saint-cyr-le-saint-martyr-protecteur-des-malades\/\",\"url\":\"https:\/\/blog.holyart.it\/fr\/saints-et-bienheureux\/saint-cyr-le-saint-martyr-protecteur-des-malades\/\",\"name\":\"Saint Cyr, le saint martyr protecteur des malades - Holyart.fr Blog\",\"isPartOf\":{\"@id\":\"https:\/\/blog.holyart.it\/fr\/#website\"},\"primaryImageOfPage\":{\"@id\":\"https:\/\/blog.holyart.it\/fr\/saints-et-bienheureux\/saint-cyr-le-saint-martyr-protecteur-des-malades\/#primaryimage\"},\"image\":{\"@id\":\"https:\/\/blog.holyart.it\/fr\/saints-et-bienheureux\/saint-cyr-le-saint-martyr-protecteur-des-malades\/#primaryimage\"},\"thumbnailUrl\":\"https:\/\/blog.holyart.it\/fr\/wp-content\/uploads\/sites\/14\/2026\/01\/Saint-Cyr.jpeg\",\"datePublished\":\"2026-01-21T09:00:30+00:00\",\"dateModified\":\"2026-01-22T11:40:22+00:00\",\"description\":\"Le 30 janvier, on f\u00eate Saint Cyr martyre, protecteur des malades. M\u00e9decin et ermite, il v\u00e9cut \u00e0 Alexandrie en \u00c9gypte et subit le martyr...\",\"breadcrumb\":{\"@id\":\"https:\/\/blog.holyart.it\/fr\/saints-et-bienheureux\/saint-cyr-le-saint-martyr-protecteur-des-malades\/#breadcrumb\"},\"inLanguage\":\"fr-FR\",\"potentialAction\":[{\"@type\":\"ReadAction\",\"target\":[\"https:\/\/blog.holyart.it\/fr\/saints-et-bienheureux\/saint-cyr-le-saint-martyr-protecteur-des-malades\/\"]}]},{\"@type\":\"ImageObject\",\"inLanguage\":\"fr-FR\",\"@id\":\"https:\/\/blog.holyart.it\/fr\/saints-et-bienheureux\/saint-cyr-le-saint-martyr-protecteur-des-malades\/#primaryimage\",\"url\":\"https:\/\/blog.holyart.it\/fr\/wp-content\/uploads\/sites\/14\/2026\/01\/Saint-Cyr.jpeg\",\"contentUrl\":\"https:\/\/blog.holyart.it\/fr\/wp-content\/uploads\/sites\/14\/2026\/01\/Saint-Cyr.jpeg\",\"width\":1000,\"height\":666,\"caption\":\"Saint Cyr\"},{\"@type\":\"BreadcrumbList\",\"@id\":\"https:\/\/blog.holyart.it\/fr\/saints-et-bienheureux\/saint-cyr-le-saint-martyr-protecteur-des-malades\/#breadcrumb\",\"itemListElement\":[{\"@type\":\"ListItem\",\"position\":1,\"name\":\"Homepage\",\"item\":\"https:\/\/blog.holyart.it\/fr\/\"},{\"@type\":\"ListItem\",\"position\":2,\"name\":\"Saints et Bienheureux\",\"item\":\"https:\/\/blog.holyart.it\/fr\/saints-et-bienheureux\/\"},{\"@type\":\"ListItem\",\"position\":3,\"name\":\"Saint Cyr, le saint martyr protecteur des malades\"}]},{\"@type\":\"WebSite\",\"@id\":\"https:\/\/blog.holyart.it\/fr\/#website\",\"url\":\"https:\/\/blog.holyart.it\/fr\/\",\"name\":\"Holyart.fr Blog\",\"description\":\"Holyblog\",\"publisher\":{\"@id\":\"https:\/\/blog.holyart.it\/fr\/#organization\"},\"potentialAction\":[{\"@type\":\"SearchAction\",\"target\":{\"@type\":\"EntryPoint\",\"urlTemplate\":\"https:\/\/blog.holyart.it\/fr\/?s={search_term_string}\"},\"query-input\":{\"@type\":\"PropertyValueSpecification\",\"valueRequired\":true,\"valueName\":\"search_term_string\"}}],\"inLanguage\":\"fr-FR\"},{\"@type\":\"Organization\",\"@id\":\"https:\/\/blog.holyart.it\/fr\/#organization\",\"name\":\"Holyart.fr Blog\",\"url\":\"https:\/\/blog.holyart.it\/fr\/\",\"logo\":{\"@type\":\"ImageObject\",\"inLanguage\":\"fr-FR\",\"@id\":\"https:\/\/blog.holyart.it\/fr\/#\/schema\/logo\/image\/\",\"url\":\"https:\/\/blog.holyart.it\/fr\/wp-content\/uploads\/sites\/14\/2022\/12\/Holyart_Blog_Logo.jpg\",\"contentUrl\":\"https:\/\/blog.holyart.it\/fr\/wp-content\/uploads\/sites\/14\/2022\/12\/Holyart_Blog_Logo.jpg\",\"width\":300,\"height\":50,\"caption\":\"Holyart.fr Blog\"},\"image\":{\"@id\":\"https:\/\/blog.holyart.it\/fr\/#\/schema\/logo\/image\/\"}},{\"@type\":\"Person\",\"@id\":\"https:\/\/blog.holyart.it\/fr\/#\/schema\/person\/0a7b686e5af0f856ec1e390dd0baecda\",\"name\":\"Redazione\",\"image\":{\"@type\":\"ImageObject\",\"inLanguage\":\"fr-FR\",\"@id\":\"https:\/\/blog.holyart.it\/fr\/#\/schema\/person\/image\/\",\"url\":\"https:\/\/secure.gravatar.com\/avatar\/f477da817f43e50d0af36abecd33e3edf826c68299714bdc1057dff3b113f516?s=96&d=mm&r=g\",\"contentUrl\":\"https:\/\/secure.gravatar.com\/avatar\/f477da817f43e50d0af36abecd33e3edf826c68299714bdc1057dff3b113f516?s=96&d=mm&r=g\",\"caption\":\"Redazione\"},\"url\":\"https:\/\/blog.holyart.it\/fr\/author\/admin\/\"}]}<\/script>\n<!-- \/ Yoast SEO plugin. -->","yoast_head_json":{"title":"Saint Cyr, le saint martyr protecteur des malades - Holyart.fr Blog","description":"Le 30 janvier, on f\u00eate Saint Cyr martyre, protecteur des malades. M\u00e9decin et ermite, il v\u00e9cut \u00e0 Alexandrie en \u00c9gypte et subit le martyr...","robots":{"index":"index","follow":"follow","max-snippet":"max-snippet:-1","max-image-preview":"max-image-preview:large","max-video-preview":"max-video-preview:-1"},"canonical":"https:\/\/blog.holyart.it\/fr\/saints-et-bienheureux\/saint-cyr-le-saint-martyr-protecteur-des-malades\/","og_locale":"fr_FR","og_type":"article","og_title":"Saint Cyr, le saint martyr protecteur des malades - Holyart.fr Blog","og_description":"Le 30 janvier, on f\u00eate Saint Cyr martyre, protecteur des malades. M\u00e9decin et ermite, il v\u00e9cut \u00e0 Alexandrie en \u00c9gypte et subit le martyr...","og_url":"https:\/\/blog.holyart.it\/fr\/saints-et-bienheureux\/saint-cyr-le-saint-martyr-protecteur-des-malades\/","og_site_name":"Holyart.fr Blog","article_published_time":"2026-01-21T09:00:30+00:00","article_modified_time":"2026-01-22T11:40:22+00:00","og_image":[{"width":1000,"height":666,"url":"https:\/\/blog.holyart.it\/fr\/wp-content\/uploads\/sites\/14\/2026\/01\/Saint-Cyr.jpeg","type":"image\/jpeg"}],"author":"Redazione","twitter_card":"summary_large_image","twitter_misc":{"\u00c9crit par":"Redazione","Dur\u00e9e de lecture estim\u00e9e":"7 minutes"},"schema":{"@context":"https:\/\/schema.org","@graph":[{"@type":"Article","@id":"https:\/\/blog.holyart.it\/fr\/saints-et-bienheureux\/saint-cyr-le-saint-martyr-protecteur-des-malades\/#article","isPartOf":{"@id":"https:\/\/blog.holyart.it\/fr\/saints-et-bienheureux\/saint-cyr-le-saint-martyr-protecteur-des-malades\/"},"author":{"name":"Redazione","@id":"https:\/\/blog.holyart.it\/fr\/#\/schema\/person\/0a7b686e5af0f856ec1e390dd0baecda"},"headline":"Saint Cyr, le saint martyr protecteur des malades","datePublished":"2026-01-21T09:00:30+00:00","dateModified":"2026-01-22T11:40:22+00:00","mainEntityOfPage":{"@id":"https:\/\/blog.holyart.it\/fr\/saints-et-bienheureux\/saint-cyr-le-saint-martyr-protecteur-des-malades\/"},"wordCount":1391,"publisher":{"@id":"https:\/\/blog.holyart.it\/fr\/#organization"},"image":{"@id":"https:\/\/blog.holyart.it\/fr\/saints-et-bienheureux\/saint-cyr-le-saint-martyr-protecteur-des-malades\/#primaryimage"},"thumbnailUrl":"https:\/\/blog.holyart.it\/fr\/wp-content\/uploads\/sites\/14\/2026\/01\/Saint-Cyr.jpeg","articleSection":["Saints et Bienheureux"],"inLanguage":"fr-FR"},{"@type":"WebPage","@id":"https:\/\/blog.holyart.it\/fr\/saints-et-bienheureux\/saint-cyr-le-saint-martyr-protecteur-des-malades\/","url":"https:\/\/blog.holyart.it\/fr\/saints-et-bienheureux\/saint-cyr-le-saint-martyr-protecteur-des-malades\/","name":"Saint Cyr, le saint martyr protecteur des malades - Holyart.fr Blog","isPartOf":{"@id":"https:\/\/blog.holyart.it\/fr\/#website"},"primaryImageOfPage":{"@id":"https:\/\/blog.holyart.it\/fr\/saints-et-bienheureux\/saint-cyr-le-saint-martyr-protecteur-des-malades\/#primaryimage"},"image":{"@id":"https:\/\/blog.holyart.it\/fr\/saints-et-bienheureux\/saint-cyr-le-saint-martyr-protecteur-des-malades\/#primaryimage"},"thumbnailUrl":"https:\/\/blog.holyart.it\/fr\/wp-content\/uploads\/sites\/14\/2026\/01\/Saint-Cyr.jpeg","datePublished":"2026-01-21T09:00:30+00:00","dateModified":"2026-01-22T11:40:22+00:00","description":"Le 30 janvier, on f\u00eate Saint Cyr martyre, protecteur des malades. M\u00e9decin et ermite, il v\u00e9cut \u00e0 Alexandrie en \u00c9gypte et subit le martyr...","breadcrumb":{"@id":"https:\/\/blog.holyart.it\/fr\/saints-et-bienheureux\/saint-cyr-le-saint-martyr-protecteur-des-malades\/#breadcrumb"},"inLanguage":"fr-FR","potentialAction":[{"@type":"ReadAction","target":["https:\/\/blog.holyart.it\/fr\/saints-et-bienheureux\/saint-cyr-le-saint-martyr-protecteur-des-malades\/"]}]},{"@type":"ImageObject","inLanguage":"fr-FR","@id":"https:\/\/blog.holyart.it\/fr\/saints-et-bienheureux\/saint-cyr-le-saint-martyr-protecteur-des-malades\/#primaryimage","url":"https:\/\/blog.holyart.it\/fr\/wp-content\/uploads\/sites\/14\/2026\/01\/Saint-Cyr.jpeg","contentUrl":"https:\/\/blog.holyart.it\/fr\/wp-content\/uploads\/sites\/14\/2026\/01\/Saint-Cyr.jpeg","width":1000,"height":666,"caption":"Saint Cyr"},{"@type":"BreadcrumbList","@id":"https:\/\/blog.holyart.it\/fr\/saints-et-bienheureux\/saint-cyr-le-saint-martyr-protecteur-des-malades\/#breadcrumb","itemListElement":[{"@type":"ListItem","position":1,"name":"Homepage","item":"https:\/\/blog.holyart.it\/fr\/"},{"@type":"ListItem","position":2,"name":"Saints et Bienheureux","item":"https:\/\/blog.holyart.it\/fr\/saints-et-bienheureux\/"},{"@type":"ListItem","position":3,"name":"Saint Cyr, le saint martyr protecteur des malades"}]},{"@type":"WebSite","@id":"https:\/\/blog.holyart.it\/fr\/#website","url":"https:\/\/blog.holyart.it\/fr\/","name":"Holyart.fr Blog","description":"Holyblog","publisher":{"@id":"https:\/\/blog.holyart.it\/fr\/#organization"},"potentialAction":[{"@type":"SearchAction","target":{"@type":"EntryPoint","urlTemplate":"https:\/\/blog.holyart.it\/fr\/?s={search_term_string}"},"query-input":{"@type":"PropertyValueSpecification","valueRequired":true,"valueName":"search_term_string"}}],"inLanguage":"fr-FR"},{"@type":"Organization","@id":"https:\/\/blog.holyart.it\/fr\/#organization","name":"Holyart.fr Blog","url":"https:\/\/blog.holyart.it\/fr\/","logo":{"@type":"ImageObject","inLanguage":"fr-FR","@id":"https:\/\/blog.holyart.it\/fr\/#\/schema\/logo\/image\/","url":"https:\/\/blog.holyart.it\/fr\/wp-content\/uploads\/sites\/14\/2022\/12\/Holyart_Blog_Logo.jpg","contentUrl":"https:\/\/blog.holyart.it\/fr\/wp-content\/uploads\/sites\/14\/2022\/12\/Holyart_Blog_Logo.jpg","width":300,"height":50,"caption":"Holyart.fr Blog"},"image":{"@id":"https:\/\/blog.holyart.it\/fr\/#\/schema\/logo\/image\/"}},{"@type":"Person","@id":"https:\/\/blog.holyart.it\/fr\/#\/schema\/person\/0a7b686e5af0f856ec1e390dd0baecda","name":"Redazione","image":{"@type":"ImageObject","inLanguage":"fr-FR","@id":"https:\/\/blog.holyart.it\/fr\/#\/schema\/person\/image\/","url":"https:\/\/secure.gravatar.com\/avatar\/f477da817f43e50d0af36abecd33e3edf826c68299714bdc1057dff3b113f516?s=96&d=mm&r=g","contentUrl":"https:\/\/secure.gravatar.com\/avatar\/f477da817f43e50d0af36abecd33e3edf826c68299714bdc1057dff3b113f516?s=96&d=mm&r=g","caption":"Redazione"},"url":"https:\/\/blog.holyart.it\/fr\/author\/admin\/"}]}},"_links":{"self":[{"href":"https:\/\/blog.holyart.it\/fr\/wp-json\/wp\/v2\/posts\/11879","targetHints":{"allow":["GET"]}}],"collection":[{"href":"https:\/\/blog.holyart.it\/fr\/wp-json\/wp\/v2\/posts"}],"about":[{"href":"https:\/\/blog.holyart.it\/fr\/wp-json\/wp\/v2\/types\/post"}],"author":[{"embeddable":true,"href":"https:\/\/blog.holyart.it\/fr\/wp-json\/wp\/v2\/users\/1"}],"replies":[{"embeddable":true,"href":"https:\/\/blog.holyart.it\/fr\/wp-json\/wp\/v2\/comments?post=11879"}],"version-history":[{"count":2,"href":"https:\/\/blog.holyart.it\/fr\/wp-json\/wp\/v2\/posts\/11879\/revisions"}],"predecessor-version":[{"id":11887,"href":"https:\/\/blog.holyart.it\/fr\/wp-json\/wp\/v2\/posts\/11879\/revisions\/11887"}],"wp:featuredmedia":[{"embeddable":true,"href":"https:\/\/blog.holyart.it\/fr\/wp-json\/wp\/v2\/media\/11882"}],"wp:attachment":[{"href":"https:\/\/blog.holyart.it\/fr\/wp-json\/wp\/v2\/media?parent=11879"}],"wp:term":[{"taxonomy":"category","embeddable":true,"href":"https:\/\/blog.holyart.it\/fr\/wp-json\/wp\/v2\/categories?post=11879"},{"taxonomy":"post_tag","embeddable":true,"href":"https:\/\/blog.holyart.it\/fr\/wp-json\/wp\/v2\/tags?post=11879"}],"curies":[{"name":"wp","href":"https:\/\/api.w.org\/{rel}","templated":true}]}}