{"id":11841,"date":"2026-01-07T10:00:04","date_gmt":"2026-01-07T09:00:04","guid":{"rendered":"https:\/\/blog.holyart.it\/fr\/?p=11841"},"modified":"2026-01-27T14:44:20","modified_gmt":"2026-01-27T13:44:20","slug":"saint-sebastien-et-son-martyre-pour-aider-les-chretiens-persecutes","status":"publish","type":"post","link":"https:\/\/blog.holyart.it\/fr\/saints-et-bienheureux\/saint-sebastien-et-son-martyre-pour-aider-les-chretiens-persecutes\/","title":{"rendered":"Saint S\u00e9bastien et son martyre pour aider les chr\u00e9tiens pers\u00e9cut\u00e9s"},"content":{"rendered":"<h4>Saint S\u00e9bastien fut un militaire romain int\u00e8gre avant d\u2019\u00eatre un martyr chr\u00e9tien. Son histoire est un exemple de courage et d\u2019honneur encore aujourd\u2019hui.<\/h4>\n\n<p>De haut officier de l\u2019arm\u00e9e romaine \u00e0 Saint martyr, tu\u00e9 par ses propres soldats et ses fr\u00e8res d\u2019armes au nom de sa religion, <strong>Saint S\u00e9bastien<\/strong> \u00e9merge dans le panorama des <a href=\"https:\/\/www.holyart.fr\/blog\/articles-religieux\/saints-martyrs-sacrifier-sa-vie-au-nom-de-dieu\/\"><strong><u>martyrs chr\u00e9tiens<\/u><\/strong><\/a> comme un exemple de courage, honneur et foi inconditionnelle. Son histoire est impr\u00e9gn\u00e9e de sacrifice et d\u00e9votion, une illustration vivante de l\u2019ardent esprit chr\u00e9tien face \u00e0 la pers\u00e9cution, mais d\u00e9montre \u00e9galement la valeur et le sens de l\u2019honneur d\u2019un homme qui ne manqua pas \u00e0 ses valeurs et ses devoirs. Ce n\u2019est pas un hasard si, parmi ses patronats, il y a \u00e9galement celui des <strong>hommes d\u2019honneur<\/strong>, ceux qui cherchent \u00e0 vivre avec int\u00e9grit\u00e9, honn\u00eatet\u00e9 et dignit\u00e9 dans leurs actions et leurs relations.<\/p>\n<div class=\"link-article\">\n<p><img loading=\"lazy\" decoding=\"async\" class=\"size-full wp-image-11843 alignleft\" src=\"https:\/\/blog.holyart.it\/fr\/wp-content\/uploads\/sites\/14\/2026\/01\/Saints-Martyrs.jpg\" alt=\"Saints Martyrs\" width=\"150\" height=\"99\" data-kale-share-title=\"Saint S\u00e9bastien et son martyre pour aider les chr\u00e9tiens pers\u00e9cut\u00e9s\" data-kale-share-url=\"https:\/\/blog.holyart.it\/fr\/?p=11841\" \/><\/p>\n<div class=\"leggi-anche\">Lire aussi :<\/div>\n<p><strong><a href=\"https:\/\/www.holyart.fr\/blog\/articles-religieux\/saints-martyrs-sacrifier-sa-vie-au-nom-de-dieu\/\">Saints Martyrs : sacrifier sa vie au nom de Dieu<\/a><\/strong><br \/>\nLes Saints Martyrs sont des hommes et des femmes, souvent tr\u00e8s jeunes, qui ont sacrifi\u00e9 leur vie pour amour de Dieu et&#8230;<\/p>\n<\/div>\n<p>Militaire et fervent croyant, Saint S\u00e9bastien fait partie de la <em>Militia Christi<\/em>, i.e. de ces Saints qui furent militaires dans leurs vies, sans montrer de conflit entre leur foi chr\u00e9tienne et leur profession militaire. \u00c0 part lui, il y a <a href=\"https:\/\/www.holyart.fr\/blog\/articles-religieux\/la-legende-de-saint-george-et-le-dragon\/\"><strong><u>Saint George<\/u><\/strong><\/a>, un militaire de carri\u00e8re, qui subit le martyre pour son refus d\u2019offrir des sacrifices aux dieux pa\u00efens, et <strong>Saint Maurice<\/strong>, figure de proue parmi les martyrs de la l\u00e9gion th\u00e9baine, un soldat qui refusa d\u2019\u00eatre employ\u00e9 pour pers\u00e9cuter d\u2019autres chr\u00e9tiens. Tous ces Saints sont unis par la d\u00e9termination \u00e0 maintenir la <strong>coh\u00e9rence entre la foi et le r\u00f4le militaire<\/strong>, en faisant de leurs actions une expression coh\u00e9rente des valeurs qu\u2019ils professaient.<\/p>\n<p>Sa m\u00e9moire liturgique tombe le 20 janvier, date de sa mort, pour l\u2019\u00c9glise occidentale et le 18 d\u00e9cembre pour l\u2019\u00c9glise orientale.<\/p>\n<div class=\"link-article\">\n<p><img loading=\"lazy\" decoding=\"async\" class=\"size-full wp-image-11844 alignleft\" src=\"https:\/\/blog.holyart.it\/fr\/wp-content\/uploads\/sites\/14\/2026\/01\/saint-george.jpeg\" alt=\"saint george\" width=\"150\" height=\"99\" data-kale-share-title=\"Saint S\u00e9bastien et son martyre pour aider les chr\u00e9tiens pers\u00e9cut\u00e9s\" data-kale-share-url=\"https:\/\/blog.holyart.it\/fr\/?p=11841\" \/><\/p>\n<div class=\"leggi-anche\">Lire aussi :<\/div>\n<p><strong><a href=\"https:\/\/www.holyart.fr\/blog\/articles-religieux\/la-legende-de-saint-george-et-le-dragon\/\">La l\u00e9gende de Saint George et le dragon<\/a><\/strong><br \/>\nLa l\u00e9gende de Saint George et le dragon est devenue avec le temps une parabole de la lutte entre le bien et le mal&#8230;<\/p>\n<\/div>\n<h2>La vie de Saint S\u00e9bastien<\/h2>\n<p>Saint S\u00e9bastien Martyr v\u00e9cut au IIIe si\u00e8cle apr. J.-C., sous la domination de l\u2019empereur Diocl\u00e9tien. Originaire de Narbo Martius, en Gaule, du c\u00f4t\u00e9 de son p\u00e8re, et instruit \u00e0 Milan, ville dont provenait sa m\u00e8re et o\u00f9 il connut et fut conquis par la religion chr\u00e9tienne, <strong>il d\u00e9m\u00e9nagea ensuite \u00e0 Rome<\/strong>, o\u00f9 il gravit rapidement les \u00e9chelons de l\u2019arm\u00e9e imp\u00e9riale jusqu\u2019\u00e0 devenir <strong>tribun dans la premi\u00e8re cour pr\u00e9toire<\/strong>, en pratique les gardes du corps de l\u2019empereur. C\u2019est justement gr\u00e2ce \u00e0 cette fonction prestigieuse que, quand l\u2019Empereur d\u00e9cha\u00eena sa terrible <a href=\"https:\/\/www.holyart.fr\/blog\/articles-religieux\/les-martyrs-dotrante-le-sacrifice-des-813-habitants-au-nom-de-la-foi\/\"><strong><u>pers\u00e9cution contre les chr\u00e9tiens<\/u><\/strong><\/a>, S\u00e9bastien put se permettre d\u2019aider dans le secret les compagnons emprisonn\u00e9s, en les prot\u00e9geant et, quand il ne pouvait faire autrement, en leur garantissant une s\u00e9pulture digne. Et ce n\u2019est pas tout\u00a0: fort de sa position, Saint S\u00e9bastien s\u2019engagea \u00e0 <strong>diffuser le Christianisme<\/strong> parmi les fonctionnaires et les militaires de la cour imp\u00e9riale.<\/p>\n<div class=\"link-article\">\n<p><img loading=\"lazy\" decoding=\"async\" class=\"size-full wp-image-11845 alignleft\" src=\"https:\/\/blog.holyart.it\/fr\/wp-content\/uploads\/sites\/14\/2026\/01\/Les-martyrs-dOtrante.jpg\" alt=\"Les martyrs d\u2019Otrante\" width=\"150\" height=\"99\" data-kale-share-title=\"Saint S\u00e9bastien et son martyre pour aider les chr\u00e9tiens pers\u00e9cut\u00e9s\" data-kale-share-url=\"https:\/\/blog.holyart.it\/fr\/?p=11841\" \/><\/p>\n<div class=\"leggi-anche\">Lire aussi :<\/div>\n<p><strong><a href=\"https:\/\/www.holyart.fr\/blog\/articles-religieux\/les-martyrs-dotrante-le-sacrifice-des-813-habitants-au-nom-de-la-foi\/\">Les martyrs d\u2019Otrante : le sacrifice des 813 habitants au nom de la foi<\/a><\/strong><br \/>\nUn village entier peut-il \u00eatre canonis\u00e9 ? C\u2019est ce qui est arriv\u00e9 aux martyrs d\u2019Otrante, 800 martyrs au nom de la foi&#8230;<\/p>\n<\/div>\n<h2>Le martyre de Saint S\u00e9bastien<\/h2>\n<p>Quand Diocl\u00e9tien d\u00e9couvrit qu\u2019un de ses gardes les plus fid\u00e8les aidait ceux qu\u2019il avait jur\u00e9 de pers\u00e9cuter et d\u2019an\u00e9antir, sa col\u00e8re fut renversante. Il ordonna que <a href=\"https:\/\/www.holyart.fr\/articles-religieux\/statues\/statues-en-resine-et-pvc\/saint-sebastien-20-cm-statue-en-resine\"><strong>S\u00e9bastien soit attach\u00e9 \u00e0 un arbre<\/strong> <\/a>sur le mont Palatin et transperc\u00e9 avec tellement de fl\u00e8ches qu\u2019il en soit compl\u00e8tement recouvert. Le croyant mort, les soldats l\u2019abandonn\u00e8rent, mais une matrone chr\u00e9tienne du nom d\u2019Ir\u00e8ne le recueillit et, en s\u2019apercevant qu\u2019il \u00e9tait encore vivant, l\u2019amena chez elle pour le soigner.<\/p>\n<p>Quand il reprit des forces, S\u00e9bastien se pr\u00e9senta au palais imp\u00e9rial et accusa publiquement Diocl\u00e9tien pour sa pers\u00e9cution vis-\u00e0-vis des chr\u00e9tiens. L\u2019empereur, stup\u00e9fait en le voyant de nouveau devant lui, commanda cette fois qu\u2019il soit fouett\u00e9 \u00e0 mort et jet\u00e9 dans les \u00e9gouts de la ville. De nouveau, ce fut une femme, Lucine, qui r\u00e9cup\u00e9ra le corps du Saint et lui garantit une digne s\u00e9pulture chr\u00e9tienne dans les catacombes qui prirent ensuite son nom.<\/p>\n<div class=\"link-product\">\n<div class=\"blocco-immagine\"><img loading=\"lazy\" decoding=\"async\" class=\"size-full wp-image-11847 alignleft\" src=\"https:\/\/blog.holyart.it\/fr\/wp-content\/uploads\/sites\/14\/2026\/01\/Saint-Sebastien-20-cm-statue-en-resine.jpg\" alt=\"Saint S\u00e9bastien 20 cm statue en r\u00e9sine\" width=\"100\" height=\"100\" data-kale-share-title=\"Saint S\u00e9bastien et son martyre pour aider les chr\u00e9tiens pers\u00e9cut\u00e9s\" data-kale-share-url=\"https:\/\/blog.holyart.it\/fr\/?p=11841\" \/><\/div>\n<div class=\"blocco-contenuto\">\n<div class=\"blocco-acquista\">Acheter sur Holyart:<\/div>\n<div class=\"blocco-titolo\"><a href=\"https:\/\/www.holyart.fr\/articles-religieux\/statues\/statues-en-resine-et-pvc\/saint-sebastien-20-cm-statue-en-resine\">Saint S\u00e9bastien 20 cm statue en r\u00e9sine<\/a><\/div>\n<div class=\"blocco-descrizione\">Statue de Saint S\u00e9bastien, r\u00e9alis\u00e9e en r\u00e9sine et enti\u00e8rement peinte \u00e0 la main&#8230;<\/div>\n<\/div>\n<\/div>\n<p>Sur ces catacombes fut \u00e9rig\u00e9e ensuite une Basilique et, de l\u00e0, se d\u00e9veloppa un culte important qui se r\u00e9pandit \u00e0 d\u2019autres endroits de Rome, avec la construction de nouvelles \u00e9glises, souvent aux endroits mentionn\u00e9s dans la Passion de Saint S\u00e9bastien. Au Xe si\u00e8cle, une \u00e9glise d\u00e9di\u00e9e au culte du Saint surgissait probablement sur le mont Palatin, sur les ruines du temple d\u2019\u00c9lagabal, o\u00f9 S\u00e9bastien s\u2019\u00e9tait \u00e9rig\u00e9 en accusateur de Diocl\u00e9tien.<\/p>\n<h2>Qu\u2019est-ce que Saint S\u00e9bastien prot\u00e8ge?<\/h2>\n<p>L\u2019histoire de Saint S\u00e9bastien continue d\u2019\u00eatre encore aujourd\u2019hui une source d\u2019inspiration pour les chr\u00e9tiens du monde entier qui affrontent des pers\u00e9cutions. Son courage d\u2019affronter la brutalit\u00e9 avec dignit\u00e9 et sa ferme adh\u00e9sion \u00e0 la foi chr\u00e9tienne sont un phare d\u2019espoir dans des p\u00e9riodes sombres. \u00c0 une \u00e9poque o\u00f9 de nombreux chr\u00e9tiens sont pers\u00e9cut\u00e9s \u00e0 cause de leur foi, la figure de Saint S\u00e9bastien offre r\u00e9confort et force.<\/p>\n<p>Outre comme protecteur des hommes d\u2019honneur, Saint S\u00e9bastien est \u00e9galement v\u00e9n\u00e9r\u00e9 en tant que protecteur d\u2019autres cat\u00e9gories d\u2019hommes, justement pour sa facult\u00e9 \u00e0 savoir incarner une ample gamme de significations et de symboles, surtout pour qui op\u00e8re dans le milieu de la s\u00e9curit\u00e9 et de la d\u00e9fense. Il est en effet le Saint Patron de la <strong>police locale<\/strong> et des <strong>militaires<\/strong>.<\/p>\n<p>De la m\u00eame mani\u00e8re, S\u00e9bastien est invoqu\u00e9 comme <a href=\"https:\/\/www.holyart.fr\/articles-religieux\/statues\/statues-en-bois-peint\/statue-de-saint-sebastien-en-bois-peint-de-la-valgardena\"><strong>protecteur des souffrants<\/strong><\/a>, un intercesseur pour ceux qui font face \u00e0 la douleur physique ou \u00e9motive.<\/p>\n<div class=\"link-product\">\n<div class=\"blocco-immagine\"><img loading=\"lazy\" decoding=\"async\" class=\"size-full wp-image-11848 alignleft\" src=\"https:\/\/blog.holyart.it\/fr\/wp-content\/uploads\/sites\/14\/2026\/01\/Statue-de-Saint-Sebastien-en-bois-peint-de-la-Valgardena.jpg\" alt=\"Statue de Saint S\u00e9bastien en bois peint de la Valgardena\" width=\"100\" height=\"100\" data-kale-share-title=\"Saint S\u00e9bastien et son martyre pour aider les chr\u00e9tiens pers\u00e9cut\u00e9s\" data-kale-share-url=\"https:\/\/blog.holyart.it\/fr\/?p=11841\" \/><\/div>\n<div class=\"blocco-contenuto\">\n<div class=\"blocco-acquista\">Acheter sur Holyart:<\/div>\n<div class=\"blocco-titolo\"><a href=\"https:\/\/www.holyart.fr\/articles-religieux\/statues\/statues-en-bois-peint\/statue-de-saint-sebastien-en-bois-peint-de-la-valgardena\">Statue de Saint S\u00e9bastien en bois peint de la Valgardena<\/a><\/div>\n<div class=\"blocco-descrizione\">Statue en bois peint repr\u00e9sentant Saint S\u00e9bastien, taill\u00e9e en Valgardena (Italie) dans une entreprise sp\u00e9cialis\u00e9e&#8230;<\/div>\n<\/div>\n<\/div>\n<p>Encore, mais pas moins important, il est saint protecteur des <strong>archers<\/strong>, des <strong>arbal\u00e9triers<\/strong>, des <strong>arquebusiers<\/strong>, \u00e0 cause de son terrible martyre, et des <strong>tapissiers<\/strong>, des <strong>tailleurs<\/strong> <strong>de<\/strong> <strong>pierre<\/strong>, des <strong>forgerons<\/strong>, des <strong>pompiers<\/strong> et des <strong>jardiniers<\/strong>.<\/p>\n<p>La diversit\u00e9 des cat\u00e9gories qui le consid\u00e8rent comme leur saint patron souligne son influence et sa capacit\u00e9 \u00e0 inspirer et prot\u00e9ger des personnes provenant de sph\u00e8res diff\u00e9rentes de la vie. Sa v\u00e9n\u00e9ration comme saint patron de ces diff\u00e9rentes cat\u00e9gories repr\u00e9sente l\u2019ample impacte que son histoire et sa d\u00e9votion ont eu au cours des si\u00e8cles.<\/p>\n<p>Dans les temps anciens, Saint S\u00e9bastien \u00e9tait v\u00e9n\u00e9r\u00e9 comme <a href=\"https:\/\/www.holyart.fr\/blog\/saints-et-bienheureux\/saints-guerisseurs-auxquels-sadresser-contre-les-maladies\/\"><strong><u>protecteur contre la peste<\/u><\/strong><\/a>. Cela \u00e0 cause des blessures et des plaies qui lui recouvraient le corps. Sa figure \u00e9tait particuli\u00e8rement ch\u00e8re aux Confr\u00e9ries de la Mis\u00e9ricorde, gr\u00e2ce \u00e0 sa r\u00e9putation de sauveur des souffrants, gagnant ainsi une place importante parmi les saints invoqu\u00e9s contre la peste et les \u00e9pid\u00e9mies. La connexion entre S\u00e9bastien et la peste peut \u00eatre attribu\u00e9e au fait que les blessures inflig\u00e9es par les fl\u00e8ches ressemblent aux l\u00e9sions provoqu\u00e9es par la maladie. Ce lien visuel a contribu\u00e9 \u00e0 renforcer son association avec la protection contre ces terribles afflictions, alimentant sa v\u00e9n\u00e9ration et son invocation incessante comme d\u00e9fenseur contre les \u00e9pid\u00e9mies. <strong>Saint Charles Borrom\u00e9e<\/strong> fit \u00e9riger en l\u2019honneur du Saint le <strong>Civico Tempio di San Sabastiano<\/strong>, qui encore aujourd\u2019hui surgit pr\u00e8s du D\u00f4me de Milan, en tant que ex-voto pour avoir sauv\u00e9 la ville du fl\u00e9au de la peste qui l\u2019avait touch\u00e9e en 1576.<\/p>\n<div class=\"link-article\">\n<p><img loading=\"lazy\" decoding=\"async\" class=\"size-full wp-image-11849 alignleft\" src=\"https:\/\/blog.holyart.it\/fr\/wp-content\/uploads\/sites\/14\/2026\/01\/Saints-Guerisseurs.jpg\" alt=\"Saints Gu\u00e9risseurs\" width=\"150\" height=\"99\" data-kale-share-title=\"Saint S\u00e9bastien et son martyre pour aider les chr\u00e9tiens pers\u00e9cut\u00e9s\" data-kale-share-url=\"https:\/\/blog.holyart.it\/fr\/?p=11841\" \/><\/p>\n<div class=\"leggi-anche\">Lire aussi :<\/div>\n<p><strong><a href=\"https:\/\/www.holyart.fr\/blog\/saints-et-bienheureux\/saints-guerisseurs-auxquels-sadresser-contre-les-maladies\/\">Saints Gu\u00e9risseurs auxquels s\u2019adresser contre les maladies<\/a><\/strong><br \/>\nDepuis toujours, l\u2019homme invoque Dieu demandant aide et r\u00e9confort en cas de maladies graves&#8230;<\/p>\n<\/div>\n<p>M\u00eame si la peste a \u00e9t\u00e9 \u00e9radiqu\u00e9e, les <strong>Confr\u00e9ries de la Mis\u00e9ricorde<\/strong> italienne revendiquent encore aujourd\u2019hui Saint S\u00e9bastien comme leur saint patron, en vertu de son r\u00f4le de sauveur des martyris\u00e9s et des souffrants, lui qui prot\u00e9geait et secourait ses compagnons tu\u00e9s pour leur foi chr\u00e9tienne. Encore aujourd\u2019hui, les Mis\u00e9ricordes, inspir\u00e9es de son exemple, continuent d\u2019incarner ce m\u00eame esprit de secours et d\u2019assistance. \u00c0 travers l\u2019engagement de leurs b\u00e9n\u00e9voles, ils g\u00e8rent un vaste r\u00e9seau de services socio-sanitaires, enracin\u00e9s dans les valeurs chr\u00e9tiennes, qui visent \u00e0 supporter ceux qui se trouvent en conditions de souffrance et de besoin en maintenant vivant l\u2019esprit de compassion et de solidarit\u00e9 du Saint, en offrant un soutien concret \u00e0 tous ceux qui en ont besoin, en suivant une inspiration profond\u00e9ment enracin\u00e9e dans les principes chr\u00e9tiens d\u2019assistance et d\u2019amour fraternel.<\/p>\n","protected":false},"excerpt":{"rendered":"<p>Saint S\u00e9bastien fut un militaire romain int\u00e8gre avant d\u2019\u00eatre un martyr chr\u00e9tien. Son histoire est un exemple de courage et d\u2019honneur encore aujourd\u2019hui. De haut officier de l\u2019arm\u00e9e romaine \u00e0 Saint martyr, tu\u00e9 par ses propres soldats et ses fr\u00e8res d\u2019armes au nom de sa&hellip;<\/p>\n","protected":false},"author":1,"featured_media":11842,"comment_status":"closed","ping_status":"open","sticky":false,"template":"","format":"standard","meta":{"_acf_changed":false,"footnotes":""},"categories":[7],"tags":[],"class_list":["post-11841","post","type-post","status-publish","format-standard","has-post-thumbnail","hentry","category-saints-et-bienheureux"],"acf":[],"yoast_head":"<!-- This site is optimized with the Yoast SEO plugin v26.6 - https:\/\/yoast.com\/wordpress\/plugins\/seo\/ -->\n<title>Saint S\u00e9bastien et son martyre pour aider les chr\u00e9tiens pers\u00e9cut\u00e9s - Holyart.fr Blog<\/title>\n<meta name=\"description\" content=\"Saint S\u00e9bastien milita avec honneur et courage dans l\u2019arm\u00e9e romaine avant d\u2019\u00eatre martyris\u00e9 par ses propres compagnons d\u2019armes au nom de...\" \/>\n<meta name=\"robots\" content=\"index, follow, max-snippet:-1, max-image-preview:large, max-video-preview:-1\" \/>\n<link rel=\"canonical\" href=\"https:\/\/blog.holyart.it\/fr\/saints-et-bienheureux\/saint-sebastien-et-son-martyre-pour-aider-les-chretiens-persecutes\/\" \/>\n<meta property=\"og:locale\" content=\"fr_FR\" \/>\n<meta property=\"og:type\" content=\"article\" \/>\n<meta property=\"og:title\" content=\"Saint S\u00e9bastien et son martyre pour aider les chr\u00e9tiens pers\u00e9cut\u00e9s - Holyart.fr Blog\" \/>\n<meta property=\"og:description\" content=\"Saint S\u00e9bastien milita avec honneur et courage dans l\u2019arm\u00e9e romaine avant d\u2019\u00eatre martyris\u00e9 par ses propres compagnons d\u2019armes au nom de...\" \/>\n<meta property=\"og:url\" content=\"https:\/\/blog.holyart.it\/fr\/saints-et-bienheureux\/saint-sebastien-et-son-martyre-pour-aider-les-chretiens-persecutes\/\" \/>\n<meta property=\"og:site_name\" content=\"Holyart.fr Blog\" \/>\n<meta property=\"article:published_time\" content=\"2026-01-07T09:00:04+00:00\" \/>\n<meta property=\"article:modified_time\" content=\"2026-01-27T13:44:20+00:00\" \/>\n<meta property=\"og:image\" content=\"https:\/\/blog.holyart.it\/fr\/wp-content\/uploads\/sites\/14\/2026\/01\/Saint-Sebastien.jpg\" \/>\n\t<meta property=\"og:image:width\" content=\"1000\" \/>\n\t<meta property=\"og:image:height\" content=\"666\" \/>\n\t<meta property=\"og:image:type\" content=\"image\/jpeg\" \/>\n<meta name=\"author\" content=\"Redazione\" \/>\n<meta name=\"twitter:card\" content=\"summary_large_image\" \/>\n<meta name=\"twitter:label1\" content=\"\u00c9crit par\" \/>\n\t<meta name=\"twitter:data1\" content=\"Redazione\" \/>\n\t<meta name=\"twitter:label2\" content=\"Dur\u00e9e de lecture estim\u00e9e\" \/>\n\t<meta name=\"twitter:data2\" content=\"9 minutes\" \/>\n<script type=\"application\/ld+json\" class=\"yoast-schema-graph\">{\"@context\":\"https:\/\/schema.org\",\"@graph\":[{\"@type\":\"Article\",\"@id\":\"https:\/\/blog.holyart.it\/fr\/saints-et-bienheureux\/saint-sebastien-et-son-martyre-pour-aider-les-chretiens-persecutes\/#article\",\"isPartOf\":{\"@id\":\"https:\/\/blog.holyart.it\/fr\/saints-et-bienheureux\/saint-sebastien-et-son-martyre-pour-aider-les-chretiens-persecutes\/\"},\"author\":{\"name\":\"Redazione\",\"@id\":\"https:\/\/blog.holyart.it\/fr\/#\/schema\/person\/0a7b686e5af0f856ec1e390dd0baecda\"},\"headline\":\"Saint S\u00e9bastien et son martyre pour aider les chr\u00e9tiens pers\u00e9cut\u00e9s\",\"datePublished\":\"2026-01-07T09:00:04+00:00\",\"dateModified\":\"2026-01-27T13:44:20+00:00\",\"mainEntityOfPage\":{\"@id\":\"https:\/\/blog.holyart.it\/fr\/saints-et-bienheureux\/saint-sebastien-et-son-martyre-pour-aider-les-chretiens-persecutes\/\"},\"wordCount\":1601,\"publisher\":{\"@id\":\"https:\/\/blog.holyart.it\/fr\/#organization\"},\"image\":{\"@id\":\"https:\/\/blog.holyart.it\/fr\/saints-et-bienheureux\/saint-sebastien-et-son-martyre-pour-aider-les-chretiens-persecutes\/#primaryimage\"},\"thumbnailUrl\":\"https:\/\/blog.holyart.it\/fr\/wp-content\/uploads\/sites\/14\/2026\/01\/Saint-Sebastien.jpg\",\"articleSection\":[\"Saints et Bienheureux\"],\"inLanguage\":\"fr-FR\"},{\"@type\":\"WebPage\",\"@id\":\"https:\/\/blog.holyart.it\/fr\/saints-et-bienheureux\/saint-sebastien-et-son-martyre-pour-aider-les-chretiens-persecutes\/\",\"url\":\"https:\/\/blog.holyart.it\/fr\/saints-et-bienheureux\/saint-sebastien-et-son-martyre-pour-aider-les-chretiens-persecutes\/\",\"name\":\"Saint S\u00e9bastien et son martyre pour aider les chr\u00e9tiens pers\u00e9cut\u00e9s - Holyart.fr Blog\",\"isPartOf\":{\"@id\":\"https:\/\/blog.holyart.it\/fr\/#website\"},\"primaryImageOfPage\":{\"@id\":\"https:\/\/blog.holyart.it\/fr\/saints-et-bienheureux\/saint-sebastien-et-son-martyre-pour-aider-les-chretiens-persecutes\/#primaryimage\"},\"image\":{\"@id\":\"https:\/\/blog.holyart.it\/fr\/saints-et-bienheureux\/saint-sebastien-et-son-martyre-pour-aider-les-chretiens-persecutes\/#primaryimage\"},\"thumbnailUrl\":\"https:\/\/blog.holyart.it\/fr\/wp-content\/uploads\/sites\/14\/2026\/01\/Saint-Sebastien.jpg\",\"datePublished\":\"2026-01-07T09:00:04+00:00\",\"dateModified\":\"2026-01-27T13:44:20+00:00\",\"description\":\"Saint S\u00e9bastien milita avec honneur et courage dans l\u2019arm\u00e9e romaine avant d\u2019\u00eatre martyris\u00e9 par ses propres compagnons d\u2019armes au nom de...\",\"breadcrumb\":{\"@id\":\"https:\/\/blog.holyart.it\/fr\/saints-et-bienheureux\/saint-sebastien-et-son-martyre-pour-aider-les-chretiens-persecutes\/#breadcrumb\"},\"inLanguage\":\"fr-FR\",\"potentialAction\":[{\"@type\":\"ReadAction\",\"target\":[\"https:\/\/blog.holyart.it\/fr\/saints-et-bienheureux\/saint-sebastien-et-son-martyre-pour-aider-les-chretiens-persecutes\/\"]}]},{\"@type\":\"ImageObject\",\"inLanguage\":\"fr-FR\",\"@id\":\"https:\/\/blog.holyart.it\/fr\/saints-et-bienheureux\/saint-sebastien-et-son-martyre-pour-aider-les-chretiens-persecutes\/#primaryimage\",\"url\":\"https:\/\/blog.holyart.it\/fr\/wp-content\/uploads\/sites\/14\/2026\/01\/Saint-Sebastien.jpg\",\"contentUrl\":\"https:\/\/blog.holyart.it\/fr\/wp-content\/uploads\/sites\/14\/2026\/01\/Saint-Sebastien.jpg\",\"width\":1000,\"height\":666,\"caption\":\"Saint S\u00e9bastien\"},{\"@type\":\"BreadcrumbList\",\"@id\":\"https:\/\/blog.holyart.it\/fr\/saints-et-bienheureux\/saint-sebastien-et-son-martyre-pour-aider-les-chretiens-persecutes\/#breadcrumb\",\"itemListElement\":[{\"@type\":\"ListItem\",\"position\":1,\"name\":\"Homepage\",\"item\":\"https:\/\/blog.holyart.it\/fr\/\"},{\"@type\":\"ListItem\",\"position\":2,\"name\":\"Saints et Bienheureux\",\"item\":\"https:\/\/blog.holyart.it\/fr\/saints-et-bienheureux\/\"},{\"@type\":\"ListItem\",\"position\":3,\"name\":\"Saint S\u00e9bastien et son martyre pour aider les chr\u00e9tiens pers\u00e9cut\u00e9s\"}]},{\"@type\":\"WebSite\",\"@id\":\"https:\/\/blog.holyart.it\/fr\/#website\",\"url\":\"https:\/\/blog.holyart.it\/fr\/\",\"name\":\"Holyart.fr Blog\",\"description\":\"Holyblog\",\"publisher\":{\"@id\":\"https:\/\/blog.holyart.it\/fr\/#organization\"},\"potentialAction\":[{\"@type\":\"SearchAction\",\"target\":{\"@type\":\"EntryPoint\",\"urlTemplate\":\"https:\/\/blog.holyart.it\/fr\/?s={search_term_string}\"},\"query-input\":{\"@type\":\"PropertyValueSpecification\",\"valueRequired\":true,\"valueName\":\"search_term_string\"}}],\"inLanguage\":\"fr-FR\"},{\"@type\":\"Organization\",\"@id\":\"https:\/\/blog.holyart.it\/fr\/#organization\",\"name\":\"Holyart.fr Blog\",\"url\":\"https:\/\/blog.holyart.it\/fr\/\",\"logo\":{\"@type\":\"ImageObject\",\"inLanguage\":\"fr-FR\",\"@id\":\"https:\/\/blog.holyart.it\/fr\/#\/schema\/logo\/image\/\",\"url\":\"https:\/\/blog.holyart.it\/fr\/wp-content\/uploads\/sites\/14\/2022\/12\/Holyart_Blog_Logo.jpg\",\"contentUrl\":\"https:\/\/blog.holyart.it\/fr\/wp-content\/uploads\/sites\/14\/2022\/12\/Holyart_Blog_Logo.jpg\",\"width\":300,\"height\":50,\"caption\":\"Holyart.fr Blog\"},\"image\":{\"@id\":\"https:\/\/blog.holyart.it\/fr\/#\/schema\/logo\/image\/\"}},{\"@type\":\"Person\",\"@id\":\"https:\/\/blog.holyart.it\/fr\/#\/schema\/person\/0a7b686e5af0f856ec1e390dd0baecda\",\"name\":\"Redazione\",\"image\":{\"@type\":\"ImageObject\",\"inLanguage\":\"fr-FR\",\"@id\":\"https:\/\/blog.holyart.it\/fr\/#\/schema\/person\/image\/\",\"url\":\"https:\/\/secure.gravatar.com\/avatar\/f477da817f43e50d0af36abecd33e3edf826c68299714bdc1057dff3b113f516?s=96&d=mm&r=g\",\"contentUrl\":\"https:\/\/secure.gravatar.com\/avatar\/f477da817f43e50d0af36abecd33e3edf826c68299714bdc1057dff3b113f516?s=96&d=mm&r=g\",\"caption\":\"Redazione\"},\"url\":\"https:\/\/blog.holyart.it\/fr\/author\/admin\/\"}]}<\/script>\n<!-- \/ Yoast SEO plugin. -->","yoast_head_json":{"title":"Saint S\u00e9bastien et son martyre pour aider les chr\u00e9tiens pers\u00e9cut\u00e9s - Holyart.fr Blog","description":"Saint S\u00e9bastien milita avec honneur et courage dans l\u2019arm\u00e9e romaine avant d\u2019\u00eatre martyris\u00e9 par ses propres compagnons d\u2019armes au nom de...","robots":{"index":"index","follow":"follow","max-snippet":"max-snippet:-1","max-image-preview":"max-image-preview:large","max-video-preview":"max-video-preview:-1"},"canonical":"https:\/\/blog.holyart.it\/fr\/saints-et-bienheureux\/saint-sebastien-et-son-martyre-pour-aider-les-chretiens-persecutes\/","og_locale":"fr_FR","og_type":"article","og_title":"Saint S\u00e9bastien et son martyre pour aider les chr\u00e9tiens pers\u00e9cut\u00e9s - Holyart.fr Blog","og_description":"Saint S\u00e9bastien milita avec honneur et courage dans l\u2019arm\u00e9e romaine avant d\u2019\u00eatre martyris\u00e9 par ses propres compagnons d\u2019armes au nom de...","og_url":"https:\/\/blog.holyart.it\/fr\/saints-et-bienheureux\/saint-sebastien-et-son-martyre-pour-aider-les-chretiens-persecutes\/","og_site_name":"Holyart.fr Blog","article_published_time":"2026-01-07T09:00:04+00:00","article_modified_time":"2026-01-27T13:44:20+00:00","og_image":[{"width":1000,"height":666,"url":"https:\/\/blog.holyart.it\/fr\/wp-content\/uploads\/sites\/14\/2026\/01\/Saint-Sebastien.jpg","type":"image\/jpeg"}],"author":"Redazione","twitter_card":"summary_large_image","twitter_misc":{"\u00c9crit par":"Redazione","Dur\u00e9e de lecture estim\u00e9e":"9 minutes"},"schema":{"@context":"https:\/\/schema.org","@graph":[{"@type":"Article","@id":"https:\/\/blog.holyart.it\/fr\/saints-et-bienheureux\/saint-sebastien-et-son-martyre-pour-aider-les-chretiens-persecutes\/#article","isPartOf":{"@id":"https:\/\/blog.holyart.it\/fr\/saints-et-bienheureux\/saint-sebastien-et-son-martyre-pour-aider-les-chretiens-persecutes\/"},"author":{"name":"Redazione","@id":"https:\/\/blog.holyart.it\/fr\/#\/schema\/person\/0a7b686e5af0f856ec1e390dd0baecda"},"headline":"Saint S\u00e9bastien et son martyre pour aider les chr\u00e9tiens pers\u00e9cut\u00e9s","datePublished":"2026-01-07T09:00:04+00:00","dateModified":"2026-01-27T13:44:20+00:00","mainEntityOfPage":{"@id":"https:\/\/blog.holyart.it\/fr\/saints-et-bienheureux\/saint-sebastien-et-son-martyre-pour-aider-les-chretiens-persecutes\/"},"wordCount":1601,"publisher":{"@id":"https:\/\/blog.holyart.it\/fr\/#organization"},"image":{"@id":"https:\/\/blog.holyart.it\/fr\/saints-et-bienheureux\/saint-sebastien-et-son-martyre-pour-aider-les-chretiens-persecutes\/#primaryimage"},"thumbnailUrl":"https:\/\/blog.holyart.it\/fr\/wp-content\/uploads\/sites\/14\/2026\/01\/Saint-Sebastien.jpg","articleSection":["Saints et Bienheureux"],"inLanguage":"fr-FR"},{"@type":"WebPage","@id":"https:\/\/blog.holyart.it\/fr\/saints-et-bienheureux\/saint-sebastien-et-son-martyre-pour-aider-les-chretiens-persecutes\/","url":"https:\/\/blog.holyart.it\/fr\/saints-et-bienheureux\/saint-sebastien-et-son-martyre-pour-aider-les-chretiens-persecutes\/","name":"Saint S\u00e9bastien et son martyre pour aider les chr\u00e9tiens pers\u00e9cut\u00e9s - Holyart.fr Blog","isPartOf":{"@id":"https:\/\/blog.holyart.it\/fr\/#website"},"primaryImageOfPage":{"@id":"https:\/\/blog.holyart.it\/fr\/saints-et-bienheureux\/saint-sebastien-et-son-martyre-pour-aider-les-chretiens-persecutes\/#primaryimage"},"image":{"@id":"https:\/\/blog.holyart.it\/fr\/saints-et-bienheureux\/saint-sebastien-et-son-martyre-pour-aider-les-chretiens-persecutes\/#primaryimage"},"thumbnailUrl":"https:\/\/blog.holyart.it\/fr\/wp-content\/uploads\/sites\/14\/2026\/01\/Saint-Sebastien.jpg","datePublished":"2026-01-07T09:00:04+00:00","dateModified":"2026-01-27T13:44:20+00:00","description":"Saint S\u00e9bastien milita avec honneur et courage dans l\u2019arm\u00e9e romaine avant d\u2019\u00eatre martyris\u00e9 par ses propres compagnons d\u2019armes au nom de...","breadcrumb":{"@id":"https:\/\/blog.holyart.it\/fr\/saints-et-bienheureux\/saint-sebastien-et-son-martyre-pour-aider-les-chretiens-persecutes\/#breadcrumb"},"inLanguage":"fr-FR","potentialAction":[{"@type":"ReadAction","target":["https:\/\/blog.holyart.it\/fr\/saints-et-bienheureux\/saint-sebastien-et-son-martyre-pour-aider-les-chretiens-persecutes\/"]}]},{"@type":"ImageObject","inLanguage":"fr-FR","@id":"https:\/\/blog.holyart.it\/fr\/saints-et-bienheureux\/saint-sebastien-et-son-martyre-pour-aider-les-chretiens-persecutes\/#primaryimage","url":"https:\/\/blog.holyart.it\/fr\/wp-content\/uploads\/sites\/14\/2026\/01\/Saint-Sebastien.jpg","contentUrl":"https:\/\/blog.holyart.it\/fr\/wp-content\/uploads\/sites\/14\/2026\/01\/Saint-Sebastien.jpg","width":1000,"height":666,"caption":"Saint S\u00e9bastien"},{"@type":"BreadcrumbList","@id":"https:\/\/blog.holyart.it\/fr\/saints-et-bienheureux\/saint-sebastien-et-son-martyre-pour-aider-les-chretiens-persecutes\/#breadcrumb","itemListElement":[{"@type":"ListItem","position":1,"name":"Homepage","item":"https:\/\/blog.holyart.it\/fr\/"},{"@type":"ListItem","position":2,"name":"Saints et Bienheureux","item":"https:\/\/blog.holyart.it\/fr\/saints-et-bienheureux\/"},{"@type":"ListItem","position":3,"name":"Saint S\u00e9bastien et son martyre pour aider les chr\u00e9tiens pers\u00e9cut\u00e9s"}]},{"@type":"WebSite","@id":"https:\/\/blog.holyart.it\/fr\/#website","url":"https:\/\/blog.holyart.it\/fr\/","name":"Holyart.fr Blog","description":"Holyblog","publisher":{"@id":"https:\/\/blog.holyart.it\/fr\/#organization"},"potentialAction":[{"@type":"SearchAction","target":{"@type":"EntryPoint","urlTemplate":"https:\/\/blog.holyart.it\/fr\/?s={search_term_string}"},"query-input":{"@type":"PropertyValueSpecification","valueRequired":true,"valueName":"search_term_string"}}],"inLanguage":"fr-FR"},{"@type":"Organization","@id":"https:\/\/blog.holyart.it\/fr\/#organization","name":"Holyart.fr Blog","url":"https:\/\/blog.holyart.it\/fr\/","logo":{"@type":"ImageObject","inLanguage":"fr-FR","@id":"https:\/\/blog.holyart.it\/fr\/#\/schema\/logo\/image\/","url":"https:\/\/blog.holyart.it\/fr\/wp-content\/uploads\/sites\/14\/2022\/12\/Holyart_Blog_Logo.jpg","contentUrl":"https:\/\/blog.holyart.it\/fr\/wp-content\/uploads\/sites\/14\/2022\/12\/Holyart_Blog_Logo.jpg","width":300,"height":50,"caption":"Holyart.fr Blog"},"image":{"@id":"https:\/\/blog.holyart.it\/fr\/#\/schema\/logo\/image\/"}},{"@type":"Person","@id":"https:\/\/blog.holyart.it\/fr\/#\/schema\/person\/0a7b686e5af0f856ec1e390dd0baecda","name":"Redazione","image":{"@type":"ImageObject","inLanguage":"fr-FR","@id":"https:\/\/blog.holyart.it\/fr\/#\/schema\/person\/image\/","url":"https:\/\/secure.gravatar.com\/avatar\/f477da817f43e50d0af36abecd33e3edf826c68299714bdc1057dff3b113f516?s=96&d=mm&r=g","contentUrl":"https:\/\/secure.gravatar.com\/avatar\/f477da817f43e50d0af36abecd33e3edf826c68299714bdc1057dff3b113f516?s=96&d=mm&r=g","caption":"Redazione"},"url":"https:\/\/blog.holyart.it\/fr\/author\/admin\/"}]}},"_links":{"self":[{"href":"https:\/\/blog.holyart.it\/fr\/wp-json\/wp\/v2\/posts\/11841","targetHints":{"allow":["GET"]}}],"collection":[{"href":"https:\/\/blog.holyart.it\/fr\/wp-json\/wp\/v2\/posts"}],"about":[{"href":"https:\/\/blog.holyart.it\/fr\/wp-json\/wp\/v2\/types\/post"}],"author":[{"embeddable":true,"href":"https:\/\/blog.holyart.it\/fr\/wp-json\/wp\/v2\/users\/1"}],"replies":[{"embeddable":true,"href":"https:\/\/blog.holyart.it\/fr\/wp-json\/wp\/v2\/comments?post=11841"}],"version-history":[{"count":1,"href":"https:\/\/blog.holyart.it\/fr\/wp-json\/wp\/v2\/posts\/11841\/revisions"}],"predecessor-version":[{"id":11850,"href":"https:\/\/blog.holyart.it\/fr\/wp-json\/wp\/v2\/posts\/11841\/revisions\/11850"}],"wp:featuredmedia":[{"embeddable":true,"href":"https:\/\/blog.holyart.it\/fr\/wp-json\/wp\/v2\/media\/11842"}],"wp:attachment":[{"href":"https:\/\/blog.holyart.it\/fr\/wp-json\/wp\/v2\/media?parent=11841"}],"wp:term":[{"taxonomy":"category","embeddable":true,"href":"https:\/\/blog.holyart.it\/fr\/wp-json\/wp\/v2\/categories?post=11841"},{"taxonomy":"post_tag","embeddable":true,"href":"https:\/\/blog.holyart.it\/fr\/wp-json\/wp\/v2\/tags?post=11841"}],"curies":[{"name":"wp","href":"https:\/\/api.w.org\/{rel}","templated":true}]}}