{"id":11832,"date":"2026-01-05T10:00:44","date_gmt":"2026-01-05T09:00:44","guid":{"rendered":"https:\/\/blog.holyart.it\/fr\/?p=11832"},"modified":"2026-01-27T12:49:44","modified_gmt":"2026-01-27T11:49:44","slug":"quest-ce-que-cest-la-journee-mondiale-de-la-vie-consacree","status":"publish","type":"post","link":"https:\/\/blog.holyart.it\/fr\/articles-religieux\/quest-ce-que-cest-la-journee-mondiale-de-la-vie-consacree\/","title":{"rendered":"Qu\u2019est-ce que c\u2019est la Journ\u00e9e mondiale de la vie consacr\u00e9e?"},"content":{"rendered":"<h4>La Journ\u00e9e de la vie consacr\u00e9e reconnait la pr\u00e9cieuse contribution d\u2019hommes et de femmes qui ont choisi de consacrer leur vie \u00e0 Dieu.<\/h4>\n\n<p>Le 2 f\u00e9vrier 2024, \u00e0 17h30, dans le cadre suggestif de la <a href=\"https:\/\/www.holyart.fr\/blog\/articles-religieux\/basilique-saint-pierre-eglise-symbole-du-monde-chretien\/\"><strong><u>Basilique Saint-Pierre<\/u><\/strong><\/a>, se tiendra la solennelle C\u00e9l\u00e9bration Eucharistique pr\u00e9sid\u00e9e par le <strong>Saint-P\u00e8re Fran\u00e7ois<\/strong> pour la Journ\u00e9e Mondiale de la Vie Consacr\u00e9e. Un \u00e9v\u00e9nement particuli\u00e8rement significatif, puisque cette ann\u00e9e la Messe sera enrichie par la participation des membres de la Rencontre internationale de consacr\u00e9es et consacr\u00e9s, en pr\u00e9paration au <a href=\"https:\/\/www.holyart.fr\/jubile-2025-pelerins-desperance\"><strong><em>Jubil\u00e9 de 2025<\/em><\/strong><\/a> qui aura pour th\u00e8me <em>P\u00e8lerins d\u2019esp\u00e9rance sur le chemin de la paix<\/em>. Cette rencontre offrira une opportunit\u00e9 unique de dialogue, pri\u00e8re et approfondissement spirituel pour ceux qui ont d\u00e9di\u00e9 leur vie \u00e0 la vocation consacr\u00e9e.<\/p>\n<div class=\"link-article\">\n<p><img loading=\"lazy\" decoding=\"async\" class=\"size-full wp-image-11834 alignleft\" src=\"https:\/\/blog.holyart.it\/fr\/wp-content\/uploads\/sites\/14\/2026\/01\/Basilique-Saint-Pierre.jpg\" alt=\"Basilique Saint-Pierre\" width=\"150\" height=\"100\" data-kale-share-title=\"Qu\u2019est-ce que c\u2019est la Journ\u00e9e mondiale de la vie consacr\u00e9e?\" data-kale-share-url=\"https:\/\/blog.holyart.it\/fr\/?p=11832\" \/><\/p>\n<div class=\"leggi-anche\">Lire aussi :<\/div>\n<p><strong><a href=\"https:\/\/www.holyart.fr\/blog\/articles-religieux\/basilique-saint-pierre-eglise-symbole-du-monde-chretien\/\">Basilique Saint-Pierre : \u00c9glise symbole du monde chr\u00e9tien<\/a><\/strong><br \/>\nSaint-Pierre est une basilique riche en significations, myst\u00e8res et \u0153uvres d\u2019art sacr\u00e9es c\u00e9l\u00e8bre dans le monde entier<\/p>\n<\/div>\n<p>La <strong>Journ\u00e9e de la Vie Consacr\u00e9e<\/strong> est une c\u00e9l\u00e9bration institu\u00e9e par l\u2019\u00c9glise Catholique afin d\u2019honorer et reconna\u00eetre la pr\u00e9cieuse contribution des religieux et des religieuses qui ont consacr\u00e9 leur vie \u00e0 Dieu \u00e0 travers les v\u0153ux de <strong>pauvret\u00e9, chastet\u00e9 et ob\u00e9issance<\/strong>. Cette journ\u00e9e, qui tombe tous les ans le <strong>2 f\u00e9vrier<\/strong>, co\u00efncide avec la <a href=\"https:\/\/www.holyart.fr\/blog\/articles-religieux\/presentation-de-jesus-au-temple-jusqua-la-chandeleur\/\"><strong>F\u00eate de la <u>Pr\u00e9sentation de J\u00e9sus au Temple<\/u><\/strong><\/a>, l\u2019\u00e9pisode \u00e9vang\u00e9lique o\u00f9 J\u00e9sus fut pr\u00e9sent\u00e9 au Temple, selon la tradition juive. Cette c\u00e9l\u00e9bration, institu\u00e9e au IVe si\u00e8cle apr. J.-C., rev\u00eat une importance cruciale, puisqu\u2019elle repr\u00e9sente un point de connexion significatif entre l\u2019<a href=\"https:\/\/www.holyart.fr\/blog\/articles-religieux\/lhistoire-de-jesus-les-evenements-les-plus-importants-de-sa-vie\/\"><strong><u>histoire de J\u00e9sus<\/u><\/strong><\/a>, le Christianisme et les <a href=\"https:\/\/www.holyart.fr\/blog\/articles-religieux\/les-differences-entre-judaisme-et-christianisme\/\"><strong><u>racines culturelles du juda\u00efsme<\/u><\/strong><\/a>. Dans le contexte de l\u2019Ancien Testament, normes rigides et c\u00e9r\u00e9monies pr\u00e9cises \u00e9taient prescrites suite \u00e0 la naissance d\u2019un enfant dans une famille, en particulier s\u2019il s\u2019agissait d\u2019un gar\u00e7on. La F\u00eate de la <a href=\"https:\/\/www.holyart.fr\/articles-religieux\/bas-reliefs\/bas-reliefs-en-pierre\/bas-relief-presentation-de-jesus\"><strong>Pr\u00e9sentation de J\u00e9sus au Temple<\/strong><\/a> ne c\u00e9l\u00e8bre donc pas uniquement un \u00e9v\u00e9nement sp\u00e9cifique dans la vie de J\u00e9sus, mais rappelle \u00e9galement les racines profondes dans les traditions juives, en soulignant l\u2019importance des rituels de purification et des symboles de reconnaissance pr\u00e9sents dans l\u2019Ancien Testament.<\/p>\n<div class=\"link-product\">\n<div class=\"blocco-immagine\"><img loading=\"lazy\" decoding=\"async\" class=\"size-full wp-image-11835 alignleft\" src=\"https:\/\/blog.holyart.it\/fr\/wp-content\/uploads\/sites\/14\/2026\/01\/Bas-relief-presentation-de-Jesus.jpg\" alt=\"Bas-relief pr\u00e9sentation de J\u00e9sus\" width=\"100\" height=\"100\" data-kale-share-title=\"Qu\u2019est-ce que c\u2019est la Journ\u00e9e mondiale de la vie consacr\u00e9e?\" data-kale-share-url=\"https:\/\/blog.holyart.it\/fr\/?p=11832\" \/><\/div>\n<div class=\"blocco-contenuto\">\n<div class=\"blocco-acquista\">Acheter sur Holyart:<\/div>\n<div class=\"blocco-titolo\"><a href=\"https:\/\/www.holyart.fr\/articles-religieux\/bas-reliefs\/bas-reliefs-en-pierre\/bas-relief-presentation-de-jesus\">Bas-relief pr\u00e9sentation de J\u00e9sus<\/a><\/div>\n<div class=\"blocco-descrizione\">Bas-relief en pierre des Pyr\u00e9n\u00e9es repr\u00e9sentant la Pr\u00e9sentation de J\u00e9sus<\/div>\n<\/div>\n<\/div>\n<p>Mais quand la Journ\u00e9e de la Vie Consacr\u00e9e a-t-elle \u00e9tait institu\u00e9e\u00a0? Elle a \u00e9t\u00e9 voulue par Pape Jean-Paul II <strong>en 1997<\/strong> avec l\u2019objectif de reconna\u00eetre le r\u00f4le fondamental des religieux et des religieuses dans la vie de l\u2019\u00c9glise et d\u2019exprimer de la gratitude pour leur service d\u00e9vou\u00e9. Pendant cette journ\u00e9e, de nombreux religieux participent \u00e0 des \u00e9v\u00e9nements liturgiques et rituels spirituels, tandis que les <strong>communaut\u00e9s eccl\u00e9siastiques<\/strong> organisent souvent des initiatives pour montrer reconnaissance et soutient aux religieux. La Journ\u00e9e Mondiale de la Vie Consacr\u00e9e n\u2019est pas seulement un moment de pri\u00e8re solennelle, mais une occasion pour r\u00e9fl\u00e9chir sur l\u2019appel \u00e0 la vie consacr\u00e9e et pour promouvoir une plus grande conscience dans la communaut\u00e9 catholique et au-del\u00e0. Ceux qui embrassent la vie consacr\u00e9e ne sont pas uniquement t\u00e9moins de la joie et de la gr\u00e2ce divine, mais incarnent \u00e9galement le t\u00e9moignage de la communion.<\/p>\n<p>L\u2019\u00e9l\u00e9ment distinctif de la vie consacr\u00e9e est la <strong>vie fraternelle<\/strong> en communaut\u00e9\u00a0: cela n\u2019est pas uniquement un instrument pour r\u00e9aliser l\u2019appel, mais repr\u00e9sente une r\u00e9ponse authentique au rappel de la vocation, non pas impos\u00e9e, mais librement embrass\u00e9e. La vie fraternelle devient ainsi le moyen \u00e0 travers lequel la vocation se d\u00e9veloppe et se r\u00e9alise dans le t\u00e9moignage partag\u00e9 de la joie et de l\u2019amour de Dieu.<\/p>\n<h2>Vie consacr\u00e9e: signification<\/h2>\n<p>La vie consacr\u00e9e est une forme unique de d\u00e9vouement \u00e0 Dieu, incarn\u00e9e par \u00a0des hommes et des femmes qui choisissent d\u2019embrasser publiquement les trois <strong>conseils fondamentaux<\/strong> : chastet\u00e9, pauvret\u00e9 et ob\u00e9issance. Ces principes de vie sont d\u00e9finis \u00ab\u00a0<strong>\u00e9vang\u00e9liques<\/strong>\u00a0\u00bb, puisqu\u2019ils refl\u00e8tent la mani\u00e8re de vivre de J\u00e9sus-Christ, comme d\u00e9crit dans les \u00c9vangiles. Les hommes et les femmes qui embrassent cette forme de vie peuvent \u00eatre clercs ou la\u00efques, \u00e0 condition qu\u2019ils d\u00e9cident de se d\u00e9dier en particulier \u00e0 Dieu \u00e0 travers la <strong>profession publique<\/strong> des conseils \u00e9vang\u00e9liques. L\u2019\u00e9tat de vie consacr\u00e9e se base justement sur cette profession publique des conseils \u00e9vang\u00e9liques et non pas sur l\u2019action apostolique ou sur la vie commune, mais sur l\u2019imitation de Christ, sur la r\u00e9ponse \u00e0 Son appel. Les conseils \u00e9vang\u00e9liques deviennent des contraintes obligatoires uniquement quand ils se concr\u00e9tisent \u00e0 travers l\u2019institution juridique du <strong>v\u0153u<\/strong>. Les consacr\u00e9 ne doivent pas \u00eatre confondus avec les membres du clerg\u00e9, i.e. ceux qui ont re\u00e7u le <a href=\"https:\/\/www.holyart.fr\/blog\/articles-religieux\/ordination-presbyterale-voici-comment-lon-devient-pretre\/\"><strong><u>Sacrement de l\u2019Ordre<\/u><\/strong><\/a>, ind\u00e9pendamment de l\u2019\u00e9tat de vie qu\u2019ils ont choisi.<\/p>\n<div class=\"link-article\">\n<p><img loading=\"lazy\" decoding=\"async\" class=\"size-full wp-image-11836 alignleft\" src=\"https:\/\/blog.holyart.it\/fr\/wp-content\/uploads\/sites\/14\/2026\/01\/Ordination-presbyterale.jpg\" alt=\"Ordination presbyt\u00e9rale\" width=\"150\" height=\"99\" data-kale-share-title=\"Qu\u2019est-ce que c\u2019est la Journ\u00e9e mondiale de la vie consacr\u00e9e?\" data-kale-share-url=\"https:\/\/blog.holyart.it\/fr\/?p=11832\" \/><\/p>\n<div class=\"leggi-anche\">Lire aussi :<\/div>\n<p><strong><a href=\"https:\/\/www.holyart.fr\/blog\/articles-religieux\/ordination-presbyterale-voici-comment-lon-devient-pretre\/\">Ordination presbyt\u00e9rale : voici comment l\u2019on devient pr\u00eatre<\/a><\/strong><br \/>\nAvec l\u2019Ordination Presbyt\u00e9rale, un homme devient \u00e0 tous points de vue un pr\u00eatre&#8230;<\/p>\n<\/div>\n<p>Ceux qui embrassent la profession des conseils \u00e9vang\u00e9liques vivent souvent dans des <strong>instituts de vie consacr\u00e9e<\/strong>, des soci\u00e9t\u00e9s \u00e9rig\u00e9es ou approuv\u00e9es par l\u2019autorit\u00e9 eccl\u00e9siastique, compos\u00e9es d\u2019individus du m\u00eame sexe ou mixtes. Les instituts de vie consacr\u00e9e pr\u00e9sentent une distinction entre celles \u00e0 caract\u00e8re religieux et celles \u00e0 caract\u00e8re s\u00e9culaire et, \u00e0 leur tour, peuvent \u00eatre de nature cl\u00e9ricale ou la\u00efque.<\/p>\n<p>Les <strong>Instituts Religieux<\/strong> repr\u00e9sentent \u00ab\u00a0<em>une soci\u00e9t\u00e9 dans laquelle les membres prononcent, selon le droit propre, des v\u0153ux publics perp\u00e9tuels, ou temporaires \u00e0 renouveler \u00e0 leur \u00e9ch\u00e9ance, et m\u00e8nent en commun la vie fraternelle<\/em>\u00a0\u00bb. Les consacr\u00e9s embrassent un \u00e9tat de vie qui implique un <strong>choix radical en Christ, au service du Seigneur et de l\u2019humanit\u00e9<\/strong>, en suivant l\u2019intuition proph\u00e9tique de leurs Saints fondateurs. Leur mission est souvent orient\u00e9e par <strong>la pri\u00e8re et par le service aux autres<\/strong>, \u00e0 travers l\u2019accueil des plus fragiles et n\u00e9cessiteux.<\/p>\n<p>Les <strong>Instituts S\u00e9culaires<\/strong> se distinguent des religieux car leurs membres <strong>restent dans le monde<\/strong>, sans l\u2019obligation de conduite d\u2019une vie commune. \u00c0 leur tour, ils peuvent \u00eatre des instituts de droit pontifical ou de droit dioc\u00e9sain, selon qu\u2019ils aient \u00e9t\u00e9 fond\u00e9s par le Saint-Si\u00e8ge ou par l\u2019\u00e9v\u00eaque local. Les membres de ces instituts s\u2019engagent \u00e0 <strong>vivre les conseils \u00e9vang\u00e9liques, mais dans un contexte de vie commune plus flexible, en restant dans leurs propres maisons<\/strong>. Tout en restant dans le tissu du monde, ils essaient d\u2019incarner les principes spirituels profonds \u00e0 travers leur vie quotidienne.<\/p>\n<h2>Comment et quand se d\u00e9roule la journ\u00e9e mondiale de la vie consacr\u00e9e<\/h2>\n<p>Chaque ann\u00e9e, le 2 f\u00e9vrier, en parall\u00e8le avec la F\u00eate de la Pr\u00e9sentation de J\u00e9sus au Temple.<\/p>\n<h2>Le lien avec la Chandeleur<\/h2>\n<p>Le 2 f\u00e9vrier, on f\u00eate \u00e9galement la <a href=\"https:\/\/www.holyart.fr\/blog\/articles-religieux\/la-chandeleur-histoire-et-curiosites\/\"><strong><u>Chandeleur<\/u><\/strong><\/a>, f\u00eate qui c\u00e9l\u00e8bre le <strong>triomphe de la lumi\u00e8re sur les t\u00e9n\u00e8bres<\/strong>, et repr\u00e9sente \u00e9galement, de mani\u00e8re symbolique, la fin des festivit\u00e9s de No\u00ebl et le d\u00e9but du parcours pascal. Initialement con\u00e7ue comme une <a href=\"https:\/\/www.holyart.fr\/blog\/articles-religieux\/fetes-mariales-voici-toutes-les-recurrences-de-lannee-dediees-a-marie\/\"><strong><u>c\u00e9l\u00e9bration mariale<\/u><\/strong><\/a>, qui rappelait la Purification de la Sainte Vierge, la f\u00eate a ensuite acquis une signification Christologique, en se concentrant sur la figure de J\u00e9sus et sur la reconnaissance de sa mission comme Sauveur du monde. Toute aussi significative est la dimension populaire de cette f\u00eate, t\u00e9moign\u00e9e par <a href=\"https:\/\/www.holyart.fr\/blog\/articles-religieux\/proverbes-sur-la-chandeleur-les-traditions-liees-a-cette-festivite\/\"><strong><u>proverbes et usages<\/u><\/strong><\/a> enracin\u00e9s dans la transition de l\u2019hiver au printemps, que le 2 f\u00e9vrier symbolise. Parmi ces proverbes : \u00ab\u00a0<em>Chandeleur claire, laisse l\u2019hiver derri\u00e8re\u00a0<\/em>\u00bb et\u00a0\u00ab\u00a0<em>\u00c0 la Chandeleur, l\u2019hiver se meurt ou prend vigueur<\/em>\u00a0\u00bb. La f\u00eate de la Chandeleur s\u2019entrem\u00eale avec le triomphe symbolique de la lumi\u00e8re sur les t\u00e9n\u00e8bres, soulign\u00e9 par la tradition de <strong>b\u00e9nir et allumer <\/strong><a href=\"https:\/\/www.holyart.fr\/produits-de-consommation\/bougies-cierges-chandelles\"><strong>cierges et bougies<\/strong><\/a>. Ce rite non seulement illumine physiquement, mais marque un passage crucial, en marquant la fin des festivit\u00e9s de No\u00ebl et en inaugurant le parcours spirituel vers P\u00e2ques.<\/p>\n<div class=\"link-article\">\n<p><img loading=\"lazy\" decoding=\"async\" class=\"size-full wp-image-11838 alignleft\" src=\"https:\/\/blog.holyart.it\/fr\/wp-content\/uploads\/sites\/14\/2026\/01\/Chandeleur-1.jpeg\" alt=\"Chandeleur \" width=\"150\" height=\"100\" data-kale-share-title=\"Qu\u2019est-ce que c\u2019est la Journ\u00e9e mondiale de la vie consacr\u00e9e?\" data-kale-share-url=\"https:\/\/blog.holyart.it\/fr\/?p=11832\" \/><\/p>\n<div class=\"leggi-anche\">Lire aussi :<\/div>\n<p><strong><a href=\"https:\/\/www.holyart.fr\/blog\/articles-religieux\/proverbes-sur-la-chandeleur-les-traditions-liees-a-cette-festivite\/\">Proverbes sur la Chandeleur : les traditions li\u00e9es \u00e0 cette festivit\u00e9<\/a><\/strong><br \/>\nLes proverbes sur la Chandeleur appartiennent au patrimoine folklorique de notre pays&#8230;<\/p>\n<\/div>\n<p>C\u2019est peut-\u00eatre justement dans cette volont\u00e9 de c\u00e9l\u00e9brer la lumi\u00e8re que la Chandeleur se lie \u00e0 la Journ\u00e9e de la vie consacr\u00e9e. Le choix d\u2019hommes et de femmes de se consacrer \u00e0 Dieu est dict\u00e9e par la conscience d\u2019\u00eatre aim\u00e9s par Lui, au point de choisir d\u2019entreprendre une vie \u00e0 l\u2019int\u00e9rieur d\u2019une communaut\u00e9 religieuse. La cons\u00e9cration religieuse les am\u00e8ne \u00e0 devenir pour les autres un <strong>signe tangible de la pr\u00e9sence du Royaume de Dieu<\/strong>, une anticipation des joies \u00e9ternelles du ciel, joies li\u00e9es \u00e0 la conscience de la consolation et de la mis\u00e9ricorde. Les consacr\u00e9s exp\u00e9rimentent cette joie \u00e0 travers l\u2019\u0153uvre du Saint-Esprit et la certitude de l\u2019amour divin pour chaque individu.<\/p>\n<div class=\"link-product\">\n<div class=\"blocco-immagine\"><img loading=\"lazy\" decoding=\"async\" class=\"size-full wp-image-11839 alignleft\" src=\"https:\/\/blog.holyart.it\/fr\/wp-content\/uploads\/sites\/14\/2026\/01\/fiammelle-bianche-100-pz.jpg\" alt=\"Bougies, cierges, chandelles\" width=\"100\" height=\"100\" data-kale-share-title=\"Qu\u2019est-ce que c\u2019est la Journ\u00e9e mondiale de la vie consacr\u00e9e?\" data-kale-share-url=\"https:\/\/blog.holyart.it\/fr\/?p=11832\" \/><\/div>\n<div class=\"blocco-contenuto\">\n<div class=\"blocco-acquista\">Acheter sur Holyart:<\/div>\n<div class=\"blocco-titolo\"><a href=\"https:\/\/www.holyart.fr\/produits-de-consommation\/bougies-cierges-chandelles\">Bougies, cierges, chandelles<\/a><\/div>\n<div class=\"blocco-descrizione\">Dans ce rayon vous pouvez trouver une vaste gamme de bougies et cierges.<\/div>\n<\/div>\n<\/div>\n","protected":false},"excerpt":{"rendered":"<p>La Journ\u00e9e de la vie consacr\u00e9e reconnait la pr\u00e9cieuse contribution d\u2019hommes et de femmes qui ont choisi de consacrer leur vie \u00e0 Dieu. Le 2 f\u00e9vrier 2024, \u00e0 17h30, dans le cadre suggestif de la Basilique Saint-Pierre, se tiendra la solennelle C\u00e9l\u00e9bration Eucharistique pr\u00e9sid\u00e9e par&hellip;<\/p>\n","protected":false},"author":1,"featured_media":11833,"comment_status":"closed","ping_status":"open","sticky":false,"template":"","format":"standard","meta":{"_acf_changed":false,"footnotes":""},"categories":[8],"tags":[],"class_list":["post-11832","post","type-post","status-publish","format-standard","has-post-thumbnail","hentry","category-articles-religieux"],"acf":[],"yoast_head":"<!-- This site is optimized with the Yoast SEO plugin v26.6 - https:\/\/yoast.com\/wordpress\/plugins\/seo\/ -->\n<title>Qu\u2019est-ce que c\u2019est la Journ\u00e9e mondiale de la vie consacr\u00e9e? - Holyart.fr Blog<\/title>\n<meta name=\"description\" content=\"La Journ\u00e9e de la Vie consacr\u00e9e c\u00e9l\u00e8bre hommes et femmes qui embrassent les conseils \u00e9vang\u00e9liques fondamentaux, en devenant des signes...\" \/>\n<meta name=\"robots\" content=\"index, follow, max-snippet:-1, max-image-preview:large, max-video-preview:-1\" \/>\n<link rel=\"canonical\" href=\"https:\/\/blog.holyart.it\/fr\/articles-religieux\/quest-ce-que-cest-la-journee-mondiale-de-la-vie-consacree\/\" \/>\n<meta property=\"og:locale\" content=\"fr_FR\" \/>\n<meta property=\"og:type\" content=\"article\" \/>\n<meta property=\"og:title\" content=\"Qu\u2019est-ce que c\u2019est la Journ\u00e9e mondiale de la vie consacr\u00e9e? - Holyart.fr Blog\" \/>\n<meta property=\"og:description\" content=\"La Journ\u00e9e de la Vie consacr\u00e9e c\u00e9l\u00e8bre hommes et femmes qui embrassent les conseils \u00e9vang\u00e9liques fondamentaux, en devenant des signes...\" \/>\n<meta property=\"og:url\" content=\"https:\/\/blog.holyart.it\/fr\/articles-religieux\/quest-ce-que-cest-la-journee-mondiale-de-la-vie-consacree\/\" \/>\n<meta property=\"og:site_name\" content=\"Holyart.fr Blog\" \/>\n<meta property=\"article:published_time\" content=\"2026-01-05T09:00:44+00:00\" \/>\n<meta property=\"article:modified_time\" content=\"2026-01-27T11:49:44+00:00\" \/>\n<meta property=\"og:image\" content=\"https:\/\/blog.holyart.it\/fr\/wp-content\/uploads\/sites\/14\/2026\/01\/Quest-ce-que-cest-la-Journee-mondiale-de-la-vie-consacree.jpg\" \/>\n\t<meta property=\"og:image:width\" content=\"1000\" \/>\n\t<meta property=\"og:image:height\" content=\"666\" \/>\n\t<meta property=\"og:image:type\" content=\"image\/jpeg\" \/>\n<meta name=\"author\" content=\"Redazione\" \/>\n<meta name=\"twitter:card\" content=\"summary_large_image\" \/>\n<meta name=\"twitter:label1\" content=\"\u00c9crit par\" \/>\n\t<meta name=\"twitter:data1\" content=\"Redazione\" \/>\n\t<meta name=\"twitter:label2\" content=\"Dur\u00e9e de lecture estim\u00e9e\" \/>\n\t<meta name=\"twitter:data2\" content=\"9 minutes\" \/>\n<script type=\"application\/ld+json\" class=\"yoast-schema-graph\">{\"@context\":\"https:\/\/schema.org\",\"@graph\":[{\"@type\":\"Article\",\"@id\":\"https:\/\/blog.holyart.it\/fr\/articles-religieux\/quest-ce-que-cest-la-journee-mondiale-de-la-vie-consacree\/#article\",\"isPartOf\":{\"@id\":\"https:\/\/blog.holyart.it\/fr\/articles-religieux\/quest-ce-que-cest-la-journee-mondiale-de-la-vie-consacree\/\"},\"author\":{\"name\":\"Redazione\",\"@id\":\"https:\/\/blog.holyart.it\/fr\/#\/schema\/person\/0a7b686e5af0f856ec1e390dd0baecda\"},\"headline\":\"Qu\u2019est-ce que c\u2019est la Journ\u00e9e mondiale de la vie consacr\u00e9e?\",\"datePublished\":\"2026-01-05T09:00:44+00:00\",\"dateModified\":\"2026-01-27T11:49:44+00:00\",\"mainEntityOfPage\":{\"@id\":\"https:\/\/blog.holyart.it\/fr\/articles-religieux\/quest-ce-que-cest-la-journee-mondiale-de-la-vie-consacree\/\"},\"wordCount\":1611,\"publisher\":{\"@id\":\"https:\/\/blog.holyart.it\/fr\/#organization\"},\"image\":{\"@id\":\"https:\/\/blog.holyart.it\/fr\/articles-religieux\/quest-ce-que-cest-la-journee-mondiale-de-la-vie-consacree\/#primaryimage\"},\"thumbnailUrl\":\"https:\/\/blog.holyart.it\/fr\/wp-content\/uploads\/sites\/14\/2026\/01\/Quest-ce-que-cest-la-Journee-mondiale-de-la-vie-consacree.jpg\",\"articleSection\":[\"Religion\"],\"inLanguage\":\"fr-FR\"},{\"@type\":\"WebPage\",\"@id\":\"https:\/\/blog.holyart.it\/fr\/articles-religieux\/quest-ce-que-cest-la-journee-mondiale-de-la-vie-consacree\/\",\"url\":\"https:\/\/blog.holyart.it\/fr\/articles-religieux\/quest-ce-que-cest-la-journee-mondiale-de-la-vie-consacree\/\",\"name\":\"Qu\u2019est-ce que c\u2019est la Journ\u00e9e mondiale de la vie consacr\u00e9e? - Holyart.fr Blog\",\"isPartOf\":{\"@id\":\"https:\/\/blog.holyart.it\/fr\/#website\"},\"primaryImageOfPage\":{\"@id\":\"https:\/\/blog.holyart.it\/fr\/articles-religieux\/quest-ce-que-cest-la-journee-mondiale-de-la-vie-consacree\/#primaryimage\"},\"image\":{\"@id\":\"https:\/\/blog.holyart.it\/fr\/articles-religieux\/quest-ce-que-cest-la-journee-mondiale-de-la-vie-consacree\/#primaryimage\"},\"thumbnailUrl\":\"https:\/\/blog.holyart.it\/fr\/wp-content\/uploads\/sites\/14\/2026\/01\/Quest-ce-que-cest-la-Journee-mondiale-de-la-vie-consacree.jpg\",\"datePublished\":\"2026-01-05T09:00:44+00:00\",\"dateModified\":\"2026-01-27T11:49:44+00:00\",\"description\":\"La Journ\u00e9e de la Vie consacr\u00e9e c\u00e9l\u00e8bre hommes et femmes qui embrassent les conseils \u00e9vang\u00e9liques fondamentaux, en devenant des signes...\",\"breadcrumb\":{\"@id\":\"https:\/\/blog.holyart.it\/fr\/articles-religieux\/quest-ce-que-cest-la-journee-mondiale-de-la-vie-consacree\/#breadcrumb\"},\"inLanguage\":\"fr-FR\",\"potentialAction\":[{\"@type\":\"ReadAction\",\"target\":[\"https:\/\/blog.holyart.it\/fr\/articles-religieux\/quest-ce-que-cest-la-journee-mondiale-de-la-vie-consacree\/\"]}]},{\"@type\":\"ImageObject\",\"inLanguage\":\"fr-FR\",\"@id\":\"https:\/\/blog.holyart.it\/fr\/articles-religieux\/quest-ce-que-cest-la-journee-mondiale-de-la-vie-consacree\/#primaryimage\",\"url\":\"https:\/\/blog.holyart.it\/fr\/wp-content\/uploads\/sites\/14\/2026\/01\/Quest-ce-que-cest-la-Journee-mondiale-de-la-vie-consacree.jpg\",\"contentUrl\":\"https:\/\/blog.holyart.it\/fr\/wp-content\/uploads\/sites\/14\/2026\/01\/Quest-ce-que-cest-la-Journee-mondiale-de-la-vie-consacree.jpg\",\"width\":1000,\"height\":666,\"caption\":\"Qu\u2019est-ce que c\u2019est la Journ\u00e9e mondiale de la vie consacr\u00e9e\"},{\"@type\":\"BreadcrumbList\",\"@id\":\"https:\/\/blog.holyart.it\/fr\/articles-religieux\/quest-ce-que-cest-la-journee-mondiale-de-la-vie-consacree\/#breadcrumb\",\"itemListElement\":[{\"@type\":\"ListItem\",\"position\":1,\"name\":\"Homepage\",\"item\":\"https:\/\/blog.holyart.it\/fr\/\"},{\"@type\":\"ListItem\",\"position\":2,\"name\":\"Religion\",\"item\":\"https:\/\/blog.holyart.it\/fr\/articles-religieux\/\"},{\"@type\":\"ListItem\",\"position\":3,\"name\":\"Qu\u2019est-ce que c\u2019est la Journ\u00e9e mondiale de la vie consacr\u00e9e?\"}]},{\"@type\":\"WebSite\",\"@id\":\"https:\/\/blog.holyart.it\/fr\/#website\",\"url\":\"https:\/\/blog.holyart.it\/fr\/\",\"name\":\"Holyart.fr Blog\",\"description\":\"Holyblog\",\"publisher\":{\"@id\":\"https:\/\/blog.holyart.it\/fr\/#organization\"},\"potentialAction\":[{\"@type\":\"SearchAction\",\"target\":{\"@type\":\"EntryPoint\",\"urlTemplate\":\"https:\/\/blog.holyart.it\/fr\/?s={search_term_string}\"},\"query-input\":{\"@type\":\"PropertyValueSpecification\",\"valueRequired\":true,\"valueName\":\"search_term_string\"}}],\"inLanguage\":\"fr-FR\"},{\"@type\":\"Organization\",\"@id\":\"https:\/\/blog.holyart.it\/fr\/#organization\",\"name\":\"Holyart.fr Blog\",\"url\":\"https:\/\/blog.holyart.it\/fr\/\",\"logo\":{\"@type\":\"ImageObject\",\"inLanguage\":\"fr-FR\",\"@id\":\"https:\/\/blog.holyart.it\/fr\/#\/schema\/logo\/image\/\",\"url\":\"https:\/\/blog.holyart.it\/fr\/wp-content\/uploads\/sites\/14\/2022\/12\/Holyart_Blog_Logo.jpg\",\"contentUrl\":\"https:\/\/blog.holyart.it\/fr\/wp-content\/uploads\/sites\/14\/2022\/12\/Holyart_Blog_Logo.jpg\",\"width\":300,\"height\":50,\"caption\":\"Holyart.fr Blog\"},\"image\":{\"@id\":\"https:\/\/blog.holyart.it\/fr\/#\/schema\/logo\/image\/\"}},{\"@type\":\"Person\",\"@id\":\"https:\/\/blog.holyart.it\/fr\/#\/schema\/person\/0a7b686e5af0f856ec1e390dd0baecda\",\"name\":\"Redazione\",\"image\":{\"@type\":\"ImageObject\",\"inLanguage\":\"fr-FR\",\"@id\":\"https:\/\/blog.holyart.it\/fr\/#\/schema\/person\/image\/\",\"url\":\"https:\/\/secure.gravatar.com\/avatar\/f477da817f43e50d0af36abecd33e3edf826c68299714bdc1057dff3b113f516?s=96&d=mm&r=g\",\"contentUrl\":\"https:\/\/secure.gravatar.com\/avatar\/f477da817f43e50d0af36abecd33e3edf826c68299714bdc1057dff3b113f516?s=96&d=mm&r=g\",\"caption\":\"Redazione\"},\"url\":\"https:\/\/blog.holyart.it\/fr\/author\/admin\/\"}]}<\/script>\n<!-- \/ Yoast SEO plugin. -->","yoast_head_json":{"title":"Qu\u2019est-ce que c\u2019est la Journ\u00e9e mondiale de la vie consacr\u00e9e? - Holyart.fr Blog","description":"La Journ\u00e9e de la Vie consacr\u00e9e c\u00e9l\u00e8bre hommes et femmes qui embrassent les conseils \u00e9vang\u00e9liques fondamentaux, en devenant des signes...","robots":{"index":"index","follow":"follow","max-snippet":"max-snippet:-1","max-image-preview":"max-image-preview:large","max-video-preview":"max-video-preview:-1"},"canonical":"https:\/\/blog.holyart.it\/fr\/articles-religieux\/quest-ce-que-cest-la-journee-mondiale-de-la-vie-consacree\/","og_locale":"fr_FR","og_type":"article","og_title":"Qu\u2019est-ce que c\u2019est la Journ\u00e9e mondiale de la vie consacr\u00e9e? - Holyart.fr Blog","og_description":"La Journ\u00e9e de la Vie consacr\u00e9e c\u00e9l\u00e8bre hommes et femmes qui embrassent les conseils \u00e9vang\u00e9liques fondamentaux, en devenant des signes...","og_url":"https:\/\/blog.holyart.it\/fr\/articles-religieux\/quest-ce-que-cest-la-journee-mondiale-de-la-vie-consacree\/","og_site_name":"Holyart.fr Blog","article_published_time":"2026-01-05T09:00:44+00:00","article_modified_time":"2026-01-27T11:49:44+00:00","og_image":[{"width":1000,"height":666,"url":"https:\/\/blog.holyart.it\/fr\/wp-content\/uploads\/sites\/14\/2026\/01\/Quest-ce-que-cest-la-Journee-mondiale-de-la-vie-consacree.jpg","type":"image\/jpeg"}],"author":"Redazione","twitter_card":"summary_large_image","twitter_misc":{"\u00c9crit par":"Redazione","Dur\u00e9e de lecture estim\u00e9e":"9 minutes"},"schema":{"@context":"https:\/\/schema.org","@graph":[{"@type":"Article","@id":"https:\/\/blog.holyart.it\/fr\/articles-religieux\/quest-ce-que-cest-la-journee-mondiale-de-la-vie-consacree\/#article","isPartOf":{"@id":"https:\/\/blog.holyart.it\/fr\/articles-religieux\/quest-ce-que-cest-la-journee-mondiale-de-la-vie-consacree\/"},"author":{"name":"Redazione","@id":"https:\/\/blog.holyart.it\/fr\/#\/schema\/person\/0a7b686e5af0f856ec1e390dd0baecda"},"headline":"Qu\u2019est-ce que c\u2019est la Journ\u00e9e mondiale de la vie consacr\u00e9e?","datePublished":"2026-01-05T09:00:44+00:00","dateModified":"2026-01-27T11:49:44+00:00","mainEntityOfPage":{"@id":"https:\/\/blog.holyart.it\/fr\/articles-religieux\/quest-ce-que-cest-la-journee-mondiale-de-la-vie-consacree\/"},"wordCount":1611,"publisher":{"@id":"https:\/\/blog.holyart.it\/fr\/#organization"},"image":{"@id":"https:\/\/blog.holyart.it\/fr\/articles-religieux\/quest-ce-que-cest-la-journee-mondiale-de-la-vie-consacree\/#primaryimage"},"thumbnailUrl":"https:\/\/blog.holyart.it\/fr\/wp-content\/uploads\/sites\/14\/2026\/01\/Quest-ce-que-cest-la-Journee-mondiale-de-la-vie-consacree.jpg","articleSection":["Religion"],"inLanguage":"fr-FR"},{"@type":"WebPage","@id":"https:\/\/blog.holyart.it\/fr\/articles-religieux\/quest-ce-que-cest-la-journee-mondiale-de-la-vie-consacree\/","url":"https:\/\/blog.holyart.it\/fr\/articles-religieux\/quest-ce-que-cest-la-journee-mondiale-de-la-vie-consacree\/","name":"Qu\u2019est-ce que c\u2019est la Journ\u00e9e mondiale de la vie consacr\u00e9e? - Holyart.fr Blog","isPartOf":{"@id":"https:\/\/blog.holyart.it\/fr\/#website"},"primaryImageOfPage":{"@id":"https:\/\/blog.holyart.it\/fr\/articles-religieux\/quest-ce-que-cest-la-journee-mondiale-de-la-vie-consacree\/#primaryimage"},"image":{"@id":"https:\/\/blog.holyart.it\/fr\/articles-religieux\/quest-ce-que-cest-la-journee-mondiale-de-la-vie-consacree\/#primaryimage"},"thumbnailUrl":"https:\/\/blog.holyart.it\/fr\/wp-content\/uploads\/sites\/14\/2026\/01\/Quest-ce-que-cest-la-Journee-mondiale-de-la-vie-consacree.jpg","datePublished":"2026-01-05T09:00:44+00:00","dateModified":"2026-01-27T11:49:44+00:00","description":"La Journ\u00e9e de la Vie consacr\u00e9e c\u00e9l\u00e8bre hommes et femmes qui embrassent les conseils \u00e9vang\u00e9liques fondamentaux, en devenant des signes...","breadcrumb":{"@id":"https:\/\/blog.holyart.it\/fr\/articles-religieux\/quest-ce-que-cest-la-journee-mondiale-de-la-vie-consacree\/#breadcrumb"},"inLanguage":"fr-FR","potentialAction":[{"@type":"ReadAction","target":["https:\/\/blog.holyart.it\/fr\/articles-religieux\/quest-ce-que-cest-la-journee-mondiale-de-la-vie-consacree\/"]}]},{"@type":"ImageObject","inLanguage":"fr-FR","@id":"https:\/\/blog.holyart.it\/fr\/articles-religieux\/quest-ce-que-cest-la-journee-mondiale-de-la-vie-consacree\/#primaryimage","url":"https:\/\/blog.holyart.it\/fr\/wp-content\/uploads\/sites\/14\/2026\/01\/Quest-ce-que-cest-la-Journee-mondiale-de-la-vie-consacree.jpg","contentUrl":"https:\/\/blog.holyart.it\/fr\/wp-content\/uploads\/sites\/14\/2026\/01\/Quest-ce-que-cest-la-Journee-mondiale-de-la-vie-consacree.jpg","width":1000,"height":666,"caption":"Qu\u2019est-ce que c\u2019est la Journ\u00e9e mondiale de la vie consacr\u00e9e"},{"@type":"BreadcrumbList","@id":"https:\/\/blog.holyart.it\/fr\/articles-religieux\/quest-ce-que-cest-la-journee-mondiale-de-la-vie-consacree\/#breadcrumb","itemListElement":[{"@type":"ListItem","position":1,"name":"Homepage","item":"https:\/\/blog.holyart.it\/fr\/"},{"@type":"ListItem","position":2,"name":"Religion","item":"https:\/\/blog.holyart.it\/fr\/articles-religieux\/"},{"@type":"ListItem","position":3,"name":"Qu\u2019est-ce que c\u2019est la Journ\u00e9e mondiale de la vie consacr\u00e9e?"}]},{"@type":"WebSite","@id":"https:\/\/blog.holyart.it\/fr\/#website","url":"https:\/\/blog.holyart.it\/fr\/","name":"Holyart.fr Blog","description":"Holyblog","publisher":{"@id":"https:\/\/blog.holyart.it\/fr\/#organization"},"potentialAction":[{"@type":"SearchAction","target":{"@type":"EntryPoint","urlTemplate":"https:\/\/blog.holyart.it\/fr\/?s={search_term_string}"},"query-input":{"@type":"PropertyValueSpecification","valueRequired":true,"valueName":"search_term_string"}}],"inLanguage":"fr-FR"},{"@type":"Organization","@id":"https:\/\/blog.holyart.it\/fr\/#organization","name":"Holyart.fr Blog","url":"https:\/\/blog.holyart.it\/fr\/","logo":{"@type":"ImageObject","inLanguage":"fr-FR","@id":"https:\/\/blog.holyart.it\/fr\/#\/schema\/logo\/image\/","url":"https:\/\/blog.holyart.it\/fr\/wp-content\/uploads\/sites\/14\/2022\/12\/Holyart_Blog_Logo.jpg","contentUrl":"https:\/\/blog.holyart.it\/fr\/wp-content\/uploads\/sites\/14\/2022\/12\/Holyart_Blog_Logo.jpg","width":300,"height":50,"caption":"Holyart.fr Blog"},"image":{"@id":"https:\/\/blog.holyart.it\/fr\/#\/schema\/logo\/image\/"}},{"@type":"Person","@id":"https:\/\/blog.holyart.it\/fr\/#\/schema\/person\/0a7b686e5af0f856ec1e390dd0baecda","name":"Redazione","image":{"@type":"ImageObject","inLanguage":"fr-FR","@id":"https:\/\/blog.holyart.it\/fr\/#\/schema\/person\/image\/","url":"https:\/\/secure.gravatar.com\/avatar\/f477da817f43e50d0af36abecd33e3edf826c68299714bdc1057dff3b113f516?s=96&d=mm&r=g","contentUrl":"https:\/\/secure.gravatar.com\/avatar\/f477da817f43e50d0af36abecd33e3edf826c68299714bdc1057dff3b113f516?s=96&d=mm&r=g","caption":"Redazione"},"url":"https:\/\/blog.holyart.it\/fr\/author\/admin\/"}]}},"_links":{"self":[{"href":"https:\/\/blog.holyart.it\/fr\/wp-json\/wp\/v2\/posts\/11832","targetHints":{"allow":["GET"]}}],"collection":[{"href":"https:\/\/blog.holyart.it\/fr\/wp-json\/wp\/v2\/posts"}],"about":[{"href":"https:\/\/blog.holyart.it\/fr\/wp-json\/wp\/v2\/types\/post"}],"author":[{"embeddable":true,"href":"https:\/\/blog.holyart.it\/fr\/wp-json\/wp\/v2\/users\/1"}],"replies":[{"embeddable":true,"href":"https:\/\/blog.holyart.it\/fr\/wp-json\/wp\/v2\/comments?post=11832"}],"version-history":[{"count":1,"href":"https:\/\/blog.holyart.it\/fr\/wp-json\/wp\/v2\/posts\/11832\/revisions"}],"predecessor-version":[{"id":11840,"href":"https:\/\/blog.holyart.it\/fr\/wp-json\/wp\/v2\/posts\/11832\/revisions\/11840"}],"wp:featuredmedia":[{"embeddable":true,"href":"https:\/\/blog.holyart.it\/fr\/wp-json\/wp\/v2\/media\/11833"}],"wp:attachment":[{"href":"https:\/\/blog.holyart.it\/fr\/wp-json\/wp\/v2\/media?parent=11832"}],"wp:term":[{"taxonomy":"category","embeddable":true,"href":"https:\/\/blog.holyart.it\/fr\/wp-json\/wp\/v2\/categories?post=11832"},{"taxonomy":"post_tag","embeddable":true,"href":"https:\/\/blog.holyart.it\/fr\/wp-json\/wp\/v2\/tags?post=11832"}],"curies":[{"name":"wp","href":"https:\/\/api.w.org\/{rel}","templated":true}]}}