{"id":11809,"date":"2025-12-29T10:00:30","date_gmt":"2025-12-29T09:00:30","guid":{"rendered":"https:\/\/blog.holyart.it\/fr\/?p=11809"},"modified":"2025-12-31T10:36:17","modified_gmt":"2025-12-31T09:36:17","slug":"priere-pour-la-nouvelle-annee-esperance-et-confiance-en-dieu","status":"publish","type":"post","link":"https:\/\/blog.holyart.it\/fr\/articles-religieux\/priere-pour-la-nouvelle-annee-esperance-et-confiance-en-dieu\/","title":{"rendered":"Pri\u00e8re pour la Nouvelle Ann\u00e9e : esp\u00e9rance et confiance en Dieu"},"content":{"rendered":"<h4>La pri\u00e8re pour la nouvelle ann\u00e9e \u00e9crite par Arley Tuberqui est un remerciement \u00e0 Dieu pour tous les dons re\u00e7us et une manifestation de bonnes intentions et d\u2019esp\u00e9rance pour le futur<\/h4>\n<p>C\u2019est in\u00e9vitable. Chaque ann\u00e9e, quand <a href=\"https:\/\/www.holyart.fr\/noel\"><strong>No\u00ebl<\/strong><\/a> approche, quelque chose en nous bascule. C&rsquo;est peut-\u00eatre l\u2019atmosph\u00e8re qui change, le froid de d\u00e9cembre qui semble se cristalliser dans les lumi\u00e8res \u00e9tincelantes qui d\u00e9corent les rues, les balcons, les fen\u00eatres, embou\u00e9es par la condensation. La formule \u00ab <em>\u00c0 No\u00ebl on est tous plus gentils<\/em> \u00bb n\u2019est pas simplement une fa\u00e7on de parler. Personne ne sait qui a \u00e9nonc\u00e9 ce concept en premier, ce n\u2019est pas une expression qui est attribu\u00e9e \u00e0 une personne c\u00e9l\u00e8bre en particulier, mais elle exprime tr\u00e8s bien l\u2019id\u00e9e que, pendant la p\u00e9riode de No\u00ebl, les gens tendent \u00e0 faire preuve de plus de <strong>gentillesse, de g\u00e9n\u00e9rosit\u00e9 et d\u2019altruisme<\/strong>. La diffusion de ce dicton est telle qu\u2019il est devenu partie int\u00e9grante de la tradition de No\u00ebl de nombreuses cultures, un concept partag\u00e9 dans la culture populaire et par les m\u00e9dias et utilis\u00e9 dans les films, les chansons et les \u0153uvres litt\u00e9raires pour mettre en \u00e9vidence l\u2019esprit de partage et d\u2019amour qui caract\u00e9rise No\u00ebl. Mais ce n\u2019est pas que la bont\u00e9 et l\u2019altruisme qui nous touchent de plus pr\u00e8s \u00e0 No\u00ebl. En cette p\u00e9riode, \u00e0 l\u2019approche de la fin de l\u2019ann\u00e9e, nous sommes amen\u00e9s \u00e0 <strong>faire un bilan<\/strong> de ce que nous avons fait et v\u00e9cu au cours des derniers mois, et \u00e0 formuler de <a href=\"https:\/\/www.holyart.fr\/blog\/articles-religieux\/blue-monday-comment-affronter-le-jour-le-plus-triste-de-lannee\/\"><strong>bonnes intentions pour l\u2019ann\u00e9e qui viendra<\/strong><\/a>. La formulation de ces bonnes r\u00e9solutions devrait refl\u00e9ter un sens profond d\u2019humilit\u00e9 et de d\u00e9sir de croissance personnelle et spirituelle, mais aussi la volont\u00e9 de nous approcher du futur et du changement avec patience et honn\u00eatet\u00e9.<\/p>\n<div class=\"link-article\">\n<p><img loading=\"lazy\" decoding=\"async\" class=\"size-full wp-image-11812 alignleft\" src=\"https:\/\/blog.holyart.it\/fr\/wp-content\/uploads\/sites\/14\/2025\/12\/blue-monday.jpg\" alt=\"blue monday\" width=\"150\" height=\"99\" data-kale-share-title=\"Pri\u00e8re pour la Nouvelle Ann\u00e9e : esp\u00e9rance et confiance en Dieu\" data-kale-share-url=\"https:\/\/blog.holyart.it\/fr\/?p=11809\" \/><\/p>\n<div class=\"leggi-anche\">Lire aussi :<\/div>\n<p><strong><a href=\"https:\/\/www.holyart.fr\/blog\/articles-religieux\/blue-monday-comment-affronter-le-jour-le-plus-triste-de-lannee\/\">Blue Monday : comment affronter le jour le plus triste de l\u2019ann\u00e9e<\/a><\/strong><br \/>\nPourquoi Blue Monday ? Que rend le troisi\u00e8me lundi de&#8230;<\/p>\n<\/div>\n<p><strong>D\u00e9dier du temps \u00e0 soi-m\u00eame<\/strong>, en profitant des petits bonheurs du quotidien afin d\u2019am\u00e9liorer notre bien-\u00eatre personnel ; <strong>\u00eatre reconnaissants chaque jour<\/strong>, en s\u2019entra\u00eenant \u00e0 reconna\u00eetre le positive dans ce qui nous entoure, m\u00eame dans les moments difficiles ;<strong> nous entourer de positivit\u00e9<\/strong>, en \u00e9vitant toute situation et personne n\u00e9gatives et en promouvant une attitude proactive ; <strong>nourrir corps et \u00e2me<\/strong>, avec des lectures et des activit\u00e9s qui stimulent l\u2019intelligence, la cr\u00e9ativit\u00e9 et r\u00e9duisent le stress ; <strong>d\u00e9dier du temps \u00e0 ses \u00eatres chers<\/strong>, en appr\u00e9ciant les relations humaines et en d\u00e9montrant notre affection et notre attention \u00e0 ceux que nous aimons. <strong>Amour, gratitude et positivit\u00e9<\/strong> peuvent conduire vers un futur plus serein et \u00e9panouissant. Dans ce contexte d\u2019esp\u00e9rance et de bonne volont\u00e9, la <strong>pri\u00e8re pour la nouvelle ann\u00e9e<\/strong> que nous vous proposons dans cet article trouve parfaitement sa place.<\/p>\n<p><strong>Arley Tuberqui<\/strong> est un jeune agriculteur sud-am\u00e9ricain. Il n\u2019est pas un philosophe c\u00e9l\u00e8bre, ni un cardinal de haut rang, ni encore moins un th\u00e9ologien. Et pourtant, si nous recherchons son nom sur le Web, nous trouvons les mots de sa pri\u00e8re ricocher encore et encore dans un nombre impressionnant de sites Internet. Comment est-ce possible ? La r\u00e9ponse est facile. La pri\u00e8re qui lui est attribu\u00e9e, <strong><a href=\"https:\/\/www.holyart.fr\/blog\/articles-religieux\/la-priere-de-la-bonne-humeur-la-preferee-de-pape-francois\/\">une pri\u00e8re simple<\/a><\/strong>, \u00e9crite par un homme simple, est un r\u00e9flexion profonde de <strong>gratitude<\/strong>, une <strong>offrande \u00e0 Dieu<\/strong>, une <strong>demande de pardon<\/strong> et une <strong>invocation sinc\u00e8re<\/strong> pour le temps \u00e0 venir, qui s\u2019adapte parfaitement au contexte de cl\u00f4ture de l\u2019ann\u00e9e et d\u2019ouverture \u00e0 de nouvelles opportunit\u00e9s avec l\u2019ann\u00e9e qui viendra. La pri\u00e8re d\u2019Arley Tuberqui c\u00e9l\u00e8bre la <strong>beaut\u00e9 de la vie et de la cr\u00e9ation<\/strong>, pour laquelle nous <strong>devons remercier le Seigneur<\/strong>.<\/p>\n<div class=\"link-article\">\n<p><img loading=\"lazy\" decoding=\"async\" class=\"size-full wp-image-11813 alignleft\" src=\"https:\/\/blog.holyart.it\/fr\/wp-content\/uploads\/sites\/14\/2025\/12\/pepe-francois.jpg\" alt=\"pope francois\" width=\"150\" height=\"99\" data-kale-share-title=\"Pri\u00e8re pour la Nouvelle Ann\u00e9e : esp\u00e9rance et confiance en Dieu\" data-kale-share-url=\"https:\/\/blog.holyart.it\/fr\/?p=11809\" \/><\/p>\n<div class=\"leggi-anche\">Lire aussi :<\/div>\n<p><strong><a href=\"https:\/\/www.holyart.fr\/blog\/articles-religieux\/la-priere-de-la-bonne-humeur-la-preferee-de-pape-francois\/\">La pri\u00e8re de la bonne humeur : la pr\u00e9f\u00e9r\u00e9e de Pape Fran\u00e7ois<\/a><\/strong><br \/>\nOctobre est un des mois d\u00e9di\u00e9s au Saint Rosaire, mais il y a d\u2019autres moyens pour s\u2019adresser \u00e0 Dieu tous les jours&#8230;<\/p>\n<\/div>\n<p>La <strong>gratitude envers Dieu<\/strong> manifest\u00e9e par cet homme inclut tant de belles choses que de moins belles, la joie, mais aussi la douleur, <em>ce qui a \u00e9t\u00e9 possible et (pour) ce qui n\u2019a pas pu l\u2019\u00eatre<\/em>. Tuberqui ouvre sa pri\u00e8re en exprimant sa reconnaissance pour les b\u00e9n\u00e9dictions re\u00e7ues au cours de l\u2019ann\u00e9e, y inclus des moments de joie et de douleur, en soulignant l\u2019importance de chaque exp\u00e9rience comme faisant partie de la vie :<\/p>\n<p><em>Seigneur,<\/em><br \/>\n<em>\u00e0 la fin de cette ann\u00e9e je souhaite te remercier<\/em><br \/>\n<em>pour tout ce que j\u2019ai re\u00e7u de ta part [&#8230;]<\/em><\/p>\n<p>Apr\u00e8s avoir proclam\u00e9 sa gratitude, Tuberqui <strong>offre \u00e0 Dieu<\/strong>, en signe de reconnaissance, tout ce qu\u2019il a pu faire au cours de l\u2019ann\u00e9e \u00e9coul\u00e9e, les choses qu\u2019il a construites, le fruit de son travail, mais aussi les <strong>personnes <\/strong>qu\u2019il a aim\u00e9es et avec lesquelles il a partag\u00e9 sa vie. Il s\u2019agit d\u2019une offrande symbolique de ses actions, relations et travaux effectu\u00e9s au cours de l\u2019ann\u00e9e, qui souligne son souhait de partager ce que l\u2019on a avec Dieu et avec les autres. Un don d\u2019amour et de Foi, le sacrifice d\u2019un homme qui est pr\u00eat \u00e0 rendre tout ce qu\u2019on lui a d\u00e9pos\u00e9 apr\u00e8s avoir fait fructifier ses talents et ses possibilit\u00e9s au mieux.<\/p>\n<p><em>Je t\u2019offre ce que j\u2019ai fait cette ann\u00e9e :<\/em><br \/>\n<em>le travail que j\u2019ai pu accomplir,<\/em><br \/>\n<em>les choses qui sont pass\u00e9es entre mes mains<\/em><br \/>\n<em>et ce que j\u2019ai pu construire avec elles.<\/em><br \/>\n<em>Je t\u2019offre les personnes que j\u2019ai toujours aim\u00e9 [&#8230;]<\/em><\/p>\n<p>Ensuite, Tuberqui<strong> demande pardon <\/strong>pour ses \u00e9checs, pour le temps gaspill\u00e9 et pour ses manques, en montrant \u00eatre conscient de ses imperfections et souhaitant une am\u00e9lioration personnelle.<\/p>\n<p><em>Aujourd\u2019hui, Seigneur, je veux \u00e9galement demander pardon<\/em><br \/>\n<em>pour le temps gaspill\u00e9, pour l\u2019argent mal d\u00e9pens\u00e9,<\/em><br \/>\n<em>pour les mots inutiles et pour l\u2019amour m\u00e9pris\u00e9,<\/em><br \/>\n<em>pardon pour les \u0153uvres d\u00e9pourvues de sens,<\/em><br \/>\n<em>pour le travail mal fait,<\/em><br \/>\n<em>pour avoir v\u00e9cu sans enthousiasme<\/em><br \/>\n<em>et pour la pri\u00e8re toujours remise \u00e0 plus tard,<\/em><br \/>\n<em>pour tous les oublis et pour mes silences,<\/em><br \/>\n<em>simplement\u2026 je te demande pardon.<\/em><\/p>\n<p>Apr\u00e8s avoir reconnu les d\u00e9fis affront\u00e9s, la pri\u00e8re se conclut avec une <strong>demande pour une ann\u00e9e nouvelle emplie de paix, de joie et d\u2019opportunit\u00e9s<\/strong>, une demande de guidance divine pour <a href=\"https:\/\/www.holyart.fr\/blog\/jubile-2025\/preparons-nous-a-lannee-sainte-avec-la-priere-du-jubile\/\"><strong>affronter le futur avec un espoir renouvel\u00e9<\/strong><\/a> et avec d\u00e9termination, et une aide pour vivre sa vie avec optimisme et bont\u00e9.<\/p>\n<p><em>Aujourd\u2019hui, je te demande, pour moi et pour les miens, la paix et la joie,<\/em><br \/>\n<em>la force et la prudence,<\/em><br \/>\n<em>la charit\u00e9 et la sagesse.<\/em><\/p>\n<div class=\"link-article\">\n<p><img loading=\"lazy\" decoding=\"async\" class=\"size-full wp-image-11814 alignleft\" src=\"https:\/\/blog.holyart.it\/fr\/wp-content\/uploads\/sites\/14\/2025\/12\/Preparons-nous-a-lAnnee-Sainte-avec-la-priere-du-Jubile.jpg\" alt=\"Preparons nous a l'Annee Sainte avec la priere du Jubile\" width=\"150\" height=\"99\" data-kale-share-title=\"Pri\u00e8re pour la Nouvelle Ann\u00e9e : esp\u00e9rance et confiance en Dieu\" data-kale-share-url=\"https:\/\/blog.holyart.it\/fr\/?p=11809\" \/><\/p>\n<div class=\"leggi-anche\">Lire aussi :<\/div>\n<p><strong><a href=\"https:\/\/www.holyart.fr\/blog\/jubile-2025\/preparons-nous-a-lannee-sainte-avec-la-priere-du-jubile\/\">Pr\u00e9parons-nous \u00e0 l\u2019Ann\u00e9e Sainte avec la pri\u00e8re du Jubil\u00e9<\/a><\/strong><br \/>\nEn vue de l\u2019Ann\u00e9e Sainte 2025, les chr\u00e9tiens du monde entier se pr\u00e9parent pour \u00eatre P\u00e8lerins d\u2019esp\u00e9rance&#8230;<\/p>\n<\/div>\n<h2>La pri\u00e8re pour la nouvelle ann\u00e9e de Arley Tuberqui<\/h2>\n<p>Voici la pri\u00e8re pour la nouvelle ann\u00e9e de Tuberqui dans son enti\u00e8ret\u00e9, d\u00e9licate et magnifique :<\/p>\n<p><em>Seigneur,<\/em><br \/>\n<em>\u00e0 la fin de cette ann\u00e9e je souhaite te remercier<\/em><br \/>\n<em>pour tout ce que j\u2019ai re\u00e7u de ta part,<\/em><br \/>\n<em>merci pour la vie et pour l\u2019amour,<\/em><br \/>\n<em>pour les fleurs, l\u2019air et le soleil,<\/em><br \/>\n<em>pour la joie et la douleur,<\/em><br \/>\n<em>pour ce qui a \u00e9t\u00e9 possible<\/em><\/p>\n<p><em>et pour ce qui n\u2019a pas pu l\u2019\u00eatre.<\/em><\/p>\n<p><em>Je t\u2019offre ce que j\u2019ai fait cette ann\u00e9e :<\/em><br \/>\n<em>le travail que j\u2019ai pu accomplir,<\/em><br \/>\n<em>les choses qui sont pass\u00e9es entre mes mains<\/em><br \/>\n<em>et ce que j\u2019ai pu construire avec elles.<\/em><br \/>\n<em>Je t\u2019offre les personnes que j\u2019ai toujours aim\u00e9,<\/em><br \/>\n<em>les nouvelles amiti\u00e9s, ceux qui me sont les plus proches,<\/em><br \/>\n<em>ceux qui sont plus loin,<\/em><br \/>\n<em>ceux qui sont partis,<\/em><br \/>\n<em>ceux qui m\u2019ont demand\u00e9 un coup demain<\/em><br \/>\n<em>et ceux que j\u2019ai pu aider,<\/em><br \/>\n<em>ceux avec qui j\u2019ai partag\u00e9 ma vie,<\/em><br \/>\n<em>le travail, la douleur et la joie.<\/em><\/p>\n<p><em>Aujourd\u2019hui, Seigneur, je veux \u00e9galement demander pardon<\/em><br \/>\n<em>pour le temps gaspill\u00e9, pour l\u2019argent mal d\u00e9pens\u00e9,<\/em><br \/>\n<em>pour les mots inutiles et pour l\u2019amour m\u00e9pris\u00e9,<\/em><br \/>\n<em>pardon pour les \u0153uvres d\u00e9pourvues de sens,<\/em><br \/>\n<em>pour le travail mal fait,<\/em><br \/>\n<em>pour avoir v\u00e9cu sans enthousiasme<\/em><br \/>\n<em>et pour la pri\u00e8re toujours remise \u00e0 plus tard,<\/em><br \/>\n<em>pour tous les oublis et pour mes silences,<\/em><br \/>\n<em>simplement\u2026 je te demande pardon.<\/em><\/p>\n<p><em>Seigneur Dieu, Seigneur du temps et de l&rsquo;\u00e9ternit\u00e9,<\/em><br \/>\n<em>tiens sont l\u2019aujourd\u2019hui et le demain, le pass\u00e9 et le futur, et, au d\u00e9but d\u2019une nouvelle ann\u00e9e,<\/em><br \/>\n<em>moi j\u2019arr\u00eate ma vie devant le calendrier<\/em><br \/>\n<em>pas encore inaugur\u00e9<\/em><br \/>\n<em>et je t\u2019offre ces jours que toi seulement sais si j\u2019arriverai \u00e0 vivre.<\/em><\/p>\n<p><em>Aujourd\u2019hui, je te demande pour moi et pour les miens la paix et la joie,<\/em><br \/>\n<em>la force et la prudence,<\/em><br \/>\n<em>la charit\u00e9 et la sagesse.<\/em><\/p>\n<p><em>Je veux vivre chaque jour avec optimisme et bont\u00e9,<\/em><\/p>\n<p><em>ferme mes oreilles \u00e0 toute fausset\u00e9,<\/em><\/p>\n<p><em>mes l\u00e8vres aux mots mensongers et \u00e9go\u00efstes<\/em><\/p>\n<p><em>ou capables de blesser,<\/em><\/p>\n<p><em>ouvre par contre mon \u00eatre \u00e0 tout ce qui est bon,<\/em><\/p>\n<p><em>afin que mon esprit ne s\u2019emplisse que de b\u00e9n\u00e9dictions<\/em><\/p>\n<p><em>et les r\u00e9pande \u00e0 chacun de mes pas.<\/em><\/p>\n<p><em>Emplis-moi de bont\u00e9 et de joie<\/em><\/p>\n<p><em>afin que ceux qui vivent avec moi<\/em><br \/>\n<em>trouvent un peu de toi dans ma vie.<\/em><\/p>\n<p><em>Seigneur, donne-moi une ann\u00e9e heureuse<\/em><br \/>\n<em>et apprends-moi \u00e0 r\u00e9pandre le bonheur.<\/em><\/p>\n<p><em>Au nom de J\u00e9sus, amen.<\/em><\/p>\n<p>(Arley Tuberqui)<\/p>\n","protected":false},"excerpt":{"rendered":"<p>La pri\u00e8re pour la nouvelle ann\u00e9e \u00e9crite par Arley Tuberqui est un remerciement \u00e0 Dieu pour tous les dons re\u00e7us et une manifestation de bonnes intentions et d\u2019esp\u00e9rance pour le futur C\u2019est in\u00e9vitable. Chaque ann\u00e9e, quand No\u00ebl approche, quelque chose en nous bascule. C&rsquo;est peut-\u00eatre&hellip;<\/p>\n","protected":false},"author":1,"featured_media":11810,"comment_status":"closed","ping_status":"open","sticky":false,"template":"","format":"standard","meta":{"_acf_changed":false,"footnotes":""},"categories":[8],"tags":[],"class_list":["post-11809","post","type-post","status-publish","format-standard","has-post-thumbnail","hentry","category-articles-religieux"],"acf":[],"yoast_head":"<!-- This site is optimized with the Yoast SEO plugin v26.6 - https:\/\/yoast.com\/wordpress\/plugins\/seo\/ -->\n<title>Pri\u00e8re pour la Nouvelle Ann\u00e9e : esp\u00e9rance et confiance en Dieu - Holyart.fr Blog<\/title>\n<meta name=\"description\" content=\"La pri\u00e8re pour la nouvelle ann\u00e9e \u00e9crite par Arley Tuberqui est un remerciement \u00e0 Dieu pour tous les dons re\u00e7us et d\u2019esp\u00e9rance pour le futur.\" \/>\n<meta name=\"robots\" content=\"index, follow, max-snippet:-1, max-image-preview:large, max-video-preview:-1\" \/>\n<link rel=\"canonical\" href=\"https:\/\/blog.holyart.it\/fr\/articles-religieux\/priere-pour-la-nouvelle-annee-esperance-et-confiance-en-dieu\/\" \/>\n<meta property=\"og:locale\" content=\"fr_FR\" \/>\n<meta property=\"og:type\" content=\"article\" \/>\n<meta property=\"og:title\" content=\"Pri\u00e8re pour la Nouvelle Ann\u00e9e : esp\u00e9rance et confiance en Dieu - Holyart.fr Blog\" \/>\n<meta property=\"og:description\" content=\"La pri\u00e8re pour la nouvelle ann\u00e9e \u00e9crite par Arley Tuberqui est un remerciement \u00e0 Dieu pour tous les dons re\u00e7us et d\u2019esp\u00e9rance pour le futur.\" \/>\n<meta property=\"og:url\" content=\"https:\/\/blog.holyart.it\/fr\/articles-religieux\/priere-pour-la-nouvelle-annee-esperance-et-confiance-en-dieu\/\" \/>\n<meta property=\"og:site_name\" content=\"Holyart.fr Blog\" \/>\n<meta property=\"article:published_time\" content=\"2025-12-29T09:00:30+00:00\" \/>\n<meta property=\"article:modified_time\" content=\"2025-12-31T09:36:17+00:00\" \/>\n<meta property=\"og:image\" content=\"https:\/\/blog.holyart.it\/fr\/wp-content\/uploads\/sites\/14\/2025\/12\/Priere-pour-la-Nouvelle-Annee.jpg\" \/>\n\t<meta property=\"og:image:width\" content=\"1000\" \/>\n\t<meta property=\"og:image:height\" content=\"666\" \/>\n\t<meta property=\"og:image:type\" content=\"image\/jpeg\" \/>\n<meta name=\"author\" content=\"Redazione\" \/>\n<meta name=\"twitter:card\" content=\"summary_large_image\" \/>\n<meta name=\"twitter:label1\" content=\"\u00c9crit par\" \/>\n\t<meta name=\"twitter:data1\" content=\"Redazione\" \/>\n\t<meta name=\"twitter:label2\" content=\"Dur\u00e9e de lecture estim\u00e9e\" \/>\n\t<meta name=\"twitter:data2\" content=\"9 minutes\" \/>\n<script type=\"application\/ld+json\" class=\"yoast-schema-graph\">{\"@context\":\"https:\/\/schema.org\",\"@graph\":[{\"@type\":\"Article\",\"@id\":\"https:\/\/blog.holyart.it\/fr\/articles-religieux\/priere-pour-la-nouvelle-annee-esperance-et-confiance-en-dieu\/#article\",\"isPartOf\":{\"@id\":\"https:\/\/blog.holyart.it\/fr\/articles-religieux\/priere-pour-la-nouvelle-annee-esperance-et-confiance-en-dieu\/\"},\"author\":{\"name\":\"Redazione\",\"@id\":\"https:\/\/blog.holyart.it\/fr\/#\/schema\/person\/0a7b686e5af0f856ec1e390dd0baecda\"},\"headline\":\"Pri\u00e8re pour la Nouvelle Ann\u00e9e : esp\u00e9rance et confiance en Dieu\",\"datePublished\":\"2025-12-29T09:00:30+00:00\",\"dateModified\":\"2025-12-31T09:36:17+00:00\",\"mainEntityOfPage\":{\"@id\":\"https:\/\/blog.holyart.it\/fr\/articles-religieux\/priere-pour-la-nouvelle-annee-esperance-et-confiance-en-dieu\/\"},\"wordCount\":1666,\"publisher\":{\"@id\":\"https:\/\/blog.holyart.it\/fr\/#organization\"},\"image\":{\"@id\":\"https:\/\/blog.holyart.it\/fr\/articles-religieux\/priere-pour-la-nouvelle-annee-esperance-et-confiance-en-dieu\/#primaryimage\"},\"thumbnailUrl\":\"https:\/\/blog.holyart.it\/fr\/wp-content\/uploads\/sites\/14\/2025\/12\/Priere-pour-la-Nouvelle-Annee.jpg\",\"articleSection\":[\"Religion\"],\"inLanguage\":\"fr-FR\"},{\"@type\":\"WebPage\",\"@id\":\"https:\/\/blog.holyart.it\/fr\/articles-religieux\/priere-pour-la-nouvelle-annee-esperance-et-confiance-en-dieu\/\",\"url\":\"https:\/\/blog.holyart.it\/fr\/articles-religieux\/priere-pour-la-nouvelle-annee-esperance-et-confiance-en-dieu\/\",\"name\":\"Pri\u00e8re pour la Nouvelle Ann\u00e9e : esp\u00e9rance et confiance en Dieu - Holyart.fr Blog\",\"isPartOf\":{\"@id\":\"https:\/\/blog.holyart.it\/fr\/#website\"},\"primaryImageOfPage\":{\"@id\":\"https:\/\/blog.holyart.it\/fr\/articles-religieux\/priere-pour-la-nouvelle-annee-esperance-et-confiance-en-dieu\/#primaryimage\"},\"image\":{\"@id\":\"https:\/\/blog.holyart.it\/fr\/articles-religieux\/priere-pour-la-nouvelle-annee-esperance-et-confiance-en-dieu\/#primaryimage\"},\"thumbnailUrl\":\"https:\/\/blog.holyart.it\/fr\/wp-content\/uploads\/sites\/14\/2025\/12\/Priere-pour-la-Nouvelle-Annee.jpg\",\"datePublished\":\"2025-12-29T09:00:30+00:00\",\"dateModified\":\"2025-12-31T09:36:17+00:00\",\"description\":\"La pri\u00e8re pour la nouvelle ann\u00e9e \u00e9crite par Arley Tuberqui est un remerciement \u00e0 Dieu pour tous les dons re\u00e7us et d\u2019esp\u00e9rance pour le futur.\",\"breadcrumb\":{\"@id\":\"https:\/\/blog.holyart.it\/fr\/articles-religieux\/priere-pour-la-nouvelle-annee-esperance-et-confiance-en-dieu\/#breadcrumb\"},\"inLanguage\":\"fr-FR\",\"potentialAction\":[{\"@type\":\"ReadAction\",\"target\":[\"https:\/\/blog.holyart.it\/fr\/articles-religieux\/priere-pour-la-nouvelle-annee-esperance-et-confiance-en-dieu\/\"]}]},{\"@type\":\"ImageObject\",\"inLanguage\":\"fr-FR\",\"@id\":\"https:\/\/blog.holyart.it\/fr\/articles-religieux\/priere-pour-la-nouvelle-annee-esperance-et-confiance-en-dieu\/#primaryimage\",\"url\":\"https:\/\/blog.holyart.it\/fr\/wp-content\/uploads\/sites\/14\/2025\/12\/Priere-pour-la-Nouvelle-Annee.jpg\",\"contentUrl\":\"https:\/\/blog.holyart.it\/fr\/wp-content\/uploads\/sites\/14\/2025\/12\/Priere-pour-la-Nouvelle-Annee.jpg\",\"width\":1000,\"height\":666,\"caption\":\"Pri\u00e8re pour la Nouvelle Ann\u00e9e\"},{\"@type\":\"BreadcrumbList\",\"@id\":\"https:\/\/blog.holyart.it\/fr\/articles-religieux\/priere-pour-la-nouvelle-annee-esperance-et-confiance-en-dieu\/#breadcrumb\",\"itemListElement\":[{\"@type\":\"ListItem\",\"position\":1,\"name\":\"Homepage\",\"item\":\"https:\/\/blog.holyart.it\/fr\/\"},{\"@type\":\"ListItem\",\"position\":2,\"name\":\"Religion\",\"item\":\"https:\/\/blog.holyart.it\/fr\/articles-religieux\/\"},{\"@type\":\"ListItem\",\"position\":3,\"name\":\"Pri\u00e8re pour la Nouvelle Ann\u00e9e : esp\u00e9rance et confiance en Dieu\"}]},{\"@type\":\"WebSite\",\"@id\":\"https:\/\/blog.holyart.it\/fr\/#website\",\"url\":\"https:\/\/blog.holyart.it\/fr\/\",\"name\":\"Holyart.fr Blog\",\"description\":\"Holyblog\",\"publisher\":{\"@id\":\"https:\/\/blog.holyart.it\/fr\/#organization\"},\"potentialAction\":[{\"@type\":\"SearchAction\",\"target\":{\"@type\":\"EntryPoint\",\"urlTemplate\":\"https:\/\/blog.holyart.it\/fr\/?s={search_term_string}\"},\"query-input\":{\"@type\":\"PropertyValueSpecification\",\"valueRequired\":true,\"valueName\":\"search_term_string\"}}],\"inLanguage\":\"fr-FR\"},{\"@type\":\"Organization\",\"@id\":\"https:\/\/blog.holyart.it\/fr\/#organization\",\"name\":\"Holyart.fr Blog\",\"url\":\"https:\/\/blog.holyart.it\/fr\/\",\"logo\":{\"@type\":\"ImageObject\",\"inLanguage\":\"fr-FR\",\"@id\":\"https:\/\/blog.holyart.it\/fr\/#\/schema\/logo\/image\/\",\"url\":\"https:\/\/blog.holyart.it\/fr\/wp-content\/uploads\/sites\/14\/2022\/12\/Holyart_Blog_Logo.jpg\",\"contentUrl\":\"https:\/\/blog.holyart.it\/fr\/wp-content\/uploads\/sites\/14\/2022\/12\/Holyart_Blog_Logo.jpg\",\"width\":300,\"height\":50,\"caption\":\"Holyart.fr Blog\"},\"image\":{\"@id\":\"https:\/\/blog.holyart.it\/fr\/#\/schema\/logo\/image\/\"}},{\"@type\":\"Person\",\"@id\":\"https:\/\/blog.holyart.it\/fr\/#\/schema\/person\/0a7b686e5af0f856ec1e390dd0baecda\",\"name\":\"Redazione\",\"image\":{\"@type\":\"ImageObject\",\"inLanguage\":\"fr-FR\",\"@id\":\"https:\/\/blog.holyart.it\/fr\/#\/schema\/person\/image\/\",\"url\":\"https:\/\/secure.gravatar.com\/avatar\/f477da817f43e50d0af36abecd33e3edf826c68299714bdc1057dff3b113f516?s=96&d=mm&r=g\",\"contentUrl\":\"https:\/\/secure.gravatar.com\/avatar\/f477da817f43e50d0af36abecd33e3edf826c68299714bdc1057dff3b113f516?s=96&d=mm&r=g\",\"caption\":\"Redazione\"},\"url\":\"https:\/\/blog.holyart.it\/fr\/author\/admin\/\"}]}<\/script>\n<!-- \/ Yoast SEO plugin. -->","yoast_head_json":{"title":"Pri\u00e8re pour la Nouvelle Ann\u00e9e : esp\u00e9rance et confiance en Dieu - Holyart.fr Blog","description":"La pri\u00e8re pour la nouvelle ann\u00e9e \u00e9crite par Arley Tuberqui est un remerciement \u00e0 Dieu pour tous les dons re\u00e7us et d\u2019esp\u00e9rance pour le futur.","robots":{"index":"index","follow":"follow","max-snippet":"max-snippet:-1","max-image-preview":"max-image-preview:large","max-video-preview":"max-video-preview:-1"},"canonical":"https:\/\/blog.holyart.it\/fr\/articles-religieux\/priere-pour-la-nouvelle-annee-esperance-et-confiance-en-dieu\/","og_locale":"fr_FR","og_type":"article","og_title":"Pri\u00e8re pour la Nouvelle Ann\u00e9e : esp\u00e9rance et confiance en Dieu - Holyart.fr Blog","og_description":"La pri\u00e8re pour la nouvelle ann\u00e9e \u00e9crite par Arley Tuberqui est un remerciement \u00e0 Dieu pour tous les dons re\u00e7us et d\u2019esp\u00e9rance pour le futur.","og_url":"https:\/\/blog.holyart.it\/fr\/articles-religieux\/priere-pour-la-nouvelle-annee-esperance-et-confiance-en-dieu\/","og_site_name":"Holyart.fr Blog","article_published_time":"2025-12-29T09:00:30+00:00","article_modified_time":"2025-12-31T09:36:17+00:00","og_image":[{"width":1000,"height":666,"url":"https:\/\/blog.holyart.it\/fr\/wp-content\/uploads\/sites\/14\/2025\/12\/Priere-pour-la-Nouvelle-Annee.jpg","type":"image\/jpeg"}],"author":"Redazione","twitter_card":"summary_large_image","twitter_misc":{"\u00c9crit par":"Redazione","Dur\u00e9e de lecture estim\u00e9e":"9 minutes"},"schema":{"@context":"https:\/\/schema.org","@graph":[{"@type":"Article","@id":"https:\/\/blog.holyart.it\/fr\/articles-religieux\/priere-pour-la-nouvelle-annee-esperance-et-confiance-en-dieu\/#article","isPartOf":{"@id":"https:\/\/blog.holyart.it\/fr\/articles-religieux\/priere-pour-la-nouvelle-annee-esperance-et-confiance-en-dieu\/"},"author":{"name":"Redazione","@id":"https:\/\/blog.holyart.it\/fr\/#\/schema\/person\/0a7b686e5af0f856ec1e390dd0baecda"},"headline":"Pri\u00e8re pour la Nouvelle Ann\u00e9e : esp\u00e9rance et confiance en Dieu","datePublished":"2025-12-29T09:00:30+00:00","dateModified":"2025-12-31T09:36:17+00:00","mainEntityOfPage":{"@id":"https:\/\/blog.holyart.it\/fr\/articles-religieux\/priere-pour-la-nouvelle-annee-esperance-et-confiance-en-dieu\/"},"wordCount":1666,"publisher":{"@id":"https:\/\/blog.holyart.it\/fr\/#organization"},"image":{"@id":"https:\/\/blog.holyart.it\/fr\/articles-religieux\/priere-pour-la-nouvelle-annee-esperance-et-confiance-en-dieu\/#primaryimage"},"thumbnailUrl":"https:\/\/blog.holyart.it\/fr\/wp-content\/uploads\/sites\/14\/2025\/12\/Priere-pour-la-Nouvelle-Annee.jpg","articleSection":["Religion"],"inLanguage":"fr-FR"},{"@type":"WebPage","@id":"https:\/\/blog.holyart.it\/fr\/articles-religieux\/priere-pour-la-nouvelle-annee-esperance-et-confiance-en-dieu\/","url":"https:\/\/blog.holyart.it\/fr\/articles-religieux\/priere-pour-la-nouvelle-annee-esperance-et-confiance-en-dieu\/","name":"Pri\u00e8re pour la Nouvelle Ann\u00e9e : esp\u00e9rance et confiance en Dieu - Holyart.fr Blog","isPartOf":{"@id":"https:\/\/blog.holyart.it\/fr\/#website"},"primaryImageOfPage":{"@id":"https:\/\/blog.holyart.it\/fr\/articles-religieux\/priere-pour-la-nouvelle-annee-esperance-et-confiance-en-dieu\/#primaryimage"},"image":{"@id":"https:\/\/blog.holyart.it\/fr\/articles-religieux\/priere-pour-la-nouvelle-annee-esperance-et-confiance-en-dieu\/#primaryimage"},"thumbnailUrl":"https:\/\/blog.holyart.it\/fr\/wp-content\/uploads\/sites\/14\/2025\/12\/Priere-pour-la-Nouvelle-Annee.jpg","datePublished":"2025-12-29T09:00:30+00:00","dateModified":"2025-12-31T09:36:17+00:00","description":"La pri\u00e8re pour la nouvelle ann\u00e9e \u00e9crite par Arley Tuberqui est un remerciement \u00e0 Dieu pour tous les dons re\u00e7us et d\u2019esp\u00e9rance pour le futur.","breadcrumb":{"@id":"https:\/\/blog.holyart.it\/fr\/articles-religieux\/priere-pour-la-nouvelle-annee-esperance-et-confiance-en-dieu\/#breadcrumb"},"inLanguage":"fr-FR","potentialAction":[{"@type":"ReadAction","target":["https:\/\/blog.holyart.it\/fr\/articles-religieux\/priere-pour-la-nouvelle-annee-esperance-et-confiance-en-dieu\/"]}]},{"@type":"ImageObject","inLanguage":"fr-FR","@id":"https:\/\/blog.holyart.it\/fr\/articles-religieux\/priere-pour-la-nouvelle-annee-esperance-et-confiance-en-dieu\/#primaryimage","url":"https:\/\/blog.holyart.it\/fr\/wp-content\/uploads\/sites\/14\/2025\/12\/Priere-pour-la-Nouvelle-Annee.jpg","contentUrl":"https:\/\/blog.holyart.it\/fr\/wp-content\/uploads\/sites\/14\/2025\/12\/Priere-pour-la-Nouvelle-Annee.jpg","width":1000,"height":666,"caption":"Pri\u00e8re pour la Nouvelle Ann\u00e9e"},{"@type":"BreadcrumbList","@id":"https:\/\/blog.holyart.it\/fr\/articles-religieux\/priere-pour-la-nouvelle-annee-esperance-et-confiance-en-dieu\/#breadcrumb","itemListElement":[{"@type":"ListItem","position":1,"name":"Homepage","item":"https:\/\/blog.holyart.it\/fr\/"},{"@type":"ListItem","position":2,"name":"Religion","item":"https:\/\/blog.holyart.it\/fr\/articles-religieux\/"},{"@type":"ListItem","position":3,"name":"Pri\u00e8re pour la Nouvelle Ann\u00e9e : esp\u00e9rance et confiance en Dieu"}]},{"@type":"WebSite","@id":"https:\/\/blog.holyart.it\/fr\/#website","url":"https:\/\/blog.holyart.it\/fr\/","name":"Holyart.fr Blog","description":"Holyblog","publisher":{"@id":"https:\/\/blog.holyart.it\/fr\/#organization"},"potentialAction":[{"@type":"SearchAction","target":{"@type":"EntryPoint","urlTemplate":"https:\/\/blog.holyart.it\/fr\/?s={search_term_string}"},"query-input":{"@type":"PropertyValueSpecification","valueRequired":true,"valueName":"search_term_string"}}],"inLanguage":"fr-FR"},{"@type":"Organization","@id":"https:\/\/blog.holyart.it\/fr\/#organization","name":"Holyart.fr Blog","url":"https:\/\/blog.holyart.it\/fr\/","logo":{"@type":"ImageObject","inLanguage":"fr-FR","@id":"https:\/\/blog.holyart.it\/fr\/#\/schema\/logo\/image\/","url":"https:\/\/blog.holyart.it\/fr\/wp-content\/uploads\/sites\/14\/2022\/12\/Holyart_Blog_Logo.jpg","contentUrl":"https:\/\/blog.holyart.it\/fr\/wp-content\/uploads\/sites\/14\/2022\/12\/Holyart_Blog_Logo.jpg","width":300,"height":50,"caption":"Holyart.fr Blog"},"image":{"@id":"https:\/\/blog.holyart.it\/fr\/#\/schema\/logo\/image\/"}},{"@type":"Person","@id":"https:\/\/blog.holyart.it\/fr\/#\/schema\/person\/0a7b686e5af0f856ec1e390dd0baecda","name":"Redazione","image":{"@type":"ImageObject","inLanguage":"fr-FR","@id":"https:\/\/blog.holyart.it\/fr\/#\/schema\/person\/image\/","url":"https:\/\/secure.gravatar.com\/avatar\/f477da817f43e50d0af36abecd33e3edf826c68299714bdc1057dff3b113f516?s=96&d=mm&r=g","contentUrl":"https:\/\/secure.gravatar.com\/avatar\/f477da817f43e50d0af36abecd33e3edf826c68299714bdc1057dff3b113f516?s=96&d=mm&r=g","caption":"Redazione"},"url":"https:\/\/blog.holyart.it\/fr\/author\/admin\/"}]}},"_links":{"self":[{"href":"https:\/\/blog.holyart.it\/fr\/wp-json\/wp\/v2\/posts\/11809","targetHints":{"allow":["GET"]}}],"collection":[{"href":"https:\/\/blog.holyart.it\/fr\/wp-json\/wp\/v2\/posts"}],"about":[{"href":"https:\/\/blog.holyart.it\/fr\/wp-json\/wp\/v2\/types\/post"}],"author":[{"embeddable":true,"href":"https:\/\/blog.holyart.it\/fr\/wp-json\/wp\/v2\/users\/1"}],"replies":[{"embeddable":true,"href":"https:\/\/blog.holyart.it\/fr\/wp-json\/wp\/v2\/comments?post=11809"}],"version-history":[{"count":4,"href":"https:\/\/blog.holyart.it\/fr\/wp-json\/wp\/v2\/posts\/11809\/revisions"}],"predecessor-version":[{"id":11817,"href":"https:\/\/blog.holyart.it\/fr\/wp-json\/wp\/v2\/posts\/11809\/revisions\/11817"}],"wp:featuredmedia":[{"embeddable":true,"href":"https:\/\/blog.holyart.it\/fr\/wp-json\/wp\/v2\/media\/11810"}],"wp:attachment":[{"href":"https:\/\/blog.holyart.it\/fr\/wp-json\/wp\/v2\/media?parent=11809"}],"wp:term":[{"taxonomy":"category","embeddable":true,"href":"https:\/\/blog.holyart.it\/fr\/wp-json\/wp\/v2\/categories?post=11809"},{"taxonomy":"post_tag","embeddable":true,"href":"https:\/\/blog.holyart.it\/fr\/wp-json\/wp\/v2\/tags?post=11809"}],"curies":[{"name":"wp","href":"https:\/\/api.w.org\/{rel}","templated":true}]}}