{"id":11797,"date":"2025-12-24T10:00:02","date_gmt":"2025-12-24T09:00:02","guid":{"rendered":"https:\/\/blog.holyart.it\/fr\/?p=11797"},"modified":"2025-12-19T17:45:08","modified_gmt":"2025-12-19T16:45:08","slug":"que-celebre-t-on-dans-la-journee-dediee-aux-saints-innocents","status":"publish","type":"post","link":"https:\/\/blog.holyart.it\/fr\/saints-et-bienheureux\/que-celebre-t-on-dans-la-journee-dediee-aux-saints-innocents\/","title":{"rendered":"Que c\u00e9l\u00e8bre-t-on dans la journ\u00e9e d\u00e9di\u00e9e aux Saints Innocents ?"},"content":{"rendered":"<h4>Les Saints Innocents sont les enfants tu\u00e9s par ordre d\u2019H\u00e9rode, qui esp\u00e9rait ainsi \u00e9liminer le petit J\u00e9sus. Premiers martyrs de l\u2019\u00c9glise catholique, ils sont comm\u00e9mor\u00e9s encore aujourd\u2019hui.<\/h4>\n\n<p>La vie de J\u00e9sus est principalement connue \u00e0 travers les <strong>\u00c9vangiles canoniques<\/strong>, mais il y a des p\u00e9riodes de Son existence sur lesquelles nous n\u2019avons aucune information. Ces \u00ab\u00a0<a href=\"https:\/\/www.holyart.fr\/blog\/articles-religieux\/les-annees-perdues-de-la-vie-de-jesus\/\"><strong>ann\u00e9es obscures<\/strong><\/a>\u00a0\u00bb ne sont pas caract\u00e9ris\u00e9es d\u2019\u00e9v\u00e9nements significatifs, raison pour laquelle les \u00c9vangiles n\u2019en parlent pas. Afin de combler ces lacunes, les textes apocryphes et des \u00e9tudes successives ont tent\u00e9 de raconter ceux que l\u2019on appelle les <em>ann\u00e9es du silence de J\u00e9sus<\/em>, entre son enfance et le d\u00e9but de Son minist\u00e8re. Encore aujourd\u2019hui, experts et chercheurs analysent sources historiques, l\u00e9gendes et comptes-rendus afin de tenter de reconstruire cette p\u00e9riode peu document\u00e9e. Mais il y a un \u00e9pisode li\u00e9 \u00e0 l\u2019enfance de J\u00e9sus, juste apr\u00e8s la Nativit\u00e9, qui comparait dans un seul \u00c9vangile canonique et qui, en quelque sorte, referme de mani\u00e8re extr\u00eamement dramatique la premi\u00e8re partie de Sa vie\u00a0: il s\u2019agit du <a href=\"https:\/\/www.holyart.fr\/blog\/articles-religieux\/lhistoire-de-jesus-les-evenements-les-plus-importants-de-sa-vie\/#La_fuite_en_Egypte_et_le_massacre_des_innocents\"><strong>Massacre des innocents<\/strong><\/a>.<\/p>\n<div class=\"link-article\">\n<p><img loading=\"lazy\" decoding=\"async\" class=\"size-full wp-image-11800 alignleft\" src=\"https:\/\/blog.holyart.it\/fr\/wp-content\/uploads\/sites\/14\/2025\/12\/Lhistoire-de-Jesus-les-evenements-les-plus-importants-de-Sa-vie.jpg\" alt=\"L'histoire de Jesus les evenements les plus importants de Sa vie\" width=\"150\" height=\"99\" data-kale-share-title=\"Que c\u00e9l\u00e8bre-t-on dans la journ\u00e9e d\u00e9di\u00e9e aux Saints Innocents ?\" data-kale-share-url=\"https:\/\/blog.holyart.it\/fr\/?p=11797\" \/><\/p>\n<div class=\"leggi-anche\">Lire aussi :<\/div>\n<p><strong><a href=\"https:\/\/www.holyart.fr\/blog\/articles-religieux\/lhistoire-de-jesus-les-evenements-les-plus-importants-de-sa-vie\/#La_fuite_en_Egypte_et_le_massacre_des_innocents\">L\u2019histoire de J\u00e9sus : les \u00e9v\u00e9nements les plus importants de Sa vie<\/a><\/strong><br \/>\nL\u2019histoire de J\u00e9sus, entre r\u00e9cit \u00e9vang\u00e9lique, r\u00e9alit\u00e9 historique et&#8230;<\/p>\n<\/div>\n<p>C\u2019est un \u00e9pisode racont\u00e9 dans l\u2019<strong>\u00c9vangile de Matthieu<\/strong> (Matthieu 2,1-16), selon lequel le roi H\u00e9rode le Grand, apr\u00e8s avoir appris la naissance de J\u00e9sus par les Mages, commanda l\u2019ex\u00e9cution des tous les enfants m\u00e2les de Bethl\u00e9em d\u2019un \u00e2ge inf\u00e9rieur aux deux ans, par crainte que le proph\u00e9tis\u00e9 roi des Juifs ne menace son pouvoir. Mais la famille de J\u00e9sus s\u2019enfuit en \u00c9gypte, pr\u00e9venue par un ange. Cet \u00e9v\u00e9nement est rappel\u00e9 par l\u2019\u00c9glise catholique le <strong>28 d\u00e9cembre<\/strong>, le <strong>jour des Saints Innocents<\/strong>, et les enfants de Bethl\u00e9em ont \u00e9t\u00e9 reconnus comme <a href=\"https:\/\/www.holyart.fr\/blog\/articles-religieux\/saints-martyrs-sacrifier-sa-vie-au-nom-de-dieu\/\"><strong>premiers martyres du Christianisme<\/strong><\/a>. Le Massacre des Innocents est vu encore aujourd\u2019hui comme un <strong>symbole d\u2019oppression et de violence envers les plus vuln\u00e9rables<\/strong> et, au cours des si\u00e8cles, a inspir\u00e9 de nombreuses \u0153uvres d\u2019art, r\u00e9flexions et comm\u00e9morations liturgiques.<\/p>\n<div class=\"link-article\">\n<p><img loading=\"lazy\" decoding=\"async\" class=\"size-full wp-image-11801 alignleft\" src=\"https:\/\/blog.holyart.it\/fr\/wp-content\/uploads\/sites\/14\/2025\/12\/saints-martyrs.jpg\" alt=\"saints martyrs\" width=\"150\" height=\"99\" data-kale-share-title=\"Que c\u00e9l\u00e8bre-t-on dans la journ\u00e9e d\u00e9di\u00e9e aux Saints Innocents ?\" data-kale-share-url=\"https:\/\/blog.holyart.it\/fr\/?p=11797\" \/><\/p>\n<div class=\"leggi-anche\">Lire aussi :<\/div>\n<p><strong><a href=\"https:\/\/www.holyart.fr\/blog\/articles-religieux\/saints-martyrs-sacrifier-sa-vie-au-nom-de-dieu\/\">Saints Martyrs : sacrifier sa vie au nom de Dieu<\/a><\/strong><br \/>\nLes Saints Martyrs sont des hommes et des femmes, souvent tr\u00e8s jeunes, qui ont sacrifi\u00e9 leur vie pour&#8230;<\/p>\n<\/div>\n<h2>Qui sont les Saints Innocents<\/h2>\n<p>Dans l\u2019\u00c9vangile selon Matthieu, nous lisons comment, tout de suite apr\u00e8s la naissance de J\u00e9sus, <a href=\"https:\/\/www.holyart.fr\/blog\/noel\/qui-etaient-les-rois-mages-et-leurs-prenoms\/\"><strong>certains mages<\/strong><\/a> arriv\u00e8rent \u00e0 J\u00e9rusalem en demandant le <em>roi des Juifs<\/em> \u00e0 peine n\u00e9. Le roi <strong>H\u00e9rode<\/strong>, alarm\u00e9, demanda aux grands pr\u00eatres o\u00f9 serait n\u00e9 le Messie, en recevant confirmation que les proph\u00e9ties indiquaient Bethl\u00e9em. H\u00e9rode demanda donc aux mages de trouver l\u2019enfant et de l\u2019informer de sa position, faignant vouloir l\u2019adorer, mais, une fois l\u2019enfant trouv\u00e9 et pr\u00e9venus dans un r\u00eave, les mages d\u00e9cid\u00e8rent de ne pas retourner voir H\u00e9rode et, en parall\u00e8le, un ange conseilla \u00e0 Joseph de <a href=\"https:\/\/www.holyart.fr\/blog\/noel\/fuite-en-egypte-le-voyage-de-la-sainte-famille-pour-echapper-au-roi-herode\/\"><strong>fuir en \u00c9gypte<\/strong><\/a> avec sa famille. Se sentant menac\u00e9, H\u00e9rode commanda l\u2019ex\u00e9cution de tous les enfants m\u00e2les de Bethl\u00e9em de moins de deux ans, en r\u00e9alisant ainsi une proph\u00e9tie du proph\u00e8te J\u00e9r\u00e9mie.<\/p>\n<p>Comme de nombreux \u00e9pisodes bibliques, le Massacre des Innocents a fait l\u2019objet de d\u00e9bats concernant sa <strong>v\u00e9ridicit\u00e9 historique<\/strong>. Des sources historiques confirment la cruaut\u00e9 de H\u00e9rode, connu pour avoir m\u00eame tu\u00e9 des membres de sa propre famille afin de prot\u00e9ger son pouvoir. Il est donc plausible qu\u2019il ait command\u00e9 le massacre des nouveau-n\u00e9s de Bethl\u00e9em. Cependant, certains experts envisagent que l\u2019histoire ait plut\u00f4t une <strong>signification symbolique<\/strong>, en reliant la naissance de J\u00e9sus \u00e0 celle de Mo\u00efse.<\/p>\n<div class=\"link-article\">\n<p><img loading=\"lazy\" decoding=\"async\" class=\"size-full wp-image-11803 alignleft\" src=\"https:\/\/blog.holyart.it\/fr\/wp-content\/uploads\/sites\/14\/2025\/12\/Les-Rois-Mages.jpg\" alt=\"Les Rois Mages\" width=\"150\" height=\"99\" data-kale-share-title=\"Que c\u00e9l\u00e8bre-t-on dans la journ\u00e9e d\u00e9di\u00e9e aux Saints Innocents ?\" data-kale-share-url=\"https:\/\/blog.holyart.it\/fr\/?p=11797\" \/><\/p>\n<div class=\"leggi-anche\">Lire aussi :<\/div>\n<p><strong><a href=\"https:\/\/www.holyart.fr\/blog\/noel\/qui-etaient-les-rois-mages-et-leurs-prenoms\/\">Qui \u00e9taient les Rois Mages et leurs pr\u00e9noms<\/a><\/strong><br \/>\nLes Rois Mages sont des personnages traditionnels de la Cr\u00e8che, tr\u00e8s connus et aim\u00e9s de tous. Ils restent dans leur carton&#8230;<\/p>\n<\/div>\n<p>Dans la tradition chr\u00e9tienne occidentale, les petites victimes trucid\u00e9es dans l\u2019\u00e9pisode connu comme le massacre des Innocents, voulu par la cruaut\u00e9 de H\u00e9rode, sont devenues, avec le temps, le <strong>symbole de toutes les victimes innocentes de l\u2019injustice et des jeux de pouvoir<\/strong> qui dominent, depuis des si\u00e8cles, l\u2019histoire du monde. Les Saints Innocents sont les enfants de Bethl\u00e9em, consid\u00e9r\u00e9s comme les premiers martyres, m\u00eame si de mani\u00e8re inconsciente, puisqu\u2019ils ont perdu la vie \u00e0 la place de J\u00e9sus sans pouvoir avoir voix au chapitre. Cela en fait des symboles de puret\u00e9 et d\u2019innocence. Mais cette festivit\u00e9 qui leur est d\u00e9di\u00e9e attire \u00e9galement l\u2019attention sur tous ceux qui, comme les enfants, n\u2019ont pas de voix pour se d\u00e9fendre, et invite \u00e0 r\u00e9fl\u00e9chir sur l\u2019obligation morale de <strong>prot\u00e9ger les innocents<\/strong>, en particulier dans un monde o\u00f9 la violence et l\u2019injustice sont si r\u00e9pandues. Les enfants qui vivent aujourd\u2019hui dans des zones de guerre, ou qui sont victimes de violences et d\u2019abuses, oblig\u00e9s \u00e0 fuir leurs maisons, exploit\u00e9s par des gens sans scrupules, sont les descendants des nouveau-n\u00e9s de Bethl\u00e9em arrach\u00e9s des bras de leurs m\u00e8res d\u00e9sesp\u00e9r\u00e9es, tu\u00e9s sans m\u00eame savoir pourquoi, comme il arrive trop souvent dans les villes bombard\u00e9es ou lors des voyages d\u00e9sesp\u00e9r\u00e9s \u00e0 la recherche d\u2019un monde meilleur. La f\u00eate des Saints Innocents martyrs devient ainsi une occasion pour des campagnes de sensibilisation en faveur des <strong>droits des enfants<\/strong> et de la lutte contre les violences qui, encore aujourd\u2019hui touchent les plus vuln\u00e9rables dans de nombreuses parties du monde. \u00c0 une \u00e9poque o\u00f9 les enfants continuent d\u2019\u00eatre victimes de guerres, trafic d\u2019humain et abuses, le souvenir des Saints Innocents invite nous tous \u00e0 nous engager pour un monde plus juste et protecteur vis-\u00e0-vis de l\u2019enfance.<\/p>\n<div class=\"link-article\">\n<p><img loading=\"lazy\" decoding=\"async\" class=\"size-full wp-image-11804 alignleft\" src=\"https:\/\/blog.holyart.it\/fr\/wp-content\/uploads\/sites\/14\/2025\/12\/Fuite-en-Egypt.jpg\" alt=\"Fuite en Egypt\" width=\"150\" height=\"99\" data-kale-share-title=\"Que c\u00e9l\u00e8bre-t-on dans la journ\u00e9e d\u00e9di\u00e9e aux Saints Innocents ?\" data-kale-share-url=\"https:\/\/blog.holyart.it\/fr\/?p=11797\" \/><\/p>\n<div class=\"leggi-anche\">Lire aussi :<\/div>\n<p><strong><a href=\"https:\/\/www.holyart.fr\/blog\/noel\/fuite-en-egypte-le-voyage-de-la-sainte-famille-pour-echapper-au-roi-herode\/\">Fuite en \u00c9gypte : le voyage de la Sainte Famille pour \u00e9chapper au Roi H\u00e9rode<\/a><\/strong><br \/>\nLa fuite en \u00c9gypte est un \u00e9pisode de l\u2019enfance de J\u00e9sus. Entre histoire et&#8230;<\/p>\n<\/div>\n<h2>F\u00eate des Saints Innocents<\/h2>\n<p>La <strong>F\u00eate des Saints Innocents<\/strong> fait partie de l\u2019Octave de No\u00ebl, qui honore ceux qui furent particuli\u00e8rement proches de Christ, les <em>Comites Christi<\/em>. Jusqu\u2019au Ve si\u00e8cle apr. J.-C., l\u2019\u00c9glise a comm\u00e9mor\u00e9 les Saints martyrs innocents avec la solennit\u00e9 du <em>Die sanctorum Innocentium<\/em>, avec des Messes sp\u00e9ciales et des pri\u00e8res. Dans le pass\u00e9, la <strong>couleur noire<\/strong> des v\u00eatements liturgiques, g\u00e9n\u00e9ralement utilis\u00e9e pour le deuil, symbolisait la douleur pour la perte de vies innocentes. Dans de nombreuses cultures, surtout en Espagne et dans les pays de l\u2019Am\u00e9rique Latine, le 28 d\u00e9cembre est similaire \u00e0 notre 1er avril et est connu comme <em>D\u00eda de los Santos Inocentes<\/em>. En ce jour, les gens font des blagues et des farces, appel\u00e9es \u00ab\u00a0<em>inocentadas\u00a0\u00bb<\/em>, e, une fois la farce r\u00e9v\u00e9l\u00e9e, ils exclament \u00ab\u00a0<em>\u00a1Inocente!<\/em>\u00a0\u00bb.<br \/>\nEn Italie aussi, surtout dans le Sud, des traditions de blagues et de jeux \u00e9taient li\u00e9s \u00e0 cette journ\u00e9e, mais se sont att\u00e9nu\u00e9es avec le temps. Il existe des \u00e9glises catholiques d\u00e9di\u00e9es aux Saints Innocents Martyres, o\u00f9, encore aujourd\u2019hui, on c\u00e9l\u00e8bre des Messes de suffrage en leur m\u00e9moire et pour rappeler tous les martyrs innocents des si\u00e8cles suivants. Ce tragique \u00e9v\u00e9nement a inspir\u00e9 de nombreuses <strong>\u0153uvres d\u2019art<\/strong> au cours des si\u00e8cles, parmi lesquels des tableaux de grands artistes tels que Giotto, Guido Reni et Rubens, qui ont interpr\u00e9t\u00e9 cet \u00e9v\u00e8nement biblique avec grande intensit\u00e9 dramatique et \u00e9motive.<\/p>\n<h2>Pri\u00e8re aux Saints Innocents<\/h2>\n<p><em>\u00d4 Saints Innocents, pr\u00e9mices de l\u2019\u00c9glise catholique,<\/em><\/p>\n<p><em>qui louent et contemplent continuellement le Divin Agneau Immacul\u00e9,<\/em><\/p>\n<p><em>et chantent toujours des chants nouveaux devant le tr\u00f4ne du Tr\u00e8s-Haut,<\/em><\/p>\n<p><em>s&rsquo;il vous pla\u00eet, obtenez-moi une vie innocente,<\/em><\/p>\n<p><em>contrition parfaite et immense tristesse pour mes p\u00e9ch\u00e9s,<\/em><\/p>\n<p><em>et une intention juste et pure dans toutes mes pens\u00e9es, paroles et actes,<\/em><\/p>\n<p><em>\u00e0 cela qu&rsquo;il me pr\u00e9serve dans la gr\u00e2ce de Dieu, et qu&rsquo;il soit alors votre compagnon dans cette gloire immortelle,<\/em><\/p>\n<p><em>que vous avez acquis en versant votre sang innocent.<\/em><\/p>\n<p><em>Qu&rsquo;ainsi soit-il. Amen.<\/em><\/p>\n","protected":false},"excerpt":{"rendered":"<p>Les Saints Innocents sont les enfants tu\u00e9s par ordre d\u2019H\u00e9rode, qui esp\u00e9rait ainsi \u00e9liminer le petit J\u00e9sus. Premiers martyrs de l\u2019\u00c9glise catholique, ils sont comm\u00e9mor\u00e9s encore aujourd\u2019hui. La vie de J\u00e9sus est principalement connue \u00e0 travers les \u00c9vangiles canoniques, mais il y a des p\u00e9riodes&hellip;<\/p>\n","protected":false},"author":1,"featured_media":11799,"comment_status":"closed","ping_status":"open","sticky":false,"template":"","format":"standard","meta":{"_acf_changed":false,"footnotes":""},"categories":[7],"tags":[],"class_list":["post-11797","post","type-post","status-publish","format-standard","has-post-thumbnail","hentry","category-saints-et-bienheureux"],"acf":[],"yoast_head":"<!-- This site is optimized with the Yoast SEO plugin v26.6 - https:\/\/yoast.com\/wordpress\/plugins\/seo\/ -->\n<title>Que c\u00e9l\u00e8bre-t-on dans la journ\u00e9e d\u00e9di\u00e9e aux Saints Innocents ? - Holyart.fr Blog<\/title>\n<meta name=\"description\" content=\"Les Saints innocents symbolisent les nouveaux-n\u00e9s de Bethl\u00e9em tu\u00e9s par H\u00e9rode, mais aussi tous les enfants victimes de violence.\" \/>\n<meta name=\"robots\" content=\"index, follow, max-snippet:-1, max-image-preview:large, max-video-preview:-1\" \/>\n<link rel=\"canonical\" href=\"https:\/\/blog.holyart.it\/fr\/saints-et-bienheureux\/que-celebre-t-on-dans-la-journee-dediee-aux-saints-innocents\/\" \/>\n<meta property=\"og:locale\" content=\"fr_FR\" \/>\n<meta property=\"og:type\" content=\"article\" \/>\n<meta property=\"og:title\" content=\"Que c\u00e9l\u00e8bre-t-on dans la journ\u00e9e d\u00e9di\u00e9e aux Saints Innocents ? - Holyart.fr Blog\" \/>\n<meta property=\"og:description\" content=\"Les Saints innocents symbolisent les nouveaux-n\u00e9s de Bethl\u00e9em tu\u00e9s par H\u00e9rode, mais aussi tous les enfants victimes de violence.\" \/>\n<meta property=\"og:url\" content=\"https:\/\/blog.holyart.it\/fr\/saints-et-bienheureux\/que-celebre-t-on-dans-la-journee-dediee-aux-saints-innocents\/\" \/>\n<meta property=\"og:site_name\" content=\"Holyart.fr Blog\" \/>\n<meta property=\"article:published_time\" content=\"2025-12-24T09:00:02+00:00\" \/>\n<meta property=\"og:image\" content=\"https:\/\/blog.holyart.it\/fr\/wp-content\/uploads\/sites\/14\/2025\/12\/Saints-Innocents.jpg\" \/>\n\t<meta property=\"og:image:width\" content=\"1000\" \/>\n\t<meta property=\"og:image:height\" content=\"666\" \/>\n\t<meta property=\"og:image:type\" content=\"image\/jpeg\" \/>\n<meta name=\"author\" content=\"Redazione\" \/>\n<meta name=\"twitter:card\" content=\"summary_large_image\" \/>\n<meta name=\"twitter:label1\" content=\"\u00c9crit par\" \/>\n\t<meta name=\"twitter:data1\" content=\"Redazione\" \/>\n\t<meta name=\"twitter:label2\" content=\"Dur\u00e9e de lecture estim\u00e9e\" \/>\n\t<meta name=\"twitter:data2\" content=\"8 minutes\" \/>\n<script type=\"application\/ld+json\" class=\"yoast-schema-graph\">{\"@context\":\"https:\/\/schema.org\",\"@graph\":[{\"@type\":\"Article\",\"@id\":\"https:\/\/blog.holyart.it\/fr\/saints-et-bienheureux\/que-celebre-t-on-dans-la-journee-dediee-aux-saints-innocents\/#article\",\"isPartOf\":{\"@id\":\"https:\/\/blog.holyart.it\/fr\/saints-et-bienheureux\/que-celebre-t-on-dans-la-journee-dediee-aux-saints-innocents\/\"},\"author\":{\"name\":\"Redazione\",\"@id\":\"https:\/\/blog.holyart.it\/fr\/#\/schema\/person\/0a7b686e5af0f856ec1e390dd0baecda\"},\"headline\":\"Que c\u00e9l\u00e8bre-t-on dans la journ\u00e9e d\u00e9di\u00e9e aux Saints Innocents ?\",\"datePublished\":\"2025-12-24T09:00:02+00:00\",\"mainEntityOfPage\":{\"@id\":\"https:\/\/blog.holyart.it\/fr\/saints-et-bienheureux\/que-celebre-t-on-dans-la-journee-dediee-aux-saints-innocents\/\"},\"wordCount\":1440,\"publisher\":{\"@id\":\"https:\/\/blog.holyart.it\/fr\/#organization\"},\"image\":{\"@id\":\"https:\/\/blog.holyart.it\/fr\/saints-et-bienheureux\/que-celebre-t-on-dans-la-journee-dediee-aux-saints-innocents\/#primaryimage\"},\"thumbnailUrl\":\"https:\/\/blog.holyart.it\/fr\/wp-content\/uploads\/sites\/14\/2025\/12\/Saints-Innocents.jpg\",\"articleSection\":[\"Saints et Bienheureux\"],\"inLanguage\":\"fr-FR\"},{\"@type\":\"WebPage\",\"@id\":\"https:\/\/blog.holyart.it\/fr\/saints-et-bienheureux\/que-celebre-t-on-dans-la-journee-dediee-aux-saints-innocents\/\",\"url\":\"https:\/\/blog.holyart.it\/fr\/saints-et-bienheureux\/que-celebre-t-on-dans-la-journee-dediee-aux-saints-innocents\/\",\"name\":\"Que c\u00e9l\u00e8bre-t-on dans la journ\u00e9e d\u00e9di\u00e9e aux Saints Innocents ? - Holyart.fr Blog\",\"isPartOf\":{\"@id\":\"https:\/\/blog.holyart.it\/fr\/#website\"},\"primaryImageOfPage\":{\"@id\":\"https:\/\/blog.holyart.it\/fr\/saints-et-bienheureux\/que-celebre-t-on-dans-la-journee-dediee-aux-saints-innocents\/#primaryimage\"},\"image\":{\"@id\":\"https:\/\/blog.holyart.it\/fr\/saints-et-bienheureux\/que-celebre-t-on-dans-la-journee-dediee-aux-saints-innocents\/#primaryimage\"},\"thumbnailUrl\":\"https:\/\/blog.holyart.it\/fr\/wp-content\/uploads\/sites\/14\/2025\/12\/Saints-Innocents.jpg\",\"datePublished\":\"2025-12-24T09:00:02+00:00\",\"description\":\"Les Saints innocents symbolisent les nouveaux-n\u00e9s de Bethl\u00e9em tu\u00e9s par H\u00e9rode, mais aussi tous les enfants victimes de violence.\",\"breadcrumb\":{\"@id\":\"https:\/\/blog.holyart.it\/fr\/saints-et-bienheureux\/que-celebre-t-on-dans-la-journee-dediee-aux-saints-innocents\/#breadcrumb\"},\"inLanguage\":\"fr-FR\",\"potentialAction\":[{\"@type\":\"ReadAction\",\"target\":[\"https:\/\/blog.holyart.it\/fr\/saints-et-bienheureux\/que-celebre-t-on-dans-la-journee-dediee-aux-saints-innocents\/\"]}]},{\"@type\":\"ImageObject\",\"inLanguage\":\"fr-FR\",\"@id\":\"https:\/\/blog.holyart.it\/fr\/saints-et-bienheureux\/que-celebre-t-on-dans-la-journee-dediee-aux-saints-innocents\/#primaryimage\",\"url\":\"https:\/\/blog.holyart.it\/fr\/wp-content\/uploads\/sites\/14\/2025\/12\/Saints-Innocents.jpg\",\"contentUrl\":\"https:\/\/blog.holyart.it\/fr\/wp-content\/uploads\/sites\/14\/2025\/12\/Saints-Innocents.jpg\",\"width\":1000,\"height\":666,\"caption\":\"Saints Innocents\"},{\"@type\":\"BreadcrumbList\",\"@id\":\"https:\/\/blog.holyart.it\/fr\/saints-et-bienheureux\/que-celebre-t-on-dans-la-journee-dediee-aux-saints-innocents\/#breadcrumb\",\"itemListElement\":[{\"@type\":\"ListItem\",\"position\":1,\"name\":\"Homepage\",\"item\":\"https:\/\/blog.holyart.it\/fr\/\"},{\"@type\":\"ListItem\",\"position\":2,\"name\":\"Saints et Bienheureux\",\"item\":\"https:\/\/blog.holyart.it\/fr\/saints-et-bienheureux\/\"},{\"@type\":\"ListItem\",\"position\":3,\"name\":\"Que c\u00e9l\u00e8bre-t-on dans la journ\u00e9e d\u00e9di\u00e9e aux Saints Innocents ?\"}]},{\"@type\":\"WebSite\",\"@id\":\"https:\/\/blog.holyart.it\/fr\/#website\",\"url\":\"https:\/\/blog.holyart.it\/fr\/\",\"name\":\"Holyart.fr Blog\",\"description\":\"Holyblog\",\"publisher\":{\"@id\":\"https:\/\/blog.holyart.it\/fr\/#organization\"},\"potentialAction\":[{\"@type\":\"SearchAction\",\"target\":{\"@type\":\"EntryPoint\",\"urlTemplate\":\"https:\/\/blog.holyart.it\/fr\/?s={search_term_string}\"},\"query-input\":{\"@type\":\"PropertyValueSpecification\",\"valueRequired\":true,\"valueName\":\"search_term_string\"}}],\"inLanguage\":\"fr-FR\"},{\"@type\":\"Organization\",\"@id\":\"https:\/\/blog.holyart.it\/fr\/#organization\",\"name\":\"Holyart.fr Blog\",\"url\":\"https:\/\/blog.holyart.it\/fr\/\",\"logo\":{\"@type\":\"ImageObject\",\"inLanguage\":\"fr-FR\",\"@id\":\"https:\/\/blog.holyart.it\/fr\/#\/schema\/logo\/image\/\",\"url\":\"https:\/\/blog.holyart.it\/fr\/wp-content\/uploads\/sites\/14\/2022\/12\/Holyart_Blog_Logo.jpg\",\"contentUrl\":\"https:\/\/blog.holyart.it\/fr\/wp-content\/uploads\/sites\/14\/2022\/12\/Holyart_Blog_Logo.jpg\",\"width\":300,\"height\":50,\"caption\":\"Holyart.fr Blog\"},\"image\":{\"@id\":\"https:\/\/blog.holyart.it\/fr\/#\/schema\/logo\/image\/\"}},{\"@type\":\"Person\",\"@id\":\"https:\/\/blog.holyart.it\/fr\/#\/schema\/person\/0a7b686e5af0f856ec1e390dd0baecda\",\"name\":\"Redazione\",\"image\":{\"@type\":\"ImageObject\",\"inLanguage\":\"fr-FR\",\"@id\":\"https:\/\/blog.holyart.it\/fr\/#\/schema\/person\/image\/\",\"url\":\"https:\/\/secure.gravatar.com\/avatar\/f477da817f43e50d0af36abecd33e3edf826c68299714bdc1057dff3b113f516?s=96&d=mm&r=g\",\"contentUrl\":\"https:\/\/secure.gravatar.com\/avatar\/f477da817f43e50d0af36abecd33e3edf826c68299714bdc1057dff3b113f516?s=96&d=mm&r=g\",\"caption\":\"Redazione\"},\"url\":\"https:\/\/blog.holyart.it\/fr\/author\/admin\/\"}]}<\/script>\n<!-- \/ Yoast SEO plugin. -->","yoast_head_json":{"title":"Que c\u00e9l\u00e8bre-t-on dans la journ\u00e9e d\u00e9di\u00e9e aux Saints Innocents ? - Holyart.fr Blog","description":"Les Saints innocents symbolisent les nouveaux-n\u00e9s de Bethl\u00e9em tu\u00e9s par H\u00e9rode, mais aussi tous les enfants victimes de violence.","robots":{"index":"index","follow":"follow","max-snippet":"max-snippet:-1","max-image-preview":"max-image-preview:large","max-video-preview":"max-video-preview:-1"},"canonical":"https:\/\/blog.holyart.it\/fr\/saints-et-bienheureux\/que-celebre-t-on-dans-la-journee-dediee-aux-saints-innocents\/","og_locale":"fr_FR","og_type":"article","og_title":"Que c\u00e9l\u00e8bre-t-on dans la journ\u00e9e d\u00e9di\u00e9e aux Saints Innocents ? - Holyart.fr Blog","og_description":"Les Saints innocents symbolisent les nouveaux-n\u00e9s de Bethl\u00e9em tu\u00e9s par H\u00e9rode, mais aussi tous les enfants victimes de violence.","og_url":"https:\/\/blog.holyart.it\/fr\/saints-et-bienheureux\/que-celebre-t-on-dans-la-journee-dediee-aux-saints-innocents\/","og_site_name":"Holyart.fr Blog","article_published_time":"2025-12-24T09:00:02+00:00","og_image":[{"width":1000,"height":666,"url":"https:\/\/blog.holyart.it\/fr\/wp-content\/uploads\/sites\/14\/2025\/12\/Saints-Innocents.jpg","type":"image\/jpeg"}],"author":"Redazione","twitter_card":"summary_large_image","twitter_misc":{"\u00c9crit par":"Redazione","Dur\u00e9e de lecture estim\u00e9e":"8 minutes"},"schema":{"@context":"https:\/\/schema.org","@graph":[{"@type":"Article","@id":"https:\/\/blog.holyart.it\/fr\/saints-et-bienheureux\/que-celebre-t-on-dans-la-journee-dediee-aux-saints-innocents\/#article","isPartOf":{"@id":"https:\/\/blog.holyart.it\/fr\/saints-et-bienheureux\/que-celebre-t-on-dans-la-journee-dediee-aux-saints-innocents\/"},"author":{"name":"Redazione","@id":"https:\/\/blog.holyart.it\/fr\/#\/schema\/person\/0a7b686e5af0f856ec1e390dd0baecda"},"headline":"Que c\u00e9l\u00e8bre-t-on dans la journ\u00e9e d\u00e9di\u00e9e aux Saints Innocents ?","datePublished":"2025-12-24T09:00:02+00:00","mainEntityOfPage":{"@id":"https:\/\/blog.holyart.it\/fr\/saints-et-bienheureux\/que-celebre-t-on-dans-la-journee-dediee-aux-saints-innocents\/"},"wordCount":1440,"publisher":{"@id":"https:\/\/blog.holyart.it\/fr\/#organization"},"image":{"@id":"https:\/\/blog.holyart.it\/fr\/saints-et-bienheureux\/que-celebre-t-on-dans-la-journee-dediee-aux-saints-innocents\/#primaryimage"},"thumbnailUrl":"https:\/\/blog.holyart.it\/fr\/wp-content\/uploads\/sites\/14\/2025\/12\/Saints-Innocents.jpg","articleSection":["Saints et Bienheureux"],"inLanguage":"fr-FR"},{"@type":"WebPage","@id":"https:\/\/blog.holyart.it\/fr\/saints-et-bienheureux\/que-celebre-t-on-dans-la-journee-dediee-aux-saints-innocents\/","url":"https:\/\/blog.holyart.it\/fr\/saints-et-bienheureux\/que-celebre-t-on-dans-la-journee-dediee-aux-saints-innocents\/","name":"Que c\u00e9l\u00e8bre-t-on dans la journ\u00e9e d\u00e9di\u00e9e aux Saints Innocents ? - Holyart.fr Blog","isPartOf":{"@id":"https:\/\/blog.holyart.it\/fr\/#website"},"primaryImageOfPage":{"@id":"https:\/\/blog.holyart.it\/fr\/saints-et-bienheureux\/que-celebre-t-on-dans-la-journee-dediee-aux-saints-innocents\/#primaryimage"},"image":{"@id":"https:\/\/blog.holyart.it\/fr\/saints-et-bienheureux\/que-celebre-t-on-dans-la-journee-dediee-aux-saints-innocents\/#primaryimage"},"thumbnailUrl":"https:\/\/blog.holyart.it\/fr\/wp-content\/uploads\/sites\/14\/2025\/12\/Saints-Innocents.jpg","datePublished":"2025-12-24T09:00:02+00:00","description":"Les Saints innocents symbolisent les nouveaux-n\u00e9s de Bethl\u00e9em tu\u00e9s par H\u00e9rode, mais aussi tous les enfants victimes de violence.","breadcrumb":{"@id":"https:\/\/blog.holyart.it\/fr\/saints-et-bienheureux\/que-celebre-t-on-dans-la-journee-dediee-aux-saints-innocents\/#breadcrumb"},"inLanguage":"fr-FR","potentialAction":[{"@type":"ReadAction","target":["https:\/\/blog.holyart.it\/fr\/saints-et-bienheureux\/que-celebre-t-on-dans-la-journee-dediee-aux-saints-innocents\/"]}]},{"@type":"ImageObject","inLanguage":"fr-FR","@id":"https:\/\/blog.holyart.it\/fr\/saints-et-bienheureux\/que-celebre-t-on-dans-la-journee-dediee-aux-saints-innocents\/#primaryimage","url":"https:\/\/blog.holyart.it\/fr\/wp-content\/uploads\/sites\/14\/2025\/12\/Saints-Innocents.jpg","contentUrl":"https:\/\/blog.holyart.it\/fr\/wp-content\/uploads\/sites\/14\/2025\/12\/Saints-Innocents.jpg","width":1000,"height":666,"caption":"Saints Innocents"},{"@type":"BreadcrumbList","@id":"https:\/\/blog.holyart.it\/fr\/saints-et-bienheureux\/que-celebre-t-on-dans-la-journee-dediee-aux-saints-innocents\/#breadcrumb","itemListElement":[{"@type":"ListItem","position":1,"name":"Homepage","item":"https:\/\/blog.holyart.it\/fr\/"},{"@type":"ListItem","position":2,"name":"Saints et Bienheureux","item":"https:\/\/blog.holyart.it\/fr\/saints-et-bienheureux\/"},{"@type":"ListItem","position":3,"name":"Que c\u00e9l\u00e8bre-t-on dans la journ\u00e9e d\u00e9di\u00e9e aux Saints Innocents ?"}]},{"@type":"WebSite","@id":"https:\/\/blog.holyart.it\/fr\/#website","url":"https:\/\/blog.holyart.it\/fr\/","name":"Holyart.fr Blog","description":"Holyblog","publisher":{"@id":"https:\/\/blog.holyart.it\/fr\/#organization"},"potentialAction":[{"@type":"SearchAction","target":{"@type":"EntryPoint","urlTemplate":"https:\/\/blog.holyart.it\/fr\/?s={search_term_string}"},"query-input":{"@type":"PropertyValueSpecification","valueRequired":true,"valueName":"search_term_string"}}],"inLanguage":"fr-FR"},{"@type":"Organization","@id":"https:\/\/blog.holyart.it\/fr\/#organization","name":"Holyart.fr Blog","url":"https:\/\/blog.holyart.it\/fr\/","logo":{"@type":"ImageObject","inLanguage":"fr-FR","@id":"https:\/\/blog.holyart.it\/fr\/#\/schema\/logo\/image\/","url":"https:\/\/blog.holyart.it\/fr\/wp-content\/uploads\/sites\/14\/2022\/12\/Holyart_Blog_Logo.jpg","contentUrl":"https:\/\/blog.holyart.it\/fr\/wp-content\/uploads\/sites\/14\/2022\/12\/Holyart_Blog_Logo.jpg","width":300,"height":50,"caption":"Holyart.fr Blog"},"image":{"@id":"https:\/\/blog.holyart.it\/fr\/#\/schema\/logo\/image\/"}},{"@type":"Person","@id":"https:\/\/blog.holyart.it\/fr\/#\/schema\/person\/0a7b686e5af0f856ec1e390dd0baecda","name":"Redazione","image":{"@type":"ImageObject","inLanguage":"fr-FR","@id":"https:\/\/blog.holyart.it\/fr\/#\/schema\/person\/image\/","url":"https:\/\/secure.gravatar.com\/avatar\/f477da817f43e50d0af36abecd33e3edf826c68299714bdc1057dff3b113f516?s=96&d=mm&r=g","contentUrl":"https:\/\/secure.gravatar.com\/avatar\/f477da817f43e50d0af36abecd33e3edf826c68299714bdc1057dff3b113f516?s=96&d=mm&r=g","caption":"Redazione"},"url":"https:\/\/blog.holyart.it\/fr\/author\/admin\/"}]}},"_links":{"self":[{"href":"https:\/\/blog.holyart.it\/fr\/wp-json\/wp\/v2\/posts\/11797","targetHints":{"allow":["GET"]}}],"collection":[{"href":"https:\/\/blog.holyart.it\/fr\/wp-json\/wp\/v2\/posts"}],"about":[{"href":"https:\/\/blog.holyart.it\/fr\/wp-json\/wp\/v2\/types\/post"}],"author":[{"embeddable":true,"href":"https:\/\/blog.holyart.it\/fr\/wp-json\/wp\/v2\/users\/1"}],"replies":[{"embeddable":true,"href":"https:\/\/blog.holyart.it\/fr\/wp-json\/wp\/v2\/comments?post=11797"}],"version-history":[{"count":5,"href":"https:\/\/blog.holyart.it\/fr\/wp-json\/wp\/v2\/posts\/11797\/revisions"}],"predecessor-version":[{"id":11807,"href":"https:\/\/blog.holyart.it\/fr\/wp-json\/wp\/v2\/posts\/11797\/revisions\/11807"}],"wp:featuredmedia":[{"embeddable":true,"href":"https:\/\/blog.holyart.it\/fr\/wp-json\/wp\/v2\/media\/11799"}],"wp:attachment":[{"href":"https:\/\/blog.holyart.it\/fr\/wp-json\/wp\/v2\/media?parent=11797"}],"wp:term":[{"taxonomy":"category","embeddable":true,"href":"https:\/\/blog.holyart.it\/fr\/wp-json\/wp\/v2\/categories?post=11797"},{"taxonomy":"post_tag","embeddable":true,"href":"https:\/\/blog.holyart.it\/fr\/wp-json\/wp\/v2\/tags?post=11797"}],"curies":[{"name":"wp","href":"https:\/\/api.w.org\/{rel}","templated":true}]}}