{"id":1167,"date":"2019-01-24T11:31:30","date_gmt":"2019-01-24T10:31:30","guid":{"rendered":"https:\/\/blog.holyart.it\/fr\/?p=1167"},"modified":"2022-10-12T17:33:14","modified_gmt":"2022-10-12T15:33:14","slug":"signification-de-larbre-de-vie","status":"publish","type":"post","link":"https:\/\/blog.holyart.it\/fr\/articles-religieux\/signification-de-larbre-de-vie\/","title":{"rendered":"La signification de l\u2019Arbre de la vie"},"content":{"rendered":"<p>Toutes les religions, d\u00e8s les origines de l\u2019histoire humaine, sont li\u00e9es d\u2019une mani\u00e8re ou d\u2019une autres aux arbres.<\/p>\n<p>Nous avons d\u00e9j\u00e0 approfondi ce sujet dans un article pr\u00e9c\u00e9dent, en se penchant sur certains des plus de cent <a href=\"https:\/\/www.holyart.fr\/blog\/noel\/arbres-plantes-t\u2026ition-chretienne\/\"><strong>arbres et plantes cit\u00e9es dans les Saintes \u00c9critures,<\/strong><\/a> et en outre sur comment la flore a \u00e9t\u00e9 investie, dans les diff\u00e9rentes \u00e9poques, d\u2019une signification religieuse profonde.<\/p>\n<p>Pensons simplement au grain de <strong>bl\u00e9<\/strong>, associ\u00e9 \u00e0 la parole de Christ et \u00e0 Son sacrifice, Lui qui comme une graine est mort dans la terre pour rena\u00eetre et donner des fruits.<\/p>\n<p>Ou \u00e0 l\u2019<strong>olivier<\/strong>, lui aussi symbole de J\u00e9sus, de l\u2019alliance renouvel\u00e9e voulue par Dieu avec les hommes et consacr\u00e9e par Sa mort sur la croix.<\/p>\n<p>Pensons bien \u00e9videmment au <a href=\"https:\/\/www.holyart.fr\/noel\/sapins-de-noel?cPath=108375_108494&amp;\"><strong>sapin<\/strong><\/a>, que chaque ann\u00e9e nous d\u00e9corons \u00e0 l\u2019occasion de la No\u00ebl, symbole, comme tous les sempervirents, de la R\u00e9surrection de Christ, de la renaissance, mais qui d\u00e9j\u00e0 pour des civilisations pr\u00e9c\u00e9dentes comme les celtes ou les grecs \u00e9tait associ\u00e9 au concept d\u2019espoir, de nouvelle vie, de fertilit\u00e9.<\/p>\n<p>L\u2019<strong>arbre de la vie <\/strong>m\u00e9rite un discours \u00e0 part. Il est cit\u00e9 dans les <a href=\"https:\/\/www.holyart.fr\/articles-religieux\/livres-sacres?cPath=108217_116&amp;\"><strong>textes sacr\u00e9s<\/strong><\/a>, de la Gen\u00e8se \u00e0 l\u2019Apocalypse, et il revient dans la culture juive avant et dans la chr\u00e9tienne ensuite, en s\u2019enrichissant au fur et \u00e0 mesure de significations plus profondes et spirituelles.<\/p>\n<h2>R\u00e9f\u00e9rences bibliques<\/h2>\n<p>Il s\u2019agissait d\u2019un arbre que Dieu avait fait na\u00eetre au milieu du jardin d\u2019\u00c9den, juste \u00e0 c\u00f4t\u00e9 de l\u2019arbre de la connaissance du bien et du mal. Tant qu\u2019Adam et \u00c8ve purent se nourrir des fruits de l\u2019Arbre de la vie, ils rest\u00e8rent tous les deux immortels, inchang\u00e9s par le passage du temps, la vieillesse, les maladies. Les textes sacr\u00e9s nous enseignent que, en p\u00e9chant d\u2019orgueil et d\u2019arrogance, les deux mang\u00e8rent aussi les fruits de l\u2019autre arbre, celui de la connaissance du bien et du mal, bien que Dieu leur ait ordonn\u00e9 de ne pas le faire et, avec ce geste malfaisant et rebelle condamn\u00e8rent tous les hommes et les femmes \u00e0 errer dans le monde en vivant dans le p\u00e9ch\u00e9 et la douleur.<\/p>\n<p>\u00ab\u00a0<em>Voici, l\u2019homme est devenu comme l\u2019un de nous, pour la connaissance du bien et du mal. Emp\u00eachons-le maintenant d\u2019avancer sa main, de prendre de l\u2019arbre de la vie, d\u2019en manger, et de vivre \u00e9ternellement.<\/em>\u00a0\u00bb (Gen\u00e8se, 3:22)<\/p>\n<p>Ainsi l\u2019homme fut banni du Paradis terrestre et des dons inestimables de l\u2019Arbre de la vie. La connaissance, la perception de soi, de ses propres d\u00e9sirs et de ceux d\u2019autrui furent le d\u00e9but de la fin. Uniquement en restant purs et innocents on pouvait jouir des fruits de l\u2019immortalit\u00e9. Honte, envie, chantage et guerre naissent de cette connaissance vol\u00e9e, que l\u2019homme ne sait \u00e9videmment pas g\u00e9rer, et qui le portera en peu de temps \u00e0 susciter la col\u00e8re de Dieu au point qu\u2019Il d\u00e9clencha le D\u00e9luge universel.<\/p>\n<p>Toutefois, malgr\u00e9 le p\u00e9ch\u00e9 de l\u2019homme et son expulsion, l\u2019Arbre de la vie ne disparait pas des textes sacr\u00e9s. Dieu, dans son infinie bont\u00e9 et clairvoyance, laisse une lueur d\u2019espoir pour Ses fils rebelles. Le jour arrivera o\u00f9 les hommes dignes, ceux qui auront \u00e9t\u00e9 capables d\u2019\u00e9couter la Parole de Dieu, de vivre selon Ses principes, pourront encore jouir des fruits de l\u2019Arbre de la vie, avec tous les autres d\u00e9lices du Paradis\u00a0: \u00ab\u00a0<em>Que celui qui a des oreilles entende ce que l\u2019Esprit dit aux \u00c9glises\u00a0: \u00c0 celui qui vaincra je donnerai \u00e0 manger de l\u2019arbre de la vie, qui est dans le paradis de Dieu.\u00a0<\/em>\u00bb (Apocalypse, 2:7)<\/p>\n<p>En effet, dans la nouvelle J\u00e9rusalem, la ville des \u00e9lus qui seront r\u00e9veill\u00e9s par Christ afin de vivre une nouvelle \u00e8re de paix et de splendeur sur terre, eux retrouveront l\u2019Arbre de la vie : \u00ab\u00a0<em>Au milieu de la place de la ville et sur les deux bords du fleuve, il y avait un arbre de vie, produisant douze fois des fruits, rendant son fruit chaque mois, et dont les feuilles servaient \u00e0 la gu\u00e9rison des nations.\u00a0<\/em>\u00bb (Apocalypse, 22:2)<\/p>\n<p>Mais la promesse dissimul\u00e9e par le <a href=\"https:\/\/www.holyart.fr\/blog\/articles-religieux\/bijoux-religieux-mode-devotion\/\"><strong>symbole de l\u2019Arbre de la vie<\/strong><\/a> va bien au-del\u00e0.<\/p>\n<p>Puisque ce fleuve qui coule dans le nouveau Paradis sur terre est la Parole de Dieu, comme on peut le lire dans beaucoup de citations des textes sacr\u00e9s, et en elle nous pouvons vivre d\u00e9j\u00e0 maintenant chaque jour de notre vie, en jouissant de Son nutriment, de Son eau b\u00e9nite, comme si nous \u00e9tions nous-m\u00eame des arbres\u00a0: \u00ab\u00a0<em>Heureux l&rsquo;homme qui ne marche pas selon le conseil des m\u00e9chants, qui ne s&rsquo;arr\u00eate pas sur la voie des p\u00e9cheurs, et qui ne s&rsquo;assied pas en compagnie des moqueurs, mais qui trouve son plaisir dans la loi de l&rsquo;\u00c9ternel, et qui la m\u00e9dite jour et nuit !<\/em><em> Il est comme un arbre plant\u00e9 pr\u00e8s d&rsquo;un courant d&rsquo;eau, qui donne son fruit en sa saison, et dont le feuillage ne se fl\u00e9trit point : tout ce qu&rsquo;il fait lui r\u00e9ussit.<\/em>\u00a0\u00bb (Psaumes, 1:1-3)<\/p>\n<p>Cette similitude entre ceux qui croient, qui vivent selon la volont\u00e9 du Seigneur, et les arbres riches de fruits qui poussent pr\u00e8s d\u2019un fleuve frais et vital revient \u00e9galement dans d\u2019autres passages des textes sacr\u00e9s, dans les paroles de proph\u00e8tes et de savants.<\/p>\n<h2>L&rsquo;arbre de vie associ\u00e9 \u00e0 la croix<\/h2>\n<p>Nous pouvons donc \u00eatre nous-m\u00eame des arbre de la vie, riches de fruits chaque jour \u00e0 chaque saison si nous laissons l\u2019eau vivifiante du Saint Esprit continuer \u00e0 couler en nous, en nous d\u00e9salt\u00e9rant et en nous nourrissant.<\/p>\n<p>Une autre signification associ\u00e9e \u00e0 l\u2019Arbre de la vie dans le Christianisme est la <strong>Croix de Christ<\/strong>. En effet, c\u2019est gr\u00e2ce \u00e0 la croix que J\u00e9sus nous a sauv\u00e9, en d\u00e9cidant d\u00e9lib\u00e9r\u00e9ment d\u2019offrir sa personne afin qu\u2019o\u00f9 il n\u2019y avait que mort la vie puisse revenir.<\/p>\n<p>Dans cette vision, cit\u00e9e dans plusieurs passages des textes sacr\u00e9s, la croix est compar\u00e9e \u00e0 un arbre. Par exemple, dans la Liturgie de l\u2019Exaltation de la Sainte Croix, nous lisons :<\/p>\n<p>\u00ab\u00a0<em>En l\u2019arbre de la Croix, Vous, \u00f4 Seigneur, avez \u00e9tabli le salut du genre humain, afin de faire rena\u00eetre la vie d\u2019o\u00f9 la mort tirait son origine, et que le d\u00e9mon qui par le fruit d\u2019un arbre avait terrass\u00e9 l\u2019homme, fut aussi terrass\u00e9 lui-m\u00eame par un arbre, par J\u00e9sus-Christ notre Seigneur<\/em>\u00a0\u00bb (Pr\u00e9face).<\/p>\n<p>L\u2019homme a perdu la gr\u00e2ce en s\u2019opposant \u00e0 Dieu, en le d\u00e9fiant, en acqu\u00e9rant la connaissance du bien et du mal et, avec elle, en donnant vie au p\u00e9ch\u00e9 sous toutes ses formes. Adam a essay\u00e9 de devenir comme Dieu, sans en avoir les capacit\u00e9s, ni le droit. Un fils qui d\u00e9fie son P\u00e8re avec l\u2019arrogance et l\u2019insolence typique de celui qui, trop jeune et immature, ne comprend pas la port\u00e9e de ses propres action.<\/p>\n<p>Et voici qu\u2019un nouveau Fils s\u2019\u00e9l\u00e8ve pour d\u00e9fendre l\u2019humanit\u00e9, un Fils qui reconna\u00eet la sup\u00e9riorit\u00e9, la volont\u00e9 du P\u00e8re au point qu\u2019il se fait clouer \u00e0 une croix afin de suivre Son plan. J\u00e9sus a accept\u00e9 son destin avec humilit\u00e9 et ob\u00e9issance, et pour Son acte de soumission la Croix sur laquelle il est mort est devenue le nouvel arbre de la vie. Les fautes de l\u2019humanit\u00e9 ont \u00e9t\u00e9 lav\u00e9es par le sang et par l\u2019eau qui ont jailli des blessures de J\u00e9sus et le p\u00e9ch\u00e9 originel a \u00e9t\u00e9 mis en discussion. La croix est le nouvel arbre de vie, qui nous a donn\u00e9 l\u2019espoir de pouvoir nous sauver, de pouvoir acc\u00e9der, un jour, au nouveau Paradis terrestre, si nous suivons le conseil de J\u00e9sus et si nous savons\u00a0:\u00a0\u00ab\u00a0<em>reconna\u00eetre la grandeur de Dieu et accepter notre petitesse, notre condition de cr\u00e9ature en laissant le Seigneur la combler de son amour\u00a0<\/em>\u00bb (Pape Beno\u00eet XVI, Audience G\u00e9n\u00e9rale du 6 f\u00e9vrier 2013).<\/p>\n<h2>L&rsquo;arbre de vie dans diff\u00e9rentes cultures<\/h2>\n<p>Aujourd\u2019hui, l\u2019Arbre de la vie est devenu un symbole qui d\u00e9passe les valeurs chr\u00e9tiens, en puisant en bonne partie du paganisme et des philosophies orientales. Mais la v\u00e9rit\u00e9 est que, comme pour tout symbole, la chose importante est ce que nous y reconnaissions.<\/p>\n<p>Dans toutes les cultures, dans toutes les religions, l\u2019Arbre de la vie est de toute fa\u00e7on un symbole vital, r\u00e9g\u00e9n\u00e9rateur, qui donne espoir et force. Ses racines symbolisent nos origines et notre force int\u00e9rieure, qui doit \u00eatre solide et r\u00e9sistante\u00a0; le tronc est la vie en soi, qui s\u2019\u00e9tend entre le pass\u00e9 et un futur riche de feuilles luxuriantes et de fruits abondants.<\/p>\n<p>Offrir \u00e0 quelqu\u2019un un <a href=\"https:\/\/www.holyart.fr\/articles-religieux\/bijoux-religieux\/pendentifs-croix-et-broches\/collier-amen-pendentif-arbre-de-la-vie-ange-argent-925\"><strong>collier avec un pendentif de l\u2019arbre de la vie<\/strong><\/a> sera toujours une belle fa\u00e7on de lui souhaiter bonne chance pour un nouveau d\u00e9part, qu\u2019il s\u2019agisse d\u2019un nouveau travail, d\u2019une nouvelle vie, du d\u00e9m\u00e9nagement dans une nouvelle maison, du mariage. C\u2019est une fa\u00e7on pour rappeler que nous ne serions pas ce que nous sommes si nous avions \u00e9t\u00e9 quelque chose de diff\u00e9rent avant, seulement une petite graine qui a bien pris dans la terre, donnant vie \u00e0 un arbre avec des racines robustes et des branches tendues vers le ciel. Ensuite, si nous savons choisir avec sagesse notre nutriment, notre Arbre de la vie grandira toujours plus fort et vigoureux, riche de fruits pr\u00e9cieux.<\/p>\n<p><center><div class=\"sp-styles-warning\" style=\"width: 450px; background-color: #FFF; color: #F00; border: 1px solid #F00; padding: 10px; font-size: 14px;\">\n\t\t\t<span style=\"font-weight: bold;\">Warning: The stylesheets were not loaded!<\/span> \n\t\t\tYou will need to change the <i>Load stylesheets<\/i> setting from <i>Automatically<\/i> to <i>On homepage<\/i> or <i>On all pages<\/i>. \n\t\t\tYou can set that <a style=\"text-decoration: underline; color: #F00;\" href=\"https:\/\/blog.holyart.it\/fr\/wp-admin\/admin.php?page=sliderpro-settings\">here<\/a>.\n\t\t\t<\/div>\r\n<div id=\"slider-pro-8\" class=\"slider-pro sp-no-js\" style=\"width: 500px; height: 500px;\">\r\n\t<div class=\"sp-slides\">\r\n\t\t\r\n\t\t<div class=\"sp-slide\">\r\n\t\t\t<img loading=\"lazy\" decoding=\"async\" class=\"sp-image\" src=\"https:\/\/blog.holyart.it\/fr\/wp-content\/uploads\/sites\/14\/2019\/03\/croix-arbre-de-la-vie-environnement-design-valgardena.jpg\" alt=\"croix arbre de la vie environnement design valgardena\" width=\"500\" height=\"500\" \/>\r\n\t\t\t<div class=\"sp-thumbnail\"><img decoding=\"async\" src=\"https:\/\/blog.holyart.it\/fr\/wp-content\/uploads\/sites\/14\/2019\/03\/croix-arbre-de-la-vie-environnement-design-valgardena-150x150.jpg\" \/>\r\n\t\t\t<\/div>\r\n\t\t\t<div class=\"sp-caption\">Croix Arbre de Vie Ambiente Design bois Val Gardena cir\u00e9 fil or. Croix Arbre de Vie, gamme moderne Ambiente Design, en bois d'\u00e9rable du Val Gardena, cir\u00e9 avec cire incolore et d\u00e9cor\u00e9 d'un fil peint en or.\nMod\u00e8le sculpt\u00e9 \u00e0 la main par les artisans du Val Gardena.\n<br \/><strong><a href=\"https:\/\/www.holyart.fr\/articles-religieux\/crucifix\/crucifix-en-bois\/croix-arbre-de-vie-ambiente-design-bois-val-gardena-cire-fil-or\">Achetez sur Holyart<\/a><\/strong><\/div>\r\n\t\t<\/div>\r\n\t\t<div class=\"sp-slide\">\r\n\t\t\t<img loading=\"lazy\" decoding=\"async\" class=\"sp-image\" src=\"https:\/\/blog.holyart.it\/fr\/wp-content\/uploads\/sites\/14\/2019\/03\/bracelet-dix-chapelet-arbre-de-vie.jpg\" alt=\"bracelet dix chapelet arbre de vie\" width=\"500\" height=\"500\" \/>\r\n\t\t\t<div class=\"sp-thumbnail\"><img decoding=\"async\" src=\"https:\/\/blog.holyart.it\/fr\/wp-content\/uploads\/sites\/14\/2019\/03\/bracelet-dix-chapelet-arbre-de-vie-150x150.jpg\" \/>\r\n\t\t\t<\/div>\r\n\t\t\t<div class=\"sp-caption\">Dizainier chapelet avec grains en bois et arbre de la vie. Dizainier chapelet avec grains en bois de rose de 10 mm et arbre de la vie plaqu\u00e9 en argent.\n<br \/><strong><span style=\"color: #0000ff;font-size:18px\"><a style=\"color: #0000ff\" href=\"https:\/\/www.holyart.fr\/articles-religieux\/chapelets-et-etuis-a-chapelet\/dizainiers\/dizainier-chapelet-avec-grains-en-bois-et-arbre-de-la-vie\">Achetez sur Holyart<\/a><\/span><\/strong><\/div>\r\n\t\t<\/div>\r\n\t\t<div class=\"sp-slide\">\r\n\t\t\t<img loading=\"lazy\" decoding=\"async\" class=\"sp-image\" src=\"https:\/\/blog.holyart.it\/fr\/wp-content\/uploads\/sites\/14\/2019\/03\/ic\u00f4ne-de-larbre-de-vie.jpg\" alt=\"ic\u00f4ne de l&#039;arbre de vie\" width=\"500\" height=\"500\" \/>\r\n\t\t\t<div class=\"sp-thumbnail\"><img decoding=\"async\" src=\"https:\/\/blog.holyart.it\/fr\/wp-content\/uploads\/sites\/14\/2019\/03\/ic\u00f4ne-de-larbre-de-vie-150x150.jpg\" \/>\r\n\t\t\t<\/div>\r\n\t\t\t<div class=\"sp-caption\">Bracelet Amen argent 925 bola mexicain. Bracelet en argent 925 avec grelot \"bola mexicain\".\nCes grelots sont des pendentifs sph\u00e9riques avec \u00e0 l'int\u00e9rieur une petite sph\u00e8re, g\u00e9n\u00e9rant un son agr\u00e9able, et ils sont utilis\u00e9s surtout par les femmes enceintes.\n<br \/><strong><span style=\"color: #0000ff;font-size:18px\"><a style=\"color: #0000ff\" href=\"https:\/\/www.holyart.fr\/articles-religieux\/bijoux-religieux\/bracelets-argent-et-or\/bracelet-amen-argent-925-bola-mexicain\">Achetez sur Holyart<\/a><\/span><\/strong><\/div>\r\n\t\t<\/div>\r\n\t\t<div class=\"sp-slide\">\r\n\t\t\t<img loading=\"lazy\" decoding=\"async\" class=\"sp-image\" src=\"https:\/\/blog.holyart.it\/fr\/wp-content\/uploads\/sites\/14\/2019\/03\/amen-collier-arbre-de-vie-argent.jpg\" alt=\"amen collier arbre de vie argent\" width=\"500\" height=\"500\" \/>\r\n\t\t\t<div class=\"sp-thumbnail\"><img decoding=\"async\" src=\"https:\/\/blog.holyart.it\/fr\/wp-content\/uploads\/sites\/14\/2019\/03\/amen-collier-arbre-de-vie-argent-150x150.jpg\" \/>\r\n\t\t\t<\/div>\r\n\t\t\t<div class=\"sp-caption\">Collier Amen Arbre de la Vie argent 925 long. Collier Amen double cha\u00eene avec deux pendentif : l'arbre de la vie rhodi\u00e9 et ros\u00e9 et un ange en argent incrust\u00e9 de zircons blancs. Le collier poss\u00e8de une circonf\u00e9rence de 80 cm, un fermoir mousqueton et une cha\u00eenette de 4 cm.\n<br \/><strong><span style=\"color: #0000ff;font-size:18px\"><a style=\"color: #0000ff\" href=\"https:\/\/www.holyart.fr\/articles-religieux\/bijoux-religieux\/pendentifs-croix-et-broches\/collier-amen-arbre-de-la-vie-argent-925-long\">Achetez sur Holyart<\/a><\/span><\/strong><\/div>\r\n\t\t<\/div>\r\n\t\t<div class=\"sp-slide\">\r\n\t\t\t<img loading=\"lazy\" decoding=\"async\" class=\"sp-image\" src=\"https:\/\/blog.holyart.it\/fr\/wp-content\/uploads\/sites\/14\/2019\/03\/bonbons-de-la-vie.jpg\" alt=\"bonbons de la vie\" width=\"500\" height=\"500\" \/>\r\n\t\t\t<div class=\"sp-thumbnail\"><img decoding=\"async\" src=\"https:\/\/blog.holyart.it\/fr\/wp-content\/uploads\/sites\/14\/2019\/03\/bonbons-de-la-vie-150x150.jpg\" \/>\r\n\t\t\t<\/div>\r\n\t\t\t<div class=\"sp-caption\">Bonbonni\u00e8re Arbre de la Vie Communion 10 cm. Souvenir \u00e0 poser en forme d'Arbre de la Vie avec image des symboles de la Communion et d\u00e9tails color\u00e9s, r\u00e9alis\u00e9 en r\u00e9sine et poudre de marbre.\n<br \/><strong><span style=\"color: #0000ff;font-size:18px\"><a style=\"color: #0000ff\" href=\"https:\/\/www.holyart.fr\/articles-religieux\/cadeaux-et-souvenirs-pour-les-occasions-speciales\/bonbonniere-arbre-de-la-vie-communion-10-cm\">Achetez sur Holyart<\/a><\/span><\/strong><\/div>\r\n\t\t<\/div>\r\n\t\t<div class=\"sp-slide\">\r\n\t\t\t<img loading=\"lazy\" decoding=\"async\" class=\"sp-image\" src=\"https:\/\/blog.holyart.it\/fr\/wp-content\/uploads\/sites\/14\/2019\/03\/boucles-doreille-arbre-de-vie.jpg\" alt=\"boucles d&#039;oreille arbre de vie\" width=\"500\" height=\"500\" \/>\r\n\t\t\t<div class=\"sp-thumbnail\"><img decoding=\"async\" src=\"https:\/\/blog.holyart.it\/fr\/wp-content\/uploads\/sites\/14\/2019\/03\/boucles-doreille-arbre-de-vie-150x150.jpg\" \/>\r\n\t\t\t<\/div>\r\n\t\t\t<div class=\"sp-caption\">Boucles oreilles en argent 925 AMEN ange et Arbre de la Vie. Boucles d'oreilles pendentifs avec m\u00e9daille repr\u00e9sentant l'Arbre de la Vie en finition ros\u00e9 sur cercle rhodi\u00e9 avec clou d\u00e9cor\u00e9 d'un ange avec zircons blancs.\nMod\u00e8le en argent 925 ros\u00e9 et rhodi\u00e9 de 12 mm de diam\u00e8tre avec arr\u00eats-piercing, r\u00e9alis\u00e9 en Italie par une entreprise sp\u00e9cialis\u00e9e. <br \/><strong><span style=\"color: #0000ff;font-size:18px\"><a style=\"color: #0000ff\" href=\"https:\/\/www.holyart.fr\/articles-religieux\/bijoux-religieux\/pendentifs-croix-et-broches\/boucles-oreilles-en-argent-925-amen-ange-et-arbre-de-la-vie\">Achetez sur Holyart<\/a><\/span><\/strong><\/div>\r\n\t\t<\/div>\r\n\t<\/div>\r\n<\/div><\/center><\/p>\n","protected":false},"excerpt":{"rendered":"<p>Toutes les religions, d\u00e8s les origines de l\u2019histoire humaine, sont li\u00e9es d\u2019une mani\u00e8re ou d\u2019une autres aux arbres. Nous avons d\u00e9j\u00e0 approfondi ce sujet dans un article pr\u00e9c\u00e9dent, en se penchant sur certains des plus de cent arbres et plantes cit\u00e9es dans les Saintes \u00c9critures,&hellip;<\/p>\n","protected":false},"author":1,"featured_media":1173,"comment_status":"closed","ping_status":"open","sticky":false,"template":"","format":"standard","meta":{"_acf_changed":false,"footnotes":""},"categories":[8],"tags":[],"class_list":["post-1167","post","type-post","status-publish","format-standard","has-post-thumbnail","hentry","category-articles-religieux"],"acf":[],"yoast_head":"<!-- This site is optimized with the Yoast SEO plugin v26.6 - https:\/\/yoast.com\/wordpress\/plugins\/seo\/ -->\n<title>La signification de l\u2019Arbre de la vie - Holyart.fr Blog<\/title>\n<meta name=\"description\" content=\"Pensons simplement au grain de bl\u00e9, associ\u00e9 \u00e0 la parole de Christ , Lui qui comme une graine est mort dans la terre pour rena\u00eetre et donner des fruits.\" \/>\n<meta name=\"robots\" content=\"index, follow, max-snippet:-1, max-image-preview:large, max-video-preview:-1\" \/>\n<link rel=\"canonical\" href=\"https:\/\/blog.holyart.it\/fr\/articles-religieux\/signification-de-larbre-de-vie\/\" \/>\n<meta property=\"og:locale\" content=\"fr_FR\" \/>\n<meta property=\"og:type\" content=\"article\" \/>\n<meta property=\"og:title\" content=\"La signification de l\u2019Arbre de la vie - Holyart.fr Blog\" \/>\n<meta property=\"og:description\" content=\"Pensons simplement au grain de bl\u00e9, associ\u00e9 \u00e0 la parole de Christ , Lui qui comme une graine est mort dans la terre pour rena\u00eetre et donner des fruits.\" \/>\n<meta property=\"og:url\" content=\"https:\/\/blog.holyart.it\/fr\/articles-religieux\/signification-de-larbre-de-vie\/\" \/>\n<meta property=\"og:site_name\" content=\"Holyart.fr Blog\" \/>\n<meta property=\"article:published_time\" content=\"2019-01-24T10:31:30+00:00\" \/>\n<meta property=\"article:modified_time\" content=\"2022-10-12T15:33:14+00:00\" \/>\n<meta property=\"og:image\" content=\"https:\/\/blog.holyart.it\/fr\/wp-content\/uploads\/sites\/14\/2018\/11\/Larbre-de-vie.jpg\" \/>\n\t<meta property=\"og:image:width\" content=\"1000\" \/>\n\t<meta property=\"og:image:height\" content=\"666\" \/>\n\t<meta property=\"og:image:type\" content=\"image\/jpeg\" \/>\n<meta name=\"author\" content=\"Redazione\" \/>\n<meta name=\"twitter:card\" content=\"summary_large_image\" \/>\n<meta name=\"twitter:label1\" content=\"\u00c9crit par\" \/>\n\t<meta name=\"twitter:data1\" content=\"Redazione\" \/>\n\t<meta name=\"twitter:label2\" content=\"Dur\u00e9e de lecture estim\u00e9e\" \/>\n\t<meta name=\"twitter:data2\" content=\"8 minutes\" \/>\n<script type=\"application\/ld+json\" class=\"yoast-schema-graph\">{\"@context\":\"https:\/\/schema.org\",\"@graph\":[{\"@type\":\"Article\",\"@id\":\"https:\/\/blog.holyart.it\/fr\/articles-religieux\/signification-de-larbre-de-vie\/#article\",\"isPartOf\":{\"@id\":\"https:\/\/blog.holyart.it\/fr\/articles-religieux\/signification-de-larbre-de-vie\/\"},\"author\":{\"name\":\"Redazione\",\"@id\":\"https:\/\/blog.holyart.it\/fr\/#\/schema\/person\/0a7b686e5af0f856ec1e390dd0baecda\"},\"headline\":\"La signification de l\u2019Arbre de la vie\",\"datePublished\":\"2019-01-24T10:31:30+00:00\",\"dateModified\":\"2022-10-12T15:33:14+00:00\",\"mainEntityOfPage\":{\"@id\":\"https:\/\/blog.holyart.it\/fr\/articles-religieux\/signification-de-larbre-de-vie\/\"},\"wordCount\":1667,\"publisher\":{\"@id\":\"https:\/\/blog.holyart.it\/fr\/#organization\"},\"image\":{\"@id\":\"https:\/\/blog.holyart.it\/fr\/articles-religieux\/signification-de-larbre-de-vie\/#primaryimage\"},\"thumbnailUrl\":\"https:\/\/blog.holyart.it\/fr\/wp-content\/uploads\/sites\/14\/2018\/11\/Larbre-de-vie.jpg\",\"articleSection\":[\"Religion\"],\"inLanguage\":\"fr-FR\"},{\"@type\":\"WebPage\",\"@id\":\"https:\/\/blog.holyart.it\/fr\/articles-religieux\/signification-de-larbre-de-vie\/\",\"url\":\"https:\/\/blog.holyart.it\/fr\/articles-religieux\/signification-de-larbre-de-vie\/\",\"name\":\"La signification de l\u2019Arbre de la vie - Holyart.fr Blog\",\"isPartOf\":{\"@id\":\"https:\/\/blog.holyart.it\/fr\/#website\"},\"primaryImageOfPage\":{\"@id\":\"https:\/\/blog.holyart.it\/fr\/articles-religieux\/signification-de-larbre-de-vie\/#primaryimage\"},\"image\":{\"@id\":\"https:\/\/blog.holyart.it\/fr\/articles-religieux\/signification-de-larbre-de-vie\/#primaryimage\"},\"thumbnailUrl\":\"https:\/\/blog.holyart.it\/fr\/wp-content\/uploads\/sites\/14\/2018\/11\/Larbre-de-vie.jpg\",\"datePublished\":\"2019-01-24T10:31:30+00:00\",\"dateModified\":\"2022-10-12T15:33:14+00:00\",\"description\":\"Pensons simplement au grain de bl\u00e9, associ\u00e9 \u00e0 la parole de Christ , Lui qui comme une graine est mort dans la terre pour rena\u00eetre et donner des fruits.\",\"breadcrumb\":{\"@id\":\"https:\/\/blog.holyart.it\/fr\/articles-religieux\/signification-de-larbre-de-vie\/#breadcrumb\"},\"inLanguage\":\"fr-FR\",\"potentialAction\":[{\"@type\":\"ReadAction\",\"target\":[\"https:\/\/blog.holyart.it\/fr\/articles-religieux\/signification-de-larbre-de-vie\/\"]}]},{\"@type\":\"ImageObject\",\"inLanguage\":\"fr-FR\",\"@id\":\"https:\/\/blog.holyart.it\/fr\/articles-religieux\/signification-de-larbre-de-vie\/#primaryimage\",\"url\":\"https:\/\/blog.holyart.it\/fr\/wp-content\/uploads\/sites\/14\/2018\/11\/Larbre-de-vie.jpg\",\"contentUrl\":\"https:\/\/blog.holyart.it\/fr\/wp-content\/uploads\/sites\/14\/2018\/11\/Larbre-de-vie.jpg\",\"width\":1000,\"height\":666,\"caption\":\"L'arbre de vie\"},{\"@type\":\"BreadcrumbList\",\"@id\":\"https:\/\/blog.holyart.it\/fr\/articles-religieux\/signification-de-larbre-de-vie\/#breadcrumb\",\"itemListElement\":[{\"@type\":\"ListItem\",\"position\":1,\"name\":\"Homepage\",\"item\":\"https:\/\/blog.holyart.it\/fr\/\"},{\"@type\":\"ListItem\",\"position\":2,\"name\":\"Religion\",\"item\":\"https:\/\/blog.holyart.it\/fr\/articles-religieux\/\"},{\"@type\":\"ListItem\",\"position\":3,\"name\":\"La signification de l\u2019Arbre de la vie\"}]},{\"@type\":\"WebSite\",\"@id\":\"https:\/\/blog.holyart.it\/fr\/#website\",\"url\":\"https:\/\/blog.holyart.it\/fr\/\",\"name\":\"Holyart.fr Blog\",\"description\":\"Holyblog\",\"publisher\":{\"@id\":\"https:\/\/blog.holyart.it\/fr\/#organization\"},\"potentialAction\":[{\"@type\":\"SearchAction\",\"target\":{\"@type\":\"EntryPoint\",\"urlTemplate\":\"https:\/\/blog.holyart.it\/fr\/?s={search_term_string}\"},\"query-input\":{\"@type\":\"PropertyValueSpecification\",\"valueRequired\":true,\"valueName\":\"search_term_string\"}}],\"inLanguage\":\"fr-FR\"},{\"@type\":\"Organization\",\"@id\":\"https:\/\/blog.holyart.it\/fr\/#organization\",\"name\":\"Holyart.fr Blog\",\"url\":\"https:\/\/blog.holyart.it\/fr\/\",\"logo\":{\"@type\":\"ImageObject\",\"inLanguage\":\"fr-FR\",\"@id\":\"https:\/\/blog.holyart.it\/fr\/#\/schema\/logo\/image\/\",\"url\":\"https:\/\/blog.holyart.it\/fr\/wp-content\/uploads\/sites\/14\/2022\/12\/Holyart_Blog_Logo.jpg\",\"contentUrl\":\"https:\/\/blog.holyart.it\/fr\/wp-content\/uploads\/sites\/14\/2022\/12\/Holyart_Blog_Logo.jpg\",\"width\":300,\"height\":50,\"caption\":\"Holyart.fr Blog\"},\"image\":{\"@id\":\"https:\/\/blog.holyart.it\/fr\/#\/schema\/logo\/image\/\"}},{\"@type\":\"Person\",\"@id\":\"https:\/\/blog.holyart.it\/fr\/#\/schema\/person\/0a7b686e5af0f856ec1e390dd0baecda\",\"name\":\"Redazione\",\"image\":{\"@type\":\"ImageObject\",\"inLanguage\":\"fr-FR\",\"@id\":\"https:\/\/blog.holyart.it\/fr\/#\/schema\/person\/image\/\",\"url\":\"https:\/\/secure.gravatar.com\/avatar\/f477da817f43e50d0af36abecd33e3edf826c68299714bdc1057dff3b113f516?s=96&d=mm&r=g\",\"contentUrl\":\"https:\/\/secure.gravatar.com\/avatar\/f477da817f43e50d0af36abecd33e3edf826c68299714bdc1057dff3b113f516?s=96&d=mm&r=g\",\"caption\":\"Redazione\"},\"url\":\"https:\/\/blog.holyart.it\/fr\/author\/admin\/\"}]}<\/script>\n<!-- \/ Yoast SEO plugin. -->","yoast_head_json":{"title":"La signification de l\u2019Arbre de la vie - Holyart.fr Blog","description":"Pensons simplement au grain de bl\u00e9, associ\u00e9 \u00e0 la parole de Christ , Lui qui comme une graine est mort dans la terre pour rena\u00eetre et donner des fruits.","robots":{"index":"index","follow":"follow","max-snippet":"max-snippet:-1","max-image-preview":"max-image-preview:large","max-video-preview":"max-video-preview:-1"},"canonical":"https:\/\/blog.holyart.it\/fr\/articles-religieux\/signification-de-larbre-de-vie\/","og_locale":"fr_FR","og_type":"article","og_title":"La signification de l\u2019Arbre de la vie - Holyart.fr Blog","og_description":"Pensons simplement au grain de bl\u00e9, associ\u00e9 \u00e0 la parole de Christ , Lui qui comme une graine est mort dans la terre pour rena\u00eetre et donner des fruits.","og_url":"https:\/\/blog.holyart.it\/fr\/articles-religieux\/signification-de-larbre-de-vie\/","og_site_name":"Holyart.fr Blog","article_published_time":"2019-01-24T10:31:30+00:00","article_modified_time":"2022-10-12T15:33:14+00:00","og_image":[{"width":1000,"height":666,"url":"https:\/\/blog.holyart.it\/fr\/wp-content\/uploads\/sites\/14\/2018\/11\/Larbre-de-vie.jpg","type":"image\/jpeg"}],"author":"Redazione","twitter_card":"summary_large_image","twitter_misc":{"\u00c9crit par":"Redazione","Dur\u00e9e de lecture estim\u00e9e":"8 minutes"},"schema":{"@context":"https:\/\/schema.org","@graph":[{"@type":"Article","@id":"https:\/\/blog.holyart.it\/fr\/articles-religieux\/signification-de-larbre-de-vie\/#article","isPartOf":{"@id":"https:\/\/blog.holyart.it\/fr\/articles-religieux\/signification-de-larbre-de-vie\/"},"author":{"name":"Redazione","@id":"https:\/\/blog.holyart.it\/fr\/#\/schema\/person\/0a7b686e5af0f856ec1e390dd0baecda"},"headline":"La signification de l\u2019Arbre de la vie","datePublished":"2019-01-24T10:31:30+00:00","dateModified":"2022-10-12T15:33:14+00:00","mainEntityOfPage":{"@id":"https:\/\/blog.holyart.it\/fr\/articles-religieux\/signification-de-larbre-de-vie\/"},"wordCount":1667,"publisher":{"@id":"https:\/\/blog.holyart.it\/fr\/#organization"},"image":{"@id":"https:\/\/blog.holyart.it\/fr\/articles-religieux\/signification-de-larbre-de-vie\/#primaryimage"},"thumbnailUrl":"https:\/\/blog.holyart.it\/fr\/wp-content\/uploads\/sites\/14\/2018\/11\/Larbre-de-vie.jpg","articleSection":["Religion"],"inLanguage":"fr-FR"},{"@type":"WebPage","@id":"https:\/\/blog.holyart.it\/fr\/articles-religieux\/signification-de-larbre-de-vie\/","url":"https:\/\/blog.holyart.it\/fr\/articles-religieux\/signification-de-larbre-de-vie\/","name":"La signification de l\u2019Arbre de la vie - Holyart.fr Blog","isPartOf":{"@id":"https:\/\/blog.holyart.it\/fr\/#website"},"primaryImageOfPage":{"@id":"https:\/\/blog.holyart.it\/fr\/articles-religieux\/signification-de-larbre-de-vie\/#primaryimage"},"image":{"@id":"https:\/\/blog.holyart.it\/fr\/articles-religieux\/signification-de-larbre-de-vie\/#primaryimage"},"thumbnailUrl":"https:\/\/blog.holyart.it\/fr\/wp-content\/uploads\/sites\/14\/2018\/11\/Larbre-de-vie.jpg","datePublished":"2019-01-24T10:31:30+00:00","dateModified":"2022-10-12T15:33:14+00:00","description":"Pensons simplement au grain de bl\u00e9, associ\u00e9 \u00e0 la parole de Christ , Lui qui comme une graine est mort dans la terre pour rena\u00eetre et donner des fruits.","breadcrumb":{"@id":"https:\/\/blog.holyart.it\/fr\/articles-religieux\/signification-de-larbre-de-vie\/#breadcrumb"},"inLanguage":"fr-FR","potentialAction":[{"@type":"ReadAction","target":["https:\/\/blog.holyart.it\/fr\/articles-religieux\/signification-de-larbre-de-vie\/"]}]},{"@type":"ImageObject","inLanguage":"fr-FR","@id":"https:\/\/blog.holyart.it\/fr\/articles-religieux\/signification-de-larbre-de-vie\/#primaryimage","url":"https:\/\/blog.holyart.it\/fr\/wp-content\/uploads\/sites\/14\/2018\/11\/Larbre-de-vie.jpg","contentUrl":"https:\/\/blog.holyart.it\/fr\/wp-content\/uploads\/sites\/14\/2018\/11\/Larbre-de-vie.jpg","width":1000,"height":666,"caption":"L'arbre de vie"},{"@type":"BreadcrumbList","@id":"https:\/\/blog.holyart.it\/fr\/articles-religieux\/signification-de-larbre-de-vie\/#breadcrumb","itemListElement":[{"@type":"ListItem","position":1,"name":"Homepage","item":"https:\/\/blog.holyart.it\/fr\/"},{"@type":"ListItem","position":2,"name":"Religion","item":"https:\/\/blog.holyart.it\/fr\/articles-religieux\/"},{"@type":"ListItem","position":3,"name":"La signification de l\u2019Arbre de la vie"}]},{"@type":"WebSite","@id":"https:\/\/blog.holyart.it\/fr\/#website","url":"https:\/\/blog.holyart.it\/fr\/","name":"Holyart.fr Blog","description":"Holyblog","publisher":{"@id":"https:\/\/blog.holyart.it\/fr\/#organization"},"potentialAction":[{"@type":"SearchAction","target":{"@type":"EntryPoint","urlTemplate":"https:\/\/blog.holyart.it\/fr\/?s={search_term_string}"},"query-input":{"@type":"PropertyValueSpecification","valueRequired":true,"valueName":"search_term_string"}}],"inLanguage":"fr-FR"},{"@type":"Organization","@id":"https:\/\/blog.holyart.it\/fr\/#organization","name":"Holyart.fr Blog","url":"https:\/\/blog.holyart.it\/fr\/","logo":{"@type":"ImageObject","inLanguage":"fr-FR","@id":"https:\/\/blog.holyart.it\/fr\/#\/schema\/logo\/image\/","url":"https:\/\/blog.holyart.it\/fr\/wp-content\/uploads\/sites\/14\/2022\/12\/Holyart_Blog_Logo.jpg","contentUrl":"https:\/\/blog.holyart.it\/fr\/wp-content\/uploads\/sites\/14\/2022\/12\/Holyart_Blog_Logo.jpg","width":300,"height":50,"caption":"Holyart.fr Blog"},"image":{"@id":"https:\/\/blog.holyart.it\/fr\/#\/schema\/logo\/image\/"}},{"@type":"Person","@id":"https:\/\/blog.holyart.it\/fr\/#\/schema\/person\/0a7b686e5af0f856ec1e390dd0baecda","name":"Redazione","image":{"@type":"ImageObject","inLanguage":"fr-FR","@id":"https:\/\/blog.holyart.it\/fr\/#\/schema\/person\/image\/","url":"https:\/\/secure.gravatar.com\/avatar\/f477da817f43e50d0af36abecd33e3edf826c68299714bdc1057dff3b113f516?s=96&d=mm&r=g","contentUrl":"https:\/\/secure.gravatar.com\/avatar\/f477da817f43e50d0af36abecd33e3edf826c68299714bdc1057dff3b113f516?s=96&d=mm&r=g","caption":"Redazione"},"url":"https:\/\/blog.holyart.it\/fr\/author\/admin\/"}]}},"_links":{"self":[{"href":"https:\/\/blog.holyart.it\/fr\/wp-json\/wp\/v2\/posts\/1167","targetHints":{"allow":["GET"]}}],"collection":[{"href":"https:\/\/blog.holyart.it\/fr\/wp-json\/wp\/v2\/posts"}],"about":[{"href":"https:\/\/blog.holyart.it\/fr\/wp-json\/wp\/v2\/types\/post"}],"author":[{"embeddable":true,"href":"https:\/\/blog.holyart.it\/fr\/wp-json\/wp\/v2\/users\/1"}],"replies":[{"embeddable":true,"href":"https:\/\/blog.holyart.it\/fr\/wp-json\/wp\/v2\/comments?post=1167"}],"version-history":[{"count":0,"href":"https:\/\/blog.holyart.it\/fr\/wp-json\/wp\/v2\/posts\/1167\/revisions"}],"wp:featuredmedia":[{"embeddable":true,"href":"https:\/\/blog.holyart.it\/fr\/wp-json\/wp\/v2\/media\/1173"}],"wp:attachment":[{"href":"https:\/\/blog.holyart.it\/fr\/wp-json\/wp\/v2\/media?parent=1167"}],"wp:term":[{"taxonomy":"category","embeddable":true,"href":"https:\/\/blog.holyart.it\/fr\/wp-json\/wp\/v2\/categories?post=1167"},{"taxonomy":"post_tag","embeddable":true,"href":"https:\/\/blog.holyart.it\/fr\/wp-json\/wp\/v2\/tags?post=1167"}],"curies":[{"name":"wp","href":"https:\/\/api.w.org\/{rel}","templated":true}]}}