{"id":11469,"date":"2025-11-10T10:00:06","date_gmt":"2025-11-10T09:00:06","guid":{"rendered":"https:\/\/blog.holyart.it\/fr\/?p=11469"},"modified":"2025-11-10T10:20:06","modified_gmt":"2025-11-10T09:20:06","slug":"la-tradition-allemande-de-la-pyramide-de-noel","status":"publish","type":"post","link":"https:\/\/blog.holyart.it\/fr\/noel\/la-tradition-allemande-de-la-pyramide-de-noel\/","title":{"rendered":"La tradition allemande de la pyramide de No\u00ebl"},"content":{"rendered":"<h4><em>No\u00ebl en Allemagne ne serait pas le m\u00eame sans la pyramide de No\u00ebl. Voici comment nait cette d\u00e9coration traditionnelle du folklore allemand, qui a de nombreux points en commun avec le Sapin de No\u00ebl<\/em><\/h4>\n\n<p>La\u00a0<strong>Pyramide de No\u00ebl<\/strong>, en allemand\u00a0<em>Weihnachtspyramide<\/em>, est une d\u00e9coration de No\u00ebl typique du folklore allemand. Ces art\u00e9facts, construits en bois, ont des racines qui remontent aux anciennes traditions germaniques pr\u00e9chr\u00e9tiennes. Ils repr\u00e9sentent un <strong>symbole de lumi\u00e8re et d\u2019espoir <\/strong>dans l\u2019obscurit\u00e9 hivernale, un th\u00e8me tr\u00e8s pr\u00e9sent dans les c\u00e9l\u00e9brations li\u00e9es au solstice d\u2019hiver. Avec le temps, ces pyramides ont \u00e9t\u00e9 int\u00e9gr\u00e9es aux festivit\u00e9s chr\u00e9tiennes, devenant partie int\u00e9grante des <a href=\"https:\/\/www.holyart.fr\/noel\/decorations-noel-pour-la-maison\"><strong>d\u00e9corations de No\u00ebl<\/strong><\/a> dans de nombreuses maisons et march\u00e9s de No\u00ebl. On peut la consid\u00e9rer une <strong>alternative au Sapin de No\u00ebl<\/strong>, avec lequel, \u00e0 plusieurs \u00e9gards, elle partage son origine. En effet, exactement comme le Sapin de No\u00ebl, la pyramide de No\u00ebl aussi puise ses racines dans l\u2019usage m\u00e9di\u00e9val de suspendre des branches de plantes persistantes ou d\u2019installer des arbres entiers, d\u00e9cor\u00e9s ensuite de rubans, fruits, petits ornements et lumi\u00e8res.<\/p>\n<div class=\"link-product\">\n<div class=\"blocco-immagine\"><img loading=\"lazy\" decoding=\"async\" class=\"size-full wp-image-11474 alignleft\" src=\"https:\/\/blog.holyart.it\/fr\/wp-content\/uploads\/sites\/14\/2025\/11\/couronne-de-noel-diam.-33-cm-pommes-de-pin-fleurs-et-baies.jpg\" alt=\"D\u00e9corations No\u00ebl pour la maison \" width=\"100\" height=\"100\" data-kale-share-title=\"La tradition allemande de la pyramide de No\u00ebl\" data-kale-share-url=\"https:\/\/blog.holyart.it\/fr\/?p=11469\" \/><\/div>\n<div class=\"blocco-contenuto\">\n<div class=\"blocco-acquista\">Acheter sur Holyart:<\/div>\n<div class=\"blocco-titolo\"><a href=\"https:\/\/www.holyart.fr\/noel\/decorations-noel-pour-la-maison\">D\u00e9corations No\u00ebl pour la maison<\/a><\/div>\n<div class=\"blocco-descrizione\">D\u00e9corations de No\u00ebl pour la maison: dans ce rayon vous pouvez trouver des id\u00e9es pour d\u00e9corer votre maison durant les jours de f\u00eate&#8230;<\/div>\n<\/div>\n<\/div>\n<p>La pyramide de No\u00ebl n\u2019est pas seulement une d\u00e9coration, car elle repr\u00e9sente \u00e9galement un rite, un symbole de chaleur et de convivialit\u00e9. La lumi\u00e8re des bougies, la chaleur du bois et le mouvement des figurines cr\u00e9ent une atmosph\u00e8re magique et accueillante. Allumer une pyramide de No\u00ebl signifie se r\u00e9unir en famille, partager des histoires et chanter des chants de No\u00ebl.<\/p>\n<h2>Qu\u2019est-ce qu\u2019est la pyramide de No\u00ebl<\/h2>\n<p>N\u00e9e au XVIIIe si\u00e8cle dans la r\u00e9gion des Monts M\u00e9tallif\u00e8res (Erzgebirge), cette structure en bois, en forme de pyramide, est devenue un symbole de No\u00ebl dans de nombreuses r\u00e9gions d\u2019Allemagne. Son origine est li\u00e9e \u00e0 la tradition populaire et \u00e0 l\u2019artisanat local. Au d\u00e9but, les pyramides \u00e9taient des simples structures en bois avec tr\u00e8s peu de d\u00e9corations, mais avec le temps elles ont \u00e9volu\u00e9 en de v\u00e9ritables \u0153uvres d\u2019art de plus en plus complexes.<\/p>\n<p>Une pyramide de No\u00ebl est compos\u00e9e de diff\u00e9rents <strong>niveaux superpos\u00e9s<\/strong>, sur lesquels sont plac\u00e9es des <a href=\"https:\/\/www.holyart.fr\/noel\/decorations-noel-pour-la-maison\/bougies-de-noel\"><strong>bougies ou petites lumi\u00e8res<\/strong><\/a>. Ces derni\u00e8res, en r\u00e9chauffant l\u2019air, mettent en mouvement <strong>une h\u00e9lice<\/strong> plac\u00e9e au sommet de la pyramide et font ainsi tourner <a href=\"https:\/\/www.holyart.fr\/noel\/decorations-noel-pour-la-maison\/pyramides-decoratives-de-noel-et-arches\"><strong>les figurines taill\u00e9es dans le bois<\/strong><\/a>.<br \/>\nLes statuettes qui d\u00e9corent la pyramide de No\u00ebl allemande sont des petits personnages qui rappellent des sc\u00e8nes de la Nativit\u00e9, des cr\u00e9atures folkloriques ou simplement des objets li\u00e9s \u00e0 No\u00ebl. La pyramide est souvent aussi d\u00e9cor\u00e9e de <strong>plantes de bon augure<\/strong>, comme le gui et le houx, de <strong>serpentins en papier<\/strong> et de <strong>biscuits<\/strong> en forme de c\u0153ur ou d\u2019\u00e9toile.<\/p>\n<div class=\"link-product\">\n<div class=\"blocco-immagine\"><img loading=\"lazy\" decoding=\"async\" class=\"size-full wp-image-11476 alignleft\" src=\"https:\/\/blog.holyart.it\/fr\/wp-content\/uploads\/sites\/14\/2025\/11\/pyramide-de-noel-ange-luna-bois-naturel-val-gardena.jpg\" alt=\"Pyramides d\u00e9coratives de No\u00ebl et arches\" width=\"100\" height=\"100\" data-kale-share-title=\"La tradition allemande de la pyramide de No\u00ebl\" data-kale-share-url=\"https:\/\/blog.holyart.it\/fr\/?p=11469\" \/><\/div>\n<div class=\"blocco-contenuto\">\n<div class=\"blocco-acquista\">Acheter sur Holyart:<\/div>\n<div class=\"blocco-titolo\"><a href=\"https:\/\/www.holyart.fr\/noel\/decorations-noel-pour-la-maison\/pyramides-decoratives-de-noel-et-arches?page=1\">Pyramides d\u00e9coratives de No\u00ebl et arches<\/a><\/div>\n<div class=\"blocco-descrizione\">Dans cette cat\u00e9gorie, vous trouverez des pyramides de No\u00ebl et arches de No\u00ebl, des d\u00e9corations typiques d&rsquo;Europe du Nord. \u00c9clair\u00e9s&#8230;<\/div>\n<\/div>\n<\/div>\n<p>Les pyramides de No\u00ebl sont tr\u00e8s populaires en Allemagne, surtout dans la r\u00e9gion des Monts M\u00e9tallif\u00e8res, o\u00f9 on peut visiter de nombreux <strong>march\u00e9s<\/strong> d\u00e9di\u00e9s \u00e0 cette tradition. Il est toutefois possible d\u2019en trouver \u00e9galement dans d\u2019autres pays europ\u00e9ens et ailleurs. Au d\u00e9part, ces d\u00e9corations \u00e9taient suspendues au plafond.<\/p>\n<p>\u00c0 <strong>Dresde<\/strong> a lieu le<em> Striezelmarkt<\/em>, le plus ancien march\u00e9 de No\u00ebl d\u2019Allemagne. Parmi ses attractions les plus spectaculaires, il y a les imposantes d\u00e9corations de No\u00ebl en bois, parmi lesquelles se d\u00e9tache la <strong>pyramide de No\u00ebl la plus haute au monde<\/strong> avec ses 14,61 m\u00e8tres et un gigantesque chandelier en forme d\u2019arc, symboles de la tradition artisanale de la r\u00e9gion. Bien \u00e9videmment, la Pyramide de Dresde bouge, elle aussi\u00a0!<\/p>\n<h2>Le pr\u00e9d\u00e9cesseur du Sapin de No\u00ebl<\/h2>\n<p>La pyramide de No\u00ebl a surement influenc\u00e9 l\u2019\u00e9volution des d\u00e9corations de No\u00ebl et peut \u00eatre consid\u00e9r\u00e9e comme un anc\u00eatre du sapin de No\u00ebl. Les deux traditions ont toutefois d\u00e9velopp\u00e9 des caract\u00e9ristiques distinctes au fil du temps, en devenant des symboles \u00e0 part, riches en signification. Elles partagent surement leur origine, associ\u00e9e \u00e0 l\u2019ancien usage de <a href=\"https:\/\/www.holyart.fr\/blog\/noel\/noel-ecologique-decorer-de-maniere-responsable\/\"><strong><u>d\u00e9corer les arbres<\/u><\/strong><\/a> pour certaines occasions.<\/p>\n<div class=\"link-article\">\n<p><img loading=\"lazy\" decoding=\"async\" class=\"size-full wp-image-11477 alignleft\" src=\"https:\/\/blog.holyart.it\/fr\/wp-content\/uploads\/sites\/14\/2025\/11\/noel-green.jpg\" alt=\"No\u00ebl \u00e9cologique\" width=\"150\" height=\"99\" data-kale-share-title=\"La tradition allemande de la pyramide de No\u00ebl\" data-kale-share-url=\"https:\/\/blog.holyart.it\/fr\/?p=11469\" \/><\/p>\n<div class=\"leggi-anche\">Lire aussi :<\/div>\n<p><strong><a href=\"https:\/\/www.holyart.fr\/blog\/noel\/noel-ecologique-decorer-de-maniere-responsable\/\">No\u00ebl \u00e9cologique : d\u00e9corer de mani\u00e8re responsable<\/a><\/strong><br \/>\nSapins de No\u00ebl en bois, d\u00e9corations faites maison, boules de No\u00ebl en plastique recycl\u00e9&#8230;<\/p>\n<\/div>\n<p>L\u2019arbre, <strong><u>symbole de vie<\/u><\/strong> dans de nombreuse culture, a un r\u00f4le central dans de nombreuses mythologies et rites pa\u00efens. Les druides, par exemple, voyaient dans les plantes persistantes le symbole de la vie \u00e9ternelle, puisqu\u2019elles restent vertes m\u00eame en hiver. Au cours de leurs c\u00e9l\u00e9brations, ils d\u00e9coraient ou br\u00fblaient les branches de ces arbres comme offrande rituelle. Avec l\u2019avent du Christianisme, ces rites anciens se fondirent avec les nouvelles croyances religieuses. Au Moyen-\u00e2ge, les c\u00e9l\u00e9brations qui tournaient autour des arbres, inspir\u00e9es \u00e0 l\u2019expulsion d\u2019Adam et d\u2019\u00c8ve du jardin d\u2019Eden, commenc\u00e8rent \u00e0 se diffuser sur les places du nord de l\u2019Europe. L\u2019<strong><u>arbre d\u2019Eden<\/u><\/strong>, initialement symbole du p\u00e9ch\u00e9 originel, fut progressivement associ\u00e9 au sacrifice de J\u00e9sus et au salut de l\u2019humanit\u00e9, avec la croix compar\u00e9e \u00e0 un arbre qui offre esp\u00e9rance et r\u00e9demption. Avec le temps, de <a href=\"https:\/\/www.holyart.fr\/noel\/sapins-de-noel\"><strong>grands arbres<\/strong><\/a> furent \u00e9rig\u00e9s dans les places des villages europ\u00e9ens pendant la p\u00e9riode de No\u00ebl et d\u00e9cor\u00e9s de fruits secs, pommes et d\u00e9corations en papier. Des branches \u00e9taient \u00e9galement amen\u00e9es \u00e0 l\u2019int\u00e9rieur des maisons et d\u00e9cor\u00e9es de fleurs en papier, sucreries et petits objets. Au d\u00e9but, on utilisait des arbres fruitiers, li\u00e9s \u00e0 l\u2019abondance, mais, au fur et \u00e0 mesure, le sapin, particuli\u00e8rement cher \u00e0 la tradition allemande, devint l\u2019arbre favori. L\u2019usage de d\u00e9corer les sapins se r\u00e9pandit dans le reste de l\u2019Europe et dans tout le monde catholique, avec fruits et fleurs en papier qui, avec le temps, furent remplac\u00e9s par guirlandes, rubans, bougies et, ensuite, de <a href=\"https:\/\/www.holyart.fr\/noel\/decorations-sapin-de-noel\/decorations-sapin-verre-souffle\"><strong>d\u00e9licates d\u00e9corations en verre souffl\u00e9<\/strong><\/a>.<\/p>\n<div class=\"link-product\">\n<div class=\"blocco-immagine\"><img loading=\"lazy\" decoding=\"async\" class=\"size-full wp-image-11480 alignleft\" src=\"https:\/\/blog.holyart.it\/fr\/wp-content\/uploads\/sites\/14\/2025\/11\/pere-noel-animaux-de-la-foret-en-verre-souffle-pour-sapin-de-noel-1.jpg\" alt=\"D\u00e9corations sapin verre souffl\u00e9\" width=\"100\" height=\"100\" data-kale-share-title=\"La tradition allemande de la pyramide de No\u00ebl\" data-kale-share-url=\"https:\/\/blog.holyart.it\/fr\/?p=11469\" \/><\/div>\n<div class=\"blocco-contenuto\">\n<div class=\"blocco-acquista\">Acheter sur Holyart:<\/div>\n<div class=\"blocco-titolo\"><a href=\"https:\/\/www.holyart.fr\/noel\/decorations-sapin-de-noel\/decorations-sapin-verre-souffle\">D\u00e9corations sapin verre souffl\u00e9<\/a><\/div>\n<div class=\"blocco-descrizione\">D\u00e9corations de sapin en verre souffl\u00e9 peintes \u00e0 la main. Ornements et d\u00e9corations propos\u00e9s en diff\u00e9rentes collections&#8230;<\/div>\n<\/div>\n<\/div>\n<p>Il serait incorrect de penser \u00e0 la pyramide de No\u00ebl comme \u00e0 un pr\u00e9d\u00e9cesseur du Sapin de No\u00ebl, mais il est toutefois vrai que les deux traditions puisent leurs racines dans des usages pr\u00e9chr\u00e9tiens li\u00e9s au <strong>culte des arbres \u00e0 feuillage persistant<\/strong>, consid\u00e9r\u00e9s comme symboles de vie \u00e9ternelle.<br \/>\nNous pouvons d\u2019ailleurs affirmer que les pyramides de No\u00ebl, n\u00e9es au XVIIIe si\u00e8cle, ont pr\u00e9c\u00e9d\u00e9 la diffusion du Sapin de No\u00ebl dans sa forme actuelle. En effet, ce n\u2019est qu\u2019\u00e0 partir du XVIIe si\u00e8cle, avec l\u2019introduction du Sapin de No\u00ebl dans les maisons des familles nobles, qu\u2019un processus de diffusion de cette tradition a amen\u00e9 \u00e0 la forme que nous en connaissons aujourd\u2019hui. L\u2019usage s\u2019est ensuite graduellement r\u00e9pandu dans d\u2019autres pays europ\u00e9ens, comme l\u2019Alsace, la France et l\u2019Italie. Avec l\u2019invention de l\u2019\u00e9clairage \u00e9lectrique, \u00e0 la fin du XIXe si\u00e8cle, le Sapin de No\u00ebl a \u00e9t\u00e9 consacr\u00e9 comme un des symboles les plus reconnus de No\u00ebl.<\/p>\n<p>Mais il existe \u00e9galement des diff\u00e9rences fondamentales. Tout d\u2019abord, la pyramide de No\u00ebl, outre \u00e0 \u00eatre une d\u00e9coration, est \u00e9galement un objet qui produit du mouvement, gr\u00e2ce \u00e0 la chaleur des bougies. Le <a href=\"https:\/\/www.holyart.fr\/noel\/sapins-de-noel\/sapin-de-noel-barberino-180-cm-pommes-de-pin-pointes-blanches-pvc\"><strong>Sapin de No\u00ebl<\/strong><\/a>, par contre, est principalement une structure sur laquelle suspendre des ornements.<\/p>\n<div class=\"link-product\">\n<div class=\"blocco-immagine\"><img loading=\"lazy\" decoding=\"async\" class=\"size-full wp-image-11481 alignleft\" src=\"https:\/\/blog.holyart.it\/fr\/wp-content\/uploads\/sites\/14\/2025\/11\/sapin-noel-cherry-pommes-de-pin-baies-neige-210-cm-pp.jpg\" alt=\"Sapin No\u00ebl Cherry pommes de pin baies neige 210 cm PP\" width=\"100\" height=\"100\" data-kale-share-title=\"La tradition allemande de la pyramide de No\u00ebl\" data-kale-share-url=\"https:\/\/blog.holyart.it\/fr\/?p=11469\" \/><\/div>\n<div class=\"blocco-contenuto\">\n<div class=\"blocco-acquista\">Acheter sur Holyart:<\/div>\n<div class=\"blocco-titolo\"><a href=\"https:\/\/www.holyart.fr\/noel\/sapins-de-noel\/sapin-noel-cherry-pommes-de-pin-baies-neige-210-cm-pp\">Sapin No\u00ebl Cherry pommes de pin baies neige 210 cm PP<\/a><\/div>\n<div class=\"blocco-descrizione\">Sapin No\u00ebl Cherry pommes de pin baies neige 210 cm PP. Sapin de No\u00ebl \u00e0 l&rsquo;aspect touffu et naturel gr\u00e2ce aux pointes en polypropyl\u00e8ne&#8230;<\/div>\n<\/div>\n<\/div>\n<h2>Pyramides de No\u00ebl sur Holyart<\/h2>\n<p>Dans notre e-store aussi, vous pourrez trouver de petites et pr\u00e9cieuses pyramides de No\u00ebl, r\u00e9alis\u00e9es en bois travaill\u00e9 de mani\u00e8re artisanale selon l\u2019ancienne tradition du Val Gardena, comme la <a href=\"https:\/\/www.holyart.fr\/noel\/decorations-noel-pour-la-maison\/pyramides-decoratives-de-noel-et-arches\/pyramide-noel-bois-val-gardena-nativite-kaledos-coloree\"><strong>Pyramide de No\u00ebl en bois d\u2019\u00e9rable du Val Gardena avec Nativit\u00e9 Kaledos<\/strong><\/a> peinte. La pyramide Kaledos peinte est un exemple raffin\u00e9 d\u2019artisanat traditionnel. La composition inclut les figures de Marie, Joseph, l\u2019Enfant J\u00e9sus et un petit mouton, toutes plac\u00e9es sur une base circulaire en bois. Cette base est pos\u00e9e sur une autre structure en bois. La sc\u00e8ne est encadr\u00e9e par un arc en bois qui soutient, sur son sommet, une h\u00e9lice. Le mouvement de l\u2019h\u00e9lice, activ\u00e9 par la chaleur de quatre bougies plac\u00e9es de mani\u00e8re sym\u00e9trique le long de la circonf\u00e9rence de la base la plus large, permet \u00e0 la plateforme sup\u00e9rieure de tourner, en donnant vie \u00e0 une sc\u00e8ne suggestive et dynamique.<\/p>\n<p>La <a href=\"https:\/\/www.holyart.fr\/noel\/decorations-noel-pour-la-maison\/pyramides-decoratives-de-noel-et-arches\/pyramide-pivotante-de-noel-sainte-famille-val-gardena-10-cm\"><strong>petite pyramide de No\u00ebl sans bougies<\/strong><\/a>, ni en cire ni \u00e9lectriques, bouge aussi gr\u00e2ce \u00e0 la chaleur ascendante. Ce mod\u00e8le aussi repr\u00e9sente la Sainte Famille, avec l\u2019Enfant J\u00e9sus dans le berceau, Saint Joseph debout avec sa canne et Marie en adoration. La pyramide peut \u00eatre plac\u00e9e sur un radiateur ou sur un bord de fen\u00eatre, o\u00f9, gr\u00e2ce \u00e0 la chaleur du chauffage, elle commencera \u00e0 bouger, en gagnant en vitesse d\u00e8s que la chaleur s\u2019intensifie.<\/p>\n<table class=\"widefat sliders-list\">\n<tbody>\n<tr class=\"slider-row\">\n<td><div class=\"sp-styles-warning\" style=\"width: 450px; background-color: #FFF; color: #F00; border: 1px solid #F00; padding: 10px; font-size: 14px;\">\n\t\t\t<span style=\"font-weight: bold;\">Warning: The stylesheets were not loaded!<\/span> \n\t\t\tYou will need to change the <i>Load stylesheets<\/i> setting from <i>Automatically<\/i> to <i>On homepage<\/i> or <i>On all pages<\/i>. \n\t\t\tYou can set that <a style=\"text-decoration: underline; color: #F00;\" href=\"https:\/\/blog.holyart.it\/fr\/wp-admin\/admin.php?page=sliderpro-settings\">here<\/a>.\n\t\t\t<\/div>\r\n<div id=\"slider-pro-183\" class=\"slider-pro sp-no-js\" style=\"width: 500px; height: 500px;\">\r\n\t<div class=\"sp-slides\">\r\n\t\t\r\n\t\t<div class=\"sp-slide\">\r\n\t\t\t<img loading=\"lazy\" decoding=\"async\" class=\"sp-image\" src=\"https:\/\/blog.holyart.it\/fr\/wp-content\/uploads\/sites\/14\/2025\/11\/pyramide-noel-bois-val-gardena-nativite-kaledos-coloree-1.jpg\" alt=\"Pyramide No\u00ebl bois Val Gardena Nativit\u00e9 Kaledos color\u00e9e\" width=\"500\" height=\"500\" \/>\r\n\t\t\t<div class=\"sp-thumbnail\"><a class=\"\" href=\"https:\/\/www.holyart.fr\/noel\/decorations-noel-pour-la-maison\/pyramides-decoratives-de-noel-et-arches\/pyramide-noel-bois-val-gardena-nativite-kaledos-coloree\">\r\n\t\t\t\t<img decoding=\"async\" src=\"https:\/\/blog.holyart.it\/fr\/wp-content\/uploads\/sites\/14\/2025\/11\/pyramide-noel-bois-val-gardena-nativite-kaledos-coloree-2.jpg\" alt=\"Pyramide No\u00ebl bois Val Gardena Nativit\u00e9 Kaledos color\u00e9e\" \/>\r\n\t\t\t<\/a>\r\n\t\t\t<\/div>\r\n\t\t\t<div class=\"sp-caption\">Pyramide No\u00ebl bois Val Gardena Nativit\u00e9 Kaledos color\u00e9e<br \/><strong><a href=\"https:\/\/www.holyart.fr\/noel\/decorations-noel-pour-la-maison\/pyramides-decoratives-de-noel-et-arches\/pyramide-noel-bois-val-gardena-nativite-kaledos-coloree\">Acheter sur Holyart<\/a><\/strong><\/div>\r\n\t\t<\/div>\r\n\t\t<div class=\"sp-slide\">\r\n\t\t\t<img loading=\"lazy\" decoding=\"async\" class=\"sp-image\" src=\"https:\/\/blog.holyart.it\/fr\/wp-content\/uploads\/sites\/14\/2025\/11\/pyramide-pivotante-de-noel-sainte-famille-val-gardena-10-cm-2.jpg\" alt=\"Pyramide pivotante de No\u00ebl Sainte Famille Val Gardena 10 cm\" width=\"500\" height=\"500\" \/>\r\n\t\t\t<div class=\"sp-thumbnail\"><a class=\"\" href=\"https:\/\/www.holyart.fr\/noel\/decorations-noel-pour-la-maison\/pyramides-decoratives-de-noel-et-arches\/pyramide-pivotante-de-noel-sainte-famille-val-gardena-10-cm\">\r\n\t\t\t\t<img decoding=\"async\" src=\"https:\/\/blog.holyart.it\/fr\/wp-content\/uploads\/sites\/14\/2025\/11\/pyramide-pivotante-de-noel-sainte-famille-val-gardena-10-cm-3.jpg\" alt=\"Pyramide pivotante de No\u00ebl Sainte Famille Val Gardena 10 cm\" \/>\r\n\t\t\t<\/a>\r\n\t\t\t<\/div>\r\n\t\t\t<div class=\"sp-caption\">Pyramide pivotante de No\u00ebl Sainte Famille Val Gardena 10 cm<br \/><strong><a href=\"https:\/\/www.holyart.fr\/noel\/decorations-noel-pour-la-maison\/pyramides-decoratives-de-noel-et-arches\/pyramide-pivotante-de-noel-sainte-famille-val-gardena-10-cm\">Acheter sur Holyart<\/a><\/strong><\/div>\r\n\t\t<\/div>\r\n\t\t<div class=\"sp-slide\">\r\n\t\t\t<img loading=\"lazy\" decoding=\"async\" class=\"sp-image\" src=\"https:\/\/blog.holyart.it\/fr\/wp-content\/uploads\/sites\/14\/2025\/11\/pyramide-de-noel-ange-luna-bois-naturel-val-gardena-4.jpg\" alt=\"Pyramide de No\u00ebl ange Luna bois naturel Val Gardena\" width=\"500\" height=\"500\" \/>\r\n\t\t\t<div class=\"sp-thumbnail\"><a class=\"\" href=\"https:\/\/www.holyart.fr\/noel\/decorations-noel-pour-la-maison\/pyramides-decoratives-de-noel-et-arches\/pyramide-de-noel-ange-luna-bois-naturel-val-gardena\">\r\n\t\t\t\t<img decoding=\"async\" src=\"https:\/\/blog.holyart.it\/fr\/wp-content\/uploads\/sites\/14\/2025\/11\/pyramide-de-noel-ange-luna-bois-naturel-val-gardena-5.jpg\" alt=\"Pyramide de No\u00ebl ange Luna bois naturel Val Gardena\" \/>\r\n\t\t\t<\/a>\r\n\t\t\t<\/div>\r\n\t\t\t<div class=\"sp-caption\">Pyramide de No\u00ebl ange Luna bois naturel Val Gardena<br \/><strong><a href=\"https:\/\/www.holyart.fr\/noel\/decorations-noel-pour-la-maison\/pyramides-decoratives-de-noel-et-arches\/pyramide-de-noel-ange-luna-bois-naturel-val-gardena\">Acheter sur Holyart<\/a><\/strong><\/div>\r\n\t\t<\/div>\r\n\t\t<div class=\"sp-slide\">\r\n\t\t\t<img loading=\"lazy\" decoding=\"async\" class=\"sp-image\" src=\"https:\/\/blog.holyart.it\/fr\/wp-content\/uploads\/sites\/14\/2025\/11\/pyramide-noel-bois-patine-bicolore-val-gardena-nativite-aram-avec-mouton.jpg\" alt=\"Pyramide No\u00ebl bois patin\u00e9 bicolore Val Gardena Nativit\u00e9 Aram avec mouton\" width=\"500\" height=\"500\" \/>\r\n\t\t\t<div class=\"sp-thumbnail\"><a class=\"\" href=\"https:\/\/www.holyart.fr\/noel\/decorations-noel-pour-la-maison\/pyramides-decoratives-de-noel-et-arches\/pyramide-noel-bois-patine-bicolore-val-gardena-nativite-aram-avec-mouton\">\r\n\t\t\t\t<img decoding=\"async\" src=\"https:\/\/blog.holyart.it\/fr\/wp-content\/uploads\/sites\/14\/2025\/11\/pyramide-noel-bois-patine-bicolore-val-gardena-nativite-aram-avec-mouton-1.jpg\" alt=\"Pyramide No\u00ebl bois patin\u00e9 bicolore Val Gardena Nativit\u00e9 Aram avec mouton\" \/>\r\n\t\t\t<\/a>\r\n\t\t\t<\/div>\r\n\t\t\t<div class=\"sp-caption\">Pyramide No\u00ebl bois patin\u00e9 bicolore Val Gardena Nativit\u00e9 Aram avec mouton<br \/><strong><a href=\"https:\/\/www.holyart.fr\/noel\/decorations-noel-pour-la-maison\/pyramides-decoratives-de-noel-et-arches\/pyramide-noel-bois-patine-bicolore-val-gardena-nativite-aram-avec-mouton\">Acheter sur Holyart<\/a><\/strong><\/div>\r\n\t\t<\/div>\r\n\t<\/div>\r\n<\/div><\/td>\n<\/tr>\n<\/tbody>\n<\/table>\n","protected":false},"excerpt":{"rendered":"<p>No\u00ebl en Allemagne ne serait pas le m\u00eame sans la pyramide de No\u00ebl. Voici comment nait cette d\u00e9coration traditionnelle du folklore allemand, qui a de nombreux points en commun avec le Sapin de No\u00ebl La\u00a0Pyramide de No\u00ebl, en allemand\u00a0Weihnachtspyramide, est une d\u00e9coration de No\u00ebl typique&hellip;<\/p>\n","protected":false},"author":1,"featured_media":11472,"comment_status":"closed","ping_status":"open","sticky":false,"template":"","format":"standard","meta":{"_acf_changed":false,"footnotes":""},"categories":[10],"tags":[],"class_list":["post-11469","post","type-post","status-publish","format-standard","has-post-thumbnail","hentry","category-noel"],"acf":[],"yoast_head":"<!-- This site is optimized with the Yoast SEO plugin v26.6 - https:\/\/yoast.com\/wordpress\/plugins\/seo\/ -->\n<title>La tradition allemande de la pyramide de No\u00ebl - Holyart.fr Blog<\/title>\n<meta name=\"description\" content=\"N\u00e9e au XVIIIe si\u00e8cle en Allemagne, la pyramide de No\u00ebl est devenue un symbole de No\u00ebl, entre tradition populaire, march\u00e9s de No\u00ebl et artisanat\" \/>\n<meta name=\"robots\" content=\"index, follow, max-snippet:-1, max-image-preview:large, max-video-preview:-1\" \/>\n<link rel=\"canonical\" href=\"https:\/\/blog.holyart.it\/fr\/noel\/la-tradition-allemande-de-la-pyramide-de-noel\/\" \/>\n<meta property=\"og:locale\" content=\"fr_FR\" \/>\n<meta property=\"og:type\" content=\"article\" \/>\n<meta property=\"og:title\" content=\"La tradition allemande de la pyramide de No\u00ebl - Holyart.fr Blog\" \/>\n<meta property=\"og:description\" content=\"N\u00e9e au XVIIIe si\u00e8cle en Allemagne, la pyramide de No\u00ebl est devenue un symbole de No\u00ebl, entre tradition populaire, march\u00e9s de No\u00ebl et artisanat\" \/>\n<meta property=\"og:url\" content=\"https:\/\/blog.holyart.it\/fr\/noel\/la-tradition-allemande-de-la-pyramide-de-noel\/\" \/>\n<meta property=\"og:site_name\" content=\"Holyart.fr Blog\" \/>\n<meta property=\"article:published_time\" content=\"2025-11-10T09:00:06+00:00\" \/>\n<meta property=\"article:modified_time\" content=\"2025-11-10T09:20:06+00:00\" \/>\n<meta property=\"og:image\" content=\"https:\/\/blog.holyart.it\/fr\/wp-content\/uploads\/sites\/14\/2025\/11\/pyramide-Noel.jpg\" \/>\n\t<meta property=\"og:image:width\" content=\"1000\" \/>\n\t<meta property=\"og:image:height\" content=\"666\" \/>\n\t<meta property=\"og:image:type\" content=\"image\/jpeg\" \/>\n<meta name=\"author\" content=\"Redazione\" \/>\n<meta name=\"twitter:card\" content=\"summary_large_image\" \/>\n<meta name=\"twitter:label1\" content=\"\u00c9crit par\" \/>\n\t<meta name=\"twitter:data1\" content=\"Redazione\" \/>\n\t<meta name=\"twitter:label2\" content=\"Dur\u00e9e de lecture estim\u00e9e\" \/>\n\t<meta name=\"twitter:data2\" content=\"9 minutes\" \/>\n<script type=\"application\/ld+json\" class=\"yoast-schema-graph\">{\"@context\":\"https:\/\/schema.org\",\"@graph\":[{\"@type\":\"Article\",\"@id\":\"https:\/\/blog.holyart.it\/fr\/noel\/la-tradition-allemande-de-la-pyramide-de-noel\/#article\",\"isPartOf\":{\"@id\":\"https:\/\/blog.holyart.it\/fr\/noel\/la-tradition-allemande-de-la-pyramide-de-noel\/\"},\"author\":{\"name\":\"Redazione\",\"@id\":\"https:\/\/blog.holyart.it\/fr\/#\/schema\/person\/0a7b686e5af0f856ec1e390dd0baecda\"},\"headline\":\"La tradition allemande de la pyramide de No\u00ebl\",\"datePublished\":\"2025-11-10T09:00:06+00:00\",\"dateModified\":\"2025-11-10T09:20:06+00:00\",\"mainEntityOfPage\":{\"@id\":\"https:\/\/blog.holyart.it\/fr\/noel\/la-tradition-allemande-de-la-pyramide-de-noel\/\"},\"wordCount\":1685,\"publisher\":{\"@id\":\"https:\/\/blog.holyart.it\/fr\/#organization\"},\"image\":{\"@id\":\"https:\/\/blog.holyart.it\/fr\/noel\/la-tradition-allemande-de-la-pyramide-de-noel\/#primaryimage\"},\"thumbnailUrl\":\"https:\/\/blog.holyart.it\/fr\/wp-content\/uploads\/sites\/14\/2025\/11\/pyramide-Noel.jpg\",\"articleSection\":[\"No\u00ebl\"],\"inLanguage\":\"fr-FR\"},{\"@type\":\"WebPage\",\"@id\":\"https:\/\/blog.holyart.it\/fr\/noel\/la-tradition-allemande-de-la-pyramide-de-noel\/\",\"url\":\"https:\/\/blog.holyart.it\/fr\/noel\/la-tradition-allemande-de-la-pyramide-de-noel\/\",\"name\":\"La tradition allemande de la pyramide de No\u00ebl - Holyart.fr Blog\",\"isPartOf\":{\"@id\":\"https:\/\/blog.holyart.it\/fr\/#website\"},\"primaryImageOfPage\":{\"@id\":\"https:\/\/blog.holyart.it\/fr\/noel\/la-tradition-allemande-de-la-pyramide-de-noel\/#primaryimage\"},\"image\":{\"@id\":\"https:\/\/blog.holyart.it\/fr\/noel\/la-tradition-allemande-de-la-pyramide-de-noel\/#primaryimage\"},\"thumbnailUrl\":\"https:\/\/blog.holyart.it\/fr\/wp-content\/uploads\/sites\/14\/2025\/11\/pyramide-Noel.jpg\",\"datePublished\":\"2025-11-10T09:00:06+00:00\",\"dateModified\":\"2025-11-10T09:20:06+00:00\",\"description\":\"N\u00e9e au XVIIIe si\u00e8cle en Allemagne, la pyramide de No\u00ebl est devenue un symbole de No\u00ebl, entre tradition populaire, march\u00e9s de No\u00ebl et artisanat\",\"breadcrumb\":{\"@id\":\"https:\/\/blog.holyart.it\/fr\/noel\/la-tradition-allemande-de-la-pyramide-de-noel\/#breadcrumb\"},\"inLanguage\":\"fr-FR\",\"potentialAction\":[{\"@type\":\"ReadAction\",\"target\":[\"https:\/\/blog.holyart.it\/fr\/noel\/la-tradition-allemande-de-la-pyramide-de-noel\/\"]}]},{\"@type\":\"ImageObject\",\"inLanguage\":\"fr-FR\",\"@id\":\"https:\/\/blog.holyart.it\/fr\/noel\/la-tradition-allemande-de-la-pyramide-de-noel\/#primaryimage\",\"url\":\"https:\/\/blog.holyart.it\/fr\/wp-content\/uploads\/sites\/14\/2025\/11\/pyramide-Noel.jpg\",\"contentUrl\":\"https:\/\/blog.holyart.it\/fr\/wp-content\/uploads\/sites\/14\/2025\/11\/pyramide-Noel.jpg\",\"width\":1000,\"height\":666,\"caption\":\"pyramide No\u00ebl\"},{\"@type\":\"BreadcrumbList\",\"@id\":\"https:\/\/blog.holyart.it\/fr\/noel\/la-tradition-allemande-de-la-pyramide-de-noel\/#breadcrumb\",\"itemListElement\":[{\"@type\":\"ListItem\",\"position\":1,\"name\":\"Homepage\",\"item\":\"https:\/\/blog.holyart.it\/fr\/\"},{\"@type\":\"ListItem\",\"position\":2,\"name\":\"No\u00ebl\",\"item\":\"https:\/\/blog.holyart.it\/fr\/noel\/\"},{\"@type\":\"ListItem\",\"position\":3,\"name\":\"La tradition allemande de la pyramide de No\u00ebl\"}]},{\"@type\":\"WebSite\",\"@id\":\"https:\/\/blog.holyart.it\/fr\/#website\",\"url\":\"https:\/\/blog.holyart.it\/fr\/\",\"name\":\"Holyart.fr Blog\",\"description\":\"Holyblog\",\"publisher\":{\"@id\":\"https:\/\/blog.holyart.it\/fr\/#organization\"},\"potentialAction\":[{\"@type\":\"SearchAction\",\"target\":{\"@type\":\"EntryPoint\",\"urlTemplate\":\"https:\/\/blog.holyart.it\/fr\/?s={search_term_string}\"},\"query-input\":{\"@type\":\"PropertyValueSpecification\",\"valueRequired\":true,\"valueName\":\"search_term_string\"}}],\"inLanguage\":\"fr-FR\"},{\"@type\":\"Organization\",\"@id\":\"https:\/\/blog.holyart.it\/fr\/#organization\",\"name\":\"Holyart.fr Blog\",\"url\":\"https:\/\/blog.holyart.it\/fr\/\",\"logo\":{\"@type\":\"ImageObject\",\"inLanguage\":\"fr-FR\",\"@id\":\"https:\/\/blog.holyart.it\/fr\/#\/schema\/logo\/image\/\",\"url\":\"https:\/\/blog.holyart.it\/fr\/wp-content\/uploads\/sites\/14\/2022\/12\/Holyart_Blog_Logo.jpg\",\"contentUrl\":\"https:\/\/blog.holyart.it\/fr\/wp-content\/uploads\/sites\/14\/2022\/12\/Holyart_Blog_Logo.jpg\",\"width\":300,\"height\":50,\"caption\":\"Holyart.fr Blog\"},\"image\":{\"@id\":\"https:\/\/blog.holyart.it\/fr\/#\/schema\/logo\/image\/\"}},{\"@type\":\"Person\",\"@id\":\"https:\/\/blog.holyart.it\/fr\/#\/schema\/person\/0a7b686e5af0f856ec1e390dd0baecda\",\"name\":\"Redazione\",\"image\":{\"@type\":\"ImageObject\",\"inLanguage\":\"fr-FR\",\"@id\":\"https:\/\/blog.holyart.it\/fr\/#\/schema\/person\/image\/\",\"url\":\"https:\/\/secure.gravatar.com\/avatar\/f477da817f43e50d0af36abecd33e3edf826c68299714bdc1057dff3b113f516?s=96&d=mm&r=g\",\"contentUrl\":\"https:\/\/secure.gravatar.com\/avatar\/f477da817f43e50d0af36abecd33e3edf826c68299714bdc1057dff3b113f516?s=96&d=mm&r=g\",\"caption\":\"Redazione\"},\"url\":\"https:\/\/blog.holyart.it\/fr\/author\/admin\/\"}]}<\/script>\n<!-- \/ Yoast SEO plugin. -->","yoast_head_json":{"title":"La tradition allemande de la pyramide de No\u00ebl - Holyart.fr Blog","description":"N\u00e9e au XVIIIe si\u00e8cle en Allemagne, la pyramide de No\u00ebl est devenue un symbole de No\u00ebl, entre tradition populaire, march\u00e9s de No\u00ebl et artisanat","robots":{"index":"index","follow":"follow","max-snippet":"max-snippet:-1","max-image-preview":"max-image-preview:large","max-video-preview":"max-video-preview:-1"},"canonical":"https:\/\/blog.holyart.it\/fr\/noel\/la-tradition-allemande-de-la-pyramide-de-noel\/","og_locale":"fr_FR","og_type":"article","og_title":"La tradition allemande de la pyramide de No\u00ebl - Holyart.fr Blog","og_description":"N\u00e9e au XVIIIe si\u00e8cle en Allemagne, la pyramide de No\u00ebl est devenue un symbole de No\u00ebl, entre tradition populaire, march\u00e9s de No\u00ebl et artisanat","og_url":"https:\/\/blog.holyart.it\/fr\/noel\/la-tradition-allemande-de-la-pyramide-de-noel\/","og_site_name":"Holyart.fr Blog","article_published_time":"2025-11-10T09:00:06+00:00","article_modified_time":"2025-11-10T09:20:06+00:00","og_image":[{"width":1000,"height":666,"url":"https:\/\/blog.holyart.it\/fr\/wp-content\/uploads\/sites\/14\/2025\/11\/pyramide-Noel.jpg","type":"image\/jpeg"}],"author":"Redazione","twitter_card":"summary_large_image","twitter_misc":{"\u00c9crit par":"Redazione","Dur\u00e9e de lecture estim\u00e9e":"9 minutes"},"schema":{"@context":"https:\/\/schema.org","@graph":[{"@type":"Article","@id":"https:\/\/blog.holyart.it\/fr\/noel\/la-tradition-allemande-de-la-pyramide-de-noel\/#article","isPartOf":{"@id":"https:\/\/blog.holyart.it\/fr\/noel\/la-tradition-allemande-de-la-pyramide-de-noel\/"},"author":{"name":"Redazione","@id":"https:\/\/blog.holyart.it\/fr\/#\/schema\/person\/0a7b686e5af0f856ec1e390dd0baecda"},"headline":"La tradition allemande de la pyramide de No\u00ebl","datePublished":"2025-11-10T09:00:06+00:00","dateModified":"2025-11-10T09:20:06+00:00","mainEntityOfPage":{"@id":"https:\/\/blog.holyart.it\/fr\/noel\/la-tradition-allemande-de-la-pyramide-de-noel\/"},"wordCount":1685,"publisher":{"@id":"https:\/\/blog.holyart.it\/fr\/#organization"},"image":{"@id":"https:\/\/blog.holyart.it\/fr\/noel\/la-tradition-allemande-de-la-pyramide-de-noel\/#primaryimage"},"thumbnailUrl":"https:\/\/blog.holyart.it\/fr\/wp-content\/uploads\/sites\/14\/2025\/11\/pyramide-Noel.jpg","articleSection":["No\u00ebl"],"inLanguage":"fr-FR"},{"@type":"WebPage","@id":"https:\/\/blog.holyart.it\/fr\/noel\/la-tradition-allemande-de-la-pyramide-de-noel\/","url":"https:\/\/blog.holyart.it\/fr\/noel\/la-tradition-allemande-de-la-pyramide-de-noel\/","name":"La tradition allemande de la pyramide de No\u00ebl - Holyart.fr Blog","isPartOf":{"@id":"https:\/\/blog.holyart.it\/fr\/#website"},"primaryImageOfPage":{"@id":"https:\/\/blog.holyart.it\/fr\/noel\/la-tradition-allemande-de-la-pyramide-de-noel\/#primaryimage"},"image":{"@id":"https:\/\/blog.holyart.it\/fr\/noel\/la-tradition-allemande-de-la-pyramide-de-noel\/#primaryimage"},"thumbnailUrl":"https:\/\/blog.holyart.it\/fr\/wp-content\/uploads\/sites\/14\/2025\/11\/pyramide-Noel.jpg","datePublished":"2025-11-10T09:00:06+00:00","dateModified":"2025-11-10T09:20:06+00:00","description":"N\u00e9e au XVIIIe si\u00e8cle en Allemagne, la pyramide de No\u00ebl est devenue un symbole de No\u00ebl, entre tradition populaire, march\u00e9s de No\u00ebl et artisanat","breadcrumb":{"@id":"https:\/\/blog.holyart.it\/fr\/noel\/la-tradition-allemande-de-la-pyramide-de-noel\/#breadcrumb"},"inLanguage":"fr-FR","potentialAction":[{"@type":"ReadAction","target":["https:\/\/blog.holyart.it\/fr\/noel\/la-tradition-allemande-de-la-pyramide-de-noel\/"]}]},{"@type":"ImageObject","inLanguage":"fr-FR","@id":"https:\/\/blog.holyart.it\/fr\/noel\/la-tradition-allemande-de-la-pyramide-de-noel\/#primaryimage","url":"https:\/\/blog.holyart.it\/fr\/wp-content\/uploads\/sites\/14\/2025\/11\/pyramide-Noel.jpg","contentUrl":"https:\/\/blog.holyart.it\/fr\/wp-content\/uploads\/sites\/14\/2025\/11\/pyramide-Noel.jpg","width":1000,"height":666,"caption":"pyramide No\u00ebl"},{"@type":"BreadcrumbList","@id":"https:\/\/blog.holyart.it\/fr\/noel\/la-tradition-allemande-de-la-pyramide-de-noel\/#breadcrumb","itemListElement":[{"@type":"ListItem","position":1,"name":"Homepage","item":"https:\/\/blog.holyart.it\/fr\/"},{"@type":"ListItem","position":2,"name":"No\u00ebl","item":"https:\/\/blog.holyart.it\/fr\/noel\/"},{"@type":"ListItem","position":3,"name":"La tradition allemande de la pyramide de No\u00ebl"}]},{"@type":"WebSite","@id":"https:\/\/blog.holyart.it\/fr\/#website","url":"https:\/\/blog.holyart.it\/fr\/","name":"Holyart.fr Blog","description":"Holyblog","publisher":{"@id":"https:\/\/blog.holyart.it\/fr\/#organization"},"potentialAction":[{"@type":"SearchAction","target":{"@type":"EntryPoint","urlTemplate":"https:\/\/blog.holyart.it\/fr\/?s={search_term_string}"},"query-input":{"@type":"PropertyValueSpecification","valueRequired":true,"valueName":"search_term_string"}}],"inLanguage":"fr-FR"},{"@type":"Organization","@id":"https:\/\/blog.holyart.it\/fr\/#organization","name":"Holyart.fr Blog","url":"https:\/\/blog.holyart.it\/fr\/","logo":{"@type":"ImageObject","inLanguage":"fr-FR","@id":"https:\/\/blog.holyart.it\/fr\/#\/schema\/logo\/image\/","url":"https:\/\/blog.holyart.it\/fr\/wp-content\/uploads\/sites\/14\/2022\/12\/Holyart_Blog_Logo.jpg","contentUrl":"https:\/\/blog.holyart.it\/fr\/wp-content\/uploads\/sites\/14\/2022\/12\/Holyart_Blog_Logo.jpg","width":300,"height":50,"caption":"Holyart.fr Blog"},"image":{"@id":"https:\/\/blog.holyart.it\/fr\/#\/schema\/logo\/image\/"}},{"@type":"Person","@id":"https:\/\/blog.holyart.it\/fr\/#\/schema\/person\/0a7b686e5af0f856ec1e390dd0baecda","name":"Redazione","image":{"@type":"ImageObject","inLanguage":"fr-FR","@id":"https:\/\/blog.holyart.it\/fr\/#\/schema\/person\/image\/","url":"https:\/\/secure.gravatar.com\/avatar\/f477da817f43e50d0af36abecd33e3edf826c68299714bdc1057dff3b113f516?s=96&d=mm&r=g","contentUrl":"https:\/\/secure.gravatar.com\/avatar\/f477da817f43e50d0af36abecd33e3edf826c68299714bdc1057dff3b113f516?s=96&d=mm&r=g","caption":"Redazione"},"url":"https:\/\/blog.holyart.it\/fr\/author\/admin\/"}]}},"_links":{"self":[{"href":"https:\/\/blog.holyart.it\/fr\/wp-json\/wp\/v2\/posts\/11469","targetHints":{"allow":["GET"]}}],"collection":[{"href":"https:\/\/blog.holyart.it\/fr\/wp-json\/wp\/v2\/posts"}],"about":[{"href":"https:\/\/blog.holyart.it\/fr\/wp-json\/wp\/v2\/types\/post"}],"author":[{"embeddable":true,"href":"https:\/\/blog.holyart.it\/fr\/wp-json\/wp\/v2\/users\/1"}],"replies":[{"embeddable":true,"href":"https:\/\/blog.holyart.it\/fr\/wp-json\/wp\/v2\/comments?post=11469"}],"version-history":[{"count":11,"href":"https:\/\/blog.holyart.it\/fr\/wp-json\/wp\/v2\/posts\/11469\/revisions"}],"predecessor-version":[{"id":11499,"href":"https:\/\/blog.holyart.it\/fr\/wp-json\/wp\/v2\/posts\/11469\/revisions\/11499"}],"wp:featuredmedia":[{"embeddable":true,"href":"https:\/\/blog.holyart.it\/fr\/wp-json\/wp\/v2\/media\/11472"}],"wp:attachment":[{"href":"https:\/\/blog.holyart.it\/fr\/wp-json\/wp\/v2\/media?parent=11469"}],"wp:term":[{"taxonomy":"category","embeddable":true,"href":"https:\/\/blog.holyart.it\/fr\/wp-json\/wp\/v2\/categories?post=11469"},{"taxonomy":"post_tag","embeddable":true,"href":"https:\/\/blog.holyart.it\/fr\/wp-json\/wp\/v2\/tags?post=11469"}],"curies":[{"name":"wp","href":"https:\/\/api.w.org\/{rel}","templated":true}]}}