{"id":11447,"date":"2025-11-05T10:00:41","date_gmt":"2025-11-05T09:00:41","guid":{"rendered":"https:\/\/blog.holyart.it\/fr\/?p=11447"},"modified":"2025-11-06T17:35:22","modified_gmt":"2025-11-06T16:35:22","slug":"le-rocher-dans-la-creche-napolitaine-histoire-et-tradition-2","status":"publish","type":"post","link":"https:\/\/blog.holyart.it\/fr\/articles-religieux\/le-rocher-dans-la-creche-napolitaine-histoire-et-tradition-2\/","title":{"rendered":"Le rocher dans la cr\u00e8che napolitaine : histoire et tradition"},"content":{"rendered":"<h4>Dans la Cr\u00e8che napolitaine, le rocher est la structure qui soutient la composition enti\u00e8re, le d\u00e9cor o\u00f9 sont plac\u00e9es les figurines et recr\u00e9\u00e9es les sc\u00e8nes. Voici son histoire.<\/h4>\n\n<p>Le rocher, dans la Cr\u00e8che Napolitaine, est bien plus qu\u2019une simple roche, un support en li\u00e8ge ou en bois qui fait lieu de base pour le <a href=\"https:\/\/www.holyart.fr\/noel\/decors-creche-de-noel\"><strong>d\u00e9cor de la Cr\u00e8che<\/strong><\/a>. Il s\u2019agit d\u2019un \u00e9l\u00e9ment central et fondateur de la sc\u00e8ne, la structure qui soutient et donne forme \u00e0 l\u2019enti\u00e8re repr\u00e9sentation de la Nativit\u00e9. Il contient tout d\u2019abord la grotte o\u00f9 J\u00e9sus naquit, un lieu humble et pauvre, mais riche en signification religieuse.<\/p>\n<div class=\"link-product\">\n<div class=\"blocco-immagine\"><img loading=\"lazy\" decoding=\"async\" class=\"size-full wp-image-11451 alignleft\" src=\"https:\/\/blog.holyart.it\/fr\/wp-content\/uploads\/sites\/14\/2025\/11\/decor-de-creche-complet-avec-terrasse-40x50x40-cm-et-santons-Moranduzzo-de-8-cm.jpg\" alt=\"d\u00e9cor de cr\u00e8che complet avec terrasse 40x50x40 cm et santons Moranduzzo de 8 cm\" width=\"100\" height=\"100\" data-kale-share-title=\"Le rocher dans la cr\u00e8che napolitaine : histoire et tradition\" data-kale-share-url=\"https:\/\/blog.holyart.it\/fr\/?p=11447\" \/><\/div>\n<div class=\"blocco-contenuto\">\n<div class=\"blocco-acquista\">Acheter sur Holyart:<\/div>\n<div class=\"blocco-titolo\"><strong><a href=\"https:\/\/www.holyart.fr\/noel\/decors-creche-de-noel\">D\u00e9cors cr\u00e8che de No\u00ebl<\/a><\/strong><\/div>\n<div class=\"blocco-descrizione\">\u00c9tables et grottes pour cr\u00e8ches, fontaines \u00e9lectriques pour cr\u00e8che, fours et moulins pour cr\u00e8che, ponts pour cr\u00e8che&#8230;<\/div>\n<\/div>\n<\/div>\n<p>En m\u00eame temps, la tradition de la Cr\u00e8che napolitaine est bien plus qu\u2019une forme de d\u00e9votion populaire. Elle repr\u00e9sente une v\u00e9ritable <strong>forme d\u2019art<\/strong>, qui a ses racines au Moyen-\u00c2ge. Ce fut en effet \u00e0 cette \u00e9poque que la pratique d\u2019installer des sc\u00e8nes de la Nativit\u00e9 comme t\u00e9moignage de d\u00e9votion populaire commen\u00e7a \u00e0 se r\u00e9pandre. Rappelons la <a href=\"https:\/\/www.holyart.fr\/blog\/noel\/la-creche-de-greccio-la-creche-de-saint-francois\/\"><strong><u>Cr\u00e8che de Greccio<\/u><\/strong>,<\/a> install\u00e9e par Saint Fran\u00e7ois d\u2019Assise, inspir\u00e9e par sa visite \u00e0 Bethl\u00e9em, dans la localit\u00e9 homonyme en 1223. Nait ainsi la Cr\u00e8che, une repr\u00e9sentation simple et touchante, capable d\u2019atteindre m\u00eame le peuple analphab\u00e8te.<\/p>\n<div class=\"link-article\">\n<p><img loading=\"lazy\" decoding=\"async\" class=\"size-full wp-image-11453 alignleft\" src=\"https:\/\/blog.holyart.it\/fr\/wp-content\/uploads\/sites\/14\/2025\/11\/La-creche-de-Greccio.jpg\" alt=\"La cr\u00e8che de Greccio\" width=\"150\" height=\"97\" data-kale-share-title=\"Le rocher dans la cr\u00e8che napolitaine : histoire et tradition\" data-kale-share-url=\"https:\/\/blog.holyart.it\/fr\/?p=11447\" \/><\/p>\n<div class=\"leggi-anche\">Lire aussi :<\/div>\n<p><strong><a href=\"https:\/\/www.holyart.fr\/blog\/noel\/la-creche-de-greccio-la-creche-de-saint-francois\/\">La cr\u00e8che de Greccio : la cr\u00e8che de Saint Fran\u00e7ois<\/a><\/strong><br \/>\nQuel est l\u2019histoire de la cr\u00e8che ? D\u2019o\u00f9 vient cette tradition que nous vivons tous les ans ? Voici l\u2019histoire de la premi\u00e8re cr\u00e8che&#8230;<\/p>\n<\/div>\n<p>Mais comment nait, par contre, la <strong>tradition de la Cr\u00e8che napolitaine ancienne<\/strong>\u00a0? \u00c0 Naples aussi, la Cr\u00e8che naquit d\u00e9j\u00e0 au Moyen-\u00c2ge comme forme d\u00e9votionnelle populaire, dont la r\u00e9alisation \u00e9tait souvent promue par des ordres religieux et des \u00e9glises. La v\u00e9ritable r\u00e9volution, destin\u00e9e \u00e0 rendre la Cr\u00e8che napolitaine quelque chose d\u2019unique, eut lieu autour de 1600, quand la mode de commander des cr\u00e8ches se r\u00e9pandit m\u00eame au sein des familles nobles, qui les faisaient r\u00e9aliser pour leurs chapelles priv\u00e9es ou pour leurs demeures patriciennes. Aux santons en terre cuite ou en bois, qui jusqu\u2019\u00e0 ce moment-l\u00e0 avaient \u00e9t\u00e9 r\u00e9alis\u00e9es par les artisans, se remplac\u00e8rent progressivement des sculptures de plus en plus raffin\u00e9es, cr\u00e9\u00e9es par des artistes sp\u00e9cialis\u00e9s. Avec la p\u00e9riode Baroque, cet \u00e9lan artistique augmenta encore plus. Des <strong>mannequins articul\u00e9s<\/strong> remplac\u00e8rent les santons en terre cuite et les premi\u00e8res <strong>cr\u00e8ches d\u00e9montables<\/strong> virent le jour. La <a href=\"https:\/\/www.holyart.fr\/blog\/noel\/angela-tripi-collection-la-creche-devient-art\/\"><strong><u>dimension th\u00e9\u00e2trale de la Cr\u00e8che<\/u><\/strong><\/a> augmenta de mani\u00e8re consid\u00e9rable avec des repr\u00e9sentation de plus en plus spectaculaires, riches en d\u00e9tails, et qui puisaient non seulement dans l\u2019histoire sacr\u00e9e, mais surtout dans des <strong>sc\u00e8nes de la vie quotidienne<\/strong> et de la <strong>culture populaire de l\u2019\u00e9poque<\/strong>. La cr\u00e8che napolitaine n&rsquo;\u00e9tait pas seulement une expression religieuse, mais aussi un art populaire qui concernait toutes les classes sociales. M\u00eame les familles les plus humbles essayaient d\u2019am\u00e9nager une petite cr\u00e8che dans leurs maisons, en utilisant des mat\u00e9riaux simples et de r\u00e9cup\u00e9ration. Le style baroque, avec ses formes \u00e9labor\u00e9es et ses couleurs vives, influen\u00e7a profond\u00e9ment l\u2019art de la cr\u00e8che napolitaine. Les santons devirent de plus en plus <strong>d\u00e9taill\u00e9s et expressifs<\/strong> et les sc\u00e8nes plus dynamiques et th\u00e9\u00e2trales. Au XVIIe si\u00e8cle, la ville parth\u00e9nop\u00e9enne devint un centre de production de cr\u00e8ches de haute qualit\u00e9, gr\u00e2ce \u00e0 l\u2019habilit\u00e9 de ses artisans.<\/p>\n<div class=\"link-article\">\n<p><img loading=\"lazy\" decoding=\"async\" class=\"size-full wp-image-11454 alignleft\" src=\"https:\/\/blog.holyart.it\/fr\/wp-content\/uploads\/sites\/14\/2025\/11\/Angela-Tripi-1.jpg\" alt=\"Angela Tripi\" width=\"150\" height=\"100\" data-kale-share-title=\"Le rocher dans la cr\u00e8che napolitaine : histoire et tradition\" data-kale-share-url=\"https:\/\/blog.holyart.it\/fr\/?p=11447\" \/><\/p>\n<div class=\"leggi-anche\">Lire aussi :<\/div>\n<p><strong><a href=\"https:\/\/www.holyart.fr\/blog\/noel\/angela-tripi-collection-la-creche-devient-art\/\">Angela Tripi Collection: la cr\u00e8che devient Art<\/a><\/strong><br \/>\nLes cr\u00e8ches en terre cuite et tissu d\u2019Angela Tripi expriment une spiritualit\u00e9 unique&#8230;<\/p>\n<\/div>\n<p>Un exemple pour tous ? La <strong>cr\u00e8che de la Cour<\/strong> actuellement expos\u00e9e au Palais Royal de Caserte dans une vitrine de cristal qui la prot\u00e8ge et la rend visible sous tous les angles. Une \u0153uvre d\u2019art unique en son genre, qui repr\u00e9sente un t\u00e9moignage extraordinaire de la tradition de la cr\u00e8che napolitaine et de la vie \u00e0 la cour au XVIIIe si\u00e8cle. \u00c0 diff\u00e9rence des cr\u00e8ches populaires, cette cr\u00e8che fut command\u00e9e directement par les rois Bourbons, qui en suivaient personnellement la r\u00e9alisation. L\u2019installation de la cr\u00e8che variaient d\u2019ann\u00e9e en ann\u00e9e, selon les go\u00fbts et les modes de l\u2019\u00e9poque. Il ne s\u2019agit pas uniquement d\u2019une repr\u00e9sentation religieuse, mais d\u2019une v\u00e9ritable \u0153uvre d\u2019art, riche en d\u00e9tails et r\u00e9f\u00e9rences \u00e0 la vie de la cour et \u00e0 la soci\u00e9t\u00e9 napolitaine de l\u2019\u00e9poque. C\u2019est la seule cr\u00e8che royale si compl\u00e8te et bien conserv\u00e9e au monde.<\/p>\n<h2>Qu\u2019est-ce qu\u2019est le rocher dans la cr\u00e8che napolitaine<\/h2>\n<p>Comme chaque autre \u00e9l\u00e9ment de la Cr\u00e8che napolitaine, le <strong>paysage<\/strong> aussi rev\u00eate un r\u00f4le symbolique non moins important que celui des<a href=\"https:\/\/www.holyart.fr\/blog\/noel\/les-personnages-de-la-creche-napolitaine-et-leur-signification\/\"> <strong><u>personnages<\/u><\/strong> <\/a>de la Cr\u00e8che m\u00eame. Le paysage canonique de la Cr\u00e8che est compos\u00e9 de <strong>trois montagnes<\/strong> qui contiennent <strong>trois grottes<\/strong>\u00a0: la grotte de la Nativit\u00e9 au centre, celle de la boucherie \u00e0 droite et celle de la cave \u00e0 gauche.<br \/>\nLe spectateur qui regarde la Cr\u00e8che est guid\u00e9 \u00e0 travers un voyage symbolique, fait d\u2019\u00e9tapes pr\u00e9cises et codifi\u00e9es, chacune symbolis\u00e9e par un lieu, un personnage ou une figure. Chaque \u00e9l\u00e9ment du paysage a une signification symbolique pr\u00e9cise. Ainsi le pont indique le passage vers l\u2019au-del\u00e0 et l\u2019inconnu\u00a0; la rivi\u00e8re repr\u00e9sente le temps, mais aussi la vie, et ainsi de suite.<\/p>\n<div class=\"link-article\">\n<p><img loading=\"lazy\" decoding=\"async\" class=\"size-full wp-image-11456 alignleft\" src=\"https:\/\/blog.holyart.it\/fr\/wp-content\/uploads\/sites\/14\/2025\/11\/Les-personnages-de-la-creche-napolitaine.jpg\" alt=\"Les personnages de la cr\u00e8che napolitaine\" width=\"150\" height=\"99\" data-kale-share-title=\"Le rocher dans la cr\u00e8che napolitaine : histoire et tradition\" data-kale-share-url=\"https:\/\/blog.holyart.it\/fr\/?p=11447\" \/><\/p>\n<div class=\"leggi-anche\">Lire aussi :<\/div>\n<p><strong><a href=\"https:\/\/www.holyart.fr\/blog\/noel\/les-personnages-de-la-creche-napolitaine-et-leur-signification\/\">Les personnages de la Cr\u00e8che napolitaine et leur signification<\/a><\/strong><br \/>\nDans la Cr\u00e8che napolitaine, rien n\u2019est laiss\u00e9 au hasard. Chaque personnage, chaque lieu incarne un symbole, cache une signification profonde et unique&#8230;<\/p>\n<\/div>\n<p>Traditionnellement, le rocher napolitain est r\u00e9alis\u00e9 en <a href=\"https:\/\/www.holyart.fr\/noel\/bricolage-de-noel-et-accessoires\/fonds-pour-creche-noel\"><strong>li\u00e8ge<\/strong><\/a>, un mat\u00e9riel fonc\u00e9 qui \u00e9voque la nuit et l\u2019atmosph\u00e8re myst\u00e9rieuse de la grotte. Il est souvent enrichi d\u2019\u00e9l\u00e9ments en bois, mousse et autres mat\u00e9riaux naturels. Il est g\u00e9n\u00e9ralement d\u00e9cor\u00e9 de mousse, lichen, petites fleurs et autres \u00e9l\u00e9ments naturels pour cr\u00e9er un paysage r\u00e9aliste et suggestif. En \u00e9poque Baroque, pour le r\u00e9aliser, on utilisait souvent du bois et du li\u00e8ge provenant de la Terre Sainte, afin de souligner l\u2019aspect symbolique et spirituel de l\u2019\u00e9l\u00e9ment sc\u00e9nique.<br \/>\nLe rocher de la cr\u00e8che peut avoir des formes vari\u00e9es, mais il pr\u00e9sente g\u00e9n\u00e9ralement des cavit\u00e9s et des renfoncements qui accueillent les diff\u00e9rentes figurines et sc\u00e8nes de la cr\u00e8che. Malgr\u00e9 le fait qu\u2019il soit un arri\u00e8re-plan, le rocher est un \u00e9l\u00e9ment actif de la repr\u00e9sentation. Ses formes et ses cavit\u00e9s influencent la dynamique des sc\u00e8nes et contribuent \u00e0 cr\u00e9er l\u2019atmosph\u00e8re g\u00e9n\u00e9rale. Le rocher est un \u00e9l\u00e9ment essentiel de la cr\u00e8che napolitaine, un symbole riche en signification qui va au-del\u00e0 de la simple fonction de support.<\/p>\n<div class=\"link-article\">\n<p><img loading=\"lazy\" decoding=\"async\" class=\"size-full wp-image-11459 alignleft\" src=\"https:\/\/blog.holyart.it\/fr\/wp-content\/uploads\/sites\/14\/2025\/11\/panneau-en-liege-mursol-pour-bricolage-mosaique-35x25-cm.jpg\" alt=\"panneau en li\u00e8ge mursol pour bricolage mosa\u00efque 35x25 cm\" width=\"100\" height=\"100\" data-kale-share-title=\"Le rocher dans la cr\u00e8che napolitaine : histoire et tradition\" data-kale-share-url=\"https:\/\/blog.holyart.it\/fr\/?p=11447\" \/><\/p>\n<div class=\"leggi-anche\">Lire aussi :<\/div>\n<p><strong><a href=\"https:\/\/www.holyart.fr\/noel\/bricolage-de-noel-et-accessoires\/fonds-pour-creche-noel\">Les personnages de la Cr\u00e8che napolitaine et leur signification<\/a><\/strong><br \/>\nDans la Cr\u00e8che napolitaine, rien n\u2019est laiss\u00e9 au hasard. Chaque personnage, chaque lieu incarne un symbole, cache une signification&#8230;<\/p>\n<\/div>\n<h2>L\u2019histoire du rocher napolitain<\/h2>\n<p>Au cours des si\u00e8cles, le rocher a subi diff\u00e9rentes \u00e9volutions, des formes simples aux cr\u00e9ations les plus \u00e9labor\u00e9es.<br \/>\nAu d\u00e9but, le rocher \u00e9tait une simple structure rocheuse, souvent r\u00e9alis\u00e9e avec des mat\u00e9riaux de r\u00e9cup\u00e9ration. Avec le temps, les artisans ont commenc\u00e9 \u00e0 cr\u00e9er des formes de plus en plus \u00e9labor\u00e9es, avec grottes, cavernes et anfractuosit\u00e9s qui accueillaient les diff\u00e9rents personnages de la cr\u00e8che. Le rocher est pass\u00e9 de l\u2019\u00eatre un simple arri\u00e8re-plan \u00e0 un v\u00e9ritable paysage avec montagnes, rivi\u00e8res, ponts et autres \u00e9l\u00e9ments naturels qui enrichissent la sc\u00e8ne.<\/p>\n<p>En descendant de la premi\u00e8re montagne du rocher, on rencontre <a href=\"https:\/\/www.holyart.fr\/noel\/creches-noel\/creche-napolitaine\/paysan-avec-panier-de-pommes-18-cm-terre-cuite-creche-napolitaine\"><strong><u>le premier personnage de la Cr\u00e8che napolitaine, Benino<\/u><\/strong>,<\/a> le berger endormi. On raconte que la cr\u00e8che nait justement d\u2019un r\u00eave et que l\u2019enti\u00e8re repr\u00e9sentation cesserait d\u2019exister si jamais il venait \u00e0 se r\u00e9veiller. Benino repr\u00e9sente l\u2019attente de No\u00ebl et le chemin de chaque homme vers cet \u00e9v\u00e9nement miraculeux et c\u2019est pour cette m\u00eame raison que c\u2019est le premier que l\u2019on rencontre. La Cr\u00e8che napolitaine du XVIIIe si\u00e8cle a remplac\u00e9 les trois grottes du rocher avec trois collines et plac\u00e9 sur la plus \u00e9lev\u00e9e un temple en ruine, qui symbolise le paganisme chass\u00e9 par le Christianisme, et qui accueille la Sainte Famille.<\/p>\n<div class=\"link-product\">\n<div class=\"blocco-immagine\"><img loading=\"lazy\" decoding=\"async\" class=\"size-full wp-image-11460 alignleft\" src=\"https:\/\/blog.holyart.it\/fr\/wp-content\/uploads\/sites\/14\/2025\/11\/paysan-avec-panier-de-pommes-18-cm-terre-cuite-creche-napolitaine.jpg\" alt=\"paysan-avec-panier-de-pommes-18-cm-terre-cuite-creche-napolitaine\" width=\"100\" height=\"100\" data-kale-share-title=\"Le rocher dans la cr\u00e8che napolitaine : histoire et tradition\" data-kale-share-url=\"https:\/\/blog.holyart.it\/fr\/?p=11447\" \/><\/div>\n<div class=\"blocco-contenuto\">\n<div class=\"blocco-acquista\">Acheter sur Holyart:<\/div>\n<div class=\"blocco-titolo\"><strong><a href=\"https:\/\/www.holyart.fr\/noel\/creches-noel\/creche-napolitaine\/paysan-avec-panier-de-pommes-18-cm-terre-cuite-creche-napolitaine\">Paysan avec panier de pommes 18 cm terre cuite cr\u00e8che napolitaine<\/a><\/strong><\/div>\n<div class=\"blocco-descrizione\">Statuette en terre cuite repr\u00e9sentant un paysan portant un panier de pommes, symbole d&rsquo;abondance et de vie rurale&#8230;<\/div>\n<\/div>\n<\/div>\n<p>Dans certaines cr\u00e8ches, le rocher assume l\u2019aspect d\u2019un microcosme, repr\u00e9sentant l\u2019univers entier avec ses \u00e9toiles, ses plan\u00e8tes et ses \u00e9l\u00e9ments.<\/p>\n<h2>La Cr\u00e8che napolitaine ancienne sur Holyart<\/h2>\n<p>Dans notre e-store, vous trouverez un ample assortiment de rochers, adapt\u00e9s pour chaque exigence, que vous souhaitiez construire votre <a href=\"https:\/\/www.holyart.fr\/blog\/noel\/comment-construire-une-creche-napolitaine-du-xviiie\/\"><strong><u>Cr\u00e8che de No\u00ebl vous-m\u00eame<\/u><\/strong> <\/a>ou que vous recherchiez quelque chose de d\u00e9j\u00e0 pr\u00eat, dans toute sa simplicit\u00e9.<\/p>\n<div class=\"link-article\">\n<p><img loading=\"lazy\" decoding=\"async\" class=\"size-full wp-image-11461 alignleft\" src=\"https:\/\/blog.holyart.it\/fr\/wp-content\/uploads\/sites\/14\/2025\/11\/creche-napolitaine-du-XVIII\u1d49-siecle.jpg\" alt=\"cr\u00e8che napolitaine du XVIII\u1d49 si\u00e8cle\" width=\"150\" height=\"99\" data-kale-share-title=\"Le rocher dans la cr\u00e8che napolitaine : histoire et tradition\" data-kale-share-url=\"https:\/\/blog.holyart.it\/fr\/?p=11447\" \/><\/p>\n<div class=\"leggi-anche\">Lire aussi :<\/div>\n<p><strong><a href=\"https:\/\/www.holyart.fr\/blog\/noel\/comment-construire-une-creche-napolitaine-du-xviiie\/\">Comment construire une cr\u00e8che napolitaine du XVIIIe<\/a><\/strong><br \/>\nLa Cr\u00e8che Napolitaine, \u00ab o\u2019 Presebbio \u00bb en napolitain, n\u2019est pas uniquement une manifestation de d\u00e9votion&#8230;<\/p>\n<\/div>\n<p>Si vous cherchez un d\u00e9cor suggestif et avec des effets de mouvement simples, mais de grand impact, le <a href=\"https:\/\/www.holyart.fr\/noel\/creches-noel\/creche-napolitaine\/decor-creche-de-naples-de-10-12-14-cm-avec-chute-deau-et-effet-brouillard-105x80x60-cm\"><strong>d\u00e9cor avec colonnes aux chapiteaux corinthiens<\/strong><\/a> est parfait pour vous. Une fontaine et une chute d\u2019eau font couler l\u2019eau et un n\u00e9buliseur recr\u00e9e l\u2019effet du brouillard. Le <strong>temple en ruine<\/strong> d\u00e9j\u00e0 cit\u00e9 accueille les santons de Marie, Joseph et de l\u2019Enfant J\u00e9sus, r\u00e9alis\u00e9s et peints \u00e0 la main par des artisans napolitains, dans un d\u00e9cor plut\u00f4t rustique. Un autre <a href=\"https:\/\/www.holyart.fr\/noel\/creches-noel\/creche-napolitaine\/temple-arcs-nativite-berger-endormi-creche-napolitaine-100x50x50-cm-santons-30-cm\"><strong><u>temple avec Nativit\u00e9<\/u><\/strong> <\/a>montre la figure d\u2019un berger. Rappelons que les <a href=\"https:\/\/www.holyart.fr\/blog\/noel\/les-bergers-de-la-creche-napolitaine-du-xviiie-siecle\/\"><strong><u>bergers<\/u><\/strong><\/a> sont parmi les personnages les plus importants de la Cr\u00e8che napolitaine. Le d\u00e9cor rural pr\u00e9sente une paroi rocheuse en li\u00e8ge avec des branches qui enrichissent l\u2019arri\u00e8re-plan et un temple qui semble soutenir la structure, avec des demi-arcs et des poutres en bois qui compl\u00e8tent la sc\u00e8ne. Au centre, en premier plan, nous observons la Nativit\u00e9, r\u00e9alis\u00e9e dans les moindres d\u00e9tails, sans n\u00e9gliger aucune minutie. \u00c0 remarquer \u00e9galement les somptueux habits, cousus \u00e0 la main par les artisans. Cet aper\u00e7u est parfait pour rendre exceptionnel et caract\u00e9ristique votre cr\u00e8che.<br \/>\nUn autre d\u00e9cor typique du rocher est la version urbaine avec maisons et palais qui rappellent ceux de la ville de Naples au XVIIe si\u00e8cle. Le rocher peut par exemple \u00eatre repr\u00e9sent\u00e9 par un <a href=\"https:\/\/www.holyart.fr\/noel\/creches-noel\/creche-napolitaine\/decor-creche-napolitaine-entree-palais-avec-fontaine-70x40x40-cm\"><strong>palais avec deux escaliers semi-circulaires<\/strong><\/a>, sous un desquels se trouve une fontaine, le tout r\u00e9alis\u00e9 en li\u00e8ge, bois et mousse, de mani\u00e8re artisanale, dans le style de la cr\u00e8che napolitaine du XVIIIe si\u00e8cle, avec effets lumineux et eau courante.<br \/>\n<div class=\"sp-styles-warning\" style=\"width: 450px; background-color: #FFF; color: #F00; border: 1px solid #F00; padding: 10px; font-size: 14px;\">\n\t\t\t<span style=\"font-weight: bold;\">Warning: The stylesheets were not loaded!<\/span> \n\t\t\tYou will need to change the <i>Load stylesheets<\/i> setting from <i>Automatically<\/i> to <i>On homepage<\/i> or <i>On all pages<\/i>. \n\t\t\tYou can set that <a style=\"text-decoration: underline; color: #F00;\" href=\"https:\/\/blog.holyart.it\/fr\/wp-admin\/admin.php?page=sliderpro-settings\">here<\/a>.\n\t\t\t<\/div>\r\n<div id=\"slider-pro-182\" class=\"slider-pro sp-no-js\" style=\"width: 500px; height: 500px;\">\r\n\t<div class=\"sp-slides\">\r\n\t\t\r\n\t\t<div class=\"sp-slide\">\r\n\t\t\t<img loading=\"lazy\" decoding=\"async\" class=\"sp-image\" src=\"https:\/\/blog.holyart.it\/fr\/wp-content\/uploads\/sites\/14\/2025\/10\/decor-creche-de-naples-de-10-12-14-cm-avec-chute-deau-et-effet-brouillard-105x80x60-cm.jpg\" alt=\"D\u00e9cor cr\u00e8che de Naples de 10-12-14 cm avec chute d&#039;eau et EFFET BROUILLARD 105x80x60 cm\" width=\"500\" height=\"500\" \/>\r\n\t\t\t<div class=\"sp-thumbnail\"><a class=\"\" href=\"https:\/\/www.holyart.fr\/noel\/creches-noel\/creche-napolitaine\/decor-creche-de-naples-de-10-12-14-cm-avec-chute-deau-et-effet-brouillard-105x80x60-cm\">\r\n\t\t\t\t<img decoding=\"async\" src=\"https:\/\/blog.holyart.it\/fr\/wp-content\/uploads\/sites\/14\/2025\/10\/decor-creche-de-naples-de-10-12-14-cm-avec-chute-deau-et-effet-brouillard-105x80x60-cm-1.jpg\" alt=\"D\u00e9cor cr\u00e8che de Naples de 10-12-14 cm avec chute d&#039;eau et EFFET BROUILLARD 105x80x60 cm\" \/>\r\n\t\t\t<\/a>\r\n\t\t\t<\/div>\r\n\t\t\t<div class=\"sp-caption\">D\u00e9cor cr\u00e8che de Naples de 10-12-14 cm avec chute d'eau et EFFET BROUILLARD 105x80x60 cm<br \/><strong><a href=\"https:\/\/www.holyart.fr\/noel\/creches-noel\/creche-napolitaine\/decor-creche-de-naples-de-10-12-14-cm-avec-chute-deau-et-effet-brouillard-105x80x60-cm\">Acheter sur Holyart<\/a><\/strong><\/div>\r\n\t\t<\/div>\r\n\t\t<div class=\"sp-slide\">\r\n\t\t\t<img loading=\"lazy\" decoding=\"async\" class=\"sp-image\" src=\"https:\/\/blog.holyart.it\/fr\/wp-content\/uploads\/sites\/14\/2025\/11\/cabane-de-la-nativite-lumiere-et-mouvement-creche-napolitaine-15-cm.jpg\" alt=\"cabane de la Nativit\u00e9 avec lumi\u00e8re et mouvement pour cr\u00e8che napolitaine 15 cm\" width=\"500\" height=\"500\" \/>\r\n\t\t\t<div class=\"sp-thumbnail\"><a class=\"\" href=\"https:\/\/www.holyart.fr\/noel\/santons-animes-creche-de-noel\/cabane-de-la-nativite-lumiere-et-mouvement-creche-napolitaine-15-cm\">\r\n\t\t\t\t<img decoding=\"async\" src=\"https:\/\/blog.holyart.it\/fr\/wp-content\/uploads\/sites\/14\/2025\/11\/cabane-de-la-nativite-lumiere-et-mouvement-creche-napolitaine-15-cm-1.jpg\" alt=\"cabane de la Nativit\u00e9 avec lumi\u00e8re et mouvement pour cr\u00e8che napolitaine 15 cm\" \/>\r\n\t\t\t<\/a>\r\n\t\t\t<\/div>\r\n\t\t\t<div class=\"sp-caption\">Cabane de la Nativit\u00e9 lumi\u00e8re et mouvement cr\u00e8che napolitaine 15 cm<br \/><strong><a href=\"https:\/\/www.holyart.fr\/noel\/santons-animes-creche-de-noel\/cabane-de-la-nativite-lumiere-et-mouvement-creche-napolitaine-15-cm\">Acheter sur Holyart<\/a><\/strong><\/div>\r\n\t\t<\/div>\r\n\t\t<div class=\"sp-slide\">\r\n\t\t\t<img loading=\"lazy\" decoding=\"async\" class=\"sp-image\" src=\"https:\/\/blog.holyart.it\/fr\/wp-content\/uploads\/sites\/14\/2025\/10\/temple-arcs-nativite-berger-endormi-creche-napolitaine-100x50x50-cm-santons-30-cm.jpg\" alt=\"Temple arcs nativit\u00e9 berger endormi cr\u00e8che napolitaine 100x50x50 cm santons 30 cm\" width=\"500\" height=\"500\" \/>\r\n\t\t\t<div class=\"sp-thumbnail\"><a class=\"\" href=\"https:\/\/www.holyart.fr\/noel\/creches-noel\/creche-napolitaine\/temple-arcs-nativite-berger-endormi-creche-napolitaine-100x50x50-cm-santons-30-cm\">\r\n\t\t\t\t<img decoding=\"async\" src=\"https:\/\/blog.holyart.it\/fr\/wp-content\/uploads\/sites\/14\/2025\/10\/temple-arcs-nativite-berger-endormi-creche-napolitaine-100x50x50-cm-santons-30-cm-1.jpg\" alt=\"Temple arcs nativit\u00e9 berger endormi cr\u00e8che napolitaine 100x50x50 cm santons 30 cm\" \/>\r\n\t\t\t<\/a>\r\n\t\t\t<\/div>\r\n\t\t\t<div class=\"sp-caption\">Temple arcs nativit\u00e9 berger endormi cr\u00e8che napolitaine 100x50x50 cm santons 30 cm<br \/><strong><a href=\"https:\/\/www.holyart.fr\/noel\/creches-noel\/creche-napolitaine\/temple-arcs-nativite-berger-endormi-creche-napolitaine-100x50x50-cm-santons-30-cm\">Acheter sur Holyart<\/a><\/strong><\/div>\r\n\t\t<\/div>\r\n\t\t<div class=\"sp-slide\">\r\n\t\t\t<img loading=\"lazy\" decoding=\"async\" class=\"sp-image\" src=\"https:\/\/blog.holyart.it\/fr\/wp-content\/uploads\/sites\/14\/2025\/10\/decor-creche-napolitaine-entree-palais-avec-fontaine-70x40x40-cm.jpg\" alt=\"D\u00e9cor cr\u00e8che napolitaine entr\u00e9e palais avec fontaine 70x40x40 cm\" width=\"500\" height=\"500\" \/>\r\n\t\t\t<div class=\"sp-thumbnail\"><a class=\"\" href=\"https:\/\/www.holyart.fr\/noel\/creches-noel\/creche-napolitaine\/decor-creche-napolitaine-entree-palais-avec-fontaine-70x40x40-cm\">\r\n\t\t\t\t<img decoding=\"async\" src=\"https:\/\/blog.holyart.it\/fr\/wp-content\/uploads\/sites\/14\/2025\/11\/decor-de-creche-napolitaine-entree-de-palais-avec-fontaine-70x40x40-cm.jpg\" alt=\"d\u00e9cor de cr\u00e8che napolitaine entr\u00e9e de palais avec fontaine 70x40x40 cm\" \/>\r\n\t\t\t<\/a>\r\n\t\t\t<\/div>\r\n\t\t\t<div class=\"sp-caption\">D\u00e9cor cr\u00e8che napolitaine entr\u00e9e palais avec fontaine 70x40x40 cm<br \/><strong><a href=\"https:\/\/www.holyart.fr\/noel\/creches-noel\/creche-napolitaine\/decor-creche-napolitaine-entree-palais-avec-fontaine-70x40x40-cm\">Acheter sur Holyart<\/a><\/strong><\/div>\r\n\t\t<\/div>\r\n\t<\/div>\r\n<\/div><\/p>\n<p>&nbsp;<\/p>\n","protected":false},"excerpt":{"rendered":"<p>Dans la Cr\u00e8che napolitaine, le rocher est la structure qui soutient la composition enti\u00e8re, le d\u00e9cor o\u00f9 sont plac\u00e9es les figurines et recr\u00e9\u00e9es les sc\u00e8nes. Voici son histoire. Le rocher, dans la Cr\u00e8che Napolitaine, est bien plus qu\u2019une simple roche, un support en li\u00e8ge ou&hellip;<\/p>\n","protected":false},"author":1,"featured_media":11449,"comment_status":"closed","ping_status":"open","sticky":false,"template":"","format":"standard","meta":{"_acf_changed":false,"footnotes":""},"categories":[8],"tags":[],"class_list":["post-11447","post","type-post","status-publish","format-standard","has-post-thumbnail","hentry","category-articles-religieux"],"acf":[],"yoast_head":"<!-- This site is optimized with the Yoast SEO plugin v26.6 - https:\/\/yoast.com\/wordpress\/plugins\/seo\/ -->\n<title>Le rocher dans la cr\u00e8che napolitaine : histoire et tradition - Holyart.fr Blog<\/title>\n<meta name=\"description\" content=\"Dans la cr\u00e8che napolitaine, le rocher est la structure sur laquelle sont plac\u00e9es les sc\u00e8nes de la Nativit\u00e9 et de la vie quotidienne ...\" \/>\n<meta name=\"robots\" content=\"index, follow, max-snippet:-1, max-image-preview:large, max-video-preview:-1\" \/>\n<link rel=\"canonical\" href=\"https:\/\/blog.holyart.it\/fr\/articles-religieux\/le-rocher-dans-la-creche-napolitaine-histoire-et-tradition-2\/\" \/>\n<meta property=\"og:locale\" content=\"fr_FR\" \/>\n<meta property=\"og:type\" content=\"article\" \/>\n<meta property=\"og:title\" content=\"Le rocher dans la cr\u00e8che napolitaine : histoire et tradition - Holyart.fr Blog\" \/>\n<meta property=\"og:description\" content=\"Dans la cr\u00e8che napolitaine, le rocher est la structure sur laquelle sont plac\u00e9es les sc\u00e8nes de la Nativit\u00e9 et de la vie quotidienne ...\" \/>\n<meta property=\"og:url\" content=\"https:\/\/blog.holyart.it\/fr\/articles-religieux\/le-rocher-dans-la-creche-napolitaine-histoire-et-tradition-2\/\" \/>\n<meta property=\"og:site_name\" content=\"Holyart.fr Blog\" \/>\n<meta property=\"article:published_time\" content=\"2025-11-05T09:00:41+00:00\" \/>\n<meta property=\"article:modified_time\" content=\"2025-11-06T16:35:22+00:00\" \/>\n<meta property=\"og:image\" content=\"https:\/\/blog.holyart.it\/fr\/wp-content\/uploads\/sites\/14\/2025\/11\/creche-napolitaine-sur-rocher.jpg\" \/>\n\t<meta property=\"og:image:width\" content=\"1000\" \/>\n\t<meta property=\"og:image:height\" content=\"666\" \/>\n\t<meta property=\"og:image:type\" content=\"image\/jpeg\" \/>\n<meta name=\"author\" content=\"Redazione\" \/>\n<meta name=\"twitter:card\" content=\"summary_large_image\" \/>\n<meta name=\"twitter:label1\" content=\"\u00c9crit par\" \/>\n\t<meta name=\"twitter:data1\" content=\"Redazione\" \/>\n\t<meta name=\"twitter:label2\" content=\"Dur\u00e9e de lecture estim\u00e9e\" \/>\n\t<meta name=\"twitter:data2\" content=\"10 minutes\" \/>\n<script type=\"application\/ld+json\" class=\"yoast-schema-graph\">{\"@context\":\"https:\/\/schema.org\",\"@graph\":[{\"@type\":\"Article\",\"@id\":\"https:\/\/blog.holyart.it\/fr\/articles-religieux\/le-rocher-dans-la-creche-napolitaine-histoire-et-tradition-2\/#article\",\"isPartOf\":{\"@id\":\"https:\/\/blog.holyart.it\/fr\/articles-religieux\/le-rocher-dans-la-creche-napolitaine-histoire-et-tradition-2\/\"},\"author\":{\"name\":\"Redazione\",\"@id\":\"https:\/\/blog.holyart.it\/fr\/#\/schema\/person\/0a7b686e5af0f856ec1e390dd0baecda\"},\"headline\":\"Le rocher dans la cr\u00e8che napolitaine : histoire et tradition\",\"datePublished\":\"2025-11-05T09:00:41+00:00\",\"dateModified\":\"2025-11-06T16:35:22+00:00\",\"mainEntityOfPage\":{\"@id\":\"https:\/\/blog.holyart.it\/fr\/articles-religieux\/le-rocher-dans-la-creche-napolitaine-histoire-et-tradition-2\/\"},\"wordCount\":1949,\"publisher\":{\"@id\":\"https:\/\/blog.holyart.it\/fr\/#organization\"},\"image\":{\"@id\":\"https:\/\/blog.holyart.it\/fr\/articles-religieux\/le-rocher-dans-la-creche-napolitaine-histoire-et-tradition-2\/#primaryimage\"},\"thumbnailUrl\":\"https:\/\/blog.holyart.it\/fr\/wp-content\/uploads\/sites\/14\/2025\/11\/creche-napolitaine-sur-rocher.jpg\",\"articleSection\":[\"Religion\"],\"inLanguage\":\"fr-FR\"},{\"@type\":\"WebPage\",\"@id\":\"https:\/\/blog.holyart.it\/fr\/articles-religieux\/le-rocher-dans-la-creche-napolitaine-histoire-et-tradition-2\/\",\"url\":\"https:\/\/blog.holyart.it\/fr\/articles-religieux\/le-rocher-dans-la-creche-napolitaine-histoire-et-tradition-2\/\",\"name\":\"Le rocher dans la cr\u00e8che napolitaine : histoire et tradition - Holyart.fr Blog\",\"isPartOf\":{\"@id\":\"https:\/\/blog.holyart.it\/fr\/#website\"},\"primaryImageOfPage\":{\"@id\":\"https:\/\/blog.holyart.it\/fr\/articles-religieux\/le-rocher-dans-la-creche-napolitaine-histoire-et-tradition-2\/#primaryimage\"},\"image\":{\"@id\":\"https:\/\/blog.holyart.it\/fr\/articles-religieux\/le-rocher-dans-la-creche-napolitaine-histoire-et-tradition-2\/#primaryimage\"},\"thumbnailUrl\":\"https:\/\/blog.holyart.it\/fr\/wp-content\/uploads\/sites\/14\/2025\/11\/creche-napolitaine-sur-rocher.jpg\",\"datePublished\":\"2025-11-05T09:00:41+00:00\",\"dateModified\":\"2025-11-06T16:35:22+00:00\",\"description\":\"Dans la cr\u00e8che napolitaine, le rocher est la structure sur laquelle sont plac\u00e9es les sc\u00e8nes de la Nativit\u00e9 et de la vie quotidienne ...\",\"breadcrumb\":{\"@id\":\"https:\/\/blog.holyart.it\/fr\/articles-religieux\/le-rocher-dans-la-creche-napolitaine-histoire-et-tradition-2\/#breadcrumb\"},\"inLanguage\":\"fr-FR\",\"potentialAction\":[{\"@type\":\"ReadAction\",\"target\":[\"https:\/\/blog.holyart.it\/fr\/articles-religieux\/le-rocher-dans-la-creche-napolitaine-histoire-et-tradition-2\/\"]}]},{\"@type\":\"ImageObject\",\"inLanguage\":\"fr-FR\",\"@id\":\"https:\/\/blog.holyart.it\/fr\/articles-religieux\/le-rocher-dans-la-creche-napolitaine-histoire-et-tradition-2\/#primaryimage\",\"url\":\"https:\/\/blog.holyart.it\/fr\/wp-content\/uploads\/sites\/14\/2025\/11\/creche-napolitaine-sur-rocher.jpg\",\"contentUrl\":\"https:\/\/blog.holyart.it\/fr\/wp-content\/uploads\/sites\/14\/2025\/11\/creche-napolitaine-sur-rocher.jpg\",\"width\":1000,\"height\":666,\"caption\":\"cr\u00e8che napolitaine sur rocher\"},{\"@type\":\"BreadcrumbList\",\"@id\":\"https:\/\/blog.holyart.it\/fr\/articles-religieux\/le-rocher-dans-la-creche-napolitaine-histoire-et-tradition-2\/#breadcrumb\",\"itemListElement\":[{\"@type\":\"ListItem\",\"position\":1,\"name\":\"Homepage\",\"item\":\"https:\/\/blog.holyart.it\/fr\/\"},{\"@type\":\"ListItem\",\"position\":2,\"name\":\"Religion\",\"item\":\"https:\/\/blog.holyart.it\/fr\/articles-religieux\/\"},{\"@type\":\"ListItem\",\"position\":3,\"name\":\"Le rocher dans la cr\u00e8che napolitaine : histoire et tradition\"}]},{\"@type\":\"WebSite\",\"@id\":\"https:\/\/blog.holyart.it\/fr\/#website\",\"url\":\"https:\/\/blog.holyart.it\/fr\/\",\"name\":\"Holyart.fr Blog\",\"description\":\"Holyblog\",\"publisher\":{\"@id\":\"https:\/\/blog.holyart.it\/fr\/#organization\"},\"potentialAction\":[{\"@type\":\"SearchAction\",\"target\":{\"@type\":\"EntryPoint\",\"urlTemplate\":\"https:\/\/blog.holyart.it\/fr\/?s={search_term_string}\"},\"query-input\":{\"@type\":\"PropertyValueSpecification\",\"valueRequired\":true,\"valueName\":\"search_term_string\"}}],\"inLanguage\":\"fr-FR\"},{\"@type\":\"Organization\",\"@id\":\"https:\/\/blog.holyart.it\/fr\/#organization\",\"name\":\"Holyart.fr Blog\",\"url\":\"https:\/\/blog.holyart.it\/fr\/\",\"logo\":{\"@type\":\"ImageObject\",\"inLanguage\":\"fr-FR\",\"@id\":\"https:\/\/blog.holyart.it\/fr\/#\/schema\/logo\/image\/\",\"url\":\"https:\/\/blog.holyart.it\/fr\/wp-content\/uploads\/sites\/14\/2022\/12\/Holyart_Blog_Logo.jpg\",\"contentUrl\":\"https:\/\/blog.holyart.it\/fr\/wp-content\/uploads\/sites\/14\/2022\/12\/Holyart_Blog_Logo.jpg\",\"width\":300,\"height\":50,\"caption\":\"Holyart.fr Blog\"},\"image\":{\"@id\":\"https:\/\/blog.holyart.it\/fr\/#\/schema\/logo\/image\/\"}},{\"@type\":\"Person\",\"@id\":\"https:\/\/blog.holyart.it\/fr\/#\/schema\/person\/0a7b686e5af0f856ec1e390dd0baecda\",\"name\":\"Redazione\",\"image\":{\"@type\":\"ImageObject\",\"inLanguage\":\"fr-FR\",\"@id\":\"https:\/\/blog.holyart.it\/fr\/#\/schema\/person\/image\/\",\"url\":\"https:\/\/secure.gravatar.com\/avatar\/f477da817f43e50d0af36abecd33e3edf826c68299714bdc1057dff3b113f516?s=96&d=mm&r=g\",\"contentUrl\":\"https:\/\/secure.gravatar.com\/avatar\/f477da817f43e50d0af36abecd33e3edf826c68299714bdc1057dff3b113f516?s=96&d=mm&r=g\",\"caption\":\"Redazione\"},\"url\":\"https:\/\/blog.holyart.it\/fr\/author\/admin\/\"}]}<\/script>\n<!-- \/ Yoast SEO plugin. -->","yoast_head_json":{"title":"Le rocher dans la cr\u00e8che napolitaine : histoire et tradition - Holyart.fr Blog","description":"Dans la cr\u00e8che napolitaine, le rocher est la structure sur laquelle sont plac\u00e9es les sc\u00e8nes de la Nativit\u00e9 et de la vie quotidienne ...","robots":{"index":"index","follow":"follow","max-snippet":"max-snippet:-1","max-image-preview":"max-image-preview:large","max-video-preview":"max-video-preview:-1"},"canonical":"https:\/\/blog.holyart.it\/fr\/articles-religieux\/le-rocher-dans-la-creche-napolitaine-histoire-et-tradition-2\/","og_locale":"fr_FR","og_type":"article","og_title":"Le rocher dans la cr\u00e8che napolitaine : histoire et tradition - Holyart.fr Blog","og_description":"Dans la cr\u00e8che napolitaine, le rocher est la structure sur laquelle sont plac\u00e9es les sc\u00e8nes de la Nativit\u00e9 et de la vie quotidienne ...","og_url":"https:\/\/blog.holyart.it\/fr\/articles-religieux\/le-rocher-dans-la-creche-napolitaine-histoire-et-tradition-2\/","og_site_name":"Holyart.fr Blog","article_published_time":"2025-11-05T09:00:41+00:00","article_modified_time":"2025-11-06T16:35:22+00:00","og_image":[{"width":1000,"height":666,"url":"https:\/\/blog.holyart.it\/fr\/wp-content\/uploads\/sites\/14\/2025\/11\/creche-napolitaine-sur-rocher.jpg","type":"image\/jpeg"}],"author":"Redazione","twitter_card":"summary_large_image","twitter_misc":{"\u00c9crit par":"Redazione","Dur\u00e9e de lecture estim\u00e9e":"10 minutes"},"schema":{"@context":"https:\/\/schema.org","@graph":[{"@type":"Article","@id":"https:\/\/blog.holyart.it\/fr\/articles-religieux\/le-rocher-dans-la-creche-napolitaine-histoire-et-tradition-2\/#article","isPartOf":{"@id":"https:\/\/blog.holyart.it\/fr\/articles-religieux\/le-rocher-dans-la-creche-napolitaine-histoire-et-tradition-2\/"},"author":{"name":"Redazione","@id":"https:\/\/blog.holyart.it\/fr\/#\/schema\/person\/0a7b686e5af0f856ec1e390dd0baecda"},"headline":"Le rocher dans la cr\u00e8che napolitaine : histoire et tradition","datePublished":"2025-11-05T09:00:41+00:00","dateModified":"2025-11-06T16:35:22+00:00","mainEntityOfPage":{"@id":"https:\/\/blog.holyart.it\/fr\/articles-religieux\/le-rocher-dans-la-creche-napolitaine-histoire-et-tradition-2\/"},"wordCount":1949,"publisher":{"@id":"https:\/\/blog.holyart.it\/fr\/#organization"},"image":{"@id":"https:\/\/blog.holyart.it\/fr\/articles-religieux\/le-rocher-dans-la-creche-napolitaine-histoire-et-tradition-2\/#primaryimage"},"thumbnailUrl":"https:\/\/blog.holyart.it\/fr\/wp-content\/uploads\/sites\/14\/2025\/11\/creche-napolitaine-sur-rocher.jpg","articleSection":["Religion"],"inLanguage":"fr-FR"},{"@type":"WebPage","@id":"https:\/\/blog.holyart.it\/fr\/articles-religieux\/le-rocher-dans-la-creche-napolitaine-histoire-et-tradition-2\/","url":"https:\/\/blog.holyart.it\/fr\/articles-religieux\/le-rocher-dans-la-creche-napolitaine-histoire-et-tradition-2\/","name":"Le rocher dans la cr\u00e8che napolitaine : histoire et tradition - Holyart.fr Blog","isPartOf":{"@id":"https:\/\/blog.holyart.it\/fr\/#website"},"primaryImageOfPage":{"@id":"https:\/\/blog.holyart.it\/fr\/articles-religieux\/le-rocher-dans-la-creche-napolitaine-histoire-et-tradition-2\/#primaryimage"},"image":{"@id":"https:\/\/blog.holyart.it\/fr\/articles-religieux\/le-rocher-dans-la-creche-napolitaine-histoire-et-tradition-2\/#primaryimage"},"thumbnailUrl":"https:\/\/blog.holyart.it\/fr\/wp-content\/uploads\/sites\/14\/2025\/11\/creche-napolitaine-sur-rocher.jpg","datePublished":"2025-11-05T09:00:41+00:00","dateModified":"2025-11-06T16:35:22+00:00","description":"Dans la cr\u00e8che napolitaine, le rocher est la structure sur laquelle sont plac\u00e9es les sc\u00e8nes de la Nativit\u00e9 et de la vie quotidienne ...","breadcrumb":{"@id":"https:\/\/blog.holyart.it\/fr\/articles-religieux\/le-rocher-dans-la-creche-napolitaine-histoire-et-tradition-2\/#breadcrumb"},"inLanguage":"fr-FR","potentialAction":[{"@type":"ReadAction","target":["https:\/\/blog.holyart.it\/fr\/articles-religieux\/le-rocher-dans-la-creche-napolitaine-histoire-et-tradition-2\/"]}]},{"@type":"ImageObject","inLanguage":"fr-FR","@id":"https:\/\/blog.holyart.it\/fr\/articles-religieux\/le-rocher-dans-la-creche-napolitaine-histoire-et-tradition-2\/#primaryimage","url":"https:\/\/blog.holyart.it\/fr\/wp-content\/uploads\/sites\/14\/2025\/11\/creche-napolitaine-sur-rocher.jpg","contentUrl":"https:\/\/blog.holyart.it\/fr\/wp-content\/uploads\/sites\/14\/2025\/11\/creche-napolitaine-sur-rocher.jpg","width":1000,"height":666,"caption":"cr\u00e8che napolitaine sur rocher"},{"@type":"BreadcrumbList","@id":"https:\/\/blog.holyart.it\/fr\/articles-religieux\/le-rocher-dans-la-creche-napolitaine-histoire-et-tradition-2\/#breadcrumb","itemListElement":[{"@type":"ListItem","position":1,"name":"Homepage","item":"https:\/\/blog.holyart.it\/fr\/"},{"@type":"ListItem","position":2,"name":"Religion","item":"https:\/\/blog.holyart.it\/fr\/articles-religieux\/"},{"@type":"ListItem","position":3,"name":"Le rocher dans la cr\u00e8che napolitaine : histoire et tradition"}]},{"@type":"WebSite","@id":"https:\/\/blog.holyart.it\/fr\/#website","url":"https:\/\/blog.holyart.it\/fr\/","name":"Holyart.fr Blog","description":"Holyblog","publisher":{"@id":"https:\/\/blog.holyart.it\/fr\/#organization"},"potentialAction":[{"@type":"SearchAction","target":{"@type":"EntryPoint","urlTemplate":"https:\/\/blog.holyart.it\/fr\/?s={search_term_string}"},"query-input":{"@type":"PropertyValueSpecification","valueRequired":true,"valueName":"search_term_string"}}],"inLanguage":"fr-FR"},{"@type":"Organization","@id":"https:\/\/blog.holyart.it\/fr\/#organization","name":"Holyart.fr Blog","url":"https:\/\/blog.holyart.it\/fr\/","logo":{"@type":"ImageObject","inLanguage":"fr-FR","@id":"https:\/\/blog.holyart.it\/fr\/#\/schema\/logo\/image\/","url":"https:\/\/blog.holyart.it\/fr\/wp-content\/uploads\/sites\/14\/2022\/12\/Holyart_Blog_Logo.jpg","contentUrl":"https:\/\/blog.holyart.it\/fr\/wp-content\/uploads\/sites\/14\/2022\/12\/Holyart_Blog_Logo.jpg","width":300,"height":50,"caption":"Holyart.fr Blog"},"image":{"@id":"https:\/\/blog.holyart.it\/fr\/#\/schema\/logo\/image\/"}},{"@type":"Person","@id":"https:\/\/blog.holyart.it\/fr\/#\/schema\/person\/0a7b686e5af0f856ec1e390dd0baecda","name":"Redazione","image":{"@type":"ImageObject","inLanguage":"fr-FR","@id":"https:\/\/blog.holyart.it\/fr\/#\/schema\/person\/image\/","url":"https:\/\/secure.gravatar.com\/avatar\/f477da817f43e50d0af36abecd33e3edf826c68299714bdc1057dff3b113f516?s=96&d=mm&r=g","contentUrl":"https:\/\/secure.gravatar.com\/avatar\/f477da817f43e50d0af36abecd33e3edf826c68299714bdc1057dff3b113f516?s=96&d=mm&r=g","caption":"Redazione"},"url":"https:\/\/blog.holyart.it\/fr\/author\/admin\/"}]}},"_links":{"self":[{"href":"https:\/\/blog.holyart.it\/fr\/wp-json\/wp\/v2\/posts\/11447","targetHints":{"allow":["GET"]}}],"collection":[{"href":"https:\/\/blog.holyart.it\/fr\/wp-json\/wp\/v2\/posts"}],"about":[{"href":"https:\/\/blog.holyart.it\/fr\/wp-json\/wp\/v2\/types\/post"}],"author":[{"embeddable":true,"href":"https:\/\/blog.holyart.it\/fr\/wp-json\/wp\/v2\/users\/1"}],"replies":[{"embeddable":true,"href":"https:\/\/blog.holyart.it\/fr\/wp-json\/wp\/v2\/comments?post=11447"}],"version-history":[{"count":9,"href":"https:\/\/blog.holyart.it\/fr\/wp-json\/wp\/v2\/posts\/11447\/revisions"}],"predecessor-version":[{"id":11468,"href":"https:\/\/blog.holyart.it\/fr\/wp-json\/wp\/v2\/posts\/11447\/revisions\/11468"}],"wp:featuredmedia":[{"embeddable":true,"href":"https:\/\/blog.holyart.it\/fr\/wp-json\/wp\/v2\/media\/11449"}],"wp:attachment":[{"href":"https:\/\/blog.holyart.it\/fr\/wp-json\/wp\/v2\/media?parent=11447"}],"wp:term":[{"taxonomy":"category","embeddable":true,"href":"https:\/\/blog.holyart.it\/fr\/wp-json\/wp\/v2\/categories?post=11447"},{"taxonomy":"post_tag","embeddable":true,"href":"https:\/\/blog.holyart.it\/fr\/wp-json\/wp\/v2\/tags?post=11447"}],"curies":[{"name":"wp","href":"https:\/\/api.w.org\/{rel}","templated":true}]}}