{"id":11426,"date":"2025-11-03T10:00:11","date_gmt":"2025-11-03T09:00:11","guid":{"rendered":"https:\/\/blog.holyart.it\/fr\/?p=11426"},"modified":"2026-04-17T12:27:23","modified_gmt":"2026-04-17T10:27:23","slug":"ou-vont-les-enfants-non-baptises","status":"publish","type":"post","link":"https:\/\/blog.holyart.it\/fr\/articles-religieux\/ou-vont-les-enfants-non-baptises\/","title":{"rendered":"O\u00f9 vont les enfants non baptis\u00e9s?"},"content":{"rendered":"<h4><em>L\u2019\u00e9glise n\u2019a pas une position th\u00e9ologique pr\u00e9cise concernant ce qui arrive aux enfants non baptis\u00e9s, mais la doctrine nous pousse \u00e0 avoir confiance en l\u2019infinie mis\u00e9ricorde de Dieu et en sa promesse de salut et de r\u00e9demption pour tous<\/em><\/h4>\n\n<p>Qu\u2019arrive-t-il aux enfants non baptis\u00e9s ? Aujourd\u2019hui plus que jamais cette question, en soi d\u00e9j\u00e0 cruelle, car elle sous-entend la mort d\u2019une petite cr\u00e9ature, est bien d\u2019actualit\u00e9. Si autrefois il \u00e9tait presque donn\u00e9 par acquis qu\u2019un couple de parents fasse <a href=\"https:\/\/www.holyart.fr\/blog\/occasions-speciales\/le-bapteme-le-sens-les-symboles-et-comment-lorganiser\/\"><strong><u>baptiser son fils peu apr\u00e8s sa naissance<\/u><\/strong><\/a>, aujourd\u2019hui cela n\u2019est plus si \u00e9vident. La morale humaine a chang\u00e9, le monde moderne semble construit expr\u00e8s pour alimenter doutes et incertitudes, ou simplement une volont\u00e9 exacerb\u00e9e d\u2019affirmation personnelle, qui concerne \u00e9galement la sph\u00e8re religieuse. Ainsi, de nombreux jeunes couples pr\u00e9f\u00e8rent attendre, laisser que l\u2019enfant, en grandissant, d\u00e9cide si adh\u00e9rer ou pas \u00e0 l\u2019\u00c9glise. Un choix de libert\u00e9, sans doute, mais qui prive le petit de la possibilit\u00e9 d\u2019\u00eatre sauv\u00e9, si, de mani\u00e8re tragique, son existence venait \u00e0 \u00eatre interrompue pr\u00e9matur\u00e9ment.<br \/>\nIl y a ensuite ces enfants qui meurent \u00e0 peine n\u00e9s, sans qu\u2019il y ait le temps mat\u00e9riel pour leur donner le Bapt\u00eame.<\/p>\n<div class=\"link-article\">\n<p><img loading=\"lazy\" decoding=\"async\" class=\"alignleft wp-image-11430 size-full\" src=\"https:\/\/blog.holyart.it\/fr\/wp-content\/uploads\/sites\/14\/2025\/10\/Le-Bapteme.jpg\" alt=\"Le Bapt\u00eame\" width=\"150\" height=\"99\" data-kale-share-title=\"O\u00f9 vont les enfants non baptis\u00e9s?\" data-kale-share-url=\"https:\/\/blog.holyart.it\/fr\/?p=11426\" \/><\/p>\n<div class=\"leggi-anche\">Lire aussi :<\/div>\n<p><strong><a href=\"https:\/\/www.holyart.fr\/blog\/occasions-speciales\/le-bapteme-le-sens-les-symboles-et-comment-lorganiser\/\">Le Bapt\u00eame : le sens, les symboles et comment l\u2019organiser<\/a><\/strong><br \/>\nLe bapt\u00eame est le premier des Sacrements, celui qui sanctionne la vraie naissance d\u2019un chr\u00e9tien&#8230;<\/p>\n<\/div>\n<p>La mort d\u2019un enfant est toujours consid\u00e9r\u00e9e comme une trag\u00e9die, quelque chose contre nature, d\u00e9j\u00e0 depuis l\u2019antiquit\u00e9. Encore plus terrible, pour les parents, d\u2019imaginer que leur cr\u00e9ature ne m\u00e9ritait pas le Paradis, avec la contemplation de Dieu, uniquement parce qu\u2019elle est morte sans avoir \u00e9t\u00e9 baptis\u00e9e. Un ch\u00e2timent \u00e9pouvantable pour un innocent sans faute\u00a0! Au Moyen-\u00c2ge, on chercha \u00e0 att\u00e9nuer cette douleur en faisant recours aux <strong>limbes<\/strong> (<em>limbus infantium<\/em>), un \u00e9tat interm\u00e9diaire de l\u2019existence, o\u00f9 les \u00e2mes des enfants non baptis\u00e9s allaient apr\u00e8s la mort. Les limbes \u00e9taient donc entendus comme un \u00e9tat interm\u00e9diaire de bonheur naturel, o\u00f9 les \u00e2mes exp\u00e9rimentaient une condition de bien-\u00eatre, mais <strong>sans la pleine communion avec Dieu<\/strong>. Cette id\u00e9e essayait de concilier le jugement de Dieu concernant le <a href=\"https:\/\/www.holyart.fr\/blog\/articles-religieux\/lhistoire-dadam-et-deve\/\"><strong><u>P\u00e9ch\u00e9 Originel<\/u><\/strong><\/a>, avec sa mis\u00e9ricorde, en offrant une solution au dilemme th\u00e9ologique concernant les enfants non baptis\u00e9s.<br \/>\nL\u2019\u00c9glise n\u2019a jamais reconnu les limbes comme doctrine officielle, mais, pendant des si\u00e8cles, ils ont \u00e9t\u00e9 le seul espoir et le seul r\u00e9confort pour ceux qui se voyaient un fils arrach\u00e9 avant m\u00eame d\u2019avoir pu le baptiser. En effet, bien que les \u00e2mes des Limbes ne puissent pas monter vers Dieu, elles vivent toutefois dans un \u00e9tat de perp\u00e9tuel bonheur, car, ainsi comme elles n\u2019ont pas \u00e9t\u00e9 baptis\u00e9es, elles <strong>n\u2019ont pas pu p\u00e9cher <\/strong>non plus.<br \/>\nUne d\u00e9finition pr\u00e9cise de ce qui arrive aux enfants non baptis\u00e9s n\u2019existe pas encore dans le Cat\u00e9chisme de l\u2019\u00c9glise Catholique jusqu\u2019en 1922.<\/p>\n<div class=\"link-article\">\n<p><img loading=\"lazy\" decoding=\"async\" class=\"size-full wp-image-11432 alignleft\" src=\"https:\/\/blog.holyart.it\/fr\/wp-content\/uploads\/sites\/14\/2025\/10\/Lhistoire-dAdam-et-deve.jpg\" alt=\"L\u2019histoire-d\u2019Adam-et-d\u2019\u00c8ve\" width=\"150\" height=\"99\" data-kale-share-title=\"O\u00f9 vont les enfants non baptis\u00e9s?\" data-kale-share-url=\"https:\/\/blog.holyart.it\/fr\/?p=11426\" \/><\/p>\n<div class=\"leggi-anche\">Lire aussi :<\/div>\n<p><strong><a href=\"https:\/\/www.holyart.fr\/blog\/articles-religieux\/lhistoire-dadam-et-deve\/\">L\u2019histoire d\u2019Adam et d\u2019\u00c8ve<\/a><\/strong><br \/>\nQui ne connait pas l\u2019histoire d\u2019Adam et d\u2019\u00c8ve, le premier homme et la premi\u00e8re femme?&#8230;<\/p>\n<\/div>\n<p>Il est important de souligner que le concept de limbes n\u2019a jamais \u00e9t\u00e9 d\u00e9fini comme dogme officiel par l\u2019\u00c9glise Catholique et a \u00e9t\u00e9 graduellement mis de c\u00f4t\u00e9 au cours des si\u00e8cles. Aujourd\u2019hui, l\u2019\u00c9glise confie les enfants morts sans bapt\u00eame \u00e0 la <strong>mis\u00e9ricorde de Dieu<\/strong>, en exprimant l\u2019esp\u00e9rance qu\u2019il existe pour eux une vie de salut. Cette perspective refl\u00e8te un majeur accent sur la mis\u00e9ricorde divine et sur la volont\u00e9 salvatrice universelle de Dieu.<\/p>\n<p>En 2007, la <strong>Commission Th\u00e9ologique Internationale<\/strong> a \u00e9labor\u00e9 un document intitul\u00e9 <strong><em>L\u2019esp\u00e9rance du salut pour les enfants qui meurent sans Bapt\u00eame<\/em><\/strong>. En ce document, on affirme qu\u2019il existe un espoir raisonnable que ces enfants soient accueillis dans la mis\u00e9ricorde de Dieu et puissent jouir de la vie \u00e9ternelle au ciel. Ce document a \u00e9t\u00e9 ensuite publi\u00e9, sous l\u2019autorisation de <a href=\"https:\/\/www.holyart.fr\/blog\/articles-religieux\/benoit-xvi-lhistoire-du-pape-emerite\/\"><strong><u>Pape Beno\u00eet XVI<\/u><\/strong><\/a>.<\/p>\n<p>Le changement d\u2019attitude et de pratique concernant ce qui arriverait aux enfants non baptis\u00e9s refl\u00e8te une <strong>compr\u00e9hension plus profonde de la mis\u00e9ricorde divine<\/strong> et une plus grande sensibilit\u00e9 pastorale envers la douleur et la souffrance des familles. Bien que certaines pratiques traditionnelles puissent encore exister, l\u2019\u00c9glise s\u2019efforce de r\u00e9pondre avec compassion et esp\u00e9rance \u00e0 la lumi\u00e8re des actuelles compr\u00e9hensions th\u00e9ologiques.<\/p>\n<div class=\"link-article\">\n<p><img loading=\"lazy\" decoding=\"async\" class=\"size-full wp-image-11433 alignleft\" src=\"https:\/\/blog.holyart.it\/fr\/wp-content\/uploads\/sites\/14\/2025\/10\/Benoit-XVI.jpg\" alt=\"Beno\u00eet XVI\" width=\"150\" height=\"99\" data-kale-share-title=\"O\u00f9 vont les enfants non baptis\u00e9s?\" data-kale-share-url=\"https:\/\/blog.holyart.it\/fr\/?p=11426\" \/><\/p>\n<div class=\"leggi-anche\">Lire aussi :<\/div>\n<p><strong><a href=\"https:\/\/www.holyart.fr\/blog\/articles-religieux\/benoit-xvi-lhistoire-du-pape-emerite\/\">Beno\u00eet XVI: l\u2019histoire du pape \u00e9m\u00e9rite<\/a><\/strong><br \/>\nPape Beno\u00eet XVI, le Pape th\u00e9ologien, premier pontife de l\u2019\u00e9poque digitale et Pape \u00e9m\u00e9rite par choix&#8230;<\/p>\n<\/div>\n<h2>Qu\u2019arrive-t-il aux enfants non baptis\u00e9s?<\/h2>\n<p>Un adulte, dot\u00e9 de raison et de libert\u00e9 de choix, peut d\u00e9cider dans quelle direction tourner ses pas et est responsable de son propre destin. Un enfant ne peut pas d\u00e9cider pour soi. Mais comme pouvons-nous croire que Dieu, bon et mis\u00e9ricordieux, refuse \u00e0 des cr\u00e9atures innocentes le salut et la vie \u00e9ternelle\u00a0? Malheureusement, il est impossible d\u2019ignorer le <strong>p\u00e9ch\u00e9 originel<\/strong>, le fait qu\u2019il comporte un \u00e9tat de <strong>s\u00e9paration de Christ<\/strong>, pour lequel le Bapt\u00eame est la seule solution.<\/p>\n<p>\u00c0 ce point, l\u2019\u00c9glise se trouve face \u00e0 un dilemme th\u00e9ologique\u00a0: croire que Dieu est bon et mis\u00e9ricordieux et ne permettrait donc jamais \u00e0 des enfants d\u2019\u00eatre exclus du salut ou croire que, pour qui meurt dans le P\u00e9ch\u00e9 Originel, il n\u2019y a pas d\u2019espoir de r\u00e9demption\u00a0?<\/p>\n<p>L\u2019\u00c9glise contemple par exemple la f\u00eate des <strong>Saints Innocents<\/strong>, une r\u00e9currence religieuse chr\u00e9tienne qui se c\u00e9l\u00e8bre le 28 d\u00e9cembre pour comm\u00e9morer <a href=\"https:\/\/www.holyart.fr\/blog\/articles-religieux\/lhistoire-de-jesus-les-evenements-les-plus-importants-de-sa-vie\/\"><strong><u>les enfants m\u00e2les de Bethl\u00e9em qui furent tu\u00e9s par ordre d\u2019H\u00e9rode<\/u><\/strong><\/a>, selon le r\u00e9cit de l\u2019\u00c9vangile de Matthieu (Matthieu 2\u00a0:16-18). Ces enfants, connus \u00e9galement comme les Saints Innocents, furent consid\u00e9r\u00e9s les premiers martyrs chr\u00e9tiens, puisqu\u2019ils moururent \u00e0 la place de J\u00e9sus, qui H\u00e9rode cherchait \u00e0 \u00e9liminer en craignant qu\u2019il puisse menacer son r\u00e8gne. La r\u00e9currence souligne l\u2019importance de la protection de l\u2019enfance et l\u2019injustice de ceux qui souffrent \u00e0 cause de la violence et de l\u2019oppression. Et bien, les petits Saints Innocents sont v\u00e9n\u00e9r\u00e9s comme martyrs, malgr\u00e9 le fait qu\u2019ils n\u2019aient pas \u00e9t\u00e9 baptis\u00e9s, car ils ont \u00e9t\u00e9 sacrifi\u00e9s au nom de Christ.<\/p>\n<div class=\"link-article\">\n<p><img loading=\"lazy\" decoding=\"async\" class=\"size-full wp-image-11436 alignleft\" src=\"https:\/\/blog.holyart.it\/fr\/wp-content\/uploads\/sites\/14\/2025\/10\/Lhistoire-de-Jesus-les-evenements-les-plus-importants-de-Sa-vie.jpg\" alt=\"L\u2019histoire de J\u00e9sus : les \u00e9v\u00e9nements les plus importants de Sa vie\" width=\"150\" height=\"99\" data-kale-share-title=\"O\u00f9 vont les enfants non baptis\u00e9s?\" data-kale-share-url=\"https:\/\/blog.holyart.it\/fr\/?p=11426\" \/><\/p>\n<div class=\"leggi-anche\">Lire aussi :<\/div>\n<p><strong><a href=\"https:\/\/www.holyart.fr\/blog\/articles-religieux\/lhistoire-de-jesus-les-evenements-les-plus-importants-de-sa-vie\/\">L\u2019histoire de J\u00e9sus : les \u00e9v\u00e9nements les plus importants de Sa vie<\/a><\/strong><br \/>\nL\u2019histoire de J\u00e9sus, entre r\u00e9cit \u00e9vang\u00e9lique, r\u00e9alit\u00e9 historique&#8230;<\/p>\n<\/div>\n<p>Comment combiner ces v\u00e9rit\u00e9s?<\/p>\n<p>Afin d\u2019essayer de d\u00e9finir o\u00f9 vont les enfants non baptis\u00e9s, \u00e0 la lumi\u00e8re de ces r\u00e9flexions, l\u2019\u00c9glise r\u00e9affirme le <strong>primat de Christ<\/strong>, mort et ressuscit\u00e9 pour le salut de tous, symbole de l\u2019amour de Dieu et de sa volont\u00e9 de racheter tous ses fils. Cela devrait valoir bien plus que le p\u00e9ch\u00e9 d\u2019Adam !<\/p>\n<h2>O\u00f9 vont les enfants morts non baptis\u00e9s?<\/h2>\n<p>En ce qui concerne les <strong>fun\u00e9railles pour les enfants morts sans Bapt\u00eame<\/strong>, le Missel Romain de 1970 a introduit une <strong>messe fun\u00e8bre sp\u00e9cifique<\/strong> pour les enfants non baptis\u00e9s non pas par volont\u00e9 des parents, mais parce que le temps pour leur donner le Bapt\u00eame a manqu\u00e9. Ce <a href=\"https:\/\/www.holyart.fr\/articles-religieux\/articles-funeraires\"><strong>rite fun\u00e9raire<\/strong><\/a> aussi est centr\u00e9 sur l\u2019id\u00e9e que la mis\u00e9ricorde de Dieu, sa firme volont\u00e9 de sauver tout le monde et la tendresse r\u00e9serv\u00e9e par J\u00e9sus aux petits et aux innocents repr\u00e9sentent d\u00e9j\u00e0 une garantie de salut. Il est donc impossible de penser que les enfants vont au Purgatoire, voire, pire, en Enfer!<\/p>\n<div class=\"link-product\">\n<div class=\"blocco-immagine\"><img loading=\"lazy\" decoding=\"async\" class=\"size-full wp-image-11437 alignleft\" src=\"https:\/\/blog.holyart.it\/fr\/wp-content\/uploads\/sites\/14\/2025\/10\/lampe-votive-rouge-cire-blanche.jpg\" alt=\"Articles fun\u00e9raires\" width=\"100\" height=\"100\" data-kale-share-title=\"O\u00f9 vont les enfants non baptis\u00e9s?\" data-kale-share-url=\"https:\/\/blog.holyart.it\/fr\/?p=11426\" \/><\/div>\n<div class=\"blocco-contenuto\">\n<div class=\"blocco-acquista\">Acheter sur Holyart:<\/div>\n<div class=\"blocco-titolo\"><a href=\"https:\/\/www.holyart.fr\/articles-religieux\/articles-funeraires\">Articles fun\u00e9raires<\/a><\/div>\n<div class=\"blocco-descrizione\">Articles fun\u00e9raires: urnes fun\u00e9raires pour concerver les cendres. Sont aussi r\u00e9alis\u00e9es \u00e0 la main par des artisans italiens&#8230;<\/div>\n<\/div>\n<\/div>\n<h2>Peut-on baptiser un enfant mort-n\u00e9?<\/h2>\n<p>Non, selon la doctrine de l\u2019\u00c9glise Catholique, un enfant mort-n\u00e9 ne peut pas \u00eatre baptis\u00e9. Il est n\u00e9cessaire qu\u2019il soit en vie pour recevoir la gr\u00e2ce sacramentelle. Les parents ou la famille peuvent toutefois prier pour l\u2019\u00e2me de l\u2019enfant et le confier aux soins aimants de Dieu, dans l\u2019espoir qu\u2019Il accueille l\u2019enfant dans sa mis\u00e9ricorde et dans son amour, comme c\u2019est dans l\u2019esp\u00e9rance de l\u2019\u00c9glise, qui fait confiance \u00e0 sa justice infinie et sa mis\u00e9ricorde.<\/p>\n<h2>Pri\u00e8re pour les enfants non baptis\u00e9s<\/h2>\n<p>Nombreuses sont les pri\u00e8res cr\u00e9\u00e9es pour les enfants non baptis\u00e9s, surtout pour apporter du r\u00e9confort aux parents et \u00e0 la famille, les aider \u00e0 trouver la paix et du soulagement dans un moment de profonde douleur, en les soutenant avec l\u2019esp\u00e9rance et la foi en la mis\u00e9ricorde de Dieu. <a href=\"https:\/\/www.holyart.fr\/articles-religieux\/chapelets-et-etuis-a-chapelet\/rosaires-de-devotion\/chapelet-de-lenfant-a-naitre\"><strong>Avec ces pri\u00e8res, on demande l\u2019accueil des \u00e2mes des enfants<\/strong><\/a> non baptis\u00e9s dans la gr\u00e2ce et dans le salut \u00e9ternel, en confiant dans le fait que Dieu puisse leur conc\u00e9der la paix, et on exprime sa confiance en l\u2019infinie mis\u00e9ricorde de Dieu et dans Sa capacit\u00e9 \u00e0 sauver m\u00eame ceux qui n\u2019ont pas re\u00e7u le Bapt\u00eame.<\/p>\n<div class=\"link-product\">\n<div class=\"blocco-immagine\"><img loading=\"lazy\" decoding=\"async\" class=\"size-full wp-image-11439 alignleft\" src=\"https:\/\/blog.holyart.it\/fr\/wp-content\/uploads\/sites\/14\/2025\/10\/chapelet-de-lenfant-a-naitre.jpg\" alt=\"Chapelet de l'enfant \u00e0 na\u00eetre\" width=\"100\" height=\"100\" data-kale-share-title=\"O\u00f9 vont les enfants non baptis\u00e9s?\" data-kale-share-url=\"https:\/\/blog.holyart.it\/fr\/?p=11426\" \/><\/div>\n<div class=\"blocco-contenuto\">\n<div class=\"blocco-acquista\">Acheter sur Holyart:<\/div>\n<div class=\"blocco-titolo\"><a href=\"https:\/\/www.holyart.fr\/articles-religieux\/chapelets-et-etuis-a-chapelet\/rosaires-de-devotion\/chapelet-de-lenfant-a-naitre\">Chapelet de l&rsquo;enfant \u00e0 na\u00eetre<\/a><\/div>\n<div class=\"blocco-descrizione\">Chapelet de l&rsquo;enfant \u00e0 na\u00eetre. Chapelet avec grains de 13&#215;10 cm en forme de larmes avec des b\u00e9b\u00e9s \u00e0 na\u00eetre \u00e0 l&rsquo;int\u00e9rieur&#8230;<\/div>\n<\/div>\n<\/div>\n<h2>Pourquoi les enfants non baptis\u00e9s ne peuvent pas entrer dans un cimeti\u00e8re?<\/h2>\n<p>Traditionnellement, l\u2019\u00c9glise Catholique a enseign\u00e9 que le Bapt\u00eame est n\u00e9cessaire pour le salut et que donc les enfants qui meurent sans avoir \u00e9t\u00e9 baptis\u00e9s <strong>ne peuvent pas entrer au Paradis<\/strong>. Cette doctrine a amen\u00e9, dans le pass\u00e9, \u00e0 une distinction entre <strong>les lieux de s\u00e9pulture des baptis\u00e9s et des non baptis\u00e9s<\/strong>. Les enfants non baptis\u00e9s sont souvent enterr\u00e9s dans des endroits diff\u00e9rents, comme dans les cimeti\u00e8res non consacr\u00e9s, voire dans des terrains non sacr\u00e9s, comme une sorte de \u00ab\u00a0limbes\u00a0\u00bb symboliques. Dans les derni\u00e8res d\u00e9cennies, l\u2019\u00c9glise a adopt\u00e9 une approche <strong>plus inclusive et compatissante<\/strong>.<br \/>\nL\u2019\u00c9glise affirme que Dieu seulement connait et juge les conditions des \u00e2mes et a soulign\u00e9 Sa mis\u00e9ricorde infinie. Cela a amen\u00e9 \u00e0 une plus grande ouverture envers les enfants non baptis\u00e9s, confi\u00e9s \u00e0 la mis\u00e9ricorde divine, plut\u00f4t qu\u2019\u00e0 un destin exclusif.<br \/>\nAujourd\u2019hui, dans de nombreux dioc\u00e8ses, il est permis d\u2019enterrer les enfants non baptis\u00e9s dans des cimeti\u00e8res consacr\u00e9s, en refl\u00e9tant le respect et l\u2019esp\u00e9rance en la mis\u00e9ricorde de Dieu. Certains endroits et communaut\u00e9s ont adopt\u00e9 des pratiques de pri\u00e8re, surtout pour r\u00e9conforter les parents et offrir un rite fun\u00e9raire appropri\u00e9 pour les enfants non baptis\u00e9s.<\/p>\n<div class=\"link-article\">\n<p><img loading=\"lazy\" decoding=\"async\" class=\"size-full wp-image-11441 alignleft\" src=\"https:\/\/blog.holyart.it\/fr\/wp-content\/uploads\/sites\/14\/2025\/10\/2-novembre-jour-de-la-commemoration-des-defunts.jpg\" alt=\"2 novembre : jour de la comm\u00e9moration des d\u00e9funts\" width=\"150\" height=\"99\" data-kale-share-title=\"O\u00f9 vont les enfants non baptis\u00e9s?\" data-kale-share-url=\"https:\/\/blog.holyart.it\/fr\/?p=11426\" \/><\/p>\n<div class=\"leggi-anche\">Lire aussi :<\/div>\n<p><strong><a href=\"https:\/\/www.holyart.fr\/blog\/articles-religieux\/2-novembre-jour-de-la-commemoration-des-defunts\/\">2 novembre : jour de la comm\u00e9moration des d\u00e9funts<\/a><\/strong><br \/>\nTables dress\u00e9es dans la nuit et p\u00e2tisseries des morts. Pri\u00e8res, chrysanth\u00e8mes et visites au cimeti\u00e8re&#8230;<\/p>\n<\/div>\n","protected":false},"excerpt":{"rendered":"<p>L\u2019\u00e9glise n\u2019a pas une position th\u00e9ologique pr\u00e9cise concernant ce qui arrive aux enfants non baptis\u00e9s, mais la doctrine nous pousse \u00e0 avoir confiance en l\u2019infinie mis\u00e9ricorde de Dieu et en sa promesse de salut et de r\u00e9demption pour tous Qu\u2019arrive-t-il aux enfants non baptis\u00e9s ?&hellip;<\/p>\n","protected":false},"author":1,"featured_media":11429,"comment_status":"closed","ping_status":"open","sticky":false,"template":"","format":"standard","meta":{"_acf_changed":false,"footnotes":""},"categories":[8],"tags":[],"class_list":["post-11426","post","type-post","status-publish","format-standard","has-post-thumbnail","hentry","category-articles-religieux"],"acf":[],"yoast_head":"<!-- This site is optimized with the Yoast SEO plugin v26.6 - https:\/\/yoast.com\/wordpress\/plugins\/seo\/ -->\n<title>O\u00f9 vont les enfants non baptis\u00e9s? - Holyart.fr Blog<\/title>\n<meta name=\"description\" content=\"L\u2019\u00e9glise ne poss\u00e8de par de v\u00e9rit\u00e9s dogmatiques concernant ce qui arrive aux enfants non baptis\u00e9s. Avant, on croyait aux limbes\" \/>\n<meta name=\"robots\" content=\"index, follow, max-snippet:-1, max-image-preview:large, max-video-preview:-1\" \/>\n<link rel=\"canonical\" href=\"https:\/\/blog.holyart.it\/fr\/articles-religieux\/ou-vont-les-enfants-non-baptises\/\" \/>\n<meta property=\"og:locale\" content=\"fr_FR\" \/>\n<meta property=\"og:type\" content=\"article\" \/>\n<meta property=\"og:title\" content=\"O\u00f9 vont les enfants non baptis\u00e9s? - Holyart.fr Blog\" \/>\n<meta property=\"og:description\" content=\"L\u2019\u00e9glise ne poss\u00e8de par de v\u00e9rit\u00e9s dogmatiques concernant ce qui arrive aux enfants non baptis\u00e9s. Avant, on croyait aux limbes\" \/>\n<meta property=\"og:url\" content=\"https:\/\/blog.holyart.it\/fr\/articles-religieux\/ou-vont-les-enfants-non-baptises\/\" \/>\n<meta property=\"og:site_name\" content=\"Holyart.fr Blog\" \/>\n<meta property=\"article:published_time\" content=\"2025-11-03T09:00:11+00:00\" \/>\n<meta property=\"article:modified_time\" content=\"2026-04-17T10:27:23+00:00\" \/>\n<meta property=\"og:image\" content=\"https:\/\/blog.holyart.it\/fr\/wp-content\/uploads\/sites\/14\/2025\/10\/Ou-vont-les-enfants-non-baptises.jpg\" \/>\n\t<meta property=\"og:image:width\" content=\"1000\" \/>\n\t<meta property=\"og:image:height\" content=\"666\" \/>\n\t<meta property=\"og:image:type\" content=\"image\/jpeg\" \/>\n<meta name=\"author\" content=\"Redazione\" \/>\n<meta name=\"twitter:card\" content=\"summary_large_image\" \/>\n<meta name=\"twitter:label1\" content=\"\u00c9crit par\" \/>\n\t<meta name=\"twitter:data1\" content=\"Redazione\" \/>\n\t<meta name=\"twitter:label2\" content=\"Dur\u00e9e de lecture estim\u00e9e\" \/>\n\t<meta name=\"twitter:data2\" content=\"10 minutes\" \/>\n<script type=\"application\/ld+json\" class=\"yoast-schema-graph\">{\"@context\":\"https:\/\/schema.org\",\"@graph\":[{\"@type\":\"Article\",\"@id\":\"https:\/\/blog.holyart.it\/fr\/articles-religieux\/ou-vont-les-enfants-non-baptises\/#article\",\"isPartOf\":{\"@id\":\"https:\/\/blog.holyart.it\/fr\/articles-religieux\/ou-vont-les-enfants-non-baptises\/\"},\"author\":{\"name\":\"Redazione\",\"@id\":\"https:\/\/blog.holyart.it\/fr\/#\/schema\/person\/0a7b686e5af0f856ec1e390dd0baecda\"},\"headline\":\"O\u00f9 vont les enfants non baptis\u00e9s?\",\"datePublished\":\"2025-11-03T09:00:11+00:00\",\"dateModified\":\"2026-04-17T10:27:23+00:00\",\"mainEntityOfPage\":{\"@id\":\"https:\/\/blog.holyart.it\/fr\/articles-religieux\/ou-vont-les-enfants-non-baptises\/\"},\"wordCount\":1893,\"publisher\":{\"@id\":\"https:\/\/blog.holyart.it\/fr\/#organization\"},\"image\":{\"@id\":\"https:\/\/blog.holyart.it\/fr\/articles-religieux\/ou-vont-les-enfants-non-baptises\/#primaryimage\"},\"thumbnailUrl\":\"https:\/\/blog.holyart.it\/fr\/wp-content\/uploads\/sites\/14\/2025\/10\/Ou-vont-les-enfants-non-baptises.jpg\",\"articleSection\":[\"Religion\"],\"inLanguage\":\"fr-FR\"},{\"@type\":\"WebPage\",\"@id\":\"https:\/\/blog.holyart.it\/fr\/articles-religieux\/ou-vont-les-enfants-non-baptises\/\",\"url\":\"https:\/\/blog.holyart.it\/fr\/articles-religieux\/ou-vont-les-enfants-non-baptises\/\",\"name\":\"O\u00f9 vont les enfants non baptis\u00e9s? - Holyart.fr Blog\",\"isPartOf\":{\"@id\":\"https:\/\/blog.holyart.it\/fr\/#website\"},\"primaryImageOfPage\":{\"@id\":\"https:\/\/blog.holyart.it\/fr\/articles-religieux\/ou-vont-les-enfants-non-baptises\/#primaryimage\"},\"image\":{\"@id\":\"https:\/\/blog.holyart.it\/fr\/articles-religieux\/ou-vont-les-enfants-non-baptises\/#primaryimage\"},\"thumbnailUrl\":\"https:\/\/blog.holyart.it\/fr\/wp-content\/uploads\/sites\/14\/2025\/10\/Ou-vont-les-enfants-non-baptises.jpg\",\"datePublished\":\"2025-11-03T09:00:11+00:00\",\"dateModified\":\"2026-04-17T10:27:23+00:00\",\"description\":\"L\u2019\u00e9glise ne poss\u00e8de par de v\u00e9rit\u00e9s dogmatiques concernant ce qui arrive aux enfants non baptis\u00e9s. Avant, on croyait aux limbes\",\"breadcrumb\":{\"@id\":\"https:\/\/blog.holyart.it\/fr\/articles-religieux\/ou-vont-les-enfants-non-baptises\/#breadcrumb\"},\"inLanguage\":\"fr-FR\",\"potentialAction\":[{\"@type\":\"ReadAction\",\"target\":[\"https:\/\/blog.holyart.it\/fr\/articles-religieux\/ou-vont-les-enfants-non-baptises\/\"]}]},{\"@type\":\"ImageObject\",\"inLanguage\":\"fr-FR\",\"@id\":\"https:\/\/blog.holyart.it\/fr\/articles-religieux\/ou-vont-les-enfants-non-baptises\/#primaryimage\",\"url\":\"https:\/\/blog.holyart.it\/fr\/wp-content\/uploads\/sites\/14\/2025\/10\/Ou-vont-les-enfants-non-baptises.jpg\",\"contentUrl\":\"https:\/\/blog.holyart.it\/fr\/wp-content\/uploads\/sites\/14\/2025\/10\/Ou-vont-les-enfants-non-baptises.jpg\",\"width\":1000,\"height\":666,\"caption\":\"O\u00f9 vont les enfants non baptis\u00e9s\"},{\"@type\":\"BreadcrumbList\",\"@id\":\"https:\/\/blog.holyart.it\/fr\/articles-religieux\/ou-vont-les-enfants-non-baptises\/#breadcrumb\",\"itemListElement\":[{\"@type\":\"ListItem\",\"position\":1,\"name\":\"Homepage\",\"item\":\"https:\/\/blog.holyart.it\/fr\/\"},{\"@type\":\"ListItem\",\"position\":2,\"name\":\"Religion\",\"item\":\"https:\/\/blog.holyart.it\/fr\/articles-religieux\/\"},{\"@type\":\"ListItem\",\"position\":3,\"name\":\"O\u00f9 vont les enfants non baptis\u00e9s?\"}]},{\"@type\":\"WebSite\",\"@id\":\"https:\/\/blog.holyart.it\/fr\/#website\",\"url\":\"https:\/\/blog.holyart.it\/fr\/\",\"name\":\"Holyart.fr Blog\",\"description\":\"Holyblog\",\"publisher\":{\"@id\":\"https:\/\/blog.holyart.it\/fr\/#organization\"},\"potentialAction\":[{\"@type\":\"SearchAction\",\"target\":{\"@type\":\"EntryPoint\",\"urlTemplate\":\"https:\/\/blog.holyart.it\/fr\/?s={search_term_string}\"},\"query-input\":{\"@type\":\"PropertyValueSpecification\",\"valueRequired\":true,\"valueName\":\"search_term_string\"}}],\"inLanguage\":\"fr-FR\"},{\"@type\":\"Organization\",\"@id\":\"https:\/\/blog.holyart.it\/fr\/#organization\",\"name\":\"Holyart.fr Blog\",\"url\":\"https:\/\/blog.holyart.it\/fr\/\",\"logo\":{\"@type\":\"ImageObject\",\"inLanguage\":\"fr-FR\",\"@id\":\"https:\/\/blog.holyart.it\/fr\/#\/schema\/logo\/image\/\",\"url\":\"https:\/\/blog.holyart.it\/fr\/wp-content\/uploads\/sites\/14\/2022\/12\/Holyart_Blog_Logo.jpg\",\"contentUrl\":\"https:\/\/blog.holyart.it\/fr\/wp-content\/uploads\/sites\/14\/2022\/12\/Holyart_Blog_Logo.jpg\",\"width\":300,\"height\":50,\"caption\":\"Holyart.fr Blog\"},\"image\":{\"@id\":\"https:\/\/blog.holyart.it\/fr\/#\/schema\/logo\/image\/\"}},{\"@type\":\"Person\",\"@id\":\"https:\/\/blog.holyart.it\/fr\/#\/schema\/person\/0a7b686e5af0f856ec1e390dd0baecda\",\"name\":\"Redazione\",\"image\":{\"@type\":\"ImageObject\",\"inLanguage\":\"fr-FR\",\"@id\":\"https:\/\/blog.holyart.it\/fr\/#\/schema\/person\/image\/\",\"url\":\"https:\/\/secure.gravatar.com\/avatar\/f477da817f43e50d0af36abecd33e3edf826c68299714bdc1057dff3b113f516?s=96&d=mm&r=g\",\"contentUrl\":\"https:\/\/secure.gravatar.com\/avatar\/f477da817f43e50d0af36abecd33e3edf826c68299714bdc1057dff3b113f516?s=96&d=mm&r=g\",\"caption\":\"Redazione\"},\"url\":\"https:\/\/blog.holyart.it\/fr\/author\/admin\/\"}]}<\/script>\n<!-- \/ Yoast SEO plugin. -->","yoast_head_json":{"title":"O\u00f9 vont les enfants non baptis\u00e9s? - Holyart.fr Blog","description":"L\u2019\u00e9glise ne poss\u00e8de par de v\u00e9rit\u00e9s dogmatiques concernant ce qui arrive aux enfants non baptis\u00e9s. Avant, on croyait aux limbes","robots":{"index":"index","follow":"follow","max-snippet":"max-snippet:-1","max-image-preview":"max-image-preview:large","max-video-preview":"max-video-preview:-1"},"canonical":"https:\/\/blog.holyart.it\/fr\/articles-religieux\/ou-vont-les-enfants-non-baptises\/","og_locale":"fr_FR","og_type":"article","og_title":"O\u00f9 vont les enfants non baptis\u00e9s? - Holyart.fr Blog","og_description":"L\u2019\u00e9glise ne poss\u00e8de par de v\u00e9rit\u00e9s dogmatiques concernant ce qui arrive aux enfants non baptis\u00e9s. Avant, on croyait aux limbes","og_url":"https:\/\/blog.holyart.it\/fr\/articles-religieux\/ou-vont-les-enfants-non-baptises\/","og_site_name":"Holyart.fr Blog","article_published_time":"2025-11-03T09:00:11+00:00","article_modified_time":"2026-04-17T10:27:23+00:00","og_image":[{"width":1000,"height":666,"url":"https:\/\/blog.holyart.it\/fr\/wp-content\/uploads\/sites\/14\/2025\/10\/Ou-vont-les-enfants-non-baptises.jpg","type":"image\/jpeg"}],"author":"Redazione","twitter_card":"summary_large_image","twitter_misc":{"\u00c9crit par":"Redazione","Dur\u00e9e de lecture estim\u00e9e":"10 minutes"},"schema":{"@context":"https:\/\/schema.org","@graph":[{"@type":"Article","@id":"https:\/\/blog.holyart.it\/fr\/articles-religieux\/ou-vont-les-enfants-non-baptises\/#article","isPartOf":{"@id":"https:\/\/blog.holyart.it\/fr\/articles-religieux\/ou-vont-les-enfants-non-baptises\/"},"author":{"name":"Redazione","@id":"https:\/\/blog.holyart.it\/fr\/#\/schema\/person\/0a7b686e5af0f856ec1e390dd0baecda"},"headline":"O\u00f9 vont les enfants non baptis\u00e9s?","datePublished":"2025-11-03T09:00:11+00:00","dateModified":"2026-04-17T10:27:23+00:00","mainEntityOfPage":{"@id":"https:\/\/blog.holyart.it\/fr\/articles-religieux\/ou-vont-les-enfants-non-baptises\/"},"wordCount":1893,"publisher":{"@id":"https:\/\/blog.holyart.it\/fr\/#organization"},"image":{"@id":"https:\/\/blog.holyart.it\/fr\/articles-religieux\/ou-vont-les-enfants-non-baptises\/#primaryimage"},"thumbnailUrl":"https:\/\/blog.holyart.it\/fr\/wp-content\/uploads\/sites\/14\/2025\/10\/Ou-vont-les-enfants-non-baptises.jpg","articleSection":["Religion"],"inLanguage":"fr-FR"},{"@type":"WebPage","@id":"https:\/\/blog.holyart.it\/fr\/articles-religieux\/ou-vont-les-enfants-non-baptises\/","url":"https:\/\/blog.holyart.it\/fr\/articles-religieux\/ou-vont-les-enfants-non-baptises\/","name":"O\u00f9 vont les enfants non baptis\u00e9s? - Holyart.fr Blog","isPartOf":{"@id":"https:\/\/blog.holyart.it\/fr\/#website"},"primaryImageOfPage":{"@id":"https:\/\/blog.holyart.it\/fr\/articles-religieux\/ou-vont-les-enfants-non-baptises\/#primaryimage"},"image":{"@id":"https:\/\/blog.holyart.it\/fr\/articles-religieux\/ou-vont-les-enfants-non-baptises\/#primaryimage"},"thumbnailUrl":"https:\/\/blog.holyart.it\/fr\/wp-content\/uploads\/sites\/14\/2025\/10\/Ou-vont-les-enfants-non-baptises.jpg","datePublished":"2025-11-03T09:00:11+00:00","dateModified":"2026-04-17T10:27:23+00:00","description":"L\u2019\u00e9glise ne poss\u00e8de par de v\u00e9rit\u00e9s dogmatiques concernant ce qui arrive aux enfants non baptis\u00e9s. Avant, on croyait aux limbes","breadcrumb":{"@id":"https:\/\/blog.holyart.it\/fr\/articles-religieux\/ou-vont-les-enfants-non-baptises\/#breadcrumb"},"inLanguage":"fr-FR","potentialAction":[{"@type":"ReadAction","target":["https:\/\/blog.holyart.it\/fr\/articles-religieux\/ou-vont-les-enfants-non-baptises\/"]}]},{"@type":"ImageObject","inLanguage":"fr-FR","@id":"https:\/\/blog.holyart.it\/fr\/articles-religieux\/ou-vont-les-enfants-non-baptises\/#primaryimage","url":"https:\/\/blog.holyart.it\/fr\/wp-content\/uploads\/sites\/14\/2025\/10\/Ou-vont-les-enfants-non-baptises.jpg","contentUrl":"https:\/\/blog.holyart.it\/fr\/wp-content\/uploads\/sites\/14\/2025\/10\/Ou-vont-les-enfants-non-baptises.jpg","width":1000,"height":666,"caption":"O\u00f9 vont les enfants non baptis\u00e9s"},{"@type":"BreadcrumbList","@id":"https:\/\/blog.holyart.it\/fr\/articles-religieux\/ou-vont-les-enfants-non-baptises\/#breadcrumb","itemListElement":[{"@type":"ListItem","position":1,"name":"Homepage","item":"https:\/\/blog.holyart.it\/fr\/"},{"@type":"ListItem","position":2,"name":"Religion","item":"https:\/\/blog.holyart.it\/fr\/articles-religieux\/"},{"@type":"ListItem","position":3,"name":"O\u00f9 vont les enfants non baptis\u00e9s?"}]},{"@type":"WebSite","@id":"https:\/\/blog.holyart.it\/fr\/#website","url":"https:\/\/blog.holyart.it\/fr\/","name":"Holyart.fr Blog","description":"Holyblog","publisher":{"@id":"https:\/\/blog.holyart.it\/fr\/#organization"},"potentialAction":[{"@type":"SearchAction","target":{"@type":"EntryPoint","urlTemplate":"https:\/\/blog.holyart.it\/fr\/?s={search_term_string}"},"query-input":{"@type":"PropertyValueSpecification","valueRequired":true,"valueName":"search_term_string"}}],"inLanguage":"fr-FR"},{"@type":"Organization","@id":"https:\/\/blog.holyart.it\/fr\/#organization","name":"Holyart.fr Blog","url":"https:\/\/blog.holyart.it\/fr\/","logo":{"@type":"ImageObject","inLanguage":"fr-FR","@id":"https:\/\/blog.holyart.it\/fr\/#\/schema\/logo\/image\/","url":"https:\/\/blog.holyart.it\/fr\/wp-content\/uploads\/sites\/14\/2022\/12\/Holyart_Blog_Logo.jpg","contentUrl":"https:\/\/blog.holyart.it\/fr\/wp-content\/uploads\/sites\/14\/2022\/12\/Holyart_Blog_Logo.jpg","width":300,"height":50,"caption":"Holyart.fr Blog"},"image":{"@id":"https:\/\/blog.holyart.it\/fr\/#\/schema\/logo\/image\/"}},{"@type":"Person","@id":"https:\/\/blog.holyart.it\/fr\/#\/schema\/person\/0a7b686e5af0f856ec1e390dd0baecda","name":"Redazione","image":{"@type":"ImageObject","inLanguage":"fr-FR","@id":"https:\/\/blog.holyart.it\/fr\/#\/schema\/person\/image\/","url":"https:\/\/secure.gravatar.com\/avatar\/f477da817f43e50d0af36abecd33e3edf826c68299714bdc1057dff3b113f516?s=96&d=mm&r=g","contentUrl":"https:\/\/secure.gravatar.com\/avatar\/f477da817f43e50d0af36abecd33e3edf826c68299714bdc1057dff3b113f516?s=96&d=mm&r=g","caption":"Redazione"},"url":"https:\/\/blog.holyart.it\/fr\/author\/admin\/"}]}},"_links":{"self":[{"href":"https:\/\/blog.holyart.it\/fr\/wp-json\/wp\/v2\/posts\/11426","targetHints":{"allow":["GET"]}}],"collection":[{"href":"https:\/\/blog.holyart.it\/fr\/wp-json\/wp\/v2\/posts"}],"about":[{"href":"https:\/\/blog.holyart.it\/fr\/wp-json\/wp\/v2\/types\/post"}],"author":[{"embeddable":true,"href":"https:\/\/blog.holyart.it\/fr\/wp-json\/wp\/v2\/users\/1"}],"replies":[{"embeddable":true,"href":"https:\/\/blog.holyart.it\/fr\/wp-json\/wp\/v2\/comments?post=11426"}],"version-history":[{"count":10,"href":"https:\/\/blog.holyart.it\/fr\/wp-json\/wp\/v2\/posts\/11426\/revisions"}],"predecessor-version":[{"id":11444,"href":"https:\/\/blog.holyart.it\/fr\/wp-json\/wp\/v2\/posts\/11426\/revisions\/11444"}],"wp:featuredmedia":[{"embeddable":true,"href":"https:\/\/blog.holyart.it\/fr\/wp-json\/wp\/v2\/media\/11429"}],"wp:attachment":[{"href":"https:\/\/blog.holyart.it\/fr\/wp-json\/wp\/v2\/media?parent=11426"}],"wp:term":[{"taxonomy":"category","embeddable":true,"href":"https:\/\/blog.holyart.it\/fr\/wp-json\/wp\/v2\/categories?post=11426"},{"taxonomy":"post_tag","embeddable":true,"href":"https:\/\/blog.holyart.it\/fr\/wp-json\/wp\/v2\/tags?post=11426"}],"curies":[{"name":"wp","href":"https:\/\/api.w.org\/{rel}","templated":true}]}}