{"id":11371,"date":"2025-10-22T10:00:43","date_gmt":"2025-10-22T08:00:43","guid":{"rendered":"https:\/\/blog.holyart.it\/fr\/?p=11371"},"modified":"2025-10-20T14:46:41","modified_gmt":"2025-10-20T12:46:41","slug":"la-fete-de-la-madonna-della-salute-de-venise","status":"publish","type":"post","link":"https:\/\/blog.holyart.it\/fr\/saints-et-bienheureux\/la-fete-de-la-madonna-della-salute-de-venise\/","title":{"rendered":"La F\u00eate de la Madonna della Salute de Venise"},"content":{"rendered":"<h4><em>Chaque ann\u00e9e, le 21 novembre, les v\u00e9nitiens se r\u00e9unissent afin d\u2019honorer la Madonna della Salute, un \u00e9v\u00e9nement qui combine d\u00e9votion religieuse, tradition et une profonde gratitude historique<\/em><\/h4>\n\n<p>Le 21 novembre, jour qui comm\u00e9more la Pr\u00e9sentation de Marie au Temple, on f\u00eate \u00e0 Venise, \u00e0 Trieste et dans d\u2019autres villes et territoires d\u2019Italie, Istrie e Dalmatie, la <strong><a href=\"https:\/\/www.holyart.fr\/blog\/articles-religieux\/fetes-mariales-voici-toutes-les-recurrences-de-lannee-dediees-a-marie\/\"><u>F\u00eate de la Madonna<\/u><\/a> della Salute<\/strong>. Cette c\u00e9l\u00e9bration, qui m\u00e9lange d\u00e9votion religieuse, tradition et culture populaire, a ses origines dans le lointain XVIIe si\u00e8cle et repr\u00e9sente un moment de remerciement et de pri\u00e8re pour le salut de la population suite \u00e0 la fin d\u2019une terrible pestilence. En 1630, quand une \u00e9pid\u00e9mie d\u00e9vastatrice de peste bubonique frappa Venise, en causant des milliers de morts, le Doge Nicol\u00f2 Contarini et le S\u00e9nat de la R\u00e9publique de Venise, en proie au d\u00e9sespoir, d\u00e9cid\u00e8rent de s\u2019adresser \u00e0 la Sainte Vierge afin de lui demander son intercession. En \u00e9change de son aide, ils promirent de construire <strong>une grande \u00e9glise votive<\/strong>, si la ville \u00e9tait lib\u00e9r\u00e9e de la peste. La pri\u00e8re fut \u00e9cout\u00e9e et en 1631 l\u2019\u00e9pid\u00e9mie cessa. Afin de tenir la promesse faite \u00e0 la Sainte Vierge, la <strong>Basilique de Santa Maria della Salute<\/strong> fut construite, con\u00e7ue par l\u2019architecte Baldassare Longhena. Son majestueux d\u00f4me est aujourd\u2019hui un des symboles de Venise les plus reconnaissables pour les visiteurs.<\/p>\n<div class=\"link-article\">\n<p><img loading=\"lazy\" decoding=\"async\" class=\"size-full wp-image-11375 alignleft\" src=\"https:\/\/blog.holyart.it\/fr\/wp-content\/uploads\/sites\/14\/2025\/10\/Fetes-Mariales.jpg\" alt=\"F\u00eates Mariales\" width=\"150\" height=\"99\" data-kale-share-title=\"La F\u00eate de la Madonna della Salute de Venise\" data-kale-share-url=\"https:\/\/blog.holyart.it\/fr\/?p=11371\" \/><\/p>\n<div class=\"leggi-anche\">Lire aussi :<\/div>\n<p><strong><a href=\"https:\/\/www.holyart.fr\/blog\/articles-religieux\/fetes-mariales-voici-toutes-les-recurrences-de-lannee-dediees-a-marie\/\">F\u00eates Mariales : voici toutes les r\u00e9currences de l\u2019ann\u00e9e d\u00e9di\u00e9es \u00e0 Marie<\/a><\/strong><br \/>\nF\u00eates Mariales, tous les visages de la d\u00e9votion \u00e0 Marie, M\u00e8re de J\u00e9sus&#8230;<\/p>\n<\/div>\n<h2>Basilique de Santa Maria della Salute<\/h2>\n<p>La <strong>Basilique de la Madonna della Salute<\/strong>, connue \u00e9galement comme <strong>Sainte-Marie-du-Salut,<\/strong> est visible depuis beaucoup des endroits les plus caract\u00e9ristiques de Venise, du Pont de l\u2019Acad\u00e9mie, du d\u00e9but du Grand Canal dans la zone Marciana. Elle se trouve dans le quartier de Dorsoduro, un des plus grands de Venise, qui inclut \u00e9galement l\u2019\u00eele de Giudecca et est le c\u0153ur de la vie \u00e9tudiante citoyenne. La basilique a \u00e9t\u00e9 construite sur la Punta della Dogana (Pointe de la Douane), \u00e9galement connue comme Punta della Salute (Pointe de la Sant\u00e9) ou Punta da M\u00e0r (Pointe de Mar), une zone de Venise caract\u00e9ris\u00e9e par une fine pointe triangulaire qui s\u00e9pare le Grand Canal du Canal de la Giudecca, donnant sur le bassin de Saint-Marc. La premi\u00e8re pierre fut plac\u00e9e le 28 novembre 1631 et l\u2019\u00e9glise fut compl\u00e9t\u00e9e en 1687.<\/p>\n<p>La structure externe est imposante. Quinze corbeaux, corniches en pierre d\u2019Istrie fa\u00e7onn\u00e9es en forme de spirale avec des cercles concentriques, soutiennent les cadres au-dessus, qui accueillent des <a href=\"https:\/\/www.holyart.fr\/search?params=%7B%22search%22%3A%22Toussaint%22%7D&amp;search_term=Toussaint\"><strong><u>statues de Saints<\/u><\/strong><\/a>. Entre l\u2019int\u00e9rieur et l\u2019ext\u00e9rieur, l\u2019\u00e9glise vante environ 150 statues repr\u00e9sentant des proph\u00e8tes, les ap\u00f4tres, des saints, les <a href=\"https:\/\/www.holyart.fr\/blog\/articles-religieux\/les-symboles-des-evangelistes-et-leur-signification\/\"><strong><u>quatre \u00e9vang\u00e9listes<\/u><\/strong><\/a>, les sybilles, les <a href=\"https:\/\/www.holyart.fr\/blog\/saints-et-bienheureux\/les-docteurs-de-leglise-qui-sont-ils-et-quelles-sont-les-conditions-pour-obtenir-ce-titre\/\"><strong><u>docteurs de l\u2019\u00c9glise <\/u><\/strong><\/a>et d\u2019autres personnages de l\u2019Ancien Testament. Monumentale, le d\u00f4me h\u00e9misph\u00e9rique, form\u00e9 de voiles octogonales couvertes de plaques en plomb, se termine par une lanterne entour\u00e9e de huit ob\u00e9lisques pointus tendus vers le ciel et surmont\u00e9e, \u00e0 son tour, par la <strong>statue de la Sainte Vierge <em>Capitana da Mar<\/em><\/strong>. Tous ces \u00e9l\u00e9ments architecturaux contribuent \u00e0 cr\u00e9er une illusion de pouss\u00e9e vers le haut. \u00c0 l\u2019int\u00e9rieur, la basilique parait tr\u00e8s ample avec sa base circulaire recouverte par le magnifique sol en mosa\u00efque de marbres polychromes. Trente-deux cercles concentriques referment le cercle central, o\u00f9 est grav\u00e9e la phrase <em>unde origo, inde salus<\/em>, \u00ab\u00a0seulement de l\u2019origine provient le salut\u00a0\u00bb, o\u00f9 par \u00ab\u00a0origine\u00a0\u00bb on entend l\u2019\u00e9glise m\u00eame, gage offert en \u00e9change du salut de la ville, mais aussi la Vierge, m\u00e8re de J\u00e9sus et, donc, origine du salut et de la vie \u00e9ternelle.<\/p>\n<div class=\"link-product\">\n<div class=\"blocco-immagine\"><img loading=\"lazy\" decoding=\"async\" class=\"size-full wp-image-11376 alignleft\" src=\"https:\/\/blog.holyart.it\/fr\/wp-content\/uploads\/sites\/14\/2025\/10\/saint-francois-dassise-avec-colombes-statue-bois.jpg\" alt=\"Toussaint\" width=\"100\" height=\"100\" data-kale-share-title=\"La F\u00eate de la Madonna della Salute de Venise\" data-kale-share-url=\"https:\/\/blog.holyart.it\/fr\/?p=11371\" \/><\/div>\n<div class=\"blocco-contenuto\">\n<div class=\"blocco-acquista\">Acheter sur Holyart:<\/div>\n<div class=\"blocco-titolo\"><a href=\"https:\/\/www.holyart.fr\/search?page=1&amp;params=%7B%22offset%22:0,%22search%22:%22Toussaint%22%7D&amp;search_term=Toussaint\">Toussaint<\/a><\/div>\n<div class=\"blocco-descrizione\">Statues de diff\u00e9rentes tailles et designs : statues en bois naturel, bois peint, porcelaine, pierre, m\u00e9tal ou autres mat\u00e9riaux&#8230;<\/div>\n<\/div>\n<\/div>\n<p>Sur le ma\u00eetre-autel, un groupe sculptural repr\u00e9sente Venise lib\u00e9r\u00e9e de la peste\u00a0: la Vierge, avec l\u2019Enfant J\u00e9sus \u00e0 bras et trois putti \u00e0 ses pieds, assiste \u00e0 la sc\u00e8ne, tandis qu\u2019un ange chasse la peste, sous forme d\u2019un vieillard maigrichon, en la mena\u00e7ant avec une torche allum\u00e9e. Une figure f\u00e9minine, qui repr\u00e9sente Venise, regarde la Sainte Vierge dans une attitude de supplication et adoration. \u00c0 admirer aussi l\u2019<a href=\"https:\/\/www.holyart.fr\/articles-religieux\/icones-religieuses\"><strong>ic\u00f4ne byzantine<\/strong><\/a> de la \u00ab\u00a0M\u00e9diatrice de Tous\u00a0\u00bb ou \u00ab\u00a0Mesopanditissa\u00a0\u00bb, ou, en utilisant d\u2019autres <a href=\"https:\/\/www.holyart.fr\/blog\/articles-religieux\/titres-mariaux-combien-et-lesquels-sont-les-noms-dedies-a-marie\/\"><strong><u>titres mariaux<\/u><\/strong><\/a>, Notre-Dame des Gr\u00e2ces, M\u00e9diatrice de la Paix. Apport\u00e9e \u00e0 Venise comme troph\u00e9e \u00e0 la fin de la guerre de Candie contre les Turcs, il s\u2019agit d\u2019une M\u00e8re de Dieu Hod\u00e9g\u00e9tria \u00ab\u00a0Celle qui montre la voie\u00a0\u00bb.<\/p>\n<div class=\"link-product\">\n<div class=\"blocco-immagine\"><img loading=\"lazy\" decoding=\"async\" class=\"size-full wp-image-11377 alignleft\" src=\"https:\/\/blog.holyart.it\/fr\/wp-content\/uploads\/sites\/14\/2025\/10\/icone-sainte-famille.jpg\" alt=\"Icone Sainte Famille\" width=\"100\" height=\"100\" data-kale-share-title=\"La F\u00eate de la Madonna della Salute de Venise\" data-kale-share-url=\"https:\/\/blog.holyart.it\/fr\/?p=11371\" \/><\/div>\n<div class=\"blocco-contenuto\">\n<div class=\"blocco-acquista\">Acheter sur Holyart:<\/div>\n<div class=\"blocco-titolo\"><a href=\"https:\/\/www.holyart.fr\/articles-religieux\/icones-religieuses\/icones-grecques\/icone-sainte-famille\">Icone Sainte Famille<\/a><\/div>\n<div class=\"blocco-descrizione\">Icone Sainte Famille imprim\u00e9e sur bois avec bord irr\u00e9gulier. Cette icone reproduise Marie, J\u00e9sus et St Joseph qui s&#8217;embrassent tendrement&#8230;<\/div>\n<\/div>\n<\/div>\n<h2>F\u00eate de la Madonna della Salute<\/h2>\n<p>Chaque ann\u00e9e, le 21 novembre, des milliers de v\u00e9nitiens et de touristes se rendent \u00e0 la Basilique Sainte-Vierge-du-Salut, qui pour l\u2019occasion reste ouverte sans interruptions, pour remercier la Sainte Vierge et demander la protection pour la sant\u00e9 personnelle et collective. \u00c0 l\u2019int\u00e9rieur de la Basilique, des c\u00e9l\u00e9brations, des messes et des rosaires ont lieu tout au long de la journ\u00e9e. Un <strong>pont flottant provisoire<\/strong> est \u00e9rig\u00e9 sur le Grand Canal afin de relier Santa Maria del Giglio \u00e0 la Basilique, en facilitant ainsi l\u2019affluence de p\u00e8lerins. Pour les v\u00e9nitiens, le 21 novembre est jour de f\u00eate patronale, non moins important que le 25 avril, jour de c\u00e9l\u00e9bration de <strong><u>Saint Marc<\/u><\/strong>, Saint Patron de Venise. Parmi les traditions de la f\u00eate du Salut, depuis le XVIIe si\u00e8cle, il y a l\u2019usage de manger la <strong>Castradina<\/strong>, un plat typique \u00e0 base de gigot de mouton sal\u00e9 et fum\u00e9, immerg\u00e9 dans une riche soupe \u00e0 base de chou, oignon et vin, qui remonte aux temps de la peste, quand les ressources alimentaires \u00e9taient limit\u00e9es.<\/p>\n<p>La f\u00eate n\u2019est pas uniquement un \u00e9v\u00e9nement religieux, mais aussi une importante manifestation de la <strong>culture populaire v\u00e9nitienne<\/strong>. \u00c0 proximit\u00e9 de la Basilique, une foire s\u2019installe, vendant sucreries, jouets et produits typiques. Moins festive que la <strong>f\u00eate du R\u00e9dempteur<\/strong>, c\u00e9l\u00e9br\u00e9e chaque ann\u00e9e le troisi\u00e8me week-end de juillet, la F\u00eate de la Madonna della Salute est plus intime, mais aussi plus <em>v\u00e9nitienne<\/em>, plus sentie par la population locale autant sur le plan d\u00e9votionnel que sur le plan populaire.<\/p>\n<h2>Pri\u00e8re \u00e0 la Madonna della Salute<\/h2>\n<p>Voici une pri\u00e8re de confiance \u00e0 Marie, Madonna della Salute, \u00e9crite par le Patriarche de Venise, Francesco Moraglia. Et pour prier la Sainte-Vierge-du-Salut, vous pouvez utiliser le <a href=\"https:\/\/www.holyart.fr\/articles-religieux\/chapelets-et-etuis-a-chapelet\/chapelets-en-metal\/chapelet-notre-dame-de-la-sante-metal-grains-8-mm-blancs-verts\"><strong>Chapelet de Notre-Dame du Salut<\/strong><\/a>, r\u00e9alis\u00e9 en Italie, en m\u00e9tal, avec grains blancs et verts. Le chapelet est pourvu d\u2019un crucifix d\u00e9licat et d\u2019une m\u00e9daille qui repr\u00e9sente la Madonna della Salute au recto et les mains en pri\u00e8re au verso. Une brochure en italien, espagnol et anglais est fournie avec le chapelet, expliquant <a href=\"https:\/\/www.holyart.fr\/blog\/articles-religieux\/reciter-chapelet-10-etapes-fondamentales\/\"><strong><u>quand et comment r\u00e9citer le Rosaire<\/u><\/strong><\/a> de Notre-Dame de la Sant\u00e9, avec l\u2019histoire et les pri\u00e8res associ\u00e9es.<\/p>\n<div class=\"link-product\">\n<div class=\"blocco-immagine\"><img loading=\"lazy\" decoding=\"async\" class=\"size-full wp-image-11379 alignleft\" src=\"https:\/\/blog.holyart.it\/fr\/wp-content\/uploads\/sites\/14\/2025\/10\/chapelet-notre-dame-de-la-sante-metal-grains-8-mm-blancs-verts.jpg\" alt=\"Chapelet Notre-Dame de la Sant\u00e9 m\u00e9tal grains 8 mm blancs verts\" width=\"100\" height=\"100\" data-kale-share-title=\"La F\u00eate de la Madonna della Salute de Venise\" data-kale-share-url=\"https:\/\/blog.holyart.it\/fr\/?p=11371\" \/><\/div>\n<div class=\"blocco-contenuto\">\n<div class=\"blocco-acquista\">Acheter sur Holyart:<\/div>\n<div class=\"blocco-titolo\"><a href=\"https:\/\/www.holyart.fr\/articles-religieux\/chapelets-et-etuis-a-chapelet\/chapelets-en-metal\/chapelet-notre-dame-de-la-sante-metal-grains-8-mm-blancs-verts\">Chapelet Notre-Dame de la Sant\u00e9 m\u00e9tal grains 8 mm blancs verts<\/a><\/div>\n<div class=\"blocco-descrizione\">Chapelet Notre-Dame du Salut m\u00e9tal grains 8 mm blancs verts. Chapelet en m\u00e9tal de 76 cm de circonf\u00e9rence avec grains de 8 mm&#8230;<\/div>\n<\/div>\n<\/div>\n<p><em>Notre-Dame du Salut,<\/em><br \/>\n<em>Vierge puissante,<\/em><br \/>\n<em>M\u00e8re aimante,<\/em><br \/>\n<em>comme Tes fils nous revenons \u00e0 Toi,<\/em><br \/>\n<em>\u00e0 Toi nous nous adressons<\/em><br \/>\n<em>pour nous en remettre \u00e0 Ta protection maternelle.<\/em><br \/>\n<em>Faisons m\u00e9moire des nombreux b\u00e9n\u00e9fices<\/em><br \/>\n<em>que jamais tu as fait manquer \u00e0 qui,<\/em><br \/>\n<em>avec foi, amour et c\u0153ur repentant,<\/em><br \/>\n<em>T\u2019a invoqu\u00e9e comme sa M\u00e8re.<\/em><br \/>\n<em>Secours-nous encore une fois,<\/em><br \/>\n<em>manifeste Ta toute-puissance suppliante<\/em><br \/>\n<em>et invoque de J\u00e9sus Ton Fils,<\/em><br \/>\n<em>notre Tr\u00e8s-Saint R\u00e9dempteur,<\/em><br \/>\n<em>la sant\u00e9, le salut et la paix<\/em><br \/>\n<em>pour tout Son peuple.<\/em><br \/>\n<em>Notre-Dame du Salut,<\/em><br \/>\n<em>nous consacrons \u00e0 Ton C\u0153ur Immacul\u00e9<\/em><br \/>\n<em>la ville de Venise et nos terres v\u00e9nitiennes.<\/em><\/p>\n","protected":false},"excerpt":{"rendered":"<p>Chaque ann\u00e9e, le 21 novembre, les v\u00e9nitiens se r\u00e9unissent afin d\u2019honorer la Madonna della Salute, un \u00e9v\u00e9nement qui combine d\u00e9votion religieuse, tradition et une profonde gratitude historique Le 21 novembre, jour qui comm\u00e9more la Pr\u00e9sentation de Marie au Temple, on f\u00eate \u00e0 Venise, \u00e0 Trieste&hellip;<\/p>\n","protected":false},"author":1,"featured_media":11373,"comment_status":"closed","ping_status":"open","sticky":false,"template":"","format":"standard","meta":{"_acf_changed":false,"footnotes":""},"categories":[7],"tags":[],"class_list":["post-11371","post","type-post","status-publish","format-standard","has-post-thumbnail","hentry","category-saints-et-bienheureux"],"acf":[],"yoast_head":"<!-- This site is optimized with the Yoast SEO plugin v26.6 - https:\/\/yoast.com\/wordpress\/plugins\/seo\/ -->\n<title>La F\u00eate de la Madonna della Salute de Venise - Holyart.fr Blog<\/title>\n<meta name=\"description\" content=\"Chaque ann\u00e9e, le 21 novembre, les v\u00e9nitiens se r\u00e9unissent afin d\u2019honorer la Madonna della Salute, un \u00e9v\u00e9nement qui combine d\u00e9votion\" \/>\n<meta name=\"robots\" content=\"index, follow, max-snippet:-1, max-image-preview:large, max-video-preview:-1\" \/>\n<link rel=\"canonical\" href=\"https:\/\/blog.holyart.it\/fr\/saints-et-bienheureux\/la-fete-de-la-madonna-della-salute-de-venise\/\" \/>\n<meta property=\"og:locale\" content=\"fr_FR\" \/>\n<meta property=\"og:type\" content=\"article\" \/>\n<meta property=\"og:title\" content=\"La F\u00eate de la Madonna della Salute de Venise - Holyart.fr Blog\" \/>\n<meta property=\"og:description\" content=\"Chaque ann\u00e9e, le 21 novembre, les v\u00e9nitiens se r\u00e9unissent afin d\u2019honorer la Madonna della Salute, un \u00e9v\u00e9nement qui combine d\u00e9votion\" \/>\n<meta property=\"og:url\" content=\"https:\/\/blog.holyart.it\/fr\/saints-et-bienheureux\/la-fete-de-la-madonna-della-salute-de-venise\/\" \/>\n<meta property=\"og:site_name\" content=\"Holyart.fr Blog\" \/>\n<meta property=\"article:published_time\" content=\"2025-10-22T08:00:43+00:00\" \/>\n<meta property=\"og:image\" content=\"https:\/\/blog.holyart.it\/fr\/wp-content\/uploads\/sites\/14\/2025\/10\/Fete-Madonna-Salute-Venise.jpg\" \/>\n\t<meta property=\"og:image:width\" content=\"1000\" \/>\n\t<meta property=\"og:image:height\" content=\"666\" \/>\n\t<meta property=\"og:image:type\" content=\"image\/jpeg\" \/>\n<meta name=\"author\" content=\"Redazione\" \/>\n<meta name=\"twitter:card\" content=\"summary_large_image\" \/>\n<meta name=\"twitter:label1\" content=\"\u00c9crit par\" \/>\n\t<meta name=\"twitter:data1\" content=\"Redazione\" \/>\n\t<meta name=\"twitter:label2\" content=\"Dur\u00e9e de lecture estim\u00e9e\" \/>\n\t<meta name=\"twitter:data2\" content=\"8 minutes\" \/>\n<script type=\"application\/ld+json\" class=\"yoast-schema-graph\">{\"@context\":\"https:\/\/schema.org\",\"@graph\":[{\"@type\":\"Article\",\"@id\":\"https:\/\/blog.holyart.it\/fr\/saints-et-bienheureux\/la-fete-de-la-madonna-della-salute-de-venise\/#article\",\"isPartOf\":{\"@id\":\"https:\/\/blog.holyart.it\/fr\/saints-et-bienheureux\/la-fete-de-la-madonna-della-salute-de-venise\/\"},\"author\":{\"name\":\"Redazione\",\"@id\":\"https:\/\/blog.holyart.it\/fr\/#\/schema\/person\/0a7b686e5af0f856ec1e390dd0baecda\"},\"headline\":\"La F\u00eate de la Madonna della Salute de Venise\",\"datePublished\":\"2025-10-22T08:00:43+00:00\",\"mainEntityOfPage\":{\"@id\":\"https:\/\/blog.holyart.it\/fr\/saints-et-bienheureux\/la-fete-de-la-madonna-della-salute-de-venise\/\"},\"wordCount\":1395,\"publisher\":{\"@id\":\"https:\/\/blog.holyart.it\/fr\/#organization\"},\"image\":{\"@id\":\"https:\/\/blog.holyart.it\/fr\/saints-et-bienheureux\/la-fete-de-la-madonna-della-salute-de-venise\/#primaryimage\"},\"thumbnailUrl\":\"https:\/\/blog.holyart.it\/fr\/wp-content\/uploads\/sites\/14\/2025\/10\/Fete-Madonna-Salute-Venise.jpg\",\"articleSection\":[\"Saints et Bienheureux\"],\"inLanguage\":\"fr-FR\"},{\"@type\":\"WebPage\",\"@id\":\"https:\/\/blog.holyart.it\/fr\/saints-et-bienheureux\/la-fete-de-la-madonna-della-salute-de-venise\/\",\"url\":\"https:\/\/blog.holyart.it\/fr\/saints-et-bienheureux\/la-fete-de-la-madonna-della-salute-de-venise\/\",\"name\":\"La F\u00eate de la Madonna della Salute de Venise - Holyart.fr Blog\",\"isPartOf\":{\"@id\":\"https:\/\/blog.holyart.it\/fr\/#website\"},\"primaryImageOfPage\":{\"@id\":\"https:\/\/blog.holyart.it\/fr\/saints-et-bienheureux\/la-fete-de-la-madonna-della-salute-de-venise\/#primaryimage\"},\"image\":{\"@id\":\"https:\/\/blog.holyart.it\/fr\/saints-et-bienheureux\/la-fete-de-la-madonna-della-salute-de-venise\/#primaryimage\"},\"thumbnailUrl\":\"https:\/\/blog.holyart.it\/fr\/wp-content\/uploads\/sites\/14\/2025\/10\/Fete-Madonna-Salute-Venise.jpg\",\"datePublished\":\"2025-10-22T08:00:43+00:00\",\"description\":\"Chaque ann\u00e9e, le 21 novembre, les v\u00e9nitiens se r\u00e9unissent afin d\u2019honorer la Madonna della Salute, un \u00e9v\u00e9nement qui combine d\u00e9votion\",\"breadcrumb\":{\"@id\":\"https:\/\/blog.holyart.it\/fr\/saints-et-bienheureux\/la-fete-de-la-madonna-della-salute-de-venise\/#breadcrumb\"},\"inLanguage\":\"fr-FR\",\"potentialAction\":[{\"@type\":\"ReadAction\",\"target\":[\"https:\/\/blog.holyart.it\/fr\/saints-et-bienheureux\/la-fete-de-la-madonna-della-salute-de-venise\/\"]}]},{\"@type\":\"ImageObject\",\"inLanguage\":\"fr-FR\",\"@id\":\"https:\/\/blog.holyart.it\/fr\/saints-et-bienheureux\/la-fete-de-la-madonna-della-salute-de-venise\/#primaryimage\",\"url\":\"https:\/\/blog.holyart.it\/fr\/wp-content\/uploads\/sites\/14\/2025\/10\/Fete-Madonna-Salute-Venise.jpg\",\"contentUrl\":\"https:\/\/blog.holyart.it\/fr\/wp-content\/uploads\/sites\/14\/2025\/10\/Fete-Madonna-Salute-Venise.jpg\",\"width\":1000,\"height\":666,\"caption\":\"F\u00eate Madonna Salute Venise\"},{\"@type\":\"BreadcrumbList\",\"@id\":\"https:\/\/blog.holyart.it\/fr\/saints-et-bienheureux\/la-fete-de-la-madonna-della-salute-de-venise\/#breadcrumb\",\"itemListElement\":[{\"@type\":\"ListItem\",\"position\":1,\"name\":\"Homepage\",\"item\":\"https:\/\/blog.holyart.it\/fr\/\"},{\"@type\":\"ListItem\",\"position\":2,\"name\":\"Saints et Bienheureux\",\"item\":\"https:\/\/blog.holyart.it\/fr\/saints-et-bienheureux\/\"},{\"@type\":\"ListItem\",\"position\":3,\"name\":\"La F\u00eate de la Madonna della Salute de Venise\"}]},{\"@type\":\"WebSite\",\"@id\":\"https:\/\/blog.holyart.it\/fr\/#website\",\"url\":\"https:\/\/blog.holyart.it\/fr\/\",\"name\":\"Holyart.fr Blog\",\"description\":\"Holyblog\",\"publisher\":{\"@id\":\"https:\/\/blog.holyart.it\/fr\/#organization\"},\"potentialAction\":[{\"@type\":\"SearchAction\",\"target\":{\"@type\":\"EntryPoint\",\"urlTemplate\":\"https:\/\/blog.holyart.it\/fr\/?s={search_term_string}\"},\"query-input\":{\"@type\":\"PropertyValueSpecification\",\"valueRequired\":true,\"valueName\":\"search_term_string\"}}],\"inLanguage\":\"fr-FR\"},{\"@type\":\"Organization\",\"@id\":\"https:\/\/blog.holyart.it\/fr\/#organization\",\"name\":\"Holyart.fr Blog\",\"url\":\"https:\/\/blog.holyart.it\/fr\/\",\"logo\":{\"@type\":\"ImageObject\",\"inLanguage\":\"fr-FR\",\"@id\":\"https:\/\/blog.holyart.it\/fr\/#\/schema\/logo\/image\/\",\"url\":\"https:\/\/blog.holyart.it\/fr\/wp-content\/uploads\/sites\/14\/2022\/12\/Holyart_Blog_Logo.jpg\",\"contentUrl\":\"https:\/\/blog.holyart.it\/fr\/wp-content\/uploads\/sites\/14\/2022\/12\/Holyart_Blog_Logo.jpg\",\"width\":300,\"height\":50,\"caption\":\"Holyart.fr Blog\"},\"image\":{\"@id\":\"https:\/\/blog.holyart.it\/fr\/#\/schema\/logo\/image\/\"}},{\"@type\":\"Person\",\"@id\":\"https:\/\/blog.holyart.it\/fr\/#\/schema\/person\/0a7b686e5af0f856ec1e390dd0baecda\",\"name\":\"Redazione\",\"image\":{\"@type\":\"ImageObject\",\"inLanguage\":\"fr-FR\",\"@id\":\"https:\/\/blog.holyart.it\/fr\/#\/schema\/person\/image\/\",\"url\":\"https:\/\/secure.gravatar.com\/avatar\/f477da817f43e50d0af36abecd33e3edf826c68299714bdc1057dff3b113f516?s=96&d=mm&r=g\",\"contentUrl\":\"https:\/\/secure.gravatar.com\/avatar\/f477da817f43e50d0af36abecd33e3edf826c68299714bdc1057dff3b113f516?s=96&d=mm&r=g\",\"caption\":\"Redazione\"},\"url\":\"https:\/\/blog.holyart.it\/fr\/author\/admin\/\"}]}<\/script>\n<!-- \/ Yoast SEO plugin. -->","yoast_head_json":{"title":"La F\u00eate de la Madonna della Salute de Venise - Holyart.fr Blog","description":"Chaque ann\u00e9e, le 21 novembre, les v\u00e9nitiens se r\u00e9unissent afin d\u2019honorer la Madonna della Salute, un \u00e9v\u00e9nement qui combine d\u00e9votion","robots":{"index":"index","follow":"follow","max-snippet":"max-snippet:-1","max-image-preview":"max-image-preview:large","max-video-preview":"max-video-preview:-1"},"canonical":"https:\/\/blog.holyart.it\/fr\/saints-et-bienheureux\/la-fete-de-la-madonna-della-salute-de-venise\/","og_locale":"fr_FR","og_type":"article","og_title":"La F\u00eate de la Madonna della Salute de Venise - Holyart.fr Blog","og_description":"Chaque ann\u00e9e, le 21 novembre, les v\u00e9nitiens se r\u00e9unissent afin d\u2019honorer la Madonna della Salute, un \u00e9v\u00e9nement qui combine d\u00e9votion","og_url":"https:\/\/blog.holyart.it\/fr\/saints-et-bienheureux\/la-fete-de-la-madonna-della-salute-de-venise\/","og_site_name":"Holyart.fr Blog","article_published_time":"2025-10-22T08:00:43+00:00","og_image":[{"width":1000,"height":666,"url":"https:\/\/blog.holyart.it\/fr\/wp-content\/uploads\/sites\/14\/2025\/10\/Fete-Madonna-Salute-Venise.jpg","type":"image\/jpeg"}],"author":"Redazione","twitter_card":"summary_large_image","twitter_misc":{"\u00c9crit par":"Redazione","Dur\u00e9e de lecture estim\u00e9e":"8 minutes"},"schema":{"@context":"https:\/\/schema.org","@graph":[{"@type":"Article","@id":"https:\/\/blog.holyart.it\/fr\/saints-et-bienheureux\/la-fete-de-la-madonna-della-salute-de-venise\/#article","isPartOf":{"@id":"https:\/\/blog.holyart.it\/fr\/saints-et-bienheureux\/la-fete-de-la-madonna-della-salute-de-venise\/"},"author":{"name":"Redazione","@id":"https:\/\/blog.holyart.it\/fr\/#\/schema\/person\/0a7b686e5af0f856ec1e390dd0baecda"},"headline":"La F\u00eate de la Madonna della Salute de Venise","datePublished":"2025-10-22T08:00:43+00:00","mainEntityOfPage":{"@id":"https:\/\/blog.holyart.it\/fr\/saints-et-bienheureux\/la-fete-de-la-madonna-della-salute-de-venise\/"},"wordCount":1395,"publisher":{"@id":"https:\/\/blog.holyart.it\/fr\/#organization"},"image":{"@id":"https:\/\/blog.holyart.it\/fr\/saints-et-bienheureux\/la-fete-de-la-madonna-della-salute-de-venise\/#primaryimage"},"thumbnailUrl":"https:\/\/blog.holyart.it\/fr\/wp-content\/uploads\/sites\/14\/2025\/10\/Fete-Madonna-Salute-Venise.jpg","articleSection":["Saints et Bienheureux"],"inLanguage":"fr-FR"},{"@type":"WebPage","@id":"https:\/\/blog.holyart.it\/fr\/saints-et-bienheureux\/la-fete-de-la-madonna-della-salute-de-venise\/","url":"https:\/\/blog.holyart.it\/fr\/saints-et-bienheureux\/la-fete-de-la-madonna-della-salute-de-venise\/","name":"La F\u00eate de la Madonna della Salute de Venise - Holyart.fr Blog","isPartOf":{"@id":"https:\/\/blog.holyart.it\/fr\/#website"},"primaryImageOfPage":{"@id":"https:\/\/blog.holyart.it\/fr\/saints-et-bienheureux\/la-fete-de-la-madonna-della-salute-de-venise\/#primaryimage"},"image":{"@id":"https:\/\/blog.holyart.it\/fr\/saints-et-bienheureux\/la-fete-de-la-madonna-della-salute-de-venise\/#primaryimage"},"thumbnailUrl":"https:\/\/blog.holyart.it\/fr\/wp-content\/uploads\/sites\/14\/2025\/10\/Fete-Madonna-Salute-Venise.jpg","datePublished":"2025-10-22T08:00:43+00:00","description":"Chaque ann\u00e9e, le 21 novembre, les v\u00e9nitiens se r\u00e9unissent afin d\u2019honorer la Madonna della Salute, un \u00e9v\u00e9nement qui combine d\u00e9votion","breadcrumb":{"@id":"https:\/\/blog.holyart.it\/fr\/saints-et-bienheureux\/la-fete-de-la-madonna-della-salute-de-venise\/#breadcrumb"},"inLanguage":"fr-FR","potentialAction":[{"@type":"ReadAction","target":["https:\/\/blog.holyart.it\/fr\/saints-et-bienheureux\/la-fete-de-la-madonna-della-salute-de-venise\/"]}]},{"@type":"ImageObject","inLanguage":"fr-FR","@id":"https:\/\/blog.holyart.it\/fr\/saints-et-bienheureux\/la-fete-de-la-madonna-della-salute-de-venise\/#primaryimage","url":"https:\/\/blog.holyart.it\/fr\/wp-content\/uploads\/sites\/14\/2025\/10\/Fete-Madonna-Salute-Venise.jpg","contentUrl":"https:\/\/blog.holyart.it\/fr\/wp-content\/uploads\/sites\/14\/2025\/10\/Fete-Madonna-Salute-Venise.jpg","width":1000,"height":666,"caption":"F\u00eate Madonna Salute Venise"},{"@type":"BreadcrumbList","@id":"https:\/\/blog.holyart.it\/fr\/saints-et-bienheureux\/la-fete-de-la-madonna-della-salute-de-venise\/#breadcrumb","itemListElement":[{"@type":"ListItem","position":1,"name":"Homepage","item":"https:\/\/blog.holyart.it\/fr\/"},{"@type":"ListItem","position":2,"name":"Saints et Bienheureux","item":"https:\/\/blog.holyart.it\/fr\/saints-et-bienheureux\/"},{"@type":"ListItem","position":3,"name":"La F\u00eate de la Madonna della Salute de Venise"}]},{"@type":"WebSite","@id":"https:\/\/blog.holyart.it\/fr\/#website","url":"https:\/\/blog.holyart.it\/fr\/","name":"Holyart.fr Blog","description":"Holyblog","publisher":{"@id":"https:\/\/blog.holyart.it\/fr\/#organization"},"potentialAction":[{"@type":"SearchAction","target":{"@type":"EntryPoint","urlTemplate":"https:\/\/blog.holyart.it\/fr\/?s={search_term_string}"},"query-input":{"@type":"PropertyValueSpecification","valueRequired":true,"valueName":"search_term_string"}}],"inLanguage":"fr-FR"},{"@type":"Organization","@id":"https:\/\/blog.holyart.it\/fr\/#organization","name":"Holyart.fr Blog","url":"https:\/\/blog.holyart.it\/fr\/","logo":{"@type":"ImageObject","inLanguage":"fr-FR","@id":"https:\/\/blog.holyart.it\/fr\/#\/schema\/logo\/image\/","url":"https:\/\/blog.holyart.it\/fr\/wp-content\/uploads\/sites\/14\/2022\/12\/Holyart_Blog_Logo.jpg","contentUrl":"https:\/\/blog.holyart.it\/fr\/wp-content\/uploads\/sites\/14\/2022\/12\/Holyart_Blog_Logo.jpg","width":300,"height":50,"caption":"Holyart.fr Blog"},"image":{"@id":"https:\/\/blog.holyart.it\/fr\/#\/schema\/logo\/image\/"}},{"@type":"Person","@id":"https:\/\/blog.holyart.it\/fr\/#\/schema\/person\/0a7b686e5af0f856ec1e390dd0baecda","name":"Redazione","image":{"@type":"ImageObject","inLanguage":"fr-FR","@id":"https:\/\/blog.holyart.it\/fr\/#\/schema\/person\/image\/","url":"https:\/\/secure.gravatar.com\/avatar\/f477da817f43e50d0af36abecd33e3edf826c68299714bdc1057dff3b113f516?s=96&d=mm&r=g","contentUrl":"https:\/\/secure.gravatar.com\/avatar\/f477da817f43e50d0af36abecd33e3edf826c68299714bdc1057dff3b113f516?s=96&d=mm&r=g","caption":"Redazione"},"url":"https:\/\/blog.holyart.it\/fr\/author\/admin\/"}]}},"_links":{"self":[{"href":"https:\/\/blog.holyart.it\/fr\/wp-json\/wp\/v2\/posts\/11371","targetHints":{"allow":["GET"]}}],"collection":[{"href":"https:\/\/blog.holyart.it\/fr\/wp-json\/wp\/v2\/posts"}],"about":[{"href":"https:\/\/blog.holyart.it\/fr\/wp-json\/wp\/v2\/types\/post"}],"author":[{"embeddable":true,"href":"https:\/\/blog.holyart.it\/fr\/wp-json\/wp\/v2\/users\/1"}],"replies":[{"embeddable":true,"href":"https:\/\/blog.holyart.it\/fr\/wp-json\/wp\/v2\/comments?post=11371"}],"version-history":[{"count":7,"href":"https:\/\/blog.holyart.it\/fr\/wp-json\/wp\/v2\/posts\/11371\/revisions"}],"predecessor-version":[{"id":11383,"href":"https:\/\/blog.holyart.it\/fr\/wp-json\/wp\/v2\/posts\/11371\/revisions\/11383"}],"wp:featuredmedia":[{"embeddable":true,"href":"https:\/\/blog.holyart.it\/fr\/wp-json\/wp\/v2\/media\/11373"}],"wp:attachment":[{"href":"https:\/\/blog.holyart.it\/fr\/wp-json\/wp\/v2\/media?parent=11371"}],"wp:term":[{"taxonomy":"category","embeddable":true,"href":"https:\/\/blog.holyart.it\/fr\/wp-json\/wp\/v2\/categories?post=11371"},{"taxonomy":"post_tag","embeddable":true,"href":"https:\/\/blog.holyart.it\/fr\/wp-json\/wp\/v2\/tags?post=11371"}],"curies":[{"name":"wp","href":"https:\/\/api.w.org\/{rel}","templated":true}]}}