{"id":1137,"date":"2019-01-17T12:53:56","date_gmt":"2019-01-17T11:53:56","guid":{"rendered":"https:\/\/blog.holyart.it\/fr\/?p=1137"},"modified":"2025-02-12T14:57:32","modified_gmt":"2025-02-12T13:57:32","slug":"sacre-coeur-de-jesus","status":"publish","type":"post","link":"https:\/\/blog.holyart.it\/fr\/articles-religieux\/sacre-coeur-de-jesus\/","title":{"rendered":"Sacr\u00e9-C\u0153ur de J\u00e9sus"},"content":{"rendered":"<p>La f\u00eate d\u00e9di\u00e9e au Sacr\u00e9-C\u0153ur de J\u00e9sus est une des <strong>F\u00eates mobiles<\/strong>, i.e. une f\u00eate qui ne tombe pas toujours \u00e0 la m\u00eame date, mais varie d&rsquo;ann\u00e9e en ann\u00e9e. L&rsquo;exemple le plus \u00e9vident de F\u00eate mobile est P\u00e2ques, dont la date change tout le temps. En r\u00e9alit\u00e9, la plupart des F\u00eates mobiles sont li\u00e9es \u00e0 <a href=\"https:\/\/www.holyart.fr\/occasions-speciales\/paques-et-careme?cPath=108221_108421&amp;\"><strong>P\u00e2ques<\/strong><\/a>, ce qui explique pourquoi elles n&rsquo;ont pas un jour fixe pour leur c\u00e9l\u00e9bration. Les F\u00eates mobiles catholiques peuvent d\u00e9pendre \u00e9galement de l&rsquo;\u00c9piphanie ou \u00eatre li\u00e9es \u00e0 des jours de la semaine limit\u00e9s \u00e0 certaines p\u00e9riodes de l&rsquo;ann\u00e9e.<\/p>\n<p>Par exemple, la F\u00eate du Sacr\u00e9-C\u0153ur de J\u00e9sus tombe toujours le vendredi qui suit le dimanche du <a href=\"https:\/\/www.holyart.fr\/blog\/articles-religieux\/solennite-corpus-domini\/\"><strong>Corpus Domini<\/strong><\/a>, c&rsquo;est-\u00e0-dire soixante-huit jours apr\u00e8s P\u00e2ques. La F\u00eate du C\u0153ur Immacul\u00e9 de Marie tombe par contre le samedi apr\u00e8s celle du Sacr\u00e9-C\u0153ur de J\u00e9sus et d\u00e9pend donc de cette derni\u00e8re.<\/p>\n<p>\u00c0 titre indicatif, la F\u00eate du Sacr\u00e9-C\u0153ur de J\u00e9sus peut tomber \u00e0 une date comprise entre le 29 mai et le 2 juillet. Cette ann\u00e9e, par exemple, c&rsquo;est le 8 juin et tout ce mois est consacr\u00e9 \u00e0 cette c\u00e9l\u00e9bration.<\/p>\n<p>D&rsquo;autres exemples de F\u00eates mobiles sont le Bapt\u00eame du Seigneur, qui est c\u00e9l\u00e9br\u00e9 le premier dimanche apr\u00e8s l&rsquo;\u00c9piphanie, ou tous les dimanches de l&rsquo;Avent.<\/p>\n<p>Tous les jours de f\u00eate li\u00e9s \u00e0 P\u00e2ques sont in\u00e9vitablement des F\u00eates mobiles\u00a0: le Jeudi Saint, le Vendredi Saint, le Samedi Saint, le Lundi de l&rsquo;Ange changent toujours de date en fonction du jour de P\u00e2ques.<\/p>\n<p>La F\u00eate du Sacr\u00e9-C\u0153ur de J\u00e9sus c\u00e9l\u00e8bre d&rsquo;un c\u00f4t\u00e9 le c\u0153ur physique de J\u00e9sus vrai homme, en plus que vrai Dieu, et de l&rsquo;autre le c\u0153ur entendu comme <strong>bont\u00e9<\/strong>, <strong>mis\u00e9ricorde<\/strong> et <strong>amour<\/strong> du Sauveur pour nous tous.<\/p>\n<h2>Iconographie du Sacr\u00e9 C\u0153ur et d\u00e9votion<\/h2>\n<p>L&rsquo;<strong>iconographie<\/strong> traditionnelle montre le Sacr\u00e9-C\u0153ur sur la poitrine de J\u00e9sus avec une croix pos\u00e9e dessus et couronn\u00e9 d&rsquo;\u00e9pis. Sur le c\u00f4t\u00e9 du C\u0153ur il y a une blessure qui saigne en rappel de celle port\u00e9e \u00e0 J\u00e9sus sur la croix, et symbolise les blessures que les p\u00e9ch\u00e9s des hommes continuent de lui infliger jour apr\u00e8s jour. Le Sacr\u00e9-c\u0153ur est entour\u00e9 de flammes, symbole de la mis\u00e9ricorde br\u00fblante, de l&rsquo;amour ardent du Sauveur pour tous les hommes.<\/p>\n<p>Le culte du Sacr\u00e9-C\u0153ur de J\u00e9sus na\u00eet pendant le Moyen \u00c2ge parmi les grands mystiques allemands, mais conna\u00eet son \u00e9panouissement uniquement au XVII si\u00e8cle gr\u00e2ce \u00e0 <strong>Saint Jean Eudes<\/strong> (1601-1680), religieux, pr\u00eacheur et \u00e9rudit fran\u00e7ais, qui diffusa partout en France <strong>la d\u00e9votion aux Sacr\u00e9-C\u0153ur de J\u00e9sus et au Saint C\u0153ur de Marie<\/strong>, surtout gr\u00e2ce \u00e0 l&rsquo;aide de <strong>Sainte Marguerite-Marie Alacoque<\/strong> (1647-1690). Cette derni\u00e8re \u00e9tait une s\u0153ur fran\u00e7aise dot\u00e9e de grands dons mystiques, qui, \u00e0 partir de 1637 jusqu&rsquo;au jour de sa mort pr\u00e9matur\u00e9e, re\u00e7ut quatre r\u00e9v\u00e9lations et de nombreuses visions mineurs de la part de J\u00e9sus. Dans ces visions, J\u00e9sus s&rsquo;adressait \u00e0 elle en personne et \u00e0 chaque fois le Sacr\u00e9-C\u0153ur rev\u00eatait un r\u00f4le fondamentale. Dans la premi\u00e8re vision de Sainte Marguerite, par exemple, J\u00e9sus lui parla ainsi\u00a0: <em>\u00ab\u00a0<\/em><em>Mon divin C\u0153ur est si passionn\u00e9\u00a0d\u2019amour pour les hommes [..], que ne pouvant plus\u00a0contenir en lui-m\u00eame les flammes de\u00a0son ardente charit\u00e9, il faut qu\u2019il les r\u00e9pande\u00a0par ton moyen [&#8230;]. Et\u00a0je t\u2019ai choisie [&#8230;] pour l\u2019accomplissement\u00a0de ce grand dessein afin que\u00a0tout soit fait par moi.\u00a0\u00bb<\/em><\/p>\n<figure id=\"attachment_1149\" aria-describedby=\"caption-attachment-1149\" style=\"width: 300px\" class=\"wp-caption alignleft\"><img loading=\"lazy\" decoding=\"async\" class=\"alignleft size-medium wp-image-1149\" src=\"https:\/\/blog.holyart.it\/fr\/wp-content\/uploads\/sites\/14\/2018\/11\/couronne-divine-mis\u00e9ricorde-300x300.jpg\" alt=\"couronne divine mis\u00e9ricorde\" width=\"300\" height=\"300\" \/><figcaption id=\"caption-attachment-1149\" class=\"wp-caption-text\"><center><strong><a href=\"https:\/\/www.holyart.fr\/articles-religieux\/chapelets-et-etuis-a-chapelet\/rosaires-de-devotion?cPath=108217_108_108413&amp;\">Rosaires de d\u00e9votion<\/a><\/strong><br \/><a href=\"https:\/\/www.holyart.fr\/articles-religieux\/chapelets-et-etuis-a-chapelet\/rosaires-de-devotion?cPath=108217_108_108413&amp;\"><button class=\"bottoneacquista\" style=\"vertical-align: middle;\">Acheter sur Holyart<\/button><\/a><\/center><\/figcaption><\/figure>\n<p>Dans les visions suivantes, la Sainte vit le Sacr\u00e9-C\u0153ur envelopp\u00e9 de flammes, couronn\u00e9 d&rsquo;\u00e9pines et resplendissant de lumi\u00e8re, malgr\u00e9 les blessures, dans la poitrine du Sauveur.<\/p>\n<p>\u00c0 l&rsquo;occasion de la quatri\u00e8me vision, J\u00e9sus d\u00e9clara \u00e0 Sainte Marguerite souffrir pour l&rsquo;arrogance et le manque d&rsquo;humanit\u00e9 des chr\u00e9tiens, mais encore plus pour les sacril\u00e8ges des impies. Il lui manifesta ensuite Sa volont\u00e9 que le vendredi apr\u00e8s le deuxi\u00e8me dimanche qui suit la Pentec\u00f4te, c&rsquo;est-\u00e0-dire le huiti\u00e8me jour apr\u00e8s le <a href=\"https:\/\/www.holyart.fr\/blog\/articles-religieux\/solennite-corpus-domini\/\"><strong>Corpus Domini<\/strong><\/a>, soit d\u00e9di\u00e9 \u00e0 la c\u00e9l\u00e9bration de Son C\u0153ur.<\/p>\n<p>Malgr\u00e9 les obstacles \u00e9rig\u00e9s par les diff\u00e9rentes r\u00e9alit\u00e9s religieuses qui l&rsquo;accusait d\u2019idol\u00e2trie, le culte du Sacr\u00e9-C\u0153ur de J\u00e9sus connut d\u00e8s le d\u00e9but une remarquable diffusion et une grande ardeur. En 1672, la F\u00eate du Sacr\u00e9-C\u0153ur fut c\u00e9l\u00e9br\u00e9e pour la premi\u00e8re fois de mani\u00e8re officielle. En 1856, par volont\u00e9 de Pape Pie IX, le culte devint universel pour toute l&rsquo;\u00c9glise catholique et, depuis, de nombreuses congr\u00e9gations, masculines et f\u00e9minines, surgirent autour de lui.<\/p>\n<h2>Pri\u00e8res au Sacr\u00e9 C\u0153ur de J\u00e9sus<\/h2>\n<p>La F\u00eate du Sacr\u00e9-C\u0153ur de J\u00e9sus est c\u00e9l\u00e9br\u00e9e \u00e0 travers l&rsquo;adoration eucharistique chaque premier vendredi du mois avec les Litanies du Sacr\u00e9-C\u0153ur. Il y en a plusieurs et en voici quelques exemples\u00a0:<\/p>\n<p><em>C\u0153ur Sacr\u00e9 de J\u00e9sus<\/em><em>, source de tout bien,<br \/>\nje Vous adore, je crois en Vous, j\u2019esp\u00e8re en Vous,<br \/>\nje Vous aime et je regrette tous mes p\u00e9ch\u00e9s.<br \/>\nJe Vous offre mon pauvre c\u0153ur, rendez-le humble,<br \/>\npatient, pur, et en tout conforme \u00e0 Vos d\u00e9sirs.<\/em><\/p>\n<p><em>Faites, \u00f4 bon J\u00e9sus<\/em><em>, que je vive en Vous et Vous en moi.<br \/>\nProt\u00e9gez-moi dans les dangers, consolez-moi dans les peines et les mis\u00e8res.<br \/>\nAccordez-moi la sant\u00e9 du corps, Votre b\u00e9n\u00e9diction pour toutes mes \u0153uvres<br \/>\net la gr\u00e2ce d\u2019une sainte mort. Amen.<\/em><\/p>\n<p>Ou bien :<\/p>\n<p><em>\u00d4 C\u0153ur de J\u00e9sus<\/em><em>, broy\u00e9 \u00e0 cause de nos p\u00e9ch\u00e9s,<br \/>\nC\u0153ur de J\u00e9sus attrist\u00e9 et martyris\u00e9 par tant de crimes et de fautes,<br \/>\nC\u0153ur de J\u00e9sus, victime de toutes les iniquit\u00e9s,<\/em><\/p>\n<p><em>Je Vous aime de toute mon \u00e2me et par-dessus toutes choses,<br \/>\nJe Vous aime pour ceux qui Vous m\u00e9prisent et Vous d\u00e9laissent,<br \/>\nJe Vous aime pour ceux qui Vous outragent et Vous emp\u00eachent de r\u00e9gner,<br \/>\nJe Vous aime pour ceux qui Vous abandonnent seul dans la Sainte Eucharistie,<br \/>\nJe Vous aime pour les \u00e2mes ingrates qui osent profaner votre Sacrement d\u2019Amour par leurs insultes et leurs sacril\u00e8ges,<\/em><\/p>\n<p><em>C\u0153ur de J\u00e9sus<\/em><em>, pardonnez aux p\u00eacheurs, ils ne savent pas ce qu\u2019ils font !<br \/>\nC\u0153ur de J\u00e9sus, soutenez ceux qui propagent votre Saint Nom !<br \/>\nC\u0153ur de J\u00e9sus, soutenez tous ceux qui souffrent et qui luttent !<br \/>\nC\u0153ur de J\u00e9sus, faites que la soci\u00e9t\u00e9 s\u2019inspire en tout de votre Saint \u00c9vangile, seule sauvegarde de la Justice et de la Paix !<br \/>\nC\u0153ur de J\u00e9sus, que les familles et les nations proclament vos droits !<br \/>\nC\u0153ur de J\u00e9sus, r\u00e9gnez sur ma patrie !<br \/>\nC\u0153ur de J\u00e9sus, que votre R\u00e8gne arrive par le C\u0153ur Immacul\u00e9 de Marie !<br \/>\nAinsi soit-il.<\/em><\/p>\n<p><em>\u00a0<\/em>Ou encore :<\/p>\n<figure id=\"attachment_1151\" aria-describedby=\"caption-attachment-1151\" style=\"width: 263px\" class=\"wp-caption alignright\"><img loading=\"lazy\" decoding=\"async\" class=\"alignright size-medium wp-image-1151\" src=\"https:\/\/blog.holyart.it\/fr\/wp-content\/uploads\/sites\/14\/2018\/11\/pri\u00e8re-au-coeur-sacr\u00e9-de-J\u00e9sus-263x300.jpg\" alt=\"pri\u00e8re au coeur sacr\u00e9 de J\u00e9sus\" width=\"263\" height=\"300\" \/><figcaption id=\"caption-attachment-1151\" class=\"wp-caption-text\"><center><br \/><a href=\"https:\/\/www.holyart.fr\/articles-religieux\/images-pieuses-cartes-de-voeux\/images-pieuses?22%5B%5D=1160&amp;p_min=&amp;p_max=\"><button class=\"bottoneacquista\" style=\"vertical-align: middle;\">Acheter sur Holyart<\/button><\/a><\/center><\/figcaption><\/figure>\n<p><em>\u00a0<\/em><em>Souvenez-vous,<br \/>\n\u00f4 Sacr\u00e9 C\u0153ur de J\u00e9sus,<br \/>\nde tout ce que vous avez fait pour sauver nos \u00e2mes,<br \/>\net ne les laissez pas p\u00e9rir.<br \/>\nSouvenez-vous de l\u2019\u00e9ternel<br \/>\net immense amour que vous avez eu pour elles;<br \/>\nne repoussez pas ces \u00e2mes<br \/>\nqui viennent \u00e0 vous d\u00e9faillantes<br \/>\nsous le poids de leurs mis\u00e8res,<br \/>\noppress\u00e9es sous celui de tant de douleurs.<br \/>\nSoyez touch\u00e9 de notre faiblesse,<br \/>\ndes dangers qui nous environnent de toutes parts,<br \/>\ndes maux qui nous font soupirer et g\u00e9mir.<br \/>\nRemplis de confiance et d\u2019amour,<br \/>\nnous venons \u00e0 votre C\u0153ur, \u00f4 J\u00e9sus,<br \/>\ncomme au c\u0153ur du meilleur des p\u00e8res,<br \/>\ndu plus tendre et du plus compatissant des amis.<br \/>\nRecevez-nous, \u00f4 Sacr\u00e9 C\u0153ur,<br \/>\ndans votre infinie tendresse,<br \/>\nfaites-nous ressentir les effets<br \/>\nde votre compassion et de votre amour ;<br \/>\nmontrez-vous notre appui,<br \/>\nnotre m\u00e9diateur aupr\u00e8s de votre P\u00e8re.<br \/>\nAu nom de votre Pr\u00e9cieux Sang et par vos m\u00e9rites, accordez-nous la force dans nos faiblesses, la consolation dans nos peines, la gr\u00e2ce de vous aimer dans le temps<br \/>\net celle de vous poss\u00e9der dans l\u2019\u00e9ternit\u00e9.<\/em><\/p>\n<p><em>Amen.<\/em><\/p>\n<h2>Objets de d\u00e9votion<\/h2>\n<p>Afin d&rsquo;accompagner les pri\u00e8res et les litanies, il y a des <a href=\"https:\/\/www.holyart.fr\/articles-religieux\/chapelets-et-etuis-a-chapelet\/rosaires-de-devotion?cPath=108217_108_108413&amp;\"><strong>chapelets de d\u00e9votion<\/strong><\/a> sp\u00e9cifiques ou des m\u00e9dailles de tout genre et mat\u00e9riaux.<\/p>\n<figure id=\"attachment_1153\" aria-describedby=\"caption-attachment-1153\" style=\"width: 300px\" class=\"wp-caption alignleft\"><img loading=\"lazy\" decoding=\"async\" class=\"alignleft size-medium wp-image-1153\" src=\"https:\/\/blog.holyart.it\/fr\/wp-content\/uploads\/sites\/14\/2018\/11\/statue-sacr\u00e9e-de-j\u00e9sus-300x300.jpg\" alt=\"statue sacr\u00e9e de j\u00e9sus\" width=\"300\" height=\"300\" \/><figcaption id=\"caption-attachment-1153\" class=\"wp-caption-text\"><center><strong><a href=\"https:\/\/www.holyart.fr\/articles-religieux\/statues\/statues-en-fibre-de-verre\/statue-sacre-coeur-de-jesus-80-cm-fibre-de-verre\">Statue Sacr\u00e9-Coeur de J\u00e9sus 80 cm fibre de verre<\/a><\/strong><br \/><a href=\"https:\/\/www.holyart.fr\/articles-religieux\/statues\/statues-en-fibre-de-verre\/statue-sacre-coeur-de-jesus-80-cm-fibre-de-verre\"><button class=\"bottoneacquista\" style=\"vertical-align: middle;\">Acheter sur Holyart<\/button><\/a><\/center><\/figcaption><\/figure>\n<p>Concernant\u00a0<a href=\"https:\/\/www.holyart.fr\/articles-religieux\/statues\/statues-en-fibre-de-verre\/statue-sacre-coeur-de-jesus-80-cm-fibre-de-verre\"><strong>l&rsquo;iconographie du Sacr\u00e9-C\u0153ur de J\u00e9sus<\/strong><\/a>, ont \u00e9t\u00e9 r\u00e9alis\u00e9es des statues qui repr\u00e9sentent le Sauveur dans la pose caract\u00e9ristique avec la main qui indique Sa poitrine ouverte o\u00f9 bat Son c\u0153ur bless\u00e9, mais encore d\u00e9bordant d&rsquo;amour pour tous Ses fils.<\/p>\n<p>Une curiosit\u00e9\u00a0: les <a href=\"https:\/\/www.holyart.fr\/blog\/articles-religieux\/ange-gardien-qui\u2026-choses-a-savoir\/\"><strong>anges<\/strong><\/a> jouent un r\u00f4le particulier dans le culte et dans la d\u00e9votion du Sacr\u00e9-C\u0153ur de J\u00e9sus. Le c\u0153ur du Christ est en effet identifi\u00e9 comme source de l&rsquo;amour qui submerge et implique tous les hommes, mais aussi les saints et les anges. Jean-Paul II affirmait que le Sacr\u00e9-C\u0153ur de J\u00e9sus est une sorte de lieu mystique fait d&rsquo;Amour, d&rsquo;o\u00f9 ceux qui arrivent \u00e0 y acc\u00e9der peuvent tirer une joie infinie et \u00e9ternelle.<\/p>\n<p>Les anges en particulier peuvent contempler \u00e0 chaque instant l&rsquo;amour mis\u00e9ricordieux de J\u00e9sus dans toute sa grandeur et sa perfection, mais ils ont \u00e9galement une fonction de messagers entre Dieu et les hommes et entre l&rsquo;Amour de Dieu et nous tous. Ils forment une sorte de cha\u00eene spirituelle qui nous rapproche de l&rsquo;Amour de Dieu, qui nous fait conna\u00eetre Son immensit\u00e9, qui nous en fait d\u00e9couvrir la chaleur, la perfection. Et en quelque sorte cet amour nous contamine, en nous rendant plus proches de J\u00e9sus, plus semblables \u00e0 Lui, dans la capacit\u00e9 d&rsquo;aimer de mani\u00e8re humble et pure, gr\u00e2ce \u00e0 Sa douceur, \u00e0 Son esprit de sacrifice. Gr\u00e2ce \u00e0 toute la force de Son C\u0153ur Sacr\u00e9.<\/p>\n","protected":false},"excerpt":{"rendered":"<p>La f\u00eate d\u00e9di\u00e9e au Sacr\u00e9-C\u0153ur de J\u00e9sus est une des F\u00eates mobiles, i.e. une f\u00eate qui ne tombe pas toujours \u00e0 la m\u00eame date, mais varie d&rsquo;ann\u00e9e en ann\u00e9e. L&rsquo;exemple le plus \u00e9vident de F\u00eate mobile est P\u00e2ques, dont la date change tout le temps.&hellip;<\/p>\n","protected":false},"author":1,"featured_media":1192,"comment_status":"closed","ping_status":"open","sticky":false,"template":"","format":"standard","meta":{"_acf_changed":false,"footnotes":""},"categories":[14,8],"tags":[],"class_list":["post-1137","post","type-post","status-publish","format-standard","has-post-thumbnail","hentry","category-paques","category-articles-religieux"],"acf":[],"yoast_head":"<!-- This site is optimized with the Yoast SEO plugin v26.6 - https:\/\/yoast.com\/wordpress\/plugins\/seo\/ -->\n<title>Sacr\u00e9-C\u0153ur de J\u00e9sus - Holyart.fr Blog<\/title>\n<meta name=\"description\" content=\"La f\u00eate d\u00e9di\u00e9e au Sacr\u00e9-C\u0153ur de J\u00e9sus est une des F\u00eates mobiles, i.e. une f\u00eate qui ne tombe pas toujours \u00e0 la m\u00eame date, mais varie d&#039;ann\u00e9e en ann\u00e9e.\" \/>\n<meta name=\"robots\" content=\"index, follow, max-snippet:-1, max-image-preview:large, max-video-preview:-1\" \/>\n<link rel=\"canonical\" href=\"https:\/\/blog.holyart.it\/fr\/articles-religieux\/sacre-coeur-de-jesus\/\" \/>\n<meta property=\"og:locale\" content=\"fr_FR\" \/>\n<meta property=\"og:type\" content=\"article\" \/>\n<meta property=\"og:title\" content=\"Sacr\u00e9-C\u0153ur de J\u00e9sus - Holyart.fr Blog\" \/>\n<meta property=\"og:description\" content=\"La f\u00eate d\u00e9di\u00e9e au Sacr\u00e9-C\u0153ur de J\u00e9sus est une des F\u00eates mobiles, i.e. une f\u00eate qui ne tombe pas toujours \u00e0 la m\u00eame date, mais varie d&#039;ann\u00e9e en ann\u00e9e.\" \/>\n<meta property=\"og:url\" content=\"https:\/\/blog.holyart.it\/fr\/articles-religieux\/sacre-coeur-de-jesus\/\" \/>\n<meta property=\"og:site_name\" content=\"Holyart.fr Blog\" \/>\n<meta property=\"article:published_time\" content=\"2019-01-17T11:53:56+00:00\" \/>\n<meta property=\"article:modified_time\" content=\"2025-02-12T13:57:32+00:00\" \/>\n<meta property=\"og:image\" content=\"https:\/\/blog.holyart.it\/fr\/wp-content\/uploads\/sites\/14\/2018\/10\/sacr\u00e9-coeur-jesus.jpg\" \/>\n\t<meta property=\"og:image:width\" content=\"1000\" \/>\n\t<meta property=\"og:image:height\" content=\"666\" \/>\n\t<meta property=\"og:image:type\" content=\"image\/jpeg\" \/>\n<meta name=\"author\" content=\"Redazione\" \/>\n<meta name=\"twitter:card\" content=\"summary_large_image\" \/>\n<meta name=\"twitter:label1\" content=\"\u00c9crit par\" \/>\n\t<meta name=\"twitter:data1\" content=\"Redazione\" \/>\n\t<meta name=\"twitter:label2\" content=\"Dur\u00e9e de lecture estim\u00e9e\" \/>\n\t<meta name=\"twitter:data2\" content=\"9 minutes\" \/>\n<script type=\"application\/ld+json\" class=\"yoast-schema-graph\">{\"@context\":\"https:\/\/schema.org\",\"@graph\":[{\"@type\":\"Article\",\"@id\":\"https:\/\/blog.holyart.it\/fr\/articles-religieux\/sacre-coeur-de-jesus\/#article\",\"isPartOf\":{\"@id\":\"https:\/\/blog.holyart.it\/fr\/articles-religieux\/sacre-coeur-de-jesus\/\"},\"author\":{\"name\":\"Redazione\",\"@id\":\"https:\/\/blog.holyart.it\/fr\/#\/schema\/person\/0a7b686e5af0f856ec1e390dd0baecda\"},\"headline\":\"Sacr\u00e9-C\u0153ur de J\u00e9sus\",\"datePublished\":\"2019-01-17T11:53:56+00:00\",\"dateModified\":\"2025-02-12T13:57:32+00:00\",\"mainEntityOfPage\":{\"@id\":\"https:\/\/blog.holyart.it\/fr\/articles-religieux\/sacre-coeur-de-jesus\/\"},\"wordCount\":1742,\"publisher\":{\"@id\":\"https:\/\/blog.holyart.it\/fr\/#organization\"},\"image\":{\"@id\":\"https:\/\/blog.holyart.it\/fr\/articles-religieux\/sacre-coeur-de-jesus\/#primaryimage\"},\"thumbnailUrl\":\"https:\/\/blog.holyart.it\/fr\/wp-content\/uploads\/sites\/14\/2018\/10\/sacr\u00e9-coeur-jesus.jpg\",\"articleSection\":[\"P\u00e2ques\",\"Religion\"],\"inLanguage\":\"fr-FR\"},{\"@type\":\"WebPage\",\"@id\":\"https:\/\/blog.holyart.it\/fr\/articles-religieux\/sacre-coeur-de-jesus\/\",\"url\":\"https:\/\/blog.holyart.it\/fr\/articles-religieux\/sacre-coeur-de-jesus\/\",\"name\":\"Sacr\u00e9-C\u0153ur de J\u00e9sus - Holyart.fr Blog\",\"isPartOf\":{\"@id\":\"https:\/\/blog.holyart.it\/fr\/#website\"},\"primaryImageOfPage\":{\"@id\":\"https:\/\/blog.holyart.it\/fr\/articles-religieux\/sacre-coeur-de-jesus\/#primaryimage\"},\"image\":{\"@id\":\"https:\/\/blog.holyart.it\/fr\/articles-religieux\/sacre-coeur-de-jesus\/#primaryimage\"},\"thumbnailUrl\":\"https:\/\/blog.holyart.it\/fr\/wp-content\/uploads\/sites\/14\/2018\/10\/sacr\u00e9-coeur-jesus.jpg\",\"datePublished\":\"2019-01-17T11:53:56+00:00\",\"dateModified\":\"2025-02-12T13:57:32+00:00\",\"description\":\"La f\u00eate d\u00e9di\u00e9e au Sacr\u00e9-C\u0153ur de J\u00e9sus est une des F\u00eates mobiles, i.e. une f\u00eate qui ne tombe pas toujours \u00e0 la m\u00eame date, mais varie d'ann\u00e9e en ann\u00e9e.\",\"breadcrumb\":{\"@id\":\"https:\/\/blog.holyart.it\/fr\/articles-religieux\/sacre-coeur-de-jesus\/#breadcrumb\"},\"inLanguage\":\"fr-FR\",\"potentialAction\":[{\"@type\":\"ReadAction\",\"target\":[\"https:\/\/blog.holyart.it\/fr\/articles-religieux\/sacre-coeur-de-jesus\/\"]}]},{\"@type\":\"ImageObject\",\"inLanguage\":\"fr-FR\",\"@id\":\"https:\/\/blog.holyart.it\/fr\/articles-religieux\/sacre-coeur-de-jesus\/#primaryimage\",\"url\":\"https:\/\/blog.holyart.it\/fr\/wp-content\/uploads\/sites\/14\/2018\/10\/sacr\u00e9-coeur-jesus.jpg\",\"contentUrl\":\"https:\/\/blog.holyart.it\/fr\/wp-content\/uploads\/sites\/14\/2018\/10\/sacr\u00e9-coeur-jesus.jpg\",\"width\":1000,\"height\":666,\"caption\":\"sacr\u00e9 coeur jesus\"},{\"@type\":\"BreadcrumbList\",\"@id\":\"https:\/\/blog.holyart.it\/fr\/articles-religieux\/sacre-coeur-de-jesus\/#breadcrumb\",\"itemListElement\":[{\"@type\":\"ListItem\",\"position\":1,\"name\":\"Homepage\",\"item\":\"https:\/\/blog.holyart.it\/fr\/\"},{\"@type\":\"ListItem\",\"position\":2,\"name\":\"Religion\",\"item\":\"https:\/\/blog.holyart.it\/fr\/articles-religieux\/\"},{\"@type\":\"ListItem\",\"position\":3,\"name\":\"Sacr\u00e9-C\u0153ur de J\u00e9sus\"}]},{\"@type\":\"WebSite\",\"@id\":\"https:\/\/blog.holyart.it\/fr\/#website\",\"url\":\"https:\/\/blog.holyart.it\/fr\/\",\"name\":\"Holyart.fr Blog\",\"description\":\"Holyblog\",\"publisher\":{\"@id\":\"https:\/\/blog.holyart.it\/fr\/#organization\"},\"potentialAction\":[{\"@type\":\"SearchAction\",\"target\":{\"@type\":\"EntryPoint\",\"urlTemplate\":\"https:\/\/blog.holyart.it\/fr\/?s={search_term_string}\"},\"query-input\":{\"@type\":\"PropertyValueSpecification\",\"valueRequired\":true,\"valueName\":\"search_term_string\"}}],\"inLanguage\":\"fr-FR\"},{\"@type\":\"Organization\",\"@id\":\"https:\/\/blog.holyart.it\/fr\/#organization\",\"name\":\"Holyart.fr Blog\",\"url\":\"https:\/\/blog.holyart.it\/fr\/\",\"logo\":{\"@type\":\"ImageObject\",\"inLanguage\":\"fr-FR\",\"@id\":\"https:\/\/blog.holyart.it\/fr\/#\/schema\/logo\/image\/\",\"url\":\"https:\/\/blog.holyart.it\/fr\/wp-content\/uploads\/sites\/14\/2022\/12\/Holyart_Blog_Logo.jpg\",\"contentUrl\":\"https:\/\/blog.holyart.it\/fr\/wp-content\/uploads\/sites\/14\/2022\/12\/Holyart_Blog_Logo.jpg\",\"width\":300,\"height\":50,\"caption\":\"Holyart.fr Blog\"},\"image\":{\"@id\":\"https:\/\/blog.holyart.it\/fr\/#\/schema\/logo\/image\/\"}},{\"@type\":\"Person\",\"@id\":\"https:\/\/blog.holyart.it\/fr\/#\/schema\/person\/0a7b686e5af0f856ec1e390dd0baecda\",\"name\":\"Redazione\",\"image\":{\"@type\":\"ImageObject\",\"inLanguage\":\"fr-FR\",\"@id\":\"https:\/\/blog.holyart.it\/fr\/#\/schema\/person\/image\/\",\"url\":\"https:\/\/secure.gravatar.com\/avatar\/f477da817f43e50d0af36abecd33e3edf826c68299714bdc1057dff3b113f516?s=96&d=mm&r=g\",\"contentUrl\":\"https:\/\/secure.gravatar.com\/avatar\/f477da817f43e50d0af36abecd33e3edf826c68299714bdc1057dff3b113f516?s=96&d=mm&r=g\",\"caption\":\"Redazione\"},\"url\":\"https:\/\/blog.holyart.it\/fr\/author\/admin\/\"}]}<\/script>\n<!-- \/ Yoast SEO plugin. -->","yoast_head_json":{"title":"Sacr\u00e9-C\u0153ur de J\u00e9sus - Holyart.fr Blog","description":"La f\u00eate d\u00e9di\u00e9e au Sacr\u00e9-C\u0153ur de J\u00e9sus est une des F\u00eates mobiles, i.e. une f\u00eate qui ne tombe pas toujours \u00e0 la m\u00eame date, mais varie d'ann\u00e9e en ann\u00e9e.","robots":{"index":"index","follow":"follow","max-snippet":"max-snippet:-1","max-image-preview":"max-image-preview:large","max-video-preview":"max-video-preview:-1"},"canonical":"https:\/\/blog.holyart.it\/fr\/articles-religieux\/sacre-coeur-de-jesus\/","og_locale":"fr_FR","og_type":"article","og_title":"Sacr\u00e9-C\u0153ur de J\u00e9sus - Holyart.fr Blog","og_description":"La f\u00eate d\u00e9di\u00e9e au Sacr\u00e9-C\u0153ur de J\u00e9sus est une des F\u00eates mobiles, i.e. une f\u00eate qui ne tombe pas toujours \u00e0 la m\u00eame date, mais varie d'ann\u00e9e en ann\u00e9e.","og_url":"https:\/\/blog.holyart.it\/fr\/articles-religieux\/sacre-coeur-de-jesus\/","og_site_name":"Holyart.fr Blog","article_published_time":"2019-01-17T11:53:56+00:00","article_modified_time":"2025-02-12T13:57:32+00:00","og_image":[{"width":1000,"height":666,"url":"https:\/\/blog.holyart.it\/fr\/wp-content\/uploads\/sites\/14\/2018\/10\/sacr\u00e9-coeur-jesus.jpg","type":"image\/jpeg"}],"author":"Redazione","twitter_card":"summary_large_image","twitter_misc":{"\u00c9crit par":"Redazione","Dur\u00e9e de lecture estim\u00e9e":"9 minutes"},"schema":{"@context":"https:\/\/schema.org","@graph":[{"@type":"Article","@id":"https:\/\/blog.holyart.it\/fr\/articles-religieux\/sacre-coeur-de-jesus\/#article","isPartOf":{"@id":"https:\/\/blog.holyart.it\/fr\/articles-religieux\/sacre-coeur-de-jesus\/"},"author":{"name":"Redazione","@id":"https:\/\/blog.holyart.it\/fr\/#\/schema\/person\/0a7b686e5af0f856ec1e390dd0baecda"},"headline":"Sacr\u00e9-C\u0153ur de J\u00e9sus","datePublished":"2019-01-17T11:53:56+00:00","dateModified":"2025-02-12T13:57:32+00:00","mainEntityOfPage":{"@id":"https:\/\/blog.holyart.it\/fr\/articles-religieux\/sacre-coeur-de-jesus\/"},"wordCount":1742,"publisher":{"@id":"https:\/\/blog.holyart.it\/fr\/#organization"},"image":{"@id":"https:\/\/blog.holyart.it\/fr\/articles-religieux\/sacre-coeur-de-jesus\/#primaryimage"},"thumbnailUrl":"https:\/\/blog.holyart.it\/fr\/wp-content\/uploads\/sites\/14\/2018\/10\/sacr\u00e9-coeur-jesus.jpg","articleSection":["P\u00e2ques","Religion"],"inLanguage":"fr-FR"},{"@type":"WebPage","@id":"https:\/\/blog.holyart.it\/fr\/articles-religieux\/sacre-coeur-de-jesus\/","url":"https:\/\/blog.holyart.it\/fr\/articles-religieux\/sacre-coeur-de-jesus\/","name":"Sacr\u00e9-C\u0153ur de J\u00e9sus - Holyart.fr Blog","isPartOf":{"@id":"https:\/\/blog.holyart.it\/fr\/#website"},"primaryImageOfPage":{"@id":"https:\/\/blog.holyart.it\/fr\/articles-religieux\/sacre-coeur-de-jesus\/#primaryimage"},"image":{"@id":"https:\/\/blog.holyart.it\/fr\/articles-religieux\/sacre-coeur-de-jesus\/#primaryimage"},"thumbnailUrl":"https:\/\/blog.holyart.it\/fr\/wp-content\/uploads\/sites\/14\/2018\/10\/sacr\u00e9-coeur-jesus.jpg","datePublished":"2019-01-17T11:53:56+00:00","dateModified":"2025-02-12T13:57:32+00:00","description":"La f\u00eate d\u00e9di\u00e9e au Sacr\u00e9-C\u0153ur de J\u00e9sus est une des F\u00eates mobiles, i.e. une f\u00eate qui ne tombe pas toujours \u00e0 la m\u00eame date, mais varie d'ann\u00e9e en ann\u00e9e.","breadcrumb":{"@id":"https:\/\/blog.holyart.it\/fr\/articles-religieux\/sacre-coeur-de-jesus\/#breadcrumb"},"inLanguage":"fr-FR","potentialAction":[{"@type":"ReadAction","target":["https:\/\/blog.holyart.it\/fr\/articles-religieux\/sacre-coeur-de-jesus\/"]}]},{"@type":"ImageObject","inLanguage":"fr-FR","@id":"https:\/\/blog.holyart.it\/fr\/articles-religieux\/sacre-coeur-de-jesus\/#primaryimage","url":"https:\/\/blog.holyart.it\/fr\/wp-content\/uploads\/sites\/14\/2018\/10\/sacr\u00e9-coeur-jesus.jpg","contentUrl":"https:\/\/blog.holyart.it\/fr\/wp-content\/uploads\/sites\/14\/2018\/10\/sacr\u00e9-coeur-jesus.jpg","width":1000,"height":666,"caption":"sacr\u00e9 coeur jesus"},{"@type":"BreadcrumbList","@id":"https:\/\/blog.holyart.it\/fr\/articles-religieux\/sacre-coeur-de-jesus\/#breadcrumb","itemListElement":[{"@type":"ListItem","position":1,"name":"Homepage","item":"https:\/\/blog.holyart.it\/fr\/"},{"@type":"ListItem","position":2,"name":"Religion","item":"https:\/\/blog.holyart.it\/fr\/articles-religieux\/"},{"@type":"ListItem","position":3,"name":"Sacr\u00e9-C\u0153ur de J\u00e9sus"}]},{"@type":"WebSite","@id":"https:\/\/blog.holyart.it\/fr\/#website","url":"https:\/\/blog.holyart.it\/fr\/","name":"Holyart.fr Blog","description":"Holyblog","publisher":{"@id":"https:\/\/blog.holyart.it\/fr\/#organization"},"potentialAction":[{"@type":"SearchAction","target":{"@type":"EntryPoint","urlTemplate":"https:\/\/blog.holyart.it\/fr\/?s={search_term_string}"},"query-input":{"@type":"PropertyValueSpecification","valueRequired":true,"valueName":"search_term_string"}}],"inLanguage":"fr-FR"},{"@type":"Organization","@id":"https:\/\/blog.holyart.it\/fr\/#organization","name":"Holyart.fr Blog","url":"https:\/\/blog.holyart.it\/fr\/","logo":{"@type":"ImageObject","inLanguage":"fr-FR","@id":"https:\/\/blog.holyart.it\/fr\/#\/schema\/logo\/image\/","url":"https:\/\/blog.holyart.it\/fr\/wp-content\/uploads\/sites\/14\/2022\/12\/Holyart_Blog_Logo.jpg","contentUrl":"https:\/\/blog.holyart.it\/fr\/wp-content\/uploads\/sites\/14\/2022\/12\/Holyart_Blog_Logo.jpg","width":300,"height":50,"caption":"Holyart.fr Blog"},"image":{"@id":"https:\/\/blog.holyart.it\/fr\/#\/schema\/logo\/image\/"}},{"@type":"Person","@id":"https:\/\/blog.holyart.it\/fr\/#\/schema\/person\/0a7b686e5af0f856ec1e390dd0baecda","name":"Redazione","image":{"@type":"ImageObject","inLanguage":"fr-FR","@id":"https:\/\/blog.holyart.it\/fr\/#\/schema\/person\/image\/","url":"https:\/\/secure.gravatar.com\/avatar\/f477da817f43e50d0af36abecd33e3edf826c68299714bdc1057dff3b113f516?s=96&d=mm&r=g","contentUrl":"https:\/\/secure.gravatar.com\/avatar\/f477da817f43e50d0af36abecd33e3edf826c68299714bdc1057dff3b113f516?s=96&d=mm&r=g","caption":"Redazione"},"url":"https:\/\/blog.holyart.it\/fr\/author\/admin\/"}]}},"_links":{"self":[{"href":"https:\/\/blog.holyart.it\/fr\/wp-json\/wp\/v2\/posts\/1137","targetHints":{"allow":["GET"]}}],"collection":[{"href":"https:\/\/blog.holyart.it\/fr\/wp-json\/wp\/v2\/posts"}],"about":[{"href":"https:\/\/blog.holyart.it\/fr\/wp-json\/wp\/v2\/types\/post"}],"author":[{"embeddable":true,"href":"https:\/\/blog.holyart.it\/fr\/wp-json\/wp\/v2\/users\/1"}],"replies":[{"embeddable":true,"href":"https:\/\/blog.holyart.it\/fr\/wp-json\/wp\/v2\/comments?post=1137"}],"version-history":[{"count":1,"href":"https:\/\/blog.holyart.it\/fr\/wp-json\/wp\/v2\/posts\/1137\/revisions"}],"predecessor-version":[{"id":9859,"href":"https:\/\/blog.holyart.it\/fr\/wp-json\/wp\/v2\/posts\/1137\/revisions\/9859"}],"wp:featuredmedia":[{"embeddable":true,"href":"https:\/\/blog.holyart.it\/fr\/wp-json\/wp\/v2\/media\/1192"}],"wp:attachment":[{"href":"https:\/\/blog.holyart.it\/fr\/wp-json\/wp\/v2\/media?parent=1137"}],"wp:term":[{"taxonomy":"category","embeddable":true,"href":"https:\/\/blog.holyart.it\/fr\/wp-json\/wp\/v2\/categories?post=1137"},{"taxonomy":"post_tag","embeddable":true,"href":"https:\/\/blog.holyart.it\/fr\/wp-json\/wp\/v2\/tags?post=1137"}],"curies":[{"name":"wp","href":"https:\/\/api.w.org\/{rel}","templated":true}]}}