{"id":11332,"date":"2025-10-15T10:00:21","date_gmt":"2025-10-15T08:00:21","guid":{"rendered":"https:\/\/blog.holyart.it\/fr\/?p=11332"},"modified":"2025-10-13T17:52:22","modified_gmt":"2025-10-13T15:52:22","slug":"les-marches-de-noel-les-plus-beaux-ditalie","status":"publish","type":"post","link":"https:\/\/blog.holyart.it\/fr\/noel\/les-marches-de-noel-les-plus-beaux-ditalie\/","title":{"rendered":"Les march\u00e9s de No\u00ebl les plus beaux d\u2019Italie"},"content":{"rendered":"<h4><em>De la Val d\u2019Aoste \u00e0 Naples, les march\u00e9s de No\u00ebl sont devenus une tradition irrempla\u00e7able dans notre pays aussi. Voici les plus beaux d\u2019Italie<\/em><\/h4>\n\n<p>Temps de f\u00eate, temps de <strong>march\u00e9s de No\u00ebl<\/strong>. Nous avons d\u00e9j\u00e0 d\u00e9di\u00e9 un article aux <a href=\"https:\/\/www.holyart.fr\/blog\/articles-religieux\/les-plus-beaux-marches-de-noel-en-europe\/\"><strong><u>plus beaux march\u00e9s de No\u00ebl en Europe<\/u><\/strong><\/a>, mais si l\u2019atmosph\u00e8re qu\u2019on respire pendant les F\u00eates \u00e0 Innsbruck, ou Lugano, ou Nuremberg reste extr\u00eamement suggestive, en Italie nous ne valons pas moins.<\/p>\n<p>En effet, dans beaucoup de nos villes aussi sont install\u00e9s des <a href=\"https:\/\/www.holyart.fr\/noel\/villages-de-noel-miniatures\"><strong>villages de No\u00ebl<\/strong><\/a> <strong>et des march\u00e9s<\/strong> \u00e0 th\u00e8me, dans lesquels il est possible de se laisser envelopper par les lumi\u00e8res, les couleurs et les saveurs, bref par la magique <strong>atmosph\u00e8re des F\u00eates<\/strong>. Des march\u00e9s de No\u00ebl \u00e0 <strong>Naples<\/strong> \u00e0 ceux de la <strong>Val d\u2019Aoste<\/strong>, en passant par <strong>V\u00e9rone<\/strong>, <strong>Bressanone<\/strong> et, bien \u00e9videmment, <strong>Merano<\/strong>, les villes et les places s\u2019illuminent de <strong>luminaires color\u00e9s<\/strong> et de <strong>stands gastronomiques<\/strong>, qui offrent p\u00e2tisseries, marrons chauds et tous les <strong>produits typiques des F\u00eates<\/strong>, mais aussi des <strong>objets artisanaux<\/strong>, jouets et id\u00e9es cadeaux joyeuses et pittoresques.<\/p>\n<p>Certains march\u00e9s sont install\u00e9s \u00e0 des <strong>endroits historiques et merveilleux<\/strong>, qui les rend<\/p>\n<div class=\"link-product\">\n<div class=\"blocco-immagine\"><img loading=\"lazy\" decoding=\"async\" class=\"size-full wp-image-11338 alignleft\" src=\"https:\/\/blog.holyart.it\/fr\/wp-content\/uploads\/sites\/14\/2025\/10\/paysage-de-montagne-avec-lumiere-led-blanc-chaud-30x45x10-cm-1.jpg\" alt=\"Villages de No\u00ebl miniatures\" width=\"100\" height=\"100\" data-kale-share-title=\"Les march\u00e9s de No\u00ebl les plus beaux d\u2019Italie\" data-kale-share-url=\"https:\/\/blog.holyart.it\/fr\/?p=11332\" \/><\/div>\n<div class=\"blocco-contenuto\">\n<div class=\"blocco-acquista\">Acheter sur Holyart:<\/div>\n<div class=\"blocco-titolo\"><a href=\"https:\/\/www.holyart.fr\/noel\/villages-de-noel-miniatures\">Villages de No\u00ebl miniatures<\/a><\/div>\n<div class=\"blocco-descrizione\">Villages de No\u00ebl miniatures. Villages et paysages de No\u00ebl \u00e9clair\u00e9s et anim\u00e9s, faits \u00e0 base de r\u00e9sine. Cette cat\u00e9gorie, est d\u00e9di\u00e9e&#8230;<\/div>\n<\/div>\n<\/div>\n<p>ent encore plus magiques et suggestifs. Un exemple pour tous est le <strong>March\u00e9 Vert No\u00ebl <\/strong>d\u2019<strong>Aoste<\/strong>, situ\u00e9 \u00e0 proximit\u00e9 des restes de l\u2019amphith\u00e9\u00e2tre Romain et de la Porte Pr\u00e9torienne, ou celui de <strong>Bressanone<\/strong>, qui se d\u00e9veloppe dans le centre historique m\u00e9di\u00e9val, ou aussi <strong>V\u00e9rone<\/strong>, o\u00f9 m\u00eame l\u2019Ar\u00e8ne est envelopp\u00e9e par les lumi\u00e8res et l\u2019atmosph\u00e8re festive.<\/p>\n<p>D\u00e9couvrons quelques-uns parmi les plus beaux march\u00e9s de No\u00ebl de notre pays, g\u00e9n\u00e9ralement ouverts de fin novembre \u00e0 l\u2019\u00c9piphanie.<\/p>\n<div class=\"link-article\">\n<p><img loading=\"lazy\" decoding=\"async\" class=\"size-full wp-image-11340 alignleft\" src=\"https:\/\/blog.holyart.it\/fr\/wp-content\/uploads\/sites\/14\/2025\/10\/Marches-de-Noel-en-Europe.jpg\" alt=\"March\u00e9s de No\u00ebl en Europe\" width=\"150\" height=\"99\" data-kale-share-title=\"Les march\u00e9s de No\u00ebl les plus beaux d\u2019Italie\" data-kale-share-url=\"https:\/\/blog.holyart.it\/fr\/?p=11332\" \/><\/p>\n<div class=\"leggi-anche\">Lire aussi :<\/div>\n<p><strong><a href=\"https:\/\/www.holyart.fr\/blog\/articles-religieux\/les-plus-beaux-marches-de-noel-en-europe\/\">Les plus beaux march\u00e9s de No\u00ebl en Europe<\/a><\/strong><br \/>\nChalets \u00e9clair\u00e9s par des lumi\u00e8res color\u00e9es, des produits artisanaux, des sp\u00e9cialit\u00e9s gastronomiques&#8230;<\/p>\n<\/div>\n<h2>March\u00e9s de No\u00ebl : Merano<\/h2>\n<p><strong>De novembre \u00e0 janvier<\/strong>, la magnifique <strong>Merano<\/strong>, la principale ville thermale et de soin du Trentin Haut-Adige, accueille touristes et curieux le long des rives du <strong>fleuve Passirio<\/strong> et dans son centre historique, transform\u00e9 pour l\u2019occasion en un monde magique fait de produits typiques, mais anim\u00e9 surtout de nombreuses et belles traditions de No\u00ebl locales. La ville est magnifique en soi toute l\u2019ann\u00e9e, avec ses souvenirs d\u2019Habsbourg qui \u00e9voquent les fastes de la Belle \u00c9poque, quand Merano accueillait les t\u00eates couronn\u00e9es et les nobles de toute l\u2019Europe, avec des bijoux architecturaux comme le ch\u00e2teau des Habsbourg et le jardin botanique du ch\u00e2teau de la princesse Sissi (castel <em>Trauttmannsdorf<\/em> ). En se promenant par les 80 kiosques et plus regorgeant de produits artisanaux et de gourmandises gastronomiques, vous aurez vraiment la sensation d\u2019\u00eatre revenus en arri\u00e8re dans le temps. Outre qu\u2019admirer les produits expos\u00e9s, dans les march\u00e9s de No\u00ebl \u00e0 Merano <a href=\"https:\/\/www.holyart.fr\/noel\/villages-de-noel-miniatures\/decor-de-noel-20x45x25-cm-patinage-mouvement-gnome-courant\"><strong>on patine sur la glace<\/strong><\/a>, on admire la Cr\u00e8che vivante, on visite la ville \u00e0 la lumi\u00e8re des lanternes, peut-\u00eatre avec les plus petits \u00e0 dos de poney, et on savoure la p\u00e2tisserie festive locale, accompagn\u00e9e d\u2019un r\u00e9confortant th\u00e9, chocolat ou vin chaud.<\/p>\n<div class=\"link-product\">\n<div class=\"blocco-immagine\"><img loading=\"lazy\" decoding=\"async\" class=\"size-full wp-image-11342 alignleft\" src=\"https:\/\/blog.holyart.it\/fr\/wp-content\/uploads\/sites\/14\/2025\/10\/decor-de-noel-20x45x25-cm-patinage-mouvement-gnome-courant.jpg\" alt=\"D\u00e9cor de No\u00ebl 20x45x25 cm patinage mouvement gnome courant\" width=\"100\" height=\"100\" data-kale-share-title=\"Les march\u00e9s de No\u00ebl les plus beaux d\u2019Italie\" data-kale-share-url=\"https:\/\/blog.holyart.it\/fr\/?p=11332\" \/><\/div>\n<div class=\"blocco-contenuto\">\n<div class=\"blocco-acquista\">Acheter sur Holyart:<\/div>\n<div class=\"blocco-titolo\"><a href=\"https:\/\/www.holyart.fr\/noel\/villages-de-noel-miniatures\/decor-de-noel-20x45x25-cm-patinage-mouvement-gnome-courant\">D\u00e9cor de No\u00ebl 20x45x25 cm patinage mouvement gnome courant<\/a><\/div>\n<div class=\"blocco-descrizione\">D\u00e9cor de No\u00ebl 18x45x26 cm patinage mouvement gnome courant. Village hivernal avec patineurs en mouvement et gnome, r\u00e9alis\u00e9 en r\u00e9sine&#8230;<\/div>\n<\/div>\n<\/div>\n<p>Les March\u00e9s de No\u00ebl de Merano sont <strong>certifi\u00e9s Green Event<\/strong>, avec le respect maximal d\u2019un c\u00f4t\u00e9 de l\u2019environnement, m\u00eame \u00e0 travers la gestion des d\u00e9chets et la mobilit\u00e9 durable, et de l\u2019autre avec le but pr\u00e9cis de valoriser les ressources locales et les produits r\u00e9gionaux.<\/p>\n<h2>March\u00e9s de No\u00ebl : Aoste<\/h2>\n<p>Nous avons mentionn\u00e9 le <strong>March\u00e9 Vert No\u00ebl <\/strong>d\u2019<strong>Aoste<\/strong>, g\u00e9n\u00e9ralement install\u00e9 pr\u00e8s des restes de l\u2019amphith\u00e9\u00e2tre Romain et de la Porte Pr\u00e9torienne. Le March\u00e9 Vert No\u00ebl est <strong>ouvert de novembre \u00e0 janvier 2024<\/strong> et repropose un authentique <strong>village alpin<\/strong> compos\u00e9 de 50 chalets en bois, dans une explosion de luminaires color\u00e9s qui, en s\u2019allumant au coucher du soleil, \u00e9voquent la magie d\u2019un village des contes de f\u00e9es. Outre les <a href=\"https:\/\/www.holyart.fr\/noel\/decorations-sapin-de-noel\/decorations-sapin-bois-et-pvc\/decoration-de-noel-bois-faconne-creche-nativite\"><strong>produits en bois<\/strong><\/a> typiques de la r\u00e9gion, vous y trouverez des id\u00e9es cadeaux en laine, feutre, chanvre pour un style nordique irr\u00e9sistible, c\u00e9ramiques et bien plus encore. Les artisans seront plus qu\u2019heureux de montrer aux visiteurs les secrets de leur art ancien.<\/p>\n<div class=\"link-product\">\n<div class=\"blocco-immagine\"><img loading=\"lazy\" decoding=\"async\" class=\"size-full wp-image-11344 alignleft\" src=\"https:\/\/blog.holyart.it\/fr\/wp-content\/uploads\/sites\/14\/2025\/10\/decoration-de-noel-bois-faconne-creche-nativite.jpg\" alt=\"D\u00e9coration de No\u00ebl bois fa\u00e7onn\u00e9 Cr\u00e8che Nativit\u00e9\" width=\"100\" height=\"100\" data-kale-share-title=\"Les march\u00e9s de No\u00ebl les plus beaux d\u2019Italie\" data-kale-share-url=\"https:\/\/blog.holyart.it\/fr\/?p=11332\" \/><\/div>\n<div class=\"blocco-contenuto\">\n<div class=\"blocco-acquista\">Acheter sur Holyart:<\/div>\n<div class=\"blocco-titolo\"><a href=\"https:\/\/www.holyart.fr\/noel\/decorations-sapin-de-noel\/decorations-sapin-bois-et-pvc\/decoration-de-noel-bois-faconne-creche-nativite\">D\u00e9coration de No\u00ebl bois fa\u00e7onn\u00e9 Cr\u00e8che Nativit\u00e9<\/a><\/div>\n<div class=\"blocco-descrizione\">D\u00e9coration de No\u00ebl bois fa\u00e7onn\u00e9 Cr\u00e8che Nativit\u00e9. D\u00e9coration de No\u00ebl en bois fa\u00e7onn\u00e9 en forme de b\u00fbche, repr\u00e9sentant la Nativit\u00e9&#8230;<\/div>\n<\/div>\n<\/div>\n<p>Il y a, en outre, de tr\u00e8s nombreux <strong>stands gastronomiques<\/strong> qui offrent toutes les sp\u00e9cialit\u00e9s locales, du fontina au jambon cru de Bosses, du sanglier au Lard d\u2019Arnad DOP, et puis les desserts typiques tr\u00e8s gourmands, beaucoup de vin chaud et de produits locaux.<\/p>\n<p><strong>Place Emile Chanoux<\/strong>, on patine sur la glace autour d\u2019un grand <a href=\"https:\/\/www.holyart.fr\/noel\/sapins-de-noel\/sapin-de-noel-come-210-cm-vert-full-poly-realiste\"><strong><u>Sapin de No\u00ebl illumin\u00e9<\/u><\/strong><\/a>.<\/p>\n<div class=\"link-product\">\n<div class=\"blocco-immagine\"><img loading=\"lazy\" decoding=\"async\" class=\"size-full wp-image-11345 alignleft\" src=\"https:\/\/blog.holyart.it\/fr\/wp-content\/uploads\/sites\/14\/2025\/10\/sapin-de-noel-come-210-cm-vert-full-poly-realiste.jpg\" alt=\"Sapin de No\u00ebl C\u00f4me 210 cm vert full Poly r\u00e9aliste\" width=\"100\" height=\"100\" data-kale-share-title=\"Les march\u00e9s de No\u00ebl les plus beaux d\u2019Italie\" data-kale-share-url=\"https:\/\/blog.holyart.it\/fr\/?p=11332\" \/><\/div>\n<div class=\"blocco-contenuto\">\n<div class=\"blocco-acquista\">Acheter sur Holyart:<\/div>\n<div class=\"blocco-titolo\"><a href=\"https:\/\/www.holyart.fr\/noel\/sapins-de-noel\/sapin-de-noel-come-210-cm-vert-full-poly-realiste\">Sapin de No\u00ebl C\u00f4me 210 cm vert full Poly r\u00e9aliste<\/a><\/div>\n<div class=\"blocco-descrizione\">Sapin de No\u00ebl d&rsquo;un extr\u00eame r\u00e9alisme, au branchage dense, fa\u00e7onn\u00e9 sur de vraies branches d&rsquo;arbre gr\u00e2ce au mat\u00e9riau Poly Feel Real&#8230;<\/div>\n<\/div>\n<\/div>\n<h2>March\u00e9s de No\u00ebl : V\u00e9rone<\/h2>\n<p><strong>De novembre \u00e0 d\u00e9cembre <\/strong>\u00e0 <strong>V\u00e9rone<\/strong> aussi, ville patrimoine de l\u2019UNESCO, habille de lumi\u00e8res et des couleurs de No\u00ebl ses <strong>monuments<\/strong> et son histoire. On part de l\u2019entr\u00e9e de la ville et, en traversant le centre historique avec une longue, \u00e9tincelante tra\u00een\u00e9e de lumi\u00e8res, on arrive jusqu\u2019\u00e0 Place Bra. Ici la gigantesque <strong>com\u00e8te de No\u00ebl<\/strong>, con\u00e7ue par Alfredo Troisi et dessin\u00e9e par Rinaldo Olivieri, la plus grande sculpture m\u00e9tallique au monde avec ses 88 tonnes et une hauteur de 100 m\u00e8tres, encadre l\u2019encore plus majestueuse <strong>Ar\u00e8ne<\/strong>.<\/p>\n<p><strong>Places des Seigneurs<\/strong>, une centaine d\u2019exposants allemands du <em>Christkindlmarkt<\/em>\u00a0de Nuremberg apportent un \u00e9chantillon des produits typiques de l\u2019artisanats et de la gastronomie allemande, tandis que la <strong>Place de l\u2019Ind\u00e9pendance<\/strong> est transform\u00e9e en une for\u00eat enchant\u00e9e, o\u00f9 tr\u00f4ne la Maison du P\u00e8re No\u00ebl. Si vous pr\u00e9f\u00e9rez l\u2019artisanat italien et les produits locaux, dans le <strong>Cortile del Mercato Vecchio<\/strong>, il y a un march\u00e9 de No\u00ebl traditionnel, riche en sp\u00e9cialit\u00e9s et produits artisanaux.<\/p>\n<p>Sur <a href=\"https:\/\/www.holyart.fr\/blog\/articles-religieux\/basilique-de-san-zeno-les-carreaux-de-bronze-de-son-celebre-portail\/\"><strong><u>Place San Zeno<\/u><\/strong><\/a> on patine sur la glace et dans le <strong>Palais Gran Guardia<\/strong> on peut admirer l\u2019<strong>Exposition Internationale de Cr\u00e8ches du Monde <\/strong>avec plus de 400 \u0153uvres d\u2019art de cr\u00e8ches du monde entier, ins\u00e9r\u00e9e, \u00e0 raison, dans le Guinness des records.<\/p>\n<div class=\"link-article\">\n<p><img loading=\"lazy\" decoding=\"async\" class=\"size-full wp-image-11347 alignleft\" src=\"https:\/\/blog.holyart.it\/fr\/wp-content\/uploads\/sites\/14\/2025\/10\/Basilique-de-San-Zeno.jpg\" alt=\"Basilique de San Zeno\" width=\"150\" height=\"99\" data-kale-share-title=\"Les march\u00e9s de No\u00ebl les plus beaux d\u2019Italie\" data-kale-share-url=\"https:\/\/blog.holyart.it\/fr\/?p=11332\" \/><\/p>\n<div class=\"leggi-anche\">Lire aussi :<\/div>\n<p><strong><a href=\"https:\/\/www.holyart.fr\/blog\/articles-religieux\/basilique-de-san-zeno-les-carreaux-de-bronze-de-son-celebre-portail\/\">Basilique de San Zeno : les carreaux de bronze de son c\u00e9l\u00e8bre portail<\/a><\/strong><br \/>\nLa Basilique de San Zeno \u00e0 V\u00e9rone est un des chefs d\u2019\u0153uvre du style&#8230;<\/p>\n<\/div>\n<h2>March\u00e9s de No\u00ebl : Naples<\/h2>\n<p>S\u2019il est vrai qu\u2019\u00e0 <strong>Naples<\/strong> c\u2019est No\u00ebl un peu toute l\u2019ann\u00e9e, avec les cr\u00e8ches de <a href=\"https:\/\/www.holyart.fr\/blog\/saints-et-bienheureux\/saint-gregoire-lilluminateur\/\"><strong><u>San Gregorio Armeno<\/u><\/strong><\/a>, <strong>de d\u00e9cembre \u00e0 janvier<\/strong> les ma\u00eetres de l\u2019art de la cr\u00e8che napolitaine s\u2019unissent aux autres artisans locaux pour pr\u00e9sider aussi les March\u00e9s de No\u00ebl de Naples, <strong>entre rue San Gregorio Armeno et Spaccanapoli<\/strong>, en offrant non seulement leurs <a href=\"https:\/\/www.holyart.fr\/noel\/creches-noel\/creche-napolitaine\"><strong>c\u00e9l\u00e8bres cr\u00e8ches<\/strong><\/a>, qui chaque ann\u00e9e se peuplent de nouveaux personnages tir\u00e9s de la politique, du sport et de l\u2019actualit\u00e9, mais aussi des produits artisanaux, des id\u00e9es cadeaux et des sp\u00e9cialit\u00e9s gastronomiques.<\/p>\n<p>Outre <strong>rue San Gregorio Armeno<\/strong>, la No\u00ebl de Naples rempli les rues et les ruelles de <strong>rue Duomo<\/strong> et autour du <strong>Decumanus Maximus<\/strong>, avec kiosques, <a href=\"https:\/\/www.holyart.fr\/noel\/guirlandes-lumineuses-de-noel\"><strong>luminaires<\/strong><\/a> et <a href=\"https:\/\/www.holyart.fr\/noel\/decorations-noel-pour-la-maison\/guirlandes-couronnes-de-noel\"><strong>guirlandes color\u00e9es<\/strong><\/a>.<\/p>\n<div class=\"link-product\">\n<div class=\"blocco-immagine\"><img loading=\"lazy\" decoding=\"async\" class=\"size-full wp-image-11349 alignleft\" src=\"https:\/\/blog.holyart.it\/fr\/wp-content\/uploads\/sites\/14\/2025\/10\/ange-en-terre-cuite-14-cm-creche-napolitaine.jpg\" alt=\"Cr\u00e8che Napolitaine\" width=\"100\" height=\"100\" data-kale-share-title=\"Les march\u00e9s de No\u00ebl les plus beaux d\u2019Italie\" data-kale-share-url=\"https:\/\/blog.holyart.it\/fr\/?p=11332\" \/><\/div>\n<div class=\"blocco-contenuto\">\n<div class=\"blocco-acquista\">Acheter sur Holyart:<\/div>\n<div class=\"blocco-titolo\"><a href=\"https:\/\/www.holyart.fr\/noel\/creches-noel\/creche-napolitaine\">Cr\u00e8che Napolitaine<\/a><\/div>\n<div class=\"blocco-descrizione\">Cr\u00e8che napolitaine: rayon d\u00e9di\u00e9 \u00e0 la cr\u00e8che napolitaine, santons r\u00e9alis\u00e9e \u00e0 la main en Italie \u00e0 Naples, c\u0153ur de la tradition des cr\u00e8ches de No\u00ebl&#8230;<\/div>\n<\/div>\n<\/div>\n<p>Dans le <strong>Mus\u00e9e National Ferroviaire de Pietrarsa<\/strong> est install\u00e9e la quatri\u00e8me \u00e9dition des <strong>March\u00e9s de No\u00ebl de Naples<\/strong>, o\u00f9 l\u2019atmosph\u00e8re de No\u00ebl offerte par les chalets en bois, la musique et les produits typiques des F\u00eates s\u2019unit aux initiatives pour les enfants, comme la pr\u00e9sentation des locomotives du Polar Express et la visite de la Maison du P\u00e8re No\u00ebl, et \u00e0 des spectacles en direct pour les adultes.<\/p>\n<p>Des <a href=\"https:\/\/www.holyart.fr\/noel\/creches-noel\/creches-de-noel-mignon\"><strong>cr\u00e8ches en miniature<\/strong><\/a> seront expos\u00e9es dans la <strong>Basilique San Lorenzo Maggiore<\/strong>, tandis que sur la <strong>Place San Gaetano<\/strong> seront install\u00e9es de suggestives Cr\u00e8ches vivantes.<\/p>\n<p>Le <strong>front de mer<\/strong> sera illumin\u00e9 par les innombrables lumi\u00e8res LED d\u2019un majestueux Sapin de No\u00ebl de 40 m\u00e8tres de haut.<\/p>\n<div class=\"link-product\">\n<div class=\"blocco-immagine\"><img loading=\"lazy\" decoding=\"async\" class=\"size-full wp-image-11350 alignleft\" src=\"https:\/\/blog.holyart.it\/fr\/wp-content\/uploads\/sites\/14\/2025\/10\/portacandela-sacra-famiglia-in-vetro-colorato.jpg\" alt=\"Presepe Mignon\" width=\"100\" height=\"100\" data-kale-share-title=\"Les march\u00e9s de No\u00ebl les plus beaux d\u2019Italie\" data-kale-share-url=\"https:\/\/blog.holyart.it\/fr\/?p=11332\" \/><\/div>\n<div class=\"blocco-contenuto\">\n<div class=\"blocco-acquista\">Acheter sur Holyart:<\/div>\n<div class=\"blocco-titolo\"><a href=\"https:\/\/www.holyart.fr\/noel\/creches-noel\/creches-de-noel-mignon\">Cr\u00e8ches de No\u00ebl mignon<\/a><\/div>\n<div class=\"blocco-descrizione\">Cr\u00e8ches de No\u00ebl mignon : Sainte Famille ou cr\u00e8ches comp\u00e8tes de petites dimensions \u00e0 exposer ou \u00e0 porter toujours avec soi&#8230;<\/div>\n<\/div>\n<\/div>\n<h2>March\u00e9 de No\u00ebl : Bolzano<\/h2>\n<p><strong>De novembre \u00e0 janvier, place Walther<\/strong>, le \u00ab\u00a0salon citadin\u00a0\u00bb de Bolzano au c\u0153ur du centre historique m\u00e9di\u00e9val se transforme en <strong><em>Christkindlmarkt, <\/em><\/strong>le tr\u00e8s c\u00e9l\u00e8bre March\u00e9 de No\u00ebl typique tyrolien, le plus ancien du Haute Adige avec celui de Bressanone. Environ 80 chalets en bois se serrent le long des rues \u00e9troites du centre historique, en le transformant en un endroit f\u00e9\u00e9rique, immerg\u00e9 dans un pass\u00e9 romantique et magique.<\/p>\n<p>Pour les passionn\u00e9s de grappa et de bi\u00e8re, dans le Parco della Stazione, transform\u00e9 pour l\u2019occasion en <strong>Parc de No\u00ebl<\/strong> et illumin\u00e9 par la magique <a href=\"https:\/\/www.holyart.fr\/noel\/guirlandes-lumineuses-de-noel\/figures-de-noel-lumineuses\/comete-double-etoile-tube-led-blanc-chaud-30x80-cm-int-ext\"><strong>\u00c9toile de No\u00ebl<\/strong><\/a>, un autre march\u00e9 avec 40 kiosques d\u2019artisanat artistique et gastronomique offrira des <strong>d\u00e9gustations de distill\u00e9s et de bi\u00e8res artisanales du Haute Adige<\/strong>. \u00c0 ne pas rater les nombreuses sp\u00e9cialit\u00e9s tyroliennes, du speck aux <em>kn\u00f6del<\/em> et aux\u00a0<em>Schlutzkrapfen<\/em>, du jambonneau au four avec choucroute, au str\u00fcdel, le tout arros\u00e9 d\u2019<em>Apfelsaft<\/em>, \u00e0 base de pomme, ou des nombreux pr\u00e9cieux vins rouges et blancs.<\/p>\n<div class=\"link-product\">\n<div class=\"blocco-immagine\"><img loading=\"lazy\" decoding=\"async\" class=\"size-full wp-image-11352 alignleft\" src=\"https:\/\/blog.holyart.it\/fr\/wp-content\/uploads\/sites\/14\/2025\/10\/comete-double-etoile-tube-led-blanc-chaud-30x80-cm-int-ext.jpg\" alt=\"Com\u00e8te double \u00e9toile tube LED blanc chaud 30x80 cm int\/ext\" width=\"100\" height=\"100\" data-kale-share-title=\"Les march\u00e9s de No\u00ebl les plus beaux d\u2019Italie\" data-kale-share-url=\"https:\/\/blog.holyart.it\/fr\/?p=11332\" \/><\/div>\n<div class=\"blocco-contenuto\">\n<div class=\"blocco-acquista\">Acheter sur Holyart:<\/div>\n<div class=\"blocco-titolo\"><a href=\"https:\/\/www.holyart.fr\/noel\/guirlandes-lumineuses-de-noel\/figures-de-noel-lumineuses\/comete-double-etoile-tube-led-blanc-chaud-30x80-cm-int-ext\">Com\u00e8te double \u00e9toile tube LED blanc chaud 30&#215;80 cm int\/ext <\/a><\/div>\n<div class=\"blocco-descrizione\">Com\u00e8te double \u00e9toile tube LED blanc chaud 30&#215;80 cm int\/ext. Com\u00e8te de No\u00ebl de 72 lumi\u00e8res LED blanc chaud \u00e0 lumi\u00e8re fixe&#8230;<\/div>\n<\/div>\n<\/div>\n<p>Pour les enfants, les activit\u00e9s ne manquent pas, du carrousel au petit train, et sur la piste de patinage virevoltent des patineurs de tous les \u00e2ges.<\/p>\n<p>Comme \u00e0 Merano, les chalets du March\u00e9 de No\u00ebl de Bolzano ont \u00e9galement obtenu la certification <strong>Green Event<\/strong>.<\/p>\n<p>\u00c0\u00a0<strong>Bressanone<\/strong>, on peut admirer de magnifiques cr\u00e8ches r\u00e9alis\u00e9es \u00e0 la main dans le merveilleux March\u00e9 de No\u00ebl install\u00e9 aux pieds du magnifique Duomo et dans le suggestif centre historique m\u00e9di\u00e9val. Les <strong>artisans<\/strong> travaillent dans la rue, en montrant leur art \u00e0 ceux qui souhaitent s\u2019arr\u00eater pour les admirer, et mettent en vente leurs produits. Stands gastronomiques, musique et spectacles, mais aussi le c\u00e9l\u00e8bre <strong>carrosse de No\u00ebl<\/strong> qui chaque ann\u00e9e am\u00e8ne grands et petits \u00e0 admirer la beaut\u00e9 hors du temps de la ville.<\/p>\n","protected":false},"excerpt":{"rendered":"<p>De la Val d\u2019Aoste \u00e0 Naples, les march\u00e9s de No\u00ebl sont devenus une tradition irrempla\u00e7able dans notre pays aussi. Voici les plus beaux d\u2019Italie Temps de f\u00eate, temps de march\u00e9s de No\u00ebl. Nous avons d\u00e9j\u00e0 d\u00e9di\u00e9 un article aux plus beaux march\u00e9s de No\u00ebl en&hellip;<\/p>\n","protected":false},"author":1,"featured_media":11333,"comment_status":"closed","ping_status":"open","sticky":false,"template":"","format":"standard","meta":{"_acf_changed":false,"footnotes":""},"categories":[10],"tags":[],"class_list":["post-11332","post","type-post","status-publish","format-standard","has-post-thumbnail","hentry","category-noel"],"acf":[],"yoast_head":"<!-- This site is optimized with the Yoast SEO plugin v26.6 - https:\/\/yoast.com\/wordpress\/plugins\/seo\/ -->\n<title>Les march\u00e9s de No\u00ebl les plus beaux d\u2019Italie - Holyart.fr Blog<\/title>\n<meta name=\"description\" content=\"De la Val d\u2019Aoste \u00e0 Naples, les march\u00e9s de No\u00ebl sont devenus une tradition irrempla\u00e7able dans notre pays aussi. Voici les plus beaux d\u2019Italie\" \/>\n<meta name=\"robots\" content=\"index, follow, max-snippet:-1, max-image-preview:large, max-video-preview:-1\" \/>\n<link rel=\"canonical\" href=\"https:\/\/blog.holyart.it\/fr\/noel\/les-marches-de-noel-les-plus-beaux-ditalie\/\" \/>\n<meta property=\"og:locale\" content=\"fr_FR\" \/>\n<meta property=\"og:type\" content=\"article\" \/>\n<meta property=\"og:title\" content=\"Les march\u00e9s de No\u00ebl les plus beaux d\u2019Italie - Holyart.fr Blog\" \/>\n<meta property=\"og:description\" content=\"De la Val d\u2019Aoste \u00e0 Naples, les march\u00e9s de No\u00ebl sont devenus une tradition irrempla\u00e7able dans notre pays aussi. Voici les plus beaux d\u2019Italie\" \/>\n<meta property=\"og:url\" content=\"https:\/\/blog.holyart.it\/fr\/noel\/les-marches-de-noel-les-plus-beaux-ditalie\/\" \/>\n<meta property=\"og:site_name\" content=\"Holyart.fr Blog\" \/>\n<meta property=\"article:published_time\" content=\"2025-10-15T08:00:21+00:00\" \/>\n<meta property=\"og:image\" content=\"https:\/\/blog.holyart.it\/fr\/wp-content\/uploads\/sites\/14\/2025\/10\/marches-de-Noel-en-italie.jpg\" \/>\n\t<meta property=\"og:image:width\" content=\"1000\" \/>\n\t<meta property=\"og:image:height\" content=\"666\" \/>\n\t<meta property=\"og:image:type\" content=\"image\/jpeg\" \/>\n<meta name=\"author\" content=\"Redazione\" \/>\n<meta name=\"twitter:card\" content=\"summary_large_image\" \/>\n<meta name=\"twitter:label1\" content=\"\u00c9crit par\" \/>\n\t<meta name=\"twitter:data1\" content=\"Redazione\" \/>\n\t<meta name=\"twitter:label2\" content=\"Dur\u00e9e de lecture estim\u00e9e\" \/>\n\t<meta name=\"twitter:data2\" content=\"11 minutes\" \/>\n<script type=\"application\/ld+json\" class=\"yoast-schema-graph\">{\"@context\":\"https:\/\/schema.org\",\"@graph\":[{\"@type\":\"Article\",\"@id\":\"https:\/\/blog.holyart.it\/fr\/noel\/les-marches-de-noel-les-plus-beaux-ditalie\/#article\",\"isPartOf\":{\"@id\":\"https:\/\/blog.holyart.it\/fr\/noel\/les-marches-de-noel-les-plus-beaux-ditalie\/\"},\"author\":{\"name\":\"Redazione\",\"@id\":\"https:\/\/blog.holyart.it\/fr\/#\/schema\/person\/0a7b686e5af0f856ec1e390dd0baecda\"},\"headline\":\"Les march\u00e9s de No\u00ebl les plus beaux d\u2019Italie\",\"datePublished\":\"2025-10-15T08:00:21+00:00\",\"mainEntityOfPage\":{\"@id\":\"https:\/\/blog.holyart.it\/fr\/noel\/les-marches-de-noel-les-plus-beaux-ditalie\/\"},\"wordCount\":1955,\"publisher\":{\"@id\":\"https:\/\/blog.holyart.it\/fr\/#organization\"},\"image\":{\"@id\":\"https:\/\/blog.holyart.it\/fr\/noel\/les-marches-de-noel-les-plus-beaux-ditalie\/#primaryimage\"},\"thumbnailUrl\":\"https:\/\/blog.holyart.it\/fr\/wp-content\/uploads\/sites\/14\/2025\/10\/marches-de-Noel-en-italie.jpg\",\"articleSection\":[\"No\u00ebl\"],\"inLanguage\":\"fr-FR\"},{\"@type\":\"WebPage\",\"@id\":\"https:\/\/blog.holyart.it\/fr\/noel\/les-marches-de-noel-les-plus-beaux-ditalie\/\",\"url\":\"https:\/\/blog.holyart.it\/fr\/noel\/les-marches-de-noel-les-plus-beaux-ditalie\/\",\"name\":\"Les march\u00e9s de No\u00ebl les plus beaux d\u2019Italie - Holyart.fr Blog\",\"isPartOf\":{\"@id\":\"https:\/\/blog.holyart.it\/fr\/#website\"},\"primaryImageOfPage\":{\"@id\":\"https:\/\/blog.holyart.it\/fr\/noel\/les-marches-de-noel-les-plus-beaux-ditalie\/#primaryimage\"},\"image\":{\"@id\":\"https:\/\/blog.holyart.it\/fr\/noel\/les-marches-de-noel-les-plus-beaux-ditalie\/#primaryimage\"},\"thumbnailUrl\":\"https:\/\/blog.holyart.it\/fr\/wp-content\/uploads\/sites\/14\/2025\/10\/marches-de-Noel-en-italie.jpg\",\"datePublished\":\"2025-10-15T08:00:21+00:00\",\"description\":\"De la Val d\u2019Aoste \u00e0 Naples, les march\u00e9s de No\u00ebl sont devenus une tradition irrempla\u00e7able dans notre pays aussi. Voici les plus beaux d\u2019Italie\",\"breadcrumb\":{\"@id\":\"https:\/\/blog.holyart.it\/fr\/noel\/les-marches-de-noel-les-plus-beaux-ditalie\/#breadcrumb\"},\"inLanguage\":\"fr-FR\",\"potentialAction\":[{\"@type\":\"ReadAction\",\"target\":[\"https:\/\/blog.holyart.it\/fr\/noel\/les-marches-de-noel-les-plus-beaux-ditalie\/\"]}]},{\"@type\":\"ImageObject\",\"inLanguage\":\"fr-FR\",\"@id\":\"https:\/\/blog.holyart.it\/fr\/noel\/les-marches-de-noel-les-plus-beaux-ditalie\/#primaryimage\",\"url\":\"https:\/\/blog.holyart.it\/fr\/wp-content\/uploads\/sites\/14\/2025\/10\/marches-de-Noel-en-italie.jpg\",\"contentUrl\":\"https:\/\/blog.holyart.it\/fr\/wp-content\/uploads\/sites\/14\/2025\/10\/marches-de-Noel-en-italie.jpg\",\"width\":1000,\"height\":666,\"caption\":\"march\u00e9s de No\u00ebl en italie\"},{\"@type\":\"BreadcrumbList\",\"@id\":\"https:\/\/blog.holyart.it\/fr\/noel\/les-marches-de-noel-les-plus-beaux-ditalie\/#breadcrumb\",\"itemListElement\":[{\"@type\":\"ListItem\",\"position\":1,\"name\":\"Homepage\",\"item\":\"https:\/\/blog.holyart.it\/fr\/\"},{\"@type\":\"ListItem\",\"position\":2,\"name\":\"No\u00ebl\",\"item\":\"https:\/\/blog.holyart.it\/fr\/noel\/\"},{\"@type\":\"ListItem\",\"position\":3,\"name\":\"Les march\u00e9s de No\u00ebl les plus beaux d\u2019Italie\"}]},{\"@type\":\"WebSite\",\"@id\":\"https:\/\/blog.holyart.it\/fr\/#website\",\"url\":\"https:\/\/blog.holyart.it\/fr\/\",\"name\":\"Holyart.fr Blog\",\"description\":\"Holyblog\",\"publisher\":{\"@id\":\"https:\/\/blog.holyart.it\/fr\/#organization\"},\"potentialAction\":[{\"@type\":\"SearchAction\",\"target\":{\"@type\":\"EntryPoint\",\"urlTemplate\":\"https:\/\/blog.holyart.it\/fr\/?s={search_term_string}\"},\"query-input\":{\"@type\":\"PropertyValueSpecification\",\"valueRequired\":true,\"valueName\":\"search_term_string\"}}],\"inLanguage\":\"fr-FR\"},{\"@type\":\"Organization\",\"@id\":\"https:\/\/blog.holyart.it\/fr\/#organization\",\"name\":\"Holyart.fr Blog\",\"url\":\"https:\/\/blog.holyart.it\/fr\/\",\"logo\":{\"@type\":\"ImageObject\",\"inLanguage\":\"fr-FR\",\"@id\":\"https:\/\/blog.holyart.it\/fr\/#\/schema\/logo\/image\/\",\"url\":\"https:\/\/blog.holyart.it\/fr\/wp-content\/uploads\/sites\/14\/2022\/12\/Holyart_Blog_Logo.jpg\",\"contentUrl\":\"https:\/\/blog.holyart.it\/fr\/wp-content\/uploads\/sites\/14\/2022\/12\/Holyart_Blog_Logo.jpg\",\"width\":300,\"height\":50,\"caption\":\"Holyart.fr Blog\"},\"image\":{\"@id\":\"https:\/\/blog.holyart.it\/fr\/#\/schema\/logo\/image\/\"}},{\"@type\":\"Person\",\"@id\":\"https:\/\/blog.holyart.it\/fr\/#\/schema\/person\/0a7b686e5af0f856ec1e390dd0baecda\",\"name\":\"Redazione\",\"image\":{\"@type\":\"ImageObject\",\"inLanguage\":\"fr-FR\",\"@id\":\"https:\/\/blog.holyart.it\/fr\/#\/schema\/person\/image\/\",\"url\":\"https:\/\/secure.gravatar.com\/avatar\/f477da817f43e50d0af36abecd33e3edf826c68299714bdc1057dff3b113f516?s=96&d=mm&r=g\",\"contentUrl\":\"https:\/\/secure.gravatar.com\/avatar\/f477da817f43e50d0af36abecd33e3edf826c68299714bdc1057dff3b113f516?s=96&d=mm&r=g\",\"caption\":\"Redazione\"},\"url\":\"https:\/\/blog.holyart.it\/fr\/author\/admin\/\"}]}<\/script>\n<!-- \/ Yoast SEO plugin. -->","yoast_head_json":{"title":"Les march\u00e9s de No\u00ebl les plus beaux d\u2019Italie - Holyart.fr Blog","description":"De la Val d\u2019Aoste \u00e0 Naples, les march\u00e9s de No\u00ebl sont devenus une tradition irrempla\u00e7able dans notre pays aussi. Voici les plus beaux d\u2019Italie","robots":{"index":"index","follow":"follow","max-snippet":"max-snippet:-1","max-image-preview":"max-image-preview:large","max-video-preview":"max-video-preview:-1"},"canonical":"https:\/\/blog.holyart.it\/fr\/noel\/les-marches-de-noel-les-plus-beaux-ditalie\/","og_locale":"fr_FR","og_type":"article","og_title":"Les march\u00e9s de No\u00ebl les plus beaux d\u2019Italie - Holyart.fr Blog","og_description":"De la Val d\u2019Aoste \u00e0 Naples, les march\u00e9s de No\u00ebl sont devenus une tradition irrempla\u00e7able dans notre pays aussi. Voici les plus beaux d\u2019Italie","og_url":"https:\/\/blog.holyart.it\/fr\/noel\/les-marches-de-noel-les-plus-beaux-ditalie\/","og_site_name":"Holyart.fr Blog","article_published_time":"2025-10-15T08:00:21+00:00","og_image":[{"width":1000,"height":666,"url":"https:\/\/blog.holyart.it\/fr\/wp-content\/uploads\/sites\/14\/2025\/10\/marches-de-Noel-en-italie.jpg","type":"image\/jpeg"}],"author":"Redazione","twitter_card":"summary_large_image","twitter_misc":{"\u00c9crit par":"Redazione","Dur\u00e9e de lecture estim\u00e9e":"11 minutes"},"schema":{"@context":"https:\/\/schema.org","@graph":[{"@type":"Article","@id":"https:\/\/blog.holyart.it\/fr\/noel\/les-marches-de-noel-les-plus-beaux-ditalie\/#article","isPartOf":{"@id":"https:\/\/blog.holyart.it\/fr\/noel\/les-marches-de-noel-les-plus-beaux-ditalie\/"},"author":{"name":"Redazione","@id":"https:\/\/blog.holyart.it\/fr\/#\/schema\/person\/0a7b686e5af0f856ec1e390dd0baecda"},"headline":"Les march\u00e9s de No\u00ebl les plus beaux d\u2019Italie","datePublished":"2025-10-15T08:00:21+00:00","mainEntityOfPage":{"@id":"https:\/\/blog.holyart.it\/fr\/noel\/les-marches-de-noel-les-plus-beaux-ditalie\/"},"wordCount":1955,"publisher":{"@id":"https:\/\/blog.holyart.it\/fr\/#organization"},"image":{"@id":"https:\/\/blog.holyart.it\/fr\/noel\/les-marches-de-noel-les-plus-beaux-ditalie\/#primaryimage"},"thumbnailUrl":"https:\/\/blog.holyart.it\/fr\/wp-content\/uploads\/sites\/14\/2025\/10\/marches-de-Noel-en-italie.jpg","articleSection":["No\u00ebl"],"inLanguage":"fr-FR"},{"@type":"WebPage","@id":"https:\/\/blog.holyart.it\/fr\/noel\/les-marches-de-noel-les-plus-beaux-ditalie\/","url":"https:\/\/blog.holyart.it\/fr\/noel\/les-marches-de-noel-les-plus-beaux-ditalie\/","name":"Les march\u00e9s de No\u00ebl les plus beaux d\u2019Italie - Holyart.fr Blog","isPartOf":{"@id":"https:\/\/blog.holyart.it\/fr\/#website"},"primaryImageOfPage":{"@id":"https:\/\/blog.holyart.it\/fr\/noel\/les-marches-de-noel-les-plus-beaux-ditalie\/#primaryimage"},"image":{"@id":"https:\/\/blog.holyart.it\/fr\/noel\/les-marches-de-noel-les-plus-beaux-ditalie\/#primaryimage"},"thumbnailUrl":"https:\/\/blog.holyart.it\/fr\/wp-content\/uploads\/sites\/14\/2025\/10\/marches-de-Noel-en-italie.jpg","datePublished":"2025-10-15T08:00:21+00:00","description":"De la Val d\u2019Aoste \u00e0 Naples, les march\u00e9s de No\u00ebl sont devenus une tradition irrempla\u00e7able dans notre pays aussi. Voici les plus beaux d\u2019Italie","breadcrumb":{"@id":"https:\/\/blog.holyart.it\/fr\/noel\/les-marches-de-noel-les-plus-beaux-ditalie\/#breadcrumb"},"inLanguage":"fr-FR","potentialAction":[{"@type":"ReadAction","target":["https:\/\/blog.holyart.it\/fr\/noel\/les-marches-de-noel-les-plus-beaux-ditalie\/"]}]},{"@type":"ImageObject","inLanguage":"fr-FR","@id":"https:\/\/blog.holyart.it\/fr\/noel\/les-marches-de-noel-les-plus-beaux-ditalie\/#primaryimage","url":"https:\/\/blog.holyart.it\/fr\/wp-content\/uploads\/sites\/14\/2025\/10\/marches-de-Noel-en-italie.jpg","contentUrl":"https:\/\/blog.holyart.it\/fr\/wp-content\/uploads\/sites\/14\/2025\/10\/marches-de-Noel-en-italie.jpg","width":1000,"height":666,"caption":"march\u00e9s de No\u00ebl en italie"},{"@type":"BreadcrumbList","@id":"https:\/\/blog.holyart.it\/fr\/noel\/les-marches-de-noel-les-plus-beaux-ditalie\/#breadcrumb","itemListElement":[{"@type":"ListItem","position":1,"name":"Homepage","item":"https:\/\/blog.holyart.it\/fr\/"},{"@type":"ListItem","position":2,"name":"No\u00ebl","item":"https:\/\/blog.holyart.it\/fr\/noel\/"},{"@type":"ListItem","position":3,"name":"Les march\u00e9s de No\u00ebl les plus beaux d\u2019Italie"}]},{"@type":"WebSite","@id":"https:\/\/blog.holyart.it\/fr\/#website","url":"https:\/\/blog.holyart.it\/fr\/","name":"Holyart.fr Blog","description":"Holyblog","publisher":{"@id":"https:\/\/blog.holyart.it\/fr\/#organization"},"potentialAction":[{"@type":"SearchAction","target":{"@type":"EntryPoint","urlTemplate":"https:\/\/blog.holyart.it\/fr\/?s={search_term_string}"},"query-input":{"@type":"PropertyValueSpecification","valueRequired":true,"valueName":"search_term_string"}}],"inLanguage":"fr-FR"},{"@type":"Organization","@id":"https:\/\/blog.holyart.it\/fr\/#organization","name":"Holyart.fr Blog","url":"https:\/\/blog.holyart.it\/fr\/","logo":{"@type":"ImageObject","inLanguage":"fr-FR","@id":"https:\/\/blog.holyart.it\/fr\/#\/schema\/logo\/image\/","url":"https:\/\/blog.holyart.it\/fr\/wp-content\/uploads\/sites\/14\/2022\/12\/Holyart_Blog_Logo.jpg","contentUrl":"https:\/\/blog.holyart.it\/fr\/wp-content\/uploads\/sites\/14\/2022\/12\/Holyart_Blog_Logo.jpg","width":300,"height":50,"caption":"Holyart.fr Blog"},"image":{"@id":"https:\/\/blog.holyart.it\/fr\/#\/schema\/logo\/image\/"}},{"@type":"Person","@id":"https:\/\/blog.holyart.it\/fr\/#\/schema\/person\/0a7b686e5af0f856ec1e390dd0baecda","name":"Redazione","image":{"@type":"ImageObject","inLanguage":"fr-FR","@id":"https:\/\/blog.holyart.it\/fr\/#\/schema\/person\/image\/","url":"https:\/\/secure.gravatar.com\/avatar\/f477da817f43e50d0af36abecd33e3edf826c68299714bdc1057dff3b113f516?s=96&d=mm&r=g","contentUrl":"https:\/\/secure.gravatar.com\/avatar\/f477da817f43e50d0af36abecd33e3edf826c68299714bdc1057dff3b113f516?s=96&d=mm&r=g","caption":"Redazione"},"url":"https:\/\/blog.holyart.it\/fr\/author\/admin\/"}]}},"_links":{"self":[{"href":"https:\/\/blog.holyart.it\/fr\/wp-json\/wp\/v2\/posts\/11332","targetHints":{"allow":["GET"]}}],"collection":[{"href":"https:\/\/blog.holyart.it\/fr\/wp-json\/wp\/v2\/posts"}],"about":[{"href":"https:\/\/blog.holyart.it\/fr\/wp-json\/wp\/v2\/types\/post"}],"author":[{"embeddable":true,"href":"https:\/\/blog.holyart.it\/fr\/wp-json\/wp\/v2\/users\/1"}],"replies":[{"embeddable":true,"href":"https:\/\/blog.holyart.it\/fr\/wp-json\/wp\/v2\/comments?post=11332"}],"version-history":[{"count":14,"href":"https:\/\/blog.holyart.it\/fr\/wp-json\/wp\/v2\/posts\/11332\/revisions"}],"predecessor-version":[{"id":11356,"href":"https:\/\/blog.holyart.it\/fr\/wp-json\/wp\/v2\/posts\/11332\/revisions\/11356"}],"wp:featuredmedia":[{"embeddable":true,"href":"https:\/\/blog.holyart.it\/fr\/wp-json\/wp\/v2\/media\/11333"}],"wp:attachment":[{"href":"https:\/\/blog.holyart.it\/fr\/wp-json\/wp\/v2\/media?parent=11332"}],"wp:term":[{"taxonomy":"category","embeddable":true,"href":"https:\/\/blog.holyart.it\/fr\/wp-json\/wp\/v2\/categories?post=11332"},{"taxonomy":"post_tag","embeddable":true,"href":"https:\/\/blog.holyart.it\/fr\/wp-json\/wp\/v2\/tags?post=11332"}],"curies":[{"name":"wp","href":"https:\/\/api.w.org\/{rel}","templated":true}]}}