{"id":11275,"date":"2025-10-08T10:00:16","date_gmt":"2025-10-08T08:00:16","guid":{"rendered":"https:\/\/blog.holyart.it\/fr\/?p=11275"},"modified":"2025-10-07T15:18:32","modified_gmt":"2025-10-07T13:18:32","slug":"bartolo-longo-son-heritage-spirituel-et-la-canonisation-au-jubile-2025","status":"publish","type":"post","link":"https:\/\/blog.holyart.it\/fr\/saints-et-bienheureux\/bartolo-longo-son-heritage-spirituel-et-la-canonisation-au-jubile-2025\/","title":{"rendered":"Bartolo Longo : son h\u00e9ritage spirituel et la canonisation au Jubil\u00e9 2025"},"content":{"rendered":"<h4>Bartolo Longo : l\u2019homme qui ressuscita \u00e0 Pomp\u00e9i. H\u00e9ritage, foi et le chant immortelle de la Supplication au Jubil\u00e9 2025<\/h4>\n\n<p>Il y a un chemin qui n\u2019est pas fait que de pierres et de poussi\u00e8re, mais aussi de choix, d\u2019ombres et de r\u00e9demption. <strong>Bartolo Longo<\/strong> a march\u00e9 tout au long de ce chemin\u00a0: un homme qui a su traverser la nuit la plus sombre pour d\u00e9couvrir, en lui-m\u00eame et dans la d\u00e9votion \u00e0 la Vierge Marie, la flamme d\u2019une renaissance.<br \/>\nN\u00e9 en 1841 \u00e0 Latiano, au c\u0153ur des Pouilles paysannes, Bartolo n\u2019a pas toujours \u00e9t\u00e9 le saint que nous v\u00e9n\u00e9rons aujourd\u2019hui. Sa jeunesse a \u00e9t\u00e9 marqu\u00e9 par le doute, la recherche, la chute. Dans une Naples turbulente et affam\u00e9e de spiritualit\u00e9, il s\u2019\u00e9tait laiss\u00e9 s\u00e9duire par des philosophies occultes et a \u00e9t\u00e9 initi\u00e9 au satanisme, en vivant les ann\u00e9es les plus sombres de son \u00e2me. Mais, comme cela arrive souvent dans les vies pr\u00e9destin\u00e9es, une lumi\u00e8re s\u2019est allum\u00e9 au moment o\u00f9 tout semblait perdu\u00a0: c\u2019est la rencontre avec le <strong><a href=\"https:\/\/www.holyart.fr\/blog\/articles-religieux\/octobre-le-mois-du-saint-rosaire\/\"><u>Rosaire<\/u>,<\/a><\/strong> avec la foi simple et solide qui depuis des si\u00e8cles prot\u00e8ge l\u2019esp\u00e9rance du peuple chr\u00e9tien. Et c\u2019est \u00e0 Pomp\u00e9i, o\u00f9 la mis\u00e8re \u00e9tait la plus f\u00e9roce et le d\u00e9sespoir le plus intense, qu\u2019il a choisi de rena\u00eetre.<\/p>\n<div class=\"link-article\">\n<p><img loading=\"lazy\" decoding=\"async\" class=\"size-full wp-image-11280 alignleft\" src=\"https:\/\/blog.holyart.it\/fr\/wp-content\/uploads\/sites\/14\/2025\/10\/Octobre-\u2013-le-Mois-du-Rosaire.jpg\" alt=\"Octobre \u2013 le Mois du Rosaire\" width=\"150\" height=\"100\" data-kale-share-title=\"Bartolo Longo : son h\u00e9ritage spirituel et la canonisation au Jubil\u00e9 2025\" data-kale-share-url=\"https:\/\/blog.holyart.it\/fr\/?p=11275\" \/><\/p>\n<div class=\"leggi-anche\">Lire aussi :<\/div>\n<p><strong><a href=\"https:\/\/www.holyart.fr\/blog\/articles-religieux\/octobre-le-mois-du-saint-rosaire\/\">Octobre : le mois du Saint Rosaire<\/a><\/strong><br \/>\nQuel est le lien qui lie le mois automnal avec celle qui est probablement la forme de d\u00e9votion la plus importante&#8230;<\/p>\n<\/div>\n<p>Aujourd\u2019hui, sur les ailes de la Supplication et entre les murs du <a href=\"https:\/\/www.holyart.fr\/blog\/articles-religieux\/la-devotion-de-padre-pio-a-notre-dame-de-pompei-et-le-don-de-la-rose\/\"><strong><u>Sanctuaire de Pomp\u00e9i<\/u><\/strong>,<\/a> Bartolo Longo nous parle encore. Sa voix, faite de larmes et des rires, de doutes et de certitudes, r\u00e9sonne dans les c\u0153urs de ceux qui recherchent, de ceux qui se rel\u00e8vent, de ceux qui, tous les jours, se mettent en route.<br \/>\nAnnonc\u00e9e pour le 19 octobre, au cours du <strong>Jubil\u00e9<\/strong>, sa canonisation sera bien plus qu\u2019un rite : il s\u2019agira d\u2019un sceau sur une histoire de chute et de r\u00e9surrection qui appartient \u00e0 chacun de nous. Son h\u00e9ritage spirituel est l\u2019invitation la plus puissante\u00a0: ne jamais arr\u00eater de prier, de reconstruire, d\u2019esp\u00e9rer.<br \/>\nNe jamais c\u00e9der aux t\u00e9n\u00e8bres, car le jour le plus lumineux peut na\u00eetre m\u00eame de la nuit la plus noire, comme le bienheureux Bartolo Longo nous l\u2019a appris.<\/p>\n<div class=\"link-article\">\n<p><img loading=\"lazy\" decoding=\"async\" class=\"size-full wp-image-11282 alignleft\" src=\"https:\/\/blog.holyart.it\/fr\/wp-content\/uploads\/sites\/14\/2025\/10\/La-devotion-du-Padre-Pio.jpeg\" alt=\"La d\u00e9votion du Padre Pio\" width=\"150\" height=\"93\" data-kale-share-title=\"Bartolo Longo : son h\u00e9ritage spirituel et la canonisation au Jubil\u00e9 2025\" data-kale-share-url=\"https:\/\/blog.holyart.it\/fr\/?p=11275\" \/><\/p>\n<div class=\"leggi-anche\">Lire aussi :<\/div>\n<p><strong><a href=\"https:\/\/www.holyart.fr\/blog\/articles-religieux\/la-devotion-de-padre-pio-a-notre-dame-de-pompei-et-le-don-de-la-rose\/\">La d\u00e9votion de Padre Pio \u00e0 Notre-Dame de Pomp\u00e9i et le don de la rose<\/a><\/strong><br \/>\nLe 5 mai nous c\u00e9l\u00e9brons la f\u00eate du Saint de Pietrelcina. D\u00e9couvrons &#8230;<\/p>\n<\/div>\n<h2>Qui est le bienheureux Bartolo Longo ?<\/h2>\n<p>Bartolo Longo nait au c\u0153ur du Sud de l\u2019Italie, l\u00e0 o\u00f9 la terre rouge des Pouilles se m\u00e9lange avec les r\u00eaves et les tourments de g\u00e9n\u00e9rations enti\u00e8res. Et pourtant, comme il arrive souvent aux grands c\u0153urs, pour lui la route vers la lumi\u00e8re a \u00e9t\u00e9 marqu\u00e9e par des ombres denses. Fils d\u2019un m\u00e9decin et d\u2019une femme profond\u00e9ment chr\u00e9tienne, apr\u00e8s les \u00e9tudes classiques et juridiques \u00e0 Lecce et Naples, Bartolo se plonge dans l\u2019air tumultueux de la ville parth\u00e9nop\u00e9enne du XIXe si\u00e8cle\u00a0: un temps o\u00f9 les passions philosophiques, les ferments politiques et les s\u00e9ductions de l\u2019occultisme fl\u00e2nent dans les salons et dans les ruelles. Jeune brillant, mais turbulent, Bartolo Longo est emport\u00e9 par la fascination pour le <strong>myst\u00e8re<\/strong> et se rapproche du spiritisme et des cercles \u00e9sot\u00e9riques, jusqu\u2019\u00e0 \u00eatre initi\u00e9 au satanisme, en devenant m\u00eame \u00ab\u00a0<em>pr\u00eatre de Satan<\/em>\u00a0\u00bb. Pourtant, le d\u00e9sespoir continue de le ronger et son esprit continue de fluctuer entre des visions sombres et un sens de perte absolu. En ces nuits de tourment, la m\u00e8re, en pri\u00e8re constante pour son fils, semble une ancre lointaine. Mais c\u2019est justement dans cet abysse qu\u2019une rencontre change le cours de sa vie\u00a0: <strong>Don Alberto Radente<\/strong>, un dominicain aux mots simples et profonds, lui offre la voie de la r\u00e9demption. Bartolo choisit donc la voie la plus difficile : remonter de l\u2019ab\u00eeme. Il se confesse, renonce aux fautes du pass\u00e9 et, guid\u00e9 par le Rosaire, embrasse \u00e0 nouveau la foi catholique. C\u2019est dans cette lutte furieuse entre ombre et lumi\u00e8re que le bienheureux Bartolo Longo devient, pour lui-m\u00eame et pour le monde, symbole vivant d\u2019une mis\u00e9ricorde qui ne connait pas de limites.<\/p>\n<p>Mais le chemin de la r\u00e9demption n\u2019est jamais solitaire. Chaque conversion authentique g\u00e9n\u00e8re des vagues, transforme des lieux et les vies qu\u2019elle touche. Apr\u00e8s le d\u00e9luge int\u00e9rieur et le salut retrouv\u00e9, Bartolo Longo reste \u00e0 <strong>Naples<\/strong>, la ville aux milles contrastes, suspendue entre d\u00e9votion et d\u00e9sespoir. Il est un jeune avocat rachet\u00e9, mais son \u00e2me ne trouve toujours pas le repos. Dans la ferveur de la m\u00e9tropole, Bartolo devient ap\u00f4tre de la foi retrouv\u00e9\u00a0: il rend visite aux prisonniers, il vient en aide aux pauvres, il se fait la voix de ceux qui n\u2019en ont pas.<br \/>\nPourtant, la Providence a pour lui un dessin encore plus vaste. C\u2019est \u00e0 Naples qu\u2019il rencontre une femme destin\u00e9e \u00e0 \u00eatre non seulement une compagne de travail, mais aussi une s\u0153ur de l\u2019\u00e2me\u00a0: la <strong>comtesse Marianna Farnararo<\/strong>, jeune veuve De Fusco. Marianna, une femme d\u2019une grande foi et sensibilit\u00e9, est \u00e0 son tour engag\u00e9e dans l\u2019aide aux plus d\u00e9munis et administre, avec son esprit g\u00e9n\u00e9reux, quelques terres dans la vall\u00e9e de Pomp\u00e9i, un lieu oubli\u00e9 \u00e0 cette \u00e9poque-l\u00e0, infest\u00e9 par le paludisme et marqu\u00e9 par la mis\u00e8re la plus noire.<br \/>\nLa rencontre entre Bartolo Longo et Marianna a \u00e9t\u00e9 comme l\u2019\u00e9tincelle qui allume la m\u00e8che d\u2019un feu sacr\u00e9. Unis par la m\u00eame soif de charit\u00e9, ils commencent \u00e0 collaborer afin d\u2019aider les orphelins et les veuves, d\u2019\u00e9duquer les enfants sans futur, de construire de petites \u00e9coles l\u00e0 o\u00f9, avant, il n\u2019y avait qu\u2019abandon.<br \/>\nEntre eux nait une profonde amiti\u00e9 spirituelle, une entente qui sait parler le langage du Rosaire et de l\u2019amour d\u00e9sint\u00e9ress\u00e9.<\/p>\n<h2>Bartolo Longo et le sanctuaire de Pomp\u00e9i<\/h2>\n<p>Le destin de Bartolo Longo et de la Vall\u00e9e de Pomp\u00e9i s\u2019entrem\u00ealent presque par hasard, en 1872, quand le jeune homme est envoy\u00e9 s\u2019occuper des questions administratives des terres de la comtesse De Fusco. Mais ce qu\u2019il y trouve d\u00e9passe de loin ses attentes\u00a0: la vall\u00e9e est une mosa\u00efque de pauvret\u00e9 et d\u2019abandon, un lieu o\u00f9 milles existences survivent aux marges de la soci\u00e9t\u00e9, sans confort ni futur.<br \/>\nM\u00eame la petite \u00e9glise, ancien c\u0153ur de cette communaut\u00e9, verse dans des conditions de mis\u00e8re, oubli\u00e9e comme ses gens.<br \/>\nC\u2019est dans ce contexte, entre silence et d\u00e9bris, que Bartolo ressent comme un appel myst\u00e9rieux\u00a0: une impulsion int\u00e9rieure qui lui sugg\u00e8re de changer le destin de cet endroit. \u00c0 un moment de profonde solitude, tandis que la campagne vibre des pri\u00e8res simples des plus humbles, il se rend compte que sa vie doit s\u2019entrem\u00ealer \u00e0 celle de Pomp\u00e9i \u00e0 travers le Rosaire. \u00c0 partir de ce jour-l\u00e0, il comprend que sa mission \u00e9tait pr\u00e9cis\u00e9ment d\u2019apporter lumi\u00e8re, \u00e9ducation et foi dans cette vall\u00e9e oubli\u00e9e, en r\u00e9unissant les gens dans une nouvelle communaut\u00e9 vou\u00e9e au <strong><a href=\"https:\/\/www.holyart.fr\/articles-religieux\/chapelets-et-etuis-a-chapelet\">Saint Rosaire.<\/a><\/strong> Nait ainsi la vision qui changera \u00a0tout : il ne s\u2019occupe pas simplement de g\u00e9rer les affaires terrestres, mais il devient \u00e9galement semeur d\u2019esp\u00e9rance, en entamant cette \u0153uvre qui, en partant de rien, va ensuite transformer Pomp\u00e9i en un phare de charit\u00e9 et de pri\u00e8re. Bartolo Longo d\u00e9m\u00e9nage donc \u00e0 Pomp\u00e9i, terre oubli\u00e9e, marqu\u00e9e par la mis\u00e8re, le paludisme et l\u2019abandon. Ici son existence devient un don, une graine jet\u00e9e aux milieu des ruines de l\u2019ancienne ville romaine. C\u2019est parmi les pauvres et les orphelins que Bartolo trouve enfin sa mission\u00a0: reconstruire des \u00e2mes, en reconstruisant des murs.<\/p>\n<div class=\"link-product\">\n<div class=\"blocco-immagine\"><img loading=\"lazy\" decoding=\"async\" class=\"size-full wp-image-11286 alignleft\" src=\"https:\/\/blog.holyart.it\/fr\/wp-content\/uploads\/sites\/14\/2025\/10\/Chapelets-ici-vous-trouverez-un-large-choix-de-chapelets.jpg\" alt=\"Chapelets ici, vous trouverez un large choix de chapelets.\" width=\"100\" height=\"100\" data-kale-share-title=\"Bartolo Longo : son h\u00e9ritage spirituel et la canonisation au Jubil\u00e9 2025\" data-kale-share-url=\"https:\/\/blog.holyart.it\/fr\/?p=11275\" \/><\/div>\n<div class=\"blocco-contenuto\">\n<div class=\"blocco-acquista\">Acheter sur Holyart:<\/div>\n<div class=\"blocco-titolo\"><strong><a href=\"https:\/\/www.holyart.fr\/articles-religieux\/chapelets-et-etuis-a-chapelet\">Chapelets et porte-chapelets<\/a><\/strong><\/div>\n<div class=\"blocco-descrizione\">Chapelets du Saint Rosaire : ici, vous trouverez une tr\u00e8s large gamme de chapelets&#8230;.<\/div>\n<\/div>\n<\/div>\n<p>En 1875, il ach\u00e8te un modeste tableau de Notre-Dame du Saint-Rosaire, l\u2019ic\u00f4ne qui va ensuite devenir le c\u0153ur m\u00eame du Sanctuaire de Pomp\u00e9i. Les miracles commencent aussit\u00f4t \u00e0 se multiplier. Des gens humbles et des puissants, des d\u00e9sesp\u00e9r\u00e9s et des nobles affluent \u00e0 Pomp\u00e9i \u00e0 la recherche d\u2019une gr\u00e2ce, d\u2019un signe.<br \/>\nLa collaboration entre Bartolo Longo et la comtesse Marianna change l\u2019histoire de Pomp\u00e9i pour toujours. C\u2019est la comtesse qui fait don du terrain sur lequel surgira ensuite le futur sanctuaire. Ensemble, ils luttent contre la mis\u00e8re et la superstition, en confiant chaque effort et chaque r\u00eave \u00e0 Notre-Dame de Pomp\u00e9i, m\u00e8re des \u00e2mes bless\u00e9es. Avec le temps, leur lien devient de plus en plus solide\u00a0: sur conseil de Pape L\u00e9on XIII, en 1885 Bartolo et Marianna se marient en consacrant leur union non pas \u00e0 l\u2019amour terrestre, mais \u00e0 une mission de bien partag\u00e9e. Ils sont \u00e9poux dans la chastet\u00e9, compagnons de pri\u00e8re, co-fondateurs d\u2019\u0153uvres immortelles.<br \/>\nDe leur force conjointe naissent non seulement le Sanctuaire de Pomp\u00e9i, mais aussi des instituts pour orphelins et fils de d\u00e9tenus, des \u00e9coles pour jeunes filles pauvres, des hospices pour personnes \u00e2g\u00e9es et malades. Chaque jour, c\u00f4te \u00e0 c\u00f4te, ils d\u00e9fient la fatigue et la m\u00e9fiance du monde avec la foi comme unique et seule arme. La collaboration entre Bartolo Longo et Marianna Farnararo De Fusco est la lymphe d\u2019un miracle social qui, encore aujourd\u2019hui, pulse au c\u0153ur de Pomp\u00e9i. Sans leur rencontre, le sanctuaire n\u2019aurait peut-\u00eatre jamais surgi, la Supplication n\u2019aurait probablement jamais trouv\u00e9 sa voix et la vall\u00e9e de Pomp\u00e9i serait rest\u00e9 uniquement un lieu de ruine et de d\u00e9solation.<\/p>\n<h2>La Supplication \u00e0 la Vierge du Rosaire : le c\u0153ur de la d\u00e9votion<\/h2>\n<p>Pourtant, aucune \u0153uvre de Bartolo Longo n\u2019aurait \u00e9t\u00e9 compl\u00e8te sans \u00e9voquer la po\u00e9sie de sa <a href=\"https:\/\/www.holyart.fr\/blog\/articles-religieux\/comment-reciter-la-supplication-a-notre-dame-de-pompei\/\"><strong><em><u>Supplication \u00e0 la Vierge du Rosaire<\/u><\/em><\/strong>.<\/a><\/p>\n<div class=\"link-article\">\n<p><img loading=\"lazy\" decoding=\"async\" class=\"alignleft wp-image-11288 size-full\" src=\"https:\/\/blog.holyart.it\/fr\/wp-content\/uploads\/sites\/14\/2025\/10\/La-Vierge-de-Pompei.jpeg\" alt=\"La Vierge de Pomp\u00e9i\" width=\"150\" height=\"99\" data-kale-share-title=\"Bartolo Longo : son h\u00e9ritage spirituel et la canonisation au Jubil\u00e9 2025\" data-kale-share-url=\"https:\/\/blog.holyart.it\/fr\/?p=11275\" \/><\/p>\n<div class=\"leggi-anche\">Lire aussi :<\/div>\n<p><strong><a href=\"https:\/\/www.holyart.fr\/blog\/articles-religieux\/comment-reciter-la-supplication-a-notre-dame-de-pompei\/\">Comment r\u00e9citer la supplication \u00e0 Notre-Dame de Pomp\u00e9i<\/a><\/strong><br \/>\nLe 8 mai on f\u00eate la Vierge du Rosaire. Aujourd\u2019hui, nous nous attardons sur la fondation du Sanctuaire&#8230;<\/p>\n<\/div>\n<p>\u00c9crite en 1883, la Supplication \u00e0 la Vierge du Rosaire de Pomp\u00e9i est bien plus qu\u2019une simple pri\u00e8re : c\u2019est une voix collective qui, chaque ann\u00e9e, le 8 mai et le premier dimanche d\u2019octobre, se l\u00e8ve comme une vague des places, des maisons et des c\u0153urs des gens. \u00c0 Pomp\u00e9i, des milliers de personnes se r\u00e9unissent devant le sanctuaire\u00a0: ceux qui garde une douleur secr\u00e8te,\u00a0 qui a un espoir, qui chuchote un merci. La Supplication devient ainsi un fil qui unit g\u00e9n\u00e9rations et histoires diff\u00e9rentes, une demande d\u2019aide et de confiance \u00e0 Marie, M\u00e8re et gardienne de ceux qui se sentent fragiles.<br \/>\nDans le texte, on sent le pouls de la vraie vie : la confiance des simples, le poids des larmes, la recherche d\u2019une protection qui sait tout accueillir. Chaque mot de la Supplication est un espace ouvert o\u00f9 la foi rencontre la fatigue quotidienne et la transforme en esp\u00e9rance.<br \/>\nCe n\u2019est pas seulement une pri\u00e8re, mais une vague \u00e9motive qui traverse les si\u00e8cles. Bartolo Longo l\u2019a \u00e9crite \u00e0 genoux, l\u2019\u00e2me \u00e0 nu, en offrant \u00e0 la Vierge son pass\u00e9 de douleur et son envie de rena\u00eetre.<br \/>\nIl y en a qui affirme que les notes de cette Supplication, dans le silence du Sanctuaire de Pomp\u00e9i, paraissent caresser les \u00e2mes comme une brise qui monte de la pleine du V\u00e9suve. Et c\u2019est vrai\u00a0: ceux qui \u00e9coutent, qui prient, qui se confie, aper\u00e7oivent la pr\u00e9sence de Bartolo Longo, un homme devenu voix de la mis\u00e9ricorde, po\u00e8te de la foi ressuscit\u00e9e.<\/p>\n<h2>Bartolo Longo saint au Jubil\u00e9 2025<\/h2>\n<p>Le miracle de Pomp\u00e9i, la renaissance de la ville, la floraison de la charit\u00e9, le prodige de la Supplication sont aujourd\u2019hui la pierre sur laquelle se fonde l\u2019annonce tant attendue : <strong>Bartolo Longo sera proclam\u00e9 saint lors <a href=\"https:\/\/www.holyart.fr\/blog\/articles-religieux\/le-calendrier-des-evenements-du-jubile-2025\/\">du Jubil\u00e9 2025<\/a><\/strong><a href=\"https:\/\/www.holyart.fr\/blog\/articles-religieux\/le-calendrier-des-evenements-du-jubile-2025\/\">.<\/a><\/p>\n<div class=\"link-article\">\n<p><img loading=\"lazy\" decoding=\"async\" class=\"size-full wp-image-11290 alignleft\" src=\"https:\/\/blog.holyart.it\/fr\/wp-content\/uploads\/sites\/14\/2025\/10\/Calendrier-des-evenements-du-Jubile-2025.jpg\" alt=\"Calendrier des \u00e9v\u00e9nements du Jubil\u00e9 2025\" width=\"150\" height=\"99\" data-kale-share-title=\"Bartolo Longo : son h\u00e9ritage spirituel et la canonisation au Jubil\u00e9 2025\" data-kale-share-url=\"https:\/\/blog.holyart.it\/fr\/?p=11275\" \/><\/p>\n<div class=\"leggi-anche\">Lire aussi :<\/div>\n<p><strong><a href=\"https:\/\/www.holyart.fr\/blog\/articles-religieux\/le-calendrier-des-evenements-du-jubile-2025\/\">Le calendrier des \u00e9v\u00e9nements du Jubil\u00e9 2025<\/a><\/strong><br \/>\nLe calendrier des \u00e9v\u00e9nements du Jubil\u00e9 2025 a \u00e9t\u00e9 publi\u00e9 : douze mois d\u2019\u00e9v\u00e9nements et occasions &#8230;<\/p>\n<\/div>\n<p><strong><a href=\"https:\/\/holyart.fr\/blog\/occasions-speciales\/comment-pape-francois-a-transforme-leglise\/\">Pape Fran\u00e7ois,<\/a><\/strong> lors de son hospitalisation \u00e0 la Polyclinique Agostino Gemelli de Rome, avait d\u00e9j\u00e0 reconnu dans la vie de ce \u00ab\u00a0<em>la\u00efc amoureux du Rosaire<\/em>\u00a0\u00bb un message tr\u00e8s actuel. Bartolo Longo n\u2019a pas \u00e9t\u00e9 pr\u00eatre, ni moine, et n\u2019a fond\u00e9 aucun ordre religieux, mais il a r\u00e9volutionn\u00e9 l\u2019histoire en partant du bas, avec la force silencieuse de la foi et la tenace de qui s\u2019est relev\u00e9 du p\u00e9ch\u00e9 le plus noir. La canonisation, qui aura lieu pendant l\u2019ann\u00e9e sainte, sera une f\u00eate de Pomp\u00e9i toute enti\u00e8re et de ceux qui, dans le monde, ont invoqu\u00e9 la pri\u00e8re \u00e0 Bartolo Longo. Ce sera le triomphe de la mis\u00e9ricorde sur chaque jugement, la d\u00e9monstration qu\u2019aucune chute n\u2019est d\u00e9finitive, que m\u00eame du fond de l\u2019ab\u00eeme peut na\u00eetre un saint. Bartolo Longo saint au Jubil\u00e9 2025 est l\u2019histoire d\u2019une deuxi\u00e8me possibilit\u00e9 offerte \u00e0 tous, l\u2019\u00e9cho d\u2019une voix qui continue de r\u00e9p\u00e9ter\u00a0: \u00ab\u00a0<em>Personne n\u2019est perdu, tant qu\u2019il y a une M\u00e8re qui prie<\/em>\u00a0\u00bb.<\/p>\n<div class=\"link-article\">\n<p><img loading=\"lazy\" decoding=\"async\" class=\"size-full wp-image-11292 alignleft\" src=\"https:\/\/blog.holyart.it\/fr\/wp-content\/uploads\/sites\/14\/2025\/10\/Holyart_Blog_PapaFrancesco_pl.jpg\" alt=\"Papa Francesco\" width=\"150\" height=\"99\" data-kale-share-title=\"Bartolo Longo : son h\u00e9ritage spirituel et la canonisation au Jubil\u00e9 2025\" data-kale-share-url=\"https:\/\/blog.holyart.it\/fr\/?p=11275\" \/><\/p>\n<div class=\"leggi-anche\">Lire aussi :<\/div>\n<p><strong><a href=\"https:\/\/holyart.fr\/blog\/occasions-speciales\/comment-pape-francois-a-transforme-leglise\/\">Comment Pape Fran\u00e7ois a transform\u00e9 l\u2019\u00c9glise pendant son pontificat<\/a><\/strong><br \/>\nQu\u2019est-ce que Pape Fran\u00e7ois a fait d\u2019important ? Son pontificat a \u00e9t\u00e9 une r\u00e9volution de mis\u00e9ricorde&#8230;<\/p>\n<\/div>\n<p><strong>Pri\u00e8re \u00e0 Bartolo Longo<\/strong><\/p>\n<p><em>\u00d4 bienheureux Bartolo Longo,<br \/>\nqui as aim\u00e9 Marie avec la tendresse d\u2019un fils<br \/>\net en as diffus\u00e9 la d\u00e9votion avec la r\u00e9citation du saint Rosaire<br \/>\net, par son intercession, as re\u00e7u gr\u00e2ce surabondante<br \/>\npour aimer et servir Christ dans l\u2019enfance abandonn\u00e9e,<br \/>\nobtiens-nous la gr\u00e2ce de vivre dans l\u2019esprit de pri\u00e8re, unis \u00e0 Dieu,<br \/>\nafin de l\u2019aimer comme toi \u00e0 travers nos propres fr\u00e8res.<\/em><\/p>\n<p>Toi, qui au terme de ton p\u00e8lerinage terrestre,<br \/>\nas d\u00e9clar\u00e9 ne jamais t\u2019\u00eatre lass\u00e9 de prier<br \/>\npour chaque douleur, pour chaque crainte, pour chaque calamit\u00e9,<br \/>\nen confiant dans la toute-puissance de Dieu<br \/>\net dans l\u2019intercession de sa M\u00e8re divine,<br \/>\ncontinue d\u2019interc\u00e9der pour ceux qui sont appel\u00e9s<br \/>\n\u00e0 poursuivre ton \u0153uvre de foi et d\u2019amour \u00e0 Pomp\u00e9i<br \/>\net pour tous les fervents du Rosaire du monde entier.<\/p>\n<p><em>Obtiens-nous qu\u2019apr\u00e8s la contemplation terrestre<br \/>\ndes myst\u00e8res joyeux et douloureux,<br \/>\nnous puissions avec toi et avec Marie,<br \/>\nReine des anges et des Saints,<br \/>\npartager la joie des myst\u00e8res glorieux au ciel.<br \/>\nAmen.<\/em><\/p>\n<p>&nbsp;<\/p>\n<p>&nbsp;<\/p>\n","protected":false},"excerpt":{"rendered":"<p>Bartolo Longo : l\u2019homme qui ressuscita \u00e0 Pomp\u00e9i. H\u00e9ritage, foi et le chant immortelle de la Supplication au Jubil\u00e9 2025 Il y a un chemin qui n\u2019est pas fait que de pierres et de poussi\u00e8re, mais aussi de choix, d\u2019ombres et de r\u00e9demption. Bartolo Longo&hellip;<\/p>\n","protected":false},"author":1,"featured_media":11278,"comment_status":"closed","ping_status":"open","sticky":false,"template":"","format":"standard","meta":{"_acf_changed":false,"footnotes":""},"categories":[7],"tags":[],"class_list":["post-11275","post","type-post","status-publish","format-standard","has-post-thumbnail","hentry","category-saints-et-bienheureux"],"acf":[],"yoast_head":"<!-- This site is optimized with the Yoast SEO plugin v26.6 - https:\/\/yoast.com\/wordpress\/plugins\/seo\/ -->\n<title>Bartolo Longo : son h\u00e9ritage spirituel et la canonisation au Jubil\u00e9 2025 - Holyart.fr Blog<\/title>\n<meta name=\"description\" content=\"Bartolo Longo, de l\u2019obscurit\u00e9 \u00e0 la lumi\u00e8re. Sa foi a transform\u00e9 Pomp\u00e9i. Saint au Jubil\u00e9 2025, son h\u00e9ritage illumine le c\u0153ur de millions ...\" \/>\n<meta name=\"robots\" content=\"index, follow, max-snippet:-1, max-image-preview:large, max-video-preview:-1\" \/>\n<link rel=\"canonical\" href=\"https:\/\/blog.holyart.it\/fr\/saints-et-bienheureux\/bartolo-longo-son-heritage-spirituel-et-la-canonisation-au-jubile-2025\/\" \/>\n<meta property=\"og:locale\" content=\"fr_FR\" \/>\n<meta property=\"og:type\" content=\"article\" \/>\n<meta property=\"og:title\" content=\"Bartolo Longo : son h\u00e9ritage spirituel et la canonisation au Jubil\u00e9 2025 - Holyart.fr Blog\" \/>\n<meta property=\"og:description\" content=\"Bartolo Longo, de l\u2019obscurit\u00e9 \u00e0 la lumi\u00e8re. Sa foi a transform\u00e9 Pomp\u00e9i. Saint au Jubil\u00e9 2025, son h\u00e9ritage illumine le c\u0153ur de millions ...\" \/>\n<meta property=\"og:url\" content=\"https:\/\/blog.holyart.it\/fr\/saints-et-bienheureux\/bartolo-longo-son-heritage-spirituel-et-la-canonisation-au-jubile-2025\/\" \/>\n<meta property=\"og:site_name\" content=\"Holyart.fr Blog\" \/>\n<meta property=\"article:published_time\" content=\"2025-10-08T08:00:16+00:00\" \/>\n<meta property=\"og:image\" content=\"https:\/\/blog.holyart.it\/fr\/wp-content\/uploads\/sites\/14\/2025\/10\/Bartolo-Longo.jpg\" \/>\n\t<meta property=\"og:image:width\" content=\"1000\" \/>\n\t<meta property=\"og:image:height\" content=\"666\" \/>\n\t<meta property=\"og:image:type\" content=\"image\/jpeg\" \/>\n<meta name=\"author\" content=\"Redazione\" \/>\n<meta name=\"twitter:card\" content=\"summary_large_image\" \/>\n<meta name=\"twitter:label1\" content=\"\u00c9crit par\" \/>\n\t<meta name=\"twitter:data1\" content=\"Redazione\" \/>\n\t<meta name=\"twitter:label2\" content=\"Dur\u00e9e de lecture estim\u00e9e\" \/>\n\t<meta name=\"twitter:data2\" content=\"13 minutes\" \/>\n<script type=\"application\/ld+json\" class=\"yoast-schema-graph\">{\"@context\":\"https:\/\/schema.org\",\"@graph\":[{\"@type\":\"Article\",\"@id\":\"https:\/\/blog.holyart.it\/fr\/saints-et-bienheureux\/bartolo-longo-son-heritage-spirituel-et-la-canonisation-au-jubile-2025\/#article\",\"isPartOf\":{\"@id\":\"https:\/\/blog.holyart.it\/fr\/saints-et-bienheureux\/bartolo-longo-son-heritage-spirituel-et-la-canonisation-au-jubile-2025\/\"},\"author\":{\"name\":\"Redazione\",\"@id\":\"https:\/\/blog.holyart.it\/fr\/#\/schema\/person\/0a7b686e5af0f856ec1e390dd0baecda\"},\"headline\":\"Bartolo Longo : son h\u00e9ritage spirituel et la canonisation au Jubil\u00e9 2025\",\"datePublished\":\"2025-10-08T08:00:16+00:00\",\"mainEntityOfPage\":{\"@id\":\"https:\/\/blog.holyart.it\/fr\/saints-et-bienheureux\/bartolo-longo-son-heritage-spirituel-et-la-canonisation-au-jubile-2025\/\"},\"wordCount\":2543,\"publisher\":{\"@id\":\"https:\/\/blog.holyart.it\/fr\/#organization\"},\"image\":{\"@id\":\"https:\/\/blog.holyart.it\/fr\/saints-et-bienheureux\/bartolo-longo-son-heritage-spirituel-et-la-canonisation-au-jubile-2025\/#primaryimage\"},\"thumbnailUrl\":\"https:\/\/blog.holyart.it\/fr\/wp-content\/uploads\/sites\/14\/2025\/10\/Bartolo-Longo.jpg\",\"articleSection\":[\"Saints et Bienheureux\"],\"inLanguage\":\"fr-FR\"},{\"@type\":\"WebPage\",\"@id\":\"https:\/\/blog.holyart.it\/fr\/saints-et-bienheureux\/bartolo-longo-son-heritage-spirituel-et-la-canonisation-au-jubile-2025\/\",\"url\":\"https:\/\/blog.holyart.it\/fr\/saints-et-bienheureux\/bartolo-longo-son-heritage-spirituel-et-la-canonisation-au-jubile-2025\/\",\"name\":\"Bartolo Longo : son h\u00e9ritage spirituel et la canonisation au Jubil\u00e9 2025 - Holyart.fr Blog\",\"isPartOf\":{\"@id\":\"https:\/\/blog.holyart.it\/fr\/#website\"},\"primaryImageOfPage\":{\"@id\":\"https:\/\/blog.holyart.it\/fr\/saints-et-bienheureux\/bartolo-longo-son-heritage-spirituel-et-la-canonisation-au-jubile-2025\/#primaryimage\"},\"image\":{\"@id\":\"https:\/\/blog.holyart.it\/fr\/saints-et-bienheureux\/bartolo-longo-son-heritage-spirituel-et-la-canonisation-au-jubile-2025\/#primaryimage\"},\"thumbnailUrl\":\"https:\/\/blog.holyart.it\/fr\/wp-content\/uploads\/sites\/14\/2025\/10\/Bartolo-Longo.jpg\",\"datePublished\":\"2025-10-08T08:00:16+00:00\",\"description\":\"Bartolo Longo, de l\u2019obscurit\u00e9 \u00e0 la lumi\u00e8re. Sa foi a transform\u00e9 Pomp\u00e9i. Saint au Jubil\u00e9 2025, son h\u00e9ritage illumine le c\u0153ur de millions ...\",\"breadcrumb\":{\"@id\":\"https:\/\/blog.holyart.it\/fr\/saints-et-bienheureux\/bartolo-longo-son-heritage-spirituel-et-la-canonisation-au-jubile-2025\/#breadcrumb\"},\"inLanguage\":\"fr-FR\",\"potentialAction\":[{\"@type\":\"ReadAction\",\"target\":[\"https:\/\/blog.holyart.it\/fr\/saints-et-bienheureux\/bartolo-longo-son-heritage-spirituel-et-la-canonisation-au-jubile-2025\/\"]}]},{\"@type\":\"ImageObject\",\"inLanguage\":\"fr-FR\",\"@id\":\"https:\/\/blog.holyart.it\/fr\/saints-et-bienheureux\/bartolo-longo-son-heritage-spirituel-et-la-canonisation-au-jubile-2025\/#primaryimage\",\"url\":\"https:\/\/blog.holyart.it\/fr\/wp-content\/uploads\/sites\/14\/2025\/10\/Bartolo-Longo.jpg\",\"contentUrl\":\"https:\/\/blog.holyart.it\/fr\/wp-content\/uploads\/sites\/14\/2025\/10\/Bartolo-Longo.jpg\",\"width\":1000,\"height\":666,\"caption\":\"Bartolo Longo\"},{\"@type\":\"BreadcrumbList\",\"@id\":\"https:\/\/blog.holyart.it\/fr\/saints-et-bienheureux\/bartolo-longo-son-heritage-spirituel-et-la-canonisation-au-jubile-2025\/#breadcrumb\",\"itemListElement\":[{\"@type\":\"ListItem\",\"position\":1,\"name\":\"Homepage\",\"item\":\"https:\/\/blog.holyart.it\/fr\/\"},{\"@type\":\"ListItem\",\"position\":2,\"name\":\"Saints et Bienheureux\",\"item\":\"https:\/\/blog.holyart.it\/fr\/saints-et-bienheureux\/\"},{\"@type\":\"ListItem\",\"position\":3,\"name\":\"Bartolo Longo : son h\u00e9ritage spirituel et la canonisation au Jubil\u00e9 2025\"}]},{\"@type\":\"WebSite\",\"@id\":\"https:\/\/blog.holyart.it\/fr\/#website\",\"url\":\"https:\/\/blog.holyart.it\/fr\/\",\"name\":\"Holyart.fr Blog\",\"description\":\"Holyblog\",\"publisher\":{\"@id\":\"https:\/\/blog.holyart.it\/fr\/#organization\"},\"potentialAction\":[{\"@type\":\"SearchAction\",\"target\":{\"@type\":\"EntryPoint\",\"urlTemplate\":\"https:\/\/blog.holyart.it\/fr\/?s={search_term_string}\"},\"query-input\":{\"@type\":\"PropertyValueSpecification\",\"valueRequired\":true,\"valueName\":\"search_term_string\"}}],\"inLanguage\":\"fr-FR\"},{\"@type\":\"Organization\",\"@id\":\"https:\/\/blog.holyart.it\/fr\/#organization\",\"name\":\"Holyart.fr Blog\",\"url\":\"https:\/\/blog.holyart.it\/fr\/\",\"logo\":{\"@type\":\"ImageObject\",\"inLanguage\":\"fr-FR\",\"@id\":\"https:\/\/blog.holyart.it\/fr\/#\/schema\/logo\/image\/\",\"url\":\"https:\/\/blog.holyart.it\/fr\/wp-content\/uploads\/sites\/14\/2022\/12\/Holyart_Blog_Logo.jpg\",\"contentUrl\":\"https:\/\/blog.holyart.it\/fr\/wp-content\/uploads\/sites\/14\/2022\/12\/Holyart_Blog_Logo.jpg\",\"width\":300,\"height\":50,\"caption\":\"Holyart.fr Blog\"},\"image\":{\"@id\":\"https:\/\/blog.holyart.it\/fr\/#\/schema\/logo\/image\/\"}},{\"@type\":\"Person\",\"@id\":\"https:\/\/blog.holyart.it\/fr\/#\/schema\/person\/0a7b686e5af0f856ec1e390dd0baecda\",\"name\":\"Redazione\",\"image\":{\"@type\":\"ImageObject\",\"inLanguage\":\"fr-FR\",\"@id\":\"https:\/\/blog.holyart.it\/fr\/#\/schema\/person\/image\/\",\"url\":\"https:\/\/secure.gravatar.com\/avatar\/f477da817f43e50d0af36abecd33e3edf826c68299714bdc1057dff3b113f516?s=96&d=mm&r=g\",\"contentUrl\":\"https:\/\/secure.gravatar.com\/avatar\/f477da817f43e50d0af36abecd33e3edf826c68299714bdc1057dff3b113f516?s=96&d=mm&r=g\",\"caption\":\"Redazione\"},\"url\":\"https:\/\/blog.holyart.it\/fr\/author\/admin\/\"}]}<\/script>\n<!-- \/ Yoast SEO plugin. -->","yoast_head_json":{"title":"Bartolo Longo : son h\u00e9ritage spirituel et la canonisation au Jubil\u00e9 2025 - Holyart.fr Blog","description":"Bartolo Longo, de l\u2019obscurit\u00e9 \u00e0 la lumi\u00e8re. Sa foi a transform\u00e9 Pomp\u00e9i. Saint au Jubil\u00e9 2025, son h\u00e9ritage illumine le c\u0153ur de millions ...","robots":{"index":"index","follow":"follow","max-snippet":"max-snippet:-1","max-image-preview":"max-image-preview:large","max-video-preview":"max-video-preview:-1"},"canonical":"https:\/\/blog.holyart.it\/fr\/saints-et-bienheureux\/bartolo-longo-son-heritage-spirituel-et-la-canonisation-au-jubile-2025\/","og_locale":"fr_FR","og_type":"article","og_title":"Bartolo Longo : son h\u00e9ritage spirituel et la canonisation au Jubil\u00e9 2025 - Holyart.fr Blog","og_description":"Bartolo Longo, de l\u2019obscurit\u00e9 \u00e0 la lumi\u00e8re. Sa foi a transform\u00e9 Pomp\u00e9i. Saint au Jubil\u00e9 2025, son h\u00e9ritage illumine le c\u0153ur de millions ...","og_url":"https:\/\/blog.holyart.it\/fr\/saints-et-bienheureux\/bartolo-longo-son-heritage-spirituel-et-la-canonisation-au-jubile-2025\/","og_site_name":"Holyart.fr Blog","article_published_time":"2025-10-08T08:00:16+00:00","og_image":[{"width":1000,"height":666,"url":"https:\/\/blog.holyart.it\/fr\/wp-content\/uploads\/sites\/14\/2025\/10\/Bartolo-Longo.jpg","type":"image\/jpeg"}],"author":"Redazione","twitter_card":"summary_large_image","twitter_misc":{"\u00c9crit par":"Redazione","Dur\u00e9e de lecture estim\u00e9e":"13 minutes"},"schema":{"@context":"https:\/\/schema.org","@graph":[{"@type":"Article","@id":"https:\/\/blog.holyart.it\/fr\/saints-et-bienheureux\/bartolo-longo-son-heritage-spirituel-et-la-canonisation-au-jubile-2025\/#article","isPartOf":{"@id":"https:\/\/blog.holyart.it\/fr\/saints-et-bienheureux\/bartolo-longo-son-heritage-spirituel-et-la-canonisation-au-jubile-2025\/"},"author":{"name":"Redazione","@id":"https:\/\/blog.holyart.it\/fr\/#\/schema\/person\/0a7b686e5af0f856ec1e390dd0baecda"},"headline":"Bartolo Longo : son h\u00e9ritage spirituel et la canonisation au Jubil\u00e9 2025","datePublished":"2025-10-08T08:00:16+00:00","mainEntityOfPage":{"@id":"https:\/\/blog.holyart.it\/fr\/saints-et-bienheureux\/bartolo-longo-son-heritage-spirituel-et-la-canonisation-au-jubile-2025\/"},"wordCount":2543,"publisher":{"@id":"https:\/\/blog.holyart.it\/fr\/#organization"},"image":{"@id":"https:\/\/blog.holyart.it\/fr\/saints-et-bienheureux\/bartolo-longo-son-heritage-spirituel-et-la-canonisation-au-jubile-2025\/#primaryimage"},"thumbnailUrl":"https:\/\/blog.holyart.it\/fr\/wp-content\/uploads\/sites\/14\/2025\/10\/Bartolo-Longo.jpg","articleSection":["Saints et Bienheureux"],"inLanguage":"fr-FR"},{"@type":"WebPage","@id":"https:\/\/blog.holyart.it\/fr\/saints-et-bienheureux\/bartolo-longo-son-heritage-spirituel-et-la-canonisation-au-jubile-2025\/","url":"https:\/\/blog.holyart.it\/fr\/saints-et-bienheureux\/bartolo-longo-son-heritage-spirituel-et-la-canonisation-au-jubile-2025\/","name":"Bartolo Longo : son h\u00e9ritage spirituel et la canonisation au Jubil\u00e9 2025 - Holyart.fr Blog","isPartOf":{"@id":"https:\/\/blog.holyart.it\/fr\/#website"},"primaryImageOfPage":{"@id":"https:\/\/blog.holyart.it\/fr\/saints-et-bienheureux\/bartolo-longo-son-heritage-spirituel-et-la-canonisation-au-jubile-2025\/#primaryimage"},"image":{"@id":"https:\/\/blog.holyart.it\/fr\/saints-et-bienheureux\/bartolo-longo-son-heritage-spirituel-et-la-canonisation-au-jubile-2025\/#primaryimage"},"thumbnailUrl":"https:\/\/blog.holyart.it\/fr\/wp-content\/uploads\/sites\/14\/2025\/10\/Bartolo-Longo.jpg","datePublished":"2025-10-08T08:00:16+00:00","description":"Bartolo Longo, de l\u2019obscurit\u00e9 \u00e0 la lumi\u00e8re. Sa foi a transform\u00e9 Pomp\u00e9i. Saint au Jubil\u00e9 2025, son h\u00e9ritage illumine le c\u0153ur de millions ...","breadcrumb":{"@id":"https:\/\/blog.holyart.it\/fr\/saints-et-bienheureux\/bartolo-longo-son-heritage-spirituel-et-la-canonisation-au-jubile-2025\/#breadcrumb"},"inLanguage":"fr-FR","potentialAction":[{"@type":"ReadAction","target":["https:\/\/blog.holyart.it\/fr\/saints-et-bienheureux\/bartolo-longo-son-heritage-spirituel-et-la-canonisation-au-jubile-2025\/"]}]},{"@type":"ImageObject","inLanguage":"fr-FR","@id":"https:\/\/blog.holyart.it\/fr\/saints-et-bienheureux\/bartolo-longo-son-heritage-spirituel-et-la-canonisation-au-jubile-2025\/#primaryimage","url":"https:\/\/blog.holyart.it\/fr\/wp-content\/uploads\/sites\/14\/2025\/10\/Bartolo-Longo.jpg","contentUrl":"https:\/\/blog.holyart.it\/fr\/wp-content\/uploads\/sites\/14\/2025\/10\/Bartolo-Longo.jpg","width":1000,"height":666,"caption":"Bartolo Longo"},{"@type":"BreadcrumbList","@id":"https:\/\/blog.holyart.it\/fr\/saints-et-bienheureux\/bartolo-longo-son-heritage-spirituel-et-la-canonisation-au-jubile-2025\/#breadcrumb","itemListElement":[{"@type":"ListItem","position":1,"name":"Homepage","item":"https:\/\/blog.holyart.it\/fr\/"},{"@type":"ListItem","position":2,"name":"Saints et Bienheureux","item":"https:\/\/blog.holyart.it\/fr\/saints-et-bienheureux\/"},{"@type":"ListItem","position":3,"name":"Bartolo Longo : son h\u00e9ritage spirituel et la canonisation au Jubil\u00e9 2025"}]},{"@type":"WebSite","@id":"https:\/\/blog.holyart.it\/fr\/#website","url":"https:\/\/blog.holyart.it\/fr\/","name":"Holyart.fr Blog","description":"Holyblog","publisher":{"@id":"https:\/\/blog.holyart.it\/fr\/#organization"},"potentialAction":[{"@type":"SearchAction","target":{"@type":"EntryPoint","urlTemplate":"https:\/\/blog.holyart.it\/fr\/?s={search_term_string}"},"query-input":{"@type":"PropertyValueSpecification","valueRequired":true,"valueName":"search_term_string"}}],"inLanguage":"fr-FR"},{"@type":"Organization","@id":"https:\/\/blog.holyart.it\/fr\/#organization","name":"Holyart.fr Blog","url":"https:\/\/blog.holyart.it\/fr\/","logo":{"@type":"ImageObject","inLanguage":"fr-FR","@id":"https:\/\/blog.holyart.it\/fr\/#\/schema\/logo\/image\/","url":"https:\/\/blog.holyart.it\/fr\/wp-content\/uploads\/sites\/14\/2022\/12\/Holyart_Blog_Logo.jpg","contentUrl":"https:\/\/blog.holyart.it\/fr\/wp-content\/uploads\/sites\/14\/2022\/12\/Holyart_Blog_Logo.jpg","width":300,"height":50,"caption":"Holyart.fr Blog"},"image":{"@id":"https:\/\/blog.holyart.it\/fr\/#\/schema\/logo\/image\/"}},{"@type":"Person","@id":"https:\/\/blog.holyart.it\/fr\/#\/schema\/person\/0a7b686e5af0f856ec1e390dd0baecda","name":"Redazione","image":{"@type":"ImageObject","inLanguage":"fr-FR","@id":"https:\/\/blog.holyart.it\/fr\/#\/schema\/person\/image\/","url":"https:\/\/secure.gravatar.com\/avatar\/f477da817f43e50d0af36abecd33e3edf826c68299714bdc1057dff3b113f516?s=96&d=mm&r=g","contentUrl":"https:\/\/secure.gravatar.com\/avatar\/f477da817f43e50d0af36abecd33e3edf826c68299714bdc1057dff3b113f516?s=96&d=mm&r=g","caption":"Redazione"},"url":"https:\/\/blog.holyart.it\/fr\/author\/admin\/"}]}},"_links":{"self":[{"href":"https:\/\/blog.holyart.it\/fr\/wp-json\/wp\/v2\/posts\/11275","targetHints":{"allow":["GET"]}}],"collection":[{"href":"https:\/\/blog.holyart.it\/fr\/wp-json\/wp\/v2\/posts"}],"about":[{"href":"https:\/\/blog.holyart.it\/fr\/wp-json\/wp\/v2\/types\/post"}],"author":[{"embeddable":true,"href":"https:\/\/blog.holyart.it\/fr\/wp-json\/wp\/v2\/users\/1"}],"replies":[{"embeddable":true,"href":"https:\/\/blog.holyart.it\/fr\/wp-json\/wp\/v2\/comments?post=11275"}],"version-history":[{"count":16,"href":"https:\/\/blog.holyart.it\/fr\/wp-json\/wp\/v2\/posts\/11275\/revisions"}],"predecessor-version":[{"id":11298,"href":"https:\/\/blog.holyart.it\/fr\/wp-json\/wp\/v2\/posts\/11275\/revisions\/11298"}],"wp:featuredmedia":[{"embeddable":true,"href":"https:\/\/blog.holyart.it\/fr\/wp-json\/wp\/v2\/media\/11278"}],"wp:attachment":[{"href":"https:\/\/blog.holyart.it\/fr\/wp-json\/wp\/v2\/media?parent=11275"}],"wp:term":[{"taxonomy":"category","embeddable":true,"href":"https:\/\/blog.holyart.it\/fr\/wp-json\/wp\/v2\/categories?post=11275"},{"taxonomy":"post_tag","embeddable":true,"href":"https:\/\/blog.holyart.it\/fr\/wp-json\/wp\/v2\/tags?post=11275"}],"curies":[{"name":"wp","href":"https:\/\/api.w.org\/{rel}","templated":true}]}}