{"id":11220,"date":"2025-10-01T10:00:58","date_gmt":"2025-10-01T08:00:58","guid":{"rendered":"https:\/\/blog.holyart.it\/fr\/?p=11220"},"modified":"2025-09-30T12:22:35","modified_gmt":"2025-09-30T10:22:35","slug":"le-chemin-de-saint-francois-en-pelerinage-jusqua-assise","status":"publish","type":"post","link":"https:\/\/blog.holyart.it\/fr\/articles-religieux\/le-chemin-de-saint-francois-en-pelerinage-jusqua-assise\/","title":{"rendered":"Le chemin de Saint Fran\u00e7ois: en p\u00e8lerinage jusqu\u2019\u00e0 Assise"},"content":{"rendered":"<h4><em>Le chemin de Saint Fran\u00e7ois retrace les pas du Saint Patron d\u2019Italie, entre paysages naturels enchanteurs et panoramas suggestifs, \u00e0 travers certaines des villes d\u2019art et des bourgades les plus belles au monde, jusqu\u2019\u00e0 Assise. Voici comment le parcourir de Nord au Sud<\/em><\/h4>\n\n<p>Printemps, temps de promenade et, pourquoi pas, de p\u00e8lerinages ! C\u2019est justement en \u00e9crivant \u00e0 propos des <a href=\"https:\/\/www.holyart.fr\/blog\/articles-religieux\/eglises-jubilaires-lieux-de-pelerinages-incontournables-pendant-le-jubile\/\"><strong><u>p\u00e8lerinages \u00e0 programmer en vue du Jubil\u00e9 2025<\/u><\/strong><\/a> et, en particulier, de la <a href=\"https:\/\/www.holyart.fr\/blog\/articles-religieux\/la-carte-du-pelerin-comment-sorganiser-pour-les-evenements-du-jubile\/\"><strong><u>Carte du p\u00e8lerin<\/u><\/strong><\/a>, que nous avons cit\u00e9 le <strong>Chemin de Saint Fran\u00e7ois<\/strong>, un itin\u00e9raire de p\u00e8lerinage et de d\u00e9votion qui parcourt les pas de Saint Fran\u00e7ois d\u2019Assise \u00e0 travers les lieux li\u00e9s \u00e0 sa vie et \u00e0 son message spirituel.<\/p>\n<p>&nbsp;<\/p>\n<div class=\"link-article\">\n<p><img loading=\"lazy\" decoding=\"async\" class=\"size-full wp-image-11226 alignleft\" src=\"https:\/\/blog.holyart.it\/fr\/wp-content\/uploads\/sites\/14\/2025\/09\/eglises-Jubilaires.jpg\" alt=\"\u00c9glises Jubilaires\" width=\"150\" height=\"99\" data-kale-share-title=\"Le chemin de Saint Fran\u00e7ois: en p\u00e8lerinage jusqu\u2019\u00e0 Assise\" data-kale-share-url=\"https:\/\/blog.holyart.it\/fr\/?p=11220\" \/><\/p>\n<div class=\"leggi-anche\">Lire aussi :<\/div>\n<p><strong><a href=\"https:\/\/www.holyart.fr\/blog\/articles-religieux\/eglises-jubilaires-lieux-de-pelerinages-incontournables-pendant-le-jubile\/\">\u00c9glises Jubilaires, lieux de p\u00e8lerinages incontournables pendant le Jubil\u00e9<\/a><\/strong><br \/>\nLes \u00c9glises Jubilaires sont celles dot\u00e9es d\u2019une Porte Sainte, la traversant&#8230;<\/p>\n<\/div>\n<p>Le Chemin de Fran\u00e7ois, en r\u00e9alit\u00e9, s\u2019articule sur <strong>trois parcours<\/strong>, deux avec arriv\u00e9e \u00e0 Assise et un \u00e0 Rome.<br \/>\n<strong>La Voie du Nord <\/strong>suit les traces des premiers disciples de Saint Fran\u00e7ois, en partant de <strong>La Verna<\/strong>, o\u00f9 le Saint d\u2019Assise re\u00e7ut les stigmates, pour un total de 189 kilom\u00e8tres.<br \/>\n<strong>La Voie du Sud\u00a0<\/strong>part par contre de <strong>Rome<\/strong>, ville symbole du Christianisme, \u00e0 travers les campagnes du Latium et de l\u2019Ombrie jusqu\u2019\u00e0 arriver \u00e0 Rieti et ensuite Assise, pour un parcours de 247 kilom\u00e8tres.<br \/>\nEnfin, il y a la <strong>Voie de Rome<\/strong>, qui conduit <strong>de La Verna \u00e0 Rome<\/strong>, avec destination finale la <a href=\"https:\/\/www.holyart.fr\/blog\/articles-religieux\/basilique-saint-pierre-eglise-symbole-du-monde-chretien\/\"><strong><u>Basilique Saint-Pierre<\/u><\/strong><\/a>. Le Chemin de Fran\u00e7ois de Labro \u00e0 Rome (le principal), le Parcours de la Vall\u00e9e Santa Reatina, la Direttrice Tiberina et la Variante de Farfa.<\/p>\n<p>Ces parcours, avec leurs caract\u00e9ristiques uniques et les lieux spirituels et culturels qu\u2019ils traversent, offrent aux p\u00e8lerins la possibilit\u00e9 de vivre une exp\u00e9rience profonde et authentique, en suivant les pas de Saint Fran\u00e7ois. Une opportunit\u00e9 unique pour s\u2019immerger dans la spiritualit\u00e9 franciscaine, en jouissant en m\u00eame temps des beaut\u00e9s naturelles et culturelles de l\u2019Italie centrale. Surtout en consid\u00e9ration du fait qu\u2019en 2026 on c\u00e9l\u00e9brera <a href=\"https:\/\/www.holyart.fr\/blog\/articles-religieux\/les-celebrations-pour-le-huitieme-centenaire-de-saint-francois-dassise\/\"><strong><u>le huiti\u00e8me centenaire de la mort de Saint Fran\u00e7ois d\u2019Assise<\/u><\/strong><\/a>, un \u00e9v\u00e9nement qui marque un anniversaire important et honore la m\u00e9moire de Saint Fran\u00e7ois et son extraordinaire h\u00e9ritage spirituel qui continue d\u2019inspirer des millions de personnes dans le monde entier.<\/p>\n<div class=\"link-article\">\n<p><img loading=\"lazy\" decoding=\"async\" class=\"size-full wp-image-11230 alignleft\" src=\"https:\/\/blog.holyart.it\/fr\/wp-content\/uploads\/sites\/14\/2025\/09\/Les-celebrations-pour-le-huitieme-centenaire-de-Saint-Francois-dAssise-1.jpg\" alt=\"Les c\u00e9l\u00e9brations pour le huiti\u00e8me centenaire de Saint Fran\u00e7ois d\u2019Assise\" width=\"150\" height=\"99\" data-kale-share-title=\"Le chemin de Saint Fran\u00e7ois: en p\u00e8lerinage jusqu\u2019\u00e0 Assise\" data-kale-share-url=\"https:\/\/blog.holyart.it\/fr\/?p=11220\" \/><\/p>\n<div class=\"leggi-anche\">Lire aussi :<\/div>\n<p><strong><a href=\"https:\/\/www.holyart.fr\/blog\/articles-religieux\/les-celebrations-pour-le-huitieme-centenaire-de-saint-francois-dassise\/\">Les c\u00e9l\u00e9brations pour le huiti\u00e8me centenaire de Saint Fran\u00e7ois d\u2019Assise<\/a><\/strong><br \/>\nEn 2026, on comm\u00e9morera le huiti\u00e8me centenaire de la mort de&#8230;<\/p>\n<\/div>\n<h2>Les \u00e9tapes du Chemin de Fran\u00e7ois<\/h2>\n<h3>La Voie du Nord<\/h3>\n<p>La\u00a0<strong>Voie du Nord\u00a0<\/strong>pour le p\u00e8lerinage \u00e0 Assise offre un parcours fascinant pour atteindre la ville natale de Saint Fran\u00e7ois, dans l\u2019Ombrie enchanteresse, C\u0153ur Vert de l\u2019Italie. Il y a diff\u00e9rents points de d\u00e9part : Florence, Rimini, La Verna. Cet itin\u00e9raire invite les p\u00e8lerins \u00e0 s\u2019immerger dans la beaut\u00e9 de la nature si ch\u00e8re \u00e0 Saint Fran\u00e7ois. Avec des paysages \u00e0 couper le souffle et des lieux impr\u00e9gn\u00e9s d\u2019histoire et de d\u00e9votion le long du chemin, la Voie du Nord permet une exp\u00e9rience inoubliable de marche et r\u00e9flexion, en culminant dans la merveilleuse Assise, lieu d\u2019inspiration et de saintet\u00e9.<\/p>\n<p>Voici les \u00e9tapes principales pour qui souhaite entreprendre le parcours de Saint Fran\u00e7ois \u00e0 pied en partant du Nord.<\/p>\n<h3>\u00c9tape 1 \u2013 de La Verna \u00e0 Pieve Santo Stefano<\/h3>\n<p>Du Sanctuaire de La Verna, pr\u00e8s d\u2019Arezzo, on traverse les For\u00eats du Parc du Casentino jusqu\u2019\u00e0 Pieve Santo Stefano, immerg\u00e9 dans la nature qui inspira le Saint pour son <a href=\"https:\/\/www.holyart.fr\/blog\/saints-et-bienheureux\/le-cantique-des-creatures-de-saint-francois\/\"><strong><u>Cantique des Cr\u00e9atures<\/u><\/strong><\/a>.<\/p>\n<div class=\"link-article\">\n<p><img loading=\"lazy\" decoding=\"async\" class=\"size-full wp-image-11234 alignleft\" src=\"https:\/\/blog.holyart.it\/fr\/wp-content\/uploads\/sites\/14\/2025\/09\/Saint-francois.jpg\" alt=\"Saint Fran\u00e7ois\" width=\"150\" height=\"99\" data-kale-share-title=\"Le chemin de Saint Fran\u00e7ois: en p\u00e8lerinage jusqu\u2019\u00e0 Assise\" data-kale-share-url=\"https:\/\/blog.holyart.it\/fr\/?p=11220\" \/><\/p>\n<div class=\"leggi-anche\">Lire aussi :<\/div>\n<p><strong><a href=\"https:\/\/www.holyart.fr\/blog\/saints-et-bienheureux\/le-cantique-des-creatures-de-saint-francois\/\">Le cantique des cr\u00e9atures de Saint Fran\u00e7ois<\/a><\/strong><br \/>\nSaint Fran\u00e7ois d\u2019Assise est un des saints les plus aim\u00e9s et les plus v\u00e9n\u00e9r\u00e9s de l\u2019\u00c9glise catholique&#8230;<\/p>\n<\/div>\n<h3>\u00c9tape 2 \u2013 de Pieve Santo Stefano \u00e0 Sansepolcro<\/h3>\n<p>Le chemin traverse la R\u00e9serve Naturelle de l\u2019Alpe della Luna, avec un arr\u00eat \u00e0 l\u2019Ermitage Franciscain de Montecasale. Entre les paysages naturels \u00e0 couper le souffle et les ermitages suggestifs, le p\u00e8lerin sera envelopp\u00e9 par la majest\u00e9 des montagnes, de la paix et de la spiritualit\u00e9.<\/p>\n<h3>\u00c9tape 3 \u2013 de Sansepolcro \u00e0 Citerna<\/h3>\n<p>La douceur du paysage ombrien accueille les p\u00e8lerins, en leur offrant un moment de pause et de r\u00e9flexion, mais aussi l\u2019occasion de s\u2019immerger dans l\u2019histoire et dans la spiritualit\u00e9 de ces lieux chers \u00e0 Saint Fran\u00e7ois.<\/p>\n<h3>\u00c9tape 4 \u2013 de Citerna \u00e0 Citt\u00e0 di Castello<\/h3>\n<p>Les douces pentes de l\u2019Alto Tevere offrent des possibilit\u00e9s d\u2019excursions m\u00eame pour les marcheurs moins exp\u00e9riment\u00e9s. Dans le centre historique de Citt\u00e0 di Castello surgit l\u2019\u00c9glise de Saint Fran\u00e7ois, consacr\u00e9e en 1291.<\/p>\n<h3>\u00c9tape 5 \u2013 de Citt\u00e0 di Castello \u00e0 Pietralunga<\/h3>\n<p>\u00c0 travers des for\u00eats s\u00e9culaires, on arrive \u00e0 Pieve dei Santi, une ancienne \u00e9glise remontant \u00e0 la deuxi\u00e8me moiti\u00e9 du XIe si\u00e8cle, \u00e9difi\u00e9e \u00e0 l\u2019endroit du martyre de Saint Crescentien, un centurion romain converti au Christianisme et tu\u00e9 pour sa foi.<\/p>\n<h3>\u00c9tape 6 \u2013 de Pietralunga \u00e0 Gubbio<\/h3>\n<p>C\u00e9l\u00e8bre surtout pour <a href=\"https:\/\/www.holyart.fr\/articles-religieux\/statues\/statues-en-resine-et-pvc\/saint-francois-de-assisi-30-cm-fontanini-finition-bois\"><strong>l\u2019\u00e9pisode du loup apprivois\u00e9<\/strong><\/a>, Gubbio fut tr\u00e8s importante pour Fran\u00e7ois, car ce fut ici qu\u2019il se refugia apr\u00e8s avoir renonc\u00e9 \u00e0 tous ses biens et commen\u00e7a sa nouvelle vie dans la foi et en Christ. La ville conserve de nombreux lieux li\u00e9s \u00e0 sa pr\u00e9sence et \u00e0 son message.<\/p>\n<div class=\"link-product\">\n<div class=\"blocco-immagine\"><img loading=\"lazy\" decoding=\"async\" class=\"size-full wp-image-11236 alignleft\" src=\"https:\/\/blog.holyart.it\/fr\/wp-content\/uploads\/sites\/14\/2025\/09\/saint-francois-de-assisi-30-cm-fontanini-finition-bois.jpg\" alt=\"Saint Francois de Assisi 30 cm Fontanini finition bois\" width=\"100\" height=\"100\" data-kale-share-title=\"Le chemin de Saint Fran\u00e7ois: en p\u00e8lerinage jusqu\u2019\u00e0 Assise\" data-kale-share-url=\"https:\/\/blog.holyart.it\/fr\/?p=11220\" \/><\/div>\n<div class=\"blocco-contenuto\">\n<div class=\"blocco-acquista\">Acheter sur Holyart:<\/div>\n<div class=\"blocco-titolo\"><a href=\"https:\/\/www.holyart.fr\/articles-religieux\/statues\/statues-en-resine-et-pvc\/saint-francois-de-assisi-30-cm-fontanini-finition-bois\">Saint Francois de Assisi 30 cm Fontanini finition bois<\/a><\/div>\n<div class=\"blocco-descrizione\">Saint Fran\u00e7ois de Assisi 30 cm finition bois. Statue compl\u00e8tement r\u00e9alis\u00e9e en Italie par l&rsquo;usine Fontanini. Cette statue en pvc est peinte \u00e0 la main&#8230;<\/div>\n<\/div>\n<\/div>\n<h3>\u00c9tape 7 \u2013 de Gubbio \u00e0 Valfabbrica<\/h3>\n<p>En parcourant \u00e0 reculons le chemin accompli par Fran\u00e7ois entre les beaux bois ombriens, les p\u00e8lerins arrivent en vue d\u2019Assise.<\/p>\n<h3>\u00c9tape 8 \u2013 de Valfabbrica \u00e0 Assisi<\/h3>\n<p>Le p\u00e8lerinage se conclut \u00e0 Assise, o\u00f9 les restes de Saint Fran\u00e7ois sont conserv\u00e9s dans la Basilique qui lui est d\u00e9di\u00e9e.<\/p>\n<p>La Voie du Nord pr\u00e9voit \u00e9galement une variante qui passe par P\u00e9rouse.<\/p>\n<h2>Voie du Sud<\/h2>\n<p>La\u00a0<strong>Voie du Sud\u00a0<\/strong>couvre environ 300 km le long du Chemin de Fran\u00e7ois de Rome \u00e0 Assise. En quittant Rome, on suit le cours du fleuve Tibre et on poursuit \u00e0 travers la campagne romaine et la Sabine. On ajoute la Vall\u00e9e de Rieti, riche en vues naturelles enchanteresses et c\u00e9l\u00e8bres sanctuaires franciscains. Entre villages pittoresques et exp\u00e9riences culturelles et gastronomiques inoubliables, on passe \u00e0 l\u2019Ombrie, avec ses douces collines, et on atteint Assise et les lieux chers \u00e0 <a href=\"https:\/\/www.holyart.fr\/blog\/saints-et-bienheureux\/sainte-claire-embrassa-la-pauvrete-sur-les-traces-de-saint-francois\/\"><strong><u>Saint Fran\u00e7ois et \u00e0 Sainte Claire<\/u><\/strong><\/a>.<\/p>\n<div class=\"link-article\">\n<p><img loading=\"lazy\" decoding=\"async\" class=\"size-full wp-image-11239 alignleft\" src=\"https:\/\/blog.holyart.it\/fr\/wp-content\/uploads\/sites\/14\/2025\/09\/Claire-dAssise.jpeg\" alt=\"Saint Clare of Assisi, bass relief in portico of church dei Santi XII Apostoli in Rome, Italy\" width=\"150\" height=\"99\" data-kale-share-title=\"Le chemin de Saint Fran\u00e7ois: en p\u00e8lerinage jusqu\u2019\u00e0 Assise\" data-kale-share-url=\"https:\/\/blog.holyart.it\/fr\/?p=11220\" \/><\/p>\n<div class=\"leggi-anche\">Lire aussi :<\/div>\n<p><strong><a href=\"https:\/\/www.holyart.fr\/blog\/saints-et-bienheureux\/sainte-claire-embrassa-la-pauvrete-sur-les-traces-de-saint-francois\/\">Sainte Claire embrassa la pauvret\u00e9, sur les traces de Saint Fran\u00e7ois<\/a><\/strong><br \/>\nSainte Claire suivit l\u2019exemple de Saint Fran\u00e7ois, en renon\u00e7ant \u00e0 tous&#8230;<\/p>\n<\/div>\n<p>Voici les \u00e9tapes principales pour qui souhaite entreprendre le Chemin de Fran\u00e7ois en partant de Rome\u00a0:<\/p>\n<h3>\u00c9tape 1 \u2013 Rome : de Saint-Pierre \u00e0 Monte Sacro<\/h3>\n<p>En partant de la majestueuse Basilique Saint-Pierre, le chemin vers Assise commence avec un voyage qui suit les fleuves Tibre et l\u2019Aniene, \u00e0 travers parcs et pistes cyclables. Le long du parcours vers la Vall\u00e9e de Rieti, on s\u2019immerge dans les bois de la Sabine du Latium et de l\u2019Ombrie, en exp\u00e9rimentant un rythme de vie plus tranquille et en harmonie avec le message de paix et d\u2019amour pour la nature du Saint. \u00c0 travers Ponte Milvio et en passant par le c\u0153ur vert de Rome, entre parcs et espaces verts, on atteint l\u2019\u00c9glise Santi Angeli Custodi dans le quartier Montre Sacro.<\/p>\n<h3>\u00c9tape 2 \u2013 de Monte Sacro \u00e0 Monterotondo<\/h3>\n<p>Le parcours se d\u00e9roule \u00e0 travers les collines entourant Rome, vers la Sabine. On avance le long des voies de la p\u00e9riph\u00e9rie romaine, jusqu\u2019\u00e0 la campagne romaine avec ses anciens vestiges et ses panoramas sur la Ville \u00c9ternelle. Le chemin se termine \u00e0 Monterotondo, o\u00f9 on peut profiter d\u2019une agr\u00e9able promenade dans le centre historique.<\/p>\n<h3>\u00c9tape 3 \u2013 de Monterotondo \u00e0 Ponticelli di Scandriglia<\/h3>\n<p>Pass\u00e9s les restes m\u00e9di\u00e9vaux de la Torre della Fiora, on s\u2019immerge dans la R\u00e9serve Naturelle Macchia di Gattaceca, une zone karstique prot\u00e9g\u00e9e pour sa valeur botanique et paysag\u00e8re. On poursuit sur les anciennes routes romaines comme la Via vecchia Nomentana e la Via Salaria Vecchia, jusqu\u2019\u00e0 Acquaviva, Nerola avec son Ch\u00e2teau Orsini, et Passo Corese. La partie finale est une mont\u00e9e progressive jusqu\u2019\u00e0 Ponticelli.<\/p>\n<h3>\u00c9tape 3 \u2013 de Monterotondo \u00e0 Ponticelli de l\u2019\u00c9tape 3A \u2013 d\u00e9viation par Farfa<\/h3>\n<p>Cette variante permet de visiter l\u2019Abbaye de Farfa, un des plus importants monast\u00e8res b\u00e9n\u00e9dictins d\u2019Italie.<\/p>\n<h3>\u00c9tape 4 \u2013 de Ponticelli di Scandriglia<\/h3>\n<p>Beaut\u00e9s historiques, paysages merveilleux et une nature sauvage et suggestive dans cette \u00e9tape qui arrive jusqu\u2019\u00e0 l\u2019\u00e9glise de San Martino, en passant par Moiano, entre vignes et oliveraies, pour ensuite poursuivre jusqu\u2019au sanctuaire de Santa Vittoria, remontant \u00e0 1100, \u00e0 la zone arch\u00e9ologique de Trebula Mutuesca et \u00e0 la bourgade m\u00e9di\u00e9vale de Monteleone Sabino, jusqu\u2019\u00e0 Poggio San Lorenzo, ancienne fortification romaine.<\/p>\n<h3>\u00c9tape 5 \u2013 de Poggio San Lorenzo \u00e0 Rieti<\/h3>\n<p>Nous entrons ici dans la Vall\u00e9e de Rieti et en Ombrie, o\u00f9 nous trouvons la Cath\u00e9drale de Santa Maria Assunta et la magnifique ville m\u00e9di\u00e9vale de Rieti.<\/p>\n<h3>\u00c9tape 6 \u2013 de Rieti \u00e0 Poggio Bustone<\/h3>\n<p>La Foresta et Poggio Bustone sont deux couvents sertis dans le c\u0153ur verdoyant de la vall\u00e9e franciscaine, de v\u00e9ritables refuges du monde, entre collines et panoramas spectaculaires.<\/p>\n<h3>Variante par Terni \u2013 \u00c9tape 6A \u2013 de Rieti \u00e0 Greccio<\/h3>\n<p>Le Sanctuaire de Greccio rappelle le lieu o\u00f9 Saint Fran\u00e7ois inaugura la <a href=\"https:\/\/www.holyart.fr\/blog\/noel\/la-creche-de-greccio-la-creche-de-saint-francois\/\"><strong><u>tradition de la Cr\u00e8che<\/u><\/strong><\/a> et offre un magnifique panorama sur les sommets du Terminillo et sur la Vall\u00e9e de Terni. Au cours de cette \u00e9tape, on visite \u00e9galement le Sanctuaire de Fonte Colombo, le village de Contigliano Alto et l\u2019Abbaye de San Pastore.<\/p>\n<div class=\"link-article\">\n<p><img loading=\"lazy\" decoding=\"async\" class=\"size-full wp-image-11243 alignleft\" src=\"https:\/\/blog.holyart.it\/fr\/wp-content\/uploads\/sites\/14\/2025\/09\/La-creche-de-Greccio.jpg\" alt=\"La cr\u00e8che de Greccio\" width=\"150\" height=\"97\" data-kale-share-title=\"Le chemin de Saint Fran\u00e7ois: en p\u00e8lerinage jusqu\u2019\u00e0 Assise\" data-kale-share-url=\"https:\/\/blog.holyart.it\/fr\/?p=11220\" \/><\/p>\n<div class=\"leggi-anche\">Lire aussi :<\/div>\n<p><strong><a href=\"https:\/\/www.holyart.fr\/blog\/noel\/la-creche-de-greccio-la-creche-de-saint-francois\/\">La cr\u00e8che de Greccio : la cr\u00e8che de Saint Fran\u00e7ois<\/a><\/strong><br \/>\nQuel est l\u2019histoire de la cr\u00e8che ? D\u2019o\u00f9 vient cette tradition que nous vivons tous les ans ?&#8230;<\/p>\n<\/div>\n<h3>Variante par Terni \u2013 \u00c9tape 6B \u2013 de Greccio \u00e0 Terni<\/h3>\n<p>On monte entour\u00e9s de charmes et de ch\u00e2taigniers, en traversant les prairies de Stroncone, entre les plaques comm\u00e9moratives li\u00e9es au passage de Saint Bernardin de Sienne. On atteint l\u2019\u00c9glise de la Madonna di Colleponte, ensuite Place de la Libert\u00e9 \u00e0 Stroncone et le Sanctuaire de Saint Fran\u00e7ois d\u2019Assise. En poursuivant vers Terni, on visite la Basilique de son saint patron, Saint Valentin.<\/p>\n<h3>Variante par Terni \u2013 \u00c9tape 6C \u2013 de Terni \u00e0 Arrone<\/h3>\n<p>Au c\u0153ur vert de la vall\u00e9e de la rivi\u00e8re Nera, on assiste au spectaculaire saut de la Cascade des Marmone, pour ensuite remonter le cours de la rivi\u00e8re entre des vall\u00e9es \u00e9troites et rocheuses.<\/p>\n<h3>\u00c9tape 7 \u2013 de Poggio Bustone \u00e0 Piediluco<\/h3>\n<p>En quittant la Vall\u00e9e de Terni, on entre en Ombrie. On marche principalement sur des sentiers avec de magnifiques vues sur les lacs, apr\u00e8s avoir salu\u00e9 le h\u00eatre sous lequel Saint Fran\u00e7ois chercha refuge lors d\u2019un orage. Pause \u00e0 Labro et au Lac de Piediluco.<\/p>\n<h3>\u00c9tape 8 \u2013 de Piediluco \u00e0 Arrone<\/h3>\n<p>La nature de ce parcours semble rendre hommage au rapport sp\u00e9cial de Saint Fran\u00e7ois avec l\u2019eau, entre lacs, rivi\u00e8res et cascades, jusqu\u2019au village d\u2019Arrone.<\/p>\n<h3>\u00c9tape 9 \u2013 de Arrone \u00e0 Ceselli<\/h3>\n<p>De la coll\u00e9giale de Santa Maria Assunta \u00e0 Arrone, on remonte encore le cours de la rivi\u00e8re Nera jusqu\u2019\u00e0 Ferentillo, avec ses ch\u00e2teaux et le Mus\u00e9e des Momies. En poursuivant, on aper\u00e7oit l\u2019imposante Abbaye de San Pietro in Valle, pour ensuite atteindre Ceselli.<\/p>\n<h3>\u00c9tape 10 \u2013 de Ceselli \u00e0 Spol\u00e8te<\/h3>\n<p>On monte jusqu\u2019au col de Castelmonte, \u00e0 travers des panoramas suggestifs sur la Vall\u00e9e de la Nera. En traversant Sensati, on arrive au Bosco Sacro di Monteluco qui renferme l\u2019Ermitage de Saint Fran\u00e7ois. En descendant vers Spol\u00e8te, on rencontre ermitages et \u00e9dicules, jusqu\u2019au Ponte delle Torri. \u00c0 Spol\u00e8te, on peut admirer la magnifique Cath\u00e9drale et toutes les beaut\u00e9s artistiques et historiques de la ville.<\/p>\n<h3>\u00c9tape 11 \u2013 de Spol\u00e8te \u00e0 Poreta<\/h3>\n<p>De la Cath\u00e9drale de Spol\u00e8te, le long des Voies des Murs Cyclop\u00e9ens, on proc\u00e8de sur des routes secondaires immerg\u00e9es dans la campagne, avec des panoramas sur Trevi et Assise d\u2019un c\u00f4t\u00e9 et sur les Monts Martani et Montefalco de l\u2019autre. Il est recommand\u00e9 de visiter la Basilique de San Salvatore, inscrite au patrimoine mondial de l\u2019UNESCO. Apr\u00e8s une mont\u00e9e vers les villages d\u2019Eggi et Bazzano, on descend \u00e0 travers champs et bois de pins d\u2019Alep jusqu\u2019\u00e0 Poreta, o\u00f9 on peut visiter le Ch\u00e2teau.<\/p>\n<h3>\u00c9tape 12 \u2013 de Poreta \u00e0 Trevi<\/h3>\n<p>Le parcours traverse des chemins de terre et des tron\u00e7ons de routes secondaires entre les oliviers, avec des mont\u00e9es et des descentes jusqu\u2019au village de Campello Alto, connu pour ses murs et pour le couvent des P\u00e8res Barnabites. On continue la mont\u00e9e vers l\u2019Ermitage des Allodole, un endroit de m\u00e9ditation franciscain. Apr\u00e8s quelques autres mont\u00e9es et descentes, on arrive \u00e0 Bovara, avec l\u2019\u00c9glise de San Pietreo li\u00e9e \u00e0 la vision de Fr\u00e8re Pacifique. L\u2019\u00e9tape se termine \u00e0 Trevi, o\u00f9 l\u2019\u00c9glise de la Madonna delle Lacrime et le Complesso Museale de Saint Fran\u00e7ois sont incontournables.<\/p>\n<h3>\u00c9tape 13 \u2013 de Trevi \u00e0 Foligno<\/h3>\n<p>On quitte Trevi et on se dirige vers Collecchio \u00e0 travers des sentiers en descente, en passant par des terrasses d\u2019oliviers. Le parcours traverse la campagne ombrienne, avec quelques \u00e9dicules mariaux le long du chemin. On arrive \u00e0 San Clemente, o\u00f9 se trouve une \u00e9glise paroissiale de campagne entour\u00e9e d\u2019oliviers. Enfin, on atteint le centre historique de Foligno, avec son Duomo di San Feliciano, lieu symbolique li\u00e9 \u00e0 Saint Fran\u00e7ois, qui voulut ici restaurer l\u2019\u00e9glise de Saint Damien.<\/p>\n<h3>\u00c9tape 14 \u2013 de Foligno \u00e0 Assise<\/h3>\n<p>De la Cath\u00e9drale de Foligno, on passe le pont sur la rivi\u00e8re Topino et on se dirige vers Spello, d\u2019o\u00f9 on peut choisir entre un parcours de randonn\u00e9e entre les bois du mont Subasio ou un chemin plus agr\u00e9able le long de la Voie des Oliviers. Les deux am\u00e8nent \u00e0 Assise.<\/p>\n<h2>Le chemin de Saint Fran\u00e7ois \u00e0 pied ou \u00e0 v\u00e9lo<\/h2>\n<p>Pour ceux qui souhaitent entreprendre le chemin de Saint Fran\u00e7ois \u00e0 v\u00e9lo, les \u00e9tapes sont parall\u00e8les \u00e0 celles des parcours \u00e0 pied le long des Voies du Nord et du Sud. <a href=\"https:\/\/www.holyart.fr\/jubile-2025-pelerins-desperance\/kit-du-pelerin-et-gadgets-du-jubile-2025\/sac-a-dos-du-pelerin-kit-complet-jubile-2025\"><strong>Inqui\u00e9tez-vous d\u2019avoir toujours une gourde d\u2019eau avec vous<\/strong><\/a>, surtout dans les mois les plus chauds.<\/p>\n<div class=\"link-product\">\n<div class=\"blocco-immagine\"><img loading=\"lazy\" decoding=\"async\" class=\"size-full wp-image-11245 alignleft\" src=\"https:\/\/blog.holyart.it\/fr\/wp-content\/uploads\/sites\/14\/2025\/09\/sac-a-dos-du-pelerin-kit-complet-jubile-2025.jpg\" alt=\"Sac \u00e0 dos du p\u00e8lerin kit complet Jubil\u00e9 2025\" width=\"100\" height=\"100\" data-kale-share-title=\"Le chemin de Saint Fran\u00e7ois: en p\u00e8lerinage jusqu\u2019\u00e0 Assise\" data-kale-share-url=\"https:\/\/blog.holyart.it\/fr\/?p=11220\" \/><\/div>\n<div class=\"blocco-contenuto\">\n<div class=\"blocco-acquista\">Acheter sur Holyart:<\/div>\n<div class=\"blocco-titolo\"><a href=\"https:\/\/www.holyart.fr\/jubile-2025-pelerins-desperance\/kit-du-pelerin-et-gadgets-du-jubile-2025\/sac-a-dos-du-pelerin-kit-complet-jubile-2025\">Sac \u00e0 dos du p\u00e8lerin kit complet Jubil\u00e9 2025<\/a><\/div>\n<div class=\"blocco-descrizione\">Sac \u00e0 dos du p\u00e8lerin kit complet Jubil\u00e9 2025. Kit du p\u00e8lerin con\u00e7u pour enrichir et faciliter le p\u00e8lerinage du Jubil\u00e9, comprenant un ensemble&#8230;<\/div>\n<\/div>\n<\/div>\n<h3>Voie du Nord en v\u00e9lo<\/h3>\n<p>\u00c9tape 1 \u2013 de La Verna \u00e0 Citerna<br \/>\n\u00c9tape 2 \u2013 de Citerna \u00e0 Pietralunga<br \/>\n\u00c9tape 3 \u2013 de Pietralunga \u00e0 Gubbio<br \/>\n\u00c9tape 4 \u2013 de Gubbio \u00e0 Valfabbrica<br \/>\n\u00c9tape 5 \u2013 de Valfabbrica \u00e0 P\u00e9rouse<br \/>\n\u00c9tape 5A \u2013 de Valfabbrica \u00e0 Assise<br \/>\n\u00c9tape 6 \u2013 de P\u00e9rouse \u00e0 Assise<\/p>\n<h3>Voie du Sud en v\u00e9lo<\/h3>\n<p>\u00c9tape 1 \u2013 de San Pietro \u00e0 Monterotondo<br \/>\n\u00c9tape 2 \u2013 de Monterotondo \u00e0 Ponticelli di Scandriglia<br \/>\n\u00c9tape 3 \u2013 de Ponticelli di Scandriglia \u00e0 Rieti<br \/>\n\u00c9tape 4 \u2013 de Rieti \u00e0 Piediluco<br \/>\nVariante \u2013 \u00c9tape 4A \u2013 de Rieti \u00e0 Greccio<br \/>\nVariante \u2013 \u00c9tape 4B- de Greccio \u00e0 Stroncone<br \/>\nVariante \u2013 \u00c9tape 4C \u2013 de Stroncone \u00e0 Scheggino<br \/>\n\u00c9tape 5 \u2013 de Piediluco \u00e0 Scheggino<br \/>\n\u00c9tape 6 \u2013 de Scheggino \u00e0 Monteluco<br \/>\n\u00c9tape 7 \u2013 de Monteluco \u00e0 Trevi<br \/>\n\u00c9tape 8 \u2013 de Trevi \u00e0 Assise<\/p>\n<h2>Cr\u00e9denciale du p\u00e8lerin pour le Chemin de Fran\u00e7ois<\/h2>\n<p>La Cr\u00e9denciale du P\u00e8lerin repr\u00e9sente un compagnon de voyage fondamental, incontournable pour ceux qui souhaitent s\u2019aventurer dans ce p\u00e8lerinage d\u00e9votionnel. Outre qu\u2019\u00eatre un document d\u2019identification, il repr\u00e9sente le lien spirituel avec le parcours entrepris, car il t\u00e9moigne de chaque \u00e9tape, chaque rencontre et chaque \u00e9motion v\u00e9cue le long du chemin. Il est le symbole tangible de la recherche int\u00e9rieure et de la foi qui anime le c\u0153ur du p\u00e8lerin, en conf\u00e9rant signification et profondeur \u00e0 son existence spirituelle.<\/p>\n<p>Les documents fondamentaux qui accompagnent le p\u00e8lerin sur le Chemin de Fran\u00e7ois sont deux\u00a0: la <strong>Cr\u00e9denciale<\/strong> <strong>du P\u00e8lerin<\/strong> et le <strong><em>Testimonium Viae Francisci<\/em><\/strong>.<\/p>\n<div class=\"link-article\">\n<p><img loading=\"lazy\" decoding=\"async\" class=\"size-full wp-image-11247 alignleft\" src=\"https:\/\/blog.holyart.it\/fr\/wp-content\/uploads\/sites\/14\/2025\/09\/la-carte-du-pelerin.jpg\" alt=\"La Carte du p\u00e8lerin\" width=\"150\" height=\"99\" data-kale-share-title=\"Le chemin de Saint Fran\u00e7ois: en p\u00e8lerinage jusqu\u2019\u00e0 Assise\" data-kale-share-url=\"https:\/\/blog.holyart.it\/fr\/?p=11220\" \/><\/p>\n<div class=\"leggi-anche\">Lire aussi :<\/div>\n<p><strong><a href=\"https:\/\/www.holyart.fr\/blog\/articles-religieux\/la-carte-du-pelerin-comment-sorganiser-pour-les-evenements-du-jubile\/\">La Carte du p\u00e8lerin : comment s\u2019organiser pour les \u00e9v\u00e9nements du Jubil\u00e9<\/a><\/strong><br \/>\nLe Carnet du p\u00e8lerin est un document pr\u00e9cieux et indispensable&#8230;<\/p>\n<\/div>\n<p>Pour demander la <strong>Cr\u00e9denciale du Chemin de Fran\u00e7ois<\/strong>, il est n\u00e9cessaire de remplir un formulaire avec ses donn\u00e9es et la date approximative de d\u00e9but du p\u00e8lerinage. Si le voyage commence en Italie, il faut envoyer la demande au moins 3 semaines avant son d\u00e9part, tandis que si l\u2019on part de l\u2019\u00e9tranger, il faut le faire au moins 2 mois \u00e0 l\u2019avance. Le service d\u2019envoi de la Cr\u00e9denciale est gratuit et g\u00e9r\u00e9 par le Bureau de la Cr\u00e9denciale aupr\u00e8s de la PiccolAccoglienza du Dioc\u00e8se de Gubbio. La Cr\u00e9denciale sera envoy\u00e9e via la poste.<\/p>\n<p>Le\u00a0<strong><em>Testimonium Peregrinationis Peractae ad Sanctorum Francisci et Clarae Civitatem<\/em><\/strong>\u00a0est une attestation qui certifie le compl\u00e8tement du p\u00e8lerinage \u00e0 la tombe de Saint Fran\u00e7ois d\u2019Assise. D\u00e8s le Moyen \u00c2ge, le p\u00e8lerinage \u00e9tait en effet consid\u00e9r\u00e9 comme valable uniquement si le p\u00e8lerin atteignait la tombe du Saint.<br \/>\nLe\u00a0<strong><em>Testimonium<\/em><\/strong>\u00a0poss\u00e8de une grande valeur en tant que pr\u00e9cieux souvenir de l\u2019exp\u00e9rience v\u00e9cue et symbole tangible des valeurs et des sentiments d\u00e9couverts pendant le chemin. Pour l\u2019obtenir, il est n\u00e9cessaire avoir parcouru au moins les <strong>100 derniers kilom\u00e8tres \u00e0 pied ou les derniers 200 kilom\u00e8tres en v\u00e9lo<\/strong> jusqu\u2019\u00e0 arriver \u00e0 la tombe de Saint Fran\u00e7ois. Les cachets et les dates sur la Cr\u00e9denciale attestent le chemin accompli et sont fondamentaux pour obtenir le <strong><em>Testimonium<\/em><\/strong>.<\/p>\n<p>&nbsp;<\/p>\n<p>&nbsp;<\/p>\n<p>Meta description\u00a0: Le Chemin de Saint Fran\u00e7ois offre un voyage \u00e0 travers des paysages enchanteurs et des bourgades historiques, en suivant les pas du Saint Patron d\u2019Italie jusqu\u2019\u00e0 Assise.<\/p>\n","protected":false},"excerpt":{"rendered":"<p>Le chemin de Saint Fran\u00e7ois retrace les pas du Saint Patron d\u2019Italie, entre paysages naturels enchanteurs et panoramas suggestifs, \u00e0 travers certaines des villes d\u2019art et des bourgades les plus belles au monde, jusqu\u2019\u00e0 Assise. Voici comment le parcourir de Nord au Sud Printemps, temps&hellip;<\/p>\n","protected":false},"author":1,"featured_media":11221,"comment_status":"closed","ping_status":"open","sticky":false,"template":"","format":"standard","meta":{"_acf_changed":false,"footnotes":""},"categories":[8],"tags":[],"class_list":["post-11220","post","type-post","status-publish","format-standard","has-post-thumbnail","hentry","category-articles-religieux"],"acf":[],"yoast_head":"<!-- This site is optimized with the Yoast SEO plugin v26.6 - https:\/\/yoast.com\/wordpress\/plugins\/seo\/ -->\n<title>Le chemin de Saint Fran\u00e7ois: en p\u00e8lerinage jusqu\u2019\u00e0 Assise - Holyart.fr Blog<\/title>\n<meta name=\"description\" content=\"Le Chemin de Saint Fran\u00e7ois offre un voyage \u00e0 travers des paysages enchanteurs et des bourgades historiques, en suivant les pas\" \/>\n<meta name=\"robots\" content=\"index, follow, max-snippet:-1, max-image-preview:large, max-video-preview:-1\" \/>\n<link rel=\"canonical\" href=\"https:\/\/blog.holyart.it\/fr\/articles-religieux\/le-chemin-de-saint-francois-en-pelerinage-jusqua-assise\/\" \/>\n<meta property=\"og:locale\" content=\"fr_FR\" \/>\n<meta property=\"og:type\" content=\"article\" \/>\n<meta property=\"og:title\" content=\"Le chemin de Saint Fran\u00e7ois: en p\u00e8lerinage jusqu\u2019\u00e0 Assise - Holyart.fr Blog\" \/>\n<meta property=\"og:description\" content=\"Le Chemin de Saint Fran\u00e7ois offre un voyage \u00e0 travers des paysages enchanteurs et des bourgades historiques, en suivant les pas\" \/>\n<meta property=\"og:url\" content=\"https:\/\/blog.holyart.it\/fr\/articles-religieux\/le-chemin-de-saint-francois-en-pelerinage-jusqua-assise\/\" \/>\n<meta property=\"og:site_name\" content=\"Holyart.fr Blog\" \/>\n<meta property=\"article:published_time\" content=\"2025-10-01T08:00:58+00:00\" \/>\n<meta property=\"og:image\" content=\"https:\/\/blog.holyart.it\/fr\/wp-content\/uploads\/sites\/14\/2025\/09\/chemin-de-Saint-Francois.jpg\" \/>\n\t<meta property=\"og:image:width\" content=\"1000\" \/>\n\t<meta property=\"og:image:height\" content=\"666\" \/>\n\t<meta property=\"og:image:type\" content=\"image\/jpeg\" \/>\n<meta name=\"author\" content=\"Redazione\" \/>\n<meta name=\"twitter:card\" content=\"summary_large_image\" \/>\n<meta name=\"twitter:label1\" content=\"\u00c9crit par\" \/>\n\t<meta name=\"twitter:data1\" content=\"Redazione\" \/>\n\t<meta name=\"twitter:label2\" content=\"Dur\u00e9e de lecture estim\u00e9e\" \/>\n\t<meta name=\"twitter:data2\" content=\"17 minutes\" \/>\n<script type=\"application\/ld+json\" class=\"yoast-schema-graph\">{\"@context\":\"https:\/\/schema.org\",\"@graph\":[{\"@type\":\"Article\",\"@id\":\"https:\/\/blog.holyart.it\/fr\/articles-religieux\/le-chemin-de-saint-francois-en-pelerinage-jusqua-assise\/#article\",\"isPartOf\":{\"@id\":\"https:\/\/blog.holyart.it\/fr\/articles-religieux\/le-chemin-de-saint-francois-en-pelerinage-jusqua-assise\/\"},\"author\":{\"name\":\"Redazione\",\"@id\":\"https:\/\/blog.holyart.it\/fr\/#\/schema\/person\/0a7b686e5af0f856ec1e390dd0baecda\"},\"headline\":\"Le chemin de Saint Fran\u00e7ois: en p\u00e8lerinage jusqu\u2019\u00e0 Assise\",\"datePublished\":\"2025-10-01T08:00:58+00:00\",\"mainEntityOfPage\":{\"@id\":\"https:\/\/blog.holyart.it\/fr\/articles-religieux\/le-chemin-de-saint-francois-en-pelerinage-jusqua-assise\/\"},\"wordCount\":3019,\"publisher\":{\"@id\":\"https:\/\/blog.holyart.it\/fr\/#organization\"},\"image\":{\"@id\":\"https:\/\/blog.holyart.it\/fr\/articles-religieux\/le-chemin-de-saint-francois-en-pelerinage-jusqua-assise\/#primaryimage\"},\"thumbnailUrl\":\"https:\/\/blog.holyart.it\/fr\/wp-content\/uploads\/sites\/14\/2025\/09\/chemin-de-Saint-Francois.jpg\",\"articleSection\":[\"Religion\"],\"inLanguage\":\"fr-FR\"},{\"@type\":\"WebPage\",\"@id\":\"https:\/\/blog.holyart.it\/fr\/articles-religieux\/le-chemin-de-saint-francois-en-pelerinage-jusqua-assise\/\",\"url\":\"https:\/\/blog.holyart.it\/fr\/articles-religieux\/le-chemin-de-saint-francois-en-pelerinage-jusqua-assise\/\",\"name\":\"Le chemin de Saint Fran\u00e7ois: en p\u00e8lerinage jusqu\u2019\u00e0 Assise - Holyart.fr Blog\",\"isPartOf\":{\"@id\":\"https:\/\/blog.holyart.it\/fr\/#website\"},\"primaryImageOfPage\":{\"@id\":\"https:\/\/blog.holyart.it\/fr\/articles-religieux\/le-chemin-de-saint-francois-en-pelerinage-jusqua-assise\/#primaryimage\"},\"image\":{\"@id\":\"https:\/\/blog.holyart.it\/fr\/articles-religieux\/le-chemin-de-saint-francois-en-pelerinage-jusqua-assise\/#primaryimage\"},\"thumbnailUrl\":\"https:\/\/blog.holyart.it\/fr\/wp-content\/uploads\/sites\/14\/2025\/09\/chemin-de-Saint-Francois.jpg\",\"datePublished\":\"2025-10-01T08:00:58+00:00\",\"description\":\"Le Chemin de Saint Fran\u00e7ois offre un voyage \u00e0 travers des paysages enchanteurs et des bourgades historiques, en suivant les pas\",\"breadcrumb\":{\"@id\":\"https:\/\/blog.holyart.it\/fr\/articles-religieux\/le-chemin-de-saint-francois-en-pelerinage-jusqua-assise\/#breadcrumb\"},\"inLanguage\":\"fr-FR\",\"potentialAction\":[{\"@type\":\"ReadAction\",\"target\":[\"https:\/\/blog.holyart.it\/fr\/articles-religieux\/le-chemin-de-saint-francois-en-pelerinage-jusqua-assise\/\"]}]},{\"@type\":\"ImageObject\",\"inLanguage\":\"fr-FR\",\"@id\":\"https:\/\/blog.holyart.it\/fr\/articles-religieux\/le-chemin-de-saint-francois-en-pelerinage-jusqua-assise\/#primaryimage\",\"url\":\"https:\/\/blog.holyart.it\/fr\/wp-content\/uploads\/sites\/14\/2025\/09\/chemin-de-Saint-Francois.jpg\",\"contentUrl\":\"https:\/\/blog.holyart.it\/fr\/wp-content\/uploads\/sites\/14\/2025\/09\/chemin-de-Saint-Francois.jpg\",\"width\":1000,\"height\":666,\"caption\":\"chemin de Saint Fran\u00e7ois\"},{\"@type\":\"BreadcrumbList\",\"@id\":\"https:\/\/blog.holyart.it\/fr\/articles-religieux\/le-chemin-de-saint-francois-en-pelerinage-jusqua-assise\/#breadcrumb\",\"itemListElement\":[{\"@type\":\"ListItem\",\"position\":1,\"name\":\"Homepage\",\"item\":\"https:\/\/blog.holyart.it\/fr\/\"},{\"@type\":\"ListItem\",\"position\":2,\"name\":\"Religion\",\"item\":\"https:\/\/blog.holyart.it\/fr\/articles-religieux\/\"},{\"@type\":\"ListItem\",\"position\":3,\"name\":\"Le chemin de Saint Fran\u00e7ois: en p\u00e8lerinage jusqu\u2019\u00e0 Assise\"}]},{\"@type\":\"WebSite\",\"@id\":\"https:\/\/blog.holyart.it\/fr\/#website\",\"url\":\"https:\/\/blog.holyart.it\/fr\/\",\"name\":\"Holyart.fr Blog\",\"description\":\"Holyblog\",\"publisher\":{\"@id\":\"https:\/\/blog.holyart.it\/fr\/#organization\"},\"potentialAction\":[{\"@type\":\"SearchAction\",\"target\":{\"@type\":\"EntryPoint\",\"urlTemplate\":\"https:\/\/blog.holyart.it\/fr\/?s={search_term_string}\"},\"query-input\":{\"@type\":\"PropertyValueSpecification\",\"valueRequired\":true,\"valueName\":\"search_term_string\"}}],\"inLanguage\":\"fr-FR\"},{\"@type\":\"Organization\",\"@id\":\"https:\/\/blog.holyart.it\/fr\/#organization\",\"name\":\"Holyart.fr Blog\",\"url\":\"https:\/\/blog.holyart.it\/fr\/\",\"logo\":{\"@type\":\"ImageObject\",\"inLanguage\":\"fr-FR\",\"@id\":\"https:\/\/blog.holyart.it\/fr\/#\/schema\/logo\/image\/\",\"url\":\"https:\/\/blog.holyart.it\/fr\/wp-content\/uploads\/sites\/14\/2022\/12\/Holyart_Blog_Logo.jpg\",\"contentUrl\":\"https:\/\/blog.holyart.it\/fr\/wp-content\/uploads\/sites\/14\/2022\/12\/Holyart_Blog_Logo.jpg\",\"width\":300,\"height\":50,\"caption\":\"Holyart.fr Blog\"},\"image\":{\"@id\":\"https:\/\/blog.holyart.it\/fr\/#\/schema\/logo\/image\/\"}},{\"@type\":\"Person\",\"@id\":\"https:\/\/blog.holyart.it\/fr\/#\/schema\/person\/0a7b686e5af0f856ec1e390dd0baecda\",\"name\":\"Redazione\",\"image\":{\"@type\":\"ImageObject\",\"inLanguage\":\"fr-FR\",\"@id\":\"https:\/\/blog.holyart.it\/fr\/#\/schema\/person\/image\/\",\"url\":\"https:\/\/secure.gravatar.com\/avatar\/f477da817f43e50d0af36abecd33e3edf826c68299714bdc1057dff3b113f516?s=96&d=mm&r=g\",\"contentUrl\":\"https:\/\/secure.gravatar.com\/avatar\/f477da817f43e50d0af36abecd33e3edf826c68299714bdc1057dff3b113f516?s=96&d=mm&r=g\",\"caption\":\"Redazione\"},\"url\":\"https:\/\/blog.holyart.it\/fr\/author\/admin\/\"}]}<\/script>\n<!-- \/ Yoast SEO plugin. -->","yoast_head_json":{"title":"Le chemin de Saint Fran\u00e7ois: en p\u00e8lerinage jusqu\u2019\u00e0 Assise - Holyart.fr Blog","description":"Le Chemin de Saint Fran\u00e7ois offre un voyage \u00e0 travers des paysages enchanteurs et des bourgades historiques, en suivant les pas","robots":{"index":"index","follow":"follow","max-snippet":"max-snippet:-1","max-image-preview":"max-image-preview:large","max-video-preview":"max-video-preview:-1"},"canonical":"https:\/\/blog.holyart.it\/fr\/articles-religieux\/le-chemin-de-saint-francois-en-pelerinage-jusqua-assise\/","og_locale":"fr_FR","og_type":"article","og_title":"Le chemin de Saint Fran\u00e7ois: en p\u00e8lerinage jusqu\u2019\u00e0 Assise - Holyart.fr Blog","og_description":"Le Chemin de Saint Fran\u00e7ois offre un voyage \u00e0 travers des paysages enchanteurs et des bourgades historiques, en suivant les pas","og_url":"https:\/\/blog.holyart.it\/fr\/articles-religieux\/le-chemin-de-saint-francois-en-pelerinage-jusqua-assise\/","og_site_name":"Holyart.fr Blog","article_published_time":"2025-10-01T08:00:58+00:00","og_image":[{"width":1000,"height":666,"url":"https:\/\/blog.holyart.it\/fr\/wp-content\/uploads\/sites\/14\/2025\/09\/chemin-de-Saint-Francois.jpg","type":"image\/jpeg"}],"author":"Redazione","twitter_card":"summary_large_image","twitter_misc":{"\u00c9crit par":"Redazione","Dur\u00e9e de lecture estim\u00e9e":"17 minutes"},"schema":{"@context":"https:\/\/schema.org","@graph":[{"@type":"Article","@id":"https:\/\/blog.holyart.it\/fr\/articles-religieux\/le-chemin-de-saint-francois-en-pelerinage-jusqua-assise\/#article","isPartOf":{"@id":"https:\/\/blog.holyart.it\/fr\/articles-religieux\/le-chemin-de-saint-francois-en-pelerinage-jusqua-assise\/"},"author":{"name":"Redazione","@id":"https:\/\/blog.holyart.it\/fr\/#\/schema\/person\/0a7b686e5af0f856ec1e390dd0baecda"},"headline":"Le chemin de Saint Fran\u00e7ois: en p\u00e8lerinage jusqu\u2019\u00e0 Assise","datePublished":"2025-10-01T08:00:58+00:00","mainEntityOfPage":{"@id":"https:\/\/blog.holyart.it\/fr\/articles-religieux\/le-chemin-de-saint-francois-en-pelerinage-jusqua-assise\/"},"wordCount":3019,"publisher":{"@id":"https:\/\/blog.holyart.it\/fr\/#organization"},"image":{"@id":"https:\/\/blog.holyart.it\/fr\/articles-religieux\/le-chemin-de-saint-francois-en-pelerinage-jusqua-assise\/#primaryimage"},"thumbnailUrl":"https:\/\/blog.holyart.it\/fr\/wp-content\/uploads\/sites\/14\/2025\/09\/chemin-de-Saint-Francois.jpg","articleSection":["Religion"],"inLanguage":"fr-FR"},{"@type":"WebPage","@id":"https:\/\/blog.holyart.it\/fr\/articles-religieux\/le-chemin-de-saint-francois-en-pelerinage-jusqua-assise\/","url":"https:\/\/blog.holyart.it\/fr\/articles-religieux\/le-chemin-de-saint-francois-en-pelerinage-jusqua-assise\/","name":"Le chemin de Saint Fran\u00e7ois: en p\u00e8lerinage jusqu\u2019\u00e0 Assise - Holyart.fr Blog","isPartOf":{"@id":"https:\/\/blog.holyart.it\/fr\/#website"},"primaryImageOfPage":{"@id":"https:\/\/blog.holyart.it\/fr\/articles-religieux\/le-chemin-de-saint-francois-en-pelerinage-jusqua-assise\/#primaryimage"},"image":{"@id":"https:\/\/blog.holyart.it\/fr\/articles-religieux\/le-chemin-de-saint-francois-en-pelerinage-jusqua-assise\/#primaryimage"},"thumbnailUrl":"https:\/\/blog.holyart.it\/fr\/wp-content\/uploads\/sites\/14\/2025\/09\/chemin-de-Saint-Francois.jpg","datePublished":"2025-10-01T08:00:58+00:00","description":"Le Chemin de Saint Fran\u00e7ois offre un voyage \u00e0 travers des paysages enchanteurs et des bourgades historiques, en suivant les pas","breadcrumb":{"@id":"https:\/\/blog.holyart.it\/fr\/articles-religieux\/le-chemin-de-saint-francois-en-pelerinage-jusqua-assise\/#breadcrumb"},"inLanguage":"fr-FR","potentialAction":[{"@type":"ReadAction","target":["https:\/\/blog.holyart.it\/fr\/articles-religieux\/le-chemin-de-saint-francois-en-pelerinage-jusqua-assise\/"]}]},{"@type":"ImageObject","inLanguage":"fr-FR","@id":"https:\/\/blog.holyart.it\/fr\/articles-religieux\/le-chemin-de-saint-francois-en-pelerinage-jusqua-assise\/#primaryimage","url":"https:\/\/blog.holyart.it\/fr\/wp-content\/uploads\/sites\/14\/2025\/09\/chemin-de-Saint-Francois.jpg","contentUrl":"https:\/\/blog.holyart.it\/fr\/wp-content\/uploads\/sites\/14\/2025\/09\/chemin-de-Saint-Francois.jpg","width":1000,"height":666,"caption":"chemin de Saint Fran\u00e7ois"},{"@type":"BreadcrumbList","@id":"https:\/\/blog.holyart.it\/fr\/articles-religieux\/le-chemin-de-saint-francois-en-pelerinage-jusqua-assise\/#breadcrumb","itemListElement":[{"@type":"ListItem","position":1,"name":"Homepage","item":"https:\/\/blog.holyart.it\/fr\/"},{"@type":"ListItem","position":2,"name":"Religion","item":"https:\/\/blog.holyart.it\/fr\/articles-religieux\/"},{"@type":"ListItem","position":3,"name":"Le chemin de Saint Fran\u00e7ois: en p\u00e8lerinage jusqu\u2019\u00e0 Assise"}]},{"@type":"WebSite","@id":"https:\/\/blog.holyart.it\/fr\/#website","url":"https:\/\/blog.holyart.it\/fr\/","name":"Holyart.fr Blog","description":"Holyblog","publisher":{"@id":"https:\/\/blog.holyart.it\/fr\/#organization"},"potentialAction":[{"@type":"SearchAction","target":{"@type":"EntryPoint","urlTemplate":"https:\/\/blog.holyart.it\/fr\/?s={search_term_string}"},"query-input":{"@type":"PropertyValueSpecification","valueRequired":true,"valueName":"search_term_string"}}],"inLanguage":"fr-FR"},{"@type":"Organization","@id":"https:\/\/blog.holyart.it\/fr\/#organization","name":"Holyart.fr Blog","url":"https:\/\/blog.holyart.it\/fr\/","logo":{"@type":"ImageObject","inLanguage":"fr-FR","@id":"https:\/\/blog.holyart.it\/fr\/#\/schema\/logo\/image\/","url":"https:\/\/blog.holyart.it\/fr\/wp-content\/uploads\/sites\/14\/2022\/12\/Holyart_Blog_Logo.jpg","contentUrl":"https:\/\/blog.holyart.it\/fr\/wp-content\/uploads\/sites\/14\/2022\/12\/Holyart_Blog_Logo.jpg","width":300,"height":50,"caption":"Holyart.fr Blog"},"image":{"@id":"https:\/\/blog.holyart.it\/fr\/#\/schema\/logo\/image\/"}},{"@type":"Person","@id":"https:\/\/blog.holyart.it\/fr\/#\/schema\/person\/0a7b686e5af0f856ec1e390dd0baecda","name":"Redazione","image":{"@type":"ImageObject","inLanguage":"fr-FR","@id":"https:\/\/blog.holyart.it\/fr\/#\/schema\/person\/image\/","url":"https:\/\/secure.gravatar.com\/avatar\/f477da817f43e50d0af36abecd33e3edf826c68299714bdc1057dff3b113f516?s=96&d=mm&r=g","contentUrl":"https:\/\/secure.gravatar.com\/avatar\/f477da817f43e50d0af36abecd33e3edf826c68299714bdc1057dff3b113f516?s=96&d=mm&r=g","caption":"Redazione"},"url":"https:\/\/blog.holyart.it\/fr\/author\/admin\/"}]}},"_links":{"self":[{"href":"https:\/\/blog.holyart.it\/fr\/wp-json\/wp\/v2\/posts\/11220","targetHints":{"allow":["GET"]}}],"collection":[{"href":"https:\/\/blog.holyart.it\/fr\/wp-json\/wp\/v2\/posts"}],"about":[{"href":"https:\/\/blog.holyart.it\/fr\/wp-json\/wp\/v2\/types\/post"}],"author":[{"embeddable":true,"href":"https:\/\/blog.holyart.it\/fr\/wp-json\/wp\/v2\/users\/1"}],"replies":[{"embeddable":true,"href":"https:\/\/blog.holyart.it\/fr\/wp-json\/wp\/v2\/comments?post=11220"}],"version-history":[{"count":24,"href":"https:\/\/blog.holyart.it\/fr\/wp-json\/wp\/v2\/posts\/11220\/revisions"}],"predecessor-version":[{"id":11253,"href":"https:\/\/blog.holyart.it\/fr\/wp-json\/wp\/v2\/posts\/11220\/revisions\/11253"}],"wp:featuredmedia":[{"embeddable":true,"href":"https:\/\/blog.holyart.it\/fr\/wp-json\/wp\/v2\/media\/11221"}],"wp:attachment":[{"href":"https:\/\/blog.holyart.it\/fr\/wp-json\/wp\/v2\/media?parent=11220"}],"wp:term":[{"taxonomy":"category","embeddable":true,"href":"https:\/\/blog.holyart.it\/fr\/wp-json\/wp\/v2\/categories?post=11220"},{"taxonomy":"post_tag","embeddable":true,"href":"https:\/\/blog.holyart.it\/fr\/wp-json\/wp\/v2\/tags?post=11220"}],"curies":[{"name":"wp","href":"https:\/\/api.w.org\/{rel}","templated":true}]}}