{"id":1119,"date":"2019-01-15T11:42:34","date_gmt":"2019-01-15T10:42:34","guid":{"rendered":"https:\/\/blog.holyart.it\/fr\/?p=1119"},"modified":"2022-10-21T17:08:30","modified_gmt":"2022-10-21T15:08:30","slug":"neuvaine-a-saint-joseph-fete-travailleurs","status":"publish","type":"post","link":"https:\/\/blog.holyart.it\/fr\/articles-religieux\/neuvaine-a-saint-joseph-fete-travailleurs\/","title":{"rendered":"Neuvaine \u00e0 Saint Joseph pour la f\u00eate des travailleurs"},"content":{"rendered":"<p>Saint Joseph est une figure essentielle quand nous tournons nos pens\u00e9es vers la vie et l\u2019\u0153uvre de J\u00e9sus. Bien qu\u2019il fut vraisemblablement d\u00e9j\u00e0 mort quand son Fils commen\u00e7a sa mission, il est pourtant vrai que son r\u00f4le d\u2019\u00e9poux de Marie et <a href=\"https:\/\/www.holyart.fr\/blog\/saints-et-bienheureux\/saint-joseph\/\"><strong>p\u00e8re adoptif du Sauveur<\/strong><\/a> le place parmi les saints les plus importants et les plus v\u00e9n\u00e9r\u00e9s de l\u2019\u00c9glise catholique. Sa popularit\u00e9 est due \u00e0 toute une s\u00e9rie de raisons. Tout d\u2019abord, parce qu\u2019il fut un homme juste. C\u2019est ainsi qu\u2019il est d\u00e9fini m\u00eame dans l\u2019\u00c9vangile selon Mathieu. Et cela puisqu\u2019il ne r\u00e9pudia pas publiquement Marie lors qu\u2019il apprit sa miraculeuse grossesse. Bien que bless\u00e9 et pein\u00e9 par celle qui pour lui \u00e9tait, du moins dans un premier temps, la preuve d\u2019un adult\u00e8re, il ne voulut pas ruiner la jeune fille qui lui avait \u00e9t\u00e9 donn\u00e9e en \u00e9pouse et, quand l\u2019ange lui apparut et l\u2019exhorta \u00e0 prendre soin d\u2019elle et de l\u2019enfant qu\u2019elle portait comme s\u2019il \u00e9tait le sien, Joseph accepta son destin et son r\u00f4le avec humilit\u00e9 et d\u00e9vouement. Il aima et respecta Marie comme le plus affectueux des maris, en la prot\u00e9geant des dangers, en veillant sur elle, toujours attentionn\u00e9, toujours pr\u00e9sent, et il \u00e9leva J\u00e9sus comme un fils, en essayant de lui transmettre tout son savoir, en le faisant sentir partie d\u2019une famille unie et aimante. Joseph \u00e9tait un homme vraiment sp\u00e9cial, gr\u00e2ce \u00e0 sa simplicit\u00e9 peut-\u00eatre. La popularit\u00e9 que son culte connait depuis toujours vient fort probablement du fait que c\u2019est un homme ordinaire, auquel tout le monde peut s\u2019identifier. Et le fait qu\u2019il \u00e9tait un grand travailleur y est pour beaucoup.<\/p>\n<h2>Saint Joseph\u00a0et le lien avec la f\u00eate des travailleurs<\/h2>\n<p>Les \u00c9vangiles nous raconte que Joseph \u00e9tait un <em>t\u00e9kt\u00f3n<\/em>, un mot grec qui se pr\u00eate \u00e0 plusieurs interpr\u00e9tations. Si la culture populaire a choisi de voir en Joseph un humble menuisier, il est probable que son m\u00e9tier \u00e9tait bien plus complexe et articul\u00e9, li\u00e9 vraisemblablement au b\u00e2timent et \u00e0 la construction. Les experts ont longuement dissert\u00e9 sur ce sujet, en p\u00e9rorant diff\u00e9rentes th\u00e9ories. Mais ce que nous souhaitons mettre en valeur ici c\u2019est uniquement que Joseph travaillait, beaucoup, et que, comme il l\u2019\u00e9tait d\u2019usage \u00e0 l\u2019\u00e9poque, il apprit son m\u00e9tier \u00e0 son fils J\u00e9sus.<\/p>\n<figure id=\"attachment_1127\" aria-describedby=\"caption-attachment-1127\" style=\"width: 300px\" class=\"wp-caption alignleft\"><img loading=\"lazy\" decoding=\"async\" class=\"alignleft size-medium wp-image-1127\" src=\"https:\/\/blog.holyart.it\/fr\/wp-content\/uploads\/sites\/14\/2018\/11\/menuisier-saint-joseph-en-fibre-de-verre-300x300.jpg\" alt=\"menuisier saint joseph en fibre de verre\" width=\"300\" height=\"300\" \/><figcaption id=\"caption-attachment-1127\" class=\"wp-caption-text\"><center><strong><a href=\"https:\/\/www.holyart.fr\/articles-religieux\/statues\/statues-en-fibre-de-verre\/st-joseph-menuisier-statue-fibre-de-verre-80-cm\">St Joseph menuisier statue fibre de verre 80 cm<\/a><\/strong><br \/><a href=\"https:\/\/www.holyart.fr\/articles-religieux\/statues\/statues-en-fibre-de-verre\/st-joseph-menuisier-statue-fibre-de-verre-80-cm\"><button class=\"bottoneacquista\" style=\"vertical-align: middle;\">Acheter sur Holyart<\/button><\/a><\/center><\/figcaption><\/figure>\n<p>Saint Joseph n\u2019est donc pas uniquement le Saint patron des p\u00e8res de famille, des menuisiers, des \u00e9b\u00e9nistes, des charpentiers et des moribonds, mais \u00e9galement le <strong>Saint Patron de tous les travailleurs<\/strong>.<br \/>\nSaint Joseph n\u2019est pas f\u00eat\u00e9 seulement le 19 mars, comme selon tradition, mais aussi le <strong>1<sup>er<\/sup> mai, F\u00eate des travailleurs<\/strong>. En 1955, Pape Pie XII institua cette m\u00e9moire liturgique, en associant la figure du Saint au concept m\u00eame de dignit\u00e9 du travail, qui dans ce contexte devient presque une prolongation, un compl\u00e9ment de l\u2019\u0153uvre de Dieu. Dans le <strong>Concile Vatican II<\/strong>, nous lisons \u00e0 quel point dans la figure de <strong>Saint Joseph<\/strong>, homme humble, pieux et croyant \u00ab\u00a0<em>se reconnait la dignit\u00e9 du travail humain, en tant que devoir et perfectionnement de l\u2019homme, exercice b\u00e9n\u00e9fique de sa supr\u00e9matie sur la cr\u00e9ation, service \u00e0 la communaut\u00e9, prolongation de l\u2019\u0153uvre du Cr\u00e9ateur, contribution au plan de salut<\/em>\u00a0\u00bb (voir Conc. Vat. II, Gaudium et spes, 34).<\/p>\n<h2>La gratitude des papes<\/h2>\n<p>Saint Joseph \u00e9tait une figure ch\u00e8re \u00e0 Pape Jean-Paul II, mais il l\u2019est encore plus pour <strong>Pape Fran\u00e7ois<\/strong> qui, le 1<sup>er<\/sup> mai 2013, pendant la c\u00e9l\u00e9bration de l\u2019Hom\u00e9lie du matin \u00e0 Sainte-Marthe, a soulign\u00e9 l\u2019importance du travail dans la vie de chaque homme et femme, en parlant en particulier du concept de \u2018dignit\u00e9\u2019 inh\u00e9rent au travail lui-m\u00eame, cette dignit\u00e9 trop souvent refus\u00e9e \u00e0 ceux qui voudraient travailler, mais qui ne peuvent pas\u00a0: <em>\u00ab\u00a0Celui qui travaille est digne, il a une dignit\u00e9 sp\u00e9ciale, une dignit\u00e9 d\u2019\u00eatre humain\u00a0: l\u2019homme et la femme qui travaillent sont dignes [\u2026] (Beaucoup de personnes) veulent travailler et ne peuvent pas le faire. [\u2026](Ceci) est un poids pour notre conscience, parce que quand une soci\u00e9t\u00e9 est organis\u00e9e de la sorte. [\u2026] Tout le monde n\u2019a pas la possibilit\u00e9 de travailler, d\u2019\u00eatre \u201cuni\u201d dans la dignit\u00e9 du travail, cette soci\u00e9t\u00e9-l\u00e0 ne va pas bien\u00a0: elle n\u2019est pas juste\u00a0! Elle va m\u00eame contre Dieu, qui a voulu que notre dignit\u00e9 commence d\u2019ici\u00a0\u00bb.<\/em><\/p>\n<p>Voici donc pourquoi s\u2019adressent \u00e0 Saint Joseph tous les hommes et les femmes qui souhaiteraient par-dessus tout avoir un travail, mais n\u2019arrivent pas \u00e0 le trouver. Adresser une <strong>pri\u00e8re \u00e0 Saint Joseph<\/strong> devient ainsi un moyen pour trouver chaque jour le courage de surmonter ce malaise, pour renouveler son engagement dans la recherche, en faisant confiance \u00e0 la bienveillance de ce Saint si humble et si travailleur, cet homme simple et pourtant fier, qui a su devenir l\u2019instrument de la volont\u00e9 de Dieu en allant \u00e0 l\u2019encontre de son orgueil et de ses doutes, tout \u00e0 fait compr\u00e9hensibles, au nom d\u2019un plan myst\u00e9rieux, d\u2019un amour qui allait au-del\u00e0 de toute conception humaine.<\/p>\n<p>Nous avons d\u00e9j\u00e0 parl\u00e9 de la pratique de la <strong>Neuvaine<\/strong> dans l\u2019\u00c9glise catholique dans d\u2019autres articles.<\/p>\n<figure id=\"attachment_1131\" aria-describedby=\"caption-attachment-1131\" style=\"width: 300px\" class=\"wp-caption alignright\"><img loading=\"lazy\" decoding=\"async\" class=\"alignright size-medium wp-image-1131\" src=\"https:\/\/blog.holyart.it\/fr\/wp-content\/uploads\/sites\/14\/2018\/11\/chapelet-ghirelli-saint-joseph-bohemia-300x300.jpg\" alt=\"chapelet ghirelli saint joseph bohemia\" width=\"300\" height=\"300\" \/><figcaption id=\"caption-attachment-1131\" class=\"wp-caption-text\"><center><strong><a href=\"https:\/\/www.holyart.fr\/articles-religieux\/images-pieuses-cartes-de-voeux\/images-pieuses\/image-de-devotion-st-joseph-et-lenfant-jesus-au-travail-10x5-cm\">Image de d\u00e9votion St Joseph et l&rsquo;Enfant J\u00e9sus au travail 10&#215;5 cm<\/a><\/strong><br \/><a href=\"https:\/\/www.holyart.fr\/articles-religieux\/images-pieuses-cartes-de-voeux\/images-pieuses\/image-de-devotion-st-joseph-et-lenfant-jesus-au-travail-10x5-cm\"><button class=\"bottoneacquista\" style=\"vertical-align: middle;\">Acheter sur Holyart<\/button><\/a><\/center><\/figcaption><\/figure>\n<p><center><\/center>Il s\u2019agit d\u2019une forme de d\u00e9votion chr\u00e9tienne qui pr\u00e9voit de r\u00e9citer une pri\u00e8re particuli\u00e8re ou un chapelet pendant neuf jours cons\u00e9cutifs. D\u2019habitude, la Neuvaine est pratiqu\u00e9e en vue d\u2019une f\u00eate ou d\u2019une c\u00e9l\u00e9bration solennelle et, plus g\u00e9n\u00e9ralement, il s\u2019agit d\u2019un moyen de d\u00e9votion qui permet au fid\u00e8le de demander une gr\u00e2ce. Il suffit de repenser par exemple \u00e0 la Neuvaine de No\u00ebl, qui se r\u00e9cite \u00e0 partir du 16 d\u00e9cembre jusqu\u2019au jour du R\u00e9veillon et qui rappelle la grossesse de Marie, ou la Neuvaine \u00e0 Marie qui d\u00e9fait les n\u0153uds, avec laquelle les fid\u00e8les demande l\u2019intercession de Marie pour d\u00e9faire un n\u0153ud qui leur cause de la peine.<\/p>\n<p>Saint Joseph aussi a sa propre Neuvaine, d\u00e9di\u00e9e \u00e0 ceux qui travaillent, \u00e0 ceux qui aimeraient travailler, \u00e0 ceux qui ont souffert \u00e0 cause de leur travail et, en g\u00e9n\u00e9ral, \u00e0 tous ceux qui voient dans le travail la compl\u00e8te r\u00e9alisation du soi en tant qu\u2019individus et membres de la soci\u00e9t\u00e9. La <strong>Neuvaine de Saint Joseph<\/strong> se r\u00e9cite d\u2019habitude du 22 au 30 avril, mais elle peut \u00eatre r\u00e9citer \u00e0 tout moment si on est \u00e0 la recherche d\u2019un travail, si on souffre parce qu\u2019on en a pas un, ou pour ceux qui ont des parents ou des amis qui souffrent \u00e0 cause d\u2019une condition de ch\u00f4mage qu\u2019ils n\u2019ont pas cherch\u00e9, qu\u2019ils n\u2019ont pas souhait\u00e9. Elle n\u2019est r\u00e9cit\u00e9e qu\u2019avec l\u2019aide d\u2019un <strong>chapelet<\/strong>, d\u2019o\u00f9 la d\u00e9finition de <strong>Rosaire \u00e0 Saint Joseph<\/strong>, et exprime toute la d\u00e9votion au Saint, en invoquant sa bienveillance, son r\u00e9confort et sa protection. Dans ce cas-ci, comme il arrive souvent avec la Sainte Vierge, c\u2019est Joseph qui interc\u00e8de pour le fid\u00e8le aupr\u00e8s de Dieu afin qu\u2019il puisse obtenir la gr\u00e2ce qu\u2019il invoque et qui est li\u00e9e, m\u00eame si cela n\u2019est jamais affirm\u00e9 ouvertement dans la pri\u00e8re, au travail et \u00e0 la recherche de ce dernier, en tant qu\u2019instrument de prise de conscience et de dignit\u00e9 pour l\u2019individu.<\/p>\n<h2>Pri\u00e8re \u00e0 Saint Joseph<\/h2>\n<p>Voici comment r\u00e9citer un Rosaire \u00e0 Saint Joseph\u00a0:<\/p>\n<p><em>Je crois en Dieu \u2013 Notre P\u00e8re \u2013 3 fois Je vous salue, Joseph (ci-dessous)<\/em><\/p>\n<p><em>Je vous salue, Joseph, vous que la gr\u00e2ce divine a combl\u00e9, le Sauveur a repos\u00e9 dans vos bras et grandi sous vos yeux, vous \u00eates b\u00e9ni entre tous les hommes, et J\u00e9sus, l\u2019Enfant divin de votre virginale \u00e9pouse, est b\u00e9ni. Saint Joseph, donn\u00e9 pour p\u00e8re au Fils de Dieu, priez pour nous dans nos soucis de famille, de sant\u00e9 et de travail, jusqu\u2019\u00e0 nos derniers jours, et daignez nous secourir \u00e0 l\u2019heure de notre mort. Amen.<\/em><\/p>\n<figure id=\"attachment_1133\" aria-describedby=\"caption-attachment-1133\" style=\"width: 172px\" class=\"wp-caption alignleft\"><img loading=\"lazy\" decoding=\"async\" class=\"alignleft size-medium wp-image-1133\" src=\"https:\/\/blog.holyart.it\/fr\/wp-content\/uploads\/sites\/14\/2018\/11\/pri\u00e8re-\u00e0-saint-joseph-172x300.jpg\" alt=\"pri\u00e8re \u00e0 saint joseph\" width=\"172\" height=\"300\" \/><figcaption id=\"caption-attachment-1133\" class=\"wp-caption-text\"><center><strong><a href=\"https:\/\/www.holyart.fr\/articles-religieux\/images-pieuses-cartes-de-voeux\/images-pieuses\/image-de-devotion-st-joseph-et-lenfant-jesus-au-travail-10x5-cm\">Image de d\u00e9votion St Joseph et l&rsquo;Enfant J\u00e9sus au travail 10&#215;5 cm<\/a><\/strong><br \/><a href=\"https:\/\/www.holyart.fr\/articles-religieux\/images-pieuses-cartes-de-voeux\/images-pieuses\/image-de-devotion-st-joseph-et-lenfant-jesus-au-travail-10x5-cm\"><button class=\"bottoneacquista\" style=\"vertical-align: middle;\">Acheter sur Holyart<\/button><\/a><\/center><\/figcaption><\/figure>\n<p><em>Gloire au P\u00e8re \u2013 Annoncez le premier myst\u00e8re \u2013 Notre P\u00e8re \u2013 Dix fois Je vous salue, Joseph<\/em><em>\u00a0<\/em><\/p>\n<p><em>Gloire au P\u00e8re \u2013Annoncez le deuxi\u00e8me myst\u00e8re \u2013 Notre P\u00e8re \u2013 Dix fois Je vous salue, Joseph<\/em><em>\u00a0<\/em><\/p>\n<p><em>Gloire au P\u00e8re \u2013 Annoncez le troisi\u00e8me myst\u00e8re \u2013 Notre P\u00e8re \u2013 Dix fois Je vous salue, Joseph<\/em><\/p>\n<p><em>\u00a0<\/em><em>Sur la m\u00e9daille r\u00e9citez la pri\u00e8re suivante\u00a0:<\/em><\/p>\n<p><em>\u00a0<\/em><em>Souvenez-vous, \u00f4 tr\u00e8s chaste \u00e9poux de la Vierge Marie, \u00f4 mon aimable protecteur, saint Joseph, qu\u2019on n\u2019a jamais entendu dire que quelqu\u2019un ait invoqu\u00e9 votre protection et demand\u00e9 votre secours sans avoir \u00e9t\u00e9 consol\u00e9. Anim\u00e9 d\u2019une pareille confiance, je viens \u00e0 vous et je me recommande \u00e0 vous de toute la ferveur de mon \u00e2me. Ne rejetez pas ma pri\u00e8re, \u00f4 vous qui \u00eates appel\u00e9 le p\u00e8re du R\u00e9dempteur, mais daignez l\u2019accueillir avec bont\u00e9. <\/em><em>Ainsi soit-il.<\/em><\/p>\n","protected":false},"excerpt":{"rendered":"<p>Saint Joseph est une figure essentielle quand nous tournons nos pens\u00e9es vers la vie et l\u2019\u0153uvre de J\u00e9sus. Bien qu\u2019il fut vraisemblablement d\u00e9j\u00e0 mort quand son Fils commen\u00e7a sa mission, il est pourtant vrai que son r\u00f4le d\u2019\u00e9poux de Marie et p\u00e8re adoptif du Sauveur&hellip;<\/p>\n","protected":false},"author":1,"featured_media":1581,"comment_status":"closed","ping_status":"open","sticky":false,"template":"","format":"standard","meta":{"_acf_changed":false,"footnotes":""},"categories":[8],"tags":[],"class_list":["post-1119","post","type-post","status-publish","format-standard","has-post-thumbnail","hentry","category-articles-religieux"],"acf":[],"yoast_head":"<!-- This site is optimized with the Yoast SEO plugin v26.6 - https:\/\/yoast.com\/wordpress\/plugins\/seo\/ -->\n<title>Neuvaine \u00e0 Saint Joseph pour la f\u00eate des travailleurs - Holy Fr<\/title>\n<meta name=\"description\" content=\"Saint Joseph n\u2019est pas uniquement le Saint patron des p\u00e8res de famille, des menuisiers, et des moribonds, mais le Saint Patron de tous les travailleurs.\" \/>\n<meta name=\"robots\" content=\"index, follow, max-snippet:-1, max-image-preview:large, max-video-preview:-1\" \/>\n<link rel=\"canonical\" href=\"https:\/\/blog.holyart.it\/fr\/articles-religieux\/neuvaine-a-saint-joseph-fete-travailleurs\/\" \/>\n<meta property=\"og:locale\" content=\"fr_FR\" \/>\n<meta property=\"og:type\" content=\"article\" \/>\n<meta property=\"og:title\" content=\"Neuvaine \u00e0 Saint Joseph pour la f\u00eate des travailleurs - Holy Fr\" \/>\n<meta property=\"og:description\" content=\"Saint Joseph n\u2019est pas uniquement le Saint patron des p\u00e8res de famille, des menuisiers, et des moribonds, mais le Saint Patron de tous les travailleurs.\" \/>\n<meta property=\"og:url\" content=\"https:\/\/blog.holyart.it\/fr\/articles-religieux\/neuvaine-a-saint-joseph-fete-travailleurs\/\" \/>\n<meta property=\"og:site_name\" content=\"Holyart.fr Blog\" \/>\n<meta property=\"article:published_time\" content=\"2019-01-15T10:42:34+00:00\" \/>\n<meta property=\"article:modified_time\" content=\"2022-10-21T15:08:30+00:00\" \/>\n<meta property=\"og:image\" content=\"https:\/\/blog.holyart.it\/fr\/wp-content\/uploads\/sites\/14\/2019\/01\/Saint-Joseph.jpg\" \/>\n\t<meta property=\"og:image:width\" content=\"1000\" \/>\n\t<meta property=\"og:image:height\" content=\"666\" \/>\n\t<meta property=\"og:image:type\" content=\"image\/jpeg\" \/>\n<meta name=\"author\" content=\"Redazione\" \/>\n<meta name=\"twitter:card\" content=\"summary_large_image\" \/>\n<meta name=\"twitter:label1\" content=\"\u00c9crit par\" \/>\n\t<meta name=\"twitter:data1\" content=\"Redazione\" \/>\n\t<meta name=\"twitter:label2\" content=\"Dur\u00e9e de lecture estim\u00e9e\" \/>\n\t<meta name=\"twitter:data2\" content=\"8 minutes\" \/>\n<script type=\"application\/ld+json\" class=\"yoast-schema-graph\">{\"@context\":\"https:\/\/schema.org\",\"@graph\":[{\"@type\":\"Article\",\"@id\":\"https:\/\/blog.holyart.it\/fr\/articles-religieux\/neuvaine-a-saint-joseph-fete-travailleurs\/#article\",\"isPartOf\":{\"@id\":\"https:\/\/blog.holyart.it\/fr\/articles-religieux\/neuvaine-a-saint-joseph-fete-travailleurs\/\"},\"author\":{\"name\":\"Redazione\",\"@id\":\"https:\/\/blog.holyart.it\/fr\/#\/schema\/person\/0a7b686e5af0f856ec1e390dd0baecda\"},\"headline\":\"Neuvaine \u00e0 Saint Joseph pour la f\u00eate des travailleurs\",\"datePublished\":\"2019-01-15T10:42:34+00:00\",\"dateModified\":\"2022-10-21T15:08:30+00:00\",\"mainEntityOfPage\":{\"@id\":\"https:\/\/blog.holyart.it\/fr\/articles-religieux\/neuvaine-a-saint-joseph-fete-travailleurs\/\"},\"wordCount\":1613,\"publisher\":{\"@id\":\"https:\/\/blog.holyart.it\/fr\/#organization\"},\"image\":{\"@id\":\"https:\/\/blog.holyart.it\/fr\/articles-religieux\/neuvaine-a-saint-joseph-fete-travailleurs\/#primaryimage\"},\"thumbnailUrl\":\"https:\/\/blog.holyart.it\/fr\/wp-content\/uploads\/sites\/14\/2019\/01\/Saint-Joseph.jpg\",\"articleSection\":[\"Religion\"],\"inLanguage\":\"fr-FR\"},{\"@type\":\"WebPage\",\"@id\":\"https:\/\/blog.holyart.it\/fr\/articles-religieux\/neuvaine-a-saint-joseph-fete-travailleurs\/\",\"url\":\"https:\/\/blog.holyart.it\/fr\/articles-religieux\/neuvaine-a-saint-joseph-fete-travailleurs\/\",\"name\":\"Neuvaine \u00e0 Saint Joseph pour la f\u00eate des travailleurs - Holy Fr\",\"isPartOf\":{\"@id\":\"https:\/\/blog.holyart.it\/fr\/#website\"},\"primaryImageOfPage\":{\"@id\":\"https:\/\/blog.holyart.it\/fr\/articles-religieux\/neuvaine-a-saint-joseph-fete-travailleurs\/#primaryimage\"},\"image\":{\"@id\":\"https:\/\/blog.holyart.it\/fr\/articles-religieux\/neuvaine-a-saint-joseph-fete-travailleurs\/#primaryimage\"},\"thumbnailUrl\":\"https:\/\/blog.holyart.it\/fr\/wp-content\/uploads\/sites\/14\/2019\/01\/Saint-Joseph.jpg\",\"datePublished\":\"2019-01-15T10:42:34+00:00\",\"dateModified\":\"2022-10-21T15:08:30+00:00\",\"description\":\"Saint Joseph n\u2019est pas uniquement le Saint patron des p\u00e8res de famille, des menuisiers, et des moribonds, mais le Saint Patron de tous les travailleurs.\",\"breadcrumb\":{\"@id\":\"https:\/\/blog.holyart.it\/fr\/articles-religieux\/neuvaine-a-saint-joseph-fete-travailleurs\/#breadcrumb\"},\"inLanguage\":\"fr-FR\",\"potentialAction\":[{\"@type\":\"ReadAction\",\"target\":[\"https:\/\/blog.holyart.it\/fr\/articles-religieux\/neuvaine-a-saint-joseph-fete-travailleurs\/\"]}]},{\"@type\":\"ImageObject\",\"inLanguage\":\"fr-FR\",\"@id\":\"https:\/\/blog.holyart.it\/fr\/articles-religieux\/neuvaine-a-saint-joseph-fete-travailleurs\/#primaryimage\",\"url\":\"https:\/\/blog.holyart.it\/fr\/wp-content\/uploads\/sites\/14\/2019\/01\/Saint-Joseph.jpg\",\"contentUrl\":\"https:\/\/blog.holyart.it\/fr\/wp-content\/uploads\/sites\/14\/2019\/01\/Saint-Joseph.jpg\",\"width\":1000,\"height\":666,\"caption\":\"Saint Joseph\"},{\"@type\":\"BreadcrumbList\",\"@id\":\"https:\/\/blog.holyart.it\/fr\/articles-religieux\/neuvaine-a-saint-joseph-fete-travailleurs\/#breadcrumb\",\"itemListElement\":[{\"@type\":\"ListItem\",\"position\":1,\"name\":\"Homepage\",\"item\":\"https:\/\/blog.holyart.it\/fr\/\"},{\"@type\":\"ListItem\",\"position\":2,\"name\":\"Religion\",\"item\":\"https:\/\/blog.holyart.it\/fr\/articles-religieux\/\"},{\"@type\":\"ListItem\",\"position\":3,\"name\":\"Neuvaine \u00e0 Saint Joseph pour la f\u00eate des travailleurs\"}]},{\"@type\":\"WebSite\",\"@id\":\"https:\/\/blog.holyart.it\/fr\/#website\",\"url\":\"https:\/\/blog.holyart.it\/fr\/\",\"name\":\"Holyart.fr Blog\",\"description\":\"Holyblog\",\"publisher\":{\"@id\":\"https:\/\/blog.holyart.it\/fr\/#organization\"},\"potentialAction\":[{\"@type\":\"SearchAction\",\"target\":{\"@type\":\"EntryPoint\",\"urlTemplate\":\"https:\/\/blog.holyart.it\/fr\/?s={search_term_string}\"},\"query-input\":{\"@type\":\"PropertyValueSpecification\",\"valueRequired\":true,\"valueName\":\"search_term_string\"}}],\"inLanguage\":\"fr-FR\"},{\"@type\":\"Organization\",\"@id\":\"https:\/\/blog.holyart.it\/fr\/#organization\",\"name\":\"Holyart.fr Blog\",\"url\":\"https:\/\/blog.holyart.it\/fr\/\",\"logo\":{\"@type\":\"ImageObject\",\"inLanguage\":\"fr-FR\",\"@id\":\"https:\/\/blog.holyart.it\/fr\/#\/schema\/logo\/image\/\",\"url\":\"https:\/\/blog.holyart.it\/fr\/wp-content\/uploads\/sites\/14\/2022\/12\/Holyart_Blog_Logo.jpg\",\"contentUrl\":\"https:\/\/blog.holyart.it\/fr\/wp-content\/uploads\/sites\/14\/2022\/12\/Holyart_Blog_Logo.jpg\",\"width\":300,\"height\":50,\"caption\":\"Holyart.fr Blog\"},\"image\":{\"@id\":\"https:\/\/blog.holyart.it\/fr\/#\/schema\/logo\/image\/\"}},{\"@type\":\"Person\",\"@id\":\"https:\/\/blog.holyart.it\/fr\/#\/schema\/person\/0a7b686e5af0f856ec1e390dd0baecda\",\"name\":\"Redazione\",\"image\":{\"@type\":\"ImageObject\",\"inLanguage\":\"fr-FR\",\"@id\":\"https:\/\/blog.holyart.it\/fr\/#\/schema\/person\/image\/\",\"url\":\"https:\/\/secure.gravatar.com\/avatar\/f477da817f43e50d0af36abecd33e3edf826c68299714bdc1057dff3b113f516?s=96&d=mm&r=g\",\"contentUrl\":\"https:\/\/secure.gravatar.com\/avatar\/f477da817f43e50d0af36abecd33e3edf826c68299714bdc1057dff3b113f516?s=96&d=mm&r=g\",\"caption\":\"Redazione\"},\"url\":\"https:\/\/blog.holyart.it\/fr\/author\/admin\/\"}]}<\/script>\n<!-- \/ Yoast SEO plugin. -->","yoast_head_json":{"title":"Neuvaine \u00e0 Saint Joseph pour la f\u00eate des travailleurs - Holy Fr","description":"Saint Joseph n\u2019est pas uniquement le Saint patron des p\u00e8res de famille, des menuisiers, et des moribonds, mais le Saint Patron de tous les travailleurs.","robots":{"index":"index","follow":"follow","max-snippet":"max-snippet:-1","max-image-preview":"max-image-preview:large","max-video-preview":"max-video-preview:-1"},"canonical":"https:\/\/blog.holyart.it\/fr\/articles-religieux\/neuvaine-a-saint-joseph-fete-travailleurs\/","og_locale":"fr_FR","og_type":"article","og_title":"Neuvaine \u00e0 Saint Joseph pour la f\u00eate des travailleurs - Holy Fr","og_description":"Saint Joseph n\u2019est pas uniquement le Saint patron des p\u00e8res de famille, des menuisiers, et des moribonds, mais le Saint Patron de tous les travailleurs.","og_url":"https:\/\/blog.holyart.it\/fr\/articles-religieux\/neuvaine-a-saint-joseph-fete-travailleurs\/","og_site_name":"Holyart.fr Blog","article_published_time":"2019-01-15T10:42:34+00:00","article_modified_time":"2022-10-21T15:08:30+00:00","og_image":[{"width":1000,"height":666,"url":"https:\/\/blog.holyart.it\/fr\/wp-content\/uploads\/sites\/14\/2019\/01\/Saint-Joseph.jpg","type":"image\/jpeg"}],"author":"Redazione","twitter_card":"summary_large_image","twitter_misc":{"\u00c9crit par":"Redazione","Dur\u00e9e de lecture estim\u00e9e":"8 minutes"},"schema":{"@context":"https:\/\/schema.org","@graph":[{"@type":"Article","@id":"https:\/\/blog.holyart.it\/fr\/articles-religieux\/neuvaine-a-saint-joseph-fete-travailleurs\/#article","isPartOf":{"@id":"https:\/\/blog.holyart.it\/fr\/articles-religieux\/neuvaine-a-saint-joseph-fete-travailleurs\/"},"author":{"name":"Redazione","@id":"https:\/\/blog.holyart.it\/fr\/#\/schema\/person\/0a7b686e5af0f856ec1e390dd0baecda"},"headline":"Neuvaine \u00e0 Saint Joseph pour la f\u00eate des travailleurs","datePublished":"2019-01-15T10:42:34+00:00","dateModified":"2022-10-21T15:08:30+00:00","mainEntityOfPage":{"@id":"https:\/\/blog.holyart.it\/fr\/articles-religieux\/neuvaine-a-saint-joseph-fete-travailleurs\/"},"wordCount":1613,"publisher":{"@id":"https:\/\/blog.holyart.it\/fr\/#organization"},"image":{"@id":"https:\/\/blog.holyart.it\/fr\/articles-religieux\/neuvaine-a-saint-joseph-fete-travailleurs\/#primaryimage"},"thumbnailUrl":"https:\/\/blog.holyart.it\/fr\/wp-content\/uploads\/sites\/14\/2019\/01\/Saint-Joseph.jpg","articleSection":["Religion"],"inLanguage":"fr-FR"},{"@type":"WebPage","@id":"https:\/\/blog.holyart.it\/fr\/articles-religieux\/neuvaine-a-saint-joseph-fete-travailleurs\/","url":"https:\/\/blog.holyart.it\/fr\/articles-religieux\/neuvaine-a-saint-joseph-fete-travailleurs\/","name":"Neuvaine \u00e0 Saint Joseph pour la f\u00eate des travailleurs - Holy Fr","isPartOf":{"@id":"https:\/\/blog.holyart.it\/fr\/#website"},"primaryImageOfPage":{"@id":"https:\/\/blog.holyart.it\/fr\/articles-religieux\/neuvaine-a-saint-joseph-fete-travailleurs\/#primaryimage"},"image":{"@id":"https:\/\/blog.holyart.it\/fr\/articles-religieux\/neuvaine-a-saint-joseph-fete-travailleurs\/#primaryimage"},"thumbnailUrl":"https:\/\/blog.holyart.it\/fr\/wp-content\/uploads\/sites\/14\/2019\/01\/Saint-Joseph.jpg","datePublished":"2019-01-15T10:42:34+00:00","dateModified":"2022-10-21T15:08:30+00:00","description":"Saint Joseph n\u2019est pas uniquement le Saint patron des p\u00e8res de famille, des menuisiers, et des moribonds, mais le Saint Patron de tous les travailleurs.","breadcrumb":{"@id":"https:\/\/blog.holyart.it\/fr\/articles-religieux\/neuvaine-a-saint-joseph-fete-travailleurs\/#breadcrumb"},"inLanguage":"fr-FR","potentialAction":[{"@type":"ReadAction","target":["https:\/\/blog.holyart.it\/fr\/articles-religieux\/neuvaine-a-saint-joseph-fete-travailleurs\/"]}]},{"@type":"ImageObject","inLanguage":"fr-FR","@id":"https:\/\/blog.holyart.it\/fr\/articles-religieux\/neuvaine-a-saint-joseph-fete-travailleurs\/#primaryimage","url":"https:\/\/blog.holyart.it\/fr\/wp-content\/uploads\/sites\/14\/2019\/01\/Saint-Joseph.jpg","contentUrl":"https:\/\/blog.holyart.it\/fr\/wp-content\/uploads\/sites\/14\/2019\/01\/Saint-Joseph.jpg","width":1000,"height":666,"caption":"Saint Joseph"},{"@type":"BreadcrumbList","@id":"https:\/\/blog.holyart.it\/fr\/articles-religieux\/neuvaine-a-saint-joseph-fete-travailleurs\/#breadcrumb","itemListElement":[{"@type":"ListItem","position":1,"name":"Homepage","item":"https:\/\/blog.holyart.it\/fr\/"},{"@type":"ListItem","position":2,"name":"Religion","item":"https:\/\/blog.holyart.it\/fr\/articles-religieux\/"},{"@type":"ListItem","position":3,"name":"Neuvaine \u00e0 Saint Joseph pour la f\u00eate des travailleurs"}]},{"@type":"WebSite","@id":"https:\/\/blog.holyart.it\/fr\/#website","url":"https:\/\/blog.holyart.it\/fr\/","name":"Holyart.fr Blog","description":"Holyblog","publisher":{"@id":"https:\/\/blog.holyart.it\/fr\/#organization"},"potentialAction":[{"@type":"SearchAction","target":{"@type":"EntryPoint","urlTemplate":"https:\/\/blog.holyart.it\/fr\/?s={search_term_string}"},"query-input":{"@type":"PropertyValueSpecification","valueRequired":true,"valueName":"search_term_string"}}],"inLanguage":"fr-FR"},{"@type":"Organization","@id":"https:\/\/blog.holyart.it\/fr\/#organization","name":"Holyart.fr Blog","url":"https:\/\/blog.holyart.it\/fr\/","logo":{"@type":"ImageObject","inLanguage":"fr-FR","@id":"https:\/\/blog.holyart.it\/fr\/#\/schema\/logo\/image\/","url":"https:\/\/blog.holyart.it\/fr\/wp-content\/uploads\/sites\/14\/2022\/12\/Holyart_Blog_Logo.jpg","contentUrl":"https:\/\/blog.holyart.it\/fr\/wp-content\/uploads\/sites\/14\/2022\/12\/Holyart_Blog_Logo.jpg","width":300,"height":50,"caption":"Holyart.fr Blog"},"image":{"@id":"https:\/\/blog.holyart.it\/fr\/#\/schema\/logo\/image\/"}},{"@type":"Person","@id":"https:\/\/blog.holyart.it\/fr\/#\/schema\/person\/0a7b686e5af0f856ec1e390dd0baecda","name":"Redazione","image":{"@type":"ImageObject","inLanguage":"fr-FR","@id":"https:\/\/blog.holyart.it\/fr\/#\/schema\/person\/image\/","url":"https:\/\/secure.gravatar.com\/avatar\/f477da817f43e50d0af36abecd33e3edf826c68299714bdc1057dff3b113f516?s=96&d=mm&r=g","contentUrl":"https:\/\/secure.gravatar.com\/avatar\/f477da817f43e50d0af36abecd33e3edf826c68299714bdc1057dff3b113f516?s=96&d=mm&r=g","caption":"Redazione"},"url":"https:\/\/blog.holyart.it\/fr\/author\/admin\/"}]}},"_links":{"self":[{"href":"https:\/\/blog.holyart.it\/fr\/wp-json\/wp\/v2\/posts\/1119","targetHints":{"allow":["GET"]}}],"collection":[{"href":"https:\/\/blog.holyart.it\/fr\/wp-json\/wp\/v2\/posts"}],"about":[{"href":"https:\/\/blog.holyart.it\/fr\/wp-json\/wp\/v2\/types\/post"}],"author":[{"embeddable":true,"href":"https:\/\/blog.holyart.it\/fr\/wp-json\/wp\/v2\/users\/1"}],"replies":[{"embeddable":true,"href":"https:\/\/blog.holyart.it\/fr\/wp-json\/wp\/v2\/comments?post=1119"}],"version-history":[{"count":0,"href":"https:\/\/blog.holyart.it\/fr\/wp-json\/wp\/v2\/posts\/1119\/revisions"}],"wp:featuredmedia":[{"embeddable":true,"href":"https:\/\/blog.holyart.it\/fr\/wp-json\/wp\/v2\/media\/1581"}],"wp:attachment":[{"href":"https:\/\/blog.holyart.it\/fr\/wp-json\/wp\/v2\/media?parent=1119"}],"wp:term":[{"taxonomy":"category","embeddable":true,"href":"https:\/\/blog.holyart.it\/fr\/wp-json\/wp\/v2\/categories?post=1119"},{"taxonomy":"post_tag","embeddable":true,"href":"https:\/\/blog.holyart.it\/fr\/wp-json\/wp\/v2\/tags?post=1119"}],"curies":[{"name":"wp","href":"https:\/\/api.w.org\/{rel}","templated":true}]}}