{"id":11187,"date":"2025-09-29T10:00:41","date_gmt":"2025-09-29T08:00:41","guid":{"rendered":"https:\/\/blog.holyart.it\/fr\/?p=11187"},"modified":"2025-09-25T15:51:52","modified_gmt":"2025-09-25T13:51:52","slug":"sainte-faustine-kowalska-lapotre-de-la-misericorde","status":"publish","type":"post","link":"https:\/\/blog.holyart.it\/fr\/articles-religieux\/sainte-faustine-kowalska-lapotre-de-la-misericorde\/","title":{"rendered":"Sainte Faustine Kowalska, l\u2019Ap\u00f4tre de la Mis\u00e9ricorde"},"content":{"rendered":"<h4>Le 5 octobre marque la m\u00e9moire liturgique de Sainte Faustine Kowalska, mystique et d\u00e9vou\u00e9e au culte de la Divine Mis\u00e9ricorde<\/h4>\n\n<p>Sainte Faustine Kowalska est une des figures les plus extraordinaires dans l\u2019histoire de l\u2019\u00c9glise moderne. Connue \u00e9galement comme <a href=\"https:\/\/www.holyart.fr\/articles-religieux\/chapelets-et-etuis-a-chapelet\/chapelets-en-metal\/chapelet-metal-christ-misericordieux-grains-bois-blanc-et-rouge-7-mm\"><strong>Ap\u00f4tre de la Divine Mis\u00e9ricorde<\/strong><\/a>, elle a \u00e9t\u00e9 une grande Mystique, Proph\u00e9tesse et exemple de spiritualit\u00e9 et de foi, au point d\u2019\u00eatre compt\u00e9e parmi les saints les plus aim\u00e9s de l\u2019histoire. Son grand m\u00e9rite a \u00e9t\u00e9 la diffusion de la <strong>d\u00e9votion \u00e0 la Divine Mis\u00e9ricorde<\/strong> dans le monde entier.<\/p>\n<div class=\"link-product\">\n<div class=\"blocco-immagine\"><img loading=\"lazy\" decoding=\"async\" class=\"size-full wp-image-11192 alignleft\" src=\"https:\/\/blog.holyart.it\/fr\/wp-content\/uploads\/sites\/14\/2025\/09\/Chapelet-en-metal-Divine-Misericorde-avec-grains-en-bois-blancs-et-rouges-de-7-mm.jpg\" alt=\"Chapelet en m\u00e9tal Divine Mis\u00e9ricorde avec grains en bois blancs et rouges de 7 mm\" width=\"100\" height=\"100\" data-kale-share-title=\"Sainte Faustine Kowalska, l\u2019Ap\u00f4tre de la Mis\u00e9ricorde\" data-kale-share-url=\"https:\/\/blog.holyart.it\/fr\/?p=11187\" \/><\/div>\n<div class=\"blocco-contenuto\">\n<div class=\"blocco-acquista\">Acheter sur Holyart:<\/div>\n<div class=\"blocco-titolo\"><strong><a href=\"https:\/\/www.holyart.fr\/articles-religieux\/chapelets-et-etuis-a-chapelet\/chapelets-en-metal\/chapelet-metal-christ-misericordieux-grains-bois-blanc-et-rouge-7-mm\">Chapelet m\u00e9tal Christ Mis\u00e9ricordieux grains bois blanc et rouge\u00a0<\/a><\/strong><\/div>\n<div class=\"blocco-descrizione\">Chapelet m\u00e9tal Christ Mis\u00e9ricordieux grains bois blanc et rouge 7 mm. Chapelet en m\u00e9tal de 60 cm de circonf\u00e9rence&#8230;<\/div>\n<\/div>\n<\/div>\n<p>Sainte Faustine Kowalska exer\u00e7a une forte influence sur <a href=\"https:\/\/www.holyart.fr\/occasions-speciales\/jean-paul-ii\"><strong>Jean-Paul II<\/strong><\/a>, qui la canonisa en 2000 et institua le <strong>Dimanche de la Divine Mis\u00e9ricorde<\/strong>, qui prend son nom justement de la Sainte polonaise et dans l\u2019ann\u00e9e liturgique il co\u00efncide avec le <a href=\"https:\/\/www.holyart.fr\/blog\/articles-religieux\/dimanche-in-albis-que-rappelle-t-il-et-quelle-est-la-signification-religieuse-de-cette-journee\/\"><strong><em><u>dimanche<\/u><\/em><u> <em>in albis<\/em><\/u><\/strong>,<\/a> le dimanche suivant celui de P\u00e2ques.<\/p>\n<p>La vie extraordinaire et l\u2019engagement de Sainte Faustine dans la diffusion du message de la Divine Mis\u00e9ricorde ont inspir\u00e9 des millions de personnes \u00e0 conna\u00eetre et exp\u00e9rimenter la <strong>mis\u00e9ricorde de Dieu dans leur vie<\/strong>. Son h\u00e9ritage continue de vivre \u00e0 travers la d\u00e9votion \u00e0 la Divine Mis\u00e9ricorde, en apportant r\u00e9confort et espoir \u00e0 ceux qui cherchent la gr\u00e2ce et la r\u00e9demption divine.<\/p>\n<div class=\"link-article\">\n<p><img loading=\"lazy\" decoding=\"async\" class=\"size-full wp-image-11195 alignleft\" src=\"https:\/\/blog.holyart.it\/fr\/wp-content\/uploads\/sites\/14\/2025\/09\/Dimanche-in-albis.jpg\" alt=\"Dimanche in albis\" width=\"150\" height=\"99\" data-kale-share-title=\"Sainte Faustine Kowalska, l\u2019Ap\u00f4tre de la Mis\u00e9ricorde\" data-kale-share-url=\"https:\/\/blog.holyart.it\/fr\/?p=11187\" \/><\/p>\n<div class=\"leggi-anche\">Lire aussi :<\/div>\n<p><strong><a href=\"https:\/\/www.holyart.fr\/blog\/articles-religieux\/dimanche-in-albis-que-rappelle-t-il-et-quelle-est-la-signification-religieuse-de-cette-journee\/\">Domenica in Albis: cosa si ricorda e qual \u00e8 il significato<\/a><\/strong><br \/>\nLa celebrazione della Domenica in albis unisce riti antichissimi e tradizioni popolari. Ecco come nascono&#8230;<\/p>\n<\/div>\n<h2>La vie de S\u0153ur Faustine<\/h2>\n<p>Sainte Faustine Kowalska naquit le 25 ao\u00fbt 1905 dans un petit village en Pologne. Jeune, elle d\u00e9montra une profonde d\u00e9votion religieuse et un d\u00e9sir ardent de servir Dieu, mais elle d\u00fbt mettre de c\u00f4t\u00e9 sa vocation pour travailler et aider sa famille. L\u2019appel \u00e0 la vie spirituelle devint toutefois de plus en plus difficile \u00e0 ignorer. J\u00e9sus lui serait apparu en r\u00eave \u00e0 plusieurs occasions, en la grondant pour ses h\u00e9sitations et en la rappelant \u00e0 ses devoirs. Enfin, \u00e0 20 ans, apr\u00e8s avoir \u00e9t\u00e9 refus\u00e9e par plusieurs instituts, elle entra au couvent des <strong>S\u0153urs de la Bienheureuse Vierge Marie de la Mis\u00e9ricorde<\/strong> \u00e0 Varsovie. Elle prit le nom de <a href=\"https:\/\/www.holyart.fr\/articles-religieux\/statues\/statues-en-platre\/statue-en-platre-peinte-soeur-faustine-30-cm\"><strong>S\u0153ur Marie Faustine<\/strong><\/a> et, d\u00e8s le d\u00e9but, basa sa vie religieuse sur une grande aust\u00e9rit\u00e9, minant sa sant\u00e9 fragile avec des je\u00fbnes fr\u00e9quents et en travaillant inlassablement. Enfin libre de servir Christ, elle Lui fut li\u00e9e par une union profonde, aliment\u00e9e par la pri\u00e8re et la contemplation. Au cours des dialogues avec J\u00e9sus, s\u0153ur Marie Faustine re\u00e7ut de Lui la t\u00e2che de diffuser le <a href=\"https:\/\/www.holyart.fr\/blog\/articles-religieux\/culte-de-divine-misericorde\/\"><strong><u>culte de la Divine Mis\u00e9ricorde<\/u><\/strong>.<\/a><\/p>\n<div class=\"link-product\">\n<div class=\"blocco-immagine\"><img loading=\"lazy\" decoding=\"async\" class=\"size-full wp-image-11197 alignleft\" src=\"https:\/\/blog.holyart.it\/fr\/wp-content\/uploads\/sites\/14\/2025\/09\/Statue-en-platre-peint-de-Soeur-Faustine-30-cm.jpg\" alt=\"Statue en pl\u00e2tre peint de S\u0153ur Faustine 30 cm\" width=\"100\" height=\"100\" data-kale-share-title=\"Sainte Faustine Kowalska, l\u2019Ap\u00f4tre de la Mis\u00e9ricorde\" data-kale-share-url=\"https:\/\/blog.holyart.it\/fr\/?p=11187\" \/><\/div>\n<div class=\"blocco-contenuto\">\n<div class=\"blocco-acquista\">Acheter sur Holyart:<\/div>\n<div class=\"blocco-titolo\"><strong><a href=\"https:\/\/www.holyart.fr\/articles-religieux\/statues\/statues-en-platre\/statue-en-platre-peinte-soeur-faustine-30-cm\">Statue en pl\u00e2tre peinte Soeur Faustine 30 cm <\/a><\/strong><\/div>\n<div class=\"blocco-descrizione\">Statue en pl\u00e2tre peinte Soeur Faustine 30 cm. Statue en pl\u00e2tre peinte \u00e0 la main en Italie, repr\u00e9sentant Soeur Faustine&#8230;<\/div>\n<\/div>\n<\/div>\n<p>La mission principale de Sainte Faustine \u00e9tait de r\u00e9pandre la conscience de la mis\u00e9ricorde de Dieu et d\u2019encourager la confession et la communion fr\u00e9quentes. J\u00e9sus lui apprit le <strong><u>Chapelet de la Divine Mis\u00e9ricorde<\/u>,<\/strong> une puissante pri\u00e8re qui demande la mis\u00e9ricorde de Dieu pour le monde entier.<\/p>\n<h2>Pourquoi l\u2019Ap\u00f4tre de la mis\u00e9ricorde<\/h2>\n<p>En 1931, S\u0153ur Faustine eut la vision qui l\u2019amena \u00e0 cr\u00e9er le culte de la <a href=\"https:\/\/www.holyart.fr\/articles-religieux\/statues\/statues-en-resine-et-pvc\/statue-christ-misericordieux-30-5-cm-resine-coloree\"><strong>Divine Mis\u00e9ricorde<\/strong><\/a>. Lorsqu\u2019elle priait dans sa cellule, J\u00e9sus lui apparut dans une robe blanche avec une main lev\u00e9e en signe de b\u00e9n\u00e9diction et l\u2019autre pos\u00e9e sur sa poitrine. De cette main filtrait deux rayons resplendissants : un blanc et l\u2019autre rouge. J\u00e9sus lui dit que le premier repr\u00e9sentait l\u2019Eau qui purifie les \u00e2mes, le deuxi\u00e8me le Sang, v\u00e9hicule de salut et de vie. Il l\u2019informa qu\u2019elle allait devoir le repr\u00e9senter de cette mani\u00e8re et que Son image allait devoir faire l\u2019objet de v\u00e9n\u00e9ration dans le monde entier. J\u00e9sus l\u2019aurait nomm\u00e9e \u00ab\u00a0<strong>Secr\u00e9taire de la Divine Mis\u00e9ricorde<\/strong>\u00a0\u00bb.<\/p>\n<div class=\"link-product\">\n<div class=\"blocco-immagine\"><img loading=\"lazy\" decoding=\"async\" class=\"size-full wp-image-11212 alignleft\" src=\"https:\/\/blog.holyart.it\/fr\/wp-content\/uploads\/sites\/14\/2025\/09\/Statue-de-Jesus-Misericordieux-305-cm-en-resine-coloree.jpg\" alt=\"Statue de J\u00e9sus Mis\u00e9ricordieux 30,5 cm en r\u00e9sine color\u00e9e\" width=\"100\" height=\"100\" data-kale-share-title=\"Sainte Faustine Kowalska, l\u2019Ap\u00f4tre de la Mis\u00e9ricorde\" data-kale-share-url=\"https:\/\/blog.holyart.it\/fr\/?p=11187\" \/><\/div>\n<div class=\"blocco-contenuto\">\n<div class=\"blocco-acquista\">Acheter sur Holyart:<\/div>\n<div class=\"blocco-titolo\"><strong><a href=\"https:\/\/www.holyart.fr\/articles-religieux\/statues\/statues-en-resine-et-pvc\/statue-christ-misericordieux-30-5-cm-resine-coloree\">Statue Christ Mis\u00e9ricordieux 30,5 cm r\u00e9sine color\u00e9e.<\/a><\/strong><\/div>\n<div class=\"blocco-descrizione\">Petite statue r\u00e9alis\u00e9e en r\u00e9sine color\u00e9e, repr\u00e9sentant le Christ&#8230;<\/div>\n<\/div>\n<\/div>\n<p>Malgr\u00e9 les difficult\u00e9s et les maladies qu\u2019elle affronta dans sa vie, S\u0153ur Faustine travailla inlassablement afin de diffuser le message de la Divine Mis\u00e9ricorde. Elle voyagea afin de promouvoir la d\u00e9votion, parla avec pr\u00eatres et \u00e9v\u00eaques, et \u00e9crivit des lettres afin de partager son message. De nombreuses \u00e9glises, chapelles et sanctuaires ont \u00e9t\u00e9 d\u00e9di\u00e9s \u00e0 la Divine Mis\u00e9ricorde dans le monde entier et son culte est encore aujourd\u2019hui tr\u00e8s actif et r\u00e9pandu. La d\u00e9votion au <a href=\"https:\/\/www.holyart.fr\/articles-religieux\/tableaux-gravures-manuscrit-enlumine\/image-divine-misericorde-imprimee-sur-bois-40x30cm\"><strong>culte de la Divine Mis\u00e9ricorde<\/strong><\/a> et, en particulier, la r\u00e9citation du Chapelet de la Divine Mis\u00e9ricorde que J\u00e9sus dicta \u00e0 Sainte Faustine, garantit r\u00e9confort et gr\u00e2ces particuli\u00e8res, notamment la promesse d\u2019une <strong>mort sereine et en paix<\/strong>. Chaque homme, m\u00eame le plus terrible parmi les p\u00e9cheurs, peut trouver dans le culte de la Divine Mis\u00e9ricorde le pardon de tous ses p\u00e9ch\u00e9s et l\u2019espoir du salut, en confiant en Dieu, P\u00e8re Mis\u00e9ricordieux, toujours pr\u00eat \u00e0 recueillir m\u00eame ses enfants perdus et \u00e9gar\u00e9s.<\/p>\n<div class=\"link-product\">\n<div class=\"blocco-immagine\"><img loading=\"lazy\" decoding=\"async\" class=\"size-full wp-image-11199 alignleft\" src=\"https:\/\/blog.holyart.it\/fr\/wp-content\/uploads\/sites\/14\/2025\/09\/Image-imprimee-sur-bois-Divine-Misericorde-40x30-cm.jpg\" alt=\"Image imprim\u00e9e sur bois Divine Mis\u00e9ricorde 40x30 cm\" width=\"100\" height=\"100\" data-kale-share-title=\"Sainte Faustine Kowalska, l\u2019Ap\u00f4tre de la Mis\u00e9ricorde\" data-kale-share-url=\"https:\/\/blog.holyart.it\/fr\/?p=11187\" \/><\/div>\n<div class=\"blocco-contenuto\">\n<div class=\"blocco-acquista\">Acheter sur Holyart:<\/div>\n<div class=\"blocco-titolo\"><strong><a href=\"https:\/\/www.holyart.fr\/articles-religieux\/tableaux-gravures-manuscrit-enlumine\/image-divine-misericorde-imprimee-sur-bois-40x30cm\">Image Divine Mis\u00e9ricorde imprim\u00e9e sur bois 40x30cm <\/a><\/strong><\/div>\n<div class=\"blocco-descrizione\">Image Divine Mis\u00e9ricorde imprim\u00e9e sur bois de 40&#215;30 cm. R\u00e9alis\u00e9 avec imprimerie en haute d\u00e9finition&#8230;<\/div>\n<\/div>\n<\/div>\n<h2>Le journal de Sainte Faustine<\/h2>\n<p>Pendant toute sa vie, Sainte Faustine r\u00e9digea un <strong>Journal<\/strong>, publi\u00e9 apr\u00e8s sa mort et traduit en de nombreuses langues. Dans ce <em>Petit Journal<\/em>, outre les faits de sa vie quotidienne, elle transcrivit, sur le conseil de ses p\u00e8res spirituels et confesseurs, les visions et les r\u00e9v\u00e9lations qu\u2019elle recevait. Connu \u00e9galement comme le <strong><em>Journal de Sainte Faustine : La mis\u00e9ricorde divine dans mon \u00e2me<\/em><\/strong>, le journal est un t\u00e9moignage unique de ses exp\u00e9riences mystiques et des communications directes qu\u2019elle affirmait avoir eu avec J\u00e9sus-Christ.<\/p>\n<p>Dans son journal, Sainte Faustine a document\u00e9 de mani\u00e8re tr\u00e8s d\u00e9taill\u00e9e ses visions, les r\u00e9v\u00e9lations divines et les inspirations spirituelles qu\u2019elle a re\u00e7u pendant sa vie religieuse. Ces exp\u00e9riences incluaient des visions de J\u00e9sus, de l\u2019Enfer, du Purgatoire et du Paradis, mais aussi les instructions d\u00e9taill\u00e9es que J\u00e9sus lui donna concernant la promotion de la <a href=\"https:\/\/www.holyart.fr\/articles-religieux\/chapelets-et-etuis-a-chapelet\/chapelets-ghirelli-collection\/chapelet-ghirelli-christ-misericordieux-grains-8-mm\"><strong>d\u00e9votion \u00e0 la Divine Mis\u00e9ricorde<\/strong><\/a>.<\/p>\n<p>Le Petit Journal de Sainte Faustine a gagn\u00e9 en attention et importance suite \u00e0 sa canonisation et est aujourd\u2019hui consid\u00e9r\u00e9 comme une pr\u00e9cieuse lecture pour les chr\u00e9tiens.<\/p>\n<div class=\"link-product\">\n<div class=\"blocco-immagine\"><img loading=\"lazy\" decoding=\"async\" class=\"size-full wp-image-11202 alignleft\" src=\"https:\/\/blog.holyart.it\/fr\/wp-content\/uploads\/sites\/14\/2025\/09\/Chapelet-Ghirelli-Divine-Misericorde-grains-8-mm.jpg\" alt=\"Chapelet Ghirelli Divine Mis\u00e9ricorde grains 8 mm\" width=\"100\" height=\"100\" data-kale-share-title=\"Sainte Faustine Kowalska, l\u2019Ap\u00f4tre de la Mis\u00e9ricorde\" data-kale-share-url=\"https:\/\/blog.holyart.it\/fr\/?p=11187\" \/><\/div>\n<div class=\"blocco-contenuto\">\n<div class=\"blocco-acquista\">Acheter sur Holyart:<\/div>\n<div class=\"blocco-titolo\"><strong><a href=\"https:\/\/www.holyart.fr\/articles-religieux\/chapelets-et-etuis-a-chapelet\/chapelets-ghirelli-collection\/chapelet-ghirelli-christ-misericordieux-grains-8-mm\" data-kale-share-title=\"Sainte Faustine Kowalska, l\u2019Ap\u00f4tre de la Mis\u00e9ricorde\" data-kale-share-url=\"https:\/\/blog.holyart.it\/fr\/?p=11187\">Chapelet Ghirelli Christ Mis\u00e9ricordieux grains 8 mm<\/a><\/strong><\/div>\n<div class=\"blocco-descrizione\">Chapelet Ghirelli Christ Mis\u00e9ricordieux grains 8 mm. Chapelet de la Divine Mis\u00e9ricorde, r\u00e9alis\u00e9 \u00e0 la main en Italie par &#8230;<\/div>\n<\/div>\n<\/div>\n<h2>Sainte Faustine : pri\u00e8res<\/h2>\n<p>Du Journal de Sainte Marie Faustine Kowalska il est possible de puiser \u00e9galement des pri\u00e8res sp\u00e9ciales \u00e0 r\u00e9citer dans le contexte du culte de la Divine Mis\u00e9ricorde. Parfois, ces pri\u00e8res sont adress\u00e9es \u00e0 J\u00e9sus, d\u2019autres fois \u00e0 la Vierge, mais il existe \u00e9galement des pri\u00e8res dans lesquelles on demande l\u2019intercession de Sainte Faustine en personne en tant que messag\u00e8re de mis\u00e9ricorde aupr\u00e8s de Dieu.<\/p>\n<p>Voici comment d\u00e9bute la <strong>Neuvaine \u00e0 Sainte Faustine Kowalska<\/strong>, \u00e0 r\u00e9citer en vue de sa f\u00eate le 5 octobre\u00a0:<\/p>\n<p><em>J\u00e9sus\u00a0: \u00ab\u00a0L\u2019\u00e2me qui fait confiance \u00e0 Ma mis\u00e9ricorde est la plus heureuse car je prends Moi-m\u00eame soin d\u2019elle (Petit Journal 1273). Je al comble de Ma confiance et je lui donne tout ce qu\u2019elle demande (P.J. 453).<\/em><\/p>\n<p><em>S\u0153ur Faustine\u00a0: \u00ab\u00a0Je ne comprends pas comment on peut ne pas avoir confiance en Celui qui peut tout\u00a0; avec Lui tout\u00a0; sans Lui \u2013 rien. Lui, le Seigneur, ne permettra ni n\u2019admettra la honte de ceux qui ont mis toute leur confiance en Lui (P.J. 358)<\/em><\/p>\n<p><em>Sainte Faustine, je te demande de m\u2019obtenir la gr\u00e2ce d\u2019une confiance pu\u00e9rile envers Dieu, Celui qui peut tout, qui est toute Sagesse et qui aime d\u2019un amour infini.<\/em><\/p>\n<p>Ainsi r\u00e9cite par contre la pri\u00e8re \u00e0 la <a href=\"https:\/\/www.holyart.fr\/articles-religieux\/icones-religieuses\/icones-grecques\/icone-grecque-peinte-a-la-main-notre-dame-de-la-misericorde-20x30-cm\"><strong>Bienheureuse Vierge Marie de la Mis\u00e9ricorde<\/strong><\/a>\u00a0:<\/p>\n<p><em>Marie, ma M\u00e8re et ma Reine, je te confie mon \u00e2me et mon corps, ma vie et ma mort et tout ce qui la suivra. Je d\u00e9pose tout entre tes mains, \u00f4 ma M\u00e8re. Couvre mon \u00e2me de ton manteau virginal et donne-moi la gr\u00e2ce de la puret\u00e9 du c\u0153ur, de l\u2019\u00e2me et du corps, d\u00e9fends-moi par ta puissance de tous mes ennemis et particuli\u00e8rement de ceux qui cachent leur m\u00e9chancet\u00e9 sous le masque de la vertu. \u00d4 Lis ravissant, tu es pour moi un miroir, \u00f4 ma M\u00e8re ! (P.J. 79)<\/em><\/p>\n<p><em>\u00d4 Marie, Vierge Immacul\u00e9e,<br \/>\nPur cristal pour mon c\u0153ur,<br \/>\nTu es ma force, ancre puissante,<br \/>\nTu es le bouclier et la d\u00e9fense des c\u0153urs faibles !<\/em><\/p>\n<p><em>\u00d4 Marie, toute pure et sans \u00e9gale,<br \/>\nVierge et M\u00e8re \u00e0 la fois,<br \/>\nTu es belle comme le soleil, sans aucune tache.<br \/>\nRien n\u2019est peut-\u00eatre compar\u00e9 \u00e0 l\u2019image de ton \u00e2me.<\/em><\/p>\n<p><em>Ta beaut\u00e9 a ravi le regard du Dieu trois fois Saint.<br \/>\nQuittant son tr\u00f4ne \u00e9ternel, il est descendu du ciel<br \/>\nEt a pris chair et sang de ton c\u0153ur,<br \/>\nSe cachant neuf mois dans le sein d\u2019une Vierge.<\/em><\/p>\n<p><em>\u00d4 Vierge et M\u00e8re, personne ne peut concevoir<br \/>\nQue Dieu infini se soit fait homme<br \/>\nUniquement par amour et par son insondable mis\u00e9ricorde.<br \/>\nPar toi, \u00f4 notre M\u00e8re, il nous est donn\u00e9 de vivre avec lui\u00a0\u00e9ternellement.<\/em><\/p>\n<p><em>\u00d4 Marie, Vierge, M\u00e8re et Porte du Ciel,<br \/>\nPar toi nous est venu le salut.<br \/>\nPar tes mains toute gr\u00e2ce jaillit pour nous,<br \/>\nEt, seule, une fid\u00e8le imitation de toi pourra me sanctifier.<\/em><\/p>\n<p><em>\u00d4 Marie, Vierge, Lys ravissant,<br \/>\nTon c\u0153ur a \u00e9t\u00e9 le premier tabernacle de J\u00e9sus sur terre,<br \/>\nEt parce que ton humilit\u00e9 a \u00e9t\u00e9 la plus profonde<br \/>\nTu as \u00e9t\u00e9 \u00e9lev\u00e9e au-dessus des ch\u0153urs ang\u00e9liques\u00a0et des saints.<\/em><\/p>\n<p><em>\u00d4 Marie, ma douce M\u00e8re,<br \/>\nJe te confie mon \u00e2me, mon corps et mon pauvre c\u0153ur.<br \/>\nSois la gardienne de ma vie,<br \/>\nParticuli\u00e8rement \u00e0 l\u2019heure de ma mort, lors de mon\u00a0dernier combat.<br \/>\nEt particuli\u00e8rement \u00e0 l\u2019heure de la mort, dans le dernier combat. (P. J. 161)<\/em><\/p>\n<h3><em>\u00d4 MARIE, MA M\u00c8RE<\/em><\/h3>\n<p><em>\u00d4 Marie, ma M\u00e8re, je te le demande humblement, \u00e9tends sur mon \u00e2me ton manteau virginal dans ce moment si important de ma vie, afin que je devienne plus agr\u00e9able \u00e0 ton Fils et que je puisse glorifier dignement sa mis\u00e9ricorde devant le monde entier et pour toute l\u2019\u00e9ternit\u00e9. (P. J. 220)<\/em><\/p>\n<h3><em>\u00d4 MARIE, VIERGE IMMACUL\u00c9E<\/em><\/h3>\n<p><em>Marie, Vierge Immacul\u00e9e, prends-moi sous ta protection sp\u00e9ciale et garde la puret\u00e9 de mon \u00e2me, de mon c\u0153ur et de mon corps. Tu es le mod\u00e8le et l\u2019\u00e9toile de ma vie ! (P. J. 874)<\/em><\/p>\n<h3><em>\u00d4 NOTRE-DAME<\/em><\/h3>\n<p><em>\u00d4 M\u00e8re de Dieu, ton \u00e2me a \u00e9t\u00e9 plong\u00e9e dans un oc\u00e9an d\u2019amertume. Regarde ton enfant, et apprends-lui \u00e0 souffrir et \u00e0 aimer en souffrant. Fortifie mon \u00e2me pour que la douleur ne la brise pas. M\u00e8re de gr\u00e2ce, apprends-moi \u00e0 vivre avec Dieu. (P. J. 315)<\/em><\/p>\n<h3><em>\u00d4 DOUCE M\u00c8RE DE DIEU<\/em><\/h3>\n<p><em>\u00d4 douce M\u00e8re de Dieu,<br \/>\nSur toi je mod\u00e8le ma vie.<br \/>\nTu es pour moi la lumineuse aurore.<br \/>\nEn toi je me perds avec ravissement.<\/em><\/p>\n<p><em>\u00d4 M\u00e8re, Vierge Immacul\u00e9e,<br \/>\nEn toi se refl\u00e8te pour moi le rayonnement de Dieu.<br \/>\nTu m\u2019apprends comment aimer le Seigneur au milieu\u00a0des orages.<br \/>\nTu es mon bouclier et ma protection contre l\u2019ennemi. (P. J. 1232)<\/em><\/p>\n<h3><em>\u00d4 DOUCE M\u00c8RE<\/em><\/h3>\n<p><em>Douce M\u00e8re, unis mon \u00e2me \u00e0 J\u00e9sus, car c\u2019est seulement ainsi que je pourrai supporter toutes les \u00e9preuves et les souffrances, et c\u2019est seulement en union \u00e0 J\u00e9sus que mes petits sacrifices seront agr\u00e9ables \u00e0 Dieu. Tr\u00e8s douce M\u00e8re, enseigne-moi la vie int\u00e9rieure. Que le glaive des souffrances ne me brise jamais ! \u00d4 Vierge pure, verse le courage dans mon c\u0153ur et veille sur lui. (P. J. 915)<\/em><\/p>\n<h3><em>\u00d4 VIERGE RAYONNANTE<\/em><\/h3>\n<p><em>\u00d4 Vierge rayonnante, pure comme le cristal, toute plong\u00e9e en Dieu, je te donne ma vie int\u00e9rieure, dispose tout de mani\u00e8re que ce soit agr\u00e9able \u00e0 ton Fils. (P. J. 844)<\/em><\/p>\n<h3><em>\u00d4 M\u00c8RE DE DIEU<\/em><\/h3>\n<p><em>Marie, tr\u00e8s sainte M\u00e8re de Dieu, ma M\u00e8re, tu es maintenant ma M\u00e8re d\u2019une fa\u00e7on toute sp\u00e9ciale, puisque ton Fils bien-aim\u00e9 est mon \u00c9poux : nous sommes donc tous deux tes enfants. Par \u00e9gard pour ton Fils, tu dois m\u2019aimer. Marie, ma M\u00e8re bien-aim\u00e9e, dirige ma vie int\u00e9rieure pour qu\u2019elle soit agr\u00e9able \u00e0 ton Fils. (P. J. 240)<\/em><\/p>\n<div class=\"link-product\">\n<div class=\"blocco-immagine\"><img loading=\"lazy\" decoding=\"async\" class=\"size-full wp-image-11204 alignleft\" src=\"https:\/\/blog.holyart.it\/fr\/wp-content\/uploads\/sites\/14\/2025\/09\/Icone-grecque-peinte-a-la-main-Vierge-de-la-Misericorde-20x30-cm.jpg\" alt=\"Ic\u00f4ne grecque peinte \u00e0 la main Vierge de la Mis\u00e9ricorde 20x30 cm\" width=\"100\" height=\"100\" data-kale-share-title=\"Sainte Faustine Kowalska, l\u2019Ap\u00f4tre de la Mis\u00e9ricorde\" data-kale-share-url=\"https:\/\/blog.holyart.it\/fr\/?p=11187\" \/><\/div>\n<div class=\"blocco-contenuto\">\n<div class=\"blocco-acquista\">Acheter sur Holyart:<\/div>\n<div class=\"blocco-titolo\"><strong><a href=\"https:\/\/www.holyart.fr\/articles-religieux\/icones-religieuses\/icones-grecques\/icone-grecque-peinte-a-la-main-notre-dame-de-la-misericorde-20x30-cm\" data-kale-share-title=\"Sainte Faustine Kowalska, l\u2019Ap\u00f4tre de la Mis\u00e9ricorde\" data-kale-share-url=\"https:\/\/blog.holyart.it\/fr\/?p=11187\">Ic\u00f4ne grecque peinte \u00e0 la main Notre-Dame de la Mis\u00e9ricorde 20&#215;30 cm<\/a><\/strong><\/div>\n<div class=\"blocco-descrizione\">Ic\u00f4ne grecque peinte \u00e0 la main Notre-Dame de la Mis\u00e9ricorde 24&#215;31 cm. Ic\u00f4ne de Notre-Dame &#8230;<\/div>\n<\/div>\n<\/div>\n","protected":false},"excerpt":{"rendered":"<p>Le 5 octobre marque la m\u00e9moire liturgique de Sainte Faustine Kowalska, mystique et d\u00e9vou\u00e9e au culte de la Divine Mis\u00e9ricorde Sainte Faustine Kowalska est une des figures les plus extraordinaires dans l\u2019histoire de l\u2019\u00c9glise moderne. Connue \u00e9galement comme Ap\u00f4tre de la Divine Mis\u00e9ricorde, elle a&hellip;<\/p>\n","protected":false},"author":1,"featured_media":11206,"comment_status":"closed","ping_status":"open","sticky":false,"template":"","format":"standard","meta":{"_acf_changed":false,"footnotes":""},"categories":[8],"tags":[],"class_list":["post-11187","post","type-post","status-publish","format-standard","has-post-thumbnail","hentry","category-articles-religieux"],"acf":[],"yoast_head":"<!-- This site is optimized with the Yoast SEO plugin v26.6 - https:\/\/yoast.com\/wordpress\/plugins\/seo\/ -->\n<title>Sainte Faustine Kowalska, l\u2019Ap\u00f4tre de la Mis\u00e9ricorde - Holyart.fr Blog<\/title>\n<meta name=\"description\" content=\"Sainte Faustine Kowalska fut une mystique, mais surtout une S\u0153ur d\u00e9vou\u00e9e \u00e0 Christ en l\u2019honneur duquel elle fonda le culte de la Divine...\" \/>\n<meta name=\"robots\" content=\"index, follow, max-snippet:-1, max-image-preview:large, max-video-preview:-1\" \/>\n<link rel=\"canonical\" href=\"https:\/\/blog.holyart.it\/fr\/articles-religieux\/sainte-faustine-kowalska-lapotre-de-la-misericorde\/\" \/>\n<meta property=\"og:locale\" content=\"fr_FR\" \/>\n<meta property=\"og:type\" content=\"article\" \/>\n<meta property=\"og:title\" content=\"Sainte Faustine Kowalska, l\u2019Ap\u00f4tre de la Mis\u00e9ricorde - Holyart.fr Blog\" \/>\n<meta property=\"og:description\" content=\"Sainte Faustine Kowalska fut une mystique, mais surtout une S\u0153ur d\u00e9vou\u00e9e \u00e0 Christ en l\u2019honneur duquel elle fonda le culte de la Divine...\" \/>\n<meta property=\"og:url\" content=\"https:\/\/blog.holyart.it\/fr\/articles-religieux\/sainte-faustine-kowalska-lapotre-de-la-misericorde\/\" \/>\n<meta property=\"og:site_name\" content=\"Holyart.fr Blog\" \/>\n<meta property=\"article:published_time\" content=\"2025-09-29T08:00:41+00:00\" \/>\n<meta property=\"og:image\" content=\"https:\/\/blog.holyart.it\/fr\/wp-content\/uploads\/sites\/14\/2025\/09\/santa-faustina.jpg\" \/>\n\t<meta property=\"og:image:width\" content=\"1000\" \/>\n\t<meta property=\"og:image:height\" content=\"666\" \/>\n\t<meta property=\"og:image:type\" content=\"image\/jpeg\" \/>\n<meta name=\"author\" content=\"Redazione\" \/>\n<meta name=\"twitter:card\" content=\"summary_large_image\" \/>\n<meta name=\"twitter:label1\" content=\"\u00c9crit par\" \/>\n\t<meta name=\"twitter:data1\" content=\"Redazione\" \/>\n\t<meta name=\"twitter:label2\" content=\"Dur\u00e9e de lecture estim\u00e9e\" \/>\n\t<meta name=\"twitter:data2\" content=\"12 minutes\" \/>\n<script type=\"application\/ld+json\" class=\"yoast-schema-graph\">{\"@context\":\"https:\/\/schema.org\",\"@graph\":[{\"@type\":\"Article\",\"@id\":\"https:\/\/blog.holyart.it\/fr\/articles-religieux\/sainte-faustine-kowalska-lapotre-de-la-misericorde\/#article\",\"isPartOf\":{\"@id\":\"https:\/\/blog.holyart.it\/fr\/articles-religieux\/sainte-faustine-kowalska-lapotre-de-la-misericorde\/\"},\"author\":{\"name\":\"Redazione\",\"@id\":\"https:\/\/blog.holyart.it\/fr\/#\/schema\/person\/0a7b686e5af0f856ec1e390dd0baecda\"},\"headline\":\"Sainte Faustine Kowalska, l\u2019Ap\u00f4tre de la Mis\u00e9ricorde\",\"datePublished\":\"2025-09-29T08:00:41+00:00\",\"mainEntityOfPage\":{\"@id\":\"https:\/\/blog.holyart.it\/fr\/articles-religieux\/sainte-faustine-kowalska-lapotre-de-la-misericorde\/\"},\"wordCount\":2236,\"publisher\":{\"@id\":\"https:\/\/blog.holyart.it\/fr\/#organization\"},\"image\":{\"@id\":\"https:\/\/blog.holyart.it\/fr\/articles-religieux\/sainte-faustine-kowalska-lapotre-de-la-misericorde\/#primaryimage\"},\"thumbnailUrl\":\"https:\/\/blog.holyart.it\/fr\/wp-content\/uploads\/sites\/14\/2025\/09\/santa-faustina.jpg\",\"articleSection\":[\"Religion\"],\"inLanguage\":\"fr-FR\"},{\"@type\":\"WebPage\",\"@id\":\"https:\/\/blog.holyart.it\/fr\/articles-religieux\/sainte-faustine-kowalska-lapotre-de-la-misericorde\/\",\"url\":\"https:\/\/blog.holyart.it\/fr\/articles-religieux\/sainte-faustine-kowalska-lapotre-de-la-misericorde\/\",\"name\":\"Sainte Faustine Kowalska, l\u2019Ap\u00f4tre de la Mis\u00e9ricorde - Holyart.fr Blog\",\"isPartOf\":{\"@id\":\"https:\/\/blog.holyart.it\/fr\/#website\"},\"primaryImageOfPage\":{\"@id\":\"https:\/\/blog.holyart.it\/fr\/articles-religieux\/sainte-faustine-kowalska-lapotre-de-la-misericorde\/#primaryimage\"},\"image\":{\"@id\":\"https:\/\/blog.holyart.it\/fr\/articles-religieux\/sainte-faustine-kowalska-lapotre-de-la-misericorde\/#primaryimage\"},\"thumbnailUrl\":\"https:\/\/blog.holyart.it\/fr\/wp-content\/uploads\/sites\/14\/2025\/09\/santa-faustina.jpg\",\"datePublished\":\"2025-09-29T08:00:41+00:00\",\"description\":\"Sainte Faustine Kowalska fut une mystique, mais surtout une S\u0153ur d\u00e9vou\u00e9e \u00e0 Christ en l\u2019honneur duquel elle fonda le culte de la Divine...\",\"breadcrumb\":{\"@id\":\"https:\/\/blog.holyart.it\/fr\/articles-religieux\/sainte-faustine-kowalska-lapotre-de-la-misericorde\/#breadcrumb\"},\"inLanguage\":\"fr-FR\",\"potentialAction\":[{\"@type\":\"ReadAction\",\"target\":[\"https:\/\/blog.holyart.it\/fr\/articles-religieux\/sainte-faustine-kowalska-lapotre-de-la-misericorde\/\"]}]},{\"@type\":\"ImageObject\",\"inLanguage\":\"fr-FR\",\"@id\":\"https:\/\/blog.holyart.it\/fr\/articles-religieux\/sainte-faustine-kowalska-lapotre-de-la-misericorde\/#primaryimage\",\"url\":\"https:\/\/blog.holyart.it\/fr\/wp-content\/uploads\/sites\/14\/2025\/09\/santa-faustina.jpg\",\"contentUrl\":\"https:\/\/blog.holyart.it\/fr\/wp-content\/uploads\/sites\/14\/2025\/09\/santa-faustina.jpg\",\"width\":1000,\"height\":666,\"caption\":\"Santa Faustina\"},{\"@type\":\"BreadcrumbList\",\"@id\":\"https:\/\/blog.holyart.it\/fr\/articles-religieux\/sainte-faustine-kowalska-lapotre-de-la-misericorde\/#breadcrumb\",\"itemListElement\":[{\"@type\":\"ListItem\",\"position\":1,\"name\":\"Homepage\",\"item\":\"https:\/\/blog.holyart.it\/fr\/\"},{\"@type\":\"ListItem\",\"position\":2,\"name\":\"Religion\",\"item\":\"https:\/\/blog.holyart.it\/fr\/articles-religieux\/\"},{\"@type\":\"ListItem\",\"position\":3,\"name\":\"Sainte Faustine Kowalska, l\u2019Ap\u00f4tre de la Mis\u00e9ricorde\"}]},{\"@type\":\"WebSite\",\"@id\":\"https:\/\/blog.holyart.it\/fr\/#website\",\"url\":\"https:\/\/blog.holyart.it\/fr\/\",\"name\":\"Holyart.fr Blog\",\"description\":\"Holyblog\",\"publisher\":{\"@id\":\"https:\/\/blog.holyart.it\/fr\/#organization\"},\"potentialAction\":[{\"@type\":\"SearchAction\",\"target\":{\"@type\":\"EntryPoint\",\"urlTemplate\":\"https:\/\/blog.holyart.it\/fr\/?s={search_term_string}\"},\"query-input\":{\"@type\":\"PropertyValueSpecification\",\"valueRequired\":true,\"valueName\":\"search_term_string\"}}],\"inLanguage\":\"fr-FR\"},{\"@type\":\"Organization\",\"@id\":\"https:\/\/blog.holyart.it\/fr\/#organization\",\"name\":\"Holyart.fr Blog\",\"url\":\"https:\/\/blog.holyart.it\/fr\/\",\"logo\":{\"@type\":\"ImageObject\",\"inLanguage\":\"fr-FR\",\"@id\":\"https:\/\/blog.holyart.it\/fr\/#\/schema\/logo\/image\/\",\"url\":\"https:\/\/blog.holyart.it\/fr\/wp-content\/uploads\/sites\/14\/2022\/12\/Holyart_Blog_Logo.jpg\",\"contentUrl\":\"https:\/\/blog.holyart.it\/fr\/wp-content\/uploads\/sites\/14\/2022\/12\/Holyart_Blog_Logo.jpg\",\"width\":300,\"height\":50,\"caption\":\"Holyart.fr Blog\"},\"image\":{\"@id\":\"https:\/\/blog.holyart.it\/fr\/#\/schema\/logo\/image\/\"}},{\"@type\":\"Person\",\"@id\":\"https:\/\/blog.holyart.it\/fr\/#\/schema\/person\/0a7b686e5af0f856ec1e390dd0baecda\",\"name\":\"Redazione\",\"image\":{\"@type\":\"ImageObject\",\"inLanguage\":\"fr-FR\",\"@id\":\"https:\/\/blog.holyart.it\/fr\/#\/schema\/person\/image\/\",\"url\":\"https:\/\/secure.gravatar.com\/avatar\/f477da817f43e50d0af36abecd33e3edf826c68299714bdc1057dff3b113f516?s=96&d=mm&r=g\",\"contentUrl\":\"https:\/\/secure.gravatar.com\/avatar\/f477da817f43e50d0af36abecd33e3edf826c68299714bdc1057dff3b113f516?s=96&d=mm&r=g\",\"caption\":\"Redazione\"},\"url\":\"https:\/\/blog.holyart.it\/fr\/author\/admin\/\"}]}<\/script>\n<!-- \/ Yoast SEO plugin. -->","yoast_head_json":{"title":"Sainte Faustine Kowalska, l\u2019Ap\u00f4tre de la Mis\u00e9ricorde - Holyart.fr Blog","description":"Sainte Faustine Kowalska fut une mystique, mais surtout une S\u0153ur d\u00e9vou\u00e9e \u00e0 Christ en l\u2019honneur duquel elle fonda le culte de la Divine...","robots":{"index":"index","follow":"follow","max-snippet":"max-snippet:-1","max-image-preview":"max-image-preview:large","max-video-preview":"max-video-preview:-1"},"canonical":"https:\/\/blog.holyart.it\/fr\/articles-religieux\/sainte-faustine-kowalska-lapotre-de-la-misericorde\/","og_locale":"fr_FR","og_type":"article","og_title":"Sainte Faustine Kowalska, l\u2019Ap\u00f4tre de la Mis\u00e9ricorde - Holyart.fr Blog","og_description":"Sainte Faustine Kowalska fut une mystique, mais surtout une S\u0153ur d\u00e9vou\u00e9e \u00e0 Christ en l\u2019honneur duquel elle fonda le culte de la Divine...","og_url":"https:\/\/blog.holyart.it\/fr\/articles-religieux\/sainte-faustine-kowalska-lapotre-de-la-misericorde\/","og_site_name":"Holyart.fr Blog","article_published_time":"2025-09-29T08:00:41+00:00","og_image":[{"width":1000,"height":666,"url":"https:\/\/blog.holyart.it\/fr\/wp-content\/uploads\/sites\/14\/2025\/09\/santa-faustina.jpg","type":"image\/jpeg"}],"author":"Redazione","twitter_card":"summary_large_image","twitter_misc":{"\u00c9crit par":"Redazione","Dur\u00e9e de lecture estim\u00e9e":"12 minutes"},"schema":{"@context":"https:\/\/schema.org","@graph":[{"@type":"Article","@id":"https:\/\/blog.holyart.it\/fr\/articles-religieux\/sainte-faustine-kowalska-lapotre-de-la-misericorde\/#article","isPartOf":{"@id":"https:\/\/blog.holyart.it\/fr\/articles-religieux\/sainte-faustine-kowalska-lapotre-de-la-misericorde\/"},"author":{"name":"Redazione","@id":"https:\/\/blog.holyart.it\/fr\/#\/schema\/person\/0a7b686e5af0f856ec1e390dd0baecda"},"headline":"Sainte Faustine Kowalska, l\u2019Ap\u00f4tre de la Mis\u00e9ricorde","datePublished":"2025-09-29T08:00:41+00:00","mainEntityOfPage":{"@id":"https:\/\/blog.holyart.it\/fr\/articles-religieux\/sainte-faustine-kowalska-lapotre-de-la-misericorde\/"},"wordCount":2236,"publisher":{"@id":"https:\/\/blog.holyart.it\/fr\/#organization"},"image":{"@id":"https:\/\/blog.holyart.it\/fr\/articles-religieux\/sainte-faustine-kowalska-lapotre-de-la-misericorde\/#primaryimage"},"thumbnailUrl":"https:\/\/blog.holyart.it\/fr\/wp-content\/uploads\/sites\/14\/2025\/09\/santa-faustina.jpg","articleSection":["Religion"],"inLanguage":"fr-FR"},{"@type":"WebPage","@id":"https:\/\/blog.holyart.it\/fr\/articles-religieux\/sainte-faustine-kowalska-lapotre-de-la-misericorde\/","url":"https:\/\/blog.holyart.it\/fr\/articles-religieux\/sainte-faustine-kowalska-lapotre-de-la-misericorde\/","name":"Sainte Faustine Kowalska, l\u2019Ap\u00f4tre de la Mis\u00e9ricorde - Holyart.fr Blog","isPartOf":{"@id":"https:\/\/blog.holyart.it\/fr\/#website"},"primaryImageOfPage":{"@id":"https:\/\/blog.holyart.it\/fr\/articles-religieux\/sainte-faustine-kowalska-lapotre-de-la-misericorde\/#primaryimage"},"image":{"@id":"https:\/\/blog.holyart.it\/fr\/articles-religieux\/sainte-faustine-kowalska-lapotre-de-la-misericorde\/#primaryimage"},"thumbnailUrl":"https:\/\/blog.holyart.it\/fr\/wp-content\/uploads\/sites\/14\/2025\/09\/santa-faustina.jpg","datePublished":"2025-09-29T08:00:41+00:00","description":"Sainte Faustine Kowalska fut une mystique, mais surtout une S\u0153ur d\u00e9vou\u00e9e \u00e0 Christ en l\u2019honneur duquel elle fonda le culte de la Divine...","breadcrumb":{"@id":"https:\/\/blog.holyart.it\/fr\/articles-religieux\/sainte-faustine-kowalska-lapotre-de-la-misericorde\/#breadcrumb"},"inLanguage":"fr-FR","potentialAction":[{"@type":"ReadAction","target":["https:\/\/blog.holyart.it\/fr\/articles-religieux\/sainte-faustine-kowalska-lapotre-de-la-misericorde\/"]}]},{"@type":"ImageObject","inLanguage":"fr-FR","@id":"https:\/\/blog.holyart.it\/fr\/articles-religieux\/sainte-faustine-kowalska-lapotre-de-la-misericorde\/#primaryimage","url":"https:\/\/blog.holyart.it\/fr\/wp-content\/uploads\/sites\/14\/2025\/09\/santa-faustina.jpg","contentUrl":"https:\/\/blog.holyart.it\/fr\/wp-content\/uploads\/sites\/14\/2025\/09\/santa-faustina.jpg","width":1000,"height":666,"caption":"Santa Faustina"},{"@type":"BreadcrumbList","@id":"https:\/\/blog.holyart.it\/fr\/articles-religieux\/sainte-faustine-kowalska-lapotre-de-la-misericorde\/#breadcrumb","itemListElement":[{"@type":"ListItem","position":1,"name":"Homepage","item":"https:\/\/blog.holyart.it\/fr\/"},{"@type":"ListItem","position":2,"name":"Religion","item":"https:\/\/blog.holyart.it\/fr\/articles-religieux\/"},{"@type":"ListItem","position":3,"name":"Sainte Faustine Kowalska, l\u2019Ap\u00f4tre de la Mis\u00e9ricorde"}]},{"@type":"WebSite","@id":"https:\/\/blog.holyart.it\/fr\/#website","url":"https:\/\/blog.holyart.it\/fr\/","name":"Holyart.fr Blog","description":"Holyblog","publisher":{"@id":"https:\/\/blog.holyart.it\/fr\/#organization"},"potentialAction":[{"@type":"SearchAction","target":{"@type":"EntryPoint","urlTemplate":"https:\/\/blog.holyart.it\/fr\/?s={search_term_string}"},"query-input":{"@type":"PropertyValueSpecification","valueRequired":true,"valueName":"search_term_string"}}],"inLanguage":"fr-FR"},{"@type":"Organization","@id":"https:\/\/blog.holyart.it\/fr\/#organization","name":"Holyart.fr Blog","url":"https:\/\/blog.holyart.it\/fr\/","logo":{"@type":"ImageObject","inLanguage":"fr-FR","@id":"https:\/\/blog.holyart.it\/fr\/#\/schema\/logo\/image\/","url":"https:\/\/blog.holyart.it\/fr\/wp-content\/uploads\/sites\/14\/2022\/12\/Holyart_Blog_Logo.jpg","contentUrl":"https:\/\/blog.holyart.it\/fr\/wp-content\/uploads\/sites\/14\/2022\/12\/Holyart_Blog_Logo.jpg","width":300,"height":50,"caption":"Holyart.fr Blog"},"image":{"@id":"https:\/\/blog.holyart.it\/fr\/#\/schema\/logo\/image\/"}},{"@type":"Person","@id":"https:\/\/blog.holyart.it\/fr\/#\/schema\/person\/0a7b686e5af0f856ec1e390dd0baecda","name":"Redazione","image":{"@type":"ImageObject","inLanguage":"fr-FR","@id":"https:\/\/blog.holyart.it\/fr\/#\/schema\/person\/image\/","url":"https:\/\/secure.gravatar.com\/avatar\/f477da817f43e50d0af36abecd33e3edf826c68299714bdc1057dff3b113f516?s=96&d=mm&r=g","contentUrl":"https:\/\/secure.gravatar.com\/avatar\/f477da817f43e50d0af36abecd33e3edf826c68299714bdc1057dff3b113f516?s=96&d=mm&r=g","caption":"Redazione"},"url":"https:\/\/blog.holyart.it\/fr\/author\/admin\/"}]}},"_links":{"self":[{"href":"https:\/\/blog.holyart.it\/fr\/wp-json\/wp\/v2\/posts\/11187","targetHints":{"allow":["GET"]}}],"collection":[{"href":"https:\/\/blog.holyart.it\/fr\/wp-json\/wp\/v2\/posts"}],"about":[{"href":"https:\/\/blog.holyart.it\/fr\/wp-json\/wp\/v2\/types\/post"}],"author":[{"embeddable":true,"href":"https:\/\/blog.holyart.it\/fr\/wp-json\/wp\/v2\/users\/1"}],"replies":[{"embeddable":true,"href":"https:\/\/blog.holyart.it\/fr\/wp-json\/wp\/v2\/comments?post=11187"}],"version-history":[{"count":21,"href":"https:\/\/blog.holyart.it\/fr\/wp-json\/wp\/v2\/posts\/11187\/revisions"}],"predecessor-version":[{"id":11217,"href":"https:\/\/blog.holyart.it\/fr\/wp-json\/wp\/v2\/posts\/11187\/revisions\/11217"}],"wp:featuredmedia":[{"embeddable":true,"href":"https:\/\/blog.holyart.it\/fr\/wp-json\/wp\/v2\/media\/11206"}],"wp:attachment":[{"href":"https:\/\/blog.holyart.it\/fr\/wp-json\/wp\/v2\/media?parent=11187"}],"wp:term":[{"taxonomy":"category","embeddable":true,"href":"https:\/\/blog.holyart.it\/fr\/wp-json\/wp\/v2\/categories?post=11187"},{"taxonomy":"post_tag","embeddable":true,"href":"https:\/\/blog.holyart.it\/fr\/wp-json\/wp\/v2\/tags?post=11187"}],"curies":[{"name":"wp","href":"https:\/\/api.w.org\/{rel}","templated":true}]}}