{"id":11164,"date":"2025-09-24T10:00:46","date_gmt":"2025-09-24T08:00:46","guid":{"rendered":"https:\/\/blog.holyart.it\/fr\/?p=11164"},"modified":"2025-10-02T10:25:57","modified_gmt":"2025-10-02T08:25:57","slug":"les-stigmates-de-saint-francois-un-heritage-damour-de-huit-cents-ans","status":"publish","type":"post","link":"https:\/\/blog.holyart.it\/fr\/saints-et-bienheureux\/les-stigmates-de-saint-francois-un-heritage-damour-de-huit-cents-ans\/","title":{"rendered":"Les Stigmates de Saint Fran\u00e7ois : un h\u00e9ritage d\u2019amour de huit cents ans"},"content":{"rendered":"<h4><em>Le 17 septembre, tombe le huiti\u00e8me centenaire de l\u2019apparition des Stigmates de Saint Fran\u00e7ois d\u2019Assise. Voici pourquoi nous c\u00e9l\u00e9brons cet \u00e9v\u00e9nement encore aujourd\u2019hui.<\/em><\/h4>\n\n<p>Le 17 septembre 2024, l\u2019\u00c9glise rappelle un \u00e9v\u00e9nement extraordinaire, qui a profond\u00e9ment marqu\u00e9 l\u2019histoire de la spiritualit\u00e9 chr\u00e9tienne. Cet \u00e9v\u00e9nement eut lieu en 1224 sur le <strong>Mont Sacr\u00e9 de l\u2019Alverne<\/strong>, en province d\u2019Arezzo, et son protagoniste est peut-\u00eatre un des saints les plus connus et les plus aim\u00e9s non seulement de la Chr\u00e9tient\u00e9, mais du monde entier. Nous parlons de <a href=\"https:\/\/www.holyart.fr\/articles-religieux\/statues\/statues-en-bois-peint\/statue-saint-francois-dassise-bois-peint-val-gardena\"><strong>Saint Fran\u00e7ois d\u2019Assise<\/strong><\/a>, Saint Patron d\u2019Italie, et l\u2019\u00e9v\u00e9nement mystique et miraculeux que nous comm\u00e9morons est l\u2019<strong>apparition des Stigmates sur Saint Fran\u00e7ois<\/strong>, justement.<\/p>\n<p>Ce n\u2019est pas un hasard si Saint Fran\u00e7ois d\u2019Assise continue de fasciner et \u00eatre aim\u00e9 m\u00eame 800 ans apr\u00e8s sa mort, pour une s\u00e9rie de raisons qui d\u00e9passent le temps et les barri\u00e8res culturelles, religieuses ou sociales. Saint Fran\u00e7ois a \u00e9t\u00e9 un v\u00e9ritable <strong>r\u00e9volutionnaire spirituel<\/strong>, qui a d\u00e9fi\u00e9 la hi\u00e9rarchie et les privil\u00e8ges. Cet <strong>esprit de renouvellement et de rupture avec le pass\u00e9 <\/strong>est une des raisons pour lesquelles il continue d\u2019\u00eatre autant aim\u00e9 m\u00eame aujourd\u2019hui, dans un monde qui, plus que jamais, a besoin de changement. Sa figure incarne des <strong>valeurs universelles<\/strong> et profond\u00e9ment humaines. Il est le symbole de la <strong>pauvret\u00e9 volontaire et de l\u2019humilit\u00e9<\/strong>, dans un monde souvent domin\u00e9 par l\u2019ambition et par le mat\u00e9rialisme. Son refus du superflu, son choix radical d\u2019abandonner richesses et statut social afin d\u2019embrasser une <strong>vie de pauvret\u00e9<\/strong> r\u00e9sonne comme un appel \u00e0 l\u2019essentialit\u00e9 et \u00e0 l\u2019authenticit\u00e9, aujourd\u2019hui si difficiles \u00e0 trouver.<\/p>\n<div class=\"link-product\">\n<div class=\"blocco-immagine\"><img loading=\"lazy\" decoding=\"async\" class=\"size-full wp-image-11168 alignleft\" src=\"https:\/\/blog.holyart.it\/fr\/wp-content\/uploads\/sites\/14\/2025\/09\/Saint-Francois-dAssise-en-bois-peint-\u2013-Val-Gardena.jpg\" alt=\"Saint Fran\u00e7ois d\u2019Assise en bois peint \u2013 Val Gardena\" width=\"100\" height=\"100\" data-kale-share-title=\"Les Stigmates de Saint Fran\u00e7ois : un h\u00e9ritage d\u2019amour de huit cents ans\" data-kale-share-url=\"https:\/\/blog.holyart.it\/fr\/?p=11164\" \/><\/div>\n<div class=\"blocco-contenuto\">\n<div class=\"blocco-acquista\">Acheter sur Holyart:<\/div>\n<div class=\"blocco-titolo\"><strong><a href=\"https:\/\/www.holyart.fr\/articles-religieux\/statues\/statues-en-bois-peint\/statue-saint-francois-dassise-bois-peint-val-gardena\">Statue Saint Fran\u00e7ois d&rsquo;Assise bois peint Val Gardena<\/a><\/strong><\/div>\n<div class=\"blocco-descrizione\">Statue Saint Fran\u00e7ois d&rsquo;Assise bois peint Val Gardena. Statue de Saint Fran\u00e7ois d&rsquo;Assise tenant un oiseau dans &#8230;<\/div>\n<\/div>\n<\/div>\n<p>Saint Fran\u00e7ois est \u00e9galement connu pour son <strong>extraordinaire amour pour la cr\u00e9ation<\/strong>, et \u00e0 une \u00e9poque comme la n\u00f4tre, de crise environnementale et de changements climatiques, son exemple d\u2019amour pour la Terre et toutes ses cr\u00e9atures en font un mod\u00e8le de soutenabilit\u00e9 et de respect \u00e9cologique. En plus, Fran\u00e7ois pr\u00eachait <strong>la paix et la fraternit\u00e9 entre tous les \u00eatres humains<\/strong>, au-del\u00e0 des diff\u00e9rences religieuses ou sociales. Dans un monde divis\u00e9 par les conflits, l\u2019intol\u00e9rance et la haine, sa vision d\u2019une fraternit\u00e9 universelle inspire ceux qui cherchent la paix et le dialogue entre des cultures diff\u00e9rentes, ainsi que son <strong>empathie et son d\u00e9vouement pour les oubli\u00e9s, les pauvres et les marginaux<\/strong>. Pour cela, malgr\u00e9 le fait qu\u2019il soit profond\u00e9ment enracin\u00e9 dans la foi chr\u00e9tienne, le message de Saint Fran\u00e7ois a trouv\u00e9 \u00e9cho dans de nombreuses autres cultures et religions.<\/p>\n<h2>En souvenir de Saint Fran\u00e7ois<\/h2>\n<p>Nous nous sommes d\u00e9j\u00e0 attard\u00e9s dans un article pr\u00e9c\u00e9dent sur le <strong><u><a href=\"https:\/\/www.holyart.fr\/blog\/articles-religieux\/les-celebrations-pour-le-huitieme-centenaire-de-saint-francois-dassise\/\">huiti\u00e8me centenaire de la mort<\/a> <\/u>de Saint Fran\u00e7ois d\u2019Assise<\/strong>, qui tombera en 2026. Cet \u00e9v\u00e9nement ne sera que l\u2019apog\u00e9e de <strong>quatre ann\u00e9es de f\u00eates et c\u00e9l\u00e9brations<\/strong> d\u00e9di\u00e9es au petit pauvre d\u2019Assise d\u00e9j\u00e0 en cours depuis 2023 et ces f\u00eates et c\u00e9l\u00e9brations s\u2019entrem\u00ealeront avec celles du <a href=\"https:\/\/www.holyart.fr\/blog\/articles-religieux\/le-calendrier-des-evenements-du-jubile-2025\/\"><strong><u>Jubil\u00e9 de 2025<\/u><\/strong>.<\/a><br \/>\nEn 2023, a \u00e9t\u00e9 c\u00e9l\u00e9br\u00e9 <strong>le huiti\u00e8me centenaire de la Regola Bollata<\/strong>, \u00e9crite par Saint Fran\u00e7ois pour ses Fr\u00e8res Mineurs \u00e0 Fonte Colombo et confirm\u00e9e par Pape Honorius III le 29 novembre 1223 avec la bulle conc\u00e9d\u00e9e \u00e0 Saint-Jean-de-Latran.<\/p>\n<div class=\"link-article\">\n<p><img loading=\"lazy\" decoding=\"async\" class=\"size-full wp-image-11170 alignleft\" src=\"https:\/\/blog.holyart.it\/fr\/wp-content\/uploads\/sites\/14\/2025\/09\/san-francesco.jpg\" alt=\"San Francesco\" width=\"150\" height=\"99\" data-kale-share-title=\"Les Stigmates de Saint Fran\u00e7ois : un h\u00e9ritage d\u2019amour de huit cents ans\" data-kale-share-url=\"https:\/\/blog.holyart.it\/fr\/?p=11164\" \/><\/p>\n<div class=\"leggi-anche\">Lire aussi :<\/div>\n<p><strong><a href=\"https:\/\/www.holyart.fr\/blog\/articles-religieux\/les-celebrations-pour-le-huitieme-centenaire-de-saint-francois-dassise\/\">Les c\u00e9l\u00e9brations pour le huiti\u00e8me centenaire de Saint Fran\u00e7ois d\u2019Assise<\/a><\/strong><br \/>\nEn 2026, on comm\u00e9morera le huiti\u00e8me centenaire de la mort de Saint Fran\u00e7ois d\u2019Assise, mais ce sera \u00e9galement &#8230;<\/p>\n<\/div>\n<p>Le 17 septembre 2024, on c\u00e9l\u00e8bre justement la comm\u00e9moration des <strong>800 ans des stigmates<\/strong> re\u00e7ues par Fran\u00e7ois sur le Mont d\u2019Averne. Ce signe repr\u00e9sente l\u2019extraordinaire <strong>union de Fran\u00e7ois avec Christ<\/strong> et de son total d\u00e9vouement \u00e0 l\u2019\u00c9vangile. Les stigmates sont vus non seulement comme une manifestation physique, mais comme un t\u00e9moignage de la profonde communion spirituelle que Saint Fran\u00e7ois vivait avec les souffrances de J\u00e9sus, un h\u00e9ritage durable qui continue d\u2019inspirer fid\u00e8les ou non, m\u00eame \u00e0 distance de 800 ans.<br \/>\nLes c\u00e9l\u00e9brations pour le Saint d\u2019Assise se poursuivront en 2025, en parall\u00e8le avec le Jubil\u00e9, avec le <strong>huiti\u00e8me centenaire de la r\u00e9daction du <a href=\"https:\/\/www.holyart.fr\/blog\/saints-et-bienheureux\/le-cantique-des-creatures-de-saint-francois\/\"><u>Cantique des cr\u00e9atures<\/u><\/a><\/strong><a href=\"https:\/\/www.holyart.fr\/blog\/saints-et-bienheureux\/le-cantique-des-creatures-de-saint-francois\/\">,<\/a> un des textes les plus connus et les plus aim\u00e9s du Saint, \u00e9crit quand Fran\u00e7ois \u00e9tait quasi enti\u00e8rement aveugle, et culmineront en 2026 avec le solennel <strong>huiti\u00e8me centenaire de sa mort<\/strong>.<\/p>\n<div class=\"link-article\">\n<p><img loading=\"lazy\" decoding=\"async\" class=\"size-full wp-image-11172 alignleft\" src=\"https:\/\/blog.holyart.it\/fr\/wp-content\/uploads\/sites\/14\/2025\/09\/giubileo-2025.jpg\" alt=\"Giubileo 2025\" width=\"150\" height=\"99\" data-kale-share-title=\"Les Stigmates de Saint Fran\u00e7ois : un h\u00e9ritage d\u2019amour de huit cents ans\" data-kale-share-url=\"https:\/\/blog.holyart.it\/fr\/?p=11164\" \/><\/p>\n<div class=\"leggi-anche\">Lire aussi :<\/div>\n<p><strong><a href=\"https:\/\/www.holyart.fr\/blog\/articles-religieux\/le-calendrier-des-evenements-du-jubile-2025\/\">Le calendrier des \u00e9v\u00e9nements du Jubil\u00e9 2025<\/a><\/strong><br \/>\nLe calendrier des \u00e9v\u00e9nements du Jubil\u00e9 2025 a \u00e9t\u00e9 publi\u00e9 : douze mois d\u2019\u00e9v\u00e9nements et occasions&#8230;<\/p>\n<\/div>\n<h2>L\u2019apparition des Stigmates sur Fran\u00e7ois<\/h2>\n<p>La f\u00eate des Stigmates de Saint Fran\u00e7ois offre une occasion pour m\u00e9diter sur l\u2019importance du <strong>message franciscain dans le monde contemporain<\/strong>.<br \/>\nLes Stigmates de Saint Fran\u00e7ois furent un ph\u00e9nom\u00e8ne extraordinaire, puisqu\u2019ils repr\u00e9sentaient une <strong>participation directe aux souffrances de Christ<\/strong>. Pour les fid\u00e8les, ces blessures furent vues comme une <strong>confirmation de la saintet\u00e9<\/strong> du fr\u00e8re et de sa tr\u00e8s \u00e9troite union avec Dieu. Fran\u00e7ois d\u2019Assise, symbole de pauvret\u00e9, humilit\u00e9 et amour pour le prochain, fut consid\u00e9r\u00e9 par ses contemporains comme un <strong>mod\u00e8le d\u2019imitation de Christ<\/strong>. Les stigmates symbolisent la marque tangible de <a href=\"https:\/\/www.holyart.fr\/articles-religieux\/crucifix\/crucifix-en-bois\/crucifix-st-damien-bois-bord-irregulier\"><strong>son identification avec le Crucifix<\/strong><\/a> et conf\u00e8rent ult\u00e9rieure autorit\u00e9 et cr\u00e9dibilit\u00e9 \u00e0 son message \u00e9vang\u00e9lique.<\/p>\n<p>Cette ann\u00e9e, Florence et Alverne ont \u00e9t\u00e9 les deux centres principaux des c\u00e9l\u00e9brations pour le huiti\u00e8me centenaire des stigmates de Saint Fran\u00e7ois, avec des \u00e9v\u00e9nements qui ont uni des aspects spirituels, artistiques et culturels. Ces rendez-vous ont offert l\u2019opportunit\u00e9 de red\u00e9couvrir l\u2019<strong>actualit\u00e9 du message du Saint d\u2019Assise<\/strong>. Parmi les initiatives importantes, se d\u00e9marque le <strong><em>Francesco Live<\/em><\/strong>, qui s\u2019est tenu \u00e0 Florence entre le 11 et le 14 avril 2024 et qui a r\u00e9uni des centaines de jeunes venant de toute l\u2019Italie pour r\u00e9fl\u00e9chir sur le futur \u00e0 travers la vision de Saint Fran\u00e7ois. L\u2019\u00e9v\u00e9nement a \u00e9t\u00e9 inaugur\u00e9 par l\u2019auteur-compositeur et \u00e9crivain Roberto Vecchioni.<\/p>\n<div class=\"link-product\">\n<div class=\"blocco-immagine\"><img loading=\"lazy\" decoding=\"async\" class=\"size-full wp-image-11175 alignleft\" src=\"https:\/\/blog.holyart.it\/fr\/wp-content\/uploads\/sites\/14\/2025\/09\/Crucifix-de-Saint-Damien-en-bois-\u2013-bord-irregulier.jpg\" alt=\"Crucifix de Saint Damien en bois \u2013 bord irr\u00e9gulier\" width=\"100\" height=\"100\" data-kale-share-title=\"Les Stigmates de Saint Fran\u00e7ois : un h\u00e9ritage d\u2019amour de huit cents ans\" data-kale-share-url=\"https:\/\/blog.holyart.it\/fr\/?p=11164\" \/><\/div>\n<div class=\"blocco-contenuto\">\n<div class=\"blocco-acquista\">Acheter sur Holyart:<\/div>\n<div class=\"blocco-titolo\"><strong><a href=\"https:\/\/www.holyart.fr\/articles-religieux\/crucifix\/crucifix-en-bois\/crucifix-st-damien-bois-bord-irregulier\">Crucifix St Damien bois bord irr\u00e9gulier<\/a><\/strong><\/div>\n<div class=\"blocco-descrizione\">Crucifix St Damien en bois. Crucifix en bois avec bord marron irr\u00e9gulier.Disponible en diff\u00e9rentes tailles&#8230;.<\/div>\n<\/div>\n<\/div>\n<p>Concernant l\u2019\u00e9v\u00e9nement en soi, dans le <strong>Martyrologe Romain<\/strong>, le livre liturgique qui constitue la base des calendriers des f\u00eates religieuses de l\u2019\u00c9glise catholique, \u00e0 la date du 17 septembre, nous lisons\u00a0: \u00ab\u00a0<em>Sur le mont de l\u2019Alverne, en Toscane, la comm\u00e9moration de l\u2019Impression des Saints Stigmates, qui, par merveilleuse gr\u00e2ce de Dieu, furent imprim\u00e9s sur les mains, les pieds et le flanc de Saint Fran\u00e7ois, Fondateur de l\u2019Ordre des Mineurs\u00a0<\/em>\u00bb.<em><br \/>\n<\/em>L\u2019\u00e9v\u00e9nement des stigmates de Saint Fran\u00e7ois est donc mentionn\u00e9 avec quelques mots, mais c\u2019est gr\u00e2ce aux biographes, \u00e0 commencer par un des premiers, Bonaventure de Bagnoregio, avec sa <strong><em>Legenda Maior<\/em><\/strong>, la biographie officielle du saint, que nous apprenons d\u2019ult\u00e9rieurs d\u00e9tails concernant cet \u00e9pisode. L\u2019<strong>art sacr\u00e9 <\/strong>aussi nous vient en aide. De nombreux artistes, parmi lesquels <strong>Giotto<\/strong>, l\u2019ont immortalis\u00e9 dans des fresques et des tableaux c\u00e9l\u00e8bres.<br \/>\nEn r\u00e9sum\u00e9, c\u2019\u00e9tait 1224, deux ans avant la mort de Saint Fran\u00e7ois et ce dernier, fatigu\u00e9 et n\u00e9cessitant d\u2019\u00eatre seul avec lui-m\u00eame afin de s\u2019immerger dans sa propre spiritualit\u00e9 et de retrouver sa profonde connexion avec J\u00e9sus, se retira sur le Mont de l\u2019Alverne pour quarante jours de je\u00fbne et de pri\u00e8re. Il s\u2019agissait d\u2019un lieu solitaire et sauvage, tr\u00e8s cher au Saint d\u2019Assise, avec des parois de roche abruptes qui le rendaient difficile \u00e0 atteindre. Le comte Orlando da Chiusi, d\u00e9vot au Saint, lui avait fait cadeau de ce mont, afin qu\u2019il puisse l\u2019utiliser comme lieu de pri\u00e8re et ses confr\u00e8res y avaient construit pour lui une petite cabane, de mani\u00e8re \u00e0 ce qu\u2019il ne passe pas ses nuits au grand air. Ce fut justement dans cette cabane que Fran\u00e7ois v\u00e9cut l\u2019exp\u00e9rience mystique des Stigmates, tandis qu\u2019il \u00e9tait immerg\u00e9 dans la m\u00e9ditation sur la <a href=\"https:\/\/www.holyart.fr\/blog\/articles-religieux\/les-evenements-de-la-passion-de-jesus-de-la-cene-a-sa-crucifixion\/\"><strong><u>Passion de Christ<\/u><\/strong>,<\/a> et priait intens\u00e9ment pour pouvoir ressentir, sur son corps et dans son \u00e2me, la m\u00eame douleur que J\u00e9sus \u00e9prouva. \u00c0 un moment donn\u00e9, selon les r\u00e9cits des bergers et de ceux qui vivaient \u00e0 proximit\u00e9 du Mont de l\u2019Alverne, la montagne fut \u00e9clair\u00e9e par une lueur intense. Saint Bonaventure \u00e9crit que Fran\u00e7ois vit appara\u00eetre devant lui un s\u00e9raphin avec six ailes enflamm\u00e9es, au centre desquelles il y avait un homme crucifi\u00e9. Le c\u0153ur du Saint s\u2019emplit de joie, car il comprit qu\u2019il \u00e9tait sur le point de devenir une image vivante du Christ, et ce fut J\u00e9sus en personne qui lui en donna la confirmation\u00a0: les Stigmates qu\u2019il \u00e9tait sur le point de lui donner \u00e9taient les marques avec lesquelles Il en faisait Son gonfalonier, son porte-\u00e9tendard. En outre, gr\u00e2ce au don des Stigmates, Fran\u00e7ois aurait eu le pouvoir de lib\u00e9rer, chaque ann\u00e9e, le jour de sa mort, les \u00e2mes des membres de ses Ordres et de ceux qui lui \u00e9taient d\u00e9vots, en les amenant de la souffrance du Purgatoire \u00e0 la gloire du Paradis. Un pouvoir, ce dernier, qui le rendait plus que jamais proche de J\u00e9sus.<\/p>\n<div class=\"link-article\">\n<p><img loading=\"lazy\" decoding=\"async\" class=\"size-full wp-image-11177 alignleft\" src=\"https:\/\/blog.holyart.it\/fr\/wp-content\/uploads\/sites\/14\/2025\/09\/Passion-de-Jesus.jpg\" alt=\"Passion de J\u00e9sus\" width=\"150\" height=\"99\" data-kale-share-title=\"Les Stigmates de Saint Fran\u00e7ois : un h\u00e9ritage d\u2019amour de huit cents ans\" data-kale-share-url=\"https:\/\/blog.holyart.it\/fr\/?p=11164\" \/><\/p>\n<div class=\"leggi-anche\">Lire aussi :<\/div>\n<p><strong><a href=\"https:\/\/www.holyart.fr\/blog\/articles-religieux\/les-evenements-de-la-passion-de-jesus-de-la-cene-a-sa-crucifixion\/\">Les \u00e9v\u00e9nements de la Passion de J\u00e9sus : de la C\u00e8ne \u00e0 Sa crucifixion<\/a><\/strong><br \/>\nLa Passion de J\u00e9sus est le moment le plus haut et le plus terrible de Sa parabole parmi les hommes. De la C\u00e8ne \u00e0 la mise&#8230;<\/p>\n<\/div>\n<h2>\u00c9glise des Tr\u00e8s-Saints-Stigmates-de-Saint-Fran\u00e7ois<\/h2>\n<p>\u00c0 Rome, dans le quartier de la Pigna, se trouve l\u2019\u00c9glise des Tr\u00e8s-Saints-Stigmates-de-Saint-Fran\u00e7ois, d\u00e9di\u00e9e depuis 1597 au miracle des stigmates du Saint d\u2019Assise. \u00c9rig\u00e9e sur un lieu de culte pr\u00e9existant, l\u2019\u00e9glise fut reconstruite en 1714 par volont\u00e9 de l\u2019Archiconfr\u00e9rie des Saints Stigmates de Saint Fran\u00e7ois, qui confia le projet \u00e0 Giovan Battista Contini, \u00e9l\u00e8ve de Bernini et c\u00e9l\u00e8bre architecte baroque. Outre les diff\u00e9rentes \u0153uvres d\u2019art qui ont comme sujet le Saint, dans l\u2019\u00c9glise est \u00e9galement conserv\u00e9 un <a href=\"https:\/\/www.holyart.fr\/accessoires-pour-la-liturgie\/ostensoirs-reliquaires-trones\/ostensoirs-reliquaires-en-metal\/reliquaire-laiton-argente-baroque-23-cm\"><strong>pr\u00e9cieux reliquaire en argent<\/strong><\/a> qui en conserve le sang.<\/p>\n<h2>Les Stigmates de Saint Fran\u00e7ois de Giotto<\/h2>\n<p><img loading=\"lazy\" decoding=\"async\" class=\"alignnone size-full wp-image-11181\" src=\"https:\/\/blog.holyart.it\/fr\/wp-content\/uploads\/sites\/14\/2025\/09\/Les-stigmates-de-Saint-Francois-par-Giotto.jpg\" alt=\"Les stigmates de Saint Fran\u00e7ois par Giotto\" width=\"1000\" height=\"883\" data-kale-share-title=\"Les Stigmates de Saint Fran\u00e7ois : un h\u00e9ritage d\u2019amour de huit cents ans\" data-kale-share-url=\"https:\/\/blog.holyart.it\/fr\/?p=11164\" \/>Les Stigmates de Saint Fran\u00e7ois est une \u0153uvre de Giotto et une des repr\u00e9sentations les plus c\u00e9l\u00e8bres du miracle v\u00e9cu par le Saint sur le Mont de l\u2019Alverne. Il s\u2019agit d\u2019une peinture \u00e0 la d\u00e9trempe et or sur bois, r\u00e9alis\u00e9 originairement pour l\u2019\u00e9glise de Saint Fran\u00e7ois \u00e0 Pise, mais conserv\u00e9 aujourd\u2019hui au Louvre. Dans son tableau, Giotto repr\u00e9sente le moment o\u00f9 le Saint, en pri\u00e8re sur le Mont de l\u2019Alverne, re\u00e7oit les stigmates. Dans la partie sup\u00e9rieure, apparait une figure ail\u00e9e, un Christ crucifi\u00e9 encadr\u00e9 par les six ailes d\u2019un S\u00e9raphin, qui \u00e9met des rayons lumineux, lesquels touchent les mains, les pieds et le flanc de Fran\u00e7ois, en y imprimant les marques de la Passion. La sc\u00e8ne est immerg\u00e9e dans une atmosph\u00e8re de sacralit\u00e9, illustr\u00e9e \u00e9galement sur le point visuel par le fond or de l\u2019\u0153uvre, et transmet un fort sens de spiritualit\u00e9, en exprimant pleinement la puissance mystique personnifi\u00e9e par Fran\u00e7ois, un homme qui devient image vivante de Christ. Sur la pr\u00e9delle inf\u00e9rieure sont report\u00e9es trois sc\u00e8nes de la vie de Saint Fran\u00e7ois, qui se relient au cycle de fresques toujours r\u00e9alis\u00e9s par Giotto dans la Basilique sup\u00e9rieure d\u2019Assise\u00a0: Innocence III r\u00eave Saint Fran\u00e7ois qui tient la Basilique du Latran\u00a0; Innocence III confirme la R\u00e8gle franciscaine\u00a0; Saint Fran\u00e7ois pr\u00eache aux oiseaux.<\/p>\n","protected":false},"excerpt":{"rendered":"<p>Le 17 septembre, tombe le huiti\u00e8me centenaire de l\u2019apparition des Stigmates de Saint Fran\u00e7ois d\u2019Assise. Voici pourquoi nous c\u00e9l\u00e9brons cet \u00e9v\u00e9nement encore aujourd\u2019hui. Le 17 septembre 2024, l\u2019\u00c9glise rappelle un \u00e9v\u00e9nement extraordinaire, qui a profond\u00e9ment marqu\u00e9 l\u2019histoire de la spiritualit\u00e9 chr\u00e9tienne. Cet \u00e9v\u00e9nement eut lieu&hellip;<\/p>\n","protected":false},"author":1,"featured_media":11167,"comment_status":"closed","ping_status":"open","sticky":false,"template":"","format":"standard","meta":{"_acf_changed":false,"footnotes":""},"categories":[7],"tags":[],"class_list":["post-11164","post","type-post","status-publish","format-standard","has-post-thumbnail","hentry","category-saints-et-bienheureux"],"acf":[],"yoast_head":"<!-- This site is optimized with the Yoast SEO plugin v26.6 - https:\/\/yoast.com\/wordpress\/plugins\/seo\/ -->\n<title>Les Stigmates de Saint Fran\u00e7ois : un h\u00e9ritage d\u2019amour de huit cents ans - Holyart.fr Blog<\/title>\n<meta name=\"description\" content=\"Les Stigmates de Saint Fran\u00e7ois sont, depuis toujours, le symbole de la connexion entre le Saint et Christ. Le 17 septembre, on f\u00eate le ...\" \/>\n<meta name=\"robots\" content=\"index, follow, max-snippet:-1, max-image-preview:large, max-video-preview:-1\" \/>\n<link rel=\"canonical\" href=\"https:\/\/blog.holyart.it\/fr\/saints-et-bienheureux\/les-stigmates-de-saint-francois-un-heritage-damour-de-huit-cents-ans\/\" \/>\n<meta property=\"og:locale\" content=\"fr_FR\" \/>\n<meta property=\"og:type\" content=\"article\" \/>\n<meta property=\"og:title\" content=\"Les Stigmates de Saint Fran\u00e7ois : un h\u00e9ritage d\u2019amour de huit cents ans - Holyart.fr Blog\" \/>\n<meta property=\"og:description\" content=\"Les Stigmates de Saint Fran\u00e7ois sont, depuis toujours, le symbole de la connexion entre le Saint et Christ. Le 17 septembre, on f\u00eate le ...\" \/>\n<meta property=\"og:url\" content=\"https:\/\/blog.holyart.it\/fr\/saints-et-bienheureux\/les-stigmates-de-saint-francois-un-heritage-damour-de-huit-cents-ans\/\" \/>\n<meta property=\"og:site_name\" content=\"Holyart.fr Blog\" \/>\n<meta property=\"article:published_time\" content=\"2025-09-24T08:00:46+00:00\" \/>\n<meta property=\"article:modified_time\" content=\"2025-10-02T08:25:57+00:00\" \/>\n<meta property=\"og:image\" content=\"https:\/\/blog.holyart.it\/fr\/wp-content\/uploads\/sites\/14\/2025\/09\/stigmates-de-Saint-Francois.jpg\" \/>\n\t<meta property=\"og:image:width\" content=\"1000\" \/>\n\t<meta property=\"og:image:height\" content=\"666\" \/>\n\t<meta property=\"og:image:type\" content=\"image\/jpeg\" \/>\n<meta name=\"author\" content=\"Redazione\" \/>\n<meta name=\"twitter:card\" content=\"summary_large_image\" \/>\n<meta name=\"twitter:label1\" content=\"\u00c9crit par\" \/>\n\t<meta name=\"twitter:data1\" content=\"Redazione\" \/>\n\t<meta name=\"twitter:label2\" content=\"Dur\u00e9e de lecture estim\u00e9e\" \/>\n\t<meta name=\"twitter:data2\" content=\"11 minutes\" \/>\n<script type=\"application\/ld+json\" class=\"yoast-schema-graph\">{\"@context\":\"https:\/\/schema.org\",\"@graph\":[{\"@type\":\"Article\",\"@id\":\"https:\/\/blog.holyart.it\/fr\/saints-et-bienheureux\/les-stigmates-de-saint-francois-un-heritage-damour-de-huit-cents-ans\/#article\",\"isPartOf\":{\"@id\":\"https:\/\/blog.holyart.it\/fr\/saints-et-bienheureux\/les-stigmates-de-saint-francois-un-heritage-damour-de-huit-cents-ans\/\"},\"author\":{\"name\":\"Redazione\",\"@id\":\"https:\/\/blog.holyart.it\/fr\/#\/schema\/person\/0a7b686e5af0f856ec1e390dd0baecda\"},\"headline\":\"Les Stigmates de Saint Fran\u00e7ois : un h\u00e9ritage d\u2019amour de huit cents ans\",\"datePublished\":\"2025-09-24T08:00:46+00:00\",\"dateModified\":\"2025-10-02T08:25:57+00:00\",\"mainEntityOfPage\":{\"@id\":\"https:\/\/blog.holyart.it\/fr\/saints-et-bienheureux\/les-stigmates-de-saint-francois-un-heritage-damour-de-huit-cents-ans\/\"},\"wordCount\":2077,\"publisher\":{\"@id\":\"https:\/\/blog.holyart.it\/fr\/#organization\"},\"image\":{\"@id\":\"https:\/\/blog.holyart.it\/fr\/saints-et-bienheureux\/les-stigmates-de-saint-francois-un-heritage-damour-de-huit-cents-ans\/#primaryimage\"},\"thumbnailUrl\":\"https:\/\/blog.holyart.it\/fr\/wp-content\/uploads\/sites\/14\/2025\/09\/stigmates-de-Saint-Francois.jpg\",\"articleSection\":[\"Saints et Bienheureux\"],\"inLanguage\":\"fr-FR\"},{\"@type\":\"WebPage\",\"@id\":\"https:\/\/blog.holyart.it\/fr\/saints-et-bienheureux\/les-stigmates-de-saint-francois-un-heritage-damour-de-huit-cents-ans\/\",\"url\":\"https:\/\/blog.holyart.it\/fr\/saints-et-bienheureux\/les-stigmates-de-saint-francois-un-heritage-damour-de-huit-cents-ans\/\",\"name\":\"Les Stigmates de Saint Fran\u00e7ois : un h\u00e9ritage d\u2019amour de huit cents ans - Holyart.fr Blog\",\"isPartOf\":{\"@id\":\"https:\/\/blog.holyart.it\/fr\/#website\"},\"primaryImageOfPage\":{\"@id\":\"https:\/\/blog.holyart.it\/fr\/saints-et-bienheureux\/les-stigmates-de-saint-francois-un-heritage-damour-de-huit-cents-ans\/#primaryimage\"},\"image\":{\"@id\":\"https:\/\/blog.holyart.it\/fr\/saints-et-bienheureux\/les-stigmates-de-saint-francois-un-heritage-damour-de-huit-cents-ans\/#primaryimage\"},\"thumbnailUrl\":\"https:\/\/blog.holyart.it\/fr\/wp-content\/uploads\/sites\/14\/2025\/09\/stigmates-de-Saint-Francois.jpg\",\"datePublished\":\"2025-09-24T08:00:46+00:00\",\"dateModified\":\"2025-10-02T08:25:57+00:00\",\"description\":\"Les Stigmates de Saint Fran\u00e7ois sont, depuis toujours, le symbole de la connexion entre le Saint et Christ. Le 17 septembre, on f\u00eate le ...\",\"breadcrumb\":{\"@id\":\"https:\/\/blog.holyart.it\/fr\/saints-et-bienheureux\/les-stigmates-de-saint-francois-un-heritage-damour-de-huit-cents-ans\/#breadcrumb\"},\"inLanguage\":\"fr-FR\",\"potentialAction\":[{\"@type\":\"ReadAction\",\"target\":[\"https:\/\/blog.holyart.it\/fr\/saints-et-bienheureux\/les-stigmates-de-saint-francois-un-heritage-damour-de-huit-cents-ans\/\"]}]},{\"@type\":\"ImageObject\",\"inLanguage\":\"fr-FR\",\"@id\":\"https:\/\/blog.holyart.it\/fr\/saints-et-bienheureux\/les-stigmates-de-saint-francois-un-heritage-damour-de-huit-cents-ans\/#primaryimage\",\"url\":\"https:\/\/blog.holyart.it\/fr\/wp-content\/uploads\/sites\/14\/2025\/09\/stigmates-de-Saint-Francois.jpg\",\"contentUrl\":\"https:\/\/blog.holyart.it\/fr\/wp-content\/uploads\/sites\/14\/2025\/09\/stigmates-de-Saint-Francois.jpg\",\"width\":1000,\"height\":666,\"caption\":\"stigmates de Saint Fran\u00e7ois\"},{\"@type\":\"BreadcrumbList\",\"@id\":\"https:\/\/blog.holyart.it\/fr\/saints-et-bienheureux\/les-stigmates-de-saint-francois-un-heritage-damour-de-huit-cents-ans\/#breadcrumb\",\"itemListElement\":[{\"@type\":\"ListItem\",\"position\":1,\"name\":\"Homepage\",\"item\":\"https:\/\/blog.holyart.it\/fr\/\"},{\"@type\":\"ListItem\",\"position\":2,\"name\":\"Saints et Bienheureux\",\"item\":\"https:\/\/blog.holyart.it\/fr\/saints-et-bienheureux\/\"},{\"@type\":\"ListItem\",\"position\":3,\"name\":\"Les Stigmates de Saint Fran\u00e7ois : un h\u00e9ritage d\u2019amour de huit cents ans\"}]},{\"@type\":\"WebSite\",\"@id\":\"https:\/\/blog.holyart.it\/fr\/#website\",\"url\":\"https:\/\/blog.holyart.it\/fr\/\",\"name\":\"Holyart.fr Blog\",\"description\":\"Holyblog\",\"publisher\":{\"@id\":\"https:\/\/blog.holyart.it\/fr\/#organization\"},\"potentialAction\":[{\"@type\":\"SearchAction\",\"target\":{\"@type\":\"EntryPoint\",\"urlTemplate\":\"https:\/\/blog.holyart.it\/fr\/?s={search_term_string}\"},\"query-input\":{\"@type\":\"PropertyValueSpecification\",\"valueRequired\":true,\"valueName\":\"search_term_string\"}}],\"inLanguage\":\"fr-FR\"},{\"@type\":\"Organization\",\"@id\":\"https:\/\/blog.holyart.it\/fr\/#organization\",\"name\":\"Holyart.fr Blog\",\"url\":\"https:\/\/blog.holyart.it\/fr\/\",\"logo\":{\"@type\":\"ImageObject\",\"inLanguage\":\"fr-FR\",\"@id\":\"https:\/\/blog.holyart.it\/fr\/#\/schema\/logo\/image\/\",\"url\":\"https:\/\/blog.holyart.it\/fr\/wp-content\/uploads\/sites\/14\/2022\/12\/Holyart_Blog_Logo.jpg\",\"contentUrl\":\"https:\/\/blog.holyart.it\/fr\/wp-content\/uploads\/sites\/14\/2022\/12\/Holyart_Blog_Logo.jpg\",\"width\":300,\"height\":50,\"caption\":\"Holyart.fr Blog\"},\"image\":{\"@id\":\"https:\/\/blog.holyart.it\/fr\/#\/schema\/logo\/image\/\"}},{\"@type\":\"Person\",\"@id\":\"https:\/\/blog.holyart.it\/fr\/#\/schema\/person\/0a7b686e5af0f856ec1e390dd0baecda\",\"name\":\"Redazione\",\"image\":{\"@type\":\"ImageObject\",\"inLanguage\":\"fr-FR\",\"@id\":\"https:\/\/blog.holyart.it\/fr\/#\/schema\/person\/image\/\",\"url\":\"https:\/\/secure.gravatar.com\/avatar\/f477da817f43e50d0af36abecd33e3edf826c68299714bdc1057dff3b113f516?s=96&d=mm&r=g\",\"contentUrl\":\"https:\/\/secure.gravatar.com\/avatar\/f477da817f43e50d0af36abecd33e3edf826c68299714bdc1057dff3b113f516?s=96&d=mm&r=g\",\"caption\":\"Redazione\"},\"url\":\"https:\/\/blog.holyart.it\/fr\/author\/admin\/\"}]}<\/script>\n<!-- \/ Yoast SEO plugin. -->","yoast_head_json":{"title":"Les Stigmates de Saint Fran\u00e7ois : un h\u00e9ritage d\u2019amour de huit cents ans - Holyart.fr Blog","description":"Les Stigmates de Saint Fran\u00e7ois sont, depuis toujours, le symbole de la connexion entre le Saint et Christ. Le 17 septembre, on f\u00eate le ...","robots":{"index":"index","follow":"follow","max-snippet":"max-snippet:-1","max-image-preview":"max-image-preview:large","max-video-preview":"max-video-preview:-1"},"canonical":"https:\/\/blog.holyart.it\/fr\/saints-et-bienheureux\/les-stigmates-de-saint-francois-un-heritage-damour-de-huit-cents-ans\/","og_locale":"fr_FR","og_type":"article","og_title":"Les Stigmates de Saint Fran\u00e7ois : un h\u00e9ritage d\u2019amour de huit cents ans - Holyart.fr Blog","og_description":"Les Stigmates de Saint Fran\u00e7ois sont, depuis toujours, le symbole de la connexion entre le Saint et Christ. Le 17 septembre, on f\u00eate le ...","og_url":"https:\/\/blog.holyart.it\/fr\/saints-et-bienheureux\/les-stigmates-de-saint-francois-un-heritage-damour-de-huit-cents-ans\/","og_site_name":"Holyart.fr Blog","article_published_time":"2025-09-24T08:00:46+00:00","article_modified_time":"2025-10-02T08:25:57+00:00","og_image":[{"width":1000,"height":666,"url":"https:\/\/blog.holyart.it\/fr\/wp-content\/uploads\/sites\/14\/2025\/09\/stigmates-de-Saint-Francois.jpg","type":"image\/jpeg"}],"author":"Redazione","twitter_card":"summary_large_image","twitter_misc":{"\u00c9crit par":"Redazione","Dur\u00e9e de lecture estim\u00e9e":"11 minutes"},"schema":{"@context":"https:\/\/schema.org","@graph":[{"@type":"Article","@id":"https:\/\/blog.holyart.it\/fr\/saints-et-bienheureux\/les-stigmates-de-saint-francois-un-heritage-damour-de-huit-cents-ans\/#article","isPartOf":{"@id":"https:\/\/blog.holyart.it\/fr\/saints-et-bienheureux\/les-stigmates-de-saint-francois-un-heritage-damour-de-huit-cents-ans\/"},"author":{"name":"Redazione","@id":"https:\/\/blog.holyart.it\/fr\/#\/schema\/person\/0a7b686e5af0f856ec1e390dd0baecda"},"headline":"Les Stigmates de Saint Fran\u00e7ois : un h\u00e9ritage d\u2019amour de huit cents ans","datePublished":"2025-09-24T08:00:46+00:00","dateModified":"2025-10-02T08:25:57+00:00","mainEntityOfPage":{"@id":"https:\/\/blog.holyart.it\/fr\/saints-et-bienheureux\/les-stigmates-de-saint-francois-un-heritage-damour-de-huit-cents-ans\/"},"wordCount":2077,"publisher":{"@id":"https:\/\/blog.holyart.it\/fr\/#organization"},"image":{"@id":"https:\/\/blog.holyart.it\/fr\/saints-et-bienheureux\/les-stigmates-de-saint-francois-un-heritage-damour-de-huit-cents-ans\/#primaryimage"},"thumbnailUrl":"https:\/\/blog.holyart.it\/fr\/wp-content\/uploads\/sites\/14\/2025\/09\/stigmates-de-Saint-Francois.jpg","articleSection":["Saints et Bienheureux"],"inLanguage":"fr-FR"},{"@type":"WebPage","@id":"https:\/\/blog.holyart.it\/fr\/saints-et-bienheureux\/les-stigmates-de-saint-francois-un-heritage-damour-de-huit-cents-ans\/","url":"https:\/\/blog.holyart.it\/fr\/saints-et-bienheureux\/les-stigmates-de-saint-francois-un-heritage-damour-de-huit-cents-ans\/","name":"Les Stigmates de Saint Fran\u00e7ois : un h\u00e9ritage d\u2019amour de huit cents ans - Holyart.fr Blog","isPartOf":{"@id":"https:\/\/blog.holyart.it\/fr\/#website"},"primaryImageOfPage":{"@id":"https:\/\/blog.holyart.it\/fr\/saints-et-bienheureux\/les-stigmates-de-saint-francois-un-heritage-damour-de-huit-cents-ans\/#primaryimage"},"image":{"@id":"https:\/\/blog.holyart.it\/fr\/saints-et-bienheureux\/les-stigmates-de-saint-francois-un-heritage-damour-de-huit-cents-ans\/#primaryimage"},"thumbnailUrl":"https:\/\/blog.holyart.it\/fr\/wp-content\/uploads\/sites\/14\/2025\/09\/stigmates-de-Saint-Francois.jpg","datePublished":"2025-09-24T08:00:46+00:00","dateModified":"2025-10-02T08:25:57+00:00","description":"Les Stigmates de Saint Fran\u00e7ois sont, depuis toujours, le symbole de la connexion entre le Saint et Christ. Le 17 septembre, on f\u00eate le ...","breadcrumb":{"@id":"https:\/\/blog.holyart.it\/fr\/saints-et-bienheureux\/les-stigmates-de-saint-francois-un-heritage-damour-de-huit-cents-ans\/#breadcrumb"},"inLanguage":"fr-FR","potentialAction":[{"@type":"ReadAction","target":["https:\/\/blog.holyart.it\/fr\/saints-et-bienheureux\/les-stigmates-de-saint-francois-un-heritage-damour-de-huit-cents-ans\/"]}]},{"@type":"ImageObject","inLanguage":"fr-FR","@id":"https:\/\/blog.holyart.it\/fr\/saints-et-bienheureux\/les-stigmates-de-saint-francois-un-heritage-damour-de-huit-cents-ans\/#primaryimage","url":"https:\/\/blog.holyart.it\/fr\/wp-content\/uploads\/sites\/14\/2025\/09\/stigmates-de-Saint-Francois.jpg","contentUrl":"https:\/\/blog.holyart.it\/fr\/wp-content\/uploads\/sites\/14\/2025\/09\/stigmates-de-Saint-Francois.jpg","width":1000,"height":666,"caption":"stigmates de Saint Fran\u00e7ois"},{"@type":"BreadcrumbList","@id":"https:\/\/blog.holyart.it\/fr\/saints-et-bienheureux\/les-stigmates-de-saint-francois-un-heritage-damour-de-huit-cents-ans\/#breadcrumb","itemListElement":[{"@type":"ListItem","position":1,"name":"Homepage","item":"https:\/\/blog.holyart.it\/fr\/"},{"@type":"ListItem","position":2,"name":"Saints et Bienheureux","item":"https:\/\/blog.holyart.it\/fr\/saints-et-bienheureux\/"},{"@type":"ListItem","position":3,"name":"Les Stigmates de Saint Fran\u00e7ois : un h\u00e9ritage d\u2019amour de huit cents ans"}]},{"@type":"WebSite","@id":"https:\/\/blog.holyart.it\/fr\/#website","url":"https:\/\/blog.holyart.it\/fr\/","name":"Holyart.fr Blog","description":"Holyblog","publisher":{"@id":"https:\/\/blog.holyart.it\/fr\/#organization"},"potentialAction":[{"@type":"SearchAction","target":{"@type":"EntryPoint","urlTemplate":"https:\/\/blog.holyart.it\/fr\/?s={search_term_string}"},"query-input":{"@type":"PropertyValueSpecification","valueRequired":true,"valueName":"search_term_string"}}],"inLanguage":"fr-FR"},{"@type":"Organization","@id":"https:\/\/blog.holyart.it\/fr\/#organization","name":"Holyart.fr Blog","url":"https:\/\/blog.holyart.it\/fr\/","logo":{"@type":"ImageObject","inLanguage":"fr-FR","@id":"https:\/\/blog.holyart.it\/fr\/#\/schema\/logo\/image\/","url":"https:\/\/blog.holyart.it\/fr\/wp-content\/uploads\/sites\/14\/2022\/12\/Holyart_Blog_Logo.jpg","contentUrl":"https:\/\/blog.holyart.it\/fr\/wp-content\/uploads\/sites\/14\/2022\/12\/Holyart_Blog_Logo.jpg","width":300,"height":50,"caption":"Holyart.fr Blog"},"image":{"@id":"https:\/\/blog.holyart.it\/fr\/#\/schema\/logo\/image\/"}},{"@type":"Person","@id":"https:\/\/blog.holyart.it\/fr\/#\/schema\/person\/0a7b686e5af0f856ec1e390dd0baecda","name":"Redazione","image":{"@type":"ImageObject","inLanguage":"fr-FR","@id":"https:\/\/blog.holyart.it\/fr\/#\/schema\/person\/image\/","url":"https:\/\/secure.gravatar.com\/avatar\/f477da817f43e50d0af36abecd33e3edf826c68299714bdc1057dff3b113f516?s=96&d=mm&r=g","contentUrl":"https:\/\/secure.gravatar.com\/avatar\/f477da817f43e50d0af36abecd33e3edf826c68299714bdc1057dff3b113f516?s=96&d=mm&r=g","caption":"Redazione"},"url":"https:\/\/blog.holyart.it\/fr\/author\/admin\/"}]}},"_links":{"self":[{"href":"https:\/\/blog.holyart.it\/fr\/wp-json\/wp\/v2\/posts\/11164","targetHints":{"allow":["GET"]}}],"collection":[{"href":"https:\/\/blog.holyart.it\/fr\/wp-json\/wp\/v2\/posts"}],"about":[{"href":"https:\/\/blog.holyart.it\/fr\/wp-json\/wp\/v2\/types\/post"}],"author":[{"embeddable":true,"href":"https:\/\/blog.holyart.it\/fr\/wp-json\/wp\/v2\/users\/1"}],"replies":[{"embeddable":true,"href":"https:\/\/blog.holyart.it\/fr\/wp-json\/wp\/v2\/comments?post=11164"}],"version-history":[{"count":15,"href":"https:\/\/blog.holyart.it\/fr\/wp-json\/wp\/v2\/posts\/11164\/revisions"}],"predecessor-version":[{"id":11186,"href":"https:\/\/blog.holyart.it\/fr\/wp-json\/wp\/v2\/posts\/11164\/revisions\/11186"}],"wp:featuredmedia":[{"embeddable":true,"href":"https:\/\/blog.holyart.it\/fr\/wp-json\/wp\/v2\/media\/11167"}],"wp:attachment":[{"href":"https:\/\/blog.holyart.it\/fr\/wp-json\/wp\/v2\/media?parent=11164"}],"wp:term":[{"taxonomy":"category","embeddable":true,"href":"https:\/\/blog.holyart.it\/fr\/wp-json\/wp\/v2\/categories?post=11164"},{"taxonomy":"post_tag","embeddable":true,"href":"https:\/\/blog.holyart.it\/fr\/wp-json\/wp\/v2\/tags?post=11164"}],"curies":[{"name":"wp","href":"https:\/\/api.w.org\/{rel}","templated":true}]}}