{"id":11141,"date":"2025-09-22T10:00:04","date_gmt":"2025-09-22T08:00:04","guid":{"rendered":"https:\/\/blog.holyart.it\/fr\/?p=11141"},"modified":"2025-09-19T09:49:06","modified_gmt":"2025-09-19T07:49:06","slug":"le-chapelet-franciscain-une-priere-pleine-de-joie","status":"publish","type":"post","link":"https:\/\/blog.holyart.it\/fr\/articles-religieux\/le-chapelet-franciscain-une-priere-pleine-de-joie\/","title":{"rendered":"Le Chapelet franciscain: une pri\u00e8re pleine de joie"},"content":{"rendered":"<h4><em>Comme dans chaque aspect de son existence, Saint Fran\u00e7ois pr\u00eachait la joie et le bonheur m\u00eame dans la pri\u00e8re. Voici le Chapelet franciscain, la m\u00e9ditation sur les Sept All\u00e9gresses de la Vierge Marie<\/em><\/h4>\n\n<p>Le <strong>Chapelet franciscain<\/strong> est une forme de pri\u00e8re catholique impr\u00e9gn\u00e9e par la profonde spiritualit\u00e9 franciscaine, qui exprime pleinement une connexion plus intime avec la vie de J\u00e9sus-Christ, le souhait d\u2019en suivre les traces. En cela, il incarne parfaitement l\u2019esprit de Saint Fran\u00e7ois, qui choisit pour mission dans la vie de suivre le mod\u00e8le de Christ, ainsi que le point de d\u00e9part pour sa r\u00e9volution de l\u2019\u00e9glise et le c\u0153ur de l\u2019ordre franciscain qu\u2019il a cr\u00e9\u00e9. Ce chapelet commen\u00e7a \u00e0 \u00eatre utilis\u00e9 par les franciscains au XVe si\u00e8cle. Compos\u00e9 de 70 grains, il referme sept Myst\u00e8res, chacun li\u00e9 \u00e0 un moment important et joyeux dans l\u2019histoire de J\u00e9sus et de la Vierge Marie. D\u2019ici, les d\u00e9finitions de <strong>Chapelet des sept b\u00e9atitudes de la Vierge Marie<\/strong> et <strong>Couronne franciscaine des sept all\u00e9gresses<\/strong>.<\/p>\n<p>Le Chapelet Franciscain est souvent r\u00e9alis\u00e9 avec des <strong>mat\u00e9riaux simples<\/strong>, comme le bois brut et la corde. Ce choix de mat\u00e9riaux est en ligne avec <strong>l\u2019humilit\u00e9 et la simplicit\u00e9 franciscaines<\/strong>, symbolis\u00e9es \u00e9galement par la <a href=\"https:\/\/www.holyart.fr\/articles-religieux\/crucifix\/croix-tau\/tau-en-bois-dolivier-metal-argente\"><strong>croix franciscaine<\/strong><\/a>, le <strong>TAU<\/strong>, caract\u00e9ris\u00e9 par des bras d\u2019\u00e9gale longueur qui referment chaque cr\u00e9ature avec un amour universel.<\/p>\n<div class=\"link-product\">\n<div class=\"blocco-immagine\"><img loading=\"lazy\" decoding=\"async\" class=\"size-full wp-image-11144 alignleft\" src=\"https:\/\/blog.holyart.it\/fr\/wp-content\/uploads\/sites\/14\/2025\/09\/tau-en-bois-dolivier-metal-argente.jpg\" alt=\"Tau en bois d'olivier, m\u00e9tal argent\u00e9\" width=\"100\" height=\"100\" data-kale-share-title=\"Le Chapelet franciscain: une pri\u00e8re pleine de joie\" data-kale-share-url=\"https:\/\/blog.holyart.it\/fr\/?p=11141\" \/><\/div>\n<div class=\"blocco-contenuto\">\n<div class=\"blocco-acquista\">Acheter sur Holyart:<\/div>\n<div class=\"blocco-titolo\"><a href=\"https:\/\/www.holyart.fr\/articles-religieux\/crucifix\/croix-tau\/tau-en-bois-dolivier-metal-argente\">Tau en bois d&rsquo;olivier, m\u00e9tal argent\u00e9<\/a><\/div>\n<div class=\"blocco-descrizione\">Tau en bois d&rsquo;olivier. Le corps du Christ est en m\u00e9tal argent\u00e9 bross\u00e9, fix\u00e9 sur la croix tau. Id\u00e9al pour \u00eatre accroch\u00e9 au mur. Disponible en 12 cm et 17 cm&#8230;<\/div>\n<\/div>\n<\/div>\n<h2>Comment est n\u00e9 le culte du Chapelet franciscain<\/h2>\n<p>L\u2019origine du Chapelet de Saint Fran\u00e7ois est, comme souvent, un \u00e9v\u00e9nement \u00e0 mi-chemin entre la l\u00e9gende et la d\u00e9votion. La Vierge Marie serait apparue \u00e0 un jeune novice franciscain, Jacques. Le jeune, d\u00e9vot \u00e0 la Sainte Vierge d\u00e8s son enfance, regrettait que les engagements li\u00e9s \u00e0 sa nouvelle vie dans l\u2019ordre l\u2019emp\u00eachent de lui rendre hommage tous les jours avec une couronne de roses, comme c\u2019\u00e9tait son usage. La Vierge lui apparut en le consolant et en lui recommandant de lui offrir chaque jour une nouvelle couronne, mais de nature diff\u00e9rente. Elle parlait du Chapelet franciscain, justement, sept dizainiers d\u00e9di\u00e9s aux grandes joies dans la vie de Marie. Le jeune accueillit cette requ\u00eate, la communiqua \u00e0 ses compagnons et, bient\u00f4t, <a href=\"https:\/\/www.holyart.fr\/articles-religieux\/chapelets-et-etuis-a-chapelet\/chapelets-en-bois\/chapelet-franciscain-bois-clair-9mm\"><strong>la pratique du Chapelet de Saint Fran\u00e7ois<\/strong><\/a> se r\u00e9pandit au sein de l\u2019ordre.<\/p>\n<div class=\"link-product\">\n<div class=\"blocco-immagine\"><img loading=\"lazy\" decoding=\"async\" class=\"size-full wp-image-11148 alignleft\" src=\"https:\/\/blog.holyart.it\/fr\/wp-content\/uploads\/sites\/14\/2025\/09\/chapelet-franciscain-bois-clair-9mm.jpg\" alt=\"Chapelet franciscain bois clair 9mm\" width=\"100\" height=\"100\" data-kale-share-title=\"Le Chapelet franciscain: une pri\u00e8re pleine de joie\" data-kale-share-url=\"https:\/\/blog.holyart.it\/fr\/?p=11141\" \/><\/div>\n<div class=\"blocco-contenuto\">\n<div class=\"blocco-acquista\">Acheter sur Holyart:<\/div>\n<div class=\"blocco-titolo\"><a href=\"https:\/\/www.holyart.fr\/articles-religieux\/chapelets-et-etuis-a-chapelet\/chapelets-en-bois\/chapelet-franciscain-bois-clair-9mm\">Chapelet franciscain bois clair 9mm<\/a><\/div>\n<div class=\"blocco-descrizione\">Chapelet franciscain bois clair de charme avec grains de 9mm. R\u00e9alis\u00e9 \u00e0 la main et les grains sont s\u00e9par\u00e9es par des petits noeuds&#8230;<\/div>\n<\/div>\n<\/div>\n<h2>Le Chapelet des sept b\u00e9atitudes de la Vierge Marie<\/h2>\n<p>Un des aspects les plus fascinants de ce chapelet est justement le fait que ses sept dizainiers invitent \u00e0 une m\u00e9ditation sur sept \u00e9v\u00e9nements joyeux de la vie de Marie et non, comme il arrivait plus g\u00e9n\u00e9ralement avant dans ces formes d\u00e9votionnelles, \u00e0 ses <a href=\"https:\/\/www.holyart.fr\/blog\/articles-religieux\/le-culte-de-notre-dame-des-douleurs\/\"><strong><u>Sept Douleurs<\/u><\/strong><\/a>. Du reste, <strong>la joie et l\u2019all\u00e9gresse<\/strong> \u00e9taient des caract\u00e9ristiques que Saint Fran\u00e7ois recommandait \u00e0 ses compagnons, m\u00eame face aux plus terribles adversit\u00e9s et tribulations. Le Saint d\u2019Assise soutenait au contraire que la joie, la \u00ab\u00a0<strong>parfaite all\u00e9gresse<\/strong>\u00a0\u00bb, \u00e9tait une des armes les plus puissantes contre le Diable, lequel s\u2019introduisait avec plus de facilit\u00e9 dans les c\u0153urs opprim\u00e9s par la tristesse et fuyait ceux qui manifestaient joie et bonheur. Mais il ne s\u2019agit pas d\u2019ignorer la douleur et la souffrance, au contraire. La parfaite all\u00e9gresse nait justement de la joie int\u00e9rieure et de la paix profonde que peut atteindre uniquement <strong>qui a \u00e9prouv\u00e9 et profond\u00e9ment compris la souffrance et la difficult\u00e9 humaine<\/strong>, en apprenant \u00e0 les relire \u00e0 la lumi\u00e8re de l\u2019amour divin. La \u00ab\u00a0parfaite all\u00e9gresse\u00a0\u00bb est justement dans la capacit\u00e9 de supporter les difficult\u00e9s et les injustices avec patience et joie. Les fr\u00e8res franciscains ont toujours \u00e9t\u00e9 des grands partisans de cette \u00ab\u00a0parfaite all\u00e9gresse\u00a0\u00bb, et pour eux leur Chapelet, au lieu de revivre les Douleurs de Marie, encourage les fid\u00e8les \u00e0 m\u00e9diter sur sept myst\u00e8res joyeux.<\/p>\n<div class=\"link-article\">\n<p><img loading=\"lazy\" decoding=\"async\" class=\"size-full wp-image-11150 alignleft\" src=\"https:\/\/blog.holyart.it\/fr\/wp-content\/uploads\/sites\/14\/2025\/09\/les-sept-douleurs-de-marie.jpg\" alt=\"les sept douleurs de marie\" width=\"150\" height=\"99\" data-kale-share-title=\"Le Chapelet franciscain: une pri\u00e8re pleine de joie\" data-kale-share-url=\"https:\/\/blog.holyart.it\/fr\/?p=11141\" \/><\/p>\n<div class=\"leggi-anche\">Lire aussi :<\/div>\n<p><strong><a href=\"https:\/\/www.holyart.fr\/blog\/articles-religieux\/le-culte-de-notre-dame-des-douleurs\/\">Le culte de Notre-Dame des Douleurs<\/a><\/strong><br \/>\nNotre-Dame des Douleurs est un des appellatifs attribu\u00e9s \u00e0 Marie, m\u00e8re de J\u00e9sus&#8230;<\/p>\n<\/div>\n<p>Les <strong>myst\u00e8res du Chapelet franciscain<\/strong> li\u00e9s aux moments les plus joyeux dans la vie de Marie sont\u00a0:<\/p>\n<ol>\n<li>L\u2019Annonciation: ce myst\u00e8re c\u00e9l\u00e8bre <a href=\"https:\/\/www.holyart.fr\/blog\/articles-religieux\/annonciation-du-seigneur-pourquoi-la-fetons-nous-le-25-mars\/\"><strong><u>l\u2019annonce de l\u2019archange Gabriel \u00e0 Marie<\/u><\/strong><\/a>, qui l\u2019informe de la naissance de J\u00e9sus.<\/li>\n<li>La Visitation: <a href=\"https:\/\/www.holyart.fr\/blog\/articles-religieux\/31-mai-fete-de-la-visitation-de-la-bienheureuse-vierge-marie\/\"><strong><u>Marie visite sa cousine \u00c9lisabeth<\/u><\/strong><\/a>, qui attend, elle aussi, un enfant, Jean le Baptiste.<\/li>\n<li>La Nativit\u00e9: <strong><u>J\u00e9sus nait dans la grotte de Bethl\u00e9em<\/u><\/strong>, en apportant sa lumi\u00e8re au monde.<\/li>\n<li>L\u2019adoration des Mages: les <a href=\"https:\/\/www.holyart.fr\/blog\/noel\/qui-etaient-les-rois-mages-et-leurs-prenoms\/\"><strong><u>trois Rois venus d\u2019Orient<\/u><\/strong><\/a> rendent hommage au Saint Enfant.<\/li>\n<li>Le recouvrement de J\u00e9sus au Temple: Marie et Joseph, apr\u00e8s avoir perdu J\u00e9sus, le <a href=\"https:\/\/www.holyart.fr\/blog\/articles-religieux\/lhistoire-de-jesus-les-evenements-les-plus-importants-de-sa-vie\/\"><strong><u>retrouvent au Temple de J\u00e9rusalem<\/u><\/strong><\/a>, en train de parler avec les Pr\u00eatres.<\/li>\n<li>R\u00e9surrection de J\u00e9sus: ce myst\u00e8re c\u00e9l\u00e8bre la Gloire de J\u00e9sus et <a href=\"https:\/\/www.holyart.fr\/blog\/paques\/la-descente-aux-enfers-de-christ-et-sa-resurrection\/\"><strong><u>Sa victoire sur la mort<\/u><\/strong><\/a>.<\/li>\n<li>Assomption de Marie au Ciel: <a href=\"https:\/\/www.holyart.fr\/blog\/occasions-speciales\/lassomption-de-marie-et-les-celebrations-les-plus-caracteristiques\/\"><strong><u>Marie monte au ciel<\/u><\/strong><\/a>, \u00e2me et corps, et rejoint son Fils.\n<div class=\"link-article\">\n<p><img loading=\"lazy\" decoding=\"async\" class=\"size-full wp-image-11152 alignleft\" src=\"https:\/\/blog.holyart.it\/fr\/wp-content\/uploads\/sites\/14\/2025\/09\/Lhistoire-de-Jesus-les-evenements-les-plus-importants-de-Sa-vie.jpg\" alt=\"L\u2019histoire de J\u00e9sus : les \u00e9v\u00e9nements les plus importants de Sa vie\" width=\"150\" height=\"99\" data-kale-share-title=\"Le Chapelet franciscain: une pri\u00e8re pleine de joie\" data-kale-share-url=\"https:\/\/blog.holyart.it\/fr\/?p=11141\" \/><\/p>\n<div class=\"leggi-anche\">Lire aussi :<\/div>\n<p><strong><a href=\"https:\/\/www.holyart.fr\/blog\/articles-religieux\/lhistoire-de-jesus-les-evenements-les-plus-importants-de-sa-vie\/\">L\u2019histoire de J\u00e9sus : les \u00e9v\u00e9nements les plus importants de Sa vie<\/a><\/strong><br \/>\nL\u2019histoire de J\u00e9sus, entre r\u00e9cit \u00e9vang\u00e9lique, r\u00e9alit\u00e9 historique et&#8230;<\/p>\n<\/div>\n<\/li>\n<\/ol>\n<h2>Comment on r\u00e9cite le Chapelet de Saint Fran\u00e7ois<\/h2>\n<p>Voici <a href=\"https:\/\/www.holyart.fr\/articles-religieux\/chapelets-et-etuis-a-chapelet\/chapelets-en-bois\/chapelet-franciscain-elastique-rond-bois-clair\"><strong>comment r\u00e9citer le Chapelet franciscain<\/strong><\/a>. On commence par le signe de la croix et l\u2019invocation au P\u00e8re, au Fils et au Saint-Esprit. Ensuite, les fid\u00e8les \u00e9noncent la Premi\u00e8re joie, suivie par un Notre P\u00e8re, dix Je Vous Salue marie et un Gloire. On r\u00e9p\u00e8te la m\u00eame s\u00e9quence pour chaque joie, pour sept fois au total, une dizaine de grains par chaque joie de Marie.<\/p>\n<p>\u00c0 la fin du Chapelet, on r\u00e9cite une pri\u00e8re sp\u00e9ciale, d\u00e9di\u00e9e \u00e0 la Sainte Vierge\u00a0:<\/p>\n<p><em>Sainte Vierge, je vous offre cette couronne pour honorer les soixante-douze ann\u00e9es que vous avez v\u00e9cu sur la terre ; obtenez-moi la gr\u00e2ce de vous imiter si bien pendant cette vie que je puisse vous tenir compagnie dans le s\u00e9jour de la gloire. Amen.<\/em><\/p>\n<p>Deux Je Vous Salue Marie suppl\u00e9mentaires rappelleraient en effet les 72 ans de vie de Marie avant de monter au Ciel.<\/p>\n<div class=\"link-product\">\n<div class=\"blocco-immagine\"><img loading=\"lazy\" decoding=\"async\" class=\"size-full wp-image-11158 alignleft\" src=\"https:\/\/blog.holyart.it\/fr\/wp-content\/uploads\/sites\/14\/2025\/09\/chapelet-franciscain-elastique-rond-bois-clair-1.jpg\" alt=\"chapelet franciscain elastique rond bois clair\" width=\"100\" height=\"100\" data-kale-share-title=\"Le Chapelet franciscain: une pri\u00e8re pleine de joie\" data-kale-share-url=\"https:\/\/blog.holyart.it\/fr\/?p=11141\" \/><\/div>\n<div class=\"blocco-contenuto\">\n<div class=\"blocco-acquista\">Acheter sur Holyart:<\/div>\n<div class=\"blocco-titolo\"><a href=\"https:\/\/www.holyart.fr\/articles-religieux\/chapelets-et-etuis-a-chapelet\/chapelets-en-bois\/chapelet-franciscain-elastique-rond-bois-clair\">Chapelet franciscain \u00e9lastique rond bois clair<\/a><\/div>\n<div class=\"blocco-descrizione\">Chapelet franciscain avec grains ronds en bois clair et \u00e9lastique. R\u00e9alis\u00e9 \u00e0 la main et les dizaines sont s\u00e9par\u00e9es par des petits noeuds&#8230;<\/div>\n<\/div>\n<\/div>\n","protected":false},"excerpt":{"rendered":"<p>Comme dans chaque aspect de son existence, Saint Fran\u00e7ois pr\u00eachait la joie et le bonheur m\u00eame dans la pri\u00e8re. Voici le Chapelet franciscain, la m\u00e9ditation sur les Sept All\u00e9gresses de la Vierge Marie Le Chapelet franciscain est une forme de pri\u00e8re catholique impr\u00e9gn\u00e9e par la&hellip;<\/p>\n","protected":false},"author":1,"featured_media":11147,"comment_status":"closed","ping_status":"open","sticky":false,"template":"","format":"standard","meta":{"_acf_changed":false,"footnotes":""},"categories":[8],"tags":[],"class_list":["post-11141","post","type-post","status-publish","format-standard","has-post-thumbnail","hentry","category-articles-religieux"],"acf":[],"yoast_head":"<!-- This site is optimized with the Yoast SEO plugin v26.6 - https:\/\/yoast.com\/wordpress\/plugins\/seo\/ -->\n<title>Le Chapelet franciscain: une pri\u00e8re pleine de joie - Holyart.fr Blog<\/title>\n<meta name=\"description\" content=\"Le Chapelet franciscain \u00e9nonce les sept b\u00e9atitudes de la vie de la Vierge Marie. Un hymne \u00e0 la parfaite all\u00e9gresse\" \/>\n<meta name=\"robots\" content=\"index, follow, max-snippet:-1, max-image-preview:large, max-video-preview:-1\" \/>\n<link rel=\"canonical\" href=\"https:\/\/blog.holyart.it\/fr\/articles-religieux\/le-chapelet-franciscain-une-priere-pleine-de-joie\/\" \/>\n<meta property=\"og:locale\" content=\"fr_FR\" \/>\n<meta property=\"og:type\" content=\"article\" \/>\n<meta property=\"og:title\" content=\"Le Chapelet franciscain: une pri\u00e8re pleine de joie - Holyart.fr Blog\" \/>\n<meta property=\"og:description\" content=\"Le Chapelet franciscain \u00e9nonce les sept b\u00e9atitudes de la vie de la Vierge Marie. Un hymne \u00e0 la parfaite all\u00e9gresse\" \/>\n<meta property=\"og:url\" content=\"https:\/\/blog.holyart.it\/fr\/articles-religieux\/le-chapelet-franciscain-une-priere-pleine-de-joie\/\" \/>\n<meta property=\"og:site_name\" content=\"Holyart.fr Blog\" \/>\n<meta property=\"article:published_time\" content=\"2025-09-22T08:00:04+00:00\" \/>\n<meta property=\"og:image\" content=\"https:\/\/blog.holyart.it\/fr\/wp-content\/uploads\/sites\/14\/2025\/09\/Chapelet-franciscain.jpg\" \/>\n\t<meta property=\"og:image:width\" content=\"1000\" \/>\n\t<meta property=\"og:image:height\" content=\"666\" \/>\n\t<meta property=\"og:image:type\" content=\"image\/jpeg\" \/>\n<meta name=\"author\" content=\"Redazione\" \/>\n<meta name=\"twitter:card\" content=\"summary_large_image\" \/>\n<meta name=\"twitter:label1\" content=\"\u00c9crit par\" \/>\n\t<meta name=\"twitter:data1\" content=\"Redazione\" \/>\n\t<meta name=\"twitter:label2\" content=\"Dur\u00e9e de lecture estim\u00e9e\" \/>\n\t<meta name=\"twitter:data2\" content=\"7 minutes\" \/>\n<script type=\"application\/ld+json\" class=\"yoast-schema-graph\">{\"@context\":\"https:\/\/schema.org\",\"@graph\":[{\"@type\":\"Article\",\"@id\":\"https:\/\/blog.holyart.it\/fr\/articles-religieux\/le-chapelet-franciscain-une-priere-pleine-de-joie\/#article\",\"isPartOf\":{\"@id\":\"https:\/\/blog.holyart.it\/fr\/articles-religieux\/le-chapelet-franciscain-une-priere-pleine-de-joie\/\"},\"author\":{\"name\":\"Redazione\",\"@id\":\"https:\/\/blog.holyart.it\/fr\/#\/schema\/person\/0a7b686e5af0f856ec1e390dd0baecda\"},\"headline\":\"Le Chapelet franciscain: une pri\u00e8re pleine de joie\",\"datePublished\":\"2025-09-22T08:00:04+00:00\",\"mainEntityOfPage\":{\"@id\":\"https:\/\/blog.holyart.it\/fr\/articles-religieux\/le-chapelet-franciscain-une-priere-pleine-de-joie\/\"},\"wordCount\":1163,\"publisher\":{\"@id\":\"https:\/\/blog.holyart.it\/fr\/#organization\"},\"image\":{\"@id\":\"https:\/\/blog.holyart.it\/fr\/articles-religieux\/le-chapelet-franciscain-une-priere-pleine-de-joie\/#primaryimage\"},\"thumbnailUrl\":\"https:\/\/blog.holyart.it\/fr\/wp-content\/uploads\/sites\/14\/2025\/09\/Chapelet-franciscain.jpg\",\"articleSection\":[\"Religion\"],\"inLanguage\":\"fr-FR\"},{\"@type\":\"WebPage\",\"@id\":\"https:\/\/blog.holyart.it\/fr\/articles-religieux\/le-chapelet-franciscain-une-priere-pleine-de-joie\/\",\"url\":\"https:\/\/blog.holyart.it\/fr\/articles-religieux\/le-chapelet-franciscain-une-priere-pleine-de-joie\/\",\"name\":\"Le Chapelet franciscain: une pri\u00e8re pleine de joie - Holyart.fr Blog\",\"isPartOf\":{\"@id\":\"https:\/\/blog.holyart.it\/fr\/#website\"},\"primaryImageOfPage\":{\"@id\":\"https:\/\/blog.holyart.it\/fr\/articles-religieux\/le-chapelet-franciscain-une-priere-pleine-de-joie\/#primaryimage\"},\"image\":{\"@id\":\"https:\/\/blog.holyart.it\/fr\/articles-religieux\/le-chapelet-franciscain-une-priere-pleine-de-joie\/#primaryimage\"},\"thumbnailUrl\":\"https:\/\/blog.holyart.it\/fr\/wp-content\/uploads\/sites\/14\/2025\/09\/Chapelet-franciscain.jpg\",\"datePublished\":\"2025-09-22T08:00:04+00:00\",\"description\":\"Le Chapelet franciscain \u00e9nonce les sept b\u00e9atitudes de la vie de la Vierge Marie. Un hymne \u00e0 la parfaite all\u00e9gresse\",\"breadcrumb\":{\"@id\":\"https:\/\/blog.holyart.it\/fr\/articles-religieux\/le-chapelet-franciscain-une-priere-pleine-de-joie\/#breadcrumb\"},\"inLanguage\":\"fr-FR\",\"potentialAction\":[{\"@type\":\"ReadAction\",\"target\":[\"https:\/\/blog.holyart.it\/fr\/articles-religieux\/le-chapelet-franciscain-une-priere-pleine-de-joie\/\"]}]},{\"@type\":\"ImageObject\",\"inLanguage\":\"fr-FR\",\"@id\":\"https:\/\/blog.holyart.it\/fr\/articles-religieux\/le-chapelet-franciscain-une-priere-pleine-de-joie\/#primaryimage\",\"url\":\"https:\/\/blog.holyart.it\/fr\/wp-content\/uploads\/sites\/14\/2025\/09\/Chapelet-franciscain.jpg\",\"contentUrl\":\"https:\/\/blog.holyart.it\/fr\/wp-content\/uploads\/sites\/14\/2025\/09\/Chapelet-franciscain.jpg\",\"width\":1000,\"height\":666,\"caption\":\"Chapelet franciscain\"},{\"@type\":\"BreadcrumbList\",\"@id\":\"https:\/\/blog.holyart.it\/fr\/articles-religieux\/le-chapelet-franciscain-une-priere-pleine-de-joie\/#breadcrumb\",\"itemListElement\":[{\"@type\":\"ListItem\",\"position\":1,\"name\":\"Homepage\",\"item\":\"https:\/\/blog.holyart.it\/fr\/\"},{\"@type\":\"ListItem\",\"position\":2,\"name\":\"Religion\",\"item\":\"https:\/\/blog.holyart.it\/fr\/articles-religieux\/\"},{\"@type\":\"ListItem\",\"position\":3,\"name\":\"Le Chapelet franciscain: une pri\u00e8re pleine de joie\"}]},{\"@type\":\"WebSite\",\"@id\":\"https:\/\/blog.holyart.it\/fr\/#website\",\"url\":\"https:\/\/blog.holyart.it\/fr\/\",\"name\":\"Holyart.fr Blog\",\"description\":\"Holyblog\",\"publisher\":{\"@id\":\"https:\/\/blog.holyart.it\/fr\/#organization\"},\"potentialAction\":[{\"@type\":\"SearchAction\",\"target\":{\"@type\":\"EntryPoint\",\"urlTemplate\":\"https:\/\/blog.holyart.it\/fr\/?s={search_term_string}\"},\"query-input\":{\"@type\":\"PropertyValueSpecification\",\"valueRequired\":true,\"valueName\":\"search_term_string\"}}],\"inLanguage\":\"fr-FR\"},{\"@type\":\"Organization\",\"@id\":\"https:\/\/blog.holyart.it\/fr\/#organization\",\"name\":\"Holyart.fr Blog\",\"url\":\"https:\/\/blog.holyart.it\/fr\/\",\"logo\":{\"@type\":\"ImageObject\",\"inLanguage\":\"fr-FR\",\"@id\":\"https:\/\/blog.holyart.it\/fr\/#\/schema\/logo\/image\/\",\"url\":\"https:\/\/blog.holyart.it\/fr\/wp-content\/uploads\/sites\/14\/2022\/12\/Holyart_Blog_Logo.jpg\",\"contentUrl\":\"https:\/\/blog.holyart.it\/fr\/wp-content\/uploads\/sites\/14\/2022\/12\/Holyart_Blog_Logo.jpg\",\"width\":300,\"height\":50,\"caption\":\"Holyart.fr Blog\"},\"image\":{\"@id\":\"https:\/\/blog.holyart.it\/fr\/#\/schema\/logo\/image\/\"}},{\"@type\":\"Person\",\"@id\":\"https:\/\/blog.holyart.it\/fr\/#\/schema\/person\/0a7b686e5af0f856ec1e390dd0baecda\",\"name\":\"Redazione\",\"image\":{\"@type\":\"ImageObject\",\"inLanguage\":\"fr-FR\",\"@id\":\"https:\/\/blog.holyart.it\/fr\/#\/schema\/person\/image\/\",\"url\":\"https:\/\/secure.gravatar.com\/avatar\/f477da817f43e50d0af36abecd33e3edf826c68299714bdc1057dff3b113f516?s=96&d=mm&r=g\",\"contentUrl\":\"https:\/\/secure.gravatar.com\/avatar\/f477da817f43e50d0af36abecd33e3edf826c68299714bdc1057dff3b113f516?s=96&d=mm&r=g\",\"caption\":\"Redazione\"},\"url\":\"https:\/\/blog.holyart.it\/fr\/author\/admin\/\"}]}<\/script>\n<!-- \/ Yoast SEO plugin. -->","yoast_head_json":{"title":"Le Chapelet franciscain: une pri\u00e8re pleine de joie - Holyart.fr Blog","description":"Le Chapelet franciscain \u00e9nonce les sept b\u00e9atitudes de la vie de la Vierge Marie. Un hymne \u00e0 la parfaite all\u00e9gresse","robots":{"index":"index","follow":"follow","max-snippet":"max-snippet:-1","max-image-preview":"max-image-preview:large","max-video-preview":"max-video-preview:-1"},"canonical":"https:\/\/blog.holyart.it\/fr\/articles-religieux\/le-chapelet-franciscain-une-priere-pleine-de-joie\/","og_locale":"fr_FR","og_type":"article","og_title":"Le Chapelet franciscain: une pri\u00e8re pleine de joie - Holyart.fr Blog","og_description":"Le Chapelet franciscain \u00e9nonce les sept b\u00e9atitudes de la vie de la Vierge Marie. Un hymne \u00e0 la parfaite all\u00e9gresse","og_url":"https:\/\/blog.holyart.it\/fr\/articles-religieux\/le-chapelet-franciscain-une-priere-pleine-de-joie\/","og_site_name":"Holyart.fr Blog","article_published_time":"2025-09-22T08:00:04+00:00","og_image":[{"width":1000,"height":666,"url":"https:\/\/blog.holyart.it\/fr\/wp-content\/uploads\/sites\/14\/2025\/09\/Chapelet-franciscain.jpg","type":"image\/jpeg"}],"author":"Redazione","twitter_card":"summary_large_image","twitter_misc":{"\u00c9crit par":"Redazione","Dur\u00e9e de lecture estim\u00e9e":"7 minutes"},"schema":{"@context":"https:\/\/schema.org","@graph":[{"@type":"Article","@id":"https:\/\/blog.holyart.it\/fr\/articles-religieux\/le-chapelet-franciscain-une-priere-pleine-de-joie\/#article","isPartOf":{"@id":"https:\/\/blog.holyart.it\/fr\/articles-religieux\/le-chapelet-franciscain-une-priere-pleine-de-joie\/"},"author":{"name":"Redazione","@id":"https:\/\/blog.holyart.it\/fr\/#\/schema\/person\/0a7b686e5af0f856ec1e390dd0baecda"},"headline":"Le Chapelet franciscain: une pri\u00e8re pleine de joie","datePublished":"2025-09-22T08:00:04+00:00","mainEntityOfPage":{"@id":"https:\/\/blog.holyart.it\/fr\/articles-religieux\/le-chapelet-franciscain-une-priere-pleine-de-joie\/"},"wordCount":1163,"publisher":{"@id":"https:\/\/blog.holyart.it\/fr\/#organization"},"image":{"@id":"https:\/\/blog.holyart.it\/fr\/articles-religieux\/le-chapelet-franciscain-une-priere-pleine-de-joie\/#primaryimage"},"thumbnailUrl":"https:\/\/blog.holyart.it\/fr\/wp-content\/uploads\/sites\/14\/2025\/09\/Chapelet-franciscain.jpg","articleSection":["Religion"],"inLanguage":"fr-FR"},{"@type":"WebPage","@id":"https:\/\/blog.holyart.it\/fr\/articles-religieux\/le-chapelet-franciscain-une-priere-pleine-de-joie\/","url":"https:\/\/blog.holyart.it\/fr\/articles-religieux\/le-chapelet-franciscain-une-priere-pleine-de-joie\/","name":"Le Chapelet franciscain: une pri\u00e8re pleine de joie - Holyart.fr Blog","isPartOf":{"@id":"https:\/\/blog.holyart.it\/fr\/#website"},"primaryImageOfPage":{"@id":"https:\/\/blog.holyart.it\/fr\/articles-religieux\/le-chapelet-franciscain-une-priere-pleine-de-joie\/#primaryimage"},"image":{"@id":"https:\/\/blog.holyart.it\/fr\/articles-religieux\/le-chapelet-franciscain-une-priere-pleine-de-joie\/#primaryimage"},"thumbnailUrl":"https:\/\/blog.holyart.it\/fr\/wp-content\/uploads\/sites\/14\/2025\/09\/Chapelet-franciscain.jpg","datePublished":"2025-09-22T08:00:04+00:00","description":"Le Chapelet franciscain \u00e9nonce les sept b\u00e9atitudes de la vie de la Vierge Marie. Un hymne \u00e0 la parfaite all\u00e9gresse","breadcrumb":{"@id":"https:\/\/blog.holyart.it\/fr\/articles-religieux\/le-chapelet-franciscain-une-priere-pleine-de-joie\/#breadcrumb"},"inLanguage":"fr-FR","potentialAction":[{"@type":"ReadAction","target":["https:\/\/blog.holyart.it\/fr\/articles-religieux\/le-chapelet-franciscain-une-priere-pleine-de-joie\/"]}]},{"@type":"ImageObject","inLanguage":"fr-FR","@id":"https:\/\/blog.holyart.it\/fr\/articles-religieux\/le-chapelet-franciscain-une-priere-pleine-de-joie\/#primaryimage","url":"https:\/\/blog.holyart.it\/fr\/wp-content\/uploads\/sites\/14\/2025\/09\/Chapelet-franciscain.jpg","contentUrl":"https:\/\/blog.holyart.it\/fr\/wp-content\/uploads\/sites\/14\/2025\/09\/Chapelet-franciscain.jpg","width":1000,"height":666,"caption":"Chapelet franciscain"},{"@type":"BreadcrumbList","@id":"https:\/\/blog.holyart.it\/fr\/articles-religieux\/le-chapelet-franciscain-une-priere-pleine-de-joie\/#breadcrumb","itemListElement":[{"@type":"ListItem","position":1,"name":"Homepage","item":"https:\/\/blog.holyart.it\/fr\/"},{"@type":"ListItem","position":2,"name":"Religion","item":"https:\/\/blog.holyart.it\/fr\/articles-religieux\/"},{"@type":"ListItem","position":3,"name":"Le Chapelet franciscain: une pri\u00e8re pleine de joie"}]},{"@type":"WebSite","@id":"https:\/\/blog.holyart.it\/fr\/#website","url":"https:\/\/blog.holyart.it\/fr\/","name":"Holyart.fr Blog","description":"Holyblog","publisher":{"@id":"https:\/\/blog.holyart.it\/fr\/#organization"},"potentialAction":[{"@type":"SearchAction","target":{"@type":"EntryPoint","urlTemplate":"https:\/\/blog.holyart.it\/fr\/?s={search_term_string}"},"query-input":{"@type":"PropertyValueSpecification","valueRequired":true,"valueName":"search_term_string"}}],"inLanguage":"fr-FR"},{"@type":"Organization","@id":"https:\/\/blog.holyart.it\/fr\/#organization","name":"Holyart.fr Blog","url":"https:\/\/blog.holyart.it\/fr\/","logo":{"@type":"ImageObject","inLanguage":"fr-FR","@id":"https:\/\/blog.holyart.it\/fr\/#\/schema\/logo\/image\/","url":"https:\/\/blog.holyart.it\/fr\/wp-content\/uploads\/sites\/14\/2022\/12\/Holyart_Blog_Logo.jpg","contentUrl":"https:\/\/blog.holyart.it\/fr\/wp-content\/uploads\/sites\/14\/2022\/12\/Holyart_Blog_Logo.jpg","width":300,"height":50,"caption":"Holyart.fr Blog"},"image":{"@id":"https:\/\/blog.holyart.it\/fr\/#\/schema\/logo\/image\/"}},{"@type":"Person","@id":"https:\/\/blog.holyart.it\/fr\/#\/schema\/person\/0a7b686e5af0f856ec1e390dd0baecda","name":"Redazione","image":{"@type":"ImageObject","inLanguage":"fr-FR","@id":"https:\/\/blog.holyart.it\/fr\/#\/schema\/person\/image\/","url":"https:\/\/secure.gravatar.com\/avatar\/f477da817f43e50d0af36abecd33e3edf826c68299714bdc1057dff3b113f516?s=96&d=mm&r=g","contentUrl":"https:\/\/secure.gravatar.com\/avatar\/f477da817f43e50d0af36abecd33e3edf826c68299714bdc1057dff3b113f516?s=96&d=mm&r=g","caption":"Redazione"},"url":"https:\/\/blog.holyart.it\/fr\/author\/admin\/"}]}},"_links":{"self":[{"href":"https:\/\/blog.holyart.it\/fr\/wp-json\/wp\/v2\/posts\/11141","targetHints":{"allow":["GET"]}}],"collection":[{"href":"https:\/\/blog.holyart.it\/fr\/wp-json\/wp\/v2\/posts"}],"about":[{"href":"https:\/\/blog.holyart.it\/fr\/wp-json\/wp\/v2\/types\/post"}],"author":[{"embeddable":true,"href":"https:\/\/blog.holyart.it\/fr\/wp-json\/wp\/v2\/users\/1"}],"replies":[{"embeddable":true,"href":"https:\/\/blog.holyart.it\/fr\/wp-json\/wp\/v2\/comments?post=11141"}],"version-history":[{"count":13,"href":"https:\/\/blog.holyart.it\/fr\/wp-json\/wp\/v2\/posts\/11141\/revisions"}],"predecessor-version":[{"id":11161,"href":"https:\/\/blog.holyart.it\/fr\/wp-json\/wp\/v2\/posts\/11141\/revisions\/11161"}],"wp:featuredmedia":[{"embeddable":true,"href":"https:\/\/blog.holyart.it\/fr\/wp-json\/wp\/v2\/media\/11147"}],"wp:attachment":[{"href":"https:\/\/blog.holyart.it\/fr\/wp-json\/wp\/v2\/media?parent=11141"}],"wp:term":[{"taxonomy":"category","embeddable":true,"href":"https:\/\/blog.holyart.it\/fr\/wp-json\/wp\/v2\/categories?post=11141"},{"taxonomy":"post_tag","embeddable":true,"href":"https:\/\/blog.holyart.it\/fr\/wp-json\/wp\/v2\/tags?post=11141"}],"curies":[{"name":"wp","href":"https:\/\/api.w.org\/{rel}","templated":true}]}}