{"id":10986,"date":"2025-09-03T10:00:01","date_gmt":"2025-09-03T08:00:01","guid":{"rendered":"https:\/\/blog.holyart.it\/fr\/?p=10986"},"modified":"2025-10-13T17:15:16","modified_gmt":"2025-10-13T15:15:16","slug":"sept-saints-fondateurs-de-lordre-des-servites-de-marie","status":"publish","type":"post","link":"https:\/\/blog.holyart.it\/fr\/saints-et-bienheureux\/sept-saints-fondateurs-de-lordre-des-servites-de-marie\/","title":{"rendered":"Sept Saints fondateurs de l\u2019Ordre des Servites de Marie"},"content":{"rendered":"<h4><em>Le 17 f\u00e9vrier, l\u2019\u00c9glise rappelle les Sept Saints fondateurs de l\u2019Ordre des Servites de Marie, qui renonc\u00e8rent \u00e0 tout afin de consacrer leur existence \u00e0 la Sainte Vierge et \u00e0 la charit\u00e9<\/em><\/h4>\n<p>Les <strong>Sept Saints fondateurs de l\u2019Ordre des Servites de Marie<\/strong> \u00e9taient sept gentilhommes florentins, riches marchands, qui choisirent d\u2019abandonner une vie d\u2019aise et de richesses afin de se d\u00e9dier enti\u00e8rement \u00e0 la p\u00e9nitence, \u00e0 la contemplation et \u00e0 la <a href=\"https:\/\/www.holyart.fr\/blog\/articles-religieux\/la-devotion-de-padre-pio-a-notre-dame-de-pompei-et-le-don-de-la-rose\/\"><strong><u>d\u00e9votion \u00e0 la Vierge Marie<\/u><\/strong><\/a>. Une d\u00e9cision rendue encore plus courageuse et extraordinaire \u00e0 l\u2019\u00e9poque o\u00f9 ces hommes v\u00e9curent, au d\u00e9but du XIIIe si\u00e8cle, lorsque la R\u00e9publique florentine \u00e9tait boulevers\u00e9e par des guerres fratricides et la poursuite de l\u2019utile, m\u00eame au co\u00fbt de la pr\u00e9varication sur les plus faibles, semblait pour beaucoup la seule et unique loi. Il est probable que ces sept hommes furent influenc\u00e9s par les <strong>grands ordres mendiants<\/strong>, comme les Franciscains et les Dominicains, mais aussi par les <strong>moines b\u00e9n\u00e9dictins<\/strong> de Camaldoli, de l\u2019Abbaye de Vallombrosa et de Cluny. En outre, les Sept Saints fondateurs \u00e9taient d\u00e9j\u00e0 membres d\u2019une c<strong>ompagnie la\u00efque louant la Bienheureuse Vierge Marie,<\/strong> la C<strong>ompagnie des Servites de Sainte Marie<\/strong>, une des <strong><u>confr\u00e9ries<\/u><\/strong> pr\u00e9sentes \u00e0 Florence en cette p\u00e9riode, consacr\u00e9e aux \u0153uvres de charit\u00e9 et \u00e0 la p\u00e9nitence. En effet, leur premier geste en tant que nouvel ordre fut de quitter leurs maisons et leurs possessions et d\u2019offrir tous leurs biens aux pauvres.<\/p>\n<div class=\"link-article\">\n<p><img loading=\"lazy\" decoding=\"async\" class=\"size-full wp-image-11017 alignleft\" src=\"https:\/\/blog.holyart.it\/fr\/wp-content\/uploads\/sites\/14\/2025\/08\/La-devotion-de-Padre-Pio-a-Notre-Dame-de-Pompei-et-le-don-de-la-rose-1-1.jpeg\" alt=\"religion padre pio\" width=\"150\" height=\"93\" data-kale-share-title=\"Sept Saints fondateurs de l\u2019Ordre des Servites de Marie\" data-kale-share-url=\"https:\/\/blog.holyart.it\/fr\/?p=10986\" \/><\/p>\n<div class=\"leggi-anche\">Lire aussi :<\/div>\n<p><strong><a href=\"https:\/\/www.holyart.fr\/blog\/articles-religieux\/la-devotion-de-padre-pio-a-notre-dame-de-pompei-et-le-don-de-la-rose\/\">La d\u00e9votion de Padre Pio \u00e0 Notre-Dame de Pomp\u00e9i et le don de la rose<\/a><\/strong><br \/>\nLe 5 mai nous c\u00e9l\u00e9brons la f\u00eate du Saint de Pietrelcina. D\u00e9couvrons&#8230;<\/p>\n<\/div>\n<p>Des documents de l\u2019\u00e9poque, il r\u00e9sulte qu\u2019en 1233, les Sept Saints fondateurs d\u00e9cid\u00e8rent d\u2019abandonner leurs propres activit\u00e9s afin d\u2019embrasser la vie communautaire et de se d\u00e9dier \u00e0 <a href=\"https:\/\/www.holyart.fr\/blog\/articles-religieux\/fetes-mariales-voici-toutes-les-recurrences-de-lannee-dediees-a-marie\/\"><strong><u>Marie Tr\u00e8s-Sainte M\u00e8re de Dieu<\/u><\/strong><\/a>. Au d\u00e9but, ils choisirent comme lieu de retrait <strong>Cafaggio<\/strong>, une zone \u00e0 la campagne o\u00f9 se trouvait un petit oratoire, o\u00f9 les sept hommes s\u2019arr\u00eataient pour prier ensemble apr\u00e8s leurs qu\u00eates. Ils commenc\u00e8rent bient\u00f4t \u00e0 am\u00e9nager l\u2019hospice annex\u00e9 afin de pouvoir y accueillir de nouveaux fr\u00e8res. Ensuite, sur les ruines de cet oratoire, sera \u00e9rig\u00e9e la Basilique de la Santissima Annunziata. En 1234, l\u2019\u00e9v\u00eaque Ardingo Foraboschi voulut offrir \u00e0 la confr\u00e9rie un terrain sur le <strong>Mont Senario<\/strong>. Ici, ils commenc\u00e8rent \u00e0 construire, sur les ruines d\u2019un ancien ch\u00e2teau, des cabanes, qui devirent leurs cellules, et une petite \u00e9glise d\u00e9di\u00e9e \u00e0 la Sainte Vierge.<\/p>\n<div class=\"link-article\">\n<p><img loading=\"lazy\" decoding=\"async\" class=\"size-full wp-image-11018 alignleft\" src=\"https:\/\/blog.holyart.it\/fr\/wp-content\/uploads\/sites\/14\/2025\/08\/Fetes-Mariales-1.jpg\" alt=\"Fetes Mariales\" width=\"150\" height=\"99\" data-kale-share-title=\"Sept Saints fondateurs de l\u2019Ordre des Servites de Marie\" data-kale-share-url=\"https:\/\/blog.holyart.it\/fr\/?p=10986\" \/><\/p>\n<div class=\"leggi-anche\">Lire aussi :<\/div>\n<p><strong><a href=\"https:\/\/www.holyart.fr\/blog\/articles-religieux\/fetes-mariales-voici-toutes-les-recurrences-de-lannee-dediees-a-marie\/\">F\u00eates Mariales : voici toutes les r\u00e9currences de l\u2019ann\u00e9e d\u00e9di\u00e9es \u00e0 Marie<\/a><\/strong><br \/>\nF\u00eates Mariales, tous les visages de la d\u00e9votion \u00e0 Marie, M\u00e8re de J\u00e9sus&#8230;<\/p>\n<\/div>\n<p>En 1239, le cardinal Goffredo Castiglioni, qui deviendra Pape sous le nom de C\u00e9lestin IV, <strong>leur assigna la <u>R\u00e8gle de Saint Augustin<\/u><\/strong>, point de r\u00e9f\u00e9rence dans la vie monastique pour d\u2019innombrables communaut\u00e9s \u00e0 partir du Ve si\u00e8cle.<\/p>\n<div class=\"link-product\">\n<div class=\"blocco-immagine\"><img loading=\"lazy\" decoding=\"async\" class=\"size-full wp-image-11019 alignleft\" src=\"https:\/\/blog.holyart.it\/fr\/wp-content\/uploads\/sites\/14\/2025\/08\/notre-dame-des-douleurs-details-or-statue-resine-20-cm-1.jpg\" alt=\"notre dame des douleurs details or statue resine 20 cm\" width=\"100\" height=\"100\" data-kale-share-title=\"Sept Saints fondateurs de l\u2019Ordre des Servites de Marie\" data-kale-share-url=\"https:\/\/blog.holyart.it\/fr\/?p=10986\" \/><\/div>\n<div class=\"blocco-contenuto\">\n<div class=\"blocco-acquista\">Acheter sur Holyart:<\/div>\n<div class=\"blocco-titolo\"><a href=\"https:\/\/www.holyart.fr\/articles-religieux\/statues\/statues-en-resine-et-pvc\/notre-dame-des-douleurs-details-or-statue-resine-20-cm\">Notre-Dame des Douleurs d\u00e9tails or statue r\u00e9sine 20 cm<\/a><\/div>\n<div class=\"blocco-descrizione\">Notre-Dame des Douleurs d\u00e9tails or statue r\u00e9sine 20 cm. Statue de la Sainte Vierge repr\u00e9sent\u00e9e avec une expression triste et les mains jointes&#8230;<\/div>\n<\/div>\n<\/div>\n<p>Bient\u00f4t, la r\u00e9putation de l\u2019ordre se r\u00e9pandit \u00e9galement en dehors de la Toscane, en Ombrie, en \u00c9milie et m\u00eame en Allemagne, et de nombreux autres hommes s\u2019unirent aux Saints fondateurs en cr\u00e9ant des communaut\u00e9s semblables \u00e0 celle de Mont Senario. Toutefois, en 1274, le <strong>Concile de Lyon II<\/strong> \u00e9mit un d\u00e9cret qui annon\u00e7ait la suppression de tous les Ordres religieux n\u00e9s apr\u00e8s le Concile du Latran IV de 1215, \u00e0 moins qu\u2019ils n\u2019aient obtenu la confirmation pontificale, et l\u2019extinction naturelle de ceux qui, bien qu\u2019ils l\u2019aient obtenue, ne montraient pas d\u2019utilit\u00e9 manifeste pour l\u2019\u00c9glise universelle. Filippo Benizi, un jeune de vingt-et-un ans qui serait devenu le futur Prieur G\u00e9n\u00e9ral, se d\u00e9menant immens\u00e9ment arriva \u00e0 <strong>obtenir la reconnaissance pontificale<\/strong>, en sauvant ainsi l\u2019Ordre.<\/p>\n<p>En 1304, Pape Beno\u00eet XI <strong>approuva officiellement<\/strong> la R\u00e8gle et les Constitutions des Servites de Marie.<\/p>\n<p>L\u2019Ordre connut de nombreux hauts et bas \u00e0 cause de la <a href=\"https:\/\/www.holyart.fr\/blog\/articles-religieux\/les-principales-differences-entre-catholiques-et-protestants\/\"><strong><u>R\u00e9forme Protestante<\/u><\/strong><\/a>, prenant part \u00e9galement au <strong>Concile de Trente<\/strong>. De nouveaux couvents furent ouverts en Allemagne et en Espagne. En 1652, Pape Innocent X imposa une <strong>reforme forc\u00e9e de tous les ordres religieux<\/strong> et plusieurs couvents des Servites de Marie furent ferm\u00e9s.<\/p>\n<div class=\"link-article\">\n<p><img loading=\"lazy\" decoding=\"async\" class=\"size-full wp-image-11027 alignleft\" src=\"https:\/\/blog.holyart.it\/fr\/wp-content\/uploads\/sites\/14\/2025\/08\/differences-entre-catholiques-et-protestants-2.jpg\" alt=\"differences entre catholiques et protestants\" width=\"150\" height=\"99\" data-kale-share-title=\"Sept Saints fondateurs de l\u2019Ordre des Servites de Marie\" data-kale-share-url=\"https:\/\/blog.holyart.it\/fr\/?p=10986\" \/><\/p>\n<div class=\"leggi-anche\">Lire aussi :<\/div>\n<p><strong><a href=\"https:\/\/www.holyart.fr\/blog\/articles-religieux\/les-principales-differences-entre-catholiques-et-protestants\/\">Les principales diff\u00e9rences entre catholiques et protestants<\/a><\/strong><br \/>\nLes diff\u00e9rences entre Catholiques et Protestants sont \u00e0 la base de l\u2019histoire de la religion chr\u00e9tienne&#8230;<\/p>\n<\/div>\n<p>Au d\u00e9but du 1700, l\u2019ordre atteignit son <strong>d\u00e9veloppement maximal<\/strong> en termes de nombre de couvents, mais aussi de fr\u00e8res, mais, \u00e0 la fin de ce m\u00eame si\u00e8cle, de nombreux lieux de culte furent ferm\u00e9s et les fr\u00e8res se dispers\u00e8rent. Ce fut seulement au XXe si\u00e8cle qu\u2019une nouvelle expansion des Servites de Marie eut lieu, d\u00e9sormais r\u00e9pandus dans le monde entier.<\/p>\n<p>Le 30 juillet 1725, Pape Beno\u00eet XIII confirma le culte de certains des Sept Saints fondateurs, mais c\u2019est seulement le <strong>15 janvier 1888<\/strong> qu\u2019ils furent <strong>tous canonis\u00e9s par Pape L\u00e9on XIII<\/strong> et leur <strong>f\u00eate commune fut fix\u00e9e pour le 17 f\u00e9vrier<\/strong>.<\/p>\n<p>Les Sept fondateurs furent canonis\u00e9s simplement avec leurs pr\u00e9noms\u00a0: Bonifils, Bienvenu, Manet, Am\u00e9d\u00e9e, Sost\u00e8ne, Hugues et Alexis. Leurs d\u00e9pouilles gisent toutes ensembles dans un tombeau sur le Mont Senario.<\/p>\n<h2>Qui \u00e9taient les Sept Saints fondateurs<\/h2>\n<p>Mais qui \u00e9taient les Sept Saints Fondateurs\u00a0? En r\u00e9alit\u00e9, il existe tr\u00e8s peu de documents concernant la vie et l\u2019\u0153uvre de ces hommes.<\/p>\n<p><strong>Bonigils Monaldi\u00a0<\/strong>fut le fondateur et le guide du groupe la\u00efc, et ensuite le premier Prieur de l\u2019ordre des Servites de Marie. Son iconographie r\u00e9currente le voit accompagn\u00e9 par une <strong>colombe<\/strong> pos\u00e9e sur l\u2019\u00e9paule, symbole du Saint-Esprit. En lui, plus que dans ses fr\u00e8res, les <a href=\"https:\/\/www.holyart.fr\/blog\/articles-religieux\/les-7-dons-du-saint-esprit-quels-sont-ils-et-leur-signification\/\"><strong><u>Dons du Saint-Esprit<\/u><\/strong><\/a> se manifestaient grandement. Il \u00e9tait \u00e9galement dot\u00e9 d\u2019un <strong>grand charisme<\/strong>, qui en faisait un leader naturel et qui contribua \u00e0 la r\u00e9putation de la communaut\u00e9 et \u00e0 l\u2019affluence de plus en plus grande de nouveaux p\u00e9nitents. Il mourut le 1er janvier 1262.<\/p>\n<div class=\"link-article\">\n<p><img loading=\"lazy\" decoding=\"async\" class=\"size-full wp-image-11029 alignleft\" src=\"https:\/\/blog.holyart.it\/fr\/wp-content\/uploads\/sites\/14\/2025\/08\/Les-7-dons-du-Saint-Esprit-quels-sont-ils-et-leur-signification-1.jpg\" alt=\"Les 7 dons du Saint-Esprit : quels sont-ils et leur signification\" width=\"150\" height=\"99\" data-kale-share-title=\"Sept Saints fondateurs de l\u2019Ordre des Servites de Marie\" data-kale-share-url=\"https:\/\/blog.holyart.it\/fr\/?p=10986\" \/><\/p>\n<div class=\"leggi-anche\">Lire aussi :<\/div>\n<p><strong><a href=\"https:\/\/www.holyart.fr\/blog\/articles-religieux\/les-7-dons-du-saint-esprit-quels-sont-ils-et-leur-signification\/\">Les 7 dons du Saint-Esprit : quels sont-ils et leur signification<\/a><\/strong><br \/>\nLes dons du Saint-Esprit rendent l\u2019homme docile \u00e0 suivre les inspirations&#8230;<\/p>\n<\/div>\n<p><strong>Bienvenu Manetti<\/strong> se distingua pour son <strong>aust\u00e9rit\u00e9 et sa rigueur<\/strong>. S\u00e9v\u00e8re et intransigeant envers lui-m\u00eame, il montrait en m\u00eame temps douceur, amabilit\u00e9 et compr\u00e9hension vis-\u00e0-vis de son prochain. Il recouvrit la pr\u00e9cieuse charge de Prieur G\u00e9n\u00e9ral des Servites de Marie dans la br\u00e8ve p\u00e9riode comprise entre 1256 et 1257. \u00c0 cause de son <strong>infatigable d\u00e9fense de la v\u00e9rit\u00e9 et de la justice<\/strong>, il fit l\u2019objet d\u2019une tentative d\u2019empoisonnement, mais la providence divine le sauva de ce danger. Sa vie terrestre arriva \u00e0 sa fin le 31 ao\u00fbt 1267.<\/p>\n<p><strong>Manet dell\u2019Antella <\/strong>aussi fut Prieur G\u00e9n\u00e9ral de l\u2019Ordre des Servites de Marie. Homme dot\u00e9 de remarquables <strong>capacit\u00e9s organisationnelles et directives<\/strong>, il amena l\u2019Ordre jusqu\u2019en <strong>France<\/strong>. On consid\u00e8re que Manet dell\u2019Antella est mort le 20 ao\u00fbt 1268.<\/p>\n<p>Dans le groupe des Sept Saints fondateurs de l\u2019Ordre des Servites de Marie, <strong>Saint Am\u00e9d\u00e9e<\/strong> \u00e9tait le plus <strong>riche en charit\u00e9 et amour<\/strong>. Son propre pr\u00e9nom le sugg\u00e9rait, d\u2019ailleurs : <em>Aime-Dieu<\/em>. Cet amour r\u00e9chauffait toute personne qui se trouvait \u00e0 ses c\u00f4t\u00e9s, premiers entre tous ses confr\u00e8res. Saint Am\u00e9d\u00e9e s\u2019\u00e9teignit le 18 avril 1266.<\/p>\n<p><strong>Saint Sost\u00e8ne Sostegni<\/strong> \u00e9tait li\u00e9 d\u2019une profonde amiti\u00e9 avec <strong>Saint Hugues<\/strong>. Ce n\u2019est pas un hasard si ces deux derniers sont toujours repr\u00e9sent\u00e9s ensemble et sont devenus un <strong>symbole de fraternit\u00e9 et d\u2019amiti\u00e9 inspir\u00e9e par Dieu<\/strong>. Ils sont m\u00eame morts le m\u00eame jour, le 3 mai 1282.<\/p>\n<p>Appartenant \u00e0 la famille des Falconieri et oncle de Sainte Julienne, <strong>Saint Alexis <\/strong>se distingua comme un lumineux exemple d\u2019<strong>humilit\u00e9<\/strong>. Pur, d\u00e9vot, sa propre existence \u00e9tait une louange \u00e0 Dieu. Il se d\u00e9diait avec enthousiasme \u00e0 la <a href=\"https:\/\/www.holyart.fr\/accessoires-pour-la-liturgie\/accessoires-varies\/sac-aumone\"><strong>qu\u00eate<\/strong><\/a>, en recueillant l\u2019argent n\u00e9cessaire pour maintenir ses fr\u00e8res envoy\u00e9s \u00e9tudier \u00e0 la Sorbonne de Paris. Son existence se conclut \u00e0 l\u2019\u00e2ge de 110 ans, le 17 f\u00e9vrier 1310.<\/p>\n<div class=\"link-product\">\n<div class=\"blocco-immagine\"><img loading=\"lazy\" decoding=\"async\" class=\"size-full wp-image-11031 alignleft\" src=\"https:\/\/blog.holyart.it\/fr\/wp-content\/uploads\/sites\/14\/2025\/08\/sac-aumone-1.jpg\" alt=\"sac aumone\" width=\"100\" height=\"100\" data-kale-share-title=\"Sept Saints fondateurs de l\u2019Ordre des Servites de Marie\" data-kale-share-url=\"https:\/\/blog.holyart.it\/fr\/?p=10986\" \/><\/div>\n<div class=\"blocco-contenuto\">\n<div class=\"blocco-acquista\">Acheter sur Holyart:<\/div>\n<div class=\"blocco-titolo\"><a href=\"https:\/\/www.holyart.fr\/accessoires-pour-la-liturgie\/accessoires-varies\/sac-aumone\">Sac aum\u00f4ne<\/a><\/div>\n<div class=\"blocco-descrizione\">Sac aum\u00f4ne avec fermeture et manche. Le sac est en tissu sky noir avec une ouverture sur la partie sup\u00e9rieure qui emp\u00eache \u00e0 l&rsquo;argent de sortir&#8230;<\/div>\n<\/div>\n<\/div>\n<h2>Pri\u00e8re aux Sept Saints fondateurs de l\u2019Ordre des Servites de la Bienheureuse Vierge Marie<\/h2>\n<p><em>Au nom du P\u00e8re, du Fils, et du Saint-Esprit.<\/em><br \/>\n<em>Amen.<\/em><\/p>\n<p><em>O Seigneur J\u00e9sus-Christ, qui, dans le but de faire honorer la m\u00e9moire des douleurs de votre tr\u00e8s sainte M\u00e8re, avez, par l\u2019entremise de sept Bienheureux, dot\u00e9 l\u2019\u00c9glise de la nouvelle famille de ses Serviteurs, daignez nous accorder de nous associer \u00e0 leurs larmes, de mani\u00e8re \u00e0 \u00eatre admis \u00e0 partager aussi leurs joies. <\/em><\/p>\n<p><em>Toi qui vis et r\u00e8gnes dans les si\u00e8cles des si\u00e8cles.<br \/>\n<\/em><em>Amen.<\/em><\/p>\n<p><em>Notre P\u00e8re, qui es aux cieux, que ton nom soit sanctifi\u00e9, que ton r\u00e8gne vienne, que ta volont\u00e9 soit faite sur la terre comme au ciel. Donne-nous aujourd\u2019hui notre pain de ce jour. Pardonne-nous nos offenses, comme nous pardonnons aussi \u00e0 ceux qui nous ont offens\u00e9s. Et ne nous laisse pas entrer en tentation, mais d\u00e9livre-nous du Mal.<br \/>\n<\/em><em>Amen.<\/em><\/p>\n<p><em>Je vous salue Marie, pleine de gr\u00e2ce\u00a0; le Seigneur est avec vous. Vous \u00eates b\u00e9nie entre toutes les femmes et J\u00e9sus, le fruit de vos entrailles, est b\u00e9ni. Sainte Marie, M\u00e8re de Dieu, priez pour nous pauvres p\u00e9cheurs, maintenant et \u00e0 l\u2019heure de notre mort.<br \/>\n<\/em><em>Amen.<\/em><\/p>\n<p><em>Gloire au P\u00e8re et au Fils et au Saint-Esprit, comme il \u00e9tait au commencement, maintenant et toujours, dans les si\u00e8cles des si\u00e8cles.<br \/>\n<\/em><em>Amen.<\/em><\/p>\n<p><em>Sept Saints Fondateurs de l\u2019Ordre des Servites de la Bienheureuse Vierge Marie, priez pour nous.<\/em><\/p>\n","protected":false},"excerpt":{"rendered":"<p>Le 17 f\u00e9vrier, l\u2019\u00c9glise rappelle les Sept Saints fondateurs de l\u2019Ordre des Servites de Marie, qui renonc\u00e8rent \u00e0 tout afin de consacrer leur existence \u00e0 la Sainte Vierge et \u00e0 la charit\u00e9 Les Sept Saints fondateurs de l\u2019Ordre des Servites de Marie \u00e9taient sept gentilhommes&hellip;<\/p>\n","protected":false},"author":1,"featured_media":11016,"comment_status":"closed","ping_status":"open","sticky":false,"template":"","format":"standard","meta":{"_acf_changed":false,"footnotes":""},"categories":[7],"tags":[],"class_list":["post-10986","post","type-post","status-publish","format-standard","has-post-thumbnail","hentry","category-saints-et-bienheureux"],"acf":[],"yoast_head":"<!-- This site is optimized with the Yoast SEO plugin v26.6 - https:\/\/yoast.com\/wordpress\/plugins\/seo\/ -->\n<title>Sept Saints fondateurs de l\u2019Ordre des Servites de Marie - Holyart.fr Blog<\/title>\n<meta name=\"description\" content=\"Le 17 f\u00e9vrier, l\u2019\u00c9glise rappelle les Sept Saints fondateurs de l\u2019Ordre des Servites de Marie, qui renonc\u00e8rent \u00e0 tout afin de consacrer leur\" \/>\n<meta name=\"robots\" content=\"index, follow, max-snippet:-1, max-image-preview:large, max-video-preview:-1\" \/>\n<link rel=\"canonical\" href=\"https:\/\/blog.holyart.it\/fr\/saints-et-bienheureux\/sept-saints-fondateurs-de-lordre-des-servites-de-marie\/\" \/>\n<meta property=\"og:locale\" content=\"fr_FR\" \/>\n<meta property=\"og:type\" content=\"article\" \/>\n<meta property=\"og:title\" content=\"Sept Saints fondateurs de l\u2019Ordre des Servites de Marie - Holyart.fr Blog\" \/>\n<meta property=\"og:description\" content=\"Le 17 f\u00e9vrier, l\u2019\u00c9glise rappelle les Sept Saints fondateurs de l\u2019Ordre des Servites de Marie, qui renonc\u00e8rent \u00e0 tout afin de consacrer leur\" \/>\n<meta property=\"og:url\" content=\"https:\/\/blog.holyart.it\/fr\/saints-et-bienheureux\/sept-saints-fondateurs-de-lordre-des-servites-de-marie\/\" \/>\n<meta property=\"og:site_name\" content=\"Holyart.fr Blog\" \/>\n<meta property=\"article:published_time\" content=\"2025-09-03T08:00:01+00:00\" \/>\n<meta property=\"article:modified_time\" content=\"2025-10-13T15:15:16+00:00\" \/>\n<meta property=\"og:image\" content=\"https:\/\/blog.holyart.it\/fr\/wp-content\/uploads\/sites\/14\/2025\/08\/Sept-Saints-fondateurs-de-lOrdre-des-Servites-de-Marie.jpg\" \/>\n\t<meta property=\"og:image:width\" content=\"1000\" \/>\n\t<meta property=\"og:image:height\" content=\"666\" \/>\n\t<meta property=\"og:image:type\" content=\"image\/jpeg\" \/>\n<meta name=\"author\" content=\"Redazione\" \/>\n<meta name=\"twitter:card\" content=\"summary_large_image\" \/>\n<meta name=\"twitter:label1\" content=\"\u00c9crit par\" \/>\n\t<meta name=\"twitter:data1\" content=\"Redazione\" \/>\n\t<meta name=\"twitter:label2\" content=\"Dur\u00e9e de lecture estim\u00e9e\" \/>\n\t<meta name=\"twitter:data2\" content=\"10 minutes\" \/>\n<script type=\"application\/ld+json\" class=\"yoast-schema-graph\">{\"@context\":\"https:\/\/schema.org\",\"@graph\":[{\"@type\":\"Article\",\"@id\":\"https:\/\/blog.holyart.it\/fr\/saints-et-bienheureux\/sept-saints-fondateurs-de-lordre-des-servites-de-marie\/#article\",\"isPartOf\":{\"@id\":\"https:\/\/blog.holyart.it\/fr\/saints-et-bienheureux\/sept-saints-fondateurs-de-lordre-des-servites-de-marie\/\"},\"author\":{\"name\":\"Redazione\",\"@id\":\"https:\/\/blog.holyart.it\/fr\/#\/schema\/person\/0a7b686e5af0f856ec1e390dd0baecda\"},\"headline\":\"Sept Saints fondateurs de l\u2019Ordre des Servites de Marie\",\"datePublished\":\"2025-09-03T08:00:01+00:00\",\"dateModified\":\"2025-10-13T15:15:16+00:00\",\"mainEntityOfPage\":{\"@id\":\"https:\/\/blog.holyart.it\/fr\/saints-et-bienheureux\/sept-saints-fondateurs-de-lordre-des-servites-de-marie\/\"},\"wordCount\":1729,\"publisher\":{\"@id\":\"https:\/\/blog.holyart.it\/fr\/#organization\"},\"image\":{\"@id\":\"https:\/\/blog.holyart.it\/fr\/saints-et-bienheureux\/sept-saints-fondateurs-de-lordre-des-servites-de-marie\/#primaryimage\"},\"thumbnailUrl\":\"https:\/\/blog.holyart.it\/fr\/wp-content\/uploads\/sites\/14\/2025\/08\/Sept-Saints-fondateurs-de-lOrdre-des-Servites-de-Marie.jpg\",\"articleSection\":[\"Saints et Bienheureux\"],\"inLanguage\":\"fr-FR\"},{\"@type\":\"WebPage\",\"@id\":\"https:\/\/blog.holyart.it\/fr\/saints-et-bienheureux\/sept-saints-fondateurs-de-lordre-des-servites-de-marie\/\",\"url\":\"https:\/\/blog.holyart.it\/fr\/saints-et-bienheureux\/sept-saints-fondateurs-de-lordre-des-servites-de-marie\/\",\"name\":\"Sept Saints fondateurs de l\u2019Ordre des Servites de Marie - Holyart.fr Blog\",\"isPartOf\":{\"@id\":\"https:\/\/blog.holyart.it\/fr\/#website\"},\"primaryImageOfPage\":{\"@id\":\"https:\/\/blog.holyart.it\/fr\/saints-et-bienheureux\/sept-saints-fondateurs-de-lordre-des-servites-de-marie\/#primaryimage\"},\"image\":{\"@id\":\"https:\/\/blog.holyart.it\/fr\/saints-et-bienheureux\/sept-saints-fondateurs-de-lordre-des-servites-de-marie\/#primaryimage\"},\"thumbnailUrl\":\"https:\/\/blog.holyart.it\/fr\/wp-content\/uploads\/sites\/14\/2025\/08\/Sept-Saints-fondateurs-de-lOrdre-des-Servites-de-Marie.jpg\",\"datePublished\":\"2025-09-03T08:00:01+00:00\",\"dateModified\":\"2025-10-13T15:15:16+00:00\",\"description\":\"Le 17 f\u00e9vrier, l\u2019\u00c9glise rappelle les Sept Saints fondateurs de l\u2019Ordre des Servites de Marie, qui renonc\u00e8rent \u00e0 tout afin de consacrer leur\",\"breadcrumb\":{\"@id\":\"https:\/\/blog.holyart.it\/fr\/saints-et-bienheureux\/sept-saints-fondateurs-de-lordre-des-servites-de-marie\/#breadcrumb\"},\"inLanguage\":\"fr-FR\",\"potentialAction\":[{\"@type\":\"ReadAction\",\"target\":[\"https:\/\/blog.holyart.it\/fr\/saints-et-bienheureux\/sept-saints-fondateurs-de-lordre-des-servites-de-marie\/\"]}]},{\"@type\":\"ImageObject\",\"inLanguage\":\"fr-FR\",\"@id\":\"https:\/\/blog.holyart.it\/fr\/saints-et-bienheureux\/sept-saints-fondateurs-de-lordre-des-servites-de-marie\/#primaryimage\",\"url\":\"https:\/\/blog.holyart.it\/fr\/wp-content\/uploads\/sites\/14\/2025\/08\/Sept-Saints-fondateurs-de-lOrdre-des-Servites-de-Marie.jpg\",\"contentUrl\":\"https:\/\/blog.holyart.it\/fr\/wp-content\/uploads\/sites\/14\/2025\/08\/Sept-Saints-fondateurs-de-lOrdre-des-Servites-de-Marie.jpg\",\"width\":1000,\"height\":666,\"caption\":\"Sept Saints fondateurs de l\u2019Ordre des Servites de Marie\"},{\"@type\":\"BreadcrumbList\",\"@id\":\"https:\/\/blog.holyart.it\/fr\/saints-et-bienheureux\/sept-saints-fondateurs-de-lordre-des-servites-de-marie\/#breadcrumb\",\"itemListElement\":[{\"@type\":\"ListItem\",\"position\":1,\"name\":\"Homepage\",\"item\":\"https:\/\/blog.holyart.it\/fr\/\"},{\"@type\":\"ListItem\",\"position\":2,\"name\":\"Saints et Bienheureux\",\"item\":\"https:\/\/blog.holyart.it\/fr\/saints-et-bienheureux\/\"},{\"@type\":\"ListItem\",\"position\":3,\"name\":\"Sept Saints fondateurs de l\u2019Ordre des Servites de Marie\"}]},{\"@type\":\"WebSite\",\"@id\":\"https:\/\/blog.holyart.it\/fr\/#website\",\"url\":\"https:\/\/blog.holyart.it\/fr\/\",\"name\":\"Holyart.fr Blog\",\"description\":\"Holyblog\",\"publisher\":{\"@id\":\"https:\/\/blog.holyart.it\/fr\/#organization\"},\"potentialAction\":[{\"@type\":\"SearchAction\",\"target\":{\"@type\":\"EntryPoint\",\"urlTemplate\":\"https:\/\/blog.holyart.it\/fr\/?s={search_term_string}\"},\"query-input\":{\"@type\":\"PropertyValueSpecification\",\"valueRequired\":true,\"valueName\":\"search_term_string\"}}],\"inLanguage\":\"fr-FR\"},{\"@type\":\"Organization\",\"@id\":\"https:\/\/blog.holyart.it\/fr\/#organization\",\"name\":\"Holyart.fr Blog\",\"url\":\"https:\/\/blog.holyart.it\/fr\/\",\"logo\":{\"@type\":\"ImageObject\",\"inLanguage\":\"fr-FR\",\"@id\":\"https:\/\/blog.holyart.it\/fr\/#\/schema\/logo\/image\/\",\"url\":\"https:\/\/blog.holyart.it\/fr\/wp-content\/uploads\/sites\/14\/2022\/12\/Holyart_Blog_Logo.jpg\",\"contentUrl\":\"https:\/\/blog.holyart.it\/fr\/wp-content\/uploads\/sites\/14\/2022\/12\/Holyart_Blog_Logo.jpg\",\"width\":300,\"height\":50,\"caption\":\"Holyart.fr Blog\"},\"image\":{\"@id\":\"https:\/\/blog.holyart.it\/fr\/#\/schema\/logo\/image\/\"}},{\"@type\":\"Person\",\"@id\":\"https:\/\/blog.holyart.it\/fr\/#\/schema\/person\/0a7b686e5af0f856ec1e390dd0baecda\",\"name\":\"Redazione\",\"image\":{\"@type\":\"ImageObject\",\"inLanguage\":\"fr-FR\",\"@id\":\"https:\/\/blog.holyart.it\/fr\/#\/schema\/person\/image\/\",\"url\":\"https:\/\/secure.gravatar.com\/avatar\/f477da817f43e50d0af36abecd33e3edf826c68299714bdc1057dff3b113f516?s=96&d=mm&r=g\",\"contentUrl\":\"https:\/\/secure.gravatar.com\/avatar\/f477da817f43e50d0af36abecd33e3edf826c68299714bdc1057dff3b113f516?s=96&d=mm&r=g\",\"caption\":\"Redazione\"},\"url\":\"https:\/\/blog.holyart.it\/fr\/author\/admin\/\"}]}<\/script>\n<!-- \/ Yoast SEO plugin. -->","yoast_head_json":{"title":"Sept Saints fondateurs de l\u2019Ordre des Servites de Marie - Holyart.fr Blog","description":"Le 17 f\u00e9vrier, l\u2019\u00c9glise rappelle les Sept Saints fondateurs de l\u2019Ordre des Servites de Marie, qui renonc\u00e8rent \u00e0 tout afin de consacrer leur","robots":{"index":"index","follow":"follow","max-snippet":"max-snippet:-1","max-image-preview":"max-image-preview:large","max-video-preview":"max-video-preview:-1"},"canonical":"https:\/\/blog.holyart.it\/fr\/saints-et-bienheureux\/sept-saints-fondateurs-de-lordre-des-servites-de-marie\/","og_locale":"fr_FR","og_type":"article","og_title":"Sept Saints fondateurs de l\u2019Ordre des Servites de Marie - Holyart.fr Blog","og_description":"Le 17 f\u00e9vrier, l\u2019\u00c9glise rappelle les Sept Saints fondateurs de l\u2019Ordre des Servites de Marie, qui renonc\u00e8rent \u00e0 tout afin de consacrer leur","og_url":"https:\/\/blog.holyart.it\/fr\/saints-et-bienheureux\/sept-saints-fondateurs-de-lordre-des-servites-de-marie\/","og_site_name":"Holyart.fr Blog","article_published_time":"2025-09-03T08:00:01+00:00","article_modified_time":"2025-10-13T15:15:16+00:00","og_image":[{"width":1000,"height":666,"url":"https:\/\/blog.holyart.it\/fr\/wp-content\/uploads\/sites\/14\/2025\/08\/Sept-Saints-fondateurs-de-lOrdre-des-Servites-de-Marie.jpg","type":"image\/jpeg"}],"author":"Redazione","twitter_card":"summary_large_image","twitter_misc":{"\u00c9crit par":"Redazione","Dur\u00e9e de lecture estim\u00e9e":"10 minutes"},"schema":{"@context":"https:\/\/schema.org","@graph":[{"@type":"Article","@id":"https:\/\/blog.holyart.it\/fr\/saints-et-bienheureux\/sept-saints-fondateurs-de-lordre-des-servites-de-marie\/#article","isPartOf":{"@id":"https:\/\/blog.holyart.it\/fr\/saints-et-bienheureux\/sept-saints-fondateurs-de-lordre-des-servites-de-marie\/"},"author":{"name":"Redazione","@id":"https:\/\/blog.holyart.it\/fr\/#\/schema\/person\/0a7b686e5af0f856ec1e390dd0baecda"},"headline":"Sept Saints fondateurs de l\u2019Ordre des Servites de Marie","datePublished":"2025-09-03T08:00:01+00:00","dateModified":"2025-10-13T15:15:16+00:00","mainEntityOfPage":{"@id":"https:\/\/blog.holyart.it\/fr\/saints-et-bienheureux\/sept-saints-fondateurs-de-lordre-des-servites-de-marie\/"},"wordCount":1729,"publisher":{"@id":"https:\/\/blog.holyart.it\/fr\/#organization"},"image":{"@id":"https:\/\/blog.holyart.it\/fr\/saints-et-bienheureux\/sept-saints-fondateurs-de-lordre-des-servites-de-marie\/#primaryimage"},"thumbnailUrl":"https:\/\/blog.holyart.it\/fr\/wp-content\/uploads\/sites\/14\/2025\/08\/Sept-Saints-fondateurs-de-lOrdre-des-Servites-de-Marie.jpg","articleSection":["Saints et Bienheureux"],"inLanguage":"fr-FR"},{"@type":"WebPage","@id":"https:\/\/blog.holyart.it\/fr\/saints-et-bienheureux\/sept-saints-fondateurs-de-lordre-des-servites-de-marie\/","url":"https:\/\/blog.holyart.it\/fr\/saints-et-bienheureux\/sept-saints-fondateurs-de-lordre-des-servites-de-marie\/","name":"Sept Saints fondateurs de l\u2019Ordre des Servites de Marie - Holyart.fr Blog","isPartOf":{"@id":"https:\/\/blog.holyart.it\/fr\/#website"},"primaryImageOfPage":{"@id":"https:\/\/blog.holyart.it\/fr\/saints-et-bienheureux\/sept-saints-fondateurs-de-lordre-des-servites-de-marie\/#primaryimage"},"image":{"@id":"https:\/\/blog.holyart.it\/fr\/saints-et-bienheureux\/sept-saints-fondateurs-de-lordre-des-servites-de-marie\/#primaryimage"},"thumbnailUrl":"https:\/\/blog.holyart.it\/fr\/wp-content\/uploads\/sites\/14\/2025\/08\/Sept-Saints-fondateurs-de-lOrdre-des-Servites-de-Marie.jpg","datePublished":"2025-09-03T08:00:01+00:00","dateModified":"2025-10-13T15:15:16+00:00","description":"Le 17 f\u00e9vrier, l\u2019\u00c9glise rappelle les Sept Saints fondateurs de l\u2019Ordre des Servites de Marie, qui renonc\u00e8rent \u00e0 tout afin de consacrer leur","breadcrumb":{"@id":"https:\/\/blog.holyart.it\/fr\/saints-et-bienheureux\/sept-saints-fondateurs-de-lordre-des-servites-de-marie\/#breadcrumb"},"inLanguage":"fr-FR","potentialAction":[{"@type":"ReadAction","target":["https:\/\/blog.holyart.it\/fr\/saints-et-bienheureux\/sept-saints-fondateurs-de-lordre-des-servites-de-marie\/"]}]},{"@type":"ImageObject","inLanguage":"fr-FR","@id":"https:\/\/blog.holyart.it\/fr\/saints-et-bienheureux\/sept-saints-fondateurs-de-lordre-des-servites-de-marie\/#primaryimage","url":"https:\/\/blog.holyart.it\/fr\/wp-content\/uploads\/sites\/14\/2025\/08\/Sept-Saints-fondateurs-de-lOrdre-des-Servites-de-Marie.jpg","contentUrl":"https:\/\/blog.holyart.it\/fr\/wp-content\/uploads\/sites\/14\/2025\/08\/Sept-Saints-fondateurs-de-lOrdre-des-Servites-de-Marie.jpg","width":1000,"height":666,"caption":"Sept Saints fondateurs de l\u2019Ordre des Servites de Marie"},{"@type":"BreadcrumbList","@id":"https:\/\/blog.holyart.it\/fr\/saints-et-bienheureux\/sept-saints-fondateurs-de-lordre-des-servites-de-marie\/#breadcrumb","itemListElement":[{"@type":"ListItem","position":1,"name":"Homepage","item":"https:\/\/blog.holyart.it\/fr\/"},{"@type":"ListItem","position":2,"name":"Saints et Bienheureux","item":"https:\/\/blog.holyart.it\/fr\/saints-et-bienheureux\/"},{"@type":"ListItem","position":3,"name":"Sept Saints fondateurs de l\u2019Ordre des Servites de Marie"}]},{"@type":"WebSite","@id":"https:\/\/blog.holyart.it\/fr\/#website","url":"https:\/\/blog.holyart.it\/fr\/","name":"Holyart.fr Blog","description":"Holyblog","publisher":{"@id":"https:\/\/blog.holyart.it\/fr\/#organization"},"potentialAction":[{"@type":"SearchAction","target":{"@type":"EntryPoint","urlTemplate":"https:\/\/blog.holyart.it\/fr\/?s={search_term_string}"},"query-input":{"@type":"PropertyValueSpecification","valueRequired":true,"valueName":"search_term_string"}}],"inLanguage":"fr-FR"},{"@type":"Organization","@id":"https:\/\/blog.holyart.it\/fr\/#organization","name":"Holyart.fr Blog","url":"https:\/\/blog.holyart.it\/fr\/","logo":{"@type":"ImageObject","inLanguage":"fr-FR","@id":"https:\/\/blog.holyart.it\/fr\/#\/schema\/logo\/image\/","url":"https:\/\/blog.holyart.it\/fr\/wp-content\/uploads\/sites\/14\/2022\/12\/Holyart_Blog_Logo.jpg","contentUrl":"https:\/\/blog.holyart.it\/fr\/wp-content\/uploads\/sites\/14\/2022\/12\/Holyart_Blog_Logo.jpg","width":300,"height":50,"caption":"Holyart.fr Blog"},"image":{"@id":"https:\/\/blog.holyart.it\/fr\/#\/schema\/logo\/image\/"}},{"@type":"Person","@id":"https:\/\/blog.holyart.it\/fr\/#\/schema\/person\/0a7b686e5af0f856ec1e390dd0baecda","name":"Redazione","image":{"@type":"ImageObject","inLanguage":"fr-FR","@id":"https:\/\/blog.holyart.it\/fr\/#\/schema\/person\/image\/","url":"https:\/\/secure.gravatar.com\/avatar\/f477da817f43e50d0af36abecd33e3edf826c68299714bdc1057dff3b113f516?s=96&d=mm&r=g","contentUrl":"https:\/\/secure.gravatar.com\/avatar\/f477da817f43e50d0af36abecd33e3edf826c68299714bdc1057dff3b113f516?s=96&d=mm&r=g","caption":"Redazione"},"url":"https:\/\/blog.holyart.it\/fr\/author\/admin\/"}]}},"_links":{"self":[{"href":"https:\/\/blog.holyart.it\/fr\/wp-json\/wp\/v2\/posts\/10986","targetHints":{"allow":["GET"]}}],"collection":[{"href":"https:\/\/blog.holyart.it\/fr\/wp-json\/wp\/v2\/posts"}],"about":[{"href":"https:\/\/blog.holyart.it\/fr\/wp-json\/wp\/v2\/types\/post"}],"author":[{"embeddable":true,"href":"https:\/\/blog.holyart.it\/fr\/wp-json\/wp\/v2\/users\/1"}],"replies":[{"embeddable":true,"href":"https:\/\/blog.holyart.it\/fr\/wp-json\/wp\/v2\/comments?post=10986"}],"version-history":[{"count":31,"href":"https:\/\/blog.holyart.it\/fr\/wp-json\/wp\/v2\/posts\/10986\/revisions"}],"predecessor-version":[{"id":11033,"href":"https:\/\/blog.holyart.it\/fr\/wp-json\/wp\/v2\/posts\/10986\/revisions\/11033"}],"wp:featuredmedia":[{"embeddable":true,"href":"https:\/\/blog.holyart.it\/fr\/wp-json\/wp\/v2\/media\/11016"}],"wp:attachment":[{"href":"https:\/\/blog.holyart.it\/fr\/wp-json\/wp\/v2\/media?parent=10986"}],"wp:term":[{"taxonomy":"category","embeddable":true,"href":"https:\/\/blog.holyart.it\/fr\/wp-json\/wp\/v2\/categories?post=10986"},{"taxonomy":"post_tag","embeddable":true,"href":"https:\/\/blog.holyart.it\/fr\/wp-json\/wp\/v2\/tags?post=10986"}],"curies":[{"name":"wp","href":"https:\/\/api.w.org\/{rel}","templated":true}]}}