{"id":10965,"date":"2025-09-01T10:00:33","date_gmt":"2025-09-01T08:00:33","guid":{"rendered":"https:\/\/blog.holyart.it\/fr\/?p=10965"},"modified":"2025-08-29T12:51:43","modified_gmt":"2025-08-29T10:51:43","slug":"saint-corbinien-le-saint-qui-voyagea-jusqua-rome-avec-un-ours","status":"publish","type":"post","link":"https:\/\/blog.holyart.it\/fr\/articles-religieux\/saint-corbinien-le-saint-qui-voyagea-jusqua-rome-avec-un-ours\/","title":{"rendered":"Saint Corbinien, le saint qui voyagea jusqu\u2019\u00e0 Rome avec un ours"},"content":{"rendered":"<h4><em>Tr\u00e8s cher \u00e0 Pape Beno\u00eet XVI, Saint Corbinien fut moine, ermite et \u00c9v\u00eaque de Freising. Par la volont\u00e9 du Pape, il \u00e9vang\u00e9lisa la Bavi\u00e8re et convainquit un ours de l\u2019accompagner jusqu\u2019\u00e0 Rome. Voici son histoire<\/em><\/h4>\n\n<p><strong>Saint Corbinien, \u00c9v\u00eaque de Freising<\/strong>, a repr\u00e9sent\u00e9 pour son \u00e9poque une ic\u00f4ne de Foi et de d\u00e9vouement qui encore aujourd\u2019hui le rend tr\u00e8s aim\u00e9 en Bavi\u00e8re, mais pas seulement. Au point que <a href=\"https:\/\/www.holyart.fr\/blog\/articles-religieux\/benoit-xvi-lhistoire-du-pape-emerite\/\"><strong><u>Pape Beno\u00eet XVI<\/u><\/strong><\/a> le citait souvent comme son mod\u00e8le et avait m\u00eame souhait\u00e9 faire repr\u00e9senter sur son blason papal l\u2019ours protagoniste de la c\u00e9l\u00e8bre l\u00e9gende li\u00e9e au Saint.<\/p>\n<p>Le m\u00e9rite principal de Saint Corbinien fut son r\u00f4le dans la <strong>diffusion du Christianisme dans la Bavi\u00e8re m\u00e9ridionale<\/strong>. Sa vie et sa contribution \u00e0 l\u2019\u00e9glise sont rappel\u00e9s comme un exemple de foi in\u00e9branlable et d\u2019engagement pour le bien de la communaut\u00e9. Son influence et son engagement dans la diffusion du Christianisme firent de lui un personnage admir\u00e9 par le Saint Pontife de l\u2019\u00e9poque, Gr\u00e9goire II, mais aussi et surtout par la population locale, pas moins par les ducs de Bavi\u00e8re. Son travail d\u2019\u00e9vang\u00e9lisation au sein des tribus germaniques les plus sauvages amena \u00e0 la construction d\u2019\u00e9glises et de monast\u00e8res qui, encore aujourd\u2019hui, t\u00e9moignent de son h\u00e9ritage dans la r\u00e9gion. Mais r\u00e9cemment, au saint ont \u00e9t\u00e9 d\u00e9di\u00e9es \u00e9galement une paroisse et une \u00e9glise \u00e0 Rome-Infernetto, la d\u00e9monstration que son influence a d\u00e9pass\u00e9 les fronti\u00e8res de sa terre.<\/p>\n<div class=\"link-article\">\n<p><img loading=\"lazy\" decoding=\"async\" class=\"size-full wp-image-10969 alignleft\" src=\"https:\/\/blog.holyart.it\/fr\/wp-content\/uploads\/sites\/14\/2025\/08\/Benoit-XVI-1.jpg\" alt=\"Benoit XVI\" width=\"150\" height=\"99\" data-kale-share-title=\"Saint Corbinien, le saint qui voyagea jusqu\u2019\u00e0 Rome avec un ours\" data-kale-share-url=\"https:\/\/blog.holyart.it\/fr\/?p=10965\" \/><\/p>\n<div class=\"leggi-anche\">Lire aussi :<\/div>\n<p><strong><a href=\"https:\/\/www.holyart.fr\/blog\/articles-religieux\/benoit-xvi-lhistoire-du-pape-emerite\/\">Beno\u00eet XVI: l\u2019histoire du pape \u00e9m\u00e9rite<\/a><\/strong><br \/>\nPape Beno\u00eet XVI, le Pape th\u00e9ologien, premier pontife de l\u2019\u00e9poque digitale et Pape \u00e9m\u00e9rite par choix&#8230;<\/p>\n<\/div>\n<p>Sa m\u00e9moire est c\u00e9l\u00e9br\u00e9e le <strong>8 septembre<\/strong>, jour de sa mort, et son h\u00e9ritage est t\u00e9moign\u00e9 par de nombreuses \u00e9glises, sculptures et \u0153uvres d\u2019art qui lui sont d\u00e9di\u00e9es en Bavi\u00e8re et au-del\u00e0.<\/p>\n<h2>Qui \u00e9tait Saint Corbinien<\/h2>\n<p>Selon la\u00a0<em>Vita Corbiniani<\/em>\u00a0\u00e9crite en 760 par l\u2019\u00e9v\u00eaque Aribon de Freising, quatri\u00e8me successeur de Sain Corbinien \u00e0 la charge d\u2019\u00e9v\u00eaque dans la ville bavaroise, <a href=\"https:\/\/www.holyart.fr\/articles-religieux\/statues\/statues-en-bois-peint\/saint-corbinien-bois-colore-val-gardena\"><strong>Corbinien de Freising<\/strong><\/a> est n\u00e9 \u00e0 Ch\u00e2tres (Castrum) autour du 680. Baptis\u00e9 avec le nom du p\u00e8re Waldkiso, pris ensuite le nom de sa m\u00e8re Corbinia. D\u00e8s son plus jeune \u00e2ge, il d\u00e9montra un grand esprit d\u00e9votionnel et une propension pour la vie monastique, au point qu\u2019il l\u2019embrassa apr\u00e8s la mort de sa m\u00e8re, dans un ermitage construit par lui-m\u00eame aupr\u00e8s de l\u2019\u00e9glise Saint Germain dans sa ville natale.<\/p>\n<div class=\"link-product\">\n<div class=\"blocco-immagine\"><img loading=\"lazy\" decoding=\"async\" class=\"size-full wp-image-10971 alignleft\" src=\"https:\/\/blog.holyart.it\/fr\/wp-content\/uploads\/sites\/14\/2025\/08\/saint-corbinien-bois-colore-val-gardena.jpg\" alt=\"saint corbinien bois colore val gardena\" width=\"100\" height=\"100\" data-kale-share-title=\"Saint Corbinien, le saint qui voyagea jusqu\u2019\u00e0 Rome avec un ours\" data-kale-share-url=\"https:\/\/blog.holyart.it\/fr\/?p=10965\" \/><\/div>\n<div class=\"blocco-contenuto\">\n<div class=\"blocco-acquista\">Acheter sur Holyart:<\/div>\n<div class=\"blocco-titolo\"><a href=\"https:\/\/www.holyart.fr\/articles-religieux\/statues\/statues-en-bois-peint\/saint-corbinien-bois-colore-val-gardena\">Saint Corbinien bois color\u00e9 Val Gardena<\/a><\/div>\n<div class=\"blocco-descrizione\">Saint Corbinien bois color\u00e9 Val Gardena. Statue en bois d&rsquo;\u00e9rable color\u00e9 du Val Gardena, repr\u00e9sentant Saint Corbinien, \u00e9v\u00eaque de Freising&#8230;<\/div>\n<\/div>\n<\/div>\n<p>Sa r\u00e9putation de saintet\u00e9 se rependit t\u00f4t et une vingtaine de jeunes compagnons s\u2019unirent \u00e0 lui. Avec ces derniers, Corbinien entreprit un <a href=\"https:\/\/www.holyart.fr\/blog\/articles-religieux\/pelerinage-a-rome-parmi-les-destinations-preferees-des-chretiens\/\"><strong><u>p\u00e8lerinage \u00e0 Rome<\/u><\/strong>,<\/a> comme acte de d\u00e9votion \u00e0 <a href=\"https:\/\/www.holyart.fr\/blog\/articles-religieux\/la-tombe-de-saint-pierre-et-son-incroyable-decouverte\/\"><strong><u>Saint Pierre<\/u><\/strong>,<\/a> auquel l\u2019ermite \u00e9tait particuli\u00e8rement li\u00e9. Pape Gr\u00e9goire II voulut rencontrer ce moine \u00e0 la r\u00e9putation de Saint et, impressionn\u00e9 par sa Foi, lui confia l\u2019\u00e9vang\u00e9lisation des territoires de la Bavi\u00e8re, encore habit\u00e9s par de nombreuses tribus pa\u00efennes, et la charge d\u2019<strong>\u00c9v\u00eaque de Freising<\/strong>. Saint Corbinien accepta la charge et, pendant des ann\u00e9es, il s\u2019y d\u00e9dia, en se d\u00e9pla\u00e7ant \u00e0 travers toute la r\u00e9gion, dans des lieux souvent inhospitaliers et sauvages. Enfin, il d\u00e9cida de retourner \u00e0 Rome pour demander au Pontife de l\u2019exon\u00e9rer de cette t\u00e2che, mais sa requ\u00eate fut rejet\u00e9e et on lui demanda, au contraire, de s\u2019\u00e9tablir \u00e0 Freising o\u00f9 Corbinien sut collaborer activement avec le duc de Bavi\u00e8re, Grimoald, gr\u00e2ce auquel il put fonder le <strong>monast\u00e8re de Saint \u00c9tienne<\/strong>, son si\u00e8ge \u00e9piscopal. Quand les rapports avec le duc se brouill\u00e8rent, foment\u00e9s par la haine de sa femme Pilitrude, qui arriva \u00e0 attenter \u00e0 la vie du moine, Corbinien choisit de se retirer aupr\u00e8s de la tombe de Saint Valentin \u00e0 Maia et \u00e0 Caines, pr\u00e8s de Merano.<\/p>\n<div class=\"link-article\">\n<p><img loading=\"lazy\" decoding=\"async\" class=\"size-full wp-image-10973 alignleft\" src=\"https:\/\/blog.holyart.it\/fr\/wp-content\/uploads\/sites\/14\/2025\/08\/Pelerinage-a-Rome-parmi-les-destinations-preferees-des-chretiens.jpg\" alt=\"Pelerinage a Rome parmi les destinations preferees des chretiens\" width=\"150\" height=\"99\" data-kale-share-title=\"Saint Corbinien, le saint qui voyagea jusqu\u2019\u00e0 Rome avec un ours\" data-kale-share-url=\"https:\/\/blog.holyart.it\/fr\/?p=10965\" \/><\/p>\n<div class=\"leggi-anche\">Lire aussi :<\/div>\n<p><strong><a href=\"https:\/\/www.holyart.fr\/blog\/articles-religieux\/pelerinage-a-rome-parmi-les-destinations-preferees-des-chretiens\/\">P\u00e8lerinage \u00e0 Rome : parmi les destinations pr\u00e9f\u00e9r\u00e9es des chr\u00e9tiens<\/a><\/strong><br \/>\nUn p\u00e8lerinage \u00e0 Rome est depuis toujours une des exp\u00e9riences&#8230;<\/p>\n<\/div>\n<p>Rappel\u00e9 \u00e0 Freising par le successeur de Grimoald, Corbinien y retourna uniquement pour y mourir quelques temps apr\u00e8s. Il souhaita \u00eatre enterr\u00e9 dans la petite \u00e9glise de <a href=\"https:\/\/www.holyart.fr\/blog\/articles-religieux\/basilique-de-san-zeno-les-carreaux-de-bronze-de-son-celebre-portail\/\"><strong><u>Saint Z\u00e9non<\/u><\/strong><\/a> \u00e0 Maia (Merano). Ensuite, les reliques de Saint Corbinien furent d\u00e9plac\u00e9es \u00e0 Freising.<\/p>\n<h2>L\u2019ours de Saint Corbinien<\/h2>\n<p>Parmi les l\u00e9gendes li\u00e9es \u00e0 Saint Corbinien, la plus c\u00e9l\u00e8bre est celle de l\u2019ours qui l\u2019aurait accompagn\u00e9 \u00e0 l\u2019occasion de son deuxi\u00e8me voyage \u00e0 Rome. L\u2019animal avait agress\u00e9 le moine, en d\u00e9vorant l\u2019\u00e2ne qui portait ses bagages. Au lieu de fuir, Corbinien le r\u00e9primanda et imposa \u00e0 l\u2019ours de tirer sa charrette en tant que p\u00e9nitence pour son comportement. L\u2019<a href=\"https:\/\/www.holyart.fr\/articles-religieux\/statues\/statues-en-resine-et-pvc\/ours-de-saint-corbinien-en-resine-2-cm\"><strong>ours<\/strong>,<\/a> repentit, accepta de se laisser mettre le b\u00e2t et d\u2019accompagner le Saint jusqu\u2019\u00e0 Rome, en transportant ses avoirs comme le plus dociles des destriers. Cet \u00e9pisode est devenu un symbole de domination spirituelle sur la nature sauvage et repr\u00e9sente la victoire de la foi et de la volont\u00e9 de Dieu sur les d\u00e9fis terrestres. L\u2019image de l\u2019ours qui traine la charrette de Saint Corbinien est souvent repr\u00e9sent\u00e9e dans l\u2019art et dans l\u2019iconographie li\u00e9e au Saint, et symbolise la force de la Foi d\u00e9montr\u00e9e par Corbinien dans sa mission d\u2019\u00e9vang\u00e9lisation et la capacit\u00e9 de transformer les adversit\u00e9s en opportunit\u00e9s de croissance spirituelle.<\/p>\n<div class=\"link-product\">\n<div class=\"blocco-immagine\"><img loading=\"lazy\" decoding=\"async\" class=\"size-full wp-image-10978 alignleft\" src=\"https:\/\/blog.holyart.it\/fr\/wp-content\/uploads\/sites\/14\/2025\/08\/ours-de-saint-corbinien-en-resine-2-cm.jpg\" alt=\"Ours de Saint Corbinien en r\u00e9sine 2 cm\" width=\"100\" height=\"100\" data-kale-share-title=\"Saint Corbinien, le saint qui voyagea jusqu\u2019\u00e0 Rome avec un ours\" data-kale-share-url=\"https:\/\/blog.holyart.it\/fr\/?p=10965\" \/><\/div>\n<div class=\"blocco-contenuto\">\n<div class=\"blocco-acquista\">Acheter sur Holyart:<\/div>\n<div class=\"blocco-titolo\"><a href=\"https:\/\/www.holyart.fr\/articles-religieux\/statues\/statues-en-resine-et-pvc\/ours-de-saint-corbinien-en-resine-2-cm\">Ours de Saint Corbinien en r\u00e9sine 2 cm<\/a><\/div>\n<div class=\"blocco-descrizione\">Ours de Saint Corbinien en r\u00e9sine 2 cm. Ours miniature en r\u00e9sine, symbole du miracle de Saint Corbinien de Freising, id\u00e9al comme accessoire&#8230;<\/div>\n<\/div>\n<\/div>\n<h2>Le lien de Pape Beno\u00eet XVI avec Saint Corbinien<\/h2>\n<p>Nous avons mentionn\u00e9 le fait que Pape Beno\u00eet XVI voulut faire imprimer sur son blason papal l\u2019image de l\u2019ours de Saint Corbinien. Mais le parall\u00e9lisme entre Joseph Ratzinger et ce Saint ne s\u2019arr\u00eatent pas l\u00e0. Le lien entre <a href=\"https:\/\/www.holyart.fr\/articles-religieux\/statues\/statues-en-bois-peint\/statue-pape-benoit-xvi-bois-peint-val-gardena1\"><strong>Pape Beno\u00eet XVI<\/strong><\/a> et Saint Corbinien est profond\u00e9ment enracin\u00e9 dans l\u2019histoire et dans la spiritualit\u00e9 de la Bavi\u00e8re, o\u00f9 Joseph Ratzinger est n\u00e9 et a grandi et o\u00f9 le culte de Saint Corbinien a toujours \u00e9t\u00e9 dominant. Ratzinger a d\u00e9velopp\u00e9 une profonde affection pour Saint Corbinien d\u00e8s son jeune \u00e2ge, ayant grandi pr\u00e8s de Freising, o\u00f9 le Saint avait servi en tant qu\u2019\u00e9v\u00eaque. D\u00e9j\u00e0 pendant la c\u00e9r\u00e9monie de son ordination \u00e9piscopale, qui a eu lieu le 28 mai 1977 dans la cath\u00e9drale de Munich, Joseph Ratzinger fit clairement transpara\u00eetre ses affinit\u00e9s pour Saint Corbinien. Ce lien a eu un impact significatif sur la vie et sur la carri\u00e8re de Ratzinger, auquel entre 1977 et 1982 fut justement confi\u00e9e la direction de l\u2019<strong>Archidioc\u00e8se de Munich et de Freising<\/strong>. En tant qu\u2019\u00c9v\u00eaque, il a pu perp\u00e9tuer la tradition spirituelle de Saint Corbinien dans la r\u00e9gion. M\u00eame pendant son pontificat en tant que Pape Beno\u00eet XVI, Ratzinger a continu\u00e9 \u00e0 reconna\u00eetre l\u2019importance de Saint Corbinien en tant qu\u2019exemple de d\u00e9vouement \u00e0 l\u2019\u00c9glise, lui qui renon\u00e7a \u00e0 la vie de moine et d\u2019ermite pour r\u00e9pondre \u00e0 l\u2019appel du Pape qui le voulait au milieu des gens pour pr\u00eacher l\u2019<a href=\"https:\/\/www.holyart.fr\/articles-religieux\/livres-sacres\/evangiles\"><strong>\u00c9vangile<\/strong><\/a>.<\/p>\n<div class=\"link-product\">\n<div class=\"blocco-immagine\"><img loading=\"lazy\" decoding=\"async\" class=\"size-full wp-image-10982 alignleft\" src=\"https:\/\/blog.holyart.it\/fr\/wp-content\/uploads\/sites\/14\/2025\/08\/statue-pape-benoit-xvi-bois-peint-val-gardena1-1.jpg\" alt=\"Statue Pape Beno\u00eet XVI bois peint Val Gardena\" width=\"100\" height=\"100\" data-kale-share-title=\"Saint Corbinien, le saint qui voyagea jusqu\u2019\u00e0 Rome avec un ours\" data-kale-share-url=\"https:\/\/blog.holyart.it\/fr\/?p=10965\" \/><\/div>\n<div class=\"blocco-contenuto\">\n<div class=\"blocco-acquista\">Acheter sur Holyart:<\/div>\n<div class=\"blocco-titolo\"><a href=\"https:\/\/www.holyart.fr\/articles-religieux\/statues\/statues-en-bois-peint\/statue-pape-benoit-xvi-bois-peint-val-gardena1\">Statue Pape Beno\u00eet XVI bois peint Val Gardena<\/a><\/div>\n<div class=\"blocco-descrizione\">Statue Pape Beno\u00eet XVI bois peint Val Gardena. Statue en bois peint du Val Gardena de Pape Beno\u00eet XVI avec la main lev\u00e9e dans un geste&#8230;<\/div>\n<\/div>\n<\/div>\n","protected":false},"excerpt":{"rendered":"<p>Tr\u00e8s cher \u00e0 Pape Beno\u00eet XVI, Saint Corbinien fut moine, ermite et \u00c9v\u00eaque de Freising. Par la volont\u00e9 du Pape, il \u00e9vang\u00e9lisa la Bavi\u00e8re et convainquit un ours de l\u2019accompagner jusqu\u2019\u00e0 Rome. Voici son histoire Saint Corbinien, \u00c9v\u00eaque de Freising, a repr\u00e9sent\u00e9 pour son \u00e9poque&hellip;<\/p>\n","protected":false},"author":1,"featured_media":10977,"comment_status":"closed","ping_status":"open","sticky":false,"template":"","format":"standard","meta":{"_acf_changed":false,"footnotes":""},"categories":[8],"tags":[],"class_list":["post-10965","post","type-post","status-publish","format-standard","has-post-thumbnail","hentry","category-articles-religieux"],"acf":[],"yoast_head":"<!-- This site is optimized with the Yoast SEO plugin v26.6 - https:\/\/yoast.com\/wordpress\/plugins\/seo\/ -->\n<title>Saint Corbinien, le saint qui voyagea jusqu\u2019\u00e0 Rome avec un ours - Holyart.fr Blog<\/title>\n<meta name=\"description\" content=\"Il \u00e9vang\u00e9lisait les barbares germaniques et apprivoisait les ours. Saint Corbinien, \u00e9v\u00eaque de Freising, a \u00e9t\u00e9 un des mod\u00e8les de Pape Beno\u00eet\" \/>\n<meta name=\"robots\" content=\"index, follow, max-snippet:-1, max-image-preview:large, max-video-preview:-1\" \/>\n<link rel=\"canonical\" href=\"https:\/\/blog.holyart.it\/fr\/articles-religieux\/saint-corbinien-le-saint-qui-voyagea-jusqua-rome-avec-un-ours\/\" \/>\n<meta property=\"og:locale\" content=\"fr_FR\" \/>\n<meta property=\"og:type\" content=\"article\" \/>\n<meta property=\"og:title\" content=\"Saint Corbinien, le saint qui voyagea jusqu\u2019\u00e0 Rome avec un ours - Holyart.fr Blog\" \/>\n<meta property=\"og:description\" content=\"Il \u00e9vang\u00e9lisait les barbares germaniques et apprivoisait les ours. Saint Corbinien, \u00e9v\u00eaque de Freising, a \u00e9t\u00e9 un des mod\u00e8les de Pape Beno\u00eet\" \/>\n<meta property=\"og:url\" content=\"https:\/\/blog.holyart.it\/fr\/articles-religieux\/saint-corbinien-le-saint-qui-voyagea-jusqua-rome-avec-un-ours\/\" \/>\n<meta property=\"og:site_name\" content=\"Holyart.fr Blog\" \/>\n<meta property=\"article:published_time\" content=\"2025-09-01T08:00:33+00:00\" \/>\n<meta property=\"og:image\" content=\"https:\/\/blog.holyart.it\/fr\/wp-content\/uploads\/sites\/14\/2025\/08\/Saint-Corbinien-ours.jpg\" \/>\n\t<meta property=\"og:image:width\" content=\"1000\" \/>\n\t<meta property=\"og:image:height\" content=\"666\" \/>\n\t<meta property=\"og:image:type\" content=\"image\/jpeg\" \/>\n<meta name=\"author\" content=\"Redazione\" \/>\n<meta name=\"twitter:card\" content=\"summary_large_image\" \/>\n<meta name=\"twitter:label1\" content=\"\u00c9crit par\" \/>\n\t<meta name=\"twitter:data1\" content=\"Redazione\" \/>\n\t<meta name=\"twitter:label2\" content=\"Dur\u00e9e de lecture estim\u00e9e\" \/>\n\t<meta name=\"twitter:data2\" content=\"8 minutes\" \/>\n<script type=\"application\/ld+json\" class=\"yoast-schema-graph\">{\"@context\":\"https:\/\/schema.org\",\"@graph\":[{\"@type\":\"Article\",\"@id\":\"https:\/\/blog.holyart.it\/fr\/articles-religieux\/saint-corbinien-le-saint-qui-voyagea-jusqua-rome-avec-un-ours\/#article\",\"isPartOf\":{\"@id\":\"https:\/\/blog.holyart.it\/fr\/articles-religieux\/saint-corbinien-le-saint-qui-voyagea-jusqua-rome-avec-un-ours\/\"},\"author\":{\"name\":\"Redazione\",\"@id\":\"https:\/\/blog.holyart.it\/fr\/#\/schema\/person\/0a7b686e5af0f856ec1e390dd0baecda\"},\"headline\":\"Saint Corbinien, le saint qui voyagea jusqu\u2019\u00e0 Rome avec un ours\",\"datePublished\":\"2025-09-01T08:00:33+00:00\",\"mainEntityOfPage\":{\"@id\":\"https:\/\/blog.holyart.it\/fr\/articles-religieux\/saint-corbinien-le-saint-qui-voyagea-jusqua-rome-avec-un-ours\/\"},\"wordCount\":1347,\"publisher\":{\"@id\":\"https:\/\/blog.holyart.it\/fr\/#organization\"},\"image\":{\"@id\":\"https:\/\/blog.holyart.it\/fr\/articles-religieux\/saint-corbinien-le-saint-qui-voyagea-jusqua-rome-avec-un-ours\/#primaryimage\"},\"thumbnailUrl\":\"https:\/\/blog.holyart.it\/fr\/wp-content\/uploads\/sites\/14\/2025\/08\/Saint-Corbinien-ours.jpg\",\"articleSection\":[\"Religion\"],\"inLanguage\":\"fr-FR\"},{\"@type\":\"WebPage\",\"@id\":\"https:\/\/blog.holyart.it\/fr\/articles-religieux\/saint-corbinien-le-saint-qui-voyagea-jusqua-rome-avec-un-ours\/\",\"url\":\"https:\/\/blog.holyart.it\/fr\/articles-religieux\/saint-corbinien-le-saint-qui-voyagea-jusqua-rome-avec-un-ours\/\",\"name\":\"Saint Corbinien, le saint qui voyagea jusqu\u2019\u00e0 Rome avec un ours - Holyart.fr Blog\",\"isPartOf\":{\"@id\":\"https:\/\/blog.holyart.it\/fr\/#website\"},\"primaryImageOfPage\":{\"@id\":\"https:\/\/blog.holyart.it\/fr\/articles-religieux\/saint-corbinien-le-saint-qui-voyagea-jusqua-rome-avec-un-ours\/#primaryimage\"},\"image\":{\"@id\":\"https:\/\/blog.holyart.it\/fr\/articles-religieux\/saint-corbinien-le-saint-qui-voyagea-jusqua-rome-avec-un-ours\/#primaryimage\"},\"thumbnailUrl\":\"https:\/\/blog.holyart.it\/fr\/wp-content\/uploads\/sites\/14\/2025\/08\/Saint-Corbinien-ours.jpg\",\"datePublished\":\"2025-09-01T08:00:33+00:00\",\"description\":\"Il \u00e9vang\u00e9lisait les barbares germaniques et apprivoisait les ours. Saint Corbinien, \u00e9v\u00eaque de Freising, a \u00e9t\u00e9 un des mod\u00e8les de Pape Beno\u00eet\",\"breadcrumb\":{\"@id\":\"https:\/\/blog.holyart.it\/fr\/articles-religieux\/saint-corbinien-le-saint-qui-voyagea-jusqua-rome-avec-un-ours\/#breadcrumb\"},\"inLanguage\":\"fr-FR\",\"potentialAction\":[{\"@type\":\"ReadAction\",\"target\":[\"https:\/\/blog.holyart.it\/fr\/articles-religieux\/saint-corbinien-le-saint-qui-voyagea-jusqua-rome-avec-un-ours\/\"]}]},{\"@type\":\"ImageObject\",\"inLanguage\":\"fr-FR\",\"@id\":\"https:\/\/blog.holyart.it\/fr\/articles-religieux\/saint-corbinien-le-saint-qui-voyagea-jusqua-rome-avec-un-ours\/#primaryimage\",\"url\":\"https:\/\/blog.holyart.it\/fr\/wp-content\/uploads\/sites\/14\/2025\/08\/Saint-Corbinien-ours.jpg\",\"contentUrl\":\"https:\/\/blog.holyart.it\/fr\/wp-content\/uploads\/sites\/14\/2025\/08\/Saint-Corbinien-ours.jpg\",\"width\":1000,\"height\":666,\"caption\":\"Saint Corbinien ours\"},{\"@type\":\"BreadcrumbList\",\"@id\":\"https:\/\/blog.holyart.it\/fr\/articles-religieux\/saint-corbinien-le-saint-qui-voyagea-jusqua-rome-avec-un-ours\/#breadcrumb\",\"itemListElement\":[{\"@type\":\"ListItem\",\"position\":1,\"name\":\"Homepage\",\"item\":\"https:\/\/blog.holyart.it\/fr\/\"},{\"@type\":\"ListItem\",\"position\":2,\"name\":\"Religion\",\"item\":\"https:\/\/blog.holyart.it\/fr\/articles-religieux\/\"},{\"@type\":\"ListItem\",\"position\":3,\"name\":\"Saint Corbinien, le saint qui voyagea jusqu\u2019\u00e0 Rome avec un ours\"}]},{\"@type\":\"WebSite\",\"@id\":\"https:\/\/blog.holyart.it\/fr\/#website\",\"url\":\"https:\/\/blog.holyart.it\/fr\/\",\"name\":\"Holyart.fr Blog\",\"description\":\"Holyblog\",\"publisher\":{\"@id\":\"https:\/\/blog.holyart.it\/fr\/#organization\"},\"potentialAction\":[{\"@type\":\"SearchAction\",\"target\":{\"@type\":\"EntryPoint\",\"urlTemplate\":\"https:\/\/blog.holyart.it\/fr\/?s={search_term_string}\"},\"query-input\":{\"@type\":\"PropertyValueSpecification\",\"valueRequired\":true,\"valueName\":\"search_term_string\"}}],\"inLanguage\":\"fr-FR\"},{\"@type\":\"Organization\",\"@id\":\"https:\/\/blog.holyart.it\/fr\/#organization\",\"name\":\"Holyart.fr Blog\",\"url\":\"https:\/\/blog.holyart.it\/fr\/\",\"logo\":{\"@type\":\"ImageObject\",\"inLanguage\":\"fr-FR\",\"@id\":\"https:\/\/blog.holyart.it\/fr\/#\/schema\/logo\/image\/\",\"url\":\"https:\/\/blog.holyart.it\/fr\/wp-content\/uploads\/sites\/14\/2022\/12\/Holyart_Blog_Logo.jpg\",\"contentUrl\":\"https:\/\/blog.holyart.it\/fr\/wp-content\/uploads\/sites\/14\/2022\/12\/Holyart_Blog_Logo.jpg\",\"width\":300,\"height\":50,\"caption\":\"Holyart.fr Blog\"},\"image\":{\"@id\":\"https:\/\/blog.holyart.it\/fr\/#\/schema\/logo\/image\/\"}},{\"@type\":\"Person\",\"@id\":\"https:\/\/blog.holyart.it\/fr\/#\/schema\/person\/0a7b686e5af0f856ec1e390dd0baecda\",\"name\":\"Redazione\",\"image\":{\"@type\":\"ImageObject\",\"inLanguage\":\"fr-FR\",\"@id\":\"https:\/\/blog.holyart.it\/fr\/#\/schema\/person\/image\/\",\"url\":\"https:\/\/secure.gravatar.com\/avatar\/f477da817f43e50d0af36abecd33e3edf826c68299714bdc1057dff3b113f516?s=96&d=mm&r=g\",\"contentUrl\":\"https:\/\/secure.gravatar.com\/avatar\/f477da817f43e50d0af36abecd33e3edf826c68299714bdc1057dff3b113f516?s=96&d=mm&r=g\",\"caption\":\"Redazione\"},\"url\":\"https:\/\/blog.holyart.it\/fr\/author\/admin\/\"}]}<\/script>\n<!-- \/ Yoast SEO plugin. -->","yoast_head_json":{"title":"Saint Corbinien, le saint qui voyagea jusqu\u2019\u00e0 Rome avec un ours - Holyart.fr Blog","description":"Il \u00e9vang\u00e9lisait les barbares germaniques et apprivoisait les ours. Saint Corbinien, \u00e9v\u00eaque de Freising, a \u00e9t\u00e9 un des mod\u00e8les de Pape Beno\u00eet","robots":{"index":"index","follow":"follow","max-snippet":"max-snippet:-1","max-image-preview":"max-image-preview:large","max-video-preview":"max-video-preview:-1"},"canonical":"https:\/\/blog.holyart.it\/fr\/articles-religieux\/saint-corbinien-le-saint-qui-voyagea-jusqua-rome-avec-un-ours\/","og_locale":"fr_FR","og_type":"article","og_title":"Saint Corbinien, le saint qui voyagea jusqu\u2019\u00e0 Rome avec un ours - Holyart.fr Blog","og_description":"Il \u00e9vang\u00e9lisait les barbares germaniques et apprivoisait les ours. Saint Corbinien, \u00e9v\u00eaque de Freising, a \u00e9t\u00e9 un des mod\u00e8les de Pape Beno\u00eet","og_url":"https:\/\/blog.holyart.it\/fr\/articles-religieux\/saint-corbinien-le-saint-qui-voyagea-jusqua-rome-avec-un-ours\/","og_site_name":"Holyart.fr Blog","article_published_time":"2025-09-01T08:00:33+00:00","og_image":[{"width":1000,"height":666,"url":"https:\/\/blog.holyart.it\/fr\/wp-content\/uploads\/sites\/14\/2025\/08\/Saint-Corbinien-ours.jpg","type":"image\/jpeg"}],"author":"Redazione","twitter_card":"summary_large_image","twitter_misc":{"\u00c9crit par":"Redazione","Dur\u00e9e de lecture estim\u00e9e":"8 minutes"},"schema":{"@context":"https:\/\/schema.org","@graph":[{"@type":"Article","@id":"https:\/\/blog.holyart.it\/fr\/articles-religieux\/saint-corbinien-le-saint-qui-voyagea-jusqua-rome-avec-un-ours\/#article","isPartOf":{"@id":"https:\/\/blog.holyart.it\/fr\/articles-religieux\/saint-corbinien-le-saint-qui-voyagea-jusqua-rome-avec-un-ours\/"},"author":{"name":"Redazione","@id":"https:\/\/blog.holyart.it\/fr\/#\/schema\/person\/0a7b686e5af0f856ec1e390dd0baecda"},"headline":"Saint Corbinien, le saint qui voyagea jusqu\u2019\u00e0 Rome avec un ours","datePublished":"2025-09-01T08:00:33+00:00","mainEntityOfPage":{"@id":"https:\/\/blog.holyart.it\/fr\/articles-religieux\/saint-corbinien-le-saint-qui-voyagea-jusqua-rome-avec-un-ours\/"},"wordCount":1347,"publisher":{"@id":"https:\/\/blog.holyart.it\/fr\/#organization"},"image":{"@id":"https:\/\/blog.holyart.it\/fr\/articles-religieux\/saint-corbinien-le-saint-qui-voyagea-jusqua-rome-avec-un-ours\/#primaryimage"},"thumbnailUrl":"https:\/\/blog.holyart.it\/fr\/wp-content\/uploads\/sites\/14\/2025\/08\/Saint-Corbinien-ours.jpg","articleSection":["Religion"],"inLanguage":"fr-FR"},{"@type":"WebPage","@id":"https:\/\/blog.holyart.it\/fr\/articles-religieux\/saint-corbinien-le-saint-qui-voyagea-jusqua-rome-avec-un-ours\/","url":"https:\/\/blog.holyart.it\/fr\/articles-religieux\/saint-corbinien-le-saint-qui-voyagea-jusqua-rome-avec-un-ours\/","name":"Saint Corbinien, le saint qui voyagea jusqu\u2019\u00e0 Rome avec un ours - Holyart.fr Blog","isPartOf":{"@id":"https:\/\/blog.holyart.it\/fr\/#website"},"primaryImageOfPage":{"@id":"https:\/\/blog.holyart.it\/fr\/articles-religieux\/saint-corbinien-le-saint-qui-voyagea-jusqua-rome-avec-un-ours\/#primaryimage"},"image":{"@id":"https:\/\/blog.holyart.it\/fr\/articles-religieux\/saint-corbinien-le-saint-qui-voyagea-jusqua-rome-avec-un-ours\/#primaryimage"},"thumbnailUrl":"https:\/\/blog.holyart.it\/fr\/wp-content\/uploads\/sites\/14\/2025\/08\/Saint-Corbinien-ours.jpg","datePublished":"2025-09-01T08:00:33+00:00","description":"Il \u00e9vang\u00e9lisait les barbares germaniques et apprivoisait les ours. Saint Corbinien, \u00e9v\u00eaque de Freising, a \u00e9t\u00e9 un des mod\u00e8les de Pape Beno\u00eet","breadcrumb":{"@id":"https:\/\/blog.holyart.it\/fr\/articles-religieux\/saint-corbinien-le-saint-qui-voyagea-jusqua-rome-avec-un-ours\/#breadcrumb"},"inLanguage":"fr-FR","potentialAction":[{"@type":"ReadAction","target":["https:\/\/blog.holyart.it\/fr\/articles-religieux\/saint-corbinien-le-saint-qui-voyagea-jusqua-rome-avec-un-ours\/"]}]},{"@type":"ImageObject","inLanguage":"fr-FR","@id":"https:\/\/blog.holyart.it\/fr\/articles-religieux\/saint-corbinien-le-saint-qui-voyagea-jusqua-rome-avec-un-ours\/#primaryimage","url":"https:\/\/blog.holyart.it\/fr\/wp-content\/uploads\/sites\/14\/2025\/08\/Saint-Corbinien-ours.jpg","contentUrl":"https:\/\/blog.holyart.it\/fr\/wp-content\/uploads\/sites\/14\/2025\/08\/Saint-Corbinien-ours.jpg","width":1000,"height":666,"caption":"Saint Corbinien ours"},{"@type":"BreadcrumbList","@id":"https:\/\/blog.holyart.it\/fr\/articles-religieux\/saint-corbinien-le-saint-qui-voyagea-jusqua-rome-avec-un-ours\/#breadcrumb","itemListElement":[{"@type":"ListItem","position":1,"name":"Homepage","item":"https:\/\/blog.holyart.it\/fr\/"},{"@type":"ListItem","position":2,"name":"Religion","item":"https:\/\/blog.holyart.it\/fr\/articles-religieux\/"},{"@type":"ListItem","position":3,"name":"Saint Corbinien, le saint qui voyagea jusqu\u2019\u00e0 Rome avec un ours"}]},{"@type":"WebSite","@id":"https:\/\/blog.holyart.it\/fr\/#website","url":"https:\/\/blog.holyart.it\/fr\/","name":"Holyart.fr Blog","description":"Holyblog","publisher":{"@id":"https:\/\/blog.holyart.it\/fr\/#organization"},"potentialAction":[{"@type":"SearchAction","target":{"@type":"EntryPoint","urlTemplate":"https:\/\/blog.holyart.it\/fr\/?s={search_term_string}"},"query-input":{"@type":"PropertyValueSpecification","valueRequired":true,"valueName":"search_term_string"}}],"inLanguage":"fr-FR"},{"@type":"Organization","@id":"https:\/\/blog.holyart.it\/fr\/#organization","name":"Holyart.fr Blog","url":"https:\/\/blog.holyart.it\/fr\/","logo":{"@type":"ImageObject","inLanguage":"fr-FR","@id":"https:\/\/blog.holyart.it\/fr\/#\/schema\/logo\/image\/","url":"https:\/\/blog.holyart.it\/fr\/wp-content\/uploads\/sites\/14\/2022\/12\/Holyart_Blog_Logo.jpg","contentUrl":"https:\/\/blog.holyart.it\/fr\/wp-content\/uploads\/sites\/14\/2022\/12\/Holyart_Blog_Logo.jpg","width":300,"height":50,"caption":"Holyart.fr Blog"},"image":{"@id":"https:\/\/blog.holyart.it\/fr\/#\/schema\/logo\/image\/"}},{"@type":"Person","@id":"https:\/\/blog.holyart.it\/fr\/#\/schema\/person\/0a7b686e5af0f856ec1e390dd0baecda","name":"Redazione","image":{"@type":"ImageObject","inLanguage":"fr-FR","@id":"https:\/\/blog.holyart.it\/fr\/#\/schema\/person\/image\/","url":"https:\/\/secure.gravatar.com\/avatar\/f477da817f43e50d0af36abecd33e3edf826c68299714bdc1057dff3b113f516?s=96&d=mm&r=g","contentUrl":"https:\/\/secure.gravatar.com\/avatar\/f477da817f43e50d0af36abecd33e3edf826c68299714bdc1057dff3b113f516?s=96&d=mm&r=g","caption":"Redazione"},"url":"https:\/\/blog.holyart.it\/fr\/author\/admin\/"}]}},"_links":{"self":[{"href":"https:\/\/blog.holyart.it\/fr\/wp-json\/wp\/v2\/posts\/10965","targetHints":{"allow":["GET"]}}],"collection":[{"href":"https:\/\/blog.holyart.it\/fr\/wp-json\/wp\/v2\/posts"}],"about":[{"href":"https:\/\/blog.holyart.it\/fr\/wp-json\/wp\/v2\/types\/post"}],"author":[{"embeddable":true,"href":"https:\/\/blog.holyart.it\/fr\/wp-json\/wp\/v2\/users\/1"}],"replies":[{"embeddable":true,"href":"https:\/\/blog.holyart.it\/fr\/wp-json\/wp\/v2\/comments?post=10965"}],"version-history":[{"count":11,"href":"https:\/\/blog.holyart.it\/fr\/wp-json\/wp\/v2\/posts\/10965\/revisions"}],"predecessor-version":[{"id":10985,"href":"https:\/\/blog.holyart.it\/fr\/wp-json\/wp\/v2\/posts\/10965\/revisions\/10985"}],"wp:featuredmedia":[{"embeddable":true,"href":"https:\/\/blog.holyart.it\/fr\/wp-json\/wp\/v2\/media\/10977"}],"wp:attachment":[{"href":"https:\/\/blog.holyart.it\/fr\/wp-json\/wp\/v2\/media?parent=10965"}],"wp:term":[{"taxonomy":"category","embeddable":true,"href":"https:\/\/blog.holyart.it\/fr\/wp-json\/wp\/v2\/categories?post=10965"},{"taxonomy":"post_tag","embeddable":true,"href":"https:\/\/blog.holyart.it\/fr\/wp-json\/wp\/v2\/tags?post=10965"}],"curies":[{"name":"wp","href":"https:\/\/api.w.org\/{rel}","templated":true}]}}